{"id":11766,"date":"2012-04-04T21:39:56","date_gmt":"2012-04-04T20:39:56","guid":{"rendered":"http:\/\/fjala.shkoder.net\/?p=2378"},"modified":"2012-04-04T21:39:56","modified_gmt":"2012-04-04T20:39:56","slug":"rini-kafenesh","status":"publish","type":"post","link":"https:\/\/fjala.info\/2009-2015\/rini-kafenesh\/","title":{"rendered":"Rini kafenesh"},"content":{"rendered":"<p><img decoding=\"async\" class=\"alignleft size-thumbnail wp-image-7236\" title=\"Joana Dervishi\" src=\"http:\/\/www.shkoder.net\/2012\/joana_dervishi.jpg\" alt=\"\" width=\"150\" \/> Nga <strong>Joana Dervishi<\/strong>, <em>4 Prill 2012<\/em><\/p>\n<p>Ndodhem diku ne nje kafene te kendshme te ish Bllokut. Ne fakt me shume se e kendshme do thoja rinore, sepse si\u00e7 dihet ku ka rini, ka me shumice edhe bukuri. Ajo qe po me ben pershtypje sot \u00e7uditerisht nuk qenka aspak shija e kafese apo muzika qe po me shoqeron gjate ketij qendrimi ashtu si\u00e7 ndodh rendom kur vij ketu. Sot vemendja ime i eshte bashkangjitur te rinjve njesoj si mua, studenteve tiranas apo ngado qofshin ata me te cilet na lidh mosha, pasioni per jeten dhe deshira per t&#8217;u shkolluar.<\/p>\n<p>Te rinjve, te cilet presin te filloje ora e mesimit nderkohe qe orvaten me ore te tera pa kuptim duke diskutuar rreth aktiviteteve te dites, te cilat une mire e di qe s\u2019jane te shumta, per mos thene jane shume te pakta&#8230; E shpesh here nuk mund te quhen as aktivitete. Ata hyjne e dalin nga kafeneja me nje \u201cnur\u201d thjeshte fasade. Me nje entuziazem deri diku te shtirur, apo dhe ne mos qofte i shtirur eshte entuziazem pa arsye!<\/p>\n<p>S\u2019kane arsye per te qene entuziast\u00eb, por kane 1001 arsye per te qene te merzitur, kane 1001 strese, 1001 deshira e pasione, por te mbetura te mbyllura ne sirtar, 1001 mosmarreveshje mes brezash te djegur e 1001 qellime e synime per ta ndryshuar sado pak kete vend ku jetojne, por qe fatkeqesisht kafeneja nuk ua zgjidh dot. Hedh rastesisht nje veshtrim kuturu nga xhami ndares i kesaj kafeneje dhe teksa syte me vriten nga dielli i mesdites, nuk \u00e7uditem aspak sesi ne pjesen e jashtme te lokalit femijet e vegjel rome zgjasin duart e tyre te vogla e te mavijosura drejt te rinjve qe kthejne filxhanin e kafese t\u00ebr\u00eb p\u00ebrtese e delikatese, duke pritur qe ora e pushimit te mbaroje e te rifillojne serish mesimin, ato duar te vogla te cilat refuzohen tutje me shperfillje ashtu si tek Migjeni dhe menefregizmi i te rinjve ashtu sikurse i imi mbizoteron me botekuptimin \u201cZoti te dhashte\u201d.<\/p>\n<p>Madje per nje \u00e7ast gati-gati te nervozojne pasi egoizmi yne dhe rutina me te cilen ndodhin gjerat na ben te mendojme qe kur s\u2019pati meshire Ati yne per keta vogelushe te vegjel e te pambrojtur, pse duhet te kemi ne?<\/p>\n<p>Por zeri yne i brendshem na peshperit duke na ndergjegjesuar qe a mund te lejojme ne, ne shekullin e 21-te qe probleme sociale te ketilla t\u2019i lejme ne dore te krijuesit tone?!<\/p>\n<p>E teksa i bej kete pyetje vetes me mundon fakti qe s\u2019jam e afte t\u2019i kthej nje pergjigje te sinqerte&#8230; e fundja \u00e7\u2019pergjigje t\u2019i kthej? T\u2019i them qe s\u2019kemi nje shtet te afte? T\u2019i them qe zemrat e pushtetareve tane jane te hekurta, jo nga trimeria por nga ligesia? Jo&#8230; S\u2019me pelqen t\u2019ia rikujtoj m\u00eb vetes kete realitet te dhimbshem, e aspak njerezor, s\u2019dua ta hidheroj edhe me kete kafe qe po pij shume qetesisht dhe rutinisht&#8230;<\/p>\n<p>Mbeshtes koken tek dora ime e djathte krejt instiktivisht dhe nje re e ashper duhani me perplaset dhunshem ne fytyre. Per nje \u00e7ast me vjen te vej buzen ne gaz e te qesh me ironi, kur ne fakt nuk eshte aspak per te qeshur, madje kur e mendoj se si deshtoi ligji anti-duhan me vjen te qaj!<\/p>\n<p>Jam e rrethuar nga bashkemoshatare dhe rendomte ashtu vetetimthi nuk arrij per nje \u00e7ast te dalloj e te perceptoj ndryshimin ndermjet atyre qe jane gjysherit tane, moshes trete, te cilet ulen ne ndonje kafene kur jane duke pritur pensionet e tyre qesharake, me te cilin nuk u del as per barna, dhe ne rinise, te cilet endemi pertacisht neper udhekryqet e jetes me diploma, mastera e madje doktoratura neper xhepa, por qe ky shtet s\u2019po na jep kurre mundesine per t\u2019i vene ne praktike gjithe keto vite te gjate e te mundimshem teorish.<\/p>\n<p>Pikerisht ne kete kafene ku dhe jam ulur shtruar e ku jam duke medituar, banakieri ka nje diplome ne ekonomi dhe kamarieri i shkathet e fytyreqeshur ka studiuar 4 vite rresht juridik. Une e di qe te sherbesh eshte fisnike. Zoti, thone hebrenjte, eshte dhe sherbetori yne i pare. Por t\u2019i sherbesh asaj per \u00e7\u2019ka ti ke studiuar dhe investuar, asaj \u00e7\u2019ka ti do ta besh profesion te mirefillte, asaj \u00e7\u2019ka ke deshiruar dhe enderruar gjithnje, asaj \u00e7\u2019ka ti mund ta besh me zell e pa lodhje \u00e7do dite, asaj te ciles i ke qendruar besnik me fanatizem e ndershmeri dhe jo thjesht nje profesioni qe ti e ben nga halli dhe nuk ke aspak deshire ta \u00e7osh deri ne fund dhe shtyn ditet egersisht ne pritje te se dieles.<\/p>\n<p>Ky djalosh ka mbaruar ekselent juridikun, duhet t\u2019i sherbeje ligjit, shtetit dhe jo ne nje kafene.<\/p>\n<p>Ashtu sikurse nje student qe i eshte perkushtuar mjekesise nuk mund te marre rolin e nje farmacisti, apo fare mire nje stomatolog te bej punen e laborantit se ndryshe \u00e7\u2019kuptim ka te specializohemi ne lende dhe profesione perkatese?!<\/p>\n<p>Interesant deri ne pesimizem ka filluar te me duket edhe fakti qe ne shume kafene te Tiranes kane futur libra, sikur te ishin thjesht aksesore per t\u2019i dhene kafenese nje detaj me shume. Pikerisht librat luajne tashme rolin e figuranteve. Ata qendrojne aty te ngrire, te pashfletuar, te shperfillur deri diku te trishte, pasi edhe ne vendndodhje i kane lene te fshehur pas kompjuterit te lokalit, ku dhe ai sherben thjesht si nje leshues muzike dhe asgje me shume&#8230;<\/p>\n<p>I hedh shkarazi nje veshtrim ores, ferkoj syte gati me habi dhe me vjen te qesh me veten time.<\/p>\n<p>Kane kaluar plot dy ore dhe une jam marre me ate \u00e7\u2019ka bejne te tjeret rreth e rrotull meje!<\/p>\n<p>Me mire po brof ne kembe e po \u00e7ohem te iki e te rrok nje liber. S\u2019me pelqen te perkufizohem me \u201cRini kafenesh\u201d.<\/p>\n","protected":false},"excerpt":{"rendered":"<p>Nga Joana Dervishi, 4 Prill 2012 Ndodhem diku ne nje kafene te kendshme te ish Bllokut. Ne fakt me shume se e kendshme do thoja rinore, sepse si\u00e7 dihet ku ka rini, ka me shumice edhe bukuri. Ajo qe po me ben pershtypje sot \u00e7uditerisht nuk qenka aspak shija e kafese apo muzika qe po [&hellip;]<\/p>\n","protected":false},"author":1,"featured_media":0,"comment_status":"open","ping_status":"closed","sticky":false,"template":"","format":"standard","meta":{"footnotes":""},"categories":[2],"tags":[],"class_list":{"0":"post-11766","1":"post","2":"type-post","3":"status-publish","4":"format-standard","6":"category-artikuj"},"yoast_head":"<!-- This site is optimized with the Yoast SEO plugin v27.4 - https:\/\/yoast.com\/product\/yoast-seo-wordpress\/ -->\n<title>Rini kafenesh - FjALA e LIR\u00cb - Arkivi<\/title>\n<meta name=\"robots\" content=\"index, follow, max-snippet:-1, max-image-preview:large, max-video-preview:-1\" \/>\n<link rel=\"canonical\" href=\"https:\/\/fjala.info\/2009-2015\/rini-kafenesh\/\" \/>\n<meta property=\"og:locale\" content=\"sq_AL\" \/>\n<meta property=\"og:type\" content=\"article\" \/>\n<meta property=\"og:title\" content=\"Rini kafenesh - FjALA e LIR\u00cb - Arkivi\" \/>\n<meta property=\"og:description\" content=\"Nga Joana Dervishi, 4 Prill 2012 Ndodhem diku ne nje kafene te kendshme te ish Bllokut. Ne fakt me shume se e kendshme do thoja rinore, sepse si\u00e7 dihet ku ka rini, ka me shumice edhe bukuri. Ajo qe po me ben pershtypje sot \u00e7uditerisht nuk qenka aspak shija e kafese apo muzika qe po [&hellip;]\" \/>\n<meta property=\"og:url\" content=\"https:\/\/fjala.info\/2009-2015\/rini-kafenesh\/\" \/>\n<meta property=\"og:site_name\" content=\"FjALA e LIR\u00cb - Arkivi\" \/>\n<meta property=\"article:published_time\" content=\"2012-04-04T20:39:56+00:00\" \/>\n<meta property=\"og:image\" content=\"http:\/\/www.shkoder.net\/2012\/joana_dervishi.jpg\" \/>\n<meta name=\"author\" content=\"admin\" \/>\n<meta name=\"twitter:card\" content=\"summary_large_image\" \/>\n<meta name=\"twitter:label1\" content=\"Written by\" \/>\n\t<meta name=\"twitter:data1\" content=\"admin\" \/>\n\t<meta name=\"twitter:label2\" content=\"Est. reading time\" \/>\n\t<meta name=\"twitter:data2\" content=\"5 minutes\" \/>\n<script type=\"application\/ld+json\" class=\"yoast-schema-graph\">{\"@context\":\"https:\\\/\\\/schema.org\",\"@graph\":[{\"@type\":\"Article\",\"@id\":\"https:\\\/\\\/fjala.info\\\/2009-2015\\\/rini-kafenesh\\\/#article\",\"isPartOf\":{\"@id\":\"https:\\\/\\\/fjala.info\\\/2009-2015\\\/rini-kafenesh\\\/\"},\"author\":{\"name\":\"admin\",\"@id\":\"https:\\\/\\\/fjala.info\\\/2009-2015\\\/#\\\/schema\\\/person\\\/3aa1163ef05469c496fc94e77611ada2\"},\"headline\":\"Rini kafenesh\",\"datePublished\":\"2012-04-04T20:39:56+00:00\",\"mainEntityOfPage\":{\"@id\":\"https:\\\/\\\/fjala.info\\\/2009-2015\\\/rini-kafenesh\\\/\"},\"wordCount\":971,\"commentCount\":0,\"publisher\":{\"@id\":\"https:\\\/\\\/fjala.info\\\/2009-2015\\\/#organization\"},\"image\":{\"@id\":\"https:\\\/\\\/fjala.info\\\/2009-2015\\\/rini-kafenesh\\\/#primaryimage\"},\"thumbnailUrl\":\"http:\\\/\\\/www.shkoder.net\\\/2012\\\/joana_dervishi.jpg\",\"articleSection\":[\"Artikuj\"],\"inLanguage\":\"sq-AL\",\"potentialAction\":[{\"@type\":\"CommentAction\",\"name\":\"Comment\",\"target\":[\"https:\\\/\\\/fjala.info\\\/2009-2015\\\/rini-kafenesh\\\/#respond\"]}]},{\"@type\":\"WebPage\",\"@id\":\"https:\\\/\\\/fjala.info\\\/2009-2015\\\/rini-kafenesh\\\/\",\"url\":\"https:\\\/\\\/fjala.info\\\/2009-2015\\\/rini-kafenesh\\\/\",\"name\":\"Rini kafenesh - FjALA e LIR\u00cb - Arkivi\",\"isPartOf\":{\"@id\":\"https:\\\/\\\/fjala.info\\\/2009-2015\\\/#website\"},\"primaryImageOfPage\":{\"@id\":\"https:\\\/\\\/fjala.info\\\/2009-2015\\\/rini-kafenesh\\\/#primaryimage\"},\"image\":{\"@id\":\"https:\\\/\\\/fjala.info\\\/2009-2015\\\/rini-kafenesh\\\/#primaryimage\"},\"thumbnailUrl\":\"http:\\\/\\\/www.shkoder.net\\\/2012\\\/joana_dervishi.jpg\",\"datePublished\":\"2012-04-04T20:39:56+00:00\",\"breadcrumb\":{\"@id\":\"https:\\\/\\\/fjala.info\\\/2009-2015\\\/rini-kafenesh\\\/#breadcrumb\"},\"inLanguage\":\"sq-AL\",\"potentialAction\":[{\"@type\":\"ReadAction\",\"target\":[\"https:\\\/\\\/fjala.info\\\/2009-2015\\\/rini-kafenesh\\\/\"]}]},{\"@type\":\"ImageObject\",\"inLanguage\":\"sq-AL\",\"@id\":\"https:\\\/\\\/fjala.info\\\/2009-2015\\\/rini-kafenesh\\\/#primaryimage\",\"url\":\"http:\\\/\\\/www.shkoder.net\\\/2012\\\/joana_dervishi.jpg\",\"contentUrl\":\"http:\\\/\\\/www.shkoder.net\\\/2012\\\/joana_dervishi.jpg\"},{\"@type\":\"BreadcrumbList\",\"@id\":\"https:\\\/\\\/fjala.info\\\/2009-2015\\\/rini-kafenesh\\\/#breadcrumb\",\"itemListElement\":[{\"@type\":\"ListItem\",\"position\":1,\"name\":\"Home\",\"item\":\"https:\\\/\\\/fjala.info\\\/2009-2015\\\/\"},{\"@type\":\"ListItem\",\"position\":2,\"name\":\"Rini kafenesh\"}]},{\"@type\":\"WebSite\",\"@id\":\"https:\\\/\\\/fjala.info\\\/2009-2015\\\/#website\",\"url\":\"https:\\\/\\\/fjala.info\\\/2009-2015\\\/\",\"name\":\"FjALA e LIR\u00cb - Arkivi\",\"description\":\"Arkivi 2009-2015\",\"publisher\":{\"@id\":\"https:\\\/\\\/fjala.info\\\/2009-2015\\\/#organization\"},\"potentialAction\":[{\"@type\":\"SearchAction\",\"target\":{\"@type\":\"EntryPoint\",\"urlTemplate\":\"https:\\\/\\\/fjala.info\\\/2009-2015\\\/?s={search_term_string}\"},\"query-input\":{\"@type\":\"PropertyValueSpecification\",\"valueRequired\":true,\"valueName\":\"search_term_string\"}}],\"inLanguage\":\"sq-AL\"},{\"@type\":\"Organization\",\"@id\":\"https:\\\/\\\/fjala.info\\\/2009-2015\\\/#organization\",\"name\":\"FjALA e LIR\u00cb - Arkivi\",\"url\":\"https:\\\/\\\/fjala.info\\\/2009-2015\\\/\",\"logo\":{\"@type\":\"ImageObject\",\"inLanguage\":\"sq-AL\",\"@id\":\"https:\\\/\\\/fjala.info\\\/2009-2015\\\/#\\\/schema\\\/logo\\\/image\\\/\",\"url\":\"\",\"contentUrl\":\"\",\"caption\":\"FjALA e LIR\u00cb - Arkivi\"},\"image\":{\"@id\":\"https:\\\/\\\/fjala.info\\\/2009-2015\\\/#\\\/schema\\\/logo\\\/image\\\/\"}},{\"@type\":\"Person\",\"@id\":\"https:\\\/\\\/fjala.info\\\/2009-2015\\\/#\\\/schema\\\/person\\\/3aa1163ef05469c496fc94e77611ada2\",\"name\":\"admin\",\"image\":{\"@type\":\"ImageObject\",\"inLanguage\":\"sq-AL\",\"@id\":\"https:\\\/\\\/fjala.info\\\/2009-2015\\\/wp-content\\\/uploads\\\/2012\\\/02\\\/arben_cokaj-120x150.jpg\",\"url\":\"https:\\\/\\\/fjala.info\\\/2009-2015\\\/wp-content\\\/uploads\\\/2012\\\/02\\\/arben_cokaj-120x150.jpg\",\"contentUrl\":\"https:\\\/\\\/fjala.info\\\/2009-2015\\\/wp-content\\\/uploads\\\/2012\\\/02\\\/arben_cokaj-120x150.jpg\",\"caption\":\"admin\"},\"description\":\"Admin, Fjala e Lir\u00eb\",\"sameAs\":[\"https:\\\/\\\/fjala.info\\\/\"],\"url\":\"https:\\\/\\\/fjala.info\\\/2009-2015\\\/author\\\/admin\\\/\"}]}<\/script>\n<!-- \/ Yoast SEO plugin. -->","yoast_head_json":{"title":"Rini kafenesh - FjALA e LIR\u00cb - Arkivi","robots":{"index":"index","follow":"follow","max-snippet":"max-snippet:-1","max-image-preview":"max-image-preview:large","max-video-preview":"max-video-preview:-1"},"canonical":"https:\/\/fjala.info\/2009-2015\/rini-kafenesh\/","og_locale":"sq_AL","og_type":"article","og_title":"Rini kafenesh - FjALA e LIR\u00cb - Arkivi","og_description":"Nga Joana Dervishi, 4 Prill 2012 Ndodhem diku ne nje kafene te kendshme te ish Bllokut. Ne fakt me shume se e kendshme do thoja rinore, sepse si\u00e7 dihet ku ka rini, ka me shumice edhe bukuri. Ajo qe po me ben pershtypje sot \u00e7uditerisht nuk qenka aspak shija e kafese apo muzika qe po [&hellip;]","og_url":"https:\/\/fjala.info\/2009-2015\/rini-kafenesh\/","og_site_name":"FjALA e LIR\u00cb - Arkivi","article_published_time":"2012-04-04T20:39:56+00:00","og_image":[{"url":"http:\/\/www.shkoder.net\/2012\/joana_dervishi.jpg","type":"","width":"","height":""}],"author":"admin","twitter_card":"summary_large_image","twitter_misc":{"Written by":"admin","Est. reading time":"5 minutes"},"schema":{"@context":"https:\/\/schema.org","@graph":[{"@type":"Article","@id":"https:\/\/fjala.info\/2009-2015\/rini-kafenesh\/#article","isPartOf":{"@id":"https:\/\/fjala.info\/2009-2015\/rini-kafenesh\/"},"author":{"name":"admin","@id":"https:\/\/fjala.info\/2009-2015\/#\/schema\/person\/3aa1163ef05469c496fc94e77611ada2"},"headline":"Rini kafenesh","datePublished":"2012-04-04T20:39:56+00:00","mainEntityOfPage":{"@id":"https:\/\/fjala.info\/2009-2015\/rini-kafenesh\/"},"wordCount":971,"commentCount":0,"publisher":{"@id":"https:\/\/fjala.info\/2009-2015\/#organization"},"image":{"@id":"https:\/\/fjala.info\/2009-2015\/rini-kafenesh\/#primaryimage"},"thumbnailUrl":"http:\/\/www.shkoder.net\/2012\/joana_dervishi.jpg","articleSection":["Artikuj"],"inLanguage":"sq-AL","potentialAction":[{"@type":"CommentAction","name":"Comment","target":["https:\/\/fjala.info\/2009-2015\/rini-kafenesh\/#respond"]}]},{"@type":"WebPage","@id":"https:\/\/fjala.info\/2009-2015\/rini-kafenesh\/","url":"https:\/\/fjala.info\/2009-2015\/rini-kafenesh\/","name":"Rini kafenesh - FjALA e LIR\u00cb - Arkivi","isPartOf":{"@id":"https:\/\/fjala.info\/2009-2015\/#website"},"primaryImageOfPage":{"@id":"https:\/\/fjala.info\/2009-2015\/rini-kafenesh\/#primaryimage"},"image":{"@id":"https:\/\/fjala.info\/2009-2015\/rini-kafenesh\/#primaryimage"},"thumbnailUrl":"http:\/\/www.shkoder.net\/2012\/joana_dervishi.jpg","datePublished":"2012-04-04T20:39:56+00:00","breadcrumb":{"@id":"https:\/\/fjala.info\/2009-2015\/rini-kafenesh\/#breadcrumb"},"inLanguage":"sq-AL","potentialAction":[{"@type":"ReadAction","target":["https:\/\/fjala.info\/2009-2015\/rini-kafenesh\/"]}]},{"@type":"ImageObject","inLanguage":"sq-AL","@id":"https:\/\/fjala.info\/2009-2015\/rini-kafenesh\/#primaryimage","url":"http:\/\/www.shkoder.net\/2012\/joana_dervishi.jpg","contentUrl":"http:\/\/www.shkoder.net\/2012\/joana_dervishi.jpg"},{"@type":"BreadcrumbList","@id":"https:\/\/fjala.info\/2009-2015\/rini-kafenesh\/#breadcrumb","itemListElement":[{"@type":"ListItem","position":1,"name":"Home","item":"https:\/\/fjala.info\/2009-2015\/"},{"@type":"ListItem","position":2,"name":"Rini kafenesh"}]},{"@type":"WebSite","@id":"https:\/\/fjala.info\/2009-2015\/#website","url":"https:\/\/fjala.info\/2009-2015\/","name":"FjALA e LIR\u00cb - Arkivi","description":"Arkivi 2009-2015","publisher":{"@id":"https:\/\/fjala.info\/2009-2015\/#organization"},"potentialAction":[{"@type":"SearchAction","target":{"@type":"EntryPoint","urlTemplate":"https:\/\/fjala.info\/2009-2015\/?s={search_term_string}"},"query-input":{"@type":"PropertyValueSpecification","valueRequired":true,"valueName":"search_term_string"}}],"inLanguage":"sq-AL"},{"@type":"Organization","@id":"https:\/\/fjala.info\/2009-2015\/#organization","name":"FjALA e LIR\u00cb - Arkivi","url":"https:\/\/fjala.info\/2009-2015\/","logo":{"@type":"ImageObject","inLanguage":"sq-AL","@id":"https:\/\/fjala.info\/2009-2015\/#\/schema\/logo\/image\/","url":"","contentUrl":"","caption":"FjALA e LIR\u00cb - Arkivi"},"image":{"@id":"https:\/\/fjala.info\/2009-2015\/#\/schema\/logo\/image\/"}},{"@type":"Person","@id":"https:\/\/fjala.info\/2009-2015\/#\/schema\/person\/3aa1163ef05469c496fc94e77611ada2","name":"admin","image":{"@type":"ImageObject","inLanguage":"sq-AL","@id":"https:\/\/fjala.info\/2009-2015\/wp-content\/uploads\/2012\/02\/arben_cokaj-120x150.jpg","url":"https:\/\/fjala.info\/2009-2015\/wp-content\/uploads\/2012\/02\/arben_cokaj-120x150.jpg","contentUrl":"https:\/\/fjala.info\/2009-2015\/wp-content\/uploads\/2012\/02\/arben_cokaj-120x150.jpg","caption":"admin"},"description":"Admin, Fjala e Lir\u00eb","sameAs":["https:\/\/fjala.info\/"],"url":"https:\/\/fjala.info\/2009-2015\/author\/admin\/"}]}},"_links":{"self":[{"href":"https:\/\/fjala.info\/2009-2015\/wp-json\/wp\/v2\/posts\/11766","targetHints":{"allow":["GET"]}}],"collection":[{"href":"https:\/\/fjala.info\/2009-2015\/wp-json\/wp\/v2\/posts"}],"about":[{"href":"https:\/\/fjala.info\/2009-2015\/wp-json\/wp\/v2\/types\/post"}],"author":[{"embeddable":true,"href":"https:\/\/fjala.info\/2009-2015\/wp-json\/wp\/v2\/users\/1"}],"replies":[{"embeddable":true,"href":"https:\/\/fjala.info\/2009-2015\/wp-json\/wp\/v2\/comments?post=11766"}],"version-history":[{"count":0,"href":"https:\/\/fjala.info\/2009-2015\/wp-json\/wp\/v2\/posts\/11766\/revisions"}],"wp:attachment":[{"href":"https:\/\/fjala.info\/2009-2015\/wp-json\/wp\/v2\/media?parent=11766"}],"wp:term":[{"taxonomy":"category","embeddable":true,"href":"https:\/\/fjala.info\/2009-2015\/wp-json\/wp\/v2\/categories?post=11766"},{"taxonomy":"post_tag","embeddable":true,"href":"https:\/\/fjala.info\/2009-2015\/wp-json\/wp\/v2\/tags?post=11766"}],"curies":[{"name":"wp","href":"https:\/\/api.w.org\/{rel}","templated":true}]}}