{"id":11762,"date":"2012-04-03T10:49:13","date_gmt":"2012-04-03T09:49:13","guid":{"rendered":"http:\/\/fjala.shkoder.net\/?p=2343"},"modified":"2012-04-03T10:49:13","modified_gmt":"2012-04-03T09:49:13","slug":"krim-i-pasofistikuar-perballe-nje-policie-te-pasofistikuar","status":"publish","type":"post","link":"https:\/\/fjala.info\/2009-2015\/krim-i-pasofistikuar-perballe-nje-policie-te-pasofistikuar\/","title":{"rendered":"Krim i pasofistikuar p\u00ebrball\u00eb nj\u00eb policie t\u00eb pasofistikuar"},"content":{"rendered":"<p><img decoding=\"async\" class=\"alignleft size-thumbnail wp-image-7236\" title=\"Mustafa Nano\" src=\"http:\/\/www.shkoder.net\/images\/fjala\/mustafa_nano.jpg\" alt=\"\" width=\"150\" \/> <strong>Mustafa Nano<\/strong>, <em>03.04.2012<\/em><\/p>\n<p>Pas ngjarjes s\u00eb fundit te Xhamlliku, ne gazetar\u00ebt u fokusuam m\u00eb s\u00eb shumti e jo pa t\u00eb drejt\u00eb te Viktor Gushi, e te b\u00ebmat e tij, mir\u00ebpo n\u00eb gjith\u00eb k\u00ebt\u00eb histori ish dhe di\u00e7ka tjet\u00ebr q\u00eb t\u00eb t\u00ebrhiqte v\u00ebmendjen. Ish ai dhjet\u00ebminut\u00ebsh i hetimit paraprak (n\u00eb fakt, i hetimit n\u00eb t\u00eb nxeht\u00eb; shum\u00eb n\u00eb t\u00eb nxeht\u00eb), q\u00eb nga policia p\u00ebrfundoi fillimisht n\u00eb duart e gazetar\u00ebve t\u00eb televizionit \u201cABC News\u201d, e m\u00eb pas n\u00eb duart e gazetar\u00ebve t\u00eb t\u00eb gjith\u00eb televizioneve. Ish nj\u00eb ngjarje m\u00eb vete ajo procedur\u00eb hetimi, p\u00ebrball\u00eb s\u00eb cil\u00ebs do ishin skandalizuar t\u00eb gjith\u00eb n\u00eb nj\u00eb vend normal e t\u00eb normalizuar dhe \u00ebsht\u00eb p\u00ebr t\u00eb ardhur keq q\u00eb k\u00ebtu nuk mori as minimumin e v\u00ebmendjes. U b\u00ebn\u00eb kat\u00ebr-pes\u00eb dit\u00eb q\u00eb gazetat e televizionet zhbirilojn\u00eb plot pasion n\u00eb jet\u00ebn private t\u00eb k\u00ebtij delinkuenti me pamjen e nj\u00eb t\u00eb trallisuri dhe nuk kan\u00eb gjetur koh\u00eb e nge t\u00eb merren pak me at\u00eb q\u00eb s\u2019do ish e tep\u00ebrt t\u00eb quhet nj\u00eb devijim skandaloz prej praktikave t\u00eb sistemit \u201crule of law\u201d.<\/p>\n<p>Po mbetem te reagimi i policis\u00eb p\u00ebrball\u00eb k\u00ebsaj ngjarjeje dhe po i marr me radh\u00eb gj\u00ebrat. Me t\u2019u arrestuar Viktor Gushi, me nj\u00eb fizionomi prej qyqari e me nj\u00eb jet\u00eb prej p\u00ebrbind\u00ebshi, doli kryeministri yn\u00eb dhe i vari nj\u00eb dekorat\u00eb n\u00eb qaf\u00eb policis\u00eb p\u00ebr pun\u00ebn e shk\u00eblqyer q\u00eb b\u00ebri. E shk\u00eblqyer p\u00ebr \u00e7far\u00eb? E shk\u00eblqyer q\u00eb e gjeti at\u00eb q\u00eb kish vrar\u00eb n\u00eb mes t\u00eb dit\u00ebs, n\u00eb mes t\u00eb qytetit, n\u00eb prani t\u00eb dhjet\u00ebra d\u00ebshmitar\u00ebve dhe i filmuar prej kamerave. Pas tij doli ministri q\u00eb tha me k\u00ebt\u00eb rast se \u201ckrimi po b\u00ebhet i sofistikuar dhe ne po e luftojm\u00eb n\u00eb m\u00ebnyr\u00eb t\u00eb sofistikuar\u201d. Krimi i kryer prej Gushit \u00ebsht\u00eb i sofistikuar? K\u00ebshtu e ka par\u00eb ministri me syzet e veta, por n\u00eb t\u00eb v\u00ebrtet\u00eb si zor t\u00eb gjendet n\u00eb k\u00ebt\u00eb bot\u00eb nj\u00eb krim m\u00eb i vrazhd\u00eb, m\u00eb brutal, e m\u00eb i pasofistikuar, se sa ky i Gushit. Madje, ky krim \u00ebsht\u00eb edhe m\u00eb i pasofistikuar se sa vet\u00eb ministri.<\/p>\n<p>Deri k\u00ebtu jemi n\u00eb planin e gjepurave t\u00eb natyr\u00ebs politike t\u00eb th\u00ebna p\u00ebr t\u00eb promovuar \u201cpun\u00ebn e mir\u00eb t\u00eb policis\u00eb\u201d. Pas ministrit ishte radha e nj\u00eb prej drejtor\u00ebve t\u00eb Policis\u00eb s\u00eb Tiran\u00ebs, me emrin Bernard \u00c7aushaj, q\u00eb e fut diskutimin n\u00eb nj\u00eb plan medemek teknik e profesional. \u201cVras\u00ebsi \u00ebsht\u00eb Viktor \u00c7aushaj; madje, ky ka b\u00ebr\u00eb dhe dhjet\u00ebra krime t\u00eb tjera; e pohoi vet\u00eb q\u00eb i ka b\u00ebr\u00eb k\u00ebto krime\u201d, tha n\u00eb thelb \u00c7aushaj. Me k\u00ebt\u00eb logjik\u00eb i bie q\u00eb, n\u00ebse un\u00eb shkoj nes\u00ebr n\u00eb polici, k\u00ebrkoj takim me Bernardin, dhe i them i shtyr\u00eb nga ndonj\u00eb damar qyfyrexhiu q\u00eb mund t\u00eb m\u00eb kap\u00eb, se jam autori i ca krimeve q\u00eb s\u2019jan\u00eb zbuluar ende, Bernardi nuk b\u00ebn gj\u00eb tjet\u00ebr ve\u00e7se del me vrap n\u00eb konferenc\u00eb p\u00ebr shtypin dhe jep lajmin: \u201cKemi gjetur autorin e krimeve x, y, z etj., dhe ky e ka emrin Mustafa Nano\u201d. Sa t\u00eb sofistikuar q\u00eb jan\u00eb k\u00ebta polic\u00ebt tan\u00eb!<\/p>\n<p>Por kulmi i sofistikimit \u00ebsht\u00eb hetimi dhjet\u00ebminut\u00ebsh, q\u00eb iu b\u00eb Viktor Gumit nga ana e policis\u00eb. Po them \u2018nga ana e policis\u00eb\u2019, por nuk duhet v\u00ebn\u00eb dora n\u00eb zjarr q\u00eb kan\u00eb qen\u00eb polic\u00eb dhe ky dyshim t\u00eb lind me t\u00eb par\u00eb pamjet e filmit q\u00eb iu d\u00ebrguan televizioneve si prov\u00eb e zot\u00ebsis\u00eb dhe e zhd\u00ebrvjellt\u00ebsis\u00eb profesionale t\u00eb policis\u00eb. Skenat q\u00eb u zbuluan nga ajo video jan\u00eb nj\u00eb gj\u00eb q\u00eb komprometon \u00e7do pretendim p\u00ebr shtet ligjor n\u00eb Shqip\u00ebri. Jan\u00eb skena q\u00eb e turp\u00ebrojn\u00eb policin\u00eb shqiptare n\u00eb \u201ck\u00ebt\u00eb vit t\u00eb madh jubilar, kur po festojn\u00eb me pomp\u00eb t\u00eb madhe 100- vjetorin e shtetit shqiptar\u201d.<\/p>\n<p>Gjith\u00e7ka zhvillohej n\u00eb nj\u00eb lokal me sip\u00ebrfaqe t\u00eb vog\u00ebl, me mure t\u00eb zhveshura, me nj\u00eb krevat me dyshek t\u00eb p\u00ebrmbysur e jorgan t\u00eb hedhur dosido mbi dyshek, e me nj\u00eb perde q\u00eb t\u00eb \u00e7onte n\u00eb nj\u00eb si aneks. Fol\u00ebsit e televizioneve than\u00eb se kjo \u00ebsht\u00eb sht\u00ebpia e Viktor Gushit, i cili, i v\u00ebn\u00eb me shpin\u00eb p\u00ebr muri, shfaqet fillimisht me nj\u00eb \u00e7orape q\u00eb ia kishin rrasur n\u00eb kok\u00eb. Dikush nd\u00ebrhyn, dhe thot\u00eb t\u2019ia heqin at\u00eb \u00e7orape, dhe k\u00ebtu z\u00eb fill intervista, apo hetimi, n\u00eb sht\u00ebpin\u00eb e tij!!!<\/p>\n<p>Sipas ligjeve t\u00eb shtetit shqiptar, nj\u00eb i arrestuar q\u00eb akuzohet p\u00ebr nj\u00eb vep\u00ebr penale, merret n\u00eb pyetje nga nj\u00eb oficer i policis\u00eb gjyq\u00ebsore. Tok me t\u00eb, duhet t\u00eb jet\u00eb dhe avokati i t\u00eb pandehurit. B\u00ebn vaki q\u00eb ky i fundit nuk njeh asnj\u00eb avokat, e nuk ka fuqi financiare t\u00eb paguaj\u00eb nj\u00eb avokat, por kjo merret vesh vet\u00ebm pasi ai njihet me t\u00eb drejt\u00ebn e tij p\u00ebr t\u00eb pasur nj\u00eb avokat. N\u00eb rrethanat n\u00eb fjal\u00eb, i caktohet nj\u00eb avokat nga ata q\u00eb jan\u00eb pran\u00eb policis\u00eb a prokuroris\u00eb, e q\u00eb quhen \u201cavokat\u00eb kryesisht\u201d. N\u00eb at\u00eb sht\u00ebpi nuk u pa asnj\u00eb avokat (nuk kish se si e se pse t\u00eb shkonte avokati t\u00eb asistonte k\u00ebt\u00eb hetim sht\u00ebpiak; as n\u00eb Shqip\u00ebrin\u00eb surreale t\u00eb Enver Hoxh\u00ebs nuk jan\u00eb b\u00ebr\u00eb hetime n\u00eb sht\u00ebpin\u00eb e t\u00eb pandehurit) e nuk u pa asnj\u00eb oficer i policis\u00eb gjyq\u00ebsore.<\/p>\n<p>N\u00eb ndonj\u00eb televizion u tha se Gushi u mor n\u00eb pyetje nga oficer\u00ebt e policis\u00eb gjyq\u00ebsore, por kjo \u00ebsht\u00eb e pamundur t\u00eb ket\u00eb ndodhur. Atje kish nj\u00eb duzin\u00eb me polic\u00eb, me uniform\u00eb e pa uniform\u00eb, q\u00eb flisnin si t\u2019u tekej e kur t\u2019u tekej. Ishin krejt t\u00eb shkujdesur, nd\u00ebrprisnin nj\u00ebri-tjetrin, flisnin me nj\u00eb gjuh\u00eb rrug\u00ebsh e mejhanesh, nd\u00ebrprisnin autorin e krimeve, p\u00ebr t\u00eb cilin dukej q\u00eb kishin merak ta sajdisnin ca si shum\u00eb, gj\u00eb q\u00eb nuk \u00ebsht\u00eb n\u00eb praktik\u00ebn e policis\u00eb son\u00eb as n\u00eb rrethanat e krimeve banale (fjala vjen, viheshin n\u00eb gar\u00eb kush e kush t\u2019i jepte cigare), etj. Asnj\u00eb oficer i policis\u00eb gjyq\u00ebsore nuk pranon t\u00eb hetoj\u00eb n\u00eb rrethana t\u00eb tilla.<\/p>\n<p>Pik\u00ebrisht k\u00ebto skena t\u00eb filmuara i d\u00ebrguan turravrapthi n\u00ebp\u00ebr studio televizive (pse vall\u00eb? Pse k\u00ebt\u00eb her\u00eb iu desh t\u00eb kuturisnin n\u00eb m\u00ebnyr\u00eb televizive, dhe her\u00eb t\u00eb tjera jo?), e ndoshta mbi baz\u00ebn e k\u00ebtyre pamjeve gjykata ka vendosur mbajtjen n\u00eb burg pa afat t\u00eb t\u00eb akuzuarit. Ka shum\u00eb gjasa q\u00eb Viktor Gushi t\u00eb jet\u00eb autor i krimeve, t\u00eb cilat ai po i rr\u00ebfen, por lidhur me krimin e fundit t\u00eb tij (at\u00eb t\u00eb kryer tek Xhamlliku, ku gjeti vdekjen ark\u00ebtarja dhe u plagos roja i siguris\u00eb), nj\u00eb pyetje mund t\u00eb b\u00ebhet: Ka ndonj\u00eb gjyqtar q\u00eb mund t\u00eb thot\u00eb se ajo video dhe ai hetim, kan\u00eb nj\u00eb vler\u00eb procedurale e ligjore? Mund t\u00eb mbahet njeri n\u00eb burg mbi baz\u00ebn e atyre pamjeve, q\u00eb m\u00eb shum\u00eb t\u00eb jepnin iden\u00eb e pazarit t\u00eb Roskovecit (Gushi e di se \u00e7\u2019\u00ebsht\u00eb pazari i Roskovecit, se e ka af\u00ebr Patosit), se sa t\u00eb nj\u00eb hetimi? Duhet t\u00eb jet\u00eb hall i madh t\u00eb kesh t\u00eb b\u00ebsh me polic\u00eb t\u00eb till\u00eb. Duhet t\u00eb jet\u00eb m\u00eb i madh se sa halli q\u00eb t\u00eb \u00e7on tek ata.<\/p>\n","protected":false},"excerpt":{"rendered":"<p>Mustafa Nano, 03.04.2012 Pas ngjarjes s\u00eb fundit te Xhamlliku, ne gazetar\u00ebt u fokusuam m\u00eb s\u00eb shumti e jo pa t\u00eb drejt\u00eb te Viktor Gushi, e te b\u00ebmat e tij, mir\u00ebpo n\u00eb gjith\u00eb k\u00ebt\u00eb histori ish dhe di\u00e7ka tjet\u00ebr q\u00eb t\u00eb t\u00ebrhiqte v\u00ebmendjen. Ish ai dhjet\u00ebminut\u00ebsh i hetimit paraprak (n\u00eb fakt, i hetimit n\u00eb t\u00eb nxeht\u00eb; [&hellip;]<\/p>\n","protected":false},"author":1,"featured_media":0,"comment_status":"open","ping_status":"closed","sticky":false,"template":"","format":"standard","meta":{"footnotes":""},"categories":[2],"tags":[],"class_list":{"0":"post-11762","1":"post","2":"type-post","3":"status-publish","4":"format-standard","6":"category-artikuj"},"yoast_head":"<!-- This site is optimized with the Yoast SEO plugin v27.4 - https:\/\/yoast.com\/product\/yoast-seo-wordpress\/ -->\n<title>Krim i pasofistikuar p\u00ebrball\u00eb nj\u00eb policie t\u00eb pasofistikuar - FjALA e LIR\u00cb - Arkivi<\/title>\n<meta name=\"robots\" content=\"index, follow, max-snippet:-1, max-image-preview:large, max-video-preview:-1\" \/>\n<link rel=\"canonical\" href=\"https:\/\/fjala.info\/2009-2015\/krim-i-pasofistikuar-perballe-nje-policie-te-pasofistikuar\/\" \/>\n<meta property=\"og:locale\" content=\"sq_AL\" \/>\n<meta property=\"og:type\" content=\"article\" \/>\n<meta property=\"og:title\" content=\"Krim i pasofistikuar p\u00ebrball\u00eb nj\u00eb policie t\u00eb pasofistikuar - FjALA e LIR\u00cb - Arkivi\" \/>\n<meta property=\"og:description\" content=\"Mustafa Nano, 03.04.2012 Pas ngjarjes s\u00eb fundit te Xhamlliku, ne gazetar\u00ebt u fokusuam m\u00eb s\u00eb shumti e jo pa t\u00eb drejt\u00eb te Viktor Gushi, e te b\u00ebmat e tij, mir\u00ebpo n\u00eb gjith\u00eb k\u00ebt\u00eb histori ish dhe di\u00e7ka tjet\u00ebr q\u00eb t\u00eb t\u00ebrhiqte v\u00ebmendjen. Ish ai dhjet\u00ebminut\u00ebsh i hetimit paraprak (n\u00eb fakt, i hetimit n\u00eb t\u00eb nxeht\u00eb; [&hellip;]\" \/>\n<meta property=\"og:url\" content=\"https:\/\/fjala.info\/2009-2015\/krim-i-pasofistikuar-perballe-nje-policie-te-pasofistikuar\/\" \/>\n<meta property=\"og:site_name\" content=\"FjALA e LIR\u00cb - Arkivi\" \/>\n<meta property=\"article:published_time\" content=\"2012-04-03T09:49:13+00:00\" \/>\n<meta property=\"og:image\" content=\"http:\/\/www.shkoder.net\/images\/fjala\/mustafa_nano.jpg\" \/>\n<meta name=\"author\" content=\"admin\" \/>\n<meta name=\"twitter:card\" content=\"summary_large_image\" \/>\n<meta name=\"twitter:label1\" content=\"Written by\" \/>\n\t<meta name=\"twitter:data1\" content=\"admin\" \/>\n\t<meta name=\"twitter:label2\" content=\"Est. reading time\" \/>\n\t<meta name=\"twitter:data2\" content=\"6 minutes\" \/>\n<script type=\"application\/ld+json\" class=\"yoast-schema-graph\">{\"@context\":\"https:\\\/\\\/schema.org\",\"@graph\":[{\"@type\":\"Article\",\"@id\":\"https:\\\/\\\/fjala.info\\\/2009-2015\\\/krim-i-pasofistikuar-perballe-nje-policie-te-pasofistikuar\\\/#article\",\"isPartOf\":{\"@id\":\"https:\\\/\\\/fjala.info\\\/2009-2015\\\/krim-i-pasofistikuar-perballe-nje-policie-te-pasofistikuar\\\/\"},\"author\":{\"name\":\"admin\",\"@id\":\"https:\\\/\\\/fjala.info\\\/2009-2015\\\/#\\\/schema\\\/person\\\/3aa1163ef05469c496fc94e77611ada2\"},\"headline\":\"Krim i pasofistikuar p\u00ebrball\u00eb nj\u00eb policie t\u00eb pasofistikuar\",\"datePublished\":\"2012-04-03T09:49:13+00:00\",\"mainEntityOfPage\":{\"@id\":\"https:\\\/\\\/fjala.info\\\/2009-2015\\\/krim-i-pasofistikuar-perballe-nje-policie-te-pasofistikuar\\\/\"},\"wordCount\":1247,\"commentCount\":0,\"publisher\":{\"@id\":\"https:\\\/\\\/fjala.info\\\/2009-2015\\\/#organization\"},\"image\":{\"@id\":\"https:\\\/\\\/fjala.info\\\/2009-2015\\\/krim-i-pasofistikuar-perballe-nje-policie-te-pasofistikuar\\\/#primaryimage\"},\"thumbnailUrl\":\"http:\\\/\\\/www.shkoder.net\\\/images\\\/fjala\\\/mustafa_nano.jpg\",\"articleSection\":[\"Artikuj\"],\"inLanguage\":\"sq-AL\",\"potentialAction\":[{\"@type\":\"CommentAction\",\"name\":\"Comment\",\"target\":[\"https:\\\/\\\/fjala.info\\\/2009-2015\\\/krim-i-pasofistikuar-perballe-nje-policie-te-pasofistikuar\\\/#respond\"]}]},{\"@type\":\"WebPage\",\"@id\":\"https:\\\/\\\/fjala.info\\\/2009-2015\\\/krim-i-pasofistikuar-perballe-nje-policie-te-pasofistikuar\\\/\",\"url\":\"https:\\\/\\\/fjala.info\\\/2009-2015\\\/krim-i-pasofistikuar-perballe-nje-policie-te-pasofistikuar\\\/\",\"name\":\"Krim i pasofistikuar p\u00ebrball\u00eb nj\u00eb policie t\u00eb pasofistikuar - FjALA e LIR\u00cb - Arkivi\",\"isPartOf\":{\"@id\":\"https:\\\/\\\/fjala.info\\\/2009-2015\\\/#website\"},\"primaryImageOfPage\":{\"@id\":\"https:\\\/\\\/fjala.info\\\/2009-2015\\\/krim-i-pasofistikuar-perballe-nje-policie-te-pasofistikuar\\\/#primaryimage\"},\"image\":{\"@id\":\"https:\\\/\\\/fjala.info\\\/2009-2015\\\/krim-i-pasofistikuar-perballe-nje-policie-te-pasofistikuar\\\/#primaryimage\"},\"thumbnailUrl\":\"http:\\\/\\\/www.shkoder.net\\\/images\\\/fjala\\\/mustafa_nano.jpg\",\"datePublished\":\"2012-04-03T09:49:13+00:00\",\"breadcrumb\":{\"@id\":\"https:\\\/\\\/fjala.info\\\/2009-2015\\\/krim-i-pasofistikuar-perballe-nje-policie-te-pasofistikuar\\\/#breadcrumb\"},\"inLanguage\":\"sq-AL\",\"potentialAction\":[{\"@type\":\"ReadAction\",\"target\":[\"https:\\\/\\\/fjala.info\\\/2009-2015\\\/krim-i-pasofistikuar-perballe-nje-policie-te-pasofistikuar\\\/\"]}]},{\"@type\":\"ImageObject\",\"inLanguage\":\"sq-AL\",\"@id\":\"https:\\\/\\\/fjala.info\\\/2009-2015\\\/krim-i-pasofistikuar-perballe-nje-policie-te-pasofistikuar\\\/#primaryimage\",\"url\":\"http:\\\/\\\/www.shkoder.net\\\/images\\\/fjala\\\/mustafa_nano.jpg\",\"contentUrl\":\"http:\\\/\\\/www.shkoder.net\\\/images\\\/fjala\\\/mustafa_nano.jpg\"},{\"@type\":\"BreadcrumbList\",\"@id\":\"https:\\\/\\\/fjala.info\\\/2009-2015\\\/krim-i-pasofistikuar-perballe-nje-policie-te-pasofistikuar\\\/#breadcrumb\",\"itemListElement\":[{\"@type\":\"ListItem\",\"position\":1,\"name\":\"Home\",\"item\":\"https:\\\/\\\/fjala.info\\\/2009-2015\\\/\"},{\"@type\":\"ListItem\",\"position\":2,\"name\":\"Krim i pasofistikuar p\u00ebrball\u00eb nj\u00eb policie t\u00eb pasofistikuar\"}]},{\"@type\":\"WebSite\",\"@id\":\"https:\\\/\\\/fjala.info\\\/2009-2015\\\/#website\",\"url\":\"https:\\\/\\\/fjala.info\\\/2009-2015\\\/\",\"name\":\"FjALA e LIR\u00cb - Arkivi\",\"description\":\"Arkivi 2009-2015\",\"publisher\":{\"@id\":\"https:\\\/\\\/fjala.info\\\/2009-2015\\\/#organization\"},\"potentialAction\":[{\"@type\":\"SearchAction\",\"target\":{\"@type\":\"EntryPoint\",\"urlTemplate\":\"https:\\\/\\\/fjala.info\\\/2009-2015\\\/?s={search_term_string}\"},\"query-input\":{\"@type\":\"PropertyValueSpecification\",\"valueRequired\":true,\"valueName\":\"search_term_string\"}}],\"inLanguage\":\"sq-AL\"},{\"@type\":\"Organization\",\"@id\":\"https:\\\/\\\/fjala.info\\\/2009-2015\\\/#organization\",\"name\":\"FjALA e LIR\u00cb - Arkivi\",\"url\":\"https:\\\/\\\/fjala.info\\\/2009-2015\\\/\",\"logo\":{\"@type\":\"ImageObject\",\"inLanguage\":\"sq-AL\",\"@id\":\"https:\\\/\\\/fjala.info\\\/2009-2015\\\/#\\\/schema\\\/logo\\\/image\\\/\",\"url\":\"\",\"contentUrl\":\"\",\"caption\":\"FjALA e LIR\u00cb - Arkivi\"},\"image\":{\"@id\":\"https:\\\/\\\/fjala.info\\\/2009-2015\\\/#\\\/schema\\\/logo\\\/image\\\/\"}},{\"@type\":\"Person\",\"@id\":\"https:\\\/\\\/fjala.info\\\/2009-2015\\\/#\\\/schema\\\/person\\\/3aa1163ef05469c496fc94e77611ada2\",\"name\":\"admin\",\"image\":{\"@type\":\"ImageObject\",\"inLanguage\":\"sq-AL\",\"@id\":\"https:\\\/\\\/fjala.info\\\/2009-2015\\\/wp-content\\\/uploads\\\/2012\\\/02\\\/arben_cokaj-120x150.jpg\",\"url\":\"https:\\\/\\\/fjala.info\\\/2009-2015\\\/wp-content\\\/uploads\\\/2012\\\/02\\\/arben_cokaj-120x150.jpg\",\"contentUrl\":\"https:\\\/\\\/fjala.info\\\/2009-2015\\\/wp-content\\\/uploads\\\/2012\\\/02\\\/arben_cokaj-120x150.jpg\",\"caption\":\"admin\"},\"description\":\"Admin, Fjala e Lir\u00eb\",\"sameAs\":[\"https:\\\/\\\/fjala.info\\\/\"],\"url\":\"https:\\\/\\\/fjala.info\\\/2009-2015\\\/author\\\/admin\\\/\"}]}<\/script>\n<!-- \/ Yoast SEO plugin. -->","yoast_head_json":{"title":"Krim i pasofistikuar p\u00ebrball\u00eb nj\u00eb policie t\u00eb pasofistikuar - FjALA e LIR\u00cb - Arkivi","robots":{"index":"index","follow":"follow","max-snippet":"max-snippet:-1","max-image-preview":"max-image-preview:large","max-video-preview":"max-video-preview:-1"},"canonical":"https:\/\/fjala.info\/2009-2015\/krim-i-pasofistikuar-perballe-nje-policie-te-pasofistikuar\/","og_locale":"sq_AL","og_type":"article","og_title":"Krim i pasofistikuar p\u00ebrball\u00eb nj\u00eb policie t\u00eb pasofistikuar - FjALA e LIR\u00cb - Arkivi","og_description":"Mustafa Nano, 03.04.2012 Pas ngjarjes s\u00eb fundit te Xhamlliku, ne gazetar\u00ebt u fokusuam m\u00eb s\u00eb shumti e jo pa t\u00eb drejt\u00eb te Viktor Gushi, e te b\u00ebmat e tij, mir\u00ebpo n\u00eb gjith\u00eb k\u00ebt\u00eb histori ish dhe di\u00e7ka tjet\u00ebr q\u00eb t\u00eb t\u00ebrhiqte v\u00ebmendjen. Ish ai dhjet\u00ebminut\u00ebsh i hetimit paraprak (n\u00eb fakt, i hetimit n\u00eb t\u00eb nxeht\u00eb; [&hellip;]","og_url":"https:\/\/fjala.info\/2009-2015\/krim-i-pasofistikuar-perballe-nje-policie-te-pasofistikuar\/","og_site_name":"FjALA e LIR\u00cb - Arkivi","article_published_time":"2012-04-03T09:49:13+00:00","og_image":[{"url":"http:\/\/www.shkoder.net\/images\/fjala\/mustafa_nano.jpg","type":"","width":"","height":""}],"author":"admin","twitter_card":"summary_large_image","twitter_misc":{"Written by":"admin","Est. reading time":"6 minutes"},"schema":{"@context":"https:\/\/schema.org","@graph":[{"@type":"Article","@id":"https:\/\/fjala.info\/2009-2015\/krim-i-pasofistikuar-perballe-nje-policie-te-pasofistikuar\/#article","isPartOf":{"@id":"https:\/\/fjala.info\/2009-2015\/krim-i-pasofistikuar-perballe-nje-policie-te-pasofistikuar\/"},"author":{"name":"admin","@id":"https:\/\/fjala.info\/2009-2015\/#\/schema\/person\/3aa1163ef05469c496fc94e77611ada2"},"headline":"Krim i pasofistikuar p\u00ebrball\u00eb nj\u00eb policie t\u00eb pasofistikuar","datePublished":"2012-04-03T09:49:13+00:00","mainEntityOfPage":{"@id":"https:\/\/fjala.info\/2009-2015\/krim-i-pasofistikuar-perballe-nje-policie-te-pasofistikuar\/"},"wordCount":1247,"commentCount":0,"publisher":{"@id":"https:\/\/fjala.info\/2009-2015\/#organization"},"image":{"@id":"https:\/\/fjala.info\/2009-2015\/krim-i-pasofistikuar-perballe-nje-policie-te-pasofistikuar\/#primaryimage"},"thumbnailUrl":"http:\/\/www.shkoder.net\/images\/fjala\/mustafa_nano.jpg","articleSection":["Artikuj"],"inLanguage":"sq-AL","potentialAction":[{"@type":"CommentAction","name":"Comment","target":["https:\/\/fjala.info\/2009-2015\/krim-i-pasofistikuar-perballe-nje-policie-te-pasofistikuar\/#respond"]}]},{"@type":"WebPage","@id":"https:\/\/fjala.info\/2009-2015\/krim-i-pasofistikuar-perballe-nje-policie-te-pasofistikuar\/","url":"https:\/\/fjala.info\/2009-2015\/krim-i-pasofistikuar-perballe-nje-policie-te-pasofistikuar\/","name":"Krim i pasofistikuar p\u00ebrball\u00eb nj\u00eb policie t\u00eb pasofistikuar - FjALA e LIR\u00cb - Arkivi","isPartOf":{"@id":"https:\/\/fjala.info\/2009-2015\/#website"},"primaryImageOfPage":{"@id":"https:\/\/fjala.info\/2009-2015\/krim-i-pasofistikuar-perballe-nje-policie-te-pasofistikuar\/#primaryimage"},"image":{"@id":"https:\/\/fjala.info\/2009-2015\/krim-i-pasofistikuar-perballe-nje-policie-te-pasofistikuar\/#primaryimage"},"thumbnailUrl":"http:\/\/www.shkoder.net\/images\/fjala\/mustafa_nano.jpg","datePublished":"2012-04-03T09:49:13+00:00","breadcrumb":{"@id":"https:\/\/fjala.info\/2009-2015\/krim-i-pasofistikuar-perballe-nje-policie-te-pasofistikuar\/#breadcrumb"},"inLanguage":"sq-AL","potentialAction":[{"@type":"ReadAction","target":["https:\/\/fjala.info\/2009-2015\/krim-i-pasofistikuar-perballe-nje-policie-te-pasofistikuar\/"]}]},{"@type":"ImageObject","inLanguage":"sq-AL","@id":"https:\/\/fjala.info\/2009-2015\/krim-i-pasofistikuar-perballe-nje-policie-te-pasofistikuar\/#primaryimage","url":"http:\/\/www.shkoder.net\/images\/fjala\/mustafa_nano.jpg","contentUrl":"http:\/\/www.shkoder.net\/images\/fjala\/mustafa_nano.jpg"},{"@type":"BreadcrumbList","@id":"https:\/\/fjala.info\/2009-2015\/krim-i-pasofistikuar-perballe-nje-policie-te-pasofistikuar\/#breadcrumb","itemListElement":[{"@type":"ListItem","position":1,"name":"Home","item":"https:\/\/fjala.info\/2009-2015\/"},{"@type":"ListItem","position":2,"name":"Krim i pasofistikuar p\u00ebrball\u00eb nj\u00eb policie t\u00eb pasofistikuar"}]},{"@type":"WebSite","@id":"https:\/\/fjala.info\/2009-2015\/#website","url":"https:\/\/fjala.info\/2009-2015\/","name":"FjALA e LIR\u00cb - Arkivi","description":"Arkivi 2009-2015","publisher":{"@id":"https:\/\/fjala.info\/2009-2015\/#organization"},"potentialAction":[{"@type":"SearchAction","target":{"@type":"EntryPoint","urlTemplate":"https:\/\/fjala.info\/2009-2015\/?s={search_term_string}"},"query-input":{"@type":"PropertyValueSpecification","valueRequired":true,"valueName":"search_term_string"}}],"inLanguage":"sq-AL"},{"@type":"Organization","@id":"https:\/\/fjala.info\/2009-2015\/#organization","name":"FjALA e LIR\u00cb - Arkivi","url":"https:\/\/fjala.info\/2009-2015\/","logo":{"@type":"ImageObject","inLanguage":"sq-AL","@id":"https:\/\/fjala.info\/2009-2015\/#\/schema\/logo\/image\/","url":"","contentUrl":"","caption":"FjALA e LIR\u00cb - Arkivi"},"image":{"@id":"https:\/\/fjala.info\/2009-2015\/#\/schema\/logo\/image\/"}},{"@type":"Person","@id":"https:\/\/fjala.info\/2009-2015\/#\/schema\/person\/3aa1163ef05469c496fc94e77611ada2","name":"admin","image":{"@type":"ImageObject","inLanguage":"sq-AL","@id":"https:\/\/fjala.info\/2009-2015\/wp-content\/uploads\/2012\/02\/arben_cokaj-120x150.jpg","url":"https:\/\/fjala.info\/2009-2015\/wp-content\/uploads\/2012\/02\/arben_cokaj-120x150.jpg","contentUrl":"https:\/\/fjala.info\/2009-2015\/wp-content\/uploads\/2012\/02\/arben_cokaj-120x150.jpg","caption":"admin"},"description":"Admin, Fjala e Lir\u00eb","sameAs":["https:\/\/fjala.info\/"],"url":"https:\/\/fjala.info\/2009-2015\/author\/admin\/"}]}},"_links":{"self":[{"href":"https:\/\/fjala.info\/2009-2015\/wp-json\/wp\/v2\/posts\/11762","targetHints":{"allow":["GET"]}}],"collection":[{"href":"https:\/\/fjala.info\/2009-2015\/wp-json\/wp\/v2\/posts"}],"about":[{"href":"https:\/\/fjala.info\/2009-2015\/wp-json\/wp\/v2\/types\/post"}],"author":[{"embeddable":true,"href":"https:\/\/fjala.info\/2009-2015\/wp-json\/wp\/v2\/users\/1"}],"replies":[{"embeddable":true,"href":"https:\/\/fjala.info\/2009-2015\/wp-json\/wp\/v2\/comments?post=11762"}],"version-history":[{"count":0,"href":"https:\/\/fjala.info\/2009-2015\/wp-json\/wp\/v2\/posts\/11762\/revisions"}],"wp:attachment":[{"href":"https:\/\/fjala.info\/2009-2015\/wp-json\/wp\/v2\/media?parent=11762"}],"wp:term":[{"taxonomy":"category","embeddable":true,"href":"https:\/\/fjala.info\/2009-2015\/wp-json\/wp\/v2\/categories?post=11762"},{"taxonomy":"post_tag","embeddable":true,"href":"https:\/\/fjala.info\/2009-2015\/wp-json\/wp\/v2\/tags?post=11762"}],"curies":[{"name":"wp","href":"https:\/\/api.w.org\/{rel}","templated":true}]}}