{"id":11760,"date":"2012-04-03T10:37:37","date_gmt":"2012-04-03T09:37:37","guid":{"rendered":"http:\/\/fjala.shkoder.net\/?p=2337"},"modified":"2012-04-03T10:37:37","modified_gmt":"2012-04-03T09:37:37","slug":"kroqi-munda-ramiz-aline-ne-1991-pd-sdonte-humbjen-e-tij","status":"publish","type":"post","link":"https:\/\/fjala.info\/2009-2015\/kroqi-munda-ramiz-aline-ne-1991-pd-sdonte-humbjen-e-tij\/","title":{"rendered":"Kroqi: Munda Ramiz Alin\u00eb n\u00eb 1991, PD s\u2019donte humbjen e tij"},"content":{"rendered":"<p><img decoding=\"async\" class=\"alignright size-thumbnail wp-image-7236\" title=\"Franko Kroqi\" src=\"http:\/\/www.shkoder.net\/2012\/franko_kroqi.jpg\" alt=\"\" width=\"300\" \/> <strong>TemA<\/strong>, <em>3 Prill 2012<\/em><\/p>\n<p>Inxhinieri q\u00eb konkurroi p\u00ebrball\u00eb Ramiz Alis\u00eb m\u00eb 31 mars 1991, duke e mundur at\u00eb n\u00eb zem\u00ebr t\u00eb zon\u00ebs ku u themelua PKSH, Franko Kroqi, n\u00eb nj\u00eb intervist\u00eb p\u00ebr gazet\u00ebn \u201cShqiptarja. com\u201d ka risjell\u00eb n\u00eb kujtes\u00eb at\u00eb koh\u00eb t\u00eb v\u00ebshtir\u00eb kur gjendej n\u00eb gar\u00eb p\u00ebrball\u00eb ish-udh\u00ebheq\u00ebsit t\u00eb fundit komunist.<\/p>\n<p>Ai thot\u00eb se PD deri n\u00eb rr\u00ebzimin e bustit t\u00eb Hoxh\u00ebs, nuk kishte vendosur ende t\u00eb vendoste kandidatur\u00eb p\u00ebrball\u00eb Ramiz Alis\u00eb, duke e pranuar thuajse n\u00eb heshtje q\u00eb ai do t\u00eb b\u00ebhej presidenti i vendit. N\u00eb momentin e fundit kandidojn\u00eb Kroqin, ndoshta p\u00ebr t\u00eb humbur p\u00ebrball\u00eb Ramiz Alis\u00eb, nd\u00ebrkoh\u00eb q\u00eb nuk munguan presionet ndaj tij p\u00ebr t\u00eb dh\u00ebn\u00eb dor\u00ebheqjen nga kandidimi dhe p\u00ebr m\u00eb tep\u00ebr pas fitores, nuk solli asnj\u00eb entuziaz\u00ebm n\u00eb radh\u00ebt e PD.<\/p>\n<p>\u201cRamizi s\u2019ishte burr\u00eb p\u00ebr t\u2019u p\u00ebrballur vet\u00ebm p\u00ebr vet\u00ebm. Zona ku fitova un\u00eb ishte zona elektorale 218, ku ndodhej e ashtuquajtura \u201cSht\u00ebpia e Partis\u00eb\u201d dhe ku historikisht vendosin kandidatur\u00ebn Enver Hoxha e m\u00eb pas Ramiz Alia,\u201d kujton Franko Kroqi.<\/p>\n<p>Ish-deputeti demokrat kujton se \u201cKur u dha rezultati p\u00ebr fitoren time t\u00eb thell\u00eb, nuk kishte shum\u00eb entuziaz\u00ebm n\u00eb radh\u00ebt e PD, ndoshta sepse humbi Ramiz Alia. Por me sa duket fitoi kurajoja ime\u201d, thot\u00eb Zoti Kroqi n\u00eb intervist\u00ebn e tij t\u00eb cil\u00ebn t\u00eb plot\u00eb mund ta lexoni sot n\u00eb \u201cShqiptarja.com\u201d.<\/p>\n","protected":false},"excerpt":{"rendered":"<p>TemA, 3 Prill 2012 Inxhinieri q\u00eb konkurroi p\u00ebrball\u00eb Ramiz Alis\u00eb m\u00eb 31 mars 1991, duke e mundur at\u00eb n\u00eb zem\u00ebr t\u00eb zon\u00ebs ku u themelua PKSH, Franko Kroqi, n\u00eb nj\u00eb intervist\u00eb p\u00ebr gazet\u00ebn \u201cShqiptarja. com\u201d ka risjell\u00eb n\u00eb kujtes\u00eb at\u00eb koh\u00eb t\u00eb v\u00ebshtir\u00eb kur gjendej n\u00eb gar\u00eb p\u00ebrball\u00eb ish-udh\u00ebheq\u00ebsit t\u00eb fundit komunist. Ai thot\u00eb se [&hellip;]<\/p>\n","protected":false},"author":1,"featured_media":0,"comment_status":"open","ping_status":"closed","sticky":false,"template":"","format":"standard","meta":{"footnotes":""},"categories":[5],"tags":[],"class_list":{"0":"post-11760","1":"post","2":"type-post","3":"status-publish","4":"format-standard","6":"category-lajme"},"yoast_head":"<!-- This site is optimized with the Yoast SEO plugin v27.4 - https:\/\/yoast.com\/product\/yoast-seo-wordpress\/ -->\n<title>Kroqi: Munda Ramiz Alin\u00eb n\u00eb 1991, PD s\u2019donte humbjen e tij - FjALA e LIR\u00cb - Arkivi<\/title>\n<meta name=\"robots\" content=\"index, follow, max-snippet:-1, max-image-preview:large, max-video-preview:-1\" \/>\n<link rel=\"canonical\" href=\"https:\/\/fjala.info\/2009-2015\/kroqi-munda-ramiz-aline-ne-1991-pd-sdonte-humbjen-e-tij\/\" \/>\n<meta property=\"og:locale\" content=\"sq_AL\" \/>\n<meta property=\"og:type\" content=\"article\" \/>\n<meta property=\"og:title\" content=\"Kroqi: Munda Ramiz Alin\u00eb n\u00eb 1991, PD s\u2019donte humbjen e tij - FjALA e LIR\u00cb - Arkivi\" \/>\n<meta property=\"og:description\" content=\"TemA, 3 Prill 2012 Inxhinieri q\u00eb konkurroi p\u00ebrball\u00eb Ramiz Alis\u00eb m\u00eb 31 mars 1991, duke e mundur at\u00eb n\u00eb zem\u00ebr t\u00eb zon\u00ebs ku u themelua PKSH, Franko Kroqi, n\u00eb nj\u00eb intervist\u00eb p\u00ebr gazet\u00ebn \u201cShqiptarja. com\u201d ka risjell\u00eb n\u00eb kujtes\u00eb at\u00eb koh\u00eb t\u00eb v\u00ebshtir\u00eb kur gjendej n\u00eb gar\u00eb p\u00ebrball\u00eb ish-udh\u00ebheq\u00ebsit t\u00eb fundit komunist. Ai thot\u00eb se [&hellip;]\" \/>\n<meta property=\"og:url\" content=\"https:\/\/fjala.info\/2009-2015\/kroqi-munda-ramiz-aline-ne-1991-pd-sdonte-humbjen-e-tij\/\" \/>\n<meta property=\"og:site_name\" content=\"FjALA e LIR\u00cb - Arkivi\" \/>\n<meta property=\"article:published_time\" content=\"2012-04-03T09:37:37+00:00\" \/>\n<meta property=\"og:image\" content=\"http:\/\/www.shkoder.net\/2012\/franko_kroqi.jpg\" \/>\n<meta name=\"author\" content=\"admin\" \/>\n<meta name=\"twitter:card\" content=\"summary_large_image\" \/>\n<meta name=\"twitter:label1\" content=\"Written by\" \/>\n\t<meta name=\"twitter:data1\" content=\"admin\" \/>\n\t<meta name=\"twitter:label2\" content=\"Est. reading time\" \/>\n\t<meta name=\"twitter:data2\" content=\"1 minute\" \/>\n<script type=\"application\/ld+json\" class=\"yoast-schema-graph\">{\"@context\":\"https:\\\/\\\/schema.org\",\"@graph\":[{\"@type\":\"Article\",\"@id\":\"https:\\\/\\\/fjala.info\\\/2009-2015\\\/kroqi-munda-ramiz-aline-ne-1991-pd-sdonte-humbjen-e-tij\\\/#article\",\"isPartOf\":{\"@id\":\"https:\\\/\\\/fjala.info\\\/2009-2015\\\/kroqi-munda-ramiz-aline-ne-1991-pd-sdonte-humbjen-e-tij\\\/\"},\"author\":{\"name\":\"admin\",\"@id\":\"https:\\\/\\\/fjala.info\\\/2009-2015\\\/#\\\/schema\\\/person\\\/3aa1163ef05469c496fc94e77611ada2\"},\"headline\":\"Kroqi: Munda Ramiz Alin\u00eb n\u00eb 1991, PD s\u2019donte humbjen e tij\",\"datePublished\":\"2012-04-03T09:37:37+00:00\",\"mainEntityOfPage\":{\"@id\":\"https:\\\/\\\/fjala.info\\\/2009-2015\\\/kroqi-munda-ramiz-aline-ne-1991-pd-sdonte-humbjen-e-tij\\\/\"},\"wordCount\":260,\"commentCount\":0,\"publisher\":{\"@id\":\"https:\\\/\\\/fjala.info\\\/2009-2015\\\/#organization\"},\"image\":{\"@id\":\"https:\\\/\\\/fjala.info\\\/2009-2015\\\/kroqi-munda-ramiz-aline-ne-1991-pd-sdonte-humbjen-e-tij\\\/#primaryimage\"},\"thumbnailUrl\":\"http:\\\/\\\/www.shkoder.net\\\/2012\\\/franko_kroqi.jpg\",\"articleSection\":[\"Lajme\"],\"inLanguage\":\"sq-AL\",\"potentialAction\":[{\"@type\":\"CommentAction\",\"name\":\"Comment\",\"target\":[\"https:\\\/\\\/fjala.info\\\/2009-2015\\\/kroqi-munda-ramiz-aline-ne-1991-pd-sdonte-humbjen-e-tij\\\/#respond\"]}]},{\"@type\":\"WebPage\",\"@id\":\"https:\\\/\\\/fjala.info\\\/2009-2015\\\/kroqi-munda-ramiz-aline-ne-1991-pd-sdonte-humbjen-e-tij\\\/\",\"url\":\"https:\\\/\\\/fjala.info\\\/2009-2015\\\/kroqi-munda-ramiz-aline-ne-1991-pd-sdonte-humbjen-e-tij\\\/\",\"name\":\"Kroqi: Munda Ramiz Alin\u00eb n\u00eb 1991, PD s\u2019donte humbjen e tij - FjALA e LIR\u00cb - Arkivi\",\"isPartOf\":{\"@id\":\"https:\\\/\\\/fjala.info\\\/2009-2015\\\/#website\"},\"primaryImageOfPage\":{\"@id\":\"https:\\\/\\\/fjala.info\\\/2009-2015\\\/kroqi-munda-ramiz-aline-ne-1991-pd-sdonte-humbjen-e-tij\\\/#primaryimage\"},\"image\":{\"@id\":\"https:\\\/\\\/fjala.info\\\/2009-2015\\\/kroqi-munda-ramiz-aline-ne-1991-pd-sdonte-humbjen-e-tij\\\/#primaryimage\"},\"thumbnailUrl\":\"http:\\\/\\\/www.shkoder.net\\\/2012\\\/franko_kroqi.jpg\",\"datePublished\":\"2012-04-03T09:37:37+00:00\",\"breadcrumb\":{\"@id\":\"https:\\\/\\\/fjala.info\\\/2009-2015\\\/kroqi-munda-ramiz-aline-ne-1991-pd-sdonte-humbjen-e-tij\\\/#breadcrumb\"},\"inLanguage\":\"sq-AL\",\"potentialAction\":[{\"@type\":\"ReadAction\",\"target\":[\"https:\\\/\\\/fjala.info\\\/2009-2015\\\/kroqi-munda-ramiz-aline-ne-1991-pd-sdonte-humbjen-e-tij\\\/\"]}]},{\"@type\":\"ImageObject\",\"inLanguage\":\"sq-AL\",\"@id\":\"https:\\\/\\\/fjala.info\\\/2009-2015\\\/kroqi-munda-ramiz-aline-ne-1991-pd-sdonte-humbjen-e-tij\\\/#primaryimage\",\"url\":\"http:\\\/\\\/www.shkoder.net\\\/2012\\\/franko_kroqi.jpg\",\"contentUrl\":\"http:\\\/\\\/www.shkoder.net\\\/2012\\\/franko_kroqi.jpg\"},{\"@type\":\"BreadcrumbList\",\"@id\":\"https:\\\/\\\/fjala.info\\\/2009-2015\\\/kroqi-munda-ramiz-aline-ne-1991-pd-sdonte-humbjen-e-tij\\\/#breadcrumb\",\"itemListElement\":[{\"@type\":\"ListItem\",\"position\":1,\"name\":\"Home\",\"item\":\"https:\\\/\\\/fjala.info\\\/2009-2015\\\/\"},{\"@type\":\"ListItem\",\"position\":2,\"name\":\"Kroqi: Munda Ramiz Alin\u00eb n\u00eb 1991, PD s\u2019donte humbjen e tij\"}]},{\"@type\":\"WebSite\",\"@id\":\"https:\\\/\\\/fjala.info\\\/2009-2015\\\/#website\",\"url\":\"https:\\\/\\\/fjala.info\\\/2009-2015\\\/\",\"name\":\"FjALA e LIR\u00cb - Arkivi\",\"description\":\"Arkivi 2009-2015\",\"publisher\":{\"@id\":\"https:\\\/\\\/fjala.info\\\/2009-2015\\\/#organization\"},\"potentialAction\":[{\"@type\":\"SearchAction\",\"target\":{\"@type\":\"EntryPoint\",\"urlTemplate\":\"https:\\\/\\\/fjala.info\\\/2009-2015\\\/?s={search_term_string}\"},\"query-input\":{\"@type\":\"PropertyValueSpecification\",\"valueRequired\":true,\"valueName\":\"search_term_string\"}}],\"inLanguage\":\"sq-AL\"},{\"@type\":\"Organization\",\"@id\":\"https:\\\/\\\/fjala.info\\\/2009-2015\\\/#organization\",\"name\":\"FjALA e LIR\u00cb - Arkivi\",\"url\":\"https:\\\/\\\/fjala.info\\\/2009-2015\\\/\",\"logo\":{\"@type\":\"ImageObject\",\"inLanguage\":\"sq-AL\",\"@id\":\"https:\\\/\\\/fjala.info\\\/2009-2015\\\/#\\\/schema\\\/logo\\\/image\\\/\",\"url\":\"\",\"contentUrl\":\"\",\"caption\":\"FjALA e LIR\u00cb - Arkivi\"},\"image\":{\"@id\":\"https:\\\/\\\/fjala.info\\\/2009-2015\\\/#\\\/schema\\\/logo\\\/image\\\/\"}},{\"@type\":\"Person\",\"@id\":\"https:\\\/\\\/fjala.info\\\/2009-2015\\\/#\\\/schema\\\/person\\\/3aa1163ef05469c496fc94e77611ada2\",\"name\":\"admin\",\"image\":{\"@type\":\"ImageObject\",\"inLanguage\":\"sq-AL\",\"@id\":\"https:\\\/\\\/fjala.info\\\/2009-2015\\\/wp-content\\\/uploads\\\/2012\\\/02\\\/arben_cokaj-120x150.jpg\",\"url\":\"https:\\\/\\\/fjala.info\\\/2009-2015\\\/wp-content\\\/uploads\\\/2012\\\/02\\\/arben_cokaj-120x150.jpg\",\"contentUrl\":\"https:\\\/\\\/fjala.info\\\/2009-2015\\\/wp-content\\\/uploads\\\/2012\\\/02\\\/arben_cokaj-120x150.jpg\",\"caption\":\"admin\"},\"description\":\"Admin, Fjala e Lir\u00eb\",\"sameAs\":[\"https:\\\/\\\/fjala.info\\\/\"],\"url\":\"https:\\\/\\\/fjala.info\\\/2009-2015\\\/author\\\/admin\\\/\"}]}<\/script>\n<!-- \/ Yoast SEO plugin. -->","yoast_head_json":{"title":"Kroqi: Munda Ramiz Alin\u00eb n\u00eb 1991, PD s\u2019donte humbjen e tij - FjALA e LIR\u00cb - Arkivi","robots":{"index":"index","follow":"follow","max-snippet":"max-snippet:-1","max-image-preview":"max-image-preview:large","max-video-preview":"max-video-preview:-1"},"canonical":"https:\/\/fjala.info\/2009-2015\/kroqi-munda-ramiz-aline-ne-1991-pd-sdonte-humbjen-e-tij\/","og_locale":"sq_AL","og_type":"article","og_title":"Kroqi: Munda Ramiz Alin\u00eb n\u00eb 1991, PD s\u2019donte humbjen e tij - FjALA e LIR\u00cb - Arkivi","og_description":"TemA, 3 Prill 2012 Inxhinieri q\u00eb konkurroi p\u00ebrball\u00eb Ramiz Alis\u00eb m\u00eb 31 mars 1991, duke e mundur at\u00eb n\u00eb zem\u00ebr t\u00eb zon\u00ebs ku u themelua PKSH, Franko Kroqi, n\u00eb nj\u00eb intervist\u00eb p\u00ebr gazet\u00ebn \u201cShqiptarja. com\u201d ka risjell\u00eb n\u00eb kujtes\u00eb at\u00eb koh\u00eb t\u00eb v\u00ebshtir\u00eb kur gjendej n\u00eb gar\u00eb p\u00ebrball\u00eb ish-udh\u00ebheq\u00ebsit t\u00eb fundit komunist. Ai thot\u00eb se [&hellip;]","og_url":"https:\/\/fjala.info\/2009-2015\/kroqi-munda-ramiz-aline-ne-1991-pd-sdonte-humbjen-e-tij\/","og_site_name":"FjALA e LIR\u00cb - Arkivi","article_published_time":"2012-04-03T09:37:37+00:00","og_image":[{"url":"http:\/\/www.shkoder.net\/2012\/franko_kroqi.jpg","type":"","width":"","height":""}],"author":"admin","twitter_card":"summary_large_image","twitter_misc":{"Written by":"admin","Est. reading time":"1 minute"},"schema":{"@context":"https:\/\/schema.org","@graph":[{"@type":"Article","@id":"https:\/\/fjala.info\/2009-2015\/kroqi-munda-ramiz-aline-ne-1991-pd-sdonte-humbjen-e-tij\/#article","isPartOf":{"@id":"https:\/\/fjala.info\/2009-2015\/kroqi-munda-ramiz-aline-ne-1991-pd-sdonte-humbjen-e-tij\/"},"author":{"name":"admin","@id":"https:\/\/fjala.info\/2009-2015\/#\/schema\/person\/3aa1163ef05469c496fc94e77611ada2"},"headline":"Kroqi: Munda Ramiz Alin\u00eb n\u00eb 1991, PD s\u2019donte humbjen e tij","datePublished":"2012-04-03T09:37:37+00:00","mainEntityOfPage":{"@id":"https:\/\/fjala.info\/2009-2015\/kroqi-munda-ramiz-aline-ne-1991-pd-sdonte-humbjen-e-tij\/"},"wordCount":260,"commentCount":0,"publisher":{"@id":"https:\/\/fjala.info\/2009-2015\/#organization"},"image":{"@id":"https:\/\/fjala.info\/2009-2015\/kroqi-munda-ramiz-aline-ne-1991-pd-sdonte-humbjen-e-tij\/#primaryimage"},"thumbnailUrl":"http:\/\/www.shkoder.net\/2012\/franko_kroqi.jpg","articleSection":["Lajme"],"inLanguage":"sq-AL","potentialAction":[{"@type":"CommentAction","name":"Comment","target":["https:\/\/fjala.info\/2009-2015\/kroqi-munda-ramiz-aline-ne-1991-pd-sdonte-humbjen-e-tij\/#respond"]}]},{"@type":"WebPage","@id":"https:\/\/fjala.info\/2009-2015\/kroqi-munda-ramiz-aline-ne-1991-pd-sdonte-humbjen-e-tij\/","url":"https:\/\/fjala.info\/2009-2015\/kroqi-munda-ramiz-aline-ne-1991-pd-sdonte-humbjen-e-tij\/","name":"Kroqi: Munda Ramiz Alin\u00eb n\u00eb 1991, PD s\u2019donte humbjen e tij - FjALA e LIR\u00cb - Arkivi","isPartOf":{"@id":"https:\/\/fjala.info\/2009-2015\/#website"},"primaryImageOfPage":{"@id":"https:\/\/fjala.info\/2009-2015\/kroqi-munda-ramiz-aline-ne-1991-pd-sdonte-humbjen-e-tij\/#primaryimage"},"image":{"@id":"https:\/\/fjala.info\/2009-2015\/kroqi-munda-ramiz-aline-ne-1991-pd-sdonte-humbjen-e-tij\/#primaryimage"},"thumbnailUrl":"http:\/\/www.shkoder.net\/2012\/franko_kroqi.jpg","datePublished":"2012-04-03T09:37:37+00:00","breadcrumb":{"@id":"https:\/\/fjala.info\/2009-2015\/kroqi-munda-ramiz-aline-ne-1991-pd-sdonte-humbjen-e-tij\/#breadcrumb"},"inLanguage":"sq-AL","potentialAction":[{"@type":"ReadAction","target":["https:\/\/fjala.info\/2009-2015\/kroqi-munda-ramiz-aline-ne-1991-pd-sdonte-humbjen-e-tij\/"]}]},{"@type":"ImageObject","inLanguage":"sq-AL","@id":"https:\/\/fjala.info\/2009-2015\/kroqi-munda-ramiz-aline-ne-1991-pd-sdonte-humbjen-e-tij\/#primaryimage","url":"http:\/\/www.shkoder.net\/2012\/franko_kroqi.jpg","contentUrl":"http:\/\/www.shkoder.net\/2012\/franko_kroqi.jpg"},{"@type":"BreadcrumbList","@id":"https:\/\/fjala.info\/2009-2015\/kroqi-munda-ramiz-aline-ne-1991-pd-sdonte-humbjen-e-tij\/#breadcrumb","itemListElement":[{"@type":"ListItem","position":1,"name":"Home","item":"https:\/\/fjala.info\/2009-2015\/"},{"@type":"ListItem","position":2,"name":"Kroqi: Munda Ramiz Alin\u00eb n\u00eb 1991, PD s\u2019donte humbjen e tij"}]},{"@type":"WebSite","@id":"https:\/\/fjala.info\/2009-2015\/#website","url":"https:\/\/fjala.info\/2009-2015\/","name":"FjALA e LIR\u00cb - Arkivi","description":"Arkivi 2009-2015","publisher":{"@id":"https:\/\/fjala.info\/2009-2015\/#organization"},"potentialAction":[{"@type":"SearchAction","target":{"@type":"EntryPoint","urlTemplate":"https:\/\/fjala.info\/2009-2015\/?s={search_term_string}"},"query-input":{"@type":"PropertyValueSpecification","valueRequired":true,"valueName":"search_term_string"}}],"inLanguage":"sq-AL"},{"@type":"Organization","@id":"https:\/\/fjala.info\/2009-2015\/#organization","name":"FjALA e LIR\u00cb - Arkivi","url":"https:\/\/fjala.info\/2009-2015\/","logo":{"@type":"ImageObject","inLanguage":"sq-AL","@id":"https:\/\/fjala.info\/2009-2015\/#\/schema\/logo\/image\/","url":"","contentUrl":"","caption":"FjALA e LIR\u00cb - Arkivi"},"image":{"@id":"https:\/\/fjala.info\/2009-2015\/#\/schema\/logo\/image\/"}},{"@type":"Person","@id":"https:\/\/fjala.info\/2009-2015\/#\/schema\/person\/3aa1163ef05469c496fc94e77611ada2","name":"admin","image":{"@type":"ImageObject","inLanguage":"sq-AL","@id":"https:\/\/fjala.info\/2009-2015\/wp-content\/uploads\/2012\/02\/arben_cokaj-120x150.jpg","url":"https:\/\/fjala.info\/2009-2015\/wp-content\/uploads\/2012\/02\/arben_cokaj-120x150.jpg","contentUrl":"https:\/\/fjala.info\/2009-2015\/wp-content\/uploads\/2012\/02\/arben_cokaj-120x150.jpg","caption":"admin"},"description":"Admin, Fjala e Lir\u00eb","sameAs":["https:\/\/fjala.info\/"],"url":"https:\/\/fjala.info\/2009-2015\/author\/admin\/"}]}},"_links":{"self":[{"href":"https:\/\/fjala.info\/2009-2015\/wp-json\/wp\/v2\/posts\/11760","targetHints":{"allow":["GET"]}}],"collection":[{"href":"https:\/\/fjala.info\/2009-2015\/wp-json\/wp\/v2\/posts"}],"about":[{"href":"https:\/\/fjala.info\/2009-2015\/wp-json\/wp\/v2\/types\/post"}],"author":[{"embeddable":true,"href":"https:\/\/fjala.info\/2009-2015\/wp-json\/wp\/v2\/users\/1"}],"replies":[{"embeddable":true,"href":"https:\/\/fjala.info\/2009-2015\/wp-json\/wp\/v2\/comments?post=11760"}],"version-history":[{"count":0,"href":"https:\/\/fjala.info\/2009-2015\/wp-json\/wp\/v2\/posts\/11760\/revisions"}],"wp:attachment":[{"href":"https:\/\/fjala.info\/2009-2015\/wp-json\/wp\/v2\/media?parent=11760"}],"wp:term":[{"taxonomy":"category","embeddable":true,"href":"https:\/\/fjala.info\/2009-2015\/wp-json\/wp\/v2\/categories?post=11760"},{"taxonomy":"post_tag","embeddable":true,"href":"https:\/\/fjala.info\/2009-2015\/wp-json\/wp\/v2\/tags?post=11760"}],"curies":[{"name":"wp","href":"https:\/\/api.w.org\/{rel}","templated":true}]}}