{"id":11758,"date":"2012-04-01T09:06:11","date_gmt":"2012-04-01T08:06:11","guid":{"rendered":"http:\/\/fjala.shkoder.net\/?p=2369"},"modified":"2012-04-01T09:06:11","modified_gmt":"2012-04-01T08:06:11","slug":"gruaja-e-bashar-al-assad-diktator-nuk-eshte-im-shoq-por-une-ai-nuk-ka-zgjidhje-tjeter","status":"publish","type":"post","link":"https:\/\/fjala.info\/2009-2015\/gruaja-e-bashar-al-assad-diktator-nuk-eshte-im-shoq-por-une-ai-nuk-ka-zgjidhje-tjeter\/","title":{"rendered":"GRUAJA E BASHAR AL ASSAD: \u201cDIKTATOR NUK \u00cbSHT\u00cb IM SHOQ POR UN\u00cb, AI NUK KA ZGJIDHJE TJET\u00cbR\u201d"},"content":{"rendered":"<p><img decoding=\"async\" class=\"alignleft size-thumbnail wp-image-7236\" title=\"Asma al Assad\" src=\"http:\/\/www.shkoder.net\/2012\/asma_al_assad.jpg\" alt=\"\" width=\"300\" \/> Nga <strong>Sonila Beqiri<\/strong>, <em>20 mars 2012<\/em><\/p>\n<p>Bashk\u00ebshortja e presidentit sirian Bashar al Assad pohon se diktator nuk \u00ebsht\u00eb i shoqi por ajo vet\u00eb duke ndikuar mbi t\u00eb shoqin p\u00ebr t\u00eb mos u t\u00ebrhequr. K\u00ebto pohime jan\u00eb zbuluar nga shtypi britanik I cili vijon t\u00eb hedh\u00eb drit\u00eb mbi t\u00eb fshehtat e familjes presidenciale siriane. Ato vijojn\u00eb t\u00eb botojn\u00eb email-et e bashk\u00ebshortes s\u00eb presidentit, Asma al Assad, ku n\u00eb nj\u00ebrin prej tyre ajo i hap zemr\u00ebn nj\u00eb miku t\u00eb saj.<br \/>\n\u201cJam un\u00eb diktatorja e v\u00ebrtet\u00eb, ai nuk ka zgjedhje tjet\u00ebr\u201d, \u2013 shkruhet n\u00eb mesazhin q\u00eb Asma i ka d\u00ebrguar atij m\u00eb 14 dhjetor.<\/p>\n<p>Publikimi i k\u00ebtyre mesazheve d\u00ebrguar n\u00ebp\u00ebrmjet post\u00ebs elektronike zbardh realitetin e nj\u00eb familje n\u00eb pushtet n\u00eb nj\u00eb vend krejt\u00ebsisht t\u00eb izoluar ku duket se ligjin e b\u00ebn gruaja. Zonja e par\u00eb \u00ebsht\u00eb nj\u00eb figur\u00eb q\u00eb ka ngjallur mjaft diskutime edhe m\u00eb par\u00eb. Ajo ka lindur n\u00eb Lond\u00ebr nga nj\u00eb baba sirian, nd\u00ebrsa \u00ebsht\u00eb martuar n\u00eb vitin 2000 me presidentin Bashar, me t\u00eb cilin ka tre f\u00ebmij\u00eb.<\/p>\n<p>Por mediat britanike disa dit\u00eb m\u00eb par\u00eb kan\u00eb zbardhur edhe disa emaile q\u00eb presidenti siran shk\u00ebmbente me nj\u00eb fem\u00ebr misterioze.<\/p>\n","protected":false},"excerpt":{"rendered":"<p>Nga Sonila Beqiri, 20 mars 2012 Bashk\u00ebshortja e presidentit sirian Bashar al Assad pohon se diktator nuk \u00ebsht\u00eb i shoqi por ajo vet\u00eb duke ndikuar mbi t\u00eb shoqin p\u00ebr t\u00eb mos u t\u00ebrhequr. K\u00ebto pohime jan\u00eb zbuluar nga shtypi britanik I cili vijon t\u00eb hedh\u00eb drit\u00eb mbi t\u00eb fshehtat e familjes presidenciale siriane. Ato vijojn\u00eb [&hellip;]<\/p>\n","protected":false},"author":1,"featured_media":0,"comment_status":"open","ping_status":"closed","sticky":false,"template":"","format":"standard","meta":{"footnotes":""},"categories":[5],"tags":[],"class_list":{"0":"post-11758","1":"post","2":"type-post","3":"status-publish","4":"format-standard","6":"category-lajme"},"yoast_head":"<!-- This site is optimized with the Yoast SEO plugin v27.4 - https:\/\/yoast.com\/product\/yoast-seo-wordpress\/ -->\n<title>GRUAJA E BASHAR AL ASSAD: \u201cDIKTATOR NUK \u00cbSHT\u00cb IM SHOQ POR UN\u00cb, AI NUK KA ZGJIDHJE TJET\u00cbR\u201d - FjALA e LIR\u00cb - Arkivi<\/title>\n<meta name=\"robots\" content=\"index, follow, max-snippet:-1, max-image-preview:large, max-video-preview:-1\" \/>\n<link rel=\"canonical\" href=\"https:\/\/fjala.info\/2009-2015\/gruaja-e-bashar-al-assad-diktator-nuk-eshte-im-shoq-por-une-ai-nuk-ka-zgjidhje-tjeter\/\" \/>\n<meta property=\"og:locale\" content=\"sq_AL\" \/>\n<meta property=\"og:type\" content=\"article\" \/>\n<meta property=\"og:title\" content=\"GRUAJA E BASHAR AL ASSAD: \u201cDIKTATOR NUK \u00cbSHT\u00cb IM SHOQ POR UN\u00cb, AI NUK KA ZGJIDHJE TJET\u00cbR\u201d - FjALA e LIR\u00cb - Arkivi\" \/>\n<meta property=\"og:description\" content=\"Nga Sonila Beqiri, 20 mars 2012 Bashk\u00ebshortja e presidentit sirian Bashar al Assad pohon se diktator nuk \u00ebsht\u00eb i shoqi por ajo vet\u00eb duke ndikuar mbi t\u00eb shoqin p\u00ebr t\u00eb mos u t\u00ebrhequr. K\u00ebto pohime jan\u00eb zbuluar nga shtypi britanik I cili vijon t\u00eb hedh\u00eb drit\u00eb mbi t\u00eb fshehtat e familjes presidenciale siriane. Ato vijojn\u00eb [&hellip;]\" \/>\n<meta property=\"og:url\" content=\"https:\/\/fjala.info\/2009-2015\/gruaja-e-bashar-al-assad-diktator-nuk-eshte-im-shoq-por-une-ai-nuk-ka-zgjidhje-tjeter\/\" \/>\n<meta property=\"og:site_name\" content=\"FjALA e LIR\u00cb - Arkivi\" \/>\n<meta property=\"article:published_time\" content=\"2012-04-01T08:06:11+00:00\" \/>\n<meta property=\"og:image\" content=\"http:\/\/www.shkoder.net\/2012\/asma_al_assad.jpg\" \/>\n<meta name=\"author\" content=\"admin\" \/>\n<meta name=\"twitter:card\" content=\"summary_large_image\" \/>\n<meta name=\"twitter:label1\" content=\"Written by\" \/>\n\t<meta name=\"twitter:data1\" content=\"admin\" \/>\n\t<meta name=\"twitter:label2\" content=\"Est. reading time\" \/>\n\t<meta name=\"twitter:data2\" content=\"1 minute\" \/>\n<script type=\"application\/ld+json\" class=\"yoast-schema-graph\">{\"@context\":\"https:\\\/\\\/schema.org\",\"@graph\":[{\"@type\":\"Article\",\"@id\":\"https:\\\/\\\/fjala.info\\\/2009-2015\\\/gruaja-e-bashar-al-assad-diktator-nuk-eshte-im-shoq-por-une-ai-nuk-ka-zgjidhje-tjeter\\\/#article\",\"isPartOf\":{\"@id\":\"https:\\\/\\\/fjala.info\\\/2009-2015\\\/gruaja-e-bashar-al-assad-diktator-nuk-eshte-im-shoq-por-une-ai-nuk-ka-zgjidhje-tjeter\\\/\"},\"author\":{\"name\":\"admin\",\"@id\":\"https:\\\/\\\/fjala.info\\\/2009-2015\\\/#\\\/schema\\\/person\\\/3aa1163ef05469c496fc94e77611ada2\"},\"headline\":\"GRUAJA E BASHAR AL ASSAD: \u201cDIKTATOR NUK \u00cbSHT\u00cb IM SHOQ POR UN\u00cb, AI NUK KA ZGJIDHJE TJET\u00cbR\u201d\",\"datePublished\":\"2012-04-01T08:06:11+00:00\",\"mainEntityOfPage\":{\"@id\":\"https:\\\/\\\/fjala.info\\\/2009-2015\\\/gruaja-e-bashar-al-assad-diktator-nuk-eshte-im-shoq-por-une-ai-nuk-ka-zgjidhje-tjeter\\\/\"},\"wordCount\":222,\"commentCount\":0,\"publisher\":{\"@id\":\"https:\\\/\\\/fjala.info\\\/2009-2015\\\/#organization\"},\"image\":{\"@id\":\"https:\\\/\\\/fjala.info\\\/2009-2015\\\/gruaja-e-bashar-al-assad-diktator-nuk-eshte-im-shoq-por-une-ai-nuk-ka-zgjidhje-tjeter\\\/#primaryimage\"},\"thumbnailUrl\":\"http:\\\/\\\/www.shkoder.net\\\/2012\\\/asma_al_assad.jpg\",\"articleSection\":[\"Lajme\"],\"inLanguage\":\"sq-AL\",\"potentialAction\":[{\"@type\":\"CommentAction\",\"name\":\"Comment\",\"target\":[\"https:\\\/\\\/fjala.info\\\/2009-2015\\\/gruaja-e-bashar-al-assad-diktator-nuk-eshte-im-shoq-por-une-ai-nuk-ka-zgjidhje-tjeter\\\/#respond\"]}]},{\"@type\":\"WebPage\",\"@id\":\"https:\\\/\\\/fjala.info\\\/2009-2015\\\/gruaja-e-bashar-al-assad-diktator-nuk-eshte-im-shoq-por-une-ai-nuk-ka-zgjidhje-tjeter\\\/\",\"url\":\"https:\\\/\\\/fjala.info\\\/2009-2015\\\/gruaja-e-bashar-al-assad-diktator-nuk-eshte-im-shoq-por-une-ai-nuk-ka-zgjidhje-tjeter\\\/\",\"name\":\"GRUAJA E BASHAR AL ASSAD: \u201cDIKTATOR NUK \u00cbSHT\u00cb IM SHOQ POR UN\u00cb, AI NUK KA ZGJIDHJE TJET\u00cbR\u201d - FjALA e LIR\u00cb - Arkivi\",\"isPartOf\":{\"@id\":\"https:\\\/\\\/fjala.info\\\/2009-2015\\\/#website\"},\"primaryImageOfPage\":{\"@id\":\"https:\\\/\\\/fjala.info\\\/2009-2015\\\/gruaja-e-bashar-al-assad-diktator-nuk-eshte-im-shoq-por-une-ai-nuk-ka-zgjidhje-tjeter\\\/#primaryimage\"},\"image\":{\"@id\":\"https:\\\/\\\/fjala.info\\\/2009-2015\\\/gruaja-e-bashar-al-assad-diktator-nuk-eshte-im-shoq-por-une-ai-nuk-ka-zgjidhje-tjeter\\\/#primaryimage\"},\"thumbnailUrl\":\"http:\\\/\\\/www.shkoder.net\\\/2012\\\/asma_al_assad.jpg\",\"datePublished\":\"2012-04-01T08:06:11+00:00\",\"breadcrumb\":{\"@id\":\"https:\\\/\\\/fjala.info\\\/2009-2015\\\/gruaja-e-bashar-al-assad-diktator-nuk-eshte-im-shoq-por-une-ai-nuk-ka-zgjidhje-tjeter\\\/#breadcrumb\"},\"inLanguage\":\"sq-AL\",\"potentialAction\":[{\"@type\":\"ReadAction\",\"target\":[\"https:\\\/\\\/fjala.info\\\/2009-2015\\\/gruaja-e-bashar-al-assad-diktator-nuk-eshte-im-shoq-por-une-ai-nuk-ka-zgjidhje-tjeter\\\/\"]}]},{\"@type\":\"ImageObject\",\"inLanguage\":\"sq-AL\",\"@id\":\"https:\\\/\\\/fjala.info\\\/2009-2015\\\/gruaja-e-bashar-al-assad-diktator-nuk-eshte-im-shoq-por-une-ai-nuk-ka-zgjidhje-tjeter\\\/#primaryimage\",\"url\":\"http:\\\/\\\/www.shkoder.net\\\/2012\\\/asma_al_assad.jpg\",\"contentUrl\":\"http:\\\/\\\/www.shkoder.net\\\/2012\\\/asma_al_assad.jpg\"},{\"@type\":\"BreadcrumbList\",\"@id\":\"https:\\\/\\\/fjala.info\\\/2009-2015\\\/gruaja-e-bashar-al-assad-diktator-nuk-eshte-im-shoq-por-une-ai-nuk-ka-zgjidhje-tjeter\\\/#breadcrumb\",\"itemListElement\":[{\"@type\":\"ListItem\",\"position\":1,\"name\":\"Home\",\"item\":\"https:\\\/\\\/fjala.info\\\/2009-2015\\\/\"},{\"@type\":\"ListItem\",\"position\":2,\"name\":\"GRUAJA E BASHAR AL ASSAD: \u201cDIKTATOR NUK \u00cbSHT\u00cb IM SHOQ POR UN\u00cb, AI NUK KA ZGJIDHJE TJET\u00cbR\u201d\"}]},{\"@type\":\"WebSite\",\"@id\":\"https:\\\/\\\/fjala.info\\\/2009-2015\\\/#website\",\"url\":\"https:\\\/\\\/fjala.info\\\/2009-2015\\\/\",\"name\":\"FjALA e LIR\u00cb - Arkivi\",\"description\":\"Arkivi 2009-2015\",\"publisher\":{\"@id\":\"https:\\\/\\\/fjala.info\\\/2009-2015\\\/#organization\"},\"potentialAction\":[{\"@type\":\"SearchAction\",\"target\":{\"@type\":\"EntryPoint\",\"urlTemplate\":\"https:\\\/\\\/fjala.info\\\/2009-2015\\\/?s={search_term_string}\"},\"query-input\":{\"@type\":\"PropertyValueSpecification\",\"valueRequired\":true,\"valueName\":\"search_term_string\"}}],\"inLanguage\":\"sq-AL\"},{\"@type\":\"Organization\",\"@id\":\"https:\\\/\\\/fjala.info\\\/2009-2015\\\/#organization\",\"name\":\"FjALA e LIR\u00cb - Arkivi\",\"url\":\"https:\\\/\\\/fjala.info\\\/2009-2015\\\/\",\"logo\":{\"@type\":\"ImageObject\",\"inLanguage\":\"sq-AL\",\"@id\":\"https:\\\/\\\/fjala.info\\\/2009-2015\\\/#\\\/schema\\\/logo\\\/image\\\/\",\"url\":\"\",\"contentUrl\":\"\",\"caption\":\"FjALA e LIR\u00cb - Arkivi\"},\"image\":{\"@id\":\"https:\\\/\\\/fjala.info\\\/2009-2015\\\/#\\\/schema\\\/logo\\\/image\\\/\"}},{\"@type\":\"Person\",\"@id\":\"https:\\\/\\\/fjala.info\\\/2009-2015\\\/#\\\/schema\\\/person\\\/3aa1163ef05469c496fc94e77611ada2\",\"name\":\"admin\",\"image\":{\"@type\":\"ImageObject\",\"inLanguage\":\"sq-AL\",\"@id\":\"https:\\\/\\\/fjala.info\\\/2009-2015\\\/wp-content\\\/uploads\\\/2012\\\/02\\\/arben_cokaj-120x150.jpg\",\"url\":\"https:\\\/\\\/fjala.info\\\/2009-2015\\\/wp-content\\\/uploads\\\/2012\\\/02\\\/arben_cokaj-120x150.jpg\",\"contentUrl\":\"https:\\\/\\\/fjala.info\\\/2009-2015\\\/wp-content\\\/uploads\\\/2012\\\/02\\\/arben_cokaj-120x150.jpg\",\"caption\":\"admin\"},\"description\":\"Admin, Fjala e Lir\u00eb\",\"sameAs\":[\"https:\\\/\\\/fjala.info\\\/\"],\"url\":\"https:\\\/\\\/fjala.info\\\/2009-2015\\\/author\\\/admin\\\/\"}]}<\/script>\n<!-- \/ Yoast SEO plugin. -->","yoast_head_json":{"title":"GRUAJA E BASHAR AL ASSAD: \u201cDIKTATOR NUK \u00cbSHT\u00cb IM SHOQ POR UN\u00cb, AI NUK KA ZGJIDHJE TJET\u00cbR\u201d - FjALA e LIR\u00cb - Arkivi","robots":{"index":"index","follow":"follow","max-snippet":"max-snippet:-1","max-image-preview":"max-image-preview:large","max-video-preview":"max-video-preview:-1"},"canonical":"https:\/\/fjala.info\/2009-2015\/gruaja-e-bashar-al-assad-diktator-nuk-eshte-im-shoq-por-une-ai-nuk-ka-zgjidhje-tjeter\/","og_locale":"sq_AL","og_type":"article","og_title":"GRUAJA E BASHAR AL ASSAD: \u201cDIKTATOR NUK \u00cbSHT\u00cb IM SHOQ POR UN\u00cb, AI NUK KA ZGJIDHJE TJET\u00cbR\u201d - FjALA e LIR\u00cb - Arkivi","og_description":"Nga Sonila Beqiri, 20 mars 2012 Bashk\u00ebshortja e presidentit sirian Bashar al Assad pohon se diktator nuk \u00ebsht\u00eb i shoqi por ajo vet\u00eb duke ndikuar mbi t\u00eb shoqin p\u00ebr t\u00eb mos u t\u00ebrhequr. K\u00ebto pohime jan\u00eb zbuluar nga shtypi britanik I cili vijon t\u00eb hedh\u00eb drit\u00eb mbi t\u00eb fshehtat e familjes presidenciale siriane. Ato vijojn\u00eb [&hellip;]","og_url":"https:\/\/fjala.info\/2009-2015\/gruaja-e-bashar-al-assad-diktator-nuk-eshte-im-shoq-por-une-ai-nuk-ka-zgjidhje-tjeter\/","og_site_name":"FjALA e LIR\u00cb - Arkivi","article_published_time":"2012-04-01T08:06:11+00:00","og_image":[{"url":"http:\/\/www.shkoder.net\/2012\/asma_al_assad.jpg","type":"","width":"","height":""}],"author":"admin","twitter_card":"summary_large_image","twitter_misc":{"Written by":"admin","Est. reading time":"1 minute"},"schema":{"@context":"https:\/\/schema.org","@graph":[{"@type":"Article","@id":"https:\/\/fjala.info\/2009-2015\/gruaja-e-bashar-al-assad-diktator-nuk-eshte-im-shoq-por-une-ai-nuk-ka-zgjidhje-tjeter\/#article","isPartOf":{"@id":"https:\/\/fjala.info\/2009-2015\/gruaja-e-bashar-al-assad-diktator-nuk-eshte-im-shoq-por-une-ai-nuk-ka-zgjidhje-tjeter\/"},"author":{"name":"admin","@id":"https:\/\/fjala.info\/2009-2015\/#\/schema\/person\/3aa1163ef05469c496fc94e77611ada2"},"headline":"GRUAJA E BASHAR AL ASSAD: \u201cDIKTATOR NUK \u00cbSHT\u00cb IM SHOQ POR UN\u00cb, AI NUK KA ZGJIDHJE TJET\u00cbR\u201d","datePublished":"2012-04-01T08:06:11+00:00","mainEntityOfPage":{"@id":"https:\/\/fjala.info\/2009-2015\/gruaja-e-bashar-al-assad-diktator-nuk-eshte-im-shoq-por-une-ai-nuk-ka-zgjidhje-tjeter\/"},"wordCount":222,"commentCount":0,"publisher":{"@id":"https:\/\/fjala.info\/2009-2015\/#organization"},"image":{"@id":"https:\/\/fjala.info\/2009-2015\/gruaja-e-bashar-al-assad-diktator-nuk-eshte-im-shoq-por-une-ai-nuk-ka-zgjidhje-tjeter\/#primaryimage"},"thumbnailUrl":"http:\/\/www.shkoder.net\/2012\/asma_al_assad.jpg","articleSection":["Lajme"],"inLanguage":"sq-AL","potentialAction":[{"@type":"CommentAction","name":"Comment","target":["https:\/\/fjala.info\/2009-2015\/gruaja-e-bashar-al-assad-diktator-nuk-eshte-im-shoq-por-une-ai-nuk-ka-zgjidhje-tjeter\/#respond"]}]},{"@type":"WebPage","@id":"https:\/\/fjala.info\/2009-2015\/gruaja-e-bashar-al-assad-diktator-nuk-eshte-im-shoq-por-une-ai-nuk-ka-zgjidhje-tjeter\/","url":"https:\/\/fjala.info\/2009-2015\/gruaja-e-bashar-al-assad-diktator-nuk-eshte-im-shoq-por-une-ai-nuk-ka-zgjidhje-tjeter\/","name":"GRUAJA E BASHAR AL ASSAD: \u201cDIKTATOR NUK \u00cbSHT\u00cb IM SHOQ POR UN\u00cb, AI NUK KA ZGJIDHJE TJET\u00cbR\u201d - FjALA e LIR\u00cb - Arkivi","isPartOf":{"@id":"https:\/\/fjala.info\/2009-2015\/#website"},"primaryImageOfPage":{"@id":"https:\/\/fjala.info\/2009-2015\/gruaja-e-bashar-al-assad-diktator-nuk-eshte-im-shoq-por-une-ai-nuk-ka-zgjidhje-tjeter\/#primaryimage"},"image":{"@id":"https:\/\/fjala.info\/2009-2015\/gruaja-e-bashar-al-assad-diktator-nuk-eshte-im-shoq-por-une-ai-nuk-ka-zgjidhje-tjeter\/#primaryimage"},"thumbnailUrl":"http:\/\/www.shkoder.net\/2012\/asma_al_assad.jpg","datePublished":"2012-04-01T08:06:11+00:00","breadcrumb":{"@id":"https:\/\/fjala.info\/2009-2015\/gruaja-e-bashar-al-assad-diktator-nuk-eshte-im-shoq-por-une-ai-nuk-ka-zgjidhje-tjeter\/#breadcrumb"},"inLanguage":"sq-AL","potentialAction":[{"@type":"ReadAction","target":["https:\/\/fjala.info\/2009-2015\/gruaja-e-bashar-al-assad-diktator-nuk-eshte-im-shoq-por-une-ai-nuk-ka-zgjidhje-tjeter\/"]}]},{"@type":"ImageObject","inLanguage":"sq-AL","@id":"https:\/\/fjala.info\/2009-2015\/gruaja-e-bashar-al-assad-diktator-nuk-eshte-im-shoq-por-une-ai-nuk-ka-zgjidhje-tjeter\/#primaryimage","url":"http:\/\/www.shkoder.net\/2012\/asma_al_assad.jpg","contentUrl":"http:\/\/www.shkoder.net\/2012\/asma_al_assad.jpg"},{"@type":"BreadcrumbList","@id":"https:\/\/fjala.info\/2009-2015\/gruaja-e-bashar-al-assad-diktator-nuk-eshte-im-shoq-por-une-ai-nuk-ka-zgjidhje-tjeter\/#breadcrumb","itemListElement":[{"@type":"ListItem","position":1,"name":"Home","item":"https:\/\/fjala.info\/2009-2015\/"},{"@type":"ListItem","position":2,"name":"GRUAJA E BASHAR AL ASSAD: \u201cDIKTATOR NUK \u00cbSHT\u00cb IM SHOQ POR UN\u00cb, AI NUK KA ZGJIDHJE TJET\u00cbR\u201d"}]},{"@type":"WebSite","@id":"https:\/\/fjala.info\/2009-2015\/#website","url":"https:\/\/fjala.info\/2009-2015\/","name":"FjALA e LIR\u00cb - Arkivi","description":"Arkivi 2009-2015","publisher":{"@id":"https:\/\/fjala.info\/2009-2015\/#organization"},"potentialAction":[{"@type":"SearchAction","target":{"@type":"EntryPoint","urlTemplate":"https:\/\/fjala.info\/2009-2015\/?s={search_term_string}"},"query-input":{"@type":"PropertyValueSpecification","valueRequired":true,"valueName":"search_term_string"}}],"inLanguage":"sq-AL"},{"@type":"Organization","@id":"https:\/\/fjala.info\/2009-2015\/#organization","name":"FjALA e LIR\u00cb - Arkivi","url":"https:\/\/fjala.info\/2009-2015\/","logo":{"@type":"ImageObject","inLanguage":"sq-AL","@id":"https:\/\/fjala.info\/2009-2015\/#\/schema\/logo\/image\/","url":"","contentUrl":"","caption":"FjALA e LIR\u00cb - Arkivi"},"image":{"@id":"https:\/\/fjala.info\/2009-2015\/#\/schema\/logo\/image\/"}},{"@type":"Person","@id":"https:\/\/fjala.info\/2009-2015\/#\/schema\/person\/3aa1163ef05469c496fc94e77611ada2","name":"admin","image":{"@type":"ImageObject","inLanguage":"sq-AL","@id":"https:\/\/fjala.info\/2009-2015\/wp-content\/uploads\/2012\/02\/arben_cokaj-120x150.jpg","url":"https:\/\/fjala.info\/2009-2015\/wp-content\/uploads\/2012\/02\/arben_cokaj-120x150.jpg","contentUrl":"https:\/\/fjala.info\/2009-2015\/wp-content\/uploads\/2012\/02\/arben_cokaj-120x150.jpg","caption":"admin"},"description":"Admin, Fjala e Lir\u00eb","sameAs":["https:\/\/fjala.info\/"],"url":"https:\/\/fjala.info\/2009-2015\/author\/admin\/"}]}},"_links":{"self":[{"href":"https:\/\/fjala.info\/2009-2015\/wp-json\/wp\/v2\/posts\/11758","targetHints":{"allow":["GET"]}}],"collection":[{"href":"https:\/\/fjala.info\/2009-2015\/wp-json\/wp\/v2\/posts"}],"about":[{"href":"https:\/\/fjala.info\/2009-2015\/wp-json\/wp\/v2\/types\/post"}],"author":[{"embeddable":true,"href":"https:\/\/fjala.info\/2009-2015\/wp-json\/wp\/v2\/users\/1"}],"replies":[{"embeddable":true,"href":"https:\/\/fjala.info\/2009-2015\/wp-json\/wp\/v2\/comments?post=11758"}],"version-history":[{"count":0,"href":"https:\/\/fjala.info\/2009-2015\/wp-json\/wp\/v2\/posts\/11758\/revisions"}],"wp:attachment":[{"href":"https:\/\/fjala.info\/2009-2015\/wp-json\/wp\/v2\/media?parent=11758"}],"wp:term":[{"taxonomy":"category","embeddable":true,"href":"https:\/\/fjala.info\/2009-2015\/wp-json\/wp\/v2\/categories?post=11758"},{"taxonomy":"post_tag","embeddable":true,"href":"https:\/\/fjala.info\/2009-2015\/wp-json\/wp\/v2\/tags?post=11758"}],"curies":[{"name":"wp","href":"https:\/\/api.w.org\/{rel}","templated":true}]}}