{"id":11756,"date":"2012-04-02T23:24:04","date_gmt":"2012-04-02T22:24:04","guid":{"rendered":"http:\/\/fjala.shkoder.net\/?p=2318"},"modified":"2012-04-02T23:24:04","modified_gmt":"2012-04-02T22:24:04","slug":"pandi-majko-ben-buje-me-nje-artikull-ne-shtypin-grek","status":"publish","type":"post","link":"https:\/\/fjala.info\/2009-2015\/pandi-majko-ben-buje-me-nje-artikull-ne-shtypin-grek\/","title":{"rendered":"Pandi Majko b\u00ebn buj\u00eb me nj\u00eb artikull n\u00eb shtypin grek"},"content":{"rendered":"<p><img decoding=\"async\" class=\"alignleft size-thumbnail wp-image-7236\" title=\"Pandeli Majko\" src=\"http:\/\/www.shkoder.net\/2012\/pandeli_majko.jpg\" alt=\"\" width=\"300\" \/> <strong>ResPublica<\/strong>, <em>1 prill 2012<\/em><\/p>\n<p>Dhjet\u00ebra faqe interneti dhe blogje t\u00eb ndryshme greke kan\u00eb ripublikuar artikullin e ish-kryeministrit shqiptar Pandeli Majko q\u00eb p\u00ebrb\u00ebnte editorialin e faqes s\u00eb par\u00eb t\u00eb gazet\u00ebs elektronike politike \u201cMetarithmisi\u201d n\u00eb numrin e saj t\u00eb djesh\u00ebm. Shkrimi i Majkos, i pari ekskluzivisht p\u00ebr shtypin grek, \u00ebsht\u00eb nj\u00eb p\u00ebrgjigje dhe nj\u00eb replik\u00eb ndaj artikullit t\u00eb ish-ambasadorit grek n\u00eb Shqip\u00ebri dhe k\u00ebshilltarit Aleksandros Malias p\u00ebr \u00e7\u00ebshtjet ballkanike n\u00eb 2005 pran\u00eb ministres s\u00eb jashtme Bakojanis, t\u00eb botuar n\u00eb t\u00eb nj\u00ebjt\u00ebn gazet\u00eb, rreth nj\u00eb muaj m\u00eb par\u00eb me titull \u201cGreqia dhe shqiptar\u00ebt, fqinj\u00ebt e saj\u201d.<\/p>\n<p>Majko q\u00eb titullon analiz\u00ebn e tij me pyetjen retorike latine &#8220;Shqip\u00ebria dhe Greqia quo vadis?\u201d p\u00ebr t\u00eb kuptuar tashm\u00eb \u00e7dokush se \u00e7far\u00eb ndodh n\u00eb realitet mes Greqis\u00eb dhe Shqip\u00ebris\u00eb, bie dakord n\u00eb faktin q\u00eb thekson edhe diplomati grek se marr\u00ebdh\u00ebniet politike midis dy vendeve jane n\u00eb nj\u00eb gjendje statike dhe amullie, madje i konsideron ato se kan\u00eb arritur n\u00eb nj\u00eb pik\u00eb t\u00eb vdekur.<\/p>\n<p>Gjithashtu ai nuk kund\u00ebrshton edhe faktin se q\u00ebndrimet e politikan\u00ebve grek\u00eb dhe shqiptar\u00eb n\u00eb marr\u00ebdh\u00ebniet dypal\u00ebshe kan\u00eb qen\u00eb t\u00eb karakterizuara n\u00eb shumic\u00ebn e rasteve nga dyshimi, pasiguria, kameleonizmi madje dhe arroganca.<\/p>\n<p>Por rr\u00ebnimi ekonomik i Greqis\u00eb, krijimi i shtetit t\u00eb dyt\u00eb shqiptar n\u00eb rajon, Kosov\u00ebs, an\u00ebtar\u00ebsimi i Shqip\u00ebris\u00eb n\u00eb NATO, \u00e7\u00ebshtja pezull e emrit t\u00eb Maqedonis\u00eb, fuqizimi i Kroacis\u00eb, roli i Serbis\u00eb dhe &#8220;zbarkimi&#8221; ekonomik i Turqis\u00eb krijon sipas Majkos nj\u00eb realitet krejt tjet\u00ebr gjeopolitik n\u00eb Ballkan dhe nevoj\u00ebn e nj\u00eb diplomacie konkrete.<\/p>\n<p>Ish-kryeministri i Shqip\u00ebris\u00eb thekson se faktori shqiptar \u00ebsht\u00eb tashm\u00eb nj\u00eb nga m\u00eb t\u00eb r\u00ebnd\u00ebsishmit n\u00eb rajon, k\u00ebshtu q\u00eb vonesa e njohjes s\u00eb pavaresis\u00eb s\u00eb Kosov\u00ebs nga Athina si dhe q\u00ebndrimi i ngurt\u00eb me Shkupin p\u00ebr emrin duke m\u00ebnjanuar shqiptar\u00ebt si aktor\u00eb t\u00eb \u00e7\u00ebshtjes, ve\u00e7ohen si gabime politike t\u00eb Athin\u00ebs, e cila duhet t\u00eb modernizoj\u00eb sa m\u00eb shpejt politikat e saj t\u00eb jashtme q\u00eb jan\u00eb kaq anakronik\u00eb p\u00ebrsa u p\u00ebrket fqinj\u00ebve.<\/p>\n<p>Me shqiptar\u00ebt nuk duhet folur me gjuh\u00ebn e \u201csirenave\u201d, shkruan Majko q\u00eb shprehet se \u201cmaqedonizimi\u201d i marr\u00ebdh\u00ebnies s\u00eb Greqis\u00eb me Shqip\u00ebrin\u00eb nuk mund t\u00eb jet\u00eb zgjidhja e s\u00eb ardhmes s\u00eb marr\u00ebdh\u00ebnieve dypal\u00ebshe mes Athin\u00ebs dhe Tiran\u00ebs.<\/p>\n<p>\u201cNe duam apo nuk duam, i duhemi nj\u00ebri-tjetrit m\u00eb shum\u00eb se sa e kund\u00ebrta sepse v\u00ebrtet grek\u00ebt jan\u00eb kombi q\u00eb lindi \u201cpolitik\u00ebn\u201d, por edhe shqiptar\u00ebt jan\u00eb fqinj\u00ebt e tyre m\u00eb t\u00eb vjet\u00ebr\u201d, p\u00ebrfundon Majko.<\/p>\n<p><em>Marr\u00eb nga Top-channel<\/em><\/p>\n","protected":false},"excerpt":{"rendered":"<p>ResPublica, 1 prill 2012 Dhjet\u00ebra faqe interneti dhe blogje t\u00eb ndryshme greke kan\u00eb ripublikuar artikullin e ish-kryeministrit shqiptar Pandeli Majko q\u00eb p\u00ebrb\u00ebnte editorialin e faqes s\u00eb par\u00eb t\u00eb gazet\u00ebs elektronike politike \u201cMetarithmisi\u201d n\u00eb numrin e saj t\u00eb djesh\u00ebm. Shkrimi i Majkos, i pari ekskluzivisht p\u00ebr shtypin grek, \u00ebsht\u00eb nj\u00eb p\u00ebrgjigje dhe nj\u00eb replik\u00eb ndaj artikullit [&hellip;]<\/p>\n","protected":false},"author":1,"featured_media":0,"comment_status":"open","ping_status":"closed","sticky":false,"template":"","format":"standard","meta":{"footnotes":""},"categories":[2,5],"tags":[],"class_list":{"0":"post-11756","1":"post","2":"type-post","3":"status-publish","4":"format-standard","6":"category-artikuj","7":"category-lajme"},"yoast_head":"<!-- This site is optimized with the Yoast SEO plugin v27.4 - https:\/\/yoast.com\/product\/yoast-seo-wordpress\/ -->\n<title>Pandi Majko b\u00ebn buj\u00eb me nj\u00eb artikull n\u00eb shtypin grek - FjALA e LIR\u00cb - Arkivi<\/title>\n<meta name=\"robots\" content=\"index, follow, max-snippet:-1, max-image-preview:large, max-video-preview:-1\" \/>\n<link rel=\"canonical\" href=\"https:\/\/fjala.info\/2009-2015\/pandi-majko-ben-buje-me-nje-artikull-ne-shtypin-grek\/\" \/>\n<meta property=\"og:locale\" content=\"sq_AL\" \/>\n<meta property=\"og:type\" content=\"article\" \/>\n<meta property=\"og:title\" content=\"Pandi Majko b\u00ebn buj\u00eb me nj\u00eb artikull n\u00eb shtypin grek - FjALA e LIR\u00cb - Arkivi\" \/>\n<meta property=\"og:description\" content=\"ResPublica, 1 prill 2012 Dhjet\u00ebra faqe interneti dhe blogje t\u00eb ndryshme greke kan\u00eb ripublikuar artikullin e ish-kryeministrit shqiptar Pandeli Majko q\u00eb p\u00ebrb\u00ebnte editorialin e faqes s\u00eb par\u00eb t\u00eb gazet\u00ebs elektronike politike \u201cMetarithmisi\u201d n\u00eb numrin e saj t\u00eb djesh\u00ebm. Shkrimi i Majkos, i pari ekskluzivisht p\u00ebr shtypin grek, \u00ebsht\u00eb nj\u00eb p\u00ebrgjigje dhe nj\u00eb replik\u00eb ndaj artikullit [&hellip;]\" \/>\n<meta property=\"og:url\" content=\"https:\/\/fjala.info\/2009-2015\/pandi-majko-ben-buje-me-nje-artikull-ne-shtypin-grek\/\" \/>\n<meta property=\"og:site_name\" content=\"FjALA e LIR\u00cb - Arkivi\" \/>\n<meta property=\"article:published_time\" content=\"2012-04-02T22:24:04+00:00\" \/>\n<meta property=\"og:image\" content=\"http:\/\/www.shkoder.net\/2012\/pandeli_majko.jpg\" \/>\n<meta name=\"author\" content=\"admin\" \/>\n<meta name=\"twitter:card\" content=\"summary_large_image\" \/>\n<meta name=\"twitter:label1\" content=\"Written by\" \/>\n\t<meta name=\"twitter:data1\" content=\"admin\" \/>\n\t<meta name=\"twitter:label2\" content=\"Est. reading time\" \/>\n\t<meta name=\"twitter:data2\" content=\"2 minutes\" \/>\n<script type=\"application\/ld+json\" class=\"yoast-schema-graph\">{\"@context\":\"https:\\\/\\\/schema.org\",\"@graph\":[{\"@type\":\"Article\",\"@id\":\"https:\\\/\\\/fjala.info\\\/2009-2015\\\/pandi-majko-ben-buje-me-nje-artikull-ne-shtypin-grek\\\/#article\",\"isPartOf\":{\"@id\":\"https:\\\/\\\/fjala.info\\\/2009-2015\\\/pandi-majko-ben-buje-me-nje-artikull-ne-shtypin-grek\\\/\"},\"author\":{\"name\":\"admin\",\"@id\":\"https:\\\/\\\/fjala.info\\\/2009-2015\\\/#\\\/schema\\\/person\\\/3aa1163ef05469c496fc94e77611ada2\"},\"headline\":\"Pandi Majko b\u00ebn buj\u00eb me nj\u00eb artikull n\u00eb shtypin grek\",\"datePublished\":\"2012-04-02T22:24:04+00:00\",\"mainEntityOfPage\":{\"@id\":\"https:\\\/\\\/fjala.info\\\/2009-2015\\\/pandi-majko-ben-buje-me-nje-artikull-ne-shtypin-grek\\\/\"},\"wordCount\":457,\"commentCount\":0,\"publisher\":{\"@id\":\"https:\\\/\\\/fjala.info\\\/2009-2015\\\/#organization\"},\"image\":{\"@id\":\"https:\\\/\\\/fjala.info\\\/2009-2015\\\/pandi-majko-ben-buje-me-nje-artikull-ne-shtypin-grek\\\/#primaryimage\"},\"thumbnailUrl\":\"http:\\\/\\\/www.shkoder.net\\\/2012\\\/pandeli_majko.jpg\",\"articleSection\":[\"Artikuj\",\"Lajme\"],\"inLanguage\":\"sq-AL\",\"potentialAction\":[{\"@type\":\"CommentAction\",\"name\":\"Comment\",\"target\":[\"https:\\\/\\\/fjala.info\\\/2009-2015\\\/pandi-majko-ben-buje-me-nje-artikull-ne-shtypin-grek\\\/#respond\"]}]},{\"@type\":\"WebPage\",\"@id\":\"https:\\\/\\\/fjala.info\\\/2009-2015\\\/pandi-majko-ben-buje-me-nje-artikull-ne-shtypin-grek\\\/\",\"url\":\"https:\\\/\\\/fjala.info\\\/2009-2015\\\/pandi-majko-ben-buje-me-nje-artikull-ne-shtypin-grek\\\/\",\"name\":\"Pandi Majko b\u00ebn buj\u00eb me nj\u00eb artikull n\u00eb shtypin grek - FjALA e LIR\u00cb - Arkivi\",\"isPartOf\":{\"@id\":\"https:\\\/\\\/fjala.info\\\/2009-2015\\\/#website\"},\"primaryImageOfPage\":{\"@id\":\"https:\\\/\\\/fjala.info\\\/2009-2015\\\/pandi-majko-ben-buje-me-nje-artikull-ne-shtypin-grek\\\/#primaryimage\"},\"image\":{\"@id\":\"https:\\\/\\\/fjala.info\\\/2009-2015\\\/pandi-majko-ben-buje-me-nje-artikull-ne-shtypin-grek\\\/#primaryimage\"},\"thumbnailUrl\":\"http:\\\/\\\/www.shkoder.net\\\/2012\\\/pandeli_majko.jpg\",\"datePublished\":\"2012-04-02T22:24:04+00:00\",\"breadcrumb\":{\"@id\":\"https:\\\/\\\/fjala.info\\\/2009-2015\\\/pandi-majko-ben-buje-me-nje-artikull-ne-shtypin-grek\\\/#breadcrumb\"},\"inLanguage\":\"sq-AL\",\"potentialAction\":[{\"@type\":\"ReadAction\",\"target\":[\"https:\\\/\\\/fjala.info\\\/2009-2015\\\/pandi-majko-ben-buje-me-nje-artikull-ne-shtypin-grek\\\/\"]}]},{\"@type\":\"ImageObject\",\"inLanguage\":\"sq-AL\",\"@id\":\"https:\\\/\\\/fjala.info\\\/2009-2015\\\/pandi-majko-ben-buje-me-nje-artikull-ne-shtypin-grek\\\/#primaryimage\",\"url\":\"http:\\\/\\\/www.shkoder.net\\\/2012\\\/pandeli_majko.jpg\",\"contentUrl\":\"http:\\\/\\\/www.shkoder.net\\\/2012\\\/pandeli_majko.jpg\"},{\"@type\":\"BreadcrumbList\",\"@id\":\"https:\\\/\\\/fjala.info\\\/2009-2015\\\/pandi-majko-ben-buje-me-nje-artikull-ne-shtypin-grek\\\/#breadcrumb\",\"itemListElement\":[{\"@type\":\"ListItem\",\"position\":1,\"name\":\"Home\",\"item\":\"https:\\\/\\\/fjala.info\\\/2009-2015\\\/\"},{\"@type\":\"ListItem\",\"position\":2,\"name\":\"Pandi Majko b\u00ebn buj\u00eb me nj\u00eb artikull n\u00eb shtypin grek\"}]},{\"@type\":\"WebSite\",\"@id\":\"https:\\\/\\\/fjala.info\\\/2009-2015\\\/#website\",\"url\":\"https:\\\/\\\/fjala.info\\\/2009-2015\\\/\",\"name\":\"FjALA e LIR\u00cb - Arkivi\",\"description\":\"Arkivi 2009-2015\",\"publisher\":{\"@id\":\"https:\\\/\\\/fjala.info\\\/2009-2015\\\/#organization\"},\"potentialAction\":[{\"@type\":\"SearchAction\",\"target\":{\"@type\":\"EntryPoint\",\"urlTemplate\":\"https:\\\/\\\/fjala.info\\\/2009-2015\\\/?s={search_term_string}\"},\"query-input\":{\"@type\":\"PropertyValueSpecification\",\"valueRequired\":true,\"valueName\":\"search_term_string\"}}],\"inLanguage\":\"sq-AL\"},{\"@type\":\"Organization\",\"@id\":\"https:\\\/\\\/fjala.info\\\/2009-2015\\\/#organization\",\"name\":\"FjALA e LIR\u00cb - Arkivi\",\"url\":\"https:\\\/\\\/fjala.info\\\/2009-2015\\\/\",\"logo\":{\"@type\":\"ImageObject\",\"inLanguage\":\"sq-AL\",\"@id\":\"https:\\\/\\\/fjala.info\\\/2009-2015\\\/#\\\/schema\\\/logo\\\/image\\\/\",\"url\":\"\",\"contentUrl\":\"\",\"caption\":\"FjALA e LIR\u00cb - Arkivi\"},\"image\":{\"@id\":\"https:\\\/\\\/fjala.info\\\/2009-2015\\\/#\\\/schema\\\/logo\\\/image\\\/\"}},{\"@type\":\"Person\",\"@id\":\"https:\\\/\\\/fjala.info\\\/2009-2015\\\/#\\\/schema\\\/person\\\/3aa1163ef05469c496fc94e77611ada2\",\"name\":\"admin\",\"image\":{\"@type\":\"ImageObject\",\"inLanguage\":\"sq-AL\",\"@id\":\"https:\\\/\\\/fjala.info\\\/2009-2015\\\/wp-content\\\/uploads\\\/2012\\\/02\\\/arben_cokaj-120x150.jpg\",\"url\":\"https:\\\/\\\/fjala.info\\\/2009-2015\\\/wp-content\\\/uploads\\\/2012\\\/02\\\/arben_cokaj-120x150.jpg\",\"contentUrl\":\"https:\\\/\\\/fjala.info\\\/2009-2015\\\/wp-content\\\/uploads\\\/2012\\\/02\\\/arben_cokaj-120x150.jpg\",\"caption\":\"admin\"},\"description\":\"Admin, Fjala e Lir\u00eb\",\"sameAs\":[\"https:\\\/\\\/fjala.info\\\/\"],\"url\":\"https:\\\/\\\/fjala.info\\\/2009-2015\\\/author\\\/admin\\\/\"}]}<\/script>\n<!-- \/ Yoast SEO plugin. -->","yoast_head_json":{"title":"Pandi Majko b\u00ebn buj\u00eb me nj\u00eb artikull n\u00eb shtypin grek - FjALA e LIR\u00cb - Arkivi","robots":{"index":"index","follow":"follow","max-snippet":"max-snippet:-1","max-image-preview":"max-image-preview:large","max-video-preview":"max-video-preview:-1"},"canonical":"https:\/\/fjala.info\/2009-2015\/pandi-majko-ben-buje-me-nje-artikull-ne-shtypin-grek\/","og_locale":"sq_AL","og_type":"article","og_title":"Pandi Majko b\u00ebn buj\u00eb me nj\u00eb artikull n\u00eb shtypin grek - FjALA e LIR\u00cb - Arkivi","og_description":"ResPublica, 1 prill 2012 Dhjet\u00ebra faqe interneti dhe blogje t\u00eb ndryshme greke kan\u00eb ripublikuar artikullin e ish-kryeministrit shqiptar Pandeli Majko q\u00eb p\u00ebrb\u00ebnte editorialin e faqes s\u00eb par\u00eb t\u00eb gazet\u00ebs elektronike politike \u201cMetarithmisi\u201d n\u00eb numrin e saj t\u00eb djesh\u00ebm. Shkrimi i Majkos, i pari ekskluzivisht p\u00ebr shtypin grek, \u00ebsht\u00eb nj\u00eb p\u00ebrgjigje dhe nj\u00eb replik\u00eb ndaj artikullit [&hellip;]","og_url":"https:\/\/fjala.info\/2009-2015\/pandi-majko-ben-buje-me-nje-artikull-ne-shtypin-grek\/","og_site_name":"FjALA e LIR\u00cb - Arkivi","article_published_time":"2012-04-02T22:24:04+00:00","og_image":[{"url":"http:\/\/www.shkoder.net\/2012\/pandeli_majko.jpg","type":"","width":"","height":""}],"author":"admin","twitter_card":"summary_large_image","twitter_misc":{"Written by":"admin","Est. reading time":"2 minutes"},"schema":{"@context":"https:\/\/schema.org","@graph":[{"@type":"Article","@id":"https:\/\/fjala.info\/2009-2015\/pandi-majko-ben-buje-me-nje-artikull-ne-shtypin-grek\/#article","isPartOf":{"@id":"https:\/\/fjala.info\/2009-2015\/pandi-majko-ben-buje-me-nje-artikull-ne-shtypin-grek\/"},"author":{"name":"admin","@id":"https:\/\/fjala.info\/2009-2015\/#\/schema\/person\/3aa1163ef05469c496fc94e77611ada2"},"headline":"Pandi Majko b\u00ebn buj\u00eb me nj\u00eb artikull n\u00eb shtypin grek","datePublished":"2012-04-02T22:24:04+00:00","mainEntityOfPage":{"@id":"https:\/\/fjala.info\/2009-2015\/pandi-majko-ben-buje-me-nje-artikull-ne-shtypin-grek\/"},"wordCount":457,"commentCount":0,"publisher":{"@id":"https:\/\/fjala.info\/2009-2015\/#organization"},"image":{"@id":"https:\/\/fjala.info\/2009-2015\/pandi-majko-ben-buje-me-nje-artikull-ne-shtypin-grek\/#primaryimage"},"thumbnailUrl":"http:\/\/www.shkoder.net\/2012\/pandeli_majko.jpg","articleSection":["Artikuj","Lajme"],"inLanguage":"sq-AL","potentialAction":[{"@type":"CommentAction","name":"Comment","target":["https:\/\/fjala.info\/2009-2015\/pandi-majko-ben-buje-me-nje-artikull-ne-shtypin-grek\/#respond"]}]},{"@type":"WebPage","@id":"https:\/\/fjala.info\/2009-2015\/pandi-majko-ben-buje-me-nje-artikull-ne-shtypin-grek\/","url":"https:\/\/fjala.info\/2009-2015\/pandi-majko-ben-buje-me-nje-artikull-ne-shtypin-grek\/","name":"Pandi Majko b\u00ebn buj\u00eb me nj\u00eb artikull n\u00eb shtypin grek - FjALA e LIR\u00cb - Arkivi","isPartOf":{"@id":"https:\/\/fjala.info\/2009-2015\/#website"},"primaryImageOfPage":{"@id":"https:\/\/fjala.info\/2009-2015\/pandi-majko-ben-buje-me-nje-artikull-ne-shtypin-grek\/#primaryimage"},"image":{"@id":"https:\/\/fjala.info\/2009-2015\/pandi-majko-ben-buje-me-nje-artikull-ne-shtypin-grek\/#primaryimage"},"thumbnailUrl":"http:\/\/www.shkoder.net\/2012\/pandeli_majko.jpg","datePublished":"2012-04-02T22:24:04+00:00","breadcrumb":{"@id":"https:\/\/fjala.info\/2009-2015\/pandi-majko-ben-buje-me-nje-artikull-ne-shtypin-grek\/#breadcrumb"},"inLanguage":"sq-AL","potentialAction":[{"@type":"ReadAction","target":["https:\/\/fjala.info\/2009-2015\/pandi-majko-ben-buje-me-nje-artikull-ne-shtypin-grek\/"]}]},{"@type":"ImageObject","inLanguage":"sq-AL","@id":"https:\/\/fjala.info\/2009-2015\/pandi-majko-ben-buje-me-nje-artikull-ne-shtypin-grek\/#primaryimage","url":"http:\/\/www.shkoder.net\/2012\/pandeli_majko.jpg","contentUrl":"http:\/\/www.shkoder.net\/2012\/pandeli_majko.jpg"},{"@type":"BreadcrumbList","@id":"https:\/\/fjala.info\/2009-2015\/pandi-majko-ben-buje-me-nje-artikull-ne-shtypin-grek\/#breadcrumb","itemListElement":[{"@type":"ListItem","position":1,"name":"Home","item":"https:\/\/fjala.info\/2009-2015\/"},{"@type":"ListItem","position":2,"name":"Pandi Majko b\u00ebn buj\u00eb me nj\u00eb artikull n\u00eb shtypin grek"}]},{"@type":"WebSite","@id":"https:\/\/fjala.info\/2009-2015\/#website","url":"https:\/\/fjala.info\/2009-2015\/","name":"FjALA e LIR\u00cb - Arkivi","description":"Arkivi 2009-2015","publisher":{"@id":"https:\/\/fjala.info\/2009-2015\/#organization"},"potentialAction":[{"@type":"SearchAction","target":{"@type":"EntryPoint","urlTemplate":"https:\/\/fjala.info\/2009-2015\/?s={search_term_string}"},"query-input":{"@type":"PropertyValueSpecification","valueRequired":true,"valueName":"search_term_string"}}],"inLanguage":"sq-AL"},{"@type":"Organization","@id":"https:\/\/fjala.info\/2009-2015\/#organization","name":"FjALA e LIR\u00cb - Arkivi","url":"https:\/\/fjala.info\/2009-2015\/","logo":{"@type":"ImageObject","inLanguage":"sq-AL","@id":"https:\/\/fjala.info\/2009-2015\/#\/schema\/logo\/image\/","url":"","contentUrl":"","caption":"FjALA e LIR\u00cb - Arkivi"},"image":{"@id":"https:\/\/fjala.info\/2009-2015\/#\/schema\/logo\/image\/"}},{"@type":"Person","@id":"https:\/\/fjala.info\/2009-2015\/#\/schema\/person\/3aa1163ef05469c496fc94e77611ada2","name":"admin","image":{"@type":"ImageObject","inLanguage":"sq-AL","@id":"https:\/\/fjala.info\/2009-2015\/wp-content\/uploads\/2012\/02\/arben_cokaj-120x150.jpg","url":"https:\/\/fjala.info\/2009-2015\/wp-content\/uploads\/2012\/02\/arben_cokaj-120x150.jpg","contentUrl":"https:\/\/fjala.info\/2009-2015\/wp-content\/uploads\/2012\/02\/arben_cokaj-120x150.jpg","caption":"admin"},"description":"Admin, Fjala e Lir\u00eb","sameAs":["https:\/\/fjala.info\/"],"url":"https:\/\/fjala.info\/2009-2015\/author\/admin\/"}]}},"_links":{"self":[{"href":"https:\/\/fjala.info\/2009-2015\/wp-json\/wp\/v2\/posts\/11756","targetHints":{"allow":["GET"]}}],"collection":[{"href":"https:\/\/fjala.info\/2009-2015\/wp-json\/wp\/v2\/posts"}],"about":[{"href":"https:\/\/fjala.info\/2009-2015\/wp-json\/wp\/v2\/types\/post"}],"author":[{"embeddable":true,"href":"https:\/\/fjala.info\/2009-2015\/wp-json\/wp\/v2\/users\/1"}],"replies":[{"embeddable":true,"href":"https:\/\/fjala.info\/2009-2015\/wp-json\/wp\/v2\/comments?post=11756"}],"version-history":[{"count":0,"href":"https:\/\/fjala.info\/2009-2015\/wp-json\/wp\/v2\/posts\/11756\/revisions"}],"wp:attachment":[{"href":"https:\/\/fjala.info\/2009-2015\/wp-json\/wp\/v2\/media?parent=11756"}],"wp:term":[{"taxonomy":"category","embeddable":true,"href":"https:\/\/fjala.info\/2009-2015\/wp-json\/wp\/v2\/categories?post=11756"},{"taxonomy":"post_tag","embeddable":true,"href":"https:\/\/fjala.info\/2009-2015\/wp-json\/wp\/v2\/tags?post=11756"}],"curies":[{"name":"wp","href":"https:\/\/api.w.org\/{rel}","templated":true}]}}