{"id":11755,"date":"2012-04-02T22:41:00","date_gmt":"2012-04-02T21:41:00","guid":{"rendered":"http:\/\/fjala.shkoder.net\/?p=2313"},"modified":"2012-04-02T22:41:00","modified_gmt":"2012-04-02T21:41:00","slug":"profecia-e-gjingjiqit","status":"publish","type":"post","link":"https:\/\/fjala.info\/2009-2015\/profecia-e-gjingjiqit\/","title":{"rendered":"Profecia e Gjingjiqit"},"content":{"rendered":"<p><img decoding=\"async\" class=\"alignright size-thumbnail wp-image-7236\" title=\"Beq\u00eb Cufaj\" src=\"http:\/\/www.shkoder.net\/images\/fjala\/beqe_cufaj.jpg\" alt=\"\" width=\"150\" \/> Nga <strong>Beq\u00eb Cufaj<\/strong>, <em>2 Prill 2012 <\/em><\/p>\n<p>Disa muaj para se ta vrisnin, lideri serb i Beogradit postmillosheviqian, Zoran Gjingjiqi, pati deklaruar: shqiptar\u00ebt mund edhe t\u00eb shikojn\u00eb dhe shkojn\u00eb n\u00eb Europ\u00eb p\u00ebrmes Tiran\u00ebs e Shqip\u00ebris\u00eb\u2026 por t\u00eb mos harrojn\u00eb q\u00eb gjat\u00eb atij rrug\u00ebtimi do t\u00eb mund t\u00eb mbyten edhe n\u00eb detin e tyre!<\/p>\n<p>Sot, gati nj\u00eb dekad\u00eb prej asaj th\u00ebnieje t\u00eb tij, del q\u00eb nuk e ka pasur edhe aq gabim. Sepse shqiptar\u00ebt (e Kosov\u00ebs), edhe p\u00ebrkund\u00ebr faktit q\u00eb n\u00eb vitin 1999 u \u00e7liruan nga rob\u00ebria shekullore serbe, kurse n\u00eb vitin 2008 shpall\u00ebn pavar\u00ebsin\u00eb, megjithat\u00eb duket q\u00eb ende shohin nga Serbia dhe p\u00ebrmes Serbis\u00eb rrug\u00ebn e tyre drejt Europ\u00ebs. Sado e dhimbshme q\u00eb ting\u00ebllon, duhet q\u00eb k\u00ebt\u00eb realitet ta shohim drejt n\u00eb sy.<\/p>\n<p>S\u00eb pari, \u00ebsht\u00eb m\u00eb tep\u00ebr se e pakuptimt\u00eb joshja, p\u00ebr t\u00eb mos e quajtur ndryshe, e shqiptar\u00ebve q\u00eb t\u00eb udh\u00ebtojn\u00eb drejt dhe p\u00ebrmes Serbis\u00eb. Asaj pra: e cila ka rrahur, posht\u00ebruar, maltretuar, terrorizuar, vrar\u00eb e p\u00ebrndjekur jo vet\u00ebm gjat\u00eb regjimit t\u00eb Milosheviqit, por edhe m\u00eb her\u00ebt p\u00ebr dekada e dekada t\u00eb t\u00ebra. P\u00ebr nj\u00eb shekull me radh\u00eb!<\/p>\n<p>Si, si \u00ebsht\u00eb e mundshme pra q\u00eb njer\u00ebzit tan\u00eb ta han\u00eb at\u00eb karot\u00eb \u201cudh\u00ebtimi\u201d p\u00ebr disa qindra kilometra m\u00eb pak apo edhe qindra euro m\u00eb shum\u00eb dhe t\u2019i bien n\u00eb gjunj\u00eb e grazhd dorasit e armikut? P\u00ebr t\u00eb mos i l\u00ebn\u00eb vet\u00ebm \u201cudh\u00ebtar\u00ebt\u201d apo p\u00ebr t\u00eb ndier sidomos k\u00ebt\u00eb var\u00ebsi fatale nuk kemi pse u hedhemi n\u00eb shpin\u00eb vet\u00ebm k\u00ebtyre\u2026 sepse vet\u00eb fakti sesi n\u00eb Kosov\u00eb ende dhe sot e k\u00ebsaj dite konsumohet me t\u00eb madhe \u00e7do gj\u00eb serbe\u2026tregon q\u00eb ajo shtrirje e Serbis\u00eb n\u00eb peizazhin mental e shpirt\u00ebror t\u00eb shqiptar\u00ebve vazhdon t\u00eb jet\u00eb aq e fuqishme sa nuk ka si t\u00eb mos quhet nj\u00eb rast \u201csui generis\u201d n\u00eb historin\u00eb e re t\u00eb civilizimit europian.<\/p>\n<p>T\u00eb udh\u00ebtosh a t\u00eb hash produktet e fqinjit, i cili t\u00eb ka vrar\u00eb e posht\u00ebroruar p\u00ebr vite me radh\u00eb?! Nuk ka si t\u00eb mos jet\u00eb ndryshe pos nj\u00eb vet\u00ebposht\u00ebrim i pashoq dhe v\u00ebrtetim i sindromit t\u00eb lidhjes viktim\u00eb-doras! Prandaj: vazhdoni e udh\u00ebtoni dhe mos u ankoni. Kur ju rrahin e ju l\u00ebn\u00eb t\u00eb prisni n\u00eb radh\u00eb me or\u00eb e dit\u00eb t\u00eb t\u00ebra. P\u00ebr \u201cryshfetet\u201d e \u201cbakshishet\u201d q\u00eb ua jepni\u2026 as mos t\u00eb flasim. Dhe n\u00eb t\u00eb nj\u00ebjt\u00ebn koh\u00eb: vazhdoni t\u00eb ushqeheni sa t\u00eb mundeni me \u00e7do gj\u00eb serbe. Sepse jeni m\u00ebsuar. Dhe nuk mundeni pa to. (Q\u00eb hebrenjt\u00eb s\u2019e kan\u00eb folur e l\u00ebre m\u00eb q\u00eb s\u2019e kan\u00eb par\u00eb as s\u2019kan\u00eb dashur t\u00eb d\u00ebgjojn\u00eb kurr\u00eb m\u00eb fjal\u00ebn \u201cGjermani\u201d, me siguri s\u2019e dini. Apo b\u00ebheni q\u00eb s\u2019e dini).<\/p>\n<p>T\u00eb ket\u00eb qen\u00eb ajo var\u00ebsi e asaj kohe q\u00eb e pati shtyr\u00eb Gjingjiqin t\u2019i thoshte ato fjal\u00eb q\u00eb i rikujtuam n\u00eb fillim t\u00eb k\u00ebsaj trajtese? Natyrisht. D\u00ebshtimet e shoq\u00ebris\u00eb shqiptare t\u00eb Kosov\u00ebs, kur marr\u00ebdh\u00ebniet me fqinj\u00ebt tan\u00eb serb\u00eb jan\u00eb n\u00eb pyetje\u2026 mund t\u00eb quhen t\u00eb panum\u00ebrta. Vet\u00ebm disa mund t\u2019i num\u00ebrojm\u00eb k\u00ebtu p\u00ebr t\u00eb nxjerr\u00eb shkaqet e pasojat e eksperimentimeve e posht\u00ebrimeve t\u00eb muajve e dit\u00ebve t\u00eb fundit q\u00eb na vijn\u00eb nga Beogradi.<\/p>\n<p>S\u00eb pari: shqiptar\u00ebt nuk arrit\u00ebn t\u00eb nd\u00ebrtojn\u00eb nj\u00eb kultur\u00eb kujtese p\u00ebr krimet gjenocidale serbe ndaj Kosov\u00ebs, dhe si pasoj\u00eb pat\u00ebm dhe kemi k\u00ebt\u00eb var\u00ebsi fizike nga \u201cnevojat\u201d p\u00ebr udh\u00ebtime deri tek ato p\u00ebr ushqime\u2026 serbe.<\/p>\n<p>S\u00eb dyti: nuk u gjet\u00ebn rrug\u00eb as mund\u00ebsi p\u00ebr ta kaluar traum\u00ebn e distancimit t\u00eb kriminel\u00ebve serb\u00eb nga ata t\u00eb popullsis\u00eb s\u00eb thjesht\u00eb serbe t\u00eb Kosov\u00ebs, e cila edhe sot e k\u00ebsaj dite vazhdon q\u00eb \u201cpjes\u00ebrisht\u201d t\u00eb jet\u00eb pjes\u00eb e dekorit t\u00eb bler\u00eb institucional (me traktora e tendera) n\u00eb Prishtin\u00eb.<\/p>\n<p>S\u00eb treti, kastat politike dhe intelektuale t\u00eb Kosov\u00ebs prej pasluft\u00ebs e deri m\u00eb sot zgjodh\u00ebn moton e derrave t\u00eb k\u00ebnaqur dhe jo sokrat\u00ebve t\u00eb vuajtur, dhe p\u00ebr k\u00ebt\u00eb edhe iu n\u00ebnshtruan stihive megalomane t\u00eb nd\u00ebrkomb\u00ebtar\u00ebve t\u00eb lokalizuar p\u00ebr \u201cnevojat\u201d e multikulturalizimit t\u00eb shpifur t\u00eb quajtura \u201cmarr\u00ebdh\u00ebnie t\u00eb mira nd\u00ebretnike\u201d.<\/p>\n<p>Dhe fare p\u00ebr fund- vet\u00eb fakti q\u00eb Kosova, qoft\u00eb n\u00eb koh\u00ebn e UNMIK-ut ashtu edhe t\u00eb Fusnot\u00ebs, vazhdon t\u00eb jet\u00eb e mb\u00ebrthyer n\u00eb uj\u00ebrat e keqqeverisjeve dhe korrupsionit t\u00eb cilat n\u00eb m\u00ebnyr\u00eb direkte asaj ia dob\u00ebsojn\u00eb pozit\u00ebn edhe kur Serbia dhe serb\u00ebt jan\u00eb n\u00eb pyetje b\u00ebjn\u00eb q\u00eb t\u00eb jemi si jemi.<\/p>\n<p>Nd\u00ebrkaq, personifikimi i krejt k\u00ebtyre ngat\u00ebrresave dhe huqjeve s\u2019ka dyshim q\u00eb \u00ebsht\u00eb Hashim Tha\u00e7i, i cili p\u00ebr ta ruajtur kok\u00ebn (n\u00ebn hetime) dhe pushtetin (t\u00eb korruptuar si askund tjet\u00ebr n\u00eb Europ\u00eb) jo ve\u00e7 q\u00eb ka b\u00ebr\u00eb e do t\u00eb b\u00ebj\u00eb koncesione, por \u00ebsht\u00eb n\u00eb gjendje t\u00eb b\u00ebj\u00eb at\u00eb q\u00eb askush s\u2019do ta kishte besuar: ta duroj\u00eb posht\u00ebrimin q\u00eb Beogradi na e b\u00ebn, ta ndihmoj\u00eb Tadiqin t\u00eb rizgjedhet n\u00eb pushtet e hap rrug\u00ebn drejt BE-s\u00eb dhe fare n\u00eb fund\u2026edhe t\u00eb takohet me t\u00eb!<\/p>\n<p>Kur do t\u00eb ndodh\u00eb kjo \u2013 s\u2019ka r\u00ebnd\u00ebsi. Prandaj \u2013 ec e mos i quaj profeci fjal\u00ebt e Gjingjiqit!<\/p>\n","protected":false},"excerpt":{"rendered":"<p>Nga Beq\u00eb Cufaj, 2 Prill 2012 Disa muaj para se ta vrisnin, lideri serb i Beogradit postmillosheviqian, Zoran Gjingjiqi, pati deklaruar: shqiptar\u00ebt mund edhe t\u00eb shikojn\u00eb dhe shkojn\u00eb n\u00eb Europ\u00eb p\u00ebrmes Tiran\u00ebs e Shqip\u00ebris\u00eb\u2026 por t\u00eb mos harrojn\u00eb q\u00eb gjat\u00eb atij rrug\u00ebtimi do t\u00eb mund t\u00eb mbyten edhe n\u00eb detin e tyre! Sot, gati nj\u00eb [&hellip;]<\/p>\n","protected":false},"author":1,"featured_media":0,"comment_status":"open","ping_status":"closed","sticky":false,"template":"","format":"standard","meta":{"footnotes":""},"categories":[2],"tags":[],"class_list":{"0":"post-11755","1":"post","2":"type-post","3":"status-publish","4":"format-standard","6":"category-artikuj"},"yoast_head":"<!-- This site is optimized with the Yoast SEO plugin v27.4 - https:\/\/yoast.com\/product\/yoast-seo-wordpress\/ -->\n<title>Profecia e Gjingjiqit - FjALA e LIR\u00cb - Arkivi<\/title>\n<meta name=\"robots\" content=\"index, follow, max-snippet:-1, max-image-preview:large, max-video-preview:-1\" \/>\n<link rel=\"canonical\" href=\"https:\/\/fjala.info\/2009-2015\/profecia-e-gjingjiqit\/\" \/>\n<meta property=\"og:locale\" content=\"sq_AL\" \/>\n<meta property=\"og:type\" content=\"article\" \/>\n<meta property=\"og:title\" content=\"Profecia e Gjingjiqit - FjALA e LIR\u00cb - Arkivi\" \/>\n<meta property=\"og:description\" content=\"Nga Beq\u00eb Cufaj, 2 Prill 2012 Disa muaj para se ta vrisnin, lideri serb i Beogradit postmillosheviqian, Zoran Gjingjiqi, pati deklaruar: shqiptar\u00ebt mund edhe t\u00eb shikojn\u00eb dhe shkojn\u00eb n\u00eb Europ\u00eb p\u00ebrmes Tiran\u00ebs e Shqip\u00ebris\u00eb\u2026 por t\u00eb mos harrojn\u00eb q\u00eb gjat\u00eb atij rrug\u00ebtimi do t\u00eb mund t\u00eb mbyten edhe n\u00eb detin e tyre! Sot, gati nj\u00eb [&hellip;]\" \/>\n<meta property=\"og:url\" content=\"https:\/\/fjala.info\/2009-2015\/profecia-e-gjingjiqit\/\" \/>\n<meta property=\"og:site_name\" content=\"FjALA e LIR\u00cb - Arkivi\" \/>\n<meta property=\"article:published_time\" content=\"2012-04-02T21:41:00+00:00\" \/>\n<meta property=\"og:image\" content=\"http:\/\/www.shkoder.net\/images\/fjala\/beqe_cufaj.jpg\" \/>\n<meta name=\"author\" content=\"admin\" \/>\n<meta name=\"twitter:card\" content=\"summary_large_image\" \/>\n<meta name=\"twitter:label1\" content=\"Written by\" \/>\n\t<meta name=\"twitter:data1\" content=\"admin\" \/>\n\t<meta name=\"twitter:label2\" content=\"Est. reading time\" \/>\n\t<meta name=\"twitter:data2\" content=\"5 minutes\" \/>\n<script type=\"application\/ld+json\" class=\"yoast-schema-graph\">{\"@context\":\"https:\\\/\\\/schema.org\",\"@graph\":[{\"@type\":\"Article\",\"@id\":\"https:\\\/\\\/fjala.info\\\/2009-2015\\\/profecia-e-gjingjiqit\\\/#article\",\"isPartOf\":{\"@id\":\"https:\\\/\\\/fjala.info\\\/2009-2015\\\/profecia-e-gjingjiqit\\\/\"},\"author\":{\"name\":\"admin\",\"@id\":\"https:\\\/\\\/fjala.info\\\/2009-2015\\\/#\\\/schema\\\/person\\\/3aa1163ef05469c496fc94e77611ada2\"},\"headline\":\"Profecia e Gjingjiqit\",\"datePublished\":\"2012-04-02T21:41:00+00:00\",\"mainEntityOfPage\":{\"@id\":\"https:\\\/\\\/fjala.info\\\/2009-2015\\\/profecia-e-gjingjiqit\\\/\"},\"wordCount\":929,\"commentCount\":0,\"publisher\":{\"@id\":\"https:\\\/\\\/fjala.info\\\/2009-2015\\\/#organization\"},\"image\":{\"@id\":\"https:\\\/\\\/fjala.info\\\/2009-2015\\\/profecia-e-gjingjiqit\\\/#primaryimage\"},\"thumbnailUrl\":\"http:\\\/\\\/www.shkoder.net\\\/images\\\/fjala\\\/beqe_cufaj.jpg\",\"articleSection\":[\"Artikuj\"],\"inLanguage\":\"sq-AL\",\"potentialAction\":[{\"@type\":\"CommentAction\",\"name\":\"Comment\",\"target\":[\"https:\\\/\\\/fjala.info\\\/2009-2015\\\/profecia-e-gjingjiqit\\\/#respond\"]}]},{\"@type\":\"WebPage\",\"@id\":\"https:\\\/\\\/fjala.info\\\/2009-2015\\\/profecia-e-gjingjiqit\\\/\",\"url\":\"https:\\\/\\\/fjala.info\\\/2009-2015\\\/profecia-e-gjingjiqit\\\/\",\"name\":\"Profecia e Gjingjiqit - FjALA e LIR\u00cb - Arkivi\",\"isPartOf\":{\"@id\":\"https:\\\/\\\/fjala.info\\\/2009-2015\\\/#website\"},\"primaryImageOfPage\":{\"@id\":\"https:\\\/\\\/fjala.info\\\/2009-2015\\\/profecia-e-gjingjiqit\\\/#primaryimage\"},\"image\":{\"@id\":\"https:\\\/\\\/fjala.info\\\/2009-2015\\\/profecia-e-gjingjiqit\\\/#primaryimage\"},\"thumbnailUrl\":\"http:\\\/\\\/www.shkoder.net\\\/images\\\/fjala\\\/beqe_cufaj.jpg\",\"datePublished\":\"2012-04-02T21:41:00+00:00\",\"breadcrumb\":{\"@id\":\"https:\\\/\\\/fjala.info\\\/2009-2015\\\/profecia-e-gjingjiqit\\\/#breadcrumb\"},\"inLanguage\":\"sq-AL\",\"potentialAction\":[{\"@type\":\"ReadAction\",\"target\":[\"https:\\\/\\\/fjala.info\\\/2009-2015\\\/profecia-e-gjingjiqit\\\/\"]}]},{\"@type\":\"ImageObject\",\"inLanguage\":\"sq-AL\",\"@id\":\"https:\\\/\\\/fjala.info\\\/2009-2015\\\/profecia-e-gjingjiqit\\\/#primaryimage\",\"url\":\"http:\\\/\\\/www.shkoder.net\\\/images\\\/fjala\\\/beqe_cufaj.jpg\",\"contentUrl\":\"http:\\\/\\\/www.shkoder.net\\\/images\\\/fjala\\\/beqe_cufaj.jpg\"},{\"@type\":\"BreadcrumbList\",\"@id\":\"https:\\\/\\\/fjala.info\\\/2009-2015\\\/profecia-e-gjingjiqit\\\/#breadcrumb\",\"itemListElement\":[{\"@type\":\"ListItem\",\"position\":1,\"name\":\"Home\",\"item\":\"https:\\\/\\\/fjala.info\\\/2009-2015\\\/\"},{\"@type\":\"ListItem\",\"position\":2,\"name\":\"Profecia e Gjingjiqit\"}]},{\"@type\":\"WebSite\",\"@id\":\"https:\\\/\\\/fjala.info\\\/2009-2015\\\/#website\",\"url\":\"https:\\\/\\\/fjala.info\\\/2009-2015\\\/\",\"name\":\"FjALA e LIR\u00cb - Arkivi\",\"description\":\"Arkivi 2009-2015\",\"publisher\":{\"@id\":\"https:\\\/\\\/fjala.info\\\/2009-2015\\\/#organization\"},\"potentialAction\":[{\"@type\":\"SearchAction\",\"target\":{\"@type\":\"EntryPoint\",\"urlTemplate\":\"https:\\\/\\\/fjala.info\\\/2009-2015\\\/?s={search_term_string}\"},\"query-input\":{\"@type\":\"PropertyValueSpecification\",\"valueRequired\":true,\"valueName\":\"search_term_string\"}}],\"inLanguage\":\"sq-AL\"},{\"@type\":\"Organization\",\"@id\":\"https:\\\/\\\/fjala.info\\\/2009-2015\\\/#organization\",\"name\":\"FjALA e LIR\u00cb - Arkivi\",\"url\":\"https:\\\/\\\/fjala.info\\\/2009-2015\\\/\",\"logo\":{\"@type\":\"ImageObject\",\"inLanguage\":\"sq-AL\",\"@id\":\"https:\\\/\\\/fjala.info\\\/2009-2015\\\/#\\\/schema\\\/logo\\\/image\\\/\",\"url\":\"\",\"contentUrl\":\"\",\"caption\":\"FjALA e LIR\u00cb - Arkivi\"},\"image\":{\"@id\":\"https:\\\/\\\/fjala.info\\\/2009-2015\\\/#\\\/schema\\\/logo\\\/image\\\/\"}},{\"@type\":\"Person\",\"@id\":\"https:\\\/\\\/fjala.info\\\/2009-2015\\\/#\\\/schema\\\/person\\\/3aa1163ef05469c496fc94e77611ada2\",\"name\":\"admin\",\"image\":{\"@type\":\"ImageObject\",\"inLanguage\":\"sq-AL\",\"@id\":\"https:\\\/\\\/fjala.info\\\/2009-2015\\\/wp-content\\\/uploads\\\/2012\\\/02\\\/arben_cokaj-120x150.jpg\",\"url\":\"https:\\\/\\\/fjala.info\\\/2009-2015\\\/wp-content\\\/uploads\\\/2012\\\/02\\\/arben_cokaj-120x150.jpg\",\"contentUrl\":\"https:\\\/\\\/fjala.info\\\/2009-2015\\\/wp-content\\\/uploads\\\/2012\\\/02\\\/arben_cokaj-120x150.jpg\",\"caption\":\"admin\"},\"description\":\"Admin, Fjala e Lir\u00eb\",\"sameAs\":[\"https:\\\/\\\/fjala.info\\\/\"],\"url\":\"https:\\\/\\\/fjala.info\\\/2009-2015\\\/author\\\/admin\\\/\"}]}<\/script>\n<!-- \/ Yoast SEO plugin. -->","yoast_head_json":{"title":"Profecia e Gjingjiqit - FjALA e LIR\u00cb - Arkivi","robots":{"index":"index","follow":"follow","max-snippet":"max-snippet:-1","max-image-preview":"max-image-preview:large","max-video-preview":"max-video-preview:-1"},"canonical":"https:\/\/fjala.info\/2009-2015\/profecia-e-gjingjiqit\/","og_locale":"sq_AL","og_type":"article","og_title":"Profecia e Gjingjiqit - FjALA e LIR\u00cb - Arkivi","og_description":"Nga Beq\u00eb Cufaj, 2 Prill 2012 Disa muaj para se ta vrisnin, lideri serb i Beogradit postmillosheviqian, Zoran Gjingjiqi, pati deklaruar: shqiptar\u00ebt mund edhe t\u00eb shikojn\u00eb dhe shkojn\u00eb n\u00eb Europ\u00eb p\u00ebrmes Tiran\u00ebs e Shqip\u00ebris\u00eb\u2026 por t\u00eb mos harrojn\u00eb q\u00eb gjat\u00eb atij rrug\u00ebtimi do t\u00eb mund t\u00eb mbyten edhe n\u00eb detin e tyre! Sot, gati nj\u00eb [&hellip;]","og_url":"https:\/\/fjala.info\/2009-2015\/profecia-e-gjingjiqit\/","og_site_name":"FjALA e LIR\u00cb - Arkivi","article_published_time":"2012-04-02T21:41:00+00:00","og_image":[{"url":"http:\/\/www.shkoder.net\/images\/fjala\/beqe_cufaj.jpg","type":"","width":"","height":""}],"author":"admin","twitter_card":"summary_large_image","twitter_misc":{"Written by":"admin","Est. reading time":"5 minutes"},"schema":{"@context":"https:\/\/schema.org","@graph":[{"@type":"Article","@id":"https:\/\/fjala.info\/2009-2015\/profecia-e-gjingjiqit\/#article","isPartOf":{"@id":"https:\/\/fjala.info\/2009-2015\/profecia-e-gjingjiqit\/"},"author":{"name":"admin","@id":"https:\/\/fjala.info\/2009-2015\/#\/schema\/person\/3aa1163ef05469c496fc94e77611ada2"},"headline":"Profecia e Gjingjiqit","datePublished":"2012-04-02T21:41:00+00:00","mainEntityOfPage":{"@id":"https:\/\/fjala.info\/2009-2015\/profecia-e-gjingjiqit\/"},"wordCount":929,"commentCount":0,"publisher":{"@id":"https:\/\/fjala.info\/2009-2015\/#organization"},"image":{"@id":"https:\/\/fjala.info\/2009-2015\/profecia-e-gjingjiqit\/#primaryimage"},"thumbnailUrl":"http:\/\/www.shkoder.net\/images\/fjala\/beqe_cufaj.jpg","articleSection":["Artikuj"],"inLanguage":"sq-AL","potentialAction":[{"@type":"CommentAction","name":"Comment","target":["https:\/\/fjala.info\/2009-2015\/profecia-e-gjingjiqit\/#respond"]}]},{"@type":"WebPage","@id":"https:\/\/fjala.info\/2009-2015\/profecia-e-gjingjiqit\/","url":"https:\/\/fjala.info\/2009-2015\/profecia-e-gjingjiqit\/","name":"Profecia e Gjingjiqit - FjALA e LIR\u00cb - Arkivi","isPartOf":{"@id":"https:\/\/fjala.info\/2009-2015\/#website"},"primaryImageOfPage":{"@id":"https:\/\/fjala.info\/2009-2015\/profecia-e-gjingjiqit\/#primaryimage"},"image":{"@id":"https:\/\/fjala.info\/2009-2015\/profecia-e-gjingjiqit\/#primaryimage"},"thumbnailUrl":"http:\/\/www.shkoder.net\/images\/fjala\/beqe_cufaj.jpg","datePublished":"2012-04-02T21:41:00+00:00","breadcrumb":{"@id":"https:\/\/fjala.info\/2009-2015\/profecia-e-gjingjiqit\/#breadcrumb"},"inLanguage":"sq-AL","potentialAction":[{"@type":"ReadAction","target":["https:\/\/fjala.info\/2009-2015\/profecia-e-gjingjiqit\/"]}]},{"@type":"ImageObject","inLanguage":"sq-AL","@id":"https:\/\/fjala.info\/2009-2015\/profecia-e-gjingjiqit\/#primaryimage","url":"http:\/\/www.shkoder.net\/images\/fjala\/beqe_cufaj.jpg","contentUrl":"http:\/\/www.shkoder.net\/images\/fjala\/beqe_cufaj.jpg"},{"@type":"BreadcrumbList","@id":"https:\/\/fjala.info\/2009-2015\/profecia-e-gjingjiqit\/#breadcrumb","itemListElement":[{"@type":"ListItem","position":1,"name":"Home","item":"https:\/\/fjala.info\/2009-2015\/"},{"@type":"ListItem","position":2,"name":"Profecia e Gjingjiqit"}]},{"@type":"WebSite","@id":"https:\/\/fjala.info\/2009-2015\/#website","url":"https:\/\/fjala.info\/2009-2015\/","name":"FjALA e LIR\u00cb - Arkivi","description":"Arkivi 2009-2015","publisher":{"@id":"https:\/\/fjala.info\/2009-2015\/#organization"},"potentialAction":[{"@type":"SearchAction","target":{"@type":"EntryPoint","urlTemplate":"https:\/\/fjala.info\/2009-2015\/?s={search_term_string}"},"query-input":{"@type":"PropertyValueSpecification","valueRequired":true,"valueName":"search_term_string"}}],"inLanguage":"sq-AL"},{"@type":"Organization","@id":"https:\/\/fjala.info\/2009-2015\/#organization","name":"FjALA e LIR\u00cb - Arkivi","url":"https:\/\/fjala.info\/2009-2015\/","logo":{"@type":"ImageObject","inLanguage":"sq-AL","@id":"https:\/\/fjala.info\/2009-2015\/#\/schema\/logo\/image\/","url":"","contentUrl":"","caption":"FjALA e LIR\u00cb - Arkivi"},"image":{"@id":"https:\/\/fjala.info\/2009-2015\/#\/schema\/logo\/image\/"}},{"@type":"Person","@id":"https:\/\/fjala.info\/2009-2015\/#\/schema\/person\/3aa1163ef05469c496fc94e77611ada2","name":"admin","image":{"@type":"ImageObject","inLanguage":"sq-AL","@id":"https:\/\/fjala.info\/2009-2015\/wp-content\/uploads\/2012\/02\/arben_cokaj-120x150.jpg","url":"https:\/\/fjala.info\/2009-2015\/wp-content\/uploads\/2012\/02\/arben_cokaj-120x150.jpg","contentUrl":"https:\/\/fjala.info\/2009-2015\/wp-content\/uploads\/2012\/02\/arben_cokaj-120x150.jpg","caption":"admin"},"description":"Admin, Fjala e Lir\u00eb","sameAs":["https:\/\/fjala.info\/"],"url":"https:\/\/fjala.info\/2009-2015\/author\/admin\/"}]}},"_links":{"self":[{"href":"https:\/\/fjala.info\/2009-2015\/wp-json\/wp\/v2\/posts\/11755","targetHints":{"allow":["GET"]}}],"collection":[{"href":"https:\/\/fjala.info\/2009-2015\/wp-json\/wp\/v2\/posts"}],"about":[{"href":"https:\/\/fjala.info\/2009-2015\/wp-json\/wp\/v2\/types\/post"}],"author":[{"embeddable":true,"href":"https:\/\/fjala.info\/2009-2015\/wp-json\/wp\/v2\/users\/1"}],"replies":[{"embeddable":true,"href":"https:\/\/fjala.info\/2009-2015\/wp-json\/wp\/v2\/comments?post=11755"}],"version-history":[{"count":0,"href":"https:\/\/fjala.info\/2009-2015\/wp-json\/wp\/v2\/posts\/11755\/revisions"}],"wp:attachment":[{"href":"https:\/\/fjala.info\/2009-2015\/wp-json\/wp\/v2\/media?parent=11755"}],"wp:term":[{"taxonomy":"category","embeddable":true,"href":"https:\/\/fjala.info\/2009-2015\/wp-json\/wp\/v2\/categories?post=11755"},{"taxonomy":"post_tag","embeddable":true,"href":"https:\/\/fjala.info\/2009-2015\/wp-json\/wp\/v2\/tags?post=11755"}],"curies":[{"name":"wp","href":"https:\/\/api.w.org\/{rel}","templated":true}]}}