{"id":11754,"date":"2012-04-02T22:38:56","date_gmt":"2012-04-02T21:38:56","guid":{"rendered":"http:\/\/fjala.shkoder.net\/?p=2311"},"modified":"2012-04-02T22:38:56","modified_gmt":"2012-04-02T21:38:56","slug":"partia-shqiptare-demokristiane-e-kosoves-duhet-te-ringjallet-politikisht-e-populli-shqiptar-ne-kosove-shpirterisht","status":"publish","type":"post","link":"https:\/\/fjala.info\/2009-2015\/partia-shqiptare-demokristiane-e-kosoves-duhet-te-ringjallet-politikisht-e-populli-shqiptar-ne-kosove-shpirterisht\/","title":{"rendered":"Partia Shqiptare Demokristiane e Kosov\u00ebs duhet t\u00eb ringjallet politikisht, e populli shqiptar n\u00eb Kosov\u00eb shpirt\u00ebrisht"},"content":{"rendered":"<p><img decoding=\"async\" class=\"alignright size-thumbnail wp-image-7236\" title=\"Mr.sc. Nue Oroshi\" src=\"http:\/\/www.shkoder.net\/2012\/nue_oroshi.jpg\" alt=\"\" width=\"150\" \/> <strong>Mr.sc. Nue Oroshi<\/strong><\/p>\n<p>Qysh n\u00eb 4 N\u00ebntorin e vitit 1990, tash e m\u00eb shum\u00eb s\u00eb 21 vite m\u00eb par\u00eb, n\u00eb qytetin e Jak Vul\u00ebs n\u00eb Gjakov\u00eb, n\u00eb qytetin ku shpeshher\u00eb u g\u00ebrshetuan dy taborre politike, ajo e vizionit komb\u00ebtar dhe proevropian, si dhe ajo e vizionit pansllavist apo komunist, u themelua Partia Shqiptare Demokristiane e Kosov\u00ebs. Kryetar i par\u00eb i k\u00ebsaj partie u zgjodh Laz\u00ebr Krasniqi, i cili k\u00ebt\u00eb Parti e udh\u00ebhoqi vet\u00ebm p\u00ebr nj\u00eb koh\u00eb t\u00eb shkurt\u00ebr. Q\u00eb nga themelimi e deri m\u00eb tani, kjo Parti pati ngritjet dhe r\u00ebnjet e saja politike, dhe shpeshher\u00eb u sakrifikua deri n\u00eb vet\u00ebflijim p\u00ebr t\u00eb sh\u00ebrbyer si ur\u00eb bashkimi dhe jo p\u00ebr\u00e7arje n\u00eb sken\u00ebn politike t\u00eb Kosov\u00ebs, q\u00eb shpeshher\u00eb i kushtoi edhe me cop\u00ebtime dhe humbje t\u00eb an\u00ebtarsis\u00eb. K\u00ebt\u00eb vet\u00ebflijim apo vet\u00ebsakrifikim t\u00eb PSHDK p\u00ebr unisimin e Politik\u00ebs Shqiptare n\u00eb Kosov\u00eb shpeshher\u00eb e keqp\u00ebrdor\u00ebn deri n\u00eb palc\u00eb dy Partit\u00eb m\u00eb t\u00eb m\u00ebdha politike n\u00eb Kosov\u00eb, PDK dhe LDK-post Rugoviane.<\/p>\n<p>Sa i p\u00ebrket PDK-\u00ebs, kjo PSHDK-n\u00eb e keqp\u00ebrdori deri n\u00eb palc\u00eb, fal\u00eb mosnjohurive politike t\u00eb profesor Marjan Demajt, ku si\u00e7 thoshte akademik Mark Krasniqi, ish kryetar shumvje\u00e7ar\u00eb i PSHDK-\u00ebs, se profesor Demaj e qoi capin te kasapi, nd\u00ebrsa LDK-ja post Rugoviane ish kryetarin e PSHDK-\u00ebs akademik Mark Krasniqin e zavensoi me nj\u00eb biznismen me emrin Zef Morina.K\u00ebtu duhet t\u00eb jemi shum\u00eb t\u00eb qart\u00eb dhe ta themi nj\u00eb realitet, q\u00eb ishte pik\u00ebrisht\u00eb ish Presidenti historik i Kosov\u00ebs dr.Ibrahim Rugova i cili e vler\u00ebsoi m\u00eb s\u00eb shumti k\u00ebt Parti politike proevropiane, dhe ia dha vlerat dhe meritat q\u00eb duhet t&#8217;ju ipeshin, p\u00ebrkund\u00ebr kund\u00ebrshtimeve q\u00eb kishte br\u00ebnda subjektit politik q\u00eb ai e drejtonte.<\/p>\n<p>Nd\u00ebrsa n\u00eb an\u00ebn tjet\u00ebr edhe Akademik Mark Krasniqi, ish kryetar i PSHDK-s\u00eb iu thoshte an\u00ebtarsis\u00eb s\u00eb k\u00ebsaj Partije, q\u00eb s\u00eb pari duhet ta kryeni obligimin shtet\u00ebror dhe m\u00eb pas at\u00eb partiak. Por, pas vdekjes s\u00eb ish Presidentit historik t\u00eb Kosov\u00ebs dr.Ibrahim Rugov\u00ebs, n\u00eb Kosov\u00eb, gj\u00ebrat filluan t\u00eb ndryshohen. Orjentimi politik i Kosov\u00ebs filloi t\u00eb fryej drejt lindjes, pjesa dermuese e politikan\u00ebve post Rugovian\u00eb n\u00eb Kosov\u00eb, pavar\u00ebsisht\u00eb partive politike q\u00eb ata drejtonin, m\u00eb tep\u00ebr filluan ti shikojn\u00eb interesat personale sesa ato programore.<\/p>\n<p>Pra, dalngadal timoni politik i Kosov\u00ebs u kthye drejt lindjes pra drejt orjentimit pansllavisto &#8211; aziatik, kjo u v\u00ebrtetua plot\u00ebsisht\u00eb me hyrjen n\u00eb politik\u00eb t\u00eb deleguarit t\u00eb politik\u00ebs ruse, Behxhet Pacollit. E kurbani i par\u00eb q\u00eb duhet t\u00eb b\u00ebhej p\u00ebr k\u00ebt\u00eb orjentim, ishte pik\u00ebrisht\u00eb shkat\u00ebrrimi i Partis\u00eb Shqiptare Demokristiane t\u00eb Kosov\u00ebs, dhe kjo nuk \u00ebsht\u00eb rast\u00ebsi sepse nj\u00eb profesor shumvje\u00e7ar\u00eb i Univerzitetit t\u00eb Prishtin\u00ebs si\u00e7 \u00ebsht\u00eb prof.dr.Marjan Demaj, t\u00eb pres\u00eb dy muaj p\u00ebr nj\u00eb takim pes\u00eb minut\u00ebsh me Kryeministrin e Kosov\u00ebs Hashim Thaqin, p\u00ebr t\u00eb sqaruar shkeljen e marrveshjes q\u00eb e kishte b\u00ebr\u00eb PDK-ja, dhe ky i fundit mos ta takoi fare at\u00eb.<\/p>\n<p>Kjo pritje e profesor Demajt ishte e kot\u00eb, sepse tani kasapi n\u00eb k\u00ebt\u00eb rast Hashim Thaqi e kishte shitur capin dikund tjet\u00ebr &#8211; ia kishte pjekur n\u00eb helli Behxhet Pacollit, dhe n\u00eb Qeverin\u00eb e tij nuk kishte m\u00eb vend p\u00ebr nj\u00eb Parti proevropiane, k\u00ebshtu q\u00eb profesor dr.Marjan Demaj m\u00eb n\u00eb fund e kuptoi se politika nuk \u00ebsht\u00eb matematik\u00eb, dhe se n\u00eb politik\u00eb dy plus dy b\u00ebjn\u00eb pes\u00eb e jo kat\u00ebr. Ky, m\u00eb n\u00eb fund b\u00ebri nj\u00eb gjest burrnor\u00eb, dhe dha dor\u00ebheqje nga posti i kryetarit t\u00eb PSHDK-\u00ebs, por pasojat mbet\u00ebn. PSHDK -ja mbeti pa kryetarin e saj, p\u00ebr t\u00eb cilin investoi shum\u00eb an\u00ebtar\u00ebsia e gj\u00ebr\u00eb e PSHDK-\u00ebs. Duhet t\u00eb pranohet fakti, se kjo Parti pas largimit p\u00ebr shkak t\u00eb mosh\u00ebs s\u00eb shtyr\u00eb t\u00eb Akademik Mark Krasniqit d\u00ebshtoi dy her\u00eb n\u00eb zgjedhjen e kryetarit t\u00eb saj.<\/p>\n<p>Derisa her\u00ebn e par\u00eb ish kryetari i PSHDK-\u00ebs Ton Marku u dogj\u00eb nga marr\u00ebveshja me Zef Morin\u00ebn, kinse p\u00ebr t&#8217;u b\u00ebr\u00eb bashkimi i k\u00ebsaj Partie, prof.dr. Marjan Dem\u00ebn e dogji marr\u00ebveshja q\u00eb b\u00ebri me partnerin jasht\u00ebgjenetik t\u00eb PSHDK-\u00ebs, me PDK-\u00ebn. Tani kjo parti ndodhet n\u00eb nj\u00eb gjendje, q\u00eb n\u00eb tradit\u00ebn ton\u00eb popullore shqiptare thuhet\u00eb, \u201dN&#8217;hall me rrnue e ngjygj me vdek\u201d. K\u00ebshtu, q\u00eb kjo parti nuk guxon tani e tutje t\u00eb b\u00ebj\u00eb eksperimente politike dhe ta b\u00ebj edhe nj\u00eb gabim t\u00eb tret\u00eb.<\/p>\n<p>Gabim i cili mund t&#8217;i kushtoi me nj\u00eb shkap\u00ebrderdhje t\u00eb plot\u00eb dhe mosmund\u00ebsi p\u00ebr nj\u00eb ringjallje politike. Pra Partia Shqiptare Demokristiane e Kosov\u00ebs duhet t\u00eb ringjallet edhe politikisht. K\u00ebt\u00eb ringjallje politike t\u00eb PSHDK-\u00ebs mund ta b\u00ebj vet\u00ebm populli shqiptar n\u00eb Kosov\u00eb dhe Intelektual\u00ebt mendjendritur, t\u00eb cil\u00ebt \u00e7\u00ebshtjen komb\u00ebtare e vendosin para asaj krahinore, fetare apo klanore. Ringritjen politike t\u00eb Partis\u00eb Shqiptare Demokristiane t\u00eb Kosov\u00ebs un\u00eb personalisht e shoh n\u00eb dy m\u00ebnyra. Menyra e par\u00eb e ngritjes s\u00eb PSHDK-s\u00eb \u00ebsht\u00eb puna q\u00eb po e zhvillojn\u00eb Bashk\u00ebsit\u00eb e Deg\u00ebve t\u00eb PSHDK-s\u00eb n\u00eb Kosov\u00eb si dhe ato n\u00eb Diaspor\u00eb p\u00ebr mbajtjen e nj\u00eb kuvendi zgjedhor me 26 Maj 2012, p\u00ebr zgjedhjen e Kryetarit t\u00eb ri t\u00eb PSHDK-s\u00eb. Dor\u00ebn n\u00eb zem\u00ebr, br\u00ebnda k\u00ebsaj strukture partiake q\u00eb \u00ebsht\u00eb br\u00ebnda PSHDK-\u00ebs s\u00eb sotme, personi me adekuat p\u00ebr drejtimin dhe udh\u00ebheqjen e Partis\u00eb Shqiptare Demokristiane t\u00eb Kosov\u00ebs \u00ebsht\u00eb pik\u00ebrisht n\u00ebnkryetari i par\u00eb i saj, Mark Komani.<\/p>\n<p>Marku p\u00ebr nj\u00eb koh\u00eb t\u00eb gjat\u00eb \u00ebsht\u00eb shtylla kryesore e k\u00ebsaj Partie, i cili ka sherbyer si person unifikues.Ai madje ka edhe nj\u00eb p\u00ebrvoj\u00eb shum\u00eb t\u00eb madhe, si n\u00eb udh\u00ebheqje t\u00eb PSHDK-s\u00eb por edhe n\u00eb at\u00eb t\u00eb udh\u00ebheqjes s\u00eb posteve t\u00eb ndryshme shtet\u00ebrore. Natyrisht\u00eb se zgjedhjen e Mark Komanit do ta p\u00ebrkrahin Bashk\u00ebsit\u00eb e Deg\u00ebve t\u00eb PSHDK-s\u00eb n\u00eb Kosov\u00eb, si edhe Bashk\u00ebsit\u00eb e deg\u00ebve t\u00eb PSHDK-s\u00eb n\u00eb Gjermani, n\u00eb Zvic\u00ebr e Austri. Kur jemi tek Bashk\u00ebsia e Deg\u00ebve t\u00eb PSHDK-s\u00eb n\u00eb Gjermani, nuk mundem pa e p\u00ebrmendur kontributin disa vje\u00e7ar\u00eb q\u00eb dha ish kryetari i PSHDK-s\u00eb n\u00eb Gjermani Gjon Berisha, i cili p\u00ebr ma tep\u00ebr se nj\u00eb dekad\u00eb ishte shtylla kryesore financiare e PSHDK-s\u00eb n\u00eb Kosov\u00eb, si dhe kontributi i kryetarit aktual Luz Thaqi, i cili dha shum\u00eb jo vet\u00ebm materialisht por p\u00ebr disa vite e kreu edhe rolin e kontakteve nderlidh\u00ebse t\u00eb PSHDK-s\u00eb s\u00eb Kosov\u00ebs me politik\u00ebn Evropiane n\u00eb Bruksel, e posaqrisht\u00eb kontaktet me politik\u00ebn gjermane n\u00eb Berlin dhe qytetete tjera t\u00eb Gjermanis\u00eb ku udh\u00ebheqsit e PSHDK-\u00ebs u prit\u00ebn n\u00eb nivele m\u00eb t\u00eb larta partiake dhe shtet\u00ebrore n\u00eb Gjermani. Kontribut t\u00eb \u00e7muar dha edhe Mirash Nrejaj nga Zvicra dhe shum\u00eb demokristian\u00eb tjer\u00eb n\u00eb Zvic\u00ebr, t\u00eb cil\u00ebt edhe ata kontribuan\u00eb me dekada p\u00ebr mbajtjen gjall\u00eb t\u00eb PSHDK-\u00ebs. Ringjallja e PSHDK-\u00ebs n\u00eb Kosov\u00eb do ta v\u00eb n\u00eb veprim edhe PSHDK-\u00ebn n\u00eb Diaspor\u00eb q\u00eb edhe m\u00eb tutje t\u00eb sh\u00ebrbejn\u00eb si ur\u00eb lidh\u00ebse e kontakteve me shtetet per\u00ebndimore.<\/p>\n<p>Kjo q\u00eb po punohet tani p\u00ebr ringjalljen politike t\u00eb PSHDK-s\u00eb \u00ebsht\u00eb nj\u00eb pun\u00eb e mir\u00eb dhe e mbar\u00eb, por \u00ebsht\u00eb vet\u00ebm nj\u00eb ringjallje politike e pjes\u00ebrishme dhe jo e plot\u00eb. Nd\u00ebrsa mendimpropozimi im politik n\u00eb cil\u00ebsin\u00eb e nj\u00eb politikani q\u00eb koh\u00eb t\u00eb gjat\u00eb jam i kyqur direkt n\u00eb rrjedhat e politik\u00ebs gjermane n\u00eb CDU, \u00ebsht\u00eb, q\u00eb Partia Shqiptare Demokristiane e Kosov\u00ebs t\u00eb ringjallet jo vet\u00ebm politikisht n\u00eb disa qytete t\u00eb Kosov\u00ebs ku ka nj\u00eb pjes\u00eb d\u00ebrmuese t\u00eb shumic\u00ebs s\u00eb shqiptar\u00ebve katolik\u00eb, si\u00e7 \u00ebsht\u00eb Gjakova, Klina dhe ndonj\u00eb qytet tjet\u00ebr n\u00eb Kosov\u00eb, por\u00eb q\u00eb p\u00ebrve\u00e7 ringjalljes politike n\u00eb mbar\u00eb Kosov\u00ebn ajo t\u00eb ringjallet edhe shpirtnisht\u00eb. Tani dua t\u00eb jap mendimin se, si mund t\u00eb ndodh\u00eb kjo ringjallje politike dhe shpirt\u00ebrore e PSHDK-\u00ebs n\u00eb t\u00ebr\u00eb Kosov\u00ebn.<\/p>\n<p>Pasiq\u00eb shqiptar\u00ebt gjithmon\u00eb kan\u00eb qen\u00eb t\u00eb shquar p\u00ebr vlerat e bashk\u00ebjetes\u00ebs s\u00eb sh\u00ebndosh\u00eb komb\u00ebtare k\u00ebsaj ringjallje politike dhe shpirt\u00ebrore t\u00eb PSHDK-\u00ebs duhet t&#8217;i prijn\u00eb intelektual\u00eb dhe veprimtar\u00eb t\u00eb mir\u00ebformuar komb\u00ebtarisht.Fillimisht, n\u00eb k\u00ebt\u00eb Parti duhet t\u00eb an\u00ebtarsohen rreth 100 intelektual\u00eb dhe veprimtar\u00eb shqiptar\u00eb t\u00eb besimite islam, dhe rreth 50 intelektual\u00eb shqiptar\u00eb t\u00eb besimit katolik. Pra, t\u00eb b\u00ebhet nj\u00eb nd\u00ebrlidhje e fort\u00eb komb\u00ebtare, dhe intelektual\u00ebt shqiptar\u00eb nga t\u00eb dy besimet t\u00eb punojn\u00eb ngusht\u00eb si dy krah\u00ebt e shqiponj\u00ebs dykrenare p\u00ebr ringjalljen politike t\u00eb PSHDK-\u00ebs, e cila do t\u00eb jet nj\u00eb ringjallje e kthimit t\u00eb orjentimit politik t\u00eb Kosov\u00ebs, nga ai pansllavisto &#8211; aziatik, q\u00eb \u00ebsht\u00eb tani n\u00eb orjentimin politik Evropian.<\/p>\n<p>N\u00eb krye t\u00eb k\u00ebsaj ringjallje politike t\u00eb PSHDK-\u00ebs duhet t\u00eb vendoset heroi i gjall\u00eb i kombit shqiptar, komandanti legjendar i Koshar\u00ebs Legjendare, q\u00eb pas nj\u00eb shekulli theu kufirin shqiptar &#8211; shqiptar, pra, atdhetari dhe politikani Anton Quni. Madje, t\u00eb gjith\u00eb ata oficer\u00eb t\u00eb U\u00c7K-\u00ebs si dhe ushtar\u00eb t\u00eb komandant Anton Qunit n\u00eb Koshare por edhe n\u00eb mbar\u00eb Kosov\u00ebn q\u00eb ja besuan jet\u00ebn n\u00eb luft\u00eb, ata duhet t&#8217;i besojn\u00eb edhe projektit politik t\u00eb komandantit t\u00eb tyre n\u00eb paqe. Dhe Partia Shqiptare Demokristiane e Kosov\u00ebs n\u00eb krye m\u00eb Anton Qunin t\u00eb shtrihet n\u00eb t\u00eb gjitha viset e Kosov\u00ebs, pra, t\u00eb ket\u00eb deg\u00ebt e veta n\u00eb Drenic\u00eb e Dukagjin, Llap e Gollap, Prishtin\u00eb, Gjilan, Pej\u00eb, Ferizaj, Prizren, Mitrovic\u00eb, Gjakov\u00eb dhe n\u00eb mbar\u00eb Kosov\u00ebn.Kjo Parti n\u00eb t\u00eb ardhm\u00ebn t\u00eb luan nj\u00eb rol t\u00eb v\u00ebrtet\u00eb politik, ku me nj\u00eb Parti Shqiptare Demokristiane t\u00eb fort\u00eb, q\u00eb \u00ebsht\u00eb nd\u00ebr partit\u00eb e rralla n\u00eb Kosov\u00eb q\u00eb e mban\u00eb emrin Shqiptare, Kosova ta gjej\u00eb rrug\u00ebn e saj drejt Evrop\u00ebs.<\/p>\n<p>E kjo rrug\u00eb n\u00eb Kosov\u00eb mund t\u00eb vije m\u00eb shpejt\u00eb kur Partia Shqiptare Demokristiane e Kosov\u00ebs t\u00eb ringjallet politkisht nd\u00ebrsa populli shqiptar n\u00eb Kosov\u00eb shpirterisht. Kjo do t\u00eb jet edhe nj\u00eb baz\u00eb e fort\u00eb e nj\u00eb koalicioni t\u00eb Djatht\u00eb politik, q\u00eb do t\u00eb b\u00ebhet n\u00eb zgjedhjet e ardhshme n\u00eb Kosov\u00eb, ku Partis\u00eb Shqiptare Demokristiane t\u00eb Kosov\u00ebs ti lihet n\u00eb udh\u00ebheqje posti i kryetarit t\u00eb Parlamentit t\u00eb Kosov\u00ebs si dhe ai i Ministrit t\u00eb pun\u00ebve t\u00eb jashtme t\u00eb Kosov\u00ebs, sepse lufta politike dhe diplomatike me Serbin\u00eb dhe aleat\u00ebt e saj Rusin\u00eb,Greqin,dhe shtetet Aziatike, do t\u00eb jet e gjat\u00eb, dhe nuk guxon t\u00eb na z\u00ebn t\u00eb pap\u00ebrgaditur apo n\u00eb nj\u00eb gjendje kome klinike, si\u00e7 \u00ebsht\u00eb sot Qeveria e Republik\u00ebs s\u00eb Kosov\u00ebs.<\/p>\n","protected":false},"excerpt":{"rendered":"<p>Mr.sc. Nue Oroshi Qysh n\u00eb 4 N\u00ebntorin e vitit 1990, tash e m\u00eb shum\u00eb s\u00eb 21 vite m\u00eb par\u00eb, n\u00eb qytetin e Jak Vul\u00ebs n\u00eb Gjakov\u00eb, n\u00eb qytetin ku shpeshher\u00eb u g\u00ebrshetuan dy taborre politike, ajo e vizionit komb\u00ebtar dhe proevropian, si dhe ajo e vizionit pansllavist apo komunist, u themelua Partia Shqiptare Demokristiane e [&hellip;]<\/p>\n","protected":false},"author":1,"featured_media":0,"comment_status":"open","ping_status":"closed","sticky":false,"template":"","format":"standard","meta":{"footnotes":""},"categories":[2],"tags":[],"class_list":{"0":"post-11754","1":"post","2":"type-post","3":"status-publish","4":"format-standard","6":"category-artikuj"},"yoast_head":"<!-- This site is optimized with the Yoast SEO plugin v27.4 - https:\/\/yoast.com\/product\/yoast-seo-wordpress\/ -->\n<title>Partia Shqiptare Demokristiane e Kosov\u00ebs duhet t\u00eb ringjallet politikisht, e populli shqiptar n\u00eb Kosov\u00eb shpirt\u00ebrisht - FjALA e LIR\u00cb - Arkivi<\/title>\n<meta name=\"robots\" content=\"index, follow, max-snippet:-1, max-image-preview:large, max-video-preview:-1\" \/>\n<link rel=\"canonical\" href=\"https:\/\/fjala.info\/2009-2015\/partia-shqiptare-demokristiane-e-kosoves-duhet-te-ringjallet-politikisht-e-populli-shqiptar-ne-kosove-shpirterisht\/\" \/>\n<meta property=\"og:locale\" content=\"sq_AL\" \/>\n<meta property=\"og:type\" content=\"article\" \/>\n<meta property=\"og:title\" content=\"Partia Shqiptare Demokristiane e Kosov\u00ebs duhet t\u00eb ringjallet politikisht, e populli shqiptar n\u00eb Kosov\u00eb shpirt\u00ebrisht - FjALA e LIR\u00cb - Arkivi\" \/>\n<meta property=\"og:description\" content=\"Mr.sc. Nue Oroshi Qysh n\u00eb 4 N\u00ebntorin e vitit 1990, tash e m\u00eb shum\u00eb s\u00eb 21 vite m\u00eb par\u00eb, n\u00eb qytetin e Jak Vul\u00ebs n\u00eb Gjakov\u00eb, n\u00eb qytetin ku shpeshher\u00eb u g\u00ebrshetuan dy taborre politike, ajo e vizionit komb\u00ebtar dhe proevropian, si dhe ajo e vizionit pansllavist apo komunist, u themelua Partia Shqiptare Demokristiane e [&hellip;]\" \/>\n<meta property=\"og:url\" content=\"https:\/\/fjala.info\/2009-2015\/partia-shqiptare-demokristiane-e-kosoves-duhet-te-ringjallet-politikisht-e-populli-shqiptar-ne-kosove-shpirterisht\/\" \/>\n<meta property=\"og:site_name\" content=\"FjALA e LIR\u00cb - Arkivi\" \/>\n<meta property=\"article:published_time\" content=\"2012-04-02T21:38:56+00:00\" \/>\n<meta property=\"og:image\" content=\"http:\/\/www.shkoder.net\/2012\/nue_oroshi.jpg\" \/>\n<meta name=\"author\" content=\"admin\" \/>\n<meta name=\"twitter:card\" content=\"summary_large_image\" \/>\n<meta name=\"twitter:label1\" content=\"Written by\" \/>\n\t<meta name=\"twitter:data1\" content=\"admin\" \/>\n\t<meta name=\"twitter:label2\" content=\"Est. reading time\" \/>\n\t<meta name=\"twitter:data2\" content=\"9 minutes\" \/>\n<script type=\"application\/ld+json\" class=\"yoast-schema-graph\">{\"@context\":\"https:\\\/\\\/schema.org\",\"@graph\":[{\"@type\":\"Article\",\"@id\":\"https:\\\/\\\/fjala.info\\\/2009-2015\\\/partia-shqiptare-demokristiane-e-kosoves-duhet-te-ringjallet-politikisht-e-populli-shqiptar-ne-kosove-shpirterisht\\\/#article\",\"isPartOf\":{\"@id\":\"https:\\\/\\\/fjala.info\\\/2009-2015\\\/partia-shqiptare-demokristiane-e-kosoves-duhet-te-ringjallet-politikisht-e-populli-shqiptar-ne-kosove-shpirterisht\\\/\"},\"author\":{\"name\":\"admin\",\"@id\":\"https:\\\/\\\/fjala.info\\\/2009-2015\\\/#\\\/schema\\\/person\\\/3aa1163ef05469c496fc94e77611ada2\"},\"headline\":\"Partia Shqiptare Demokristiane e Kosov\u00ebs duhet t\u00eb ringjallet politikisht, e populli shqiptar n\u00eb Kosov\u00eb shpirt\u00ebrisht\",\"datePublished\":\"2012-04-02T21:38:56+00:00\",\"mainEntityOfPage\":{\"@id\":\"https:\\\/\\\/fjala.info\\\/2009-2015\\\/partia-shqiptare-demokristiane-e-kosoves-duhet-te-ringjallet-politikisht-e-populli-shqiptar-ne-kosove-shpirterisht\\\/\"},\"wordCount\":1839,\"commentCount\":0,\"publisher\":{\"@id\":\"https:\\\/\\\/fjala.info\\\/2009-2015\\\/#organization\"},\"image\":{\"@id\":\"https:\\\/\\\/fjala.info\\\/2009-2015\\\/partia-shqiptare-demokristiane-e-kosoves-duhet-te-ringjallet-politikisht-e-populli-shqiptar-ne-kosove-shpirterisht\\\/#primaryimage\"},\"thumbnailUrl\":\"http:\\\/\\\/www.shkoder.net\\\/2012\\\/nue_oroshi.jpg\",\"articleSection\":[\"Artikuj\"],\"inLanguage\":\"sq-AL\",\"potentialAction\":[{\"@type\":\"CommentAction\",\"name\":\"Comment\",\"target\":[\"https:\\\/\\\/fjala.info\\\/2009-2015\\\/partia-shqiptare-demokristiane-e-kosoves-duhet-te-ringjallet-politikisht-e-populli-shqiptar-ne-kosove-shpirterisht\\\/#respond\"]}]},{\"@type\":\"WebPage\",\"@id\":\"https:\\\/\\\/fjala.info\\\/2009-2015\\\/partia-shqiptare-demokristiane-e-kosoves-duhet-te-ringjallet-politikisht-e-populli-shqiptar-ne-kosove-shpirterisht\\\/\",\"url\":\"https:\\\/\\\/fjala.info\\\/2009-2015\\\/partia-shqiptare-demokristiane-e-kosoves-duhet-te-ringjallet-politikisht-e-populli-shqiptar-ne-kosove-shpirterisht\\\/\",\"name\":\"Partia Shqiptare Demokristiane e Kosov\u00ebs duhet t\u00eb ringjallet politikisht, e populli shqiptar n\u00eb Kosov\u00eb shpirt\u00ebrisht - FjALA e LIR\u00cb - Arkivi\",\"isPartOf\":{\"@id\":\"https:\\\/\\\/fjala.info\\\/2009-2015\\\/#website\"},\"primaryImageOfPage\":{\"@id\":\"https:\\\/\\\/fjala.info\\\/2009-2015\\\/partia-shqiptare-demokristiane-e-kosoves-duhet-te-ringjallet-politikisht-e-populli-shqiptar-ne-kosove-shpirterisht\\\/#primaryimage\"},\"image\":{\"@id\":\"https:\\\/\\\/fjala.info\\\/2009-2015\\\/partia-shqiptare-demokristiane-e-kosoves-duhet-te-ringjallet-politikisht-e-populli-shqiptar-ne-kosove-shpirterisht\\\/#primaryimage\"},\"thumbnailUrl\":\"http:\\\/\\\/www.shkoder.net\\\/2012\\\/nue_oroshi.jpg\",\"datePublished\":\"2012-04-02T21:38:56+00:00\",\"breadcrumb\":{\"@id\":\"https:\\\/\\\/fjala.info\\\/2009-2015\\\/partia-shqiptare-demokristiane-e-kosoves-duhet-te-ringjallet-politikisht-e-populli-shqiptar-ne-kosove-shpirterisht\\\/#breadcrumb\"},\"inLanguage\":\"sq-AL\",\"potentialAction\":[{\"@type\":\"ReadAction\",\"target\":[\"https:\\\/\\\/fjala.info\\\/2009-2015\\\/partia-shqiptare-demokristiane-e-kosoves-duhet-te-ringjallet-politikisht-e-populli-shqiptar-ne-kosove-shpirterisht\\\/\"]}]},{\"@type\":\"ImageObject\",\"inLanguage\":\"sq-AL\",\"@id\":\"https:\\\/\\\/fjala.info\\\/2009-2015\\\/partia-shqiptare-demokristiane-e-kosoves-duhet-te-ringjallet-politikisht-e-populli-shqiptar-ne-kosove-shpirterisht\\\/#primaryimage\",\"url\":\"http:\\\/\\\/www.shkoder.net\\\/2012\\\/nue_oroshi.jpg\",\"contentUrl\":\"http:\\\/\\\/www.shkoder.net\\\/2012\\\/nue_oroshi.jpg\"},{\"@type\":\"BreadcrumbList\",\"@id\":\"https:\\\/\\\/fjala.info\\\/2009-2015\\\/partia-shqiptare-demokristiane-e-kosoves-duhet-te-ringjallet-politikisht-e-populli-shqiptar-ne-kosove-shpirterisht\\\/#breadcrumb\",\"itemListElement\":[{\"@type\":\"ListItem\",\"position\":1,\"name\":\"Home\",\"item\":\"https:\\\/\\\/fjala.info\\\/2009-2015\\\/\"},{\"@type\":\"ListItem\",\"position\":2,\"name\":\"Partia Shqiptare Demokristiane e Kosov\u00ebs duhet t\u00eb ringjallet politikisht, e populli shqiptar n\u00eb Kosov\u00eb shpirt\u00ebrisht\"}]},{\"@type\":\"WebSite\",\"@id\":\"https:\\\/\\\/fjala.info\\\/2009-2015\\\/#website\",\"url\":\"https:\\\/\\\/fjala.info\\\/2009-2015\\\/\",\"name\":\"FjALA e LIR\u00cb - Arkivi\",\"description\":\"Arkivi 2009-2015\",\"publisher\":{\"@id\":\"https:\\\/\\\/fjala.info\\\/2009-2015\\\/#organization\"},\"potentialAction\":[{\"@type\":\"SearchAction\",\"target\":{\"@type\":\"EntryPoint\",\"urlTemplate\":\"https:\\\/\\\/fjala.info\\\/2009-2015\\\/?s={search_term_string}\"},\"query-input\":{\"@type\":\"PropertyValueSpecification\",\"valueRequired\":true,\"valueName\":\"search_term_string\"}}],\"inLanguage\":\"sq-AL\"},{\"@type\":\"Organization\",\"@id\":\"https:\\\/\\\/fjala.info\\\/2009-2015\\\/#organization\",\"name\":\"FjALA e LIR\u00cb - Arkivi\",\"url\":\"https:\\\/\\\/fjala.info\\\/2009-2015\\\/\",\"logo\":{\"@type\":\"ImageObject\",\"inLanguage\":\"sq-AL\",\"@id\":\"https:\\\/\\\/fjala.info\\\/2009-2015\\\/#\\\/schema\\\/logo\\\/image\\\/\",\"url\":\"\",\"contentUrl\":\"\",\"caption\":\"FjALA e LIR\u00cb - Arkivi\"},\"image\":{\"@id\":\"https:\\\/\\\/fjala.info\\\/2009-2015\\\/#\\\/schema\\\/logo\\\/image\\\/\"}},{\"@type\":\"Person\",\"@id\":\"https:\\\/\\\/fjala.info\\\/2009-2015\\\/#\\\/schema\\\/person\\\/3aa1163ef05469c496fc94e77611ada2\",\"name\":\"admin\",\"image\":{\"@type\":\"ImageObject\",\"inLanguage\":\"sq-AL\",\"@id\":\"https:\\\/\\\/fjala.info\\\/2009-2015\\\/wp-content\\\/uploads\\\/2012\\\/02\\\/arben_cokaj-120x150.jpg\",\"url\":\"https:\\\/\\\/fjala.info\\\/2009-2015\\\/wp-content\\\/uploads\\\/2012\\\/02\\\/arben_cokaj-120x150.jpg\",\"contentUrl\":\"https:\\\/\\\/fjala.info\\\/2009-2015\\\/wp-content\\\/uploads\\\/2012\\\/02\\\/arben_cokaj-120x150.jpg\",\"caption\":\"admin\"},\"description\":\"Admin, Fjala e Lir\u00eb\",\"sameAs\":[\"https:\\\/\\\/fjala.info\\\/\"],\"url\":\"https:\\\/\\\/fjala.info\\\/2009-2015\\\/author\\\/admin\\\/\"}]}<\/script>\n<!-- \/ Yoast SEO plugin. -->","yoast_head_json":{"title":"Partia Shqiptare Demokristiane e Kosov\u00ebs duhet t\u00eb ringjallet politikisht, e populli shqiptar n\u00eb Kosov\u00eb shpirt\u00ebrisht - FjALA e LIR\u00cb - Arkivi","robots":{"index":"index","follow":"follow","max-snippet":"max-snippet:-1","max-image-preview":"max-image-preview:large","max-video-preview":"max-video-preview:-1"},"canonical":"https:\/\/fjala.info\/2009-2015\/partia-shqiptare-demokristiane-e-kosoves-duhet-te-ringjallet-politikisht-e-populli-shqiptar-ne-kosove-shpirterisht\/","og_locale":"sq_AL","og_type":"article","og_title":"Partia Shqiptare Demokristiane e Kosov\u00ebs duhet t\u00eb ringjallet politikisht, e populli shqiptar n\u00eb Kosov\u00eb shpirt\u00ebrisht - FjALA e LIR\u00cb - Arkivi","og_description":"Mr.sc. Nue Oroshi Qysh n\u00eb 4 N\u00ebntorin e vitit 1990, tash e m\u00eb shum\u00eb s\u00eb 21 vite m\u00eb par\u00eb, n\u00eb qytetin e Jak Vul\u00ebs n\u00eb Gjakov\u00eb, n\u00eb qytetin ku shpeshher\u00eb u g\u00ebrshetuan dy taborre politike, ajo e vizionit komb\u00ebtar dhe proevropian, si dhe ajo e vizionit pansllavist apo komunist, u themelua Partia Shqiptare Demokristiane e [&hellip;]","og_url":"https:\/\/fjala.info\/2009-2015\/partia-shqiptare-demokristiane-e-kosoves-duhet-te-ringjallet-politikisht-e-populli-shqiptar-ne-kosove-shpirterisht\/","og_site_name":"FjALA e LIR\u00cb - Arkivi","article_published_time":"2012-04-02T21:38:56+00:00","og_image":[{"url":"http:\/\/www.shkoder.net\/2012\/nue_oroshi.jpg","type":"","width":"","height":""}],"author":"admin","twitter_card":"summary_large_image","twitter_misc":{"Written by":"admin","Est. reading time":"9 minutes"},"schema":{"@context":"https:\/\/schema.org","@graph":[{"@type":"Article","@id":"https:\/\/fjala.info\/2009-2015\/partia-shqiptare-demokristiane-e-kosoves-duhet-te-ringjallet-politikisht-e-populli-shqiptar-ne-kosove-shpirterisht\/#article","isPartOf":{"@id":"https:\/\/fjala.info\/2009-2015\/partia-shqiptare-demokristiane-e-kosoves-duhet-te-ringjallet-politikisht-e-populli-shqiptar-ne-kosove-shpirterisht\/"},"author":{"name":"admin","@id":"https:\/\/fjala.info\/2009-2015\/#\/schema\/person\/3aa1163ef05469c496fc94e77611ada2"},"headline":"Partia Shqiptare Demokristiane e Kosov\u00ebs duhet t\u00eb ringjallet politikisht, e populli shqiptar n\u00eb Kosov\u00eb shpirt\u00ebrisht","datePublished":"2012-04-02T21:38:56+00:00","mainEntityOfPage":{"@id":"https:\/\/fjala.info\/2009-2015\/partia-shqiptare-demokristiane-e-kosoves-duhet-te-ringjallet-politikisht-e-populli-shqiptar-ne-kosove-shpirterisht\/"},"wordCount":1839,"commentCount":0,"publisher":{"@id":"https:\/\/fjala.info\/2009-2015\/#organization"},"image":{"@id":"https:\/\/fjala.info\/2009-2015\/partia-shqiptare-demokristiane-e-kosoves-duhet-te-ringjallet-politikisht-e-populli-shqiptar-ne-kosove-shpirterisht\/#primaryimage"},"thumbnailUrl":"http:\/\/www.shkoder.net\/2012\/nue_oroshi.jpg","articleSection":["Artikuj"],"inLanguage":"sq-AL","potentialAction":[{"@type":"CommentAction","name":"Comment","target":["https:\/\/fjala.info\/2009-2015\/partia-shqiptare-demokristiane-e-kosoves-duhet-te-ringjallet-politikisht-e-populli-shqiptar-ne-kosove-shpirterisht\/#respond"]}]},{"@type":"WebPage","@id":"https:\/\/fjala.info\/2009-2015\/partia-shqiptare-demokristiane-e-kosoves-duhet-te-ringjallet-politikisht-e-populli-shqiptar-ne-kosove-shpirterisht\/","url":"https:\/\/fjala.info\/2009-2015\/partia-shqiptare-demokristiane-e-kosoves-duhet-te-ringjallet-politikisht-e-populli-shqiptar-ne-kosove-shpirterisht\/","name":"Partia Shqiptare Demokristiane e Kosov\u00ebs duhet t\u00eb ringjallet politikisht, e populli shqiptar n\u00eb Kosov\u00eb shpirt\u00ebrisht - FjALA e LIR\u00cb - Arkivi","isPartOf":{"@id":"https:\/\/fjala.info\/2009-2015\/#website"},"primaryImageOfPage":{"@id":"https:\/\/fjala.info\/2009-2015\/partia-shqiptare-demokristiane-e-kosoves-duhet-te-ringjallet-politikisht-e-populli-shqiptar-ne-kosove-shpirterisht\/#primaryimage"},"image":{"@id":"https:\/\/fjala.info\/2009-2015\/partia-shqiptare-demokristiane-e-kosoves-duhet-te-ringjallet-politikisht-e-populli-shqiptar-ne-kosove-shpirterisht\/#primaryimage"},"thumbnailUrl":"http:\/\/www.shkoder.net\/2012\/nue_oroshi.jpg","datePublished":"2012-04-02T21:38:56+00:00","breadcrumb":{"@id":"https:\/\/fjala.info\/2009-2015\/partia-shqiptare-demokristiane-e-kosoves-duhet-te-ringjallet-politikisht-e-populli-shqiptar-ne-kosove-shpirterisht\/#breadcrumb"},"inLanguage":"sq-AL","potentialAction":[{"@type":"ReadAction","target":["https:\/\/fjala.info\/2009-2015\/partia-shqiptare-demokristiane-e-kosoves-duhet-te-ringjallet-politikisht-e-populli-shqiptar-ne-kosove-shpirterisht\/"]}]},{"@type":"ImageObject","inLanguage":"sq-AL","@id":"https:\/\/fjala.info\/2009-2015\/partia-shqiptare-demokristiane-e-kosoves-duhet-te-ringjallet-politikisht-e-populli-shqiptar-ne-kosove-shpirterisht\/#primaryimage","url":"http:\/\/www.shkoder.net\/2012\/nue_oroshi.jpg","contentUrl":"http:\/\/www.shkoder.net\/2012\/nue_oroshi.jpg"},{"@type":"BreadcrumbList","@id":"https:\/\/fjala.info\/2009-2015\/partia-shqiptare-demokristiane-e-kosoves-duhet-te-ringjallet-politikisht-e-populli-shqiptar-ne-kosove-shpirterisht\/#breadcrumb","itemListElement":[{"@type":"ListItem","position":1,"name":"Home","item":"https:\/\/fjala.info\/2009-2015\/"},{"@type":"ListItem","position":2,"name":"Partia Shqiptare Demokristiane e Kosov\u00ebs duhet t\u00eb ringjallet politikisht, e populli shqiptar n\u00eb Kosov\u00eb shpirt\u00ebrisht"}]},{"@type":"WebSite","@id":"https:\/\/fjala.info\/2009-2015\/#website","url":"https:\/\/fjala.info\/2009-2015\/","name":"FjALA e LIR\u00cb - Arkivi","description":"Arkivi 2009-2015","publisher":{"@id":"https:\/\/fjala.info\/2009-2015\/#organization"},"potentialAction":[{"@type":"SearchAction","target":{"@type":"EntryPoint","urlTemplate":"https:\/\/fjala.info\/2009-2015\/?s={search_term_string}"},"query-input":{"@type":"PropertyValueSpecification","valueRequired":true,"valueName":"search_term_string"}}],"inLanguage":"sq-AL"},{"@type":"Organization","@id":"https:\/\/fjala.info\/2009-2015\/#organization","name":"FjALA e LIR\u00cb - Arkivi","url":"https:\/\/fjala.info\/2009-2015\/","logo":{"@type":"ImageObject","inLanguage":"sq-AL","@id":"https:\/\/fjala.info\/2009-2015\/#\/schema\/logo\/image\/","url":"","contentUrl":"","caption":"FjALA e LIR\u00cb - Arkivi"},"image":{"@id":"https:\/\/fjala.info\/2009-2015\/#\/schema\/logo\/image\/"}},{"@type":"Person","@id":"https:\/\/fjala.info\/2009-2015\/#\/schema\/person\/3aa1163ef05469c496fc94e77611ada2","name":"admin","image":{"@type":"ImageObject","inLanguage":"sq-AL","@id":"https:\/\/fjala.info\/2009-2015\/wp-content\/uploads\/2012\/02\/arben_cokaj-120x150.jpg","url":"https:\/\/fjala.info\/2009-2015\/wp-content\/uploads\/2012\/02\/arben_cokaj-120x150.jpg","contentUrl":"https:\/\/fjala.info\/2009-2015\/wp-content\/uploads\/2012\/02\/arben_cokaj-120x150.jpg","caption":"admin"},"description":"Admin, Fjala e Lir\u00eb","sameAs":["https:\/\/fjala.info\/"],"url":"https:\/\/fjala.info\/2009-2015\/author\/admin\/"}]}},"_links":{"self":[{"href":"https:\/\/fjala.info\/2009-2015\/wp-json\/wp\/v2\/posts\/11754","targetHints":{"allow":["GET"]}}],"collection":[{"href":"https:\/\/fjala.info\/2009-2015\/wp-json\/wp\/v2\/posts"}],"about":[{"href":"https:\/\/fjala.info\/2009-2015\/wp-json\/wp\/v2\/types\/post"}],"author":[{"embeddable":true,"href":"https:\/\/fjala.info\/2009-2015\/wp-json\/wp\/v2\/users\/1"}],"replies":[{"embeddable":true,"href":"https:\/\/fjala.info\/2009-2015\/wp-json\/wp\/v2\/comments?post=11754"}],"version-history":[{"count":0,"href":"https:\/\/fjala.info\/2009-2015\/wp-json\/wp\/v2\/posts\/11754\/revisions"}],"wp:attachment":[{"href":"https:\/\/fjala.info\/2009-2015\/wp-json\/wp\/v2\/media?parent=11754"}],"wp:term":[{"taxonomy":"category","embeddable":true,"href":"https:\/\/fjala.info\/2009-2015\/wp-json\/wp\/v2\/categories?post=11754"},{"taxonomy":"post_tag","embeddable":true,"href":"https:\/\/fjala.info\/2009-2015\/wp-json\/wp\/v2\/tags?post=11754"}],"curies":[{"name":"wp","href":"https:\/\/api.w.org\/{rel}","templated":true}]}}