{"id":11753,"date":"2012-04-02T09:43:13","date_gmt":"2012-04-02T08:43:13","guid":{"rendered":"http:\/\/fjala.shkoder.net\/?p=2309"},"modified":"2012-04-02T09:43:13","modified_gmt":"2012-04-02T08:43:13","slug":"i-mjeri-une-per-ty","status":"publish","type":"post","link":"https:\/\/fjala.info\/2009-2015\/i-mjeri-une-per-ty\/","title":{"rendered":"\u201cI mjeri un\u00eb p\u00ebr ty\u2026\u201d"},"content":{"rendered":"<p><img decoding=\"async\" class=\"alignright size-thumbnail wp-image-7236\" title=\"Fatbardh Kadilli\" src=\"http:\/\/www.shkoder.net\/2012\/fatbardh_kadilli.jpg\" alt=\"\" width=\"250\" \/> Nga <strong>Ilirjan Blloshmi<\/strong>, <em>30 Mars 2012<\/em><\/p>\n<p>Fatbardh Kadilli n\u00eb nj\u00eb artikull me titull \u201cBorxhi ndaj t\u00eb p\u00ebrndjekurve dhe e majta\u201d, botuar n\u00eb gazet\u00ebn Panorama n\u00eb 30 mars 2012. shkruan: \u201cShoq\u00ebria shqiptare vuan ende dhimbjen q\u00eb ka l\u00ebn\u00eb \u00e7arja e madhe m\u00eb shum\u00eb se gjysm\u00ebshekullore e diktatur\u00ebs komuniste. \u00c7arje q\u00eb e p\u00ebrshkoi mesp\u00ebrmes shoq\u00ebrin\u00eb dhe q\u00eb e ndau at\u00eb n\u00eb dhunues dhe t\u00eb dhunuar, n\u00eb persekutor\u00eb dhe t\u00eb persekutuar. Dhunues q\u00eb, n\u00eb em\u00ebr t\u00eb nj\u00eb ideali mashtrues, ende duan t\u00eb mashtrojn\u00eb ata q\u00eb dikur i dhunuan. Persekutor\u00eb q\u00eb, nga etja p\u00ebr sundim, ende duan t\u00eb sundojn\u00eb ata q\u00eb dikur i persekutuan. Shoq\u00ebria shqiptare nuk do t\u00eb gjej\u00eb dot prehje sa koh\u00eb nuk shlyen m\u00ebkatin e nj\u00eb pjese t\u00eb saj ndaj nj\u00eb pjese tjet\u00ebr. Sot, edhe pse ka nj\u00eb mir\u00ebkuptim m\u00eb t\u00eb madh p\u00ebr nj\u00eb gjest zhd\u00ebmtimi ndaj atyre q\u00eb p\u00ebsuan, q\u00eb vuajt\u00ebn padrejt\u00ebsisht n\u00ebn diktatur\u00eb, sot, edhe pse ky zhd\u00ebmtim pranohet publikisht nga t\u00eb gjitha pal\u00ebt, jemi fatkeq\u00ebsisht ende larg shlyerjes s\u00eb k\u00ebtij detyrimi t\u00eb madh\u201d.<\/p>\n<p>Z. Kadilli, ish t\u00eb p\u00ebrndjekurit nuk kan\u00eb qen\u00eb asnj\u00ebher\u00eb kund\u00ebr PD, jan\u00eb pik\u00ebrisht ish t\u00eb p\u00ebrndjekurit q\u00eb kan\u00eb mb\u00ebshtetur dhe mbajtur n\u00eb k\u00ebmb\u00eb PD dhe juve (pasi dihet bot\u00ebrisht se kush jeni ju), \u00ebsht\u00eb pik\u00ebrisht PD dhe Berisha kund\u00ebr nesh zoti Kadilli, pasi PD-n\u00eb e sotme e kan\u00eb mbushur bijt\u00eb e komunist\u00ebve, si\u00e7 jeni dhe ju, sot PD e drejton nj\u00eb ish-sekretar partie. Sot n\u00eb PD nuk ka vend p\u00ebr ish-t\u00eb p\u00ebrndjekurit se vendet i kane z\u00ebn\u00eb ish- brigadier\u00ebt, ish- punonj\u00ebsit e sigurimit, etj, etj. E gjith\u00eb kjo zhurm\u00eb nga PD b\u00ebhet p\u00ebr tu grabitur at\u00eb vot\u00eb k\u00ebsaj kategorie, por t\u00eb jeni i bindur ju dhe ish-sekretari i PPSH q\u00eb k\u00ebt\u00eb her\u00eb votat tona nuk i merrni m\u00eb. <\/p>\n<p>N\u00eb nj\u00eb shoq\u00ebri demokratike vota \u00ebsht\u00eb shprehje e lir\u00eb e vullnetit t\u00eb \u00e7do individi, nj\u00ebkoh\u00ebsisht shprehje ekskluzive e tij, dhe \u00e7do tentativ\u00eb p\u00ebr ta orientuar at\u00eb pa mandate p\u00ebrfaq\u00ebsimi v\u00eb n\u00eb dyshim moralin e tentuesit. K\u00eb p\u00ebrfaq\u00ebson ti q\u00eb na inkurajon \u201cnaivisht\u201d q\u00eb ne t\u00eb vazhdojm\u00eb vet\u00ebprangosjen ton\u00eb drejt zhg\u00ebnjimeve pafund q\u00eb na ka afruar me boll\u00ebk deri tani pushteti berishian? M\u00eb kot mundohesh me dordolecin komunist t\u00eb mbush\u00ebsh mendjet e tejmbushura nga gogoli neokomunist e pseudodemokrat q\u00eb kemi p\u00ebrball\u00eb.<\/p>\n<p>PS-ja n\u00eb 2004-n me ligjin e at\u00ebhersh\u00ebm t\u00eb d\u00ebmshp\u00ebrblimit iu paraqit fatura e tejfryr\u00eb me 204 miliard\u00eb lek\u00eb t\u00eb reja, kur pothuajse aq ishte buxheti vjetor i vendit, nd\u00ebrsa Berisha n\u00eb 7 vjet n\u00eb pushtet nuk ka dh\u00ebn\u00eb as 4 miliard\u00eb lek\u00eb kur buxheti i vendit \u00ebsht\u00eb trefishuar. N\u00eb 2005-\u00ebn, kur Berisha erdhi n\u00eb pushtet b\u00ebri nj\u00eb intervist\u00eb dhe deklaroi se jo vet\u00ebm do ta shlyente at\u00eb fatur\u00eb t\u00eb tejfryr\u00eb brenda nj\u00eb legjislature, por dhe se do ta shtrinte m\u00eb tej spektrin e d\u00ebmshp\u00ebrblimit, duke marr\u00eb n\u00eb konsiderat\u00eb edhe d\u00ebmtimet morale e shpirt\u00ebrore dhe fizike t\u00eb shkaktuar nga regjimi i kaluar. Kjo deklarate ishte sa ironike dhe mjerane nga nj\u00eb njeri q\u00eb i ka urryer t\u00eb p\u00ebrndjekurit. \u00cbsht\u00eb ky kryeminist\u00ebr q\u00eb m\u00eb duket si ushtari i mir\u00eb Zhvejk q\u00eb nuk po pranon propozimin e PS q\u00eb ish t\u00eb p\u00ebrndjekurit, q\u00eb jan\u00eb mbi 75 vje\u00e7 t\u00eb d\u00ebmshp\u00ebrblehen totalisht. \u00cbsht\u00eb po ky kryeminist\u00ebr q\u00eb v\u00eb n\u00eb l\u00ebvizje \u00e7do sistem t\u00eb agjentur\u00ebs p\u00ebr t\u00eb b\u00ebr\u00eb presione mbi ata ish-t\u00eb p\u00ebrndjekur q\u00eb i dalin kund\u00ebr.<\/p>\n<p>Z.Kadilli me nj\u00eb leht\u00ebsi shum\u00eb t\u00eb thjeshte ju shkruani se ish-t\u00eb p\u00ebrndjekurit jan\u00eb pjes\u00eb e PD. Stop, stop k\u00ebtu se po thoni di\u00e7ka q\u00eb nuk \u00ebsht\u00eb e v\u00ebrtet\u00eb, shqiptar\u00ebt besuan se do t\u00eb ishin qytetar\u00eb t\u00eb lir\u00eb n\u00eb nj\u00eb vend t\u00eb lir\u00eb dhe sot jan\u00eb m\u00eb t\u00eb zhg\u00ebnjyer se kurr\u00eb, ish-pronar\u00ebt e mbetur pa pron\u00eb, t\u00eb burgosurit t\u00eb cil\u00ebt po vdesin \u00e7do dit\u00eb n\u00eb pritje t\u00eb d\u00ebmshp\u00ebrblimit dhe gjith\u00eb ish-t\u00eb p\u00ebrndjekurit e tjer\u00eb gjithashtu t\u00eb n\u00ebp\u00ebrk\u00ebmbur nga pushteti aktual i PD-s\u00eb dhe Berish\u00ebs. A nuk t\u00eb vrasin syt\u00eb sadopak afishimet e p\u00ebrditshme t\u00eb vdekjeve, q\u00eb ti i shikon para se t\u00eb vesh n\u00eb zyr\u00eb? A nuk t\u00eb dhimbsen ata mjeran\u00eb q\u00eb t\u00eb trokasin \u00e7do dit\u00eb p\u00ebr t\u2019u zgjidhur ndonj\u00eb hall dhe ti ve\u00e7 i p\u00ebrcjell me fjal\u00eb t\u00eb mira se nuk mundesh t\u2019i ndihmosh?<\/p>\n<p>Dhe pa t\u00eb b\u00ebr\u00eb pazare nen tavoline ti nuk ja zgjidh problemin. Qeveria juaj n\u00eb kuzhin\u00ebn e saj gatuan gjell\u00ebra helmuese si korrupsion n\u00eb \u00e7do skaj t\u00eb vendit, padrejt\u00ebsi dhe vendime n\u00eb kurriz te popullit, papun\u00ebsi q\u00eb ka \u00e7uar n\u00eb qindra vet\u00ebvrasje, mij\u00ebra divorce, mij\u00ebra jetim\u00eb, invalid\u00eb pa p\u00ebrkrahje financiare, mij\u00ebra njer\u00ebz q\u00eb orvaten rrug\u00ebve q\u00eb flasin me veten sikur jan\u00eb t\u00eb prekur nga shejtani, kontigjent potencial p\u00ebr vjedhje dhe vrasje. Si shpjegohet zoti Kadilli q\u00eb \u00e7do dit\u00eb dalin lista t\u00eb reja ushtarak\u00ebsh p\u00ebr pensionet e tyre marramend\u00ebse dhe t\u00eb pamerituara, kur \u00e7do i burgosur e ka pensionin jo m\u00eb shum\u00eb se 12 mij\u00eb lek\u00eb (t\u00eb reja), nd\u00ebrsa p\u00ebr ne ka 2 vjet q\u00eb ka dal\u00eb vet\u00ebm nj\u00eb list\u00eb\u2026 apo nga dashuria e madhe q\u00eb ka p\u00ebr ne PD-ja dhe Berisha<\/p>\n<p>Kur Uinston \u00c7\u00ebr\u00e7ill q\u00ebndronte n\u00eb Sht\u00ebpin\u00eb e Bardh\u00eb dhe ishte n\u00eb tualet, Ruzvelt kishte hyr\u00eb brenda dhe \u00c7\u00ebr\u00e7ill ishte ngritur n\u00eb k\u00ebmb\u00eb, duke th\u00ebn\u00eb \u201cKryeministri britanik nuk ka asgj\u00eb p\u00ebr t\u00eb fshehur nga Presidenti i SHBA-ve\u201d. K\u00ebshtu do veprojn\u00eb ish-t\u00eb p\u00ebrndjekurit me PD dhe ju Fatbardh komunisti.<\/p>\n","protected":false},"excerpt":{"rendered":"<p>Nga Ilirjan Blloshmi, 30 Mars 2012 Fatbardh Kadilli n\u00eb nj\u00eb artikull me titull \u201cBorxhi ndaj t\u00eb p\u00ebrndjekurve dhe e majta\u201d, botuar n\u00eb gazet\u00ebn Panorama n\u00eb 30 mars 2012. shkruan: \u201cShoq\u00ebria shqiptare vuan ende dhimbjen q\u00eb ka l\u00ebn\u00eb \u00e7arja e madhe m\u00eb shum\u00eb se gjysm\u00ebshekullore e diktatur\u00ebs komuniste. \u00c7arje q\u00eb e p\u00ebrshkoi mesp\u00ebrmes shoq\u00ebrin\u00eb dhe q\u00eb [&hellip;]<\/p>\n","protected":false},"author":1,"featured_media":0,"comment_status":"open","ping_status":"closed","sticky":false,"template":"","format":"standard","meta":{"footnotes":""},"categories":[2],"tags":[],"class_list":{"0":"post-11753","1":"post","2":"type-post","3":"status-publish","4":"format-standard","6":"category-artikuj"},"yoast_head":"<!-- This site is optimized with the Yoast SEO plugin v27.4 - https:\/\/yoast.com\/product\/yoast-seo-wordpress\/ -->\n<title>\u201cI mjeri un\u00eb p\u00ebr ty\u2026\u201d - FjALA e LIR\u00cb - Arkivi<\/title>\n<meta name=\"robots\" content=\"index, follow, max-snippet:-1, max-image-preview:large, max-video-preview:-1\" \/>\n<link rel=\"canonical\" href=\"https:\/\/fjala.info\/2009-2015\/i-mjeri-une-per-ty\/\" \/>\n<meta property=\"og:locale\" content=\"sq_AL\" \/>\n<meta property=\"og:type\" content=\"article\" \/>\n<meta property=\"og:title\" content=\"\u201cI mjeri un\u00eb p\u00ebr ty\u2026\u201d - FjALA e LIR\u00cb - Arkivi\" \/>\n<meta property=\"og:description\" content=\"Nga Ilirjan Blloshmi, 30 Mars 2012 Fatbardh Kadilli n\u00eb nj\u00eb artikull me titull \u201cBorxhi ndaj t\u00eb p\u00ebrndjekurve dhe e majta\u201d, botuar n\u00eb gazet\u00ebn Panorama n\u00eb 30 mars 2012. shkruan: \u201cShoq\u00ebria shqiptare vuan ende dhimbjen q\u00eb ka l\u00ebn\u00eb \u00e7arja e madhe m\u00eb shum\u00eb se gjysm\u00ebshekullore e diktatur\u00ebs komuniste. \u00c7arje q\u00eb e p\u00ebrshkoi mesp\u00ebrmes shoq\u00ebrin\u00eb dhe q\u00eb [&hellip;]\" \/>\n<meta property=\"og:url\" content=\"https:\/\/fjala.info\/2009-2015\/i-mjeri-une-per-ty\/\" \/>\n<meta property=\"og:site_name\" content=\"FjALA e LIR\u00cb - Arkivi\" \/>\n<meta property=\"article:published_time\" content=\"2012-04-02T08:43:13+00:00\" \/>\n<meta property=\"og:image\" content=\"http:\/\/www.shkoder.net\/2012\/fatbardh_kadilli.jpg\" \/>\n<meta name=\"author\" content=\"admin\" \/>\n<meta name=\"twitter:card\" content=\"summary_large_image\" \/>\n<meta name=\"twitter:label1\" content=\"Written by\" \/>\n\t<meta name=\"twitter:data1\" content=\"admin\" \/>\n\t<meta name=\"twitter:label2\" content=\"Est. reading time\" \/>\n\t<meta name=\"twitter:data2\" content=\"5 minutes\" \/>\n<script type=\"application\/ld+json\" class=\"yoast-schema-graph\">{\"@context\":\"https:\\\/\\\/schema.org\",\"@graph\":[{\"@type\":\"Article\",\"@id\":\"https:\\\/\\\/fjala.info\\\/2009-2015\\\/i-mjeri-une-per-ty\\\/#article\",\"isPartOf\":{\"@id\":\"https:\\\/\\\/fjala.info\\\/2009-2015\\\/i-mjeri-une-per-ty\\\/\"},\"author\":{\"name\":\"admin\",\"@id\":\"https:\\\/\\\/fjala.info\\\/2009-2015\\\/#\\\/schema\\\/person\\\/3aa1163ef05469c496fc94e77611ada2\"},\"headline\":\"\u201cI mjeri un\u00eb p\u00ebr ty\u2026\u201d\",\"datePublished\":\"2012-04-02T08:43:13+00:00\",\"mainEntityOfPage\":{\"@id\":\"https:\\\/\\\/fjala.info\\\/2009-2015\\\/i-mjeri-une-per-ty\\\/\"},\"wordCount\":976,\"commentCount\":0,\"publisher\":{\"@id\":\"https:\\\/\\\/fjala.info\\\/2009-2015\\\/#organization\"},\"image\":{\"@id\":\"https:\\\/\\\/fjala.info\\\/2009-2015\\\/i-mjeri-une-per-ty\\\/#primaryimage\"},\"thumbnailUrl\":\"http:\\\/\\\/www.shkoder.net\\\/2012\\\/fatbardh_kadilli.jpg\",\"articleSection\":[\"Artikuj\"],\"inLanguage\":\"sq-AL\",\"potentialAction\":[{\"@type\":\"CommentAction\",\"name\":\"Comment\",\"target\":[\"https:\\\/\\\/fjala.info\\\/2009-2015\\\/i-mjeri-une-per-ty\\\/#respond\"]}]},{\"@type\":\"WebPage\",\"@id\":\"https:\\\/\\\/fjala.info\\\/2009-2015\\\/i-mjeri-une-per-ty\\\/\",\"url\":\"https:\\\/\\\/fjala.info\\\/2009-2015\\\/i-mjeri-une-per-ty\\\/\",\"name\":\"\u201cI mjeri un\u00eb p\u00ebr ty\u2026\u201d - FjALA e LIR\u00cb - Arkivi\",\"isPartOf\":{\"@id\":\"https:\\\/\\\/fjala.info\\\/2009-2015\\\/#website\"},\"primaryImageOfPage\":{\"@id\":\"https:\\\/\\\/fjala.info\\\/2009-2015\\\/i-mjeri-une-per-ty\\\/#primaryimage\"},\"image\":{\"@id\":\"https:\\\/\\\/fjala.info\\\/2009-2015\\\/i-mjeri-une-per-ty\\\/#primaryimage\"},\"thumbnailUrl\":\"http:\\\/\\\/www.shkoder.net\\\/2012\\\/fatbardh_kadilli.jpg\",\"datePublished\":\"2012-04-02T08:43:13+00:00\",\"breadcrumb\":{\"@id\":\"https:\\\/\\\/fjala.info\\\/2009-2015\\\/i-mjeri-une-per-ty\\\/#breadcrumb\"},\"inLanguage\":\"sq-AL\",\"potentialAction\":[{\"@type\":\"ReadAction\",\"target\":[\"https:\\\/\\\/fjala.info\\\/2009-2015\\\/i-mjeri-une-per-ty\\\/\"]}]},{\"@type\":\"ImageObject\",\"inLanguage\":\"sq-AL\",\"@id\":\"https:\\\/\\\/fjala.info\\\/2009-2015\\\/i-mjeri-une-per-ty\\\/#primaryimage\",\"url\":\"http:\\\/\\\/www.shkoder.net\\\/2012\\\/fatbardh_kadilli.jpg\",\"contentUrl\":\"http:\\\/\\\/www.shkoder.net\\\/2012\\\/fatbardh_kadilli.jpg\"},{\"@type\":\"BreadcrumbList\",\"@id\":\"https:\\\/\\\/fjala.info\\\/2009-2015\\\/i-mjeri-une-per-ty\\\/#breadcrumb\",\"itemListElement\":[{\"@type\":\"ListItem\",\"position\":1,\"name\":\"Home\",\"item\":\"https:\\\/\\\/fjala.info\\\/2009-2015\\\/\"},{\"@type\":\"ListItem\",\"position\":2,\"name\":\"\u201cI mjeri un\u00eb p\u00ebr ty\u2026\u201d\"}]},{\"@type\":\"WebSite\",\"@id\":\"https:\\\/\\\/fjala.info\\\/2009-2015\\\/#website\",\"url\":\"https:\\\/\\\/fjala.info\\\/2009-2015\\\/\",\"name\":\"FjALA e LIR\u00cb - Arkivi\",\"description\":\"Arkivi 2009-2015\",\"publisher\":{\"@id\":\"https:\\\/\\\/fjala.info\\\/2009-2015\\\/#organization\"},\"potentialAction\":[{\"@type\":\"SearchAction\",\"target\":{\"@type\":\"EntryPoint\",\"urlTemplate\":\"https:\\\/\\\/fjala.info\\\/2009-2015\\\/?s={search_term_string}\"},\"query-input\":{\"@type\":\"PropertyValueSpecification\",\"valueRequired\":true,\"valueName\":\"search_term_string\"}}],\"inLanguage\":\"sq-AL\"},{\"@type\":\"Organization\",\"@id\":\"https:\\\/\\\/fjala.info\\\/2009-2015\\\/#organization\",\"name\":\"FjALA e LIR\u00cb - Arkivi\",\"url\":\"https:\\\/\\\/fjala.info\\\/2009-2015\\\/\",\"logo\":{\"@type\":\"ImageObject\",\"inLanguage\":\"sq-AL\",\"@id\":\"https:\\\/\\\/fjala.info\\\/2009-2015\\\/#\\\/schema\\\/logo\\\/image\\\/\",\"url\":\"\",\"contentUrl\":\"\",\"caption\":\"FjALA e LIR\u00cb - Arkivi\"},\"image\":{\"@id\":\"https:\\\/\\\/fjala.info\\\/2009-2015\\\/#\\\/schema\\\/logo\\\/image\\\/\"}},{\"@type\":\"Person\",\"@id\":\"https:\\\/\\\/fjala.info\\\/2009-2015\\\/#\\\/schema\\\/person\\\/3aa1163ef05469c496fc94e77611ada2\",\"name\":\"admin\",\"image\":{\"@type\":\"ImageObject\",\"inLanguage\":\"sq-AL\",\"@id\":\"https:\\\/\\\/fjala.info\\\/2009-2015\\\/wp-content\\\/uploads\\\/2012\\\/02\\\/arben_cokaj-120x150.jpg\",\"url\":\"https:\\\/\\\/fjala.info\\\/2009-2015\\\/wp-content\\\/uploads\\\/2012\\\/02\\\/arben_cokaj-120x150.jpg\",\"contentUrl\":\"https:\\\/\\\/fjala.info\\\/2009-2015\\\/wp-content\\\/uploads\\\/2012\\\/02\\\/arben_cokaj-120x150.jpg\",\"caption\":\"admin\"},\"description\":\"Admin, Fjala e Lir\u00eb\",\"sameAs\":[\"https:\\\/\\\/fjala.info\\\/\"],\"url\":\"https:\\\/\\\/fjala.info\\\/2009-2015\\\/author\\\/admin\\\/\"}]}<\/script>\n<!-- \/ Yoast SEO plugin. -->","yoast_head_json":{"title":"\u201cI mjeri un\u00eb p\u00ebr ty\u2026\u201d - FjALA e LIR\u00cb - Arkivi","robots":{"index":"index","follow":"follow","max-snippet":"max-snippet:-1","max-image-preview":"max-image-preview:large","max-video-preview":"max-video-preview:-1"},"canonical":"https:\/\/fjala.info\/2009-2015\/i-mjeri-une-per-ty\/","og_locale":"sq_AL","og_type":"article","og_title":"\u201cI mjeri un\u00eb p\u00ebr ty\u2026\u201d - FjALA e LIR\u00cb - Arkivi","og_description":"Nga Ilirjan Blloshmi, 30 Mars 2012 Fatbardh Kadilli n\u00eb nj\u00eb artikull me titull \u201cBorxhi ndaj t\u00eb p\u00ebrndjekurve dhe e majta\u201d, botuar n\u00eb gazet\u00ebn Panorama n\u00eb 30 mars 2012. shkruan: \u201cShoq\u00ebria shqiptare vuan ende dhimbjen q\u00eb ka l\u00ebn\u00eb \u00e7arja e madhe m\u00eb shum\u00eb se gjysm\u00ebshekullore e diktatur\u00ebs komuniste. \u00c7arje q\u00eb e p\u00ebrshkoi mesp\u00ebrmes shoq\u00ebrin\u00eb dhe q\u00eb [&hellip;]","og_url":"https:\/\/fjala.info\/2009-2015\/i-mjeri-une-per-ty\/","og_site_name":"FjALA e LIR\u00cb - Arkivi","article_published_time":"2012-04-02T08:43:13+00:00","og_image":[{"url":"http:\/\/www.shkoder.net\/2012\/fatbardh_kadilli.jpg","type":"","width":"","height":""}],"author":"admin","twitter_card":"summary_large_image","twitter_misc":{"Written by":"admin","Est. reading time":"5 minutes"},"schema":{"@context":"https:\/\/schema.org","@graph":[{"@type":"Article","@id":"https:\/\/fjala.info\/2009-2015\/i-mjeri-une-per-ty\/#article","isPartOf":{"@id":"https:\/\/fjala.info\/2009-2015\/i-mjeri-une-per-ty\/"},"author":{"name":"admin","@id":"https:\/\/fjala.info\/2009-2015\/#\/schema\/person\/3aa1163ef05469c496fc94e77611ada2"},"headline":"\u201cI mjeri un\u00eb p\u00ebr ty\u2026\u201d","datePublished":"2012-04-02T08:43:13+00:00","mainEntityOfPage":{"@id":"https:\/\/fjala.info\/2009-2015\/i-mjeri-une-per-ty\/"},"wordCount":976,"commentCount":0,"publisher":{"@id":"https:\/\/fjala.info\/2009-2015\/#organization"},"image":{"@id":"https:\/\/fjala.info\/2009-2015\/i-mjeri-une-per-ty\/#primaryimage"},"thumbnailUrl":"http:\/\/www.shkoder.net\/2012\/fatbardh_kadilli.jpg","articleSection":["Artikuj"],"inLanguage":"sq-AL","potentialAction":[{"@type":"CommentAction","name":"Comment","target":["https:\/\/fjala.info\/2009-2015\/i-mjeri-une-per-ty\/#respond"]}]},{"@type":"WebPage","@id":"https:\/\/fjala.info\/2009-2015\/i-mjeri-une-per-ty\/","url":"https:\/\/fjala.info\/2009-2015\/i-mjeri-une-per-ty\/","name":"\u201cI mjeri un\u00eb p\u00ebr ty\u2026\u201d - FjALA e LIR\u00cb - Arkivi","isPartOf":{"@id":"https:\/\/fjala.info\/2009-2015\/#website"},"primaryImageOfPage":{"@id":"https:\/\/fjala.info\/2009-2015\/i-mjeri-une-per-ty\/#primaryimage"},"image":{"@id":"https:\/\/fjala.info\/2009-2015\/i-mjeri-une-per-ty\/#primaryimage"},"thumbnailUrl":"http:\/\/www.shkoder.net\/2012\/fatbardh_kadilli.jpg","datePublished":"2012-04-02T08:43:13+00:00","breadcrumb":{"@id":"https:\/\/fjala.info\/2009-2015\/i-mjeri-une-per-ty\/#breadcrumb"},"inLanguage":"sq-AL","potentialAction":[{"@type":"ReadAction","target":["https:\/\/fjala.info\/2009-2015\/i-mjeri-une-per-ty\/"]}]},{"@type":"ImageObject","inLanguage":"sq-AL","@id":"https:\/\/fjala.info\/2009-2015\/i-mjeri-une-per-ty\/#primaryimage","url":"http:\/\/www.shkoder.net\/2012\/fatbardh_kadilli.jpg","contentUrl":"http:\/\/www.shkoder.net\/2012\/fatbardh_kadilli.jpg"},{"@type":"BreadcrumbList","@id":"https:\/\/fjala.info\/2009-2015\/i-mjeri-une-per-ty\/#breadcrumb","itemListElement":[{"@type":"ListItem","position":1,"name":"Home","item":"https:\/\/fjala.info\/2009-2015\/"},{"@type":"ListItem","position":2,"name":"\u201cI mjeri un\u00eb p\u00ebr ty\u2026\u201d"}]},{"@type":"WebSite","@id":"https:\/\/fjala.info\/2009-2015\/#website","url":"https:\/\/fjala.info\/2009-2015\/","name":"FjALA e LIR\u00cb - Arkivi","description":"Arkivi 2009-2015","publisher":{"@id":"https:\/\/fjala.info\/2009-2015\/#organization"},"potentialAction":[{"@type":"SearchAction","target":{"@type":"EntryPoint","urlTemplate":"https:\/\/fjala.info\/2009-2015\/?s={search_term_string}"},"query-input":{"@type":"PropertyValueSpecification","valueRequired":true,"valueName":"search_term_string"}}],"inLanguage":"sq-AL"},{"@type":"Organization","@id":"https:\/\/fjala.info\/2009-2015\/#organization","name":"FjALA e LIR\u00cb - Arkivi","url":"https:\/\/fjala.info\/2009-2015\/","logo":{"@type":"ImageObject","inLanguage":"sq-AL","@id":"https:\/\/fjala.info\/2009-2015\/#\/schema\/logo\/image\/","url":"","contentUrl":"","caption":"FjALA e LIR\u00cb - Arkivi"},"image":{"@id":"https:\/\/fjala.info\/2009-2015\/#\/schema\/logo\/image\/"}},{"@type":"Person","@id":"https:\/\/fjala.info\/2009-2015\/#\/schema\/person\/3aa1163ef05469c496fc94e77611ada2","name":"admin","image":{"@type":"ImageObject","inLanguage":"sq-AL","@id":"https:\/\/fjala.info\/2009-2015\/wp-content\/uploads\/2012\/02\/arben_cokaj-120x150.jpg","url":"https:\/\/fjala.info\/2009-2015\/wp-content\/uploads\/2012\/02\/arben_cokaj-120x150.jpg","contentUrl":"https:\/\/fjala.info\/2009-2015\/wp-content\/uploads\/2012\/02\/arben_cokaj-120x150.jpg","caption":"admin"},"description":"Admin, Fjala e Lir\u00eb","sameAs":["https:\/\/fjala.info\/"],"url":"https:\/\/fjala.info\/2009-2015\/author\/admin\/"}]}},"_links":{"self":[{"href":"https:\/\/fjala.info\/2009-2015\/wp-json\/wp\/v2\/posts\/11753","targetHints":{"allow":["GET"]}}],"collection":[{"href":"https:\/\/fjala.info\/2009-2015\/wp-json\/wp\/v2\/posts"}],"about":[{"href":"https:\/\/fjala.info\/2009-2015\/wp-json\/wp\/v2\/types\/post"}],"author":[{"embeddable":true,"href":"https:\/\/fjala.info\/2009-2015\/wp-json\/wp\/v2\/users\/1"}],"replies":[{"embeddable":true,"href":"https:\/\/fjala.info\/2009-2015\/wp-json\/wp\/v2\/comments?post=11753"}],"version-history":[{"count":0,"href":"https:\/\/fjala.info\/2009-2015\/wp-json\/wp\/v2\/posts\/11753\/revisions"}],"wp:attachment":[{"href":"https:\/\/fjala.info\/2009-2015\/wp-json\/wp\/v2\/media?parent=11753"}],"wp:term":[{"taxonomy":"category","embeddable":true,"href":"https:\/\/fjala.info\/2009-2015\/wp-json\/wp\/v2\/categories?post=11753"},{"taxonomy":"post_tag","embeddable":true,"href":"https:\/\/fjala.info\/2009-2015\/wp-json\/wp\/v2\/tags?post=11753"}],"curies":[{"name":"wp","href":"https:\/\/api.w.org\/{rel}","templated":true}]}}