{"id":11750,"date":"2012-03-23T16:40:22","date_gmt":"2012-03-23T15:40:22","guid":{"rendered":"http:\/\/fjala.shkoder.net\/?p=2243"},"modified":"2012-03-23T16:40:22","modified_gmt":"2012-03-23T15:40:22","slug":"ligesia-e-nje-humbesi","status":"publish","type":"post","link":"https:\/\/fjala.info\/2009-2015\/ligesia-e-nje-humbesi\/","title":{"rendered":"Lig\u00ebsia e nj\u00eb humb\u00ebsi"},"content":{"rendered":"<p><img decoding=\"async\" class=\"alignleft size-thumbnail wp-image-7236\" title=\"Enver Robelli\" src=\"http:\/\/www.shkoder.net\/images\/fjala\/enver_robelli.jpg\" alt=\"\" width=\"150\" \/> <strong>Enver Robelli<\/strong><\/p>\n<p>Fatmir Sejdiu shkeli Kushtetut\u00ebn, shkat\u00ebrroi Lidhjen Demokratike t\u00eb Kosov\u00ebs, krijoi sistem nepotizmi, pun\u00ebsoi soj e sorollop n\u00eb PTK, mbajti rreth vetes kryesisht injorant\u00eb politik\u00eb dhe s\u2019iu nda nga p\u00ebrqafimi Hashim Tha\u00e7it. Pas t\u00eb gjitha k\u00ebtyre shkarjeve politike ai humbi gar\u00ebn demokratike p\u00ebr kreun e LDK-s\u00eb. Tash idhnaku i madh ka krijuar nj\u00eb falang\u00eb fishk\u00ebllyese dhe synon t\u00eb b\u00ebj\u00eb pu\u00e7 n\u00eb parti. Beteja e tij primitive \u00e7on s\u00ebrish uj\u00eb n\u00eb mullirin e Hashim Tha\u00e7it dhe kamarill\u00ebs s\u00eb tij t\u00eb korruptuar<br \/>\nM\u00eb 23 dhjetor 2009, kur Lidhja Demokratike e Kosov\u00ebs n\u00eb nj\u00eb ceremoni mbyt\u00ebse po sh\u00ebnonte 20 vjetorin e themelimit, nj\u00eb grup militant\u00ebsh bjerradit\u00ebs, t\u00eb mbledhur n\u00eb nj\u00eb sall\u00eb t\u00eb Pallatit t\u00eb Rinis\u00eb n\u00eb Prishtin\u00eb, sapo u shfaq kryeministri Hashim Tha\u00e7i me suit\u00ebn e tij, filluan fyerjet dhe fishk\u00ebllimat. U krijua nj\u00eb situat\u00eb e pak\u00ebndshme, sepse askund nuk \u00ebsht\u00eb tradit\u00eb q\u00eb t\u00eb p\u00ebrbuzet mysafiri i ftuar.<\/p>\n<p>Fundja Hashim Tha\u00e7in n\u00eb p\u00ebrvjetorin e LDK-s\u00eb e kishte sjell\u00eb vet\u00eb Fatmir Sejdiu, at\u00ebbot\u00eb kryetar i Kosov\u00ebs dhe kryetar i ngrir\u00eb i LDK-s\u00eb, si\u00e7 thoshte ai vet\u00eb. T\u00eb dyve, Tha\u00e7it dhe Sejdiut, pun\u00ebt u shkonin mir\u00eb. Sejdiu ishte pajtuar me rolin e sh\u00ebrb\u00ebtorit, kishte d\u00ebrguar n\u00eb qeverin\u00eb e koalicionit mes LDK-s\u00eb dhe PDK-s\u00eb disa figura kryesisht t\u00eb par\u00ebnd\u00ebsishme dhe pozohej si president, i rehatuar personalisht dhe financiarisht. Aq u shkonte puna vaj saq\u00eb Hashim Tha\u00e7i n\u00ebp\u00ebr darka e takime, kur fliste p\u00ebr kryetarin e Kosov\u00ebs, thoshte: \u201cSejda, djal\u00eb i mir\u00eb\u201d ose \u201cPo m\u2019ngon ma shum\u00eb se Endriti\u201d. Nj\u00eb zyrtar i lart\u00eb i Partis\u00eb Demokratike t\u00eb Kosov\u00ebs \u2013 derisa rr\u00ebmonte nga dh\u00ebmb\u00ebt mishin e sapo ngr\u00ebn\u00eb \u2013 tha at\u00ebher\u00eb se do t\u00eb ishte mir\u00eb q\u00eb koalicioni me LDK-n\u00eb t\u00eb vazhdoj\u00eb edhe p\u00ebr nj\u00eb dekad\u00eb.<\/p>\n<p>A \u00ebsht\u00eb kjo metoda m\u00eb efektive p\u00ebr varrosjen e LDK-s\u00eb? Zyrtari i PDK-s\u00eb qeshi dhe tha: \u201cNuk mund ta mohoj k\u00ebt\u00eb synim\u201d. Me fjal\u00eb t\u00eb tjera: Sejdiun si kryetar t\u00eb Kosov\u00ebs dhe shef t\u00eb ngrir\u00eb i LDK-s\u00eb nuk e merrnin fare seriozisht, bile ai ishte b\u00ebr\u00eb objekt i talljes n\u00ebp\u00ebr mejhanet e Prishtin\u00ebs, shpesh edhe p\u00ebr shkak t\u00eb vokabularit t\u00eb tij politik \u2013 nj\u00eb p\u00ebrzierje mes gjuh\u00ebs s\u00eb aparat\u00e7ikut dhe t\u00eb m\u00ebsuesit nga Mallakastra. Tallja shkoi deri aty saq\u00eb Hajredin Ku\u00e7i, hyzmeqari p\u00ebr krejt pun\u00ebt i Hashim Tha\u00e7it, doli nga mesnata prej Zanzibarit dhe i telefonoi nj\u00eb figuranti t\u00eb LDK-s\u00eb p\u00ebr t\u2019ia kumtuar lajmin e zi se koalicioni u prish. Megjithat\u00eb, koalicioni s\u2019u prish, sepse Fatmir Sejdiu nuk pranonte t\u00eb hiqte dor\u00eb nga salltanetet e pushtetit dhe t\u2019i kthehej pun\u00ebs s\u00eb r\u00ebnd\u00eb n\u00eb parti, e cila ishte shnd\u00ebrruar n\u00eb nj\u00eb djerrin\u00eb, t\u00eb cil\u00ebn her\u00eb e pshurrnin zagar\u00ebt nga brenda, her\u00eb kalimtar\u00ebt e rastit.<\/p>\n<p>K\u00ebshtu Fatmir Sejdiu u b\u00eb ur\u00eb q\u00eb shtetin e Kosov\u00ebs ta kidnapojn\u00eb t\u00eb p\u00ebrk\u00ebdhelurit e Hashim Tha\u00e7it, t\u00eb cil\u00ebt her\u00eb akuzohen p\u00ebr vrasje me porosi, her\u00eb p\u00ebr keqp\u00ebrdorime n\u00eb Kosov\u00eb, her\u00eb p\u00ebr mashtrime n\u00eb Zvic\u00ebr, her\u00eb u p\u00ebrmendet emri p\u00ebr t\u00eb keq n\u00eb Strassburg, her\u00eb n\u00eb Bruksel. Pse t\u00eb hiqte dor\u00eb Sejdiu nga koalicioni i pist\u00eb me PDK-n\u00eb, kur kishte siguruar p\u00ebr vete, p\u00ebr sojin e sorollopin privilegje marramend\u00ebse. I futi n\u00eb pun\u00eb, n\u00eb Post\u00eb-Telekomin e Kosov\u00ebs, familjar\u00ebt, madje edhe rejat si dhe plot aktivist\u00eb t\u00eb Forumit Rinor t\u00eb LDK-s\u00eb, duke bler\u00eb k\u00ebshtu nj\u00eb lojalitet cof\u00ebtinash. I rrethuar kryesisht me injorant\u00eb politik\u00eb, t\u00eb cil\u00ebt g\u00ebzoheshin q\u00eb po merrnin nga buxheti nj\u00eb rrog\u00eb t\u00eb majme p\u00ebr rrethanat e Kosov\u00ebs, Sejdiu vazhdoi t\u00eb notoj\u00eb n\u00ebp\u00ebr delirin e madh\u00ebshtis\u00eb s\u00eb rrejshme. Koalicionin e prishi vet\u00ebm pasi Gjykata Kushtetues e detyroi t\u00eb largohet nga posti.<\/p>\n<p><strong>Prostitutat politike<\/strong><\/p>\n<p>Fatmir Sejdiu shkeli Kushtetut\u00ebn duke mbajtur dy poste, edhe president, edhe kryetar i LDK-s\u00eb, shkat\u00ebrroi partin\u00eb, krijoi sistem nepotizmi, pun\u00ebsoi farefisin n\u00eb nd\u00ebrmarrje publike dhe s\u2019iu nda nga p\u00ebrqafimi Hashim Tha\u00e7it derisa ky e varrosi politikisht. Pas t\u00eb gjitha k\u00ebtyre d\u00ebshtimeve Sejdiu humbi gar\u00ebn demokratike p\u00ebr kreun e LDK-s\u00eb. Isa Mustafa nuk u b\u00eb kryetar i LDK-s\u00eb p\u00ebrmes ndonj\u00eb pu\u00e7i, por me vota t\u00eb lira, madje fitoi bindsh\u00ebm, sepse an\u00ebtar\u00ebsia k\u00ebrkonte, m\u00eb n\u00eb fund, nj\u00eb lider q\u00eb do t\u2019i p\u00ebrkushtohej partis\u00eb, do t\u00eb b\u00ebnte reforma p\u00ebrkund\u00ebr rezistenc\u00ebs s\u00eb dinosuar\u00ebve dhe hardall\u00ebve, t\u00eb cil\u00ebt p\u00ebr nj\u00eb grusht privilegjesh duan ta fundosin partin\u00eb e par\u00eb demokratike t\u00eb shqiptar\u00ebve jasht\u00eb Shqip\u00ebris\u00eb, e cila u b\u00eb z\u00ebdh\u00ebn\u00ebse e besueshme e liris\u00eb dhe pavar\u00ebsis\u00eb s\u00eb Kosov\u00ebs. N\u00eb vend se t\u00eb pranonte humbjen, t\u00eb jepte nj\u00eb grim\u00eb kontribut p\u00ebr rim\u00ebk\u00ebmbjen e partis\u00eb, n\u00eb vend q\u00eb t\u00eb mb\u00ebshteste Isa Mustaf\u00ebn e zgjedhur n\u00eb m\u00ebnyr\u00eb demokratike, Fatmir Sejdiu nisi nj\u00eb betej\u00eb tjet\u00ebr \u2013 betej\u00ebn p\u00ebr shkat\u00ebrrimin e LDK-s\u00eb. Idhnaku i madh ka krijuar s\u00eb fundi nj\u00eb falang\u00eb fishk\u00ebllyese dhe synon t\u00eb b\u00ebj\u00eb pu\u00e7 n\u00eb parti. Beteja e tij primitive \u00e7on s\u00ebrish uj\u00eb n\u00eb mullirin e Hashim Tha\u00e7it dhe kamarill\u00ebs s\u00eb tij t\u00eb korruptuar.<\/p>\n<p>Nj\u00eb grusht njer\u00ebzish bjerradit\u00ebs, t\u00eb cil\u00ebt t\u00eb diel\u00ebn fishk\u00ebllenin dhe fyenin n\u00eb Podujev\u00eb Isa Mustaf\u00ebn dhe prij\u00ebsit e tjer\u00eb t\u00eb LDK-s\u00eb s\u2019jan\u00eb gj\u00eb tjet\u00ebr ve\u00e7se t\u00eb manipuluar nga Fatmir Sejdiu dhe i biri i tij Bardhyl Sejdiu, i cili pasi e ka kullotur mir\u00eb e mir\u00eb PTK-n\u00eb, tash synon t\u00eb shtrij\u00eb edhe m\u00eb gjer\u00eb rrjetin e tij. Kush ishin zhurm\u00ebb\u00ebr\u00ebsit e s\u00eb diel\u00ebs n\u00eb Podujev\u00eb? Nj\u00eb grup pun\u00ebtor\u00ebsh, t\u00eb cil\u00ebt Bardhyl Sejdiu i ka pun\u00ebsuar n\u00eb departamentin e logjistik\u00ebs t\u00eb Post\u00eb-Telekomit t\u00eb Kosov\u00ebs. Si i ka pun\u00ebsuar dhe pse i ka pun\u00ebsuar, si e ka bler\u00eb lojalitetin e tyre dhe me \u00e7\u2019\u00e7mim? Me k\u00ebt\u00eb \u00e7\u00ebshtje do t\u00eb duhej t\u00eb merrej drejtori i ri i PTK-s\u00eb, Ejup Qerimi, n\u00ebse e ka nd\u00ebrmend ta spastroj\u00eb k\u00ebt\u00eb nd\u00ebrmarrje publike nga grupet zhvat\u00ebse!<\/p>\n<p>K\u00ebto dit\u00eb po shohim se si po b\u00ebjn\u00eb zhurm\u00eb edhe disa prostituta politike t\u00eb mbetura n\u00eb LDK. K\u00ebta nuk e kan\u00eb problem t\u2019i nd\u00ebrrojn\u00eb partit\u00eb m\u00eb shpesh se k\u00ebmish\u00ebt, as t\u00eb b\u00ebhen protagonist\u00eb gazetash t\u00eb financuara p\u00ebrmes tender\u00ebve t\u00eb pushtetit t\u00eb kriminalizuar. Nuk jan\u00eb m\u00eb shum\u00eb se dhjet\u00eb persona q\u00eb po b\u00ebjn\u00eb zhurm\u00eb, prandaj an\u00ebtar\u00ebsia e LDK-s\u00eb nuk duhet t\u00eb bie pre e mashtrimeve. Kuptohet q\u00eb Radio-Televizioni i PDK-s\u00eb (RTK) \u00ebsht\u00eb i interesuar q\u00eb miz\u00ebn ta b\u00ebj\u00eb buall, t\u00eb shkaktoj\u00eb sa m\u00eb shum\u00eb huti duke krijuar p\u00ebrshtypjen e rrejshme p\u00ebr konflikte t\u00eb m\u00ebdha n\u00eb LDK.<\/p>\n<p>Por RTK-s\u00eb nuk do t\u2019i bie kurr\u00eb nd\u00ebrmend t\u00eb b\u00ebj\u00eb nj\u00eb raport kritik mbi munges\u00ebn e demokracis\u00eb brenda PDK-s\u00eb, as t\u00eb informoj\u00eb opinionin mbi t\u00eb b\u00ebmat e deputetit t\u00eb saj Azem Syla n\u00eb Zvic\u00ebr, as p\u00ebr takimet e tij me Nazim Bllac\u00ebn n\u00ebp\u00ebr pompa benzine. RTK-s\u00eb, nd\u00ebrkaq, i bie nd\u00ebrmend ta ftoj\u00eb menj\u00ebher\u00eb n\u00eb studio Azem Syl\u00ebn p\u00ebr t\u2019u arsyetuar pasi Bllaca e akuzoi se ka dh\u00ebn\u00eb urdhra p\u00ebr vrasje. \u00c7ka do t\u2019i thot\u00eb nes\u00ebr an\u00ebtar\u00ebsis\u00eb s\u00eb LDK-s\u00eb apo falang\u00ebs s\u00eb tij Fatmir Sejdiu n\u00ebse del dikush dhe d\u00ebshmon se Xhemail Mustaf\u00ebn, Enver Malokun, Haki Ymerin, Ismet Rracin, Smajl Hajdarajn dhe shum\u00eb patriot\u00eb t\u00eb tjer\u00eb nga radh\u00ebt e LDK-s\u00eb nuk i ka vrar\u00eb Serbia, por shok\u00ebt e Nazim Bllac\u00ebs q\u00eb sot jan\u00eb veshur me pushtet \u2013 me t\u00eb cil\u00ebt Sejdiu ka b\u00ebre koalicion qeveritar?<\/p>\n<p>Sigurisht q\u00eb \u00e7do parti n\u00eb Kosov\u00eb, p\u00ebrfshir\u00eb edhe LDK-n\u00eb, meriton t\u00eb ket\u00eb kryetar\u00eb m\u00eb dinamik\u00eb. A \u00ebsht\u00eb Isa Mustafa i till\u00eb? Nuk ka dh\u00ebn\u00eb shum\u00eb prova deri m\u00eb tani. Edhe m\u00eb keq: ka lejuar disa her\u00eb t\u00eb instrumentalizohet nga Hashim Tha\u00e7i p\u00ebr q\u00ebllimet e k\u00ebtij t\u00eb fundit. Kriz\u00ebn me zgjedhjen skandaloze t\u00eb Behgjet Pacollit n\u00eb postin e presidentit e shkaktoi Tha\u00e7i, nd\u00ebrsa Mustafa i ndihmoi t\u00eb dal\u00eb nga qorrsokaku, por kryetari i LDK-s\u00eb fitoi shum\u00eb pak, sall nj\u00eb premtim t\u00eb zbeht\u00eb p\u00ebr zgjedhje presidenciale dhe parlamentare para koh\u00ebs. Mustafa e h\u00ebngri sapunin p\u00ebr djath\u00eb kur pranoi t\u00eb takohet me Tha\u00e7in n\u00eb restorantin \u201cLiburnia\u201d p\u00ebr t\u00eb diskutuar mbi p\u00ebrfaq\u00ebsimin rajonal t\u00eb Kosov\u00ebs. Tash Tha\u00e7i s\u00ebrish po synon ta instrumentalizoj\u00eb Mustaf\u00ebn p\u00ebr \u00e7\u00ebshtjen e autonomis\u00eb s\u00eb veriut. Kjo \u00ebsht\u00eb strategjia e Tha\u00e7it: p\u00ebrdorimi dhe posht\u00ebrimi i rivalit deri n\u00eb varrosje politike.<\/p>\n<p>Sa i p\u00ebrket reformave n\u00eb LDK duhet th\u00ebn\u00eb se asnj\u00eb kryetar partie, as Isa Mustafa, nuk mund t\u00eb b\u00ebj\u00eb ndryshime t\u00eb m\u00ebdha n\u00ebse brenda partis\u00eb ka element\u00eb q\u00eb fusin pyka, q\u00eb pin\u00eb \u201cduhan tin\u00ebz\u201d, t\u00eb till\u00eb q\u00eb kund\u00ebrshtojn\u00eb reformat, q\u00eb duan t\u2019i ruajn\u00eb privilegjet e nd\u00ebrtuara p\u00ebr m\u00eb shum\u00eb se dy dekada, t\u00eb till\u00eb q\u00eb shtiren dit\u00ebn si rugovist\u00eb dhe nat\u00ebn e lusin Tha\u00e7in t\u2019i b\u00ebj\u00eb z\u00ebvend\u00ebsministra. Edhe m\u00eb keq: n\u00eb LDK dominon nj\u00eb grup interesi q\u00eb partin\u00eb e sheh si \u201cparti llapjan\u00ebsh\u201d. Me k\u00ebt\u00eb arroganc\u00eb e kan\u00eb humbur e djegur ndikimin e LDK-s\u00eb n\u00eb Dukagjin, n\u00eb Drenic\u00eb, n\u00eb Rrafshin e Kosov\u00ebs dhe s\u00eb fundi n\u00eb Anamorav\u00eb.<\/p>\n<p>Fatmir Sejdiu po tregon nj\u00eb lig\u00ebsi t\u00eb paskajshme dhe po d\u00ebshmon s\u00ebrish se \u00ebsht\u00eb nj\u00eb antidemokrat i t\u00ebrbuar derisa k\u00ebto dit\u00eb po mobilizon falang\u00ebn e tij p\u00ebr t\u00eb b\u00ebr\u00eb d\u00ebme n\u00eb parti, edhe pse LDK u tregua shum\u00eb zem\u00ebrgjer\u00eb ndaj tij: e b\u00ebri kryetar nderi; shteti, nd\u00ebrkaq, i dha rrog\u00eb t\u00eb p\u00ebrjetshme si ish-president, edhe pse moralisht nuk e meritonte p\u00ebr shkak se nga posti u largua si shkel\u00ebs i Kushtetut\u00ebs. Por edhe largimi i tij nga posti ishte i menduar mir\u00eb: dha dor\u00ebheqje dhe e siguroi rrog\u00ebn e p\u00ebrjetshme; po t\u00eb ishte shkarkuar, do t\u2019i kishte humbur edhe privilegjet.<\/p>\n<p><strong>Xhepi i thell\u00eb po th\u00ebrret<\/strong><\/p>\n<p>Asgj\u00eb nuk \u00ebsht\u00eb e rast\u00ebsishme: nga nj\u00ebra an\u00eb \u00ebsht\u00eb mobilizuar Sejdiu (\u201cSejda\u201d i Hashim Tha\u00e7it), nga ana tjet\u00ebr Ibrahim Kelmendi, shefi i devizave t\u00eb \u201ckuazimarksist-leninist\u00ebve\u201d t\u00eb Kosov\u00ebs, t\u00eb cil\u00ebt Ushtrin\u00eb \u00c7lirimtare t\u00eb Kosov\u00ebs e kan\u00eb njohur vet\u00ebm si v\u00ebzhgues prej hoteleve t\u00eb Tiran\u00ebs. Kelmendi k\u00ebto dit\u00eb plasoi n\u00eb opinion nj\u00eb rren\u00eb staliniste, duke th\u00ebn\u00eb se qeveria n\u00eb ekzil (pjes\u00eb e s\u00eb cil\u00ebs si minist\u00ebr financash ka qen\u00eb edhe Isa Mustafa) pask\u00ebsh d\u00ebrguar para n\u00eb Beograd. Kush po na shet mend e kush po na mban ders? Ibrahim Kelmendi! I cili n\u00eb korrik 1998 i thoshte gazet\u00ebs gjermane \u201cS\u00fcddeutsche Zeitung\u201d se kishte mbledh\u00eb \u201cdisa miliona\u201d (marka gjermane, v.j.) p\u00ebr t\u00eb \u00e7liruar Kosov\u00ebn.<\/p>\n<p>Ku jan\u00eb milionat, ku p\u00ebrfunduan, si u harxhuan, a ka raport p\u00ebr veprimtarin\u00eb e Fondit \u201cVendlindja th\u00ebrret\u201d? K\u00ebtij fondi m\u00eb s\u00eb miri do t\u2019i shkonte emri: xhepi i thell\u00eb po th\u00ebrret! N\u00eb k\u00ebt\u00eb xhep i ka pasur duart t\u00eb futura thell\u00eb Ibrahim Kelmendi. N\u00eb shkrimin e t\u00eb p\u00ebrditshmes gjermane t\u00eb 29 korrikut 1998 Ibrahim Kelmendi krahasohej me Alexander Schalck-Golodkowski-in, nj\u00eb funksionar i err\u00ebt q\u00eb ia siguronte devizat Erich Honeckerit, diktatorit t\u00eb Gjermanis\u00eb Lindore. Kryetarin e Kosov\u00ebs, Ibrahim Rugova, Ibrahim Kelmendi e quante \u201csundimtar q\u00eb shtyp\u00eb l\u00ebvizjen e gjer\u00eb t\u00eb popullit\u201d.<\/p>\n<p>Rugova si shtyp\u00ebs i popullit shqiptar? Edhe k\u00ebso deklaratash groteske jan\u00eb dh\u00ebn\u00eb gjat\u00eb luft\u00ebs, e cila sot po duket m\u00eb shum\u00eb si luft\u00eb v\u00ebllavras\u00ebse se sa luft\u00eb kund\u00ebr pushtimit serb. T\u00eb shohim se \u00e7\u2019shkruante m\u00eb tutje \u201cS\u00fcddeutsche Zeitung\u201d: \u201cKush hulumton pak m\u00eb shum\u00eb shpejt i t\u00ebrhiqet v\u00ebmendja te njollat e zeza n\u00eb biografin\u00eb e (Ibrahim) Kelmendit. B\u00ebhet fjal\u00eb p\u00ebr vrasje, p\u00ebr plumbat e pasqaruar dhe vdekjeprur\u00ebs kund\u00ebr prij\u00ebsit t\u00eb shqiptar\u00ebve n\u00eb ekzil, Jusuf G\u00ebrvall\u00ebs dhe dy shok\u00ebve t\u00eb tij n\u00eb janar 1982 af\u00ebr Heilbronnit. Vajza e G\u00ebrvall\u00ebs Donika, z\u00ebdh\u00ebn\u00ebse e LDK-s\u00eb n\u00eb Gjermani, \u2018nuk do t\u00eb thoshte se Kelmendi \u00ebsht\u00eb pjes\u00ebmarr\u00ebs (n\u00eb vrasje, v.j.). Por, me siguri kjo \u00e7\u00ebshtje duhet t\u00eb hulumtohet\u2019. Kelmendi shum\u00eb njer\u00ebzve u duket si kameleon\u201d.<\/p>\n<p><strong>Hipokrizi e pafund<\/strong><\/p>\n<p>Ngjash\u00ebm si Ibrahim Kelmendi edhe Fatmir Sejdiu \u00ebsht\u00eb p\u00ebrpjekur t\u00eb b\u00ebj\u00eb aludime se Isa Mustafa pask\u00ebsh keqmenaxhuar Fondin e Trep\u00ebrqind\u00ebshit, i cili s\u00eb paku n\u00eb Zvic\u00ebr \u00ebsht\u00eb mbik\u00ebqyrur nga firma t\u00eb njohura t\u00eb auditimit. N\u00ebse v\u00ebrtet Mustafa pask\u00ebsh qen\u00eb keqp\u00ebrdorues, at\u00ebher\u00eb pse Sejdiu e angazhoi si k\u00ebshilltar t\u00eb tij p\u00ebr ekonomi dhe pse e kandidoi p\u00ebr kryetar t\u00eb Prishtin\u00ebs? Hipokrizia e Sejdiut nuk ka fund. N\u00eb zgjedhjet p\u00ebr kryetar t\u00eb LDK-s\u00eb n\u00eb vitin 2006 Sejdiu fitoi me 189 vota kund\u00ebr Nexhat Dacit, i cili mori 160 vota. Dallimi ishte i vog\u00ebl, vet\u00ebm 29 vota. Sejdiu e shihte veten si kryetar me legjitimitetit t\u00eb plot\u00eb demokratik dhe nuk e pa t\u00eb domosdoshme t\u00eb afrohet me grupin e Nexhat Dacit, i cili kishte pothuaj t\u00eb nj\u00ebjt\u00ebn fuqi brenda partis\u00eb.<\/p>\n<p>P\u00ebrballja e bajraktar\u00ebve Sejdiu-Daci i kushtoi LDK-s\u00eb me humbje historike dhe me degradim t\u00eb madh. N\u00eb zgjedhjet p\u00ebr kryetar t\u00eb LDK-s\u00eb n\u00eb fillim t\u00eb n\u00ebntorit 2010 Sejdiu fitoi vet\u00ebm 124 vota. Isa Mustafa, nd\u00ebrkaq, u mb\u00ebshtet me 235 vota. Dallimi ishte gjigant: 111 vota! Duhet sjell\u00eb n\u00eb v\u00ebmendje k\u00ebto vota p\u00ebr t\u00eb treguar sa primitive \u00ebsht\u00eb fushata e tanishme e Fatmir Sejdiut dhe falang\u00ebs s\u00eb tij me vuvuzela. Morali i Sejdiut u pa: nj\u00eb profesor i drejt\u00ebsis\u00eb largohet nga posti i presidentit si shkel\u00ebs Kushtetute. Vendet demokratike i shtypin portretet e president\u00ebve t\u00eb tyre n\u00eb kart\u00ebmonedha. Portreti i Sejdiut do t\u00eb z\u00eb vend vet\u00ebm n\u00eb literatur\u00ebn profesionale si shkel\u00ebs Kushtetute dhe si president q\u00eb amniston nga burgu persona tep\u00ebr t\u00eb dhunsh\u00ebm, t\u00eb cil\u00ebt sapo dalin nga qelia marrin jet\u00eb njeriu.<\/p>\n<p><em>robelli@bluewin.ch<\/em><\/p>\n","protected":false},"excerpt":{"rendered":"<p>Enver Robelli Fatmir Sejdiu shkeli Kushtetut\u00ebn, shkat\u00ebrroi Lidhjen Demokratike t\u00eb Kosov\u00ebs, krijoi sistem nepotizmi, pun\u00ebsoi soj e sorollop n\u00eb PTK, mbajti rreth vetes kryesisht injorant\u00eb politik\u00eb dhe s\u2019iu nda nga p\u00ebrqafimi Hashim Tha\u00e7it. Pas t\u00eb gjitha k\u00ebtyre shkarjeve politike ai humbi gar\u00ebn demokratike p\u00ebr kreun e LDK-s\u00eb. Tash idhnaku i madh ka krijuar nj\u00eb falang\u00eb [&hellip;]<\/p>\n","protected":false},"author":1,"featured_media":0,"comment_status":"open","ping_status":"closed","sticky":false,"template":"","format":"standard","meta":{"footnotes":""},"categories":[2],"tags":[],"class_list":{"0":"post-11750","1":"post","2":"type-post","3":"status-publish","4":"format-standard","6":"category-artikuj"},"yoast_head":"<!-- This site is optimized with the Yoast SEO plugin v27.4 - https:\/\/yoast.com\/product\/yoast-seo-wordpress\/ -->\n<title>Lig\u00ebsia e nj\u00eb humb\u00ebsi - FjALA e LIR\u00cb - Arkivi<\/title>\n<meta name=\"robots\" content=\"index, follow, max-snippet:-1, max-image-preview:large, max-video-preview:-1\" \/>\n<link rel=\"canonical\" href=\"https:\/\/fjala.info\/2009-2015\/ligesia-e-nje-humbesi\/\" \/>\n<meta property=\"og:locale\" content=\"sq_AL\" \/>\n<meta property=\"og:type\" content=\"article\" \/>\n<meta property=\"og:title\" content=\"Lig\u00ebsia e nj\u00eb humb\u00ebsi - FjALA e LIR\u00cb - Arkivi\" \/>\n<meta property=\"og:description\" content=\"Enver Robelli Fatmir Sejdiu shkeli Kushtetut\u00ebn, shkat\u00ebrroi Lidhjen Demokratike t\u00eb Kosov\u00ebs, krijoi sistem nepotizmi, pun\u00ebsoi soj e sorollop n\u00eb PTK, mbajti rreth vetes kryesisht injorant\u00eb politik\u00eb dhe s\u2019iu nda nga p\u00ebrqafimi Hashim Tha\u00e7it. Pas t\u00eb gjitha k\u00ebtyre shkarjeve politike ai humbi gar\u00ebn demokratike p\u00ebr kreun e LDK-s\u00eb. Tash idhnaku i madh ka krijuar nj\u00eb falang\u00eb [&hellip;]\" \/>\n<meta property=\"og:url\" content=\"https:\/\/fjala.info\/2009-2015\/ligesia-e-nje-humbesi\/\" \/>\n<meta property=\"og:site_name\" content=\"FjALA e LIR\u00cb - Arkivi\" \/>\n<meta property=\"article:published_time\" content=\"2012-03-23T15:40:22+00:00\" \/>\n<meta property=\"og:image\" content=\"http:\/\/www.shkoder.net\/images\/fjala\/enver_robelli.jpg\" \/>\n<meta name=\"author\" content=\"admin\" \/>\n<meta name=\"twitter:card\" content=\"summary_large_image\" \/>\n<meta name=\"twitter:label1\" content=\"Written by\" \/>\n\t<meta name=\"twitter:data1\" content=\"admin\" \/>\n\t<meta name=\"twitter:label2\" content=\"Est. reading time\" \/>\n\t<meta name=\"twitter:data2\" content=\"12 minutes\" \/>\n<script type=\"application\/ld+json\" class=\"yoast-schema-graph\">{\"@context\":\"https:\\\/\\\/schema.org\",\"@graph\":[{\"@type\":\"Article\",\"@id\":\"https:\\\/\\\/fjala.info\\\/2009-2015\\\/ligesia-e-nje-humbesi\\\/#article\",\"isPartOf\":{\"@id\":\"https:\\\/\\\/fjala.info\\\/2009-2015\\\/ligesia-e-nje-humbesi\\\/\"},\"author\":{\"name\":\"admin\",\"@id\":\"https:\\\/\\\/fjala.info\\\/2009-2015\\\/#\\\/schema\\\/person\\\/3aa1163ef05469c496fc94e77611ada2\"},\"headline\":\"Lig\u00ebsia e nj\u00eb humb\u00ebsi\",\"datePublished\":\"2012-03-23T15:40:22+00:00\",\"mainEntityOfPage\":{\"@id\":\"https:\\\/\\\/fjala.info\\\/2009-2015\\\/ligesia-e-nje-humbesi\\\/\"},\"wordCount\":2452,\"commentCount\":0,\"publisher\":{\"@id\":\"https:\\\/\\\/fjala.info\\\/2009-2015\\\/#organization\"},\"image\":{\"@id\":\"https:\\\/\\\/fjala.info\\\/2009-2015\\\/ligesia-e-nje-humbesi\\\/#primaryimage\"},\"thumbnailUrl\":\"http:\\\/\\\/www.shkoder.net\\\/images\\\/fjala\\\/enver_robelli.jpg\",\"articleSection\":[\"Artikuj\"],\"inLanguage\":\"sq-AL\",\"potentialAction\":[{\"@type\":\"CommentAction\",\"name\":\"Comment\",\"target\":[\"https:\\\/\\\/fjala.info\\\/2009-2015\\\/ligesia-e-nje-humbesi\\\/#respond\"]}]},{\"@type\":\"WebPage\",\"@id\":\"https:\\\/\\\/fjala.info\\\/2009-2015\\\/ligesia-e-nje-humbesi\\\/\",\"url\":\"https:\\\/\\\/fjala.info\\\/2009-2015\\\/ligesia-e-nje-humbesi\\\/\",\"name\":\"Lig\u00ebsia e nj\u00eb humb\u00ebsi - FjALA e LIR\u00cb - Arkivi\",\"isPartOf\":{\"@id\":\"https:\\\/\\\/fjala.info\\\/2009-2015\\\/#website\"},\"primaryImageOfPage\":{\"@id\":\"https:\\\/\\\/fjala.info\\\/2009-2015\\\/ligesia-e-nje-humbesi\\\/#primaryimage\"},\"image\":{\"@id\":\"https:\\\/\\\/fjala.info\\\/2009-2015\\\/ligesia-e-nje-humbesi\\\/#primaryimage\"},\"thumbnailUrl\":\"http:\\\/\\\/www.shkoder.net\\\/images\\\/fjala\\\/enver_robelli.jpg\",\"datePublished\":\"2012-03-23T15:40:22+00:00\",\"breadcrumb\":{\"@id\":\"https:\\\/\\\/fjala.info\\\/2009-2015\\\/ligesia-e-nje-humbesi\\\/#breadcrumb\"},\"inLanguage\":\"sq-AL\",\"potentialAction\":[{\"@type\":\"ReadAction\",\"target\":[\"https:\\\/\\\/fjala.info\\\/2009-2015\\\/ligesia-e-nje-humbesi\\\/\"]}]},{\"@type\":\"ImageObject\",\"inLanguage\":\"sq-AL\",\"@id\":\"https:\\\/\\\/fjala.info\\\/2009-2015\\\/ligesia-e-nje-humbesi\\\/#primaryimage\",\"url\":\"http:\\\/\\\/www.shkoder.net\\\/images\\\/fjala\\\/enver_robelli.jpg\",\"contentUrl\":\"http:\\\/\\\/www.shkoder.net\\\/images\\\/fjala\\\/enver_robelli.jpg\"},{\"@type\":\"BreadcrumbList\",\"@id\":\"https:\\\/\\\/fjala.info\\\/2009-2015\\\/ligesia-e-nje-humbesi\\\/#breadcrumb\",\"itemListElement\":[{\"@type\":\"ListItem\",\"position\":1,\"name\":\"Home\",\"item\":\"https:\\\/\\\/fjala.info\\\/2009-2015\\\/\"},{\"@type\":\"ListItem\",\"position\":2,\"name\":\"Lig\u00ebsia e nj\u00eb humb\u00ebsi\"}]},{\"@type\":\"WebSite\",\"@id\":\"https:\\\/\\\/fjala.info\\\/2009-2015\\\/#website\",\"url\":\"https:\\\/\\\/fjala.info\\\/2009-2015\\\/\",\"name\":\"FjALA e LIR\u00cb - Arkivi\",\"description\":\"Arkivi 2009-2015\",\"publisher\":{\"@id\":\"https:\\\/\\\/fjala.info\\\/2009-2015\\\/#organization\"},\"potentialAction\":[{\"@type\":\"SearchAction\",\"target\":{\"@type\":\"EntryPoint\",\"urlTemplate\":\"https:\\\/\\\/fjala.info\\\/2009-2015\\\/?s={search_term_string}\"},\"query-input\":{\"@type\":\"PropertyValueSpecification\",\"valueRequired\":true,\"valueName\":\"search_term_string\"}}],\"inLanguage\":\"sq-AL\"},{\"@type\":\"Organization\",\"@id\":\"https:\\\/\\\/fjala.info\\\/2009-2015\\\/#organization\",\"name\":\"FjALA e LIR\u00cb - Arkivi\",\"url\":\"https:\\\/\\\/fjala.info\\\/2009-2015\\\/\",\"logo\":{\"@type\":\"ImageObject\",\"inLanguage\":\"sq-AL\",\"@id\":\"https:\\\/\\\/fjala.info\\\/2009-2015\\\/#\\\/schema\\\/logo\\\/image\\\/\",\"url\":\"\",\"contentUrl\":\"\",\"caption\":\"FjALA e LIR\u00cb - Arkivi\"},\"image\":{\"@id\":\"https:\\\/\\\/fjala.info\\\/2009-2015\\\/#\\\/schema\\\/logo\\\/image\\\/\"}},{\"@type\":\"Person\",\"@id\":\"https:\\\/\\\/fjala.info\\\/2009-2015\\\/#\\\/schema\\\/person\\\/3aa1163ef05469c496fc94e77611ada2\",\"name\":\"admin\",\"image\":{\"@type\":\"ImageObject\",\"inLanguage\":\"sq-AL\",\"@id\":\"https:\\\/\\\/fjala.info\\\/2009-2015\\\/wp-content\\\/uploads\\\/2012\\\/02\\\/arben_cokaj-120x150.jpg\",\"url\":\"https:\\\/\\\/fjala.info\\\/2009-2015\\\/wp-content\\\/uploads\\\/2012\\\/02\\\/arben_cokaj-120x150.jpg\",\"contentUrl\":\"https:\\\/\\\/fjala.info\\\/2009-2015\\\/wp-content\\\/uploads\\\/2012\\\/02\\\/arben_cokaj-120x150.jpg\",\"caption\":\"admin\"},\"description\":\"Admin, Fjala e Lir\u00eb\",\"sameAs\":[\"https:\\\/\\\/fjala.info\\\/\"],\"url\":\"https:\\\/\\\/fjala.info\\\/2009-2015\\\/author\\\/admin\\\/\"}]}<\/script>\n<!-- \/ Yoast SEO plugin. -->","yoast_head_json":{"title":"Lig\u00ebsia e nj\u00eb humb\u00ebsi - FjALA e LIR\u00cb - Arkivi","robots":{"index":"index","follow":"follow","max-snippet":"max-snippet:-1","max-image-preview":"max-image-preview:large","max-video-preview":"max-video-preview:-1"},"canonical":"https:\/\/fjala.info\/2009-2015\/ligesia-e-nje-humbesi\/","og_locale":"sq_AL","og_type":"article","og_title":"Lig\u00ebsia e nj\u00eb humb\u00ebsi - FjALA e LIR\u00cb - Arkivi","og_description":"Enver Robelli Fatmir Sejdiu shkeli Kushtetut\u00ebn, shkat\u00ebrroi Lidhjen Demokratike t\u00eb Kosov\u00ebs, krijoi sistem nepotizmi, pun\u00ebsoi soj e sorollop n\u00eb PTK, mbajti rreth vetes kryesisht injorant\u00eb politik\u00eb dhe s\u2019iu nda nga p\u00ebrqafimi Hashim Tha\u00e7it. Pas t\u00eb gjitha k\u00ebtyre shkarjeve politike ai humbi gar\u00ebn demokratike p\u00ebr kreun e LDK-s\u00eb. Tash idhnaku i madh ka krijuar nj\u00eb falang\u00eb [&hellip;]","og_url":"https:\/\/fjala.info\/2009-2015\/ligesia-e-nje-humbesi\/","og_site_name":"FjALA e LIR\u00cb - Arkivi","article_published_time":"2012-03-23T15:40:22+00:00","og_image":[{"url":"http:\/\/www.shkoder.net\/images\/fjala\/enver_robelli.jpg","type":"","width":"","height":""}],"author":"admin","twitter_card":"summary_large_image","twitter_misc":{"Written by":"admin","Est. reading time":"12 minutes"},"schema":{"@context":"https:\/\/schema.org","@graph":[{"@type":"Article","@id":"https:\/\/fjala.info\/2009-2015\/ligesia-e-nje-humbesi\/#article","isPartOf":{"@id":"https:\/\/fjala.info\/2009-2015\/ligesia-e-nje-humbesi\/"},"author":{"name":"admin","@id":"https:\/\/fjala.info\/2009-2015\/#\/schema\/person\/3aa1163ef05469c496fc94e77611ada2"},"headline":"Lig\u00ebsia e nj\u00eb humb\u00ebsi","datePublished":"2012-03-23T15:40:22+00:00","mainEntityOfPage":{"@id":"https:\/\/fjala.info\/2009-2015\/ligesia-e-nje-humbesi\/"},"wordCount":2452,"commentCount":0,"publisher":{"@id":"https:\/\/fjala.info\/2009-2015\/#organization"},"image":{"@id":"https:\/\/fjala.info\/2009-2015\/ligesia-e-nje-humbesi\/#primaryimage"},"thumbnailUrl":"http:\/\/www.shkoder.net\/images\/fjala\/enver_robelli.jpg","articleSection":["Artikuj"],"inLanguage":"sq-AL","potentialAction":[{"@type":"CommentAction","name":"Comment","target":["https:\/\/fjala.info\/2009-2015\/ligesia-e-nje-humbesi\/#respond"]}]},{"@type":"WebPage","@id":"https:\/\/fjala.info\/2009-2015\/ligesia-e-nje-humbesi\/","url":"https:\/\/fjala.info\/2009-2015\/ligesia-e-nje-humbesi\/","name":"Lig\u00ebsia e nj\u00eb humb\u00ebsi - FjALA e LIR\u00cb - Arkivi","isPartOf":{"@id":"https:\/\/fjala.info\/2009-2015\/#website"},"primaryImageOfPage":{"@id":"https:\/\/fjala.info\/2009-2015\/ligesia-e-nje-humbesi\/#primaryimage"},"image":{"@id":"https:\/\/fjala.info\/2009-2015\/ligesia-e-nje-humbesi\/#primaryimage"},"thumbnailUrl":"http:\/\/www.shkoder.net\/images\/fjala\/enver_robelli.jpg","datePublished":"2012-03-23T15:40:22+00:00","breadcrumb":{"@id":"https:\/\/fjala.info\/2009-2015\/ligesia-e-nje-humbesi\/#breadcrumb"},"inLanguage":"sq-AL","potentialAction":[{"@type":"ReadAction","target":["https:\/\/fjala.info\/2009-2015\/ligesia-e-nje-humbesi\/"]}]},{"@type":"ImageObject","inLanguage":"sq-AL","@id":"https:\/\/fjala.info\/2009-2015\/ligesia-e-nje-humbesi\/#primaryimage","url":"http:\/\/www.shkoder.net\/images\/fjala\/enver_robelli.jpg","contentUrl":"http:\/\/www.shkoder.net\/images\/fjala\/enver_robelli.jpg"},{"@type":"BreadcrumbList","@id":"https:\/\/fjala.info\/2009-2015\/ligesia-e-nje-humbesi\/#breadcrumb","itemListElement":[{"@type":"ListItem","position":1,"name":"Home","item":"https:\/\/fjala.info\/2009-2015\/"},{"@type":"ListItem","position":2,"name":"Lig\u00ebsia e nj\u00eb humb\u00ebsi"}]},{"@type":"WebSite","@id":"https:\/\/fjala.info\/2009-2015\/#website","url":"https:\/\/fjala.info\/2009-2015\/","name":"FjALA e LIR\u00cb - Arkivi","description":"Arkivi 2009-2015","publisher":{"@id":"https:\/\/fjala.info\/2009-2015\/#organization"},"potentialAction":[{"@type":"SearchAction","target":{"@type":"EntryPoint","urlTemplate":"https:\/\/fjala.info\/2009-2015\/?s={search_term_string}"},"query-input":{"@type":"PropertyValueSpecification","valueRequired":true,"valueName":"search_term_string"}}],"inLanguage":"sq-AL"},{"@type":"Organization","@id":"https:\/\/fjala.info\/2009-2015\/#organization","name":"FjALA e LIR\u00cb - Arkivi","url":"https:\/\/fjala.info\/2009-2015\/","logo":{"@type":"ImageObject","inLanguage":"sq-AL","@id":"https:\/\/fjala.info\/2009-2015\/#\/schema\/logo\/image\/","url":"","contentUrl":"","caption":"FjALA e LIR\u00cb - Arkivi"},"image":{"@id":"https:\/\/fjala.info\/2009-2015\/#\/schema\/logo\/image\/"}},{"@type":"Person","@id":"https:\/\/fjala.info\/2009-2015\/#\/schema\/person\/3aa1163ef05469c496fc94e77611ada2","name":"admin","image":{"@type":"ImageObject","inLanguage":"sq-AL","@id":"https:\/\/fjala.info\/2009-2015\/wp-content\/uploads\/2012\/02\/arben_cokaj-120x150.jpg","url":"https:\/\/fjala.info\/2009-2015\/wp-content\/uploads\/2012\/02\/arben_cokaj-120x150.jpg","contentUrl":"https:\/\/fjala.info\/2009-2015\/wp-content\/uploads\/2012\/02\/arben_cokaj-120x150.jpg","caption":"admin"},"description":"Admin, Fjala e Lir\u00eb","sameAs":["https:\/\/fjala.info\/"],"url":"https:\/\/fjala.info\/2009-2015\/author\/admin\/"}]}},"_links":{"self":[{"href":"https:\/\/fjala.info\/2009-2015\/wp-json\/wp\/v2\/posts\/11750","targetHints":{"allow":["GET"]}}],"collection":[{"href":"https:\/\/fjala.info\/2009-2015\/wp-json\/wp\/v2\/posts"}],"about":[{"href":"https:\/\/fjala.info\/2009-2015\/wp-json\/wp\/v2\/types\/post"}],"author":[{"embeddable":true,"href":"https:\/\/fjala.info\/2009-2015\/wp-json\/wp\/v2\/users\/1"}],"replies":[{"embeddable":true,"href":"https:\/\/fjala.info\/2009-2015\/wp-json\/wp\/v2\/comments?post=11750"}],"version-history":[{"count":0,"href":"https:\/\/fjala.info\/2009-2015\/wp-json\/wp\/v2\/posts\/11750\/revisions"}],"wp:attachment":[{"href":"https:\/\/fjala.info\/2009-2015\/wp-json\/wp\/v2\/media?parent=11750"}],"wp:term":[{"taxonomy":"category","embeddable":true,"href":"https:\/\/fjala.info\/2009-2015\/wp-json\/wp\/v2\/categories?post=11750"},{"taxonomy":"post_tag","embeddable":true,"href":"https:\/\/fjala.info\/2009-2015\/wp-json\/wp\/v2\/tags?post=11750"}],"curies":[{"name":"wp","href":"https:\/\/api.w.org\/{rel}","templated":true}]}}