{"id":11748,"date":"2012-03-19T08:56:54","date_gmt":"2012-03-19T07:56:54","guid":{"rendered":"http:\/\/fjala.shkoder.net\/?p=2223"},"modified":"2012-03-19T08:56:54","modified_gmt":"2012-03-19T07:56:54","slug":"makthi-i-pasardhesit","status":"publish","type":"post","link":"https:\/\/fjala.info\/2009-2015\/makthi-i-pasardhesit\/","title":{"rendered":"Makthi i pasardh\u00ebsit"},"content":{"rendered":"<p><img decoding=\"async\" class=\"alignright size-thumbnail wp-image-7236\" title=\"Mero Baze\" src=\"http:\/\/www.shkoder.net\/images\/fjala\/mero_baze1.jpg\" alt=\"\" width=\"150\" \/> Nga <strong>Mero Baze<\/strong>, <em>17 Mars 2012<\/em><\/p>\n<p>N\u00eb spiralen e degradimit t\u00eb pushtetit t\u00eb Berish\u00ebs, degradimi i t\u00eb projektuarve p\u00ebr pasardh\u00ebs t\u00eb tij po bie n\u00eb sy m\u00eb shum\u00eb se \u00e7do gj\u00eb tjet\u00ebr. T\u00eb par\u00ebt q\u00eb nxitojn\u00eb ta b\u00ebjn\u00eb t\u00eb duksh\u00ebm k\u00ebt\u00eb degradim jan\u00eb vet\u00eb t\u00eb vet\u00ebshpallurit pasardh\u00ebs t\u00eb pushtetit. Lul\u00ebzim Basha, karriera e t\u00eb cilit kalon nga skandalet financiare, tek vrasjet politike dhe p\u00ebrfundon tek vjedhja e zgjedhjeve, \u00ebsht\u00eb shfaqur n\u00eb nj\u00eb gjimnaz t\u00eb Tiran\u00ebs p\u00ebr t\u00eb nxituar tu thot\u00eb gjimnazist\u00ebve se ai do t\u00eb jet\u00eb n\u00eb krye t\u00eb Tiran\u00ebs dhe dy mandate t\u00eb tjera. Ashtu me gjysm\u00eb t\u00eb qeshur e gjysm\u00eb makth, ai ka zbuluar at\u00eb \u00e7far\u00eb fsheh brenda vetes, makthin n\u00ebse do t\u00eb q\u00ebndroj\u00eb dot n\u00eb politik\u00eb pas rrug\u00ebs q\u00eb ia kan\u00eb shtruar t\u00eb tjer\u00ebt n\u00eb politik\u00eb.<\/p>\n<p>Makthi i tij u shfaq n\u00eb nj\u00eb dit\u00eb kur ish ambasadori i SHBA, John Withers, nj\u00eb nga njoh\u00ebsit m\u00eb t\u00eb mir\u00eb dhe t\u00eb kulturuar t\u00eb politik\u00ebs shqiptare, ka b\u00ebr\u00eb nj\u00eb vler\u00ebsim fundos\u00ebs p\u00ebr t\u00eb, duke e quajtur nj\u00eb politikan me mentalitet t\u00eb vjet\u00ebr, pavar\u00ebsisht mosh\u00ebs s\u00eb tij t\u00eb re. N\u00eb intervist\u00ebn e dh\u00ebn\u00eb p\u00ebr \u201cJava\u201d, Withers thekson se \u201cudh\u00ebheq\u00ebsve shqiptar\u00eb, qoft\u00eb kur jan\u00eb n\u00eb mosh\u00ebn e Kryeministrit Berisha apo t\u00eb Lulzim Bash\u00ebs, ky besim ju mungon\u201d. Dhe e ka fjal\u00ebn pik\u00ebrisht p\u00ebr faktin se politikan\u00ebt nuk i b\u00ebn t\u00eb rinj mosha, por idet\u00eb e tyre p\u00ebr vendin q\u00eb drejtojn\u00eb duke i krahasuar idet\u00eb e Havelit dhe Mandel\u00ebs n\u00eb mosh\u00ebn e tyre madhore si ide t\u00eb reja p\u00ebrball\u00eb ideve t\u00eb plakura dhe regresive t\u00eb \u00e7iftit Berisha- Basha.<\/p>\n<p>Vler\u00ebsimi i dyt\u00eb fundos\u00ebs p\u00ebr Bash\u00ebn \u00ebsht\u00eb vler\u00ebsimi i ambasadorit Withers q\u00eb \u201cvotimet p\u00ebr bashkin\u00eb e Tiran\u00ebs vitin q\u00eb shkoi ishin nj\u00eb fars\u00eb dhe, p\u00ebr ta th\u00ebn\u00eb tro\u00e7, turp\u00ebruese p\u00ebr vendin.\u201d. Nj\u00eb politikan, i cili \u00ebsht\u00eb n\u00eb detyr\u00eb n\u00eb krye t\u00eb kryeqytetit pas nj\u00eb procesi t\u00eb till\u00eb turp\u00ebrues p\u00ebr vendin, dhe q\u00eb brenda vetes ka makth n\u00ebse do ta p\u00ebrs\u00ebris\u00eb dhe dy her\u00eb t\u00eb tjera k\u00ebt\u00eb turp, \u00ebsht\u00eb nj\u00eb njeri q\u00eb realisht ka makth p\u00ebr t\u00eb ardhmen e vet.<\/p>\n<p>Por ajo q\u00eb \u00ebsht\u00eb thelb\u00ebsore dhe e b\u00ebn t\u00eb pashpres\u00eb k\u00ebt\u00eb \u201cpasardh\u00ebs\u201d t\u00eb vet\u00ebshpallur t\u00eb pushtetit t\u00eb sot\u00ebm, \u00ebsht\u00eb fakti se berishizmi nuk ka t\u00eb ardhme pa Berish\u00ebn gjall\u00eb n\u00eb politik\u00ebn shqiptare. Lul\u00ebzim Basha nuk ka hyr\u00eb n\u00eb politik\u00eb me ndonj\u00eb identitet t\u00eb tij, biles ka refuzuar t\u00eb ngjaj\u00eb ndryshe nga Berisha. Dhe kur e ka b\u00ebr\u00eb k\u00ebt\u00eb si n\u00eb nj\u00eb loj\u00eb teatri n\u00eb fushat\u00eb elektorale, \u00ebsht\u00eb b\u00ebr\u00eb m\u00eb i sh\u00ebmtuar se sa nj\u00eb aktor pas fushate kur \u00ebsht\u00eb rikthyer s\u00ebrish tek ato \u00e7far\u00eb ka dashur dhe \u00e7far\u00eb ka th\u00ebn\u00eb Berisha. Duke qen\u00eb i till\u00eb, ai ka problem me riciklimin e berishizmit n\u00eb t\u00eb ardhmen n\u00eb PD.<\/p>\n<p>Berisha \u00ebsht\u00eb duke ikur nga pushteti me nj\u00eb bilanc turp\u00ebrues, pasi ka rid\u00ebrrmuar shtetin shqiptar, pasi ka shkat\u00ebrruar institucionet, lirin\u00eb e shtypit dhe drejt\u00ebsin\u00eb dhe pasi ka \u00e7uar n\u00ebn zero kapacitetet financiare t\u00eb shtetit. \u00c7do pasardh\u00ebs i s\u00eb djatht\u00ebs brenda PD-s\u00eb ka shans t\u00eb mbijetoj\u00eb vet\u00ebm n\u00ebse \u00ebsht\u00eb nj\u00eb kund\u00ebrshtar i Berish\u00ebs, ose s\u00eb paku nj\u00eb figur\u00eb joluajale e tij, q\u00eb mund t\u00eb ngjall\u00eb besim q\u00eb t\u00eb ringrej\u00eb k\u00ebt\u00eb parti pas r\u00ebnies p\u00ebrtok\u00eb. Garnitura e njer\u00ebzve q\u00eb po qeverisin bashk\u00eb me Berish\u00ebn, dhe sidomos kryesurrogati i tyre, Lul\u00ebzim Basha, jo vet\u00ebm q\u00eb nuk kan\u00eb t\u00eb ardhme n\u00eb at\u00eb PD q\u00eb do ngelet pas g\u00ebrmadhave q\u00eb do t\u00eb l\u00ebr\u00eb Sali Berisha, por nuk do t\u00eb ken\u00eb vend as n\u00eb politik\u00ebn shqiptare n\u00eb p\u00ebrgjith\u00ebsi.<\/p>\n<p>Nj\u00eb faktor tjet\u00ebr q\u00eb e b\u00ebn t\u00eb pashpres\u00eb Bash\u00ebn brenda PD-s\u00eb \u00ebsht\u00eb futja n\u00eb politik\u00eb e polit antiberish\u00eb n\u00eb PD p\u00ebrmes partis\u00eb s\u00eb Bamir Topit. N\u00eb mos marrt\u00eb m\u00eb shum\u00eb vota se PD e Berish\u00ebs, Bamir Topi dhe partia e tij e re \u00ebsht\u00eb e sigurt se marrin t\u00eb drejt\u00ebn p\u00ebr t\u00eb diktuar t\u00eb ardhmen e PD-s\u00eb pas zgjedhjeve t\u00eb radh\u00ebs. Ata do t\u00eb diktojn\u00eb paqen brenda s\u00eb djatht\u00ebs dhe shpres\u00ebn q\u00eb ajo t\u00eb ringrihet nga rr\u00ebnojat ku do ta zhys\u00eb Berisha, dhe kjo e b\u00ebn t\u00ebr\u00ebsisht t\u00eb pashpres\u00eb makthin e trash\u00ebgimtar\u00ebve t\u00eb vet\u00ebshpallur t\u00eb pushtetit t\u00eb sot\u00ebm. PD-ja dhe e djathta pas humner\u00ebs ku Berisha apo e \u00e7on me shpejt\u00ebsi, \u00ebsht\u00eb e detyruar t\u00eb ringrihet duke pajtuar pal\u00ebt brenda saj, ku m\u00eb kryesorja dhe me fuqi politike do t\u00eb jet\u00eb pala e atyre q\u00eb b\u00ebn\u00eb betej\u00eb p\u00ebr t\u00eb ndalur rr\u00ebnimin e s\u00eb djatht\u00ebs nga Berisha.<\/p>\n<p>P\u00ebrfytyrimi se opozita e ardhshme e PD-s\u00eb do t\u00eb jet\u00eb vazhdimi i pushtetit t\u00eb Berish\u00ebs, \u00ebsht\u00eb naiv. Vet\u00ebpastrimi i opozit\u00ebs do t\u00eb jet\u00eb nj\u00eb proces, i cili p\u00ebrve\u00e7se do t\u00eb k\u00ebrkoj\u00eb sakrifikimin e shum\u00eb emrave q\u00eb e zhyt\u00ebn qeverisjen e PD-s\u00eb n\u00eb krim dhe korrupsion, do t\u00eb k\u00ebrkoj\u00eb mbi t\u00eb gjitha nj\u00eb lidership t\u00eb ri, q\u00eb t\u00eb ket\u00eb besimin e publikut q\u00eb nuk komandohet jo vet\u00ebm nga Berisha, por as nga f\u00ebmij\u00ebt apo nipat e mbesat e tij.<\/p>\n<p>Lul\u00ebzim Basha duket se ka nisur qysh tani t\u2019i ndjej\u00eb k\u00ebto ethe dhe n\u00eb stilin e Berish\u00ebs po shpall fitoret e pritshme t\u00eb tij n\u00eb pushtet. Ka plot arsye t\u00eb \u00ebnd\u00ebrroj\u00eb pushtetin, pasi n\u00eb fakt deri tani pushteti e ka mbrojtur nga nj\u00eb proces gjyq\u00ebsor ku akuzohet p\u00ebr 220 milion\u00eb euro, nga nj\u00eb gjyq ku akuzohet p\u00ebr vrasjen e kat\u00ebr qytetar\u00ebve t\u00eb pafajsh\u00ebm, dhe i ka dh\u00ebn\u00eb nj\u00eb mandat \u201cturp\u00ebrues p\u00ebr vendin\u201d n\u00eb krye t\u00eb Bashkis\u00eb s\u00eb Tiran\u00ebs.<\/p>\n<p>Por nuk duhet t\u00eb harroj\u00eb se gjith\u00eb \u00e7far\u00eb ka b\u00ebr\u00eb pushteti i Berish\u00ebs p\u00ebr ta p\u00ebrdorur dhe p\u00ebr ta mbrojtur si kukull nga krimet, jan\u00eb nj\u00eb histori e cila \u00ebsht\u00eb p\u00ebr tu nd\u00ebshkuar nes\u00ebr dhe jo p\u00ebr tu vler\u00ebsuar. Dhe pasardh\u00ebs t\u00eb till\u00eb fatkeq\u00eb si Lul\u00ebzim Basha duhet t\u00eb ndjehen me fat n\u00ebse e mbyllin karrier\u00ebn n\u00eb qeli. Jan\u00eb dhe tet\u00eb jetim\u00eb q\u00eb ka l\u00ebn\u00eb rrug\u00ebve dhe mund ta mbyll karrier\u00ebn duke u ndeshur n\u00eb rrug\u00eb me ta.<\/p>\n","protected":false},"excerpt":{"rendered":"<p>Nga Mero Baze, 17 Mars 2012 N\u00eb spiralen e degradimit t\u00eb pushtetit t\u00eb Berish\u00ebs, degradimi i t\u00eb projektuarve p\u00ebr pasardh\u00ebs t\u00eb tij po bie n\u00eb sy m\u00eb shum\u00eb se \u00e7do gj\u00eb tjet\u00ebr. T\u00eb par\u00ebt q\u00eb nxitojn\u00eb ta b\u00ebjn\u00eb t\u00eb duksh\u00ebm k\u00ebt\u00eb degradim jan\u00eb vet\u00eb t\u00eb vet\u00ebshpallurit pasardh\u00ebs t\u00eb pushtetit. Lul\u00ebzim Basha, karriera e t\u00eb cilit [&hellip;]<\/p>\n","protected":false},"author":1,"featured_media":0,"comment_status":"open","ping_status":"closed","sticky":false,"template":"","format":"standard","meta":{"footnotes":""},"categories":[2],"tags":[],"class_list":{"0":"post-11748","1":"post","2":"type-post","3":"status-publish","4":"format-standard","6":"category-artikuj"},"yoast_head":"<!-- This site is optimized with the Yoast SEO plugin v27.4 - https:\/\/yoast.com\/product\/yoast-seo-wordpress\/ -->\n<title>Makthi i pasardh\u00ebsit - FjALA e LIR\u00cb - Arkivi<\/title>\n<meta name=\"robots\" content=\"index, follow, max-snippet:-1, max-image-preview:large, max-video-preview:-1\" \/>\n<link rel=\"canonical\" href=\"https:\/\/fjala.info\/2009-2015\/makthi-i-pasardhesit\/\" \/>\n<meta property=\"og:locale\" content=\"sq_AL\" \/>\n<meta property=\"og:type\" content=\"article\" \/>\n<meta property=\"og:title\" content=\"Makthi i pasardh\u00ebsit - FjALA e LIR\u00cb - Arkivi\" \/>\n<meta property=\"og:description\" content=\"Nga Mero Baze, 17 Mars 2012 N\u00eb spiralen e degradimit t\u00eb pushtetit t\u00eb Berish\u00ebs, degradimi i t\u00eb projektuarve p\u00ebr pasardh\u00ebs t\u00eb tij po bie n\u00eb sy m\u00eb shum\u00eb se \u00e7do gj\u00eb tjet\u00ebr. T\u00eb par\u00ebt q\u00eb nxitojn\u00eb ta b\u00ebjn\u00eb t\u00eb duksh\u00ebm k\u00ebt\u00eb degradim jan\u00eb vet\u00eb t\u00eb vet\u00ebshpallurit pasardh\u00ebs t\u00eb pushtetit. Lul\u00ebzim Basha, karriera e t\u00eb cilit [&hellip;]\" \/>\n<meta property=\"og:url\" content=\"https:\/\/fjala.info\/2009-2015\/makthi-i-pasardhesit\/\" \/>\n<meta property=\"og:site_name\" content=\"FjALA e LIR\u00cb - Arkivi\" \/>\n<meta property=\"article:published_time\" content=\"2012-03-19T07:56:54+00:00\" \/>\n<meta property=\"og:image\" content=\"http:\/\/www.shkoder.net\/images\/fjala\/mero_baze1.jpg\" \/>\n<meta name=\"author\" content=\"admin\" \/>\n<meta name=\"twitter:card\" content=\"summary_large_image\" \/>\n<meta name=\"twitter:label1\" content=\"Written by\" \/>\n\t<meta name=\"twitter:data1\" content=\"admin\" \/>\n\t<meta name=\"twitter:label2\" content=\"Est. reading time\" \/>\n\t<meta name=\"twitter:data2\" content=\"6 minutes\" \/>\n<script type=\"application\/ld+json\" class=\"yoast-schema-graph\">{\"@context\":\"https:\\\/\\\/schema.org\",\"@graph\":[{\"@type\":\"Article\",\"@id\":\"https:\\\/\\\/fjala.info\\\/2009-2015\\\/makthi-i-pasardhesit\\\/#article\",\"isPartOf\":{\"@id\":\"https:\\\/\\\/fjala.info\\\/2009-2015\\\/makthi-i-pasardhesit\\\/\"},\"author\":{\"name\":\"admin\",\"@id\":\"https:\\\/\\\/fjala.info\\\/2009-2015\\\/#\\\/schema\\\/person\\\/3aa1163ef05469c496fc94e77611ada2\"},\"headline\":\"Makthi i pasardh\u00ebsit\",\"datePublished\":\"2012-03-19T07:56:54+00:00\",\"mainEntityOfPage\":{\"@id\":\"https:\\\/\\\/fjala.info\\\/2009-2015\\\/makthi-i-pasardhesit\\\/\"},\"wordCount\":1114,\"commentCount\":0,\"publisher\":{\"@id\":\"https:\\\/\\\/fjala.info\\\/2009-2015\\\/#organization\"},\"image\":{\"@id\":\"https:\\\/\\\/fjala.info\\\/2009-2015\\\/makthi-i-pasardhesit\\\/#primaryimage\"},\"thumbnailUrl\":\"http:\\\/\\\/www.shkoder.net\\\/images\\\/fjala\\\/mero_baze1.jpg\",\"articleSection\":[\"Artikuj\"],\"inLanguage\":\"sq-AL\",\"potentialAction\":[{\"@type\":\"CommentAction\",\"name\":\"Comment\",\"target\":[\"https:\\\/\\\/fjala.info\\\/2009-2015\\\/makthi-i-pasardhesit\\\/#respond\"]}]},{\"@type\":\"WebPage\",\"@id\":\"https:\\\/\\\/fjala.info\\\/2009-2015\\\/makthi-i-pasardhesit\\\/\",\"url\":\"https:\\\/\\\/fjala.info\\\/2009-2015\\\/makthi-i-pasardhesit\\\/\",\"name\":\"Makthi i pasardh\u00ebsit - FjALA e LIR\u00cb - Arkivi\",\"isPartOf\":{\"@id\":\"https:\\\/\\\/fjala.info\\\/2009-2015\\\/#website\"},\"primaryImageOfPage\":{\"@id\":\"https:\\\/\\\/fjala.info\\\/2009-2015\\\/makthi-i-pasardhesit\\\/#primaryimage\"},\"image\":{\"@id\":\"https:\\\/\\\/fjala.info\\\/2009-2015\\\/makthi-i-pasardhesit\\\/#primaryimage\"},\"thumbnailUrl\":\"http:\\\/\\\/www.shkoder.net\\\/images\\\/fjala\\\/mero_baze1.jpg\",\"datePublished\":\"2012-03-19T07:56:54+00:00\",\"breadcrumb\":{\"@id\":\"https:\\\/\\\/fjala.info\\\/2009-2015\\\/makthi-i-pasardhesit\\\/#breadcrumb\"},\"inLanguage\":\"sq-AL\",\"potentialAction\":[{\"@type\":\"ReadAction\",\"target\":[\"https:\\\/\\\/fjala.info\\\/2009-2015\\\/makthi-i-pasardhesit\\\/\"]}]},{\"@type\":\"ImageObject\",\"inLanguage\":\"sq-AL\",\"@id\":\"https:\\\/\\\/fjala.info\\\/2009-2015\\\/makthi-i-pasardhesit\\\/#primaryimage\",\"url\":\"http:\\\/\\\/www.shkoder.net\\\/images\\\/fjala\\\/mero_baze1.jpg\",\"contentUrl\":\"http:\\\/\\\/www.shkoder.net\\\/images\\\/fjala\\\/mero_baze1.jpg\"},{\"@type\":\"BreadcrumbList\",\"@id\":\"https:\\\/\\\/fjala.info\\\/2009-2015\\\/makthi-i-pasardhesit\\\/#breadcrumb\",\"itemListElement\":[{\"@type\":\"ListItem\",\"position\":1,\"name\":\"Home\",\"item\":\"https:\\\/\\\/fjala.info\\\/2009-2015\\\/\"},{\"@type\":\"ListItem\",\"position\":2,\"name\":\"Makthi i pasardh\u00ebsit\"}]},{\"@type\":\"WebSite\",\"@id\":\"https:\\\/\\\/fjala.info\\\/2009-2015\\\/#website\",\"url\":\"https:\\\/\\\/fjala.info\\\/2009-2015\\\/\",\"name\":\"FjALA e LIR\u00cb - Arkivi\",\"description\":\"Arkivi 2009-2015\",\"publisher\":{\"@id\":\"https:\\\/\\\/fjala.info\\\/2009-2015\\\/#organization\"},\"potentialAction\":[{\"@type\":\"SearchAction\",\"target\":{\"@type\":\"EntryPoint\",\"urlTemplate\":\"https:\\\/\\\/fjala.info\\\/2009-2015\\\/?s={search_term_string}\"},\"query-input\":{\"@type\":\"PropertyValueSpecification\",\"valueRequired\":true,\"valueName\":\"search_term_string\"}}],\"inLanguage\":\"sq-AL\"},{\"@type\":\"Organization\",\"@id\":\"https:\\\/\\\/fjala.info\\\/2009-2015\\\/#organization\",\"name\":\"FjALA e LIR\u00cb - Arkivi\",\"url\":\"https:\\\/\\\/fjala.info\\\/2009-2015\\\/\",\"logo\":{\"@type\":\"ImageObject\",\"inLanguage\":\"sq-AL\",\"@id\":\"https:\\\/\\\/fjala.info\\\/2009-2015\\\/#\\\/schema\\\/logo\\\/image\\\/\",\"url\":\"\",\"contentUrl\":\"\",\"caption\":\"FjALA e LIR\u00cb - Arkivi\"},\"image\":{\"@id\":\"https:\\\/\\\/fjala.info\\\/2009-2015\\\/#\\\/schema\\\/logo\\\/image\\\/\"}},{\"@type\":\"Person\",\"@id\":\"https:\\\/\\\/fjala.info\\\/2009-2015\\\/#\\\/schema\\\/person\\\/3aa1163ef05469c496fc94e77611ada2\",\"name\":\"admin\",\"image\":{\"@type\":\"ImageObject\",\"inLanguage\":\"sq-AL\",\"@id\":\"https:\\\/\\\/fjala.info\\\/2009-2015\\\/wp-content\\\/uploads\\\/2012\\\/02\\\/arben_cokaj-120x150.jpg\",\"url\":\"https:\\\/\\\/fjala.info\\\/2009-2015\\\/wp-content\\\/uploads\\\/2012\\\/02\\\/arben_cokaj-120x150.jpg\",\"contentUrl\":\"https:\\\/\\\/fjala.info\\\/2009-2015\\\/wp-content\\\/uploads\\\/2012\\\/02\\\/arben_cokaj-120x150.jpg\",\"caption\":\"admin\"},\"description\":\"Admin, Fjala e Lir\u00eb\",\"sameAs\":[\"https:\\\/\\\/fjala.info\\\/\"],\"url\":\"https:\\\/\\\/fjala.info\\\/2009-2015\\\/author\\\/admin\\\/\"}]}<\/script>\n<!-- \/ Yoast SEO plugin. -->","yoast_head_json":{"title":"Makthi i pasardh\u00ebsit - FjALA e LIR\u00cb - Arkivi","robots":{"index":"index","follow":"follow","max-snippet":"max-snippet:-1","max-image-preview":"max-image-preview:large","max-video-preview":"max-video-preview:-1"},"canonical":"https:\/\/fjala.info\/2009-2015\/makthi-i-pasardhesit\/","og_locale":"sq_AL","og_type":"article","og_title":"Makthi i pasardh\u00ebsit - FjALA e LIR\u00cb - Arkivi","og_description":"Nga Mero Baze, 17 Mars 2012 N\u00eb spiralen e degradimit t\u00eb pushtetit t\u00eb Berish\u00ebs, degradimi i t\u00eb projektuarve p\u00ebr pasardh\u00ebs t\u00eb tij po bie n\u00eb sy m\u00eb shum\u00eb se \u00e7do gj\u00eb tjet\u00ebr. T\u00eb par\u00ebt q\u00eb nxitojn\u00eb ta b\u00ebjn\u00eb t\u00eb duksh\u00ebm k\u00ebt\u00eb degradim jan\u00eb vet\u00eb t\u00eb vet\u00ebshpallurit pasardh\u00ebs t\u00eb pushtetit. Lul\u00ebzim Basha, karriera e t\u00eb cilit [&hellip;]","og_url":"https:\/\/fjala.info\/2009-2015\/makthi-i-pasardhesit\/","og_site_name":"FjALA e LIR\u00cb - Arkivi","article_published_time":"2012-03-19T07:56:54+00:00","og_image":[{"url":"http:\/\/www.shkoder.net\/images\/fjala\/mero_baze1.jpg","type":"","width":"","height":""}],"author":"admin","twitter_card":"summary_large_image","twitter_misc":{"Written by":"admin","Est. reading time":"6 minutes"},"schema":{"@context":"https:\/\/schema.org","@graph":[{"@type":"Article","@id":"https:\/\/fjala.info\/2009-2015\/makthi-i-pasardhesit\/#article","isPartOf":{"@id":"https:\/\/fjala.info\/2009-2015\/makthi-i-pasardhesit\/"},"author":{"name":"admin","@id":"https:\/\/fjala.info\/2009-2015\/#\/schema\/person\/3aa1163ef05469c496fc94e77611ada2"},"headline":"Makthi i pasardh\u00ebsit","datePublished":"2012-03-19T07:56:54+00:00","mainEntityOfPage":{"@id":"https:\/\/fjala.info\/2009-2015\/makthi-i-pasardhesit\/"},"wordCount":1114,"commentCount":0,"publisher":{"@id":"https:\/\/fjala.info\/2009-2015\/#organization"},"image":{"@id":"https:\/\/fjala.info\/2009-2015\/makthi-i-pasardhesit\/#primaryimage"},"thumbnailUrl":"http:\/\/www.shkoder.net\/images\/fjala\/mero_baze1.jpg","articleSection":["Artikuj"],"inLanguage":"sq-AL","potentialAction":[{"@type":"CommentAction","name":"Comment","target":["https:\/\/fjala.info\/2009-2015\/makthi-i-pasardhesit\/#respond"]}]},{"@type":"WebPage","@id":"https:\/\/fjala.info\/2009-2015\/makthi-i-pasardhesit\/","url":"https:\/\/fjala.info\/2009-2015\/makthi-i-pasardhesit\/","name":"Makthi i pasardh\u00ebsit - FjALA e LIR\u00cb - Arkivi","isPartOf":{"@id":"https:\/\/fjala.info\/2009-2015\/#website"},"primaryImageOfPage":{"@id":"https:\/\/fjala.info\/2009-2015\/makthi-i-pasardhesit\/#primaryimage"},"image":{"@id":"https:\/\/fjala.info\/2009-2015\/makthi-i-pasardhesit\/#primaryimage"},"thumbnailUrl":"http:\/\/www.shkoder.net\/images\/fjala\/mero_baze1.jpg","datePublished":"2012-03-19T07:56:54+00:00","breadcrumb":{"@id":"https:\/\/fjala.info\/2009-2015\/makthi-i-pasardhesit\/#breadcrumb"},"inLanguage":"sq-AL","potentialAction":[{"@type":"ReadAction","target":["https:\/\/fjala.info\/2009-2015\/makthi-i-pasardhesit\/"]}]},{"@type":"ImageObject","inLanguage":"sq-AL","@id":"https:\/\/fjala.info\/2009-2015\/makthi-i-pasardhesit\/#primaryimage","url":"http:\/\/www.shkoder.net\/images\/fjala\/mero_baze1.jpg","contentUrl":"http:\/\/www.shkoder.net\/images\/fjala\/mero_baze1.jpg"},{"@type":"BreadcrumbList","@id":"https:\/\/fjala.info\/2009-2015\/makthi-i-pasardhesit\/#breadcrumb","itemListElement":[{"@type":"ListItem","position":1,"name":"Home","item":"https:\/\/fjala.info\/2009-2015\/"},{"@type":"ListItem","position":2,"name":"Makthi i pasardh\u00ebsit"}]},{"@type":"WebSite","@id":"https:\/\/fjala.info\/2009-2015\/#website","url":"https:\/\/fjala.info\/2009-2015\/","name":"FjALA e LIR\u00cb - Arkivi","description":"Arkivi 2009-2015","publisher":{"@id":"https:\/\/fjala.info\/2009-2015\/#organization"},"potentialAction":[{"@type":"SearchAction","target":{"@type":"EntryPoint","urlTemplate":"https:\/\/fjala.info\/2009-2015\/?s={search_term_string}"},"query-input":{"@type":"PropertyValueSpecification","valueRequired":true,"valueName":"search_term_string"}}],"inLanguage":"sq-AL"},{"@type":"Organization","@id":"https:\/\/fjala.info\/2009-2015\/#organization","name":"FjALA e LIR\u00cb - Arkivi","url":"https:\/\/fjala.info\/2009-2015\/","logo":{"@type":"ImageObject","inLanguage":"sq-AL","@id":"https:\/\/fjala.info\/2009-2015\/#\/schema\/logo\/image\/","url":"","contentUrl":"","caption":"FjALA e LIR\u00cb - Arkivi"},"image":{"@id":"https:\/\/fjala.info\/2009-2015\/#\/schema\/logo\/image\/"}},{"@type":"Person","@id":"https:\/\/fjala.info\/2009-2015\/#\/schema\/person\/3aa1163ef05469c496fc94e77611ada2","name":"admin","image":{"@type":"ImageObject","inLanguage":"sq-AL","@id":"https:\/\/fjala.info\/2009-2015\/wp-content\/uploads\/2012\/02\/arben_cokaj-120x150.jpg","url":"https:\/\/fjala.info\/2009-2015\/wp-content\/uploads\/2012\/02\/arben_cokaj-120x150.jpg","contentUrl":"https:\/\/fjala.info\/2009-2015\/wp-content\/uploads\/2012\/02\/arben_cokaj-120x150.jpg","caption":"admin"},"description":"Admin, Fjala e Lir\u00eb","sameAs":["https:\/\/fjala.info\/"],"url":"https:\/\/fjala.info\/2009-2015\/author\/admin\/"}]}},"_links":{"self":[{"href":"https:\/\/fjala.info\/2009-2015\/wp-json\/wp\/v2\/posts\/11748","targetHints":{"allow":["GET"]}}],"collection":[{"href":"https:\/\/fjala.info\/2009-2015\/wp-json\/wp\/v2\/posts"}],"about":[{"href":"https:\/\/fjala.info\/2009-2015\/wp-json\/wp\/v2\/types\/post"}],"author":[{"embeddable":true,"href":"https:\/\/fjala.info\/2009-2015\/wp-json\/wp\/v2\/users\/1"}],"replies":[{"embeddable":true,"href":"https:\/\/fjala.info\/2009-2015\/wp-json\/wp\/v2\/comments?post=11748"}],"version-history":[{"count":0,"href":"https:\/\/fjala.info\/2009-2015\/wp-json\/wp\/v2\/posts\/11748\/revisions"}],"wp:attachment":[{"href":"https:\/\/fjala.info\/2009-2015\/wp-json\/wp\/v2\/media?parent=11748"}],"wp:term":[{"taxonomy":"category","embeddable":true,"href":"https:\/\/fjala.info\/2009-2015\/wp-json\/wp\/v2\/categories?post=11748"},{"taxonomy":"post_tag","embeddable":true,"href":"https:\/\/fjala.info\/2009-2015\/wp-json\/wp\/v2\/tags?post=11748"}],"curies":[{"name":"wp","href":"https:\/\/api.w.org\/{rel}","templated":true}]}}