{"id":11745,"date":"2012-03-16T23:25:25","date_gmt":"2012-03-16T22:25:25","guid":{"rendered":"http:\/\/fjala.shkoder.net\/?p=2207"},"modified":"2012-03-16T23:25:25","modified_gmt":"2012-03-16T22:25:25","slug":"shinasi-rama-nje-shuplake-per-parine-e-tiranes","status":"publish","type":"post","link":"https:\/\/fjala.info\/2009-2015\/shinasi-rama-nje-shuplake-per-parine-e-tiranes\/","title":{"rendered":"Shinasi Rama, nj\u00eb shuplak\u00eb p\u00ebr \u201cParin\u00eb e Tiran\u00ebs\u201d"},"content":{"rendered":"<p><img decoding=\"async\" class=\"alignleft size-thumbnail wp-image-7236\" title=\"Shinasi Rama - P\u00ebrrallat e Tranzicionit\" src=\"http:\/\/www.shkoder.net\/2012\/shinasi_rama_perrallat_tranzicionit.jpg\" alt=\"\" width=\"300\" \/> <strong>TemA Online<\/strong>, <em>16 Mars 2012<\/em><\/p>\n<p>Ish- studenti i L\u00ebvizjes s\u00eb Dhjetorit, Shinasi Rama, tashm\u00eb pedagog i Universitetit t\u00eb New York-ut n\u00eb SHBA, mblodhi t\u00eb premten n\u00eb mbr\u00ebmje n\u00eb Tiran\u00eb nj\u00eb grup politikan\u00ebsh, gazetar\u00eb dhe njer\u00ebz t\u00eb artit, kultur\u00ebs dhe historis\u00eb p\u00ebr t\u00eb debatuar rreth zhvillimeve politike t\u00eb 20 viteve t\u00eb fundit n\u00eb Shqip\u00ebri. N\u00eb qend\u00ebr t\u00eb debatit ishte libri i tij \u201cP\u00ebrrallat e tranzicionit shqiptar\u201d, botuar nga sht\u00ebpia botuese Princ n\u00eb Tiran\u00eb.<\/p>\n<p>Libri \u00ebsht\u00eb nj\u00eb p\u00ebrpjekje p\u00ebr t\u00eb reflektuar mbi shkaqet e d\u00ebshtimit t\u00eb proceseve historike n\u00eb shoq\u00ebrin\u00eb shqiptare. Libri \u00ebsht\u00eb nj\u00eb ripunim i gjith\u00eb veprimtaris\u00eb s\u00eb tij publicistike t\u00eb k\u00ebtyre viteve, por mbi nj\u00eb koncept t\u00eb qart\u00eb teorik, n\u00eb funksion t\u00eb ides\u00eb p\u00ebr t\u00eb cil\u00ebn ka shkruar librin.<\/p>\n<p>Duke analizuar at\u00eb q\u00eb ai e quan \u2018Paria e Tiran\u00ebs\u2019, Shenasi Rama ka arritur t\u00eb dep\u00ebrtoj\u00eb n\u00eb zem\u00ebr t\u00eb virusit t\u00eb d\u00ebshtimit t\u00eb qeveris\u00eb shqiptare k\u00ebto 20 vite, duke u ndalur ve\u00e7an\u00ebrisht tek deficiti i kultur\u00ebs demokratike, ndikimi i krahinarizmit dhe humbja e sistemit t\u00eb vlerave n\u00eb politik\u00eb, humbja e konkurrenc\u00ebs politike, stimulimi i dukurive sociale q\u00eb ndikojn\u00eb negativisht n\u00eb t\u00eb ardhmen e nj\u00eb shoq\u00ebrie cil\u00ebsore, problemet me drejt\u00ebsin\u00eb, medien dhe zgjedhjet e lira etj.<\/p>\n<p>N\u00eb qend\u00ebr t\u00eb librit mbetet p\u00ebrsiatja rreth rolit t\u00eb Sali Berish\u00ebs n\u00eb k\u00ebto 20 vite si monopolizues i zhvillimeve politike dhe diktues i nj\u00eb kursi negativ p\u00ebr shoq\u00ebrin\u00eb shqiptare.<\/p>\n<p>Libri \u00ebsht\u00eb tejet i pasur me referenca dhe vizatime personazhesh dhe ngjarjesh.<\/p>\n<p>Shinasi Rama \u00ebsht\u00eb aktualisht profesor n\u00eb Departamentin e Politik\u00ebs dhe drejtor i programeve master n\u00eb New York University n\u00eb SHBA. Ai ka qen\u00eb bashk\u00ebthemelues i Partis\u00eb Demokratike dhe nj\u00eb nga student\u00ebt m\u00eb t\u00eb angazhuar n\u00eb L\u00ebvizjen e Dhjetorit 1990. P\u00ebrve\u00e7 studimeve n\u00eb Shqip\u00ebri, ai ka b\u00ebr\u00eb masterin n\u00eb South Carolina University dhe mban grad\u00ebn Doktor i Shkencave Politike nga Columbia University.<\/p>\n","protected":false},"excerpt":{"rendered":"<p>TemA Online, 16 Mars 2012 Ish- studenti i L\u00ebvizjes s\u00eb Dhjetorit, Shinasi Rama, tashm\u00eb pedagog i Universitetit t\u00eb New York-ut n\u00eb SHBA, mblodhi t\u00eb premten n\u00eb mbr\u00ebmje n\u00eb Tiran\u00eb nj\u00eb grup politikan\u00ebsh, gazetar\u00eb dhe njer\u00ebz t\u00eb artit, kultur\u00ebs dhe historis\u00eb p\u00ebr t\u00eb debatuar rreth zhvillimeve politike t\u00eb 20 viteve t\u00eb fundit n\u00eb Shqip\u00ebri. N\u00eb qend\u00ebr [&hellip;]<\/p>\n","protected":false},"author":1,"featured_media":0,"comment_status":"open","ping_status":"closed","sticky":false,"template":"","format":"standard","meta":{"footnotes":""},"categories":[2,5],"tags":[],"class_list":{"0":"post-11745","1":"post","2":"type-post","3":"status-publish","4":"format-standard","6":"category-artikuj","7":"category-lajme"},"yoast_head":"<!-- This site is optimized with the Yoast SEO plugin v27.4 - https:\/\/yoast.com\/product\/yoast-seo-wordpress\/ -->\n<title>Shinasi Rama, nj\u00eb shuplak\u00eb p\u00ebr \u201cParin\u00eb e Tiran\u00ebs\u201d - FjALA e LIR\u00cb - Arkivi<\/title>\n<meta name=\"robots\" content=\"index, follow, max-snippet:-1, max-image-preview:large, max-video-preview:-1\" \/>\n<link rel=\"canonical\" href=\"https:\/\/fjala.info\/2009-2015\/shinasi-rama-nje-shuplake-per-parine-e-tiranes\/\" \/>\n<meta property=\"og:locale\" content=\"sq_AL\" \/>\n<meta property=\"og:type\" content=\"article\" \/>\n<meta property=\"og:title\" content=\"Shinasi Rama, nj\u00eb shuplak\u00eb p\u00ebr \u201cParin\u00eb e Tiran\u00ebs\u201d - FjALA e LIR\u00cb - Arkivi\" \/>\n<meta property=\"og:description\" content=\"TemA Online, 16 Mars 2012 Ish- studenti i L\u00ebvizjes s\u00eb Dhjetorit, Shinasi Rama, tashm\u00eb pedagog i Universitetit t\u00eb New York-ut n\u00eb SHBA, mblodhi t\u00eb premten n\u00eb mbr\u00ebmje n\u00eb Tiran\u00eb nj\u00eb grup politikan\u00ebsh, gazetar\u00eb dhe njer\u00ebz t\u00eb artit, kultur\u00ebs dhe historis\u00eb p\u00ebr t\u00eb debatuar rreth zhvillimeve politike t\u00eb 20 viteve t\u00eb fundit n\u00eb Shqip\u00ebri. N\u00eb qend\u00ebr [&hellip;]\" \/>\n<meta property=\"og:url\" content=\"https:\/\/fjala.info\/2009-2015\/shinasi-rama-nje-shuplake-per-parine-e-tiranes\/\" \/>\n<meta property=\"og:site_name\" content=\"FjALA e LIR\u00cb - Arkivi\" \/>\n<meta property=\"article:published_time\" content=\"2012-03-16T22:25:25+00:00\" \/>\n<meta property=\"og:image\" content=\"http:\/\/www.shkoder.net\/2012\/shinasi_rama_perrallat_tranzicionit.jpg\" \/>\n<meta name=\"author\" content=\"admin\" \/>\n<meta name=\"twitter:card\" content=\"summary_large_image\" \/>\n<meta name=\"twitter:label1\" content=\"Written by\" \/>\n\t<meta name=\"twitter:data1\" content=\"admin\" \/>\n\t<meta name=\"twitter:label2\" content=\"Est. reading time\" \/>\n\t<meta name=\"twitter:data2\" content=\"2 minutes\" \/>\n<script type=\"application\/ld+json\" class=\"yoast-schema-graph\">{\"@context\":\"https:\\\/\\\/schema.org\",\"@graph\":[{\"@type\":\"Article\",\"@id\":\"https:\\\/\\\/fjala.info\\\/2009-2015\\\/shinasi-rama-nje-shuplake-per-parine-e-tiranes\\\/#article\",\"isPartOf\":{\"@id\":\"https:\\\/\\\/fjala.info\\\/2009-2015\\\/shinasi-rama-nje-shuplake-per-parine-e-tiranes\\\/\"},\"author\":{\"name\":\"admin\",\"@id\":\"https:\\\/\\\/fjala.info\\\/2009-2015\\\/#\\\/schema\\\/person\\\/3aa1163ef05469c496fc94e77611ada2\"},\"headline\":\"Shinasi Rama, nj\u00eb shuplak\u00eb p\u00ebr \u201cParin\u00eb e Tiran\u00ebs\u201d\",\"datePublished\":\"2012-03-16T22:25:25+00:00\",\"mainEntityOfPage\":{\"@id\":\"https:\\\/\\\/fjala.info\\\/2009-2015\\\/shinasi-rama-nje-shuplake-per-parine-e-tiranes\\\/\"},\"wordCount\":343,\"commentCount\":3,\"publisher\":{\"@id\":\"https:\\\/\\\/fjala.info\\\/2009-2015\\\/#organization\"},\"image\":{\"@id\":\"https:\\\/\\\/fjala.info\\\/2009-2015\\\/shinasi-rama-nje-shuplake-per-parine-e-tiranes\\\/#primaryimage\"},\"thumbnailUrl\":\"http:\\\/\\\/www.shkoder.net\\\/2012\\\/shinasi_rama_perrallat_tranzicionit.jpg\",\"articleSection\":[\"Artikuj\",\"Lajme\"],\"inLanguage\":\"sq-AL\",\"potentialAction\":[{\"@type\":\"CommentAction\",\"name\":\"Comment\",\"target\":[\"https:\\\/\\\/fjala.info\\\/2009-2015\\\/shinasi-rama-nje-shuplake-per-parine-e-tiranes\\\/#respond\"]}]},{\"@type\":\"WebPage\",\"@id\":\"https:\\\/\\\/fjala.info\\\/2009-2015\\\/shinasi-rama-nje-shuplake-per-parine-e-tiranes\\\/\",\"url\":\"https:\\\/\\\/fjala.info\\\/2009-2015\\\/shinasi-rama-nje-shuplake-per-parine-e-tiranes\\\/\",\"name\":\"Shinasi Rama, nj\u00eb shuplak\u00eb p\u00ebr \u201cParin\u00eb e Tiran\u00ebs\u201d - FjALA e LIR\u00cb - Arkivi\",\"isPartOf\":{\"@id\":\"https:\\\/\\\/fjala.info\\\/2009-2015\\\/#website\"},\"primaryImageOfPage\":{\"@id\":\"https:\\\/\\\/fjala.info\\\/2009-2015\\\/shinasi-rama-nje-shuplake-per-parine-e-tiranes\\\/#primaryimage\"},\"image\":{\"@id\":\"https:\\\/\\\/fjala.info\\\/2009-2015\\\/shinasi-rama-nje-shuplake-per-parine-e-tiranes\\\/#primaryimage\"},\"thumbnailUrl\":\"http:\\\/\\\/www.shkoder.net\\\/2012\\\/shinasi_rama_perrallat_tranzicionit.jpg\",\"datePublished\":\"2012-03-16T22:25:25+00:00\",\"breadcrumb\":{\"@id\":\"https:\\\/\\\/fjala.info\\\/2009-2015\\\/shinasi-rama-nje-shuplake-per-parine-e-tiranes\\\/#breadcrumb\"},\"inLanguage\":\"sq-AL\",\"potentialAction\":[{\"@type\":\"ReadAction\",\"target\":[\"https:\\\/\\\/fjala.info\\\/2009-2015\\\/shinasi-rama-nje-shuplake-per-parine-e-tiranes\\\/\"]}]},{\"@type\":\"ImageObject\",\"inLanguage\":\"sq-AL\",\"@id\":\"https:\\\/\\\/fjala.info\\\/2009-2015\\\/shinasi-rama-nje-shuplake-per-parine-e-tiranes\\\/#primaryimage\",\"url\":\"http:\\\/\\\/www.shkoder.net\\\/2012\\\/shinasi_rama_perrallat_tranzicionit.jpg\",\"contentUrl\":\"http:\\\/\\\/www.shkoder.net\\\/2012\\\/shinasi_rama_perrallat_tranzicionit.jpg\"},{\"@type\":\"BreadcrumbList\",\"@id\":\"https:\\\/\\\/fjala.info\\\/2009-2015\\\/shinasi-rama-nje-shuplake-per-parine-e-tiranes\\\/#breadcrumb\",\"itemListElement\":[{\"@type\":\"ListItem\",\"position\":1,\"name\":\"Home\",\"item\":\"https:\\\/\\\/fjala.info\\\/2009-2015\\\/\"},{\"@type\":\"ListItem\",\"position\":2,\"name\":\"Shinasi Rama, nj\u00eb shuplak\u00eb p\u00ebr \u201cParin\u00eb e Tiran\u00ebs\u201d\"}]},{\"@type\":\"WebSite\",\"@id\":\"https:\\\/\\\/fjala.info\\\/2009-2015\\\/#website\",\"url\":\"https:\\\/\\\/fjala.info\\\/2009-2015\\\/\",\"name\":\"FjALA e LIR\u00cb - Arkivi\",\"description\":\"Arkivi 2009-2015\",\"publisher\":{\"@id\":\"https:\\\/\\\/fjala.info\\\/2009-2015\\\/#organization\"},\"potentialAction\":[{\"@type\":\"SearchAction\",\"target\":{\"@type\":\"EntryPoint\",\"urlTemplate\":\"https:\\\/\\\/fjala.info\\\/2009-2015\\\/?s={search_term_string}\"},\"query-input\":{\"@type\":\"PropertyValueSpecification\",\"valueRequired\":true,\"valueName\":\"search_term_string\"}}],\"inLanguage\":\"sq-AL\"},{\"@type\":\"Organization\",\"@id\":\"https:\\\/\\\/fjala.info\\\/2009-2015\\\/#organization\",\"name\":\"FjALA e LIR\u00cb - Arkivi\",\"url\":\"https:\\\/\\\/fjala.info\\\/2009-2015\\\/\",\"logo\":{\"@type\":\"ImageObject\",\"inLanguage\":\"sq-AL\",\"@id\":\"https:\\\/\\\/fjala.info\\\/2009-2015\\\/#\\\/schema\\\/logo\\\/image\\\/\",\"url\":\"\",\"contentUrl\":\"\",\"caption\":\"FjALA e LIR\u00cb - Arkivi\"},\"image\":{\"@id\":\"https:\\\/\\\/fjala.info\\\/2009-2015\\\/#\\\/schema\\\/logo\\\/image\\\/\"}},{\"@type\":\"Person\",\"@id\":\"https:\\\/\\\/fjala.info\\\/2009-2015\\\/#\\\/schema\\\/person\\\/3aa1163ef05469c496fc94e77611ada2\",\"name\":\"admin\",\"image\":{\"@type\":\"ImageObject\",\"inLanguage\":\"sq-AL\",\"@id\":\"https:\\\/\\\/fjala.info\\\/2009-2015\\\/wp-content\\\/uploads\\\/2012\\\/02\\\/arben_cokaj-120x150.jpg\",\"url\":\"https:\\\/\\\/fjala.info\\\/2009-2015\\\/wp-content\\\/uploads\\\/2012\\\/02\\\/arben_cokaj-120x150.jpg\",\"contentUrl\":\"https:\\\/\\\/fjala.info\\\/2009-2015\\\/wp-content\\\/uploads\\\/2012\\\/02\\\/arben_cokaj-120x150.jpg\",\"caption\":\"admin\"},\"description\":\"Admin, Fjala e Lir\u00eb\",\"sameAs\":[\"https:\\\/\\\/fjala.info\\\/\"],\"url\":\"https:\\\/\\\/fjala.info\\\/2009-2015\\\/author\\\/admin\\\/\"}]}<\/script>\n<!-- \/ Yoast SEO plugin. -->","yoast_head_json":{"title":"Shinasi Rama, nj\u00eb shuplak\u00eb p\u00ebr \u201cParin\u00eb e Tiran\u00ebs\u201d - FjALA e LIR\u00cb - Arkivi","robots":{"index":"index","follow":"follow","max-snippet":"max-snippet:-1","max-image-preview":"max-image-preview:large","max-video-preview":"max-video-preview:-1"},"canonical":"https:\/\/fjala.info\/2009-2015\/shinasi-rama-nje-shuplake-per-parine-e-tiranes\/","og_locale":"sq_AL","og_type":"article","og_title":"Shinasi Rama, nj\u00eb shuplak\u00eb p\u00ebr \u201cParin\u00eb e Tiran\u00ebs\u201d - FjALA e LIR\u00cb - Arkivi","og_description":"TemA Online, 16 Mars 2012 Ish- studenti i L\u00ebvizjes s\u00eb Dhjetorit, Shinasi Rama, tashm\u00eb pedagog i Universitetit t\u00eb New York-ut n\u00eb SHBA, mblodhi t\u00eb premten n\u00eb mbr\u00ebmje n\u00eb Tiran\u00eb nj\u00eb grup politikan\u00ebsh, gazetar\u00eb dhe njer\u00ebz t\u00eb artit, kultur\u00ebs dhe historis\u00eb p\u00ebr t\u00eb debatuar rreth zhvillimeve politike t\u00eb 20 viteve t\u00eb fundit n\u00eb Shqip\u00ebri. N\u00eb qend\u00ebr [&hellip;]","og_url":"https:\/\/fjala.info\/2009-2015\/shinasi-rama-nje-shuplake-per-parine-e-tiranes\/","og_site_name":"FjALA e LIR\u00cb - Arkivi","article_published_time":"2012-03-16T22:25:25+00:00","og_image":[{"url":"http:\/\/www.shkoder.net\/2012\/shinasi_rama_perrallat_tranzicionit.jpg","type":"","width":"","height":""}],"author":"admin","twitter_card":"summary_large_image","twitter_misc":{"Written by":"admin","Est. reading time":"2 minutes"},"schema":{"@context":"https:\/\/schema.org","@graph":[{"@type":"Article","@id":"https:\/\/fjala.info\/2009-2015\/shinasi-rama-nje-shuplake-per-parine-e-tiranes\/#article","isPartOf":{"@id":"https:\/\/fjala.info\/2009-2015\/shinasi-rama-nje-shuplake-per-parine-e-tiranes\/"},"author":{"name":"admin","@id":"https:\/\/fjala.info\/2009-2015\/#\/schema\/person\/3aa1163ef05469c496fc94e77611ada2"},"headline":"Shinasi Rama, nj\u00eb shuplak\u00eb p\u00ebr \u201cParin\u00eb e Tiran\u00ebs\u201d","datePublished":"2012-03-16T22:25:25+00:00","mainEntityOfPage":{"@id":"https:\/\/fjala.info\/2009-2015\/shinasi-rama-nje-shuplake-per-parine-e-tiranes\/"},"wordCount":343,"commentCount":3,"publisher":{"@id":"https:\/\/fjala.info\/2009-2015\/#organization"},"image":{"@id":"https:\/\/fjala.info\/2009-2015\/shinasi-rama-nje-shuplake-per-parine-e-tiranes\/#primaryimage"},"thumbnailUrl":"http:\/\/www.shkoder.net\/2012\/shinasi_rama_perrallat_tranzicionit.jpg","articleSection":["Artikuj","Lajme"],"inLanguage":"sq-AL","potentialAction":[{"@type":"CommentAction","name":"Comment","target":["https:\/\/fjala.info\/2009-2015\/shinasi-rama-nje-shuplake-per-parine-e-tiranes\/#respond"]}]},{"@type":"WebPage","@id":"https:\/\/fjala.info\/2009-2015\/shinasi-rama-nje-shuplake-per-parine-e-tiranes\/","url":"https:\/\/fjala.info\/2009-2015\/shinasi-rama-nje-shuplake-per-parine-e-tiranes\/","name":"Shinasi Rama, nj\u00eb shuplak\u00eb p\u00ebr \u201cParin\u00eb e Tiran\u00ebs\u201d - FjALA e LIR\u00cb - Arkivi","isPartOf":{"@id":"https:\/\/fjala.info\/2009-2015\/#website"},"primaryImageOfPage":{"@id":"https:\/\/fjala.info\/2009-2015\/shinasi-rama-nje-shuplake-per-parine-e-tiranes\/#primaryimage"},"image":{"@id":"https:\/\/fjala.info\/2009-2015\/shinasi-rama-nje-shuplake-per-parine-e-tiranes\/#primaryimage"},"thumbnailUrl":"http:\/\/www.shkoder.net\/2012\/shinasi_rama_perrallat_tranzicionit.jpg","datePublished":"2012-03-16T22:25:25+00:00","breadcrumb":{"@id":"https:\/\/fjala.info\/2009-2015\/shinasi-rama-nje-shuplake-per-parine-e-tiranes\/#breadcrumb"},"inLanguage":"sq-AL","potentialAction":[{"@type":"ReadAction","target":["https:\/\/fjala.info\/2009-2015\/shinasi-rama-nje-shuplake-per-parine-e-tiranes\/"]}]},{"@type":"ImageObject","inLanguage":"sq-AL","@id":"https:\/\/fjala.info\/2009-2015\/shinasi-rama-nje-shuplake-per-parine-e-tiranes\/#primaryimage","url":"http:\/\/www.shkoder.net\/2012\/shinasi_rama_perrallat_tranzicionit.jpg","contentUrl":"http:\/\/www.shkoder.net\/2012\/shinasi_rama_perrallat_tranzicionit.jpg"},{"@type":"BreadcrumbList","@id":"https:\/\/fjala.info\/2009-2015\/shinasi-rama-nje-shuplake-per-parine-e-tiranes\/#breadcrumb","itemListElement":[{"@type":"ListItem","position":1,"name":"Home","item":"https:\/\/fjala.info\/2009-2015\/"},{"@type":"ListItem","position":2,"name":"Shinasi Rama, nj\u00eb shuplak\u00eb p\u00ebr \u201cParin\u00eb e Tiran\u00ebs\u201d"}]},{"@type":"WebSite","@id":"https:\/\/fjala.info\/2009-2015\/#website","url":"https:\/\/fjala.info\/2009-2015\/","name":"FjALA e LIR\u00cb - Arkivi","description":"Arkivi 2009-2015","publisher":{"@id":"https:\/\/fjala.info\/2009-2015\/#organization"},"potentialAction":[{"@type":"SearchAction","target":{"@type":"EntryPoint","urlTemplate":"https:\/\/fjala.info\/2009-2015\/?s={search_term_string}"},"query-input":{"@type":"PropertyValueSpecification","valueRequired":true,"valueName":"search_term_string"}}],"inLanguage":"sq-AL"},{"@type":"Organization","@id":"https:\/\/fjala.info\/2009-2015\/#organization","name":"FjALA e LIR\u00cb - Arkivi","url":"https:\/\/fjala.info\/2009-2015\/","logo":{"@type":"ImageObject","inLanguage":"sq-AL","@id":"https:\/\/fjala.info\/2009-2015\/#\/schema\/logo\/image\/","url":"","contentUrl":"","caption":"FjALA e LIR\u00cb - Arkivi"},"image":{"@id":"https:\/\/fjala.info\/2009-2015\/#\/schema\/logo\/image\/"}},{"@type":"Person","@id":"https:\/\/fjala.info\/2009-2015\/#\/schema\/person\/3aa1163ef05469c496fc94e77611ada2","name":"admin","image":{"@type":"ImageObject","inLanguage":"sq-AL","@id":"https:\/\/fjala.info\/2009-2015\/wp-content\/uploads\/2012\/02\/arben_cokaj-120x150.jpg","url":"https:\/\/fjala.info\/2009-2015\/wp-content\/uploads\/2012\/02\/arben_cokaj-120x150.jpg","contentUrl":"https:\/\/fjala.info\/2009-2015\/wp-content\/uploads\/2012\/02\/arben_cokaj-120x150.jpg","caption":"admin"},"description":"Admin, Fjala e Lir\u00eb","sameAs":["https:\/\/fjala.info\/"],"url":"https:\/\/fjala.info\/2009-2015\/author\/admin\/"}]}},"_links":{"self":[{"href":"https:\/\/fjala.info\/2009-2015\/wp-json\/wp\/v2\/posts\/11745","targetHints":{"allow":["GET"]}}],"collection":[{"href":"https:\/\/fjala.info\/2009-2015\/wp-json\/wp\/v2\/posts"}],"about":[{"href":"https:\/\/fjala.info\/2009-2015\/wp-json\/wp\/v2\/types\/post"}],"author":[{"embeddable":true,"href":"https:\/\/fjala.info\/2009-2015\/wp-json\/wp\/v2\/users\/1"}],"replies":[{"embeddable":true,"href":"https:\/\/fjala.info\/2009-2015\/wp-json\/wp\/v2\/comments?post=11745"}],"version-history":[{"count":0,"href":"https:\/\/fjala.info\/2009-2015\/wp-json\/wp\/v2\/posts\/11745\/revisions"}],"wp:attachment":[{"href":"https:\/\/fjala.info\/2009-2015\/wp-json\/wp\/v2\/media?parent=11745"}],"wp:term":[{"taxonomy":"category","embeddable":true,"href":"https:\/\/fjala.info\/2009-2015\/wp-json\/wp\/v2\/categories?post=11745"},{"taxonomy":"post_tag","embeddable":true,"href":"https:\/\/fjala.info\/2009-2015\/wp-json\/wp\/v2\/tags?post=11745"}],"curies":[{"name":"wp","href":"https:\/\/api.w.org\/{rel}","templated":true}]}}