{"id":11742,"date":"2012-03-15T10:27:27","date_gmt":"2012-03-15T09:27:27","guid":{"rendered":"http:\/\/fjala.shkoder.net\/?p=2179"},"modified":"2012-03-15T10:27:27","modified_gmt":"2012-03-15T09:27:27","slug":"klosi-rrefej-takimin-mes-gazidedes-dhe-arkanit","status":"publish","type":"post","link":"https:\/\/fjala.info\/2009-2015\/klosi-rrefej-takimin-mes-gazidedes-dhe-arkanit\/","title":{"rendered":"Klosi: Rr\u00ebfej takimin mes Gazidedes dhe Arkanit"},"content":{"rendered":"<p><img decoding=\"async\" class=\"alignright size-thumbnail wp-image-7236\" title=\"Bashkim Gazidede dhe Arkani\" src=\"http:\/\/www.shkoder.net\/2012\/gazidede_arkan.jpg\" alt=\"\" width=\"300\" \/> <strong>TemA<\/strong>, <em>15 Mars 2012<\/em><\/p>\n<p>Ish-kreu i SHISH, Fatos Klosi n\u00eb nj\u00eb intervist\u00eb p\u00ebr gazet\u00ebn \u201cShqiptarja.com\u201d ka deklaruar se takimi mes ish-kryetarit t\u00eb SHIK-ut shqiptar Bashkim Gazidede dhe kreut t\u00eb forcave paramiltare serbe, \u201cTigrat\u201d Arkan \u00ebsht\u00eb zhvilluar n\u00eb Dib\u00ebr t\u00eb Madhe.<\/p>\n<p>Nj\u00ebher\u00ebsh ai thot\u00eb se dhe Remzi Hoxha u p\u00ebrndoq n\u00eb at\u00eb m\u00ebnyr\u00eb pasi me sa duket dinte m\u00eb shum\u00eb se sa duhej. Klosi n\u00ebnvizon se UDB kishte spiun\u00ebt e saj n\u00eb Shqip\u00ebri, nd\u00ebrkoh\u00eb q\u00eb n\u00eb lidhje me hapjen e dosjeve ai thot\u00eb se duhet t\u00eb veprohet sipas modelit t\u00eb p\u00ebrdorur n\u00eb Gjermani.<\/p>\n<p>Intervist\u00ebn e plot\u00eb ku Klosi p\u00ebrgjigjet dhe p\u00ebr dokumentin q\u00eb Taulant Balla publikoi sipas t\u00eb cilit Berisha ishte agjent i UDB-s\u00eb, mund ta lexoni sot n\u00eb gazet\u00ebn Shqiptarja.com.<\/p>\n<p>(N\u00eb foto: <strong>Bashkim Gazidede <\/strong>dhe <strong>Zhelko Razhnjatovi\u00e7 <\/strong>(<strong>Arkan<\/strong>) (fotomontazh)<\/p>\n","protected":false},"excerpt":{"rendered":"<p>TemA, 15 Mars 2012 Ish-kreu i SHISH, Fatos Klosi n\u00eb nj\u00eb intervist\u00eb p\u00ebr gazet\u00ebn \u201cShqiptarja.com\u201d ka deklaruar se takimi mes ish-kryetarit t\u00eb SHIK-ut shqiptar Bashkim Gazidede dhe kreut t\u00eb forcave paramiltare serbe, \u201cTigrat\u201d Arkan \u00ebsht\u00eb zhvilluar n\u00eb Dib\u00ebr t\u00eb Madhe. Nj\u00ebher\u00ebsh ai thot\u00eb se dhe Remzi Hoxha u p\u00ebrndoq n\u00eb at\u00eb m\u00ebnyr\u00eb pasi me sa [&hellip;]<\/p>\n","protected":false},"author":1,"featured_media":0,"comment_status":"open","ping_status":"closed","sticky":false,"template":"","format":"standard","meta":{"footnotes":""},"categories":[5],"tags":[],"class_list":{"0":"post-11742","1":"post","2":"type-post","3":"status-publish","4":"format-standard","6":"category-lajme"},"yoast_head":"<!-- This site is optimized with the Yoast SEO plugin v27.4 - https:\/\/yoast.com\/product\/yoast-seo-wordpress\/ -->\n<title>Klosi: Rr\u00ebfej takimin mes Gazidedes dhe Arkanit - FjALA e LIR\u00cb - Arkivi<\/title>\n<meta name=\"robots\" content=\"index, follow, max-snippet:-1, max-image-preview:large, max-video-preview:-1\" \/>\n<link rel=\"canonical\" href=\"https:\/\/fjala.info\/2009-2015\/klosi-rrefej-takimin-mes-gazidedes-dhe-arkanit\/\" \/>\n<meta property=\"og:locale\" content=\"sq_AL\" \/>\n<meta property=\"og:type\" content=\"article\" \/>\n<meta property=\"og:title\" content=\"Klosi: Rr\u00ebfej takimin mes Gazidedes dhe Arkanit - FjALA e LIR\u00cb - Arkivi\" \/>\n<meta property=\"og:description\" content=\"TemA, 15 Mars 2012 Ish-kreu i SHISH, Fatos Klosi n\u00eb nj\u00eb intervist\u00eb p\u00ebr gazet\u00ebn \u201cShqiptarja.com\u201d ka deklaruar se takimi mes ish-kryetarit t\u00eb SHIK-ut shqiptar Bashkim Gazidede dhe kreut t\u00eb forcave paramiltare serbe, \u201cTigrat\u201d Arkan \u00ebsht\u00eb zhvilluar n\u00eb Dib\u00ebr t\u00eb Madhe. Nj\u00ebher\u00ebsh ai thot\u00eb se dhe Remzi Hoxha u p\u00ebrndoq n\u00eb at\u00eb m\u00ebnyr\u00eb pasi me sa [&hellip;]\" \/>\n<meta property=\"og:url\" content=\"https:\/\/fjala.info\/2009-2015\/klosi-rrefej-takimin-mes-gazidedes-dhe-arkanit\/\" \/>\n<meta property=\"og:site_name\" content=\"FjALA e LIR\u00cb - Arkivi\" \/>\n<meta property=\"article:published_time\" content=\"2012-03-15T09:27:27+00:00\" \/>\n<meta property=\"og:image\" content=\"http:\/\/www.shkoder.net\/2012\/gazidede_arkan.jpg\" \/>\n<meta name=\"author\" content=\"admin\" \/>\n<meta name=\"twitter:card\" content=\"summary_large_image\" \/>\n<meta name=\"twitter:label1\" content=\"Written by\" \/>\n\t<meta name=\"twitter:data1\" content=\"admin\" \/>\n\t<meta name=\"twitter:label2\" content=\"Est. reading time\" \/>\n\t<meta name=\"twitter:data2\" content=\"1 minute\" \/>\n<script type=\"application\/ld+json\" class=\"yoast-schema-graph\">{\"@context\":\"https:\\\/\\\/schema.org\",\"@graph\":[{\"@type\":\"Article\",\"@id\":\"https:\\\/\\\/fjala.info\\\/2009-2015\\\/klosi-rrefej-takimin-mes-gazidedes-dhe-arkanit\\\/#article\",\"isPartOf\":{\"@id\":\"https:\\\/\\\/fjala.info\\\/2009-2015\\\/klosi-rrefej-takimin-mes-gazidedes-dhe-arkanit\\\/\"},\"author\":{\"name\":\"admin\",\"@id\":\"https:\\\/\\\/fjala.info\\\/2009-2015\\\/#\\\/schema\\\/person\\\/3aa1163ef05469c496fc94e77611ada2\"},\"headline\":\"Klosi: Rr\u00ebfej takimin mes Gazidedes dhe Arkanit\",\"datePublished\":\"2012-03-15T09:27:27+00:00\",\"mainEntityOfPage\":{\"@id\":\"https:\\\/\\\/fjala.info\\\/2009-2015\\\/klosi-rrefej-takimin-mes-gazidedes-dhe-arkanit\\\/\"},\"wordCount\":153,\"commentCount\":0,\"publisher\":{\"@id\":\"https:\\\/\\\/fjala.info\\\/2009-2015\\\/#organization\"},\"image\":{\"@id\":\"https:\\\/\\\/fjala.info\\\/2009-2015\\\/klosi-rrefej-takimin-mes-gazidedes-dhe-arkanit\\\/#primaryimage\"},\"thumbnailUrl\":\"http:\\\/\\\/www.shkoder.net\\\/2012\\\/gazidede_arkan.jpg\",\"articleSection\":[\"Lajme\"],\"inLanguage\":\"sq-AL\",\"potentialAction\":[{\"@type\":\"CommentAction\",\"name\":\"Comment\",\"target\":[\"https:\\\/\\\/fjala.info\\\/2009-2015\\\/klosi-rrefej-takimin-mes-gazidedes-dhe-arkanit\\\/#respond\"]}]},{\"@type\":\"WebPage\",\"@id\":\"https:\\\/\\\/fjala.info\\\/2009-2015\\\/klosi-rrefej-takimin-mes-gazidedes-dhe-arkanit\\\/\",\"url\":\"https:\\\/\\\/fjala.info\\\/2009-2015\\\/klosi-rrefej-takimin-mes-gazidedes-dhe-arkanit\\\/\",\"name\":\"Klosi: Rr\u00ebfej takimin mes Gazidedes dhe Arkanit - FjALA e LIR\u00cb - Arkivi\",\"isPartOf\":{\"@id\":\"https:\\\/\\\/fjala.info\\\/2009-2015\\\/#website\"},\"primaryImageOfPage\":{\"@id\":\"https:\\\/\\\/fjala.info\\\/2009-2015\\\/klosi-rrefej-takimin-mes-gazidedes-dhe-arkanit\\\/#primaryimage\"},\"image\":{\"@id\":\"https:\\\/\\\/fjala.info\\\/2009-2015\\\/klosi-rrefej-takimin-mes-gazidedes-dhe-arkanit\\\/#primaryimage\"},\"thumbnailUrl\":\"http:\\\/\\\/www.shkoder.net\\\/2012\\\/gazidede_arkan.jpg\",\"datePublished\":\"2012-03-15T09:27:27+00:00\",\"breadcrumb\":{\"@id\":\"https:\\\/\\\/fjala.info\\\/2009-2015\\\/klosi-rrefej-takimin-mes-gazidedes-dhe-arkanit\\\/#breadcrumb\"},\"inLanguage\":\"sq-AL\",\"potentialAction\":[{\"@type\":\"ReadAction\",\"target\":[\"https:\\\/\\\/fjala.info\\\/2009-2015\\\/klosi-rrefej-takimin-mes-gazidedes-dhe-arkanit\\\/\"]}]},{\"@type\":\"ImageObject\",\"inLanguage\":\"sq-AL\",\"@id\":\"https:\\\/\\\/fjala.info\\\/2009-2015\\\/klosi-rrefej-takimin-mes-gazidedes-dhe-arkanit\\\/#primaryimage\",\"url\":\"http:\\\/\\\/www.shkoder.net\\\/2012\\\/gazidede_arkan.jpg\",\"contentUrl\":\"http:\\\/\\\/www.shkoder.net\\\/2012\\\/gazidede_arkan.jpg\"},{\"@type\":\"BreadcrumbList\",\"@id\":\"https:\\\/\\\/fjala.info\\\/2009-2015\\\/klosi-rrefej-takimin-mes-gazidedes-dhe-arkanit\\\/#breadcrumb\",\"itemListElement\":[{\"@type\":\"ListItem\",\"position\":1,\"name\":\"Home\",\"item\":\"https:\\\/\\\/fjala.info\\\/2009-2015\\\/\"},{\"@type\":\"ListItem\",\"position\":2,\"name\":\"Klosi: Rr\u00ebfej takimin mes Gazidedes dhe Arkanit\"}]},{\"@type\":\"WebSite\",\"@id\":\"https:\\\/\\\/fjala.info\\\/2009-2015\\\/#website\",\"url\":\"https:\\\/\\\/fjala.info\\\/2009-2015\\\/\",\"name\":\"FjALA e LIR\u00cb - Arkivi\",\"description\":\"Arkivi 2009-2015\",\"publisher\":{\"@id\":\"https:\\\/\\\/fjala.info\\\/2009-2015\\\/#organization\"},\"potentialAction\":[{\"@type\":\"SearchAction\",\"target\":{\"@type\":\"EntryPoint\",\"urlTemplate\":\"https:\\\/\\\/fjala.info\\\/2009-2015\\\/?s={search_term_string}\"},\"query-input\":{\"@type\":\"PropertyValueSpecification\",\"valueRequired\":true,\"valueName\":\"search_term_string\"}}],\"inLanguage\":\"sq-AL\"},{\"@type\":\"Organization\",\"@id\":\"https:\\\/\\\/fjala.info\\\/2009-2015\\\/#organization\",\"name\":\"FjALA e LIR\u00cb - Arkivi\",\"url\":\"https:\\\/\\\/fjala.info\\\/2009-2015\\\/\",\"logo\":{\"@type\":\"ImageObject\",\"inLanguage\":\"sq-AL\",\"@id\":\"https:\\\/\\\/fjala.info\\\/2009-2015\\\/#\\\/schema\\\/logo\\\/image\\\/\",\"url\":\"\",\"contentUrl\":\"\",\"caption\":\"FjALA e LIR\u00cb - Arkivi\"},\"image\":{\"@id\":\"https:\\\/\\\/fjala.info\\\/2009-2015\\\/#\\\/schema\\\/logo\\\/image\\\/\"}},{\"@type\":\"Person\",\"@id\":\"https:\\\/\\\/fjala.info\\\/2009-2015\\\/#\\\/schema\\\/person\\\/3aa1163ef05469c496fc94e77611ada2\",\"name\":\"admin\",\"image\":{\"@type\":\"ImageObject\",\"inLanguage\":\"sq-AL\",\"@id\":\"https:\\\/\\\/fjala.info\\\/2009-2015\\\/wp-content\\\/uploads\\\/2012\\\/02\\\/arben_cokaj-120x150.jpg\",\"url\":\"https:\\\/\\\/fjala.info\\\/2009-2015\\\/wp-content\\\/uploads\\\/2012\\\/02\\\/arben_cokaj-120x150.jpg\",\"contentUrl\":\"https:\\\/\\\/fjala.info\\\/2009-2015\\\/wp-content\\\/uploads\\\/2012\\\/02\\\/arben_cokaj-120x150.jpg\",\"caption\":\"admin\"},\"description\":\"Admin, Fjala e Lir\u00eb\",\"sameAs\":[\"https:\\\/\\\/fjala.info\\\/\"],\"url\":\"https:\\\/\\\/fjala.info\\\/2009-2015\\\/author\\\/admin\\\/\"}]}<\/script>\n<!-- \/ Yoast SEO plugin. -->","yoast_head_json":{"title":"Klosi: Rr\u00ebfej takimin mes Gazidedes dhe Arkanit - FjALA e LIR\u00cb - Arkivi","robots":{"index":"index","follow":"follow","max-snippet":"max-snippet:-1","max-image-preview":"max-image-preview:large","max-video-preview":"max-video-preview:-1"},"canonical":"https:\/\/fjala.info\/2009-2015\/klosi-rrefej-takimin-mes-gazidedes-dhe-arkanit\/","og_locale":"sq_AL","og_type":"article","og_title":"Klosi: Rr\u00ebfej takimin mes Gazidedes dhe Arkanit - FjALA e LIR\u00cb - Arkivi","og_description":"TemA, 15 Mars 2012 Ish-kreu i SHISH, Fatos Klosi n\u00eb nj\u00eb intervist\u00eb p\u00ebr gazet\u00ebn \u201cShqiptarja.com\u201d ka deklaruar se takimi mes ish-kryetarit t\u00eb SHIK-ut shqiptar Bashkim Gazidede dhe kreut t\u00eb forcave paramiltare serbe, \u201cTigrat\u201d Arkan \u00ebsht\u00eb zhvilluar n\u00eb Dib\u00ebr t\u00eb Madhe. Nj\u00ebher\u00ebsh ai thot\u00eb se dhe Remzi Hoxha u p\u00ebrndoq n\u00eb at\u00eb m\u00ebnyr\u00eb pasi me sa [&hellip;]","og_url":"https:\/\/fjala.info\/2009-2015\/klosi-rrefej-takimin-mes-gazidedes-dhe-arkanit\/","og_site_name":"FjALA e LIR\u00cb - Arkivi","article_published_time":"2012-03-15T09:27:27+00:00","og_image":[{"url":"http:\/\/www.shkoder.net\/2012\/gazidede_arkan.jpg","type":"","width":"","height":""}],"author":"admin","twitter_card":"summary_large_image","twitter_misc":{"Written by":"admin","Est. reading time":"1 minute"},"schema":{"@context":"https:\/\/schema.org","@graph":[{"@type":"Article","@id":"https:\/\/fjala.info\/2009-2015\/klosi-rrefej-takimin-mes-gazidedes-dhe-arkanit\/#article","isPartOf":{"@id":"https:\/\/fjala.info\/2009-2015\/klosi-rrefej-takimin-mes-gazidedes-dhe-arkanit\/"},"author":{"name":"admin","@id":"https:\/\/fjala.info\/2009-2015\/#\/schema\/person\/3aa1163ef05469c496fc94e77611ada2"},"headline":"Klosi: Rr\u00ebfej takimin mes Gazidedes dhe Arkanit","datePublished":"2012-03-15T09:27:27+00:00","mainEntityOfPage":{"@id":"https:\/\/fjala.info\/2009-2015\/klosi-rrefej-takimin-mes-gazidedes-dhe-arkanit\/"},"wordCount":153,"commentCount":0,"publisher":{"@id":"https:\/\/fjala.info\/2009-2015\/#organization"},"image":{"@id":"https:\/\/fjala.info\/2009-2015\/klosi-rrefej-takimin-mes-gazidedes-dhe-arkanit\/#primaryimage"},"thumbnailUrl":"http:\/\/www.shkoder.net\/2012\/gazidede_arkan.jpg","articleSection":["Lajme"],"inLanguage":"sq-AL","potentialAction":[{"@type":"CommentAction","name":"Comment","target":["https:\/\/fjala.info\/2009-2015\/klosi-rrefej-takimin-mes-gazidedes-dhe-arkanit\/#respond"]}]},{"@type":"WebPage","@id":"https:\/\/fjala.info\/2009-2015\/klosi-rrefej-takimin-mes-gazidedes-dhe-arkanit\/","url":"https:\/\/fjala.info\/2009-2015\/klosi-rrefej-takimin-mes-gazidedes-dhe-arkanit\/","name":"Klosi: Rr\u00ebfej takimin mes Gazidedes dhe Arkanit - FjALA e LIR\u00cb - Arkivi","isPartOf":{"@id":"https:\/\/fjala.info\/2009-2015\/#website"},"primaryImageOfPage":{"@id":"https:\/\/fjala.info\/2009-2015\/klosi-rrefej-takimin-mes-gazidedes-dhe-arkanit\/#primaryimage"},"image":{"@id":"https:\/\/fjala.info\/2009-2015\/klosi-rrefej-takimin-mes-gazidedes-dhe-arkanit\/#primaryimage"},"thumbnailUrl":"http:\/\/www.shkoder.net\/2012\/gazidede_arkan.jpg","datePublished":"2012-03-15T09:27:27+00:00","breadcrumb":{"@id":"https:\/\/fjala.info\/2009-2015\/klosi-rrefej-takimin-mes-gazidedes-dhe-arkanit\/#breadcrumb"},"inLanguage":"sq-AL","potentialAction":[{"@type":"ReadAction","target":["https:\/\/fjala.info\/2009-2015\/klosi-rrefej-takimin-mes-gazidedes-dhe-arkanit\/"]}]},{"@type":"ImageObject","inLanguage":"sq-AL","@id":"https:\/\/fjala.info\/2009-2015\/klosi-rrefej-takimin-mes-gazidedes-dhe-arkanit\/#primaryimage","url":"http:\/\/www.shkoder.net\/2012\/gazidede_arkan.jpg","contentUrl":"http:\/\/www.shkoder.net\/2012\/gazidede_arkan.jpg"},{"@type":"BreadcrumbList","@id":"https:\/\/fjala.info\/2009-2015\/klosi-rrefej-takimin-mes-gazidedes-dhe-arkanit\/#breadcrumb","itemListElement":[{"@type":"ListItem","position":1,"name":"Home","item":"https:\/\/fjala.info\/2009-2015\/"},{"@type":"ListItem","position":2,"name":"Klosi: Rr\u00ebfej takimin mes Gazidedes dhe Arkanit"}]},{"@type":"WebSite","@id":"https:\/\/fjala.info\/2009-2015\/#website","url":"https:\/\/fjala.info\/2009-2015\/","name":"FjALA e LIR\u00cb - Arkivi","description":"Arkivi 2009-2015","publisher":{"@id":"https:\/\/fjala.info\/2009-2015\/#organization"},"potentialAction":[{"@type":"SearchAction","target":{"@type":"EntryPoint","urlTemplate":"https:\/\/fjala.info\/2009-2015\/?s={search_term_string}"},"query-input":{"@type":"PropertyValueSpecification","valueRequired":true,"valueName":"search_term_string"}}],"inLanguage":"sq-AL"},{"@type":"Organization","@id":"https:\/\/fjala.info\/2009-2015\/#organization","name":"FjALA e LIR\u00cb - Arkivi","url":"https:\/\/fjala.info\/2009-2015\/","logo":{"@type":"ImageObject","inLanguage":"sq-AL","@id":"https:\/\/fjala.info\/2009-2015\/#\/schema\/logo\/image\/","url":"","contentUrl":"","caption":"FjALA e LIR\u00cb - Arkivi"},"image":{"@id":"https:\/\/fjala.info\/2009-2015\/#\/schema\/logo\/image\/"}},{"@type":"Person","@id":"https:\/\/fjala.info\/2009-2015\/#\/schema\/person\/3aa1163ef05469c496fc94e77611ada2","name":"admin","image":{"@type":"ImageObject","inLanguage":"sq-AL","@id":"https:\/\/fjala.info\/2009-2015\/wp-content\/uploads\/2012\/02\/arben_cokaj-120x150.jpg","url":"https:\/\/fjala.info\/2009-2015\/wp-content\/uploads\/2012\/02\/arben_cokaj-120x150.jpg","contentUrl":"https:\/\/fjala.info\/2009-2015\/wp-content\/uploads\/2012\/02\/arben_cokaj-120x150.jpg","caption":"admin"},"description":"Admin, Fjala e Lir\u00eb","sameAs":["https:\/\/fjala.info\/"],"url":"https:\/\/fjala.info\/2009-2015\/author\/admin\/"}]}},"_links":{"self":[{"href":"https:\/\/fjala.info\/2009-2015\/wp-json\/wp\/v2\/posts\/11742","targetHints":{"allow":["GET"]}}],"collection":[{"href":"https:\/\/fjala.info\/2009-2015\/wp-json\/wp\/v2\/posts"}],"about":[{"href":"https:\/\/fjala.info\/2009-2015\/wp-json\/wp\/v2\/types\/post"}],"author":[{"embeddable":true,"href":"https:\/\/fjala.info\/2009-2015\/wp-json\/wp\/v2\/users\/1"}],"replies":[{"embeddable":true,"href":"https:\/\/fjala.info\/2009-2015\/wp-json\/wp\/v2\/comments?post=11742"}],"version-history":[{"count":0,"href":"https:\/\/fjala.info\/2009-2015\/wp-json\/wp\/v2\/posts\/11742\/revisions"}],"wp:attachment":[{"href":"https:\/\/fjala.info\/2009-2015\/wp-json\/wp\/v2\/media?parent=11742"}],"wp:term":[{"taxonomy":"category","embeddable":true,"href":"https:\/\/fjala.info\/2009-2015\/wp-json\/wp\/v2\/categories?post=11742"},{"taxonomy":"post_tag","embeddable":true,"href":"https:\/\/fjala.info\/2009-2015\/wp-json\/wp\/v2\/tags?post=11742"}],"curies":[{"name":"wp","href":"https:\/\/api.w.org\/{rel}","templated":true}]}}