{"id":11741,"date":"2012-03-14T22:29:10","date_gmt":"2012-03-14T21:29:10","guid":{"rendered":"http:\/\/fjala.shkoder.net\/?p=2177"},"modified":"2012-03-14T22:29:10","modified_gmt":"2012-03-14T21:29:10","slug":"ambasadori-danez-une-besoj-se-dielli-dhe-vera-do-vijne-per-shqiperine","status":"publish","type":"post","link":"https:\/\/fjala.info\/2009-2015\/ambasadori-danez-une-besoj-se-dielli-dhe-vera-do-vijne-per-shqiperine\/","title":{"rendered":"Ambasadori danez: Un\u00eb besoj se dielli dhe vera do vijn\u00eb p\u00ebr Shqip\u00ebrin\u00eb"},"content":{"rendered":"<p><img decoding=\"async\" class=\"alignright size-thumbnail wp-image-7236\" title=\"Karsten Ankj\u00e6r Jensen\" src=\"http:\/\/www.shkoder.net\/images\/fjala\/2011\/karsten_ankjaer_jensen.jpg\" alt=\"\" width=\"300\" \/><strong>TemA Online<\/strong>, <em>14 Mars 2012<\/em><\/p>\n<p>Ambasadori i Danimark\u00ebs, Karsten Ankj\u00e6r Jensen, tha se integrimi \u00ebsht\u00eb i mundsh\u00ebm. I pranish\u00ebm n\u00eb Elbasan n\u00eb festimet e Dit\u00ebs s\u00eb Ver\u00ebs, ambasadori danez komentoi zhvillimet politike n\u00eb Shqip\u00ebri, duke theksuar se do t\u00eb ishte e mrekullueshme n\u00ebse Shqip\u00ebria do t\u00eb mund t\u00eb marr\u00eb statusin kandidat p\u00ebr n\u00eb BE, n\u00eb vjesht\u00ebn e k\u00ebtij viti, pik\u00ebrisht n\u00eb p\u00ebrvjetorin e 100 t\u00eb pavar\u00ebsis\u00eb s\u00eb vendit. Por ai ritheksoi se kjo varet nga vullneti politik dhe se politika duhet t\u00eb punoj\u00eb intensivisht p\u00ebr t\u00eb plot\u00ebsuar 12 kushtet. \u201cUn\u00eb besoj se vera dhe dielli do t\u00eb vijn\u00eb p\u00ebr Shqip\u00ebrin\u00eb dhe besoj se do t\u00eb vijn\u00eb edhe m\u00eb shpejt nga sesa presin shqiptar\u00ebt.<\/p>\n<p>Sot t\u00eb gjith\u00eb jan\u00eb t\u00eb fokusuar n\u00eb koh\u00ebn e keqe, por dielli do t\u00eb vij\u00eb dhe arsyeja \u00ebsht\u00eb sepse shqiptar\u00ebt kan\u00eb gjith\u00e7ka q\u00eb t\u00eb p\u00ebrparojn\u00eb. \u00cbsht\u00eb nj\u00eb shenj\u00eb e mir\u00eb q\u00eb kryeministri dhe kreu i opozit\u00ebs kan\u00eb zgjedhur p\u00ebr t\u00eb festuar n\u00eb Elbasan p\u00ebr ardhjen e ver\u00ebs dhe shpresojm\u00eb se do t\u00eb vazhdojn\u00eb ta b\u00ebjn\u00eb k\u00ebt\u00eb gj\u00eb. Jan\u00eb 12 gj\u00ebrat q\u00eb duhen b\u00ebr\u00eb dhe kjo nuk \u00ebsht\u00eb e ngjashme me ngjitjen e malit t\u00eb Everestit. Do t\u00eb ishte e mrekullueshme q\u00eb Shqip\u00ebria me rastin e 100-vjetorit t\u00eb pavar\u00ebsis\u00eb t\u00eb mund t\u00eb merrte statusin e vendit kandidat. Dhe \u00ebsht\u00eb vet\u00ebm n\u00eb dor\u00eb t\u00eb politikan\u00ebve p\u00ebr t\u00eb treguar se e kan\u00eb vullnetin e duhur p\u00ebr k\u00ebt\u00eb gj\u00eb. \u00cbsht\u00eb n\u00eb dor\u00ebn tuaj n\u00ebse do t\u00eb b\u00ebheshit vend kandidat p\u00ebr n\u00eb BE dhe padyshim kjo \u00ebsht\u00eb di\u00e7ka e arritshme\u201d, tha dje ambasadori danez n\u00eb Tiran\u00eb Jensen.<\/p>\n<p>Thirrjet e nd\u00ebrkomb\u00ebtar\u00ebve p\u00ebr politik\u00ebn shqiptare sa i p\u00ebrket plot\u00ebsimit t\u00eb 12 kushteve sa vijn\u00eb e intensifikohen. Nd\u00ebrsa politika shqiptare pretendon q\u00eb n\u00eb vjesht\u00ebn e k\u00ebtij viti t\u00eb mund t\u00eb marr\u00eb statusin kandidat, nd\u00ebrkomb\u00ebtar\u00ebt vazhdojn\u00eb t\u00eb k\u00ebrkojn\u00eb prej pal\u00ebs shqiptare l\u00ebnien e retorik\u00ebs dhe plot\u00ebsimin konkretisht t\u00eb 12 kushteve. Pak dit\u00eb m\u00eb par\u00eb, z\u00ebdh\u00ebn\u00ebsi i komisionerit Fyle, Peter Stano, tha se me gjith\u00eb p\u00ebrparimet q\u00eb u b\u00ebn\u00eb pas marr\u00ebveshjes politike t\u00eb vjesht\u00ebs, k\u00ebrkohen rezultate konkrete n\u00eb p\u00ebrmbushjen e kritereve.<\/p>\n<p>Ai theksoi se Bashkimi Europian k\u00ebrkon q\u00eb politika shqiptare t\u00eb heq\u00eb dor\u00eb nga retorika dhe t\u2019i kthehet pun\u00ebs p\u00ebr p\u00ebrmbushjen e kritereve integruese. N\u00eb vitin 2010, kur Shqip\u00ebris\u00eb iu refuzua p\u00ebr her\u00eb t\u00eb par\u00eb statusi, Komisioni Europian, organi ekzekutiv i Bashkimit Europian, p\u00ebrcaktoi 12 p\u00ebrpar\u00ebsi q\u00eb Shqip\u00ebria duhet t\u00eb p\u00ebrmbushte.<\/p>\n","protected":false},"excerpt":{"rendered":"<p>TemA Online, 14 Mars 2012 Ambasadori i Danimark\u00ebs, Karsten Ankj\u00e6r Jensen, tha se integrimi \u00ebsht\u00eb i mundsh\u00ebm. I pranish\u00ebm n\u00eb Elbasan n\u00eb festimet e Dit\u00ebs s\u00eb Ver\u00ebs, ambasadori danez komentoi zhvillimet politike n\u00eb Shqip\u00ebri, duke theksuar se do t\u00eb ishte e mrekullueshme n\u00ebse Shqip\u00ebria do t\u00eb mund t\u00eb marr\u00eb statusin kandidat p\u00ebr n\u00eb BE, n\u00eb [&hellip;]<\/p>\n","protected":false},"author":1,"featured_media":0,"comment_status":"open","ping_status":"closed","sticky":false,"template":"","format":"standard","meta":{"footnotes":""},"categories":[2],"tags":[],"class_list":{"0":"post-11741","1":"post","2":"type-post","3":"status-publish","4":"format-standard","6":"category-artikuj"},"yoast_head":"<!-- This site is optimized with the Yoast SEO plugin v27.4 - https:\/\/yoast.com\/product\/yoast-seo-wordpress\/ -->\n<title>Ambasadori danez: Un\u00eb besoj se dielli dhe vera do vijn\u00eb p\u00ebr Shqip\u00ebrin\u00eb - FjALA e LIR\u00cb - Arkivi<\/title>\n<meta name=\"robots\" content=\"index, follow, max-snippet:-1, max-image-preview:large, max-video-preview:-1\" \/>\n<link rel=\"canonical\" href=\"https:\/\/fjala.info\/2009-2015\/ambasadori-danez-une-besoj-se-dielli-dhe-vera-do-vijne-per-shqiperine\/\" \/>\n<meta property=\"og:locale\" content=\"sq_AL\" \/>\n<meta property=\"og:type\" content=\"article\" \/>\n<meta property=\"og:title\" content=\"Ambasadori danez: Un\u00eb besoj se dielli dhe vera do vijn\u00eb p\u00ebr Shqip\u00ebrin\u00eb - FjALA e LIR\u00cb - Arkivi\" \/>\n<meta property=\"og:description\" content=\"TemA Online, 14 Mars 2012 Ambasadori i Danimark\u00ebs, Karsten Ankj\u00e6r Jensen, tha se integrimi \u00ebsht\u00eb i mundsh\u00ebm. I pranish\u00ebm n\u00eb Elbasan n\u00eb festimet e Dit\u00ebs s\u00eb Ver\u00ebs, ambasadori danez komentoi zhvillimet politike n\u00eb Shqip\u00ebri, duke theksuar se do t\u00eb ishte e mrekullueshme n\u00ebse Shqip\u00ebria do t\u00eb mund t\u00eb marr\u00eb statusin kandidat p\u00ebr n\u00eb BE, n\u00eb [&hellip;]\" \/>\n<meta property=\"og:url\" content=\"https:\/\/fjala.info\/2009-2015\/ambasadori-danez-une-besoj-se-dielli-dhe-vera-do-vijne-per-shqiperine\/\" \/>\n<meta property=\"og:site_name\" content=\"FjALA e LIR\u00cb - Arkivi\" \/>\n<meta property=\"article:published_time\" content=\"2012-03-14T21:29:10+00:00\" \/>\n<meta property=\"og:image\" content=\"http:\/\/www.shkoder.net\/images\/fjala\/2011\/karsten_ankjaer_jensen.jpg\" \/>\n<meta name=\"author\" content=\"admin\" \/>\n<meta name=\"twitter:card\" content=\"summary_large_image\" \/>\n<meta name=\"twitter:label1\" content=\"Written by\" \/>\n\t<meta name=\"twitter:data1\" content=\"admin\" \/>\n\t<meta name=\"twitter:label2\" content=\"Est. reading time\" \/>\n\t<meta name=\"twitter:data2\" content=\"2 minutes\" \/>\n<script type=\"application\/ld+json\" class=\"yoast-schema-graph\">{\"@context\":\"https:\\\/\\\/schema.org\",\"@graph\":[{\"@type\":\"Article\",\"@id\":\"https:\\\/\\\/fjala.info\\\/2009-2015\\\/ambasadori-danez-une-besoj-se-dielli-dhe-vera-do-vijne-per-shqiperine\\\/#article\",\"isPartOf\":{\"@id\":\"https:\\\/\\\/fjala.info\\\/2009-2015\\\/ambasadori-danez-une-besoj-se-dielli-dhe-vera-do-vijne-per-shqiperine\\\/\"},\"author\":{\"name\":\"admin\",\"@id\":\"https:\\\/\\\/fjala.info\\\/2009-2015\\\/#\\\/schema\\\/person\\\/3aa1163ef05469c496fc94e77611ada2\"},\"headline\":\"Ambasadori danez: Un\u00eb besoj se dielli dhe vera do vijn\u00eb p\u00ebr Shqip\u00ebrin\u00eb\",\"datePublished\":\"2012-03-14T21:29:10+00:00\",\"mainEntityOfPage\":{\"@id\":\"https:\\\/\\\/fjala.info\\\/2009-2015\\\/ambasadori-danez-une-besoj-se-dielli-dhe-vera-do-vijne-per-shqiperine\\\/\"},\"wordCount\":472,\"commentCount\":1,\"publisher\":{\"@id\":\"https:\\\/\\\/fjala.info\\\/2009-2015\\\/#organization\"},\"image\":{\"@id\":\"https:\\\/\\\/fjala.info\\\/2009-2015\\\/ambasadori-danez-une-besoj-se-dielli-dhe-vera-do-vijne-per-shqiperine\\\/#primaryimage\"},\"thumbnailUrl\":\"http:\\\/\\\/www.shkoder.net\\\/images\\\/fjala\\\/2011\\\/karsten_ankjaer_jensen.jpg\",\"articleSection\":[\"Artikuj\"],\"inLanguage\":\"sq-AL\",\"potentialAction\":[{\"@type\":\"CommentAction\",\"name\":\"Comment\",\"target\":[\"https:\\\/\\\/fjala.info\\\/2009-2015\\\/ambasadori-danez-une-besoj-se-dielli-dhe-vera-do-vijne-per-shqiperine\\\/#respond\"]}]},{\"@type\":\"WebPage\",\"@id\":\"https:\\\/\\\/fjala.info\\\/2009-2015\\\/ambasadori-danez-une-besoj-se-dielli-dhe-vera-do-vijne-per-shqiperine\\\/\",\"url\":\"https:\\\/\\\/fjala.info\\\/2009-2015\\\/ambasadori-danez-une-besoj-se-dielli-dhe-vera-do-vijne-per-shqiperine\\\/\",\"name\":\"Ambasadori danez: Un\u00eb besoj se dielli dhe vera do vijn\u00eb p\u00ebr Shqip\u00ebrin\u00eb - FjALA e LIR\u00cb - Arkivi\",\"isPartOf\":{\"@id\":\"https:\\\/\\\/fjala.info\\\/2009-2015\\\/#website\"},\"primaryImageOfPage\":{\"@id\":\"https:\\\/\\\/fjala.info\\\/2009-2015\\\/ambasadori-danez-une-besoj-se-dielli-dhe-vera-do-vijne-per-shqiperine\\\/#primaryimage\"},\"image\":{\"@id\":\"https:\\\/\\\/fjala.info\\\/2009-2015\\\/ambasadori-danez-une-besoj-se-dielli-dhe-vera-do-vijne-per-shqiperine\\\/#primaryimage\"},\"thumbnailUrl\":\"http:\\\/\\\/www.shkoder.net\\\/images\\\/fjala\\\/2011\\\/karsten_ankjaer_jensen.jpg\",\"datePublished\":\"2012-03-14T21:29:10+00:00\",\"breadcrumb\":{\"@id\":\"https:\\\/\\\/fjala.info\\\/2009-2015\\\/ambasadori-danez-une-besoj-se-dielli-dhe-vera-do-vijne-per-shqiperine\\\/#breadcrumb\"},\"inLanguage\":\"sq-AL\",\"potentialAction\":[{\"@type\":\"ReadAction\",\"target\":[\"https:\\\/\\\/fjala.info\\\/2009-2015\\\/ambasadori-danez-une-besoj-se-dielli-dhe-vera-do-vijne-per-shqiperine\\\/\"]}]},{\"@type\":\"ImageObject\",\"inLanguage\":\"sq-AL\",\"@id\":\"https:\\\/\\\/fjala.info\\\/2009-2015\\\/ambasadori-danez-une-besoj-se-dielli-dhe-vera-do-vijne-per-shqiperine\\\/#primaryimage\",\"url\":\"http:\\\/\\\/www.shkoder.net\\\/images\\\/fjala\\\/2011\\\/karsten_ankjaer_jensen.jpg\",\"contentUrl\":\"http:\\\/\\\/www.shkoder.net\\\/images\\\/fjala\\\/2011\\\/karsten_ankjaer_jensen.jpg\"},{\"@type\":\"BreadcrumbList\",\"@id\":\"https:\\\/\\\/fjala.info\\\/2009-2015\\\/ambasadori-danez-une-besoj-se-dielli-dhe-vera-do-vijne-per-shqiperine\\\/#breadcrumb\",\"itemListElement\":[{\"@type\":\"ListItem\",\"position\":1,\"name\":\"Home\",\"item\":\"https:\\\/\\\/fjala.info\\\/2009-2015\\\/\"},{\"@type\":\"ListItem\",\"position\":2,\"name\":\"Ambasadori danez: Un\u00eb besoj se dielli dhe vera do vijn\u00eb p\u00ebr Shqip\u00ebrin\u00eb\"}]},{\"@type\":\"WebSite\",\"@id\":\"https:\\\/\\\/fjala.info\\\/2009-2015\\\/#website\",\"url\":\"https:\\\/\\\/fjala.info\\\/2009-2015\\\/\",\"name\":\"FjALA e LIR\u00cb - Arkivi\",\"description\":\"Arkivi 2009-2015\",\"publisher\":{\"@id\":\"https:\\\/\\\/fjala.info\\\/2009-2015\\\/#organization\"},\"potentialAction\":[{\"@type\":\"SearchAction\",\"target\":{\"@type\":\"EntryPoint\",\"urlTemplate\":\"https:\\\/\\\/fjala.info\\\/2009-2015\\\/?s={search_term_string}\"},\"query-input\":{\"@type\":\"PropertyValueSpecification\",\"valueRequired\":true,\"valueName\":\"search_term_string\"}}],\"inLanguage\":\"sq-AL\"},{\"@type\":\"Organization\",\"@id\":\"https:\\\/\\\/fjala.info\\\/2009-2015\\\/#organization\",\"name\":\"FjALA e LIR\u00cb - Arkivi\",\"url\":\"https:\\\/\\\/fjala.info\\\/2009-2015\\\/\",\"logo\":{\"@type\":\"ImageObject\",\"inLanguage\":\"sq-AL\",\"@id\":\"https:\\\/\\\/fjala.info\\\/2009-2015\\\/#\\\/schema\\\/logo\\\/image\\\/\",\"url\":\"\",\"contentUrl\":\"\",\"caption\":\"FjALA e LIR\u00cb - Arkivi\"},\"image\":{\"@id\":\"https:\\\/\\\/fjala.info\\\/2009-2015\\\/#\\\/schema\\\/logo\\\/image\\\/\"}},{\"@type\":\"Person\",\"@id\":\"https:\\\/\\\/fjala.info\\\/2009-2015\\\/#\\\/schema\\\/person\\\/3aa1163ef05469c496fc94e77611ada2\",\"name\":\"admin\",\"image\":{\"@type\":\"ImageObject\",\"inLanguage\":\"sq-AL\",\"@id\":\"https:\\\/\\\/fjala.info\\\/2009-2015\\\/wp-content\\\/uploads\\\/2012\\\/02\\\/arben_cokaj-120x150.jpg\",\"url\":\"https:\\\/\\\/fjala.info\\\/2009-2015\\\/wp-content\\\/uploads\\\/2012\\\/02\\\/arben_cokaj-120x150.jpg\",\"contentUrl\":\"https:\\\/\\\/fjala.info\\\/2009-2015\\\/wp-content\\\/uploads\\\/2012\\\/02\\\/arben_cokaj-120x150.jpg\",\"caption\":\"admin\"},\"description\":\"Admin, Fjala e Lir\u00eb\",\"sameAs\":[\"https:\\\/\\\/fjala.info\\\/\"],\"url\":\"https:\\\/\\\/fjala.info\\\/2009-2015\\\/author\\\/admin\\\/\"}]}<\/script>\n<!-- \/ Yoast SEO plugin. -->","yoast_head_json":{"title":"Ambasadori danez: Un\u00eb besoj se dielli dhe vera do vijn\u00eb p\u00ebr Shqip\u00ebrin\u00eb - FjALA e LIR\u00cb - Arkivi","robots":{"index":"index","follow":"follow","max-snippet":"max-snippet:-1","max-image-preview":"max-image-preview:large","max-video-preview":"max-video-preview:-1"},"canonical":"https:\/\/fjala.info\/2009-2015\/ambasadori-danez-une-besoj-se-dielli-dhe-vera-do-vijne-per-shqiperine\/","og_locale":"sq_AL","og_type":"article","og_title":"Ambasadori danez: Un\u00eb besoj se dielli dhe vera do vijn\u00eb p\u00ebr Shqip\u00ebrin\u00eb - FjALA e LIR\u00cb - Arkivi","og_description":"TemA Online, 14 Mars 2012 Ambasadori i Danimark\u00ebs, Karsten Ankj\u00e6r Jensen, tha se integrimi \u00ebsht\u00eb i mundsh\u00ebm. I pranish\u00ebm n\u00eb Elbasan n\u00eb festimet e Dit\u00ebs s\u00eb Ver\u00ebs, ambasadori danez komentoi zhvillimet politike n\u00eb Shqip\u00ebri, duke theksuar se do t\u00eb ishte e mrekullueshme n\u00ebse Shqip\u00ebria do t\u00eb mund t\u00eb marr\u00eb statusin kandidat p\u00ebr n\u00eb BE, n\u00eb [&hellip;]","og_url":"https:\/\/fjala.info\/2009-2015\/ambasadori-danez-une-besoj-se-dielli-dhe-vera-do-vijne-per-shqiperine\/","og_site_name":"FjALA e LIR\u00cb - Arkivi","article_published_time":"2012-03-14T21:29:10+00:00","og_image":[{"url":"http:\/\/www.shkoder.net\/images\/fjala\/2011\/karsten_ankjaer_jensen.jpg","type":"","width":"","height":""}],"author":"admin","twitter_card":"summary_large_image","twitter_misc":{"Written by":"admin","Est. reading time":"2 minutes"},"schema":{"@context":"https:\/\/schema.org","@graph":[{"@type":"Article","@id":"https:\/\/fjala.info\/2009-2015\/ambasadori-danez-une-besoj-se-dielli-dhe-vera-do-vijne-per-shqiperine\/#article","isPartOf":{"@id":"https:\/\/fjala.info\/2009-2015\/ambasadori-danez-une-besoj-se-dielli-dhe-vera-do-vijne-per-shqiperine\/"},"author":{"name":"admin","@id":"https:\/\/fjala.info\/2009-2015\/#\/schema\/person\/3aa1163ef05469c496fc94e77611ada2"},"headline":"Ambasadori danez: Un\u00eb besoj se dielli dhe vera do vijn\u00eb p\u00ebr Shqip\u00ebrin\u00eb","datePublished":"2012-03-14T21:29:10+00:00","mainEntityOfPage":{"@id":"https:\/\/fjala.info\/2009-2015\/ambasadori-danez-une-besoj-se-dielli-dhe-vera-do-vijne-per-shqiperine\/"},"wordCount":472,"commentCount":1,"publisher":{"@id":"https:\/\/fjala.info\/2009-2015\/#organization"},"image":{"@id":"https:\/\/fjala.info\/2009-2015\/ambasadori-danez-une-besoj-se-dielli-dhe-vera-do-vijne-per-shqiperine\/#primaryimage"},"thumbnailUrl":"http:\/\/www.shkoder.net\/images\/fjala\/2011\/karsten_ankjaer_jensen.jpg","articleSection":["Artikuj"],"inLanguage":"sq-AL","potentialAction":[{"@type":"CommentAction","name":"Comment","target":["https:\/\/fjala.info\/2009-2015\/ambasadori-danez-une-besoj-se-dielli-dhe-vera-do-vijne-per-shqiperine\/#respond"]}]},{"@type":"WebPage","@id":"https:\/\/fjala.info\/2009-2015\/ambasadori-danez-une-besoj-se-dielli-dhe-vera-do-vijne-per-shqiperine\/","url":"https:\/\/fjala.info\/2009-2015\/ambasadori-danez-une-besoj-se-dielli-dhe-vera-do-vijne-per-shqiperine\/","name":"Ambasadori danez: Un\u00eb besoj se dielli dhe vera do vijn\u00eb p\u00ebr Shqip\u00ebrin\u00eb - FjALA e LIR\u00cb - Arkivi","isPartOf":{"@id":"https:\/\/fjala.info\/2009-2015\/#website"},"primaryImageOfPage":{"@id":"https:\/\/fjala.info\/2009-2015\/ambasadori-danez-une-besoj-se-dielli-dhe-vera-do-vijne-per-shqiperine\/#primaryimage"},"image":{"@id":"https:\/\/fjala.info\/2009-2015\/ambasadori-danez-une-besoj-se-dielli-dhe-vera-do-vijne-per-shqiperine\/#primaryimage"},"thumbnailUrl":"http:\/\/www.shkoder.net\/images\/fjala\/2011\/karsten_ankjaer_jensen.jpg","datePublished":"2012-03-14T21:29:10+00:00","breadcrumb":{"@id":"https:\/\/fjala.info\/2009-2015\/ambasadori-danez-une-besoj-se-dielli-dhe-vera-do-vijne-per-shqiperine\/#breadcrumb"},"inLanguage":"sq-AL","potentialAction":[{"@type":"ReadAction","target":["https:\/\/fjala.info\/2009-2015\/ambasadori-danez-une-besoj-se-dielli-dhe-vera-do-vijne-per-shqiperine\/"]}]},{"@type":"ImageObject","inLanguage":"sq-AL","@id":"https:\/\/fjala.info\/2009-2015\/ambasadori-danez-une-besoj-se-dielli-dhe-vera-do-vijne-per-shqiperine\/#primaryimage","url":"http:\/\/www.shkoder.net\/images\/fjala\/2011\/karsten_ankjaer_jensen.jpg","contentUrl":"http:\/\/www.shkoder.net\/images\/fjala\/2011\/karsten_ankjaer_jensen.jpg"},{"@type":"BreadcrumbList","@id":"https:\/\/fjala.info\/2009-2015\/ambasadori-danez-une-besoj-se-dielli-dhe-vera-do-vijne-per-shqiperine\/#breadcrumb","itemListElement":[{"@type":"ListItem","position":1,"name":"Home","item":"https:\/\/fjala.info\/2009-2015\/"},{"@type":"ListItem","position":2,"name":"Ambasadori danez: Un\u00eb besoj se dielli dhe vera do vijn\u00eb p\u00ebr Shqip\u00ebrin\u00eb"}]},{"@type":"WebSite","@id":"https:\/\/fjala.info\/2009-2015\/#website","url":"https:\/\/fjala.info\/2009-2015\/","name":"FjALA e LIR\u00cb - Arkivi","description":"Arkivi 2009-2015","publisher":{"@id":"https:\/\/fjala.info\/2009-2015\/#organization"},"potentialAction":[{"@type":"SearchAction","target":{"@type":"EntryPoint","urlTemplate":"https:\/\/fjala.info\/2009-2015\/?s={search_term_string}"},"query-input":{"@type":"PropertyValueSpecification","valueRequired":true,"valueName":"search_term_string"}}],"inLanguage":"sq-AL"},{"@type":"Organization","@id":"https:\/\/fjala.info\/2009-2015\/#organization","name":"FjALA e LIR\u00cb - Arkivi","url":"https:\/\/fjala.info\/2009-2015\/","logo":{"@type":"ImageObject","inLanguage":"sq-AL","@id":"https:\/\/fjala.info\/2009-2015\/#\/schema\/logo\/image\/","url":"","contentUrl":"","caption":"FjALA e LIR\u00cb - Arkivi"},"image":{"@id":"https:\/\/fjala.info\/2009-2015\/#\/schema\/logo\/image\/"}},{"@type":"Person","@id":"https:\/\/fjala.info\/2009-2015\/#\/schema\/person\/3aa1163ef05469c496fc94e77611ada2","name":"admin","image":{"@type":"ImageObject","inLanguage":"sq-AL","@id":"https:\/\/fjala.info\/2009-2015\/wp-content\/uploads\/2012\/02\/arben_cokaj-120x150.jpg","url":"https:\/\/fjala.info\/2009-2015\/wp-content\/uploads\/2012\/02\/arben_cokaj-120x150.jpg","contentUrl":"https:\/\/fjala.info\/2009-2015\/wp-content\/uploads\/2012\/02\/arben_cokaj-120x150.jpg","caption":"admin"},"description":"Admin, Fjala e Lir\u00eb","sameAs":["https:\/\/fjala.info\/"],"url":"https:\/\/fjala.info\/2009-2015\/author\/admin\/"}]}},"_links":{"self":[{"href":"https:\/\/fjala.info\/2009-2015\/wp-json\/wp\/v2\/posts\/11741","targetHints":{"allow":["GET"]}}],"collection":[{"href":"https:\/\/fjala.info\/2009-2015\/wp-json\/wp\/v2\/posts"}],"about":[{"href":"https:\/\/fjala.info\/2009-2015\/wp-json\/wp\/v2\/types\/post"}],"author":[{"embeddable":true,"href":"https:\/\/fjala.info\/2009-2015\/wp-json\/wp\/v2\/users\/1"}],"replies":[{"embeddable":true,"href":"https:\/\/fjala.info\/2009-2015\/wp-json\/wp\/v2\/comments?post=11741"}],"version-history":[{"count":0,"href":"https:\/\/fjala.info\/2009-2015\/wp-json\/wp\/v2\/posts\/11741\/revisions"}],"wp:attachment":[{"href":"https:\/\/fjala.info\/2009-2015\/wp-json\/wp\/v2\/media?parent=11741"}],"wp:term":[{"taxonomy":"category","embeddable":true,"href":"https:\/\/fjala.info\/2009-2015\/wp-json\/wp\/v2\/categories?post=11741"},{"taxonomy":"post_tag","embeddable":true,"href":"https:\/\/fjala.info\/2009-2015\/wp-json\/wp\/v2\/tags?post=11741"}],"curies":[{"name":"wp","href":"https:\/\/api.w.org\/{rel}","templated":true}]}}