{"id":11738,"date":"2012-03-12T01:45:42","date_gmt":"2012-03-12T00:45:42","guid":{"rendered":"http:\/\/fjala.shkoder.net\/?p=2137"},"modified":"2012-03-12T01:45:42","modified_gmt":"2012-03-12T00:45:42","slug":"tre-pd-ne-rrugen-e-humbur-djathtas","status":"publish","type":"post","link":"https:\/\/fjala.info\/2009-2015\/tre-pd-ne-rrugen-e-humbur-djathtas\/","title":{"rendered":"Tre PD n\u00eb rrug\u00ebn e humbur djathtas"},"content":{"rendered":"<p><img decoding=\"async\" class=\"alignright size-thumbnail wp-image-7236\" title=\"Edi Rama\" src=\"http:\/\/www.shkoder.net\/images\/fjala\/2011\/edi_rama6.jpg\" alt=\"\" width=\"200\" \/> \u00c7arja n\u00eb tresh e PD-s\u00eb \u00ebsht\u00eb nj\u00eb fakt q\u00eb ka \u00e7oroditur ende m\u00eb keq qeverin\u00eb dhe komunikimin me publikun t\u00eb shumic\u00ebs s\u00eb mbetur n\u00eb qeveri. Lufta \u201cv\u00ebllavras\u00ebse\u201d n\u00eb kampin e djatht\u00eb sapo ka nisur. P\u00ebrpjekja e d\u00ebshp\u00ebruar e kryeministrit p\u00ebr ta shp\u00ebtuar nga mbytja n\u00eb detin e korrupsionit anijen e vet t\u00eb mbingarkuar me pla\u00e7k\u00ebn e pirateris\u00eb qeveritare, ka n\u00eb sh\u00ebnjest\u00ebr dy rebel\u00ebt q\u00eb kan\u00eb marr\u00eb pas vetes dy PD-t\u00eb e shk\u00ebputura prej trupit t\u00eb rr\u00ebnuar t\u00eb PD-s\u00eb s\u00eb tij. Esht\u00eb nj\u00eb luft\u00eb e re brenda llojit ku v\u00ebllez\u00ebrit e djesh\u00ebm jan\u00eb b\u00ebr\u00eb armiq t\u00eb betuar t\u00eb nj\u00ebri-tjetrit. Por \u00ebsht\u00eb po ashtu nj\u00eb luft\u00eb e vjet\u00ebr q\u00eb p\u00ebrs\u00ebritet djathtas me t\u00eb nj\u00ebjtin fajtor e protagonist kryesor, sekretarin komunist t\u00eb PD-s\u00eb, i cili, mu si\u00e7 thot\u00eb ajo vjersha, \u201cu plak po dor\u00eb nuk hoqi\u201d nga veset q\u00eb kan\u00eb p\u00ebrcaktuar qysh n\u00eb krye t\u00eb her\u00ebs, banalitetin e s\u00eb keqes s\u00eb mish\u00ebruar n\u00eb lidershipin e tij n\u00eb krye t\u00eb Partis\u00eb Demokratike.<\/p>\n<p>Presidenti i Republik\u00ebs, zgjedhur forc\u00ebrisht prej Saliut e shumic\u00ebs s\u00eb tij pes\u00eb vjet m\u00eb par\u00eb n\u00eb krye t\u00eb shtetit, \u00ebsht\u00eb shpallur agjent i Partis\u00eb Socialiste. Po nj\u00ebsoj edhe N\u00ebnkryetari i KLD-s\u00eb, zgjedhur po forc\u00ebrisht prej t\u00eb nj\u00ebjtit njeri e prej t\u00eb nj\u00ebjt\u00ebs shumic\u00eb si nj\u00eb demokrat i flakt\u00eb i radh\u00ebve t\u00eb PD-s\u00eb, \u00ebsht\u00eb shpallur armik q\u00eb punon p\u00ebr Partin\u00eb Socialiste. E nj\u00ebjta histori q\u00eb p\u00ebrs\u00ebritet si me armiqt\u00eb e sundimit t\u00eb Saliut n\u00eb vitet \u201990, t\u00eb cil\u00ebt u masakruan nga propaganda e tij asokohe dhe sot jan\u00eb sistemuar n\u00eb prehrin e kryeministrit pasi u kthyen me bisht nd\u00ebr shal\u00eb n\u00eb PD-n\u00eb e vjet\u00ebr duke thirrur pa pik\u00ebn e turpit \u201cDum Bab\u00ebn!\u201d.<\/p>\n<p>Bamir Topi ka lidhje me Partin\u00eb Socialiste aq sa \u00e7\u2019ka lidhje vet\u00eb Saliu. Madje n\u00ebse Saliun e shkuara e lidh pazgjidhshm\u00ebrisht nj\u00ebzet e dy vjet rresht me komunizmin, pra me Partin\u00eb e Pun\u00ebs ku militoi me zellin e nj\u00eb sh\u00ebrb\u00ebtori karrierist, n\u00eb t\u00eb shkuar\u00ebn e Bamir Topit s\u2019ka asnj\u00eb dekik\u00eb n\u00eb jet\u00ebn e Partis\u00eb s\u00eb Pun\u00ebs. Nuk ka asnj\u00eb lloj lidhjeje po ashtu pes\u00ebvje\u00e7ari i tij n\u00eb Presidenc\u00eb me betejat opozitare t\u00eb Partis\u00eb Socialiste, ndaj t\u00eb cilave Presidenti i Republik\u00ebs ka mbajtur nj\u00eb q\u00ebndrim indiferent n\u00eb rastin m\u00eb t\u00eb mir\u00eb, p\u00ebr t\u00eb mos th\u00ebn\u00eb se ka mbajtur q\u00ebndrime t\u00eb papajtueshme me Partin\u00eb Socialiste qoft\u00eb kur zgjodhi Prokuroren e P\u00ebrgjithshme me p\u00eblqimin djathtas po me asnj\u00eb konsult\u00eb as edhe thjesht formale majtas; qoft\u00eb kur pranoi si normale zgjedhjet e vitit 2009; qoft\u00eb kur d\u00ebnoi bojkotin ton\u00eb parlamentar; qoft\u00eb kur ndenji si mur i heshtur n\u00eb koh\u00ebn e p\u00ebr\u00e7apjeve t\u00eb komunitetit nd\u00ebrkomb\u00ebtar n\u00eb selin\u00eb e tij p\u00ebr t\u00eb nd\u00ebrmjet\u00ebsuar kriz\u00ebn politike; qoft\u00eb kur shp\u00ebrfilli grev\u00ebn e uris\u00eb s\u00eb plot deputet\u00ebve e qytetar\u00ebve p\u00ebr vot\u00ebn e lir\u00eb; qoft\u00eb kur pa pyetur asnj\u00ebher\u00eb opozit\u00ebn i propozoi parlamentit kandidatura deri edhe t\u00eb papranueshme gjykat\u00ebsish kushtetues e t\u00eb lart\u00eb t\u00eb lidhur me Sali Berish\u00ebn; qoft\u00eb kur propozoi dy kandidatura nj\u00ebra pas tjetr\u00ebs p\u00ebr Kontrollin e Lart\u00eb t\u00eb Shtetit nj\u00ebri m\u00eb p\u00ebd\u00ebist se tjetri; qoft\u00eb kur rimandatoi Guvernatorin e Bank\u00ebs s\u00eb Shqip\u00ebris\u00eb duke synuar vot\u00ebn djathtas, q\u00eb e mori, jo majtas sall\u00ebs s\u00eb Kuvendit, q\u00eb nuk e mori; qoft\u00eb edhe n\u00eb 21 janar kur d\u00ebnoi dhun\u00ebn n\u00eb p\u00ebrgjith\u00ebsi, po nuk drejtoi gishtin mbi vras\u00ebsit me pushk\u00ebt e shtetit dhe urdh\u00ebruesit e tyre n\u00eb godin\u00ebn e K\u00ebshillit t\u00eb Ministrave; e qoft\u00eb p\u00ebr t\u00eb tjera akoma, q\u00eb mund t\u00eb mos e ken\u00eb b\u00ebr\u00eb Presidentin e Republik\u00ebs t\u00eb duket nj\u00eb dor\u00ebzan\u00eb i Saliut n\u00eb krye t\u00eb shtetit, sepse e v\u00ebrteta \u00ebsht\u00eb se s\u2019ka qen\u00eb asnj\u00eb dit\u00eb i till\u00eb, por q\u00eb pa pik\u00ebn e dyshimit e kan\u00eb p\u00ebrcaktuar presidenc\u00ebn e tij si nj\u00eb presidenc\u00eb t\u00eb orientuar nga vizioni dhe nga p\u00ebrkat\u00ebsia djathtas e Bamir Topit. T\u00eb cil\u00ebn edhe kur ishte n\u00eb n\u00ebnkrye t\u00eb PD-s\u00eb e ka shfaqur gjithnj\u00eb me nj\u00eb ton e me nj\u00eb sjellje tjet\u00ebr nga e p\u00ebrgjithshmja, por pa dal\u00eb asnj\u00ebher\u00eb si i p\u00ebrve\u00e7\u00ebm. Kaq e v\u00ebrtet\u00eb \u00ebsht\u00eb kjo e fizionomis\u00eb s\u00eb djatht\u00eb t\u00eb presidenc\u00ebs s\u00eb tij, sa edhe meraqet e pakta politike q\u00eb ai ka shprehur si president duke \u201cstonuar\u201d me korin e PD-s\u00eb, kan\u00eb qen\u00eb vijueshm\u00ebrisht meraqe t\u00eb nj\u00eb politikani t\u00eb djatht\u00eb. Bamir Topi asnj\u00ebher\u00eb s\u2019e ka fshehur as si president se angazhimi i tij politik ka n\u00eb fokus pronar\u00ebt, t\u00eb p\u00ebrndjekurit e regjimit komunist dhe n\u00eb p\u00ebrgjith\u00ebsi vlerat e pik\u00ebpamjet e asaj pjese t\u00eb shoq\u00ebris\u00eb q\u00eb zemr\u00ebn e ka djathtas.<\/p>\n<p>Nga ana tjet\u00ebr Kreshnik Spahiu ka lidhje me Partin\u00eb Socialiste po aq sa \u00e7\u2019ka pasur miku i tij i ngusht\u00eb Azem Hajdari, me t\u00eb cilin kryetari i kuqezinjve ngjiti shkall\u00ebt e militanc\u00ebs politike n\u00eb gjirin e PD-s\u00eb dhe t\u00eb cilit i ngjan shum\u00eb sot n\u00eb retorik\u00ebn nacionaliste. Nj\u00ebsoj si Azemi ai xhonglon mjesht\u00ebrisht me turmat e t\u00eb d\u00ebshp\u00ebruarve dhe nuk harron asnj\u00ebher\u00eb t\u00eb thot\u00eb se mbron edhe interesat e ish-komunist\u00ebve t\u00eb ndersh\u00ebm pa\u00e7ka se qoft\u00eb p\u00ebrkat\u00ebsia e tij politike, qoft\u00eb e gjith\u00eb shfaqja kuqezi q\u00eb u ofron shqiptar\u00ebve jan\u00eb produkt i ideologjis\u00eb t\u00eb s\u00eb djatht\u00ebs shqiptare t\u00eb thuajse 100 vjet\u00ebve m\u00eb par\u00eb. N\u00ebnkryetari i KLD u rebelua politikisht jo sepse ka ndonj\u00eb fije q\u00eb e lidh me opozit\u00ebn e sotme e aq m\u00eb pak me Partin\u00eb Socialiste, po sepse si shum\u00ebkush n\u00eb Partin\u00eb e vjet\u00ebr Demokratike e gjeti veten jasht\u00eb rrethit t\u00eb st\u00ebrngushtuar t\u00eb interesave t\u00eb oborrit familjar e klanor t\u00eb Saliut. S\u2019b\u00ebj n\u00eb k\u00ebt\u00eb pik\u00eb asnj\u00eb aluzion negativ p\u00ebr motivet e rebelimit t\u00eb tij, kjo s\u2019\u00ebsht\u00eb n\u00eb metod\u00ebn time t\u00eb gjykimit. Por thjesht n\u00ebnvizoj se Aleanca Kuqezi as ka ndonj\u00eb lidhje me Partin\u00eb Socialiste, as p\u00ebrb\u00ebn nj\u00eb stacion ku duhet t\u00eb ndaloj\u00eb cilido shqiptar q\u00eb zemr\u00ebn e ka majtas dhe nuk do t\u00eb luaj\u00eb me vot\u00ebn e vet bixhozin q\u00eb shum\u00ebkush luajti n\u00eb vitin 2009 duke e hedhur at\u00eb jasht\u00eb kutis\u00eb s\u00eb koalicionit t\u00eb Partis\u00eb Socialiste.<\/p>\n<p>E v\u00ebrteta \u00ebsht\u00eb se qoft\u00eb partia e re e Bamir Topit qoft\u00eb Aleanca Kuqezi nuk lindin nga nj\u00eb komplot majtas, si\u00e7 do t\u00eb mundohet deri n\u00eb fund ta tregoj\u00eb s\u00eb prapthi arsyen e lindjes s\u00eb tyre p\u00ebr\u00e7ar\u00ebsi e sunduesi i sot\u00ebm i Shqip\u00ebris\u00eb me t\u00eb gjith\u00eb lukunin\u00eb e altoparlant\u00ebve t\u00eb tij. Ato lindin qart\u00ebsisht nga nj\u00eb \u00e7arje n\u00eb tresh djathtas n\u00eb kushtet kur, praktikisht e faktikisht, Partia e vjet\u00ebr Demokratike ka tradh\u00ebtuar jo vet\u00ebm arsyet madhore t\u00eb lindjes s\u00eb saj n\u00eb vitin 1990, po edhe t\u00eb gjitha idealet e interesat e zgjedh\u00ebsve t\u00eb saj t\u00eb palidhur me fijet e sotme t\u00eb interesave ekonomike t\u00eb uzurpatorit t\u00eb kahersh\u00ebm t\u00eb asaj partie, Sali Berish\u00ebs. Partia e vjet\u00ebr Demokratike ka tradh\u00ebtuar pronar\u00ebt dhe ka b\u00ebr\u00eb me pron\u00ebn nj\u00eb mishmash t\u00eb llahtarsh\u00ebm p\u00ebr nga thell\u00ebsia e korrupsionit. Ka tradh\u00ebtuar t\u00eb p\u00ebrndjekurit politik\u00eb dhe ka b\u00ebr\u00eb me vuajtjet e tyre t\u00eb jasht\u00ebzakonshme nj\u00eb teat\u00ebr t\u00eb st\u00ebrzgjatur dy dekada. Ka tradh\u00ebtuar t\u00eb ardhurit n\u00eb periferit\u00eb e qyteteve me t\u00eb m\u00ebdha dhe ka b\u00ebr\u00eb me premtimin e pambajtur t\u00eb legalizimeve nj\u00eb krim t\u00eb dyfisht\u00eb, sa n\u00eb kurriz t\u00eb integritetit t\u00eb territorit t\u00eb vendit aq edhe n\u00eb kurriz t\u00eb atyre vet\u00eb. Ka tradh\u00ebtuar shtres\u00ebn e mesme tek e cila gjeti mb\u00ebshtetjen jetike n\u00eb rrug\u00ebformimin e saj kund\u00ebr regjimit t\u00eb vjet\u00ebr dhe ka b\u00ebr\u00eb me administrat\u00ebn e shtetit nj\u00eb bat\u00ebrdi primitive, duke shkat\u00ebrruar shtetin e duke marr\u00eb peng dinjitetin e \u00e7do rrog\u00ebtari n\u00eb k\u00ebmbim t\u00eb buk\u00ebs s\u00eb goj\u00ebs. Ka tradh\u00ebtuar student\u00ebt, q\u00eb i ka l\u00ebn\u00eb n\u00eb po at\u00eb Qytet mizerab\u00ebl Studenti ku revolta antikomuniste lindi Partin\u00eb Demokratike dhe ka b\u00ebr\u00eb me universitetin nj\u00eb katrahur\u00eb barbare q\u00eb jep pa kriter e as karar vagon\u00eb me diploma papun\u00ebsie. Ka tradh\u00ebtuar parimet e tregut t\u00eb lir\u00eb dhe ka b\u00ebr\u00eb me monopolet, me klientelat qeveritare e me pazaret e vet\u00eb qeveritar\u00ebve n\u00eb d\u00ebm t\u00eb interesit publik, nj\u00eb monument t\u00eb korrupsionit q\u00eb titullohet sot \u201cQeveria e Republik\u00ebs s\u00eb Shqip\u00ebris\u00eb\u201d. Ka tradh\u00ebtuar lirin\u00eb e shprehjes q\u00eb b\u00ebri t\u00eb mundura energjit\u00eb q\u00eb i dhan\u00eb jet\u00eb vet\u00eb partis\u00eb s\u00eb par\u00eb opozitare shqiptare pas gjys\u00ebm shekulli absolutizmi komunist dhe ka krijuar p\u00ebrmes abuzimit me at\u00eb liri monstr\u00ebn e liris\u00eb s\u00eb shpifjes, e cila po e zhyt shoq\u00ebrin\u00eb vit pas viti n\u00eb nj\u00eb mo\u00e7al g\u00ebnjeshtrash e rr\u00ebnimi moral. Por Partia e vjet\u00ebr Demokratike ka treguar gjithashtu, se p\u00ebr pushtetin \u00ebsht\u00eb n\u00eb gjendje t\u00eb tradh\u00ebtoj\u00eb edhe interesin komb\u00ebtar dhe ka b\u00ebr\u00eb me pushtetin akte t\u00eb pashlyesh\u00ebm turpi komb\u00ebtar si\u00e7 ishte, sa p\u00ebr t\u00eb p\u00ebrmendur nj\u00eb nd\u00ebr m\u00eb flagrant\u00ebt, pranimi p\u00ebr t\u2019i njohur Greqis\u00eb p\u00ebrkat\u00ebsin\u00eb territoriale mbi afro 300 km2 det nga Joni i Shqip\u00ebris\u00eb.<\/p>\n<p>Esht\u00eb ky \u201ckomplot permanent\u201d i liderit ish-komunist t\u00eb Partis\u00eb Demokratike q\u00eb e ka \u00e7ar\u00eb sot PD-n\u00eb n\u00eb tresh dhe as kurr\u00ebfar\u00eb komploti mes Partis\u00eb Socialiste e dy figurave t\u00eb lartp\u00ebrmendura t\u00eb s\u00eb djatht\u00ebs. Ata ia kan\u00eb prishur p\u00ebrfundimisht gjumin dhe busull\u00ebn Sali Berish\u00ebs pik\u00ebrisht sepse s\u2019kan\u00eb lidhje me t\u00eb majt\u00ebn e me Partin\u00eb Socialiste; pik\u00ebrisht sepse p\u00ebrb\u00ebjn\u00eb dy pika t\u00eb reja referimi p\u00ebr mas\u00ebn e madhe t\u00eb t\u00eb tradh\u00ebtuarve nga Sali Berisha dhe PD-ja e tij e privatizuar plot\u00ebsisht, e cila ka humbur \u00e7do lidhje me realitetin e shqiptar\u00ebve t\u00eb zakonsh\u00ebm me zemr\u00ebn djathtas; pik\u00ebrisht sepse edhe nj\u00ebri edhe tjetri, edhe Bamir Topi edhe Kreshnik Spahiu s\u00eb bashku me dy PD-t\u00eb e tyre as nuk kan\u00eb lidhje me t\u00eb shkuar\u00ebn komuniste, as nuk kan\u00eb ardhur n\u00eb k\u00ebt\u00eb pik\u00eb pa gjetur arsye t\u00eb forta brenda kampit t\u00eb djatht\u00eb, dhe as nuk kan\u00eb ezauruar forcat e fytyr\u00ebn e tyre n\u00eb sh\u00ebrbimin ndaj Saliut \u2013 si\u00e7 ka ndodhur r\u00ebndom me kanakar\u00ebt e tij ministra e deputet\u00eb, t\u00eb cil\u00ebve u \u00ebsht\u00eb kthyer l\u00ebkura n\u00eb nj\u00eb lloj sholle speciale q\u00eb mund t\u2019i b\u00ebnte t\u00eb pavdekshme k\u00ebpuc\u00ebt e ushtar\u00ebve t\u00eb xhenjos. Rezonanca e ndjeshme e t\u00eb dyve djathtas flet vet\u00eb p\u00ebr t\u00eb gjitha arsyet q\u00eb i b\u00ebjn\u00eb t\u00eb dy PD-t\u00eb e reja t\u00ebrheq\u00ebse p\u00ebr t\u00eb djatht\u00ebn. Flasin vet\u00eb po ashtu p\u00ebr impaktin e tyre real mbi t\u00eb djatht\u00ebn edhe q\u00ebndrimet skandaloze ndaj tyre t\u00eb azap\u00ebve t\u00eb shtypit proqeveritar apo dhe vet\u00eb sharjet q\u00eb u rezervojn\u00eb p\u00ebr shtat\u00eb pal\u00eb mllefe nga ekrani Saliu dhe ministrat e tij t\u00eb diskredituar prej d\u00ebshtimeve e paudh\u00ebsive t\u00eb nj\u00ebpasnj\u00ebshme.<\/p>\n<p>Jan\u00eb kushtet p\u00ebr rithemelimin e t\u00eb djatht\u00ebs shqiptare q\u00eb jan\u00eb krijuar dhe prandaj po krijohen edhe k\u00ebto dy parti t\u00eb reja demokratike. T\u00eb cilat s\u2019duhet t\u00eb tundojn\u00eb ask\u00ebnd tjet\u00ebr p\u00ebrve\u00e7 atyre q\u00eb duan t\u00eb ikin nga anija e Partis\u00eb s\u00eb vjet\u00ebr Demokratike. Sepse n\u00ebse k\u00ebto dy parti duan t\u2019i krijojn\u00eb t\u00eb djatht\u00ebs mund\u00ebsin\u00eb p\u00ebr t\u00eb dal\u00eb nga qorrsokaku ku e ka rr\u00ebnuar PD-n\u00eb bashk\u00eb me Shqip\u00ebrin\u00eb politika e mbrapsht\u00eb e Saliut, kjo mund t\u00eb jet\u00eb nj\u00eb zhvillim pozitiv p\u00ebr politik\u00ebn shqiptare n\u00eb nj\u00eb v\u00ebshtrim afatgjat\u00eb, por nuk ka asnj\u00eb lidhje me mund\u00ebsin\u00eb e domosdoshme q\u00eb u duhet sot familjeve e njer\u00ebzve t\u00eb zakonsh\u00ebm t\u00eb k\u00ebtij vendi p\u00ebr nj\u00eb Rilindje Shqiptare.<\/p>\n<p>Zgjedhja p\u00ebr shqiptar\u00ebt sot nuk \u00ebsht\u00eb mes tre partive demokratike, po \u00ebsht\u00eb qart\u00ebsisht mes nj\u00eb Rilindjeje Shqiptare p\u00ebrmes Partis\u00eb s\u00eb rip\u00ebrt\u00ebrir\u00eb Socialiste e koalicionit t\u00eb saj dhe nj\u00eb Rr\u00ebnimi t\u00eb M\u00ebtejsh\u00ebm t\u00eb Shqip\u00ebris\u00eb n\u00eb vazhd\u00ebn e rr\u00ebnimit e t\u00eb \u00e7arjes s\u00eb Partis\u00eb s\u00eb vjet\u00ebr Demokratike. Mbi k\u00ebt\u00eb zgjedhje do t\u00eb b\u00ebhet edhe beteja politike, q\u00eb do t\u00eb ndaj\u00eb me vot\u00eb ata q\u00eb do t\u00eb zgjedhin me radh\u00eb mes pun\u00ebsimit real dhe rritjes s\u00eb papun\u00ebsis\u00eb. Mes nj\u00eb takse t\u00eb ndershme dhe nj\u00eb takse t\u00eb shesht\u00eb. Mes nxitjes s\u00eb biznesit dhe shkat\u00ebrrimit t\u00eb biznesit. Mes sh\u00ebrbimeve publike n\u00eb arsim e sh\u00ebndet\u00ebsi q\u00eb duhet t\u00eb merren sipas nevoj\u00ebs dhe jo t\u00eb fitohen sipas mund\u00ebsis\u00eb p\u00ebr t\u00eb paguar. Mes zhvillimit modern rural dhe braktisjes s\u00eb fshatit n\u00eb err\u00ebsir\u00ebn mesjetare.<\/p>\n<p>Mes nj\u00eb Partie Socialiste q\u00eb bashkon t\u00eb gjith\u00eb njer\u00ebzit e zakonsh\u00ebm rreth nj\u00eb programi p\u00ebr nj\u00eb Rilindje Shqiptare n\u00eb rrug\u00ebn e Bashkimit Europian dhe nj\u00eb Partie Demokratike t\u00eb ndar\u00eb n\u00eb tresh n\u00eb k\u00ebrkim t\u00eb rrug\u00ebs s\u00eb humbur t\u00eb s\u00eb djatht\u00ebs shqiptare.<\/p>\n<p><em>10 Mars 2012<\/em><\/p>\n","protected":false},"excerpt":{"rendered":"<p>\u00c7arja n\u00eb tresh e PD-s\u00eb \u00ebsht\u00eb nj\u00eb fakt q\u00eb ka \u00e7oroditur ende m\u00eb keq qeverin\u00eb dhe komunikimin me publikun t\u00eb shumic\u00ebs s\u00eb mbetur n\u00eb qeveri. Lufta \u201cv\u00ebllavras\u00ebse\u201d n\u00eb kampin e djatht\u00eb sapo ka nisur. P\u00ebrpjekja e d\u00ebshp\u00ebruar e kryeministrit p\u00ebr ta shp\u00ebtuar nga mbytja n\u00eb detin e korrupsionit anijen e vet t\u00eb mbingarkuar me pla\u00e7k\u00ebn [&hellip;]<\/p>\n","protected":false},"author":1,"featured_media":0,"comment_status":"open","ping_status":"closed","sticky":false,"template":"","format":"standard","meta":{"footnotes":""},"categories":[2],"tags":[],"class_list":{"0":"post-11738","1":"post","2":"type-post","3":"status-publish","4":"format-standard","6":"category-artikuj"},"yoast_head":"<!-- This site is optimized with the Yoast SEO plugin v27.4 - https:\/\/yoast.com\/product\/yoast-seo-wordpress\/ -->\n<title>Tre PD n\u00eb rrug\u00ebn e humbur djathtas - FjALA e LIR\u00cb - Arkivi<\/title>\n<meta name=\"robots\" content=\"index, follow, max-snippet:-1, max-image-preview:large, max-video-preview:-1\" \/>\n<link rel=\"canonical\" href=\"https:\/\/fjala.info\/2009-2015\/tre-pd-ne-rrugen-e-humbur-djathtas\/\" \/>\n<meta property=\"og:locale\" content=\"sq_AL\" \/>\n<meta property=\"og:type\" content=\"article\" \/>\n<meta property=\"og:title\" content=\"Tre PD n\u00eb rrug\u00ebn e humbur djathtas - FjALA e LIR\u00cb - Arkivi\" \/>\n<meta property=\"og:description\" content=\"\u00c7arja n\u00eb tresh e PD-s\u00eb \u00ebsht\u00eb nj\u00eb fakt q\u00eb ka \u00e7oroditur ende m\u00eb keq qeverin\u00eb dhe komunikimin me publikun t\u00eb shumic\u00ebs s\u00eb mbetur n\u00eb qeveri. Lufta \u201cv\u00ebllavras\u00ebse\u201d n\u00eb kampin e djatht\u00eb sapo ka nisur. P\u00ebrpjekja e d\u00ebshp\u00ebruar e kryeministrit p\u00ebr ta shp\u00ebtuar nga mbytja n\u00eb detin e korrupsionit anijen e vet t\u00eb mbingarkuar me pla\u00e7k\u00ebn [&hellip;]\" \/>\n<meta property=\"og:url\" content=\"https:\/\/fjala.info\/2009-2015\/tre-pd-ne-rrugen-e-humbur-djathtas\/\" \/>\n<meta property=\"og:site_name\" content=\"FjALA e LIR\u00cb - Arkivi\" \/>\n<meta property=\"article:published_time\" content=\"2012-03-12T00:45:42+00:00\" \/>\n<meta property=\"og:image\" content=\"http:\/\/www.shkoder.net\/images\/fjala\/2011\/edi_rama6.jpg\" \/>\n<meta name=\"author\" content=\"admin\" \/>\n<meta name=\"twitter:card\" content=\"summary_large_image\" \/>\n<meta name=\"twitter:label1\" content=\"Written by\" \/>\n\t<meta name=\"twitter:data1\" content=\"admin\" \/>\n\t<meta name=\"twitter:label2\" content=\"Est. reading time\" \/>\n\t<meta name=\"twitter:data2\" content=\"11 minutes\" \/>\n<script type=\"application\/ld+json\" class=\"yoast-schema-graph\">{\"@context\":\"https:\\\/\\\/schema.org\",\"@graph\":[{\"@type\":\"Article\",\"@id\":\"https:\\\/\\\/fjala.info\\\/2009-2015\\\/tre-pd-ne-rrugen-e-humbur-djathtas\\\/#article\",\"isPartOf\":{\"@id\":\"https:\\\/\\\/fjala.info\\\/2009-2015\\\/tre-pd-ne-rrugen-e-humbur-djathtas\\\/\"},\"author\":{\"name\":\"admin\",\"@id\":\"https:\\\/\\\/fjala.info\\\/2009-2015\\\/#\\\/schema\\\/person\\\/3aa1163ef05469c496fc94e77611ada2\"},\"headline\":\"Tre PD n\u00eb rrug\u00ebn e humbur djathtas\",\"datePublished\":\"2012-03-12T00:45:42+00:00\",\"mainEntityOfPage\":{\"@id\":\"https:\\\/\\\/fjala.info\\\/2009-2015\\\/tre-pd-ne-rrugen-e-humbur-djathtas\\\/\"},\"wordCount\":2255,\"commentCount\":0,\"publisher\":{\"@id\":\"https:\\\/\\\/fjala.info\\\/2009-2015\\\/#organization\"},\"image\":{\"@id\":\"https:\\\/\\\/fjala.info\\\/2009-2015\\\/tre-pd-ne-rrugen-e-humbur-djathtas\\\/#primaryimage\"},\"thumbnailUrl\":\"http:\\\/\\\/www.shkoder.net\\\/images\\\/fjala\\\/2011\\\/edi_rama6.jpg\",\"articleSection\":[\"Artikuj\"],\"inLanguage\":\"sq-AL\",\"potentialAction\":[{\"@type\":\"CommentAction\",\"name\":\"Comment\",\"target\":[\"https:\\\/\\\/fjala.info\\\/2009-2015\\\/tre-pd-ne-rrugen-e-humbur-djathtas\\\/#respond\"]}]},{\"@type\":\"WebPage\",\"@id\":\"https:\\\/\\\/fjala.info\\\/2009-2015\\\/tre-pd-ne-rrugen-e-humbur-djathtas\\\/\",\"url\":\"https:\\\/\\\/fjala.info\\\/2009-2015\\\/tre-pd-ne-rrugen-e-humbur-djathtas\\\/\",\"name\":\"Tre PD n\u00eb rrug\u00ebn e humbur djathtas - FjALA e LIR\u00cb - Arkivi\",\"isPartOf\":{\"@id\":\"https:\\\/\\\/fjala.info\\\/2009-2015\\\/#website\"},\"primaryImageOfPage\":{\"@id\":\"https:\\\/\\\/fjala.info\\\/2009-2015\\\/tre-pd-ne-rrugen-e-humbur-djathtas\\\/#primaryimage\"},\"image\":{\"@id\":\"https:\\\/\\\/fjala.info\\\/2009-2015\\\/tre-pd-ne-rrugen-e-humbur-djathtas\\\/#primaryimage\"},\"thumbnailUrl\":\"http:\\\/\\\/www.shkoder.net\\\/images\\\/fjala\\\/2011\\\/edi_rama6.jpg\",\"datePublished\":\"2012-03-12T00:45:42+00:00\",\"breadcrumb\":{\"@id\":\"https:\\\/\\\/fjala.info\\\/2009-2015\\\/tre-pd-ne-rrugen-e-humbur-djathtas\\\/#breadcrumb\"},\"inLanguage\":\"sq-AL\",\"potentialAction\":[{\"@type\":\"ReadAction\",\"target\":[\"https:\\\/\\\/fjala.info\\\/2009-2015\\\/tre-pd-ne-rrugen-e-humbur-djathtas\\\/\"]}]},{\"@type\":\"ImageObject\",\"inLanguage\":\"sq-AL\",\"@id\":\"https:\\\/\\\/fjala.info\\\/2009-2015\\\/tre-pd-ne-rrugen-e-humbur-djathtas\\\/#primaryimage\",\"url\":\"http:\\\/\\\/www.shkoder.net\\\/images\\\/fjala\\\/2011\\\/edi_rama6.jpg\",\"contentUrl\":\"http:\\\/\\\/www.shkoder.net\\\/images\\\/fjala\\\/2011\\\/edi_rama6.jpg\"},{\"@type\":\"BreadcrumbList\",\"@id\":\"https:\\\/\\\/fjala.info\\\/2009-2015\\\/tre-pd-ne-rrugen-e-humbur-djathtas\\\/#breadcrumb\",\"itemListElement\":[{\"@type\":\"ListItem\",\"position\":1,\"name\":\"Home\",\"item\":\"https:\\\/\\\/fjala.info\\\/2009-2015\\\/\"},{\"@type\":\"ListItem\",\"position\":2,\"name\":\"Tre PD n\u00eb rrug\u00ebn e humbur djathtas\"}]},{\"@type\":\"WebSite\",\"@id\":\"https:\\\/\\\/fjala.info\\\/2009-2015\\\/#website\",\"url\":\"https:\\\/\\\/fjala.info\\\/2009-2015\\\/\",\"name\":\"FjALA e LIR\u00cb - Arkivi\",\"description\":\"Arkivi 2009-2015\",\"publisher\":{\"@id\":\"https:\\\/\\\/fjala.info\\\/2009-2015\\\/#organization\"},\"potentialAction\":[{\"@type\":\"SearchAction\",\"target\":{\"@type\":\"EntryPoint\",\"urlTemplate\":\"https:\\\/\\\/fjala.info\\\/2009-2015\\\/?s={search_term_string}\"},\"query-input\":{\"@type\":\"PropertyValueSpecification\",\"valueRequired\":true,\"valueName\":\"search_term_string\"}}],\"inLanguage\":\"sq-AL\"},{\"@type\":\"Organization\",\"@id\":\"https:\\\/\\\/fjala.info\\\/2009-2015\\\/#organization\",\"name\":\"FjALA e LIR\u00cb - Arkivi\",\"url\":\"https:\\\/\\\/fjala.info\\\/2009-2015\\\/\",\"logo\":{\"@type\":\"ImageObject\",\"inLanguage\":\"sq-AL\",\"@id\":\"https:\\\/\\\/fjala.info\\\/2009-2015\\\/#\\\/schema\\\/logo\\\/image\\\/\",\"url\":\"\",\"contentUrl\":\"\",\"caption\":\"FjALA e LIR\u00cb - Arkivi\"},\"image\":{\"@id\":\"https:\\\/\\\/fjala.info\\\/2009-2015\\\/#\\\/schema\\\/logo\\\/image\\\/\"}},{\"@type\":\"Person\",\"@id\":\"https:\\\/\\\/fjala.info\\\/2009-2015\\\/#\\\/schema\\\/person\\\/3aa1163ef05469c496fc94e77611ada2\",\"name\":\"admin\",\"image\":{\"@type\":\"ImageObject\",\"inLanguage\":\"sq-AL\",\"@id\":\"https:\\\/\\\/fjala.info\\\/2009-2015\\\/wp-content\\\/uploads\\\/2012\\\/02\\\/arben_cokaj-120x150.jpg\",\"url\":\"https:\\\/\\\/fjala.info\\\/2009-2015\\\/wp-content\\\/uploads\\\/2012\\\/02\\\/arben_cokaj-120x150.jpg\",\"contentUrl\":\"https:\\\/\\\/fjala.info\\\/2009-2015\\\/wp-content\\\/uploads\\\/2012\\\/02\\\/arben_cokaj-120x150.jpg\",\"caption\":\"admin\"},\"description\":\"Admin, Fjala e Lir\u00eb\",\"sameAs\":[\"https:\\\/\\\/fjala.info\\\/\"],\"url\":\"https:\\\/\\\/fjala.info\\\/2009-2015\\\/author\\\/admin\\\/\"}]}<\/script>\n<!-- \/ Yoast SEO plugin. -->","yoast_head_json":{"title":"Tre PD n\u00eb rrug\u00ebn e humbur djathtas - FjALA e LIR\u00cb - Arkivi","robots":{"index":"index","follow":"follow","max-snippet":"max-snippet:-1","max-image-preview":"max-image-preview:large","max-video-preview":"max-video-preview:-1"},"canonical":"https:\/\/fjala.info\/2009-2015\/tre-pd-ne-rrugen-e-humbur-djathtas\/","og_locale":"sq_AL","og_type":"article","og_title":"Tre PD n\u00eb rrug\u00ebn e humbur djathtas - FjALA e LIR\u00cb - Arkivi","og_description":"\u00c7arja n\u00eb tresh e PD-s\u00eb \u00ebsht\u00eb nj\u00eb fakt q\u00eb ka \u00e7oroditur ende m\u00eb keq qeverin\u00eb dhe komunikimin me publikun t\u00eb shumic\u00ebs s\u00eb mbetur n\u00eb qeveri. Lufta \u201cv\u00ebllavras\u00ebse\u201d n\u00eb kampin e djatht\u00eb sapo ka nisur. P\u00ebrpjekja e d\u00ebshp\u00ebruar e kryeministrit p\u00ebr ta shp\u00ebtuar nga mbytja n\u00eb detin e korrupsionit anijen e vet t\u00eb mbingarkuar me pla\u00e7k\u00ebn [&hellip;]","og_url":"https:\/\/fjala.info\/2009-2015\/tre-pd-ne-rrugen-e-humbur-djathtas\/","og_site_name":"FjALA e LIR\u00cb - Arkivi","article_published_time":"2012-03-12T00:45:42+00:00","og_image":[{"url":"http:\/\/www.shkoder.net\/images\/fjala\/2011\/edi_rama6.jpg","type":"","width":"","height":""}],"author":"admin","twitter_card":"summary_large_image","twitter_misc":{"Written by":"admin","Est. reading time":"11 minutes"},"schema":{"@context":"https:\/\/schema.org","@graph":[{"@type":"Article","@id":"https:\/\/fjala.info\/2009-2015\/tre-pd-ne-rrugen-e-humbur-djathtas\/#article","isPartOf":{"@id":"https:\/\/fjala.info\/2009-2015\/tre-pd-ne-rrugen-e-humbur-djathtas\/"},"author":{"name":"admin","@id":"https:\/\/fjala.info\/2009-2015\/#\/schema\/person\/3aa1163ef05469c496fc94e77611ada2"},"headline":"Tre PD n\u00eb rrug\u00ebn e humbur djathtas","datePublished":"2012-03-12T00:45:42+00:00","mainEntityOfPage":{"@id":"https:\/\/fjala.info\/2009-2015\/tre-pd-ne-rrugen-e-humbur-djathtas\/"},"wordCount":2255,"commentCount":0,"publisher":{"@id":"https:\/\/fjala.info\/2009-2015\/#organization"},"image":{"@id":"https:\/\/fjala.info\/2009-2015\/tre-pd-ne-rrugen-e-humbur-djathtas\/#primaryimage"},"thumbnailUrl":"http:\/\/www.shkoder.net\/images\/fjala\/2011\/edi_rama6.jpg","articleSection":["Artikuj"],"inLanguage":"sq-AL","potentialAction":[{"@type":"CommentAction","name":"Comment","target":["https:\/\/fjala.info\/2009-2015\/tre-pd-ne-rrugen-e-humbur-djathtas\/#respond"]}]},{"@type":"WebPage","@id":"https:\/\/fjala.info\/2009-2015\/tre-pd-ne-rrugen-e-humbur-djathtas\/","url":"https:\/\/fjala.info\/2009-2015\/tre-pd-ne-rrugen-e-humbur-djathtas\/","name":"Tre PD n\u00eb rrug\u00ebn e humbur djathtas - FjALA e LIR\u00cb - Arkivi","isPartOf":{"@id":"https:\/\/fjala.info\/2009-2015\/#website"},"primaryImageOfPage":{"@id":"https:\/\/fjala.info\/2009-2015\/tre-pd-ne-rrugen-e-humbur-djathtas\/#primaryimage"},"image":{"@id":"https:\/\/fjala.info\/2009-2015\/tre-pd-ne-rrugen-e-humbur-djathtas\/#primaryimage"},"thumbnailUrl":"http:\/\/www.shkoder.net\/images\/fjala\/2011\/edi_rama6.jpg","datePublished":"2012-03-12T00:45:42+00:00","breadcrumb":{"@id":"https:\/\/fjala.info\/2009-2015\/tre-pd-ne-rrugen-e-humbur-djathtas\/#breadcrumb"},"inLanguage":"sq-AL","potentialAction":[{"@type":"ReadAction","target":["https:\/\/fjala.info\/2009-2015\/tre-pd-ne-rrugen-e-humbur-djathtas\/"]}]},{"@type":"ImageObject","inLanguage":"sq-AL","@id":"https:\/\/fjala.info\/2009-2015\/tre-pd-ne-rrugen-e-humbur-djathtas\/#primaryimage","url":"http:\/\/www.shkoder.net\/images\/fjala\/2011\/edi_rama6.jpg","contentUrl":"http:\/\/www.shkoder.net\/images\/fjala\/2011\/edi_rama6.jpg"},{"@type":"BreadcrumbList","@id":"https:\/\/fjala.info\/2009-2015\/tre-pd-ne-rrugen-e-humbur-djathtas\/#breadcrumb","itemListElement":[{"@type":"ListItem","position":1,"name":"Home","item":"https:\/\/fjala.info\/2009-2015\/"},{"@type":"ListItem","position":2,"name":"Tre PD n\u00eb rrug\u00ebn e humbur djathtas"}]},{"@type":"WebSite","@id":"https:\/\/fjala.info\/2009-2015\/#website","url":"https:\/\/fjala.info\/2009-2015\/","name":"FjALA e LIR\u00cb - Arkivi","description":"Arkivi 2009-2015","publisher":{"@id":"https:\/\/fjala.info\/2009-2015\/#organization"},"potentialAction":[{"@type":"SearchAction","target":{"@type":"EntryPoint","urlTemplate":"https:\/\/fjala.info\/2009-2015\/?s={search_term_string}"},"query-input":{"@type":"PropertyValueSpecification","valueRequired":true,"valueName":"search_term_string"}}],"inLanguage":"sq-AL"},{"@type":"Organization","@id":"https:\/\/fjala.info\/2009-2015\/#organization","name":"FjALA e LIR\u00cb - Arkivi","url":"https:\/\/fjala.info\/2009-2015\/","logo":{"@type":"ImageObject","inLanguage":"sq-AL","@id":"https:\/\/fjala.info\/2009-2015\/#\/schema\/logo\/image\/","url":"","contentUrl":"","caption":"FjALA e LIR\u00cb - Arkivi"},"image":{"@id":"https:\/\/fjala.info\/2009-2015\/#\/schema\/logo\/image\/"}},{"@type":"Person","@id":"https:\/\/fjala.info\/2009-2015\/#\/schema\/person\/3aa1163ef05469c496fc94e77611ada2","name":"admin","image":{"@type":"ImageObject","inLanguage":"sq-AL","@id":"https:\/\/fjala.info\/2009-2015\/wp-content\/uploads\/2012\/02\/arben_cokaj-120x150.jpg","url":"https:\/\/fjala.info\/2009-2015\/wp-content\/uploads\/2012\/02\/arben_cokaj-120x150.jpg","contentUrl":"https:\/\/fjala.info\/2009-2015\/wp-content\/uploads\/2012\/02\/arben_cokaj-120x150.jpg","caption":"admin"},"description":"Admin, Fjala e Lir\u00eb","sameAs":["https:\/\/fjala.info\/"],"url":"https:\/\/fjala.info\/2009-2015\/author\/admin\/"}]}},"_links":{"self":[{"href":"https:\/\/fjala.info\/2009-2015\/wp-json\/wp\/v2\/posts\/11738","targetHints":{"allow":["GET"]}}],"collection":[{"href":"https:\/\/fjala.info\/2009-2015\/wp-json\/wp\/v2\/posts"}],"about":[{"href":"https:\/\/fjala.info\/2009-2015\/wp-json\/wp\/v2\/types\/post"}],"author":[{"embeddable":true,"href":"https:\/\/fjala.info\/2009-2015\/wp-json\/wp\/v2\/users\/1"}],"replies":[{"embeddable":true,"href":"https:\/\/fjala.info\/2009-2015\/wp-json\/wp\/v2\/comments?post=11738"}],"version-history":[{"count":0,"href":"https:\/\/fjala.info\/2009-2015\/wp-json\/wp\/v2\/posts\/11738\/revisions"}],"wp:attachment":[{"href":"https:\/\/fjala.info\/2009-2015\/wp-json\/wp\/v2\/media?parent=11738"}],"wp:term":[{"taxonomy":"category","embeddable":true,"href":"https:\/\/fjala.info\/2009-2015\/wp-json\/wp\/v2\/categories?post=11738"},{"taxonomy":"post_tag","embeddable":true,"href":"https:\/\/fjala.info\/2009-2015\/wp-json\/wp\/v2\/tags?post=11738"}],"curies":[{"name":"wp","href":"https:\/\/api.w.org\/{rel}","templated":true}]}}