{"id":11736,"date":"2012-03-12T00:40:45","date_gmt":"2012-03-11T23:40:45","guid":{"rendered":"http:\/\/fjala.shkoder.net\/?p=2133"},"modified":"2012-03-12T00:40:45","modified_gmt":"2012-03-11T23:40:45","slug":"hipokrizia-politike-e-integrimit-europian","status":"publish","type":"post","link":"https:\/\/fjala.info\/2009-2015\/hipokrizia-politike-e-integrimit-europian\/","title":{"rendered":"Hipokrizia politike e integrimit europian"},"content":{"rendered":"<p>Nga <strong>Alban SEJDINI<\/strong><\/p>\n<p>Mbi 90 p\u00ebrqind e banor\u00ebve t\u00eb k\u00ebtij vendi p\u00ebrgjigjen n\u00ebp\u00ebr sondazhe, se d\u00ebshirojn\u00eb ta shikojn\u00eb Shqip\u00ebrin\u00eb t\u00eb integruar n\u00eb Bashkimin Europian. N\u00eb k\u00ebto shifra, q\u00eb politikan\u00ebt e vendeve an\u00ebtare t\u00eb BE-s\u00eb nuk i shikojn\u00eb as n\u00eb \u00ebndrrat e m\u00ebngjesit t\u00eb s\u00eb diel\u00ebs, p\u00ebrfshihen shumica e n\u00ebnshtetasve p\u00ebrve\u00e7 atyre, q\u00eb v\u00ebrtet i njohin t\u00eb drejtat dhe detyrimet e t\u00eb qenit vend an\u00ebtar i BE-s\u00eb. K\u00ebta mund t\u00eb renditin plot argumente pro e kund\u00ebr integrimit dhe n\u00eb fund t\u00eb mbajn\u00eb nj\u00eb q\u00ebndrim t\u00eb justifikuar mbi baz\u00eb bindjesh, njohurish dhe informacioni. Ca m\u00eb shum\u00eb e ca m\u00eb pak ia kan\u00eb haberin edhe politikan\u00ebt e k\u00ebtij vendi, t\u00eb cil\u00ebt, ndryshe nga \u00e7\u2019thon\u00eb p\u00ebr arsye elektorale, duket se nuk e kan\u00eb fort me qejf integrimin, ndoshta sepse nuk u leverdis ta b\u00ebjn\u00eb \u201cShqip\u00ebrin\u00eb si gjith\u00eb Europa\u201d. Kjo specie politikan\u00ebsh \u00ebsht\u00eb zhdukur nj\u00eblloj si dinosaur\u00ebt dhe vajzat e virgj\u00ebra n\u00eb shumic\u00ebn e vendeve an\u00ebtare t\u00eb BE-s\u00eb, prandaj k\u00ebta tan\u00ebt nuk duan t\u00eb b\u00ebhen gjithashtu p\u00ebr rrahmet.<\/p>\n<p>Po t\u00eb pyes\u00ebsh ndonj\u00eb prej banor\u00ebve t\u00eb zonave t\u00eb izoluara nga akullnajat e k\u00ebtij dimri apo nga p\u00ebrmbytjet e dimrave t\u00eb kaluar, me siguri q\u00eb di se Shqip\u00ebria duhet t\u00eb integrohet n\u00eb Bashkimin Europian dhe nuk di \u00e7far\u00eb shijeje ka mishi i gatuar me vaj tartufi, q\u00eb i p\u00eblqen aq shum\u00eb \u00e7iftit Bum\u00e7i-Zhulali. K\u00ebta njer\u00ebz pa dh\u00ebmb\u00eb n\u00eb goj\u00eb, q\u00eb jetojn\u00eb n\u00eb varf\u00ebri nga ato t\u00eb pasluft\u00ebs dhe q\u00eb nuk i shijojn\u00eb asgj\u00eb jet\u00ebs, din\u00eb q\u00eb remitancat vijn\u00eb nga vendet e Europ\u00ebs dhe q\u00eb t\u00eb huajt e Tiran\u00ebs flasin bukur n\u00eb televizor. N\u00eb k\u00ebto kushte e kan\u00eb normale t\u00eb shprehen n\u00eb favor t\u00eb integrimit n\u00eb BE shumica e k\u00ebtyre personave, t\u00eb cil\u00ebt gjenden po kaq me shumic\u00eb n\u00eb atdheun ton\u00eb.<\/p>\n<p>Ndryshe e argumentojn\u00eb q\u00ebndrimin e tyre ata pak shqiptar\u00eb, q\u00eb kan\u00eb m\u00eb tep\u00ebr informacion apo q\u00eb kan\u00eb studiuar pak apo shum\u00eb p\u00ebr Bashkimin Europian. K\u00ebta jan\u00eb t\u00eb vet\u00ebdijsh\u00ebm se BE-ja nuk \u00ebsht\u00eb vet\u00ebm mb\u00ebshtetje financiare p\u00ebr pabarazin\u00eb sociale apo pun\u00ebsim jasht\u00eb, por edhe marrje e nj\u00eb s\u00ebr\u00eb direktivash fillimisht nga Brukseli dhe vet\u00ebm pastaj nga liderri, si edhe integrim total i tregut t\u00eb brendsh\u00ebm n\u00eb at\u00eb europian. Sepse an\u00ebtar\u00ebsimi n\u00eb BE n\u00ebnkupton cedim t\u00eb nj\u00eb pjese t\u00eb konsiderueshme t\u00eb sovranitetit komb\u00ebtar n\u00eb favor t\u00eb atij mbikomb\u00ebtar me qend\u00ebr n\u00eb kryeqytetin e Belgjik\u00ebs.<\/p>\n<p>Sepse l\u00ebvizja e lir\u00eb e pun\u00ebtor\u00ebve n\u00eb vendet an\u00ebtare \u00ebsht\u00eb nj\u00eb proces tjet\u00ebr po aq i gjat\u00eb, ngaq\u00eb ajo do t\u00eb mund t\u00eb p\u00ebrfitohet t\u00eb pakt\u00ebn shtat\u00eb vite pasi t\u00eb b\u00ebhesh an\u00ebtar me t\u00eb drejta t\u00eb plota. Po t\u00eb llogariten k\u00ebtu edhe vitet q\u00eb duhen p\u00ebr t\u2019u an\u00ebtar\u00ebsuar plot\u00ebsisht, nj\u00eb tjet\u00ebr brez shqiptar\u00ebsh do ta ket\u00eb kaluar lumin Stiks me ndihm\u00ebn e vark\u00ebtarit Kharon. Sepse p\u00ebrball\u00eb konkurrenc\u00ebs s\u00eb standardeve europiane, prodhimet shqiptare, si p\u00ebr shembull ato t\u00eb b\u00ebra me nap\u00eb n\u00eb kushte katoqesh apo ato q\u00eb ndonj\u00ebher\u00eb kan\u00eb edhe p\u00ebrb\u00ebrje mishi, do t\u00eb detyrohet t\u00eb p\u00ebrshtaten me standardet e larta ose t\u00eb shpallin falimentin. E v\u00ebrteta \u00ebsht\u00eb se standardet e cil\u00ebsis\u00eb dhe siguris\u00eb ushqimore n\u00eb Shqip\u00ebri jan\u00eb po aq larg atyre t\u00eb shumic\u00ebs s\u00eb an\u00ebtareve t\u00eb BE-s\u00eb sa edhe kopjac\u00ebt e Enverit nga realiteti i varf\u00ebr popullor. Megjithat\u00eb \u00ebsht\u00eb e ligjshme q\u00eb secili t\u00eb krijoj\u00eb mendimin e tij p\u00ebr integrimin n\u00eb BE, gjithmon\u00eb n\u00ebse mb\u00ebshtetet mbi argumenta, njohuri dhe informacion.<\/p>\n<p>Politikan\u00ebt pluralist\u00eb jan\u00eb kategoria m\u00eb e ve\u00e7ant\u00eb e k\u00ebtij populli. N\u00eb k\u00ebto dy dekada nuk mbahet mend ndonj\u00eb p\u00ebrfaq\u00ebsues i k\u00ebsaj shtrese, q\u00eb t\u00eb ket\u00eb paraqitur standarde europiane. Shembulli m\u00eb tipik \u00ebsht\u00eb vet\u00eb kriza financiare globale. N\u00eb shumic\u00ebn e vendeve t\u00eb BE-s\u00eb, qeveritar\u00ebt pranuan se ekonomia ishte n\u00eb kriz\u00eb, por se po punohej dit\u00eb e nat\u00eb p\u00ebr t\u00eb dal\u00eb nga kriza. N\u00eb Shqip\u00ebri i ran\u00eb m\u00eb shkurt se Aleksandri i Madh n\u00eb rastin e nyjes gordiane. P\u00ebr nja dy-tre vite pas r\u00ebnies s\u00eb bank\u00ebs s\u00eb v\u00ebllez\u00ebrve Lehman, ata q\u00eb fituan zgjedhjet e 2009 parrullosnin se nuk qem\u00eb prekur nga kriza. Vet\u00ebm s\u00eb fundmi, kur edhe n\u00eb kryeqendra t\u00eb dy gishtave lart si Kruja p\u00ebd\u00ebist\u00ebt fanatik\u00eb po ul\u00ebrijn\u00eb nga skamja, qeveritar\u00ebt po flasin se jemi prekur pak, lehtsh\u00ebm apo t\u00ebrthorazi nga efektet e saj dhe jo nga vet\u00eb zonja kriz\u00eb. N\u00ebse k\u00ebt\u00eb loj\u00eb fjal\u00ebsh me q\u00ebllime mashtruese do ta b\u00ebnte nj\u00eb politikan n\u00eb ato vendet e BE-s\u00eb, fillimisht do t\u00eb reagonte shtypi, m\u00eb pas sondazhet dhe n\u00eb fund populli: gjith\u00e7ka, p\u00ebrfshir\u00eb edhe dor\u00ebheqjen e mundshme, do t\u00eb ndodhte brenda disa dit\u00ebsh, se kat\u00ebrminut\u00ebshi me rehabilitim pas zgjedhjeve \u00ebsht\u00eb standard unik i k\u00ebtyre tan\u00ebve.<\/p>\n<p>Kjo specie, q\u00eb \u00ebsht\u00eb sot apo q\u00eb ishte dje n\u00eb qeveri, nuk mund t\u00eb ket\u00eb interes p\u00ebr ta integruar vendin n\u00eb Bashkimin Europian. Jo se nuk i duan fondet financiare t\u00eb BE-s\u00eb p\u00ebr zonat e varf\u00ebra, sepse k\u00ebto jan\u00eb nj\u00eb mund\u00ebsi e mir\u00eb p\u00ebr zgrrapje nj\u00eblloj si ndihmat p\u00ebr t\u00eb p\u00ebrmbyturit e Shkodr\u00ebs. Jo se u prishet gjumi nat\u00ebn p\u00ebr prodhuesit e shkret\u00eb, q\u00eb do t\u00eb falimentojn\u00eb nga konkurrenca m\u00eb e fort\u00eb e mallrave europiane. Thjesht nuk duan q\u00eb veprimet e tyre ligjore dhe sidomos anti-ligjore t\u00eb vihen n\u00ebn kontrollin e rrept\u00eb t\u00eb institucioneve europiane. K\u00ebto t\u00eb fundit nuk b\u00ebjn\u00eb asnj\u00eb tolerim kur b\u00ebhet fjal\u00eb p\u00ebr shkelje t\u00eb traktateve themeluese t\u00eb BE-s\u00eb, prandaj do t\u00eb demaskoheshin mashtrimet e shifrave (si\u00e7 i ndodhi Greqis\u00eb) dhe nuk do t\u00eb lejohej aprovimi i ligjeve n\u00eb thelb kund\u00ebr dinjitetit qytetar e profesional. P\u00ebrve\u00e7 k\u00ebtyre, integrimi i Shqip\u00ebris\u00eb n\u00eb BE do t\u2019i sh\u00ebrbente shqiptar\u00ebve p\u00ebr t\u00eb hapur edhe m\u00eb tep\u00ebr syt\u00eb, p\u00ebr t\u00eb kuptuar m\u00eb shum\u00eb se \u00e7far\u00eb \u00ebsht\u00eb demokracia, shteti ligjor dhe sidomos politika e b\u00ebr\u00eb ashtu si duhet.<\/p>\n<p>Ata do t\u00eb punonin m\u00eb shum\u00eb, do t\u00eb arsimoheshin m\u00eb mir\u00eb dhe n\u00eb fund do t\u00eb ktheheshin n\u00eb shumic\u00eb t\u00eb qytet\u00ebruar e me vet\u00ebdije qytetetare. E gjendur p\u00ebrball\u00eb nj\u00eb shumice, q\u00eb di ta b\u00ebj\u00eb diferenc\u00ebn midis mallit cil\u00ebsor dhe atij t\u00eb skaduar, kjo specie politike do t\u00eb shkonte dal\u00ebngadal\u00eb drejt zhdukjes p\u00ebrfundimtare, p\u00ebr t\u00eb mbetur n\u00eb librat e historis\u00eb si shembulli i asaj q\u00eb nuk duhet b\u00ebr\u00eb, i atyre q\u00eb nuk duhen zgjedhur dhe i asaj q\u00eb duhet nd\u00ebshkuar jo thjesht me vot\u00eb. Kjo specie do t\u00eb arrij\u00eb k\u00ebshtu t\u2019i b\u00ebj\u00eb t\u00eb pakt\u00ebn nj\u00eb sh\u00ebrbim k\u00ebtij kombi: pas nj\u00eb milion vitesh, pasardh\u00ebsit tan\u00eb do t\u2019u gjejn\u00eb fosilet e ngurt\u00ebsuara n\u00eb turp e harres\u00eb dhe do t\u2019i studiojn\u00eb n\u00ebp\u00ebr laboratore, q\u00eb t\u00eb kuptojn\u00eb si, qysh, tek.<\/p>\n","protected":false},"excerpt":{"rendered":"<p>Nga Alban SEJDINI Mbi 90 p\u00ebrqind e banor\u00ebve t\u00eb k\u00ebtij vendi p\u00ebrgjigjen n\u00ebp\u00ebr sondazhe, se d\u00ebshirojn\u00eb ta shikojn\u00eb Shqip\u00ebrin\u00eb t\u00eb integruar n\u00eb Bashkimin Europian. N\u00eb k\u00ebto shifra, q\u00eb politikan\u00ebt e vendeve an\u00ebtare t\u00eb BE-s\u00eb nuk i shikojn\u00eb as n\u00eb \u00ebndrrat e m\u00ebngjesit t\u00eb s\u00eb diel\u00ebs, p\u00ebrfshihen shumica e n\u00ebnshtetasve p\u00ebrve\u00e7 atyre, q\u00eb v\u00ebrtet i njohin [&hellip;]<\/p>\n","protected":false},"author":1,"featured_media":0,"comment_status":"open","ping_status":"closed","sticky":false,"template":"","format":"standard","meta":{"footnotes":""},"categories":[2],"tags":[],"class_list":{"0":"post-11736","1":"post","2":"type-post","3":"status-publish","4":"format-standard","6":"category-artikuj"},"yoast_head":"<!-- This site is optimized with the Yoast SEO plugin v27.4 - https:\/\/yoast.com\/product\/yoast-seo-wordpress\/ -->\n<title>Hipokrizia politike e integrimit europian - FjALA e LIR\u00cb - Arkivi<\/title>\n<meta name=\"robots\" content=\"index, follow, max-snippet:-1, max-image-preview:large, max-video-preview:-1\" \/>\n<link rel=\"canonical\" href=\"https:\/\/fjala.info\/2009-2015\/hipokrizia-politike-e-integrimit-europian\/\" \/>\n<meta property=\"og:locale\" content=\"sq_AL\" \/>\n<meta property=\"og:type\" content=\"article\" \/>\n<meta property=\"og:title\" content=\"Hipokrizia politike e integrimit europian - FjALA e LIR\u00cb - Arkivi\" \/>\n<meta property=\"og:description\" content=\"Nga Alban SEJDINI Mbi 90 p\u00ebrqind e banor\u00ebve t\u00eb k\u00ebtij vendi p\u00ebrgjigjen n\u00ebp\u00ebr sondazhe, se d\u00ebshirojn\u00eb ta shikojn\u00eb Shqip\u00ebrin\u00eb t\u00eb integruar n\u00eb Bashkimin Europian. N\u00eb k\u00ebto shifra, q\u00eb politikan\u00ebt e vendeve an\u00ebtare t\u00eb BE-s\u00eb nuk i shikojn\u00eb as n\u00eb \u00ebndrrat e m\u00ebngjesit t\u00eb s\u00eb diel\u00ebs, p\u00ebrfshihen shumica e n\u00ebnshtetasve p\u00ebrve\u00e7 atyre, q\u00eb v\u00ebrtet i njohin [&hellip;]\" \/>\n<meta property=\"og:url\" content=\"https:\/\/fjala.info\/2009-2015\/hipokrizia-politike-e-integrimit-europian\/\" \/>\n<meta property=\"og:site_name\" content=\"FjALA e LIR\u00cb - Arkivi\" \/>\n<meta property=\"article:published_time\" content=\"2012-03-11T23:40:45+00:00\" \/>\n<meta name=\"author\" content=\"admin\" \/>\n<meta name=\"twitter:card\" content=\"summary_large_image\" \/>\n<meta name=\"twitter:label1\" content=\"Written by\" \/>\n\t<meta name=\"twitter:data1\" content=\"admin\" \/>\n\t<meta name=\"twitter:label2\" content=\"Est. reading time\" \/>\n\t<meta name=\"twitter:data2\" content=\"6 minutes\" \/>\n<script type=\"application\/ld+json\" class=\"yoast-schema-graph\">{\"@context\":\"https:\\\/\\\/schema.org\",\"@graph\":[{\"@type\":\"Article\",\"@id\":\"https:\\\/\\\/fjala.info\\\/2009-2015\\\/hipokrizia-politike-e-integrimit-europian\\\/#article\",\"isPartOf\":{\"@id\":\"https:\\\/\\\/fjala.info\\\/2009-2015\\\/hipokrizia-politike-e-integrimit-europian\\\/\"},\"author\":{\"name\":\"admin\",\"@id\":\"https:\\\/\\\/fjala.info\\\/2009-2015\\\/#\\\/schema\\\/person\\\/3aa1163ef05469c496fc94e77611ada2\"},\"headline\":\"Hipokrizia politike e integrimit europian\",\"datePublished\":\"2012-03-11T23:40:45+00:00\",\"mainEntityOfPage\":{\"@id\":\"https:\\\/\\\/fjala.info\\\/2009-2015\\\/hipokrizia-politike-e-integrimit-europian\\\/\"},\"wordCount\":1230,\"commentCount\":0,\"publisher\":{\"@id\":\"https:\\\/\\\/fjala.info\\\/2009-2015\\\/#organization\"},\"articleSection\":[\"Artikuj\"],\"inLanguage\":\"sq-AL\",\"potentialAction\":[{\"@type\":\"CommentAction\",\"name\":\"Comment\",\"target\":[\"https:\\\/\\\/fjala.info\\\/2009-2015\\\/hipokrizia-politike-e-integrimit-europian\\\/#respond\"]}]},{\"@type\":\"WebPage\",\"@id\":\"https:\\\/\\\/fjala.info\\\/2009-2015\\\/hipokrizia-politike-e-integrimit-europian\\\/\",\"url\":\"https:\\\/\\\/fjala.info\\\/2009-2015\\\/hipokrizia-politike-e-integrimit-europian\\\/\",\"name\":\"Hipokrizia politike e integrimit europian - FjALA e LIR\u00cb - Arkivi\",\"isPartOf\":{\"@id\":\"https:\\\/\\\/fjala.info\\\/2009-2015\\\/#website\"},\"datePublished\":\"2012-03-11T23:40:45+00:00\",\"breadcrumb\":{\"@id\":\"https:\\\/\\\/fjala.info\\\/2009-2015\\\/hipokrizia-politike-e-integrimit-europian\\\/#breadcrumb\"},\"inLanguage\":\"sq-AL\",\"potentialAction\":[{\"@type\":\"ReadAction\",\"target\":[\"https:\\\/\\\/fjala.info\\\/2009-2015\\\/hipokrizia-politike-e-integrimit-europian\\\/\"]}]},{\"@type\":\"BreadcrumbList\",\"@id\":\"https:\\\/\\\/fjala.info\\\/2009-2015\\\/hipokrizia-politike-e-integrimit-europian\\\/#breadcrumb\",\"itemListElement\":[{\"@type\":\"ListItem\",\"position\":1,\"name\":\"Home\",\"item\":\"https:\\\/\\\/fjala.info\\\/2009-2015\\\/\"},{\"@type\":\"ListItem\",\"position\":2,\"name\":\"Hipokrizia politike e integrimit europian\"}]},{\"@type\":\"WebSite\",\"@id\":\"https:\\\/\\\/fjala.info\\\/2009-2015\\\/#website\",\"url\":\"https:\\\/\\\/fjala.info\\\/2009-2015\\\/\",\"name\":\"FjALA e LIR\u00cb - Arkivi\",\"description\":\"Arkivi 2009-2015\",\"publisher\":{\"@id\":\"https:\\\/\\\/fjala.info\\\/2009-2015\\\/#organization\"},\"potentialAction\":[{\"@type\":\"SearchAction\",\"target\":{\"@type\":\"EntryPoint\",\"urlTemplate\":\"https:\\\/\\\/fjala.info\\\/2009-2015\\\/?s={search_term_string}\"},\"query-input\":{\"@type\":\"PropertyValueSpecification\",\"valueRequired\":true,\"valueName\":\"search_term_string\"}}],\"inLanguage\":\"sq-AL\"},{\"@type\":\"Organization\",\"@id\":\"https:\\\/\\\/fjala.info\\\/2009-2015\\\/#organization\",\"name\":\"FjALA e LIR\u00cb - Arkivi\",\"url\":\"https:\\\/\\\/fjala.info\\\/2009-2015\\\/\",\"logo\":{\"@type\":\"ImageObject\",\"inLanguage\":\"sq-AL\",\"@id\":\"https:\\\/\\\/fjala.info\\\/2009-2015\\\/#\\\/schema\\\/logo\\\/image\\\/\",\"url\":\"\",\"contentUrl\":\"\",\"caption\":\"FjALA e LIR\u00cb - Arkivi\"},\"image\":{\"@id\":\"https:\\\/\\\/fjala.info\\\/2009-2015\\\/#\\\/schema\\\/logo\\\/image\\\/\"}},{\"@type\":\"Person\",\"@id\":\"https:\\\/\\\/fjala.info\\\/2009-2015\\\/#\\\/schema\\\/person\\\/3aa1163ef05469c496fc94e77611ada2\",\"name\":\"admin\",\"image\":{\"@type\":\"ImageObject\",\"inLanguage\":\"sq-AL\",\"@id\":\"https:\\\/\\\/fjala.info\\\/2009-2015\\\/wp-content\\\/uploads\\\/2012\\\/02\\\/arben_cokaj-120x150.jpg\",\"url\":\"https:\\\/\\\/fjala.info\\\/2009-2015\\\/wp-content\\\/uploads\\\/2012\\\/02\\\/arben_cokaj-120x150.jpg\",\"contentUrl\":\"https:\\\/\\\/fjala.info\\\/2009-2015\\\/wp-content\\\/uploads\\\/2012\\\/02\\\/arben_cokaj-120x150.jpg\",\"caption\":\"admin\"},\"description\":\"Admin, Fjala e Lir\u00eb\",\"sameAs\":[\"https:\\\/\\\/fjala.info\\\/\"],\"url\":\"https:\\\/\\\/fjala.info\\\/2009-2015\\\/author\\\/admin\\\/\"}]}<\/script>\n<!-- \/ Yoast SEO plugin. -->","yoast_head_json":{"title":"Hipokrizia politike e integrimit europian - FjALA e LIR\u00cb - Arkivi","robots":{"index":"index","follow":"follow","max-snippet":"max-snippet:-1","max-image-preview":"max-image-preview:large","max-video-preview":"max-video-preview:-1"},"canonical":"https:\/\/fjala.info\/2009-2015\/hipokrizia-politike-e-integrimit-europian\/","og_locale":"sq_AL","og_type":"article","og_title":"Hipokrizia politike e integrimit europian - FjALA e LIR\u00cb - Arkivi","og_description":"Nga Alban SEJDINI Mbi 90 p\u00ebrqind e banor\u00ebve t\u00eb k\u00ebtij vendi p\u00ebrgjigjen n\u00ebp\u00ebr sondazhe, se d\u00ebshirojn\u00eb ta shikojn\u00eb Shqip\u00ebrin\u00eb t\u00eb integruar n\u00eb Bashkimin Europian. N\u00eb k\u00ebto shifra, q\u00eb politikan\u00ebt e vendeve an\u00ebtare t\u00eb BE-s\u00eb nuk i shikojn\u00eb as n\u00eb \u00ebndrrat e m\u00ebngjesit t\u00eb s\u00eb diel\u00ebs, p\u00ebrfshihen shumica e n\u00ebnshtetasve p\u00ebrve\u00e7 atyre, q\u00eb v\u00ebrtet i njohin [&hellip;]","og_url":"https:\/\/fjala.info\/2009-2015\/hipokrizia-politike-e-integrimit-europian\/","og_site_name":"FjALA e LIR\u00cb - Arkivi","article_published_time":"2012-03-11T23:40:45+00:00","author":"admin","twitter_card":"summary_large_image","twitter_misc":{"Written by":"admin","Est. reading time":"6 minutes"},"schema":{"@context":"https:\/\/schema.org","@graph":[{"@type":"Article","@id":"https:\/\/fjala.info\/2009-2015\/hipokrizia-politike-e-integrimit-europian\/#article","isPartOf":{"@id":"https:\/\/fjala.info\/2009-2015\/hipokrizia-politike-e-integrimit-europian\/"},"author":{"name":"admin","@id":"https:\/\/fjala.info\/2009-2015\/#\/schema\/person\/3aa1163ef05469c496fc94e77611ada2"},"headline":"Hipokrizia politike e integrimit europian","datePublished":"2012-03-11T23:40:45+00:00","mainEntityOfPage":{"@id":"https:\/\/fjala.info\/2009-2015\/hipokrizia-politike-e-integrimit-europian\/"},"wordCount":1230,"commentCount":0,"publisher":{"@id":"https:\/\/fjala.info\/2009-2015\/#organization"},"articleSection":["Artikuj"],"inLanguage":"sq-AL","potentialAction":[{"@type":"CommentAction","name":"Comment","target":["https:\/\/fjala.info\/2009-2015\/hipokrizia-politike-e-integrimit-europian\/#respond"]}]},{"@type":"WebPage","@id":"https:\/\/fjala.info\/2009-2015\/hipokrizia-politike-e-integrimit-europian\/","url":"https:\/\/fjala.info\/2009-2015\/hipokrizia-politike-e-integrimit-europian\/","name":"Hipokrizia politike e integrimit europian - FjALA e LIR\u00cb - Arkivi","isPartOf":{"@id":"https:\/\/fjala.info\/2009-2015\/#website"},"datePublished":"2012-03-11T23:40:45+00:00","breadcrumb":{"@id":"https:\/\/fjala.info\/2009-2015\/hipokrizia-politike-e-integrimit-europian\/#breadcrumb"},"inLanguage":"sq-AL","potentialAction":[{"@type":"ReadAction","target":["https:\/\/fjala.info\/2009-2015\/hipokrizia-politike-e-integrimit-europian\/"]}]},{"@type":"BreadcrumbList","@id":"https:\/\/fjala.info\/2009-2015\/hipokrizia-politike-e-integrimit-europian\/#breadcrumb","itemListElement":[{"@type":"ListItem","position":1,"name":"Home","item":"https:\/\/fjala.info\/2009-2015\/"},{"@type":"ListItem","position":2,"name":"Hipokrizia politike e integrimit europian"}]},{"@type":"WebSite","@id":"https:\/\/fjala.info\/2009-2015\/#website","url":"https:\/\/fjala.info\/2009-2015\/","name":"FjALA e LIR\u00cb - Arkivi","description":"Arkivi 2009-2015","publisher":{"@id":"https:\/\/fjala.info\/2009-2015\/#organization"},"potentialAction":[{"@type":"SearchAction","target":{"@type":"EntryPoint","urlTemplate":"https:\/\/fjala.info\/2009-2015\/?s={search_term_string}"},"query-input":{"@type":"PropertyValueSpecification","valueRequired":true,"valueName":"search_term_string"}}],"inLanguage":"sq-AL"},{"@type":"Organization","@id":"https:\/\/fjala.info\/2009-2015\/#organization","name":"FjALA e LIR\u00cb - Arkivi","url":"https:\/\/fjala.info\/2009-2015\/","logo":{"@type":"ImageObject","inLanguage":"sq-AL","@id":"https:\/\/fjala.info\/2009-2015\/#\/schema\/logo\/image\/","url":"","contentUrl":"","caption":"FjALA e LIR\u00cb - Arkivi"},"image":{"@id":"https:\/\/fjala.info\/2009-2015\/#\/schema\/logo\/image\/"}},{"@type":"Person","@id":"https:\/\/fjala.info\/2009-2015\/#\/schema\/person\/3aa1163ef05469c496fc94e77611ada2","name":"admin","image":{"@type":"ImageObject","inLanguage":"sq-AL","@id":"https:\/\/fjala.info\/2009-2015\/wp-content\/uploads\/2012\/02\/arben_cokaj-120x150.jpg","url":"https:\/\/fjala.info\/2009-2015\/wp-content\/uploads\/2012\/02\/arben_cokaj-120x150.jpg","contentUrl":"https:\/\/fjala.info\/2009-2015\/wp-content\/uploads\/2012\/02\/arben_cokaj-120x150.jpg","caption":"admin"},"description":"Admin, Fjala e Lir\u00eb","sameAs":["https:\/\/fjala.info\/"],"url":"https:\/\/fjala.info\/2009-2015\/author\/admin\/"}]}},"_links":{"self":[{"href":"https:\/\/fjala.info\/2009-2015\/wp-json\/wp\/v2\/posts\/11736","targetHints":{"allow":["GET"]}}],"collection":[{"href":"https:\/\/fjala.info\/2009-2015\/wp-json\/wp\/v2\/posts"}],"about":[{"href":"https:\/\/fjala.info\/2009-2015\/wp-json\/wp\/v2\/types\/post"}],"author":[{"embeddable":true,"href":"https:\/\/fjala.info\/2009-2015\/wp-json\/wp\/v2\/users\/1"}],"replies":[{"embeddable":true,"href":"https:\/\/fjala.info\/2009-2015\/wp-json\/wp\/v2\/comments?post=11736"}],"version-history":[{"count":0,"href":"https:\/\/fjala.info\/2009-2015\/wp-json\/wp\/v2\/posts\/11736\/revisions"}],"wp:attachment":[{"href":"https:\/\/fjala.info\/2009-2015\/wp-json\/wp\/v2\/media?parent=11736"}],"wp:term":[{"taxonomy":"category","embeddable":true,"href":"https:\/\/fjala.info\/2009-2015\/wp-json\/wp\/v2\/categories?post=11736"},{"taxonomy":"post_tag","embeddable":true,"href":"https:\/\/fjala.info\/2009-2015\/wp-json\/wp\/v2\/tags?post=11736"}],"curies":[{"name":"wp","href":"https:\/\/api.w.org\/{rel}","templated":true}]}}