{"id":11735,"date":"2012-03-11T22:17:31","date_gmt":"2012-03-11T21:17:31","guid":{"rendered":"http:\/\/fjala.shkoder.net\/?p=2131"},"modified":"2012-03-11T22:17:31","modified_gmt":"2012-03-11T21:17:31","slug":"perleshje-me-kujtesen-kolektive","status":"publish","type":"post","link":"https:\/\/fjala.info\/2009-2015\/perleshje-me-kujtesen-kolektive\/","title":{"rendered":"P\u00ebrleshje me kujtes\u00ebn kolektive"},"content":{"rendered":"<p><img decoding=\"async\" class=\"alignleft size-thumbnail wp-image-7236\" title=\"Ilir Yzeiri\" src=\"http:\/\/www.shkoder.net\/images\/fjala\/ilir_yzeiri.jpg\" alt=\"\" width=\"150\" \/> <strong>Ilir Yzeiri<\/strong><\/p>\n<p>Viti i nj\u00ebqindt\u00eb i Pavar\u00ebsis\u00eb nuk po na sh\u00ebrben p\u00ebr t\u2019u shfaqur nj\u00eb shtet me dinjitet, nuk po na ndihmon q\u00eb t\u2019u tregojm\u00eb t\u00eb tjer\u00ebve se jemi nj\u00eb popull europian, me vlera, t\u00eb urt\u00eb e t\u00eb p\u00ebrkushtuar ndaj cil\u00ebsive m\u00eb t\u00eb qen\u00ebsishme t\u00eb njer\u00ebzimit si liria dhe respekti p\u00ebr tjetrin. P\u00ebrkundrazi, ky p\u00ebrvjetor po na ndihmon q\u00eb t\u00eb shfaqim edhe nj\u00ebher\u00eb cenet tona t\u00eb mbrapshta, deformimet q\u00eb kemi n\u00eb karakter e n\u00eb personalitet dhe k\u00ebshtu t\u00eb zhg\u00ebrryer n\u00eb llumin e emocioneve tona negative, k\u00ebt\u00eb p\u00ebrvjetor t\u00eb shenjt\u00eb po e shfryt\u00ebzojm\u00eb q\u00eb t\u00eb shfaqim para bot\u00ebs trupin ton\u00eb t\u00eb imt\u00eb e hollak, sherret pafund prej provincial\u00ebsh t\u00eb p\u00ebshtir\u00eb, grindje dhe kakarisje n\u00eb maj\u00eb t\u00eb plehut historik p\u00ebr t\u00eb treguar me gisht edhe sot pas nj\u00ebqind vjet\u00ebsh armiqt\u00eb brenda nesh, \u201ckriminel\u00ebt e historis\u00eb\u201d dhe, nga ana tjet\u00ebr, jemi t\u00eb detyruar t\u00eb shohim p\u00ebrdit\u00eb sorrat e bardha t\u00eb \u201cshp\u00ebtimit komb\u00ebtar\u201d q\u00eb shfaqen vend e pa vend e kuturu duke u llangosur n\u00eb llumin e urrejtjes e t\u00eb mallkimit historik.<\/p>\n<p>N\u00eb krye t\u00eb k\u00ebsaj maskarade q\u00ebndron nj\u00eb njeri i vet\u00ebm dhe ai \u00ebsht\u00eb p\u00ebr fatin ton\u00eb t\u00eb keq, kryeministri i k\u00ebtij vendi, Sali Berisha. Ai ka zgjedhur q\u00eb t\u00eb shkat\u00ebrroj\u00eb memorien kolektive, t\u00eb zhvendos\u00eb data e t\u00eb b\u00ebj\u00eb lesh e li memorien kolektive. Kongresit t\u00eb Lushnjes i nd\u00ebrroi dat\u00ebn, Kuvendit t\u00eb Lezh\u00ebs i vuri dat\u00ebn e manipuluesit m\u00eb t\u00eb madh t\u00eb historis\u00eb komb\u00ebtare, Biemit. Lezh\u00ebn e shfryt\u00ebzoi q\u00eb t\u00eb fyente e t\u00eb posht\u00ebronte institucionin e presidentit.<\/p>\n<p>Nga m\u00ebngjesi n\u00eb dark\u00eb nxjerr n\u00eb televizion sharlatan\u00eb q\u00eb lexojn\u00eb dacibao dhe pastaj merret vesh q\u00eb sharlatani i radh\u00ebs paska pasur baban\u00eb pjes\u00ebtar t\u00eb nj\u00eb toge pushkatimi. \u00c7irret nga m\u00ebngjesi n\u00eb dark\u00eb kund\u00ebr Edi Ram\u00ebs dhe ul\u00ebret se ai nuk mund t\u00eb marr\u00eb n\u00eb mbrojtje t\u00eb p\u00ebrndjekurit politik\u00eb, nd\u00ebrsa ne t\u00eb gjith\u00eb m\u00ebsojm\u00eb se nj\u00eb i burgosur politik me emrin Gjergj ka vendosur t\u00eb ngrej\u00eb grupin e posht\u00ebrimit t\u00eb ministrave t\u00eb k\u00ebsaj qeverie dhe se i posht\u00ebruari i radh\u00ebs do t\u00eb jet\u00eb nj\u00eb minist\u00ebr tjet\u00ebr. Nj\u00eb nga nip\u00ebrit e familjes s\u00eb nderuar Blloshmi e t\u00eb persekutuarve t\u00eb Librazhdit, Iliri, jep alarmin dhe i b\u00ebn apel k\u00ebtij njeriu q\u00eb t\u00eb ndal\u00eb retorik\u00ebn dhe t\u00eb shoh\u00eb varf\u00ebrin\u00eb, pra q\u00eb t\u00eb mos p\u00ebrdor\u00eb m\u00eb t\u00eb kaluar\u00ebn p\u00ebr t\u00eb fshehur krimet e reja t\u00eb tranzicionit q\u00eb mbajn\u00eb emrin e Sali Berish\u00ebs.<\/p>\n<p><strong>\u00c7far\u00eb po ndodh? <\/strong><\/p>\n<p>Pas Luft\u00ebs s\u00eb Dyt\u00eb Bot\u00ebrore, Evropa Per\u00ebndimore, p\u00ebrkat\u00ebsisht Gjermania, Italia e Japonia m\u00eb tej, ato q\u00eb kishin shkaktuar masakr\u00ebn m\u00eb t\u00eb madhe n\u00eb historin\u00eb e njer\u00ebzimit, nis\u00ebn epok\u00ebn e re t\u00eb ripajtimit bot\u00ebror dhe u distancuan nga e kaluara. Pasi u d\u00ebnua nazizmi e fashizmi si dhe bashk\u00ebpun\u00ebtor\u00ebt e tyre q\u00eb kishin marr\u00eb pjes\u00eb n\u00eb ekzekutimet e kund\u00ebrshtar\u00ebve politike, Evropa e mbylli kapitullin e s\u00eb shkuar\u00ebs dhe hodhi syt\u00eb p\u00ebrpara. Aksi i s\u00eb keqes, q\u00eb n\u00eb at\u00eb koh\u00eb p\u00ebrb\u00ebhej nga Gjermani, Italia e Japonia, u kthye m\u00eb pas n\u00eb promotor t\u00eb demokracis\u00eb, t\u00eb liris\u00eb e t\u00eb ekonomis\u00eb s\u00eb tregut. Rasti m\u00eb unikal ishte ai i Japonis\u00eb dhe SHBA-ve. Pas i hodhi dy bomba atomike Japonis\u00eb, k\u00ebto dy vende harruan t\u00eb shkuar\u00ebn, pra masakr\u00ebn e Pearl Harbor dhe Hiroshim\u00ebn dhe u b\u00ebn\u00eb aleat\u00ebt m\u00eb t\u00eb m\u00ebdhenj n\u00eb koh\u00ebn e Luft\u00ebs s\u00eb Ftoht\u00eb.<\/p>\n<p>N\u00eb an\u00eb tjet\u00ebr, kampi socialist me Bashkimin Sovjetik n\u00eb qend\u00ebr e ndaloi koh\u00ebn dhe fitoren e arritur gjat\u00eb Luft\u00ebs s\u00eb Dyt\u00eb Bot\u00ebrore e p\u00ebrdori si nj\u00eb monedh\u00eb shk\u00ebmbimi p\u00ebr t\u00eb bler\u00eb t\u00eb ardhmen. T\u00eb fiksuar t\u00eb lufta dhe t\u00eb fitorja, kampi socialist e projektoi t\u00eb ardhmen si nj\u00eb mund\u00ebsi p\u00ebr luft\u00eb t\u00eb vazhdueshme dhe jet\u00ebn shoq\u00ebrore e v\u00ebshtroi t\u00eb p\u00ebrthyer n\u00eb k\u00ebt\u00eb priz\u00ebm. Gjyqi historik q\u00eb zhvillohej n\u00ebn parimin se \u201cku ishe ti kur un\u00eb luftoja p\u00ebr Shqip\u00ebri\u201d u b\u00eb lajtmotiv edhe i jet\u00ebs shqiptare p\u00ebrreth 45 vjet. Ndalimi i koh\u00ebs pra dhe projektimi i s\u00eb ardhmes me imazhin e s\u00eb shkuar\u00ebs ishte karakteristik\u00eb p\u00ebr t\u00eb menduarin politik t\u00eb Shqip\u00ebris\u00eb komuniste.<\/p>\n<p>Ndaj lufta e klasave, ndarja e Shqip\u00ebris\u00eb n\u00eb ata q\u00eb e kishin b\u00ebr\u00eb Luft\u00ebn apo q\u00eb e kishin ndihmuar at\u00eb dhe n\u00eb t\u00eb tjer\u00eb q\u00eb nuk e kishin p\u00ebrkrahur at\u00eb, u b\u00eb vija q\u00eb ndau popullin shqiptar dhe hendeku nga ku kuaknin zhabat e urrejtjes. Pas r\u00ebnies s\u00eb komunizmit q\u00eb t\u00eb gjith\u00eb kemi \u00ebnd\u00ebrruar q\u00eb Shqip\u00ebria t\u00eb ndahej n\u00eb m\u00ebnyr\u00eb dinjitoze nga e kaluara. P\u00ebr k\u00ebt\u00eb q\u00eb t\u00eb gjith\u00eb kemi k\u00ebrkuar q\u00eb t\u00eb hapen dosjet sekrete t\u00eb diktatur\u00ebs dhe t\u00eb vihen ato n\u00eb dispozicion t\u00eb publikut. T\u00eb d\u00ebmshp\u00ebrblehen moralisht e materialisht t\u00eb gjith\u00eb ata q\u00eb u d\u00ebnuan padrejt\u00ebsisht nga diktatura.<\/p>\n<p>T\u00eb b\u00ebhet pra pajtimi komb\u00ebtar dhe e shkuara t\u00eb mos p\u00ebrdoret m\u00eb nga askush si kam\u00eb p\u00ebr t\u00eb vrar\u00eb t\u00eb ardhmen e f\u00ebmij\u00ebve tan\u00eb. Mir\u00ebpo jo vet\u00ebm q\u00eb kjo nuk u b\u00eb, por njeriu q\u00eb erdhi n\u00eb pushtet, kryeministri i sot\u00ebm Sali Berisha, e p\u00ebrdori t\u00eb shkuar\u00ebn komuniste p\u00ebr t\u00eb p\u00ebrzgjedhur aleat\u00ebt e tij q\u00eb do ta ndihmonin at\u00eb t\u00eb nd\u00ebrtonte regjimin hibrid t\u00eb p\u00ebrzierjes me anakronizma t\u00eb komunizmit dhe me autoritarizmin e banditit q\u00eb vjedh pasurin\u00eb publike. P\u00ebrs\u00ebri k\u00ebto dit\u00eb n\u00eb televizion dhe n\u00eb institucione t\u00eb tjera kan\u00eb nisur e po p\u00ebrdoren p\u00ebr q\u00ebllime krejt\u00ebsisht politike ngjarje t\u00eb kobshme si\u00e7 \u00ebsht\u00eb ajo e ambasad\u00ebs sovjetike.<\/p>\n<p>Ngjarja e ambasad\u00ebs sovjetike \u00ebsht\u00eb nj\u00eb nga shenjat m\u00eb makab\u00ebr t\u00eb regjimit komunist. P\u00ebr t\u00eb publicisti dhe historiani Uran Butka ka b\u00ebr\u00eb nj\u00eb pun\u00eb t\u00eb mrekullueshme. \u00cbsht\u00eb detyrim i shtetit shqiptar q\u00eb t\u00eb b\u00ebj\u00eb t\u00eb pamundur\u00ebn p\u00ebr rikuperimin moral e material t\u00eb k\u00ebtij krimi. Mir\u00ebpo un\u00eb nuk mund t\u00eb pranoj q\u00eb familjar\u00ebt fatkeq\u00eb t\u00eb k\u00ebtij krimi t\u00eb p\u00ebrdoren nga Jozefina Topalli e Sali Berisha, q\u00eb t\u00eb merren p\u00ebrdore e t\u00eb sh\u00ebtiten nga nj\u00ebra studio te tjetra n\u00eb m\u00ebnyr\u00eb q\u00eb Jozefina dhe Berisha t\u00eb formulojn\u00eb pastaj lumin e ndyr\u00eb t\u00eb akuzave pa baza ndaj kund\u00ebrshtar\u00ebve politik\u00eb. Sali Berisha i k\u00ebrkon Partis\u00eb Socialiste q\u00eb t\u00eb k\u00ebrkoj\u00eb falje.<\/p>\n<p>Natyrisht q\u00eb i mbetet partis\u00eb socialiste q\u00eb t\u00eb reflektoj\u00eb, nd\u00ebrsa un\u00eb dhe shum\u00eb t\u00eb tjer\u00eb si un\u00eb i k\u00ebrkojm\u00eb Sali Berish\u00ebs q\u00eb si an\u00ebtar i Partis\u00eb s\u00eb Pun\u00ebs t\u00eb k\u00ebrkoj\u00eb falje p\u00ebr krimet q\u00eb ka b\u00ebr\u00eb jo partia socialiste, por partia e pun\u00ebs s\u00eb Shqip\u00ebris\u00eb. Partia e Pun\u00ebs s\u00eb Shqip\u00ebris\u00eb ka sot p\u00ebrfaq\u00ebsuesin e saj n\u00eb krye t\u00eb vendit. Ky \u00ebsht\u00eb Sali Berisha. Me q\u00eb jemi te krimi i ambasad\u00ebs sovjetike le t\u00eb shtyhemi pak m\u00eb tej. Krimi i Ambasad\u00ebs sovjetike ndodhi n\u00eb vitin 1951, nd\u00ebrsa Sali Berisha u pranua n\u00eb Partin\u00eb e Pun\u00ebs nja dhjet\u00eb apo pes\u00ebmb\u00ebdhjet\u00eb vjet m\u00eb von\u00eb. Tani un\u00eb dua t\u00eb pyes cili duhet t\u00eb k\u00ebrkoj\u00eb falje p\u00ebr nj\u00eb krim t\u00eb kryer nga Partia e Pun\u00ebs, Edi Rama q\u00eb ka lindur n\u00eb vitet \u201960 apo Sali Berisha q\u00eb ka qen\u00eb an\u00ebtar dhe sekretar i Partis\u00eb s\u00eb Pun\u00ebs n\u00eb vitet \u201860-\u201970.<\/p>\n<p>N\u00eb em\u00ebr t\u00eb Partis\u00eb s\u00eb Pun\u00ebs \u00ebsht\u00eb n\u00eb nderin e Sali Berish\u00ebs q\u00eb t\u00eb k\u00ebrkoj\u00eb falje p\u00ebr krimin me bomb\u00ebn e ambasad\u00ebs sovjetike. P\u00ebrdorimi i s\u00eb shkuar\u00ebs komuniste p\u00ebr q\u00ebllime politike nga Sali Berisha rrezikon t\u00eb kthej\u00eb edhe nj\u00ebher\u00eb tjet\u00ebr fantazmat e urrejtjes civile. Meqen\u00ebse t\u00eb gjith\u00eb duhet t\u00eb kujtojm\u00eb krimet q\u00eb ka kryer e shkuara mbi ne edhe un\u00eb do t\u00eb nis t\u00eb k\u00ebrkoj shpagim ndaj nj\u00eb pinjolli t\u00eb kriminelit m\u00eb t\u00eb urryer t\u00eb t\u00eb gjitha koh\u00ebrave n\u00eb zon\u00ebn e Mallakastr\u00ebs q\u00eb ishte Isa Toska. Nj\u00eb pinjoll i k\u00ebsaj familjeje sot \u00ebsht\u00eb deputet dhe ai duhet ta dij\u00eb se gjyshi im bashk\u00eb me dhjet\u00eb burra t\u00eb tjer\u00eb \u00ebsht\u00eb pushkatuar n\u00eb fshatin Lapulec nga italian\u00ebt t\u00eb cil\u00ebt i udh\u00ebhiqte Isa Toska dhe ky kriminel ka shtir\u00eb mbi ta duke i vrar\u00eb pa asnj\u00eb faj, ashtu si\u00e7 b\u00ebri m\u00eb von\u00eb diktatura komuniste me t\u00eb pafajshmit e ambasad\u00ebs sovjetike.<\/p>\n<p>Para disa dit\u00ebsh Aurel Plasari, nj\u00eb nga intelektual\u00ebt e njohur, iu p\u00ebrgjigj nj\u00ebfar\u00eb studimtari me emrin \u00c7elo n\u00eb gazet\u00ebn Panorama pse ky far\u00eb studimtari kishte fyer kujtimin e babait t\u00eb Plasarit t\u00eb t\u00eb ndjerit Anastas Plasari. N\u00eb at\u00eb shkrim Plasari kujtonte se krimet e komunizmit nuk mund t\u00eb d\u00ebnohen duke rehabilituar kriminel\u00ebt q\u00eb vran\u00eb gjat\u00eb Luft\u00ebs. Me fjal\u00eb t\u00eb tjera spiralja ku k\u00ebrkon ta fus\u00eb Sali Berisha dhe Jozefina Topalli Shqip\u00ebrin\u00eb \u00ebsht\u00eb e rrezikshme dhe duket se k\u00ebrkon t\u00eb nxis\u00eb urrejtjen sociale dhe ndarjen n\u00eb \u201cne\u201d dhe \u201cata\u201d. Sali Berisha dhe ata q\u00eb i shkojn\u00eb pas ka zgjedhur q\u00eb t\u00eb fus\u00eb duart e t\u00eb b\u00ebj\u00eb \u00e7\u2019t\u00eb doj\u00eb me kujtes\u00ebn kolektive.<\/p>\n<p>Ai nuk i l\u00eb historian\u00ebt dhe specialist\u00ebt e tjer\u00eb q\u00eb t\u00eb rehabilitoj\u00eb kujtes\u00ebn e vrar\u00eb kolektive, por ka zhveshur shpat\u00ebn e urrejtjes dhe t\u00eb hakmarrjes. N\u00eb qoft\u00eb se Evropa sot k\u00ebrkon q\u00eb t\u00eb integrohemi n\u00eb familjen e popujve t\u00eb qytet\u00ebruar, ne, n\u00eb radh\u00eb t\u00eb par\u00eb, duhet t\u00eb aplikojm\u00eb kriteret e demokracive per\u00ebndimore. Kriteri num\u00ebr nj\u00eb \u00ebsht\u00eb ndarja me t\u00eb shkuar\u00ebn dhe ajo q\u00eb Lakan e quan \u201cvrasja e babait\u201d n\u00eb kuptimin e distancimit nga historia.<\/p>\n<p>N\u00eb asnj\u00eb vend t\u00eb bot\u00ebs nuk ndodh q\u00eb nj\u00eb kryeminist\u00ebr t\u00eb b\u00ebhet padron i memories kolektive aq m\u00eb pak nj\u00eb spikere parlamenti. N\u00eb asnj\u00eb vend t\u00eb bot\u00ebs nuk ndodh q\u00eb nj\u00eb makin\u00eb e t\u00ebr\u00eb propagandistike me n\u00eb krye Televizionin Publik t\u00eb b\u00ebhet lavatri\u00e7e gjigante p\u00ebr t\u00eb shp\u00eblar\u00eb trut\u00eb e njer\u00ebzve dhe p\u00ebr t\u00eb injektuar aty urrejtjen sociale.<\/p>\n<p>N\u00eb asnj\u00eb vend t\u00eb bot\u00ebs nuk ndodh q\u00eb selia e Kuvendit t\u00eb Shqip\u00ebris\u00eb t\u00eb p\u00ebrdoret si zyr\u00eb dizenjator\u00ebsh t\u00eb fermave apo kooperativave bujq\u00ebsore si\u00e7 e p\u00ebrdor at\u00eb Jozefina. N\u00eb qoft\u00eb se do t\u00eb vazhdohet k\u00ebshtu vendi rrezikon t\u00eb shkoj\u00eb drejt p\u00ebrplasjeve sociale t\u00eb paparashikueshme. N\u00ebse dikush do t\u00eb p\u00ebrdor\u00eb historin\u00eb p\u00ebr t\u00eb mposhtur kund\u00ebrshtarin, ai duhet ta dij\u00eb se po merr p\u00ebrsip\u00ebr nj\u00eb p\u00ebrgjegj\u00ebsi t\u00eb r\u00ebnd\u00eb.<\/p>\n","protected":false},"excerpt":{"rendered":"<p>Ilir Yzeiri Viti i nj\u00ebqindt\u00eb i Pavar\u00ebsis\u00eb nuk po na sh\u00ebrben p\u00ebr t\u2019u shfaqur nj\u00eb shtet me dinjitet, nuk po na ndihmon q\u00eb t\u2019u tregojm\u00eb t\u00eb tjer\u00ebve se jemi nj\u00eb popull europian, me vlera, t\u00eb urt\u00eb e t\u00eb p\u00ebrkushtuar ndaj cil\u00ebsive m\u00eb t\u00eb qen\u00ebsishme t\u00eb njer\u00ebzimit si liria dhe respekti p\u00ebr tjetrin. P\u00ebrkundrazi, ky p\u00ebrvjetor [&hellip;]<\/p>\n","protected":false},"author":1,"featured_media":0,"comment_status":"open","ping_status":"closed","sticky":false,"template":"","format":"standard","meta":{"footnotes":""},"categories":[2],"tags":[],"class_list":{"0":"post-11735","1":"post","2":"type-post","3":"status-publish","4":"format-standard","6":"category-artikuj"},"yoast_head":"<!-- This site is optimized with the Yoast SEO plugin v27.4 - https:\/\/yoast.com\/product\/yoast-seo-wordpress\/ -->\n<title>P\u00ebrleshje me kujtes\u00ebn kolektive - FjALA e LIR\u00cb - Arkivi<\/title>\n<meta name=\"robots\" content=\"index, follow, max-snippet:-1, max-image-preview:large, max-video-preview:-1\" \/>\n<link rel=\"canonical\" href=\"https:\/\/fjala.info\/2009-2015\/perleshje-me-kujtesen-kolektive\/\" \/>\n<meta property=\"og:locale\" content=\"sq_AL\" \/>\n<meta property=\"og:type\" content=\"article\" \/>\n<meta property=\"og:title\" content=\"P\u00ebrleshje me kujtes\u00ebn kolektive - FjALA e LIR\u00cb - Arkivi\" \/>\n<meta property=\"og:description\" content=\"Ilir Yzeiri Viti i nj\u00ebqindt\u00eb i Pavar\u00ebsis\u00eb nuk po na sh\u00ebrben p\u00ebr t\u2019u shfaqur nj\u00eb shtet me dinjitet, nuk po na ndihmon q\u00eb t\u2019u tregojm\u00eb t\u00eb tjer\u00ebve se jemi nj\u00eb popull europian, me vlera, t\u00eb urt\u00eb e t\u00eb p\u00ebrkushtuar ndaj cil\u00ebsive m\u00eb t\u00eb qen\u00ebsishme t\u00eb njer\u00ebzimit si liria dhe respekti p\u00ebr tjetrin. P\u00ebrkundrazi, ky p\u00ebrvjetor [&hellip;]\" \/>\n<meta property=\"og:url\" content=\"https:\/\/fjala.info\/2009-2015\/perleshje-me-kujtesen-kolektive\/\" \/>\n<meta property=\"og:site_name\" content=\"FjALA e LIR\u00cb - Arkivi\" \/>\n<meta property=\"article:published_time\" content=\"2012-03-11T21:17:31+00:00\" \/>\n<meta property=\"og:image\" content=\"http:\/\/www.shkoder.net\/images\/fjala\/ilir_yzeiri.jpg\" \/>\n<meta name=\"author\" content=\"admin\" \/>\n<meta name=\"twitter:card\" content=\"summary_large_image\" \/>\n<meta name=\"twitter:label1\" content=\"Written by\" \/>\n\t<meta name=\"twitter:data1\" content=\"admin\" \/>\n\t<meta name=\"twitter:label2\" content=\"Est. reading time\" \/>\n\t<meta name=\"twitter:data2\" content=\"9 minutes\" \/>\n<script type=\"application\/ld+json\" class=\"yoast-schema-graph\">{\"@context\":\"https:\\\/\\\/schema.org\",\"@graph\":[{\"@type\":\"Article\",\"@id\":\"https:\\\/\\\/fjala.info\\\/2009-2015\\\/perleshje-me-kujtesen-kolektive\\\/#article\",\"isPartOf\":{\"@id\":\"https:\\\/\\\/fjala.info\\\/2009-2015\\\/perleshje-me-kujtesen-kolektive\\\/\"},\"author\":{\"name\":\"admin\",\"@id\":\"https:\\\/\\\/fjala.info\\\/2009-2015\\\/#\\\/schema\\\/person\\\/3aa1163ef05469c496fc94e77611ada2\"},\"headline\":\"P\u00ebrleshje me kujtes\u00ebn kolektive\",\"datePublished\":\"2012-03-11T21:17:31+00:00\",\"mainEntityOfPage\":{\"@id\":\"https:\\\/\\\/fjala.info\\\/2009-2015\\\/perleshje-me-kujtesen-kolektive\\\/\"},\"wordCount\":1833,\"commentCount\":0,\"publisher\":{\"@id\":\"https:\\\/\\\/fjala.info\\\/2009-2015\\\/#organization\"},\"image\":{\"@id\":\"https:\\\/\\\/fjala.info\\\/2009-2015\\\/perleshje-me-kujtesen-kolektive\\\/#primaryimage\"},\"thumbnailUrl\":\"http:\\\/\\\/www.shkoder.net\\\/images\\\/fjala\\\/ilir_yzeiri.jpg\",\"articleSection\":[\"Artikuj\"],\"inLanguage\":\"sq-AL\",\"potentialAction\":[{\"@type\":\"CommentAction\",\"name\":\"Comment\",\"target\":[\"https:\\\/\\\/fjala.info\\\/2009-2015\\\/perleshje-me-kujtesen-kolektive\\\/#respond\"]}]},{\"@type\":\"WebPage\",\"@id\":\"https:\\\/\\\/fjala.info\\\/2009-2015\\\/perleshje-me-kujtesen-kolektive\\\/\",\"url\":\"https:\\\/\\\/fjala.info\\\/2009-2015\\\/perleshje-me-kujtesen-kolektive\\\/\",\"name\":\"P\u00ebrleshje me kujtes\u00ebn kolektive - FjALA e LIR\u00cb - Arkivi\",\"isPartOf\":{\"@id\":\"https:\\\/\\\/fjala.info\\\/2009-2015\\\/#website\"},\"primaryImageOfPage\":{\"@id\":\"https:\\\/\\\/fjala.info\\\/2009-2015\\\/perleshje-me-kujtesen-kolektive\\\/#primaryimage\"},\"image\":{\"@id\":\"https:\\\/\\\/fjala.info\\\/2009-2015\\\/perleshje-me-kujtesen-kolektive\\\/#primaryimage\"},\"thumbnailUrl\":\"http:\\\/\\\/www.shkoder.net\\\/images\\\/fjala\\\/ilir_yzeiri.jpg\",\"datePublished\":\"2012-03-11T21:17:31+00:00\",\"breadcrumb\":{\"@id\":\"https:\\\/\\\/fjala.info\\\/2009-2015\\\/perleshje-me-kujtesen-kolektive\\\/#breadcrumb\"},\"inLanguage\":\"sq-AL\",\"potentialAction\":[{\"@type\":\"ReadAction\",\"target\":[\"https:\\\/\\\/fjala.info\\\/2009-2015\\\/perleshje-me-kujtesen-kolektive\\\/\"]}]},{\"@type\":\"ImageObject\",\"inLanguage\":\"sq-AL\",\"@id\":\"https:\\\/\\\/fjala.info\\\/2009-2015\\\/perleshje-me-kujtesen-kolektive\\\/#primaryimage\",\"url\":\"http:\\\/\\\/www.shkoder.net\\\/images\\\/fjala\\\/ilir_yzeiri.jpg\",\"contentUrl\":\"http:\\\/\\\/www.shkoder.net\\\/images\\\/fjala\\\/ilir_yzeiri.jpg\"},{\"@type\":\"BreadcrumbList\",\"@id\":\"https:\\\/\\\/fjala.info\\\/2009-2015\\\/perleshje-me-kujtesen-kolektive\\\/#breadcrumb\",\"itemListElement\":[{\"@type\":\"ListItem\",\"position\":1,\"name\":\"Home\",\"item\":\"https:\\\/\\\/fjala.info\\\/2009-2015\\\/\"},{\"@type\":\"ListItem\",\"position\":2,\"name\":\"P\u00ebrleshje me kujtes\u00ebn kolektive\"}]},{\"@type\":\"WebSite\",\"@id\":\"https:\\\/\\\/fjala.info\\\/2009-2015\\\/#website\",\"url\":\"https:\\\/\\\/fjala.info\\\/2009-2015\\\/\",\"name\":\"FjALA e LIR\u00cb - Arkivi\",\"description\":\"Arkivi 2009-2015\",\"publisher\":{\"@id\":\"https:\\\/\\\/fjala.info\\\/2009-2015\\\/#organization\"},\"potentialAction\":[{\"@type\":\"SearchAction\",\"target\":{\"@type\":\"EntryPoint\",\"urlTemplate\":\"https:\\\/\\\/fjala.info\\\/2009-2015\\\/?s={search_term_string}\"},\"query-input\":{\"@type\":\"PropertyValueSpecification\",\"valueRequired\":true,\"valueName\":\"search_term_string\"}}],\"inLanguage\":\"sq-AL\"},{\"@type\":\"Organization\",\"@id\":\"https:\\\/\\\/fjala.info\\\/2009-2015\\\/#organization\",\"name\":\"FjALA e LIR\u00cb - Arkivi\",\"url\":\"https:\\\/\\\/fjala.info\\\/2009-2015\\\/\",\"logo\":{\"@type\":\"ImageObject\",\"inLanguage\":\"sq-AL\",\"@id\":\"https:\\\/\\\/fjala.info\\\/2009-2015\\\/#\\\/schema\\\/logo\\\/image\\\/\",\"url\":\"\",\"contentUrl\":\"\",\"caption\":\"FjALA e LIR\u00cb - Arkivi\"},\"image\":{\"@id\":\"https:\\\/\\\/fjala.info\\\/2009-2015\\\/#\\\/schema\\\/logo\\\/image\\\/\"}},{\"@type\":\"Person\",\"@id\":\"https:\\\/\\\/fjala.info\\\/2009-2015\\\/#\\\/schema\\\/person\\\/3aa1163ef05469c496fc94e77611ada2\",\"name\":\"admin\",\"image\":{\"@type\":\"ImageObject\",\"inLanguage\":\"sq-AL\",\"@id\":\"https:\\\/\\\/fjala.info\\\/2009-2015\\\/wp-content\\\/uploads\\\/2012\\\/02\\\/arben_cokaj-120x150.jpg\",\"url\":\"https:\\\/\\\/fjala.info\\\/2009-2015\\\/wp-content\\\/uploads\\\/2012\\\/02\\\/arben_cokaj-120x150.jpg\",\"contentUrl\":\"https:\\\/\\\/fjala.info\\\/2009-2015\\\/wp-content\\\/uploads\\\/2012\\\/02\\\/arben_cokaj-120x150.jpg\",\"caption\":\"admin\"},\"description\":\"Admin, Fjala e Lir\u00eb\",\"sameAs\":[\"https:\\\/\\\/fjala.info\\\/\"],\"url\":\"https:\\\/\\\/fjala.info\\\/2009-2015\\\/author\\\/admin\\\/\"}]}<\/script>\n<!-- \/ Yoast SEO plugin. -->","yoast_head_json":{"title":"P\u00ebrleshje me kujtes\u00ebn kolektive - FjALA e LIR\u00cb - Arkivi","robots":{"index":"index","follow":"follow","max-snippet":"max-snippet:-1","max-image-preview":"max-image-preview:large","max-video-preview":"max-video-preview:-1"},"canonical":"https:\/\/fjala.info\/2009-2015\/perleshje-me-kujtesen-kolektive\/","og_locale":"sq_AL","og_type":"article","og_title":"P\u00ebrleshje me kujtes\u00ebn kolektive - FjALA e LIR\u00cb - Arkivi","og_description":"Ilir Yzeiri Viti i nj\u00ebqindt\u00eb i Pavar\u00ebsis\u00eb nuk po na sh\u00ebrben p\u00ebr t\u2019u shfaqur nj\u00eb shtet me dinjitet, nuk po na ndihmon q\u00eb t\u2019u tregojm\u00eb t\u00eb tjer\u00ebve se jemi nj\u00eb popull europian, me vlera, t\u00eb urt\u00eb e t\u00eb p\u00ebrkushtuar ndaj cil\u00ebsive m\u00eb t\u00eb qen\u00ebsishme t\u00eb njer\u00ebzimit si liria dhe respekti p\u00ebr tjetrin. P\u00ebrkundrazi, ky p\u00ebrvjetor [&hellip;]","og_url":"https:\/\/fjala.info\/2009-2015\/perleshje-me-kujtesen-kolektive\/","og_site_name":"FjALA e LIR\u00cb - Arkivi","article_published_time":"2012-03-11T21:17:31+00:00","og_image":[{"url":"http:\/\/www.shkoder.net\/images\/fjala\/ilir_yzeiri.jpg","type":"","width":"","height":""}],"author":"admin","twitter_card":"summary_large_image","twitter_misc":{"Written by":"admin","Est. reading time":"9 minutes"},"schema":{"@context":"https:\/\/schema.org","@graph":[{"@type":"Article","@id":"https:\/\/fjala.info\/2009-2015\/perleshje-me-kujtesen-kolektive\/#article","isPartOf":{"@id":"https:\/\/fjala.info\/2009-2015\/perleshje-me-kujtesen-kolektive\/"},"author":{"name":"admin","@id":"https:\/\/fjala.info\/2009-2015\/#\/schema\/person\/3aa1163ef05469c496fc94e77611ada2"},"headline":"P\u00ebrleshje me kujtes\u00ebn kolektive","datePublished":"2012-03-11T21:17:31+00:00","mainEntityOfPage":{"@id":"https:\/\/fjala.info\/2009-2015\/perleshje-me-kujtesen-kolektive\/"},"wordCount":1833,"commentCount":0,"publisher":{"@id":"https:\/\/fjala.info\/2009-2015\/#organization"},"image":{"@id":"https:\/\/fjala.info\/2009-2015\/perleshje-me-kujtesen-kolektive\/#primaryimage"},"thumbnailUrl":"http:\/\/www.shkoder.net\/images\/fjala\/ilir_yzeiri.jpg","articleSection":["Artikuj"],"inLanguage":"sq-AL","potentialAction":[{"@type":"CommentAction","name":"Comment","target":["https:\/\/fjala.info\/2009-2015\/perleshje-me-kujtesen-kolektive\/#respond"]}]},{"@type":"WebPage","@id":"https:\/\/fjala.info\/2009-2015\/perleshje-me-kujtesen-kolektive\/","url":"https:\/\/fjala.info\/2009-2015\/perleshje-me-kujtesen-kolektive\/","name":"P\u00ebrleshje me kujtes\u00ebn kolektive - FjALA e LIR\u00cb - Arkivi","isPartOf":{"@id":"https:\/\/fjala.info\/2009-2015\/#website"},"primaryImageOfPage":{"@id":"https:\/\/fjala.info\/2009-2015\/perleshje-me-kujtesen-kolektive\/#primaryimage"},"image":{"@id":"https:\/\/fjala.info\/2009-2015\/perleshje-me-kujtesen-kolektive\/#primaryimage"},"thumbnailUrl":"http:\/\/www.shkoder.net\/images\/fjala\/ilir_yzeiri.jpg","datePublished":"2012-03-11T21:17:31+00:00","breadcrumb":{"@id":"https:\/\/fjala.info\/2009-2015\/perleshje-me-kujtesen-kolektive\/#breadcrumb"},"inLanguage":"sq-AL","potentialAction":[{"@type":"ReadAction","target":["https:\/\/fjala.info\/2009-2015\/perleshje-me-kujtesen-kolektive\/"]}]},{"@type":"ImageObject","inLanguage":"sq-AL","@id":"https:\/\/fjala.info\/2009-2015\/perleshje-me-kujtesen-kolektive\/#primaryimage","url":"http:\/\/www.shkoder.net\/images\/fjala\/ilir_yzeiri.jpg","contentUrl":"http:\/\/www.shkoder.net\/images\/fjala\/ilir_yzeiri.jpg"},{"@type":"BreadcrumbList","@id":"https:\/\/fjala.info\/2009-2015\/perleshje-me-kujtesen-kolektive\/#breadcrumb","itemListElement":[{"@type":"ListItem","position":1,"name":"Home","item":"https:\/\/fjala.info\/2009-2015\/"},{"@type":"ListItem","position":2,"name":"P\u00ebrleshje me kujtes\u00ebn kolektive"}]},{"@type":"WebSite","@id":"https:\/\/fjala.info\/2009-2015\/#website","url":"https:\/\/fjala.info\/2009-2015\/","name":"FjALA e LIR\u00cb - Arkivi","description":"Arkivi 2009-2015","publisher":{"@id":"https:\/\/fjala.info\/2009-2015\/#organization"},"potentialAction":[{"@type":"SearchAction","target":{"@type":"EntryPoint","urlTemplate":"https:\/\/fjala.info\/2009-2015\/?s={search_term_string}"},"query-input":{"@type":"PropertyValueSpecification","valueRequired":true,"valueName":"search_term_string"}}],"inLanguage":"sq-AL"},{"@type":"Organization","@id":"https:\/\/fjala.info\/2009-2015\/#organization","name":"FjALA e LIR\u00cb - Arkivi","url":"https:\/\/fjala.info\/2009-2015\/","logo":{"@type":"ImageObject","inLanguage":"sq-AL","@id":"https:\/\/fjala.info\/2009-2015\/#\/schema\/logo\/image\/","url":"","contentUrl":"","caption":"FjALA e LIR\u00cb - Arkivi"},"image":{"@id":"https:\/\/fjala.info\/2009-2015\/#\/schema\/logo\/image\/"}},{"@type":"Person","@id":"https:\/\/fjala.info\/2009-2015\/#\/schema\/person\/3aa1163ef05469c496fc94e77611ada2","name":"admin","image":{"@type":"ImageObject","inLanguage":"sq-AL","@id":"https:\/\/fjala.info\/2009-2015\/wp-content\/uploads\/2012\/02\/arben_cokaj-120x150.jpg","url":"https:\/\/fjala.info\/2009-2015\/wp-content\/uploads\/2012\/02\/arben_cokaj-120x150.jpg","contentUrl":"https:\/\/fjala.info\/2009-2015\/wp-content\/uploads\/2012\/02\/arben_cokaj-120x150.jpg","caption":"admin"},"description":"Admin, Fjala e Lir\u00eb","sameAs":["https:\/\/fjala.info\/"],"url":"https:\/\/fjala.info\/2009-2015\/author\/admin\/"}]}},"_links":{"self":[{"href":"https:\/\/fjala.info\/2009-2015\/wp-json\/wp\/v2\/posts\/11735","targetHints":{"allow":["GET"]}}],"collection":[{"href":"https:\/\/fjala.info\/2009-2015\/wp-json\/wp\/v2\/posts"}],"about":[{"href":"https:\/\/fjala.info\/2009-2015\/wp-json\/wp\/v2\/types\/post"}],"author":[{"embeddable":true,"href":"https:\/\/fjala.info\/2009-2015\/wp-json\/wp\/v2\/users\/1"}],"replies":[{"embeddable":true,"href":"https:\/\/fjala.info\/2009-2015\/wp-json\/wp\/v2\/comments?post=11735"}],"version-history":[{"count":0,"href":"https:\/\/fjala.info\/2009-2015\/wp-json\/wp\/v2\/posts\/11735\/revisions"}],"wp:attachment":[{"href":"https:\/\/fjala.info\/2009-2015\/wp-json\/wp\/v2\/media?parent=11735"}],"wp:term":[{"taxonomy":"category","embeddable":true,"href":"https:\/\/fjala.info\/2009-2015\/wp-json\/wp\/v2\/categories?post=11735"},{"taxonomy":"post_tag","embeddable":true,"href":"https:\/\/fjala.info\/2009-2015\/wp-json\/wp\/v2\/tags?post=11735"}],"curies":[{"name":"wp","href":"https:\/\/api.w.org\/{rel}","templated":true}]}}