{"id":11734,"date":"2012-03-11T22:05:31","date_gmt":"2012-03-11T21:05:31","guid":{"rendered":"http:\/\/fjala.shkoder.net\/?p=2127"},"modified":"2012-03-11T22:05:31","modified_gmt":"2012-03-11T21:05:31","slug":"dashuria-eshte-koha-dhe-hapesira-qe-te-ben-te-ndjeshem","status":"publish","type":"post","link":"https:\/\/fjala.info\/2009-2015\/dashuria-eshte-koha-dhe-hapesira-qe-te-ben-te-ndjeshem\/","title":{"rendered":"Dashuria \u00ebsht\u00eb koha dhe hap\u00ebsira q\u00eb t\u00eb b\u00ebn t\u00eb ndjesh\u00ebm"},"content":{"rendered":"<p><strong>Arjan Th. Kall\u00e7o<\/strong><\/p>\n<blockquote><p><em>Rekuiem dashurie<br \/>\nMilanoja jote, i dashur, m\u00eb kall frik\u00ebn<br \/>\nDhe m\u00eb trajton si m\u00ebrgimtare dhe t\u00eb d\u00ebbuar.<br \/>\nN\u00eb sht\u00ebpin\u00eb ton\u00eb \u00e7do gj\u00eb<br \/>\nM\u00eb sheh shtremb\u00ebr, si e ofenduar.<br \/>\n\u00c7do gj\u00eb t\u00eb th\u00ebrret, t\u00eb k\u00ebrkon<br \/>\nDhe m\u00eb l\u00eb k\u00ebshtu, t\u00eb vetme dhe t\u00eb frik\u00ebsuar.<br \/>\nDhe e gjith\u00eb koha d\u00ebshmon koh\u00ebn<br \/>\nE dhimbjes t\u00eb pandar\u00eb t\u00eb jet\u00ebs.<br \/>\nDhe n\u00eb t\u00eb gjith\u00eb koh\u00ebn gjej paqe koha<br \/>\nQ\u00eb t\u00eb ndodhem pran\u00eb, shpirt i plagosur. <\/em><\/p><\/blockquote>\n<p>Disa vjet m\u00eb par\u00eb, kur sapo ishim njohur me Dit\u00ebn Nd\u00ebrkomb\u00ebtare t\u00eb Poezis\u00eb tek shfletoja poet\u00eb dhe poezi, ndesha n\u00eb nj\u00eb sit q\u00eb fliste p\u00ebr nj\u00eb rrym\u00eb letrare q\u00eb kishte edhe poet\u00ebt e vet, Neorealizmin. Organizuam n\u00eb Universitet nj\u00eb takim me rastin e Fest\u00ebs s\u00eb Poezis\u00eb dhe t\u00eb gjith\u00eb autor\u00ebt m\u00eb t\u00eb njohur italian\u00eb t\u00eb k\u00ebsaj rryme, ishin pjes\u00eb e kremtimit t\u00eb asaj dite q\u00eb mbledh rreth tryezave poetike shum\u00eb poet\u00eb n\u00eb t\u00eb gjith\u00eb bot\u00ebn. Patricia Valduga \u00ebsht\u00eb nj\u00eb prej tyre q\u00eb me poezin\u00eb e saj ka t\u00ebrhequr v\u00ebmendjen e kritik\u00ebs italiane dhe sot \u00ebsht\u00eb nj\u00eb firm\u00eb e njohur jo vet\u00ebm p\u00ebr poezin\u00eb, por edhe si p\u00ebrkthyese. T\u00eb tjer\u00eb autor\u00eb jan\u00eb Patricia Kavali, Paolo Rufili, Umberto Piersanti, Masimo Rosi dhe q\u00eb disa prej tyre jan\u00eb tashm\u00eb t\u00eb njohur edhe tek ne.<br \/>\nPatrizia Valduga lindi n\u00eb vitin 1953 dhe \u00ebsht\u00eb nj\u00eb poete, p\u00ebrkthyese italiane. N\u00eb vitin 1988 themeloi revist\u00ebn mujore Poezia t\u00eb cil\u00ebn e drejtoi p\u00ebr nj\u00eb vit. Disa nga veprat jan\u00eb Tundimi 1985, Gruaja e dhimbjeve 1991, Rekuiem 1994, Korsia e t\u00eb pash\u00ebrueshm\u00ebve 1996 dhe Leksione dashurie 2004. \u00cbsht\u00eb edhe nj\u00eb p\u00ebrkthyese e zonja me veprat e autor\u00ebve John Donne, Moli\u00e8re, St\u00e9phane Mallarm\u00e9, Paul Val\u00e9ry, Tadeusz Kantor dhe s\u00eb fundi kolan\u00ebn Shkrimtar\u00eb t\u00eb p\u00ebrkthyer nga shkrimtar\u00eb Rikardi i III i Shekspirit. Aktualisht jeton n\u00eb Milano. Libri m\u00eb i ri mesa duket zgjoi p\u00ebrs\u00ebri interes dhe n\u00eb mediat italiane dol\u00ebn edhe re\u00e7ensionet e para q\u00eb i referohen pik\u00ebrisht volumit t\u00eb saj Libri i lavd\u00ebrimeve. Autorja dallohet mes poet\u00ebve bashk\u00ebkohor\u00eb p\u00ebr ve\u00e7antin\u00eb e k\u00ebrkimit t\u00eb saj gjuh\u00ebsor. Sipas nj\u00eb kritiku italian, Valduga e ka p\u00ebrvet\u00ebsuar kriz\u00ebn e gjuh\u00ebs s\u00eb poezis\u00eb moderne. Nuk \u00ebsht\u00eb nj\u00eb poet\u00eb n\u00eb kriz\u00eb, por nj\u00eb poete q\u00eb flet me kriz\u00ebn, duke e p\u00ebrdorur at\u00eb. Askush si ajo nuk e ka pranuar situat\u00ebn e pamund\u00ebsis\u00eb q\u00eb la fjala e Montales : jo sepse ishte e pamundur t\u00eb shpreheshe m\u00eb mir\u00eb, t\u00eb thoshe m\u00eb shum\u00eb, por sepse ishte e pamundur t\u00eb thoshe di\u00e7ka me ato fjal\u00eb.<br \/>\nTet\u00eb vjet nga vdekja e burrit \u201ce dashuron pafund\u00ebsisht at\u00eb, poetja e nd\u00ebrpret qet\u00ebsin\u00eb me nj\u00eb lib\u00ebr. \u201cMilanoja jote t\u00eb kall frik\u00ebn dhe m\u00eb trajton si m\u00ebrgimtare dhe t\u00eb d\u00ebbuar &#8211; rr\u00ebfehet Patricia Valduga &#8211; n\u00eb \u201cvargjet e v\u00ebrteta dhe t\u00eb gjalla q\u00eb ti t\u00eb jetosh\u201d dhe q\u00eb i shkroi gjat\u00eb dit\u00ebve t\u00eb fundit kur dergjej i s\u00ebmur\u00eb shoku i saj i jet\u00ebs dhe poeti, Xhovani Raboni, n\u00eb ver\u00ebn e vitit 2004. Kur u fik p\u00ebr pak koh\u00eb velloja e dhimbjes err\u00ebson t\u00eb dashur\u00ebn, duke e mbyllur n\u00eb nj\u00eb heshtje t\u00eb gjat\u00eb q\u00eb u thye her\u00ebn e par\u00eb me Libri i lavd\u00ebrimeve ku litanit\u00eb, t\u00eb gjorat , por t\u00eb mijat, u mboldh\u00ebn n\u00eb shenj\u00ebn e l\u00ebvdatave ndaj burrit pas nj\u00eb \u00e7erek shekulli bashk\u00eb. Patricia e re e njohu k\u00ebt\u00eb prift laik t\u00eb let\u00ebrsis\u00eb kur po studionte let\u00ebrsi n\u00eb Venecia pas tre vjet\u00ebsh mjek\u00ebsi. Vajz\u00eb q\u00eb ik\u00ebn larg nj\u00eb dit\u00eb nga qyteti i saj, nga babai q\u00eb nd\u00ebrroi jet\u00eb, i p\u00ebrjet\u00ebsuar tek Rekuiemi, dhe n\u00eb vitin 1981 \u00ebsht\u00eb tre vjet m\u00eb e madhe se vajza e madhe e poetit q\u00eb admironte aq shum\u00eb. Nga qyteti i saj n\u00eb Milano udh\u00ebton me makin\u00eb, por ka frik\u00eb, pasi do t\u2019ia jepte vargjet poetit q\u00eb t\u2019i lexonte. Raboni p\u00ebrkthente K\u00ebrkimi i Prustit dhe pas disa vitesh jep dor\u00ebheqjen nga Mondadori ku nuk dallon dot m\u00eb k\u00ebrkimin e vlerave letrare, duke p\u00ebrs\u00ebritur veprimin e mikut dhe poetit Vitorio Sereni. N\u00eb nj\u00eb qytet ku \u201c e keqja nuk q\u00ebndron tek sendet, dashuria bashkon gjith\u00e7ka\u201d, edhe v\u00ebshtir\u00ebsit\u00eb e dy t\u00eb dashuruarve, t\u00eb dy t\u00eb martuar, por edhe gabimet : d\u00ebshtova edhe me dhimbjen \/ duke p\u00ebrhapur shum\u00eb ankth p\u00ebr dashurin\u00eb\u201d. Intimiteti hapet, poezi pas poezie, n\u00eb nj\u00eb reflektim m\u00eb t\u00eb gjer\u00eb : sepse poezia \u00ebsht\u00eb nd\u00ebrtim jo i vetmuar, por kolektiv ku dashuria \u00ebsht\u00eb hap\u00ebsira dhe koha q\u00eb u b\u00ebn\u00eb t\u00eb ndjesh\u00ebm n\u00eb zem\u00ebr, sipas Prustit. P\u00ebr k\u00ebt\u00eb Grua me dhimbje, poezia \u00ebsht\u00eb si dashuria, nostalgji e t\u00eb padukshmes q\u00eb nuk duhet t\u00eb heq\u00eb dor\u00eb nga k\u00ebnaq\u00ebsia, fizike dhe letrare me an\u00eb t\u00eb 11 rrokshit dhe formave t\u00eb mbyllura, q\u00eb nga sonetet kur d\u00ebshironte t\u00eb joshte nj\u00eb profesor t\u00eb sajin n\u00eb universitet. Sot poetja e erotik\u00ebs dhe e ditur, Leksione dashurie t\u00eb nj\u00eb kohe, ruan kujtes\u00ebn e t\u00eb dashurit pafund\u00ebsisht t\u00eb dashur. Sa marr\u00ebzi shkrova n\u00eb vargjet e mia \/ p\u00ebr nat\u00ebn, seksin, dashurin\u00eb, thot\u00eb nj\u00eb pietas manxoniane e trash\u00ebguar nga ai me nj\u00eb ide t\u00eb shp\u00ebtimit q\u00eb vjen nga nj\u00eb pasion i p\u00ebrbashk\u00ebt. Dhe kur shkruan q\u00eb t\u00eb mund\u00eb frik\u00ebn e vdekjes, p\u00ebr nj\u00eb \u00e7ast, e b\u00ebn, duke folur p\u00ebr dashurin\u00eb, jo vet\u00ebm n\u00eb funksion t\u00eb kujtes\u00ebs, e kthyer n\u00eb jet\u00eb n\u00eb pjes\u00ebn e dyt\u00eb t\u00eb librit nga citimet e veprave t\u00eb Rabonit.<br \/>\nT\u00eb \u00e7uara d\u00ebm m\u00eb kot, rrahjet e zemr\u00ebs\u2026 pak r\u00ebnd\u00ebsi ka \/ n\u00ebse e k\u00ebnaqa \u00ebmb\u00eblsin\u00eb \/ nga jeta me ty \/ t\u00eb vdes, o jeta ime, pran\u00eb teje. \u00c7do gj\u00eb po t\u00eb th\u00ebrret, t\u00eb k\u00ebrkon \/ dhe m\u00eb l\u00eb k\u00ebshtu, t\u00eb vetme dhe t\u00eb frik\u00ebsuar. Poezia tashm\u00eb e ka p\u00ebrpunuar zin\u00eb, duke i fshir\u00eb lot\u00ebt n\u00eb faqet m\u00eb t\u00eb qarta dhe gjithmon\u00eb m\u00eb t\u00eb shndritshme, por e b\u00ebri q\u00eb t\u00eb zbulonte besimin e nj\u00eb dashurie m\u00eb t\u00eb fort\u00eb sesa lajmi i vdekjes s\u00eb Rabonit. Nuk mund t\u2019ia mbath m\u00eb nga vetja \/ m\u00eb gjen kudo drita jote e past\u00ebr.<\/p>\n","protected":false},"excerpt":{"rendered":"<p>Arjan Th. Kall\u00e7o Rekuiem dashurie Milanoja jote, i dashur, m\u00eb kall frik\u00ebn Dhe m\u00eb trajton si m\u00ebrgimtare dhe t\u00eb d\u00ebbuar. N\u00eb sht\u00ebpin\u00eb ton\u00eb \u00e7do gj\u00eb M\u00eb sheh shtremb\u00ebr, si e ofenduar. \u00c7do gj\u00eb t\u00eb th\u00ebrret, t\u00eb k\u00ebrkon Dhe m\u00eb l\u00eb k\u00ebshtu, t\u00eb vetme dhe t\u00eb frik\u00ebsuar. Dhe e gjith\u00eb koha d\u00ebshmon koh\u00ebn E dhimbjes t\u00eb [&hellip;]<\/p>\n","protected":false},"author":1,"featured_media":0,"comment_status":"open","ping_status":"closed","sticky":false,"template":"","format":"standard","meta":{"footnotes":""},"categories":[2],"tags":[],"class_list":{"0":"post-11734","1":"post","2":"type-post","3":"status-publish","4":"format-standard","6":"category-artikuj"},"yoast_head":"<!-- This site is optimized with the Yoast SEO plugin v27.4 - https:\/\/yoast.com\/product\/yoast-seo-wordpress\/ -->\n<title>Dashuria \u00ebsht\u00eb koha dhe hap\u00ebsira q\u00eb t\u00eb b\u00ebn t\u00eb ndjesh\u00ebm - FjALA e LIR\u00cb - Arkivi<\/title>\n<meta name=\"robots\" content=\"index, follow, max-snippet:-1, max-image-preview:large, max-video-preview:-1\" \/>\n<link rel=\"canonical\" href=\"https:\/\/fjala.info\/2009-2015\/dashuria-eshte-koha-dhe-hapesira-qe-te-ben-te-ndjeshem\/\" \/>\n<meta property=\"og:locale\" content=\"sq_AL\" \/>\n<meta property=\"og:type\" content=\"article\" \/>\n<meta property=\"og:title\" content=\"Dashuria \u00ebsht\u00eb koha dhe hap\u00ebsira q\u00eb t\u00eb b\u00ebn t\u00eb ndjesh\u00ebm - FjALA e LIR\u00cb - Arkivi\" \/>\n<meta property=\"og:description\" content=\"Arjan Th. Kall\u00e7o Rekuiem dashurie Milanoja jote, i dashur, m\u00eb kall frik\u00ebn Dhe m\u00eb trajton si m\u00ebrgimtare dhe t\u00eb d\u00ebbuar. N\u00eb sht\u00ebpin\u00eb ton\u00eb \u00e7do gj\u00eb M\u00eb sheh shtremb\u00ebr, si e ofenduar. \u00c7do gj\u00eb t\u00eb th\u00ebrret, t\u00eb k\u00ebrkon Dhe m\u00eb l\u00eb k\u00ebshtu, t\u00eb vetme dhe t\u00eb frik\u00ebsuar. Dhe e gjith\u00eb koha d\u00ebshmon koh\u00ebn E dhimbjes t\u00eb [&hellip;]\" \/>\n<meta property=\"og:url\" content=\"https:\/\/fjala.info\/2009-2015\/dashuria-eshte-koha-dhe-hapesira-qe-te-ben-te-ndjeshem\/\" \/>\n<meta property=\"og:site_name\" content=\"FjALA e LIR\u00cb - Arkivi\" \/>\n<meta property=\"article:published_time\" content=\"2012-03-11T21:05:31+00:00\" \/>\n<meta name=\"author\" content=\"admin\" \/>\n<meta name=\"twitter:card\" content=\"summary_large_image\" \/>\n<meta name=\"twitter:label1\" content=\"Written by\" \/>\n\t<meta name=\"twitter:data1\" content=\"admin\" \/>\n\t<meta name=\"twitter:label2\" content=\"Est. reading time\" \/>\n\t<meta name=\"twitter:data2\" content=\"5 minutes\" \/>\n<script type=\"application\/ld+json\" class=\"yoast-schema-graph\">{\"@context\":\"https:\\\/\\\/schema.org\",\"@graph\":[{\"@type\":\"Article\",\"@id\":\"https:\\\/\\\/fjala.info\\\/2009-2015\\\/dashuria-eshte-koha-dhe-hapesira-qe-te-ben-te-ndjeshem\\\/#article\",\"isPartOf\":{\"@id\":\"https:\\\/\\\/fjala.info\\\/2009-2015\\\/dashuria-eshte-koha-dhe-hapesira-qe-te-ben-te-ndjeshem\\\/\"},\"author\":{\"name\":\"admin\",\"@id\":\"https:\\\/\\\/fjala.info\\\/2009-2015\\\/#\\\/schema\\\/person\\\/3aa1163ef05469c496fc94e77611ada2\"},\"headline\":\"Dashuria \u00ebsht\u00eb koha dhe hap\u00ebsira q\u00eb t\u00eb b\u00ebn t\u00eb ndjesh\u00ebm\",\"datePublished\":\"2012-03-11T21:05:31+00:00\",\"mainEntityOfPage\":{\"@id\":\"https:\\\/\\\/fjala.info\\\/2009-2015\\\/dashuria-eshte-koha-dhe-hapesira-qe-te-ben-te-ndjeshem\\\/\"},\"wordCount\":1089,\"commentCount\":0,\"publisher\":{\"@id\":\"https:\\\/\\\/fjala.info\\\/2009-2015\\\/#organization\"},\"articleSection\":[\"Artikuj\"],\"inLanguage\":\"sq-AL\",\"potentialAction\":[{\"@type\":\"CommentAction\",\"name\":\"Comment\",\"target\":[\"https:\\\/\\\/fjala.info\\\/2009-2015\\\/dashuria-eshte-koha-dhe-hapesira-qe-te-ben-te-ndjeshem\\\/#respond\"]}]},{\"@type\":\"WebPage\",\"@id\":\"https:\\\/\\\/fjala.info\\\/2009-2015\\\/dashuria-eshte-koha-dhe-hapesira-qe-te-ben-te-ndjeshem\\\/\",\"url\":\"https:\\\/\\\/fjala.info\\\/2009-2015\\\/dashuria-eshte-koha-dhe-hapesira-qe-te-ben-te-ndjeshem\\\/\",\"name\":\"Dashuria \u00ebsht\u00eb koha dhe hap\u00ebsira q\u00eb t\u00eb b\u00ebn t\u00eb ndjesh\u00ebm - FjALA e LIR\u00cb - Arkivi\",\"isPartOf\":{\"@id\":\"https:\\\/\\\/fjala.info\\\/2009-2015\\\/#website\"},\"datePublished\":\"2012-03-11T21:05:31+00:00\",\"breadcrumb\":{\"@id\":\"https:\\\/\\\/fjala.info\\\/2009-2015\\\/dashuria-eshte-koha-dhe-hapesira-qe-te-ben-te-ndjeshem\\\/#breadcrumb\"},\"inLanguage\":\"sq-AL\",\"potentialAction\":[{\"@type\":\"ReadAction\",\"target\":[\"https:\\\/\\\/fjala.info\\\/2009-2015\\\/dashuria-eshte-koha-dhe-hapesira-qe-te-ben-te-ndjeshem\\\/\"]}]},{\"@type\":\"BreadcrumbList\",\"@id\":\"https:\\\/\\\/fjala.info\\\/2009-2015\\\/dashuria-eshte-koha-dhe-hapesira-qe-te-ben-te-ndjeshem\\\/#breadcrumb\",\"itemListElement\":[{\"@type\":\"ListItem\",\"position\":1,\"name\":\"Home\",\"item\":\"https:\\\/\\\/fjala.info\\\/2009-2015\\\/\"},{\"@type\":\"ListItem\",\"position\":2,\"name\":\"Dashuria \u00ebsht\u00eb koha dhe hap\u00ebsira q\u00eb t\u00eb b\u00ebn t\u00eb ndjesh\u00ebm\"}]},{\"@type\":\"WebSite\",\"@id\":\"https:\\\/\\\/fjala.info\\\/2009-2015\\\/#website\",\"url\":\"https:\\\/\\\/fjala.info\\\/2009-2015\\\/\",\"name\":\"FjALA e LIR\u00cb - Arkivi\",\"description\":\"Arkivi 2009-2015\",\"publisher\":{\"@id\":\"https:\\\/\\\/fjala.info\\\/2009-2015\\\/#organization\"},\"potentialAction\":[{\"@type\":\"SearchAction\",\"target\":{\"@type\":\"EntryPoint\",\"urlTemplate\":\"https:\\\/\\\/fjala.info\\\/2009-2015\\\/?s={search_term_string}\"},\"query-input\":{\"@type\":\"PropertyValueSpecification\",\"valueRequired\":true,\"valueName\":\"search_term_string\"}}],\"inLanguage\":\"sq-AL\"},{\"@type\":\"Organization\",\"@id\":\"https:\\\/\\\/fjala.info\\\/2009-2015\\\/#organization\",\"name\":\"FjALA e LIR\u00cb - Arkivi\",\"url\":\"https:\\\/\\\/fjala.info\\\/2009-2015\\\/\",\"logo\":{\"@type\":\"ImageObject\",\"inLanguage\":\"sq-AL\",\"@id\":\"https:\\\/\\\/fjala.info\\\/2009-2015\\\/#\\\/schema\\\/logo\\\/image\\\/\",\"url\":\"\",\"contentUrl\":\"\",\"caption\":\"FjALA e LIR\u00cb - Arkivi\"},\"image\":{\"@id\":\"https:\\\/\\\/fjala.info\\\/2009-2015\\\/#\\\/schema\\\/logo\\\/image\\\/\"}},{\"@type\":\"Person\",\"@id\":\"https:\\\/\\\/fjala.info\\\/2009-2015\\\/#\\\/schema\\\/person\\\/3aa1163ef05469c496fc94e77611ada2\",\"name\":\"admin\",\"image\":{\"@type\":\"ImageObject\",\"inLanguage\":\"sq-AL\",\"@id\":\"https:\\\/\\\/fjala.info\\\/2009-2015\\\/wp-content\\\/uploads\\\/2012\\\/02\\\/arben_cokaj-120x150.jpg\",\"url\":\"https:\\\/\\\/fjala.info\\\/2009-2015\\\/wp-content\\\/uploads\\\/2012\\\/02\\\/arben_cokaj-120x150.jpg\",\"contentUrl\":\"https:\\\/\\\/fjala.info\\\/2009-2015\\\/wp-content\\\/uploads\\\/2012\\\/02\\\/arben_cokaj-120x150.jpg\",\"caption\":\"admin\"},\"description\":\"Admin, Fjala e Lir\u00eb\",\"sameAs\":[\"https:\\\/\\\/fjala.info\\\/\"],\"url\":\"https:\\\/\\\/fjala.info\\\/2009-2015\\\/author\\\/admin\\\/\"}]}<\/script>\n<!-- \/ Yoast SEO plugin. -->","yoast_head_json":{"title":"Dashuria \u00ebsht\u00eb koha dhe hap\u00ebsira q\u00eb t\u00eb b\u00ebn t\u00eb ndjesh\u00ebm - FjALA e LIR\u00cb - Arkivi","robots":{"index":"index","follow":"follow","max-snippet":"max-snippet:-1","max-image-preview":"max-image-preview:large","max-video-preview":"max-video-preview:-1"},"canonical":"https:\/\/fjala.info\/2009-2015\/dashuria-eshte-koha-dhe-hapesira-qe-te-ben-te-ndjeshem\/","og_locale":"sq_AL","og_type":"article","og_title":"Dashuria \u00ebsht\u00eb koha dhe hap\u00ebsira q\u00eb t\u00eb b\u00ebn t\u00eb ndjesh\u00ebm - FjALA e LIR\u00cb - Arkivi","og_description":"Arjan Th. Kall\u00e7o Rekuiem dashurie Milanoja jote, i dashur, m\u00eb kall frik\u00ebn Dhe m\u00eb trajton si m\u00ebrgimtare dhe t\u00eb d\u00ebbuar. N\u00eb sht\u00ebpin\u00eb ton\u00eb \u00e7do gj\u00eb M\u00eb sheh shtremb\u00ebr, si e ofenduar. \u00c7do gj\u00eb t\u00eb th\u00ebrret, t\u00eb k\u00ebrkon Dhe m\u00eb l\u00eb k\u00ebshtu, t\u00eb vetme dhe t\u00eb frik\u00ebsuar. Dhe e gjith\u00eb koha d\u00ebshmon koh\u00ebn E dhimbjes t\u00eb [&hellip;]","og_url":"https:\/\/fjala.info\/2009-2015\/dashuria-eshte-koha-dhe-hapesira-qe-te-ben-te-ndjeshem\/","og_site_name":"FjALA e LIR\u00cb - Arkivi","article_published_time":"2012-03-11T21:05:31+00:00","author":"admin","twitter_card":"summary_large_image","twitter_misc":{"Written by":"admin","Est. reading time":"5 minutes"},"schema":{"@context":"https:\/\/schema.org","@graph":[{"@type":"Article","@id":"https:\/\/fjala.info\/2009-2015\/dashuria-eshte-koha-dhe-hapesira-qe-te-ben-te-ndjeshem\/#article","isPartOf":{"@id":"https:\/\/fjala.info\/2009-2015\/dashuria-eshte-koha-dhe-hapesira-qe-te-ben-te-ndjeshem\/"},"author":{"name":"admin","@id":"https:\/\/fjala.info\/2009-2015\/#\/schema\/person\/3aa1163ef05469c496fc94e77611ada2"},"headline":"Dashuria \u00ebsht\u00eb koha dhe hap\u00ebsira q\u00eb t\u00eb b\u00ebn t\u00eb ndjesh\u00ebm","datePublished":"2012-03-11T21:05:31+00:00","mainEntityOfPage":{"@id":"https:\/\/fjala.info\/2009-2015\/dashuria-eshte-koha-dhe-hapesira-qe-te-ben-te-ndjeshem\/"},"wordCount":1089,"commentCount":0,"publisher":{"@id":"https:\/\/fjala.info\/2009-2015\/#organization"},"articleSection":["Artikuj"],"inLanguage":"sq-AL","potentialAction":[{"@type":"CommentAction","name":"Comment","target":["https:\/\/fjala.info\/2009-2015\/dashuria-eshte-koha-dhe-hapesira-qe-te-ben-te-ndjeshem\/#respond"]}]},{"@type":"WebPage","@id":"https:\/\/fjala.info\/2009-2015\/dashuria-eshte-koha-dhe-hapesira-qe-te-ben-te-ndjeshem\/","url":"https:\/\/fjala.info\/2009-2015\/dashuria-eshte-koha-dhe-hapesira-qe-te-ben-te-ndjeshem\/","name":"Dashuria \u00ebsht\u00eb koha dhe hap\u00ebsira q\u00eb t\u00eb b\u00ebn t\u00eb ndjesh\u00ebm - FjALA e LIR\u00cb - Arkivi","isPartOf":{"@id":"https:\/\/fjala.info\/2009-2015\/#website"},"datePublished":"2012-03-11T21:05:31+00:00","breadcrumb":{"@id":"https:\/\/fjala.info\/2009-2015\/dashuria-eshte-koha-dhe-hapesira-qe-te-ben-te-ndjeshem\/#breadcrumb"},"inLanguage":"sq-AL","potentialAction":[{"@type":"ReadAction","target":["https:\/\/fjala.info\/2009-2015\/dashuria-eshte-koha-dhe-hapesira-qe-te-ben-te-ndjeshem\/"]}]},{"@type":"BreadcrumbList","@id":"https:\/\/fjala.info\/2009-2015\/dashuria-eshte-koha-dhe-hapesira-qe-te-ben-te-ndjeshem\/#breadcrumb","itemListElement":[{"@type":"ListItem","position":1,"name":"Home","item":"https:\/\/fjala.info\/2009-2015\/"},{"@type":"ListItem","position":2,"name":"Dashuria \u00ebsht\u00eb koha dhe hap\u00ebsira q\u00eb t\u00eb b\u00ebn t\u00eb ndjesh\u00ebm"}]},{"@type":"WebSite","@id":"https:\/\/fjala.info\/2009-2015\/#website","url":"https:\/\/fjala.info\/2009-2015\/","name":"FjALA e LIR\u00cb - Arkivi","description":"Arkivi 2009-2015","publisher":{"@id":"https:\/\/fjala.info\/2009-2015\/#organization"},"potentialAction":[{"@type":"SearchAction","target":{"@type":"EntryPoint","urlTemplate":"https:\/\/fjala.info\/2009-2015\/?s={search_term_string}"},"query-input":{"@type":"PropertyValueSpecification","valueRequired":true,"valueName":"search_term_string"}}],"inLanguage":"sq-AL"},{"@type":"Organization","@id":"https:\/\/fjala.info\/2009-2015\/#organization","name":"FjALA e LIR\u00cb - Arkivi","url":"https:\/\/fjala.info\/2009-2015\/","logo":{"@type":"ImageObject","inLanguage":"sq-AL","@id":"https:\/\/fjala.info\/2009-2015\/#\/schema\/logo\/image\/","url":"","contentUrl":"","caption":"FjALA e LIR\u00cb - Arkivi"},"image":{"@id":"https:\/\/fjala.info\/2009-2015\/#\/schema\/logo\/image\/"}},{"@type":"Person","@id":"https:\/\/fjala.info\/2009-2015\/#\/schema\/person\/3aa1163ef05469c496fc94e77611ada2","name":"admin","image":{"@type":"ImageObject","inLanguage":"sq-AL","@id":"https:\/\/fjala.info\/2009-2015\/wp-content\/uploads\/2012\/02\/arben_cokaj-120x150.jpg","url":"https:\/\/fjala.info\/2009-2015\/wp-content\/uploads\/2012\/02\/arben_cokaj-120x150.jpg","contentUrl":"https:\/\/fjala.info\/2009-2015\/wp-content\/uploads\/2012\/02\/arben_cokaj-120x150.jpg","caption":"admin"},"description":"Admin, Fjala e Lir\u00eb","sameAs":["https:\/\/fjala.info\/"],"url":"https:\/\/fjala.info\/2009-2015\/author\/admin\/"}]}},"_links":{"self":[{"href":"https:\/\/fjala.info\/2009-2015\/wp-json\/wp\/v2\/posts\/11734","targetHints":{"allow":["GET"]}}],"collection":[{"href":"https:\/\/fjala.info\/2009-2015\/wp-json\/wp\/v2\/posts"}],"about":[{"href":"https:\/\/fjala.info\/2009-2015\/wp-json\/wp\/v2\/types\/post"}],"author":[{"embeddable":true,"href":"https:\/\/fjala.info\/2009-2015\/wp-json\/wp\/v2\/users\/1"}],"replies":[{"embeddable":true,"href":"https:\/\/fjala.info\/2009-2015\/wp-json\/wp\/v2\/comments?post=11734"}],"version-history":[{"count":0,"href":"https:\/\/fjala.info\/2009-2015\/wp-json\/wp\/v2\/posts\/11734\/revisions"}],"wp:attachment":[{"href":"https:\/\/fjala.info\/2009-2015\/wp-json\/wp\/v2\/media?parent=11734"}],"wp:term":[{"taxonomy":"category","embeddable":true,"href":"https:\/\/fjala.info\/2009-2015\/wp-json\/wp\/v2\/categories?post=11734"},{"taxonomy":"post_tag","embeddable":true,"href":"https:\/\/fjala.info\/2009-2015\/wp-json\/wp\/v2\/tags?post=11734"}],"curies":[{"name":"wp","href":"https:\/\/api.w.org\/{rel}","templated":true}]}}