{"id":11733,"date":"2012-03-09T10:16:29","date_gmt":"2012-03-09T09:16:29","guid":{"rendered":"http:\/\/fjala.shkoder.net\/?p=2105"},"modified":"2012-03-09T10:16:29","modified_gmt":"2012-03-09T09:16:29","slug":"intervista-e-plote-arvizu-qeveria-vuan-nga-lodhja-nga-pushteti","status":"publish","type":"post","link":"https:\/\/fjala.info\/2009-2015\/intervista-e-plote-arvizu-qeveria-vuan-nga-lodhja-nga-pushteti\/","title":{"rendered":"INTERVISTA E PLOTE\/ Arvizu: Qeveria vuan nga \u201clodhja nga pushteti\u201d"},"content":{"rendered":"<p><img decoding=\"async\" class=\"alignright size-thumbnail wp-image-7236\" title=\"Arvizu - Berisha takim pune\" src=\"http:\/\/www.shkoder.net\/2012\/arvizu_berisha_takim.jpg\" alt=\"\" width=\"300\" \/> <strong>TemA<\/strong>, <em>8 Mars 2012<\/em><\/p>\n<p><strong><em>Ambasadori amerikan: Viti 2009 ishte vit kthese n\u00eb kuptimin negativ. Si mund t\u00eb dal\u00ebsh kund\u00ebr Aleanc\u00ebs Kuq e Zi kur b\u00ebjn\u00eb thirrje p\u00ebr qeverisje m\u00eb t\u00eb efektshme, p\u00ebr transparenc\u00eb?<\/em><\/strong><\/p>\n<p><strong><em>Ambasadori amerikan, Aleksand\u00ebr Arvizu, ka dh\u00ebn\u00eb nj\u00eb intervist\u00eb p\u00ebr analistin Janush Bugajski n\u00eb Albanian Screen. Me tone t\u00eb forta, ambasadori ka theksuar se viti 2009 ishte nj\u00eb vit kthese n\u00eb kuptimin negativ. Sipas tij, shqiptar\u00ebt jan\u00eb t\u00eb nervozuar dhe t\u00eb paduruar dhe kjo \u00ebsht\u00eb gj\u00eb e mir\u00eb. Ambasadori thot\u00eb se qeveria \u00ebsht\u00eb e lodhur nga q\u00ebndrimi n\u00eb pushtet. Sipas tij, t\u00eb qeveris\u00ebsh nga viti 2005 \u00ebsht\u00eb koh\u00eb e gjat\u00eb. Gjeni m\u00eb posht\u00eb disa nga fjalit\u00eb pikante t\u00eb Arvizu:<\/em><\/strong><\/p>\n<p><strong><em>&#8211; Kam ndjesin\u00eb se ka nj\u00eb far\u00eb padurimi apo nervozizmi nga ana e popullsis\u00eb koh\u00ebt e fundit dhe kjo \u00ebsht\u00eb gj\u00eb e mir\u00eb.<\/em><\/strong><\/p>\n<p><strong><em>&#8211; Por kur sheh rreth e rrotull, institucionet, munges\u00ebn e efikasitetit t\u00eb tyre, ti vret mendjen: ku po shkojn\u00eb?<\/em><\/strong><\/p>\n<p><strong><em>&#8211; Duket se ka nj\u00eb q\u00ebllim t\u00eb unifikuar komb\u00ebtar p\u00ebrsa i p\u00ebrket drejtimit t\u00eb ardhsh\u00ebm t\u00eb shoq\u00ebris\u00eb dhe vendit. \u00c7\u00ebshtja \u00ebsht\u00eb kush do ta udh\u00ebheq\u00eb k\u00ebt\u00eb p\u00ebrparim.<\/em><\/strong><br \/>\n<strong><em>\u00a0&#8211; Dua ta deklaroj se qeveria ka b\u00ebr\u00eb p\u00ebrparim n\u00eb disa fusha por ka nj\u00eb term q\u00eb kam d\u00ebgjuar ta p\u00ebrshkruaj\u00eb k\u00ebt\u00eb, \u201clodhja nga pushteti.\u201d Mendoj se kjo ndodh n\u00eb \u00e7do demokraci. Dhe kjo qeveri praktikisht ka qeverisur q\u00eb nga viti 2005\u2026 Kjo \u00ebsht\u00eb nj\u00eb periudh\u00eb e gjat\u00eb.<\/em><\/strong><\/p>\n<p><strong><em>&#8211; Ne, Shtetet e Bashkuara dhe t\u00eb tjera shtete t\u00eb komunitetit nd\u00ebrkomb\u00ebtar jemi t\u00eb vendosur t\u00eb punojm\u00eb dhe t\u00eb identifikojm\u00eb partner\u00eb p\u00ebr ndryshim brenda vendit, si ata q\u00eb jan\u00eb aktiv\u00eb brenda partive, ashtu dhe t\u00eb tjer\u00eb jasht\u00eb tyre. Po harxhohet koha, si\u00e7 thuhet.<\/em><\/strong><\/p>\n<p><strong><em>&#8211; Do ta konsideroja vitin 2009 nj\u00eb pik\u00eb kthese n\u00eb kuptimin negativ.<\/em><\/strong><\/p>\n<p><strong><em>&#8211; Por mjafton t\u2019i flas\u00ebsh njer\u00ebzve dhe t\u2019i pyes\u00ebsh: si \u00ebsht\u00eb situata e korrupsionit? S\u2019kam takuar ende nj\u00eb person q\u00eb t\u00eb m\u00eb thoj\u00eb: \u201cE di \u00e7far\u00eb? Po p\u00ebrmir\u00ebsohet. K\u00ebt\u00eb vit \u00ebsht\u00eb pak m\u00eb mir\u00eb.\u201d Jo. Shumica e njer\u00ebzve thon\u00eb se po p\u00ebrkeq\u00ebsohet<\/em><\/strong><\/p>\n<p><strong><em>&#8211; Ka nj\u00eb ndjenj\u00eb m\u00eb t\u00eb theksuar t\u00eb kultur\u00ebs s\u00eb mosnd\u00ebshkueshm\u00ebris\u00eb, t\u00eb faktit q\u00eb n\u00ebse je njeri me mjete n\u00eb dispozicion, i pasur, i fuqish\u00ebm, me influenc\u00eb, t\u00eb gjitha k\u00ebto bashk\u00eb, je praktikisht i papreksh\u00ebm. Mendoj se po p\u00ebrkeq\u00ebsohet, po.<\/em><\/strong><\/p>\n<p><strong><em>&#8211; Mendoj se sistemi gjyq\u00ebsor k\u00ebtu \u00ebsht\u00eb disfunksional.<\/em><\/strong><\/p>\n<p><strong><em>&#8211; Por \u00e7do pal\u00eb zgjedhje, qoft\u00eb zgjedhjet vendore t\u00eb vjetshme, apo ato parlamentare n\u00eb vitin 2009, zbulojn\u00eb disa boshll\u00ebqe, disa hap\u00ebsira q\u00eb mund t\u00eb keqinterpretohen, apo manipulohen, sido q\u00eb ta quash<\/em><\/strong><\/p>\n<p><strong><em>&#8211; Platforma e Aleanc\u00ebs Kuq e Zi, e cila n\u00eb fakt \u00ebsht\u00eb duke u zhvilluar disi, por, si mund t\u00eb dal\u00ebsh kund\u00ebr tyre kur b\u00ebjn\u00eb thirrje p\u00ebr qeverisje m\u00eb t\u00eb efektshme, p\u00ebr transparenc\u00eb.<\/em><\/strong><\/p>\n<p><strong>Nuk do t\u00eb b\u00ebj nj\u00eb prezantim t\u00eb gjat\u00eb p\u00ebr ju sepse mendoj se tashm\u00eb jeni mjaft i njohur n\u00eb Shqip\u00ebri. Ju keni 30 vjet eksperienc\u00eb t\u00eb shk\u00eblqyer me sh\u00ebrbimin diplomatik amerikan n\u00eb pjes\u00eb t\u00eb ndryshme t\u00eb bot\u00ebs. Besoj se keni rreth nj\u00eb vit e gjys\u00ebm q\u00eb jeni k\u00ebtu n\u00eb Shqip\u00ebri. Keni filluar t\u00eb kuptoni vendin, si funksionon ai. M\u00eb lejoni t\u00eb filloj menj\u00ebher\u00eb, at\u00ebher\u00eb, me disa pyetje t\u00eb p\u00ebrgjithshme p\u00ebr p\u00ebrparimin e Shqip\u00ebris\u00eb n\u00eb 20 vitet e fundit. Kan\u00eb kaluar dy dekada q\u00eb nga p\u00ebrmbysja e komunizmit. Cili do t\u00eb ishte vler\u00ebsimi juaj i p\u00ebrgjithsh\u00ebm p\u00ebrsa i p\u00ebrket p\u00ebrparimit t\u00eb Shqip\u00ebris\u00eb drejt t\u00eb q\u00ebnit nj\u00eb demokraci n\u00eb zhvillim, apo nj\u00eb demokraci e zhvilluar dhe si krahasohet ve\u00e7an\u00ebrisht me vende t\u00eb Europ\u00ebs qendrore si Polonia, \u00e7ek\u00ebt apo sllovak\u00ebt dhe t\u00eb tjer\u00eb q\u00eb kan\u00eb nj\u00eb demokraci t\u00eb konsoliduar. Pyetja \u00ebsht\u00eb a e ka arritur Shqip\u00ebria k\u00ebt\u00eb apo ka ende rrug\u00eb p\u00ebr t\u00eb b\u00ebr\u00eb?<\/strong><\/p>\n<p>Kjo \u00ebsht\u00eb nj\u00eb pyetje shum\u00eb e mir\u00eb. Un\u00eb mundohem t\u00eb rivler\u00ebsoj p\u00ebrgjigjet e mia her\u00eb pas here p\u00ebr t\u2019u siguruar q\u00eb ato q\u00eb kam th\u00ebn\u00eb m\u00eb par\u00eb jan\u00eb ende t\u00eb vlefshme edhe duke marr\u00eb parasysh informacionet e reja, eksperiencat e reja dhe gj\u00ebrat q\u00eb kam m\u00ebsuar. Por ende mendoj, dhe e kam th\u00ebn\u00eb k\u00ebt\u00eb m\u00eb par\u00eb, se n\u00eb gjykimin tim, asnj\u00eb vend tjet\u00ebr nuk ka ecur m\u00eb larg se Shqip\u00ebria n\u00eb k\u00ebta 20 vjet, 21 vjet n\u00eb fakt, p\u00ebrsa i p\u00ebrket sh\u00ebnimit t\u00eb p\u00ebrparimit. E besoj shum\u00eb fort k\u00ebt\u00eb dhe mendoj se \u00ebsht\u00eb edhe m\u00eb mbres\u00ebl\u00ebn\u00ebse q\u00eb nuk ka qen\u00eb nj\u00eb vazhdim\u00ebsi e nj\u00ebtrajtshme n\u00eb 21 vjet, t\u00eb themi. Pat\u00ebm hapjen n\u00eb vitin \u201991 dhe mendoj se vendi po ecte shum\u00eb mir\u00eb deri tek shfaqja e piramidave, r\u00ebnia e tyre dhe sigurisht, kalimi n\u00eb kaos, apo gjysm\u00eb-kaos. Pastaj u desh\u00ebn disa vjet q\u00eb t\u00eb dilte nga aty, t\u00eb themi nga 2001 deri n\u00eb 2009. Pra, nuk ka qen\u00eb nj\u00eb vij\u00eb e drejt\u00eb p\u00ebr 21 vjet. Ishte nj\u00eb penges\u00eb tep\u00ebr, tep\u00ebr e madhe dhe iu desh q\u00eb t\u00eb rimerrte veten. P\u00ebrparimi gjithashtu reflekton pjes\u00ebrisht faktin se, si asnj\u00eb nga fqinj\u00ebt e saj, Shqip\u00ebria filloi nga nj\u00eb pik\u00ebnisje shum\u00eb m\u00eb e ul\u00ebt dhe ky \u00ebsht\u00eb nj\u00eb fakt tjet\u00ebr q\u00eb duhet marr\u00eb parasysh.<\/p>\n<p><strong>A mund t\u00eb thoni q\u00eb disa vendeve, n\u00eb ve\u00e7anti atyre q\u00eb fillojn\u00eb nga nj\u00eb pik\u00ebnisje m\u00eb e ul\u00ebt, u duhet nj\u00eb brez p\u00ebr zhvillimin, zhvillimin demokratik; q\u00eb zgjat m\u00eb shum\u00eb. A mund t\u2019i jepni shqiptar\u00ebve nj\u00eb afat p\u00ebrsa i p\u00ebrket koh\u00ebs q\u00eb do t\u2019u duhet p\u00ebr t\u00eb arritur nivelin e Polonis\u00eb apo t\u00eb Republik\u00ebs \u00c7eke?<\/strong><\/p>\n<p>Kam ndjesin\u00eb se ka nj\u00eb far\u00eb padurimi apo nervozizmi nga ana e popullsis\u00eb koh\u00ebt e fundit dhe kjo \u00ebsht\u00eb gj\u00eb e mir\u00eb. E p\u00ebrs\u00ebris, pranohet gjer\u00ebsisht se p\u00ebrparimi ka qen\u00eb mjaft mbres\u00ebl\u00ebn\u00ebs, por, s\u00ebrish, pyetja \u00ebsht\u00eb \u00e7far\u00eb \u00ebsht\u00eb b\u00ebr\u00eb koh\u00ebt e fundit? Sidomos po t\u00eb marrim parasysh faktin se q\u00eb nga 2009 p\u00ebrparimi ka ngecur dhe p\u00ebr pasoj\u00eb frustrimi \u00ebsht\u00eb n\u00eb rritje. Ka ende nj\u00eb atmosfer\u00eb t\u00eb polarizuar por do flasim s\u00ebrish m\u00eb von\u00eb p\u00ebr k\u00ebt\u00eb, besoj. Jam i shqet\u00ebsuar p\u00ebr brezin e ri. Mundohem t\u00eb takoj njer\u00ebz te 20 apo 30 vje\u00e7 apo dhe f\u00ebmij\u00eb q\u00eb jan\u00eb ende n\u00eb shkoll\u00eb dhe gjithmon\u00eb dal me energji nga k\u00ebto takime. Shoh shum\u00eb t\u00eb rinj t\u00eb shk\u00eblqyer, shum\u00eb ambicioz\u00eb, t\u00eb cil\u00ebt jan\u00eb ende n\u00eb shkoll\u00eb dhe n\u00eb k\u00ebt\u00eb kuptim, ndjehem optimist p\u00ebrsa i p\u00ebrket t\u00eb ardhmes s\u00eb vendit. Por kur sheh rreth e rrotull, institucionet, munges\u00ebn e efikasitetit t\u00eb tyre, ti vret mendjen: ku po shkojn\u00eb?<\/p>\n<p><strong>A ka rrezik t\u00eb hapave prapa, me fjal\u00eb t\u00eb tjera, a mund t\u00eb p\u00ebrcaktohet Shqip\u00ebria, jo nj\u00eb demokraci e d\u00ebshtuar, por nj\u00eb demokraci e l\u00ebkundur? E shihni dhe ju k\u00ebshtu?<\/strong><\/p>\n<p>Kam folur me disa njer\u00ebz p\u00ebr k\u00ebt\u00eb dhe shum\u00eb nga opinionist\u00ebt q\u00eb e njohin shum\u00eb mir\u00eb vendin kan\u00eb p\u00ebrdorur pik\u00ebrisht k\u00ebt\u00eb term. Un\u00eb nuk kam arritur ende n\u00eb k\u00ebt\u00eb pik\u00eb. Jam shum\u00eb i qart\u00eb kur them se reforma ka ndalur dhe, n\u00eb fakt, \u00ebsht\u00eb pothuajse nj\u00eb situat\u00eb n\u00eb t\u00eb cil\u00ebn n\u00ebse nuk ka p\u00ebrparim dhe fillohet nga nj\u00eb pik\u00ebnisje e ul\u00ebt, praktikisht mund t\u00eb ket\u00eb kthim prapa. Por un\u00eb nuk shoh q\u00eb kjo t\u00eb jet\u00eb duke ndodhur. Dua t\u00eb them se sinqerisht, nuk e besoj se njer\u00ebzit do ta duronin k\u00ebt\u00eb. Mendoj se \u00e7do qeveri q\u00eb t\u00eb jet\u00eb n\u00eb fuqi, qoft\u00eb e PD qoft\u00eb e PS, n\u00eb qoft\u00eb se ata do t\u00eb p\u00ebrpiqeshin t\u00eb kthenin pas disa nga reformat, t\u00eb riktheheshin n\u00eb disa nga segmentet e err\u00ebta q\u00eb kan\u00eb kaluar, nuk mendoj se njer\u00ebzit do ta pranonin k\u00ebt\u00eb. P\u00ebrgjigja e shkurt\u00ebr p\u00ebr pyetjen tuaj \u00ebsht\u00eb se nuk e shoh k\u00ebt\u00eb rrezik. Duket se ka nj\u00eb q\u00ebllim t\u00eb unifikuar komb\u00ebtar p\u00ebrsa i p\u00ebrket drejtimit t\u00eb ardhsh\u00ebm t\u00eb shoq\u00ebris\u00eb dhe vendit. \u00c7\u00ebshtja \u00ebsht\u00eb kush do ta udh\u00ebheq\u00eb k\u00ebt\u00eb p\u00ebrparim.<\/p>\n<p><strong>\u00cbsht\u00eb interesante q\u00eb p\u00ebrmend\u00ebt brezin e ri. Kam ardhur n\u00eb Shqip\u00ebri gjat\u00eb 21 viteve t\u00eb fundit dhe gjithmon\u00eb jam impresionuar nga energjia, entuziazmi, dhe shpirti sip\u00ebrmarr\u00ebs i t\u00eb rinjve, gj\u00eb q\u00eb mendoj se \u00ebsht\u00eb nj\u00eb shenj\u00eb shum\u00eb e mir\u00eb p\u00ebr Shqip\u00ebrin\u00eb n\u00eb t\u00eb ardhmen. A shihni frustrim, apati, njer\u00ebz q\u00eb thjesht duan t\u00eb largohen nga Shqip\u00ebria sepse nuk jan\u00eb t\u00eb k\u00ebnaqur me situat\u00ebn k\u00ebtu? Apo ende shihni nj\u00eb b\u00ebrtham\u00eb t\u00eb rinjsh k\u00ebtu q\u00eb mund t\u00eb vazhdojn\u00eb ndryshimet, t\u2019i intensifikojn\u00eb ato?<\/strong><\/p>\n<p>Shoh shum\u00eb frustrim dhe apati. Dritarja ime tek element\u00ebt e rinj t\u00eb shoq\u00ebris\u00eb jan\u00eb vullnetar\u00ebt tan\u00eb t\u00eb Korpusit t\u00eb Paqes. Si\u00e7 e dini, ata jan\u00eb t\u00eb shp\u00ebrndar\u00eb n\u00eb t\u00eb gjith\u00eb vendin dhe kurdo q\u00eb vizitoj qytete jasht\u00eb Tiran\u00ebs, gjithnj\u00eb p\u00ebrpiqem t\u00eb ulem dhe t\u00eb ha drek\u00eb ose t\u00eb pakt\u00ebn t\u00eb pi nj\u00eb kafe apo \u00e7aj me vullnetar\u00ebt e Korpusit t\u00eb Paqes. I pyes ata, \u201cm\u00eb thoni, \u00e7far\u00eb d\u00ebgjoni, \u00e7far\u00eb po ndodh.\u201d Dhe ata m\u00eb thon\u00eb se ka nj\u00eb ndjenj\u00eb zhg\u00ebnjimi, frustrimi, p\u00ebr mund\u00ebsit\u00eb e pun\u00ebsimit, p\u00ebr drejtimin e ardhsh\u00ebm t\u00eb vendit. Mendoj se n\u00eb nj\u00eb pjes\u00eb t\u00eb vitit t\u00eb kaluar kur un\u00eb kam qen\u00eb k\u00ebtu, kam ndjer\u00eb nj\u00eb lloj pak\u00ebnaq\u00ebsie me disa nga prioritetet dhe programet e qeveris\u00eb. Dua ta deklaroj se qeveria ka b\u00ebr\u00eb p\u00ebrparim n\u00eb disa fusha por ka nj\u00eb term q\u00eb kam d\u00ebgjuar ta p\u00ebrshkruaj\u00eb k\u00ebt\u00eb, \u201clodhja nga pushteti.\u201d Mendoj se kjo ndodh n\u00eb \u00e7do demokraci. Dhe kjo qeveri praktikisht ka qeverisur q\u00eb nga viti 2005\u2026 Kjo \u00ebsht\u00eb nj\u00eb periudh\u00eb e gjat\u00eb. Parashikimet p\u00ebr 2013 jan\u00eb t\u00eb paqarta dhe mendoj se \u00ebsht\u00eb e natyrshme q\u00eb t\u00eb ket\u00eb pak vet\u00ebk\u00ebnaq\u00ebsi, q\u00eb idet\u00eb e reja t\u00eb mos dep\u00ebrtojn\u00eb aq shpejt sa duhet. Pra, ka nj\u00eb lloj frustrimi nga ana e t\u00eb rinjve. Por, po ashtu, shqiptar\u00ebt jan\u00eb jasht\u00ebzakonisht patriot\u00eb. Ata e duan vendin e tyre, tmerr\u00ebsisht shum\u00eb. Shoh njer\u00ebz t\u00eb mosh\u00ebs 80 apo 70 vje\u00e7 por edhe t\u00eb rinjt\u00eb. Kan\u00eb nj\u00eb ndjenj\u00eb krenarie t\u00eb madhe, kur shohin flamurin, apo thjesht kur mendojn\u00eb p\u00ebr Shqip\u00ebrin\u00eb. Pra mendoj se kjo e kompenson disi frustrimin.<\/p>\n<p><strong>\u00cbsht\u00eb nj\u00eb pik\u00eb shum\u00eb e mir\u00eb. Nj\u00eb ndjenj\u00eb t\u00eb fort\u00eb identiteti dhe historie\u2026 M\u00eb lejoni t\u2019ju pyes. Ju p\u00ebrmend\u00ebt disa nga konfliktet partiake k\u00ebtu n\u00eb Shqip\u00ebri. \u00c7far\u00eb do t\u00eb thonit ju p\u00ebr p\u00ebrparimin e Shqip\u00ebris\u00eb me konsolidimin e demokracis\u00eb? \u00cbsht\u00eb ngadal\u00ebsuar ajo nga konfliktet partiake, dualiste e personale q\u00eb ne kemi d\u00ebshmuar gjat\u00eb 21 viteve t\u00eb fundit?<\/strong><\/p>\n<p>Po, fatkeq\u00ebsisht, k\u00ebshtu duket t\u00eb jet\u00eb dhe duket se \u00ebsht\u00eb mjaft e qart\u00eb kur sheh zhvillimet e fundit. Do ta konsideroja vitin 2009 nj\u00eb pik\u00eb kthese, n\u00eb kuptimin negativ. N\u00eb 2009 Shqip\u00ebria dhe Kroacia u b\u00ebn\u00eb an\u00ebtaret e 27-ta dhe 28-ta t\u00eb NATO-s dhe bazuar n\u00eb ato q\u00eb kam lexuar dhe njer\u00ebzit q\u00eb kam takuar, pati shum\u00eb optimiz\u00ebm, nj\u00eb ndjenj\u00eb p\u00ebrparimi, sigurisht, me hyrjen n\u00eb NATO, dhe nj\u00eb p\u00ebrshtypje se an\u00ebtar\u00ebsimi n\u00eb BE ishte shum\u00eb af\u00ebr. P\u00ebr t\u00eb qen\u00eb t\u00eb drejt\u00eb ndaj Shqip\u00ebris\u00eb, ato ishin dy vende shum\u00eb t\u00eb ndryshme p\u00ebrsa i p\u00ebrket p\u00ebrparimit, pik\u00ebnisjes s\u00eb zhvillimit n\u00eb 2009. Kroacia kishte rrethana shum\u00eb m\u00eb t\u00eb mira. Gjithsesi, mendoj se \u00ebsht\u00eb e vlefshme q\u00eb t\u00eb krahasohen t\u00eb dyja deri n\u00eb nj\u00eb pik\u00eb dhe t\u00eb shihet \u00e7far\u00eb ndodhi gjat\u00eb dy viteve t\u00eb fundit. Kroacia ka vazhduar t\u00eb zhvillohet; \u00ebsht\u00eb praktikisht n\u00eb BE. Kjo do t\u00eb ndodh\u00eb brenda fundit t\u00eb vitit. Dhe, si\u00e7 ua kujtoj njer\u00ebzve k\u00ebtu, megjith\u00ebse Kroacia ka qen\u00eb n\u00eb nj\u00eb pik\u00ebnisje t\u00eb ndryshme zhvillimi, i \u00ebsht\u00eb dashur t\u00eb kap\u00ebrcej\u00eb problemet e saj\u2026<\/p>\n<p><strong>P\u00ebrfshir\u00eb luft\u00ebn\u2026<\/strong><\/p>\n<p>\u2026P\u00ebrfshir\u00eb luft\u00ebn, seriozisht. Dhe mendoj ndonj\u00ebher\u00eb, dhe kjo \u00ebsht\u00eb nj\u00eb nga frustrimet e mia m\u00eb t\u00eb m\u00ebdha kur flas si me klas\u00ebn politike shqiptare ashtu dhe me qytetar\u00ebt e zakonsh\u00ebm, \u00ebsht\u00eb p\u00ebrpjekja p\u00ebr ta p\u00ebrshkruar situat\u00ebn k\u00ebtu si unike n\u00eb t\u00ebr\u00eb universin. Po, gjithmon\u00eb do t\u00eb ket\u00eb karakteristika t\u00eb ve\u00e7anta t\u00eb vendeve, karakteristika komb\u00ebtare, por, sinqerisht, ky nuk \u00ebsht\u00eb fare justifikim p\u00ebr shkall\u00ebn e polarizimit q\u00eb ekziston. Nuk ka justifikim p\u00ebr faktin q\u00eb l\u00ebvizja reformuese ka ngelur n\u00eb vend p\u00ebr dy vitet e fundit. Ne, Shtetet e Bashkuara dhe t\u00eb tjera shtete t\u00eb komunitetit nd\u00ebrkomb\u00ebtar jemi t\u00eb vendosur t\u00eb punojm\u00eb dhe t\u00eb identifikojm\u00eb partner\u00eb p\u00ebr ndryshim brenda vendit, si ata q\u00eb jan\u00eb aktiv\u00eb brenda partive, ashtu dhe t\u00eb tjer\u00eb jasht\u00eb tyre. Po harxhohet koha, si\u00e7 thuhet.<\/p>\n<p><strong>M\u00eb lejo t\u2019i kthehem nj\u00eb fushe shum\u00eb specifike, p\u00ebrfshirja juaj personale p\u00ebr t\u00eb asistuar, p\u00ebr t\u00eb siguruar hetimin e duhur p\u00ebr ngjarjet e 21 janarit vitin e kaluar, gj\u00eb q\u00eb kam d\u00ebgjuar t\u00eb l\u00ebvdohet shum\u00eb; e d\u00ebgjoj ngado. Keni besim se ky hetim \u2013 dhe kjo \u00ebsht\u00eb di\u00e7ka shum\u00eb e r\u00ebnd\u00ebsishme p\u00ebr t\u00eb gjith\u00eb shqiptar\u00ebt \u2013 do t\u00eb mbyllet me nj\u00eb qart\u00ebsim t\u00eb plot\u00eb t\u00eb asaj q\u00eb ndodhi gjat\u00eb atyre ngjarjeve tragjike vitin e kaluar.<\/strong><\/p>\n<p>Epo, si\u00e7 e vut\u00eb dhe ju n\u00eb dukje, ajo ishte nj\u00eb dit\u00eb dramatike dhe ndodhi nj\u00eb muaj pas ardhjes time k\u00ebtu, pra nj\u00eb \u2018zgjim\u2019 i vrazhd\u00eb, nj\u00eb tronditje e sistemit. Nuk dua t\u2019i hyj historis\u00eb, rrethanave si u p\u00ebrfshim\u00eb, por ne ndjem\u00eb se ishte e domosdoshme. Dua t\u00eb them se asistenca e FBI-s\u00eb n\u00eb ve\u00e7anti p\u00ebr disa ekspertiza do t\u2019i shtoj\u00eb besueshm\u00ebri provave q\u00eb po paraqiten. Hetimi vazhdon ende. Ne kemi insistuar q\u00eb, n\u00eb m\u00ebnyr\u00eb q\u00eb t\u00eb ket\u00eb besueshm\u00ebri dhe t\u2019i jepen p\u00ebrgjigje pyetjeve q\u00eb shqiptar\u00ebt pyesin, \u201c\u00e7far\u00eb ndodhi at\u00eb dit\u00eb,\u201d duhet t\u00eb merret me vrasjet tragjike por edhe aspektet e organizimit, q\u00ebllimin e organizimit si dhe zhvillimi faktik i vet\u00eb demonstrat\u00ebs. Isha pak i shqet\u00ebsuar m\u00eb her\u00ebt n\u00eb janar kur rezultatet fillestare dol\u00ebn dhe pati disa sulme mjaft t\u00eb ashpra mbi personin e Prokurorit t\u00eb P\u00ebrgjithsh\u00ebm dhe gjithashtu edhe Institucionin. E b\u00ebra t\u00eb qart\u00eb n\u00eb disa intervista se si \u00e7do zyrtar tjet\u00ebr publik ajo dhe Zyra q\u00eb ajo p\u00ebrfaq\u00ebson duhet t\u00eb japin llogari p\u00ebr performanc\u00ebn e tyre; ata nuk jan\u00eb n\u00eb ngarkim t\u00eb vendit. Ata duhet t\u00eb japin llogari si \u00e7do zyrtar tjet\u00ebr por \u00ebsht\u00eb jasht\u00ebzakonisht e padobishme p\u00ebr k\u00ebdo nga qeveria q\u00eb t\u00eb fyej\u00eb Zyr\u00ebn e Prokuroris\u00eb, q\u00eb t\u00eb v\u00ebr\u00eb n\u00eb pik\u00ebpyetje kompetencat e tyre p\u00ebr t\u00eb kryer hetimin. K\u00ebshtu q\u00eb m\u2019u desh ta b\u00ebja shum\u00eb t\u00eb qart\u00eb q\u00eb Shtetet e Bashkuara nuk e aprovonin k\u00ebt\u00eb.<br \/>\nMe opozit\u00ebn, duhet t\u00eb jem shum\u00eb i sinqert\u00eb, ka nj\u00eb ndryshim kritik midis pik\u00ebpamjes s\u00eb opozit\u00ebs, p\u00ebrshkrimit t\u00eb ngjarjeve nga ana e tyre, dhe asaj t\u00eb Shteteve t\u00eb Bashkuara. Pik\u00ebpamja e Shteteve t\u00eb Bashkuara \u00ebsht\u00eb q\u00eb kjo demonstrat\u00eb, n\u00eb ndryshim nga duzinat e demonstratave t\u00eb Partis\u00eb Socialiste n\u00eb muajt apo vitet e fundit, kjo ishte planifikuar q\u00eb t\u00eb ishte e dhunshme; ishte planifikuar q\u00eb t\u00eb provokonte nj\u00eb reagim t\u00eb fort\u00eb nga forcat qeveritare dhe fatkeq\u00ebsisht, ia arriti. Kjo nuk \u00ebsht\u00eb pranuar kurr\u00eb nga Partia Socialiste; ndoshta \u00ebsht\u00eb p\u00ebr vet\u00eb-mbrojtje, nuk e di \u00e7far\u00eb \u00ebsht\u00eb. Ben Blushi \u00ebsht\u00eb ndoshta i vetmi deputet socialist i cili iu afrua mjaft pranimit se u b\u00ebn\u00eb disa gj\u00ebra q\u00eb nuk duhej. Jam i zhg\u00ebnjyer. Secili mund t\u00eb argumentoj\u00eb pik\u00ebpamjen e tij, por ajo q\u00eb dua t\u2019i them di\u00e7ka shikuesve tuaj \u00ebsht\u00eb: ky \u00ebsht\u00eb nj\u00eb ndryshim thelb\u00ebsor n\u00eb interpretim midis asaj q\u00eb thon\u00eb socialist\u00ebt dhe pik\u00ebpamjes s\u00eb Shteteve t\u00eb Bashkuara. \u00cbsht\u00eb nj\u00eb rr\u00ebfim i ndrysh\u00ebm.<\/p>\n<p><strong>M\u00eb lejoni t\u00eb l\u00ebviz drejt nj\u00eb teme tjet\u00ebr, do t\u00eb thoja nj\u00eb mang\u00ebsi n\u00eb Shqip\u00ebri, e cila \u00ebsht\u00eb v\u00ebn\u00eb shpesh n\u00eb dukje nga Europa dhe Shtetet e Bashkuara \u00ebsht\u00eb \u00e7\u00ebshtja e korrupsionit. Qartazi, korrupsioni zyrtar vonon p\u00ebrparimin e \u00e7do vendi, politikisht dhe ekonomikisht, p\u00ebrsa i p\u00ebrket reformave, modernizimit, dhe besimit tek statusi i zyrtarit. Shqip\u00ebria duket se \u00ebsht\u00eb duke b\u00ebr\u00eb posht\u00eb n\u00eb Indeksin Global t\u00eb Korrupsionit, t\u00eb pakt\u00ebn sipas Transparency International. \u00cbsht\u00eb kjo situat\u00eb n\u00eb pik\u00ebpamjen tuaj duke u p\u00ebrmir\u00ebsuar apo duke u p\u00ebrkeq\u00ebsuar dhe \u00e7far\u00eb nevojitet q\u00eb t\u00eb b\u00ebhet? Nuk mund t\u00eb eleminohet i gjith\u00eb korrupsioni por si mund t\u00eb p\u00ebrballen me t\u00eb dhe ta pak\u00ebsojn\u00eb n\u00eb nj\u00eb shkall\u00eb t\u00eb till\u00eb q\u00eb t\u00eb mos nd\u00ebrhyj\u00eb me procesin politik dhe ekonomik?<\/strong><\/p>\n<p>\u00cbsht\u00eb interesante; n\u00eb pyetjet tuaja t\u00eb m\u00ebparshme thash\u00eb se kam mospajtime thelb\u00ebsore me opozit\u00ebn p\u00ebrsa i p\u00ebrket 21 janarit. P\u00ebr \u00e7\u00ebshtjen e korrupsionit, kam mospajtime thelb\u00ebsore me disa nga deklaratat e Qeveris\u00eb p\u00ebr korrupsionin. I kuptoj disa nga hapat q\u00eb jan\u00eb nd\u00ebrmarr\u00eb dhe q\u00eb Kryeministrit n\u00eb ve\u00e7anti i p\u00eblqen t\u2019i v\u00ebr\u00eb n\u00eb dukje, nisma e sportelit unik p\u00ebr bizneset, fakti q\u00eb m\u00eb shum\u00eb aktivitete prokurimi, mbledhje dhe deklarime taksash b\u00ebhen online, dhe kjo \u00ebsht\u00eb provuar. N\u00eb fakt Agjencia e Shteteve t\u00eb Bashkuara p\u00ebr Zhvillim Nd\u00ebrkomb\u00ebtar (USAID) ndihmoi n\u00eb zhvillimin e disa prej k\u00ebtyre programeve.<\/p>\n<p>\u00cbsht\u00eb e qart\u00eb se kudo n\u00eb bot\u00eb, p\u00ebrfshir\u00eb Shqip\u00ebrin\u00eb, sa m\u00eb shum\u00eb t\u00eb kompjuterizohen k\u00ebto sh\u00ebrbime, aq m\u00eb mir\u00eb. Pra, ka pasur p\u00ebrparim. Por mjafton t\u2019i flas\u00ebsh njer\u00ebzve dhe t\u2019i pyet\u00ebsh: si \u00ebsht\u00eb situata e korrupsionit? S\u2019kam takuar ende nj\u00eb person q\u00eb t\u00eb m\u00eb thoj\u00eb: \u201cE di \u00e7far\u00eb? Po p\u00ebrmir\u00ebsohet. K\u00ebt\u00eb vit \u00ebsht\u00eb pak m\u00eb mir\u00eb.\u201d Jo. Shumica e njer\u00ebzve thon\u00eb se po p\u00ebrkeq\u00ebsohet. Pak njer\u00ebz thon\u00eb se \u00ebsht\u00eb nj\u00ebsoj. Pra ajo q\u00eb dua t\u00eb v\u00eb n\u00eb dukje p\u00ebr qeverin\u00eb \u00ebsht\u00eb kjo: i kuptoj disa nga nismat q\u00eb po reklamoni dhe jam dakord se kan\u00eb nj\u00eb far\u00eb ndikimi. Por ju po humbni perceptimin se po e luftoni me efikasitet korrupsionin. Njer\u00ebzit po b\u00ebhen gjithnj\u00eb e m\u00eb tep\u00ebr mosbesues. Ka nj\u00eb ndjenj\u00eb m\u00eb t\u00eb theksuar t\u00eb kultur\u00ebs s\u00eb mosnd\u00ebshkueshm\u00ebris\u00eb, t\u00eb faktit q\u00eb n\u00ebse je njeri me mjete n\u00eb dispozicion, i pasur, i fuqish\u00ebm, me influenc\u00eb, t\u00eb gjitha k\u00ebto bashk\u00eb, je praktikisht i papreksh\u00ebm. Mendoj se po p\u00ebrkeq\u00ebsohet, po.<\/p>\n<p><strong>Pra, praktikisht \u00ebsht\u00eb nj\u00eb \u00e7\u00ebshtje e shtetit ligjor. Me fjal\u00eb t\u00eb tjera, pavar\u00ebsisht se cila \u00ebsht\u00eb pozita juaj apo pasuria juaj, duhet t\u00eb trajtohesh nj\u00ebsoj si \u00e7dokush tjet\u00ebr para ligjit. Si mund t\u00eb aplikohet kjo n\u00eb reform\u00ebn gjyq\u00ebsore? N\u00eb fakt, sa ka p\u00ebrparuar reforma gjyq\u00ebsore?<\/strong><\/p>\n<p>Do t\u00eb jem shum\u00eb i sinqert\u00eb k\u00ebtu. Mendoj se sistemi gjyq\u00ebsor k\u00ebtu \u00ebsht\u00eb disfunksional. Nuk funksionon megjith\u00ebse ka ligje t\u00eb mira, ka njer\u00ebz q\u00eb jan\u00eb t\u00eb trajnuar mir\u00eb. Ne po p\u00ebrpiqemi t\u00eb gjejm\u00eb m\u00ebnyra p\u00ebr t\u00eb leht\u00ebsuar ngarkes\u00ebn e sistemit gjyq\u00ebsor. \u00cbsht\u00eb i mbingarkuar. P\u00ebr k\u00ebdo, n\u00ebse je ambasador apo president kompanie, n\u00ebse ke shum\u00eb p\u00ebrgjegj\u00ebsi, \u00ebsht\u00eb normale q\u00eb t\u00eb mundohesh t\u00eb pak\u00ebsosh ngarkes\u00ebn e pun\u00ebs apo t\u00eb delegosh k\u00ebshtu q\u00eb t\u00eb mund t\u00eb fokusohesh n\u00eb gj\u00ebrat m\u00eb t\u00eb r\u00ebnd\u00ebsishme. Me k\u00ebt\u00eb doja t\u00eb dilja tek projekt ligji p\u00ebr gjykatat administrative, t\u00eb cilin ne e kemi mb\u00ebshtetur sepse n\u00eb k\u00ebt\u00eb moment, mesa kuptoj, ka nj\u00eb num\u00ebr t\u00eb vog\u00ebl gjykat\u00ebsish dhe ata kan\u00eb ngarkes\u00eb t\u00eb madhe. Do t\u00eb ishte mir\u00eb n\u00ebse nj\u00eb pjes\u00eb e \u00e7\u00ebshtjeve q\u00eb sipas sistemit t\u00eb SHBA i p\u00ebrkasin juridiksionit civil dhe jo atij penal t\u00eb hiqen m\u00ebnjan\u00eb. Pra mendoj se ka disa gjetje teknike t\u00eb mir\u00ebfillta dhe konkrete q\u00eb mund t\u00eb ndihmojn\u00eb.<\/p>\n<p>Por, kjo nuk merr parasysh \u00e7\u00ebshtjen m\u00eb t\u00eb r\u00ebnd\u00ebsishme t\u00eb shtetit ligjor, integritetin e sistemit gjyq\u00ebsor. Ka disa probleme tep\u00ebr, tep\u00ebr madhore k\u00ebtu. \u00cbsht\u00eb si puna e historis\u00eb me vez\u00ebn dhe pul\u00ebn. \u00c7\u00ebshtja \u00ebsht\u00eb: ku fillohet? M\u00eb lejoni t\u00eb p\u00ebrshkruaj shkurtimisht nj\u00eb histori. N\u00eb dhjetor mora pjes\u00eb n\u00eb nj\u00eb ceremoni diplomimi n\u00eb Shkoll\u00ebn e Magjistratur\u00ebs. K\u00ebta ishin shqiptar\u00eb t\u00eb rinj, 24, 25, 26, vje\u00e7 t\u00eb cil\u00ebt do t\u00eb b\u00ebhen prokuror\u00eb e gjykat\u00ebs. Mendoj se p\u00ebrgjith\u00ebsisht, nj\u00eb apo dy mund t\u00eb jen\u00eb ata q\u00eb ne do t\u2019i quanim \u2018moll\u00eb t\u00eb kalbura\u2019 apo ata q\u00ebllimet e t\u00eb cil\u00ebve jan\u00eb t\u00eb dyshimta.<\/p>\n<p>Un\u00eb dua t\u00eb besoj se shumica e tyre \u2013 dhe ata jan\u00eb m\u00eb t\u00eb mir\u00ebt e shoq\u00ebris\u00eb shqiptare, jan\u00eb patriot\u00eb ashtu si dhe bashk\u00ebqytetar\u00ebt e tyre; ata duan ta b\u00ebjn\u00eb vendin m\u00eb t\u00eb mire. Por po mendoj me vete: kush do t\u2019i mbroj\u00eb ata kur t\u00eb ken\u00eb hyr\u00eb n\u00eb sistem? Dhe ky \u00ebsht\u00eb d\u00ebshtimi kryesor i sistemit gjyq\u00ebsor shqiptar sot: mungesa e mbrojtjes institucionale p\u00ebr k\u00ebdo q\u00eb \u00ebsht\u00eb pjes\u00eb e sistemit. Nuk \u00ebsht\u00eb \u00e7\u00ebshtje e nj\u00eb, dy, tre, apo kat\u00ebr gjykat\u00ebsisht t\u00eb k\u00ebqinj, apo e Gjykat\u00ebs s\u00eb Lart\u00eb apo e Gjykat\u00ebs Kushtetuese. Sigurisht, ka individ\u00eb problematik\u00eb, \u00ebsht\u00eb e drejt\u00eb t\u00eb thuhet mendoj. Por, kjo nuk shkon n\u00eb thelbin e problemit. Problemi \u00ebsht\u00eb mungesa e mbrojtjes institucionale p\u00ebr njer\u00ebzit q\u00eb duan t\u00eb b\u00ebjn\u00eb nj\u00eb pun\u00eb t\u00eb mir\u00eb, q\u00eb duan t\u00eb nxisin ndryshime pozitive.<\/p>\n<p><strong>Faleminderit p\u00ebr \u00e7ilt\u00ebrsin\u00eb dhe thell\u00ebsin\u00eb. M\u00eb lejoni t\u2019i kthehem nj\u00eb teme tjet\u00ebr, nj\u00eb tem\u00eb e madhe p\u00ebr Shqip\u00ebrin\u00eb, perspektiva e saj p\u00ebr statusin kandidat dhe n\u00eb fund an\u00ebtar\u00ebsimi n\u00eb Bashkimin Europian. Ndoshta mund t\u00eb n\u00ebnvizonit se sa e r\u00ebnd\u00ebsishme \u00ebsht\u00eb BE p\u00ebr Shqip\u00ebrin\u00eb? Duke pasur parasysh \u2013 dhe k\u00ebt\u00eb pyetje ia kam drejtuar Kryeministrit dhe udh\u00ebheq\u00ebsit t\u00eb opozit\u00ebs \u2013 trazir\u00ebn e vazhdueshme brenda BE-s\u00eb, pasigurin\u00eb p\u00ebr t\u00eb ardhmen e saj, problemet me borxhet shtet\u00ebrore, mungesa e nj\u00eb politike t\u00eb jashtme t\u00eb qart\u00eb, lodhja nga zgjerimi, apo \u00e7\u00ebshtje t\u00eb tjera, \u00e7far\u00eb avantazhesh mund t\u00eb thoni se do t\u00eb sillte an\u00ebtar\u00ebsimi p\u00ebr Shqip\u00ebrin\u00eb, kurdo q\u00eb t\u00eb ndodh\u00eb? Dhe, n\u00ebse mund t\u00eb hamend\u00ebsoni nj\u00eb koh\u00eb se kur mund t\u00eb ndodh\u00eb kjo, sepse mendoj t\u00eb gjith\u00eb shqiptar\u00ebt jan\u00eb t\u00eb interesuar dhe hera-her\u00ebs edhe t\u00eb frustruar se kur do b\u00ebhen an\u00ebtar\u00eb t\u00eb Bashkimit?<\/strong><\/p>\n<p>Pyetje me shum\u00eb vend. Do p\u00ebrpiqem t\u2019i b\u00ebj p\u00ebrgjigjet sa m\u00eb t\u00eb p\u00ebrmbledhura sepse e di q\u00eb mund t\u00eb zgjatem shum\u00eb. \u00cbsht\u00eb e qart\u00eb nga pik\u00ebpamja e politik\u00ebs s\u00eb SHBA q\u00eb \u00ebsht\u00eb me r\u00ebnd\u00ebsi q\u00eb integrimi i Shqip\u00ebris\u00eb n\u00eb struktur\u00ebn e gjer\u00eb euro-atlantike t\u00eb vazhdoj\u00eb dhe k\u00ebt\u00eb mund ta thuash p\u00ebr t\u00eb gjith\u00eb Ballkanin Per\u00ebndimor, Malin e Zi, Serbin\u00eb, Maqedonin\u00eb, Kosov\u00ebn. Kjo \u00ebsht\u00eb nj\u00eb politik\u00eb e deklaruar e Shqip\u00ebris\u00eb. Vendi i Shqip\u00ebris\u00eb \u00ebsht\u00eb n\u00eb Europ\u00eb. Nuk ka p\u00ebr t\u2019u b\u00ebr\u00eb shteti i 51-t\u00eb i Shteteve t\u00eb Bashkuara. Pra, drejtimi \u00ebsht\u00eb i qart\u00eb, mes pal\u00ebve nuk ka dallime. Ndjenja e qart\u00eb komb\u00ebtare p\u00ebr synimin \u00ebsht\u00eb q\u00eb integrimi duhet t\u00eb jet\u00eb nj\u00eb synim komb\u00ebtar dhe se integrimi do t\u00eb sjell\u00eb harmonizimin e disa standardeve, do t\u00eb transformoj\u00eb v\u00ebrtet m\u00ebnyr\u00ebn se si Shqip\u00ebria e sheh veten, m\u00ebnyr\u00ebn si nd\u00ebrvepron me fqinj\u00ebt, si ata pran\u00eb ashtu edhe m\u00eb tej.<\/p>\n<p>Do t\u00eb jet\u00eb hapi i tret\u00eb i natyrsh\u00ebm n\u00eb kulminimin e nj\u00eb procesi q\u00eb filloi me hyrjen n\u00eb NATO, \u00e7ka do t\u00eb thot\u00eb q\u00eb Shqip\u00ebris\u00eb nuk i duhet kurr\u00eb m\u00eb t\u00eb vras\u00eb mendjen p\u00ebr k\u00ebrc\u00ebnime fizike ndaj siguris\u00eb s\u00eb saj \u2013 mund t\u00eb thuhet shum\u00eb k\u00ebtu \u2013 fakti q\u00eb Shqip\u00ebria p\u00ebrfitoi statusin p\u00ebr l\u00ebvizjen pa viza sipas marr\u00ebveshjes Shengen n\u00eb dhjetor 2010, nj\u00eb arritje madhore kjo, dhe pastaj hyrja n\u00eb BE duhet t\u00eb jet\u00eb arritja e tret\u00eb kuror\u00ebzuese. Do t\u00eb duhet koh\u00eb. Ambasadori i BE-s\u00eb, nj\u00eb mik i mir\u00eb imi e q\u00eb ka punuar shum\u00eb k\u00ebtu n\u00eb p\u00ebrpjekje p\u00ebr t\u2019i shtyr\u00eb t\u00eb gjith\u00eb lojtar\u00ebt p\u00ebrpara dhe sigurisht ata n\u00eb Bruksel. Shqiptar\u00ebt thon\u00eb gj\u00ebrat e duhura por p\u00ebr \u00e7far\u00ebdo arsyeje, ose ndoshta nj\u00eb kombinim arsyesh, k\u00ebtu ekziston nj\u00eb mentalitet se duhet t\u00eb ket\u00eb vet\u00ebm nj\u00eb fitimtar dhe loja e faj\u00ebsimit, t\u00eb cil\u00ebn e shohim t\u00eb ngrej\u00eb kok\u00eb her\u00eb pas here. Dit\u00ebt e fundit ka pasur nj\u00eb rritje t\u00eb dukshme n\u00eb retorik\u00eb pas marr\u00ebveshjes Kosov\u00eb-Serbi dhe akordimit t\u00eb statusit kandidat Serbis\u00eb.<\/p>\n<p>E p\u00ebrs\u00ebris, po tregohem i sinqert\u00eb. Nuk ka asnj\u00eb justifikim p\u00ebr Shqip\u00ebrin\u00eb q\u00eb t\u00eb mos jet\u00eb vend kandidat. Burimet jan\u00eb k\u00ebtu, edhe mjetet, por \u00ebsht\u00eb proces i v\u00ebshtir\u00eb aderimi, ka shum\u00eb marr\u00ebveshje teknike dhe m\u00eb duket se hera-her\u00ebs, shqiptar\u00ebt e n\u00ebnvler\u00ebsojn\u00eb nivelin e kompleksitetit. Mendoj se ka nj\u00eb lloj ndjesie sikur, \u201cMe t\u00eb p\u00ebrmbushur kriterin num\u00ebr nj\u00eb, vullnetin politik \u2013 dhe sigurisht, ky duket larg shum\u00eb \u2013 por n\u00ebse ia dalim me k\u00ebt\u00eb, at\u00ebher\u00eb na duhet vet\u00ebm t\u00eb hedhim n\u00ebnshkrimin n\u00eb vij\u00ebn e caktuar dhe jemi brenda, apo jo?\u201d Dhe p\u00ebrgjigja \u00ebsht\u00eb: Jo, nuk \u00ebsht\u00eb ashtu n\u00eb fakt. \u00cbsht\u00eb nj\u00eb proces shum\u00eb kompleks, i gjat\u00eb. Por nuk \u00ebsht\u00eb se ka alternativ\u00eb. Ambasadori i BE-s\u00eb, s\u00ebbashku me disa prej vendeve an\u00ebtare dhe zyrtar\u00eb n\u00eb Bruksel kan\u00eb filluar muajt e fundit nj\u00eb lloj nisme t\u00eb re \u2013 duhet t\u2019ia l\u00eb atij ta shpjegoj\u00eb sepse e b\u00ebn kaq mir\u00eb \u2013 por p\u00ebrpjekja \u00ebsht\u00eb t\u00eb b\u00ebhet nj\u00eb lloj turi anek\u00ebnd vendit, nj\u00eb lloj fushate nd\u00ebrgjegj\u00ebsimi, p\u00ebr t\u2019iu shpjeguar shqiptar\u00ebve t\u00eb zakonsh\u00ebm se \u00e7far\u00eb do t\u00eb thot\u00eb, \u00e7do t\u00eb thoshte p\u00ebr ta an\u00ebtar\u00ebsimi, p\u00ebr sa i p\u00ebrket standardeve t\u00eb jetes\u00ebs, mund\u00ebsive p\u00ebr arsimim, udh\u00ebtim, pun\u00ebsim, t\u00eb gjitha k\u00ebto gj\u00ebra t\u00eb nj\u00eb natyre praktike. Mendoj \u00ebsht\u00eb nj\u00eb ide e shk\u00eblqyer.<\/p>\n<p><strong>Ambasadori i BE-s\u00eb ka r\u00ebn\u00eb dakord t\u00eb dal\u00eb n\u00eb programin tim n\u00eb t\u00eb ardhmen, pra do ta kem k\u00ebtu dikur, por p\u00ebr sa i p\u00ebrket p\u00ebrparimit drejt an\u00ebtar\u00ebsimit n\u00eb BE, nuk dua t\u00eb them q\u00eb an\u00ebtar\u00ebsimi \u00ebsht\u00eb i garantuar apo k\u00ebtu pran\u00eb, por nj\u00eb prej pengesave apo pengesa e tanishme duket se \u00ebsht\u00eb paaft\u00ebsia p\u00ebr t\u00eb miratuar nj\u00eb Kod Zgjedhor t\u00eb ri. N\u00eb nj\u00eb kontekst m\u00eb t\u00eb gjer\u00eb, si e shihni procesin zgjedhor n\u00eb Shqip\u00ebri, duke pasur parasysh \u00e7far\u00eb ndodhi pas zgjedhjeve t\u00eb fundit, protesta, mungesa e vullnetit t\u00eb opozit\u00ebs p\u00ebr t\u00eb pranuar rezultatet, plus edhe zgjedhja e kryebashkiakut q\u00eb pam\u00eb k\u00ebtu vitin e shkuar. Ku q\u00ebndron tani Shqip\u00ebria p\u00ebr sa i p\u00ebrket standardeve nd\u00ebrkomb\u00ebtare?<\/strong><\/p>\n<p>Vet\u00eb kodi, nga sa m\u00eb thon\u00eb ekspert\u00ebt n\u00eb OSBE, ODIHR, disa n\u00eb vendet an\u00ebtare t\u00eb BE-s\u00eb, \u00ebsht\u00eb mjaft i mir\u00eb. Nuk \u00ebsht\u00eb aspak i keq. Por \u00e7do pal\u00eb zgjedhje, qoft\u00eb zgjedhjet vendore t\u00eb vjetshme, apo ato parlamentare n\u00eb vitin 2009, zbulojn\u00eb disa boshll\u00ebqe, disa hap\u00ebsira q\u00eb mund t\u00eb keqinterpretohen, apo manipulohen, sido q\u00eb ta quash. Nj\u00eb v\u00ebzhgues shum\u00eb i men\u00e7ur, nuk ia them emrin, por e shoh si nj\u00eb prej t\u00eb men\u00e7urve t\u00eb shoq\u00ebris\u00eb k\u00ebtu, n\u00eb fakt jan\u00eb dy, kan\u00eb v\u00ebn\u00eb n\u00eb dukje q\u00eb Shqip\u00ebria \u00ebsht\u00eb vend shum\u00eb i vog\u00ebl dhe metoda p\u00ebr t\u00eb gjetur sa votues do marrin pjes\u00eb, si mund t\u00eb votojn\u00eb, kan\u00eb arritur ta shnd\u00ebrrojn\u00eb n\u00eb shkenc\u00eb. Mund t\u00eb p\u00ebrmend Z. Ilir Meta. Shkova n\u00eb zyr\u00ebn e tij pak dit\u00eb p\u00ebrpara zgjedhjeve t\u00eb 8 majit.<\/p>\n<p>Ka nj\u00eb zyr\u00eb t\u00eb vog\u00ebl, t\u00eb zakonshme, por kishte disa harta t\u00eb zonave t\u00eb Tiran\u00ebs, t\u00eb p\u00ebrcaktuara deri n\u00eb nd\u00ebrtesa, me pineska t\u00eb vogla. M\u00eb tha q\u00eb njer\u00ebzit e LSI-s\u00eb i merrnin njer\u00ebzit n\u00eb telefonat celular\u00eb. \u00cbsht\u00eb puna tipike e lagjeve me t\u00eb cil\u00ebn jam i njohur n\u00eb Shtetet e Bashkuara. Ky \u00ebsht\u00eb vend i vog\u00ebl. Mendoj q\u00eb n\u00eb \u00c7ikago ka m\u00eb shum\u00eb votues se sa ka n\u00eb gjith\u00eb vendin k\u00ebtu. Nuk ka shum\u00eb t\u00eb panjohura dhe njer\u00ebzit, me sa kuptoj, kan\u00eb prirjen t\u00eb votojn\u00eb n\u00eb m\u00ebnyr\u00eb mjaft t\u00eb parashikueshme dhe shum\u00eb konsistente nga nj\u00eb zgjedhje n\u00eb tjetr\u00ebn, pra nuk ka ndonj\u00eb vot\u00eb t\u00eb madhe t\u00eb l\u00ebvizshme. N\u00eb Japoni, ku kam sh\u00ebrbyer, kjo ishte gjithmon\u00eb di\u00e7ka e madhe. Sigurisht, n\u00eb SHBA \u00ebsht\u00eb faktori m\u00eb i madh, \u00ebsht\u00eb p\u00ebrcaktues n\u00eb shum\u00eb zgjedhje.<\/p>\n<p><strong>T\u00eb pavarurit \u2026<\/strong><\/p>\n<p>T\u00eb pavarurit, t\u00eb moderuarit n\u00eb secilin krah. Ndonj\u00ebher\u00eb mendoj, sa do doja t\u00eb merrja n\u00eb dor\u00eb pun\u00ebn p\u00ebr zgjedhjet n\u00eb PS sepse mendoj q\u00eb qeveria b\u00ebn shum\u00eb gabime dhe krijon boshll\u00ebqe aq t\u00eb m\u00ebdha sa mund t\u00eb kaloj\u00eb nj\u00eb kamion. Disa dit\u00eb, mendoj q\u00eb nuk do m\u00eb vinte keq t\u00eb merrja n\u00eb dor\u00eb pun\u00ebn p\u00ebr zgjedhjet n\u00eb PD sepse shoh shum\u00eb gabime nga PS n\u00eb lidhje me ftohjen e atyre q\u00eb mund t\u00eb konvertohen\u2026Ky\u00e7i \u00ebsht\u00eb t\u00eb punosh me partner\u00eb t\u00eb besuesh\u00ebm nd\u00ebrkomb\u00ebtar\u00eb, OSBE, ODIHR, K\u00ebshilli i Europ\u00ebs, disa prej vendeve kryesore europiane. Edhe ne jemi t\u00eb gatsh\u00ebm t\u00eb ndihmojm\u00eb megjith\u00ebse, t\u00eb them t\u00eb drejt\u00ebn, sistemi amerikan \u00ebsht\u00eb aq i ndrysh\u00ebm sa nuk di sa mund t\u00eb zhvendoset k\u00ebtu. Por kemi shum\u00eb k\u00ebshilla filozofike si dhe shum\u00eb ekspertiz\u00eb konkrete q\u00eb mendoj mund t\u00eb kontribuoj\u00eb.<\/p>\n<p>Por, Kodi duhet t\u00eb forcohet patjet\u00ebr sepse zgjedhjet e majit t\u00eb shkuar e b\u00ebn\u00eb t\u00eb qart\u00eb deri n\u00eb dhimbje q\u00eb ka disa boshll\u00ebqe, ka disa probleme. Nuk ka nevoj\u00eb t\u2019i kthehemi argumenteve pro e kund\u00ebr, problemi \u00ebsht\u00eb q\u00eb nuk duhet t\u00eb kishte pasur fare kund\u00ebrshti. Ky num\u00ebrimi i votave t\u00eb hedhura gabim, sinqerisht, mua dhe v\u00ebzhguesve t\u00eb tjer\u00eb na u paraqit se ishte shum\u00eb e qart\u00eb \u00e7far\u00eb do t\u00eb ndodhte. Por, nuk ishte e shkruar, nuk ishte n\u00eb ndonj\u00eb Kod t\u00eb caktuar, edhe pse njer\u00ebzit prisnin q\u00eb gj\u00ebrat t\u00eb merrnin nj\u00eb drejtim t\u00eb caktuar. Partia n\u00eb pushtet paraqiti nj\u00eb pik\u00eb t\u00eb mir\u00eb filozofike \u2013 q\u00ebllimi i votuesit, edhe pse un\u00eb thash\u00eb, q\u00ebllimi i votuesit \u00ebsht\u00eb gj\u00eb e mir\u00eb, por gj\u00eb e mir\u00eb \u00ebsht\u00eb edhe t\u00eb ket\u00eb rregulla dhe k\u00ebto rregulla t\u00eb zbatohen; pra, ka boshll\u00ebqe q\u00eb duhen trajtuar. Mendoj se \u00ebsht\u00eb b\u00ebr\u00eb pak p\u00ebrparim koh\u00ebt e fundit.<\/p>\n<p>\u00cbsht\u00eb e r\u00ebnd\u00ebsishme q\u00eb dy pal\u00ebve t\u00eb mos u shp\u00ebtoj\u00eb nga syt\u00eb fakti se sa e r\u00ebnd\u00ebsishme \u00ebsht\u00eb q\u00eb t\u00eb vazhdoj\u00eb p\u00ebrparimi. Ka nj\u00ebfar\u00eb urgjence kohore dhe shpresoj q\u00eb ka nj\u00eb m\u00ebnyr\u00eb p\u00ebr t\u00eb p\u00ebrfshir\u00eb disa prej pik\u00ebpamjeve t\u00eb partive t\u00eb vogla. Ndoshta e keni d\u00ebgjuar q\u00eb ka nj\u00eb mekaniz\u00ebm korrektimi komb\u00ebtar, term teknik. Por, sistemi i tanish\u00ebm, r\u00ebn\u00eb dakord midis Z. Berisha dhe Z. Rama n\u00eb vitin 2009, n\u00eb fakt e b\u00ebn shum\u00eb t\u00eb v\u00ebshtir\u00eb p\u00ebr partit\u00eb m\u00eb t\u00eb vogla q\u00eb t\u00eb sigurojn\u00eb nj\u00eb p\u00ebrfaq\u00ebsim n\u00eb parlament q\u00eb t\u00eb jet\u00eb n\u00eb p\u00ebrpjestim me numrin e votave q\u00eb marrin. Nuk mendoj se ka njeri q\u00eb t\u00eb mendoj\u00eb se vendit i duhet nj\u00eb rishikim total i sistemit zgjedhor, por ka disa p\u00ebrshtatje ky\u00e7e q\u00eb duhen b\u00ebr\u00eb q\u00eb n\u00eb fund, n\u00eb vitin 2013, kur votuesit t\u00eb votojn\u00eb, ata t\u00eb ken\u00eb nj\u00eb lloj besimi q\u00eb votat e tyre do t\u00eb num\u00ebrohen me korrekt\u00ebsi.<\/p>\n<p><strong>Meqen\u00ebse jam k\u00ebtu, po i kthehem disa pyetjeve rajonale, stabiliteti rajonal apo mungesa e tij. A do thonit q\u00eb ka ende \u00e7\u00ebshtje t\u00eb pazgjidhura sigurie p\u00ebrreth Shqip\u00ebris\u00eb n\u00eb rajon dhe n\u00ebse \u00ebsht\u00eb k\u00ebshtu, si mundet Shqip\u00ebria, Tirana q\u00eb t\u00eb shmang\u00eb p\u00ebrfshirjen n\u00eb disa prej paq\u00ebndrueshm\u00ebrive t\u00eb mundshme n\u00eb Maqedoni, Kosov\u00eb, apo edhe Greqi? Greqia ka p\u00ebrpara zgjedhje me shum\u00eb pesh\u00eb pas dy muajsh dhe k\u00ebto mund t\u00eb ngren\u00eb skeptrin e nacionalizmit n\u00eb vend, apo proteksionizmin? Cili do ishte mesazhi juaj p\u00ebr cil\u00ebndo qeveria shqiptare p\u00ebr sa i p\u00ebrket rolit t\u00eb saj n\u00eb rajon?<\/strong><\/p>\n<p>P\u00ebrmend\u00ebt disa prej vendeve fqinje dhe ndoshta duhet t\u2019ua l\u00eb homolog\u00ebve t\u00eb mi n\u00eb ato vende dhe Uashingtonit q\u00eb t\u00eb merren me kuadrin e p\u00ebrgjithsh\u00ebm, por nga perspektiva jon\u00eb k\u00ebtu n\u00eb Shqip\u00ebri, jemi shum\u00eb t\u00eb k\u00ebnaqur me faktin q\u00eb Shqip\u00ebria \u00ebsht\u00eb nj\u00eb kontribuese e madhe p\u00ebr stabilitetin rajonal. Shqip\u00ebria \u00ebsht\u00eb nj\u00eb fqinj\u00eb e mir\u00eb. kjo \u00ebsht\u00eb pjes\u00ebrisht reflektim i statusit t\u00eb saj n\u00eb NATO por edhe zhvillim n\u00eb t\u00eb menduarit shqiptar n\u00eb 21 vitet e fundit. Kjo \u00ebsht\u00eb di\u00e7ka e mir\u00eb dhe me r\u00ebnd\u00ebsi. \u00cbsht\u00eb di\u00e7ka q\u00eb ua p\u00ebrmend vizitor\u00ebve nga SHBA. Kemi pasur disa kongresmen\u00eb p\u00ebr vizit\u00eb, do donim t\u00eb kishim disa senator\u00eb, por gjithsesi, \u00ebsht\u00eb di\u00e7ka q\u00eb un\u00eb e them gjithmon\u00eb q\u00eb Shqip\u00ebria \u00ebsht\u00eb nj\u00eb eksportuese neto e siguris\u00eb, e stabilitetin n\u00eb rajon; nj\u00eb aleate e p\u00ebrgjegjshme e NATO-s, kontribuon n\u00eb p\u00ebrpjekjen e ISAF n\u00eb Afganistan; dy jav\u00eb m\u00eb par\u00eb p\u00ebrjetoi nj\u00eb humbje tragjike, humbjen e par\u00eb n\u00eb luftim. Liria vjen me nj\u00eb \u00e7mim dhe \u00ebsht\u00eb e dhimbshme, si\u00e7 e dim\u00eb ne amerikan\u00ebt, \u00e7do dit\u00eb, dhe ky realitet i ashp\u00ebr e goditi Shqip\u00ebrin\u00eb, por vendi nuk u tut.<\/p>\n<p>K\u00ebtu i marrin seriozisht angazhimet e tyre p\u00ebr sigurin\u00eb. Pra, p\u00ebr k\u00ebt\u00eb perspektiv\u00eb jam besimplot\u00eb. Mendoj q\u00eb Shqip\u00ebria b\u00ebn nj\u00eb pun\u00eb t\u00eb arsyeshme me avokimin p\u00ebr Kosov\u00ebn n\u00eb forume nd\u00ebrkomb\u00ebtare. Kosova \u00ebsht\u00eb e aft\u00eb t\u00eb kujdeset p\u00ebr interesat e veta si\u00e7 tregoi marr\u00ebveshja e fundit, bisedimet teknike midis Serbis\u00eb dhe Kosov\u00ebs, por nuk \u00ebsht\u00eb sekret q\u00eb avokat\u00ebt m\u00eb t\u00eb fort\u00eb t\u00eb Kosov\u00ebs n\u00eb bot\u00eb jan\u00eb Shtetet e Bashkuara dhe Shqip\u00ebria; ndaj, punojm\u00eb shum\u00eb ngusht\u00eb, krah p\u00ebr krah me Shqip\u00ebrin\u00eb n\u00eb k\u00ebt\u00eb kuptim. Ka pasur disa diskutime lidhur me l\u00ebvizjen e Aleanc\u00ebs Kuq e Zi k\u00ebtu. Cilat jan\u00eb pasojat, p\u00ebrfundimet? Kam shprehur tri pika baz\u00eb, t\u00eb cilat jan\u00eb: q\u00eb patriotizmi \u00ebsht\u00eb di\u00e7ka e mir\u00eb. \u00cbsht\u00eb nj\u00eb dimension pozitiv n\u00eb psikik\u00ebn e \u00e7do vendi, n\u00eb p\u00ebrb\u00ebrjen e popullsis\u00eb, dhe \u00ebsht\u00eb e v\u00ebrtet\u00eb edhe k\u00ebtu. S\u00eb dyti, platforma e Aleanc\u00ebs Kuq e Zi, e cila n\u00eb fakt \u00ebsht\u00eb duke u zhvilluar disi, por, si mund t\u00eb dal\u00ebsh kund\u00ebr tyre kur b\u00ebjn\u00eb thirrje p\u00ebr qeverisje m\u00eb t\u00eb efektshme, p\u00ebr transparenc\u00eb?<\/p>\n<p>\u00cbsht\u00eb di\u00e7ka q\u00eb e b\u00ebjm\u00eb edhe ne edhe shqiptar\u00eb t\u00eb tjer\u00eb t\u00eb p\u00ebrgjegjsh\u00ebm, pra \u00ebsht\u00eb di\u00e7ka e mir\u00eb. Nd\u00ebrsa pika e tret\u00eb q\u00eb ngre un\u00eb \u00ebsht\u00eb q\u00eb \u00ebsht\u00eb me shum\u00eb r\u00ebnd\u00ebsi q\u00eb cilido n\u00eb Shqip\u00ebri, qofsh pjes\u00eb e AK-s\u00eb, n\u00eb shkoll\u00eb, ose n\u00ebse nuk mb\u00ebshtet k\u00ebnd, qofsh pjes\u00eb e l\u00ebvizjes Refresh, forumi rinor i PS, apo forumi rinor i PD, t\u00eb njoh\u00eb r\u00ebnd\u00ebsin\u00eb e stabilitetit rajonal dhe se si Shqip\u00ebria shihet si kontribuese n\u00eb t\u00eb. Askush nuk duhet t\u00eb b\u00ebj\u00eb di\u00e7ka q\u00eb mund ta rrezikonte k\u00ebt\u00eb statur\u00eb. Sepse, sigurisht nuk do shihej me sy t\u00eb mir\u00eb n\u00eb Uashington e n\u00eb rajon, por po kaq e r\u00ebndishme \u00ebsht\u00eb q\u00eb nuk do shihej me sy t\u00eb mir\u00eb as k\u00ebtu.<\/p>\n<p><strong>Po vazhdoj k\u00ebtu. Cilat mendoni jan\u00eb shanset, mekanizmat m\u00eb t\u00eb mira p\u00ebr bashk\u00ebpunim rajonal ku Shqip\u00ebria mund t\u00eb luaj\u00eb nj\u00eb rol? Infrastruktura e energjis\u00eb, tregtia, investimet e p\u00ebrbashk\u00ebta? Cila \u00ebsht\u00eb vlera e shtuar e Shqip\u00ebris\u00eb p\u00ebr Ballkanin si rajon?<\/strong><\/p>\n<p>T\u00eb gjitha k\u00ebto m\u00eb sip\u00ebr dhe mendoj q\u00eb mund t\u00eb thelloheshim edhe m\u00eb tej n\u00eb disa specifika, por meq\u00eb ngrit\u00ebt pyetjen, mendoj q\u00eb ka t\u00eb b\u00ebj\u00eb me q\u00ebndrimin. Q\u00eb do t\u00eb thot\u00eb, kur flas p\u00ebr rolin e Shqip\u00ebris\u00eb me njer\u00ebzit e t\u00eb gjitha krah\u00ebve, \u00ebsht\u00eb e natyrshme q\u00eb njer\u00ebzit t\u00eb flasin p\u00ebr Kosov\u00ebn; d\u00ebgjoj shum\u00eb p\u00ebr shqiptar\u00ebt etnik\u00eb n\u00eb Maqedoni, 25 p\u00ebrqind apo diku aty; flasin p\u00ebr Lugin\u00ebn e Preshev\u00ebs n\u00eb Serbi dhe shqiptar\u00ebt n\u00eb Malin e Zi. Dhe m\u00eb vjen mir\u00eb. \u00cbsht\u00eb e r\u00ebnd\u00ebsishme t\u00eb kujdesesh p\u00ebr t\u00eb drejtat e pakicave, sidomos n\u00eb nj\u00eb vend si Maqedonia dhe meq\u00eb Shqip\u00ebria po feston 100-vjetorin e pavar\u00ebsis\u00eb mendoj q\u00eb k\u00ebto lloj shqet\u00ebsimesh p\u00ebr ata q\u00eb konsiderohen shqiptar\u00eb, dalin n\u00eb plan t\u00eb par\u00eb. \u00cbsht\u00eb me r\u00ebnd\u00ebsi.<\/p>\n<p>Por, p\u00ebr 100 vitet e ardhshme, n\u00eb k\u00ebt\u00eb mjedis ekonomik global konkurrues, globalizim, apo nd\u00ebrvar\u00ebsi, sido q\u00eb ta quash, \u00ebsht\u00eb nj\u00eb vend i vog\u00ebl. \u00cbsht\u00eb bekuar me burime jo t\u00eb pakta, nuk ka boll\u00ebk por ka nj\u00eb industri nxjerr\u00ebse, ka potencial t\u00eb madh p\u00ebr turiz\u00ebm, zhvillim n\u00eb bregdet, energjia nga uji, frutat e arror\u00ebt si\u00e7 i p\u00eblqen Kryeministrit t\u00eb thot\u00eb, ka potencial. Por, \u00ebsht\u00eb vend i vog\u00ebl. Disa prej projekteve t\u00eb infrastruktur\u00ebs, rrjeti rrugor, \u00ebsht\u00eb mbres\u00ebl\u00ebn\u00ebse. Duhet b\u00ebr\u00eb dhe \u00ebsht\u00eb i kushtuesh\u00ebm. Kam besim q\u00eb vendin e drejtojn\u00eb rojtar\u00eb ekonomik\u00eb q\u00eb e kuptojn\u00eb se sa r\u00ebnd\u00ebsi ka t\u00eb mos merret m\u00eb shum\u00eb borxh se sa mund t\u00eb sh\u00ebrbej\u00eb vendi, por k\u00ebto projekte duhet t\u00eb ecin p\u00ebrpara. Megjithat\u00eb, p\u00ebr mua, shqiptar\u00ebt dhe vendi duhet t\u00eb ken\u00eb parasysh kat\u00ebr. Duhet t\u00eb mendojn\u00eb p\u00ebr Shqip\u00ebrin\u00eb, Kosov\u00ebn, Maqedonin\u00eb dhe Malin e Zi.<\/p>\n<p>Duhet t\u00eb ket\u00eb m\u00eb shum\u00eb diskutim, m\u00eb shum\u00eb planifikim konkret p\u00ebr m\u00ebnyrat p\u00ebr t\u2019i integruar k\u00ebto kat\u00ebr ekonomi sepse kan\u00eb p\u00ebrreth vende m\u00eb t\u00eb m\u00ebdha; partner\u00ebt ekonomik\u00eb tradicionall\u00eb t\u00eb Shqip\u00ebris\u00eb, kryesisht Greqia dhe Italia. Mund t\u00eb shihet m\u00eb tej n\u00eb veri tek Serbia, n\u00eb lindje tek Rumania dhe Bullgaria, madje edhe m\u00eb tej. Me kalimin e koh\u00ebs, do jet\u00eb e domosdoshme p\u00ebr Shqip\u00ebrin\u00eb si vend q\u00eb t\u00eb rris\u00eb nivelin e standardeve t\u00eb arsimit. Arsimi baz\u00eb k\u00ebtu \u00ebsht\u00eb i shk\u00eblqyer mendoj, niveli i nd\u00ebrgjegj\u00ebsimit, shum\u00eb njer\u00ebz jan\u00eb praktikisht tri-gjuh\u00ebsh, me italishten dhe anglishten, di\u00e7ka mbres\u00ebl\u00ebn\u00ebse kjo. Por, duhen rritur standardet q\u00eb t\u00eb ket\u00eb m\u00eb shum\u00eb specializim, m\u00eb shum\u00eb shprehi teknike. E gjith\u00eb kjo \u00ebsht\u00eb shum\u00eb e r\u00ebnd\u00ebsishme dhe duhet b\u00ebr\u00eb\u2026Mendoj q\u00eb ka fillur si dialog i kat\u00ebrshes, p\u00ebr m\u00eb shum\u00eb integrim rajonal, por do t\u00eb m\u00eb p\u00eblqente t\u00eb p\u00ebrshpejtohej, duke filluar nga ky vit.<\/p>\n<p><strong>Po kaloj n\u00eb pyetjet e fundit. P\u00ebr fat t\u00eb keq koh\u00ebn e kemi gjithmon\u00eb t\u00eb kufizuar; do doja m\u00eb shum\u00eb. Le t\u00eb shohim marr\u00ebdh\u00ebniet Shqip\u00ebri-SHBA, dypal\u00ebshe. \u00cbsht\u00eb 100-vjetori i Shqip\u00ebris\u00eb si vend i pavarur, m\u00eb von\u00eb k\u00ebt\u00eb vit. Nga pik\u00ebpamja e k\u00ebtij p\u00ebrvjetori, \u00ebsht\u00eb arritur shum\u00eb. Sigurisht, marr\u00ebdh\u00ebniet shqiptaro-amerikane kan\u00eb qendruar historikisht n\u00eb themele t\u00eb forta, ve\u00e7 periudh\u00ebs komuniste kur ishin krejt t\u00eb ngrira, por kjo \u00ebsht\u00eb di\u00e7ka tjet\u00ebr; \u00e7far\u00eb prisni, jo 100 vitet e ardhshme se v\u00ebshtir\u00eb t\u00eb parashikohet, por dhjet\u00ebvje\u00e7arin e ardhsh\u00ebm, ku duhet t\u00eb p\u00ebrqendrohen SHBA dhe Shqip\u00ebria? N\u00eb \u00e7\u2019pik\u00eb mund t\u00eb konsolidohen, zhvillohen, p\u00ebrparojn\u00eb, forcohen m\u00eb tej ato? Ku do t\u2019i shihnit mund\u00ebsit\u00eb?<\/strong><\/p>\n<p>Si\u00e7 e vut\u00eb n\u00eb dukje, v\u00ebshtir\u00eb t\u00eb gjesh n\u00eb tjet\u00ebrkund n\u00eb bot\u00eb nj\u00eb partneritet m\u00eb t\u00eb efektsh\u00ebm dhe t\u00eb mir\u00ebfillt\u00eb se sa ai q\u00eb ekziston mes Shteteve t\u00eb Bashkuara dhe Shqip\u00ebris\u00eb. M\u00eb ka shtangur prej dit\u00ebs sime t\u00eb par\u00eb k\u00ebtu. Dhe \u00ebsht\u00eb e mir\u00ebfillt\u00eb, e ndjer\u00eb, e gjith\u00eb sindroma Udrou Uillson, si\u00e7 e quaj un\u00eb. Fakti q\u00eb Presidenti Xhorxh Bush kur erdhi pati nj\u00eb pritje ngaz\u00ebllyese, dhe po t\u00eb vinte Presidenti Obama, do ndodhte po nj\u00ebsoj; iu them njer\u00ebzve n\u00eb SHBA, v\u00ebshtir\u00eb t\u00eb gjesh n\u00eb t\u00eb nj\u00ebjt\u00ebn turm\u00eb si mb\u00ebshtet\u00ebs t\u00eb m\u00ebdhenj t\u00eb Obam\u00ebs apo t\u00eb Bushit, ndoshta do ishin n\u00eb turma t\u00eb ndryshme. Kjo flet shum\u00eb p\u00ebr ngroht\u00ebsin\u00eb dhe miq\u00ebsin\u00eb e mir\u00ebfillt\u00eb. Dhe t\u00eb them t\u00eb drejt\u00ebn, jemi krenar\u00eb p\u00ebr kontributin tone, ndon\u00ebse i vog\u00ebl, kemi qen\u00eb n\u00eb an\u00ebn e duhur t\u00eb historis\u00eb p\u00ebr sa i p\u00ebrket Shqip\u00ebris\u00eb. Mund t\u00eb them q\u00eb do m\u00eb p\u00eblqente t\u00eb promovoja m\u00eb shum\u00eb investime direkte amerikane k\u00ebtu. Mendoj do t\u00eb ishte fantastike p\u00ebr vendin.<\/p>\n<p>Do m\u00eb p\u00eblqente t\u00eb shihja m\u00eb shum\u00eb projekte infrastrukture, ka qen\u00eb Behtel dhe t\u00eb tjer\u00eb disi, aeroporti N\u00ebn\u00eb Tereza, Fondi Shqiptaro-Amerikan i Sip\u00ebrmarrjes, kemi pasur rol t\u00eb madh tek ky. Qendra e madhe tregtare k\u00ebtu af\u00ebr, Tirana East Gate, nj\u00eb mjedis mbres\u00ebl\u00ebn\u00ebs. Pra, veprimtaria ekonomike, shk\u00ebmbimet akademike, t\u00eb gjitha k\u00ebto jan\u00eb me shum\u00eb r\u00ebnd\u00ebsi. Do doja t\u00eb p\u00ebrgjigjesha n\u00eb nj\u00eb m\u00ebnyr\u00eb q\u00eb mund t\u00eb shkaktoj\u00eb kund\u00ebrshti tek disa nga shikuesit. Mendoj q\u00eb hera-her\u00ebs ka nj\u00eb prirje tek shqiptar\u00ebt p\u00ebr t\u00eb menduar q\u00eb p\u00ebr shkak t\u00eb k\u00ebsaj marr\u00ebdh\u00ebnieje t\u00eb ve\u00e7ant\u00eb organike, e cila \u00ebsht\u00eb e mir\u00ebfillt\u00eb dhe un\u00eb si ambasador amerikan e vler\u00ebsoj shum\u00eb, por p\u00ebr shkak t\u00eb k\u00ebsaj marr\u00ebdh\u00ebnieje dhe forc\u00ebs s\u00eb saj, q\u00eb ndoshta q\u00ebndrimi kundrejt Europ\u00ebs \u2013 i kthehemi \u00e7\u00ebshtjes s\u00eb integrimit \u2013 sikur ka pik\u00ebpyetje a \u00ebsht\u00eb v\u00ebrtet aq kritik, aq i r\u00ebnd\u00ebsish\u00ebm? Sigurisht do te ndodhe me kalimin e kohes, por mendoj se hera heres, per shkak se marredheniet me Shtetet e Bashkuara jane aq te mira, ka nje lloj zbehje te dedikimit.<\/p>\n<p><strong>Do jet\u00eb gjithmon\u00eb Amerika, s\u2019ka \u00e7\u2019na duhet Europa?<\/strong><\/p>\n<p>Pik\u00ebrisht, e that\u00eb shum\u00eb shkurt e drejt. Mendoj \u00ebsht\u00eb di\u00e7ka fatkeqe sepse nuk \u00ebsht\u00eb ose kjo ose ajo, duhet t\u00eb shkojn\u00eb krah p\u00ebr krah. Nuk dua q\u00eb n\u00eb fund t\u2019iu l\u00eb shikuesve tuaj mendimin se ndoshta ne nuk e vler\u00ebsojm\u00eb\u2026 Jo, e vler\u00ebsojm\u00eb sa s\u2019ka ku t\u00eb shkoj\u00eb, por mendoj q\u00eb \u00e7do shqiptar q\u00eb mendon n\u00eb at\u00eb m\u00ebnyr\u00eb, \u00ebsht\u00eb e padrejt\u00eb p\u00ebr perspektiv\u00ebn, p\u00ebr shpres\u00ebn p\u00ebr vendin. Shqip\u00ebria \u00ebsht\u00eb n\u00eb Europ\u00eb. Vendi i duhur \u00ebsht\u00eb n\u00eb k\u00ebt\u00eb kontinent dhe sa m\u00eb i madh integrimi, sa m\u00eb shpejt t\u00eb arrihet integrimi, aq m\u00eb mir\u00eb p\u00ebr vendin dhe qytetar\u00ebt e tij. Marr\u00ebdh\u00ebniet me Shtetet e Bashkuara n\u00eb fakt do p\u00ebrparonin sepse do kishte m\u00eb shum\u00eb zhvillim k\u00ebtu dhe m\u00eb shum\u00eb shk\u00ebmbime aktive. K\u00ebt\u00eb doja t\u00eb thoja. Shqiptar\u00ebt thon\u00eb: E duam Amerik\u00ebn! Un\u00eb them: Edhe ne ju duam! Por gjeni nj\u00eb m\u00ebnyr\u00eb q\u00eb nj\u00eb pjes\u00eb e k\u00ebsaj energjie dhe ndjenjave t\u00eb kanalizohen p\u00ebr m\u00eb shum\u00eb veprim t\u00eb p\u00ebrbashk\u00ebt n\u00eb frontin e integrimit.<\/p>\n<p><strong>M\u00eb lini t\u2019ju pyes p\u00ebr t\u00eb kund\u00ebrt\u00ebn e k\u00ebsaj. Nga disa analist\u00eb n\u00eb Shqip\u00ebri por edhe jasht\u00eb, d\u00ebgjoj q\u00eb Shqip\u00ebria \u00ebsht\u00eb nj\u00eb lloj gjysm\u00eb-protektorati i fuqive nd\u00ebrkomb\u00ebtare, sidomos SHBA. Si do t\u2019iu p\u00ebrgjigjeshit? A ka nevoj\u00eb p\u00ebr mbrojtje Shqip\u00ebria? A i duhet mbikqyrje teksa zhvillon institucionet e saj? Si iu p\u00ebrgjigjeni?<\/strong><\/p>\n<p>Nuk e kap\u00ebrdij dot. Kam d\u00ebgjuar disa q\u00eb e thon\u00eb, por k\u00ebto jan\u00eb vendime t\u00eb nd\u00ebrgjegjshme t\u00eb disa qeverive shqiptare. N\u00eb vite ka pasur disa kryeministra. Drejtimi baz\u00eb i politik\u00ebs s\u00eb Shqip\u00ebris\u00eb \u00ebsht\u00eb q\u00eb marr\u00ebdh\u00ebniet me jasht\u00eb nuk jan\u00eb l\u00ebkundur kurr\u00eb. Z. Berisha ka qen\u00eb n\u00eb pushtet p\u00ebr nj\u00eb num\u00ebr vitesh; para tij ka qen\u00eb Z. Nano. Kishte periudha t\u00eb shkurtra kur ishin njer\u00ebz si Ilir Meta apo Pandeli Majko\u2026 Kushdo q\u00eb t\u00eb fitoj\u00eb n\u00eb vitin 2013, apo 2017 dhe m\u00eb tej, do prisja q\u00eb drejtimi i p\u00ebrgjithsh\u00ebm i marr\u00ebdh\u00ebnieve t\u00eb jashtme t\u00eb Shqip\u00ebris\u00eb t\u00eb vazhdonte. Dhe k\u00ebt\u00eb nuk e them aspak sikur ne marrim ndonj\u00eb gj\u00eb si t\u00eb qen\u00eb. I vler\u00ebsojm\u00eb pa mas\u00eb kontributet pozitive t\u00eb Shqip\u00ebris\u00eb n\u00eb rajon, me statusin e saj n\u00eb NATO, faktin q\u00eb do q\u00eb t\u00eb jet\u00eb pjes\u00eb e integruar e bashk\u00ebsis\u00eb euroatlantike.<\/p>\n<p>A \u00ebsht\u00eb per\u00ebndimi i shqet\u00ebsuar p\u00ebr zhvillimet? A duam t\u00eb jemi mb\u00ebshtet\u00ebs? Absolutisht. Por \u00ebsht\u00eb nj\u00eb rrug\u00eb me dy drejtime. Fakti \u00ebsht\u00eb q\u00eb me k\u00ebt\u00eb nivel zhvillimi, megjith\u00ebse \u00ebsht\u00eb p\u00ebrmir\u00ebsuar, Shqip\u00ebria \u00ebsht\u00eb nj\u00eb prej vendeve t\u00eb varfra n\u00eb Europ\u00eb ndon\u00ebse po ngjitet drejt vendeve me nivel t\u00eb mesm\u00eb t\u00eb ardhurash. Pra p\u00ebrparimi nuk diskutohet. Thjesht duhet t\u00eb gjejm\u00eb nj\u00eb m\u00ebnyr\u00eb q\u00eb Shqip\u00ebria t\u00eb kap\u00ebrcej\u00eb ng\u00ebr\u00e7in dhe t\u00eb rifilloj\u00eb udh\u00ebtimin. Por si protektorat nuk e shoh. K\u00ebto jan\u00eb vendime t\u00eb nd\u00ebrgjegjshme t\u00eb marra nga udh\u00ebheq\u00ebs t\u00eb zgjedhur t\u00eb vendit dhe nga populli si i t\u00ebr\u00eb.<\/p>\n<p><strong>Pyetja e fundit. Kemi edhe ne zgjedhjet tona n\u00eb n\u00ebntor. Nuk do mundohem t\u00eb gjej fituesin; e pamundur. Mund t\u00eb parashikosh kush do jet\u00eb kandidati republikan tani; s\u2019mundet. A do ndryshoj\u00eb politika amerikane ndaj Shqip\u00ebris\u00eb, ndaj rajonit, apo mendoni se do t\u00eb ket\u00eb konseguenc\u00eb pavar\u00ebsisht nga zgjedhjet tona presidenciale?<\/strong><\/p>\n<p>V\u00ebshtir\u00eb t\u00eb imagjinosh ndonj\u00eb rezultat q\u00eb do \u00e7onte n\u00eb zhvendosje a ndryshim n\u00eb politik\u00ebn amerikane kundjret rajonit; sigurisht jo kundrejt Shqip\u00ebris\u00eb. Kam pasur k\u00ebnaq\u00ebsin\u00eb t\u00eb diskutoj p\u00ebr Shqip\u00ebrin\u00eb me p\u00ebrfaq\u00ebsues dhe ndihm\u00ebs t\u00eb t\u00eb dy krah\u00ebve n\u00eb kongres, dhe e di q\u00eb ka shum\u00eb \u00e7\u00ebshtje p\u00ebr t\u00eb cilat nuk jan\u00eb gjithmon\u00eb n\u00eb nj\u00eb mendje, por kur vjen fjala p\u00ebr Shqip\u00ebrin\u00eb, nuk kam d\u00ebgjuar kurr\u00eb nj\u00eb not\u00eb t\u00eb vetme q\u00eb t\u00eb stonoj\u00eb. Kur kthej syt\u00eb n\u00eb vitet e fundit, administrata Klinton\u2026dy administrata Klinton, dy administrata Bush, nj\u00eb administrat\u00eb Obama, deri tani, shoh konseguenc\u00eb mbres\u00ebl\u00ebn\u00ebse n\u00eb p\u00ebrmbajtje dhe se ku vihet theksi, si nga drejtimi \u201cd\u00ebrgoj\u201d ashtu edhe nga ai \u201cmarr.\u201d Dhe mendoj se kjo \u00ebsht\u00eb di\u00e7ka e mir\u00eb.<\/p>\n","protected":false},"excerpt":{"rendered":"<p>TemA, 8 Mars 2012 Ambasadori amerikan: Viti 2009 ishte vit kthese n\u00eb kuptimin negativ. Si mund t\u00eb dal\u00ebsh kund\u00ebr Aleanc\u00ebs Kuq e Zi kur b\u00ebjn\u00eb thirrje p\u00ebr qeverisje m\u00eb t\u00eb efektshme, p\u00ebr transparenc\u00eb? Ambasadori amerikan, Aleksand\u00ebr Arvizu, ka dh\u00ebn\u00eb nj\u00eb intervist\u00eb p\u00ebr analistin Janush Bugajski n\u00eb Albanian Screen. Me tone t\u00eb forta, ambasadori ka theksuar [&hellip;]<\/p>\n","protected":false},"author":1,"featured_media":0,"comment_status":"open","ping_status":"closed","sticky":false,"template":"","format":"standard","meta":{"footnotes":""},"categories":[2,4],"tags":[],"class_list":{"0":"post-11733","1":"post","2":"type-post","3":"status-publish","4":"format-standard","6":"category-artikuj","7":"category-intervista"},"yoast_head":"<!-- This site is optimized with the Yoast SEO plugin v27.4 - https:\/\/yoast.com\/product\/yoast-seo-wordpress\/ -->\n<title>INTERVISTA E PLOTE\/ Arvizu: Qeveria vuan nga \u201clodhja nga pushteti\u201d - FjALA e LIR\u00cb - Arkivi<\/title>\n<meta name=\"robots\" content=\"index, follow, max-snippet:-1, max-image-preview:large, max-video-preview:-1\" \/>\n<link rel=\"canonical\" href=\"https:\/\/fjala.info\/2009-2015\/intervista-e-plote-arvizu-qeveria-vuan-nga-lodhja-nga-pushteti\/\" \/>\n<meta property=\"og:locale\" content=\"sq_AL\" \/>\n<meta property=\"og:type\" content=\"article\" \/>\n<meta property=\"og:title\" content=\"INTERVISTA E PLOTE\/ Arvizu: Qeveria vuan nga \u201clodhja nga pushteti\u201d - FjALA e LIR\u00cb - Arkivi\" \/>\n<meta property=\"og:description\" content=\"TemA, 8 Mars 2012 Ambasadori amerikan: Viti 2009 ishte vit kthese n\u00eb kuptimin negativ. Si mund t\u00eb dal\u00ebsh kund\u00ebr Aleanc\u00ebs Kuq e Zi kur b\u00ebjn\u00eb thirrje p\u00ebr qeverisje m\u00eb t\u00eb efektshme, p\u00ebr transparenc\u00eb? Ambasadori amerikan, Aleksand\u00ebr Arvizu, ka dh\u00ebn\u00eb nj\u00eb intervist\u00eb p\u00ebr analistin Janush Bugajski n\u00eb Albanian Screen. Me tone t\u00eb forta, ambasadori ka theksuar [&hellip;]\" \/>\n<meta property=\"og:url\" content=\"https:\/\/fjala.info\/2009-2015\/intervista-e-plote-arvizu-qeveria-vuan-nga-lodhja-nga-pushteti\/\" \/>\n<meta property=\"og:site_name\" content=\"FjALA e LIR\u00cb - Arkivi\" \/>\n<meta property=\"article:published_time\" content=\"2012-03-09T09:16:29+00:00\" \/>\n<meta property=\"og:image\" content=\"http:\/\/www.shkoder.net\/2012\/arvizu_berisha_takim.jpg\" \/>\n<meta name=\"author\" content=\"admin\" \/>\n<meta name=\"twitter:card\" content=\"summary_large_image\" \/>\n<meta name=\"twitter:label1\" content=\"Written by\" \/>\n\t<meta name=\"twitter:data1\" content=\"admin\" \/>\n\t<meta name=\"twitter:label2\" content=\"Est. reading time\" \/>\n\t<meta name=\"twitter:data2\" content=\"39 minutes\" \/>\n<script type=\"application\/ld+json\" class=\"yoast-schema-graph\">{\"@context\":\"https:\\\/\\\/schema.org\",\"@graph\":[{\"@type\":\"Article\",\"@id\":\"https:\\\/\\\/fjala.info\\\/2009-2015\\\/intervista-e-plote-arvizu-qeveria-vuan-nga-lodhja-nga-pushteti\\\/#article\",\"isPartOf\":{\"@id\":\"https:\\\/\\\/fjala.info\\\/2009-2015\\\/intervista-e-plote-arvizu-qeveria-vuan-nga-lodhja-nga-pushteti\\\/\"},\"author\":{\"name\":\"admin\",\"@id\":\"https:\\\/\\\/fjala.info\\\/2009-2015\\\/#\\\/schema\\\/person\\\/3aa1163ef05469c496fc94e77611ada2\"},\"headline\":\"INTERVISTA E PLOTE\\\/ Arvizu: Qeveria vuan nga \u201clodhja nga pushteti\u201d\",\"datePublished\":\"2012-03-09T09:16:29+00:00\",\"mainEntityOfPage\":{\"@id\":\"https:\\\/\\\/fjala.info\\\/2009-2015\\\/intervista-e-plote-arvizu-qeveria-vuan-nga-lodhja-nga-pushteti\\\/\"},\"wordCount\":7839,\"commentCount\":0,\"publisher\":{\"@id\":\"https:\\\/\\\/fjala.info\\\/2009-2015\\\/#organization\"},\"image\":{\"@id\":\"https:\\\/\\\/fjala.info\\\/2009-2015\\\/intervista-e-plote-arvizu-qeveria-vuan-nga-lodhja-nga-pushteti\\\/#primaryimage\"},\"thumbnailUrl\":\"http:\\\/\\\/www.shkoder.net\\\/2012\\\/arvizu_berisha_takim.jpg\",\"articleSection\":[\"Artikuj\",\"Intervista\"],\"inLanguage\":\"sq-AL\",\"potentialAction\":[{\"@type\":\"CommentAction\",\"name\":\"Comment\",\"target\":[\"https:\\\/\\\/fjala.info\\\/2009-2015\\\/intervista-e-plote-arvizu-qeveria-vuan-nga-lodhja-nga-pushteti\\\/#respond\"]}]},{\"@type\":\"WebPage\",\"@id\":\"https:\\\/\\\/fjala.info\\\/2009-2015\\\/intervista-e-plote-arvizu-qeveria-vuan-nga-lodhja-nga-pushteti\\\/\",\"url\":\"https:\\\/\\\/fjala.info\\\/2009-2015\\\/intervista-e-plote-arvizu-qeveria-vuan-nga-lodhja-nga-pushteti\\\/\",\"name\":\"INTERVISTA E PLOTE\\\/ Arvizu: Qeveria vuan nga \u201clodhja nga pushteti\u201d - FjALA e LIR\u00cb - Arkivi\",\"isPartOf\":{\"@id\":\"https:\\\/\\\/fjala.info\\\/2009-2015\\\/#website\"},\"primaryImageOfPage\":{\"@id\":\"https:\\\/\\\/fjala.info\\\/2009-2015\\\/intervista-e-plote-arvizu-qeveria-vuan-nga-lodhja-nga-pushteti\\\/#primaryimage\"},\"image\":{\"@id\":\"https:\\\/\\\/fjala.info\\\/2009-2015\\\/intervista-e-plote-arvizu-qeveria-vuan-nga-lodhja-nga-pushteti\\\/#primaryimage\"},\"thumbnailUrl\":\"http:\\\/\\\/www.shkoder.net\\\/2012\\\/arvizu_berisha_takim.jpg\",\"datePublished\":\"2012-03-09T09:16:29+00:00\",\"breadcrumb\":{\"@id\":\"https:\\\/\\\/fjala.info\\\/2009-2015\\\/intervista-e-plote-arvizu-qeveria-vuan-nga-lodhja-nga-pushteti\\\/#breadcrumb\"},\"inLanguage\":\"sq-AL\",\"potentialAction\":[{\"@type\":\"ReadAction\",\"target\":[\"https:\\\/\\\/fjala.info\\\/2009-2015\\\/intervista-e-plote-arvizu-qeveria-vuan-nga-lodhja-nga-pushteti\\\/\"]}]},{\"@type\":\"ImageObject\",\"inLanguage\":\"sq-AL\",\"@id\":\"https:\\\/\\\/fjala.info\\\/2009-2015\\\/intervista-e-plote-arvizu-qeveria-vuan-nga-lodhja-nga-pushteti\\\/#primaryimage\",\"url\":\"http:\\\/\\\/www.shkoder.net\\\/2012\\\/arvizu_berisha_takim.jpg\",\"contentUrl\":\"http:\\\/\\\/www.shkoder.net\\\/2012\\\/arvizu_berisha_takim.jpg\"},{\"@type\":\"BreadcrumbList\",\"@id\":\"https:\\\/\\\/fjala.info\\\/2009-2015\\\/intervista-e-plote-arvizu-qeveria-vuan-nga-lodhja-nga-pushteti\\\/#breadcrumb\",\"itemListElement\":[{\"@type\":\"ListItem\",\"position\":1,\"name\":\"Home\",\"item\":\"https:\\\/\\\/fjala.info\\\/2009-2015\\\/\"},{\"@type\":\"ListItem\",\"position\":2,\"name\":\"INTERVISTA E PLOTE\\\/ Arvizu: Qeveria vuan nga \u201clodhja nga pushteti\u201d\"}]},{\"@type\":\"WebSite\",\"@id\":\"https:\\\/\\\/fjala.info\\\/2009-2015\\\/#website\",\"url\":\"https:\\\/\\\/fjala.info\\\/2009-2015\\\/\",\"name\":\"FjALA e LIR\u00cb - Arkivi\",\"description\":\"Arkivi 2009-2015\",\"publisher\":{\"@id\":\"https:\\\/\\\/fjala.info\\\/2009-2015\\\/#organization\"},\"potentialAction\":[{\"@type\":\"SearchAction\",\"target\":{\"@type\":\"EntryPoint\",\"urlTemplate\":\"https:\\\/\\\/fjala.info\\\/2009-2015\\\/?s={search_term_string}\"},\"query-input\":{\"@type\":\"PropertyValueSpecification\",\"valueRequired\":true,\"valueName\":\"search_term_string\"}}],\"inLanguage\":\"sq-AL\"},{\"@type\":\"Organization\",\"@id\":\"https:\\\/\\\/fjala.info\\\/2009-2015\\\/#organization\",\"name\":\"FjALA e LIR\u00cb - Arkivi\",\"url\":\"https:\\\/\\\/fjala.info\\\/2009-2015\\\/\",\"logo\":{\"@type\":\"ImageObject\",\"inLanguage\":\"sq-AL\",\"@id\":\"https:\\\/\\\/fjala.info\\\/2009-2015\\\/#\\\/schema\\\/logo\\\/image\\\/\",\"url\":\"\",\"contentUrl\":\"\",\"caption\":\"FjALA e LIR\u00cb - Arkivi\"},\"image\":{\"@id\":\"https:\\\/\\\/fjala.info\\\/2009-2015\\\/#\\\/schema\\\/logo\\\/image\\\/\"}},{\"@type\":\"Person\",\"@id\":\"https:\\\/\\\/fjala.info\\\/2009-2015\\\/#\\\/schema\\\/person\\\/3aa1163ef05469c496fc94e77611ada2\",\"name\":\"admin\",\"image\":{\"@type\":\"ImageObject\",\"inLanguage\":\"sq-AL\",\"@id\":\"https:\\\/\\\/fjala.info\\\/2009-2015\\\/wp-content\\\/uploads\\\/2012\\\/02\\\/arben_cokaj-120x150.jpg\",\"url\":\"https:\\\/\\\/fjala.info\\\/2009-2015\\\/wp-content\\\/uploads\\\/2012\\\/02\\\/arben_cokaj-120x150.jpg\",\"contentUrl\":\"https:\\\/\\\/fjala.info\\\/2009-2015\\\/wp-content\\\/uploads\\\/2012\\\/02\\\/arben_cokaj-120x150.jpg\",\"caption\":\"admin\"},\"description\":\"Admin, Fjala e Lir\u00eb\",\"sameAs\":[\"https:\\\/\\\/fjala.info\\\/\"],\"url\":\"https:\\\/\\\/fjala.info\\\/2009-2015\\\/author\\\/admin\\\/\"}]}<\/script>\n<!-- \/ Yoast SEO plugin. -->","yoast_head_json":{"title":"INTERVISTA E PLOTE\/ Arvizu: Qeveria vuan nga \u201clodhja nga pushteti\u201d - FjALA e LIR\u00cb - Arkivi","robots":{"index":"index","follow":"follow","max-snippet":"max-snippet:-1","max-image-preview":"max-image-preview:large","max-video-preview":"max-video-preview:-1"},"canonical":"https:\/\/fjala.info\/2009-2015\/intervista-e-plote-arvizu-qeveria-vuan-nga-lodhja-nga-pushteti\/","og_locale":"sq_AL","og_type":"article","og_title":"INTERVISTA E PLOTE\/ Arvizu: Qeveria vuan nga \u201clodhja nga pushteti\u201d - FjALA e LIR\u00cb - Arkivi","og_description":"TemA, 8 Mars 2012 Ambasadori amerikan: Viti 2009 ishte vit kthese n\u00eb kuptimin negativ. Si mund t\u00eb dal\u00ebsh kund\u00ebr Aleanc\u00ebs Kuq e Zi kur b\u00ebjn\u00eb thirrje p\u00ebr qeverisje m\u00eb t\u00eb efektshme, p\u00ebr transparenc\u00eb? Ambasadori amerikan, Aleksand\u00ebr Arvizu, ka dh\u00ebn\u00eb nj\u00eb intervist\u00eb p\u00ebr analistin Janush Bugajski n\u00eb Albanian Screen. Me tone t\u00eb forta, ambasadori ka theksuar [&hellip;]","og_url":"https:\/\/fjala.info\/2009-2015\/intervista-e-plote-arvizu-qeveria-vuan-nga-lodhja-nga-pushteti\/","og_site_name":"FjALA e LIR\u00cb - Arkivi","article_published_time":"2012-03-09T09:16:29+00:00","og_image":[{"url":"http:\/\/www.shkoder.net\/2012\/arvizu_berisha_takim.jpg","type":"","width":"","height":""}],"author":"admin","twitter_card":"summary_large_image","twitter_misc":{"Written by":"admin","Est. reading time":"39 minutes"},"schema":{"@context":"https:\/\/schema.org","@graph":[{"@type":"Article","@id":"https:\/\/fjala.info\/2009-2015\/intervista-e-plote-arvizu-qeveria-vuan-nga-lodhja-nga-pushteti\/#article","isPartOf":{"@id":"https:\/\/fjala.info\/2009-2015\/intervista-e-plote-arvizu-qeveria-vuan-nga-lodhja-nga-pushteti\/"},"author":{"name":"admin","@id":"https:\/\/fjala.info\/2009-2015\/#\/schema\/person\/3aa1163ef05469c496fc94e77611ada2"},"headline":"INTERVISTA E PLOTE\/ Arvizu: Qeveria vuan nga \u201clodhja nga pushteti\u201d","datePublished":"2012-03-09T09:16:29+00:00","mainEntityOfPage":{"@id":"https:\/\/fjala.info\/2009-2015\/intervista-e-plote-arvizu-qeveria-vuan-nga-lodhja-nga-pushteti\/"},"wordCount":7839,"commentCount":0,"publisher":{"@id":"https:\/\/fjala.info\/2009-2015\/#organization"},"image":{"@id":"https:\/\/fjala.info\/2009-2015\/intervista-e-plote-arvizu-qeveria-vuan-nga-lodhja-nga-pushteti\/#primaryimage"},"thumbnailUrl":"http:\/\/www.shkoder.net\/2012\/arvizu_berisha_takim.jpg","articleSection":["Artikuj","Intervista"],"inLanguage":"sq-AL","potentialAction":[{"@type":"CommentAction","name":"Comment","target":["https:\/\/fjala.info\/2009-2015\/intervista-e-plote-arvizu-qeveria-vuan-nga-lodhja-nga-pushteti\/#respond"]}]},{"@type":"WebPage","@id":"https:\/\/fjala.info\/2009-2015\/intervista-e-plote-arvizu-qeveria-vuan-nga-lodhja-nga-pushteti\/","url":"https:\/\/fjala.info\/2009-2015\/intervista-e-plote-arvizu-qeveria-vuan-nga-lodhja-nga-pushteti\/","name":"INTERVISTA E PLOTE\/ Arvizu: Qeveria vuan nga \u201clodhja nga pushteti\u201d - FjALA e LIR\u00cb - Arkivi","isPartOf":{"@id":"https:\/\/fjala.info\/2009-2015\/#website"},"primaryImageOfPage":{"@id":"https:\/\/fjala.info\/2009-2015\/intervista-e-plote-arvizu-qeveria-vuan-nga-lodhja-nga-pushteti\/#primaryimage"},"image":{"@id":"https:\/\/fjala.info\/2009-2015\/intervista-e-plote-arvizu-qeveria-vuan-nga-lodhja-nga-pushteti\/#primaryimage"},"thumbnailUrl":"http:\/\/www.shkoder.net\/2012\/arvizu_berisha_takim.jpg","datePublished":"2012-03-09T09:16:29+00:00","breadcrumb":{"@id":"https:\/\/fjala.info\/2009-2015\/intervista-e-plote-arvizu-qeveria-vuan-nga-lodhja-nga-pushteti\/#breadcrumb"},"inLanguage":"sq-AL","potentialAction":[{"@type":"ReadAction","target":["https:\/\/fjala.info\/2009-2015\/intervista-e-plote-arvizu-qeveria-vuan-nga-lodhja-nga-pushteti\/"]}]},{"@type":"ImageObject","inLanguage":"sq-AL","@id":"https:\/\/fjala.info\/2009-2015\/intervista-e-plote-arvizu-qeveria-vuan-nga-lodhja-nga-pushteti\/#primaryimage","url":"http:\/\/www.shkoder.net\/2012\/arvizu_berisha_takim.jpg","contentUrl":"http:\/\/www.shkoder.net\/2012\/arvizu_berisha_takim.jpg"},{"@type":"BreadcrumbList","@id":"https:\/\/fjala.info\/2009-2015\/intervista-e-plote-arvizu-qeveria-vuan-nga-lodhja-nga-pushteti\/#breadcrumb","itemListElement":[{"@type":"ListItem","position":1,"name":"Home","item":"https:\/\/fjala.info\/2009-2015\/"},{"@type":"ListItem","position":2,"name":"INTERVISTA E PLOTE\/ Arvizu: Qeveria vuan nga \u201clodhja nga pushteti\u201d"}]},{"@type":"WebSite","@id":"https:\/\/fjala.info\/2009-2015\/#website","url":"https:\/\/fjala.info\/2009-2015\/","name":"FjALA e LIR\u00cb - Arkivi","description":"Arkivi 2009-2015","publisher":{"@id":"https:\/\/fjala.info\/2009-2015\/#organization"},"potentialAction":[{"@type":"SearchAction","target":{"@type":"EntryPoint","urlTemplate":"https:\/\/fjala.info\/2009-2015\/?s={search_term_string}"},"query-input":{"@type":"PropertyValueSpecification","valueRequired":true,"valueName":"search_term_string"}}],"inLanguage":"sq-AL"},{"@type":"Organization","@id":"https:\/\/fjala.info\/2009-2015\/#organization","name":"FjALA e LIR\u00cb - Arkivi","url":"https:\/\/fjala.info\/2009-2015\/","logo":{"@type":"ImageObject","inLanguage":"sq-AL","@id":"https:\/\/fjala.info\/2009-2015\/#\/schema\/logo\/image\/","url":"","contentUrl":"","caption":"FjALA e LIR\u00cb - Arkivi"},"image":{"@id":"https:\/\/fjala.info\/2009-2015\/#\/schema\/logo\/image\/"}},{"@type":"Person","@id":"https:\/\/fjala.info\/2009-2015\/#\/schema\/person\/3aa1163ef05469c496fc94e77611ada2","name":"admin","image":{"@type":"ImageObject","inLanguage":"sq-AL","@id":"https:\/\/fjala.info\/2009-2015\/wp-content\/uploads\/2012\/02\/arben_cokaj-120x150.jpg","url":"https:\/\/fjala.info\/2009-2015\/wp-content\/uploads\/2012\/02\/arben_cokaj-120x150.jpg","contentUrl":"https:\/\/fjala.info\/2009-2015\/wp-content\/uploads\/2012\/02\/arben_cokaj-120x150.jpg","caption":"admin"},"description":"Admin, Fjala e Lir\u00eb","sameAs":["https:\/\/fjala.info\/"],"url":"https:\/\/fjala.info\/2009-2015\/author\/admin\/"}]}},"_links":{"self":[{"href":"https:\/\/fjala.info\/2009-2015\/wp-json\/wp\/v2\/posts\/11733","targetHints":{"allow":["GET"]}}],"collection":[{"href":"https:\/\/fjala.info\/2009-2015\/wp-json\/wp\/v2\/posts"}],"about":[{"href":"https:\/\/fjala.info\/2009-2015\/wp-json\/wp\/v2\/types\/post"}],"author":[{"embeddable":true,"href":"https:\/\/fjala.info\/2009-2015\/wp-json\/wp\/v2\/users\/1"}],"replies":[{"embeddable":true,"href":"https:\/\/fjala.info\/2009-2015\/wp-json\/wp\/v2\/comments?post=11733"}],"version-history":[{"count":0,"href":"https:\/\/fjala.info\/2009-2015\/wp-json\/wp\/v2\/posts\/11733\/revisions"}],"wp:attachment":[{"href":"https:\/\/fjala.info\/2009-2015\/wp-json\/wp\/v2\/media?parent=11733"}],"wp:term":[{"taxonomy":"category","embeddable":true,"href":"https:\/\/fjala.info\/2009-2015\/wp-json\/wp\/v2\/categories?post=11733"},{"taxonomy":"post_tag","embeddable":true,"href":"https:\/\/fjala.info\/2009-2015\/wp-json\/wp\/v2\/tags?post=11733"}],"curies":[{"name":"wp","href":"https:\/\/api.w.org\/{rel}","templated":true}]}}