{"id":11732,"date":"2012-03-09T10:06:19","date_gmt":"2012-03-09T09:06:19","guid":{"rendered":"http:\/\/fjala.shkoder.net\/?p=2103"},"modified":"2012-03-09T10:06:19","modified_gmt":"2012-03-09T09:06:19","slug":"midis-shqiptareve-dhe-radios-zeri-i-amerikes-u-krijua-nje-histori-prekese-qe-nuk-do-te-harrohet-kurre","status":"publish","type":"post","link":"https:\/\/fjala.info\/2009-2015\/midis-shqiptareve-dhe-radios-zeri-i-amerikes-u-krijua-nje-histori-prekese-qe-nuk-do-te-harrohet-kurre\/","title":{"rendered":"Midis shqiptar\u00ebve dhe radios \u201cZ\u00ebri i Amerik\u00ebs\u201d u krijua nj\u00eb histori prek\u00ebse q\u00eb nuk do t\u00eb harrohet kurr\u00eb"},"content":{"rendered":"<p><img decoding=\"async\" class=\"alignright size-thumbnail wp-image-7236\" title=\"Ismail Kadare\" src=\"http:\/\/www.shkoder.net\/2012\/ismail_kadare.jpg\" alt=\"\" width=\"300\" \/> Nga <strong>Ismail Kadare<\/strong>, <em>9 Mars 2012<\/em><\/p>\n<p>Ashtu si p\u00ebr shpikjet e m\u00ebdha t\u00eb shekujve t\u00eb fundit, lokomotiva me avull, elektriciteti, avion\u00ebt etj., edhe p\u00ebr shpikjen e radios \u00ebsht\u00eb folur shum\u00eb. N\u00eb raste shpikjesh t\u00eb bujshme njer\u00ebzit me t\u00eb drejt\u00eb p\u00ebrfytyrojn\u00eb t\u00eb mirat e m\u00ebdha q\u00eb do t\u00eb ken\u00eb prej k\u00ebtyre zbulimeve, leht\u00ebsit\u00eb disa her\u00eb fantastike, horizontet e reja q\u00eb i hapen befas bot\u00ebs.<\/p>\n<p>N\u00eb kronikat e koh\u00ebs mund t\u00eb gjendet buja q\u00eb ka b\u00ebr\u00eb shpikja e radios. Ka qen\u00eb nj\u00eb lajm i madh p\u00ebr njer\u00ebzimin, nj\u00eb lajm i shoq\u00ebruar me shpresa, me projekte, me \u00ebnd\u00ebrrime.<\/p>\n<p>Nd\u00ebrkaq, mund t\u00eb thuhet se nga gjith\u00eb t\u00eb mirat q\u00eb do t\u00eb kishte njer\u00ebzimi prej radios, mrekullia m\u00eb e madhe, nuk besoj se do t\u00eb jet\u00eb parashikuar qysh n\u00eb fillim. Kjo mrekulli do t\u00eb ishte roli kolosal q\u00eb do t\u00eb luante radioja p\u00ebr t\u00eb shp\u00ebrndar\u00eb kudo n\u00eb bot\u00eb frym\u00ebn dhe mesazhet e liris\u00eb.<\/p>\n<p>Kjo u b\u00eb e qart\u00eb sidomos n\u00eb shekullin e 20-t\u00eb. Ky ka qen\u00eb shekulli i shquar p\u00ebr triumfet e tiranive, por edhe p\u00ebr p\u00ebrmbysjen e tyre. Mund t\u00eb thuhet se kjo koh\u00eb ka qen\u00eb me t\u00eb v\u00ebrtet\u00eb koh\u00eb e radios.<\/p>\n<p>Duke u b\u00ebr\u00eb nj\u00eb nga kund\u00ebrshtaret m\u00eb t\u00eb m\u00ebdha t\u00eb rob\u00ebris\u00eb, radioja u kthye nj\u00ebkoh\u00ebsisht n\u00eb nj\u00eb nxitje p\u00ebr lirin\u00eb dhe demokracin\u00eb e ardhshme.<\/p>\n<p>Miliona njer\u00ebz n\u00eb vendet totalitare, t\u00eb strukur pran\u00eb aparateve t\u00eb radios, merrnin mesazhet e liris\u00eb e t\u00eb demokracis\u00eb.<\/p>\n<p>Stacionet e m\u00ebdha radiofonike t\u00eb bot\u00ebs s\u00eb lir\u00eb u kthyen k\u00ebshtu n\u00eb gjenerator\u00eb t\u00eb shpres\u00ebs p\u00ebr gjith\u00eb njer\u00ebzimin. Midis tyre \u201cZ\u00ebri i Amerik\u00ebs\u201d zinte nj\u00eb vend t\u00eb paz\u00ebvend\u00ebsuesh\u00ebm. Kurse p\u00ebr vendin ton\u00eb, Shqip\u00ebrin\u00eb, mund t\u00eb thuhet se \u201cZ\u00ebri i Amerik\u00ebs\u201d zuri vendin e par\u00eb dhe luajti rolin kryesor p\u00ebr nxitjen e demokracis\u00eb dhe ngjalljen e shpres\u00ebs.<\/p>\n<p>N\u00eb m\u00ebnyr\u00eb t\u00eb vetvetishme, pa nd\u00ebrhyrje dhe pa organizim t\u00eb ve\u00e7ant\u00eb, midis popullit shqiptar dhe emisionit shqip t\u00eb k\u00ebsaj radioje u vendos nj\u00eb lidhje e habitshme, emotive, q\u00eb e kap\u00ebrcente kusht\u00ebzimin politik t\u00eb koh\u00ebs. Ky mir\u00ebkuptim i dyansh\u00ebm luajti nj\u00eb rol pozitiv t\u00eb jasht\u00ebzakonsh\u00ebm p\u00ebr orientimin e drejt\u00eb t\u00eb shqiptar\u00ebve kudo ku ata jetonin, drejt liris\u00eb dhe demokracis\u00eb.<\/p>\n<p>Mund t\u00eb thuhet plot goj\u00ebn se n\u00eb k\u00ebt\u00eb periudh\u00eb plot ngjarje dramatike, midis shqiptar\u00ebve dhe radios \u201cZ\u00ebri i Amerik\u00ebs\u201d u krijua nj\u00eb histori prek\u00ebse q\u00eb nuk do t\u00eb harrohet kurr\u00eb.<\/p>\n","protected":false},"excerpt":{"rendered":"<p>Nga Ismail Kadare, 9 Mars 2012 Ashtu si p\u00ebr shpikjet e m\u00ebdha t\u00eb shekujve t\u00eb fundit, lokomotiva me avull, elektriciteti, avion\u00ebt etj., edhe p\u00ebr shpikjen e radios \u00ebsht\u00eb folur shum\u00eb. N\u00eb raste shpikjesh t\u00eb bujshme njer\u00ebzit me t\u00eb drejt\u00eb p\u00ebrfytyrojn\u00eb t\u00eb mirat e m\u00ebdha q\u00eb do t\u00eb ken\u00eb prej k\u00ebtyre zbulimeve, leht\u00ebsit\u00eb disa her\u00eb fantastike, [&hellip;]<\/p>\n","protected":false},"author":1,"featured_media":0,"comment_status":"open","ping_status":"closed","sticky":false,"template":"","format":"standard","meta":{"footnotes":""},"categories":[5],"tags":[],"class_list":{"0":"post-11732","1":"post","2":"type-post","3":"status-publish","4":"format-standard","6":"category-lajme"},"yoast_head":"<!-- This site is optimized with the Yoast SEO plugin v27.4 - https:\/\/yoast.com\/product\/yoast-seo-wordpress\/ -->\n<title>Midis shqiptar\u00ebve dhe radios \u201cZ\u00ebri i Amerik\u00ebs\u201d u krijua nj\u00eb histori prek\u00ebse q\u00eb nuk do t\u00eb harrohet kurr\u00eb - FjALA e LIR\u00cb - Arkivi<\/title>\n<meta name=\"robots\" content=\"index, follow, max-snippet:-1, max-image-preview:large, max-video-preview:-1\" \/>\n<link rel=\"canonical\" href=\"https:\/\/fjala.info\/2009-2015\/midis-shqiptareve-dhe-radios-zeri-i-amerikes-u-krijua-nje-histori-prekese-qe-nuk-do-te-harrohet-kurre\/\" \/>\n<meta property=\"og:locale\" content=\"sq_AL\" \/>\n<meta property=\"og:type\" content=\"article\" \/>\n<meta property=\"og:title\" content=\"Midis shqiptar\u00ebve dhe radios \u201cZ\u00ebri i Amerik\u00ebs\u201d u krijua nj\u00eb histori prek\u00ebse q\u00eb nuk do t\u00eb harrohet kurr\u00eb - FjALA e LIR\u00cb - Arkivi\" \/>\n<meta property=\"og:description\" content=\"Nga Ismail Kadare, 9 Mars 2012 Ashtu si p\u00ebr shpikjet e m\u00ebdha t\u00eb shekujve t\u00eb fundit, lokomotiva me avull, elektriciteti, avion\u00ebt etj., edhe p\u00ebr shpikjen e radios \u00ebsht\u00eb folur shum\u00eb. N\u00eb raste shpikjesh t\u00eb bujshme njer\u00ebzit me t\u00eb drejt\u00eb p\u00ebrfytyrojn\u00eb t\u00eb mirat e m\u00ebdha q\u00eb do t\u00eb ken\u00eb prej k\u00ebtyre zbulimeve, leht\u00ebsit\u00eb disa her\u00eb fantastike, [&hellip;]\" \/>\n<meta property=\"og:url\" content=\"https:\/\/fjala.info\/2009-2015\/midis-shqiptareve-dhe-radios-zeri-i-amerikes-u-krijua-nje-histori-prekese-qe-nuk-do-te-harrohet-kurre\/\" \/>\n<meta property=\"og:site_name\" content=\"FjALA e LIR\u00cb - Arkivi\" \/>\n<meta property=\"article:published_time\" content=\"2012-03-09T09:06:19+00:00\" \/>\n<meta property=\"og:image\" content=\"http:\/\/www.shkoder.net\/2012\/ismail_kadare.jpg\" \/>\n<meta name=\"author\" content=\"admin\" \/>\n<meta name=\"twitter:card\" content=\"summary_large_image\" \/>\n<meta name=\"twitter:label1\" content=\"Written by\" \/>\n\t<meta name=\"twitter:data1\" content=\"admin\" \/>\n\t<meta name=\"twitter:label2\" content=\"Est. reading time\" \/>\n\t<meta name=\"twitter:data2\" content=\"2 minutes\" \/>\n<script type=\"application\/ld+json\" class=\"yoast-schema-graph\">{\"@context\":\"https:\\\/\\\/schema.org\",\"@graph\":[{\"@type\":\"Article\",\"@id\":\"https:\\\/\\\/fjala.info\\\/2009-2015\\\/midis-shqiptareve-dhe-radios-zeri-i-amerikes-u-krijua-nje-histori-prekese-qe-nuk-do-te-harrohet-kurre\\\/#article\",\"isPartOf\":{\"@id\":\"https:\\\/\\\/fjala.info\\\/2009-2015\\\/midis-shqiptareve-dhe-radios-zeri-i-amerikes-u-krijua-nje-histori-prekese-qe-nuk-do-te-harrohet-kurre\\\/\"},\"author\":{\"name\":\"admin\",\"@id\":\"https:\\\/\\\/fjala.info\\\/2009-2015\\\/#\\\/schema\\\/person\\\/3aa1163ef05469c496fc94e77611ada2\"},\"headline\":\"Midis shqiptar\u00ebve dhe radios \u201cZ\u00ebri i Amerik\u00ebs\u201d u krijua nj\u00eb histori prek\u00ebse q\u00eb nuk do t\u00eb harrohet kurr\u00eb\",\"datePublished\":\"2012-03-09T09:06:19+00:00\",\"mainEntityOfPage\":{\"@id\":\"https:\\\/\\\/fjala.info\\\/2009-2015\\\/midis-shqiptareve-dhe-radios-zeri-i-amerikes-u-krijua-nje-histori-prekese-qe-nuk-do-te-harrohet-kurre\\\/\"},\"wordCount\":463,\"commentCount\":0,\"publisher\":{\"@id\":\"https:\\\/\\\/fjala.info\\\/2009-2015\\\/#organization\"},\"image\":{\"@id\":\"https:\\\/\\\/fjala.info\\\/2009-2015\\\/midis-shqiptareve-dhe-radios-zeri-i-amerikes-u-krijua-nje-histori-prekese-qe-nuk-do-te-harrohet-kurre\\\/#primaryimage\"},\"thumbnailUrl\":\"http:\\\/\\\/www.shkoder.net\\\/2012\\\/ismail_kadare.jpg\",\"articleSection\":[\"Lajme\"],\"inLanguage\":\"sq-AL\",\"potentialAction\":[{\"@type\":\"CommentAction\",\"name\":\"Comment\",\"target\":[\"https:\\\/\\\/fjala.info\\\/2009-2015\\\/midis-shqiptareve-dhe-radios-zeri-i-amerikes-u-krijua-nje-histori-prekese-qe-nuk-do-te-harrohet-kurre\\\/#respond\"]}]},{\"@type\":\"WebPage\",\"@id\":\"https:\\\/\\\/fjala.info\\\/2009-2015\\\/midis-shqiptareve-dhe-radios-zeri-i-amerikes-u-krijua-nje-histori-prekese-qe-nuk-do-te-harrohet-kurre\\\/\",\"url\":\"https:\\\/\\\/fjala.info\\\/2009-2015\\\/midis-shqiptareve-dhe-radios-zeri-i-amerikes-u-krijua-nje-histori-prekese-qe-nuk-do-te-harrohet-kurre\\\/\",\"name\":\"Midis shqiptar\u00ebve dhe radios \u201cZ\u00ebri i Amerik\u00ebs\u201d u krijua nj\u00eb histori prek\u00ebse q\u00eb nuk do t\u00eb harrohet kurr\u00eb - FjALA e LIR\u00cb - Arkivi\",\"isPartOf\":{\"@id\":\"https:\\\/\\\/fjala.info\\\/2009-2015\\\/#website\"},\"primaryImageOfPage\":{\"@id\":\"https:\\\/\\\/fjala.info\\\/2009-2015\\\/midis-shqiptareve-dhe-radios-zeri-i-amerikes-u-krijua-nje-histori-prekese-qe-nuk-do-te-harrohet-kurre\\\/#primaryimage\"},\"image\":{\"@id\":\"https:\\\/\\\/fjala.info\\\/2009-2015\\\/midis-shqiptareve-dhe-radios-zeri-i-amerikes-u-krijua-nje-histori-prekese-qe-nuk-do-te-harrohet-kurre\\\/#primaryimage\"},\"thumbnailUrl\":\"http:\\\/\\\/www.shkoder.net\\\/2012\\\/ismail_kadare.jpg\",\"datePublished\":\"2012-03-09T09:06:19+00:00\",\"breadcrumb\":{\"@id\":\"https:\\\/\\\/fjala.info\\\/2009-2015\\\/midis-shqiptareve-dhe-radios-zeri-i-amerikes-u-krijua-nje-histori-prekese-qe-nuk-do-te-harrohet-kurre\\\/#breadcrumb\"},\"inLanguage\":\"sq-AL\",\"potentialAction\":[{\"@type\":\"ReadAction\",\"target\":[\"https:\\\/\\\/fjala.info\\\/2009-2015\\\/midis-shqiptareve-dhe-radios-zeri-i-amerikes-u-krijua-nje-histori-prekese-qe-nuk-do-te-harrohet-kurre\\\/\"]}]},{\"@type\":\"ImageObject\",\"inLanguage\":\"sq-AL\",\"@id\":\"https:\\\/\\\/fjala.info\\\/2009-2015\\\/midis-shqiptareve-dhe-radios-zeri-i-amerikes-u-krijua-nje-histori-prekese-qe-nuk-do-te-harrohet-kurre\\\/#primaryimage\",\"url\":\"http:\\\/\\\/www.shkoder.net\\\/2012\\\/ismail_kadare.jpg\",\"contentUrl\":\"http:\\\/\\\/www.shkoder.net\\\/2012\\\/ismail_kadare.jpg\"},{\"@type\":\"BreadcrumbList\",\"@id\":\"https:\\\/\\\/fjala.info\\\/2009-2015\\\/midis-shqiptareve-dhe-radios-zeri-i-amerikes-u-krijua-nje-histori-prekese-qe-nuk-do-te-harrohet-kurre\\\/#breadcrumb\",\"itemListElement\":[{\"@type\":\"ListItem\",\"position\":1,\"name\":\"Home\",\"item\":\"https:\\\/\\\/fjala.info\\\/2009-2015\\\/\"},{\"@type\":\"ListItem\",\"position\":2,\"name\":\"Midis shqiptar\u00ebve dhe radios \u201cZ\u00ebri i Amerik\u00ebs\u201d u krijua nj\u00eb histori prek\u00ebse q\u00eb nuk do t\u00eb harrohet kurr\u00eb\"}]},{\"@type\":\"WebSite\",\"@id\":\"https:\\\/\\\/fjala.info\\\/2009-2015\\\/#website\",\"url\":\"https:\\\/\\\/fjala.info\\\/2009-2015\\\/\",\"name\":\"FjALA e LIR\u00cb - Arkivi\",\"description\":\"Arkivi 2009-2015\",\"publisher\":{\"@id\":\"https:\\\/\\\/fjala.info\\\/2009-2015\\\/#organization\"},\"potentialAction\":[{\"@type\":\"SearchAction\",\"target\":{\"@type\":\"EntryPoint\",\"urlTemplate\":\"https:\\\/\\\/fjala.info\\\/2009-2015\\\/?s={search_term_string}\"},\"query-input\":{\"@type\":\"PropertyValueSpecification\",\"valueRequired\":true,\"valueName\":\"search_term_string\"}}],\"inLanguage\":\"sq-AL\"},{\"@type\":\"Organization\",\"@id\":\"https:\\\/\\\/fjala.info\\\/2009-2015\\\/#organization\",\"name\":\"FjALA e LIR\u00cb - Arkivi\",\"url\":\"https:\\\/\\\/fjala.info\\\/2009-2015\\\/\",\"logo\":{\"@type\":\"ImageObject\",\"inLanguage\":\"sq-AL\",\"@id\":\"https:\\\/\\\/fjala.info\\\/2009-2015\\\/#\\\/schema\\\/logo\\\/image\\\/\",\"url\":\"\",\"contentUrl\":\"\",\"caption\":\"FjALA e LIR\u00cb - Arkivi\"},\"image\":{\"@id\":\"https:\\\/\\\/fjala.info\\\/2009-2015\\\/#\\\/schema\\\/logo\\\/image\\\/\"}},{\"@type\":\"Person\",\"@id\":\"https:\\\/\\\/fjala.info\\\/2009-2015\\\/#\\\/schema\\\/person\\\/3aa1163ef05469c496fc94e77611ada2\",\"name\":\"admin\",\"image\":{\"@type\":\"ImageObject\",\"inLanguage\":\"sq-AL\",\"@id\":\"https:\\\/\\\/fjala.info\\\/2009-2015\\\/wp-content\\\/uploads\\\/2012\\\/02\\\/arben_cokaj-120x150.jpg\",\"url\":\"https:\\\/\\\/fjala.info\\\/2009-2015\\\/wp-content\\\/uploads\\\/2012\\\/02\\\/arben_cokaj-120x150.jpg\",\"contentUrl\":\"https:\\\/\\\/fjala.info\\\/2009-2015\\\/wp-content\\\/uploads\\\/2012\\\/02\\\/arben_cokaj-120x150.jpg\",\"caption\":\"admin\"},\"description\":\"Admin, Fjala e Lir\u00eb\",\"sameAs\":[\"https:\\\/\\\/fjala.info\\\/\"],\"url\":\"https:\\\/\\\/fjala.info\\\/2009-2015\\\/author\\\/admin\\\/\"}]}<\/script>\n<!-- \/ Yoast SEO plugin. -->","yoast_head_json":{"title":"Midis shqiptar\u00ebve dhe radios \u201cZ\u00ebri i Amerik\u00ebs\u201d u krijua nj\u00eb histori prek\u00ebse q\u00eb nuk do t\u00eb harrohet kurr\u00eb - FjALA e LIR\u00cb - Arkivi","robots":{"index":"index","follow":"follow","max-snippet":"max-snippet:-1","max-image-preview":"max-image-preview:large","max-video-preview":"max-video-preview:-1"},"canonical":"https:\/\/fjala.info\/2009-2015\/midis-shqiptareve-dhe-radios-zeri-i-amerikes-u-krijua-nje-histori-prekese-qe-nuk-do-te-harrohet-kurre\/","og_locale":"sq_AL","og_type":"article","og_title":"Midis shqiptar\u00ebve dhe radios \u201cZ\u00ebri i Amerik\u00ebs\u201d u krijua nj\u00eb histori prek\u00ebse q\u00eb nuk do t\u00eb harrohet kurr\u00eb - FjALA e LIR\u00cb - Arkivi","og_description":"Nga Ismail Kadare, 9 Mars 2012 Ashtu si p\u00ebr shpikjet e m\u00ebdha t\u00eb shekujve t\u00eb fundit, lokomotiva me avull, elektriciteti, avion\u00ebt etj., edhe p\u00ebr shpikjen e radios \u00ebsht\u00eb folur shum\u00eb. N\u00eb raste shpikjesh t\u00eb bujshme njer\u00ebzit me t\u00eb drejt\u00eb p\u00ebrfytyrojn\u00eb t\u00eb mirat e m\u00ebdha q\u00eb do t\u00eb ken\u00eb prej k\u00ebtyre zbulimeve, leht\u00ebsit\u00eb disa her\u00eb fantastike, [&hellip;]","og_url":"https:\/\/fjala.info\/2009-2015\/midis-shqiptareve-dhe-radios-zeri-i-amerikes-u-krijua-nje-histori-prekese-qe-nuk-do-te-harrohet-kurre\/","og_site_name":"FjALA e LIR\u00cb - Arkivi","article_published_time":"2012-03-09T09:06:19+00:00","og_image":[{"url":"http:\/\/www.shkoder.net\/2012\/ismail_kadare.jpg","type":"","width":"","height":""}],"author":"admin","twitter_card":"summary_large_image","twitter_misc":{"Written by":"admin","Est. reading time":"2 minutes"},"schema":{"@context":"https:\/\/schema.org","@graph":[{"@type":"Article","@id":"https:\/\/fjala.info\/2009-2015\/midis-shqiptareve-dhe-radios-zeri-i-amerikes-u-krijua-nje-histori-prekese-qe-nuk-do-te-harrohet-kurre\/#article","isPartOf":{"@id":"https:\/\/fjala.info\/2009-2015\/midis-shqiptareve-dhe-radios-zeri-i-amerikes-u-krijua-nje-histori-prekese-qe-nuk-do-te-harrohet-kurre\/"},"author":{"name":"admin","@id":"https:\/\/fjala.info\/2009-2015\/#\/schema\/person\/3aa1163ef05469c496fc94e77611ada2"},"headline":"Midis shqiptar\u00ebve dhe radios \u201cZ\u00ebri i Amerik\u00ebs\u201d u krijua nj\u00eb histori prek\u00ebse q\u00eb nuk do t\u00eb harrohet kurr\u00eb","datePublished":"2012-03-09T09:06:19+00:00","mainEntityOfPage":{"@id":"https:\/\/fjala.info\/2009-2015\/midis-shqiptareve-dhe-radios-zeri-i-amerikes-u-krijua-nje-histori-prekese-qe-nuk-do-te-harrohet-kurre\/"},"wordCount":463,"commentCount":0,"publisher":{"@id":"https:\/\/fjala.info\/2009-2015\/#organization"},"image":{"@id":"https:\/\/fjala.info\/2009-2015\/midis-shqiptareve-dhe-radios-zeri-i-amerikes-u-krijua-nje-histori-prekese-qe-nuk-do-te-harrohet-kurre\/#primaryimage"},"thumbnailUrl":"http:\/\/www.shkoder.net\/2012\/ismail_kadare.jpg","articleSection":["Lajme"],"inLanguage":"sq-AL","potentialAction":[{"@type":"CommentAction","name":"Comment","target":["https:\/\/fjala.info\/2009-2015\/midis-shqiptareve-dhe-radios-zeri-i-amerikes-u-krijua-nje-histori-prekese-qe-nuk-do-te-harrohet-kurre\/#respond"]}]},{"@type":"WebPage","@id":"https:\/\/fjala.info\/2009-2015\/midis-shqiptareve-dhe-radios-zeri-i-amerikes-u-krijua-nje-histori-prekese-qe-nuk-do-te-harrohet-kurre\/","url":"https:\/\/fjala.info\/2009-2015\/midis-shqiptareve-dhe-radios-zeri-i-amerikes-u-krijua-nje-histori-prekese-qe-nuk-do-te-harrohet-kurre\/","name":"Midis shqiptar\u00ebve dhe radios \u201cZ\u00ebri i Amerik\u00ebs\u201d u krijua nj\u00eb histori prek\u00ebse q\u00eb nuk do t\u00eb harrohet kurr\u00eb - FjALA e LIR\u00cb - Arkivi","isPartOf":{"@id":"https:\/\/fjala.info\/2009-2015\/#website"},"primaryImageOfPage":{"@id":"https:\/\/fjala.info\/2009-2015\/midis-shqiptareve-dhe-radios-zeri-i-amerikes-u-krijua-nje-histori-prekese-qe-nuk-do-te-harrohet-kurre\/#primaryimage"},"image":{"@id":"https:\/\/fjala.info\/2009-2015\/midis-shqiptareve-dhe-radios-zeri-i-amerikes-u-krijua-nje-histori-prekese-qe-nuk-do-te-harrohet-kurre\/#primaryimage"},"thumbnailUrl":"http:\/\/www.shkoder.net\/2012\/ismail_kadare.jpg","datePublished":"2012-03-09T09:06:19+00:00","breadcrumb":{"@id":"https:\/\/fjala.info\/2009-2015\/midis-shqiptareve-dhe-radios-zeri-i-amerikes-u-krijua-nje-histori-prekese-qe-nuk-do-te-harrohet-kurre\/#breadcrumb"},"inLanguage":"sq-AL","potentialAction":[{"@type":"ReadAction","target":["https:\/\/fjala.info\/2009-2015\/midis-shqiptareve-dhe-radios-zeri-i-amerikes-u-krijua-nje-histori-prekese-qe-nuk-do-te-harrohet-kurre\/"]}]},{"@type":"ImageObject","inLanguage":"sq-AL","@id":"https:\/\/fjala.info\/2009-2015\/midis-shqiptareve-dhe-radios-zeri-i-amerikes-u-krijua-nje-histori-prekese-qe-nuk-do-te-harrohet-kurre\/#primaryimage","url":"http:\/\/www.shkoder.net\/2012\/ismail_kadare.jpg","contentUrl":"http:\/\/www.shkoder.net\/2012\/ismail_kadare.jpg"},{"@type":"BreadcrumbList","@id":"https:\/\/fjala.info\/2009-2015\/midis-shqiptareve-dhe-radios-zeri-i-amerikes-u-krijua-nje-histori-prekese-qe-nuk-do-te-harrohet-kurre\/#breadcrumb","itemListElement":[{"@type":"ListItem","position":1,"name":"Home","item":"https:\/\/fjala.info\/2009-2015\/"},{"@type":"ListItem","position":2,"name":"Midis shqiptar\u00ebve dhe radios \u201cZ\u00ebri i Amerik\u00ebs\u201d u krijua nj\u00eb histori prek\u00ebse q\u00eb nuk do t\u00eb harrohet kurr\u00eb"}]},{"@type":"WebSite","@id":"https:\/\/fjala.info\/2009-2015\/#website","url":"https:\/\/fjala.info\/2009-2015\/","name":"FjALA e LIR\u00cb - Arkivi","description":"Arkivi 2009-2015","publisher":{"@id":"https:\/\/fjala.info\/2009-2015\/#organization"},"potentialAction":[{"@type":"SearchAction","target":{"@type":"EntryPoint","urlTemplate":"https:\/\/fjala.info\/2009-2015\/?s={search_term_string}"},"query-input":{"@type":"PropertyValueSpecification","valueRequired":true,"valueName":"search_term_string"}}],"inLanguage":"sq-AL"},{"@type":"Organization","@id":"https:\/\/fjala.info\/2009-2015\/#organization","name":"FjALA e LIR\u00cb - Arkivi","url":"https:\/\/fjala.info\/2009-2015\/","logo":{"@type":"ImageObject","inLanguage":"sq-AL","@id":"https:\/\/fjala.info\/2009-2015\/#\/schema\/logo\/image\/","url":"","contentUrl":"","caption":"FjALA e LIR\u00cb - Arkivi"},"image":{"@id":"https:\/\/fjala.info\/2009-2015\/#\/schema\/logo\/image\/"}},{"@type":"Person","@id":"https:\/\/fjala.info\/2009-2015\/#\/schema\/person\/3aa1163ef05469c496fc94e77611ada2","name":"admin","image":{"@type":"ImageObject","inLanguage":"sq-AL","@id":"https:\/\/fjala.info\/2009-2015\/wp-content\/uploads\/2012\/02\/arben_cokaj-120x150.jpg","url":"https:\/\/fjala.info\/2009-2015\/wp-content\/uploads\/2012\/02\/arben_cokaj-120x150.jpg","contentUrl":"https:\/\/fjala.info\/2009-2015\/wp-content\/uploads\/2012\/02\/arben_cokaj-120x150.jpg","caption":"admin"},"description":"Admin, Fjala e Lir\u00eb","sameAs":["https:\/\/fjala.info\/"],"url":"https:\/\/fjala.info\/2009-2015\/author\/admin\/"}]}},"_links":{"self":[{"href":"https:\/\/fjala.info\/2009-2015\/wp-json\/wp\/v2\/posts\/11732","targetHints":{"allow":["GET"]}}],"collection":[{"href":"https:\/\/fjala.info\/2009-2015\/wp-json\/wp\/v2\/posts"}],"about":[{"href":"https:\/\/fjala.info\/2009-2015\/wp-json\/wp\/v2\/types\/post"}],"author":[{"embeddable":true,"href":"https:\/\/fjala.info\/2009-2015\/wp-json\/wp\/v2\/users\/1"}],"replies":[{"embeddable":true,"href":"https:\/\/fjala.info\/2009-2015\/wp-json\/wp\/v2\/comments?post=11732"}],"version-history":[{"count":0,"href":"https:\/\/fjala.info\/2009-2015\/wp-json\/wp\/v2\/posts\/11732\/revisions"}],"wp:attachment":[{"href":"https:\/\/fjala.info\/2009-2015\/wp-json\/wp\/v2\/media?parent=11732"}],"wp:term":[{"taxonomy":"category","embeddable":true,"href":"https:\/\/fjala.info\/2009-2015\/wp-json\/wp\/v2\/categories?post=11732"},{"taxonomy":"post_tag","embeddable":true,"href":"https:\/\/fjala.info\/2009-2015\/wp-json\/wp\/v2\/tags?post=11732"}],"curies":[{"name":"wp","href":"https:\/\/api.w.org\/{rel}","templated":true}]}}