{"id":11731,"date":"2012-03-09T10:02:02","date_gmt":"2012-03-09T09:02:02","guid":{"rendered":"http:\/\/fjala.shkoder.net\/?p=2101"},"modified":"2012-03-09T10:02:02","modified_gmt":"2012-03-09T09:02:02","slug":"gjergj-ndreca-triumfon-berisha-anulon-seancen-nga-frika-e-rrahjes-se-deputeteve","status":"publish","type":"post","link":"https:\/\/fjala.info\/2009-2015\/gjergj-ndreca-triumfon-berisha-anulon-seancen-nga-frika-e-rrahjes-se-deputeteve\/","title":{"rendered":"Gjergj Ndreca triumfon: Berisha anulon seanc\u00ebn nga frika e rrahjes s\u00eb deputet\u00ebve"},"content":{"rendered":"<p><img decoding=\"async\" class=\"alignright size-thumbnail wp-image-7236\" title=\"Gjergj Ndreca\" src=\"http:\/\/www.shkoder.net\/2012\/gjergj_ndreca.jpg\" alt=\"\" width=\"300\" \/> <strong>TemA<\/strong>, <em>8 Mars 2012<\/em><\/p>\n<p>Ish i p\u00ebrndjekuri politik, Gjergj Ndreca, dhe grupi i njer\u00ebzve q\u00eb mb\u00ebshtesin at\u00eb, kishin z\u00ebn\u00eb \u201cprit\u00eb\u201d sot qysh para or\u00ebs dhjet\u00eb tek Selia e t\u00eb P\u00ebrndjekurve Politik, n\u00eb pritje te fillimit t\u00eb seanc\u00ebs s\u00eb parlamentit.<\/p>\n<p>T\u00eb m\u00ebrzitur q\u00eb deputet nuk po shfaqeshin, Ndreca s\u00eb bashku me Bejkon, filluan t\u00eb pyesin se \u00e7far\u00eb po ndodhte. Ishte momenti kur u njoftuan se seanca u anulua. Grupi i dhun\u00ebs, i cili n\u00eb k\u00ebt\u00eb jav\u00eb kishte n\u00eb sh\u00ebnjest\u00ebr ministrin Pollo dhe ministrin Halimi ka vendosur gjithashtu q\u00eb n\u00eb list\u00eb t\u00eb hyj\u00eb dhe zonja Topalli, por p\u00ebr at\u00eb do t\u00eb gjejn\u00eb nj\u00eb grua ta q\u00eblloj\u00eb se si burra zakoni nuk v\u00ebn\u00eb dor\u00eb mbi grat\u00eb.<\/p>\n<p>Pas shtyrjes s\u00eb seanc\u00ebs Ndreca b\u00ebri k\u00ebt\u00eb deklarat\u00eb: \u201cUlni arm\u00ebt (\u00e7adrat) v\u00ebllez\u00ebr. Tani t\u00eb shp\u00ebrndahemi se deputet\u00ebve nuk ua mbajti t\u00eb vijn\u00eb sot dhe t\u00eb masin fuqin\u00eb e tyre me ne. Megjithat\u00eb i ftojm\u00eb p\u00ebr grusht t\u00eb enjten tjet\u00ebr. I kapi paniku ministrat dhe anuluan seanc\u00ebn. K\u00ebta burra kuvendi u fsheh\u00ebn pas fest\u00ebs s\u00eb grave\u201d.<\/p>\n<p>Nj\u00eb tjet\u00ebr ish-i burgosur politik, Perikli Shqevi, vijoi batut\u00ebn e Ndrec\u00ebs, duke ironizuar: \u201cPas fest\u00ebs s\u00eb grave apo pas fustanit t\u00eb grave\u201d. E nj\u00ebjta fjali \u201cpasohej\u201d sa te nj\u00ebri, te tjetri, derisa u kthye s\u00ebrish n\u00eb goj\u00ebn e Ndrec\u00ebs. \u201cMos i ngacmoni grat\u00eb e ministrave se ato tashm\u00eb jan\u00eb tifozet tona m\u00eb t\u00eb mira. Kushedi sa her\u00eb ua kan\u00eb borxh dhe atyre n\u00eb sht\u00ebpi q\u00eb t\u2019u japin ndonj\u00eb grusht burrave t\u00eb tyre dhe nuk kan\u00eb mundur dot. Po marrim hak dhe p\u00ebr grat\u00eb e ministrave\u201d, u shpreh ai.<\/p>\n","protected":false},"excerpt":{"rendered":"<p>TemA, 8 Mars 2012 Ish i p\u00ebrndjekuri politik, Gjergj Ndreca, dhe grupi i njer\u00ebzve q\u00eb mb\u00ebshtesin at\u00eb, kishin z\u00ebn\u00eb \u201cprit\u00eb\u201d sot qysh para or\u00ebs dhjet\u00eb tek Selia e t\u00eb P\u00ebrndjekurve Politik, n\u00eb pritje te fillimit t\u00eb seanc\u00ebs s\u00eb parlamentit. T\u00eb m\u00ebrzitur q\u00eb deputet nuk po shfaqeshin, Ndreca s\u00eb bashku me Bejkon, filluan t\u00eb pyesin se [&hellip;]<\/p>\n","protected":false},"author":1,"featured_media":0,"comment_status":"open","ping_status":"closed","sticky":false,"template":"","format":"standard","meta":{"footnotes":""},"categories":[5],"tags":[],"class_list":{"0":"post-11731","1":"post","2":"type-post","3":"status-publish","4":"format-standard","6":"category-lajme"},"yoast_head":"<!-- This site is optimized with the Yoast SEO plugin v27.4 - https:\/\/yoast.com\/product\/yoast-seo-wordpress\/ -->\n<title>Gjergj Ndreca triumfon: Berisha anulon seanc\u00ebn nga frika e rrahjes s\u00eb deputet\u00ebve - FjALA e LIR\u00cb - Arkivi<\/title>\n<meta name=\"robots\" content=\"index, follow, max-snippet:-1, max-image-preview:large, max-video-preview:-1\" \/>\n<link rel=\"canonical\" href=\"https:\/\/fjala.info\/2009-2015\/gjergj-ndreca-triumfon-berisha-anulon-seancen-nga-frika-e-rrahjes-se-deputeteve\/\" \/>\n<meta property=\"og:locale\" content=\"sq_AL\" \/>\n<meta property=\"og:type\" content=\"article\" \/>\n<meta property=\"og:title\" content=\"Gjergj Ndreca triumfon: Berisha anulon seanc\u00ebn nga frika e rrahjes s\u00eb deputet\u00ebve - FjALA e LIR\u00cb - Arkivi\" \/>\n<meta property=\"og:description\" content=\"TemA, 8 Mars 2012 Ish i p\u00ebrndjekuri politik, Gjergj Ndreca, dhe grupi i njer\u00ebzve q\u00eb mb\u00ebshtesin at\u00eb, kishin z\u00ebn\u00eb \u201cprit\u00eb\u201d sot qysh para or\u00ebs dhjet\u00eb tek Selia e t\u00eb P\u00ebrndjekurve Politik, n\u00eb pritje te fillimit t\u00eb seanc\u00ebs s\u00eb parlamentit. T\u00eb m\u00ebrzitur q\u00eb deputet nuk po shfaqeshin, Ndreca s\u00eb bashku me Bejkon, filluan t\u00eb pyesin se [&hellip;]\" \/>\n<meta property=\"og:url\" content=\"https:\/\/fjala.info\/2009-2015\/gjergj-ndreca-triumfon-berisha-anulon-seancen-nga-frika-e-rrahjes-se-deputeteve\/\" \/>\n<meta property=\"og:site_name\" content=\"FjALA e LIR\u00cb - Arkivi\" \/>\n<meta property=\"article:published_time\" content=\"2012-03-09T09:02:02+00:00\" \/>\n<meta property=\"og:image\" content=\"http:\/\/www.shkoder.net\/2012\/gjergj_ndreca.jpg\" \/>\n<meta name=\"author\" content=\"admin\" \/>\n<meta name=\"twitter:card\" content=\"summary_large_image\" \/>\n<meta name=\"twitter:label1\" content=\"Written by\" \/>\n\t<meta name=\"twitter:data1\" content=\"admin\" \/>\n\t<meta name=\"twitter:label2\" content=\"Est. reading time\" \/>\n\t<meta name=\"twitter:data2\" content=\"1 minute\" \/>\n<script type=\"application\/ld+json\" class=\"yoast-schema-graph\">{\"@context\":\"https:\\\/\\\/schema.org\",\"@graph\":[{\"@type\":\"Article\",\"@id\":\"https:\\\/\\\/fjala.info\\\/2009-2015\\\/gjergj-ndreca-triumfon-berisha-anulon-seancen-nga-frika-e-rrahjes-se-deputeteve\\\/#article\",\"isPartOf\":{\"@id\":\"https:\\\/\\\/fjala.info\\\/2009-2015\\\/gjergj-ndreca-triumfon-berisha-anulon-seancen-nga-frika-e-rrahjes-se-deputeteve\\\/\"},\"author\":{\"name\":\"admin\",\"@id\":\"https:\\\/\\\/fjala.info\\\/2009-2015\\\/#\\\/schema\\\/person\\\/3aa1163ef05469c496fc94e77611ada2\"},\"headline\":\"Gjergj Ndreca triumfon: Berisha anulon seanc\u00ebn nga frika e rrahjes s\u00eb deputet\u00ebve\",\"datePublished\":\"2012-03-09T09:02:02+00:00\",\"mainEntityOfPage\":{\"@id\":\"https:\\\/\\\/fjala.info\\\/2009-2015\\\/gjergj-ndreca-triumfon-berisha-anulon-seancen-nga-frika-e-rrahjes-se-deputeteve\\\/\"},\"wordCount\":309,\"commentCount\":0,\"publisher\":{\"@id\":\"https:\\\/\\\/fjala.info\\\/2009-2015\\\/#organization\"},\"image\":{\"@id\":\"https:\\\/\\\/fjala.info\\\/2009-2015\\\/gjergj-ndreca-triumfon-berisha-anulon-seancen-nga-frika-e-rrahjes-se-deputeteve\\\/#primaryimage\"},\"thumbnailUrl\":\"http:\\\/\\\/www.shkoder.net\\\/2012\\\/gjergj_ndreca.jpg\",\"articleSection\":[\"Lajme\"],\"inLanguage\":\"sq-AL\",\"potentialAction\":[{\"@type\":\"CommentAction\",\"name\":\"Comment\",\"target\":[\"https:\\\/\\\/fjala.info\\\/2009-2015\\\/gjergj-ndreca-triumfon-berisha-anulon-seancen-nga-frika-e-rrahjes-se-deputeteve\\\/#respond\"]}]},{\"@type\":\"WebPage\",\"@id\":\"https:\\\/\\\/fjala.info\\\/2009-2015\\\/gjergj-ndreca-triumfon-berisha-anulon-seancen-nga-frika-e-rrahjes-se-deputeteve\\\/\",\"url\":\"https:\\\/\\\/fjala.info\\\/2009-2015\\\/gjergj-ndreca-triumfon-berisha-anulon-seancen-nga-frika-e-rrahjes-se-deputeteve\\\/\",\"name\":\"Gjergj Ndreca triumfon: Berisha anulon seanc\u00ebn nga frika e rrahjes s\u00eb deputet\u00ebve - FjALA e LIR\u00cb - Arkivi\",\"isPartOf\":{\"@id\":\"https:\\\/\\\/fjala.info\\\/2009-2015\\\/#website\"},\"primaryImageOfPage\":{\"@id\":\"https:\\\/\\\/fjala.info\\\/2009-2015\\\/gjergj-ndreca-triumfon-berisha-anulon-seancen-nga-frika-e-rrahjes-se-deputeteve\\\/#primaryimage\"},\"image\":{\"@id\":\"https:\\\/\\\/fjala.info\\\/2009-2015\\\/gjergj-ndreca-triumfon-berisha-anulon-seancen-nga-frika-e-rrahjes-se-deputeteve\\\/#primaryimage\"},\"thumbnailUrl\":\"http:\\\/\\\/www.shkoder.net\\\/2012\\\/gjergj_ndreca.jpg\",\"datePublished\":\"2012-03-09T09:02:02+00:00\",\"breadcrumb\":{\"@id\":\"https:\\\/\\\/fjala.info\\\/2009-2015\\\/gjergj-ndreca-triumfon-berisha-anulon-seancen-nga-frika-e-rrahjes-se-deputeteve\\\/#breadcrumb\"},\"inLanguage\":\"sq-AL\",\"potentialAction\":[{\"@type\":\"ReadAction\",\"target\":[\"https:\\\/\\\/fjala.info\\\/2009-2015\\\/gjergj-ndreca-triumfon-berisha-anulon-seancen-nga-frika-e-rrahjes-se-deputeteve\\\/\"]}]},{\"@type\":\"ImageObject\",\"inLanguage\":\"sq-AL\",\"@id\":\"https:\\\/\\\/fjala.info\\\/2009-2015\\\/gjergj-ndreca-triumfon-berisha-anulon-seancen-nga-frika-e-rrahjes-se-deputeteve\\\/#primaryimage\",\"url\":\"http:\\\/\\\/www.shkoder.net\\\/2012\\\/gjergj_ndreca.jpg\",\"contentUrl\":\"http:\\\/\\\/www.shkoder.net\\\/2012\\\/gjergj_ndreca.jpg\"},{\"@type\":\"BreadcrumbList\",\"@id\":\"https:\\\/\\\/fjala.info\\\/2009-2015\\\/gjergj-ndreca-triumfon-berisha-anulon-seancen-nga-frika-e-rrahjes-se-deputeteve\\\/#breadcrumb\",\"itemListElement\":[{\"@type\":\"ListItem\",\"position\":1,\"name\":\"Home\",\"item\":\"https:\\\/\\\/fjala.info\\\/2009-2015\\\/\"},{\"@type\":\"ListItem\",\"position\":2,\"name\":\"Gjergj Ndreca triumfon: Berisha anulon seanc\u00ebn nga frika e rrahjes s\u00eb deputet\u00ebve\"}]},{\"@type\":\"WebSite\",\"@id\":\"https:\\\/\\\/fjala.info\\\/2009-2015\\\/#website\",\"url\":\"https:\\\/\\\/fjala.info\\\/2009-2015\\\/\",\"name\":\"FjALA e LIR\u00cb - Arkivi\",\"description\":\"Arkivi 2009-2015\",\"publisher\":{\"@id\":\"https:\\\/\\\/fjala.info\\\/2009-2015\\\/#organization\"},\"potentialAction\":[{\"@type\":\"SearchAction\",\"target\":{\"@type\":\"EntryPoint\",\"urlTemplate\":\"https:\\\/\\\/fjala.info\\\/2009-2015\\\/?s={search_term_string}\"},\"query-input\":{\"@type\":\"PropertyValueSpecification\",\"valueRequired\":true,\"valueName\":\"search_term_string\"}}],\"inLanguage\":\"sq-AL\"},{\"@type\":\"Organization\",\"@id\":\"https:\\\/\\\/fjala.info\\\/2009-2015\\\/#organization\",\"name\":\"FjALA e LIR\u00cb - Arkivi\",\"url\":\"https:\\\/\\\/fjala.info\\\/2009-2015\\\/\",\"logo\":{\"@type\":\"ImageObject\",\"inLanguage\":\"sq-AL\",\"@id\":\"https:\\\/\\\/fjala.info\\\/2009-2015\\\/#\\\/schema\\\/logo\\\/image\\\/\",\"url\":\"\",\"contentUrl\":\"\",\"caption\":\"FjALA e LIR\u00cb - Arkivi\"},\"image\":{\"@id\":\"https:\\\/\\\/fjala.info\\\/2009-2015\\\/#\\\/schema\\\/logo\\\/image\\\/\"}},{\"@type\":\"Person\",\"@id\":\"https:\\\/\\\/fjala.info\\\/2009-2015\\\/#\\\/schema\\\/person\\\/3aa1163ef05469c496fc94e77611ada2\",\"name\":\"admin\",\"image\":{\"@type\":\"ImageObject\",\"inLanguage\":\"sq-AL\",\"@id\":\"https:\\\/\\\/fjala.info\\\/2009-2015\\\/wp-content\\\/uploads\\\/2012\\\/02\\\/arben_cokaj-120x150.jpg\",\"url\":\"https:\\\/\\\/fjala.info\\\/2009-2015\\\/wp-content\\\/uploads\\\/2012\\\/02\\\/arben_cokaj-120x150.jpg\",\"contentUrl\":\"https:\\\/\\\/fjala.info\\\/2009-2015\\\/wp-content\\\/uploads\\\/2012\\\/02\\\/arben_cokaj-120x150.jpg\",\"caption\":\"admin\"},\"description\":\"Admin, Fjala e Lir\u00eb\",\"sameAs\":[\"https:\\\/\\\/fjala.info\\\/\"],\"url\":\"https:\\\/\\\/fjala.info\\\/2009-2015\\\/author\\\/admin\\\/\"}]}<\/script>\n<!-- \/ Yoast SEO plugin. -->","yoast_head_json":{"title":"Gjergj Ndreca triumfon: Berisha anulon seanc\u00ebn nga frika e rrahjes s\u00eb deputet\u00ebve - FjALA e LIR\u00cb - Arkivi","robots":{"index":"index","follow":"follow","max-snippet":"max-snippet:-1","max-image-preview":"max-image-preview:large","max-video-preview":"max-video-preview:-1"},"canonical":"https:\/\/fjala.info\/2009-2015\/gjergj-ndreca-triumfon-berisha-anulon-seancen-nga-frika-e-rrahjes-se-deputeteve\/","og_locale":"sq_AL","og_type":"article","og_title":"Gjergj Ndreca triumfon: Berisha anulon seanc\u00ebn nga frika e rrahjes s\u00eb deputet\u00ebve - FjALA e LIR\u00cb - Arkivi","og_description":"TemA, 8 Mars 2012 Ish i p\u00ebrndjekuri politik, Gjergj Ndreca, dhe grupi i njer\u00ebzve q\u00eb mb\u00ebshtesin at\u00eb, kishin z\u00ebn\u00eb \u201cprit\u00eb\u201d sot qysh para or\u00ebs dhjet\u00eb tek Selia e t\u00eb P\u00ebrndjekurve Politik, n\u00eb pritje te fillimit t\u00eb seanc\u00ebs s\u00eb parlamentit. T\u00eb m\u00ebrzitur q\u00eb deputet nuk po shfaqeshin, Ndreca s\u00eb bashku me Bejkon, filluan t\u00eb pyesin se [&hellip;]","og_url":"https:\/\/fjala.info\/2009-2015\/gjergj-ndreca-triumfon-berisha-anulon-seancen-nga-frika-e-rrahjes-se-deputeteve\/","og_site_name":"FjALA e LIR\u00cb - Arkivi","article_published_time":"2012-03-09T09:02:02+00:00","og_image":[{"url":"http:\/\/www.shkoder.net\/2012\/gjergj_ndreca.jpg","type":"","width":"","height":""}],"author":"admin","twitter_card":"summary_large_image","twitter_misc":{"Written by":"admin","Est. reading time":"1 minute"},"schema":{"@context":"https:\/\/schema.org","@graph":[{"@type":"Article","@id":"https:\/\/fjala.info\/2009-2015\/gjergj-ndreca-triumfon-berisha-anulon-seancen-nga-frika-e-rrahjes-se-deputeteve\/#article","isPartOf":{"@id":"https:\/\/fjala.info\/2009-2015\/gjergj-ndreca-triumfon-berisha-anulon-seancen-nga-frika-e-rrahjes-se-deputeteve\/"},"author":{"name":"admin","@id":"https:\/\/fjala.info\/2009-2015\/#\/schema\/person\/3aa1163ef05469c496fc94e77611ada2"},"headline":"Gjergj Ndreca triumfon: Berisha anulon seanc\u00ebn nga frika e rrahjes s\u00eb deputet\u00ebve","datePublished":"2012-03-09T09:02:02+00:00","mainEntityOfPage":{"@id":"https:\/\/fjala.info\/2009-2015\/gjergj-ndreca-triumfon-berisha-anulon-seancen-nga-frika-e-rrahjes-se-deputeteve\/"},"wordCount":309,"commentCount":0,"publisher":{"@id":"https:\/\/fjala.info\/2009-2015\/#organization"},"image":{"@id":"https:\/\/fjala.info\/2009-2015\/gjergj-ndreca-triumfon-berisha-anulon-seancen-nga-frika-e-rrahjes-se-deputeteve\/#primaryimage"},"thumbnailUrl":"http:\/\/www.shkoder.net\/2012\/gjergj_ndreca.jpg","articleSection":["Lajme"],"inLanguage":"sq-AL","potentialAction":[{"@type":"CommentAction","name":"Comment","target":["https:\/\/fjala.info\/2009-2015\/gjergj-ndreca-triumfon-berisha-anulon-seancen-nga-frika-e-rrahjes-se-deputeteve\/#respond"]}]},{"@type":"WebPage","@id":"https:\/\/fjala.info\/2009-2015\/gjergj-ndreca-triumfon-berisha-anulon-seancen-nga-frika-e-rrahjes-se-deputeteve\/","url":"https:\/\/fjala.info\/2009-2015\/gjergj-ndreca-triumfon-berisha-anulon-seancen-nga-frika-e-rrahjes-se-deputeteve\/","name":"Gjergj Ndreca triumfon: Berisha anulon seanc\u00ebn nga frika e rrahjes s\u00eb deputet\u00ebve - FjALA e LIR\u00cb - Arkivi","isPartOf":{"@id":"https:\/\/fjala.info\/2009-2015\/#website"},"primaryImageOfPage":{"@id":"https:\/\/fjala.info\/2009-2015\/gjergj-ndreca-triumfon-berisha-anulon-seancen-nga-frika-e-rrahjes-se-deputeteve\/#primaryimage"},"image":{"@id":"https:\/\/fjala.info\/2009-2015\/gjergj-ndreca-triumfon-berisha-anulon-seancen-nga-frika-e-rrahjes-se-deputeteve\/#primaryimage"},"thumbnailUrl":"http:\/\/www.shkoder.net\/2012\/gjergj_ndreca.jpg","datePublished":"2012-03-09T09:02:02+00:00","breadcrumb":{"@id":"https:\/\/fjala.info\/2009-2015\/gjergj-ndreca-triumfon-berisha-anulon-seancen-nga-frika-e-rrahjes-se-deputeteve\/#breadcrumb"},"inLanguage":"sq-AL","potentialAction":[{"@type":"ReadAction","target":["https:\/\/fjala.info\/2009-2015\/gjergj-ndreca-triumfon-berisha-anulon-seancen-nga-frika-e-rrahjes-se-deputeteve\/"]}]},{"@type":"ImageObject","inLanguage":"sq-AL","@id":"https:\/\/fjala.info\/2009-2015\/gjergj-ndreca-triumfon-berisha-anulon-seancen-nga-frika-e-rrahjes-se-deputeteve\/#primaryimage","url":"http:\/\/www.shkoder.net\/2012\/gjergj_ndreca.jpg","contentUrl":"http:\/\/www.shkoder.net\/2012\/gjergj_ndreca.jpg"},{"@type":"BreadcrumbList","@id":"https:\/\/fjala.info\/2009-2015\/gjergj-ndreca-triumfon-berisha-anulon-seancen-nga-frika-e-rrahjes-se-deputeteve\/#breadcrumb","itemListElement":[{"@type":"ListItem","position":1,"name":"Home","item":"https:\/\/fjala.info\/2009-2015\/"},{"@type":"ListItem","position":2,"name":"Gjergj Ndreca triumfon: Berisha anulon seanc\u00ebn nga frika e rrahjes s\u00eb deputet\u00ebve"}]},{"@type":"WebSite","@id":"https:\/\/fjala.info\/2009-2015\/#website","url":"https:\/\/fjala.info\/2009-2015\/","name":"FjALA e LIR\u00cb - Arkivi","description":"Arkivi 2009-2015","publisher":{"@id":"https:\/\/fjala.info\/2009-2015\/#organization"},"potentialAction":[{"@type":"SearchAction","target":{"@type":"EntryPoint","urlTemplate":"https:\/\/fjala.info\/2009-2015\/?s={search_term_string}"},"query-input":{"@type":"PropertyValueSpecification","valueRequired":true,"valueName":"search_term_string"}}],"inLanguage":"sq-AL"},{"@type":"Organization","@id":"https:\/\/fjala.info\/2009-2015\/#organization","name":"FjALA e LIR\u00cb - Arkivi","url":"https:\/\/fjala.info\/2009-2015\/","logo":{"@type":"ImageObject","inLanguage":"sq-AL","@id":"https:\/\/fjala.info\/2009-2015\/#\/schema\/logo\/image\/","url":"","contentUrl":"","caption":"FjALA e LIR\u00cb - Arkivi"},"image":{"@id":"https:\/\/fjala.info\/2009-2015\/#\/schema\/logo\/image\/"}},{"@type":"Person","@id":"https:\/\/fjala.info\/2009-2015\/#\/schema\/person\/3aa1163ef05469c496fc94e77611ada2","name":"admin","image":{"@type":"ImageObject","inLanguage":"sq-AL","@id":"https:\/\/fjala.info\/2009-2015\/wp-content\/uploads\/2012\/02\/arben_cokaj-120x150.jpg","url":"https:\/\/fjala.info\/2009-2015\/wp-content\/uploads\/2012\/02\/arben_cokaj-120x150.jpg","contentUrl":"https:\/\/fjala.info\/2009-2015\/wp-content\/uploads\/2012\/02\/arben_cokaj-120x150.jpg","caption":"admin"},"description":"Admin, Fjala e Lir\u00eb","sameAs":["https:\/\/fjala.info\/"],"url":"https:\/\/fjala.info\/2009-2015\/author\/admin\/"}]}},"_links":{"self":[{"href":"https:\/\/fjala.info\/2009-2015\/wp-json\/wp\/v2\/posts\/11731","targetHints":{"allow":["GET"]}}],"collection":[{"href":"https:\/\/fjala.info\/2009-2015\/wp-json\/wp\/v2\/posts"}],"about":[{"href":"https:\/\/fjala.info\/2009-2015\/wp-json\/wp\/v2\/types\/post"}],"author":[{"embeddable":true,"href":"https:\/\/fjala.info\/2009-2015\/wp-json\/wp\/v2\/users\/1"}],"replies":[{"embeddable":true,"href":"https:\/\/fjala.info\/2009-2015\/wp-json\/wp\/v2\/comments?post=11731"}],"version-history":[{"count":0,"href":"https:\/\/fjala.info\/2009-2015\/wp-json\/wp\/v2\/posts\/11731\/revisions"}],"wp:attachment":[{"href":"https:\/\/fjala.info\/2009-2015\/wp-json\/wp\/v2\/media?parent=11731"}],"wp:term":[{"taxonomy":"category","embeddable":true,"href":"https:\/\/fjala.info\/2009-2015\/wp-json\/wp\/v2\/categories?post=11731"},{"taxonomy":"post_tag","embeddable":true,"href":"https:\/\/fjala.info\/2009-2015\/wp-json\/wp\/v2\/tags?post=11731"}],"curies":[{"name":"wp","href":"https:\/\/api.w.org\/{rel}","templated":true}]}}