{"id":11730,"date":"2012-03-07T10:55:17","date_gmt":"2012-03-07T09:55:17","guid":{"rendered":"http:\/\/fjala.shkoder.net\/?p=2077"},"modified":"2012-03-07T10:55:17","modified_gmt":"2012-03-07T09:55:17","slug":"mos-integrimi-mos-dije-apo-mos-dashje","status":"publish","type":"post","link":"https:\/\/fjala.info\/2009-2015\/mos-integrimi-mos-dije-apo-mos-dashje\/","title":{"rendered":"Mos-Integrimi: Mos-dije apo Mos-dashje?!"},"content":{"rendered":"<p>Nga <strong>Bilal Kola<\/strong><\/p>\n<p>Mora shkas p\u00ebr t\u2019i shkuar k\u00ebto rreshta nga nj\u00eb lajm q\u00eb pash\u00eb n\u00eb media ku kryetari i qeveris\u00eb akuzonte liderin e opozit\u00ebs se ky i fundit po pengonte procesin e integrimit t\u00eb vendit n\u00eb BE! Meqen\u00ebse qeveria aktuale proklamohet si e \u201cdjatht\u00eb\u201d (n\u00eb fakt 1 qeverie t\u00eb till\u00eb \u00ebsht\u00eb gjeagj\u00ebz\u00eb m\u00eb vehte t\u2019i gjesh kahun kur dit\u00ebn me diell shet territor shqiptar, p\u00ebrdhos me makabritet fatal thelbin e kontrat\u00ebs sociale \u2013 t\u00eb drejt\u00ebn e jet\u00ebs, nuk votohet n\u00eb zonat urbane ku kryesisht jeton borgjezia dhe shtresat e mesme por gllab\u00ebron vota n\u00eb zonat rurale \u2013 ku p\u00ebr arsye t\u00eb varf\u00ebris\u00eb dhe koniukturave vota leht\u00ebsisht blihet \/ kompromentohet \/ manipulohet) dhe meqen\u00ebse grupet e interesit t\u00eb biznesit njihen bot\u00ebrisht si p\u00ebrkrah\u00ebs t\u00eb s\u00eb djatht\u00ebs, at\u00ebher\u00eb do t\u2019i parashtroja lexuesit nj\u00eb pyetje (retorike): \u00c7far\u00eb do t\u00eb ndodhte n\u00ebs\u00eb administratori i shoq\u00ebris\u00eb n\u00eb tre vite rresht d\u00ebshtonte tre her\u00eb rradhazi n\u00eb objektivin e p\u00ebrcaktuar nga m\u00eb shum\u00eb se 95% e aksioner\u00ebve t\u00eb shoq\u00ebris\u00eb?<\/p>\n<p>Reagimi nga \u00e7do aksioner q\u00eb ka lidhur t\u00eb ardhmen e tij\/saj dhe t\u00eb familjes me suksesin n\u00eb treg t\u00eb shoq\u00ebris\u00eb nuk mund t\u00eb ishte tjet\u00ebr pervecse: Shkarkimi i menj\u00ebhersh\u00ebm i k\u00ebtij administratori thell\u00ebsisht inkompetent dhe t\u00eb pap\u00ebrgjegjsh\u00ebm, por k\u00ebsaj rradhe (shih m\u00eb posht\u00eb arsyetimin pse i nj\u00ebjti administrator shkaktoi d\u00ebshtimin spektakolar t\u00eb mos-integrimit t\u00eb Shqip\u00ebris\u00eb n\u00eb BE p\u00ebrgjat\u00eb viteve 90\u2019) referenca dhe motivacioni i shkarkimit do t\u00eb b\u00ebnin t\u00eb mundur q\u00eb ky syresh kurr\u00eb m\u00eb t\u00eb mos gjente pun\u00eb si administrator!<\/p>\n<p>Por, n\u00eb rrethanat aktuale, frustimi m\u00eb i madh i mbi 95% t\u00eb shqiptar\u00ebve \u2013 t\u00eb cil\u00ebt jan\u00eb populli m\u00eb europian-dash\u00ebs n\u00eb kontinent, me d\u00ebshtimet deliktb\u00ebr\u00ebse t\u00eb k\u00ebsaj qeverie q\u00eb prej koh\u00ebsh nuk p\u00ebrfaq\u00ebson m\u00eb vullnetin e sovranit, \u00ebsht\u00eb se ata paradoksalisht nuk mund t\u00eb th\u00ebrrasin mbledhjen e jasht\u00ebzakonshme t\u00eb aksioner\u00ebve (zgjedhjet e parakohshme) p\u00ebr shkarkimin e administratorit q\u00eb abuzon me vullnetin e tyre, por n\u00eb kund\u00ebrshtim me vullnetin e tyre Sovran (i cili u \u00ebsht\u00eb marr\u00eb peng nga administratori i gjith\u00ebpushtetsh\u00ebm n\u00eb kund\u00ebrshtim me cdo norme statutore t\u00eb shoq\u00ebris\u00eb) duhet tashm\u00eb t\u00eb presin mbledhjen e zakonshme t\u00eb asambles\u00eb s\u00eb aksioner\u00ebve (zgjedhjet e vitit 2013).<\/p>\n<p>T\u00eb akuzosh opozit\u00ebn e drejtuar nga Edi Rama se pengon integrimin \u00ebsht\u00eb m\u00eb shum\u00eb se nj\u00eb demagogji cinike q\u00eb asnj\u00eb nga puthador\u00ebt gjys\u00ebm-inteligjent\u00eb t\u00eb administratorit omnipotent nuk e besojn\u00eb, aq m\u00eb pak mund t\u2019a besonin k\u00ebt\u00eb akuz\u00eb askioner\u00ebt e shoq\u00ebris\u00eb, pasi faktet flasin ndryshe.<\/p>\n<p>Referuar fakteve, pasi thuhet se e gjithe dija \u00ebsht\u00eb empirike, d\u00ebshiroj te b\u00ebj nj\u00eb analiz\u00eb t\u00eb shkurt\u00ebr t\u00eb ndodhive kryesore p\u00ebrgjat\u00eb 2008 \u2013 2012 si dhe nj\u00eb retrospektiv\u00eb t\u00eb viteve 1992 \u2013 1997:<\/p>\n<p><strong>Periudha 2008 \u2013 2012 <\/strong><\/p>\n<p>Nj\u00eb zot e di cfar\u00eb do t\u00eb kishte b\u00ebr\u00eb administratori omnipotent n\u00ebse ai do t\u00eb ishte n\u00eb pozicionin e Edi Ram\u00ebs n\u00eb shp\u00ebrthimin tragjik t\u00eb G\u00ebrdecit ku zullumhana qeveritare shkaktoi vdekjen e 28 aksioner\u00ebve dhe plagosjen e qindra t\u00eb tjer\u00ebve, nd\u00ebrsa ky i fundit n\u00eb cedim t\u00eb interesave t\u00eb vogla politike por n\u00eb interes madhor t\u00eb shoq\u00ebris\u00eb dhe kombit dha gjith\u00eb mb\u00ebshtetjen e duhur p\u00ebr procesin e integrimit n\u00eb NATO.<\/p>\n<p>Post zgjedhjeve te vitit 2009 (ku 1\/3 e votave ishin num\u00ebruar keq ose shum\u00eb keq) e vetmja k\u00ebrkes\u00eb e 50% (natyrsh\u00ebm ky 50% ishte pjes\u00eb e s\u00eb t\u00ebr\u00ebs q\u00eb u num\u00ebrua keq ose shum\u00eb keq) t\u00eb aksioner\u00ebve ndaj administratorit omnipotent, plot\u00ebsimi i s\u00eb cil\u00ebs automatikisht passillte nd\u00ebrprerjen e bojkotit si dhe miratimin e ligjeve me 3\/5, ishte jo vet\u00ebm parimore (opozita deklaronte me forc\u00eb se me hapjen e kutive nuk k\u00ebrkonte ndryshim rezultati por, e th\u00ebn\u00eb me gjuh\u00ebn e ish-profesionit t\u00eb administratorit omnipotent \u2013 diagnostikimin e s\u00ebmundjes me q\u00ebllim kurimin permanent t\u00eb saj) por m\u00eb r\u00ebnd\u00ebsish\u00ebm akoma nj\u00eb k\u00ebrkes\u00eb, realizimi i s\u00eb cil\u00ebs n\u00eb m\u00ebnyr\u00eb t\u00eb pashmangshme do t\u00eb vendoste nj\u00eb gur t\u00eb r\u00ebnd\u00ebsish\u00ebm themeli n\u00eb sanksionimin e vler\u00ebs m\u00eb t\u00eb shentj\u00eb t\u00eb sistemit demokratik \u2013 vot\u00ebn e lir\u00eb! N\u00ebse bojkoti i opozit\u00ebs nuk kishte arsye dhe kjo munges\u00eb arsye passillte penges\u00eb n\u00eb procesin e integrimit, at\u00ebhere gj\u00ebja e par\u00eb q\u00eb do t\u00eb b\u00ebnt\u00eb cdo qeveri q\u00eb g\u00ebzonte mb\u00ebshtetje n\u00eb popull ishte shpallja e zgjedhjeve t\u00eb parakoshme duke iu drejtuar elektoratit p\u00ebr nj\u00eb vot\u00eb plebishitare \u2013 dhe nisur nga fakti se mbi 95% e shqiptar\u00ebve duan integrimin qeveria do t\u2019i fitonte zgjedhjet me nj\u00eb rezultat plebishitar ku pa dyshim do t\u00eb siguroheshin 3\/5 e votave n\u00eb parlament! Ah po\u2026, c\u00ebshtja \u00ebsht\u00eb se bojkoti i opozit\u00ebs b\u00ebhej p\u00ebr nj\u00eb arsye madhore \u2013 vot\u00ebn e lir\u00eb!<\/p>\n<p>Jo vet\u00ebm q\u00eb kjo k\u00ebrkese legjitime e opozit\u00ebs nuk u realizua, por pas maskarad\u00ebs s\u00eb rezultatit p\u00ebr Bashkin\u00eb e Tiran\u00ebs, opozita e drejtuar nga Edi Rama, me kosto personale t\u00eb k\u00ebtij te fundit, por me angazhimin imperativ n\u00eb p\u00ebrmbushje t\u00eb objektivit t\u00eb caktuar nga m\u00eb shume se 95% e aksioner\u00ebve te shoq\u00ebris\u00eb, \u00ebsht\u00eb tashm\u00eb n\u00eb parlament duke b\u00ebr\u00eb t\u00eb vetmen gj\u00eb q\u00eb ajo ka n\u00eb dor\u00eb: dh\u00ebnien e konsensusit p\u00ebr miratimin e ligjeve me 3\/5. Por vall\u00eb c\u2019po ndodh me prioritetet e tjera t\u00eb p\u00ebrcaktuara nga BE? Mos vall\u00eb ka ndonj\u00eb aksioner nd\u00ebr 95% prej tyre q\u00eb beson se e ka fajin Rama dhe opozita q\u00eb kurrupsioni galopant ia ka z\u00ebn\u00eb frym\u00ebn shoq\u00ebris\u00eb por m\u00eb shum\u00eb se t\u00eb gjith\u00ebve, bash gjakut t\u00eb ekonomis\u00eb \u2013 biznesit; a mund t\u00eb besohet nga bashk\u00ebsia e aksioner\u00ebve q\u00eb fajin p\u00ebr gjendjen mjerane t\u00eb gjyq\u00ebsorit, i cili sanksionon me vendim pas vendimi kultur\u00ebn e pand\u00ebshkueshm\u00ebris\u00eb duke zbehur cdo dit\u00eb e me shum\u00eb besimin e aksioner\u00ebve tek vlerat e drejt\u00ebsis\u00eb n\u00eb shoq\u00ebri, e ka Rama dhe opozita?; a mund t\u00eb besohet nga ndonj\u00eb aksioner q\u00eb fajin p\u00ebr mos-kthimin e pronave dhe mos-zhd\u00ebmtimin e t\u00eb p\u00ebrdnjekurve politik\u00eb e ka Rama dhe opozita? Absolutisht jo! Te gjith\u00eb e din\u00eb se kush e ka fajin \u2013 pasi kultura e sotme e ligjb\u00ebrjes dhe ligjzbatimit n\u00eb Shqip\u00ebri p\u00ebr analogji perfekte mund t\u00eb merrte ligjin antiduhan \u2013 ligjet b\u00ebhen p\u00ebr t\u2019u mos zbatuar, por thjesht p\u00ebr t\u2019i th\u00ebn\u00eb BE-s\u00eb \u2013 ja e b\u00ebm\u00eb edhe k\u00ebt\u00eb ligj!<\/p>\n<p><strong>Periudha 1992 \u2013 1997<\/strong><\/p>\n<p>Shqip\u00ebria n\u00ebnshkroi Marr\u00ebveshjen p\u00ebr Tregti dhe Bashk\u00ebpunim me BE-n\u00eb (n\u00eb rendin e axhend\u00ebs s\u00eb bashk\u00ebpunimit midis vendeve jo-an\u00ebtare me BE-n\u00eb kjo lloj marreveshje pasohej me Marr\u00ebveshjen e Asocimit) n\u00eb vitin 1992, vet\u00ebm nj\u00eb vit pas Bullgaris\u00eb dhe Rumanis\u00eb. Nd\u00ebrsa me llogjik\u00eb matematikore Shqip\u00ebria duhej t\u00eb n\u00ebshkruante Marr\u00ebveshjen e Asocimit (at\u00ebhere nuk p\u00ebrdorej termi \u201cStabilizim\u201d pasi ky term u kooptua n\u00eb p\u00ebrshtatje t\u00eb realiteteve n\u00eb vendet e ish-Jugosllavis\u00eb t\u00eb cilat sapo kishin dal\u00eb nga lufta) diku nga viti 1994 (plot 12 vjet p\u00ebrpara se n\u00eb fakt e realizoi) pasi Bullgaria dhe Rumania n\u00ebnshkruan Marr\u00ebveshjet respektive t\u00eb Asocimit me BE-n\u00eb n\u00eb vitin 1993. P\u00ebr at\u00eb pjese t\u00eb aksioner\u00ebve q\u00eb nuk e din\u00eb ose i kan\u00eb harruar ndodhit\u00eb e atyre viteve ia vlen t\u2019i kujtojme shkurtimisht, thjesht n\u00eb funksion t\u00eb dijes:<\/p>\n<p>N\u00eb vitin 1994 e vijim jo vet\u00ebm opozita q\u00eb shkelej brutalisht nga pushteti i administratorit omnipotent t\u00eb asaj kohe, por paradoksalisht shtresa sociale q\u00eb me zor i kishin mbijetuar terrorit komunist si ish \u2013 t\u00eb p\u00ebrndjekurit dhe ish \u2013 pronar\u00ebt (them paradoksalisht pasi k\u00ebto aksioner\u00eb n\u00eb shumic\u00eb d\u00ebrrmuese ia kishin dh\u00ebn\u00eb vot\u00ebn administratorit omnipotent) u rrah\u00ebn barbarisht pasi guxuan t\u2019i k\u00ebrkonin administratorit omnipotent realizimin e t\u00eb drejtave q\u00eb u takonin me ligj! N\u00eb vitin 1996, pasi u grabit\u00ebn zgjedhjet n\u00eb dit\u00ebn me diell (un\u00eb nuk ndodhesha n\u00eb Shqip\u00ebri por shikoja lajmet e BBC ku gazetar\u00ebt britanik\u00eb t\u00eb coroditur dhe cuditur shpreheshin p\u00ebr grabitje t\u00eb kutive t\u00eb votimit q\u00eb n\u00eb mesdit\u00eb) pak dit\u00eb m\u00eb pas u rrah\u00ebn barbarisht n\u00eb mes t\u00eb kryeqytetit t\u00eb Shiptar\u00ebve opozitar\u00eb t\u00eb gjith\u00eblloj ngjyrave (ngurroj t\u00eb p\u00ebrdor termin t\u00eb majt\u00eb e t\u00eb djatht\u00eb pasi n\u00eb Shqip\u00ebri ende nuk ka nj\u00eb force t\u00eb djatht\u00eb dhe p\u00ebr mendimin tim nuk ka p\u00ebr t\u00eb patur p\u00ebr sa koh\u00eb jo vet\u00ebm n\u00eb qeveri por edhe n\u00eb politik\u00eb t\u00eb mbetet administratori i gjith\u00ebj\u00ebtsh\u00ebm omnipotent) si socialist\u00eb, social-demokrat\u00eb, aleancist\u00eb, ballist\u00eb, legalist\u00eb, republikan\u00eb, etj.<\/p>\n<p>Mos-funksionimit total te shtetit t\u00eb s\u00eb drejt\u00ebs dhe demokracis\u00eb n\u00eb Shqip\u00ebri p\u00ebrgjat\u00eb k\u00ebtyre viteve iu shtua edhe kolapsi total ekonomik i shkaktuar nga firmat piramidale n\u00eb vitin 1997. K\u00ebto d\u00ebshtime spektakolare (t\u00eb cilat edhe me kast t\u00eb ishin b\u00ebr\u00eb zor se mund t\u00eb ishin kaq \u201ceficente\u201d) rezultuan q\u00eb Shqip\u00ebria jo vet\u00ebm t\u00eb humbte trenin e integrimit me Bullgarin\u00eb dhe Rumanin\u00eb, vende t\u00eb cilat prej 5 vitesh jan\u00eb an\u00ebtar\u00eb t\u00eb BE-s\u00eb, por edhe t\u00eb renditej posht\u00eb vendeve t\u00eb ish-Jugosllavis\u00eb t\u00eb sapodala nga konfliktet e p\u00ebrgjakshme etnike.<\/p>\n<p>Tashm\u00eb Shqip\u00ebria \u00ebsht\u00eb vet\u00ebm para v\u00ebllez\u00ebrve tan\u00eb n\u00eb shtetin m\u00eb te ri t\u00eb Europ\u00ebs \u2013 Kosov\u00ebs dhe \u00ebsht\u00eb l\u00ebne pas nga Kroacia (e cila an\u00ebtar\u00ebsohet n\u00eb BE vitin tjet\u00ebr), Maqedonia (e cila statusin e vendit kandidat e ka q\u00eb prej 2006), Malii Zi (i cili k\u00ebt\u00eb status e mori vjet) dhe s\u00eb fundmi \u2026Serbia?!Serbia! Ky vend, ndon\u00ebse e nisi procesin e integrimit 15 vjet pas Shqip\u00ebris\u00eb, pasi, gjithsesi me nj\u00eb qeveri tjet\u00ebr, i vuri flak\u00ebn ish-Jugosllavis\u00eb duke ushtruar n\u00eb Kosov\u00eb dhe Bosnje nj\u00eb genocid t\u00eb ngjash\u00ebm me genocidin hitlerian, merr statusin e vendit kandidat p\u00ebrpara Shqip\u00ebris\u00eb, e cila n\u00eb politik\u00ebn e jashtme tash e 21 vjet mbetet vendi m\u00eb konstruktiv n\u00eb rajon?!<\/p>\n<p>Nuk ia vlen t\u00eb vazhdohet m\u00eb ky shkrim\u2026. Megjithat\u00eb do doja ta mbyllja me nj\u00eb konstatim, nj\u00eb urim, nj\u00eb apel dhe nj\u00eb pyetje:<\/p>\n<p>1. \u00cbsht\u00eb m\u00eb shum\u00eb se nj\u00eb fyerje e r\u00ebnd\u00eb e vokacionit mij\u00ebra vjecar\u00eb t\u00eb popullit shqiptar mosmarrja e statusit t\u00eb vendit kandidat p\u00ebr an\u00ebtar\u00ebsim n\u00eb BE 20 vjet mbas inicimit t\u00eb k\u00ebtij procesi \u2013 \u00ebsht\u00eb nj\u00eb delikt, reperkusionet e t\u00eb cilit vet\u00ebm historia mund t\u2019i gjykoj\u00eb!<\/p>\n<p>2. Fat t\u00eb mbar\u00eb popullit serb n\u00eb rrug\u00ebn e integrimit europian \u2013 megjith\u00ebse aktualisht rreth gjysma e tyre nuk e duan integrimin n\u00eb BE, por jam i sigurt\u00eb se edhe skeptik\u00ebve her\u00ebt a von\u00eb do t\u2019iu p\u00eblqej\u00eb kur t\u00eb shohin dhe shijojn\u00eb nj\u00eb jet\u00eb me standarde europiane!<\/p>\n<p>3. N\u00eb zgjedhjet e rradh\u00ebs, me q\u00ebllimin nd\u00ebrmjet t\u00eb tjerash, edhe p\u00ebrmbushjen e objektivit t\u00eb m\u00eb shum\u00eb se 95% t\u00eb shqiptar\u00ebve \u2013 vot\u00eb plebishitare vizionit europian p\u00ebr Shqip\u00ebrin\u00eb!<\/p>\n<p>4. N\u00ebse Shqip\u00ebria do t\u00eb ishte vend an\u00ebtar i BE-s\u00eb, ose s\u00eb paku me statusin e vendit kandidat p\u00ebr an\u00ebtar\u00ebsim (n\u00eb t\u00eb ardhmen e af\u00ebrt) a do t\u00eb ishte me k\u00ebt\u00eb shtet t\u00eb s\u00eb zhdrejt\u00ebs, pseudodemokraci, korrupsion galopant, nj\u00eb vend ku discrecioni i pushtetit kthen n\u00eb nul absolut cdo ligj t\u00eb shtetit?<\/p>\n","protected":false},"excerpt":{"rendered":"<p>Nga Bilal Kola Mora shkas p\u00ebr t\u2019i shkuar k\u00ebto rreshta nga nj\u00eb lajm q\u00eb pash\u00eb n\u00eb media ku kryetari i qeveris\u00eb akuzonte liderin e opozit\u00ebs se ky i fundit po pengonte procesin e integrimit t\u00eb vendit n\u00eb BE! Meqen\u00ebse qeveria aktuale proklamohet si e \u201cdjatht\u00eb\u201d (n\u00eb fakt 1 qeverie t\u00eb till\u00eb \u00ebsht\u00eb gjeagj\u00ebz\u00eb m\u00eb vehte [&hellip;]<\/p>\n","protected":false},"author":1,"featured_media":0,"comment_status":"open","ping_status":"closed","sticky":false,"template":"","format":"standard","meta":{"footnotes":""},"categories":[2],"tags":[],"class_list":{"0":"post-11730","1":"post","2":"type-post","3":"status-publish","4":"format-standard","6":"category-artikuj"},"yoast_head":"<!-- This site is optimized with the Yoast SEO plugin v27.4 - https:\/\/yoast.com\/product\/yoast-seo-wordpress\/ -->\n<title>Mos-Integrimi: Mos-dije apo Mos-dashje?! - FjALA e LIR\u00cb - Arkivi<\/title>\n<meta name=\"robots\" content=\"index, follow, max-snippet:-1, max-image-preview:large, max-video-preview:-1\" \/>\n<link rel=\"canonical\" href=\"https:\/\/fjala.info\/2009-2015\/mos-integrimi-mos-dije-apo-mos-dashje\/\" \/>\n<meta property=\"og:locale\" content=\"sq_AL\" \/>\n<meta property=\"og:type\" content=\"article\" \/>\n<meta property=\"og:title\" content=\"Mos-Integrimi: Mos-dije apo Mos-dashje?! - FjALA e LIR\u00cb - Arkivi\" \/>\n<meta property=\"og:description\" content=\"Nga Bilal Kola Mora shkas p\u00ebr t\u2019i shkuar k\u00ebto rreshta nga nj\u00eb lajm q\u00eb pash\u00eb n\u00eb media ku kryetari i qeveris\u00eb akuzonte liderin e opozit\u00ebs se ky i fundit po pengonte procesin e integrimit t\u00eb vendit n\u00eb BE! Meqen\u00ebse qeveria aktuale proklamohet si e \u201cdjatht\u00eb\u201d (n\u00eb fakt 1 qeverie t\u00eb till\u00eb \u00ebsht\u00eb gjeagj\u00ebz\u00eb m\u00eb vehte [&hellip;]\" \/>\n<meta property=\"og:url\" content=\"https:\/\/fjala.info\/2009-2015\/mos-integrimi-mos-dije-apo-mos-dashje\/\" \/>\n<meta property=\"og:site_name\" content=\"FjALA e LIR\u00cb - Arkivi\" \/>\n<meta property=\"article:published_time\" content=\"2012-03-07T09:55:17+00:00\" \/>\n<meta name=\"author\" content=\"admin\" \/>\n<meta name=\"twitter:card\" content=\"summary_large_image\" \/>\n<meta name=\"twitter:label1\" content=\"Written by\" \/>\n\t<meta name=\"twitter:data1\" content=\"admin\" \/>\n\t<meta name=\"twitter:label2\" content=\"Est. reading time\" \/>\n\t<meta name=\"twitter:data2\" content=\"9 minutes\" \/>\n<script type=\"application\/ld+json\" class=\"yoast-schema-graph\">{\"@context\":\"https:\\\/\\\/schema.org\",\"@graph\":[{\"@type\":\"Article\",\"@id\":\"https:\\\/\\\/fjala.info\\\/2009-2015\\\/mos-integrimi-mos-dije-apo-mos-dashje\\\/#article\",\"isPartOf\":{\"@id\":\"https:\\\/\\\/fjala.info\\\/2009-2015\\\/mos-integrimi-mos-dije-apo-mos-dashje\\\/\"},\"author\":{\"name\":\"admin\",\"@id\":\"https:\\\/\\\/fjala.info\\\/2009-2015\\\/#\\\/schema\\\/person\\\/3aa1163ef05469c496fc94e77611ada2\"},\"headline\":\"Mos-Integrimi: Mos-dije apo Mos-dashje?!\",\"datePublished\":\"2012-03-07T09:55:17+00:00\",\"mainEntityOfPage\":{\"@id\":\"https:\\\/\\\/fjala.info\\\/2009-2015\\\/mos-integrimi-mos-dije-apo-mos-dashje\\\/\"},\"wordCount\":1896,\"commentCount\":0,\"publisher\":{\"@id\":\"https:\\\/\\\/fjala.info\\\/2009-2015\\\/#organization\"},\"articleSection\":[\"Artikuj\"],\"inLanguage\":\"sq-AL\",\"potentialAction\":[{\"@type\":\"CommentAction\",\"name\":\"Comment\",\"target\":[\"https:\\\/\\\/fjala.info\\\/2009-2015\\\/mos-integrimi-mos-dije-apo-mos-dashje\\\/#respond\"]}]},{\"@type\":\"WebPage\",\"@id\":\"https:\\\/\\\/fjala.info\\\/2009-2015\\\/mos-integrimi-mos-dije-apo-mos-dashje\\\/\",\"url\":\"https:\\\/\\\/fjala.info\\\/2009-2015\\\/mos-integrimi-mos-dije-apo-mos-dashje\\\/\",\"name\":\"Mos-Integrimi: Mos-dije apo Mos-dashje?! - FjALA e LIR\u00cb - Arkivi\",\"isPartOf\":{\"@id\":\"https:\\\/\\\/fjala.info\\\/2009-2015\\\/#website\"},\"datePublished\":\"2012-03-07T09:55:17+00:00\",\"breadcrumb\":{\"@id\":\"https:\\\/\\\/fjala.info\\\/2009-2015\\\/mos-integrimi-mos-dije-apo-mos-dashje\\\/#breadcrumb\"},\"inLanguage\":\"sq-AL\",\"potentialAction\":[{\"@type\":\"ReadAction\",\"target\":[\"https:\\\/\\\/fjala.info\\\/2009-2015\\\/mos-integrimi-mos-dije-apo-mos-dashje\\\/\"]}]},{\"@type\":\"BreadcrumbList\",\"@id\":\"https:\\\/\\\/fjala.info\\\/2009-2015\\\/mos-integrimi-mos-dije-apo-mos-dashje\\\/#breadcrumb\",\"itemListElement\":[{\"@type\":\"ListItem\",\"position\":1,\"name\":\"Home\",\"item\":\"https:\\\/\\\/fjala.info\\\/2009-2015\\\/\"},{\"@type\":\"ListItem\",\"position\":2,\"name\":\"Mos-Integrimi: Mos-dije apo Mos-dashje?!\"}]},{\"@type\":\"WebSite\",\"@id\":\"https:\\\/\\\/fjala.info\\\/2009-2015\\\/#website\",\"url\":\"https:\\\/\\\/fjala.info\\\/2009-2015\\\/\",\"name\":\"FjALA e LIR\u00cb - Arkivi\",\"description\":\"Arkivi 2009-2015\",\"publisher\":{\"@id\":\"https:\\\/\\\/fjala.info\\\/2009-2015\\\/#organization\"},\"potentialAction\":[{\"@type\":\"SearchAction\",\"target\":{\"@type\":\"EntryPoint\",\"urlTemplate\":\"https:\\\/\\\/fjala.info\\\/2009-2015\\\/?s={search_term_string}\"},\"query-input\":{\"@type\":\"PropertyValueSpecification\",\"valueRequired\":true,\"valueName\":\"search_term_string\"}}],\"inLanguage\":\"sq-AL\"},{\"@type\":\"Organization\",\"@id\":\"https:\\\/\\\/fjala.info\\\/2009-2015\\\/#organization\",\"name\":\"FjALA e LIR\u00cb - Arkivi\",\"url\":\"https:\\\/\\\/fjala.info\\\/2009-2015\\\/\",\"logo\":{\"@type\":\"ImageObject\",\"inLanguage\":\"sq-AL\",\"@id\":\"https:\\\/\\\/fjala.info\\\/2009-2015\\\/#\\\/schema\\\/logo\\\/image\\\/\",\"url\":\"\",\"contentUrl\":\"\",\"caption\":\"FjALA e LIR\u00cb - Arkivi\"},\"image\":{\"@id\":\"https:\\\/\\\/fjala.info\\\/2009-2015\\\/#\\\/schema\\\/logo\\\/image\\\/\"}},{\"@type\":\"Person\",\"@id\":\"https:\\\/\\\/fjala.info\\\/2009-2015\\\/#\\\/schema\\\/person\\\/3aa1163ef05469c496fc94e77611ada2\",\"name\":\"admin\",\"image\":{\"@type\":\"ImageObject\",\"inLanguage\":\"sq-AL\",\"@id\":\"https:\\\/\\\/fjala.info\\\/2009-2015\\\/wp-content\\\/uploads\\\/2012\\\/02\\\/arben_cokaj-120x150.jpg\",\"url\":\"https:\\\/\\\/fjala.info\\\/2009-2015\\\/wp-content\\\/uploads\\\/2012\\\/02\\\/arben_cokaj-120x150.jpg\",\"contentUrl\":\"https:\\\/\\\/fjala.info\\\/2009-2015\\\/wp-content\\\/uploads\\\/2012\\\/02\\\/arben_cokaj-120x150.jpg\",\"caption\":\"admin\"},\"description\":\"Admin, Fjala e Lir\u00eb\",\"sameAs\":[\"https:\\\/\\\/fjala.info\\\/\"],\"url\":\"https:\\\/\\\/fjala.info\\\/2009-2015\\\/author\\\/admin\\\/\"}]}<\/script>\n<!-- \/ Yoast SEO plugin. -->","yoast_head_json":{"title":"Mos-Integrimi: Mos-dije apo Mos-dashje?! - FjALA e LIR\u00cb - Arkivi","robots":{"index":"index","follow":"follow","max-snippet":"max-snippet:-1","max-image-preview":"max-image-preview:large","max-video-preview":"max-video-preview:-1"},"canonical":"https:\/\/fjala.info\/2009-2015\/mos-integrimi-mos-dije-apo-mos-dashje\/","og_locale":"sq_AL","og_type":"article","og_title":"Mos-Integrimi: Mos-dije apo Mos-dashje?! - FjALA e LIR\u00cb - Arkivi","og_description":"Nga Bilal Kola Mora shkas p\u00ebr t\u2019i shkuar k\u00ebto rreshta nga nj\u00eb lajm q\u00eb pash\u00eb n\u00eb media ku kryetari i qeveris\u00eb akuzonte liderin e opozit\u00ebs se ky i fundit po pengonte procesin e integrimit t\u00eb vendit n\u00eb BE! Meqen\u00ebse qeveria aktuale proklamohet si e \u201cdjatht\u00eb\u201d (n\u00eb fakt 1 qeverie t\u00eb till\u00eb \u00ebsht\u00eb gjeagj\u00ebz\u00eb m\u00eb vehte [&hellip;]","og_url":"https:\/\/fjala.info\/2009-2015\/mos-integrimi-mos-dije-apo-mos-dashje\/","og_site_name":"FjALA e LIR\u00cb - Arkivi","article_published_time":"2012-03-07T09:55:17+00:00","author":"admin","twitter_card":"summary_large_image","twitter_misc":{"Written by":"admin","Est. reading time":"9 minutes"},"schema":{"@context":"https:\/\/schema.org","@graph":[{"@type":"Article","@id":"https:\/\/fjala.info\/2009-2015\/mos-integrimi-mos-dije-apo-mos-dashje\/#article","isPartOf":{"@id":"https:\/\/fjala.info\/2009-2015\/mos-integrimi-mos-dije-apo-mos-dashje\/"},"author":{"name":"admin","@id":"https:\/\/fjala.info\/2009-2015\/#\/schema\/person\/3aa1163ef05469c496fc94e77611ada2"},"headline":"Mos-Integrimi: Mos-dije apo Mos-dashje?!","datePublished":"2012-03-07T09:55:17+00:00","mainEntityOfPage":{"@id":"https:\/\/fjala.info\/2009-2015\/mos-integrimi-mos-dije-apo-mos-dashje\/"},"wordCount":1896,"commentCount":0,"publisher":{"@id":"https:\/\/fjala.info\/2009-2015\/#organization"},"articleSection":["Artikuj"],"inLanguage":"sq-AL","potentialAction":[{"@type":"CommentAction","name":"Comment","target":["https:\/\/fjala.info\/2009-2015\/mos-integrimi-mos-dije-apo-mos-dashje\/#respond"]}]},{"@type":"WebPage","@id":"https:\/\/fjala.info\/2009-2015\/mos-integrimi-mos-dije-apo-mos-dashje\/","url":"https:\/\/fjala.info\/2009-2015\/mos-integrimi-mos-dije-apo-mos-dashje\/","name":"Mos-Integrimi: Mos-dije apo Mos-dashje?! - FjALA e LIR\u00cb - Arkivi","isPartOf":{"@id":"https:\/\/fjala.info\/2009-2015\/#website"},"datePublished":"2012-03-07T09:55:17+00:00","breadcrumb":{"@id":"https:\/\/fjala.info\/2009-2015\/mos-integrimi-mos-dije-apo-mos-dashje\/#breadcrumb"},"inLanguage":"sq-AL","potentialAction":[{"@type":"ReadAction","target":["https:\/\/fjala.info\/2009-2015\/mos-integrimi-mos-dije-apo-mos-dashje\/"]}]},{"@type":"BreadcrumbList","@id":"https:\/\/fjala.info\/2009-2015\/mos-integrimi-mos-dije-apo-mos-dashje\/#breadcrumb","itemListElement":[{"@type":"ListItem","position":1,"name":"Home","item":"https:\/\/fjala.info\/2009-2015\/"},{"@type":"ListItem","position":2,"name":"Mos-Integrimi: Mos-dije apo Mos-dashje?!"}]},{"@type":"WebSite","@id":"https:\/\/fjala.info\/2009-2015\/#website","url":"https:\/\/fjala.info\/2009-2015\/","name":"FjALA e LIR\u00cb - Arkivi","description":"Arkivi 2009-2015","publisher":{"@id":"https:\/\/fjala.info\/2009-2015\/#organization"},"potentialAction":[{"@type":"SearchAction","target":{"@type":"EntryPoint","urlTemplate":"https:\/\/fjala.info\/2009-2015\/?s={search_term_string}"},"query-input":{"@type":"PropertyValueSpecification","valueRequired":true,"valueName":"search_term_string"}}],"inLanguage":"sq-AL"},{"@type":"Organization","@id":"https:\/\/fjala.info\/2009-2015\/#organization","name":"FjALA e LIR\u00cb - Arkivi","url":"https:\/\/fjala.info\/2009-2015\/","logo":{"@type":"ImageObject","inLanguage":"sq-AL","@id":"https:\/\/fjala.info\/2009-2015\/#\/schema\/logo\/image\/","url":"","contentUrl":"","caption":"FjALA e LIR\u00cb - Arkivi"},"image":{"@id":"https:\/\/fjala.info\/2009-2015\/#\/schema\/logo\/image\/"}},{"@type":"Person","@id":"https:\/\/fjala.info\/2009-2015\/#\/schema\/person\/3aa1163ef05469c496fc94e77611ada2","name":"admin","image":{"@type":"ImageObject","inLanguage":"sq-AL","@id":"https:\/\/fjala.info\/2009-2015\/wp-content\/uploads\/2012\/02\/arben_cokaj-120x150.jpg","url":"https:\/\/fjala.info\/2009-2015\/wp-content\/uploads\/2012\/02\/arben_cokaj-120x150.jpg","contentUrl":"https:\/\/fjala.info\/2009-2015\/wp-content\/uploads\/2012\/02\/arben_cokaj-120x150.jpg","caption":"admin"},"description":"Admin, Fjala e Lir\u00eb","sameAs":["https:\/\/fjala.info\/"],"url":"https:\/\/fjala.info\/2009-2015\/author\/admin\/"}]}},"_links":{"self":[{"href":"https:\/\/fjala.info\/2009-2015\/wp-json\/wp\/v2\/posts\/11730","targetHints":{"allow":["GET"]}}],"collection":[{"href":"https:\/\/fjala.info\/2009-2015\/wp-json\/wp\/v2\/posts"}],"about":[{"href":"https:\/\/fjala.info\/2009-2015\/wp-json\/wp\/v2\/types\/post"}],"author":[{"embeddable":true,"href":"https:\/\/fjala.info\/2009-2015\/wp-json\/wp\/v2\/users\/1"}],"replies":[{"embeddable":true,"href":"https:\/\/fjala.info\/2009-2015\/wp-json\/wp\/v2\/comments?post=11730"}],"version-history":[{"count":0,"href":"https:\/\/fjala.info\/2009-2015\/wp-json\/wp\/v2\/posts\/11730\/revisions"}],"wp:attachment":[{"href":"https:\/\/fjala.info\/2009-2015\/wp-json\/wp\/v2\/media?parent=11730"}],"wp:term":[{"taxonomy":"category","embeddable":true,"href":"https:\/\/fjala.info\/2009-2015\/wp-json\/wp\/v2\/categories?post=11730"},{"taxonomy":"post_tag","embeddable":true,"href":"https:\/\/fjala.info\/2009-2015\/wp-json\/wp\/v2\/tags?post=11730"}],"curies":[{"name":"wp","href":"https:\/\/api.w.org\/{rel}","templated":true}]}}