{"id":11729,"date":"2012-03-07T10:53:50","date_gmt":"2012-03-07T09:53:50","guid":{"rendered":"http:\/\/fjala.shkoder.net\/?p=2075"},"modified":"2012-03-07T10:53:50","modified_gmt":"2012-03-07T09:53:50","slug":"integrimi-dhe-identiteti-kulturor-i-nxenesve-shqiptare-me-mesuesen-aorora-bujupi-rexhaj","status":"publish","type":"post","link":"https:\/\/fjala.info\/2009-2015\/integrimi-dhe-identiteti-kulturor-i-nxenesve-shqiptare-me-mesuesen-aorora-bujupi-rexhaj\/","title":{"rendered":"Integrimi dhe identiteti kulturor i nx\u00ebn\u00ebsve shqiptar\u00eb me m\u00ebsuesen Aorora Bujupi-Rexhaj"},"content":{"rendered":"<p><img decoding=\"async\" class=\"alignright size-thumbnail wp-image-7236\" title=\"Asllan Dibrani\" src=\"http:\/\/www.shkoder.net\/images\/fjala\/asllan_dibrani.jpg\" alt=\"\" width=\"150\" \/> Nga <strong>Luan (Asllan) Dibrani<\/strong><\/p>\n<p>Ai q\u00eb shquhet n\u00eb nj\u00eb fush\u00eb t\u00eb caktuar t\u00eb dijes a t\u00eb veprimtaris\u00eb shoq\u00ebrore, ndikon tek t\u00eb tjer\u00ebt dhe merret si shembull p\u00ebr t&#8217;u ndjekur lexuar, informuar dhe m\u00ebsuar sa ma tep\u00ebr p\u00ebr ta dhe nga ta. Nga k\u00ebta njer\u00ebz po m\u00ebsohet brezi i ri n\u00eb &#8220;gjuh\u00eb, histori, vizatim, n\u00eb k\u00ebng\u00eb dhe n\u00eb fush\u00ebn e edukat\u00ebs dhe t\u00eb kultur\u00ebs&#8221;. Kjo kategori njer\u00ebzish t\u00eb dijes ndikojn\u00eb n\u00eb nd\u00ebrtimin dhe formimin e brezit t\u00eb ri. Profesioni i m\u00ebsuesve tan\u00eb shqiptar qe po punojn\u00eb dhe m\u00ebsojn\u00eb brezin e ri n\u00eb emigrim \u00ebsht\u00eb nj\u00eb vep\u00ebr e shenjt\u00eb. K\u00ebshtu nga k\u00ebto ngroht\u00ebsi, t\u00eb shprehura, ndaj nx\u00ebn\u00ebsve shqiptar e hasem edhe t\u00eb m\u00ebsuesja, Aorora-Bujupi- Rexhaj n\u00eb shkoll\u00ebn e Julius-LEBER n\u00eb qytetin e Breisachit ne af\u00ebrsin\u00eb e Freiburgut q\u00eb p\u00ebrkufizohet me Franc\u00ebn dhe Zvicr\u00ebn. Fjal\u00ebt jan\u00eb t\u00eb pakta p\u00ebr ta p\u00ebrshkruar pun\u00ebn, veprimtarin\u00eb dhe kontributin e m\u00ebsues Aorora n\u00eb sfer\u00ebn e arsimimit edukimit dhe kontributin e dh\u00ebn\u00eb n\u00eb k\u00ebt\u00eb fush\u00ebn e kultur\u00ebs.<\/p>\n<p><img decoding=\"async\" class=\"alignleft size-thumbnail wp-image-7236\" title=\"Aurora Bujupi-Rexhaj\" src=\"http:\/\/www.shkoder.net\/2012\/aurora_bujupi_rexhaj.jpg\" alt=\"\" width=\"200\" \/><br \/>\n<em>M\u00ebsuesja Aurora Bujupi-Rexhaj n\u00eb shkoll\u00ebn e Julius-LEBER n\u00eb qytetin Breisachit n\u00eb af\u00ebrsin\u00eb e Freiburgut qe p\u00ebrkufizohet me Franc\u00ebn dhe Zvicr\u00ebn.<\/em><\/p>\n<p>Zonja Aurora Bujupi-Rexhaj p\u00ebr her\u00ebn e pare ka emigruar ne vitin 1993 me 30 qershor. Ishte nj\u00eb dite, e v\u00ebshtir\u00eb, kur u nda nga Kosova. Thot\u00eb se ishte nj\u00eb dhimbje, nj\u00eb thyerje shpirt\u00ebrore, nga nj\u00eb jet\u00eb e censuruar nga okupatori, n\u00eb shkoll\u00eb, n\u00eb arsim qe mbet\u00ebm n\u00eb m\u00ebsime (skutave e bodrumeve te pa perspektive nga nj\u00eb zullum i pa par\u00eb nga regjimi sllavo-serb)! Me kujtohen shum\u00eb ngjarje t\u00eb hidhura rr\u00ebqeth\u00ebse t\u00eb asaj kohe qe p\u00ebrjetuam ne si m\u00ebsues, po edhe nx\u00ebn\u00ebsit tan\u00eb thekson ndewr te tjera Aurora.<\/p>\n<p>Pas ushtrimit t\u00eb profesionit ne arsim n\u00eb shkoll\u00ebn &#8220;Asim Vokshi&#8221; n\u00eb Prishtine, asaj i mbeti vet\u00ebm n\u00eb kujtes\u00eb (&#8220;dashuri qe kishte ndaj shkoll\u00ebs&#8221;,&#8221;dashurin\u00eb qe kishte ndaj nx\u00ebn\u00ebsve te saj&#8221;), po edhe ndaj dijes. Ajo sikur nuk mundi te rrij\u00eb e qet\u00eb me gjendjen aktuale qe mbret\u00ebronte ne diaspor\u00ebn shqiptare, iu rrek p\u00ebrvet\u00ebsimit t\u00eb gjuh\u00ebs gjermane me \u00e7ka zonja Aurora iu p\u00ebrkushtua t\u00eb m\u00ebsoj\u00eb gjuh\u00ebn gjermane, e arriti q\u00ebllimin e integrimit, por edhe ruajtjes s\u00eb gjuh\u00ebs am\u00eb shqipes qe tu p\u00ebrcjell brezit t\u00eb ri nx\u00ebn\u00ebsve shqiptar me m\u00ebsim plot\u00ebsues n\u00eb gjuh\u00ebn shqipe.<\/p>\n<p>M\u00ebsuesja Aorora ka 60 nx\u00ebn\u00ebs, por e ndjekjen e m\u00ebsimin vet\u00ebm 26, qe nj\u00eb pjese e fajit mund tu hidhet edhe prind\u00ebrve t\u00eb nx\u00ebn\u00ebsve p\u00ebr mos kujdesin ndaj nx\u00ebn\u00ebsve t\u00eb vet. Prandaj zonja Aurora b\u00ebn\u00eb ftes\u00eb edhe te prind\u00ebrit tjer\u00eb qe mos te jen\u00eb penges\u00eb p\u00ebr nx\u00ebn\u00ebsit e vet!<\/p>\n<p style=\"text-align: center;\"><img decoding=\"async\" class=\"aligncenter size-thumbnail wp-image-7236\" title=\"F\u00ebmij\u00eb shqiptar\u00eb n\u00eb shkoll\u00ebn shqipe\" src=\"http:\/\/www.shkoder.net\/2012\/femije_shqiptare_de.jpg\" alt=\"\" width=\"400\" \/><em>Pamje e grupit t\u00eb nx\u00ebn\u00ebsve me rastin provave p\u00ebrfundimtare p\u00ebr manifestimin e pavar\u00ebsis\u00eb se Kosov\u00ebs, cikli i ul\u00ebt. Nx\u00ebn\u00ebsit Arian Asllani, Blend Ibrahimi, Altin Binaj, Bleron Binaj, Eris Rexhaj, Anesa Gashi, Elsa Rexhaj, Ragip Gashi dhe Viola Binaj.<\/em><\/p>\n<p>M\u00ebsuesja Aorora metodiken e edukat\u00ebs e trason tek nx\u00ebn\u00ebsit n\u00eb praktik\u00eb, sipas plan- programeve t\u00eb Kosov\u00ebs. Pastaj Aorora shprehet se nx\u00ebn\u00ebsit e mij\u00eb i m\u00ebsoj\u00eb n\u00eb gjuh\u00ebn shqipe, pos gramatik\u00ebs edhe n\u00eb Histori, Gjeografi , Muzik\u00eb dhe Art. M\u00ebsimin thekson zonja Aurora e kemi te organizuar nj\u00eb her\u00eb n\u00eb jav\u00eb, dit\u00ebn e premte n\u00eb dy turne nga ora 14 deri ne ora 18.h. Turni i pare \u00ebsht\u00eb nga nx\u00ebn\u00ebsit e klas\u00ebs s\u00eb par\u00eb deri klas\u00ebn e pest\u00eb dhe i dhe i dyti nga klasa e pest\u00eb deri ne klas\u00ebn e dhjet\u00eb.<\/p>\n<p style=\"text-align: center;\"><img decoding=\"async\" class=\"aligncenter size-thumbnail wp-image-7236\" title=\"F\u00ebmij\u00eb shqiptar\u00eb n\u00eb shkoll\u00ebn shqipe\" src=\"http:\/\/www.shkoder.net\/2012\/femije_shqiptare_de1.jpg\" alt=\"\" width=\"400\" \/><em>M\u00ebsuesja Aurora Bujupi-Rexhaj ne or\u00ebn e m\u00ebsimit me nx\u00ebn\u00ebsit qe e ndjekin m\u00ebsimin plot\u00ebsues n\u00eb Breisach-Gjermani.<\/em><\/p>\n<p style=\"text-align: center;\"><img decoding=\"async\" class=\"aligncenter size-thumbnail wp-image-7236\" title=\"F\u00ebmij\u00eb shqiptar\u00eb n\u00eb shkoll\u00ebn shqipe\" src=\"http:\/\/www.shkoder.net\/2012\/femije_shqiptare_de2.jpg\" alt=\"\" width=\"400\" \/><em>Pamje e grupit te nx\u00ebn\u00ebsve gjate m\u00ebsimit. Cikli i ulet n\u00eb or\u00ebn e m\u00ebsimit me m\u00ebsuesen Aurora Bujupi-Rexhaj<\/em>.<\/p>\n<p style=\"text-align: center;\"><img decoding=\"async\" class=\"aligncenter size-thumbnail wp-image-7236\" title=\"F\u00ebmij\u00eb shqiptar\u00eb n\u00eb shkoll\u00ebn shqipe\" src=\"http:\/\/www.shkoder.net\/2012\/femije_shqiptare_de3.jpg\" alt=\"\" width=\"400\" \/><em>Pamje e grupit te nx\u00ebn\u00ebsve me rastin e dit\u00ebs se pavar\u00ebsis\u00eb 17.02.2012<\/em><br \/>\n<em> Nx\u00ebn\u00ebsit Flakron Gashi, Genc Krasniqi, Donjeta Krasniqi dhe Kosovare Gashi.<\/em><\/p>\n<p>Nga zelli dhe profesionin e m\u00ebsueses qe e b\u00ebn\u00eb me respekt, Aorora ju ka r\u00ebn\u00eb n\u00eb sy edhe organeve t\u00eb shkoll\u00ebs Julius-LEBER n\u00eb qytetin e Breisachit qe k\u00ebta i ofruan t\u00eb kryej edhe nj\u00eb detyre si m\u00ebsuese p\u00ebr nx\u00ebn\u00ebsit gjerman p\u00ebr klasat e pesta dhe t\u00eb gjashta , ku v\u00ebrtet \u00ebsht\u00eb p\u00ebr ta nderuar k\u00ebt\u00eb m\u00ebsuese p\u00ebr kontributin qe po e jap, pos n\u00eb interesin e nx\u00ebn\u00ebsve shqiptar, ajo mund t\u00eb jet\u00eb edhe si nj\u00eb shembull i mir\u00eb i nj\u00eb qytetareje t\u00eb ve\u00e7ante n\u00eb prosperitetin e qytetareve kosovare me nj\u00eb qytet\u00ebrim evropian !<\/p>\n<p>Ne bised\u00eb zonja Aorora thot\u00eb se nuk jemi e k\u00ebnaqur me literatur\u00ebn e ofruar nga &#8220;Ministria e Kultur\u00ebs dhe Arsimit t\u00eb Kosov\u00ebs&#8221; me \u00e7ka mendon se v\u00ebrtet \u00ebsht\u00eb p\u00ebr t\u00eb ardhur keq n\u00eb k\u00ebt\u00eb koh\u00eb, t\u00eb p\u00ebrballen nx\u00ebn\u00ebsit tan\u00eb me munges\u00ebn e literatur\u00ebs eshte nj\u00eb shqet\u00ebsim serioz. Zonja Aorora thekson ma tutje se ne m\u00ebsimin plot\u00ebsues i shk\u00ebmbejm\u00eb mendimet dhe p\u00ebrvojat n\u00eb zon\u00ebn rajonale me Freiburgun Emmendingen, Endingen, Walkirsch dhe me Shtutgardin ne nivel ma t\u00eb lart\u00eb.<\/p>\n<p>Pyetjes son\u00eb se n\u00eb cil\u00ebn fush\u00eb bashk\u00ebpunoni ? Ajo theksoj se jemi n\u00eb bashk\u00ebpunim sidomos ne manifestimet komb\u00ebtare, ne kuize dhe fusha tjera t\u00eb kultur\u00ebs son\u00eb. Takimin e bashk\u00ebpunimit ne nivel e shteteve evropiane ku jetojn\u00eb shqiptar\u00ebt ,vlen t\u00eb theksohet, se mbajt\u00ebm seminarin e shtat\u00eb mbar\u00ebkomb\u00ebtar n\u00eb Prishtin\u00eb, ku kishte edhe ligj\u00ebrues t\u00eb huaj me \u00e7&#8217;rast me ka l\u00ebn\u00eb mbresa si takim i kultur\u00ebs son\u00eb q\u00eb ka marre dimensionet e manifestimit tradicional p\u00ebr \u00e7do vit .<\/p>\n<p style=\"text-align: center;\"><img decoding=\"async\" class=\"aligncenter size-thumbnail wp-image-7236\" title=\"M\u00ebsues shqiptar\u00eb n\u00eb shkoll\u00ebn shqipe\" src=\"http:\/\/www.shkoder.net\/2012\/mesues_shqiptare_de.jpg\" alt=\"\" width=\"400\" \/><em>Pamje e m\u00ebsueseve ne simpoziumin mbar\u00ebkomb\u00ebtar p\u00ebr m\u00ebsimin ne diaspor\u00eb. Me m\u00ebsuesit, Fadil Klaiqi, Gjemshire Haziri, Zeqir Asllani, Gjyle Fetaj, Aorora Rexhaj, Hatixhe Ramadani, Zejnie Asllani etj&#8230;<\/em><\/p>\n<p>Kjo m\u00ebsuese shprehet se q\u00ebllimi im fisnik \u00ebsht\u00eb qe ta kultivojm\u00eb kultur\u00ebn ton\u00eb, gjuh\u00ebn dhe artin te brezi i ri , me qellim te ruajtjes s\u00eb traditave dhe zakoneve tona si popull nd\u00ebr ma t\u00eb vjet\u00ebrit. Ajo \u00ebsht\u00eb e lumtur q\u00eb mund t\u00eb zhvilloj\u00eb m\u00ebsimin n\u00eb gjuh\u00ebn e tyre amtare dhe, mbi t\u00eb gjitha me entuziaz\u00ebm dhe vullnetin e madh e shpreh edhe ne or\u00ebn e m\u00ebsimit me nj\u00eb pasion dhe dashuri ndaj m\u00ebsimit tek f\u00ebmij\u00ebt shqiptar. Integrimi dhe identiteti kulturor i nx\u00ebn\u00ebsve shqiptar\u00eb gjendet tek m\u00ebsuesja Aurora Bujupi-Rexhaj.<\/p>\n<p>&#8220;Integrimi \u00ebsht\u00eb e mundur vet\u00ebm n\u00ebse njer\u00ebzit nuk harrojn\u00eb ku ata vijn\u00eb nga t\u00eb dyja kulturat dhe jan\u00eb t\u00eb vet\u00ebdijsh\u00ebm se ku ata jetojn\u00eb, si dhe nga kan\u00eb origjin\u00ebn,&#8221; shpjegon Aurora.<\/p>\n<p>M\u00ebsuesja Aurora dha nj\u00eb mendim se shqiptar\u00ebt b\u00ebjn\u00eb mjaft kudo q\u00eb jan\u00eb, mir\u00ebpo kurr\u00eb mos t\u00eb k\u00ebnaqemi, me at\u00eb q\u00eb kemi arritur por t\u00eb punojm\u00eb edhe ma shum\u00eb n\u00eb t\u00eb mir\u00ebn e vetvetes son\u00eb, por edhe p\u00ebr t\u00eb mir\u00ebn e kombit ton\u00eb.<\/p>\n<p>P\u00ebr k\u00ebt\u00eb m\u00ebsuese dhe pun\u00ebn e saj kan\u00eb shkruar edhe disa gazeta gjermane, po nd\u00ebr to ishte edhe ajo &#8220;Badische Zeitung&#8221; nj\u00eb gazet\u00eb rajonale dhe shum\u00eb e lexuar. Ora ishte 16, zilja ra me \u00e7ka edhe ne mbaruam vizit\u00ebn me k\u00ebt\u00eb m\u00ebsuese mir\u00ebnjoh\u00ebse p\u00ebr pun\u00ebn e madhe t\u00eb m\u00ebsueses q\u00eb ka b\u00ebr\u00eb shum\u00eb p\u00ebr ruajtjen e kultur\u00ebs, gjuh\u00ebs e tradit\u00ebs son\u00eb komb\u00ebtare. N\u00eb fund, m\u00ebsuesja Aorora , na fal\u00ebnderoi p\u00ebr vizit\u00ebn dhe u ndam\u00eb me nj\u00eb p\u00ebrsh\u00ebndetje urimi p\u00ebr nj\u00eb vikend t\u00eb mir\u00eb p\u00ebr fundjav\u00ebn ,duke i uruar k\u00ebsaj m\u00ebsueseje pun\u00eb t\u00eb mbar\u00eb dhe t\u00eb suksesshme.<\/p>\n","protected":false},"excerpt":{"rendered":"<p>Nga Luan (Asllan) Dibrani Ai q\u00eb shquhet n\u00eb nj\u00eb fush\u00eb t\u00eb caktuar t\u00eb dijes a t\u00eb veprimtaris\u00eb shoq\u00ebrore, ndikon tek t\u00eb tjer\u00ebt dhe merret si shembull p\u00ebr t&#8217;u ndjekur lexuar, informuar dhe m\u00ebsuar sa ma tep\u00ebr p\u00ebr ta dhe nga ta. Nga k\u00ebta njer\u00ebz po m\u00ebsohet brezi i ri n\u00eb &#8220;gjuh\u00eb, histori, vizatim, n\u00eb k\u00ebng\u00eb [&hellip;]<\/p>\n","protected":false},"author":1,"featured_media":0,"comment_status":"open","ping_status":"closed","sticky":false,"template":"","format":"standard","meta":{"footnotes":""},"categories":[2],"tags":[],"class_list":{"0":"post-11729","1":"post","2":"type-post","3":"status-publish","4":"format-standard","6":"category-artikuj"},"yoast_head":"<!-- This site is optimized with the Yoast SEO plugin v27.4 - https:\/\/yoast.com\/product\/yoast-seo-wordpress\/ -->\n<title>Integrimi dhe identiteti kulturor i nx\u00ebn\u00ebsve shqiptar\u00eb me m\u00ebsuesen Aorora Bujupi-Rexhaj - FjALA e LIR\u00cb - Arkivi<\/title>\n<meta name=\"robots\" content=\"index, follow, max-snippet:-1, max-image-preview:large, max-video-preview:-1\" \/>\n<link rel=\"canonical\" href=\"https:\/\/fjala.info\/2009-2015\/integrimi-dhe-identiteti-kulturor-i-nxenesve-shqiptare-me-mesuesen-aorora-bujupi-rexhaj\/\" \/>\n<meta property=\"og:locale\" content=\"sq_AL\" \/>\n<meta property=\"og:type\" content=\"article\" \/>\n<meta property=\"og:title\" content=\"Integrimi dhe identiteti kulturor i nx\u00ebn\u00ebsve shqiptar\u00eb me m\u00ebsuesen Aorora Bujupi-Rexhaj - FjALA e LIR\u00cb - Arkivi\" \/>\n<meta property=\"og:description\" content=\"Nga Luan (Asllan) Dibrani Ai q\u00eb shquhet n\u00eb nj\u00eb fush\u00eb t\u00eb caktuar t\u00eb dijes a t\u00eb veprimtaris\u00eb shoq\u00ebrore, ndikon tek t\u00eb tjer\u00ebt dhe merret si shembull p\u00ebr t&#8217;u ndjekur lexuar, informuar dhe m\u00ebsuar sa ma tep\u00ebr p\u00ebr ta dhe nga ta. Nga k\u00ebta njer\u00ebz po m\u00ebsohet brezi i ri n\u00eb &#8220;gjuh\u00eb, histori, vizatim, n\u00eb k\u00ebng\u00eb [&hellip;]\" \/>\n<meta property=\"og:url\" content=\"https:\/\/fjala.info\/2009-2015\/integrimi-dhe-identiteti-kulturor-i-nxenesve-shqiptare-me-mesuesen-aorora-bujupi-rexhaj\/\" \/>\n<meta property=\"og:site_name\" content=\"FjALA e LIR\u00cb - Arkivi\" \/>\n<meta property=\"article:published_time\" content=\"2012-03-07T09:53:50+00:00\" \/>\n<meta property=\"og:image\" content=\"http:\/\/www.shkoder.net\/images\/fjala\/asllan_dibrani.jpg\" \/>\n<meta name=\"author\" content=\"admin\" \/>\n<meta name=\"twitter:card\" content=\"summary_large_image\" \/>\n<meta name=\"twitter:label1\" content=\"Written by\" \/>\n\t<meta name=\"twitter:data1\" content=\"admin\" \/>\n\t<meta name=\"twitter:label2\" content=\"Est. reading time\" \/>\n\t<meta name=\"twitter:data2\" content=\"7 minutes\" \/>\n<script type=\"application\/ld+json\" class=\"yoast-schema-graph\">{\"@context\":\"https:\\\/\\\/schema.org\",\"@graph\":[{\"@type\":\"Article\",\"@id\":\"https:\\\/\\\/fjala.info\\\/2009-2015\\\/integrimi-dhe-identiteti-kulturor-i-nxenesve-shqiptare-me-mesuesen-aorora-bujupi-rexhaj\\\/#article\",\"isPartOf\":{\"@id\":\"https:\\\/\\\/fjala.info\\\/2009-2015\\\/integrimi-dhe-identiteti-kulturor-i-nxenesve-shqiptare-me-mesuesen-aorora-bujupi-rexhaj\\\/\"},\"author\":{\"name\":\"admin\",\"@id\":\"https:\\\/\\\/fjala.info\\\/2009-2015\\\/#\\\/schema\\\/person\\\/3aa1163ef05469c496fc94e77611ada2\"},\"headline\":\"Integrimi dhe identiteti kulturor i nx\u00ebn\u00ebsve shqiptar\u00eb me m\u00ebsuesen Aorora Bujupi-Rexhaj\",\"datePublished\":\"2012-03-07T09:53:50+00:00\",\"mainEntityOfPage\":{\"@id\":\"https:\\\/\\\/fjala.info\\\/2009-2015\\\/integrimi-dhe-identiteti-kulturor-i-nxenesve-shqiptare-me-mesuesen-aorora-bujupi-rexhaj\\\/\"},\"wordCount\":1381,\"commentCount\":0,\"publisher\":{\"@id\":\"https:\\\/\\\/fjala.info\\\/2009-2015\\\/#organization\"},\"image\":{\"@id\":\"https:\\\/\\\/fjala.info\\\/2009-2015\\\/integrimi-dhe-identiteti-kulturor-i-nxenesve-shqiptare-me-mesuesen-aorora-bujupi-rexhaj\\\/#primaryimage\"},\"thumbnailUrl\":\"http:\\\/\\\/www.shkoder.net\\\/images\\\/fjala\\\/asllan_dibrani.jpg\",\"articleSection\":[\"Artikuj\"],\"inLanguage\":\"sq-AL\",\"potentialAction\":[{\"@type\":\"CommentAction\",\"name\":\"Comment\",\"target\":[\"https:\\\/\\\/fjala.info\\\/2009-2015\\\/integrimi-dhe-identiteti-kulturor-i-nxenesve-shqiptare-me-mesuesen-aorora-bujupi-rexhaj\\\/#respond\"]}]},{\"@type\":\"WebPage\",\"@id\":\"https:\\\/\\\/fjala.info\\\/2009-2015\\\/integrimi-dhe-identiteti-kulturor-i-nxenesve-shqiptare-me-mesuesen-aorora-bujupi-rexhaj\\\/\",\"url\":\"https:\\\/\\\/fjala.info\\\/2009-2015\\\/integrimi-dhe-identiteti-kulturor-i-nxenesve-shqiptare-me-mesuesen-aorora-bujupi-rexhaj\\\/\",\"name\":\"Integrimi dhe identiteti kulturor i nx\u00ebn\u00ebsve shqiptar\u00eb me m\u00ebsuesen Aorora Bujupi-Rexhaj - FjALA e LIR\u00cb - Arkivi\",\"isPartOf\":{\"@id\":\"https:\\\/\\\/fjala.info\\\/2009-2015\\\/#website\"},\"primaryImageOfPage\":{\"@id\":\"https:\\\/\\\/fjala.info\\\/2009-2015\\\/integrimi-dhe-identiteti-kulturor-i-nxenesve-shqiptare-me-mesuesen-aorora-bujupi-rexhaj\\\/#primaryimage\"},\"image\":{\"@id\":\"https:\\\/\\\/fjala.info\\\/2009-2015\\\/integrimi-dhe-identiteti-kulturor-i-nxenesve-shqiptare-me-mesuesen-aorora-bujupi-rexhaj\\\/#primaryimage\"},\"thumbnailUrl\":\"http:\\\/\\\/www.shkoder.net\\\/images\\\/fjala\\\/asllan_dibrani.jpg\",\"datePublished\":\"2012-03-07T09:53:50+00:00\",\"breadcrumb\":{\"@id\":\"https:\\\/\\\/fjala.info\\\/2009-2015\\\/integrimi-dhe-identiteti-kulturor-i-nxenesve-shqiptare-me-mesuesen-aorora-bujupi-rexhaj\\\/#breadcrumb\"},\"inLanguage\":\"sq-AL\",\"potentialAction\":[{\"@type\":\"ReadAction\",\"target\":[\"https:\\\/\\\/fjala.info\\\/2009-2015\\\/integrimi-dhe-identiteti-kulturor-i-nxenesve-shqiptare-me-mesuesen-aorora-bujupi-rexhaj\\\/\"]}]},{\"@type\":\"ImageObject\",\"inLanguage\":\"sq-AL\",\"@id\":\"https:\\\/\\\/fjala.info\\\/2009-2015\\\/integrimi-dhe-identiteti-kulturor-i-nxenesve-shqiptare-me-mesuesen-aorora-bujupi-rexhaj\\\/#primaryimage\",\"url\":\"http:\\\/\\\/www.shkoder.net\\\/images\\\/fjala\\\/asllan_dibrani.jpg\",\"contentUrl\":\"http:\\\/\\\/www.shkoder.net\\\/images\\\/fjala\\\/asllan_dibrani.jpg\"},{\"@type\":\"BreadcrumbList\",\"@id\":\"https:\\\/\\\/fjala.info\\\/2009-2015\\\/integrimi-dhe-identiteti-kulturor-i-nxenesve-shqiptare-me-mesuesen-aorora-bujupi-rexhaj\\\/#breadcrumb\",\"itemListElement\":[{\"@type\":\"ListItem\",\"position\":1,\"name\":\"Home\",\"item\":\"https:\\\/\\\/fjala.info\\\/2009-2015\\\/\"},{\"@type\":\"ListItem\",\"position\":2,\"name\":\"Integrimi dhe identiteti kulturor i nx\u00ebn\u00ebsve shqiptar\u00eb me m\u00ebsuesen Aorora Bujupi-Rexhaj\"}]},{\"@type\":\"WebSite\",\"@id\":\"https:\\\/\\\/fjala.info\\\/2009-2015\\\/#website\",\"url\":\"https:\\\/\\\/fjala.info\\\/2009-2015\\\/\",\"name\":\"FjALA e LIR\u00cb - Arkivi\",\"description\":\"Arkivi 2009-2015\",\"publisher\":{\"@id\":\"https:\\\/\\\/fjala.info\\\/2009-2015\\\/#organization\"},\"potentialAction\":[{\"@type\":\"SearchAction\",\"target\":{\"@type\":\"EntryPoint\",\"urlTemplate\":\"https:\\\/\\\/fjala.info\\\/2009-2015\\\/?s={search_term_string}\"},\"query-input\":{\"@type\":\"PropertyValueSpecification\",\"valueRequired\":true,\"valueName\":\"search_term_string\"}}],\"inLanguage\":\"sq-AL\"},{\"@type\":\"Organization\",\"@id\":\"https:\\\/\\\/fjala.info\\\/2009-2015\\\/#organization\",\"name\":\"FjALA e LIR\u00cb - Arkivi\",\"url\":\"https:\\\/\\\/fjala.info\\\/2009-2015\\\/\",\"logo\":{\"@type\":\"ImageObject\",\"inLanguage\":\"sq-AL\",\"@id\":\"https:\\\/\\\/fjala.info\\\/2009-2015\\\/#\\\/schema\\\/logo\\\/image\\\/\",\"url\":\"\",\"contentUrl\":\"\",\"caption\":\"FjALA e LIR\u00cb - Arkivi\"},\"image\":{\"@id\":\"https:\\\/\\\/fjala.info\\\/2009-2015\\\/#\\\/schema\\\/logo\\\/image\\\/\"}},{\"@type\":\"Person\",\"@id\":\"https:\\\/\\\/fjala.info\\\/2009-2015\\\/#\\\/schema\\\/person\\\/3aa1163ef05469c496fc94e77611ada2\",\"name\":\"admin\",\"image\":{\"@type\":\"ImageObject\",\"inLanguage\":\"sq-AL\",\"@id\":\"https:\\\/\\\/fjala.info\\\/2009-2015\\\/wp-content\\\/uploads\\\/2012\\\/02\\\/arben_cokaj-120x150.jpg\",\"url\":\"https:\\\/\\\/fjala.info\\\/2009-2015\\\/wp-content\\\/uploads\\\/2012\\\/02\\\/arben_cokaj-120x150.jpg\",\"contentUrl\":\"https:\\\/\\\/fjala.info\\\/2009-2015\\\/wp-content\\\/uploads\\\/2012\\\/02\\\/arben_cokaj-120x150.jpg\",\"caption\":\"admin\"},\"description\":\"Admin, Fjala e Lir\u00eb\",\"sameAs\":[\"https:\\\/\\\/fjala.info\\\/\"],\"url\":\"https:\\\/\\\/fjala.info\\\/2009-2015\\\/author\\\/admin\\\/\"}]}<\/script>\n<!-- \/ Yoast SEO plugin. -->","yoast_head_json":{"title":"Integrimi dhe identiteti kulturor i nx\u00ebn\u00ebsve shqiptar\u00eb me m\u00ebsuesen Aorora Bujupi-Rexhaj - FjALA e LIR\u00cb - Arkivi","robots":{"index":"index","follow":"follow","max-snippet":"max-snippet:-1","max-image-preview":"max-image-preview:large","max-video-preview":"max-video-preview:-1"},"canonical":"https:\/\/fjala.info\/2009-2015\/integrimi-dhe-identiteti-kulturor-i-nxenesve-shqiptare-me-mesuesen-aorora-bujupi-rexhaj\/","og_locale":"sq_AL","og_type":"article","og_title":"Integrimi dhe identiteti kulturor i nx\u00ebn\u00ebsve shqiptar\u00eb me m\u00ebsuesen Aorora Bujupi-Rexhaj - FjALA e LIR\u00cb - Arkivi","og_description":"Nga Luan (Asllan) Dibrani Ai q\u00eb shquhet n\u00eb nj\u00eb fush\u00eb t\u00eb caktuar t\u00eb dijes a t\u00eb veprimtaris\u00eb shoq\u00ebrore, ndikon tek t\u00eb tjer\u00ebt dhe merret si shembull p\u00ebr t&#8217;u ndjekur lexuar, informuar dhe m\u00ebsuar sa ma tep\u00ebr p\u00ebr ta dhe nga ta. Nga k\u00ebta njer\u00ebz po m\u00ebsohet brezi i ri n\u00eb &#8220;gjuh\u00eb, histori, vizatim, n\u00eb k\u00ebng\u00eb [&hellip;]","og_url":"https:\/\/fjala.info\/2009-2015\/integrimi-dhe-identiteti-kulturor-i-nxenesve-shqiptare-me-mesuesen-aorora-bujupi-rexhaj\/","og_site_name":"FjALA e LIR\u00cb - Arkivi","article_published_time":"2012-03-07T09:53:50+00:00","og_image":[{"url":"http:\/\/www.shkoder.net\/images\/fjala\/asllan_dibrani.jpg","type":"","width":"","height":""}],"author":"admin","twitter_card":"summary_large_image","twitter_misc":{"Written by":"admin","Est. reading time":"7 minutes"},"schema":{"@context":"https:\/\/schema.org","@graph":[{"@type":"Article","@id":"https:\/\/fjala.info\/2009-2015\/integrimi-dhe-identiteti-kulturor-i-nxenesve-shqiptare-me-mesuesen-aorora-bujupi-rexhaj\/#article","isPartOf":{"@id":"https:\/\/fjala.info\/2009-2015\/integrimi-dhe-identiteti-kulturor-i-nxenesve-shqiptare-me-mesuesen-aorora-bujupi-rexhaj\/"},"author":{"name":"admin","@id":"https:\/\/fjala.info\/2009-2015\/#\/schema\/person\/3aa1163ef05469c496fc94e77611ada2"},"headline":"Integrimi dhe identiteti kulturor i nx\u00ebn\u00ebsve shqiptar\u00eb me m\u00ebsuesen Aorora Bujupi-Rexhaj","datePublished":"2012-03-07T09:53:50+00:00","mainEntityOfPage":{"@id":"https:\/\/fjala.info\/2009-2015\/integrimi-dhe-identiteti-kulturor-i-nxenesve-shqiptare-me-mesuesen-aorora-bujupi-rexhaj\/"},"wordCount":1381,"commentCount":0,"publisher":{"@id":"https:\/\/fjala.info\/2009-2015\/#organization"},"image":{"@id":"https:\/\/fjala.info\/2009-2015\/integrimi-dhe-identiteti-kulturor-i-nxenesve-shqiptare-me-mesuesen-aorora-bujupi-rexhaj\/#primaryimage"},"thumbnailUrl":"http:\/\/www.shkoder.net\/images\/fjala\/asllan_dibrani.jpg","articleSection":["Artikuj"],"inLanguage":"sq-AL","potentialAction":[{"@type":"CommentAction","name":"Comment","target":["https:\/\/fjala.info\/2009-2015\/integrimi-dhe-identiteti-kulturor-i-nxenesve-shqiptare-me-mesuesen-aorora-bujupi-rexhaj\/#respond"]}]},{"@type":"WebPage","@id":"https:\/\/fjala.info\/2009-2015\/integrimi-dhe-identiteti-kulturor-i-nxenesve-shqiptare-me-mesuesen-aorora-bujupi-rexhaj\/","url":"https:\/\/fjala.info\/2009-2015\/integrimi-dhe-identiteti-kulturor-i-nxenesve-shqiptare-me-mesuesen-aorora-bujupi-rexhaj\/","name":"Integrimi dhe identiteti kulturor i nx\u00ebn\u00ebsve shqiptar\u00eb me m\u00ebsuesen Aorora Bujupi-Rexhaj - FjALA e LIR\u00cb - Arkivi","isPartOf":{"@id":"https:\/\/fjala.info\/2009-2015\/#website"},"primaryImageOfPage":{"@id":"https:\/\/fjala.info\/2009-2015\/integrimi-dhe-identiteti-kulturor-i-nxenesve-shqiptare-me-mesuesen-aorora-bujupi-rexhaj\/#primaryimage"},"image":{"@id":"https:\/\/fjala.info\/2009-2015\/integrimi-dhe-identiteti-kulturor-i-nxenesve-shqiptare-me-mesuesen-aorora-bujupi-rexhaj\/#primaryimage"},"thumbnailUrl":"http:\/\/www.shkoder.net\/images\/fjala\/asllan_dibrani.jpg","datePublished":"2012-03-07T09:53:50+00:00","breadcrumb":{"@id":"https:\/\/fjala.info\/2009-2015\/integrimi-dhe-identiteti-kulturor-i-nxenesve-shqiptare-me-mesuesen-aorora-bujupi-rexhaj\/#breadcrumb"},"inLanguage":"sq-AL","potentialAction":[{"@type":"ReadAction","target":["https:\/\/fjala.info\/2009-2015\/integrimi-dhe-identiteti-kulturor-i-nxenesve-shqiptare-me-mesuesen-aorora-bujupi-rexhaj\/"]}]},{"@type":"ImageObject","inLanguage":"sq-AL","@id":"https:\/\/fjala.info\/2009-2015\/integrimi-dhe-identiteti-kulturor-i-nxenesve-shqiptare-me-mesuesen-aorora-bujupi-rexhaj\/#primaryimage","url":"http:\/\/www.shkoder.net\/images\/fjala\/asllan_dibrani.jpg","contentUrl":"http:\/\/www.shkoder.net\/images\/fjala\/asllan_dibrani.jpg"},{"@type":"BreadcrumbList","@id":"https:\/\/fjala.info\/2009-2015\/integrimi-dhe-identiteti-kulturor-i-nxenesve-shqiptare-me-mesuesen-aorora-bujupi-rexhaj\/#breadcrumb","itemListElement":[{"@type":"ListItem","position":1,"name":"Home","item":"https:\/\/fjala.info\/2009-2015\/"},{"@type":"ListItem","position":2,"name":"Integrimi dhe identiteti kulturor i nx\u00ebn\u00ebsve shqiptar\u00eb me m\u00ebsuesen Aorora Bujupi-Rexhaj"}]},{"@type":"WebSite","@id":"https:\/\/fjala.info\/2009-2015\/#website","url":"https:\/\/fjala.info\/2009-2015\/","name":"FjALA e LIR\u00cb - Arkivi","description":"Arkivi 2009-2015","publisher":{"@id":"https:\/\/fjala.info\/2009-2015\/#organization"},"potentialAction":[{"@type":"SearchAction","target":{"@type":"EntryPoint","urlTemplate":"https:\/\/fjala.info\/2009-2015\/?s={search_term_string}"},"query-input":{"@type":"PropertyValueSpecification","valueRequired":true,"valueName":"search_term_string"}}],"inLanguage":"sq-AL"},{"@type":"Organization","@id":"https:\/\/fjala.info\/2009-2015\/#organization","name":"FjALA e LIR\u00cb - Arkivi","url":"https:\/\/fjala.info\/2009-2015\/","logo":{"@type":"ImageObject","inLanguage":"sq-AL","@id":"https:\/\/fjala.info\/2009-2015\/#\/schema\/logo\/image\/","url":"","contentUrl":"","caption":"FjALA e LIR\u00cb - Arkivi"},"image":{"@id":"https:\/\/fjala.info\/2009-2015\/#\/schema\/logo\/image\/"}},{"@type":"Person","@id":"https:\/\/fjala.info\/2009-2015\/#\/schema\/person\/3aa1163ef05469c496fc94e77611ada2","name":"admin","image":{"@type":"ImageObject","inLanguage":"sq-AL","@id":"https:\/\/fjala.info\/2009-2015\/wp-content\/uploads\/2012\/02\/arben_cokaj-120x150.jpg","url":"https:\/\/fjala.info\/2009-2015\/wp-content\/uploads\/2012\/02\/arben_cokaj-120x150.jpg","contentUrl":"https:\/\/fjala.info\/2009-2015\/wp-content\/uploads\/2012\/02\/arben_cokaj-120x150.jpg","caption":"admin"},"description":"Admin, Fjala e Lir\u00eb","sameAs":["https:\/\/fjala.info\/"],"url":"https:\/\/fjala.info\/2009-2015\/author\/admin\/"}]}},"_links":{"self":[{"href":"https:\/\/fjala.info\/2009-2015\/wp-json\/wp\/v2\/posts\/11729","targetHints":{"allow":["GET"]}}],"collection":[{"href":"https:\/\/fjala.info\/2009-2015\/wp-json\/wp\/v2\/posts"}],"about":[{"href":"https:\/\/fjala.info\/2009-2015\/wp-json\/wp\/v2\/types\/post"}],"author":[{"embeddable":true,"href":"https:\/\/fjala.info\/2009-2015\/wp-json\/wp\/v2\/users\/1"}],"replies":[{"embeddable":true,"href":"https:\/\/fjala.info\/2009-2015\/wp-json\/wp\/v2\/comments?post=11729"}],"version-history":[{"count":0,"href":"https:\/\/fjala.info\/2009-2015\/wp-json\/wp\/v2\/posts\/11729\/revisions"}],"wp:attachment":[{"href":"https:\/\/fjala.info\/2009-2015\/wp-json\/wp\/v2\/media?parent=11729"}],"wp:term":[{"taxonomy":"category","embeddable":true,"href":"https:\/\/fjala.info\/2009-2015\/wp-json\/wp\/v2\/categories?post=11729"},{"taxonomy":"post_tag","embeddable":true,"href":"https:\/\/fjala.info\/2009-2015\/wp-json\/wp\/v2\/tags?post=11729"}],"curies":[{"name":"wp","href":"https:\/\/api.w.org\/{rel}","templated":true}]}}