{"id":11727,"date":"2012-03-05T11:25:36","date_gmt":"2012-03-05T10:25:36","guid":{"rendered":"http:\/\/fjala.shkoder.net\/?p=2058"},"modified":"2012-03-05T11:25:36","modified_gmt":"2012-03-05T10:25:36","slug":"ne-aksin-rrugor-prishtine-aeroport-ne-fshatin-vragoli-nen-kalimi-te-ura-shume-milioneshe-u-shnderruar-ne-liqe-nga-vershimet-e-ujit","status":"publish","type":"post","link":"https:\/\/fjala.info\/2009-2015\/ne-aksin-rrugor-prishtine-aeroport-ne-fshatin-vragoli-nen-kalimi-te-ura-shume-milioneshe-u-shnderruar-ne-liqe-nga-vershimet-e-ujit\/","title":{"rendered":"N\u00eb aksin rrugor Prishtin\u00eb-aeroport, n\u00eb fshatin Vragoli, n\u00ebn-kalimi te ura shum\u00eb milion\u00ebshe u shnd\u00ebrruar n\u00eb liqe nga v\u00ebrshimet e ujit!"},"content":{"rendered":"<p><img decoding=\"async\" class=\"alignright size-thumbnail wp-image-7236\" title=\"Asllan Dibrani\" src=\"http:\/\/www.shkoder.net\/images\/fjala\/asllan_dibrani.jpg\" alt=\"\" width=\"150\" \/>Nga <strong>Luan (A) Dibrani<\/strong><br \/>\n<a href=\"mailto:info@asllandibrani.com\">info@asllandibrani.com<\/a><\/p>\n<p>Vendi yn\u00eb, akoma po vazhdon ne avazin e pa kriter t\u00eb pa plan , pa vizion ,ndodhet n\u00eb rrug\u00ebtim t\u00eb gabuar, p\u00ebr ata q\u00eb kan\u00eb marr timonin e drejtimit, nj\u00ebsoj ndjekin politiken ekonomike. Po e vazhdojn\u00eb me nj\u00eb rit\u00ebm mjerimi dhe injoranc\u00eb t\u00eb pa kripur t\u00eb pa mbuluar, t\u00eb pa definuar, q\u00eb nga instancat ma t\u00eb (ul\u00ebta deri n\u00eb at\u00eb, super instancat gjenerale dhe t\u00eb hekurta n\u00eb d\u00ebmin e qytetarit, n\u00eb demin e ark\u00ebs dhe buxhetit t\u00eb shtetit dhe standardit familjar n\u00eb t\u00ebr\u00ebsi t\u00eb Kosov\u00ebs)?K\u00ebto dit\u00eb t\u00eb ftohta ky dim\u00ebr q\u00eb do t\u00eb mbahet mend, qiti n\u00eb sken\u00eb &#8220;marifetet dhe milionat e derdhur, nga projekte t\u00eb gabuara&#8221; n\u00eb rrug\u00ebn e aksit Prishtine- Aeroport n\u00eb Vragoli, n\u00ebnkalimi t\u00eb ura nga v\u00ebrshimet u shnd\u00ebrruar n\u00eb liqe!<\/p>\n<p>Pamje e rrug\u00ebs n\u00eb drejtim t\u00eb Aeroportit n\u00eb autodalje Miradi t\u00eb n\u00ebnkalimi i fshatit Vragoli qe gravitojn\u00eb edhe shume fshatra tjera , q\u00eb lidhen me rajonin e Lipianit, pamje rr\u00ebqeth\u00ebse q\u00eb i ngjan ndonj\u00eb cepi liqeni nga gabimi i projektit. P\u00ebrkund\u00ebr reagimit t\u00eb qytetareve t\u00eb thjesht pa &#8220;shkolla arkitekture&#8221; si\u00e7 jan\u00eb k\u00ebta arkitekt\u00ebt e famsh\u00ebm me ministra,qytetar\u00ebt kan\u00eb protestuar, reaguar dhe sugjeruar se n\u00ebnkalimi \u00ebsht\u00eb i pa realizuesh\u00ebm nga v\u00ebrshimet e shpeshta paraprake me \u00e7ka n\u00eb nj\u00eb moment t\u00eb fillimit t\u00eb k\u00ebsaj rruge isha edhe vet d\u00ebshmitar qe ju propozuam se e vetmja zgjedhje ishte rrethrrotullimi!<\/p>\n<p><img decoding=\"async\" class=\"aligncenter size-thumbnail wp-image-7236\" title=\"P\u00ebrmbytje e rrug\u00ebs s\u00eb re, Kosov\u00eb\" src=\"http:\/\/www.shkoder.net\/2012\/rruga_permbytje.jpg\" alt=\"\" width=\"450\" \/><\/p>\n<p style=\"text-align: center;\"><em>Pamje rr\u00ebqeth\u00ebse se ku jan\u00eb derdh parat\u00eb e popullit!<\/em><\/p>\n<p>Takim me ministrin Adem Grabovci i asaj kohe ,me nj\u00eb grup inxhinier\u00ebsh dhe qytetar\u00ebsh duke diskutuar projektin n\u00eb fjal\u00eb, gj\u00eb qe ju propozuam dhe sugjeruam qe k\u00ebtu problemin e zgjedh nj\u00eb rrethrrotullim. Foto-takim Vragoli mbi ur\u00eb 19.09.200.T\u00eb lartp\u00ebrmendurit mund t\u00eb arsyetohen se at\u00eb dit\u00eb nuk ka pas shi as bor\u00eb, ishte dite vape dhe nuk e kane vrar\u00eb mendjen se do te k\u00ebt\u00eb dimra e v\u00ebrshime p\u00ebrkund\u00ebr t\u00ebrheqjes se v\u00ebrejtjes!<\/p>\n<p>Pik\u00ebrisht \u00ebsht\u00eb problemi t\u00eb ura e Sitnic\u00ebs, q\u00eb po shihet pran\u00eb nesh sipas projektit n\u00ebnkalimi, n\u00eb praktik\u00eb \u00ebsht\u00eb projektit i realizuar, si i d\u00ebshtuar, pamja flet vet nuk don koment!!!. M\u00eb q\u00eb sipas projektit n\u00eb praktik\u00eb uji i lumit \u00ebsht\u00eb mbi nivelin e shtres\u00ebs se realizuar t\u00eb n\u00ebnkalimit dhe izolimet nuk i kan\u00eb b\u00ebr\u00eb, por p\u00ebrkundrazi nj\u00eb tender tjet\u00ebr qe e fitoj , pas d\u00ebshtimit te t\u00eb parit, ai morri eurot dhe pun\u00ebn e b\u00ebri shkele e shko dhe iku.<\/p>\n<p><img decoding=\"async\" class=\"aligncenter size-thumbnail wp-image-7236\" title=\"P\u00ebrmbytje e rrug\u00ebs s\u00eb re, Kosov\u00eb\" src=\"http:\/\/www.shkoder.net\/2012\/rruga_permbytje1.jpg\" alt=\"\" width=\"450\" \/><\/p>\n<p>Kosova \u00ebsht\u00eb futur n\u00eb rrug\u00eb t\u00eb gabuar, nga nj\u00eb politik\u00eb sharlatan\u00ebsh ,mendjeleht\u00eb dhe k\u00ebshtu po e zgjat agonin\u00eb dhe pa perspektiven e popullit!<\/p>\n<p>Reagimet e ma hershme ishin, se shpesh \u00ebsht\u00eb intervenuar, me barrikadat e gur\u00ebve dhe dheut duke ju shmangur ujit, n\u00eb lagjen e k\u00ebtyre fshatrave. N\u00eb k\u00ebt\u00eb n\u00ebnkalim q\u00eb po e shihni, t\u00eb v\u00ebrshuar nga uji , kalojn\u00eb nj\u00eb (ser\u00eb qytetesh dhe fshatrash, si\u00e7 \u00ebsht\u00eb Lipjani, Shtimeja dhe disa fshatra Batues\u00eb, Miradi dhe vet fshati Vragoli). Mllefi i tyre shihet, me \u00e7ka qytetar\u00ebt vet\u00ebm psher\u00ebtijn\u00eb thell\u00eb, mallkojn\u00eb, t\u00ebrbohen dhe presin, presin t\u00eb panjohur\u00ebn tjet\u00ebr qe do ti pret n\u00eb &#8220;sekretet e qeveritar\u00ebve n\u00eb projekte t\u00eb tilla&#8221; t\u00eb pa zbuluara deri me tani!.<\/p>\n<p>Kosova \u00ebsht\u00eb futur n\u00eb rrug\u00eb t\u00eb gabuar, nga nj\u00eb politik\u00eb sharlatan\u00ebsh, mendjeleht\u00eb dhe k\u00ebshtu po e zgjat agonin\u00eb, e cila, si e till\u00eb, po krijon nj\u00eb atmosfer\u00eb t\u00eb tendosur, nj\u00eb atmosfer\u00eb t\u00eb pashpres\u00ebs, zhg\u00ebnjimi, pasigurie dhe d\u00ebshp\u00ebrimi n\u00eb \u00e7do gj\u00eb , n\u00eb \u00e7do fush\u00eb, p\u00ebr \u00e7udi as nj\u00eb mjet informimi nuk e pa t\u00eb udh\u00ebs qe ta publikojn\u00eb rastin, p\u00ebrkund\u00ebr njoftimit nga qytetaret , por me nj\u00eb rast pata bisede edhe vet me zyrtaret e RTK-s\u00eb dhe TV-21 , me \u00e7ka than\u00eb se ishim ne vendin e ngjarjes dhe e kan\u00eb filmuar , por sigurisht se dikujt nuk i paska p\u00eblqyer kjo sken\u00eb dhe nuk u lejua qe t\u00eb publikohet p\u00ebr shkaqe t\u00eb abuzimeve ne k\u00ebto projekt!&#8230;<\/p>\n<p>P\u00ebr tu kthyer prap\u00eb n\u00eb drejtimin e Aeroportit apo Pej\u00ebs, p\u00ebr n\u00eb t\u00eb nj\u00ebjt\u00ebn pik\u00eb \u00e7do qytetar \u00ebsht\u00eb i detyruar 14 km t&#8217;i kaloj fare kot!<\/p>\n<p>P\u00ebr qarkullimin e nj\u00eb qytetari, p\u00ebr t\u00eb shkuar n\u00eb Aeroport, nga Lipjani ose fshatra t\u00eb p\u00ebrmendura dhe anasjelltas, duhet q\u00eb t\u00eb shkojn\u00eb n\u00eb drejtim t\u00eb Prishtin\u00ebs 7 km deri t\u00eb udh\u00ebkryqi i Bresjes s\u00eb Fush\u00eb- Kosov\u00ebs ose te n\u00ebnkalimi i fshatit t\u00eb autodalja Miradi ,q\u00eb p\u00ebr tu kthyer prap\u00eb ne drejtimin e Aeroportit apo Pej\u00ebs, p\u00ebr n\u00eb t\u00eb nj\u00ebjt\u00ebn pik\u00eb \u00e7do qytetar \u00ebsht\u00eb i detyruar 14 km t&#8217;i kaloj fare kot! P\u00ebr fshatin Miradi dhe Vragoli q\u00eb p\u00ebrkufizohen me k\u00ebt\u00eb rrug\u00eb p\u00ebr t\u00eb shkuar n\u00eb sht\u00ebpit\u00eb e veta nga Prishtina duhet q\u00eb t\u00eb shkojn\u00eb prap\u00eb deri ne Sllatin\u00eb dhe me u kthye prap\u00eb, n\u00eb t\u00eb nj\u00ebjt\u00ebn pik\u00eb, apo anasjelltas, \u00ebsht\u00eb p\u00ebr tu \u00e7uditur, qe vet\u00ebm rrug\u00ebn f\u00ebmija, me kalua apo qytetari, me dale n\u00eb an\u00ebn tjet\u00ebr t\u00eb rrug\u00ebs, ose me shkua n\u00eb shkoll\u00eb prap\u00eb duhet me rrezikua kalimin n\u00eb t\u00eb&#8221; zez\u00eb&#8221; mbi hekurat n\u00eb mes t\u00eb udh\u00ebs n\u00eb magjistralen, me \u00e7ka priten prap\u00eb viktima t\u00eb reja.<\/p>\n<p>Ky udh\u00ebkryq mbeti pa u rregulluar deri ne n\u00ebntorin e vitit 2011, nga qe u p\u00ebrballen me aksidente t\u00eb shpeshta, dhe bllokada rruge, por kjo rrug\u00eb dhe projekt i ngadalsh\u00ebm , nuk u kursye, pa marre edhe shum\u00eb jet\u00eb njer\u00ebzish?!!!. K\u00ebtyre banor\u00ebve n\u00eb munges\u00ebn e ndonj\u00eb vendkalimi nga \u201carkitektet famoz t\u00eb udh\u00ebhequr nga matrapaz qeveritar, pa i p\u00ebrmbushur kriteret paraprake i marrin postet e ministrave jo qe e zot\u00ebrojn\u00eb, por e degjenerojn\u00eb edhe ministrin\u00eb q\u00eb punojn\u00eb. Popullit dhe xhepave t\u00eb tyre po ju vjen era shkrumb, se ju dogj\u00ebn parat\u00eb, dhe (mbeten se mbeten edhe pa para edhe pa rrug\u00eb). Sot projektet e tyre u p\u00ebrngjajn\u00eb ma tep\u00ebr ndonj\u00eb &#8220;statuje dhe g\u00ebrmadhe&#8221; se sa qe i kryen pun\u00ebt normale si\u00e7 e dikton nj\u00eb nevoja e zhvillimit t\u00eb vendit.<\/p>\n<p>P\u00ebr munges\u00ebn e nj\u00eb semafori apo t\u00eb nj\u00eb rrethrrotullimi \u00e7do qytetar duhet t\u2019i b\u00ebj\u00eb 14 km p\u00ebr s\u00eb koti, po q\u00eb pati nj\u00eb qytetar nevoj\u00eb q\u00eb t\u00eb dalin p\u00ebr interesin e vet n\u00eb Prishtin\u00eb apo n\u00eb Aeroport tri her\u00eb gjat\u00eb dit\u00ebs i llogariten 42 km t\u00eb kota!&#8230;<\/p>\n<p>Pamje e nj\u00eb qytetari me vetur\u00eb duke u kthyer prapa rrug\u00ebs e projektuar nj\u00eb kah\u00ebshe, por vet qytetaret i thyejn\u00eb rregullat qe ti shmangen shpenzimeve t\u00eb shumta dhe tani p\u00ebr tani shfryt\u00ebzohet edhe nga krahu tjet\u00ebr p\u00ebr t&#8217;u inkuadruar p\u00ebr rrug\u00ebn e Aeroportit me qellim te ikjes se rrug\u00ebs deri n\u00eb fush\u00eb t\u00eb Kosov\u00ebs !<\/p>\n<p>Jo larg ur\u00ebs se Sitnic\u00ebs gjendet kjo pamje e planifikuar t\u00eb hyrje-daljet n\u00eb Aeroportin e Prishtin\u00ebs, qe ka mbetur e pa shfryt\u00ebzuar, qe u derdhen me miliona euro. Sot nuk jep askush llogari as p\u00ebrgjegj\u00ebsi qe i dogji xhepin qytetar\u00ebve t\u00eb Kosov\u00ebs dhe u trash xhepi i atyre q\u00eb e b\u00ebn\u00eb projektin dhe e menaxhuan, qe sot k\u00ebto projekte u p\u00ebrngjajn\u00eb ma tep\u00ebr ndonj\u00eb statuje dhe g\u00ebrmadhe ,se sa nj\u00eb ure qe nd\u00ebrlidh interesat e popullit si\u00e7 e dikton nevoja e zhvillimit t\u00eb vendit.( N\u00eb vesh\u00ebt e popullit ka nj\u00eb informat\u00eb e hidhur sa qe flitet qe duhet me rr\u00ebnuar fare ur\u00ebn e re te nd\u00ebrtuar nga arkitektet e djegies se djers\u00ebs se popullit)!!!<\/p>\n<p>Pra si fakte q\u00eb Kosova ndodhet n\u00eb rrug\u00eb t\u00eb gabuar, askush se v\u00eb n\u00eb diskutim dhe as qe synohet, te b\u00ebhet ndonj\u00eb intervenim zyrtar n\u00eb t\u00eb mir\u00ebn e popullit, qe vendi pos \u00e7alimeve n\u00eb ekonomi ai \u00ebsht\u00eb i diskriminuar edhe n\u00eb politik\u00eb e n\u00eb kultur\u00eb . E p\u00ebr me e d\u00ebshmua sheshazi, se vendi ndodhet n\u00eb kolaps pa vizione dhe rrug\u00ebdalje , gangster\u00ebt politikaj i dhan\u00eb vul\u00ebn ne bisedat e mbik\u00ebqyrura nd\u00ebrkomb\u00ebtare qe po zhvillohen mes Kosov\u00ebs e Serbis\u00eb, qe pretendohet deri t\u00eb copitmi dhe zvog\u00eblimi i Kosov\u00ebs. Etiketimi i njeri-tjetrit n\u00eb parlamentin e Kosov\u00ebs, gj\u00eb qe ma tep\u00ebr i p\u00ebrngjan ndonj\u00eb teatri, se sa nj\u00eb sht\u00ebpie, ku duhet trajtuar dhe diskutuar p\u00ebr fatin e popullit, kultur\u00ebn dhe hallet e tij.<\/p>\n<p>Kolltuk\u00ebt e but\u00eb sikur ju kan\u00eb p\u00eblqyer shum\u00eb duke p\u00ebrforcuar k\u00ebto dit\u00eb \u201cdinamiken\u201d politike t\u00eb gabuar, ku parlamenti i Kosoves ka kaluar n\u00eb foltore sharjesh, abuzimesh ,fyerjesh dhe shantazhesh p\u00ebr ta p\u00ebrforcuar akoma politiken qorre pa institucione, pa asnj\u00eb standard moral e politik\u00eb ,duke e fyer dinjitetin e \u00e7do qytetari t\u00eb Kosov\u00eb. Nj\u00eb pushtet q\u00eb rri si hija e zez\u00eb mbi Kosov\u00ebn dhe rrug\u00ebn e saj t\u00eb prosperitetit t\u00eb avancimit ,zhvillimit dhe synimit drejt kthimit n\u00eb (Familjen Per\u00ebndimore), mendoj se her\u00ebt a von\u00eb do t&#8217;i gjykojn\u00eb koha ,brezi i tanish\u00ebm dhe historia.<\/p>\n<p>Foto-reportazh &#8211; koment nga <strong>Luan. A. Dibrani<\/strong>, <em>shkurt 2012<\/em><\/p>\n","protected":false},"excerpt":{"rendered":"<p>Nga Luan (A) Dibrani info@asllandibrani.com Vendi yn\u00eb, akoma po vazhdon ne avazin e pa kriter t\u00eb pa plan , pa vizion ,ndodhet n\u00eb rrug\u00ebtim t\u00eb gabuar, p\u00ebr ata q\u00eb kan\u00eb marr timonin e drejtimit, nj\u00ebsoj ndjekin politiken ekonomike. Po e vazhdojn\u00eb me nj\u00eb rit\u00ebm mjerimi dhe injoranc\u00eb t\u00eb pa kripur t\u00eb pa mbuluar, t\u00eb pa [&hellip;]<\/p>\n","protected":false},"author":1,"featured_media":0,"comment_status":"open","ping_status":"closed","sticky":false,"template":"","format":"standard","meta":{"footnotes":""},"categories":[2],"tags":[],"class_list":{"0":"post-11727","1":"post","2":"type-post","3":"status-publish","4":"format-standard","6":"category-artikuj"},"yoast_head":"<!-- This site is optimized with the Yoast SEO plugin v27.4 - https:\/\/yoast.com\/product\/yoast-seo-wordpress\/ -->\n<title>N\u00eb aksin rrugor Prishtin\u00eb-aeroport, n\u00eb fshatin Vragoli, n\u00ebn-kalimi te ura shum\u00eb milion\u00ebshe u shnd\u00ebrruar n\u00eb liqe nga v\u00ebrshimet e ujit! - FjALA e LIR\u00cb - Arkivi<\/title>\n<meta name=\"robots\" content=\"index, follow, max-snippet:-1, max-image-preview:large, max-video-preview:-1\" \/>\n<link rel=\"canonical\" href=\"https:\/\/fjala.info\/2009-2015\/ne-aksin-rrugor-prishtine-aeroport-ne-fshatin-vragoli-nen-kalimi-te-ura-shume-milioneshe-u-shnderruar-ne-liqe-nga-vershimet-e-ujit\/\" \/>\n<meta property=\"og:locale\" content=\"sq_AL\" \/>\n<meta property=\"og:type\" content=\"article\" \/>\n<meta property=\"og:title\" content=\"N\u00eb aksin rrugor Prishtin\u00eb-aeroport, n\u00eb fshatin Vragoli, n\u00ebn-kalimi te ura shum\u00eb milion\u00ebshe u shnd\u00ebrruar n\u00eb liqe nga v\u00ebrshimet e ujit! - FjALA e LIR\u00cb - Arkivi\" \/>\n<meta property=\"og:description\" content=\"Nga Luan (A) Dibrani info@asllandibrani.com Vendi yn\u00eb, akoma po vazhdon ne avazin e pa kriter t\u00eb pa plan , pa vizion ,ndodhet n\u00eb rrug\u00ebtim t\u00eb gabuar, p\u00ebr ata q\u00eb kan\u00eb marr timonin e drejtimit, nj\u00ebsoj ndjekin politiken ekonomike. Po e vazhdojn\u00eb me nj\u00eb rit\u00ebm mjerimi dhe injoranc\u00eb t\u00eb pa kripur t\u00eb pa mbuluar, t\u00eb pa [&hellip;]\" \/>\n<meta property=\"og:url\" content=\"https:\/\/fjala.info\/2009-2015\/ne-aksin-rrugor-prishtine-aeroport-ne-fshatin-vragoli-nen-kalimi-te-ura-shume-milioneshe-u-shnderruar-ne-liqe-nga-vershimet-e-ujit\/\" \/>\n<meta property=\"og:site_name\" content=\"FjALA e LIR\u00cb - Arkivi\" \/>\n<meta property=\"article:published_time\" content=\"2012-03-05T10:25:36+00:00\" \/>\n<meta property=\"og:image\" content=\"http:\/\/www.shkoder.net\/images\/fjala\/asllan_dibrani.jpg\" \/>\n<meta name=\"author\" content=\"admin\" \/>\n<meta name=\"twitter:card\" content=\"summary_large_image\" \/>\n<meta name=\"twitter:label1\" content=\"Written by\" \/>\n\t<meta name=\"twitter:data1\" content=\"admin\" \/>\n\t<meta name=\"twitter:label2\" content=\"Est. reading time\" \/>\n\t<meta name=\"twitter:data2\" content=\"8 minutes\" \/>\n<script type=\"application\/ld+json\" class=\"yoast-schema-graph\">{\"@context\":\"https:\\\/\\\/schema.org\",\"@graph\":[{\"@type\":\"Article\",\"@id\":\"https:\\\/\\\/fjala.info\\\/2009-2015\\\/ne-aksin-rrugor-prishtine-aeroport-ne-fshatin-vragoli-nen-kalimi-te-ura-shume-milioneshe-u-shnderruar-ne-liqe-nga-vershimet-e-ujit\\\/#article\",\"isPartOf\":{\"@id\":\"https:\\\/\\\/fjala.info\\\/2009-2015\\\/ne-aksin-rrugor-prishtine-aeroport-ne-fshatin-vragoli-nen-kalimi-te-ura-shume-milioneshe-u-shnderruar-ne-liqe-nga-vershimet-e-ujit\\\/\"},\"author\":{\"name\":\"admin\",\"@id\":\"https:\\\/\\\/fjala.info\\\/2009-2015\\\/#\\\/schema\\\/person\\\/3aa1163ef05469c496fc94e77611ada2\"},\"headline\":\"N\u00eb aksin rrugor Prishtin\u00eb-aeroport, n\u00eb fshatin Vragoli, n\u00ebn-kalimi te ura shum\u00eb milion\u00ebshe u shnd\u00ebrruar n\u00eb liqe nga v\u00ebrshimet e ujit!\",\"datePublished\":\"2012-03-05T10:25:36+00:00\",\"mainEntityOfPage\":{\"@id\":\"https:\\\/\\\/fjala.info\\\/2009-2015\\\/ne-aksin-rrugor-prishtine-aeroport-ne-fshatin-vragoli-nen-kalimi-te-ura-shume-milioneshe-u-shnderruar-ne-liqe-nga-vershimet-e-ujit\\\/\"},\"wordCount\":1574,\"commentCount\":0,\"publisher\":{\"@id\":\"https:\\\/\\\/fjala.info\\\/2009-2015\\\/#organization\"},\"image\":{\"@id\":\"https:\\\/\\\/fjala.info\\\/2009-2015\\\/ne-aksin-rrugor-prishtine-aeroport-ne-fshatin-vragoli-nen-kalimi-te-ura-shume-milioneshe-u-shnderruar-ne-liqe-nga-vershimet-e-ujit\\\/#primaryimage\"},\"thumbnailUrl\":\"http:\\\/\\\/www.shkoder.net\\\/images\\\/fjala\\\/asllan_dibrani.jpg\",\"articleSection\":[\"Artikuj\"],\"inLanguage\":\"sq-AL\",\"potentialAction\":[{\"@type\":\"CommentAction\",\"name\":\"Comment\",\"target\":[\"https:\\\/\\\/fjala.info\\\/2009-2015\\\/ne-aksin-rrugor-prishtine-aeroport-ne-fshatin-vragoli-nen-kalimi-te-ura-shume-milioneshe-u-shnderruar-ne-liqe-nga-vershimet-e-ujit\\\/#respond\"]}]},{\"@type\":\"WebPage\",\"@id\":\"https:\\\/\\\/fjala.info\\\/2009-2015\\\/ne-aksin-rrugor-prishtine-aeroport-ne-fshatin-vragoli-nen-kalimi-te-ura-shume-milioneshe-u-shnderruar-ne-liqe-nga-vershimet-e-ujit\\\/\",\"url\":\"https:\\\/\\\/fjala.info\\\/2009-2015\\\/ne-aksin-rrugor-prishtine-aeroport-ne-fshatin-vragoli-nen-kalimi-te-ura-shume-milioneshe-u-shnderruar-ne-liqe-nga-vershimet-e-ujit\\\/\",\"name\":\"N\u00eb aksin rrugor Prishtin\u00eb-aeroport, n\u00eb fshatin Vragoli, n\u00ebn-kalimi te ura shum\u00eb milion\u00ebshe u shnd\u00ebrruar n\u00eb liqe nga v\u00ebrshimet e ujit! - FjALA e LIR\u00cb - Arkivi\",\"isPartOf\":{\"@id\":\"https:\\\/\\\/fjala.info\\\/2009-2015\\\/#website\"},\"primaryImageOfPage\":{\"@id\":\"https:\\\/\\\/fjala.info\\\/2009-2015\\\/ne-aksin-rrugor-prishtine-aeroport-ne-fshatin-vragoli-nen-kalimi-te-ura-shume-milioneshe-u-shnderruar-ne-liqe-nga-vershimet-e-ujit\\\/#primaryimage\"},\"image\":{\"@id\":\"https:\\\/\\\/fjala.info\\\/2009-2015\\\/ne-aksin-rrugor-prishtine-aeroport-ne-fshatin-vragoli-nen-kalimi-te-ura-shume-milioneshe-u-shnderruar-ne-liqe-nga-vershimet-e-ujit\\\/#primaryimage\"},\"thumbnailUrl\":\"http:\\\/\\\/www.shkoder.net\\\/images\\\/fjala\\\/asllan_dibrani.jpg\",\"datePublished\":\"2012-03-05T10:25:36+00:00\",\"breadcrumb\":{\"@id\":\"https:\\\/\\\/fjala.info\\\/2009-2015\\\/ne-aksin-rrugor-prishtine-aeroport-ne-fshatin-vragoli-nen-kalimi-te-ura-shume-milioneshe-u-shnderruar-ne-liqe-nga-vershimet-e-ujit\\\/#breadcrumb\"},\"inLanguage\":\"sq-AL\",\"potentialAction\":[{\"@type\":\"ReadAction\",\"target\":[\"https:\\\/\\\/fjala.info\\\/2009-2015\\\/ne-aksin-rrugor-prishtine-aeroport-ne-fshatin-vragoli-nen-kalimi-te-ura-shume-milioneshe-u-shnderruar-ne-liqe-nga-vershimet-e-ujit\\\/\"]}]},{\"@type\":\"ImageObject\",\"inLanguage\":\"sq-AL\",\"@id\":\"https:\\\/\\\/fjala.info\\\/2009-2015\\\/ne-aksin-rrugor-prishtine-aeroport-ne-fshatin-vragoli-nen-kalimi-te-ura-shume-milioneshe-u-shnderruar-ne-liqe-nga-vershimet-e-ujit\\\/#primaryimage\",\"url\":\"http:\\\/\\\/www.shkoder.net\\\/images\\\/fjala\\\/asllan_dibrani.jpg\",\"contentUrl\":\"http:\\\/\\\/www.shkoder.net\\\/images\\\/fjala\\\/asllan_dibrani.jpg\"},{\"@type\":\"BreadcrumbList\",\"@id\":\"https:\\\/\\\/fjala.info\\\/2009-2015\\\/ne-aksin-rrugor-prishtine-aeroport-ne-fshatin-vragoli-nen-kalimi-te-ura-shume-milioneshe-u-shnderruar-ne-liqe-nga-vershimet-e-ujit\\\/#breadcrumb\",\"itemListElement\":[{\"@type\":\"ListItem\",\"position\":1,\"name\":\"Home\",\"item\":\"https:\\\/\\\/fjala.info\\\/2009-2015\\\/\"},{\"@type\":\"ListItem\",\"position\":2,\"name\":\"N\u00eb aksin rrugor Prishtin\u00eb-aeroport, n\u00eb fshatin Vragoli, n\u00ebn-kalimi te ura shum\u00eb milion\u00ebshe u shnd\u00ebrruar n\u00eb liqe nga v\u00ebrshimet e ujit!\"}]},{\"@type\":\"WebSite\",\"@id\":\"https:\\\/\\\/fjala.info\\\/2009-2015\\\/#website\",\"url\":\"https:\\\/\\\/fjala.info\\\/2009-2015\\\/\",\"name\":\"FjALA e LIR\u00cb - Arkivi\",\"description\":\"Arkivi 2009-2015\",\"publisher\":{\"@id\":\"https:\\\/\\\/fjala.info\\\/2009-2015\\\/#organization\"},\"potentialAction\":[{\"@type\":\"SearchAction\",\"target\":{\"@type\":\"EntryPoint\",\"urlTemplate\":\"https:\\\/\\\/fjala.info\\\/2009-2015\\\/?s={search_term_string}\"},\"query-input\":{\"@type\":\"PropertyValueSpecification\",\"valueRequired\":true,\"valueName\":\"search_term_string\"}}],\"inLanguage\":\"sq-AL\"},{\"@type\":\"Organization\",\"@id\":\"https:\\\/\\\/fjala.info\\\/2009-2015\\\/#organization\",\"name\":\"FjALA e LIR\u00cb - Arkivi\",\"url\":\"https:\\\/\\\/fjala.info\\\/2009-2015\\\/\",\"logo\":{\"@type\":\"ImageObject\",\"inLanguage\":\"sq-AL\",\"@id\":\"https:\\\/\\\/fjala.info\\\/2009-2015\\\/#\\\/schema\\\/logo\\\/image\\\/\",\"url\":\"\",\"contentUrl\":\"\",\"caption\":\"FjALA e LIR\u00cb - Arkivi\"},\"image\":{\"@id\":\"https:\\\/\\\/fjala.info\\\/2009-2015\\\/#\\\/schema\\\/logo\\\/image\\\/\"}},{\"@type\":\"Person\",\"@id\":\"https:\\\/\\\/fjala.info\\\/2009-2015\\\/#\\\/schema\\\/person\\\/3aa1163ef05469c496fc94e77611ada2\",\"name\":\"admin\",\"image\":{\"@type\":\"ImageObject\",\"inLanguage\":\"sq-AL\",\"@id\":\"https:\\\/\\\/fjala.info\\\/2009-2015\\\/wp-content\\\/uploads\\\/2012\\\/02\\\/arben_cokaj-120x150.jpg\",\"url\":\"https:\\\/\\\/fjala.info\\\/2009-2015\\\/wp-content\\\/uploads\\\/2012\\\/02\\\/arben_cokaj-120x150.jpg\",\"contentUrl\":\"https:\\\/\\\/fjala.info\\\/2009-2015\\\/wp-content\\\/uploads\\\/2012\\\/02\\\/arben_cokaj-120x150.jpg\",\"caption\":\"admin\"},\"description\":\"Admin, Fjala e Lir\u00eb\",\"sameAs\":[\"https:\\\/\\\/fjala.info\\\/\"],\"url\":\"https:\\\/\\\/fjala.info\\\/2009-2015\\\/author\\\/admin\\\/\"}]}<\/script>\n<!-- \/ Yoast SEO plugin. -->","yoast_head_json":{"title":"N\u00eb aksin rrugor Prishtin\u00eb-aeroport, n\u00eb fshatin Vragoli, n\u00ebn-kalimi te ura shum\u00eb milion\u00ebshe u shnd\u00ebrruar n\u00eb liqe nga v\u00ebrshimet e ujit! - FjALA e LIR\u00cb - Arkivi","robots":{"index":"index","follow":"follow","max-snippet":"max-snippet:-1","max-image-preview":"max-image-preview:large","max-video-preview":"max-video-preview:-1"},"canonical":"https:\/\/fjala.info\/2009-2015\/ne-aksin-rrugor-prishtine-aeroport-ne-fshatin-vragoli-nen-kalimi-te-ura-shume-milioneshe-u-shnderruar-ne-liqe-nga-vershimet-e-ujit\/","og_locale":"sq_AL","og_type":"article","og_title":"N\u00eb aksin rrugor Prishtin\u00eb-aeroport, n\u00eb fshatin Vragoli, n\u00ebn-kalimi te ura shum\u00eb milion\u00ebshe u shnd\u00ebrruar n\u00eb liqe nga v\u00ebrshimet e ujit! - FjALA e LIR\u00cb - Arkivi","og_description":"Nga Luan (A) Dibrani info@asllandibrani.com Vendi yn\u00eb, akoma po vazhdon ne avazin e pa kriter t\u00eb pa plan , pa vizion ,ndodhet n\u00eb rrug\u00ebtim t\u00eb gabuar, p\u00ebr ata q\u00eb kan\u00eb marr timonin e drejtimit, nj\u00ebsoj ndjekin politiken ekonomike. Po e vazhdojn\u00eb me nj\u00eb rit\u00ebm mjerimi dhe injoranc\u00eb t\u00eb pa kripur t\u00eb pa mbuluar, t\u00eb pa [&hellip;]","og_url":"https:\/\/fjala.info\/2009-2015\/ne-aksin-rrugor-prishtine-aeroport-ne-fshatin-vragoli-nen-kalimi-te-ura-shume-milioneshe-u-shnderruar-ne-liqe-nga-vershimet-e-ujit\/","og_site_name":"FjALA e LIR\u00cb - Arkivi","article_published_time":"2012-03-05T10:25:36+00:00","og_image":[{"url":"http:\/\/www.shkoder.net\/images\/fjala\/asllan_dibrani.jpg","type":"","width":"","height":""}],"author":"admin","twitter_card":"summary_large_image","twitter_misc":{"Written by":"admin","Est. reading time":"8 minutes"},"schema":{"@context":"https:\/\/schema.org","@graph":[{"@type":"Article","@id":"https:\/\/fjala.info\/2009-2015\/ne-aksin-rrugor-prishtine-aeroport-ne-fshatin-vragoli-nen-kalimi-te-ura-shume-milioneshe-u-shnderruar-ne-liqe-nga-vershimet-e-ujit\/#article","isPartOf":{"@id":"https:\/\/fjala.info\/2009-2015\/ne-aksin-rrugor-prishtine-aeroport-ne-fshatin-vragoli-nen-kalimi-te-ura-shume-milioneshe-u-shnderruar-ne-liqe-nga-vershimet-e-ujit\/"},"author":{"name":"admin","@id":"https:\/\/fjala.info\/2009-2015\/#\/schema\/person\/3aa1163ef05469c496fc94e77611ada2"},"headline":"N\u00eb aksin rrugor Prishtin\u00eb-aeroport, n\u00eb fshatin Vragoli, n\u00ebn-kalimi te ura shum\u00eb milion\u00ebshe u shnd\u00ebrruar n\u00eb liqe nga v\u00ebrshimet e ujit!","datePublished":"2012-03-05T10:25:36+00:00","mainEntityOfPage":{"@id":"https:\/\/fjala.info\/2009-2015\/ne-aksin-rrugor-prishtine-aeroport-ne-fshatin-vragoli-nen-kalimi-te-ura-shume-milioneshe-u-shnderruar-ne-liqe-nga-vershimet-e-ujit\/"},"wordCount":1574,"commentCount":0,"publisher":{"@id":"https:\/\/fjala.info\/2009-2015\/#organization"},"image":{"@id":"https:\/\/fjala.info\/2009-2015\/ne-aksin-rrugor-prishtine-aeroport-ne-fshatin-vragoli-nen-kalimi-te-ura-shume-milioneshe-u-shnderruar-ne-liqe-nga-vershimet-e-ujit\/#primaryimage"},"thumbnailUrl":"http:\/\/www.shkoder.net\/images\/fjala\/asllan_dibrani.jpg","articleSection":["Artikuj"],"inLanguage":"sq-AL","potentialAction":[{"@type":"CommentAction","name":"Comment","target":["https:\/\/fjala.info\/2009-2015\/ne-aksin-rrugor-prishtine-aeroport-ne-fshatin-vragoli-nen-kalimi-te-ura-shume-milioneshe-u-shnderruar-ne-liqe-nga-vershimet-e-ujit\/#respond"]}]},{"@type":"WebPage","@id":"https:\/\/fjala.info\/2009-2015\/ne-aksin-rrugor-prishtine-aeroport-ne-fshatin-vragoli-nen-kalimi-te-ura-shume-milioneshe-u-shnderruar-ne-liqe-nga-vershimet-e-ujit\/","url":"https:\/\/fjala.info\/2009-2015\/ne-aksin-rrugor-prishtine-aeroport-ne-fshatin-vragoli-nen-kalimi-te-ura-shume-milioneshe-u-shnderruar-ne-liqe-nga-vershimet-e-ujit\/","name":"N\u00eb aksin rrugor Prishtin\u00eb-aeroport, n\u00eb fshatin Vragoli, n\u00ebn-kalimi te ura shum\u00eb milion\u00ebshe u shnd\u00ebrruar n\u00eb liqe nga v\u00ebrshimet e ujit! - FjALA e LIR\u00cb - Arkivi","isPartOf":{"@id":"https:\/\/fjala.info\/2009-2015\/#website"},"primaryImageOfPage":{"@id":"https:\/\/fjala.info\/2009-2015\/ne-aksin-rrugor-prishtine-aeroport-ne-fshatin-vragoli-nen-kalimi-te-ura-shume-milioneshe-u-shnderruar-ne-liqe-nga-vershimet-e-ujit\/#primaryimage"},"image":{"@id":"https:\/\/fjala.info\/2009-2015\/ne-aksin-rrugor-prishtine-aeroport-ne-fshatin-vragoli-nen-kalimi-te-ura-shume-milioneshe-u-shnderruar-ne-liqe-nga-vershimet-e-ujit\/#primaryimage"},"thumbnailUrl":"http:\/\/www.shkoder.net\/images\/fjala\/asllan_dibrani.jpg","datePublished":"2012-03-05T10:25:36+00:00","breadcrumb":{"@id":"https:\/\/fjala.info\/2009-2015\/ne-aksin-rrugor-prishtine-aeroport-ne-fshatin-vragoli-nen-kalimi-te-ura-shume-milioneshe-u-shnderruar-ne-liqe-nga-vershimet-e-ujit\/#breadcrumb"},"inLanguage":"sq-AL","potentialAction":[{"@type":"ReadAction","target":["https:\/\/fjala.info\/2009-2015\/ne-aksin-rrugor-prishtine-aeroport-ne-fshatin-vragoli-nen-kalimi-te-ura-shume-milioneshe-u-shnderruar-ne-liqe-nga-vershimet-e-ujit\/"]}]},{"@type":"ImageObject","inLanguage":"sq-AL","@id":"https:\/\/fjala.info\/2009-2015\/ne-aksin-rrugor-prishtine-aeroport-ne-fshatin-vragoli-nen-kalimi-te-ura-shume-milioneshe-u-shnderruar-ne-liqe-nga-vershimet-e-ujit\/#primaryimage","url":"http:\/\/www.shkoder.net\/images\/fjala\/asllan_dibrani.jpg","contentUrl":"http:\/\/www.shkoder.net\/images\/fjala\/asllan_dibrani.jpg"},{"@type":"BreadcrumbList","@id":"https:\/\/fjala.info\/2009-2015\/ne-aksin-rrugor-prishtine-aeroport-ne-fshatin-vragoli-nen-kalimi-te-ura-shume-milioneshe-u-shnderruar-ne-liqe-nga-vershimet-e-ujit\/#breadcrumb","itemListElement":[{"@type":"ListItem","position":1,"name":"Home","item":"https:\/\/fjala.info\/2009-2015\/"},{"@type":"ListItem","position":2,"name":"N\u00eb aksin rrugor Prishtin\u00eb-aeroport, n\u00eb fshatin Vragoli, n\u00ebn-kalimi te ura shum\u00eb milion\u00ebshe u shnd\u00ebrruar n\u00eb liqe nga v\u00ebrshimet e ujit!"}]},{"@type":"WebSite","@id":"https:\/\/fjala.info\/2009-2015\/#website","url":"https:\/\/fjala.info\/2009-2015\/","name":"FjALA e LIR\u00cb - Arkivi","description":"Arkivi 2009-2015","publisher":{"@id":"https:\/\/fjala.info\/2009-2015\/#organization"},"potentialAction":[{"@type":"SearchAction","target":{"@type":"EntryPoint","urlTemplate":"https:\/\/fjala.info\/2009-2015\/?s={search_term_string}"},"query-input":{"@type":"PropertyValueSpecification","valueRequired":true,"valueName":"search_term_string"}}],"inLanguage":"sq-AL"},{"@type":"Organization","@id":"https:\/\/fjala.info\/2009-2015\/#organization","name":"FjALA e LIR\u00cb - Arkivi","url":"https:\/\/fjala.info\/2009-2015\/","logo":{"@type":"ImageObject","inLanguage":"sq-AL","@id":"https:\/\/fjala.info\/2009-2015\/#\/schema\/logo\/image\/","url":"","contentUrl":"","caption":"FjALA e LIR\u00cb - Arkivi"},"image":{"@id":"https:\/\/fjala.info\/2009-2015\/#\/schema\/logo\/image\/"}},{"@type":"Person","@id":"https:\/\/fjala.info\/2009-2015\/#\/schema\/person\/3aa1163ef05469c496fc94e77611ada2","name":"admin","image":{"@type":"ImageObject","inLanguage":"sq-AL","@id":"https:\/\/fjala.info\/2009-2015\/wp-content\/uploads\/2012\/02\/arben_cokaj-120x150.jpg","url":"https:\/\/fjala.info\/2009-2015\/wp-content\/uploads\/2012\/02\/arben_cokaj-120x150.jpg","contentUrl":"https:\/\/fjala.info\/2009-2015\/wp-content\/uploads\/2012\/02\/arben_cokaj-120x150.jpg","caption":"admin"},"description":"Admin, Fjala e Lir\u00eb","sameAs":["https:\/\/fjala.info\/"],"url":"https:\/\/fjala.info\/2009-2015\/author\/admin\/"}]}},"_links":{"self":[{"href":"https:\/\/fjala.info\/2009-2015\/wp-json\/wp\/v2\/posts\/11727","targetHints":{"allow":["GET"]}}],"collection":[{"href":"https:\/\/fjala.info\/2009-2015\/wp-json\/wp\/v2\/posts"}],"about":[{"href":"https:\/\/fjala.info\/2009-2015\/wp-json\/wp\/v2\/types\/post"}],"author":[{"embeddable":true,"href":"https:\/\/fjala.info\/2009-2015\/wp-json\/wp\/v2\/users\/1"}],"replies":[{"embeddable":true,"href":"https:\/\/fjala.info\/2009-2015\/wp-json\/wp\/v2\/comments?post=11727"}],"version-history":[{"count":0,"href":"https:\/\/fjala.info\/2009-2015\/wp-json\/wp\/v2\/posts\/11727\/revisions"}],"wp:attachment":[{"href":"https:\/\/fjala.info\/2009-2015\/wp-json\/wp\/v2\/media?parent=11727"}],"wp:term":[{"taxonomy":"category","embeddable":true,"href":"https:\/\/fjala.info\/2009-2015\/wp-json\/wp\/v2\/categories?post=11727"},{"taxonomy":"post_tag","embeddable":true,"href":"https:\/\/fjala.info\/2009-2015\/wp-json\/wp\/v2\/tags?post=11727"}],"curies":[{"name":"wp","href":"https:\/\/api.w.org\/{rel}","templated":true}]}}