{"id":11726,"date":"2012-03-05T08:04:02","date_gmt":"2012-03-05T07:04:02","guid":{"rendered":"http:\/\/fjala.shkoder.net\/?p=2056"},"modified":"2012-03-05T08:04:02","modified_gmt":"2012-03-05T07:04:02","slug":"kopliku-pd-vendosi-e-para-kunder-importit-te-plehrave","status":"publish","type":"post","link":"https:\/\/fjala.info\/2009-2015\/kopliku-pd-vendosi-e-para-kunder-importit-te-plehrave\/","title":{"rendered":"Kopliku: PD vendosi e para kund\u00ebr importit t\u00eb plehrave"},"content":{"rendered":"<p><img decoding=\"async\" class=\"alignright size-thumbnail wp-image-7236\" title=\"Bashkim Kopliku\" src=\"http:\/\/www.shkoder.net\/images\/fjala\/bashkim_kopliku.jpg\" alt=\"\" width=\"150\" \/> [Java, 03.03.2012]<\/p>\n<p><strong>E.Q.(Ervin Qafmolla): Cili \u00ebsht\u00eb q\u00ebndrimi juaj ndaj vendimit t\u00eb qeveris\u00eb p\u00ebr t\u00eb lejuar importin e nj\u00eb game t\u00eb gjer\u00eb mbetjesh, me q\u00ebllim p\u00ebrpunimin e tyre n\u00eb Shqip\u00ebri?<\/strong><\/p>\n<p>B.K. (<strong>Bashkim Kopliku<\/strong>):<\/p>\n<p>Lejimi i importimit t\u00eb Plehrave n\u00eb Shqip\u00ebri, \u00ebsht\u00eb nj\u00eb shitje e sh\u00ebndetit, e jet\u00ebs s\u00eb shqiptar\u00ebve, n\u00eb k\u00ebmbim t\u00eb mbajtjes s\u00eb pushtetit nga qeveria aktuale, me n\u00eb krye z. Sali Berisha. Duhen fonde p\u00ebr t\u00eb bler\u00eb mosreagimin e popullit ndaj saj, e duhen edhe p\u00ebr blerje t\u00eb personaliteteve n\u00eb bot\u00eb q\u00eb ata t\u00eb mos reagojn\u00eb p\u00ebr shkeljet e demokracis\u00eb shqiptare, e k\u00ebto fonde p\u00ebrpiqen t\u2019i sigurojn\u00eb edhe duke importuar plehra.<\/p>\n<p>Politikan\u00ebt e mazhoranc\u00ebs e ata q\u00eb ven\u00eb pas tyre, duket sikur po g\u00ebnjejn\u00eb edhe veten, se rreziku q\u00eb i k\u00ebrc\u00ebnohet Shqip\u00ebris\u00eb nga Importi i Plehrave, nuk qenka aq i madh, apo se me masat e duhura, rreziku u zvog\u00ebluaka deri n\u00eb nivele t\u00eb pap\u00ebrfillshme, se importuakan plehra edhe gjerman\u00ebt etj. etj. E th\u00ebn\u00eb m\u00eb popullor\u00e7e, po e b\u00ebjn\u00eb si ajo historia e gomarit i cili e shihte se po i v\u00ebrsulet ujku, the i thoshte vetes, b\u00ebje zot \u00ebnd\u00ebrr.<\/p>\n<p>E pra, rreziku p\u00ebr jet\u00ebn e shqiptar\u00ebve nga importimi i plehrave, \u00ebsht\u00eb realitet, e jo \u00ebnd\u00ebrr. Politikan\u00ebt es\u00ebll e din\u00eb mir\u00eb se ndaj \u00e7far\u00eb rreziku t\u00eb madh po e ekspozojn\u00eb Shqip\u00ebrin\u00eb, por bab\u00ebzia p\u00ebr pushtet i deh duke i shtyr\u00eb n\u00eb ekstreme. Fatkeq\u00ebsisht, k\u00ebta politikan\u00eb t\u00eb mazhoranc\u00ebs aktuale jan\u00eb nj\u00ebsoj si ata t\u00eb mazhoranc\u00ebs s\u00eb kaluar, t\u00eb asaj me z. Fatos Nano n\u00eb krye: edhe ata u p\u00ebrpoq\u00ebn mjaft t\u00eb fusnin plehrat e bot\u00ebs n\u00eb Shqip\u00ebri, por nuk u mjaftoi koha, sepse i p\u00ebrzun\u00eb nga pushteti. Por t\u00eb sotmit duket se kan\u00eb koh\u00eb m\u00eb shum\u00eb: pothuajse edhe nj\u00eb vit deri n\u00eb zgjedhje, e prandaj po e realizojn\u00eb synimin e tyre makab\u00ebr\u2014prandaj duhet realizuar sa m\u00eb shpejt referendumi kund\u00ebr importit t\u00eb plehrave.<\/p>\n<p><strong>E.Q.: A mendoni se Shqip\u00ebria zot\u00ebron kapacitetet administrative, teknike dhe njer\u00ebzore p\u00ebr ta menaxhuar k\u00ebt\u00eb proces n\u00eb m\u00ebnyr\u00eb t\u00eb p\u00ebrgjgjeshme dhe pa rrezikuar mjedisin dhe sh\u00ebndetin e qytetar\u00ebve?<\/strong><\/p>\n<p>B.K.:<\/p>\n<p>N\u00eb zhvillimin aktual t\u00eb saj, Shqip\u00ebria nuk ka kapacitete p\u00ebr t\u00eb menaxhuar problemin shum\u00eb kompleks t\u00eb importimit t\u00eb plehrave, pa vrar\u00eb njer\u00ebzit e saj, fakt q\u00eb e b\u00ebn t\u00eb papranuesh\u00ebm nj\u00eb ligj p\u00ebr importimin e plehrave n\u00eb Shqip\u00ebri, sado mir\u00eb t\u00eb jet\u00eb shkruar ligji (mos t\u00eb ket\u00eb shpres\u00eb njeri se me \u201cnj\u00eb ligj t\u00eb mir\u00eb\u201d, shmanget rreziku!). T\u00eb zbatosh nj\u00eb ligj p\u00ebr importin e plehrave k\u00ebrkohet nj\u00eb klas\u00eb n\u00ebpun\u00ebsish t\u00eb aft\u00eb e t\u00eb nd\u00ebrgjegjsh\u00ebm, k\u00ebrkohet nj\u00eb opinion publik, nj\u00eb shoq\u00ebri, q\u00eb i mb\u00ebshtet\u00eb k\u00ebta n\u00ebpun\u00ebs q\u00eb t\u00eb punojn\u00eb me eficienc\u00eb. N\u00eb Shqip\u00ebri, mungojn\u00eb t\u00eb dyja k\u00ebto.<\/p>\n<p>P\u00ebr t\u00eb kuptuar thjesht\u00eb se \u00e7far\u00eb do t\u00eb ndodh\u00eb n\u00ebse do t\u00eb importohen plehra, shihni rezultatin e zbatimit t\u00eb nj\u00eb ligji shum\u00eb m\u00eb t\u00eb thjesht\u00eb, ligjit p\u00ebr ndalimin e duhanit n\u00eb lokalet publike. Nuk ka lokal publik n\u00eb Shqip\u00ebri ku mos t\u00eb pihet duhan, pavar\u00ebsisht se ligji e ndalon qart\u00eb k\u00ebt\u00eb gj\u00eb. Nj\u00eb gjendje edhe m\u00eb e r\u00ebnd\u00eb do t\u00eb ishte me zbatimin e ligjit t\u00eb importit t\u00eb Plehrave: k\u00ebtu do t\u00eb importohej \u00e7do lloj plehu, e pik\u00ebrisht m\u00eb shum\u00eb ato plehrat q\u00eb do t\u2019i ndalonte qart\u00eb ligji. Ryshfetet q\u00eb do t\u2019u ofrohen n\u00ebpun\u00ebsve tan\u00eb do t\u00eb ishin shum\u00eb m\u00eb t\u00eb m\u00ebdha se ato q\u00eb u japin sot pronar\u00ebt e lokaleve p\u00ebr t\u00eb lejuar pirjen e duhanit. Shqiptar\u00ebt nuk po arrijn\u00eb t\u00eb shqet\u00ebsohen p\u00ebr tymin e duhanit q\u00eb u merr frym\u00ebn duksh\u00ebm e u shkakton fshehtas kancerin, aq m\u00eb pak do t\u00eb tunden nga radiacionet e plehrave, nga toksinat, nga mikrobet, e nga sa e sa faktor\u00eb t\u00eb tjer\u00eb vdekjeprur\u00ebs e t\u00eb fsheht\u00eb t\u00eb plehrave.<\/p>\n<p><strong>E.Q.: A mund t\u00eb ndani me ne ndonj\u00eb p\u00ebrvoj\u00eb personale nga postet e shkuara q\u00eb keni mbajtur lidhur me \u00e7\u00ebshtje t\u00eb nj\u00eb natyre t\u00eb ngjashme?<\/strong><\/p>\n<p>B.K.:<\/p>\n<p>N\u00eb vitin 1991, isha kryetar i Bashkis\u00eb s\u00eb Durr\u00ebsit (me terminologjin\u00eb e koh\u00ebs, isha \u201ckryetar i komitetit ekzekutiv pluralist t\u00eb qarkut\u201d). Shqip\u00ebria sapo ishte hapur me bot\u00ebn, por gjendja ekonomike ishte skandaloze: dyqanet bosh, edhe buka prodhohej n\u00ebn mbrojtjen e forcave speciale t\u00eb policis\u00eb, dhe shitej n\u00eb dyqane t\u00eb blinduara me hekura, sikur t\u00eb ishin banka.<\/p>\n<p>N\u00eb at\u00eb koh\u00eb takoja edhe t\u00eb huaj q\u00eb b\u00ebnin propozime shum\u00eb josh\u00ebse, me shum\u00eb t\u00eb ardhura p\u00ebr qytetin, n\u00ebse do t\u00eb importonim e p\u00ebrpunonim plehra. K\u00ebto propozime vinin n\u00eb sfondin e nj\u00eb reje mizash q\u00eb kishte mbuluar qytetin, miza q\u00eb vinin nga disa gropa t\u00eb m\u00ebdha ku groposesh duhani i importuar, i rrezatuar nga shp\u00ebrthimi i centralit atomik t\u00eb \u00c7ernobilit. Qeveria komuniste, edhe ajo n\u00eb uri p\u00ebr para, kishte pranuar importin e atij \u201cplehu\u201d t\u00eb rreziksh\u00ebm. Mizat ishin ngacmimi q\u00eb t\u00ebrhoqi edhe v\u00ebmendjen e publikut, shkaktoi transparenc\u00eb ndaj gjendjes, duke u b\u00ebr\u00eb tem\u00eb e diskutimeve dhe e interesimit, duke b\u00ebr\u00eb t\u00eb vet\u00ebdijsh\u00ebm nj\u00eb rreth t\u00eb gjer\u00eb njer\u00ebzish, p\u00ebr rreziqet e d\u00ebmet e m\u00ebdha q\u00eb kanoseshin nga k\u00ebto lloj plehrash.<\/p>\n<p>E kemi pas\u00eb diskutuar shpesh variantin e importimit t\u00eb plehrave n\u00eb Shqip\u00ebri, gjat\u00eb gjith\u00eb qeverisjes s\u00eb PD-s\u00eb n\u00eb fillimet e viteve 90 kur un\u00eb gjat\u00eb tri vjet\u00ebve t\u00eb para isha z\u00ebvend\u00ebskryeminist\u00ebr. Kemi arritur t\u00eb refuzojm\u00eb \u00e7do propozim, megjith\u00ebse dukeshin mjaft josh\u00ebse. Baza e kund\u00ebrshtimit ishte bindja se nuk do t\u00eb arrinim t\u00eb menaxhonim lejimin e hyrjes s\u00eb plehrave t\u00eb pad\u00ebmsh\u00ebm, dhe ndalimin e t\u00eb d\u00ebmshm\u00ebve, pa d\u00ebmtuar jet\u00ebn e shqiptar\u00ebve. Prandaj m\u00ebnyra m\u00eb e mir\u00eb ishte, dhe \u00ebsht\u00eb, ndalimi krejt\u00ebsisht i importimit t\u00eb plehrave.<\/p>\n<p>Kam pas\u00eb b\u00ebr\u00eb edhe llogari t\u00eb ftohta ekonomike, duke vler\u00ebsuar edhe jet\u00ebn e njer\u00ebzve me para etj., dhe m\u00eb ka pas\u00eb rezultuar, dhe m\u00eb rezulton edhe sot, se edhe ekonomikisht importimi i plehrave n\u00eb Shqip\u00ebri \u00ebsht\u00eb me humbje ekonomike!<\/p>\n<p><strong>E.Q.: Si i konsideroni p\u00ebrpjekjet e aktor\u00ebve t\u00eb ndrysh\u00ebm t\u00eb shoq\u00ebris\u00eb civile p\u00ebr t\u00eb realizuar mbajten e nj\u00eb referendumi komb\u00ebtar p\u00ebr k\u00ebt\u00eb \u00e7\u00ebshtje?<\/strong><\/p>\n<p>B.K.:<\/p>\n<p>E vetmja shpres\u00eb p\u00ebr ndalimin e importit t\u00eb s\u00ebmundjeve dhe vdekjes n\u00eb Shqip\u00ebri, \u00ebsht\u00eb mbajtja e referendumit. Kam besim se AKIP do t\u2019ia dal\u00eb ta organizoj\u00eb referendumin, e nuk do t\u00eb shitet, apo frik\u00ebsohet nga presionet qeveritare.<\/p>\n<p>E fundit por jo m\u00eb pak e r\u00ebnd\u00ebsishmja. AKIP: po b\u00ebjn\u00eb pun\u00eb vullnetare, pa u paguar e pa pasur fondet e domosdoshme p\u00ebr t\u00eb realizuar detyr\u00ebn q\u00eb kan\u00eb marr\u00eb p\u00ebrsip\u00ebr. N\u00ebse nuk mblidhen fonde, referendumi do t\u00eb d\u00ebshtoj\u00eb, q\u00eb n\u00eb nisje. Duhet hapur nj\u00eb llogari bankare, dhe t\u2019u b\u00ebhet thirrje shqiptar\u00ebve q\u00eb t\u00eb dhurojn\u00eb para p\u00ebr t\u00eb siguruar b\u00ebrjen e referendumit. Edhe nga jasht\u00eb do t\u00eb na ndihmojn\u00eb\u2014shumica jan\u00eb t\u00eb ndersh\u00ebm dhe e din\u00eb sesa vdekjeprur\u00ebse \u00ebsht\u00eb p\u00ebr nj\u00eb vend t\u00eb prapambetur, si Shqip\u00ebria, importimi i plehrave.<\/p>\n<p><strong>Bashkim Kopliku<\/strong><br \/>\nPhone: +355 52 223663; +355 52 229209<br \/>\nMob: +355 672858090<br \/>\nInternational mob: +39 3887865398<br \/>\nE-mail:<br \/>\noptional:<\/p>\n<p>Please, send important e-mails<br \/>\non both addresses!<\/p>\n","protected":false},"excerpt":{"rendered":"<p>[Java, 03.03.2012] E.Q.(Ervin Qafmolla): Cili \u00ebsht\u00eb q\u00ebndrimi juaj ndaj vendimit t\u00eb qeveris\u00eb p\u00ebr t\u00eb lejuar importin e nj\u00eb game t\u00eb gjer\u00eb mbetjesh, me q\u00ebllim p\u00ebrpunimin e tyre n\u00eb Shqip\u00ebri? B.K. (Bashkim Kopliku): Lejimi i importimit t\u00eb Plehrave n\u00eb Shqip\u00ebri, \u00ebsht\u00eb nj\u00eb shitje e sh\u00ebndetit, e jet\u00ebs s\u00eb shqiptar\u00ebve, n\u00eb k\u00ebmbim t\u00eb mbajtjes s\u00eb pushtetit nga [&hellip;]<\/p>\n","protected":false},"author":1,"featured_media":0,"comment_status":"open","ping_status":"closed","sticky":false,"template":"","format":"standard","meta":{"footnotes":""},"categories":[4],"tags":[],"class_list":{"0":"post-11726","1":"post","2":"type-post","3":"status-publish","4":"format-standard","6":"category-intervista"},"yoast_head":"<!-- This site is optimized with the Yoast SEO plugin v27.4 - https:\/\/yoast.com\/product\/yoast-seo-wordpress\/ -->\n<title>Kopliku: PD vendosi e para kund\u00ebr importit t\u00eb plehrave - FjALA e LIR\u00cb - Arkivi<\/title>\n<meta name=\"robots\" content=\"index, follow, max-snippet:-1, max-image-preview:large, max-video-preview:-1\" \/>\n<link rel=\"canonical\" href=\"https:\/\/fjala.info\/2009-2015\/kopliku-pd-vendosi-e-para-kunder-importit-te-plehrave\/\" \/>\n<meta property=\"og:locale\" content=\"sq_AL\" \/>\n<meta property=\"og:type\" content=\"article\" \/>\n<meta property=\"og:title\" content=\"Kopliku: PD vendosi e para kund\u00ebr importit t\u00eb plehrave - FjALA e LIR\u00cb - Arkivi\" \/>\n<meta property=\"og:description\" content=\"[Java, 03.03.2012] E.Q.(Ervin Qafmolla): Cili \u00ebsht\u00eb q\u00ebndrimi juaj ndaj vendimit t\u00eb qeveris\u00eb p\u00ebr t\u00eb lejuar importin e nj\u00eb game t\u00eb gjer\u00eb mbetjesh, me q\u00ebllim p\u00ebrpunimin e tyre n\u00eb Shqip\u00ebri? B.K. (Bashkim Kopliku): Lejimi i importimit t\u00eb Plehrave n\u00eb Shqip\u00ebri, \u00ebsht\u00eb nj\u00eb shitje e sh\u00ebndetit, e jet\u00ebs s\u00eb shqiptar\u00ebve, n\u00eb k\u00ebmbim t\u00eb mbajtjes s\u00eb pushtetit nga [&hellip;]\" \/>\n<meta property=\"og:url\" content=\"https:\/\/fjala.info\/2009-2015\/kopliku-pd-vendosi-e-para-kunder-importit-te-plehrave\/\" \/>\n<meta property=\"og:site_name\" content=\"FjALA e LIR\u00cb - Arkivi\" \/>\n<meta property=\"article:published_time\" content=\"2012-03-05T07:04:02+00:00\" \/>\n<meta property=\"og:image\" content=\"http:\/\/www.shkoder.net\/images\/fjala\/bashkim_kopliku.jpg\" \/>\n<meta name=\"author\" content=\"admin\" \/>\n<meta name=\"twitter:card\" content=\"summary_large_image\" \/>\n<meta name=\"twitter:label1\" content=\"Written by\" \/>\n\t<meta name=\"twitter:data1\" content=\"admin\" \/>\n\t<meta name=\"twitter:label2\" content=\"Est. reading time\" \/>\n\t<meta name=\"twitter:data2\" content=\"6 minutes\" \/>\n<script type=\"application\/ld+json\" class=\"yoast-schema-graph\">{\"@context\":\"https:\\\/\\\/schema.org\",\"@graph\":[{\"@type\":\"Article\",\"@id\":\"https:\\\/\\\/fjala.info\\\/2009-2015\\\/kopliku-pd-vendosi-e-para-kunder-importit-te-plehrave\\\/#article\",\"isPartOf\":{\"@id\":\"https:\\\/\\\/fjala.info\\\/2009-2015\\\/kopliku-pd-vendosi-e-para-kunder-importit-te-plehrave\\\/\"},\"author\":{\"name\":\"admin\",\"@id\":\"https:\\\/\\\/fjala.info\\\/2009-2015\\\/#\\\/schema\\\/person\\\/3aa1163ef05469c496fc94e77611ada2\"},\"headline\":\"Kopliku: PD vendosi e para kund\u00ebr importit t\u00eb plehrave\",\"datePublished\":\"2012-03-05T07:04:02+00:00\",\"mainEntityOfPage\":{\"@id\":\"https:\\\/\\\/fjala.info\\\/2009-2015\\\/kopliku-pd-vendosi-e-para-kunder-importit-te-plehrave\\\/\"},\"wordCount\":1281,\"commentCount\":0,\"publisher\":{\"@id\":\"https:\\\/\\\/fjala.info\\\/2009-2015\\\/#organization\"},\"image\":{\"@id\":\"https:\\\/\\\/fjala.info\\\/2009-2015\\\/kopliku-pd-vendosi-e-para-kunder-importit-te-plehrave\\\/#primaryimage\"},\"thumbnailUrl\":\"http:\\\/\\\/www.shkoder.net\\\/images\\\/fjala\\\/bashkim_kopliku.jpg\",\"articleSection\":[\"Intervista\"],\"inLanguage\":\"sq-AL\",\"potentialAction\":[{\"@type\":\"CommentAction\",\"name\":\"Comment\",\"target\":[\"https:\\\/\\\/fjala.info\\\/2009-2015\\\/kopliku-pd-vendosi-e-para-kunder-importit-te-plehrave\\\/#respond\"]}]},{\"@type\":\"WebPage\",\"@id\":\"https:\\\/\\\/fjala.info\\\/2009-2015\\\/kopliku-pd-vendosi-e-para-kunder-importit-te-plehrave\\\/\",\"url\":\"https:\\\/\\\/fjala.info\\\/2009-2015\\\/kopliku-pd-vendosi-e-para-kunder-importit-te-plehrave\\\/\",\"name\":\"Kopliku: PD vendosi e para kund\u00ebr importit t\u00eb plehrave - FjALA e LIR\u00cb - Arkivi\",\"isPartOf\":{\"@id\":\"https:\\\/\\\/fjala.info\\\/2009-2015\\\/#website\"},\"primaryImageOfPage\":{\"@id\":\"https:\\\/\\\/fjala.info\\\/2009-2015\\\/kopliku-pd-vendosi-e-para-kunder-importit-te-plehrave\\\/#primaryimage\"},\"image\":{\"@id\":\"https:\\\/\\\/fjala.info\\\/2009-2015\\\/kopliku-pd-vendosi-e-para-kunder-importit-te-plehrave\\\/#primaryimage\"},\"thumbnailUrl\":\"http:\\\/\\\/www.shkoder.net\\\/images\\\/fjala\\\/bashkim_kopliku.jpg\",\"datePublished\":\"2012-03-05T07:04:02+00:00\",\"breadcrumb\":{\"@id\":\"https:\\\/\\\/fjala.info\\\/2009-2015\\\/kopliku-pd-vendosi-e-para-kunder-importit-te-plehrave\\\/#breadcrumb\"},\"inLanguage\":\"sq-AL\",\"potentialAction\":[{\"@type\":\"ReadAction\",\"target\":[\"https:\\\/\\\/fjala.info\\\/2009-2015\\\/kopliku-pd-vendosi-e-para-kunder-importit-te-plehrave\\\/\"]}]},{\"@type\":\"ImageObject\",\"inLanguage\":\"sq-AL\",\"@id\":\"https:\\\/\\\/fjala.info\\\/2009-2015\\\/kopliku-pd-vendosi-e-para-kunder-importit-te-plehrave\\\/#primaryimage\",\"url\":\"http:\\\/\\\/www.shkoder.net\\\/images\\\/fjala\\\/bashkim_kopliku.jpg\",\"contentUrl\":\"http:\\\/\\\/www.shkoder.net\\\/images\\\/fjala\\\/bashkim_kopliku.jpg\"},{\"@type\":\"BreadcrumbList\",\"@id\":\"https:\\\/\\\/fjala.info\\\/2009-2015\\\/kopliku-pd-vendosi-e-para-kunder-importit-te-plehrave\\\/#breadcrumb\",\"itemListElement\":[{\"@type\":\"ListItem\",\"position\":1,\"name\":\"Home\",\"item\":\"https:\\\/\\\/fjala.info\\\/2009-2015\\\/\"},{\"@type\":\"ListItem\",\"position\":2,\"name\":\"Kopliku: PD vendosi e para kund\u00ebr importit t\u00eb plehrave\"}]},{\"@type\":\"WebSite\",\"@id\":\"https:\\\/\\\/fjala.info\\\/2009-2015\\\/#website\",\"url\":\"https:\\\/\\\/fjala.info\\\/2009-2015\\\/\",\"name\":\"FjALA e LIR\u00cb - Arkivi\",\"description\":\"Arkivi 2009-2015\",\"publisher\":{\"@id\":\"https:\\\/\\\/fjala.info\\\/2009-2015\\\/#organization\"},\"potentialAction\":[{\"@type\":\"SearchAction\",\"target\":{\"@type\":\"EntryPoint\",\"urlTemplate\":\"https:\\\/\\\/fjala.info\\\/2009-2015\\\/?s={search_term_string}\"},\"query-input\":{\"@type\":\"PropertyValueSpecification\",\"valueRequired\":true,\"valueName\":\"search_term_string\"}}],\"inLanguage\":\"sq-AL\"},{\"@type\":\"Organization\",\"@id\":\"https:\\\/\\\/fjala.info\\\/2009-2015\\\/#organization\",\"name\":\"FjALA e LIR\u00cb - Arkivi\",\"url\":\"https:\\\/\\\/fjala.info\\\/2009-2015\\\/\",\"logo\":{\"@type\":\"ImageObject\",\"inLanguage\":\"sq-AL\",\"@id\":\"https:\\\/\\\/fjala.info\\\/2009-2015\\\/#\\\/schema\\\/logo\\\/image\\\/\",\"url\":\"\",\"contentUrl\":\"\",\"caption\":\"FjALA e LIR\u00cb - Arkivi\"},\"image\":{\"@id\":\"https:\\\/\\\/fjala.info\\\/2009-2015\\\/#\\\/schema\\\/logo\\\/image\\\/\"}},{\"@type\":\"Person\",\"@id\":\"https:\\\/\\\/fjala.info\\\/2009-2015\\\/#\\\/schema\\\/person\\\/3aa1163ef05469c496fc94e77611ada2\",\"name\":\"admin\",\"image\":{\"@type\":\"ImageObject\",\"inLanguage\":\"sq-AL\",\"@id\":\"https:\\\/\\\/fjala.info\\\/2009-2015\\\/wp-content\\\/uploads\\\/2012\\\/02\\\/arben_cokaj-120x150.jpg\",\"url\":\"https:\\\/\\\/fjala.info\\\/2009-2015\\\/wp-content\\\/uploads\\\/2012\\\/02\\\/arben_cokaj-120x150.jpg\",\"contentUrl\":\"https:\\\/\\\/fjala.info\\\/2009-2015\\\/wp-content\\\/uploads\\\/2012\\\/02\\\/arben_cokaj-120x150.jpg\",\"caption\":\"admin\"},\"description\":\"Admin, Fjala e Lir\u00eb\",\"sameAs\":[\"https:\\\/\\\/fjala.info\\\/\"],\"url\":\"https:\\\/\\\/fjala.info\\\/2009-2015\\\/author\\\/admin\\\/\"}]}<\/script>\n<!-- \/ Yoast SEO plugin. -->","yoast_head_json":{"title":"Kopliku: PD vendosi e para kund\u00ebr importit t\u00eb plehrave - FjALA e LIR\u00cb - Arkivi","robots":{"index":"index","follow":"follow","max-snippet":"max-snippet:-1","max-image-preview":"max-image-preview:large","max-video-preview":"max-video-preview:-1"},"canonical":"https:\/\/fjala.info\/2009-2015\/kopliku-pd-vendosi-e-para-kunder-importit-te-plehrave\/","og_locale":"sq_AL","og_type":"article","og_title":"Kopliku: PD vendosi e para kund\u00ebr importit t\u00eb plehrave - FjALA e LIR\u00cb - Arkivi","og_description":"[Java, 03.03.2012] E.Q.(Ervin Qafmolla): Cili \u00ebsht\u00eb q\u00ebndrimi juaj ndaj vendimit t\u00eb qeveris\u00eb p\u00ebr t\u00eb lejuar importin e nj\u00eb game t\u00eb gjer\u00eb mbetjesh, me q\u00ebllim p\u00ebrpunimin e tyre n\u00eb Shqip\u00ebri? B.K. (Bashkim Kopliku): Lejimi i importimit t\u00eb Plehrave n\u00eb Shqip\u00ebri, \u00ebsht\u00eb nj\u00eb shitje e sh\u00ebndetit, e jet\u00ebs s\u00eb shqiptar\u00ebve, n\u00eb k\u00ebmbim t\u00eb mbajtjes s\u00eb pushtetit nga [&hellip;]","og_url":"https:\/\/fjala.info\/2009-2015\/kopliku-pd-vendosi-e-para-kunder-importit-te-plehrave\/","og_site_name":"FjALA e LIR\u00cb - Arkivi","article_published_time":"2012-03-05T07:04:02+00:00","og_image":[{"url":"http:\/\/www.shkoder.net\/images\/fjala\/bashkim_kopliku.jpg","type":"","width":"","height":""}],"author":"admin","twitter_card":"summary_large_image","twitter_misc":{"Written by":"admin","Est. reading time":"6 minutes"},"schema":{"@context":"https:\/\/schema.org","@graph":[{"@type":"Article","@id":"https:\/\/fjala.info\/2009-2015\/kopliku-pd-vendosi-e-para-kunder-importit-te-plehrave\/#article","isPartOf":{"@id":"https:\/\/fjala.info\/2009-2015\/kopliku-pd-vendosi-e-para-kunder-importit-te-plehrave\/"},"author":{"name":"admin","@id":"https:\/\/fjala.info\/2009-2015\/#\/schema\/person\/3aa1163ef05469c496fc94e77611ada2"},"headline":"Kopliku: PD vendosi e para kund\u00ebr importit t\u00eb plehrave","datePublished":"2012-03-05T07:04:02+00:00","mainEntityOfPage":{"@id":"https:\/\/fjala.info\/2009-2015\/kopliku-pd-vendosi-e-para-kunder-importit-te-plehrave\/"},"wordCount":1281,"commentCount":0,"publisher":{"@id":"https:\/\/fjala.info\/2009-2015\/#organization"},"image":{"@id":"https:\/\/fjala.info\/2009-2015\/kopliku-pd-vendosi-e-para-kunder-importit-te-plehrave\/#primaryimage"},"thumbnailUrl":"http:\/\/www.shkoder.net\/images\/fjala\/bashkim_kopliku.jpg","articleSection":["Intervista"],"inLanguage":"sq-AL","potentialAction":[{"@type":"CommentAction","name":"Comment","target":["https:\/\/fjala.info\/2009-2015\/kopliku-pd-vendosi-e-para-kunder-importit-te-plehrave\/#respond"]}]},{"@type":"WebPage","@id":"https:\/\/fjala.info\/2009-2015\/kopliku-pd-vendosi-e-para-kunder-importit-te-plehrave\/","url":"https:\/\/fjala.info\/2009-2015\/kopliku-pd-vendosi-e-para-kunder-importit-te-plehrave\/","name":"Kopliku: PD vendosi e para kund\u00ebr importit t\u00eb plehrave - FjALA e LIR\u00cb - Arkivi","isPartOf":{"@id":"https:\/\/fjala.info\/2009-2015\/#website"},"primaryImageOfPage":{"@id":"https:\/\/fjala.info\/2009-2015\/kopliku-pd-vendosi-e-para-kunder-importit-te-plehrave\/#primaryimage"},"image":{"@id":"https:\/\/fjala.info\/2009-2015\/kopliku-pd-vendosi-e-para-kunder-importit-te-plehrave\/#primaryimage"},"thumbnailUrl":"http:\/\/www.shkoder.net\/images\/fjala\/bashkim_kopliku.jpg","datePublished":"2012-03-05T07:04:02+00:00","breadcrumb":{"@id":"https:\/\/fjala.info\/2009-2015\/kopliku-pd-vendosi-e-para-kunder-importit-te-plehrave\/#breadcrumb"},"inLanguage":"sq-AL","potentialAction":[{"@type":"ReadAction","target":["https:\/\/fjala.info\/2009-2015\/kopliku-pd-vendosi-e-para-kunder-importit-te-plehrave\/"]}]},{"@type":"ImageObject","inLanguage":"sq-AL","@id":"https:\/\/fjala.info\/2009-2015\/kopliku-pd-vendosi-e-para-kunder-importit-te-plehrave\/#primaryimage","url":"http:\/\/www.shkoder.net\/images\/fjala\/bashkim_kopliku.jpg","contentUrl":"http:\/\/www.shkoder.net\/images\/fjala\/bashkim_kopliku.jpg"},{"@type":"BreadcrumbList","@id":"https:\/\/fjala.info\/2009-2015\/kopliku-pd-vendosi-e-para-kunder-importit-te-plehrave\/#breadcrumb","itemListElement":[{"@type":"ListItem","position":1,"name":"Home","item":"https:\/\/fjala.info\/2009-2015\/"},{"@type":"ListItem","position":2,"name":"Kopliku: PD vendosi e para kund\u00ebr importit t\u00eb plehrave"}]},{"@type":"WebSite","@id":"https:\/\/fjala.info\/2009-2015\/#website","url":"https:\/\/fjala.info\/2009-2015\/","name":"FjALA e LIR\u00cb - Arkivi","description":"Arkivi 2009-2015","publisher":{"@id":"https:\/\/fjala.info\/2009-2015\/#organization"},"potentialAction":[{"@type":"SearchAction","target":{"@type":"EntryPoint","urlTemplate":"https:\/\/fjala.info\/2009-2015\/?s={search_term_string}"},"query-input":{"@type":"PropertyValueSpecification","valueRequired":true,"valueName":"search_term_string"}}],"inLanguage":"sq-AL"},{"@type":"Organization","@id":"https:\/\/fjala.info\/2009-2015\/#organization","name":"FjALA e LIR\u00cb - Arkivi","url":"https:\/\/fjala.info\/2009-2015\/","logo":{"@type":"ImageObject","inLanguage":"sq-AL","@id":"https:\/\/fjala.info\/2009-2015\/#\/schema\/logo\/image\/","url":"","contentUrl":"","caption":"FjALA e LIR\u00cb - Arkivi"},"image":{"@id":"https:\/\/fjala.info\/2009-2015\/#\/schema\/logo\/image\/"}},{"@type":"Person","@id":"https:\/\/fjala.info\/2009-2015\/#\/schema\/person\/3aa1163ef05469c496fc94e77611ada2","name":"admin","image":{"@type":"ImageObject","inLanguage":"sq-AL","@id":"https:\/\/fjala.info\/2009-2015\/wp-content\/uploads\/2012\/02\/arben_cokaj-120x150.jpg","url":"https:\/\/fjala.info\/2009-2015\/wp-content\/uploads\/2012\/02\/arben_cokaj-120x150.jpg","contentUrl":"https:\/\/fjala.info\/2009-2015\/wp-content\/uploads\/2012\/02\/arben_cokaj-120x150.jpg","caption":"admin"},"description":"Admin, Fjala e Lir\u00eb","sameAs":["https:\/\/fjala.info\/"],"url":"https:\/\/fjala.info\/2009-2015\/author\/admin\/"}]}},"_links":{"self":[{"href":"https:\/\/fjala.info\/2009-2015\/wp-json\/wp\/v2\/posts\/11726","targetHints":{"allow":["GET"]}}],"collection":[{"href":"https:\/\/fjala.info\/2009-2015\/wp-json\/wp\/v2\/posts"}],"about":[{"href":"https:\/\/fjala.info\/2009-2015\/wp-json\/wp\/v2\/types\/post"}],"author":[{"embeddable":true,"href":"https:\/\/fjala.info\/2009-2015\/wp-json\/wp\/v2\/users\/1"}],"replies":[{"embeddable":true,"href":"https:\/\/fjala.info\/2009-2015\/wp-json\/wp\/v2\/comments?post=11726"}],"version-history":[{"count":0,"href":"https:\/\/fjala.info\/2009-2015\/wp-json\/wp\/v2\/posts\/11726\/revisions"}],"wp:attachment":[{"href":"https:\/\/fjala.info\/2009-2015\/wp-json\/wp\/v2\/media?parent=11726"}],"wp:term":[{"taxonomy":"category","embeddable":true,"href":"https:\/\/fjala.info\/2009-2015\/wp-json\/wp\/v2\/categories?post=11726"},{"taxonomy":"post_tag","embeddable":true,"href":"https:\/\/fjala.info\/2009-2015\/wp-json\/wp\/v2\/tags?post=11726"}],"curies":[{"name":"wp","href":"https:\/\/api.w.org\/{rel}","templated":true}]}}