{"id":11725,"date":"2012-03-05T08:00:37","date_gmt":"2012-03-05T07:00:37","guid":{"rendered":"http:\/\/fjala.shkoder.net\/?p=2054"},"modified":"2012-03-05T08:00:37","modified_gmt":"2012-03-05T07:00:37","slug":"anashkalimi-i-presidentit-zyra-e-protokollit-te-shtetit-zhvishet-nga-pergjegjesite-fajeson-bashkine-e-lezhes","status":"publish","type":"post","link":"https:\/\/fjala.info\/2009-2015\/anashkalimi-i-presidentit-zyra-e-protokollit-te-shtetit-zhvishet-nga-pergjegjesite-fajeson-bashkine-e-lezhes\/","title":{"rendered":"\u201cAnashkalimi i Presidentit\u201d, Zyra e Protokollit t\u00eb Shtetit zhvishet nga p\u00ebrgjegj\u00ebsit\u00eb, faj\u00ebson bashkin\u00eb e Lezh\u00ebs"},"content":{"rendered":"<p><img decoding=\"async\" class=\"alignright size-thumbnail wp-image-7236\" title=\"Bes\u00ebprerja e Bes\u00eblidhjes\" src=\"http:\/\/www.shkoder.net\/2012\/besethyerja_beselidhjes.jpg\" alt=\"\" width=\"300\" \/> Zyra e Protokollit t\u00eb Shtetit duke iu referuar ligjit p\u00ebr funksionimin dhe kompetencat e saj ka b\u00ebr\u00eb t\u00eb ditur se nuk \u00ebsht\u00eb struktura p\u00ebrgjegj\u00ebse p\u00ebr anashkalimin e t\u00eb drejt\u00ebs s\u00eb Presidentit t\u00eb Republik\u00ebs p\u00ebr t\u00eb folur n\u00eb ceremonin\u00eb e 568-vjetorit t\u00eb \u201cBes\u00eblidhjes s\u00eb Lezh\u00ebs\u201d.<\/p>\n<p>N\u00eb k\u00ebt\u00eb m\u00ebnyr\u00eb faji p\u00ebr anashkalimin e Presidentit t\u00eb Republik\u00ebs n\u00eb k\u00ebt\u00eb ceremoni i kalon Bashkis\u00eb s\u00eb Lezh\u00ebs. N\u00eb reagimin e Protokollit t\u00eb Shtetit thuhet se ky organ vepron n\u00eb p\u00ebrputhje Ceremonialin zyrtar t\u00eb Republik\u00ebs s\u00eb Shqip\u00ebris\u00eb dhe se ka qen\u00eb i pranish\u00ebm n\u00eb ceremonit\u00eb ku marrin pjes\u00eb personalitetet e shtetit shqiptar p\u00ebr t\u00eb mbik\u00ebqyrur mbar\u00ebvajtjen por nuk ka qen\u00eb pjes\u00eb e hartimit t\u00eb list\u00ebs s\u00eb fol\u00ebsve.<\/p>\n<p>\u201cProtokolli i Shtetit vepron mbi baz\u00ebn e Ceremonialit t\u00eb Republik\u00ebs s\u00eb Shqip\u00ebris\u00eb dhe n\u00eb zbatim t\u00eb tij mbikqyr mbar\u00ebvajtjen, nga ana protokollare, t\u00eb aktiviteteve ku marrin pjes\u00eb personalitetet m\u00eb t\u00eb larta t\u00eb shtetit shqiptar, p\u00ebrfaq\u00ebsues t\u00eb shteteve t\u00eb tjera dhe t\u00eb trupit diplomatik. N\u00eb k\u00ebt\u00eb kuad\u00ebr, Protokolli i Shtetit ishte i pranish\u00ebm n\u00eb aktivitetin e p\u00ebrvjetorit t\u00eb Bes\u00eblidhjes s\u00eb Lezh\u00ebs\u201d thuhet n\u00eb deklarat\u00eb.<\/p>\n<p>N\u00eb ligjin e Ceremonialit Zyrtar t\u00eb Republik\u00ebs s\u00eb Shqip\u00ebris\u00eb parashikohet se \u201cn\u00eb raste shkeljesh t\u00eb p\u00ebrs\u00ebritura t\u00eb udh\u00ebzimeve q\u00eb lidhen me zbatimin e ceremonialit zyrtar t\u00eb Republik\u00ebs s\u00eb Shqip\u00ebris\u00eb, Protokolli i Shtetit rezervon t\u00eb drejt\u00ebn e propozimit p\u00ebr masa administrative ndaj zyrtar\u00ebve t\u00eb sektor\u00ebve q\u00eb mbulojn\u00eb protokollin\u201d.<\/p>\n<p>Por gjithashtu n\u00eb k\u00ebt\u00eb ligj pavar\u00ebsisht se protokolli po zhvishet nga p\u00ebrgjegj\u00ebsit thuhet se \u201cP\u00ebrgjigjet p\u00ebr organizimin e ceremonive p\u00ebr festat zyrtare, komb\u00ebtare dhe lokale, n\u00eb rastet kur ato jan\u00eb jubilare dhe kur p\u00ebr organizimin e t\u00eb cilave ngrihet me akt normativ t\u00eb K\u00ebshillit t\u00eb Ministrave nj\u00eb komision shtet\u00ebror, ku merr pjes\u00eb edhe Protokolli i Shtetit.\u201d<\/p>\n<p>Protokolli i Shtetit, \u00ebsht\u00eb zyr\u00eb q\u00eb funksionon n\u00eb Ministrin\u00eb e Pun\u00ebve t\u00eb Jashtme. \/<strong>F.Stafa<\/strong>\/<\/p>\n","protected":false},"excerpt":{"rendered":"<p>Zyra e Protokollit t\u00eb Shtetit duke iu referuar ligjit p\u00ebr funksionimin dhe kompetencat e saj ka b\u00ebr\u00eb t\u00eb ditur se nuk \u00ebsht\u00eb struktura p\u00ebrgjegj\u00ebse p\u00ebr anashkalimin e t\u00eb drejt\u00ebs s\u00eb Presidentit t\u00eb Republik\u00ebs p\u00ebr t\u00eb folur n\u00eb ceremonin\u00eb e 568-vjetorit t\u00eb \u201cBes\u00eblidhjes s\u00eb Lezh\u00ebs\u201d. N\u00eb k\u00ebt\u00eb m\u00ebnyr\u00eb faji p\u00ebr anashkalimin e Presidentit t\u00eb Republik\u00ebs n\u00eb [&hellip;]<\/p>\n","protected":false},"author":1,"featured_media":0,"comment_status":"open","ping_status":"closed","sticky":false,"template":"","format":"standard","meta":{"footnotes":""},"categories":[5],"tags":[],"class_list":{"0":"post-11725","1":"post","2":"type-post","3":"status-publish","4":"format-standard","6":"category-lajme"},"yoast_head":"<!-- This site is optimized with the Yoast SEO plugin v27.4 - https:\/\/yoast.com\/product\/yoast-seo-wordpress\/ -->\n<title>\u201cAnashkalimi i Presidentit\u201d, Zyra e Protokollit t\u00eb Shtetit zhvishet nga p\u00ebrgjegj\u00ebsit\u00eb, faj\u00ebson bashkin\u00eb e Lezh\u00ebs - FjALA e LIR\u00cb - Arkivi<\/title>\n<meta name=\"robots\" content=\"index, follow, max-snippet:-1, max-image-preview:large, max-video-preview:-1\" \/>\n<link rel=\"canonical\" href=\"https:\/\/fjala.info\/2009-2015\/anashkalimi-i-presidentit-zyra-e-protokollit-te-shtetit-zhvishet-nga-pergjegjesite-fajeson-bashkine-e-lezhes\/\" \/>\n<meta property=\"og:locale\" content=\"sq_AL\" \/>\n<meta property=\"og:type\" content=\"article\" \/>\n<meta property=\"og:title\" content=\"\u201cAnashkalimi i Presidentit\u201d, Zyra e Protokollit t\u00eb Shtetit zhvishet nga p\u00ebrgjegj\u00ebsit\u00eb, faj\u00ebson bashkin\u00eb e Lezh\u00ebs - FjALA e LIR\u00cb - Arkivi\" \/>\n<meta property=\"og:description\" content=\"Zyra e Protokollit t\u00eb Shtetit duke iu referuar ligjit p\u00ebr funksionimin dhe kompetencat e saj ka b\u00ebr\u00eb t\u00eb ditur se nuk \u00ebsht\u00eb struktura p\u00ebrgjegj\u00ebse p\u00ebr anashkalimin e t\u00eb drejt\u00ebs s\u00eb Presidentit t\u00eb Republik\u00ebs p\u00ebr t\u00eb folur n\u00eb ceremonin\u00eb e 568-vjetorit t\u00eb \u201cBes\u00eblidhjes s\u00eb Lezh\u00ebs\u201d. N\u00eb k\u00ebt\u00eb m\u00ebnyr\u00eb faji p\u00ebr anashkalimin e Presidentit t\u00eb Republik\u00ebs n\u00eb [&hellip;]\" \/>\n<meta property=\"og:url\" content=\"https:\/\/fjala.info\/2009-2015\/anashkalimi-i-presidentit-zyra-e-protokollit-te-shtetit-zhvishet-nga-pergjegjesite-fajeson-bashkine-e-lezhes\/\" \/>\n<meta property=\"og:site_name\" content=\"FjALA e LIR\u00cb - Arkivi\" \/>\n<meta property=\"article:published_time\" content=\"2012-03-05T07:00:37+00:00\" \/>\n<meta property=\"og:image\" content=\"http:\/\/www.shkoder.net\/2012\/besethyerja_beselidhjes.jpg\" \/>\n<meta name=\"author\" content=\"admin\" \/>\n<meta name=\"twitter:card\" content=\"summary_large_image\" \/>\n<meta name=\"twitter:label1\" content=\"Written by\" \/>\n\t<meta name=\"twitter:data1\" content=\"admin\" \/>\n\t<meta name=\"twitter:label2\" content=\"Est. reading time\" \/>\n\t<meta name=\"twitter:data2\" content=\"2 minutes\" \/>\n<script type=\"application\/ld+json\" class=\"yoast-schema-graph\">{\"@context\":\"https:\\\/\\\/schema.org\",\"@graph\":[{\"@type\":\"Article\",\"@id\":\"https:\\\/\\\/fjala.info\\\/2009-2015\\\/anashkalimi-i-presidentit-zyra-e-protokollit-te-shtetit-zhvishet-nga-pergjegjesite-fajeson-bashkine-e-lezhes\\\/#article\",\"isPartOf\":{\"@id\":\"https:\\\/\\\/fjala.info\\\/2009-2015\\\/anashkalimi-i-presidentit-zyra-e-protokollit-te-shtetit-zhvishet-nga-pergjegjesite-fajeson-bashkine-e-lezhes\\\/\"},\"author\":{\"name\":\"admin\",\"@id\":\"https:\\\/\\\/fjala.info\\\/2009-2015\\\/#\\\/schema\\\/person\\\/3aa1163ef05469c496fc94e77611ada2\"},\"headline\":\"\u201cAnashkalimi i Presidentit\u201d, Zyra e Protokollit t\u00eb Shtetit zhvishet nga p\u00ebrgjegj\u00ebsit\u00eb, faj\u00ebson bashkin\u00eb e Lezh\u00ebs\",\"datePublished\":\"2012-03-05T07:00:37+00:00\",\"mainEntityOfPage\":{\"@id\":\"https:\\\/\\\/fjala.info\\\/2009-2015\\\/anashkalimi-i-presidentit-zyra-e-protokollit-te-shtetit-zhvishet-nga-pergjegjesite-fajeson-bashkine-e-lezhes\\\/\"},\"wordCount\":371,\"commentCount\":0,\"publisher\":{\"@id\":\"https:\\\/\\\/fjala.info\\\/2009-2015\\\/#organization\"},\"image\":{\"@id\":\"https:\\\/\\\/fjala.info\\\/2009-2015\\\/anashkalimi-i-presidentit-zyra-e-protokollit-te-shtetit-zhvishet-nga-pergjegjesite-fajeson-bashkine-e-lezhes\\\/#primaryimage\"},\"thumbnailUrl\":\"http:\\\/\\\/www.shkoder.net\\\/2012\\\/besethyerja_beselidhjes.jpg\",\"articleSection\":[\"Lajme\"],\"inLanguage\":\"sq-AL\",\"potentialAction\":[{\"@type\":\"CommentAction\",\"name\":\"Comment\",\"target\":[\"https:\\\/\\\/fjala.info\\\/2009-2015\\\/anashkalimi-i-presidentit-zyra-e-protokollit-te-shtetit-zhvishet-nga-pergjegjesite-fajeson-bashkine-e-lezhes\\\/#respond\"]}]},{\"@type\":\"WebPage\",\"@id\":\"https:\\\/\\\/fjala.info\\\/2009-2015\\\/anashkalimi-i-presidentit-zyra-e-protokollit-te-shtetit-zhvishet-nga-pergjegjesite-fajeson-bashkine-e-lezhes\\\/\",\"url\":\"https:\\\/\\\/fjala.info\\\/2009-2015\\\/anashkalimi-i-presidentit-zyra-e-protokollit-te-shtetit-zhvishet-nga-pergjegjesite-fajeson-bashkine-e-lezhes\\\/\",\"name\":\"\u201cAnashkalimi i Presidentit\u201d, Zyra e Protokollit t\u00eb Shtetit zhvishet nga p\u00ebrgjegj\u00ebsit\u00eb, faj\u00ebson bashkin\u00eb e Lezh\u00ebs - FjALA e LIR\u00cb - Arkivi\",\"isPartOf\":{\"@id\":\"https:\\\/\\\/fjala.info\\\/2009-2015\\\/#website\"},\"primaryImageOfPage\":{\"@id\":\"https:\\\/\\\/fjala.info\\\/2009-2015\\\/anashkalimi-i-presidentit-zyra-e-protokollit-te-shtetit-zhvishet-nga-pergjegjesite-fajeson-bashkine-e-lezhes\\\/#primaryimage\"},\"image\":{\"@id\":\"https:\\\/\\\/fjala.info\\\/2009-2015\\\/anashkalimi-i-presidentit-zyra-e-protokollit-te-shtetit-zhvishet-nga-pergjegjesite-fajeson-bashkine-e-lezhes\\\/#primaryimage\"},\"thumbnailUrl\":\"http:\\\/\\\/www.shkoder.net\\\/2012\\\/besethyerja_beselidhjes.jpg\",\"datePublished\":\"2012-03-05T07:00:37+00:00\",\"breadcrumb\":{\"@id\":\"https:\\\/\\\/fjala.info\\\/2009-2015\\\/anashkalimi-i-presidentit-zyra-e-protokollit-te-shtetit-zhvishet-nga-pergjegjesite-fajeson-bashkine-e-lezhes\\\/#breadcrumb\"},\"inLanguage\":\"sq-AL\",\"potentialAction\":[{\"@type\":\"ReadAction\",\"target\":[\"https:\\\/\\\/fjala.info\\\/2009-2015\\\/anashkalimi-i-presidentit-zyra-e-protokollit-te-shtetit-zhvishet-nga-pergjegjesite-fajeson-bashkine-e-lezhes\\\/\"]}]},{\"@type\":\"ImageObject\",\"inLanguage\":\"sq-AL\",\"@id\":\"https:\\\/\\\/fjala.info\\\/2009-2015\\\/anashkalimi-i-presidentit-zyra-e-protokollit-te-shtetit-zhvishet-nga-pergjegjesite-fajeson-bashkine-e-lezhes\\\/#primaryimage\",\"url\":\"http:\\\/\\\/www.shkoder.net\\\/2012\\\/besethyerja_beselidhjes.jpg\",\"contentUrl\":\"http:\\\/\\\/www.shkoder.net\\\/2012\\\/besethyerja_beselidhjes.jpg\"},{\"@type\":\"BreadcrumbList\",\"@id\":\"https:\\\/\\\/fjala.info\\\/2009-2015\\\/anashkalimi-i-presidentit-zyra-e-protokollit-te-shtetit-zhvishet-nga-pergjegjesite-fajeson-bashkine-e-lezhes\\\/#breadcrumb\",\"itemListElement\":[{\"@type\":\"ListItem\",\"position\":1,\"name\":\"Home\",\"item\":\"https:\\\/\\\/fjala.info\\\/2009-2015\\\/\"},{\"@type\":\"ListItem\",\"position\":2,\"name\":\"\u201cAnashkalimi i Presidentit\u201d, Zyra e Protokollit t\u00eb Shtetit zhvishet nga p\u00ebrgjegj\u00ebsit\u00eb, faj\u00ebson bashkin\u00eb e Lezh\u00ebs\"}]},{\"@type\":\"WebSite\",\"@id\":\"https:\\\/\\\/fjala.info\\\/2009-2015\\\/#website\",\"url\":\"https:\\\/\\\/fjala.info\\\/2009-2015\\\/\",\"name\":\"FjALA e LIR\u00cb - Arkivi\",\"description\":\"Arkivi 2009-2015\",\"publisher\":{\"@id\":\"https:\\\/\\\/fjala.info\\\/2009-2015\\\/#organization\"},\"potentialAction\":[{\"@type\":\"SearchAction\",\"target\":{\"@type\":\"EntryPoint\",\"urlTemplate\":\"https:\\\/\\\/fjala.info\\\/2009-2015\\\/?s={search_term_string}\"},\"query-input\":{\"@type\":\"PropertyValueSpecification\",\"valueRequired\":true,\"valueName\":\"search_term_string\"}}],\"inLanguage\":\"sq-AL\"},{\"@type\":\"Organization\",\"@id\":\"https:\\\/\\\/fjala.info\\\/2009-2015\\\/#organization\",\"name\":\"FjALA e LIR\u00cb - Arkivi\",\"url\":\"https:\\\/\\\/fjala.info\\\/2009-2015\\\/\",\"logo\":{\"@type\":\"ImageObject\",\"inLanguage\":\"sq-AL\",\"@id\":\"https:\\\/\\\/fjala.info\\\/2009-2015\\\/#\\\/schema\\\/logo\\\/image\\\/\",\"url\":\"\",\"contentUrl\":\"\",\"caption\":\"FjALA e LIR\u00cb - Arkivi\"},\"image\":{\"@id\":\"https:\\\/\\\/fjala.info\\\/2009-2015\\\/#\\\/schema\\\/logo\\\/image\\\/\"}},{\"@type\":\"Person\",\"@id\":\"https:\\\/\\\/fjala.info\\\/2009-2015\\\/#\\\/schema\\\/person\\\/3aa1163ef05469c496fc94e77611ada2\",\"name\":\"admin\",\"image\":{\"@type\":\"ImageObject\",\"inLanguage\":\"sq-AL\",\"@id\":\"https:\\\/\\\/fjala.info\\\/2009-2015\\\/wp-content\\\/uploads\\\/2012\\\/02\\\/arben_cokaj-120x150.jpg\",\"url\":\"https:\\\/\\\/fjala.info\\\/2009-2015\\\/wp-content\\\/uploads\\\/2012\\\/02\\\/arben_cokaj-120x150.jpg\",\"contentUrl\":\"https:\\\/\\\/fjala.info\\\/2009-2015\\\/wp-content\\\/uploads\\\/2012\\\/02\\\/arben_cokaj-120x150.jpg\",\"caption\":\"admin\"},\"description\":\"Admin, Fjala e Lir\u00eb\",\"sameAs\":[\"https:\\\/\\\/fjala.info\\\/\"],\"url\":\"https:\\\/\\\/fjala.info\\\/2009-2015\\\/author\\\/admin\\\/\"}]}<\/script>\n<!-- \/ Yoast SEO plugin. -->","yoast_head_json":{"title":"\u201cAnashkalimi i Presidentit\u201d, Zyra e Protokollit t\u00eb Shtetit zhvishet nga p\u00ebrgjegj\u00ebsit\u00eb, faj\u00ebson bashkin\u00eb e Lezh\u00ebs - FjALA e LIR\u00cb - Arkivi","robots":{"index":"index","follow":"follow","max-snippet":"max-snippet:-1","max-image-preview":"max-image-preview:large","max-video-preview":"max-video-preview:-1"},"canonical":"https:\/\/fjala.info\/2009-2015\/anashkalimi-i-presidentit-zyra-e-protokollit-te-shtetit-zhvishet-nga-pergjegjesite-fajeson-bashkine-e-lezhes\/","og_locale":"sq_AL","og_type":"article","og_title":"\u201cAnashkalimi i Presidentit\u201d, Zyra e Protokollit t\u00eb Shtetit zhvishet nga p\u00ebrgjegj\u00ebsit\u00eb, faj\u00ebson bashkin\u00eb e Lezh\u00ebs - FjALA e LIR\u00cb - Arkivi","og_description":"Zyra e Protokollit t\u00eb Shtetit duke iu referuar ligjit p\u00ebr funksionimin dhe kompetencat e saj ka b\u00ebr\u00eb t\u00eb ditur se nuk \u00ebsht\u00eb struktura p\u00ebrgjegj\u00ebse p\u00ebr anashkalimin e t\u00eb drejt\u00ebs s\u00eb Presidentit t\u00eb Republik\u00ebs p\u00ebr t\u00eb folur n\u00eb ceremonin\u00eb e 568-vjetorit t\u00eb \u201cBes\u00eblidhjes s\u00eb Lezh\u00ebs\u201d. N\u00eb k\u00ebt\u00eb m\u00ebnyr\u00eb faji p\u00ebr anashkalimin e Presidentit t\u00eb Republik\u00ebs n\u00eb [&hellip;]","og_url":"https:\/\/fjala.info\/2009-2015\/anashkalimi-i-presidentit-zyra-e-protokollit-te-shtetit-zhvishet-nga-pergjegjesite-fajeson-bashkine-e-lezhes\/","og_site_name":"FjALA e LIR\u00cb - Arkivi","article_published_time":"2012-03-05T07:00:37+00:00","og_image":[{"url":"http:\/\/www.shkoder.net\/2012\/besethyerja_beselidhjes.jpg","type":"","width":"","height":""}],"author":"admin","twitter_card":"summary_large_image","twitter_misc":{"Written by":"admin","Est. reading time":"2 minutes"},"schema":{"@context":"https:\/\/schema.org","@graph":[{"@type":"Article","@id":"https:\/\/fjala.info\/2009-2015\/anashkalimi-i-presidentit-zyra-e-protokollit-te-shtetit-zhvishet-nga-pergjegjesite-fajeson-bashkine-e-lezhes\/#article","isPartOf":{"@id":"https:\/\/fjala.info\/2009-2015\/anashkalimi-i-presidentit-zyra-e-protokollit-te-shtetit-zhvishet-nga-pergjegjesite-fajeson-bashkine-e-lezhes\/"},"author":{"name":"admin","@id":"https:\/\/fjala.info\/2009-2015\/#\/schema\/person\/3aa1163ef05469c496fc94e77611ada2"},"headline":"\u201cAnashkalimi i Presidentit\u201d, Zyra e Protokollit t\u00eb Shtetit zhvishet nga p\u00ebrgjegj\u00ebsit\u00eb, faj\u00ebson bashkin\u00eb e Lezh\u00ebs","datePublished":"2012-03-05T07:00:37+00:00","mainEntityOfPage":{"@id":"https:\/\/fjala.info\/2009-2015\/anashkalimi-i-presidentit-zyra-e-protokollit-te-shtetit-zhvishet-nga-pergjegjesite-fajeson-bashkine-e-lezhes\/"},"wordCount":371,"commentCount":0,"publisher":{"@id":"https:\/\/fjala.info\/2009-2015\/#organization"},"image":{"@id":"https:\/\/fjala.info\/2009-2015\/anashkalimi-i-presidentit-zyra-e-protokollit-te-shtetit-zhvishet-nga-pergjegjesite-fajeson-bashkine-e-lezhes\/#primaryimage"},"thumbnailUrl":"http:\/\/www.shkoder.net\/2012\/besethyerja_beselidhjes.jpg","articleSection":["Lajme"],"inLanguage":"sq-AL","potentialAction":[{"@type":"CommentAction","name":"Comment","target":["https:\/\/fjala.info\/2009-2015\/anashkalimi-i-presidentit-zyra-e-protokollit-te-shtetit-zhvishet-nga-pergjegjesite-fajeson-bashkine-e-lezhes\/#respond"]}]},{"@type":"WebPage","@id":"https:\/\/fjala.info\/2009-2015\/anashkalimi-i-presidentit-zyra-e-protokollit-te-shtetit-zhvishet-nga-pergjegjesite-fajeson-bashkine-e-lezhes\/","url":"https:\/\/fjala.info\/2009-2015\/anashkalimi-i-presidentit-zyra-e-protokollit-te-shtetit-zhvishet-nga-pergjegjesite-fajeson-bashkine-e-lezhes\/","name":"\u201cAnashkalimi i Presidentit\u201d, Zyra e Protokollit t\u00eb Shtetit zhvishet nga p\u00ebrgjegj\u00ebsit\u00eb, faj\u00ebson bashkin\u00eb e Lezh\u00ebs - FjALA e LIR\u00cb - Arkivi","isPartOf":{"@id":"https:\/\/fjala.info\/2009-2015\/#website"},"primaryImageOfPage":{"@id":"https:\/\/fjala.info\/2009-2015\/anashkalimi-i-presidentit-zyra-e-protokollit-te-shtetit-zhvishet-nga-pergjegjesite-fajeson-bashkine-e-lezhes\/#primaryimage"},"image":{"@id":"https:\/\/fjala.info\/2009-2015\/anashkalimi-i-presidentit-zyra-e-protokollit-te-shtetit-zhvishet-nga-pergjegjesite-fajeson-bashkine-e-lezhes\/#primaryimage"},"thumbnailUrl":"http:\/\/www.shkoder.net\/2012\/besethyerja_beselidhjes.jpg","datePublished":"2012-03-05T07:00:37+00:00","breadcrumb":{"@id":"https:\/\/fjala.info\/2009-2015\/anashkalimi-i-presidentit-zyra-e-protokollit-te-shtetit-zhvishet-nga-pergjegjesite-fajeson-bashkine-e-lezhes\/#breadcrumb"},"inLanguage":"sq-AL","potentialAction":[{"@type":"ReadAction","target":["https:\/\/fjala.info\/2009-2015\/anashkalimi-i-presidentit-zyra-e-protokollit-te-shtetit-zhvishet-nga-pergjegjesite-fajeson-bashkine-e-lezhes\/"]}]},{"@type":"ImageObject","inLanguage":"sq-AL","@id":"https:\/\/fjala.info\/2009-2015\/anashkalimi-i-presidentit-zyra-e-protokollit-te-shtetit-zhvishet-nga-pergjegjesite-fajeson-bashkine-e-lezhes\/#primaryimage","url":"http:\/\/www.shkoder.net\/2012\/besethyerja_beselidhjes.jpg","contentUrl":"http:\/\/www.shkoder.net\/2012\/besethyerja_beselidhjes.jpg"},{"@type":"BreadcrumbList","@id":"https:\/\/fjala.info\/2009-2015\/anashkalimi-i-presidentit-zyra-e-protokollit-te-shtetit-zhvishet-nga-pergjegjesite-fajeson-bashkine-e-lezhes\/#breadcrumb","itemListElement":[{"@type":"ListItem","position":1,"name":"Home","item":"https:\/\/fjala.info\/2009-2015\/"},{"@type":"ListItem","position":2,"name":"\u201cAnashkalimi i Presidentit\u201d, Zyra e Protokollit t\u00eb Shtetit zhvishet nga p\u00ebrgjegj\u00ebsit\u00eb, faj\u00ebson bashkin\u00eb e Lezh\u00ebs"}]},{"@type":"WebSite","@id":"https:\/\/fjala.info\/2009-2015\/#website","url":"https:\/\/fjala.info\/2009-2015\/","name":"FjALA e LIR\u00cb - Arkivi","description":"Arkivi 2009-2015","publisher":{"@id":"https:\/\/fjala.info\/2009-2015\/#organization"},"potentialAction":[{"@type":"SearchAction","target":{"@type":"EntryPoint","urlTemplate":"https:\/\/fjala.info\/2009-2015\/?s={search_term_string}"},"query-input":{"@type":"PropertyValueSpecification","valueRequired":true,"valueName":"search_term_string"}}],"inLanguage":"sq-AL"},{"@type":"Organization","@id":"https:\/\/fjala.info\/2009-2015\/#organization","name":"FjALA e LIR\u00cb - Arkivi","url":"https:\/\/fjala.info\/2009-2015\/","logo":{"@type":"ImageObject","inLanguage":"sq-AL","@id":"https:\/\/fjala.info\/2009-2015\/#\/schema\/logo\/image\/","url":"","contentUrl":"","caption":"FjALA e LIR\u00cb - Arkivi"},"image":{"@id":"https:\/\/fjala.info\/2009-2015\/#\/schema\/logo\/image\/"}},{"@type":"Person","@id":"https:\/\/fjala.info\/2009-2015\/#\/schema\/person\/3aa1163ef05469c496fc94e77611ada2","name":"admin","image":{"@type":"ImageObject","inLanguage":"sq-AL","@id":"https:\/\/fjala.info\/2009-2015\/wp-content\/uploads\/2012\/02\/arben_cokaj-120x150.jpg","url":"https:\/\/fjala.info\/2009-2015\/wp-content\/uploads\/2012\/02\/arben_cokaj-120x150.jpg","contentUrl":"https:\/\/fjala.info\/2009-2015\/wp-content\/uploads\/2012\/02\/arben_cokaj-120x150.jpg","caption":"admin"},"description":"Admin, Fjala e Lir\u00eb","sameAs":["https:\/\/fjala.info\/"],"url":"https:\/\/fjala.info\/2009-2015\/author\/admin\/"}]}},"_links":{"self":[{"href":"https:\/\/fjala.info\/2009-2015\/wp-json\/wp\/v2\/posts\/11725","targetHints":{"allow":["GET"]}}],"collection":[{"href":"https:\/\/fjala.info\/2009-2015\/wp-json\/wp\/v2\/posts"}],"about":[{"href":"https:\/\/fjala.info\/2009-2015\/wp-json\/wp\/v2\/types\/post"}],"author":[{"embeddable":true,"href":"https:\/\/fjala.info\/2009-2015\/wp-json\/wp\/v2\/users\/1"}],"replies":[{"embeddable":true,"href":"https:\/\/fjala.info\/2009-2015\/wp-json\/wp\/v2\/comments?post=11725"}],"version-history":[{"count":0,"href":"https:\/\/fjala.info\/2009-2015\/wp-json\/wp\/v2\/posts\/11725\/revisions"}],"wp:attachment":[{"href":"https:\/\/fjala.info\/2009-2015\/wp-json\/wp\/v2\/media?parent=11725"}],"wp:term":[{"taxonomy":"category","embeddable":true,"href":"https:\/\/fjala.info\/2009-2015\/wp-json\/wp\/v2\/categories?post=11725"},{"taxonomy":"post_tag","embeddable":true,"href":"https:\/\/fjala.info\/2009-2015\/wp-json\/wp\/v2\/tags?post=11725"}],"curies":[{"name":"wp","href":"https:\/\/api.w.org\/{rel}","templated":true}]}}