{"id":11719,"date":"2012-02-29T23:24:37","date_gmt":"2012-02-29T22:24:37","guid":{"rendered":"http:\/\/fjala.shkoder.net\/?p=1994"},"modified":"2012-02-29T23:24:37","modified_gmt":"2012-02-29T22:24:37","slug":"deputetet-shqiptare-sulmojne-lidershipin-e-berishes-si-diktatorial","status":"publish","type":"post","link":"https:\/\/fjala.info\/2009-2015\/deputetet-shqiptare-sulmojne-lidershipin-e-berishes-si-diktatorial\/","title":{"rendered":"Deputet\u00ebt shqiptar\u00eb sulmojn\u00eb lidershipin e Berish\u00ebs si diktatorial"},"content":{"rendered":"<p><img decoding=\"async\" class=\"alignright size-thumbnail wp-image-7236\" title=\"Berisha n\u00eb grupin parlamentar\" src=\"http:\/\/www.shkoder.net\/2012\/berisha_grupi_parlamentar.jpg\" alt=\"\" width=\"300\" \/><br \/>\n<strong><em>Deputet\u00ebt e partis\u00eb s\u00eb kryeministrit shqiptar kan\u00eb kritikuar drejtimin e tij duke e krahasuar munges\u00ebn e demokracis\u00eb s\u00eb brendshme n\u00eb parti me Byron\u00eb Politike ish-komuniste<\/em><\/strong><\/p>\n<p>Nga <strong>Besar Likmeta<\/strong>, <em>Balkan Insight<\/em>, <em>29 Shkurt 2012<\/em><\/p>\n<p>Mark Marku, nj\u00eb deputet i rajonit t\u00eb Lezh\u00ebs, i tha t\u00eb p\u00ebrditshmes Panorama se takimet e Partis\u00eb Demokratike n\u00eb pushtet jan\u00eb anormale, t\u00eb krahasueshme me takimet e Byros\u00eb Politike komuniste.<\/p>\n<p>Selami Xhepa, nj\u00eb tjet\u00ebr deputet i PD, gjithashtu doli nga linja e partis\u00eb duke b\u00ebr\u00eb thirrje p\u00ebr konsensus n\u00eb p\u00ebrzgjedhjen e presidentit.<\/p>\n<p>\u201cLoja demokratike n\u00eb demokraci nuk presupozon se fituesi i merr t\u00eb gjitha. Ajo \u00ebsht\u00eb e bazuar n\u00eb parimin e kontrollit dhe balanc\u00ebs,\u201d tha Xhepa.<\/p>\n<p>Berisha ka th\u00ebn\u00eb vazhdimisht se presidenti i ri shqiptar do t\u00eb vij\u00eb nga radh\u00ebt e mazhoranc\u00ebs dhe se n\u00eb p\u00ebrputhje me Kushtetut\u00ebn koalicioni i tij qeveris\u00ebs nuk ka nevoj\u00eb t\u00eb k\u00ebrkoj\u00eb miratimin e opozit\u00ebs.<\/p>\n<p>Kritikat e fundit t\u00eb dy deputet\u00ebve vijn\u00eb pasi ish- z\u00ebvend\u00ebskryeministri Gazmend Oketa la demokrat\u00ebt p\u00ebr tu bashkuar me parti t\u00eb re t\u00eb qendr\u00ebs s\u00eb djatht\u00eb, q\u00eb pritet t\u00eb formohet n\u00eb mars dhe q\u00eb do drejtohet nga presidenti Bamir Topi kur ai t\u00eb l\u00ebr\u00eb detyr\u00ebn.<\/p>\n<p>N\u00eb nj\u00eb intervist\u00eb p\u00ebr Ora News, Oketa tha gjithashtu se takimet e grupit parlamentar t\u00eb PD ngjasojn\u00eb me mbledhjet e Byros\u00eb Politike, ku ish- diktatori Enver Hoxha u jepte leksione shok\u00ebve t\u00eb partis\u00eb dhe ata rrinin aty n\u00eb heshtje.<\/p>\n<p>\u201cPas 20 vitesh, kur t\u00eb b\u00ebhen dokumentare p\u00ebr politik\u00ebn e sotme, si\u00e7 jan\u00eb b\u00ebr\u00eb p\u00ebr Byron\u00eb Politike, nuk dua q\u00eb nip\u00ebrit e mi t\u00eb m\u00eb shohin aty,\u201d tha Oketa.<\/p>\n<p>Arion Sulo, redaktor i t\u00eb p\u00ebrditshmes Mapo, tha se megjith\u00ebse Xhepa dhe Marku nuk jan\u00eb gati p\u00ebr tu larguar nga partia si\u00e7 ka b\u00ebr\u00eb Oketa, fjal\u00ebt e tyre tregojn\u00eb nivelin e pak\u00ebnaq\u00ebsis\u00eb me m\u00ebnyr\u00ebn se si Berisha e drejton partin\u00eb.<\/p>\n<p>\u201cPor ne duhet t\u00eb shohim t\u00eb dy an\u00ebt e medaljes, p\u00ebr shkak se n\u00eb fund t\u00eb fundit jan\u00eb k\u00ebta deputet\u00ebt q\u00eb jan\u00eb t\u00eb pak\u00ebnaqur tani q\u00eb kan\u00eb lejuar t\u00eb ndodh\u00eb di\u00e7ka e till\u00eb,\u201d shton Sulo.<\/p>\n","protected":false},"excerpt":{"rendered":"<p>Deputet\u00ebt e partis\u00eb s\u00eb kryeministrit shqiptar kan\u00eb kritikuar drejtimin e tij duke e krahasuar munges\u00ebn e demokracis\u00eb s\u00eb brendshme n\u00eb parti me Byron\u00eb Politike ish-komuniste Nga Besar Likmeta, Balkan Insight, 29 Shkurt 2012 Mark Marku, nj\u00eb deputet i rajonit t\u00eb Lezh\u00ebs, i tha t\u00eb p\u00ebrditshmes Panorama se takimet e Partis\u00eb Demokratike n\u00eb pushtet jan\u00eb anormale, [&hellip;]<\/p>\n","protected":false},"author":1,"featured_media":0,"comment_status":"open","ping_status":"closed","sticky":false,"template":"","format":"standard","meta":{"footnotes":""},"categories":[2],"tags":[],"class_list":{"0":"post-11719","1":"post","2":"type-post","3":"status-publish","4":"format-standard","6":"category-artikuj"},"yoast_head":"<!-- This site is optimized with the Yoast SEO plugin v27.4 - https:\/\/yoast.com\/product\/yoast-seo-wordpress\/ -->\n<title>Deputet\u00ebt shqiptar\u00eb sulmojn\u00eb lidershipin e Berish\u00ebs si diktatorial - FjALA e LIR\u00cb - Arkivi<\/title>\n<meta name=\"robots\" content=\"index, follow, max-snippet:-1, max-image-preview:large, max-video-preview:-1\" \/>\n<link rel=\"canonical\" href=\"https:\/\/fjala.info\/2009-2015\/deputetet-shqiptare-sulmojne-lidershipin-e-berishes-si-diktatorial\/\" \/>\n<meta property=\"og:locale\" content=\"sq_AL\" \/>\n<meta property=\"og:type\" content=\"article\" \/>\n<meta property=\"og:title\" content=\"Deputet\u00ebt shqiptar\u00eb sulmojn\u00eb lidershipin e Berish\u00ebs si diktatorial - FjALA e LIR\u00cb - Arkivi\" \/>\n<meta property=\"og:description\" content=\"Deputet\u00ebt e partis\u00eb s\u00eb kryeministrit shqiptar kan\u00eb kritikuar drejtimin e tij duke e krahasuar munges\u00ebn e demokracis\u00eb s\u00eb brendshme n\u00eb parti me Byron\u00eb Politike ish-komuniste Nga Besar Likmeta, Balkan Insight, 29 Shkurt 2012 Mark Marku, nj\u00eb deputet i rajonit t\u00eb Lezh\u00ebs, i tha t\u00eb p\u00ebrditshmes Panorama se takimet e Partis\u00eb Demokratike n\u00eb pushtet jan\u00eb anormale, [&hellip;]\" \/>\n<meta property=\"og:url\" content=\"https:\/\/fjala.info\/2009-2015\/deputetet-shqiptare-sulmojne-lidershipin-e-berishes-si-diktatorial\/\" \/>\n<meta property=\"og:site_name\" content=\"FjALA e LIR\u00cb - Arkivi\" \/>\n<meta property=\"article:published_time\" content=\"2012-02-29T22:24:37+00:00\" \/>\n<meta property=\"og:image\" content=\"http:\/\/www.shkoder.net\/2012\/berisha_grupi_parlamentar.jpg\" \/>\n<meta name=\"author\" content=\"admin\" \/>\n<meta name=\"twitter:card\" content=\"summary_large_image\" \/>\n<meta name=\"twitter:label1\" content=\"Written by\" \/>\n\t<meta name=\"twitter:data1\" content=\"admin\" \/>\n\t<meta name=\"twitter:label2\" content=\"Est. reading time\" \/>\n\t<meta name=\"twitter:data2\" content=\"2 minutes\" \/>\n<script type=\"application\/ld+json\" class=\"yoast-schema-graph\">{\"@context\":\"https:\\\/\\\/schema.org\",\"@graph\":[{\"@type\":\"Article\",\"@id\":\"https:\\\/\\\/fjala.info\\\/2009-2015\\\/deputetet-shqiptare-sulmojne-lidershipin-e-berishes-si-diktatorial\\\/#article\",\"isPartOf\":{\"@id\":\"https:\\\/\\\/fjala.info\\\/2009-2015\\\/deputetet-shqiptare-sulmojne-lidershipin-e-berishes-si-diktatorial\\\/\"},\"author\":{\"name\":\"admin\",\"@id\":\"https:\\\/\\\/fjala.info\\\/2009-2015\\\/#\\\/schema\\\/person\\\/3aa1163ef05469c496fc94e77611ada2\"},\"headline\":\"Deputet\u00ebt shqiptar\u00eb sulmojn\u00eb lidershipin e Berish\u00ebs si diktatorial\",\"datePublished\":\"2012-02-29T22:24:37+00:00\",\"mainEntityOfPage\":{\"@id\":\"https:\\\/\\\/fjala.info\\\/2009-2015\\\/deputetet-shqiptare-sulmojne-lidershipin-e-berishes-si-diktatorial\\\/\"},\"wordCount\":385,\"commentCount\":0,\"publisher\":{\"@id\":\"https:\\\/\\\/fjala.info\\\/2009-2015\\\/#organization\"},\"image\":{\"@id\":\"https:\\\/\\\/fjala.info\\\/2009-2015\\\/deputetet-shqiptare-sulmojne-lidershipin-e-berishes-si-diktatorial\\\/#primaryimage\"},\"thumbnailUrl\":\"http:\\\/\\\/www.shkoder.net\\\/2012\\\/berisha_grupi_parlamentar.jpg\",\"articleSection\":[\"Artikuj\"],\"inLanguage\":\"sq-AL\",\"potentialAction\":[{\"@type\":\"CommentAction\",\"name\":\"Comment\",\"target\":[\"https:\\\/\\\/fjala.info\\\/2009-2015\\\/deputetet-shqiptare-sulmojne-lidershipin-e-berishes-si-diktatorial\\\/#respond\"]}]},{\"@type\":\"WebPage\",\"@id\":\"https:\\\/\\\/fjala.info\\\/2009-2015\\\/deputetet-shqiptare-sulmojne-lidershipin-e-berishes-si-diktatorial\\\/\",\"url\":\"https:\\\/\\\/fjala.info\\\/2009-2015\\\/deputetet-shqiptare-sulmojne-lidershipin-e-berishes-si-diktatorial\\\/\",\"name\":\"Deputet\u00ebt shqiptar\u00eb sulmojn\u00eb lidershipin e Berish\u00ebs si diktatorial - FjALA e LIR\u00cb - Arkivi\",\"isPartOf\":{\"@id\":\"https:\\\/\\\/fjala.info\\\/2009-2015\\\/#website\"},\"primaryImageOfPage\":{\"@id\":\"https:\\\/\\\/fjala.info\\\/2009-2015\\\/deputetet-shqiptare-sulmojne-lidershipin-e-berishes-si-diktatorial\\\/#primaryimage\"},\"image\":{\"@id\":\"https:\\\/\\\/fjala.info\\\/2009-2015\\\/deputetet-shqiptare-sulmojne-lidershipin-e-berishes-si-diktatorial\\\/#primaryimage\"},\"thumbnailUrl\":\"http:\\\/\\\/www.shkoder.net\\\/2012\\\/berisha_grupi_parlamentar.jpg\",\"datePublished\":\"2012-02-29T22:24:37+00:00\",\"breadcrumb\":{\"@id\":\"https:\\\/\\\/fjala.info\\\/2009-2015\\\/deputetet-shqiptare-sulmojne-lidershipin-e-berishes-si-diktatorial\\\/#breadcrumb\"},\"inLanguage\":\"sq-AL\",\"potentialAction\":[{\"@type\":\"ReadAction\",\"target\":[\"https:\\\/\\\/fjala.info\\\/2009-2015\\\/deputetet-shqiptare-sulmojne-lidershipin-e-berishes-si-diktatorial\\\/\"]}]},{\"@type\":\"ImageObject\",\"inLanguage\":\"sq-AL\",\"@id\":\"https:\\\/\\\/fjala.info\\\/2009-2015\\\/deputetet-shqiptare-sulmojne-lidershipin-e-berishes-si-diktatorial\\\/#primaryimage\",\"url\":\"http:\\\/\\\/www.shkoder.net\\\/2012\\\/berisha_grupi_parlamentar.jpg\",\"contentUrl\":\"http:\\\/\\\/www.shkoder.net\\\/2012\\\/berisha_grupi_parlamentar.jpg\"},{\"@type\":\"BreadcrumbList\",\"@id\":\"https:\\\/\\\/fjala.info\\\/2009-2015\\\/deputetet-shqiptare-sulmojne-lidershipin-e-berishes-si-diktatorial\\\/#breadcrumb\",\"itemListElement\":[{\"@type\":\"ListItem\",\"position\":1,\"name\":\"Home\",\"item\":\"https:\\\/\\\/fjala.info\\\/2009-2015\\\/\"},{\"@type\":\"ListItem\",\"position\":2,\"name\":\"Deputet\u00ebt shqiptar\u00eb sulmojn\u00eb lidershipin e Berish\u00ebs si diktatorial\"}]},{\"@type\":\"WebSite\",\"@id\":\"https:\\\/\\\/fjala.info\\\/2009-2015\\\/#website\",\"url\":\"https:\\\/\\\/fjala.info\\\/2009-2015\\\/\",\"name\":\"FjALA e LIR\u00cb - Arkivi\",\"description\":\"Arkivi 2009-2015\",\"publisher\":{\"@id\":\"https:\\\/\\\/fjala.info\\\/2009-2015\\\/#organization\"},\"potentialAction\":[{\"@type\":\"SearchAction\",\"target\":{\"@type\":\"EntryPoint\",\"urlTemplate\":\"https:\\\/\\\/fjala.info\\\/2009-2015\\\/?s={search_term_string}\"},\"query-input\":{\"@type\":\"PropertyValueSpecification\",\"valueRequired\":true,\"valueName\":\"search_term_string\"}}],\"inLanguage\":\"sq-AL\"},{\"@type\":\"Organization\",\"@id\":\"https:\\\/\\\/fjala.info\\\/2009-2015\\\/#organization\",\"name\":\"FjALA e LIR\u00cb - Arkivi\",\"url\":\"https:\\\/\\\/fjala.info\\\/2009-2015\\\/\",\"logo\":{\"@type\":\"ImageObject\",\"inLanguage\":\"sq-AL\",\"@id\":\"https:\\\/\\\/fjala.info\\\/2009-2015\\\/#\\\/schema\\\/logo\\\/image\\\/\",\"url\":\"\",\"contentUrl\":\"\",\"caption\":\"FjALA e LIR\u00cb - Arkivi\"},\"image\":{\"@id\":\"https:\\\/\\\/fjala.info\\\/2009-2015\\\/#\\\/schema\\\/logo\\\/image\\\/\"}},{\"@type\":\"Person\",\"@id\":\"https:\\\/\\\/fjala.info\\\/2009-2015\\\/#\\\/schema\\\/person\\\/3aa1163ef05469c496fc94e77611ada2\",\"name\":\"admin\",\"image\":{\"@type\":\"ImageObject\",\"inLanguage\":\"sq-AL\",\"@id\":\"https:\\\/\\\/fjala.info\\\/2009-2015\\\/wp-content\\\/uploads\\\/2012\\\/02\\\/arben_cokaj-120x150.jpg\",\"url\":\"https:\\\/\\\/fjala.info\\\/2009-2015\\\/wp-content\\\/uploads\\\/2012\\\/02\\\/arben_cokaj-120x150.jpg\",\"contentUrl\":\"https:\\\/\\\/fjala.info\\\/2009-2015\\\/wp-content\\\/uploads\\\/2012\\\/02\\\/arben_cokaj-120x150.jpg\",\"caption\":\"admin\"},\"description\":\"Admin, Fjala e Lir\u00eb\",\"sameAs\":[\"https:\\\/\\\/fjala.info\\\/\"],\"url\":\"https:\\\/\\\/fjala.info\\\/2009-2015\\\/author\\\/admin\\\/\"}]}<\/script>\n<!-- \/ Yoast SEO plugin. -->","yoast_head_json":{"title":"Deputet\u00ebt shqiptar\u00eb sulmojn\u00eb lidershipin e Berish\u00ebs si diktatorial - FjALA e LIR\u00cb - Arkivi","robots":{"index":"index","follow":"follow","max-snippet":"max-snippet:-1","max-image-preview":"max-image-preview:large","max-video-preview":"max-video-preview:-1"},"canonical":"https:\/\/fjala.info\/2009-2015\/deputetet-shqiptare-sulmojne-lidershipin-e-berishes-si-diktatorial\/","og_locale":"sq_AL","og_type":"article","og_title":"Deputet\u00ebt shqiptar\u00eb sulmojn\u00eb lidershipin e Berish\u00ebs si diktatorial - FjALA e LIR\u00cb - Arkivi","og_description":"Deputet\u00ebt e partis\u00eb s\u00eb kryeministrit shqiptar kan\u00eb kritikuar drejtimin e tij duke e krahasuar munges\u00ebn e demokracis\u00eb s\u00eb brendshme n\u00eb parti me Byron\u00eb Politike ish-komuniste Nga Besar Likmeta, Balkan Insight, 29 Shkurt 2012 Mark Marku, nj\u00eb deputet i rajonit t\u00eb Lezh\u00ebs, i tha t\u00eb p\u00ebrditshmes Panorama se takimet e Partis\u00eb Demokratike n\u00eb pushtet jan\u00eb anormale, [&hellip;]","og_url":"https:\/\/fjala.info\/2009-2015\/deputetet-shqiptare-sulmojne-lidershipin-e-berishes-si-diktatorial\/","og_site_name":"FjALA e LIR\u00cb - Arkivi","article_published_time":"2012-02-29T22:24:37+00:00","og_image":[{"url":"http:\/\/www.shkoder.net\/2012\/berisha_grupi_parlamentar.jpg","type":"","width":"","height":""}],"author":"admin","twitter_card":"summary_large_image","twitter_misc":{"Written by":"admin","Est. reading time":"2 minutes"},"schema":{"@context":"https:\/\/schema.org","@graph":[{"@type":"Article","@id":"https:\/\/fjala.info\/2009-2015\/deputetet-shqiptare-sulmojne-lidershipin-e-berishes-si-diktatorial\/#article","isPartOf":{"@id":"https:\/\/fjala.info\/2009-2015\/deputetet-shqiptare-sulmojne-lidershipin-e-berishes-si-diktatorial\/"},"author":{"name":"admin","@id":"https:\/\/fjala.info\/2009-2015\/#\/schema\/person\/3aa1163ef05469c496fc94e77611ada2"},"headline":"Deputet\u00ebt shqiptar\u00eb sulmojn\u00eb lidershipin e Berish\u00ebs si diktatorial","datePublished":"2012-02-29T22:24:37+00:00","mainEntityOfPage":{"@id":"https:\/\/fjala.info\/2009-2015\/deputetet-shqiptare-sulmojne-lidershipin-e-berishes-si-diktatorial\/"},"wordCount":385,"commentCount":0,"publisher":{"@id":"https:\/\/fjala.info\/2009-2015\/#organization"},"image":{"@id":"https:\/\/fjala.info\/2009-2015\/deputetet-shqiptare-sulmojne-lidershipin-e-berishes-si-diktatorial\/#primaryimage"},"thumbnailUrl":"http:\/\/www.shkoder.net\/2012\/berisha_grupi_parlamentar.jpg","articleSection":["Artikuj"],"inLanguage":"sq-AL","potentialAction":[{"@type":"CommentAction","name":"Comment","target":["https:\/\/fjala.info\/2009-2015\/deputetet-shqiptare-sulmojne-lidershipin-e-berishes-si-diktatorial\/#respond"]}]},{"@type":"WebPage","@id":"https:\/\/fjala.info\/2009-2015\/deputetet-shqiptare-sulmojne-lidershipin-e-berishes-si-diktatorial\/","url":"https:\/\/fjala.info\/2009-2015\/deputetet-shqiptare-sulmojne-lidershipin-e-berishes-si-diktatorial\/","name":"Deputet\u00ebt shqiptar\u00eb sulmojn\u00eb lidershipin e Berish\u00ebs si diktatorial - FjALA e LIR\u00cb - Arkivi","isPartOf":{"@id":"https:\/\/fjala.info\/2009-2015\/#website"},"primaryImageOfPage":{"@id":"https:\/\/fjala.info\/2009-2015\/deputetet-shqiptare-sulmojne-lidershipin-e-berishes-si-diktatorial\/#primaryimage"},"image":{"@id":"https:\/\/fjala.info\/2009-2015\/deputetet-shqiptare-sulmojne-lidershipin-e-berishes-si-diktatorial\/#primaryimage"},"thumbnailUrl":"http:\/\/www.shkoder.net\/2012\/berisha_grupi_parlamentar.jpg","datePublished":"2012-02-29T22:24:37+00:00","breadcrumb":{"@id":"https:\/\/fjala.info\/2009-2015\/deputetet-shqiptare-sulmojne-lidershipin-e-berishes-si-diktatorial\/#breadcrumb"},"inLanguage":"sq-AL","potentialAction":[{"@type":"ReadAction","target":["https:\/\/fjala.info\/2009-2015\/deputetet-shqiptare-sulmojne-lidershipin-e-berishes-si-diktatorial\/"]}]},{"@type":"ImageObject","inLanguage":"sq-AL","@id":"https:\/\/fjala.info\/2009-2015\/deputetet-shqiptare-sulmojne-lidershipin-e-berishes-si-diktatorial\/#primaryimage","url":"http:\/\/www.shkoder.net\/2012\/berisha_grupi_parlamentar.jpg","contentUrl":"http:\/\/www.shkoder.net\/2012\/berisha_grupi_parlamentar.jpg"},{"@type":"BreadcrumbList","@id":"https:\/\/fjala.info\/2009-2015\/deputetet-shqiptare-sulmojne-lidershipin-e-berishes-si-diktatorial\/#breadcrumb","itemListElement":[{"@type":"ListItem","position":1,"name":"Home","item":"https:\/\/fjala.info\/2009-2015\/"},{"@type":"ListItem","position":2,"name":"Deputet\u00ebt shqiptar\u00eb sulmojn\u00eb lidershipin e Berish\u00ebs si diktatorial"}]},{"@type":"WebSite","@id":"https:\/\/fjala.info\/2009-2015\/#website","url":"https:\/\/fjala.info\/2009-2015\/","name":"FjALA e LIR\u00cb - Arkivi","description":"Arkivi 2009-2015","publisher":{"@id":"https:\/\/fjala.info\/2009-2015\/#organization"},"potentialAction":[{"@type":"SearchAction","target":{"@type":"EntryPoint","urlTemplate":"https:\/\/fjala.info\/2009-2015\/?s={search_term_string}"},"query-input":{"@type":"PropertyValueSpecification","valueRequired":true,"valueName":"search_term_string"}}],"inLanguage":"sq-AL"},{"@type":"Organization","@id":"https:\/\/fjala.info\/2009-2015\/#organization","name":"FjALA e LIR\u00cb - Arkivi","url":"https:\/\/fjala.info\/2009-2015\/","logo":{"@type":"ImageObject","inLanguage":"sq-AL","@id":"https:\/\/fjala.info\/2009-2015\/#\/schema\/logo\/image\/","url":"","contentUrl":"","caption":"FjALA e LIR\u00cb - Arkivi"},"image":{"@id":"https:\/\/fjala.info\/2009-2015\/#\/schema\/logo\/image\/"}},{"@type":"Person","@id":"https:\/\/fjala.info\/2009-2015\/#\/schema\/person\/3aa1163ef05469c496fc94e77611ada2","name":"admin","image":{"@type":"ImageObject","inLanguage":"sq-AL","@id":"https:\/\/fjala.info\/2009-2015\/wp-content\/uploads\/2012\/02\/arben_cokaj-120x150.jpg","url":"https:\/\/fjala.info\/2009-2015\/wp-content\/uploads\/2012\/02\/arben_cokaj-120x150.jpg","contentUrl":"https:\/\/fjala.info\/2009-2015\/wp-content\/uploads\/2012\/02\/arben_cokaj-120x150.jpg","caption":"admin"},"description":"Admin, Fjala e Lir\u00eb","sameAs":["https:\/\/fjala.info\/"],"url":"https:\/\/fjala.info\/2009-2015\/author\/admin\/"}]}},"_links":{"self":[{"href":"https:\/\/fjala.info\/2009-2015\/wp-json\/wp\/v2\/posts\/11719","targetHints":{"allow":["GET"]}}],"collection":[{"href":"https:\/\/fjala.info\/2009-2015\/wp-json\/wp\/v2\/posts"}],"about":[{"href":"https:\/\/fjala.info\/2009-2015\/wp-json\/wp\/v2\/types\/post"}],"author":[{"embeddable":true,"href":"https:\/\/fjala.info\/2009-2015\/wp-json\/wp\/v2\/users\/1"}],"replies":[{"embeddable":true,"href":"https:\/\/fjala.info\/2009-2015\/wp-json\/wp\/v2\/comments?post=11719"}],"version-history":[{"count":0,"href":"https:\/\/fjala.info\/2009-2015\/wp-json\/wp\/v2\/posts\/11719\/revisions"}],"wp:attachment":[{"href":"https:\/\/fjala.info\/2009-2015\/wp-json\/wp\/v2\/media?parent=11719"}],"wp:term":[{"taxonomy":"category","embeddable":true,"href":"https:\/\/fjala.info\/2009-2015\/wp-json\/wp\/v2\/categories?post=11719"},{"taxonomy":"post_tag","embeddable":true,"href":"https:\/\/fjala.info\/2009-2015\/wp-json\/wp\/v2\/tags?post=11719"}],"curies":[{"name":"wp","href":"https:\/\/api.w.org\/{rel}","templated":true}]}}