{"id":11718,"date":"2012-02-29T20:54:29","date_gmt":"2012-02-29T19:54:29","guid":{"rendered":"http:\/\/fjala.shkoder.net\/?p=1989"},"modified":"2012-02-29T20:54:29","modified_gmt":"2012-02-29T19:54:29","slug":"le-te-mesojme-nga-ataturku","status":"publish","type":"post","link":"https:\/\/fjala.info\/2009-2015\/le-te-mesojme-nga-ataturku\/","title":{"rendered":"Le t\u00eb m\u00ebsojm\u00eb nga Ataturku"},"content":{"rendered":"<p><img decoding=\"async\" class=\"alignright size-thumbnail wp-image-7236\" title=\"Xhamia\" src=\"http:\/\/www.shkoder.net\/2012\/xhamia.jpg\" alt=\"\" width=\"300\" \/> <strong>Dr. Simon Puta<\/strong>*<\/p>\n<p>Treni europian i Shqip\u00ebris\u00eb nuk \u00e7an p\u00ebrpara nga pesha e r\u00ebnd\u00eb e kushteve q\u00eb duhet t\u00eb plot\u00ebsoj\u00eb politika shqiptare si edhe nga sherret p\u00ebr vjedhje votash e vrasje t\u00eb kat\u00ebr qytetar\u00ebve. N\u00eb vend q\u00eb ky tren t\u00eb leht\u00ebsohet nga kjo barr\u00eb e r\u00ebnd\u00eb, i shtohen p\u00ebrdit\u00eb t\u00eb tjera. Lajmi p\u00ebr nd\u00ebrtimin e nj\u00eb vepre t\u00eb re kulti n\u00eb Tiran\u00eb u dha disa dit\u00eb m\u00eb par\u00eb nga kryetari i bashkis\u00eb. U dha si urdh\u00ebr q\u00eb nuk lejonte diskutim, por q\u00eb sikur \u201czbutej\u201d duke vazhduar se \u201cdo t\u00eb thirren arkitekt\u00ebt m\u00eb t\u00eb mir\u00eb, p\u00ebr t\u2019a projektuar\u201d! Nuk u k\u00ebrkua mendimi i p\u00ebrparuar intelektual n\u00ebse duhet nd\u00ebrtuar kjo vep\u00ebr e re kulti apo jo.<\/p>\n<p>Kjo histori \u00ebsht\u00eb p\u00ebrs\u00ebritur edhe vitet e kaluara kur jan\u00eb dh\u00ebn\u00eb lejet e nd\u00ebrtimit p\u00ebr kishen ortodokse e katolike me te vetmin ndryshim se nd\u00ebrsa dy t\u00eb parat kan\u00eb kalue n\u00eb heshtje, lejes p\u00ebr xhamin\u00eb politika po i b\u00ebn jehon\u00eb mediatike (!!). Vet\u00ebm artikulimi i nj\u00eb nisme t\u00eb till\u00eb \u00ebsht\u00eb turp p\u00ebr politik\u00ebn ton\u00eb, pasi xhamija, si vep\u00ebr kulti i takon komunitetit fetar p\u00ebrkat\u00ebs t\u00eb merret me t\u00eb, e jo \u201cshtetit laik\u201d. Por politika, me sa duket, jo vet\u00ebm q\u00eb nuk i kupton kufijt\u00eb e saj, por na k\u00ebrkon edhe ta brohorasim si \u201csukses e arritje\u201d.<\/p>\n<p>N\u00eb komunikat\u00ebn q\u00eb jep kryetari i bashkis\u00eb z.Basha thuhet se: \u201cduke par\u00eb nevojat e besimtar\u00ebve\u2026\u201d etj. Nga kjo komunikat\u00ebdelse nuk ka asnj\u00eb k\u00ebrkes\u00eb zyrtare nga komuniteti mysliman (megjith\u00ebse nj\u00eb e till\u00eb ekziston, por nuk thuhet, pasi edhe k\u00ebtu rr\u00ebmbehet ideja e tjetrit). Kryetarit n\u00eb fjal\u00eb i p\u00eblqen t\u00eb mar\u00eb edhe rolin e t\u00eb nderuarit Haxhi Haf\u00ebz Sabri Ko\u00e7i, e k\u00ebshtu m\u00ebsojm\u00eb q\u00eb \u201chaxhi haf\u00ebz\u201d Lulit i b\u00ebkan p\u00ebrshtypje besimtar\u00ebt q\u00eb s\u2019kan\u00eb\u2026 ku t\u00eb luten!<\/p>\n<p>Kryetari i Bashkis\u00eb, thot\u00eb se \u00ebsht\u00eb njeri me kultur\u00eb e edukim per\u00ebndimor, si ka mund\u00ebsi q\u00eb nuk k\u00ebrkon mendimin e p\u00ebrparuar europian p\u00ebr t\u00eb nd\u00ebrtuar nj\u00eb metropol modern shqiptar? Nga se ka frik\u00eb? Sa t\u00eb shplar\u00eb duken ata politikan\u00eb q\u00eb duan ta mbajn\u00eb pushtetin \u201cn\u00eb em\u00ebr t\u00eb p\u00ebrparimit\u201d duke u mb\u00ebshtetur tek fanatizmi. Nj\u00eb elit\u00eb e till\u00eb e zvarrit kombin drejt prapambetjes e injoranc\u00ebs e nuk na lejon t\u00eb b\u00ebjm\u00eb rilindjen moderne ashtu si kombet e tjer\u00eb rreth nesh e para nesh e p\u00ebr t\u00eb cil\u00ebn kemi aq nevoj\u00eb.<\/p>\n<p>Le t\u2019i lem\u00eb besimtar\u00ebt t\u00eb luten, komunitetet p\u00ebrkat\u00ebse t\u00eb kujdesen p\u00ebr to e le t\u00eb m\u00ebsojm\u00eb nga vlerat per\u00ebndimore ku ne b\u00ebjm\u00eb pjes\u00eb. Por le t\u00eb m\u00ebsojm\u00eb edhe nga Ataturku i madh q\u00eb e b\u00ebri Turqin\u00eb moderne duke e zhveshur shtetin nga islamizimi q\u00eb i kishte z\u00ebn\u00eb frym\u00ebn e q\u00eb p\u00ebr fat t\u00eb keq na ishte imponuar edhe ne, shqiptar\u00ebve, me dhun\u00eb.<\/p>\n<p>*<em>Autori, mjek kirurg, ish-deputet i PD-s\u00eb, 1992-1996 <\/em><\/p>\n","protected":false},"excerpt":{"rendered":"<p>Dr. Simon Puta* Treni europian i Shqip\u00ebris\u00eb nuk \u00e7an p\u00ebrpara nga pesha e r\u00ebnd\u00eb e kushteve q\u00eb duhet t\u00eb plot\u00ebsoj\u00eb politika shqiptare si edhe nga sherret p\u00ebr vjedhje votash e vrasje t\u00eb kat\u00ebr qytetar\u00ebve. N\u00eb vend q\u00eb ky tren t\u00eb leht\u00ebsohet nga kjo barr\u00eb e r\u00ebnd\u00eb, i shtohen p\u00ebrdit\u00eb t\u00eb tjera. Lajmi p\u00ebr nd\u00ebrtimin e [&hellip;]<\/p>\n","protected":false},"author":1,"featured_media":0,"comment_status":"open","ping_status":"closed","sticky":false,"template":"","format":"standard","meta":{"footnotes":""},"categories":[2],"tags":[],"class_list":{"0":"post-11718","1":"post","2":"type-post","3":"status-publish","4":"format-standard","6":"category-artikuj"},"yoast_head":"<!-- This site is optimized with the Yoast SEO plugin v27.4 - https:\/\/yoast.com\/product\/yoast-seo-wordpress\/ -->\n<title>Le t\u00eb m\u00ebsojm\u00eb nga Ataturku - FjALA e LIR\u00cb - Arkivi<\/title>\n<meta name=\"robots\" content=\"index, follow, max-snippet:-1, max-image-preview:large, max-video-preview:-1\" \/>\n<link rel=\"canonical\" href=\"https:\/\/fjala.info\/2009-2015\/le-te-mesojme-nga-ataturku\/\" \/>\n<meta property=\"og:locale\" content=\"sq_AL\" \/>\n<meta property=\"og:type\" content=\"article\" \/>\n<meta property=\"og:title\" content=\"Le t\u00eb m\u00ebsojm\u00eb nga Ataturku - FjALA e LIR\u00cb - Arkivi\" \/>\n<meta property=\"og:description\" content=\"Dr. Simon Puta* Treni europian i Shqip\u00ebris\u00eb nuk \u00e7an p\u00ebrpara nga pesha e r\u00ebnd\u00eb e kushteve q\u00eb duhet t\u00eb plot\u00ebsoj\u00eb politika shqiptare si edhe nga sherret p\u00ebr vjedhje votash e vrasje t\u00eb kat\u00ebr qytetar\u00ebve. N\u00eb vend q\u00eb ky tren t\u00eb leht\u00ebsohet nga kjo barr\u00eb e r\u00ebnd\u00eb, i shtohen p\u00ebrdit\u00eb t\u00eb tjera. Lajmi p\u00ebr nd\u00ebrtimin e [&hellip;]\" \/>\n<meta property=\"og:url\" content=\"https:\/\/fjala.info\/2009-2015\/le-te-mesojme-nga-ataturku\/\" \/>\n<meta property=\"og:site_name\" content=\"FjALA e LIR\u00cb - Arkivi\" \/>\n<meta property=\"article:published_time\" content=\"2012-02-29T19:54:29+00:00\" \/>\n<meta property=\"og:image\" content=\"http:\/\/www.shkoder.net\/2012\/xhamia.jpg\" \/>\n<meta name=\"author\" content=\"admin\" \/>\n<meta name=\"twitter:card\" content=\"summary_large_image\" \/>\n<meta name=\"twitter:label1\" content=\"Written by\" \/>\n\t<meta name=\"twitter:data1\" content=\"admin\" \/>\n\t<meta name=\"twitter:label2\" content=\"Est. reading time\" \/>\n\t<meta name=\"twitter:data2\" content=\"3 minutes\" \/>\n<script type=\"application\/ld+json\" class=\"yoast-schema-graph\">{\"@context\":\"https:\\\/\\\/schema.org\",\"@graph\":[{\"@type\":\"Article\",\"@id\":\"https:\\\/\\\/fjala.info\\\/2009-2015\\\/le-te-mesojme-nga-ataturku\\\/#article\",\"isPartOf\":{\"@id\":\"https:\\\/\\\/fjala.info\\\/2009-2015\\\/le-te-mesojme-nga-ataturku\\\/\"},\"author\":{\"name\":\"admin\",\"@id\":\"https:\\\/\\\/fjala.info\\\/2009-2015\\\/#\\\/schema\\\/person\\\/3aa1163ef05469c496fc94e77611ada2\"},\"headline\":\"Le t\u00eb m\u00ebsojm\u00eb nga Ataturku\",\"datePublished\":\"2012-02-29T19:54:29+00:00\",\"mainEntityOfPage\":{\"@id\":\"https:\\\/\\\/fjala.info\\\/2009-2015\\\/le-te-mesojme-nga-ataturku\\\/\"},\"wordCount\":529,\"commentCount\":0,\"publisher\":{\"@id\":\"https:\\\/\\\/fjala.info\\\/2009-2015\\\/#organization\"},\"image\":{\"@id\":\"https:\\\/\\\/fjala.info\\\/2009-2015\\\/le-te-mesojme-nga-ataturku\\\/#primaryimage\"},\"thumbnailUrl\":\"http:\\\/\\\/www.shkoder.net\\\/2012\\\/xhamia.jpg\",\"articleSection\":[\"Artikuj\"],\"inLanguage\":\"sq-AL\",\"potentialAction\":[{\"@type\":\"CommentAction\",\"name\":\"Comment\",\"target\":[\"https:\\\/\\\/fjala.info\\\/2009-2015\\\/le-te-mesojme-nga-ataturku\\\/#respond\"]}]},{\"@type\":\"WebPage\",\"@id\":\"https:\\\/\\\/fjala.info\\\/2009-2015\\\/le-te-mesojme-nga-ataturku\\\/\",\"url\":\"https:\\\/\\\/fjala.info\\\/2009-2015\\\/le-te-mesojme-nga-ataturku\\\/\",\"name\":\"Le t\u00eb m\u00ebsojm\u00eb nga Ataturku - FjALA e LIR\u00cb - Arkivi\",\"isPartOf\":{\"@id\":\"https:\\\/\\\/fjala.info\\\/2009-2015\\\/#website\"},\"primaryImageOfPage\":{\"@id\":\"https:\\\/\\\/fjala.info\\\/2009-2015\\\/le-te-mesojme-nga-ataturku\\\/#primaryimage\"},\"image\":{\"@id\":\"https:\\\/\\\/fjala.info\\\/2009-2015\\\/le-te-mesojme-nga-ataturku\\\/#primaryimage\"},\"thumbnailUrl\":\"http:\\\/\\\/www.shkoder.net\\\/2012\\\/xhamia.jpg\",\"datePublished\":\"2012-02-29T19:54:29+00:00\",\"breadcrumb\":{\"@id\":\"https:\\\/\\\/fjala.info\\\/2009-2015\\\/le-te-mesojme-nga-ataturku\\\/#breadcrumb\"},\"inLanguage\":\"sq-AL\",\"potentialAction\":[{\"@type\":\"ReadAction\",\"target\":[\"https:\\\/\\\/fjala.info\\\/2009-2015\\\/le-te-mesojme-nga-ataturku\\\/\"]}]},{\"@type\":\"ImageObject\",\"inLanguage\":\"sq-AL\",\"@id\":\"https:\\\/\\\/fjala.info\\\/2009-2015\\\/le-te-mesojme-nga-ataturku\\\/#primaryimage\",\"url\":\"http:\\\/\\\/www.shkoder.net\\\/2012\\\/xhamia.jpg\",\"contentUrl\":\"http:\\\/\\\/www.shkoder.net\\\/2012\\\/xhamia.jpg\"},{\"@type\":\"BreadcrumbList\",\"@id\":\"https:\\\/\\\/fjala.info\\\/2009-2015\\\/le-te-mesojme-nga-ataturku\\\/#breadcrumb\",\"itemListElement\":[{\"@type\":\"ListItem\",\"position\":1,\"name\":\"Home\",\"item\":\"https:\\\/\\\/fjala.info\\\/2009-2015\\\/\"},{\"@type\":\"ListItem\",\"position\":2,\"name\":\"Le t\u00eb m\u00ebsojm\u00eb nga Ataturku\"}]},{\"@type\":\"WebSite\",\"@id\":\"https:\\\/\\\/fjala.info\\\/2009-2015\\\/#website\",\"url\":\"https:\\\/\\\/fjala.info\\\/2009-2015\\\/\",\"name\":\"FjALA e LIR\u00cb - Arkivi\",\"description\":\"Arkivi 2009-2015\",\"publisher\":{\"@id\":\"https:\\\/\\\/fjala.info\\\/2009-2015\\\/#organization\"},\"potentialAction\":[{\"@type\":\"SearchAction\",\"target\":{\"@type\":\"EntryPoint\",\"urlTemplate\":\"https:\\\/\\\/fjala.info\\\/2009-2015\\\/?s={search_term_string}\"},\"query-input\":{\"@type\":\"PropertyValueSpecification\",\"valueRequired\":true,\"valueName\":\"search_term_string\"}}],\"inLanguage\":\"sq-AL\"},{\"@type\":\"Organization\",\"@id\":\"https:\\\/\\\/fjala.info\\\/2009-2015\\\/#organization\",\"name\":\"FjALA e LIR\u00cb - Arkivi\",\"url\":\"https:\\\/\\\/fjala.info\\\/2009-2015\\\/\",\"logo\":{\"@type\":\"ImageObject\",\"inLanguage\":\"sq-AL\",\"@id\":\"https:\\\/\\\/fjala.info\\\/2009-2015\\\/#\\\/schema\\\/logo\\\/image\\\/\",\"url\":\"\",\"contentUrl\":\"\",\"caption\":\"FjALA e LIR\u00cb - Arkivi\"},\"image\":{\"@id\":\"https:\\\/\\\/fjala.info\\\/2009-2015\\\/#\\\/schema\\\/logo\\\/image\\\/\"}},{\"@type\":\"Person\",\"@id\":\"https:\\\/\\\/fjala.info\\\/2009-2015\\\/#\\\/schema\\\/person\\\/3aa1163ef05469c496fc94e77611ada2\",\"name\":\"admin\",\"image\":{\"@type\":\"ImageObject\",\"inLanguage\":\"sq-AL\",\"@id\":\"https:\\\/\\\/fjala.info\\\/2009-2015\\\/wp-content\\\/uploads\\\/2012\\\/02\\\/arben_cokaj-120x150.jpg\",\"url\":\"https:\\\/\\\/fjala.info\\\/2009-2015\\\/wp-content\\\/uploads\\\/2012\\\/02\\\/arben_cokaj-120x150.jpg\",\"contentUrl\":\"https:\\\/\\\/fjala.info\\\/2009-2015\\\/wp-content\\\/uploads\\\/2012\\\/02\\\/arben_cokaj-120x150.jpg\",\"caption\":\"admin\"},\"description\":\"Admin, Fjala e Lir\u00eb\",\"sameAs\":[\"https:\\\/\\\/fjala.info\\\/\"],\"url\":\"https:\\\/\\\/fjala.info\\\/2009-2015\\\/author\\\/admin\\\/\"}]}<\/script>\n<!-- \/ Yoast SEO plugin. -->","yoast_head_json":{"title":"Le t\u00eb m\u00ebsojm\u00eb nga Ataturku - FjALA e LIR\u00cb - Arkivi","robots":{"index":"index","follow":"follow","max-snippet":"max-snippet:-1","max-image-preview":"max-image-preview:large","max-video-preview":"max-video-preview:-1"},"canonical":"https:\/\/fjala.info\/2009-2015\/le-te-mesojme-nga-ataturku\/","og_locale":"sq_AL","og_type":"article","og_title":"Le t\u00eb m\u00ebsojm\u00eb nga Ataturku - FjALA e LIR\u00cb - Arkivi","og_description":"Dr. Simon Puta* Treni europian i Shqip\u00ebris\u00eb nuk \u00e7an p\u00ebrpara nga pesha e r\u00ebnd\u00eb e kushteve q\u00eb duhet t\u00eb plot\u00ebsoj\u00eb politika shqiptare si edhe nga sherret p\u00ebr vjedhje votash e vrasje t\u00eb kat\u00ebr qytetar\u00ebve. N\u00eb vend q\u00eb ky tren t\u00eb leht\u00ebsohet nga kjo barr\u00eb e r\u00ebnd\u00eb, i shtohen p\u00ebrdit\u00eb t\u00eb tjera. Lajmi p\u00ebr nd\u00ebrtimin e [&hellip;]","og_url":"https:\/\/fjala.info\/2009-2015\/le-te-mesojme-nga-ataturku\/","og_site_name":"FjALA e LIR\u00cb - Arkivi","article_published_time":"2012-02-29T19:54:29+00:00","og_image":[{"url":"http:\/\/www.shkoder.net\/2012\/xhamia.jpg","type":"","width":"","height":""}],"author":"admin","twitter_card":"summary_large_image","twitter_misc":{"Written by":"admin","Est. reading time":"3 minutes"},"schema":{"@context":"https:\/\/schema.org","@graph":[{"@type":"Article","@id":"https:\/\/fjala.info\/2009-2015\/le-te-mesojme-nga-ataturku\/#article","isPartOf":{"@id":"https:\/\/fjala.info\/2009-2015\/le-te-mesojme-nga-ataturku\/"},"author":{"name":"admin","@id":"https:\/\/fjala.info\/2009-2015\/#\/schema\/person\/3aa1163ef05469c496fc94e77611ada2"},"headline":"Le t\u00eb m\u00ebsojm\u00eb nga Ataturku","datePublished":"2012-02-29T19:54:29+00:00","mainEntityOfPage":{"@id":"https:\/\/fjala.info\/2009-2015\/le-te-mesojme-nga-ataturku\/"},"wordCount":529,"commentCount":0,"publisher":{"@id":"https:\/\/fjala.info\/2009-2015\/#organization"},"image":{"@id":"https:\/\/fjala.info\/2009-2015\/le-te-mesojme-nga-ataturku\/#primaryimage"},"thumbnailUrl":"http:\/\/www.shkoder.net\/2012\/xhamia.jpg","articleSection":["Artikuj"],"inLanguage":"sq-AL","potentialAction":[{"@type":"CommentAction","name":"Comment","target":["https:\/\/fjala.info\/2009-2015\/le-te-mesojme-nga-ataturku\/#respond"]}]},{"@type":"WebPage","@id":"https:\/\/fjala.info\/2009-2015\/le-te-mesojme-nga-ataturku\/","url":"https:\/\/fjala.info\/2009-2015\/le-te-mesojme-nga-ataturku\/","name":"Le t\u00eb m\u00ebsojm\u00eb nga Ataturku - FjALA e LIR\u00cb - Arkivi","isPartOf":{"@id":"https:\/\/fjala.info\/2009-2015\/#website"},"primaryImageOfPage":{"@id":"https:\/\/fjala.info\/2009-2015\/le-te-mesojme-nga-ataturku\/#primaryimage"},"image":{"@id":"https:\/\/fjala.info\/2009-2015\/le-te-mesojme-nga-ataturku\/#primaryimage"},"thumbnailUrl":"http:\/\/www.shkoder.net\/2012\/xhamia.jpg","datePublished":"2012-02-29T19:54:29+00:00","breadcrumb":{"@id":"https:\/\/fjala.info\/2009-2015\/le-te-mesojme-nga-ataturku\/#breadcrumb"},"inLanguage":"sq-AL","potentialAction":[{"@type":"ReadAction","target":["https:\/\/fjala.info\/2009-2015\/le-te-mesojme-nga-ataturku\/"]}]},{"@type":"ImageObject","inLanguage":"sq-AL","@id":"https:\/\/fjala.info\/2009-2015\/le-te-mesojme-nga-ataturku\/#primaryimage","url":"http:\/\/www.shkoder.net\/2012\/xhamia.jpg","contentUrl":"http:\/\/www.shkoder.net\/2012\/xhamia.jpg"},{"@type":"BreadcrumbList","@id":"https:\/\/fjala.info\/2009-2015\/le-te-mesojme-nga-ataturku\/#breadcrumb","itemListElement":[{"@type":"ListItem","position":1,"name":"Home","item":"https:\/\/fjala.info\/2009-2015\/"},{"@type":"ListItem","position":2,"name":"Le t\u00eb m\u00ebsojm\u00eb nga Ataturku"}]},{"@type":"WebSite","@id":"https:\/\/fjala.info\/2009-2015\/#website","url":"https:\/\/fjala.info\/2009-2015\/","name":"FjALA e LIR\u00cb - Arkivi","description":"Arkivi 2009-2015","publisher":{"@id":"https:\/\/fjala.info\/2009-2015\/#organization"},"potentialAction":[{"@type":"SearchAction","target":{"@type":"EntryPoint","urlTemplate":"https:\/\/fjala.info\/2009-2015\/?s={search_term_string}"},"query-input":{"@type":"PropertyValueSpecification","valueRequired":true,"valueName":"search_term_string"}}],"inLanguage":"sq-AL"},{"@type":"Organization","@id":"https:\/\/fjala.info\/2009-2015\/#organization","name":"FjALA e LIR\u00cb - Arkivi","url":"https:\/\/fjala.info\/2009-2015\/","logo":{"@type":"ImageObject","inLanguage":"sq-AL","@id":"https:\/\/fjala.info\/2009-2015\/#\/schema\/logo\/image\/","url":"","contentUrl":"","caption":"FjALA e LIR\u00cb - Arkivi"},"image":{"@id":"https:\/\/fjala.info\/2009-2015\/#\/schema\/logo\/image\/"}},{"@type":"Person","@id":"https:\/\/fjala.info\/2009-2015\/#\/schema\/person\/3aa1163ef05469c496fc94e77611ada2","name":"admin","image":{"@type":"ImageObject","inLanguage":"sq-AL","@id":"https:\/\/fjala.info\/2009-2015\/wp-content\/uploads\/2012\/02\/arben_cokaj-120x150.jpg","url":"https:\/\/fjala.info\/2009-2015\/wp-content\/uploads\/2012\/02\/arben_cokaj-120x150.jpg","contentUrl":"https:\/\/fjala.info\/2009-2015\/wp-content\/uploads\/2012\/02\/arben_cokaj-120x150.jpg","caption":"admin"},"description":"Admin, Fjala e Lir\u00eb","sameAs":["https:\/\/fjala.info\/"],"url":"https:\/\/fjala.info\/2009-2015\/author\/admin\/"}]}},"_links":{"self":[{"href":"https:\/\/fjala.info\/2009-2015\/wp-json\/wp\/v2\/posts\/11718","targetHints":{"allow":["GET"]}}],"collection":[{"href":"https:\/\/fjala.info\/2009-2015\/wp-json\/wp\/v2\/posts"}],"about":[{"href":"https:\/\/fjala.info\/2009-2015\/wp-json\/wp\/v2\/types\/post"}],"author":[{"embeddable":true,"href":"https:\/\/fjala.info\/2009-2015\/wp-json\/wp\/v2\/users\/1"}],"replies":[{"embeddable":true,"href":"https:\/\/fjala.info\/2009-2015\/wp-json\/wp\/v2\/comments?post=11718"}],"version-history":[{"count":0,"href":"https:\/\/fjala.info\/2009-2015\/wp-json\/wp\/v2\/posts\/11718\/revisions"}],"wp:attachment":[{"href":"https:\/\/fjala.info\/2009-2015\/wp-json\/wp\/v2\/media?parent=11718"}],"wp:term":[{"taxonomy":"category","embeddable":true,"href":"https:\/\/fjala.info\/2009-2015\/wp-json\/wp\/v2\/categories?post=11718"},{"taxonomy":"post_tag","embeddable":true,"href":"https:\/\/fjala.info\/2009-2015\/wp-json\/wp\/v2\/tags?post=11718"}],"curies":[{"name":"wp","href":"https:\/\/api.w.org\/{rel}","templated":true}]}}