{"id":11717,"date":"2012-02-29T11:18:25","date_gmt":"2012-02-29T10:18:25","guid":{"rendered":"http:\/\/fjala.shkoder.net\/?p=1979"},"modified":"2012-02-29T11:18:25","modified_gmt":"2012-02-29T10:18:25","slug":"gjergj-bojaxhi-nese-vijohet-me-kete-qeverisje-skam-se-cte-bej-ne-pd","status":"publish","type":"post","link":"https:\/\/fjala.info\/2009-2015\/gjergj-bojaxhi-nese-vijohet-me-kete-qeverisje-skam-se-cte-bej-ne-pd\/","title":{"rendered":"Gjergj Bojaxhi: N\u00ebse vijohet me k\u00ebt\u00eb qeverisje, s\u2019kam se \u00e7\u2019t\u00eb b\u00ebj n\u00eb PD"},"content":{"rendered":"<p><img decoding=\"async\" class=\"alignright size-thumbnail wp-image-7236\" title=\"Gjergj Bojaxhi\" src=\"http:\/\/www.shkoder.net\/2012\/gjergj_bojaxhi.jpg\" alt=\"\" width=\"200\" \/> <strong>TemA<\/strong>, <em>28 Shkurt 2012<\/em><\/p>\n<p>N\u00eb programin Priz\u00ebm t\u00eb gazetarit Aleksand\u00ebr Furxhi ish ftuar, mes t\u00eb tjer\u00ebve, dhe Gjergj Bojaxhi, i cili sakt\u00ebsoi lajmet e dala lidhur me nj\u00eb ftohje t\u00eb tij\u00ebn me PD-n\u00eb. Por fillimisht ai gjeti rast \u201ct\u00eb heq\u00eb dor\u00eb\u201d nga gara p\u00ebr t\u00eb kapur kreun e shtetit, ku e kan\u00eb futur, me sa duket pa dijenin\u00eb e tij, krer\u00ebt e L\u00ebvizjes Kuqezi. \u201cKushtetuta nuk m\u00eb lejon, p\u00ebr shkak t\u00eb mosh\u00ebs, t\u00eb kandidoj p\u00ebr nj\u00eb post t\u00eb till\u00eb k\u00ebshtu q\u00eb \u00ebsht\u00eb di\u00e7ka praktikisht e pamundur\u201d, tha n\u00eb thelb ai.<\/p>\n<p>Lidhur me pandehmat mbi largimin nga PD-ja e afrimin me parti t\u00eb tjera t\u00eb sapo krijuara, apo n\u00eb krijim e sip\u00ebr, ai nuk tha ndonj\u00eb gj\u00eb t\u00eb re. Theksoi kritikat ndaj PD-s\u00eb e maxhoranc\u00ebs, dhe largimin prej saj e la t\u00eb hapur. \u201cN\u00ebse nuk shikoj asnj\u00eb lloj tendence, d\u00ebshire apo reagimi p\u00ebr t\u2019u kthyer mbrapsht nga ky model me t\u00eb cilin Shqip\u00ebria po qeveriset sot, at\u00ebher\u00eb jam un\u00eb i detyruar t\u00eb gjej nj\u00eb platform\u00eb tjet\u00ebr politike\u201d, tha Bojaxhi, i cili ka mbajtur gjith\u00eb koh\u00ebn nj\u00eb profil t\u00eb fort\u00eb teknik e institucional e nj\u00eb profil t\u00eb ul\u00ebt politik.<\/p>\n<p>*<em>respublica.al<\/em><\/p>\n<p>http:\/\/respublica.al\/artikuj\/2012\/2\/28\/gjergj-bojaxhi-nese-vijohet-me-kete-qeverisje-skam-se-cte-bej-ne-pd-0<\/p>\n","protected":false},"excerpt":{"rendered":"<p>TemA, 28 Shkurt 2012 N\u00eb programin Priz\u00ebm t\u00eb gazetarit Aleksand\u00ebr Furxhi ish ftuar, mes t\u00eb tjer\u00ebve, dhe Gjergj Bojaxhi, i cili sakt\u00ebsoi lajmet e dala lidhur me nj\u00eb ftohje t\u00eb tij\u00ebn me PD-n\u00eb. Por fillimisht ai gjeti rast \u201ct\u00eb heq\u00eb dor\u00eb\u201d nga gara p\u00ebr t\u00eb kapur kreun e shtetit, ku e kan\u00eb futur, me sa [&hellip;]<\/p>\n","protected":false},"author":1,"featured_media":0,"comment_status":"open","ping_status":"closed","sticky":false,"template":"","format":"standard","meta":{"footnotes":""},"categories":[5],"tags":[],"class_list":{"0":"post-11717","1":"post","2":"type-post","3":"status-publish","4":"format-standard","6":"category-lajme"},"yoast_head":"<!-- This site is optimized with the Yoast SEO plugin v27.4 - https:\/\/yoast.com\/product\/yoast-seo-wordpress\/ -->\n<title>Gjergj Bojaxhi: N\u00ebse vijohet me k\u00ebt\u00eb qeverisje, s\u2019kam se \u00e7\u2019t\u00eb b\u00ebj n\u00eb PD - FjALA e LIR\u00cb - Arkivi<\/title>\n<meta name=\"robots\" content=\"index, follow, max-snippet:-1, max-image-preview:large, max-video-preview:-1\" \/>\n<link rel=\"canonical\" href=\"https:\/\/fjala.info\/2009-2015\/gjergj-bojaxhi-nese-vijohet-me-kete-qeverisje-skam-se-cte-bej-ne-pd\/\" \/>\n<meta property=\"og:locale\" content=\"sq_AL\" \/>\n<meta property=\"og:type\" content=\"article\" \/>\n<meta property=\"og:title\" content=\"Gjergj Bojaxhi: N\u00ebse vijohet me k\u00ebt\u00eb qeverisje, s\u2019kam se \u00e7\u2019t\u00eb b\u00ebj n\u00eb PD - FjALA e LIR\u00cb - Arkivi\" \/>\n<meta property=\"og:description\" content=\"TemA, 28 Shkurt 2012 N\u00eb programin Priz\u00ebm t\u00eb gazetarit Aleksand\u00ebr Furxhi ish ftuar, mes t\u00eb tjer\u00ebve, dhe Gjergj Bojaxhi, i cili sakt\u00ebsoi lajmet e dala lidhur me nj\u00eb ftohje t\u00eb tij\u00ebn me PD-n\u00eb. Por fillimisht ai gjeti rast \u201ct\u00eb heq\u00eb dor\u00eb\u201d nga gara p\u00ebr t\u00eb kapur kreun e shtetit, ku e kan\u00eb futur, me sa [&hellip;]\" \/>\n<meta property=\"og:url\" content=\"https:\/\/fjala.info\/2009-2015\/gjergj-bojaxhi-nese-vijohet-me-kete-qeverisje-skam-se-cte-bej-ne-pd\/\" \/>\n<meta property=\"og:site_name\" content=\"FjALA e LIR\u00cb - Arkivi\" \/>\n<meta property=\"article:published_time\" content=\"2012-02-29T10:18:25+00:00\" \/>\n<meta property=\"og:image\" content=\"http:\/\/www.shkoder.net\/2012\/gjergj_bojaxhi.jpg\" \/>\n<meta name=\"author\" content=\"admin\" \/>\n<meta name=\"twitter:card\" content=\"summary_large_image\" \/>\n<meta name=\"twitter:label1\" content=\"Written by\" \/>\n\t<meta name=\"twitter:data1\" content=\"admin\" \/>\n\t<meta name=\"twitter:label2\" content=\"Est. reading time\" \/>\n\t<meta name=\"twitter:data2\" content=\"1 minute\" \/>\n<script type=\"application\/ld+json\" class=\"yoast-schema-graph\">{\"@context\":\"https:\\\/\\\/schema.org\",\"@graph\":[{\"@type\":\"Article\",\"@id\":\"https:\\\/\\\/fjala.info\\\/2009-2015\\\/gjergj-bojaxhi-nese-vijohet-me-kete-qeverisje-skam-se-cte-bej-ne-pd\\\/#article\",\"isPartOf\":{\"@id\":\"https:\\\/\\\/fjala.info\\\/2009-2015\\\/gjergj-bojaxhi-nese-vijohet-me-kete-qeverisje-skam-se-cte-bej-ne-pd\\\/\"},\"author\":{\"name\":\"admin\",\"@id\":\"https:\\\/\\\/fjala.info\\\/2009-2015\\\/#\\\/schema\\\/person\\\/3aa1163ef05469c496fc94e77611ada2\"},\"headline\":\"Gjergj Bojaxhi: N\u00ebse vijohet me k\u00ebt\u00eb qeverisje, s\u2019kam se \u00e7\u2019t\u00eb b\u00ebj n\u00eb PD\",\"datePublished\":\"2012-02-29T10:18:25+00:00\",\"mainEntityOfPage\":{\"@id\":\"https:\\\/\\\/fjala.info\\\/2009-2015\\\/gjergj-bojaxhi-nese-vijohet-me-kete-qeverisje-skam-se-cte-bej-ne-pd\\\/\"},\"wordCount\":233,\"commentCount\":0,\"publisher\":{\"@id\":\"https:\\\/\\\/fjala.info\\\/2009-2015\\\/#organization\"},\"image\":{\"@id\":\"https:\\\/\\\/fjala.info\\\/2009-2015\\\/gjergj-bojaxhi-nese-vijohet-me-kete-qeverisje-skam-se-cte-bej-ne-pd\\\/#primaryimage\"},\"thumbnailUrl\":\"http:\\\/\\\/www.shkoder.net\\\/2012\\\/gjergj_bojaxhi.jpg\",\"articleSection\":[\"Lajme\"],\"inLanguage\":\"sq-AL\",\"potentialAction\":[{\"@type\":\"CommentAction\",\"name\":\"Comment\",\"target\":[\"https:\\\/\\\/fjala.info\\\/2009-2015\\\/gjergj-bojaxhi-nese-vijohet-me-kete-qeverisje-skam-se-cte-bej-ne-pd\\\/#respond\"]}]},{\"@type\":\"WebPage\",\"@id\":\"https:\\\/\\\/fjala.info\\\/2009-2015\\\/gjergj-bojaxhi-nese-vijohet-me-kete-qeverisje-skam-se-cte-bej-ne-pd\\\/\",\"url\":\"https:\\\/\\\/fjala.info\\\/2009-2015\\\/gjergj-bojaxhi-nese-vijohet-me-kete-qeverisje-skam-se-cte-bej-ne-pd\\\/\",\"name\":\"Gjergj Bojaxhi: N\u00ebse vijohet me k\u00ebt\u00eb qeverisje, s\u2019kam se \u00e7\u2019t\u00eb b\u00ebj n\u00eb PD - FjALA e LIR\u00cb - Arkivi\",\"isPartOf\":{\"@id\":\"https:\\\/\\\/fjala.info\\\/2009-2015\\\/#website\"},\"primaryImageOfPage\":{\"@id\":\"https:\\\/\\\/fjala.info\\\/2009-2015\\\/gjergj-bojaxhi-nese-vijohet-me-kete-qeverisje-skam-se-cte-bej-ne-pd\\\/#primaryimage\"},\"image\":{\"@id\":\"https:\\\/\\\/fjala.info\\\/2009-2015\\\/gjergj-bojaxhi-nese-vijohet-me-kete-qeverisje-skam-se-cte-bej-ne-pd\\\/#primaryimage\"},\"thumbnailUrl\":\"http:\\\/\\\/www.shkoder.net\\\/2012\\\/gjergj_bojaxhi.jpg\",\"datePublished\":\"2012-02-29T10:18:25+00:00\",\"breadcrumb\":{\"@id\":\"https:\\\/\\\/fjala.info\\\/2009-2015\\\/gjergj-bojaxhi-nese-vijohet-me-kete-qeverisje-skam-se-cte-bej-ne-pd\\\/#breadcrumb\"},\"inLanguage\":\"sq-AL\",\"potentialAction\":[{\"@type\":\"ReadAction\",\"target\":[\"https:\\\/\\\/fjala.info\\\/2009-2015\\\/gjergj-bojaxhi-nese-vijohet-me-kete-qeverisje-skam-se-cte-bej-ne-pd\\\/\"]}]},{\"@type\":\"ImageObject\",\"inLanguage\":\"sq-AL\",\"@id\":\"https:\\\/\\\/fjala.info\\\/2009-2015\\\/gjergj-bojaxhi-nese-vijohet-me-kete-qeverisje-skam-se-cte-bej-ne-pd\\\/#primaryimage\",\"url\":\"http:\\\/\\\/www.shkoder.net\\\/2012\\\/gjergj_bojaxhi.jpg\",\"contentUrl\":\"http:\\\/\\\/www.shkoder.net\\\/2012\\\/gjergj_bojaxhi.jpg\"},{\"@type\":\"BreadcrumbList\",\"@id\":\"https:\\\/\\\/fjala.info\\\/2009-2015\\\/gjergj-bojaxhi-nese-vijohet-me-kete-qeverisje-skam-se-cte-bej-ne-pd\\\/#breadcrumb\",\"itemListElement\":[{\"@type\":\"ListItem\",\"position\":1,\"name\":\"Home\",\"item\":\"https:\\\/\\\/fjala.info\\\/2009-2015\\\/\"},{\"@type\":\"ListItem\",\"position\":2,\"name\":\"Gjergj Bojaxhi: N\u00ebse vijohet me k\u00ebt\u00eb qeverisje, s\u2019kam se \u00e7\u2019t\u00eb b\u00ebj n\u00eb PD\"}]},{\"@type\":\"WebSite\",\"@id\":\"https:\\\/\\\/fjala.info\\\/2009-2015\\\/#website\",\"url\":\"https:\\\/\\\/fjala.info\\\/2009-2015\\\/\",\"name\":\"FjALA e LIR\u00cb - Arkivi\",\"description\":\"Arkivi 2009-2015\",\"publisher\":{\"@id\":\"https:\\\/\\\/fjala.info\\\/2009-2015\\\/#organization\"},\"potentialAction\":[{\"@type\":\"SearchAction\",\"target\":{\"@type\":\"EntryPoint\",\"urlTemplate\":\"https:\\\/\\\/fjala.info\\\/2009-2015\\\/?s={search_term_string}\"},\"query-input\":{\"@type\":\"PropertyValueSpecification\",\"valueRequired\":true,\"valueName\":\"search_term_string\"}}],\"inLanguage\":\"sq-AL\"},{\"@type\":\"Organization\",\"@id\":\"https:\\\/\\\/fjala.info\\\/2009-2015\\\/#organization\",\"name\":\"FjALA e LIR\u00cb - Arkivi\",\"url\":\"https:\\\/\\\/fjala.info\\\/2009-2015\\\/\",\"logo\":{\"@type\":\"ImageObject\",\"inLanguage\":\"sq-AL\",\"@id\":\"https:\\\/\\\/fjala.info\\\/2009-2015\\\/#\\\/schema\\\/logo\\\/image\\\/\",\"url\":\"\",\"contentUrl\":\"\",\"caption\":\"FjALA e LIR\u00cb - Arkivi\"},\"image\":{\"@id\":\"https:\\\/\\\/fjala.info\\\/2009-2015\\\/#\\\/schema\\\/logo\\\/image\\\/\"}},{\"@type\":\"Person\",\"@id\":\"https:\\\/\\\/fjala.info\\\/2009-2015\\\/#\\\/schema\\\/person\\\/3aa1163ef05469c496fc94e77611ada2\",\"name\":\"admin\",\"image\":{\"@type\":\"ImageObject\",\"inLanguage\":\"sq-AL\",\"@id\":\"https:\\\/\\\/fjala.info\\\/2009-2015\\\/wp-content\\\/uploads\\\/2012\\\/02\\\/arben_cokaj-120x150.jpg\",\"url\":\"https:\\\/\\\/fjala.info\\\/2009-2015\\\/wp-content\\\/uploads\\\/2012\\\/02\\\/arben_cokaj-120x150.jpg\",\"contentUrl\":\"https:\\\/\\\/fjala.info\\\/2009-2015\\\/wp-content\\\/uploads\\\/2012\\\/02\\\/arben_cokaj-120x150.jpg\",\"caption\":\"admin\"},\"description\":\"Admin, Fjala e Lir\u00eb\",\"sameAs\":[\"https:\\\/\\\/fjala.info\\\/\"],\"url\":\"https:\\\/\\\/fjala.info\\\/2009-2015\\\/author\\\/admin\\\/\"}]}<\/script>\n<!-- \/ Yoast SEO plugin. -->","yoast_head_json":{"title":"Gjergj Bojaxhi: N\u00ebse vijohet me k\u00ebt\u00eb qeverisje, s\u2019kam se \u00e7\u2019t\u00eb b\u00ebj n\u00eb PD - FjALA e LIR\u00cb - Arkivi","robots":{"index":"index","follow":"follow","max-snippet":"max-snippet:-1","max-image-preview":"max-image-preview:large","max-video-preview":"max-video-preview:-1"},"canonical":"https:\/\/fjala.info\/2009-2015\/gjergj-bojaxhi-nese-vijohet-me-kete-qeverisje-skam-se-cte-bej-ne-pd\/","og_locale":"sq_AL","og_type":"article","og_title":"Gjergj Bojaxhi: N\u00ebse vijohet me k\u00ebt\u00eb qeverisje, s\u2019kam se \u00e7\u2019t\u00eb b\u00ebj n\u00eb PD - FjALA e LIR\u00cb - Arkivi","og_description":"TemA, 28 Shkurt 2012 N\u00eb programin Priz\u00ebm t\u00eb gazetarit Aleksand\u00ebr Furxhi ish ftuar, mes t\u00eb tjer\u00ebve, dhe Gjergj Bojaxhi, i cili sakt\u00ebsoi lajmet e dala lidhur me nj\u00eb ftohje t\u00eb tij\u00ebn me PD-n\u00eb. Por fillimisht ai gjeti rast \u201ct\u00eb heq\u00eb dor\u00eb\u201d nga gara p\u00ebr t\u00eb kapur kreun e shtetit, ku e kan\u00eb futur, me sa [&hellip;]","og_url":"https:\/\/fjala.info\/2009-2015\/gjergj-bojaxhi-nese-vijohet-me-kete-qeverisje-skam-se-cte-bej-ne-pd\/","og_site_name":"FjALA e LIR\u00cb - Arkivi","article_published_time":"2012-02-29T10:18:25+00:00","og_image":[{"url":"http:\/\/www.shkoder.net\/2012\/gjergj_bojaxhi.jpg","type":"","width":"","height":""}],"author":"admin","twitter_card":"summary_large_image","twitter_misc":{"Written by":"admin","Est. reading time":"1 minute"},"schema":{"@context":"https:\/\/schema.org","@graph":[{"@type":"Article","@id":"https:\/\/fjala.info\/2009-2015\/gjergj-bojaxhi-nese-vijohet-me-kete-qeverisje-skam-se-cte-bej-ne-pd\/#article","isPartOf":{"@id":"https:\/\/fjala.info\/2009-2015\/gjergj-bojaxhi-nese-vijohet-me-kete-qeverisje-skam-se-cte-bej-ne-pd\/"},"author":{"name":"admin","@id":"https:\/\/fjala.info\/2009-2015\/#\/schema\/person\/3aa1163ef05469c496fc94e77611ada2"},"headline":"Gjergj Bojaxhi: N\u00ebse vijohet me k\u00ebt\u00eb qeverisje, s\u2019kam se \u00e7\u2019t\u00eb b\u00ebj n\u00eb PD","datePublished":"2012-02-29T10:18:25+00:00","mainEntityOfPage":{"@id":"https:\/\/fjala.info\/2009-2015\/gjergj-bojaxhi-nese-vijohet-me-kete-qeverisje-skam-se-cte-bej-ne-pd\/"},"wordCount":233,"commentCount":0,"publisher":{"@id":"https:\/\/fjala.info\/2009-2015\/#organization"},"image":{"@id":"https:\/\/fjala.info\/2009-2015\/gjergj-bojaxhi-nese-vijohet-me-kete-qeverisje-skam-se-cte-bej-ne-pd\/#primaryimage"},"thumbnailUrl":"http:\/\/www.shkoder.net\/2012\/gjergj_bojaxhi.jpg","articleSection":["Lajme"],"inLanguage":"sq-AL","potentialAction":[{"@type":"CommentAction","name":"Comment","target":["https:\/\/fjala.info\/2009-2015\/gjergj-bojaxhi-nese-vijohet-me-kete-qeverisje-skam-se-cte-bej-ne-pd\/#respond"]}]},{"@type":"WebPage","@id":"https:\/\/fjala.info\/2009-2015\/gjergj-bojaxhi-nese-vijohet-me-kete-qeverisje-skam-se-cte-bej-ne-pd\/","url":"https:\/\/fjala.info\/2009-2015\/gjergj-bojaxhi-nese-vijohet-me-kete-qeverisje-skam-se-cte-bej-ne-pd\/","name":"Gjergj Bojaxhi: N\u00ebse vijohet me k\u00ebt\u00eb qeverisje, s\u2019kam se \u00e7\u2019t\u00eb b\u00ebj n\u00eb PD - FjALA e LIR\u00cb - Arkivi","isPartOf":{"@id":"https:\/\/fjala.info\/2009-2015\/#website"},"primaryImageOfPage":{"@id":"https:\/\/fjala.info\/2009-2015\/gjergj-bojaxhi-nese-vijohet-me-kete-qeverisje-skam-se-cte-bej-ne-pd\/#primaryimage"},"image":{"@id":"https:\/\/fjala.info\/2009-2015\/gjergj-bojaxhi-nese-vijohet-me-kete-qeverisje-skam-se-cte-bej-ne-pd\/#primaryimage"},"thumbnailUrl":"http:\/\/www.shkoder.net\/2012\/gjergj_bojaxhi.jpg","datePublished":"2012-02-29T10:18:25+00:00","breadcrumb":{"@id":"https:\/\/fjala.info\/2009-2015\/gjergj-bojaxhi-nese-vijohet-me-kete-qeverisje-skam-se-cte-bej-ne-pd\/#breadcrumb"},"inLanguage":"sq-AL","potentialAction":[{"@type":"ReadAction","target":["https:\/\/fjala.info\/2009-2015\/gjergj-bojaxhi-nese-vijohet-me-kete-qeverisje-skam-se-cte-bej-ne-pd\/"]}]},{"@type":"ImageObject","inLanguage":"sq-AL","@id":"https:\/\/fjala.info\/2009-2015\/gjergj-bojaxhi-nese-vijohet-me-kete-qeverisje-skam-se-cte-bej-ne-pd\/#primaryimage","url":"http:\/\/www.shkoder.net\/2012\/gjergj_bojaxhi.jpg","contentUrl":"http:\/\/www.shkoder.net\/2012\/gjergj_bojaxhi.jpg"},{"@type":"BreadcrumbList","@id":"https:\/\/fjala.info\/2009-2015\/gjergj-bojaxhi-nese-vijohet-me-kete-qeverisje-skam-se-cte-bej-ne-pd\/#breadcrumb","itemListElement":[{"@type":"ListItem","position":1,"name":"Home","item":"https:\/\/fjala.info\/2009-2015\/"},{"@type":"ListItem","position":2,"name":"Gjergj Bojaxhi: N\u00ebse vijohet me k\u00ebt\u00eb qeverisje, s\u2019kam se \u00e7\u2019t\u00eb b\u00ebj n\u00eb PD"}]},{"@type":"WebSite","@id":"https:\/\/fjala.info\/2009-2015\/#website","url":"https:\/\/fjala.info\/2009-2015\/","name":"FjALA e LIR\u00cb - Arkivi","description":"Arkivi 2009-2015","publisher":{"@id":"https:\/\/fjala.info\/2009-2015\/#organization"},"potentialAction":[{"@type":"SearchAction","target":{"@type":"EntryPoint","urlTemplate":"https:\/\/fjala.info\/2009-2015\/?s={search_term_string}"},"query-input":{"@type":"PropertyValueSpecification","valueRequired":true,"valueName":"search_term_string"}}],"inLanguage":"sq-AL"},{"@type":"Organization","@id":"https:\/\/fjala.info\/2009-2015\/#organization","name":"FjALA e LIR\u00cb - Arkivi","url":"https:\/\/fjala.info\/2009-2015\/","logo":{"@type":"ImageObject","inLanguage":"sq-AL","@id":"https:\/\/fjala.info\/2009-2015\/#\/schema\/logo\/image\/","url":"","contentUrl":"","caption":"FjALA e LIR\u00cb - Arkivi"},"image":{"@id":"https:\/\/fjala.info\/2009-2015\/#\/schema\/logo\/image\/"}},{"@type":"Person","@id":"https:\/\/fjala.info\/2009-2015\/#\/schema\/person\/3aa1163ef05469c496fc94e77611ada2","name":"admin","image":{"@type":"ImageObject","inLanguage":"sq-AL","@id":"https:\/\/fjala.info\/2009-2015\/wp-content\/uploads\/2012\/02\/arben_cokaj-120x150.jpg","url":"https:\/\/fjala.info\/2009-2015\/wp-content\/uploads\/2012\/02\/arben_cokaj-120x150.jpg","contentUrl":"https:\/\/fjala.info\/2009-2015\/wp-content\/uploads\/2012\/02\/arben_cokaj-120x150.jpg","caption":"admin"},"description":"Admin, Fjala e Lir\u00eb","sameAs":["https:\/\/fjala.info\/"],"url":"https:\/\/fjala.info\/2009-2015\/author\/admin\/"}]}},"_links":{"self":[{"href":"https:\/\/fjala.info\/2009-2015\/wp-json\/wp\/v2\/posts\/11717","targetHints":{"allow":["GET"]}}],"collection":[{"href":"https:\/\/fjala.info\/2009-2015\/wp-json\/wp\/v2\/posts"}],"about":[{"href":"https:\/\/fjala.info\/2009-2015\/wp-json\/wp\/v2\/types\/post"}],"author":[{"embeddable":true,"href":"https:\/\/fjala.info\/2009-2015\/wp-json\/wp\/v2\/users\/1"}],"replies":[{"embeddable":true,"href":"https:\/\/fjala.info\/2009-2015\/wp-json\/wp\/v2\/comments?post=11717"}],"version-history":[{"count":0,"href":"https:\/\/fjala.info\/2009-2015\/wp-json\/wp\/v2\/posts\/11717\/revisions"}],"wp:attachment":[{"href":"https:\/\/fjala.info\/2009-2015\/wp-json\/wp\/v2\/media?parent=11717"}],"wp:term":[{"taxonomy":"category","embeddable":true,"href":"https:\/\/fjala.info\/2009-2015\/wp-json\/wp\/v2\/categories?post=11717"},{"taxonomy":"post_tag","embeddable":true,"href":"https:\/\/fjala.info\/2009-2015\/wp-json\/wp\/v2\/tags?post=11717"}],"curies":[{"name":"wp","href":"https:\/\/api.w.org\/{rel}","templated":true}]}}