{"id":11715,"date":"2012-02-25T10:26:17","date_gmt":"2012-02-25T09:26:17","guid":{"rendered":"http:\/\/fjala.shkoder.net\/?p=1930"},"modified":"2012-02-25T10:26:17","modified_gmt":"2012-02-25T09:26:17","slug":"selami-angazhohet-per-partine-e-topit-kujdeset-fillimisht-per-marredheniet-me-shba-dhe-diasporen","status":"publish","type":"post","link":"https:\/\/fjala.info\/2009-2015\/selami-angazhohet-per-partine-e-topit-kujdeset-fillimisht-per-marredheniet-me-shba-dhe-diasporen\/","title":{"rendered":"Selami angazhohet p\u00ebr partin\u00eb e Topit, kujdeset fillimisht p\u00ebr marr\u00ebdh\u00ebniet me SHBA dhe diaspor\u00ebn"},"content":{"rendered":"<p><img decoding=\"async\" class=\"alignright size-thumbnail wp-image-7236\" title=\"Eduard Selami - Bamir Topi\" src=\"http:\/\/www.shkoder.net\/2012\/eduard_selami_bamir_topi.jpg\" alt=\"\" width=\"300\" \/> <strong>TemA<\/strong>, <em>24 Shkurt 2012<\/em><\/p>\n<p>Ish-kryetari i Partis\u00eb Demokratike, i larguar me dhun\u00eb 17 vite m\u00eb par\u00eb nga drejtimi i k\u00ebsaj partie dhe m\u00eb pas nga gjith\u00eb strukturat e partis\u00eb s\u00eb par\u00eb opozitare, Eduart Selami tashm\u00eb \u00ebsht\u00eb aktivizuar maksimalisht p\u00ebr partin\u00eb e re t\u00eb Topit. Nd\u00ebrkoh\u00eb q\u00eb kjo parti e spektrit t\u00eb djatht\u00eb politik pritet t\u00eb startoj\u00eb zyrtarisht deri n\u00eb fund t\u00eb marsit t\u00eb k\u00ebtij viti, grupi nism\u00ebtar drejtues ka menduar tashm\u00eb dhe p\u00ebr lidhjet me SHBA e BE, p\u00ebr ta nd\u00ebrkomb\u00ebtarizuar k\u00ebt\u00eb nism\u00eb politike e p\u00ebr t\u00eb k\u00ebrkuar partneritet me k\u00ebto dy fuqi t\u00eb m\u00ebdha demokratike bot\u00ebrore. K\u00ebshtu, marr\u00ebdh\u00ebniet me SHBA, konkretisht me kongresin amerikan, senatin, komisionet e tyre por dhe diaspor\u00ebn shqiptare atje, i ka marr\u00eb p\u00ebrsip\u00ebr <strong>Eduard Selami<\/strong>, i cili pritet t\u00eb jet\u00eb \u201cminist\u00ebr fuqiplot\u00eb\u201d n\u00eb shtetin m\u00eb t\u00eb fuqish\u00ebm t\u00eb bot\u00ebs.<\/p>\n<p>Duke shfryt\u00ebzuar t\u00eb gjitha lidhjet q\u00eb Selami ka n\u00eb strukturat e larta t\u00eb qeveris\u00eb amerikane, por dhe t\u00eb kongresit dhe t\u00eb senatit amerikan, grupi nism\u00ebtar i partis\u00eb s\u00eb Topit ka menduar q\u00eb krahas pun\u00ebs q\u00eb do b\u00ebj\u00eb p\u00ebr partin\u00eb e re, Selami do t\u00eb b\u00ebj\u00eb njohjet e duhura n\u00eb k\u00ebto institucione t\u00eb r\u00ebnd\u00ebsishme n\u00eb SHBA dhe nj\u00ebher\u00ebsh t\u00eb tregoj\u00eb se partneri i vet\u00ebm serioz n\u00eb spektrin e djatht\u00eb politik n\u00eb Shqip\u00ebri, \u00ebsht\u00eb kjo parti dhe jo ajo e demokrat\u00ebve e kryesuar nga Berisha.<\/p>\n<p>Burimet brenda grupit drejtues t\u00eb partis\u00eb s\u00eb re t\u00eb Topit b\u00ebjn\u00eb me dije se \u201c<em>Selami tani p\u00ebr tani do t\u00eb q\u00ebndroj\u00eb n\u00eb SHBA p\u00ebr t\u00eb b\u00ebr\u00eb njohjet e duhura, madje dhe p\u00ebr t\u2019u p\u00ebrballur me lobet q\u00eb paguan Berisha me lek\u00ebt e qytetar\u00ebve shqiptar\u00eb p\u00ebr t\u00eb mbajtur regjimin e tij n\u00eb k\u00ebmb\u00eb. Por me krijimin e partis\u00eb s\u00eb re, Selami do instalohet n\u00eb Shqip\u00ebri p\u00ebr t\u00eb marr\u00eb p\u00ebrsip\u00ebr bashk\u00eborganizimin m\u00eb tej t\u00eb k\u00ebsaj partie dhe p\u00ebr t\u00eb qen\u00eb k\u00ebtu p\u00ebrball\u00eb sekretarit t\u00eb Enver Hoxh\u00ebs dhe \u2018Nexhmijes\u2019 dhe p\u00ebr t\u00eb fituar mbi ta. Por pa u shk\u00ebputur asnj\u00ebher\u00eb nga p\u00ebrgjegj\u00ebsia q\u00eb ka n\u00eb SHBA p\u00ebr partin\u00eb e re<\/em>\u201d.<\/p>\n<p>Nj\u00ebher\u00ebsh m\u00ebsohet se promovimin e k\u00ebsaj partie dhe krijimin e mb\u00ebshtetjes n\u00eb BE dhe Asamblen\u00eb Parlamentare t\u00eb K\u00ebshillit t\u00eb Evrop\u00ebs e kan\u00eb marr\u00eb p\u00ebrsip\u00ebr <strong>Aleksand\u00ebr Biberaj<\/strong>, ish-deputet i PD dhe ish-ministri i Jasht\u00ebm, nj\u00ebher\u00ebsh ish-deputet i PD, <strong>Besnik Mustafaj<\/strong>. Kjo treshe e fort\u00eb do t\u00eb jen\u00eb ata q\u00eb do t\u00eb promovojn\u00eb partin\u00eb e re t\u00eb Topit k\u00ebtej dhe andej Atlantikut, pra n\u00eb SHBA por dhe n\u00eb vendet e BE, ku Shqip\u00ebria aspiron t\u00eb integrohet, duke qen\u00eb sipas grupit drejtues t\u00eb k\u00ebsaj partie, z\u00eb m\u00eb i besuesh\u00ebm se sa t\u00eb gjith\u00eb kund\u00ebrshtar\u00ebt e tyre n\u00eb PD, me gjith\u00eb parat\u00eb e hedhura p\u00ebr lobimet e ndryshme n\u00eb t\u00eb dy vendet.<\/p>\n<p>Nd\u00ebrkoh\u00eb q\u00eb strukturat e partis\u00eb s\u00eb re jan\u00eb ngritur n\u00eb t\u00eb gjith\u00eb vendin, dhe tashm\u00eb vet\u00ebm sa po pasurohen me element\u00eb t\u00eb rinj, ku sipas burimeve brenda grupit nism\u00ebtar ka nj\u00eb interesim t\u00eb jasht\u00ebzakonsh\u00ebm nga t\u00eb rinjt\u00eb, student\u00eb ose jo, intelektual\u00ebt por dhe qytetar\u00ebt e thjesht\u00eb t\u00eb t\u00eb gjitha shtresave. P\u00ebrfshir\u00eb k\u00ebtu ish-pronar\u00ebt dhe ish-t\u00eb p\u00ebrndjekurit politik\u00eb, q\u00eb me sa duket besojn\u00eb shum\u00eb te kjo parti n\u00eb zgjidhjen e problemit t\u00eb tyre. Nj\u00ebher\u00ebsh, grupi nism\u00ebtar \u00ebsht\u00eb ndar\u00eb sipas mb\u00ebshtetjes n\u00ebp\u00ebr zona, ku deputeti aktual i PD, <strong>Oketa <\/strong>ka marr\u00eb p\u00ebrsip\u00ebr Durr\u00ebsit.<\/p>\n<p>Elbasanin e ka marr\u00eb p\u00ebrsip\u00ebr <strong>Stringa<\/strong>, <strong>Biberaj <\/strong>vet\u00eb Shkodr\u00ebn dhe qarkun e Kuk\u00ebsit, p\u00ebrfshir\u00eb dhe Lezh\u00ebn bashk\u00eb dhe me Mustafajn. Nd\u00ebrsa Dibr\u00ebn e ka marr\u00eb p\u00ebrsip\u00ebr <strong>Sali Shehu<\/strong>, p\u00ebr t\u00eb zbritur n\u00eb qarkun e Fierit t\u00eb cilin e ka marr\u00eb p\u00ebrsip\u00ebr <strong>Blerim \u00c7ela<\/strong>. Nd\u00ebrsa Tiran\u00ebn e ka vet\u00eb <strong>Topi <\/strong>si dhe <strong>Aleksand\u00ebr Meksi<\/strong>, ky i fundit mbulon dhe Gjirokastr\u00ebn. Nd\u00ebrkoh\u00eb q\u00eb pritet dhe shk\u00ebputja e disa deputet\u00ebve t\u00eb PD p\u00ebr t\u00eb kaluar n\u00eb partin\u00eb e re t\u00eb Topit, duke rrezikuar Presidentin dhe vet\u00eb mazhoranc\u00ebn pas korrikut.<\/p>\n<p>\/shqiptarja.com<\/p>\n","protected":false},"excerpt":{"rendered":"<p>TemA, 24 Shkurt 2012 Ish-kryetari i Partis\u00eb Demokratike, i larguar me dhun\u00eb 17 vite m\u00eb par\u00eb nga drejtimi i k\u00ebsaj partie dhe m\u00eb pas nga gjith\u00eb strukturat e partis\u00eb s\u00eb par\u00eb opozitare, Eduart Selami tashm\u00eb \u00ebsht\u00eb aktivizuar maksimalisht p\u00ebr partin\u00eb e re t\u00eb Topit. Nd\u00ebrkoh\u00eb q\u00eb kjo parti e spektrit t\u00eb djatht\u00eb politik pritet t\u00eb [&hellip;]<\/p>\n","protected":false},"author":1,"featured_media":0,"comment_status":"open","ping_status":"closed","sticky":false,"template":"","format":"standard","meta":{"footnotes":""},"categories":[2],"tags":[],"class_list":{"0":"post-11715","1":"post","2":"type-post","3":"status-publish","4":"format-standard","6":"category-artikuj"},"yoast_head":"<!-- This site is optimized with the Yoast SEO plugin v27.4 - https:\/\/yoast.com\/product\/yoast-seo-wordpress\/ -->\n<title>Selami angazhohet p\u00ebr partin\u00eb e Topit, kujdeset fillimisht p\u00ebr marr\u00ebdh\u00ebniet me SHBA dhe diaspor\u00ebn - FjALA e LIR\u00cb - Arkivi<\/title>\n<meta name=\"robots\" content=\"index, follow, max-snippet:-1, max-image-preview:large, max-video-preview:-1\" \/>\n<link rel=\"canonical\" href=\"https:\/\/fjala.info\/2009-2015\/selami-angazhohet-per-partine-e-topit-kujdeset-fillimisht-per-marredheniet-me-shba-dhe-diasporen\/\" \/>\n<meta property=\"og:locale\" content=\"sq_AL\" \/>\n<meta property=\"og:type\" content=\"article\" \/>\n<meta property=\"og:title\" content=\"Selami angazhohet p\u00ebr partin\u00eb e Topit, kujdeset fillimisht p\u00ebr marr\u00ebdh\u00ebniet me SHBA dhe diaspor\u00ebn - FjALA e LIR\u00cb - Arkivi\" \/>\n<meta property=\"og:description\" content=\"TemA, 24 Shkurt 2012 Ish-kryetari i Partis\u00eb Demokratike, i larguar me dhun\u00eb 17 vite m\u00eb par\u00eb nga drejtimi i k\u00ebsaj partie dhe m\u00eb pas nga gjith\u00eb strukturat e partis\u00eb s\u00eb par\u00eb opozitare, Eduart Selami tashm\u00eb \u00ebsht\u00eb aktivizuar maksimalisht p\u00ebr partin\u00eb e re t\u00eb Topit. Nd\u00ebrkoh\u00eb q\u00eb kjo parti e spektrit t\u00eb djatht\u00eb politik pritet t\u00eb [&hellip;]\" \/>\n<meta property=\"og:url\" content=\"https:\/\/fjala.info\/2009-2015\/selami-angazhohet-per-partine-e-topit-kujdeset-fillimisht-per-marredheniet-me-shba-dhe-diasporen\/\" \/>\n<meta property=\"og:site_name\" content=\"FjALA e LIR\u00cb - Arkivi\" \/>\n<meta property=\"article:published_time\" content=\"2012-02-25T09:26:17+00:00\" \/>\n<meta property=\"og:image\" content=\"http:\/\/www.shkoder.net\/2012\/eduard_selami_bamir_topi.jpg\" \/>\n<meta name=\"author\" content=\"admin\" \/>\n<meta name=\"twitter:card\" content=\"summary_large_image\" \/>\n<meta name=\"twitter:label1\" content=\"Written by\" \/>\n\t<meta name=\"twitter:data1\" content=\"admin\" \/>\n\t<meta name=\"twitter:label2\" content=\"Est. reading time\" \/>\n\t<meta name=\"twitter:data2\" content=\"4 minutes\" \/>\n<script type=\"application\/ld+json\" class=\"yoast-schema-graph\">{\"@context\":\"https:\\\/\\\/schema.org\",\"@graph\":[{\"@type\":\"Article\",\"@id\":\"https:\\\/\\\/fjala.info\\\/2009-2015\\\/selami-angazhohet-per-partine-e-topit-kujdeset-fillimisht-per-marredheniet-me-shba-dhe-diasporen\\\/#article\",\"isPartOf\":{\"@id\":\"https:\\\/\\\/fjala.info\\\/2009-2015\\\/selami-angazhohet-per-partine-e-topit-kujdeset-fillimisht-per-marredheniet-me-shba-dhe-diasporen\\\/\"},\"author\":{\"name\":\"admin\",\"@id\":\"https:\\\/\\\/fjala.info\\\/2009-2015\\\/#\\\/schema\\\/person\\\/3aa1163ef05469c496fc94e77611ada2\"},\"headline\":\"Selami angazhohet p\u00ebr partin\u00eb e Topit, kujdeset fillimisht p\u00ebr marr\u00ebdh\u00ebniet me SHBA dhe diaspor\u00ebn\",\"datePublished\":\"2012-02-25T09:26:17+00:00\",\"mainEntityOfPage\":{\"@id\":\"https:\\\/\\\/fjala.info\\\/2009-2015\\\/selami-angazhohet-per-partine-e-topit-kujdeset-fillimisht-per-marredheniet-me-shba-dhe-diasporen\\\/\"},\"wordCount\":755,\"commentCount\":0,\"publisher\":{\"@id\":\"https:\\\/\\\/fjala.info\\\/2009-2015\\\/#organization\"},\"image\":{\"@id\":\"https:\\\/\\\/fjala.info\\\/2009-2015\\\/selami-angazhohet-per-partine-e-topit-kujdeset-fillimisht-per-marredheniet-me-shba-dhe-diasporen\\\/#primaryimage\"},\"thumbnailUrl\":\"http:\\\/\\\/www.shkoder.net\\\/2012\\\/eduard_selami_bamir_topi.jpg\",\"articleSection\":[\"Artikuj\"],\"inLanguage\":\"sq-AL\",\"potentialAction\":[{\"@type\":\"CommentAction\",\"name\":\"Comment\",\"target\":[\"https:\\\/\\\/fjala.info\\\/2009-2015\\\/selami-angazhohet-per-partine-e-topit-kujdeset-fillimisht-per-marredheniet-me-shba-dhe-diasporen\\\/#respond\"]}]},{\"@type\":\"WebPage\",\"@id\":\"https:\\\/\\\/fjala.info\\\/2009-2015\\\/selami-angazhohet-per-partine-e-topit-kujdeset-fillimisht-per-marredheniet-me-shba-dhe-diasporen\\\/\",\"url\":\"https:\\\/\\\/fjala.info\\\/2009-2015\\\/selami-angazhohet-per-partine-e-topit-kujdeset-fillimisht-per-marredheniet-me-shba-dhe-diasporen\\\/\",\"name\":\"Selami angazhohet p\u00ebr partin\u00eb e Topit, kujdeset fillimisht p\u00ebr marr\u00ebdh\u00ebniet me SHBA dhe diaspor\u00ebn - FjALA e LIR\u00cb - Arkivi\",\"isPartOf\":{\"@id\":\"https:\\\/\\\/fjala.info\\\/2009-2015\\\/#website\"},\"primaryImageOfPage\":{\"@id\":\"https:\\\/\\\/fjala.info\\\/2009-2015\\\/selami-angazhohet-per-partine-e-topit-kujdeset-fillimisht-per-marredheniet-me-shba-dhe-diasporen\\\/#primaryimage\"},\"image\":{\"@id\":\"https:\\\/\\\/fjala.info\\\/2009-2015\\\/selami-angazhohet-per-partine-e-topit-kujdeset-fillimisht-per-marredheniet-me-shba-dhe-diasporen\\\/#primaryimage\"},\"thumbnailUrl\":\"http:\\\/\\\/www.shkoder.net\\\/2012\\\/eduard_selami_bamir_topi.jpg\",\"datePublished\":\"2012-02-25T09:26:17+00:00\",\"breadcrumb\":{\"@id\":\"https:\\\/\\\/fjala.info\\\/2009-2015\\\/selami-angazhohet-per-partine-e-topit-kujdeset-fillimisht-per-marredheniet-me-shba-dhe-diasporen\\\/#breadcrumb\"},\"inLanguage\":\"sq-AL\",\"potentialAction\":[{\"@type\":\"ReadAction\",\"target\":[\"https:\\\/\\\/fjala.info\\\/2009-2015\\\/selami-angazhohet-per-partine-e-topit-kujdeset-fillimisht-per-marredheniet-me-shba-dhe-diasporen\\\/\"]}]},{\"@type\":\"ImageObject\",\"inLanguage\":\"sq-AL\",\"@id\":\"https:\\\/\\\/fjala.info\\\/2009-2015\\\/selami-angazhohet-per-partine-e-topit-kujdeset-fillimisht-per-marredheniet-me-shba-dhe-diasporen\\\/#primaryimage\",\"url\":\"http:\\\/\\\/www.shkoder.net\\\/2012\\\/eduard_selami_bamir_topi.jpg\",\"contentUrl\":\"http:\\\/\\\/www.shkoder.net\\\/2012\\\/eduard_selami_bamir_topi.jpg\"},{\"@type\":\"BreadcrumbList\",\"@id\":\"https:\\\/\\\/fjala.info\\\/2009-2015\\\/selami-angazhohet-per-partine-e-topit-kujdeset-fillimisht-per-marredheniet-me-shba-dhe-diasporen\\\/#breadcrumb\",\"itemListElement\":[{\"@type\":\"ListItem\",\"position\":1,\"name\":\"Home\",\"item\":\"https:\\\/\\\/fjala.info\\\/2009-2015\\\/\"},{\"@type\":\"ListItem\",\"position\":2,\"name\":\"Selami angazhohet p\u00ebr partin\u00eb e Topit, kujdeset fillimisht p\u00ebr marr\u00ebdh\u00ebniet me SHBA dhe diaspor\u00ebn\"}]},{\"@type\":\"WebSite\",\"@id\":\"https:\\\/\\\/fjala.info\\\/2009-2015\\\/#website\",\"url\":\"https:\\\/\\\/fjala.info\\\/2009-2015\\\/\",\"name\":\"FjALA e LIR\u00cb - Arkivi\",\"description\":\"Arkivi 2009-2015\",\"publisher\":{\"@id\":\"https:\\\/\\\/fjala.info\\\/2009-2015\\\/#organization\"},\"potentialAction\":[{\"@type\":\"SearchAction\",\"target\":{\"@type\":\"EntryPoint\",\"urlTemplate\":\"https:\\\/\\\/fjala.info\\\/2009-2015\\\/?s={search_term_string}\"},\"query-input\":{\"@type\":\"PropertyValueSpecification\",\"valueRequired\":true,\"valueName\":\"search_term_string\"}}],\"inLanguage\":\"sq-AL\"},{\"@type\":\"Organization\",\"@id\":\"https:\\\/\\\/fjala.info\\\/2009-2015\\\/#organization\",\"name\":\"FjALA e LIR\u00cb - Arkivi\",\"url\":\"https:\\\/\\\/fjala.info\\\/2009-2015\\\/\",\"logo\":{\"@type\":\"ImageObject\",\"inLanguage\":\"sq-AL\",\"@id\":\"https:\\\/\\\/fjala.info\\\/2009-2015\\\/#\\\/schema\\\/logo\\\/image\\\/\",\"url\":\"\",\"contentUrl\":\"\",\"caption\":\"FjALA e LIR\u00cb - Arkivi\"},\"image\":{\"@id\":\"https:\\\/\\\/fjala.info\\\/2009-2015\\\/#\\\/schema\\\/logo\\\/image\\\/\"}},{\"@type\":\"Person\",\"@id\":\"https:\\\/\\\/fjala.info\\\/2009-2015\\\/#\\\/schema\\\/person\\\/3aa1163ef05469c496fc94e77611ada2\",\"name\":\"admin\",\"image\":{\"@type\":\"ImageObject\",\"inLanguage\":\"sq-AL\",\"@id\":\"https:\\\/\\\/fjala.info\\\/2009-2015\\\/wp-content\\\/uploads\\\/2012\\\/02\\\/arben_cokaj-120x150.jpg\",\"url\":\"https:\\\/\\\/fjala.info\\\/2009-2015\\\/wp-content\\\/uploads\\\/2012\\\/02\\\/arben_cokaj-120x150.jpg\",\"contentUrl\":\"https:\\\/\\\/fjala.info\\\/2009-2015\\\/wp-content\\\/uploads\\\/2012\\\/02\\\/arben_cokaj-120x150.jpg\",\"caption\":\"admin\"},\"description\":\"Admin, Fjala e Lir\u00eb\",\"sameAs\":[\"https:\\\/\\\/fjala.info\\\/\"],\"url\":\"https:\\\/\\\/fjala.info\\\/2009-2015\\\/author\\\/admin\\\/\"}]}<\/script>\n<!-- \/ Yoast SEO plugin. -->","yoast_head_json":{"title":"Selami angazhohet p\u00ebr partin\u00eb e Topit, kujdeset fillimisht p\u00ebr marr\u00ebdh\u00ebniet me SHBA dhe diaspor\u00ebn - FjALA e LIR\u00cb - Arkivi","robots":{"index":"index","follow":"follow","max-snippet":"max-snippet:-1","max-image-preview":"max-image-preview:large","max-video-preview":"max-video-preview:-1"},"canonical":"https:\/\/fjala.info\/2009-2015\/selami-angazhohet-per-partine-e-topit-kujdeset-fillimisht-per-marredheniet-me-shba-dhe-diasporen\/","og_locale":"sq_AL","og_type":"article","og_title":"Selami angazhohet p\u00ebr partin\u00eb e Topit, kujdeset fillimisht p\u00ebr marr\u00ebdh\u00ebniet me SHBA dhe diaspor\u00ebn - FjALA e LIR\u00cb - Arkivi","og_description":"TemA, 24 Shkurt 2012 Ish-kryetari i Partis\u00eb Demokratike, i larguar me dhun\u00eb 17 vite m\u00eb par\u00eb nga drejtimi i k\u00ebsaj partie dhe m\u00eb pas nga gjith\u00eb strukturat e partis\u00eb s\u00eb par\u00eb opozitare, Eduart Selami tashm\u00eb \u00ebsht\u00eb aktivizuar maksimalisht p\u00ebr partin\u00eb e re t\u00eb Topit. Nd\u00ebrkoh\u00eb q\u00eb kjo parti e spektrit t\u00eb djatht\u00eb politik pritet t\u00eb [&hellip;]","og_url":"https:\/\/fjala.info\/2009-2015\/selami-angazhohet-per-partine-e-topit-kujdeset-fillimisht-per-marredheniet-me-shba-dhe-diasporen\/","og_site_name":"FjALA e LIR\u00cb - Arkivi","article_published_time":"2012-02-25T09:26:17+00:00","og_image":[{"url":"http:\/\/www.shkoder.net\/2012\/eduard_selami_bamir_topi.jpg","type":"","width":"","height":""}],"author":"admin","twitter_card":"summary_large_image","twitter_misc":{"Written by":"admin","Est. reading time":"4 minutes"},"schema":{"@context":"https:\/\/schema.org","@graph":[{"@type":"Article","@id":"https:\/\/fjala.info\/2009-2015\/selami-angazhohet-per-partine-e-topit-kujdeset-fillimisht-per-marredheniet-me-shba-dhe-diasporen\/#article","isPartOf":{"@id":"https:\/\/fjala.info\/2009-2015\/selami-angazhohet-per-partine-e-topit-kujdeset-fillimisht-per-marredheniet-me-shba-dhe-diasporen\/"},"author":{"name":"admin","@id":"https:\/\/fjala.info\/2009-2015\/#\/schema\/person\/3aa1163ef05469c496fc94e77611ada2"},"headline":"Selami angazhohet p\u00ebr partin\u00eb e Topit, kujdeset fillimisht p\u00ebr marr\u00ebdh\u00ebniet me SHBA dhe diaspor\u00ebn","datePublished":"2012-02-25T09:26:17+00:00","mainEntityOfPage":{"@id":"https:\/\/fjala.info\/2009-2015\/selami-angazhohet-per-partine-e-topit-kujdeset-fillimisht-per-marredheniet-me-shba-dhe-diasporen\/"},"wordCount":755,"commentCount":0,"publisher":{"@id":"https:\/\/fjala.info\/2009-2015\/#organization"},"image":{"@id":"https:\/\/fjala.info\/2009-2015\/selami-angazhohet-per-partine-e-topit-kujdeset-fillimisht-per-marredheniet-me-shba-dhe-diasporen\/#primaryimage"},"thumbnailUrl":"http:\/\/www.shkoder.net\/2012\/eduard_selami_bamir_topi.jpg","articleSection":["Artikuj"],"inLanguage":"sq-AL","potentialAction":[{"@type":"CommentAction","name":"Comment","target":["https:\/\/fjala.info\/2009-2015\/selami-angazhohet-per-partine-e-topit-kujdeset-fillimisht-per-marredheniet-me-shba-dhe-diasporen\/#respond"]}]},{"@type":"WebPage","@id":"https:\/\/fjala.info\/2009-2015\/selami-angazhohet-per-partine-e-topit-kujdeset-fillimisht-per-marredheniet-me-shba-dhe-diasporen\/","url":"https:\/\/fjala.info\/2009-2015\/selami-angazhohet-per-partine-e-topit-kujdeset-fillimisht-per-marredheniet-me-shba-dhe-diasporen\/","name":"Selami angazhohet p\u00ebr partin\u00eb e Topit, kujdeset fillimisht p\u00ebr marr\u00ebdh\u00ebniet me SHBA dhe diaspor\u00ebn - FjALA e LIR\u00cb - Arkivi","isPartOf":{"@id":"https:\/\/fjala.info\/2009-2015\/#website"},"primaryImageOfPage":{"@id":"https:\/\/fjala.info\/2009-2015\/selami-angazhohet-per-partine-e-topit-kujdeset-fillimisht-per-marredheniet-me-shba-dhe-diasporen\/#primaryimage"},"image":{"@id":"https:\/\/fjala.info\/2009-2015\/selami-angazhohet-per-partine-e-topit-kujdeset-fillimisht-per-marredheniet-me-shba-dhe-diasporen\/#primaryimage"},"thumbnailUrl":"http:\/\/www.shkoder.net\/2012\/eduard_selami_bamir_topi.jpg","datePublished":"2012-02-25T09:26:17+00:00","breadcrumb":{"@id":"https:\/\/fjala.info\/2009-2015\/selami-angazhohet-per-partine-e-topit-kujdeset-fillimisht-per-marredheniet-me-shba-dhe-diasporen\/#breadcrumb"},"inLanguage":"sq-AL","potentialAction":[{"@type":"ReadAction","target":["https:\/\/fjala.info\/2009-2015\/selami-angazhohet-per-partine-e-topit-kujdeset-fillimisht-per-marredheniet-me-shba-dhe-diasporen\/"]}]},{"@type":"ImageObject","inLanguage":"sq-AL","@id":"https:\/\/fjala.info\/2009-2015\/selami-angazhohet-per-partine-e-topit-kujdeset-fillimisht-per-marredheniet-me-shba-dhe-diasporen\/#primaryimage","url":"http:\/\/www.shkoder.net\/2012\/eduard_selami_bamir_topi.jpg","contentUrl":"http:\/\/www.shkoder.net\/2012\/eduard_selami_bamir_topi.jpg"},{"@type":"BreadcrumbList","@id":"https:\/\/fjala.info\/2009-2015\/selami-angazhohet-per-partine-e-topit-kujdeset-fillimisht-per-marredheniet-me-shba-dhe-diasporen\/#breadcrumb","itemListElement":[{"@type":"ListItem","position":1,"name":"Home","item":"https:\/\/fjala.info\/2009-2015\/"},{"@type":"ListItem","position":2,"name":"Selami angazhohet p\u00ebr partin\u00eb e Topit, kujdeset fillimisht p\u00ebr marr\u00ebdh\u00ebniet me SHBA dhe diaspor\u00ebn"}]},{"@type":"WebSite","@id":"https:\/\/fjala.info\/2009-2015\/#website","url":"https:\/\/fjala.info\/2009-2015\/","name":"FjALA e LIR\u00cb - Arkivi","description":"Arkivi 2009-2015","publisher":{"@id":"https:\/\/fjala.info\/2009-2015\/#organization"},"potentialAction":[{"@type":"SearchAction","target":{"@type":"EntryPoint","urlTemplate":"https:\/\/fjala.info\/2009-2015\/?s={search_term_string}"},"query-input":{"@type":"PropertyValueSpecification","valueRequired":true,"valueName":"search_term_string"}}],"inLanguage":"sq-AL"},{"@type":"Organization","@id":"https:\/\/fjala.info\/2009-2015\/#organization","name":"FjALA e LIR\u00cb - Arkivi","url":"https:\/\/fjala.info\/2009-2015\/","logo":{"@type":"ImageObject","inLanguage":"sq-AL","@id":"https:\/\/fjala.info\/2009-2015\/#\/schema\/logo\/image\/","url":"","contentUrl":"","caption":"FjALA e LIR\u00cb - Arkivi"},"image":{"@id":"https:\/\/fjala.info\/2009-2015\/#\/schema\/logo\/image\/"}},{"@type":"Person","@id":"https:\/\/fjala.info\/2009-2015\/#\/schema\/person\/3aa1163ef05469c496fc94e77611ada2","name":"admin","image":{"@type":"ImageObject","inLanguage":"sq-AL","@id":"https:\/\/fjala.info\/2009-2015\/wp-content\/uploads\/2012\/02\/arben_cokaj-120x150.jpg","url":"https:\/\/fjala.info\/2009-2015\/wp-content\/uploads\/2012\/02\/arben_cokaj-120x150.jpg","contentUrl":"https:\/\/fjala.info\/2009-2015\/wp-content\/uploads\/2012\/02\/arben_cokaj-120x150.jpg","caption":"admin"},"description":"Admin, Fjala e Lir\u00eb","sameAs":["https:\/\/fjala.info\/"],"url":"https:\/\/fjala.info\/2009-2015\/author\/admin\/"}]}},"_links":{"self":[{"href":"https:\/\/fjala.info\/2009-2015\/wp-json\/wp\/v2\/posts\/11715","targetHints":{"allow":["GET"]}}],"collection":[{"href":"https:\/\/fjala.info\/2009-2015\/wp-json\/wp\/v2\/posts"}],"about":[{"href":"https:\/\/fjala.info\/2009-2015\/wp-json\/wp\/v2\/types\/post"}],"author":[{"embeddable":true,"href":"https:\/\/fjala.info\/2009-2015\/wp-json\/wp\/v2\/users\/1"}],"replies":[{"embeddable":true,"href":"https:\/\/fjala.info\/2009-2015\/wp-json\/wp\/v2\/comments?post=11715"}],"version-history":[{"count":0,"href":"https:\/\/fjala.info\/2009-2015\/wp-json\/wp\/v2\/posts\/11715\/revisions"}],"wp:attachment":[{"href":"https:\/\/fjala.info\/2009-2015\/wp-json\/wp\/v2\/media?parent=11715"}],"wp:term":[{"taxonomy":"category","embeddable":true,"href":"https:\/\/fjala.info\/2009-2015\/wp-json\/wp\/v2\/categories?post=11715"},{"taxonomy":"post_tag","embeddable":true,"href":"https:\/\/fjala.info\/2009-2015\/wp-json\/wp\/v2\/tags?post=11715"}],"curies":[{"name":"wp","href":"https:\/\/api.w.org\/{rel}","templated":true}]}}