{"id":11713,"date":"2012-02-24T10:15:47","date_gmt":"2012-02-24T09:15:47","guid":{"rendered":"http:\/\/fjala.shkoder.net\/?p=1926"},"modified":"2012-02-24T10:15:47","modified_gmt":"2012-02-24T09:15:47","slug":"holbrook-rrefen-pendesat-per-ballkanin","status":"publish","type":"post","link":"https:\/\/fjala.info\/2009-2015\/holbrook-rrefen-pendesat-per-ballkanin\/","title":{"rendered":"Holbrook rr\u00ebfen pendesat p\u00ebr Ballkanin"},"content":{"rendered":"<p><img decoding=\"async\" class=\"alignright size-thumbnail wp-image-7236\" title=\"Richard Holbrook\" src=\"http:\/\/www.shkoder.net\/2012\/richard_holbrook.jpg\" alt=\"\" width=\"300\" \/> Nga <strong>Beq\u00eb Cufaj<\/strong>, <em>23 Shkurt 2012<\/em><\/p>\n<p>I emocionuar mbase pse ishte kthyer n\u00eb nj\u00eb vend ku vet\u00eb kishte punuar p\u00ebr vite t\u00eb t\u00ebra (American Academy) por edhe m\u00eb tep\u00ebr p\u00ebr faktin q\u00eb fliste para sall\u00ebs s\u00eb mbushur plot e p\u00ebrplot, buldozeri i diplomacis\u00eb amerikane Richard Holbrook, dikund para 7- 8 vjet\u00ebsh pran\u00eb liqenit Wansee n\u00eb af\u00ebrsi t\u00eb Berlinit \u2013 pik\u00ebrisht aty pra ku ishin q\u00ebndisur planet p\u00ebr Holokaustin, pas ligj\u00ebrat\u00ebs p\u00ebr pun\u00ebn e tij si diplomat\u2026 n\u00eb nj\u00eb pyetje n\u00ebse ishte penduar p\u00ebr ndonj\u00eb gabim n\u00eb pun\u00ebn e tij t\u00eb, pasi u mendua paksa\u2026 u p\u00ebrgjigj me fjal\u00ebt: \u201cPo, jam penduar me nj\u00eb gabim n\u00eb Dayton. Jo me planin, sepse plani ishte e vetmja rrug\u00eb e mundshme p\u00ebr ta ndalur at\u00eb tmerr. Por, ajo q\u00eb s\u2019ia fali vetes \u00ebsht\u00eb se si pranova para Milosheviqit e Karaxhiqit, q\u00eb zonat serbe t\u2019i quanim \u201cRepublika Srpska\u201d.<\/p>\n<p>Edhe sot e k\u00ebsaj dite, edhe n\u00eb k\u00ebt\u00eb \u00e7ast, sa her\u00eb mendoj p\u00ebr at\u00eb l\u00ebshim \u00e7mendem nga hidh\u00ebrimi dhe pendimi\u2026 Sepse e dini, n\u00eb Ballkan, njer\u00ebzit mund t\u2019i lini edhe pa buk\u00eb e uj\u00eb\u2026 por t\u2019u merrni apo jepni \u201cRepublika\u201d\u2026 \u00ebsht\u00eb di\u00e7ka m\u00eb shum\u00eb se emocionale!\u2026\u201d.<\/p>\n<p>K\u00ebto fjal\u00eb t\u00eb Holbrookut do t\u00eb duhej t\u2019i mendojm\u00eb sot e k\u00ebto dit\u00eb kur shohim se \u00e7far\u00eb me Republik\u00ebn (apo th\u00ebn\u00eb edhe m\u00eb mir\u00eb) ish-Republik\u00ebn e Kosov\u00ebs ndodhi e po ndodh. N\u00eb morin\u00eb e krahasimeve dhe shembujve pse Hashim Tha\u00e7i ka gabuar e ka shkalluar, ka tradhtuar e posht\u00ebruar, s\u2019ka dyshim q\u00eb edhe ky i \u201cRepublika Srpska\u201d-s do t\u00eb duhej t\u00eb na sillte te nj\u00eb fakt sado i dhembsh\u00ebm aq edhe i v\u00ebrtet\u00eb: me gjak dhe luft\u00eb, agresion dhe vrasje \u2013 fitohet Republika. K\u00ebshtu kan\u00eb b\u00ebr\u00eb fqinj\u00ebt serb\u00eb.<\/p>\n<p>Dhe jan\u00eb po k\u00ebta serb\u00eb q\u00eb shtetit t\u00eb Kosov\u00ebs ia b\u00ebn\u00eb jet\u00ebn e v\u00ebshtir\u00eb dhe tashti, menj\u00ebher\u00eb pas kat\u00ebr vjet\u00ebsh Republike e Pavar\u00ebsie, arrit\u00ebn at\u00eb q\u00eb askush nuk do t\u00eb mund ta imagjinonte: t\u2019ia heqin Kosov\u00ebs Republik\u00ebn, e bile bile edhe t\u00eb varin fusnota k\u00ebmb\u00ebve e qaf\u00ebs s\u00eb saj.<\/p>\n<p>Edhe nj\u00eb dilem\u00eb e frikshme: n\u00ebse Kosova e paska fusnot\u00ebn p\u00ebr \u201ctakime rajonale\u201d\u2026 kush dhe si nuk na garanton q\u00eb ajo fusnot\u00eb nuk do shfaqet edhe n\u00eb takime t\u00eb cilat do mbahen n\u00eb Uashington, Berlin, Paris, Lond\u00ebr e t\u00eb mos flasim p\u00ebr vende tjera.<\/p>\n<p>Natyrisht, q\u00eb do shfaqet ajo fusnot\u00eb dhe do hiqet Republika, sepse n\u00eb shumic\u00ebn e rasteve edhe Serbia edhe fqinj\u00ebt do jen\u00eb aty, ku do t\u00eb jemi edhe ne. Enver Hoxhaj t\u2019ua p\u00ebrgatit\u00eb diplomat\u00ebve t\u00eb tij qaforet me 1244! Sepse aty ku ai i ka ata \u2013 do t\u2019i ket\u00eb edhe serb\u00ebt q\u00eb do k\u00ebrkojn\u00eb 1244!<\/p>\n<p>Pa radhitur k\u00ebtu morin\u00eb e mungesave tjera q\u00eb Kosova NUK merr si shp\u00ebrblim p\u00ebr k\u00ebt\u00eb pabesi t\u00eb Tha\u00e7it dhe kryek\u00ebput Tha\u00e7it\u2026 s\u2019ka njohje nga pes\u00ebshja e BE-s\u00eb, s\u2019ka an\u00ebtar\u00ebsim n\u00eb OKB, s\u2019ka an\u00ebtar\u00ebsim n\u00eb FIFA, UEFA etj. etj. etj.<\/p>\n<p>Pyetjes pse Tha\u00e7i e b\u00ebri nj\u00eb gj\u00eb t\u00eb till\u00eb tashm\u00eb i jemi p\u00ebrgjigjur t\u00eb gjith\u00eb dhe e dim\u00eb: ta shp\u00ebtoj\u00eb shpirtin (edhe ashtu t\u00eb shitur) nga hetimet, keqqeverisja, rr\u00ebshqitja e shpejt\u00eb. Teoris\u00eb s\u00eb konspiracionit q\u00eb amerikan\u00ebt e gjerman\u00ebt duan ta dob\u00ebsojn\u00eb at\u00eb me k\u00ebt\u00eb hap\u2026 nuk duhet besuar sepse Tha\u00e7in nuk mund ta shp\u00ebtoj\u00eb as vet\u00eb Tha\u00e7i.<\/p>\n<p>Ky njeri \u00ebsht\u00eb thjesht nj\u00eb aksident n\u00eb historin\u00eb e re dhe politik\u00ebn e shqiptar\u00ebve t\u00eb Kosov\u00ebs. Vendin e ka ku t\u00eb doj\u00eb ai, por jo aty ku \u00ebsht\u00eb. Ata \u201cministra\u201d t\u00eb tij q\u00eb jan\u00eb skaj tij sot \u2013 do t\u00eb duhej t\u00eb turp\u00ebrohen k\u00eb e kan\u00eb shef.<\/p>\n<p>Gj\u00ebja m\u00eb e r\u00ebnd\u00eb q\u00eb Kosov\u00ebs po i ndodh me k\u00ebt\u00eb \u201cpo\u201d \u00ebsht\u00eb se po prishet Pako e Ahtisaarit, po zhvler\u00ebsohet shtet\u00ebsia dhe po Tajvanizohet e Maqedonizohet Kosova. Pa p\u00ebrmendur k\u00ebtu korrupsionin, krimin, keqmenaxhimin etj. etj. t\u00eb Tha\u00e7it e kompanis\u00eb s\u00eb tij te t\u00eb cilat edhe duhet gjetur gjeneza e k\u00ebtij hapi tragjik.<\/p>\n<p>\u00cbsht\u00eb perverse kur dikush akuzon opozit\u00ebn p\u00ebr \u201cgjuh\u00ebn\u201d e saj \u2013 si\u00e7 b\u00ebnin njer\u00ebz t\u00eb Tha\u00e7it dje n\u00eb medie. Kosova s\u2019ka opozit\u00eb \u2013 e aq m\u00eb pak Qeveri. Ose, n\u00eb k\u00ebt\u00eb l\u00ebshim t\u00eb Tha\u00e7it opozit\u00eb \u00ebsht\u00eb dhe do jet\u00eb \u00e7do qytetar i k\u00ebtij vendi dhe kjo pun\u00eb do ta ket\u00eb nj\u00eb bisht. Apo t\u2019i harrojm\u00eb ato se \u00e7far\u00eb Holbroooke thoshte n\u00eb Wansee para 7-8 vjet\u00ebsh\u2026<\/p>\n<p>Le t\u2019ia shtojm\u00eb edhe nj\u00eb fakt skanimit t\u00eb situat\u00ebs sot \u2013 rr\u00ebfimin e Havelit n\u00eb Columbia, n\u00eb vitin 2006. Vizionari i madh thoshte: \u201cSi disident q\u00eb isha, jo rrall\u00eb vizitohesha nga gazetar\u00eb per\u00ebndimor\u00eb\u2026dhe ata m\u00eb pyesnin: -\u201dCili \u00ebsht\u00eb kuptimi i k\u00ebsaj q\u00eb po b\u00ebni? Nuk keni as edhe nj\u00eb shans t\u00eb fitoni apo keni rezultate, sepse jeni nj\u00eb grup i vog\u00ebl dhe si mund ta ndryshoni t\u00ebr\u00eb k\u00ebt\u00eb sistem t\u00eb madh?\u201d.<\/p>\n<p>Ose shtonin \u201cKu jan\u00eb ata miliona pun\u00ebtor\u00eb t\u00eb cil\u00ebt do t\u00eb duhej t\u2019iu p\u00ebrkahnin juve?\u201d. Dhe gjithmon\u00eb u p\u00ebrgjigjesha: \u201cKeni kujdes: di\u00e7ka po ndodh p\u00ebrfundi sip\u00ebrfaqes. Ju nuk e dini k\u00ebt\u00eb por nj\u00eb dit\u00eb do t\u00eb mund t\u00eb jeni shum\u00eb, shum\u00eb t\u00eb befasuar\u201d. Dhe v\u00ebrtet \u2013 ju nuk e dini. Ose po b\u00ebheni q\u00eb s\u2019e dini!<\/p>\n","protected":false},"excerpt":{"rendered":"<p>Nga Beq\u00eb Cufaj, 23 Shkurt 2012 I emocionuar mbase pse ishte kthyer n\u00eb nj\u00eb vend ku vet\u00eb kishte punuar p\u00ebr vite t\u00eb t\u00ebra (American Academy) por edhe m\u00eb tep\u00ebr p\u00ebr faktin q\u00eb fliste para sall\u00ebs s\u00eb mbushur plot e p\u00ebrplot, buldozeri i diplomacis\u00eb amerikane Richard Holbrook, dikund para 7- 8 vjet\u00ebsh pran\u00eb liqenit Wansee n\u00eb [&hellip;]<\/p>\n","protected":false},"author":1,"featured_media":0,"comment_status":"open","ping_status":"closed","sticky":false,"template":"","format":"standard","meta":{"footnotes":""},"categories":[2],"tags":[],"class_list":{"0":"post-11713","1":"post","2":"type-post","3":"status-publish","4":"format-standard","6":"category-artikuj"},"yoast_head":"<!-- This site is optimized with the Yoast SEO plugin v27.4 - https:\/\/yoast.com\/product\/yoast-seo-wordpress\/ -->\n<title>Holbrook rr\u00ebfen pendesat p\u00ebr Ballkanin - FjALA e LIR\u00cb - Arkivi<\/title>\n<meta name=\"robots\" content=\"index, follow, max-snippet:-1, max-image-preview:large, max-video-preview:-1\" \/>\n<link rel=\"canonical\" href=\"https:\/\/fjala.info\/2009-2015\/holbrook-rrefen-pendesat-per-ballkanin\/\" \/>\n<meta property=\"og:locale\" content=\"sq_AL\" \/>\n<meta property=\"og:type\" content=\"article\" \/>\n<meta property=\"og:title\" content=\"Holbrook rr\u00ebfen pendesat p\u00ebr Ballkanin - FjALA e LIR\u00cb - Arkivi\" \/>\n<meta property=\"og:description\" content=\"Nga Beq\u00eb Cufaj, 23 Shkurt 2012 I emocionuar mbase pse ishte kthyer n\u00eb nj\u00eb vend ku vet\u00eb kishte punuar p\u00ebr vite t\u00eb t\u00ebra (American Academy) por edhe m\u00eb tep\u00ebr p\u00ebr faktin q\u00eb fliste para sall\u00ebs s\u00eb mbushur plot e p\u00ebrplot, buldozeri i diplomacis\u00eb amerikane Richard Holbrook, dikund para 7- 8 vjet\u00ebsh pran\u00eb liqenit Wansee n\u00eb [&hellip;]\" \/>\n<meta property=\"og:url\" content=\"https:\/\/fjala.info\/2009-2015\/holbrook-rrefen-pendesat-per-ballkanin\/\" \/>\n<meta property=\"og:site_name\" content=\"FjALA e LIR\u00cb - Arkivi\" \/>\n<meta property=\"article:published_time\" content=\"2012-02-24T09:15:47+00:00\" \/>\n<meta property=\"og:image\" content=\"http:\/\/www.shkoder.net\/2012\/richard_holbrook.jpg\" \/>\n<meta name=\"author\" content=\"admin\" \/>\n<meta name=\"twitter:card\" content=\"summary_large_image\" \/>\n<meta name=\"twitter:label1\" content=\"Written by\" \/>\n\t<meta name=\"twitter:data1\" content=\"admin\" \/>\n\t<meta name=\"twitter:label2\" content=\"Est. reading time\" \/>\n\t<meta name=\"twitter:data2\" content=\"5 minutes\" \/>\n<script type=\"application\/ld+json\" class=\"yoast-schema-graph\">{\"@context\":\"https:\\\/\\\/schema.org\",\"@graph\":[{\"@type\":\"Article\",\"@id\":\"https:\\\/\\\/fjala.info\\\/2009-2015\\\/holbrook-rrefen-pendesat-per-ballkanin\\\/#article\",\"isPartOf\":{\"@id\":\"https:\\\/\\\/fjala.info\\\/2009-2015\\\/holbrook-rrefen-pendesat-per-ballkanin\\\/\"},\"author\":{\"name\":\"admin\",\"@id\":\"https:\\\/\\\/fjala.info\\\/2009-2015\\\/#\\\/schema\\\/person\\\/3aa1163ef05469c496fc94e77611ada2\"},\"headline\":\"Holbrook rr\u00ebfen pendesat p\u00ebr Ballkanin\",\"datePublished\":\"2012-02-24T09:15:47+00:00\",\"mainEntityOfPage\":{\"@id\":\"https:\\\/\\\/fjala.info\\\/2009-2015\\\/holbrook-rrefen-pendesat-per-ballkanin\\\/\"},\"wordCount\":960,\"commentCount\":0,\"publisher\":{\"@id\":\"https:\\\/\\\/fjala.info\\\/2009-2015\\\/#organization\"},\"image\":{\"@id\":\"https:\\\/\\\/fjala.info\\\/2009-2015\\\/holbrook-rrefen-pendesat-per-ballkanin\\\/#primaryimage\"},\"thumbnailUrl\":\"http:\\\/\\\/www.shkoder.net\\\/2012\\\/richard_holbrook.jpg\",\"articleSection\":[\"Artikuj\"],\"inLanguage\":\"sq-AL\",\"potentialAction\":[{\"@type\":\"CommentAction\",\"name\":\"Comment\",\"target\":[\"https:\\\/\\\/fjala.info\\\/2009-2015\\\/holbrook-rrefen-pendesat-per-ballkanin\\\/#respond\"]}]},{\"@type\":\"WebPage\",\"@id\":\"https:\\\/\\\/fjala.info\\\/2009-2015\\\/holbrook-rrefen-pendesat-per-ballkanin\\\/\",\"url\":\"https:\\\/\\\/fjala.info\\\/2009-2015\\\/holbrook-rrefen-pendesat-per-ballkanin\\\/\",\"name\":\"Holbrook rr\u00ebfen pendesat p\u00ebr Ballkanin - FjALA e LIR\u00cb - Arkivi\",\"isPartOf\":{\"@id\":\"https:\\\/\\\/fjala.info\\\/2009-2015\\\/#website\"},\"primaryImageOfPage\":{\"@id\":\"https:\\\/\\\/fjala.info\\\/2009-2015\\\/holbrook-rrefen-pendesat-per-ballkanin\\\/#primaryimage\"},\"image\":{\"@id\":\"https:\\\/\\\/fjala.info\\\/2009-2015\\\/holbrook-rrefen-pendesat-per-ballkanin\\\/#primaryimage\"},\"thumbnailUrl\":\"http:\\\/\\\/www.shkoder.net\\\/2012\\\/richard_holbrook.jpg\",\"datePublished\":\"2012-02-24T09:15:47+00:00\",\"breadcrumb\":{\"@id\":\"https:\\\/\\\/fjala.info\\\/2009-2015\\\/holbrook-rrefen-pendesat-per-ballkanin\\\/#breadcrumb\"},\"inLanguage\":\"sq-AL\",\"potentialAction\":[{\"@type\":\"ReadAction\",\"target\":[\"https:\\\/\\\/fjala.info\\\/2009-2015\\\/holbrook-rrefen-pendesat-per-ballkanin\\\/\"]}]},{\"@type\":\"ImageObject\",\"inLanguage\":\"sq-AL\",\"@id\":\"https:\\\/\\\/fjala.info\\\/2009-2015\\\/holbrook-rrefen-pendesat-per-ballkanin\\\/#primaryimage\",\"url\":\"http:\\\/\\\/www.shkoder.net\\\/2012\\\/richard_holbrook.jpg\",\"contentUrl\":\"http:\\\/\\\/www.shkoder.net\\\/2012\\\/richard_holbrook.jpg\"},{\"@type\":\"BreadcrumbList\",\"@id\":\"https:\\\/\\\/fjala.info\\\/2009-2015\\\/holbrook-rrefen-pendesat-per-ballkanin\\\/#breadcrumb\",\"itemListElement\":[{\"@type\":\"ListItem\",\"position\":1,\"name\":\"Home\",\"item\":\"https:\\\/\\\/fjala.info\\\/2009-2015\\\/\"},{\"@type\":\"ListItem\",\"position\":2,\"name\":\"Holbrook rr\u00ebfen pendesat p\u00ebr Ballkanin\"}]},{\"@type\":\"WebSite\",\"@id\":\"https:\\\/\\\/fjala.info\\\/2009-2015\\\/#website\",\"url\":\"https:\\\/\\\/fjala.info\\\/2009-2015\\\/\",\"name\":\"FjALA e LIR\u00cb - Arkivi\",\"description\":\"Arkivi 2009-2015\",\"publisher\":{\"@id\":\"https:\\\/\\\/fjala.info\\\/2009-2015\\\/#organization\"},\"potentialAction\":[{\"@type\":\"SearchAction\",\"target\":{\"@type\":\"EntryPoint\",\"urlTemplate\":\"https:\\\/\\\/fjala.info\\\/2009-2015\\\/?s={search_term_string}\"},\"query-input\":{\"@type\":\"PropertyValueSpecification\",\"valueRequired\":true,\"valueName\":\"search_term_string\"}}],\"inLanguage\":\"sq-AL\"},{\"@type\":\"Organization\",\"@id\":\"https:\\\/\\\/fjala.info\\\/2009-2015\\\/#organization\",\"name\":\"FjALA e LIR\u00cb - Arkivi\",\"url\":\"https:\\\/\\\/fjala.info\\\/2009-2015\\\/\",\"logo\":{\"@type\":\"ImageObject\",\"inLanguage\":\"sq-AL\",\"@id\":\"https:\\\/\\\/fjala.info\\\/2009-2015\\\/#\\\/schema\\\/logo\\\/image\\\/\",\"url\":\"\",\"contentUrl\":\"\",\"caption\":\"FjALA e LIR\u00cb - Arkivi\"},\"image\":{\"@id\":\"https:\\\/\\\/fjala.info\\\/2009-2015\\\/#\\\/schema\\\/logo\\\/image\\\/\"}},{\"@type\":\"Person\",\"@id\":\"https:\\\/\\\/fjala.info\\\/2009-2015\\\/#\\\/schema\\\/person\\\/3aa1163ef05469c496fc94e77611ada2\",\"name\":\"admin\",\"image\":{\"@type\":\"ImageObject\",\"inLanguage\":\"sq-AL\",\"@id\":\"https:\\\/\\\/fjala.info\\\/2009-2015\\\/wp-content\\\/uploads\\\/2012\\\/02\\\/arben_cokaj-120x150.jpg\",\"url\":\"https:\\\/\\\/fjala.info\\\/2009-2015\\\/wp-content\\\/uploads\\\/2012\\\/02\\\/arben_cokaj-120x150.jpg\",\"contentUrl\":\"https:\\\/\\\/fjala.info\\\/2009-2015\\\/wp-content\\\/uploads\\\/2012\\\/02\\\/arben_cokaj-120x150.jpg\",\"caption\":\"admin\"},\"description\":\"Admin, Fjala e Lir\u00eb\",\"sameAs\":[\"https:\\\/\\\/fjala.info\\\/\"],\"url\":\"https:\\\/\\\/fjala.info\\\/2009-2015\\\/author\\\/admin\\\/\"}]}<\/script>\n<!-- \/ Yoast SEO plugin. -->","yoast_head_json":{"title":"Holbrook rr\u00ebfen pendesat p\u00ebr Ballkanin - FjALA e LIR\u00cb - Arkivi","robots":{"index":"index","follow":"follow","max-snippet":"max-snippet:-1","max-image-preview":"max-image-preview:large","max-video-preview":"max-video-preview:-1"},"canonical":"https:\/\/fjala.info\/2009-2015\/holbrook-rrefen-pendesat-per-ballkanin\/","og_locale":"sq_AL","og_type":"article","og_title":"Holbrook rr\u00ebfen pendesat p\u00ebr Ballkanin - FjALA e LIR\u00cb - Arkivi","og_description":"Nga Beq\u00eb Cufaj, 23 Shkurt 2012 I emocionuar mbase pse ishte kthyer n\u00eb nj\u00eb vend ku vet\u00eb kishte punuar p\u00ebr vite t\u00eb t\u00ebra (American Academy) por edhe m\u00eb tep\u00ebr p\u00ebr faktin q\u00eb fliste para sall\u00ebs s\u00eb mbushur plot e p\u00ebrplot, buldozeri i diplomacis\u00eb amerikane Richard Holbrook, dikund para 7- 8 vjet\u00ebsh pran\u00eb liqenit Wansee n\u00eb [&hellip;]","og_url":"https:\/\/fjala.info\/2009-2015\/holbrook-rrefen-pendesat-per-ballkanin\/","og_site_name":"FjALA e LIR\u00cb - Arkivi","article_published_time":"2012-02-24T09:15:47+00:00","og_image":[{"url":"http:\/\/www.shkoder.net\/2012\/richard_holbrook.jpg","type":"","width":"","height":""}],"author":"admin","twitter_card":"summary_large_image","twitter_misc":{"Written by":"admin","Est. reading time":"5 minutes"},"schema":{"@context":"https:\/\/schema.org","@graph":[{"@type":"Article","@id":"https:\/\/fjala.info\/2009-2015\/holbrook-rrefen-pendesat-per-ballkanin\/#article","isPartOf":{"@id":"https:\/\/fjala.info\/2009-2015\/holbrook-rrefen-pendesat-per-ballkanin\/"},"author":{"name":"admin","@id":"https:\/\/fjala.info\/2009-2015\/#\/schema\/person\/3aa1163ef05469c496fc94e77611ada2"},"headline":"Holbrook rr\u00ebfen pendesat p\u00ebr Ballkanin","datePublished":"2012-02-24T09:15:47+00:00","mainEntityOfPage":{"@id":"https:\/\/fjala.info\/2009-2015\/holbrook-rrefen-pendesat-per-ballkanin\/"},"wordCount":960,"commentCount":0,"publisher":{"@id":"https:\/\/fjala.info\/2009-2015\/#organization"},"image":{"@id":"https:\/\/fjala.info\/2009-2015\/holbrook-rrefen-pendesat-per-ballkanin\/#primaryimage"},"thumbnailUrl":"http:\/\/www.shkoder.net\/2012\/richard_holbrook.jpg","articleSection":["Artikuj"],"inLanguage":"sq-AL","potentialAction":[{"@type":"CommentAction","name":"Comment","target":["https:\/\/fjala.info\/2009-2015\/holbrook-rrefen-pendesat-per-ballkanin\/#respond"]}]},{"@type":"WebPage","@id":"https:\/\/fjala.info\/2009-2015\/holbrook-rrefen-pendesat-per-ballkanin\/","url":"https:\/\/fjala.info\/2009-2015\/holbrook-rrefen-pendesat-per-ballkanin\/","name":"Holbrook rr\u00ebfen pendesat p\u00ebr Ballkanin - FjALA e LIR\u00cb - Arkivi","isPartOf":{"@id":"https:\/\/fjala.info\/2009-2015\/#website"},"primaryImageOfPage":{"@id":"https:\/\/fjala.info\/2009-2015\/holbrook-rrefen-pendesat-per-ballkanin\/#primaryimage"},"image":{"@id":"https:\/\/fjala.info\/2009-2015\/holbrook-rrefen-pendesat-per-ballkanin\/#primaryimage"},"thumbnailUrl":"http:\/\/www.shkoder.net\/2012\/richard_holbrook.jpg","datePublished":"2012-02-24T09:15:47+00:00","breadcrumb":{"@id":"https:\/\/fjala.info\/2009-2015\/holbrook-rrefen-pendesat-per-ballkanin\/#breadcrumb"},"inLanguage":"sq-AL","potentialAction":[{"@type":"ReadAction","target":["https:\/\/fjala.info\/2009-2015\/holbrook-rrefen-pendesat-per-ballkanin\/"]}]},{"@type":"ImageObject","inLanguage":"sq-AL","@id":"https:\/\/fjala.info\/2009-2015\/holbrook-rrefen-pendesat-per-ballkanin\/#primaryimage","url":"http:\/\/www.shkoder.net\/2012\/richard_holbrook.jpg","contentUrl":"http:\/\/www.shkoder.net\/2012\/richard_holbrook.jpg"},{"@type":"BreadcrumbList","@id":"https:\/\/fjala.info\/2009-2015\/holbrook-rrefen-pendesat-per-ballkanin\/#breadcrumb","itemListElement":[{"@type":"ListItem","position":1,"name":"Home","item":"https:\/\/fjala.info\/2009-2015\/"},{"@type":"ListItem","position":2,"name":"Holbrook rr\u00ebfen pendesat p\u00ebr Ballkanin"}]},{"@type":"WebSite","@id":"https:\/\/fjala.info\/2009-2015\/#website","url":"https:\/\/fjala.info\/2009-2015\/","name":"FjALA e LIR\u00cb - Arkivi","description":"Arkivi 2009-2015","publisher":{"@id":"https:\/\/fjala.info\/2009-2015\/#organization"},"potentialAction":[{"@type":"SearchAction","target":{"@type":"EntryPoint","urlTemplate":"https:\/\/fjala.info\/2009-2015\/?s={search_term_string}"},"query-input":{"@type":"PropertyValueSpecification","valueRequired":true,"valueName":"search_term_string"}}],"inLanguage":"sq-AL"},{"@type":"Organization","@id":"https:\/\/fjala.info\/2009-2015\/#organization","name":"FjALA e LIR\u00cb - Arkivi","url":"https:\/\/fjala.info\/2009-2015\/","logo":{"@type":"ImageObject","inLanguage":"sq-AL","@id":"https:\/\/fjala.info\/2009-2015\/#\/schema\/logo\/image\/","url":"","contentUrl":"","caption":"FjALA e LIR\u00cb - Arkivi"},"image":{"@id":"https:\/\/fjala.info\/2009-2015\/#\/schema\/logo\/image\/"}},{"@type":"Person","@id":"https:\/\/fjala.info\/2009-2015\/#\/schema\/person\/3aa1163ef05469c496fc94e77611ada2","name":"admin","image":{"@type":"ImageObject","inLanguage":"sq-AL","@id":"https:\/\/fjala.info\/2009-2015\/wp-content\/uploads\/2012\/02\/arben_cokaj-120x150.jpg","url":"https:\/\/fjala.info\/2009-2015\/wp-content\/uploads\/2012\/02\/arben_cokaj-120x150.jpg","contentUrl":"https:\/\/fjala.info\/2009-2015\/wp-content\/uploads\/2012\/02\/arben_cokaj-120x150.jpg","caption":"admin"},"description":"Admin, Fjala e Lir\u00eb","sameAs":["https:\/\/fjala.info\/"],"url":"https:\/\/fjala.info\/2009-2015\/author\/admin\/"}]}},"_links":{"self":[{"href":"https:\/\/fjala.info\/2009-2015\/wp-json\/wp\/v2\/posts\/11713","targetHints":{"allow":["GET"]}}],"collection":[{"href":"https:\/\/fjala.info\/2009-2015\/wp-json\/wp\/v2\/posts"}],"about":[{"href":"https:\/\/fjala.info\/2009-2015\/wp-json\/wp\/v2\/types\/post"}],"author":[{"embeddable":true,"href":"https:\/\/fjala.info\/2009-2015\/wp-json\/wp\/v2\/users\/1"}],"replies":[{"embeddable":true,"href":"https:\/\/fjala.info\/2009-2015\/wp-json\/wp\/v2\/comments?post=11713"}],"version-history":[{"count":0,"href":"https:\/\/fjala.info\/2009-2015\/wp-json\/wp\/v2\/posts\/11713\/revisions"}],"wp:attachment":[{"href":"https:\/\/fjala.info\/2009-2015\/wp-json\/wp\/v2\/media?parent=11713"}],"wp:term":[{"taxonomy":"category","embeddable":true,"href":"https:\/\/fjala.info\/2009-2015\/wp-json\/wp\/v2\/categories?post=11713"},{"taxonomy":"post_tag","embeddable":true,"href":"https:\/\/fjala.info\/2009-2015\/wp-json\/wp\/v2\/tags?post=11713"}],"curies":[{"name":"wp","href":"https:\/\/api.w.org\/{rel}","templated":true}]}}