{"id":11712,"date":"2012-02-23T08:49:46","date_gmt":"2012-02-23T07:49:46","guid":{"rendered":"http:\/\/fjala.shkoder.net\/?p=1924"},"modified":"2012-02-23T08:49:46","modified_gmt":"2012-02-23T07:49:46","slug":"ne-emer-te-sali-berishes","status":"publish","type":"post","link":"https:\/\/fjala.info\/2009-2015\/ne-emer-te-sali-berishes\/","title":{"rendered":"\u201cN\u00eb em\u00ebr t\u00eb Sali Berish\u00ebs\u201d!"},"content":{"rendered":"<p><img decoding=\"async\" class=\"alignright size-thumbnail wp-image-7236\" title=\"Mero Baze\" src=\"http:\/\/www.shkoder.net\/images\/fjala\/mero_baze1.jpg\" alt=\"\" width=\"150\" \/> Nga <strong>Mero Baze<\/strong>, <em>22 Shkurt 2012<\/em><\/p>\n<p>Gjykata e Apelit hodhi dje posht\u00eb edhe faktet e reja q\u00eb provonin se Komandanti i Gard\u00ebs, Ndrea Prendi, \u00ebsht\u00eb p\u00ebrgjegj\u00ebs dhe autor p\u00ebr vrasjen e demonstruesve m\u00eb 21 janar. Kryetari i k\u00ebsaj gjykate duket se ka komanduar gjith\u00eb procesin duke p\u00ebrjashtuar nga gjykimi dy gjyqtar\u00eb t\u00eb dyshuar se mund t\u00eb jen\u00eb jasht\u00eb kontrollit politik- duke i dh\u00ebn\u00eb \u00e7\u00ebshtjen p\u00ebr gjykim nj\u00eb tresheje t\u00eb njohur p\u00ebr sh\u00ebrbime politike ndaj pushtetit. Pas k\u00ebsaj vendimi nuk pati surpriza duke thyer besoj \u00e7do rekord bot\u00ebror, q\u00eb nj\u00eb i dyshuar me prova p\u00ebr vrasje, biles t\u00eb karakterit politik, t\u00eb lihet i lir\u00eb.<\/p>\n<p>Ky zhvillim ka pasuar nj\u00eb tjet\u00ebr zhvillim edhe m\u00eb t\u00eb r\u00ebnd\u00eb q\u00eb vjen nga Gjykata e Shkall\u00ebs s\u00eb par\u00eb, e cila n\u00eb vendimin e zbardhur p\u00ebr k\u00ebt\u00eb \u00e7\u00ebshtje ka rishkruar nj\u00eb version t\u00eb panjohur t\u00eb ngjarjeve n\u00eb Kryeministri, t\u00eb cilin nuk ka guxuar ta b\u00ebj\u00eb vet\u00eb n\u00eb p\u00ebr\u00e7artjet e tij as kryeministri. Gjykata ka theksuar n\u00eb vendimin e zbardhur se demonstruesit kan\u00eb pushtuar Kryeministrin\u00eb dhe kan\u00eb ushtruar dhun\u00eb dhe mbi Komandantin e Gard\u00ebs, Ndrea Prendi, i cili n\u00eb fakt si\u00e7 dihet ka q\u00eblluar nga tarraca e Kryeministris\u00eb atje ku as gur\u00ebt nuk arrinin. Edhe pse Gjykata nuk ka asnj\u00eb fakt p\u00ebr k\u00ebt\u00eb skenar q\u00eb ka rishkruar p\u00ebr 21 Janarin, ajo thot\u00eb se \u00ebsht\u00eb mb\u00ebshtetur n\u00eb pamje televizive dhe n\u00eb d\u00ebshmi t\u00eb t\u00eb pandehurve, t\u00eb cil\u00ebt i ka marr\u00eb t\u00eb mir\u00ebqena, nd\u00ebrkoh\u00eb q\u00eb ka hedhur posht\u00eb hetimin e FBI dhe akuz\u00ebn e ngritur nga Prokuroria, e cila ka zhvilluar nj\u00eb vit hetim.<\/p>\n<p>Kjo \u00ebsht\u00eb n\u00eb fakt dhe tendenca m\u00eb e re e gjykatave shqiptare. N\u00eb disa nga daljet e tij t\u00eb fundit publike, Berisha i ka m\u00ebshuar faktit t\u00eb hetimit gjyq\u00ebsor si nj\u00eb prov\u00eb e vetme p\u00ebr \u00e7do akuz\u00eb t\u00eb ngritur ndaj pushtetit. Ai e ka p\u00ebrmendur k\u00ebt\u00eb fillimisht kur ka tentuar t\u00eb mbrohet p\u00ebr \u00e7\u00ebshtjen e G\u00ebrdecit dhe ku i referohet munges\u00ebs s\u00eb faj\u00ebsis\u00eb q\u00eb ka provuar gjykata p\u00ebr qeverin\u00eb. Por nj\u00eb r\u00ebnd\u00ebsi vendimtare ai i ka dh\u00ebn\u00eb hetimit gjyq\u00ebsor n\u00eb rastin e gjykimit t\u00eb zgjedhjeve t\u00eb 8 majit n\u00eb Tiran\u00eb, ku p\u00ebrmes gjykatave ai ngriti nj\u00eb sistem t\u00eb shpikjes s\u00eb prov\u00ebs dhe pranimit t\u00eb saj si rezultat dhe avancoi m\u00eb tej me video-skandalin e Ilir Met\u00ebs, ku iu desh t\u00eb b\u00ebnte t\u00eb kund\u00ebrt\u00ebn, t\u00eb ngrinte nj\u00eb sistem p\u00ebr t\u00eb zhdukur prov\u00ebn dhe t\u00eb shpallte mosekzistenc\u00ebn e saj.<\/p>\n<p>N\u00eb rastin e fundit, at\u00eb t\u00eb ngjarjeve t\u00eb 21 janarit, ai ka paralajm\u00ebruar publikisht se do t\u00eb jen\u00eb gjykatat ato q\u00eb do t\u00eb b\u00ebjn\u00eb hetimin e \u00e7\u00ebshtjes n\u00eb munges\u00eb t\u00eb besimit q\u00eb ai ka p\u00ebr prokurorin\u00eb. Ky \u00ebsht\u00eb nj\u00eb fenomen jo vet\u00ebm i rreziksh\u00ebm, por mbi t\u00eb gjitha dhe minues p\u00ebr sistemin e drejt\u00ebsis\u00eb, pasi eliminon me nj\u00eb t\u00eb r\u00ebn\u00eb t\u00eb lapsit gjith\u00eb institucionin e hetimit dhe provat e siguruara n\u00eb rrug\u00eb ligjore, duke shpikur si nj\u00eb sistem t\u00eb besuesh\u00ebm nj\u00eb deklarim gjyq\u00ebsor, i cili mb\u00ebshtetet n\u00eb fakte rast\u00ebsore, t\u00eb pjesshme dhe aspak thelb\u00ebsor\u00eb p\u00ebr procesin q\u00eb \u00ebsht\u00eb n\u00eb gjykim. P\u00ebrmes k\u00ebtij trendi t\u00eb ri, jo vet\u00ebm q\u00eb prokuroria \u00ebsht\u00eb eliminuar si pjes\u00eb e sistemit t\u00eb drejt\u00ebsis\u00eb, por gjykatat jan\u00eb kthyer n\u00eb manipulatore t\u00eb historis\u00eb dhe ngjarjeve q\u00eb tronditin shoq\u00ebrin\u00eb.<\/p>\n<p>K\u00ebshtu, n\u00eb rastin e G\u00ebrdecit gjykatat nuk duan t\u00eb shikojn\u00eb faktin q\u00eb projekti u k\u00ebrkua nga Ministri Mediu p\u00ebr t\u00eb nj\u00ebjt\u00ebn firm\u00eb q\u00eb e mori edhe pas prap\u00ebsimit t\u00eb procedur\u00ebs p\u00ebr her\u00eb t\u00eb par\u00eb nga qeveria shqiptare. Nuk merret parasysh fakti q\u00eb i biri i kryeministrit ka qen\u00eb personi ku raportonin ministrat p\u00ebr k\u00ebt\u00eb projekt, si\u00e7 ishte rasti i Aldo Bum\u00e7it, apo fakti q\u00eb bashk\u00ebpun\u00ebtori i tij i ngusht\u00eb, Rrahman Selmanllari, ka deklarata kontradiktore p\u00ebr lidhjet e tij me G\u00ebrdecin dhe shoq\u00ebrin\u00eb dhe b\u00ebnte demontimin. Gjykata ka injoruar gjith\u00e7ka dhe \u00ebsht\u00eb duke u marr\u00eb me nj\u00eb rutin\u00eb banale t\u00eb hetimit gjyq\u00ebsor, q\u00eb n\u00eb fund do t\u00eb provoj\u00eb q\u00eb karrocieri i vdekur ishte fajtor.<\/p>\n<p>N\u00eb rastin e 8 majit, Kolegji Zgjedhor prodhoi nj\u00eb sistem t\u00eb ri zgjedhor, duke rishkruar Kodin dhe duke p\u00ebrfshir\u00eb n\u00eb proces nj\u00eb klauzol\u00eb, e cila lejonte pal\u00ebn manipuluese t\u00eb ofronte vota t\u00eb tjera pasi humbi zgjedhjet, t\u00eb gjendura sipas tyre jasht\u00eb kutive. Kolegji Zgjedhor jo vet\u00ebm q\u00eb e rishkruajti Kodin dhe e prodhoi k\u00ebt\u00eb mekaniz\u00ebm, por dhe e miratoi at\u00eb si legjitim pasi pushteti e kreu operacionin e manipulimit.<\/p>\n<p>N\u00eb rastin e video-skandalit t\u00eb Ilir Met\u00ebs b\u00ebri t\u00eb kund\u00ebrt\u00ebn. Pasi prova iu dor\u00ebzua nga prokuroria dhe me ekspertiz\u00eb amerikane dhe britanike, zhvler\u00ebsoi hetimin dhe ekspert\u00ebt, ngriti sistemin e saj t\u00eb hetimit p\u00ebrmes ekspert\u00ebve q\u00eb \u00ebsht\u00eb pak t\u00eb thuash qesharak\u00eb, prodhoi nj\u00eb realitet t\u00eb ri spekulativ, sip\u00ebrfaq\u00ebsor dhe jasht\u00eb kontekstit t\u00eb zhvillimit t\u00eb skandalit dhe provoi q\u00eb \u201cfakti nuk ekziston\u201d.<\/p>\n<p>N\u00eb rastin konkret po b\u00ebhet e nj\u00ebjta gj\u00eb q\u00eb ndodhi me Ilir Met\u00ebn. Gjykata po rishkruan ngjarjet e 21 Janarit duke i zhvendosur sipas fjalorit t\u00eb kryeministrit nga bulevardi n\u00eb kryeministri, duke zbritur Ndrea Prendin nga tarraca nga ku ka vrar\u00eb Faik Myrtajn, n\u00eb oborr t\u00eb kryeministrit, duke e p\u00ebrleshur at\u00eb me demonstrues q\u00eb i kan\u00eb nxir\u00eb syrin dhe duke hedhur posht\u00eb ekspertiz\u00ebn e FBI, certifikuar nga laboratori i institucionit m\u00eb t\u00eb fuqish\u00ebm t\u00eb hetimit n\u00eb bot\u00eb. Duke prodhuar k\u00ebt\u00eb realitet t\u00eb ri, p\u00ebrmes asaj q\u00eb gjykata e quan hetim t\u00eb sajin, ne po shkojm\u00eb drejt degradimit total t\u00eb sistemit dhe humbjes s\u00eb kuptimit p\u00ebr t\u00eb k\u00ebrkuar drejt\u00ebsi n\u00eb gjykata shqiptare.<\/p>\n<p>Dhe k\u00ebtu nuk b\u00ebhet m\u00eb fjala p\u00ebr emra t\u00eb p\u00ebrve\u00e7\u00ebm gjykat\u00ebsish. Ata shihet qart\u00eb se tani nuk kan\u00eb m\u00eb emra t\u00eb p\u00ebrve\u00e7\u00ebm dhe halle personale, por jan\u00eb thjesht ushtar\u00eb t\u00eb Sali Berish\u00ebs. N\u00ebn arroganc\u00ebn e shtuar t\u00eb marrjes prej tij t\u00eb presidentit me \u00e7do kusht dhe n\u00ebn k\u00ebrc\u00ebnimin se kush nuk i \u00ebsht\u00eb bindur k\u00ebto koh\u00eb, nuk do ta ket\u00eb t\u00eb gjat\u00eb n\u00eb drejt\u00ebsi, ne po shikojm\u00eb jo vet\u00ebm nj\u00eb turp t\u00eb ri t\u00eb drejt\u00ebsis\u00eb shqiptare, por nj\u00eb krim t\u00eb ri dhe me historit\u00eb q\u00eb jan\u00eb shfaqur para syve tan\u00eb.<\/p>\n<p>Sot drejt\u00ebsia shqiptare me hetimin gjyq\u00ebsor na ka \u201cprovuar\u201d se num\u00ebrimi i votave live p\u00ebr Edi Ram\u00ebn, ku ai u shpall fitues, nuk ka ndodhur, se video-skandali i Ilir Met\u00ebs, ku ai k\u00ebrkon miliona p\u00ebr 5 minuta, nuk ka ndodhur dhe se vrasja e kat\u00ebr demonstruesve m\u00eb 21 Janar, edhe pse \u00ebsht\u00eb b\u00ebr\u00eb live, \u201cnuk ka ndodhur\u201d. Dhe nuk e b\u00ebjn\u00eb nga guximi p\u00ebr t\u00eb qen\u00eb arrogant\u00eb apo antiopozitar\u00eb, por nga ideja se ata pas tre muajsh do t\u00eb jen\u00eb t\u00eb gjith\u00eb n\u00eb dor\u00eb t\u00eb Sali Berish\u00ebs dhe t\u00eb p\u00ebrpiqen t\u2019i b\u00ebjn\u00eb nderet q\u00eb i takon mercenarizmit t\u00eb tyre.<\/p>\n<p>Prej sot e tutje nuk ka r\u00ebnd\u00ebsi n\u00ebse vrisni dhe u kap policia apo prokuroria. Nuk ka r\u00ebnd\u00ebsi n\u00ebse vidhni dhe filmoheni. Nuk ka r\u00ebnd\u00ebsi dhe n\u00ebse nuk b\u00ebni asgj\u00eb dhe jeni t\u00eb ndersh\u00ebm. Mjafton q\u00eb nj\u00eb gjykat\u00eb t\u00eb rishkruaj\u00eb at\u00eb q\u00eb k\u00ebrkon pushteti p\u00ebr ty dhe \u201cme bindjen\u201d e gjyqtarit mund t\u00eb jesh me t\u00eb nj\u00ebjt\u00ebn leht\u00ebsi i d\u00ebnuar ose i pafajsh\u00ebm. Nuk di ku ndryshojn\u00eb gjykatat e diktaturave nga k\u00ebto karikatura, por \u00ebsht\u00eb e sigurt se porosia e pushtetit d\u00ebgjohet me t\u00eb nj\u00ebjtin p\u00ebrkushtim si at\u00ebher\u00eb. Gjykohesh n\u00eb \u201cem\u00ebr t\u00eb Sali Berish\u00ebs\u201d.<\/p>\n","protected":false},"excerpt":{"rendered":"<p>Nga Mero Baze, 22 Shkurt 2012 Gjykata e Apelit hodhi dje posht\u00eb edhe faktet e reja q\u00eb provonin se Komandanti i Gard\u00ebs, Ndrea Prendi, \u00ebsht\u00eb p\u00ebrgjegj\u00ebs dhe autor p\u00ebr vrasjen e demonstruesve m\u00eb 21 janar. Kryetari i k\u00ebsaj gjykate duket se ka komanduar gjith\u00eb procesin duke p\u00ebrjashtuar nga gjykimi dy gjyqtar\u00eb t\u00eb dyshuar se mund [&hellip;]<\/p>\n","protected":false},"author":1,"featured_media":0,"comment_status":"open","ping_status":"closed","sticky":false,"template":"","format":"standard","meta":{"footnotes":""},"categories":[2],"tags":[],"class_list":{"0":"post-11712","1":"post","2":"type-post","3":"status-publish","4":"format-standard","6":"category-artikuj"},"yoast_head":"<!-- This site is optimized with the Yoast SEO plugin v27.4 - https:\/\/yoast.com\/product\/yoast-seo-wordpress\/ -->\n<title>\u201cN\u00eb em\u00ebr t\u00eb Sali Berish\u00ebs\u201d! - FjALA e LIR\u00cb - Arkivi<\/title>\n<meta name=\"robots\" content=\"index, follow, max-snippet:-1, max-image-preview:large, max-video-preview:-1\" \/>\n<link rel=\"canonical\" href=\"https:\/\/fjala.info\/2009-2015\/ne-emer-te-sali-berishes\/\" \/>\n<meta property=\"og:locale\" content=\"sq_AL\" \/>\n<meta property=\"og:type\" content=\"article\" \/>\n<meta property=\"og:title\" content=\"\u201cN\u00eb em\u00ebr t\u00eb Sali Berish\u00ebs\u201d! - FjALA e LIR\u00cb - Arkivi\" \/>\n<meta property=\"og:description\" content=\"Nga Mero Baze, 22 Shkurt 2012 Gjykata e Apelit hodhi dje posht\u00eb edhe faktet e reja q\u00eb provonin se Komandanti i Gard\u00ebs, Ndrea Prendi, \u00ebsht\u00eb p\u00ebrgjegj\u00ebs dhe autor p\u00ebr vrasjen e demonstruesve m\u00eb 21 janar. Kryetari i k\u00ebsaj gjykate duket se ka komanduar gjith\u00eb procesin duke p\u00ebrjashtuar nga gjykimi dy gjyqtar\u00eb t\u00eb dyshuar se mund [&hellip;]\" \/>\n<meta property=\"og:url\" content=\"https:\/\/fjala.info\/2009-2015\/ne-emer-te-sali-berishes\/\" \/>\n<meta property=\"og:site_name\" content=\"FjALA e LIR\u00cb - Arkivi\" \/>\n<meta property=\"article:published_time\" content=\"2012-02-23T07:49:46+00:00\" \/>\n<meta property=\"og:image\" content=\"http:\/\/www.shkoder.net\/images\/fjala\/mero_baze1.jpg\" \/>\n<meta name=\"author\" content=\"admin\" \/>\n<meta name=\"twitter:card\" content=\"summary_large_image\" \/>\n<meta name=\"twitter:label1\" content=\"Written by\" \/>\n\t<meta name=\"twitter:data1\" content=\"admin\" \/>\n\t<meta name=\"twitter:label2\" content=\"Est. reading time\" \/>\n\t<meta name=\"twitter:data2\" content=\"7 minutes\" \/>\n<script type=\"application\/ld+json\" class=\"yoast-schema-graph\">{\"@context\":\"https:\\\/\\\/schema.org\",\"@graph\":[{\"@type\":\"Article\",\"@id\":\"https:\\\/\\\/fjala.info\\\/2009-2015\\\/ne-emer-te-sali-berishes\\\/#article\",\"isPartOf\":{\"@id\":\"https:\\\/\\\/fjala.info\\\/2009-2015\\\/ne-emer-te-sali-berishes\\\/\"},\"author\":{\"name\":\"admin\",\"@id\":\"https:\\\/\\\/fjala.info\\\/2009-2015\\\/#\\\/schema\\\/person\\\/3aa1163ef05469c496fc94e77611ada2\"},\"headline\":\"\u201cN\u00eb em\u00ebr t\u00eb Sali Berish\u00ebs\u201d!\",\"datePublished\":\"2012-02-23T07:49:46+00:00\",\"mainEntityOfPage\":{\"@id\":\"https:\\\/\\\/fjala.info\\\/2009-2015\\\/ne-emer-te-sali-berishes\\\/\"},\"wordCount\":1335,\"commentCount\":0,\"publisher\":{\"@id\":\"https:\\\/\\\/fjala.info\\\/2009-2015\\\/#organization\"},\"image\":{\"@id\":\"https:\\\/\\\/fjala.info\\\/2009-2015\\\/ne-emer-te-sali-berishes\\\/#primaryimage\"},\"thumbnailUrl\":\"http:\\\/\\\/www.shkoder.net\\\/images\\\/fjala\\\/mero_baze1.jpg\",\"articleSection\":[\"Artikuj\"],\"inLanguage\":\"sq-AL\",\"potentialAction\":[{\"@type\":\"CommentAction\",\"name\":\"Comment\",\"target\":[\"https:\\\/\\\/fjala.info\\\/2009-2015\\\/ne-emer-te-sali-berishes\\\/#respond\"]}]},{\"@type\":\"WebPage\",\"@id\":\"https:\\\/\\\/fjala.info\\\/2009-2015\\\/ne-emer-te-sali-berishes\\\/\",\"url\":\"https:\\\/\\\/fjala.info\\\/2009-2015\\\/ne-emer-te-sali-berishes\\\/\",\"name\":\"\u201cN\u00eb em\u00ebr t\u00eb Sali Berish\u00ebs\u201d! - FjALA e LIR\u00cb - Arkivi\",\"isPartOf\":{\"@id\":\"https:\\\/\\\/fjala.info\\\/2009-2015\\\/#website\"},\"primaryImageOfPage\":{\"@id\":\"https:\\\/\\\/fjala.info\\\/2009-2015\\\/ne-emer-te-sali-berishes\\\/#primaryimage\"},\"image\":{\"@id\":\"https:\\\/\\\/fjala.info\\\/2009-2015\\\/ne-emer-te-sali-berishes\\\/#primaryimage\"},\"thumbnailUrl\":\"http:\\\/\\\/www.shkoder.net\\\/images\\\/fjala\\\/mero_baze1.jpg\",\"datePublished\":\"2012-02-23T07:49:46+00:00\",\"breadcrumb\":{\"@id\":\"https:\\\/\\\/fjala.info\\\/2009-2015\\\/ne-emer-te-sali-berishes\\\/#breadcrumb\"},\"inLanguage\":\"sq-AL\",\"potentialAction\":[{\"@type\":\"ReadAction\",\"target\":[\"https:\\\/\\\/fjala.info\\\/2009-2015\\\/ne-emer-te-sali-berishes\\\/\"]}]},{\"@type\":\"ImageObject\",\"inLanguage\":\"sq-AL\",\"@id\":\"https:\\\/\\\/fjala.info\\\/2009-2015\\\/ne-emer-te-sali-berishes\\\/#primaryimage\",\"url\":\"http:\\\/\\\/www.shkoder.net\\\/images\\\/fjala\\\/mero_baze1.jpg\",\"contentUrl\":\"http:\\\/\\\/www.shkoder.net\\\/images\\\/fjala\\\/mero_baze1.jpg\"},{\"@type\":\"BreadcrumbList\",\"@id\":\"https:\\\/\\\/fjala.info\\\/2009-2015\\\/ne-emer-te-sali-berishes\\\/#breadcrumb\",\"itemListElement\":[{\"@type\":\"ListItem\",\"position\":1,\"name\":\"Home\",\"item\":\"https:\\\/\\\/fjala.info\\\/2009-2015\\\/\"},{\"@type\":\"ListItem\",\"position\":2,\"name\":\"\u201cN\u00eb em\u00ebr t\u00eb Sali Berish\u00ebs\u201d!\"}]},{\"@type\":\"WebSite\",\"@id\":\"https:\\\/\\\/fjala.info\\\/2009-2015\\\/#website\",\"url\":\"https:\\\/\\\/fjala.info\\\/2009-2015\\\/\",\"name\":\"FjALA e LIR\u00cb - Arkivi\",\"description\":\"Arkivi 2009-2015\",\"publisher\":{\"@id\":\"https:\\\/\\\/fjala.info\\\/2009-2015\\\/#organization\"},\"potentialAction\":[{\"@type\":\"SearchAction\",\"target\":{\"@type\":\"EntryPoint\",\"urlTemplate\":\"https:\\\/\\\/fjala.info\\\/2009-2015\\\/?s={search_term_string}\"},\"query-input\":{\"@type\":\"PropertyValueSpecification\",\"valueRequired\":true,\"valueName\":\"search_term_string\"}}],\"inLanguage\":\"sq-AL\"},{\"@type\":\"Organization\",\"@id\":\"https:\\\/\\\/fjala.info\\\/2009-2015\\\/#organization\",\"name\":\"FjALA e LIR\u00cb - Arkivi\",\"url\":\"https:\\\/\\\/fjala.info\\\/2009-2015\\\/\",\"logo\":{\"@type\":\"ImageObject\",\"inLanguage\":\"sq-AL\",\"@id\":\"https:\\\/\\\/fjala.info\\\/2009-2015\\\/#\\\/schema\\\/logo\\\/image\\\/\",\"url\":\"\",\"contentUrl\":\"\",\"caption\":\"FjALA e LIR\u00cb - Arkivi\"},\"image\":{\"@id\":\"https:\\\/\\\/fjala.info\\\/2009-2015\\\/#\\\/schema\\\/logo\\\/image\\\/\"}},{\"@type\":\"Person\",\"@id\":\"https:\\\/\\\/fjala.info\\\/2009-2015\\\/#\\\/schema\\\/person\\\/3aa1163ef05469c496fc94e77611ada2\",\"name\":\"admin\",\"image\":{\"@type\":\"ImageObject\",\"inLanguage\":\"sq-AL\",\"@id\":\"https:\\\/\\\/fjala.info\\\/2009-2015\\\/wp-content\\\/uploads\\\/2012\\\/02\\\/arben_cokaj-120x150.jpg\",\"url\":\"https:\\\/\\\/fjala.info\\\/2009-2015\\\/wp-content\\\/uploads\\\/2012\\\/02\\\/arben_cokaj-120x150.jpg\",\"contentUrl\":\"https:\\\/\\\/fjala.info\\\/2009-2015\\\/wp-content\\\/uploads\\\/2012\\\/02\\\/arben_cokaj-120x150.jpg\",\"caption\":\"admin\"},\"description\":\"Admin, Fjala e Lir\u00eb\",\"sameAs\":[\"https:\\\/\\\/fjala.info\\\/\"],\"url\":\"https:\\\/\\\/fjala.info\\\/2009-2015\\\/author\\\/admin\\\/\"}]}<\/script>\n<!-- \/ Yoast SEO plugin. -->","yoast_head_json":{"title":"\u201cN\u00eb em\u00ebr t\u00eb Sali Berish\u00ebs\u201d! - FjALA e LIR\u00cb - Arkivi","robots":{"index":"index","follow":"follow","max-snippet":"max-snippet:-1","max-image-preview":"max-image-preview:large","max-video-preview":"max-video-preview:-1"},"canonical":"https:\/\/fjala.info\/2009-2015\/ne-emer-te-sali-berishes\/","og_locale":"sq_AL","og_type":"article","og_title":"\u201cN\u00eb em\u00ebr t\u00eb Sali Berish\u00ebs\u201d! - FjALA e LIR\u00cb - Arkivi","og_description":"Nga Mero Baze, 22 Shkurt 2012 Gjykata e Apelit hodhi dje posht\u00eb edhe faktet e reja q\u00eb provonin se Komandanti i Gard\u00ebs, Ndrea Prendi, \u00ebsht\u00eb p\u00ebrgjegj\u00ebs dhe autor p\u00ebr vrasjen e demonstruesve m\u00eb 21 janar. Kryetari i k\u00ebsaj gjykate duket se ka komanduar gjith\u00eb procesin duke p\u00ebrjashtuar nga gjykimi dy gjyqtar\u00eb t\u00eb dyshuar se mund [&hellip;]","og_url":"https:\/\/fjala.info\/2009-2015\/ne-emer-te-sali-berishes\/","og_site_name":"FjALA e LIR\u00cb - Arkivi","article_published_time":"2012-02-23T07:49:46+00:00","og_image":[{"url":"http:\/\/www.shkoder.net\/images\/fjala\/mero_baze1.jpg","type":"","width":"","height":""}],"author":"admin","twitter_card":"summary_large_image","twitter_misc":{"Written by":"admin","Est. reading time":"7 minutes"},"schema":{"@context":"https:\/\/schema.org","@graph":[{"@type":"Article","@id":"https:\/\/fjala.info\/2009-2015\/ne-emer-te-sali-berishes\/#article","isPartOf":{"@id":"https:\/\/fjala.info\/2009-2015\/ne-emer-te-sali-berishes\/"},"author":{"name":"admin","@id":"https:\/\/fjala.info\/2009-2015\/#\/schema\/person\/3aa1163ef05469c496fc94e77611ada2"},"headline":"\u201cN\u00eb em\u00ebr t\u00eb Sali Berish\u00ebs\u201d!","datePublished":"2012-02-23T07:49:46+00:00","mainEntityOfPage":{"@id":"https:\/\/fjala.info\/2009-2015\/ne-emer-te-sali-berishes\/"},"wordCount":1335,"commentCount":0,"publisher":{"@id":"https:\/\/fjala.info\/2009-2015\/#organization"},"image":{"@id":"https:\/\/fjala.info\/2009-2015\/ne-emer-te-sali-berishes\/#primaryimage"},"thumbnailUrl":"http:\/\/www.shkoder.net\/images\/fjala\/mero_baze1.jpg","articleSection":["Artikuj"],"inLanguage":"sq-AL","potentialAction":[{"@type":"CommentAction","name":"Comment","target":["https:\/\/fjala.info\/2009-2015\/ne-emer-te-sali-berishes\/#respond"]}]},{"@type":"WebPage","@id":"https:\/\/fjala.info\/2009-2015\/ne-emer-te-sali-berishes\/","url":"https:\/\/fjala.info\/2009-2015\/ne-emer-te-sali-berishes\/","name":"\u201cN\u00eb em\u00ebr t\u00eb Sali Berish\u00ebs\u201d! - FjALA e LIR\u00cb - Arkivi","isPartOf":{"@id":"https:\/\/fjala.info\/2009-2015\/#website"},"primaryImageOfPage":{"@id":"https:\/\/fjala.info\/2009-2015\/ne-emer-te-sali-berishes\/#primaryimage"},"image":{"@id":"https:\/\/fjala.info\/2009-2015\/ne-emer-te-sali-berishes\/#primaryimage"},"thumbnailUrl":"http:\/\/www.shkoder.net\/images\/fjala\/mero_baze1.jpg","datePublished":"2012-02-23T07:49:46+00:00","breadcrumb":{"@id":"https:\/\/fjala.info\/2009-2015\/ne-emer-te-sali-berishes\/#breadcrumb"},"inLanguage":"sq-AL","potentialAction":[{"@type":"ReadAction","target":["https:\/\/fjala.info\/2009-2015\/ne-emer-te-sali-berishes\/"]}]},{"@type":"ImageObject","inLanguage":"sq-AL","@id":"https:\/\/fjala.info\/2009-2015\/ne-emer-te-sali-berishes\/#primaryimage","url":"http:\/\/www.shkoder.net\/images\/fjala\/mero_baze1.jpg","contentUrl":"http:\/\/www.shkoder.net\/images\/fjala\/mero_baze1.jpg"},{"@type":"BreadcrumbList","@id":"https:\/\/fjala.info\/2009-2015\/ne-emer-te-sali-berishes\/#breadcrumb","itemListElement":[{"@type":"ListItem","position":1,"name":"Home","item":"https:\/\/fjala.info\/2009-2015\/"},{"@type":"ListItem","position":2,"name":"\u201cN\u00eb em\u00ebr t\u00eb Sali Berish\u00ebs\u201d!"}]},{"@type":"WebSite","@id":"https:\/\/fjala.info\/2009-2015\/#website","url":"https:\/\/fjala.info\/2009-2015\/","name":"FjALA e LIR\u00cb - Arkivi","description":"Arkivi 2009-2015","publisher":{"@id":"https:\/\/fjala.info\/2009-2015\/#organization"},"potentialAction":[{"@type":"SearchAction","target":{"@type":"EntryPoint","urlTemplate":"https:\/\/fjala.info\/2009-2015\/?s={search_term_string}"},"query-input":{"@type":"PropertyValueSpecification","valueRequired":true,"valueName":"search_term_string"}}],"inLanguage":"sq-AL"},{"@type":"Organization","@id":"https:\/\/fjala.info\/2009-2015\/#organization","name":"FjALA e LIR\u00cb - Arkivi","url":"https:\/\/fjala.info\/2009-2015\/","logo":{"@type":"ImageObject","inLanguage":"sq-AL","@id":"https:\/\/fjala.info\/2009-2015\/#\/schema\/logo\/image\/","url":"","contentUrl":"","caption":"FjALA e LIR\u00cb - Arkivi"},"image":{"@id":"https:\/\/fjala.info\/2009-2015\/#\/schema\/logo\/image\/"}},{"@type":"Person","@id":"https:\/\/fjala.info\/2009-2015\/#\/schema\/person\/3aa1163ef05469c496fc94e77611ada2","name":"admin","image":{"@type":"ImageObject","inLanguage":"sq-AL","@id":"https:\/\/fjala.info\/2009-2015\/wp-content\/uploads\/2012\/02\/arben_cokaj-120x150.jpg","url":"https:\/\/fjala.info\/2009-2015\/wp-content\/uploads\/2012\/02\/arben_cokaj-120x150.jpg","contentUrl":"https:\/\/fjala.info\/2009-2015\/wp-content\/uploads\/2012\/02\/arben_cokaj-120x150.jpg","caption":"admin"},"description":"Admin, Fjala e Lir\u00eb","sameAs":["https:\/\/fjala.info\/"],"url":"https:\/\/fjala.info\/2009-2015\/author\/admin\/"}]}},"_links":{"self":[{"href":"https:\/\/fjala.info\/2009-2015\/wp-json\/wp\/v2\/posts\/11712","targetHints":{"allow":["GET"]}}],"collection":[{"href":"https:\/\/fjala.info\/2009-2015\/wp-json\/wp\/v2\/posts"}],"about":[{"href":"https:\/\/fjala.info\/2009-2015\/wp-json\/wp\/v2\/types\/post"}],"author":[{"embeddable":true,"href":"https:\/\/fjala.info\/2009-2015\/wp-json\/wp\/v2\/users\/1"}],"replies":[{"embeddable":true,"href":"https:\/\/fjala.info\/2009-2015\/wp-json\/wp\/v2\/comments?post=11712"}],"version-history":[{"count":0,"href":"https:\/\/fjala.info\/2009-2015\/wp-json\/wp\/v2\/posts\/11712\/revisions"}],"wp:attachment":[{"href":"https:\/\/fjala.info\/2009-2015\/wp-json\/wp\/v2\/media?parent=11712"}],"wp:term":[{"taxonomy":"category","embeddable":true,"href":"https:\/\/fjala.info\/2009-2015\/wp-json\/wp\/v2\/categories?post=11712"},{"taxonomy":"post_tag","embeddable":true,"href":"https:\/\/fjala.info\/2009-2015\/wp-json\/wp\/v2\/tags?post=11712"}],"curies":[{"name":"wp","href":"https:\/\/api.w.org\/{rel}","templated":true}]}}