{"id":11711,"date":"2012-02-22T08:45:48","date_gmt":"2012-02-22T07:45:48","guid":{"rendered":"http:\/\/fjala.shkoder.net\/?p=1922"},"modified":"2012-02-22T08:45:48","modified_gmt":"2012-02-22T07:45:48","slug":"21-janari-koha-ka-ndalur","status":"publish","type":"post","link":"https:\/\/fjala.info\/2009-2015\/21-janari-koha-ka-ndalur\/","title":{"rendered":"21 janari, koha ka ndalur"},"content":{"rendered":"<p><img decoding=\"async\" class=\"alignright size-thumbnail wp-image-7236\" title=\"Foto ilustruese\" src=\"http:\/\/www.shkoder.net\/2012\/21_jan_pol.jpg\" alt=\"\" width=\"150\" \/> Nga <strong>Artan Mullaj<\/strong>, <em>22 Shkurt 2012<\/em><\/p>\n<p>Kujtesa e njeriut \u00ebsht\u00eb e koduar t\u00eb regjistroj\u00eb dhe t\u00eb ruaj\u00eb t\u00ebr\u00ebsisht\u2028faktin e nj\u00eb realiteti, por jo t\u00ebr\u00ebsisht emocionin shoq\u00ebrues t\u00eb tij.\u2028Ne nuk mund t\u00eb harrojm\u00eb kurr\u00eb disa ndodhi t\u00eb tmerrshme t\u00eb tranzicionit\u2028shqiptar, protagonist i spikatur i t\u00eb cilit ka qen\u00eb Kryeministri Sali\u2028Berisha. Por nuk mund t\u00eb sillemi nj\u00eblloj ndaj tyre, nd\u00ebrsa koha kalon.\u2028Emocionet q\u00eb kemi p\u00ebrjetuar, p\u00ebr shkak t\u00eb k\u00ebtyre ndodhive, derivohen n\u00eb koh\u00eb, duke shkuar her\u00ebt a von\u00eb drejt shuarjes.<\/p>\n<p>(Tragjedit\u00eb e\u2028emigrant\u00ebve n\u00eb det, viti \u201897, shp\u00ebrthimi atomik i G\u00ebrdecit e shum\u00eb t\u00eb\u2028tjera ndodhi me vdekje dhe dhimbje t\u00eb past\u00ebr, duket se do t\u2019i kemi\u2028p\u00ebrgjithmon\u00eb n\u00eb memorie, por nuk do t\u2019i p\u00ebrjetojm\u00eb nj\u00eblloj n\u00eb \u00e7do\u2028koh\u00eb, por mbase vet\u00ebm n\u00eb \u00e7aste meditimesh t\u00eb thella\u2026)\u2028Si nj\u00eb fuqi e mistershme, vdekja n\u00eb ndodhi t\u00eb tilla \u00ebsht\u00eb nga t\u00eb\u2028paktat perceptime q\u00eb e shtyjn\u00eb imagjinat\u00ebn e njeriut n\u00eb kufijt\u00eb e nj\u00eb\u2028meditimi ekstrem.<\/p>\n<p>Patjet\u00ebr ka shum\u00eb qytetar\u00eb q\u00eb jan\u00eb p\u00ebrpjekur t\u00eb\u2028hyjn\u00eb n\u00eb kok\u00ebn e Sali Berish\u00ebs, p\u00ebr t\u00eb kuptuar e shpjeguar nj\u00ebfar\u00ebsoj\u2028vdekjet e shumta e t\u00eb r\u00ebnda q\u00eb kan\u00eb ndodhur gjat\u00eb qenies s\u00eb tij n\u00eb\u2028pushtet, p\u00ebr ta justifikuar, apo s\u00eb paku, nga nevoja p\u00ebr t\u00eb\u2028p\u00ebrjashtuar m\u00eb fatalen, barbaren, m\u00eb shkat\u00ebrruesen gj\u00eb. Shqiptar\u00ebt\u2028doemos kan\u00eb dashur t\u00eb p\u00ebrjashtojn\u00eb nga opsionet e mundshme at\u00eb \u00e7ka nuk\u2028mund t\u00eb pranohej nga mendja e tyre. Jasht\u00eb \u00e7do pasioni, gjithkush do\u2028t\u00eb d\u00ebshironte q\u00eb jet\u00ebt e humbura kot n\u00eb vitin \u201897, kasaphana e G\u00ebrdecit, vrasjet e 21 janarit, duke qen\u00eb t\u00eb p\u00ebrbindshme, t\u00eb kishin doemos nj\u00eb shkak, nj\u00eb p\u00ebrligjje \u00e7far\u00ebdo, nj\u00eb motivim, por kurrsesi arsyen se Kryeministri i tyre vrau gjakftoht\u00eb, se<\/p>\n<p>Kryeministri \u00ebsht\u00eb nj\u00eb kriminel gjenetik, i lindur, nj\u00eb psikopat barbar si norvegjezi i ishullit tutje, apo m\u00eb keq se ai, nj\u00eb frel\u00ebshuar n\u00eb pushtet, si Hitleri i dikursh\u00ebm.<\/p>\n<p>Kjo \u00ebsht\u00eb nj\u00eb tem\u00eb e err\u00ebt, q\u00eb k\u00ebrkon shum\u00eb vullnet p\u00ebr t\u00eb b\u00ebr\u00eb paqe me veten dhe me realitetin, por sidoqoft\u00eb, \u00e7far\u00ebdo t\u00eb dyshojn\u00eb, supozojn\u00eb\u2028apo besojn\u00eb shqiptar\u00ebt p\u00ebr Kryeministrin e tyre, ata nuk do t\u00eb mund ta\u2028harrojn\u00eb kurr\u00eb as G\u00ebrdecin, as vitin \u201897! Nuk mund ta harrojn\u00eb, por as\u2028nuk do t\u00eb ndiejn\u00eb nj\u00eblloj p\u00ebr ato, p\u00ebr shkak t\u00eb harres\u00ebs, ngrirjes\u2028kohore, vit pas viti.<\/p>\n<p>Koha i leht\u00ebson dhimbjet e s\u00eb shkuar\u00ebs, po aq\u2028sa i sh\u00ebron veprimi, dhe kjo \u00ebsht\u00eb arsyeja q\u00eb n\u00eb nd\u00ebrgjegjen e tyre, \u2028koha, si nocion, m\u00eb shum\u00eb se \u00e7do gj\u00eb, \u00ebsht\u00eb aleate e pushtetit. (N\u00eb\u2028k\u00ebt\u00eb rast, e Saliut). Ajo punon p\u00ebr t\u00eb duke p\u00ebrdorur mekanizmin e harres\u00ebs. Aq m\u00eb tep\u00ebr q\u00eb shqiptar\u00ebt, harres\u00ebn, (p\u00ebr t\u00eb mos th\u00ebn\u00eb\u2028munges\u00ebn e kujtes\u00ebs) e kan\u00eb nj\u00eb ve\u00e7ori komb\u00ebtare, ashtu si ve\u00e7ori\u2028komb\u00ebtare kan\u00eb varf\u00ebrin\u00eb apo paaft\u00ebsin\u00eb befasuese p\u00ebr t\u00eb qeverisur veten e tyre.<\/p>\n<p>P\u00ebr k\u00ebt\u00eb arsye, mendimi se koha, n\u00eb nj\u00ebfar\u00eb m\u00ebnyre, \u00ebsht\u00eb aleate e\u2028pushtetit, p\u00ebrb\u00ebn nj\u00eb parim, i cili n\u00eb k\u00ebt\u00eb rast shprehet m\u00eb s\u00eb miri\u2028edhe me fjal\u00ebn e vjet\u00ebr: \u201c\u00c7udia m\u00eb e madhe zgjat vet\u00ebm 3 dit\u00eb!\u201d Koha ka\u2028b\u00ebr\u00eb pun\u00ebn e saj dhe Kryeministri megjithat\u00eb dhe me gjith\u00eb ato vazhdon t\u00eb\u2028qeveris\u00eb Shqip\u00ebrin\u00eb. Megjithat\u00eb ka nj\u00eb p\u00ebrjashtim! Ne mund t\u00eb\u2028supozojm\u00eb se ekziston nj\u00eb ngjarje e tranzicionit shqiptar, e cila e ka\u2028sfiduar fjal\u00ebn e mo\u00e7me q\u00eb p\u00ebrmend\u00ebm m\u00eb lart, parimin. Ekziston nj\u00eb\u2028ngjarje e \u00e7liruar nga ligjet e koh\u00ebs dhe ligjet e kujtes\u00ebs. E futur\u2028eg\u00ebr n\u00eb histori, ajo \u00ebsht\u00eb nj\u00eb moment, n\u00eb t\u00eb cilin koha v\u00ebrtet ka\u2028ndaluar. Ndryshe nga ndodhit\u00eb e llojit t\u00eb saj, kjo ngjarje \u00ebsht\u00eb e\u2028paprekur nga inercia dashamir\u00ebse e rrjedh\u00ebs s\u00eb koh\u00ebs, nga koha vet\u00eb,\u2028q\u00eb i jep jet\u00eb dhe m\u00eb shum\u00eb pushtet, pushtetit.<\/p>\n<p>Edhe pse ka kaluar m\u00eb shum\u00eb se nj\u00eb vit, asgj\u00eb nuk ka ndryshuar e\u2028ngrir\u00eb, dhe dhimbja, ndjesit\u00eb, pik\u00ebllimi, t\u00eb gjitha jan\u00eb po ato t\u00eb\u2028dit\u00ebs s\u00eb par\u00eb, mish, vuajtje dhe gjak p\u00ebr shum\u00eb njer\u00ebz. Dihet kush\u2028\u00ebsht\u00eb kjo ngjarje, si nj\u00eb mas\u00eb e patretshme, q\u00eb refuzon t\u00eb hyj\u00eb n\u00eb\u2028kujtes\u00ebn e shqiptar\u00ebve si nj\u00eb materie n\u00eb err\u00ebsir\u00eb.\u2028\u00cbsht\u00eb 21 janari.<\/p>\n<p>Si nj\u00eb p\u00ebrjashtim, ndoshta p\u00ebr shkak se dhimbja publike i kaloi\u2028kufijt\u00eb e t\u00eb zakonshmes, apo kushedi p\u00ebr \u00e7far\u00eb arsye tjet\u00ebr, duket se\u2028midis tragjedive t\u00eb tjera t\u00eb tranzicionit, 21 janari hyri n\u00eb histori\u2028p\u00ebr t\u00eb mos \u201cngrir\u00eb\u201d kurr\u00eb. Do t\u00eb jet\u00eb p\u00ebrjet\u00eb nj\u00eb plag\u00eb e pambyllur,\u2028q\u00eb do t\u00eb rrjedh\u00eb pa pushim. Jan\u00eb shum\u00eb ata q\u00eb besojn\u00eb se pik\u00ebllimi\u2028qytetar edhe sot \u00ebsht\u00eb i nj\u00ebllojt\u00eb me at\u00eb q\u00eb turma ndjeu m\u00eb 21 janar,\u2028kur shteti q\u00eblloi e vrau t\u00eb pafajshmit n\u00eb shesh\u2026<\/p>\n<p>Procesi i \u00ebnd\u00ebrruar i ngrirjes s\u00eb ngjarjes, me sa duket nuk do t\u00eb\u2028ngjas\u00eb. Dhimbja p\u00ebr t\u00eb vrar\u00ebt nuk do t\u00eb shuhet, pavar\u00ebsisht rrjedhjes\u2028s\u00eb pashlyeshme t\u00eb koh\u00ebs. Emocioni do t\u00eb jet\u00eb po ai i dit\u00ebs s\u00eb krimit,\u2028ekstrem, i zi, lotsjell\u00ebs, sepse m\u00eb 21 janar, shteti vrau. Nuk ishte\u2028nj\u00eb vrasje e zakont\u00eb. Shteti vrau past\u00ebr, me vet\u00ebdije t\u00eb plot\u00eb,\u2028mallkuesh\u00ebm, p\u00ebr hir t\u00eb pushtetit, duke sjell\u00eb nj\u00eb harbut\u00ebri anarkie\u2028n\u00eb psikoz\u00ebn kolektive t\u00eb njer\u00ebzve p\u00ebr institucionet. Kjo gj\u00eb e ve\u00e7on\u202821 janarin nga tragjedit\u00eb e tjera.<\/p>\n<p>E b\u00ebn ngjarjen rr\u00ebqeth\u00ebse\u2028p\u00ebrgjithmon\u00eb. N\u00eb nj\u00eb p\u00ebrgjith\u00ebsim, shteti nuk vrau, por u vet\u00ebvra.\u2028Shteti, i krijuar pik\u00ebrisht p\u00ebr t\u00eb kund\u00ebrt\u00ebn e asaj q\u00eb ndodhi m\u00eb 21\u2028janar, nga nj\u00eb marr\u00ebveshje e p\u00ebrbashk\u00ebt p\u00ebr t\u00eb siguruar jet\u00ebn, solli\u2028vdekjen. Vrau kat\u00ebr shtetas t\u00eb pafajsh\u00ebm. Vrau veten e tij.\u2028N\u00eb nj\u00ebfar\u00eb m\u00ebnyre, m\u00eb e sakt\u00eb do t\u00eb ishte t\u00eb thuhej q\u00eb pushteti, duke\u2028qen\u00eb shkak, duke qen\u00eb edhe nj\u00eb kuptim, ishte n\u00eb k\u00ebt\u00eb rast vras\u00ebsi i\u2028kat\u00ebr qytetar\u00ebve. Nuk vrau shteti qytetar\u00ebt, por pushteti vrau\u2028shtetin.<\/p>\n<p>Historia njer\u00ebzore ka disa ngjarje q\u00eb kan\u00eb sfiduar koh\u00ebn, nd\u00ebrsa\u2028perceptimi bot\u00ebror \u00ebsht\u00eb i till\u00eb q\u00eb, duke qen\u00eb i pranish\u00ebm n\u00eb to gjaku\u2028njer\u00ebzor, magjia e shnd\u00ebrruar n\u00eb nj\u00eb simbol, afrohet si nj\u00eb dhimbje e\u2028p\u00ebrjetshme, q\u00eb rrjedh n\u00eb koh\u00eb e nuk rresht. N\u00eb Malin e Shenjt\u00eb n\u00eb\u2028Greqi, n\u00eb nj\u00ebrin nga manastiret, gjendet nj\u00eb dor\u00eb e prer\u00eb shenjtori,\u2028q\u00eb ka jetuar k\u00ebtu e 2000 vjet m\u00eb par\u00eb. Dora \u00ebsht\u00eb kock\u00eb, mish e\u2028l\u00ebkur\u00eb dhe prerja \u00ebsht\u00eb ende plag\u00eb. Nj\u00eb vizitori besimtar i duhet t\u00eb\u2028puth\u00eb dor\u00ebn e gjall\u00eb t\u00eb shenjtorit t\u00eb vdekur 20 shekuj m\u00eb par\u00eb, p\u00ebr\u2028t\u00eb shprehur mir\u00ebnjohjen ndaj mikpritjes s\u00eb shenjt\u00eb t\u00eb manastirit.<\/p>\n<p>Dhe,\u2028t\u00eb puth\u00ebsh at\u00eb dor\u00eb, ku ndihet qart\u00eb ul\u00ebrima e shenjtorit t\u00eb masakruar\u2028barbarisht qyshkur, t\u00eb shnd\u00ebrruar n\u00eb simbol t\u00eb dhimbjes m\u00eb t\u00eb frikshme,\u2028\u00ebsht\u00eb nj\u00eb ndjesi e p\u00ebrbindshme, q\u00eb nuk shuhet kurr\u00eb. Nj\u00eblloj, n\u00eb\u2028tragjedit\u00eb e Shekspirit, ku duart me gjak q\u00eb nuk lahen kurr\u00eb, dhe\u2028pushteti si shkak i gjakut t\u00eb tyre, t\u00eb shkaktojn\u00eb nj\u00eb rezonanc\u00eb\u2028ndjeshm\u00ebrie, t\u00eb ngjashme kushedi, me at\u00eb t\u00eb autorit n\u00eb seancat e\u2028krijimit dhe bashk\u00ebkoh\u00ebsve t\u00eb tij.<\/p>\n<p>Ndjesira t\u00eb ngjashme me sa duket do t\u00eb prodhoj\u00eb p\u00ebrgjithmon\u00eb 21 janari\u2028shqiptar. Sepse kjo dit\u00eb ka nj\u00ebher\u00ebsh shenjt\u00ebrin\u00eb e pafaj\u00ebsis\u00eb dhe\u2028madh\u00ebshti shekspiriane. Edhe k\u00ebtu, gjakimi makab\u00ebr b\u00ebhet p\u00ebr t\u00eb qen\u00eb\u2028m\u00eb gjat\u00eb n\u00eb pushtet. Madje, realiteti i tragjedis\u00eb s\u00eb 21 janarit shkon\u2028m\u00eb tutje se aq n\u00eb p\u00ebrfytyrim. Dhimbja, aty ku gjaku rrjedh e zjarri i\u2028zem\u00ebrimit nuk shuhet, rreket t\u00eb fitoj\u00eb nj\u00eb p\u00ebrmas\u00eb t\u00eb re. Dhe kjo\u2028\u00ebsht\u00eb e kuptueshme.<\/p>\n<p>Akoma gjak edhe prush, 21 janari, p\u00ebrkundrazi,\u2028p\u00ebrdor aq m\u00eb shum\u00eb koh\u00ebn p\u00ebr ta sfiduar koh\u00ebn, tek \u00ebsht\u00eb duke ndodhur\u2028e kund\u00ebrta, jo leht\u00ebsimi, jo sh\u00ebrimi, por r\u00ebndimi i saj. Fakti se kjo\u2028\u00ebsht\u00eb nj\u00eb histori q\u00eb ndodh n\u00eb nj\u00eb vend ku pushteti vret shtetin dhe\u2028mungon t\u00ebr\u00ebsisht drejt\u00ebsia, si rrall\u00ebkund n\u00eb planet, e \u00e7on ul\u00ebrim\u00ebn e\u2028dhimbjes n\u00eb qiell, si nj\u00eb p\u00ebrpjekje t\u00eb p\u00ebrzotshme q\u00eb rreket t\u00eb zgjoj\u00eb\u2028per\u00ebndin\u00eb, q\u00eb t\u00eb pakt\u00ebn per\u00ebndia, t\u00eb v\u00ebr\u00eb dor\u00ebn e saj n\u00eb k\u00ebt\u00eb cop\u00eb\u2028t\u00eb mjer\u00eb e t\u00eb dhimbshme t\u00eb natyr\u00ebs q\u00eb vet\u00eb ajo ka krijuar.<\/p>\n","protected":false},"excerpt":{"rendered":"<p>Nga Artan Mullaj, 22 Shkurt 2012 Kujtesa e njeriut \u00ebsht\u00eb e koduar t\u00eb regjistroj\u00eb dhe t\u00eb ruaj\u00eb t\u00ebr\u00ebsisht\u2028faktin e nj\u00eb realiteti, por jo t\u00ebr\u00ebsisht emocionin shoq\u00ebrues t\u00eb tij.\u2028Ne nuk mund t\u00eb harrojm\u00eb kurr\u00eb disa ndodhi t\u00eb tmerrshme t\u00eb tranzicionit\u2028shqiptar, protagonist i spikatur i t\u00eb cilit ka qen\u00eb Kryeministri Sali\u2028Berisha. Por nuk mund t\u00eb sillemi nj\u00eblloj [&hellip;]<\/p>\n","protected":false},"author":1,"featured_media":0,"comment_status":"open","ping_status":"closed","sticky":false,"template":"","format":"standard","meta":{"footnotes":""},"categories":[2],"tags":[],"class_list":{"0":"post-11711","1":"post","2":"type-post","3":"status-publish","4":"format-standard","6":"category-artikuj"},"yoast_head":"<!-- This site is optimized with the Yoast SEO plugin v27.4 - https:\/\/yoast.com\/product\/yoast-seo-wordpress\/ -->\n<title>21 janari, koha ka ndalur - FjALA e LIR\u00cb - Arkivi<\/title>\n<meta name=\"robots\" content=\"index, follow, max-snippet:-1, max-image-preview:large, max-video-preview:-1\" \/>\n<link rel=\"canonical\" href=\"https:\/\/fjala.info\/2009-2015\/21-janari-koha-ka-ndalur\/\" \/>\n<meta property=\"og:locale\" content=\"sq_AL\" \/>\n<meta property=\"og:type\" content=\"article\" \/>\n<meta property=\"og:title\" content=\"21 janari, koha ka ndalur - FjALA e LIR\u00cb - Arkivi\" \/>\n<meta property=\"og:description\" content=\"Nga Artan Mullaj, 22 Shkurt 2012 Kujtesa e njeriut \u00ebsht\u00eb e koduar t\u00eb regjistroj\u00eb dhe t\u00eb ruaj\u00eb t\u00ebr\u00ebsisht\u2028faktin e nj\u00eb realiteti, por jo t\u00ebr\u00ebsisht emocionin shoq\u00ebrues t\u00eb tij.\u2028Ne nuk mund t\u00eb harrojm\u00eb kurr\u00eb disa ndodhi t\u00eb tmerrshme t\u00eb tranzicionit\u2028shqiptar, protagonist i spikatur i t\u00eb cilit ka qen\u00eb Kryeministri Sali\u2028Berisha. Por nuk mund t\u00eb sillemi nj\u00eblloj [&hellip;]\" \/>\n<meta property=\"og:url\" content=\"https:\/\/fjala.info\/2009-2015\/21-janari-koha-ka-ndalur\/\" \/>\n<meta property=\"og:site_name\" content=\"FjALA e LIR\u00cb - Arkivi\" \/>\n<meta property=\"article:published_time\" content=\"2012-02-22T07:45:48+00:00\" \/>\n<meta property=\"og:image\" content=\"http:\/\/www.shkoder.net\/2012\/21_jan_pol.jpg\" \/>\n<meta name=\"author\" content=\"admin\" \/>\n<meta name=\"twitter:card\" content=\"summary_large_image\" \/>\n<meta name=\"twitter:label1\" content=\"Written by\" \/>\n\t<meta name=\"twitter:data1\" content=\"admin\" \/>\n\t<meta name=\"twitter:label2\" content=\"Est. reading time\" \/>\n\t<meta name=\"twitter:data2\" content=\"7 minutes\" \/>\n<script type=\"application\/ld+json\" class=\"yoast-schema-graph\">{\"@context\":\"https:\\\/\\\/schema.org\",\"@graph\":[{\"@type\":\"Article\",\"@id\":\"https:\\\/\\\/fjala.info\\\/2009-2015\\\/21-janari-koha-ka-ndalur\\\/#article\",\"isPartOf\":{\"@id\":\"https:\\\/\\\/fjala.info\\\/2009-2015\\\/21-janari-koha-ka-ndalur\\\/\"},\"author\":{\"name\":\"admin\",\"@id\":\"https:\\\/\\\/fjala.info\\\/2009-2015\\\/#\\\/schema\\\/person\\\/3aa1163ef05469c496fc94e77611ada2\"},\"headline\":\"21 janari, koha ka ndalur\",\"datePublished\":\"2012-02-22T07:45:48+00:00\",\"mainEntityOfPage\":{\"@id\":\"https:\\\/\\\/fjala.info\\\/2009-2015\\\/21-janari-koha-ka-ndalur\\\/\"},\"wordCount\":1464,\"commentCount\":0,\"publisher\":{\"@id\":\"https:\\\/\\\/fjala.info\\\/2009-2015\\\/#organization\"},\"image\":{\"@id\":\"https:\\\/\\\/fjala.info\\\/2009-2015\\\/21-janari-koha-ka-ndalur\\\/#primaryimage\"},\"thumbnailUrl\":\"http:\\\/\\\/www.shkoder.net\\\/2012\\\/21_jan_pol.jpg\",\"articleSection\":[\"Artikuj\"],\"inLanguage\":\"sq-AL\",\"potentialAction\":[{\"@type\":\"CommentAction\",\"name\":\"Comment\",\"target\":[\"https:\\\/\\\/fjala.info\\\/2009-2015\\\/21-janari-koha-ka-ndalur\\\/#respond\"]}]},{\"@type\":\"WebPage\",\"@id\":\"https:\\\/\\\/fjala.info\\\/2009-2015\\\/21-janari-koha-ka-ndalur\\\/\",\"url\":\"https:\\\/\\\/fjala.info\\\/2009-2015\\\/21-janari-koha-ka-ndalur\\\/\",\"name\":\"21 janari, koha ka ndalur - FjALA e LIR\u00cb - Arkivi\",\"isPartOf\":{\"@id\":\"https:\\\/\\\/fjala.info\\\/2009-2015\\\/#website\"},\"primaryImageOfPage\":{\"@id\":\"https:\\\/\\\/fjala.info\\\/2009-2015\\\/21-janari-koha-ka-ndalur\\\/#primaryimage\"},\"image\":{\"@id\":\"https:\\\/\\\/fjala.info\\\/2009-2015\\\/21-janari-koha-ka-ndalur\\\/#primaryimage\"},\"thumbnailUrl\":\"http:\\\/\\\/www.shkoder.net\\\/2012\\\/21_jan_pol.jpg\",\"datePublished\":\"2012-02-22T07:45:48+00:00\",\"breadcrumb\":{\"@id\":\"https:\\\/\\\/fjala.info\\\/2009-2015\\\/21-janari-koha-ka-ndalur\\\/#breadcrumb\"},\"inLanguage\":\"sq-AL\",\"potentialAction\":[{\"@type\":\"ReadAction\",\"target\":[\"https:\\\/\\\/fjala.info\\\/2009-2015\\\/21-janari-koha-ka-ndalur\\\/\"]}]},{\"@type\":\"ImageObject\",\"inLanguage\":\"sq-AL\",\"@id\":\"https:\\\/\\\/fjala.info\\\/2009-2015\\\/21-janari-koha-ka-ndalur\\\/#primaryimage\",\"url\":\"http:\\\/\\\/www.shkoder.net\\\/2012\\\/21_jan_pol.jpg\",\"contentUrl\":\"http:\\\/\\\/www.shkoder.net\\\/2012\\\/21_jan_pol.jpg\"},{\"@type\":\"BreadcrumbList\",\"@id\":\"https:\\\/\\\/fjala.info\\\/2009-2015\\\/21-janari-koha-ka-ndalur\\\/#breadcrumb\",\"itemListElement\":[{\"@type\":\"ListItem\",\"position\":1,\"name\":\"Home\",\"item\":\"https:\\\/\\\/fjala.info\\\/2009-2015\\\/\"},{\"@type\":\"ListItem\",\"position\":2,\"name\":\"21 janari, koha ka ndalur\"}]},{\"@type\":\"WebSite\",\"@id\":\"https:\\\/\\\/fjala.info\\\/2009-2015\\\/#website\",\"url\":\"https:\\\/\\\/fjala.info\\\/2009-2015\\\/\",\"name\":\"FjALA e LIR\u00cb - Arkivi\",\"description\":\"Arkivi 2009-2015\",\"publisher\":{\"@id\":\"https:\\\/\\\/fjala.info\\\/2009-2015\\\/#organization\"},\"potentialAction\":[{\"@type\":\"SearchAction\",\"target\":{\"@type\":\"EntryPoint\",\"urlTemplate\":\"https:\\\/\\\/fjala.info\\\/2009-2015\\\/?s={search_term_string}\"},\"query-input\":{\"@type\":\"PropertyValueSpecification\",\"valueRequired\":true,\"valueName\":\"search_term_string\"}}],\"inLanguage\":\"sq-AL\"},{\"@type\":\"Organization\",\"@id\":\"https:\\\/\\\/fjala.info\\\/2009-2015\\\/#organization\",\"name\":\"FjALA e LIR\u00cb - Arkivi\",\"url\":\"https:\\\/\\\/fjala.info\\\/2009-2015\\\/\",\"logo\":{\"@type\":\"ImageObject\",\"inLanguage\":\"sq-AL\",\"@id\":\"https:\\\/\\\/fjala.info\\\/2009-2015\\\/#\\\/schema\\\/logo\\\/image\\\/\",\"url\":\"\",\"contentUrl\":\"\",\"caption\":\"FjALA e LIR\u00cb - Arkivi\"},\"image\":{\"@id\":\"https:\\\/\\\/fjala.info\\\/2009-2015\\\/#\\\/schema\\\/logo\\\/image\\\/\"}},{\"@type\":\"Person\",\"@id\":\"https:\\\/\\\/fjala.info\\\/2009-2015\\\/#\\\/schema\\\/person\\\/3aa1163ef05469c496fc94e77611ada2\",\"name\":\"admin\",\"image\":{\"@type\":\"ImageObject\",\"inLanguage\":\"sq-AL\",\"@id\":\"https:\\\/\\\/fjala.info\\\/2009-2015\\\/wp-content\\\/uploads\\\/2012\\\/02\\\/arben_cokaj-120x150.jpg\",\"url\":\"https:\\\/\\\/fjala.info\\\/2009-2015\\\/wp-content\\\/uploads\\\/2012\\\/02\\\/arben_cokaj-120x150.jpg\",\"contentUrl\":\"https:\\\/\\\/fjala.info\\\/2009-2015\\\/wp-content\\\/uploads\\\/2012\\\/02\\\/arben_cokaj-120x150.jpg\",\"caption\":\"admin\"},\"description\":\"Admin, Fjala e Lir\u00eb\",\"sameAs\":[\"https:\\\/\\\/fjala.info\\\/\"],\"url\":\"https:\\\/\\\/fjala.info\\\/2009-2015\\\/author\\\/admin\\\/\"}]}<\/script>\n<!-- \/ Yoast SEO plugin. -->","yoast_head_json":{"title":"21 janari, koha ka ndalur - FjALA e LIR\u00cb - Arkivi","robots":{"index":"index","follow":"follow","max-snippet":"max-snippet:-1","max-image-preview":"max-image-preview:large","max-video-preview":"max-video-preview:-1"},"canonical":"https:\/\/fjala.info\/2009-2015\/21-janari-koha-ka-ndalur\/","og_locale":"sq_AL","og_type":"article","og_title":"21 janari, koha ka ndalur - FjALA e LIR\u00cb - Arkivi","og_description":"Nga Artan Mullaj, 22 Shkurt 2012 Kujtesa e njeriut \u00ebsht\u00eb e koduar t\u00eb regjistroj\u00eb dhe t\u00eb ruaj\u00eb t\u00ebr\u00ebsisht\u2028faktin e nj\u00eb realiteti, por jo t\u00ebr\u00ebsisht emocionin shoq\u00ebrues t\u00eb tij.\u2028Ne nuk mund t\u00eb harrojm\u00eb kurr\u00eb disa ndodhi t\u00eb tmerrshme t\u00eb tranzicionit\u2028shqiptar, protagonist i spikatur i t\u00eb cilit ka qen\u00eb Kryeministri Sali\u2028Berisha. Por nuk mund t\u00eb sillemi nj\u00eblloj [&hellip;]","og_url":"https:\/\/fjala.info\/2009-2015\/21-janari-koha-ka-ndalur\/","og_site_name":"FjALA e LIR\u00cb - Arkivi","article_published_time":"2012-02-22T07:45:48+00:00","og_image":[{"url":"http:\/\/www.shkoder.net\/2012\/21_jan_pol.jpg","type":"","width":"","height":""}],"author":"admin","twitter_card":"summary_large_image","twitter_misc":{"Written by":"admin","Est. reading time":"7 minutes"},"schema":{"@context":"https:\/\/schema.org","@graph":[{"@type":"Article","@id":"https:\/\/fjala.info\/2009-2015\/21-janari-koha-ka-ndalur\/#article","isPartOf":{"@id":"https:\/\/fjala.info\/2009-2015\/21-janari-koha-ka-ndalur\/"},"author":{"name":"admin","@id":"https:\/\/fjala.info\/2009-2015\/#\/schema\/person\/3aa1163ef05469c496fc94e77611ada2"},"headline":"21 janari, koha ka ndalur","datePublished":"2012-02-22T07:45:48+00:00","mainEntityOfPage":{"@id":"https:\/\/fjala.info\/2009-2015\/21-janari-koha-ka-ndalur\/"},"wordCount":1464,"commentCount":0,"publisher":{"@id":"https:\/\/fjala.info\/2009-2015\/#organization"},"image":{"@id":"https:\/\/fjala.info\/2009-2015\/21-janari-koha-ka-ndalur\/#primaryimage"},"thumbnailUrl":"http:\/\/www.shkoder.net\/2012\/21_jan_pol.jpg","articleSection":["Artikuj"],"inLanguage":"sq-AL","potentialAction":[{"@type":"CommentAction","name":"Comment","target":["https:\/\/fjala.info\/2009-2015\/21-janari-koha-ka-ndalur\/#respond"]}]},{"@type":"WebPage","@id":"https:\/\/fjala.info\/2009-2015\/21-janari-koha-ka-ndalur\/","url":"https:\/\/fjala.info\/2009-2015\/21-janari-koha-ka-ndalur\/","name":"21 janari, koha ka ndalur - FjALA e LIR\u00cb - Arkivi","isPartOf":{"@id":"https:\/\/fjala.info\/2009-2015\/#website"},"primaryImageOfPage":{"@id":"https:\/\/fjala.info\/2009-2015\/21-janari-koha-ka-ndalur\/#primaryimage"},"image":{"@id":"https:\/\/fjala.info\/2009-2015\/21-janari-koha-ka-ndalur\/#primaryimage"},"thumbnailUrl":"http:\/\/www.shkoder.net\/2012\/21_jan_pol.jpg","datePublished":"2012-02-22T07:45:48+00:00","breadcrumb":{"@id":"https:\/\/fjala.info\/2009-2015\/21-janari-koha-ka-ndalur\/#breadcrumb"},"inLanguage":"sq-AL","potentialAction":[{"@type":"ReadAction","target":["https:\/\/fjala.info\/2009-2015\/21-janari-koha-ka-ndalur\/"]}]},{"@type":"ImageObject","inLanguage":"sq-AL","@id":"https:\/\/fjala.info\/2009-2015\/21-janari-koha-ka-ndalur\/#primaryimage","url":"http:\/\/www.shkoder.net\/2012\/21_jan_pol.jpg","contentUrl":"http:\/\/www.shkoder.net\/2012\/21_jan_pol.jpg"},{"@type":"BreadcrumbList","@id":"https:\/\/fjala.info\/2009-2015\/21-janari-koha-ka-ndalur\/#breadcrumb","itemListElement":[{"@type":"ListItem","position":1,"name":"Home","item":"https:\/\/fjala.info\/2009-2015\/"},{"@type":"ListItem","position":2,"name":"21 janari, koha ka ndalur"}]},{"@type":"WebSite","@id":"https:\/\/fjala.info\/2009-2015\/#website","url":"https:\/\/fjala.info\/2009-2015\/","name":"FjALA e LIR\u00cb - Arkivi","description":"Arkivi 2009-2015","publisher":{"@id":"https:\/\/fjala.info\/2009-2015\/#organization"},"potentialAction":[{"@type":"SearchAction","target":{"@type":"EntryPoint","urlTemplate":"https:\/\/fjala.info\/2009-2015\/?s={search_term_string}"},"query-input":{"@type":"PropertyValueSpecification","valueRequired":true,"valueName":"search_term_string"}}],"inLanguage":"sq-AL"},{"@type":"Organization","@id":"https:\/\/fjala.info\/2009-2015\/#organization","name":"FjALA e LIR\u00cb - Arkivi","url":"https:\/\/fjala.info\/2009-2015\/","logo":{"@type":"ImageObject","inLanguage":"sq-AL","@id":"https:\/\/fjala.info\/2009-2015\/#\/schema\/logo\/image\/","url":"","contentUrl":"","caption":"FjALA e LIR\u00cb - Arkivi"},"image":{"@id":"https:\/\/fjala.info\/2009-2015\/#\/schema\/logo\/image\/"}},{"@type":"Person","@id":"https:\/\/fjala.info\/2009-2015\/#\/schema\/person\/3aa1163ef05469c496fc94e77611ada2","name":"admin","image":{"@type":"ImageObject","inLanguage":"sq-AL","@id":"https:\/\/fjala.info\/2009-2015\/wp-content\/uploads\/2012\/02\/arben_cokaj-120x150.jpg","url":"https:\/\/fjala.info\/2009-2015\/wp-content\/uploads\/2012\/02\/arben_cokaj-120x150.jpg","contentUrl":"https:\/\/fjala.info\/2009-2015\/wp-content\/uploads\/2012\/02\/arben_cokaj-120x150.jpg","caption":"admin"},"description":"Admin, Fjala e Lir\u00eb","sameAs":["https:\/\/fjala.info\/"],"url":"https:\/\/fjala.info\/2009-2015\/author\/admin\/"}]}},"_links":{"self":[{"href":"https:\/\/fjala.info\/2009-2015\/wp-json\/wp\/v2\/posts\/11711","targetHints":{"allow":["GET"]}}],"collection":[{"href":"https:\/\/fjala.info\/2009-2015\/wp-json\/wp\/v2\/posts"}],"about":[{"href":"https:\/\/fjala.info\/2009-2015\/wp-json\/wp\/v2\/types\/post"}],"author":[{"embeddable":true,"href":"https:\/\/fjala.info\/2009-2015\/wp-json\/wp\/v2\/users\/1"}],"replies":[{"embeddable":true,"href":"https:\/\/fjala.info\/2009-2015\/wp-json\/wp\/v2\/comments?post=11711"}],"version-history":[{"count":0,"href":"https:\/\/fjala.info\/2009-2015\/wp-json\/wp\/v2\/posts\/11711\/revisions"}],"wp:attachment":[{"href":"https:\/\/fjala.info\/2009-2015\/wp-json\/wp\/v2\/media?parent=11711"}],"wp:term":[{"taxonomy":"category","embeddable":true,"href":"https:\/\/fjala.info\/2009-2015\/wp-json\/wp\/v2\/categories?post=11711"},{"taxonomy":"post_tag","embeddable":true,"href":"https:\/\/fjala.info\/2009-2015\/wp-json\/wp\/v2\/tags?post=11711"}],"curies":[{"name":"wp","href":"https:\/\/api.w.org\/{rel}","templated":true}]}}