{"id":11707,"date":"2012-02-21T10:22:25","date_gmt":"2012-02-21T09:22:25","guid":{"rendered":"http:\/\/fjala.shkoder.net\/?p=1894"},"modified":"2012-02-21T10:22:25","modified_gmt":"2012-02-21T09:22:25","slug":"8-maji-i-fakulteteve","status":"publish","type":"post","link":"https:\/\/fjala.info\/2009-2015\/8-maji-i-fakulteteve\/","title":{"rendered":"8 Maji \u201ci Fakulteteve\u201d"},"content":{"rendered":"<p><img decoding=\"async\" class=\"alignleft size-thumbnail wp-image-7236\" title=\"Fakulteti ekonomik\" src=\"http:\/\/www.shkoder.net\/2012\/fakulteti_ekonomik.jpg\" alt=\"\" width=\"300\" \/> Nga <strong>Flogert Mu\u00e7a<\/strong>, <em>21 Shkurt 2012<\/em><\/p>\n<p>\u201cNjeriu meson nga ato qe sheh, respekton ashtu si\u00e7 e respektojne, harbon si te gjithe te harbuarit e njekohesisht per te ruajtur koken e tij, punon si\u00e7 ka pare precedentet para tij per te arritur nje sukses, qofte ky dhe i pamerituar e ne dem te shumices! Eshte akoma me tragjike kur mendon se demin mbi mbare shoqerine e mbi mosmbarvajtjen e nje procesi demokratik e bejne te rinjte, e ardhmja, te ashtuquajturit perfaqesuesit e mbare te rinjve, senatoret e senatit akademik te fakultetit.<\/p>\n<p>Nje barbarizem e nje banalitet absurd por shkaterrues te dinjitetit tone sot e pashe per fat te keq vete&#8230; Shkova te votoja per drejtuesit e rinj te fakultetit, per ata qe do me perfaqsojne neser e qe do me ruajne mua dhe \u00e7do student nga padrejtesia qe ka kapluar \u00e7do cep te \u00e7do institucioni sigurisht, pa prekur ata qe i bejne keto mynxyra kundrejt popullit, qe eshte sovrani e padiskutueshem.<\/p>\n<p>Po le te mos dalim nga tema dhe pse kjo paturpesi e bere tani mode ne shtetin tone te vret shpirterisht dhe te indinjon pa fund&#8230; Si\u00e7 po thoja sot flitej per zgjedhje dhe natyrisht duhet te ishte nje situate pa ngjyrime politike e pa ndikime mbi te drejten e cilitdo per te zgjedhur qe ta perfaqesojne e natyrisht, nga vete ata qe konkurronin s&#8217;duhet te lejohej ne menyre kategorike dhenia e fletushkave me emrat e atyre qe duhet te votoheshin&#8230;<\/p>\n<p>\u00c7\u2019ndodhi??? Ne fillim te shkrimit ju thashe qe njeriu meson nga ato qe sheh dhe qe quhen te mira nga pala fituese ndaj ajo qe ndodhi eshte fare lehte e kuptueshme nga te gjithe&#8230; Si\u00e7 barbarisht me 8 maj ne mes te Tiranes vidhej me ligj nje mandat kryebashkiaku, sot, duke marre shembull ate vjedhje te ligjshem, te rinjte ishin leshuar vjedhjes dhe te paligjshmes me vrull.<\/p>\n<p>Fletushka qe te jepnin sakte se ke duhet te votoje, te ngjiteshin duarve ne brendesi te fakultetit dhe pse s&#8217;lejohej ne asnje menyre. Meqe tanime \u00e7do rruge e paligjshme qe te \u00e7on ne fitore mund te quhet <em>E Ligjshme<\/em>, studentet e njekohesisht kandidatet per senat akademik te fakultetit te gjuheve te huaja po e zbatonin tamam ashtu si\u00e7 e kishin pare me 8 Maj. Personalisht u trondita. U trondita per faktin se vullneti yne po copetohej dhe ketu, perfaqsimi yne do qe nje masaker e vertete, shkelja e ligjt dhe marrja e veseve nga pseudoudheheqesit tane tanime ishte nje fakt&#8230;<\/p>\n<p>Arsimi dhe nje here mendoa qe mori fund e u uzurpua e kjo per faktin se keta qe benin keto \u201cpislleqe elektorale\u201d ishin pikerisht dhe lobuesit e pushtetit aktual&#8230; \u201d8 Maji\u201d i fakultetit vazhdonte me tej me babezine e thyerjes se rregullave nga ana e kandidateve disa here e s&#8217;mund te mos mendosh qe perpos gjithe kesaj kasaphane qe behej mes studenteve te mos kish dhe nje shtrengim gjer ne perjashtim nga puna per pedagoget qe do votonin per rektor e dekan.<\/p>\n<p>Per fat te keq pedagoget s&#8217;do e pranojne kete fakt sepse gijotina per vendin e punes eshte gati per ta por, ajo qe duhet te kuptohet eshte fakti se dhe pjesa mee brishte e institucioneve te ketij vendi e cila nuk duhej prekur kurrsesi, u shperfytyrua, u vodh, u asimilua, u be instrument politik e kjo eshte Fatale per te tashmen e me keq akoma, per te ardhmen e vendit. Te ndjekesh gjurmet e paskurpullta per te arritur qellimin me \u00e7do mjet mjerisht vrases eshte kembana e alarmit qe bie se e ardhmja sgaranton asgje vec pushtimit te gjith\u00e7kaje nga nje doer burrash e grash \u201cte zinj\u201d&#8230;<\/p>\n<p>\u201d8 Maji\u201d i fakulteteve eshte nje tjeter krim qe po te kapercehet pa u vene re e demaskuar me te drejte, pa bere nje sensibilizim te te rinjve se: \u201d<em>JO, s&#8217;ka askush te drejte te na inponoje deshiren per te zgjedhu perfaqesuesit tane e me tej akoma askush ska te drejte te na ndryshoje neve vendimin e dhene me vote<\/em>\u201d do na mallkonte e ardhmja. Une jam je student i thjeshte, si 98% e studenteve, nuk isha kandidat per asnje post por, padrejtesia me vret. Ajo na vret te gjitheve ndaj, ti themi STOP.<\/p>\n","protected":false},"excerpt":{"rendered":"<p>Nga Flogert Mu\u00e7a, 21 Shkurt 2012 \u201cNjeriu meson nga ato qe sheh, respekton ashtu si\u00e7 e respektojne, harbon si te gjithe te harbuarit e njekohesisht per te ruajtur koken e tij, punon si\u00e7 ka pare precedentet para tij per te arritur nje sukses, qofte ky dhe i pamerituar e ne dem te shumices! Eshte akoma [&hellip;]<\/p>\n","protected":false},"author":1,"featured_media":0,"comment_status":"open","ping_status":"closed","sticky":false,"template":"","format":"standard","meta":{"footnotes":""},"categories":[2],"tags":[],"class_list":{"0":"post-11707","1":"post","2":"type-post","3":"status-publish","4":"format-standard","6":"category-artikuj"},"yoast_head":"<!-- This site is optimized with the Yoast SEO plugin v27.4 - https:\/\/yoast.com\/product\/yoast-seo-wordpress\/ -->\n<title>8 Maji \u201ci Fakulteteve\u201d - FjALA e LIR\u00cb - Arkivi<\/title>\n<meta name=\"robots\" content=\"index, follow, max-snippet:-1, max-image-preview:large, max-video-preview:-1\" \/>\n<link rel=\"canonical\" href=\"https:\/\/fjala.info\/2009-2015\/8-maji-i-fakulteteve\/\" \/>\n<meta property=\"og:locale\" content=\"sq_AL\" \/>\n<meta property=\"og:type\" content=\"article\" \/>\n<meta property=\"og:title\" content=\"8 Maji \u201ci Fakulteteve\u201d - FjALA e LIR\u00cb - Arkivi\" \/>\n<meta property=\"og:description\" content=\"Nga Flogert Mu\u00e7a, 21 Shkurt 2012 \u201cNjeriu meson nga ato qe sheh, respekton ashtu si\u00e7 e respektojne, harbon si te gjithe te harbuarit e njekohesisht per te ruajtur koken e tij, punon si\u00e7 ka pare precedentet para tij per te arritur nje sukses, qofte ky dhe i pamerituar e ne dem te shumices! Eshte akoma [&hellip;]\" \/>\n<meta property=\"og:url\" content=\"https:\/\/fjala.info\/2009-2015\/8-maji-i-fakulteteve\/\" \/>\n<meta property=\"og:site_name\" content=\"FjALA e LIR\u00cb - Arkivi\" \/>\n<meta property=\"article:published_time\" content=\"2012-02-21T09:22:25+00:00\" \/>\n<meta property=\"og:image\" content=\"http:\/\/www.shkoder.net\/2012\/fakulteti_ekonomik.jpg\" \/>\n<meta name=\"author\" content=\"admin\" \/>\n<meta name=\"twitter:card\" content=\"summary_large_image\" \/>\n<meta name=\"twitter:label1\" content=\"Written by\" \/>\n\t<meta name=\"twitter:data1\" content=\"admin\" \/>\n\t<meta name=\"twitter:label2\" content=\"Est. reading time\" \/>\n\t<meta name=\"twitter:data2\" content=\"3 minutes\" \/>\n<script type=\"application\/ld+json\" class=\"yoast-schema-graph\">{\"@context\":\"https:\\\/\\\/schema.org\",\"@graph\":[{\"@type\":\"Article\",\"@id\":\"https:\\\/\\\/fjala.info\\\/2009-2015\\\/8-maji-i-fakulteteve\\\/#article\",\"isPartOf\":{\"@id\":\"https:\\\/\\\/fjala.info\\\/2009-2015\\\/8-maji-i-fakulteteve\\\/\"},\"author\":{\"name\":\"admin\",\"@id\":\"https:\\\/\\\/fjala.info\\\/2009-2015\\\/#\\\/schema\\\/person\\\/3aa1163ef05469c496fc94e77611ada2\"},\"headline\":\"8 Maji \u201ci Fakulteteve\u201d\",\"datePublished\":\"2012-02-21T09:22:25+00:00\",\"mainEntityOfPage\":{\"@id\":\"https:\\\/\\\/fjala.info\\\/2009-2015\\\/8-maji-i-fakulteteve\\\/\"},\"wordCount\":694,\"commentCount\":0,\"publisher\":{\"@id\":\"https:\\\/\\\/fjala.info\\\/2009-2015\\\/#organization\"},\"image\":{\"@id\":\"https:\\\/\\\/fjala.info\\\/2009-2015\\\/8-maji-i-fakulteteve\\\/#primaryimage\"},\"thumbnailUrl\":\"http:\\\/\\\/www.shkoder.net\\\/2012\\\/fakulteti_ekonomik.jpg\",\"articleSection\":[\"Artikuj\"],\"inLanguage\":\"sq-AL\",\"potentialAction\":[{\"@type\":\"CommentAction\",\"name\":\"Comment\",\"target\":[\"https:\\\/\\\/fjala.info\\\/2009-2015\\\/8-maji-i-fakulteteve\\\/#respond\"]}]},{\"@type\":\"WebPage\",\"@id\":\"https:\\\/\\\/fjala.info\\\/2009-2015\\\/8-maji-i-fakulteteve\\\/\",\"url\":\"https:\\\/\\\/fjala.info\\\/2009-2015\\\/8-maji-i-fakulteteve\\\/\",\"name\":\"8 Maji \u201ci Fakulteteve\u201d - FjALA e LIR\u00cb - Arkivi\",\"isPartOf\":{\"@id\":\"https:\\\/\\\/fjala.info\\\/2009-2015\\\/#website\"},\"primaryImageOfPage\":{\"@id\":\"https:\\\/\\\/fjala.info\\\/2009-2015\\\/8-maji-i-fakulteteve\\\/#primaryimage\"},\"image\":{\"@id\":\"https:\\\/\\\/fjala.info\\\/2009-2015\\\/8-maji-i-fakulteteve\\\/#primaryimage\"},\"thumbnailUrl\":\"http:\\\/\\\/www.shkoder.net\\\/2012\\\/fakulteti_ekonomik.jpg\",\"datePublished\":\"2012-02-21T09:22:25+00:00\",\"breadcrumb\":{\"@id\":\"https:\\\/\\\/fjala.info\\\/2009-2015\\\/8-maji-i-fakulteteve\\\/#breadcrumb\"},\"inLanguage\":\"sq-AL\",\"potentialAction\":[{\"@type\":\"ReadAction\",\"target\":[\"https:\\\/\\\/fjala.info\\\/2009-2015\\\/8-maji-i-fakulteteve\\\/\"]}]},{\"@type\":\"ImageObject\",\"inLanguage\":\"sq-AL\",\"@id\":\"https:\\\/\\\/fjala.info\\\/2009-2015\\\/8-maji-i-fakulteteve\\\/#primaryimage\",\"url\":\"http:\\\/\\\/www.shkoder.net\\\/2012\\\/fakulteti_ekonomik.jpg\",\"contentUrl\":\"http:\\\/\\\/www.shkoder.net\\\/2012\\\/fakulteti_ekonomik.jpg\"},{\"@type\":\"BreadcrumbList\",\"@id\":\"https:\\\/\\\/fjala.info\\\/2009-2015\\\/8-maji-i-fakulteteve\\\/#breadcrumb\",\"itemListElement\":[{\"@type\":\"ListItem\",\"position\":1,\"name\":\"Home\",\"item\":\"https:\\\/\\\/fjala.info\\\/2009-2015\\\/\"},{\"@type\":\"ListItem\",\"position\":2,\"name\":\"8 Maji \u201ci Fakulteteve\u201d\"}]},{\"@type\":\"WebSite\",\"@id\":\"https:\\\/\\\/fjala.info\\\/2009-2015\\\/#website\",\"url\":\"https:\\\/\\\/fjala.info\\\/2009-2015\\\/\",\"name\":\"FjALA e LIR\u00cb - Arkivi\",\"description\":\"Arkivi 2009-2015\",\"publisher\":{\"@id\":\"https:\\\/\\\/fjala.info\\\/2009-2015\\\/#organization\"},\"potentialAction\":[{\"@type\":\"SearchAction\",\"target\":{\"@type\":\"EntryPoint\",\"urlTemplate\":\"https:\\\/\\\/fjala.info\\\/2009-2015\\\/?s={search_term_string}\"},\"query-input\":{\"@type\":\"PropertyValueSpecification\",\"valueRequired\":true,\"valueName\":\"search_term_string\"}}],\"inLanguage\":\"sq-AL\"},{\"@type\":\"Organization\",\"@id\":\"https:\\\/\\\/fjala.info\\\/2009-2015\\\/#organization\",\"name\":\"FjALA e LIR\u00cb - Arkivi\",\"url\":\"https:\\\/\\\/fjala.info\\\/2009-2015\\\/\",\"logo\":{\"@type\":\"ImageObject\",\"inLanguage\":\"sq-AL\",\"@id\":\"https:\\\/\\\/fjala.info\\\/2009-2015\\\/#\\\/schema\\\/logo\\\/image\\\/\",\"url\":\"\",\"contentUrl\":\"\",\"caption\":\"FjALA e LIR\u00cb - Arkivi\"},\"image\":{\"@id\":\"https:\\\/\\\/fjala.info\\\/2009-2015\\\/#\\\/schema\\\/logo\\\/image\\\/\"}},{\"@type\":\"Person\",\"@id\":\"https:\\\/\\\/fjala.info\\\/2009-2015\\\/#\\\/schema\\\/person\\\/3aa1163ef05469c496fc94e77611ada2\",\"name\":\"admin\",\"image\":{\"@type\":\"ImageObject\",\"inLanguage\":\"sq-AL\",\"@id\":\"https:\\\/\\\/fjala.info\\\/2009-2015\\\/wp-content\\\/uploads\\\/2012\\\/02\\\/arben_cokaj-120x150.jpg\",\"url\":\"https:\\\/\\\/fjala.info\\\/2009-2015\\\/wp-content\\\/uploads\\\/2012\\\/02\\\/arben_cokaj-120x150.jpg\",\"contentUrl\":\"https:\\\/\\\/fjala.info\\\/2009-2015\\\/wp-content\\\/uploads\\\/2012\\\/02\\\/arben_cokaj-120x150.jpg\",\"caption\":\"admin\"},\"description\":\"Admin, Fjala e Lir\u00eb\",\"sameAs\":[\"https:\\\/\\\/fjala.info\\\/\"],\"url\":\"https:\\\/\\\/fjala.info\\\/2009-2015\\\/author\\\/admin\\\/\"}]}<\/script>\n<!-- \/ Yoast SEO plugin. -->","yoast_head_json":{"title":"8 Maji \u201ci Fakulteteve\u201d - FjALA e LIR\u00cb - Arkivi","robots":{"index":"index","follow":"follow","max-snippet":"max-snippet:-1","max-image-preview":"max-image-preview:large","max-video-preview":"max-video-preview:-1"},"canonical":"https:\/\/fjala.info\/2009-2015\/8-maji-i-fakulteteve\/","og_locale":"sq_AL","og_type":"article","og_title":"8 Maji \u201ci Fakulteteve\u201d - FjALA e LIR\u00cb - Arkivi","og_description":"Nga Flogert Mu\u00e7a, 21 Shkurt 2012 \u201cNjeriu meson nga ato qe sheh, respekton ashtu si\u00e7 e respektojne, harbon si te gjithe te harbuarit e njekohesisht per te ruajtur koken e tij, punon si\u00e7 ka pare precedentet para tij per te arritur nje sukses, qofte ky dhe i pamerituar e ne dem te shumices! Eshte akoma [&hellip;]","og_url":"https:\/\/fjala.info\/2009-2015\/8-maji-i-fakulteteve\/","og_site_name":"FjALA e LIR\u00cb - Arkivi","article_published_time":"2012-02-21T09:22:25+00:00","og_image":[{"url":"http:\/\/www.shkoder.net\/2012\/fakulteti_ekonomik.jpg","type":"","width":"","height":""}],"author":"admin","twitter_card":"summary_large_image","twitter_misc":{"Written by":"admin","Est. reading time":"3 minutes"},"schema":{"@context":"https:\/\/schema.org","@graph":[{"@type":"Article","@id":"https:\/\/fjala.info\/2009-2015\/8-maji-i-fakulteteve\/#article","isPartOf":{"@id":"https:\/\/fjala.info\/2009-2015\/8-maji-i-fakulteteve\/"},"author":{"name":"admin","@id":"https:\/\/fjala.info\/2009-2015\/#\/schema\/person\/3aa1163ef05469c496fc94e77611ada2"},"headline":"8 Maji \u201ci Fakulteteve\u201d","datePublished":"2012-02-21T09:22:25+00:00","mainEntityOfPage":{"@id":"https:\/\/fjala.info\/2009-2015\/8-maji-i-fakulteteve\/"},"wordCount":694,"commentCount":0,"publisher":{"@id":"https:\/\/fjala.info\/2009-2015\/#organization"},"image":{"@id":"https:\/\/fjala.info\/2009-2015\/8-maji-i-fakulteteve\/#primaryimage"},"thumbnailUrl":"http:\/\/www.shkoder.net\/2012\/fakulteti_ekonomik.jpg","articleSection":["Artikuj"],"inLanguage":"sq-AL","potentialAction":[{"@type":"CommentAction","name":"Comment","target":["https:\/\/fjala.info\/2009-2015\/8-maji-i-fakulteteve\/#respond"]}]},{"@type":"WebPage","@id":"https:\/\/fjala.info\/2009-2015\/8-maji-i-fakulteteve\/","url":"https:\/\/fjala.info\/2009-2015\/8-maji-i-fakulteteve\/","name":"8 Maji \u201ci Fakulteteve\u201d - FjALA e LIR\u00cb - Arkivi","isPartOf":{"@id":"https:\/\/fjala.info\/2009-2015\/#website"},"primaryImageOfPage":{"@id":"https:\/\/fjala.info\/2009-2015\/8-maji-i-fakulteteve\/#primaryimage"},"image":{"@id":"https:\/\/fjala.info\/2009-2015\/8-maji-i-fakulteteve\/#primaryimage"},"thumbnailUrl":"http:\/\/www.shkoder.net\/2012\/fakulteti_ekonomik.jpg","datePublished":"2012-02-21T09:22:25+00:00","breadcrumb":{"@id":"https:\/\/fjala.info\/2009-2015\/8-maji-i-fakulteteve\/#breadcrumb"},"inLanguage":"sq-AL","potentialAction":[{"@type":"ReadAction","target":["https:\/\/fjala.info\/2009-2015\/8-maji-i-fakulteteve\/"]}]},{"@type":"ImageObject","inLanguage":"sq-AL","@id":"https:\/\/fjala.info\/2009-2015\/8-maji-i-fakulteteve\/#primaryimage","url":"http:\/\/www.shkoder.net\/2012\/fakulteti_ekonomik.jpg","contentUrl":"http:\/\/www.shkoder.net\/2012\/fakulteti_ekonomik.jpg"},{"@type":"BreadcrumbList","@id":"https:\/\/fjala.info\/2009-2015\/8-maji-i-fakulteteve\/#breadcrumb","itemListElement":[{"@type":"ListItem","position":1,"name":"Home","item":"https:\/\/fjala.info\/2009-2015\/"},{"@type":"ListItem","position":2,"name":"8 Maji \u201ci Fakulteteve\u201d"}]},{"@type":"WebSite","@id":"https:\/\/fjala.info\/2009-2015\/#website","url":"https:\/\/fjala.info\/2009-2015\/","name":"FjALA e LIR\u00cb - Arkivi","description":"Arkivi 2009-2015","publisher":{"@id":"https:\/\/fjala.info\/2009-2015\/#organization"},"potentialAction":[{"@type":"SearchAction","target":{"@type":"EntryPoint","urlTemplate":"https:\/\/fjala.info\/2009-2015\/?s={search_term_string}"},"query-input":{"@type":"PropertyValueSpecification","valueRequired":true,"valueName":"search_term_string"}}],"inLanguage":"sq-AL"},{"@type":"Organization","@id":"https:\/\/fjala.info\/2009-2015\/#organization","name":"FjALA e LIR\u00cb - Arkivi","url":"https:\/\/fjala.info\/2009-2015\/","logo":{"@type":"ImageObject","inLanguage":"sq-AL","@id":"https:\/\/fjala.info\/2009-2015\/#\/schema\/logo\/image\/","url":"","contentUrl":"","caption":"FjALA e LIR\u00cb - Arkivi"},"image":{"@id":"https:\/\/fjala.info\/2009-2015\/#\/schema\/logo\/image\/"}},{"@type":"Person","@id":"https:\/\/fjala.info\/2009-2015\/#\/schema\/person\/3aa1163ef05469c496fc94e77611ada2","name":"admin","image":{"@type":"ImageObject","inLanguage":"sq-AL","@id":"https:\/\/fjala.info\/2009-2015\/wp-content\/uploads\/2012\/02\/arben_cokaj-120x150.jpg","url":"https:\/\/fjala.info\/2009-2015\/wp-content\/uploads\/2012\/02\/arben_cokaj-120x150.jpg","contentUrl":"https:\/\/fjala.info\/2009-2015\/wp-content\/uploads\/2012\/02\/arben_cokaj-120x150.jpg","caption":"admin"},"description":"Admin, Fjala e Lir\u00eb","sameAs":["https:\/\/fjala.info\/"],"url":"https:\/\/fjala.info\/2009-2015\/author\/admin\/"}]}},"_links":{"self":[{"href":"https:\/\/fjala.info\/2009-2015\/wp-json\/wp\/v2\/posts\/11707","targetHints":{"allow":["GET"]}}],"collection":[{"href":"https:\/\/fjala.info\/2009-2015\/wp-json\/wp\/v2\/posts"}],"about":[{"href":"https:\/\/fjala.info\/2009-2015\/wp-json\/wp\/v2\/types\/post"}],"author":[{"embeddable":true,"href":"https:\/\/fjala.info\/2009-2015\/wp-json\/wp\/v2\/users\/1"}],"replies":[{"embeddable":true,"href":"https:\/\/fjala.info\/2009-2015\/wp-json\/wp\/v2\/comments?post=11707"}],"version-history":[{"count":0,"href":"https:\/\/fjala.info\/2009-2015\/wp-json\/wp\/v2\/posts\/11707\/revisions"}],"wp:attachment":[{"href":"https:\/\/fjala.info\/2009-2015\/wp-json\/wp\/v2\/media?parent=11707"}],"wp:term":[{"taxonomy":"category","embeddable":true,"href":"https:\/\/fjala.info\/2009-2015\/wp-json\/wp\/v2\/categories?post=11707"},{"taxonomy":"post_tag","embeddable":true,"href":"https:\/\/fjala.info\/2009-2015\/wp-json\/wp\/v2\/tags?post=11707"}],"curies":[{"name":"wp","href":"https:\/\/api.w.org\/{rel}","templated":true}]}}