{"id":11706,"date":"2012-02-21T09:31:37","date_gmt":"2012-02-21T08:31:37","guid":{"rendered":"http:\/\/fjala.shkoder.net\/?p=1890"},"modified":"2012-02-21T09:31:37","modified_gmt":"2012-02-21T08:31:37","slug":"nuk-e-njoh-kete-gjyq","status":"publish","type":"post","link":"https:\/\/fjala.info\/2009-2015\/nuk-e-njoh-kete-gjyq\/","title":{"rendered":"Nuk e njoh k\u00ebt\u00eb gjyq"},"content":{"rendered":"<p><img decoding=\"async\" class=\"alignleft size-thumbnail wp-image-7236\" title=\"Enver Robelli\" src=\"http:\/\/www.shkoder.net\/images\/fjala\/enver_robelli.jpg\" alt=\"\" width=\"150\" \/><strong><em>Gjyqi me rrena q\u00eb iu b\u00eb Albin Kurtit nga strukturat n\u00ebntok\u00ebsore t\u00eb PDK-s\u00eb tregon sa thell\u00eb \u00ebsht\u00eb fundosur n\u00eb balt\u00eb kultura politike n\u00eb Kosov\u00eb. Viktima t\u00eb gjyqeve t\u00eb tilla mund t\u00eb jen\u00eb t\u00eb gjith\u00eb qytetar\u00ebt q\u00eb nuk pajtohen t\u2019i n\u00ebnshtrohen k\u00ebtij regjimi vot\u00ebpla\u00e7kit\u00ebs. P\u00ebr k\u00ebt\u00eb arsye dhe shum\u00eb t\u00eb tjera \u00ebsht\u00eb me r\u00ebnd\u00ebsi q\u00eb ky regjim t\u00eb kund\u00ebrshtohet me t\u00eb gjitha mjetet demokratike<\/em><\/strong><\/p>\n<p>Nga <strong>Enver Robelli<\/strong>, <em>21 Shkurt 2012<\/em><\/p>\n<p>Kund\u00ebr shpifjeve e kemi mbrojtur edhe vet\u00eb Hashim Tha\u00e7in. Pas luft\u00ebs shpesh \u00ebsht\u00eb th\u00ebn\u00eb se kryeministri i tanish\u00ebm i Kosov\u00ebs derisa kishte jetuar n\u00eb qytez\u00ebn Dietikon t\u00eb Zvicr\u00ebs s\u2019kishte b\u00ebr\u00eb gj\u00eb tjet\u00ebr p\u00ebrve\u00e7se kishte vjedhur \u201cfarmerka\u201d. Asnj\u00eb d\u00ebshmi s\u2019\u00ebsht\u00eb sjell\u00eb p\u00ebr k\u00ebt\u00eb akuz\u00eb, por politikisht ajo \u00ebsht\u00eb shfryt\u00ebzuar mjaft nga kund\u00ebrshtar\u00ebt politik\u00eb t\u00eb Tha\u00e7it.<\/p>\n<p>Nga kjo p\u00ebrvoj\u00eb mund t\u00eb thuhet se Tha\u00e7i \u00ebsht\u00eb i sensibilizuar personalisht me fuqin\u00eb e shpifjes. Por kjo p\u00ebrvoj\u00eb nuk ka b\u00ebr\u00eb pun\u00eb: Hashim Tha\u00e7i, p\u00ebrmes (s)piun\u00ebve t\u00eb tij, tregoi faqe bote se edhe vet\u00eb shpifjen (ende) e ka arm\u00eb politike. K\u00ebsaj radhe k\u00ebt\u00eb arm\u00eb e p\u00ebrdori kund\u00ebr Albin Kurtit, nes\u00ebr mund ta p\u00ebrdor\u00eb kund\u00ebr secilit qytetar t\u00eb Kosov\u00ebs. Mund t\u00eb dal\u00eb n\u00eb t\u00eb ardhmen ndonj\u00eb bakter politik e t\u00eb thot\u00eb: \u201cFilan, t\u00eb kam par\u00eb duke e shikuar qiellin. N\u00eb at\u00eb moment qiellit po kalonte avioni i kompanis\u00eb ajrore serbe JAT.<\/p>\n<p>Befas piloti hapi dritaren dhe hodhi nga lart\u00ebsia nj\u00eb grumbull letrash, mes tyre edhe nj\u00eb plan t\u00eb detajuar p\u00ebr bashk\u00ebpunim me Serbin\u00eb dhe nj\u00eb platform\u00eb p\u00ebr shnd\u00ebrrimin e Kosov\u00ebs n\u00eb Kore Veriore. K\u00ebt\u00eb pun\u00ebn e Kores\u00eb Veriore e njohim mir\u00eb, sepse e kemi nj\u00eb ekspert p\u00ebr k\u00ebt\u00eb pun\u00eb, t\u00eb cilin s\u00eb shpejti do ta ftojn\u00eb edhe CNN dhe BBC p\u00ebr t\u00eb komentuar zhvillimet n\u00eb diktaturat aziatike\u201d. Kjo p\u00ebrrall\u00eb do t\u00eb mund t\u00eb zgjatej me metod\u00ebn ad absurdum. Kjo p\u00ebrrall\u00eb ndoshta m\u00eb s\u00eb miri e ilustron programin politik t\u00eb qeveris\u00eb aktuale, q\u00eb synon njollosjen e \u00e7dokujt q\u00eb i del n\u00eb rrug\u00eb \u2013 e kjo rrug\u00eb \u00ebsht\u00eb nj\u00eb qorrsokak.<\/p>\n<p>Ky tekst nuk e mbron politikanin Albin Kurti, as idet\u00eb e tij politike. Si qytetar, nd\u00ebrkaq, shoq\u00ebria e Kosov\u00ebs duhet ta mbroj\u00eb jo vet\u00ebm Albin Kurtin nga stuhia e shpifjeve. Sepse, s\u00ebrish duhet th\u00ebn\u00eb, \u00e7do qytetar i Kosov\u00ebs mund t\u00eb bie pre e politik\u00ebs q\u00eb po e praktikon PDK. Ky tekst, gjithashtu, p\u00ebrmes biografis\u00eb s\u00eb Albin Kurtit e v\u00eb n\u00eb pah nj\u00eb pjes\u00eb t\u00eb s\u00eb v\u00ebrtet\u00ebs publike \u2013 p\u00ebr Albin Kurtin!<\/p>\n<p>Albin Kurti \u2013 spiun i Serbis\u00eb? K\u00ebt\u00eb p\u00ebrshtypje u p\u00ebrpoq\u00ebn ta krijojn\u00eb strukturat jopartiake t\u00eb PDK-s\u00eb. Ku ishin k\u00ebta njer\u00ebz, p\u00ebr shembull, m\u00eb 9 mars 2000? Ndonj\u00ebri prej tyre mund t\u00eb ket\u00eb qen\u00eb i z\u00ebn\u00eb duke rrahur ndonj\u00eb plak\u00eb serbe a rome, tjetri duke zaptuar banesa n\u00eb Prishtin\u00eb, e tjetri mbase duke b\u00ebr\u00eb plane p\u00ebr t\u00eb frik\u00ebsuar rival\u00ebt politik\u00eb. \u201c<em>Pas luft\u00ebs ishte urdh\u00ebr q\u00eb t\u00eb vriteshin krejt figurat e LDK-s\u00eb. Pasi b\u00ebhej vrasja, mblidheshim t\u00eb festonim dhe ishte nj\u00eb fest\u00eb e v\u00ebrtet p\u00ebr t\u00eb gjith\u00eb<\/em>\u201d. K\u00ebto jan\u00eb fjal\u00ebt e Nazim Bllac\u00ebs, specialist p\u00ebr rrahje, vrasje e \u201cplagesa\u201d dhe i vet\u00ebshpallur si an\u00ebtar i sh\u00ebrbimit ilegal t\u00eb spiunazhit n\u00eb sh\u00ebrbim t\u00eb PDK-s\u00eb.<\/p>\n<p>M\u00eb 9 mars 2000 n\u00eb Nish kishte filluar procesi gjyq\u00ebsor kund\u00ebr Albin Kurtit. Fillimisht i akuzuari u mor n\u00eb pyetje nga gjykat\u00ebsja Sllagjana Petroviq. Ky dialog dhe t\u00eb dh\u00ebnat n\u00eb vazhdim (t\u00eb shk\u00ebputura nga libri \u201cGjykimet e pengjeve\u201d t\u00eb gazetarit Fahri Musliu) jan\u00eb fakte historike dhe i mbetet publikut t\u00eb krijoj\u00eb mendimin p\u00ebr Albin Kurtin, edhe n\u00eb drit\u00ebn e akuzave shpesh qesharake t\u00eb plasuara s\u00eb fundi nga qarqe t\u00eb PDK-s\u00eb.<\/p>\n<p>\u201cN\u00ebnshtet\u00ebsia?\u201d<\/p>\n<p>Gjykata e Qarkut t\u00eb Nishit, salla nr. 79, kati i tret\u00eb.<br \/>\n\u201cGjykat\u00ebsja Sllagjana Petroviq (n\u00eb vazhdim \u201cGJ\u201d): Emri dhe mbiemri?<br \/>\n\u201cAlbin Kurti (n\u00eb vazhdim A.K.): Albin Kurti.<br \/>\nGJ: Emri i babait?<br \/>\nA.K.: Zaim.<br \/>\nGJ: Emri i n\u00ebn\u00ebs?<br \/>\nA.K.: Arife Kurti.<br \/>\nGJ: Mbiemri i vajz\u00ebris\u00eb s\u00eb n\u00ebn\u00ebs?<br \/>\nA.K.: Tahiri.<br \/>\nGJ: Data e lindjes?<br \/>\nA.K.: 24 mars 1975.<br \/>\nGJ: Vendlindja?<br \/>\nA.K.: Prishtin\u00eb.<br \/>\nGJ: Vendi ku jetoni?<br \/>\nA.K.: Prishtin\u00eb.<br \/>\nGJ: N\u00ebnshtet\u00ebsia?<br \/>\nA.K.: Republika e Kosov\u00ebs.<br \/>\nGJ: (I drejtohet daktilografes) Sh\u00ebnoni! I akuzuari n\u00eb pyetjen se \u00e7far\u00eb n\u00ebnshtet\u00ebsie ka, u p\u00ebrgjigj se \u00ebsht\u00eb shtetas i Republik\u00ebs s\u00eb Kosov\u00ebs.<br \/>\nGJ: Profesioni?<br \/>\nA.K.: Student.<br \/>\nGJ: A e keni kryer sh\u00ebrbimin ushtarak n\u00eb Ushtrin\u00eb e Jugosllavis\u00eb?<br \/>\nA.K.: Jo.<br \/>\nGJ: A e keni marr\u00eb thirrjen?<br \/>\nA.K.: Jo! Por edhe sikur ta kisha marr\u00eb nuk do t\u2019i p\u00ebrgjigjesha, sepse Ushtria Jugosllave \u00ebsht\u00eb ushtri okupatore. N\u00eb t\u00eb v\u00ebrtet\u00eb ishte, sepse tani nuk \u00ebsht\u00eb m\u00eb.<br \/>\n(\u2026)<br \/>\nGJ: A e keni kuptuar aktakuz\u00ebn?<br \/>\nA.K.: Po, dhe do t\u00eb d\u00ebshiroja t\u00eb them disa fjal\u00eb.<br \/>\nGJ: Urdh\u00ebroni.<\/p>\n<p>A.K.: Un\u00eb kam punuar si an\u00ebtar i Kryesis\u00eb s\u00eb Unionit t\u00eb Pavarur t\u00eb Student\u00ebve t\u00eb Universitetit t\u00eb Prishtin\u00ebs (UPSUP) dhe nj\u00ebherit si kryetar i Komisionit p\u00ebr Marr\u00ebdh\u00ebnie Nd\u00ebrkomb\u00ebtare n\u00eb Kryesin\u00eb e UPSUP-s\u00eb. Veprimtaria jon\u00eb kryesore ka qen\u00eb organizimi i demonstratave, t\u00eb cilat kan\u00eb pasur p\u00ebr q\u00ebllim lirimin e objekteve dhe t\u00eb hap\u00ebsir\u00ebs universitare, prej nga ne student\u00ebt dhe profesor\u00ebt shqiptar\u00eb jemi d\u00ebbuar me dhun\u00eb n\u00eb qershor t\u00eb vitit 1991, dhe q\u00ebllim i k\u00ebtyre demonstratave ka qen\u00eb realizimi i pavar\u00ebsis\u00eb s\u00eb Republik\u00ebs s\u00eb Kosov\u00ebs, realizimi i vullnetit politik t\u00eb popullit shqiptar, p\u00ebr \u00e7far\u00eb ai u deklarua n\u00eb Referendumin e shtatorit t\u00eb vitit 1991.<\/p>\n<p>Pra veprimtaria jon\u00eb n\u00eb UPSUP ka qen\u00eb e orientuar kund\u00ebr regjimit fashist serb t\u00eb Sllobodan Millosheviqit, i cili me forcat e veta policore dhe ushtarake e mbante Kosov\u00ebn t\u00eb okupuar, kurse ndaj popullit shqiptar n\u00eb Kosov\u00eb zbatonte dhun\u00eb, represion sistematik dhe terror t\u00eb papar\u00eb. Gjithashtu kam punuar edhe si sekretar i P\u00ebrfaq\u00ebsuesit t\u00eb P\u00ebrgjithsh\u00ebm Politik t\u00eb Ushtris\u00eb \u00c7lirimtare t\u00eb Kosov\u00ebs, z. Adem Dema\u00e7i.<\/p>\n<p>Angazhimi im si sekretar ka qen\u00eb n\u00eb p\u00ebrfaq\u00ebsimin dhe avancimin sa m\u00eb t\u00eb mir\u00eb t\u00eb politik\u00ebs s\u00eb U\u00c7K-s\u00eb dhe luft\u00ebs s\u00eb saj \u00e7lirimtare. Lufta \u00e7lirimtare e U\u00c7K-s\u00eb ishte luft\u00eb e drejt\u00eb gjith\u00ebpopullore, q\u00eb kishte p\u00ebr synim q\u00ebllimin e shenjt\u00eb: \u00e7lirimin e Kosov\u00ebs dhe t\u00eb popullit shqiptar nga rob\u00ebria serbe dhe realizimin e pavar\u00ebsis\u00eb s\u00eb Republik\u00ebs s\u00eb Kosov\u00ebs. Pra lufta \u00e7lirimtare ishte mjet, kurse pavar\u00ebsia q\u00ebllim. Pavar\u00ebsia e Republik\u00ebs s\u00eb Kosov\u00ebs \u00ebsht\u00eb e vetmja zgjidhje e mundshme dhe e pranueshme.<\/p>\n<p>P\u00ebr popullin shqiptar n\u00eb Kosov\u00eb pavar\u00ebsia \u00ebsht\u00eb \u00e7\u00ebshtje ekzistenciale, sepse vet\u00ebm n\u00eb Kosov\u00ebn e pavarur shqiptar\u00ebt ndihen t\u00eb lir\u00eb, t\u00eb sigurt dhe vet\u00ebm n\u00eb Kosov\u00ebn e pavarur ndihen si mund t\u2019i realizojn\u00eb t\u00eb drejtat e tyre. (\u2026) Edhe n\u00eb UPSUP, e po ashtu edhe si sekretar i z. Dema\u00e7i, kam punuar vullnetarisht, me p\u00ebrpik\u00ebri dhe pun\u00ebn time e kam kryer n\u00eb m\u00ebnyr\u00eb dinjitoze. P\u00ebr krejt \u00e7ka kam b\u00ebr\u00eb jam krenar. Sikur t\u00eb m\u00eb jepej rasti q\u00eb edhe nj\u00ebher\u00eb t\u00eb filloj nga e para, asgj\u00eb nuk do t\u00eb ndryshoja, n\u00eb \u00e7do gj\u00eb do t\u00eb veproja s\u00ebrish nj\u00ebsoj.<\/p>\n<p>N\u00eb fund un\u00eb k\u00ebt\u00eb gjyq nuk e njoh e as nuk e pranoj, ashtu si\u00e7 nuk e njoh e nuk e pranoj as Serbin\u00eb e as Jugosllavin\u00eb. (\u2026) Ky gjyq \u00ebsht\u00eb n\u00eb sh\u00ebrbim t\u00eb politik\u00ebs ditore fashiste t\u00eb Milosheviqit. (\u2026) Pas k\u00ebsaj fjale time un\u00eb nuk do t\u00eb p\u00ebrgjigjem m\u00eb n\u00eb pyetjet e k\u00ebtij gjyqi, q\u00eb nuk e njoh. Un\u00eb p\u00ebrgjigjem vet\u00ebm para gjyqit t\u00eb popullit tim. Rrjedhimisht nuk ka r\u00ebnd\u00ebsi se sa do t\u00eb m\u00eb d\u00ebnoni \u2013 10, 20, 30 apo 50 vjet. P\u00ebr mua d\u00ebnimi nuk paraqet kurrfar\u00eb mase vler\u00ebsuese p\u00ebr asgj\u00eb\u201d.<\/p>\n<p><strong>Politik\u00eb me shpifje<\/strong><\/p>\n<p>M\u00eb 13 mars 2000 Kurti nga Gjykata e Qarkut n\u00eb Nish do t\u00eb d\u00ebnohej me 15 vjet burg \u2013 \u201cn\u00eb em\u00ebr t\u00eb popullit\u201d, sepse pask\u00ebsh rrezikuar rendin kushtetues t\u00eb Jugosllavis\u00eb, sepse si an\u00ebtar i \u201cshoqat\u00ebs armiq\u00ebsore\u201d Unioni i Pavarur i Student\u00ebve t\u00eb Universitetit t\u00eb Prishtin\u00ebs pask\u00ebsh organizuar demonstrata p\u00ebr pavar\u00ebsin\u00eb e Kosov\u00ebs dhe po ashtu pask\u00ebsh organizuar dh\u00ebnien vullnetare t\u00eb gjakut p\u00ebr pjes\u00ebtar\u00ebt e U\u00c7K-s\u00eb dhe pask\u00ebsh marr\u00eb pjes\u00eb n\u00eb konferenca, n\u00eb t\u00eb cilat \u201cka paraqitur objektivat e luft\u00ebs s\u00eb U\u00c7K-s\u00eb\u201d.<\/p>\n<p>N\u00eb arsyetimin e d\u00ebnimit, mes tjerash, thuhej se Kurti \u201cn\u00eb dhjetor t\u00eb vitit 1998 n\u00eb fshatin Dragobil t\u00eb Malishev\u00ebs p\u00ebrkthen n\u00eb takimin e emisarit t\u00eb posa\u00e7\u00ebm amerikan p\u00ebr Kosov\u00ebn, Christopher Hill dhe Sean Stevens me p\u00ebrfaq\u00ebsuesit e Shtabit t\u00eb P\u00ebrgjithsh\u00ebm t\u00eb Ushtris\u00eb \u00c7lirimtare t\u00eb Kosov\u00ebs, Jakup Krasniqin, Sokol Bashot\u00ebn dhe Ram\u00eb Buj\u00ebn. I akuzuari p\u00ebrkthen edhe n\u00eb janar t\u00eb vitit 1999 n\u00eb takimin e p\u00ebrfaq\u00ebsuesve t\u00eb bashk\u00ebsis\u00eb nd\u00ebrkomb\u00ebtare Christopher Hill, Wolfgang Petritsch dhe William Walker me p\u00ebrfaq\u00ebsuesit e U\u00c7K-s\u00eb \u2013 Jakup Krasniqin, Sokol Bashot\u00ebn, Ram\u00eb Buj\u00ebn dhe Shaban Shal\u00ebn, n\u00eb fshatin Likovc t\u00eb Gllogocit\u201d.<\/p>\n<p>N\u00eb arsyetim t\u00eb d\u00ebnimit m\u00eb tutje thuhet se Kurti iu bashkua U\u00c7K-s\u00eb n\u00eb gusht 1998, kur u b\u00eb sekretar i Adem Dema\u00e7it. Gati dymb\u00ebdhjet\u00eb vjet pasi Kurti u d\u00ebnua n\u00eb nj\u00eb proces fars\u00eb nga gjyq\u00ebsia serbe, publiku i Kosov\u00ebs \u00ebsht\u00eb d\u00ebshmitar i vokabularit stalinist-kamishoid, ku rivali denoncohet me rrena e shpifje. N\u00ebse para dymb\u00ebdhjet\u00eb vitesh Albin Kurti para Gjykat\u00ebs s\u00eb Qarkut n\u00eb Nish deklaroi se \u201cnuk e njoh k\u00ebt\u00eb gjyq\u201d, p\u00ebrgjigja ndaj gjyqit kamishoid duhet t\u00eb jet\u00eb: \u201cShoq\u00ebria e Kosov\u00ebs nuk e njeh k\u00ebt\u00eb gjyq t\u00eb nd\u00ebrtuar me shpifje\u201d.<\/p>\n<p>Gjyqi me rrena q\u00eb iu b\u00eb Albin Kurtit nga strukturat e PDK-s\u00eb tregon sa thell\u00eb \u00ebsht\u00eb fundosur n\u00eb balt\u00eb kultura politike n\u00eb Kosov\u00eb. Kjo afer\u00eb e sajuar i p\u00ebrngjan gjyqeve publike q\u00eb i b\u00ebheshin Ibrahim Rugov\u00ebs para, gjat\u00eb dhe pas luft\u00ebs, kur akuzohej se e kishte shitur Kosov\u00ebn, se kishte hequr dor\u00eb nga pavar\u00ebsia, madje figura e tij politike krahasohej me Hamza Kastriotin, nipin e Sk\u00ebnderbeut, i cili kishte kaluar n\u00eb an\u00ebn e pushtuesve osman\u00eb.<\/p>\n<p>K\u00ebso akuzash b\u00ebnin madje edhe disa persona q\u00eb luft\u00ebn e p\u00ebrcoll\u00ebn nga distanca e sigurt: her\u00eb prej hotelit \u201cRogner\u201d n\u00eb Tiran\u00eb, her\u00eb nga qendrat p\u00ebr torturimin e rival\u00ebve politik\u00eb shqiptar\u00eb q\u00eb ishin hapur n\u00eb veri t\u00eb Shqip\u00ebris\u00eb. \u00cbsht\u00eb e drejt\u00eb e secilit t\u00eb mos pajtohet me politik\u00ebn e Rugov\u00ebs dje dhe t\u00eb Kurtit sot, por asnj\u00ebrit nuk mund t\u2019i mohohet gatishm\u00ebria e guximi p\u00ebr t\u00eb q\u00ebndruar me popullin edhe n\u00eb \u00e7astet m\u00eb t\u00eb llahtarshme.<\/p>\n<p>\u2013 Nd\u00ebrkoh\u00eb ekspert\u00ebt e Kores\u00eb s\u00eb Veriut t\u00eb PDK-s\u00eb \u00ebsht\u00eb mir\u00eb ta lexojn\u00eb nj\u00eb artikull t\u00eb gazet\u00ebs suedeze \u201cExpressen\u201d, e cila n\u00eb p\u00ebrvjetorin e kat\u00ebrt t\u00eb pavar\u00ebsis\u00eb shkroi se \u201cprodhimi vendor bruto i Kosov\u00ebs \u00ebsht\u00eb n\u00eb nivel t\u00eb nj\u00ebjt\u00eb me Koren\u00eb e Veriut\u2026\u201d. Albin Kurti edhe sikur t\u00eb d\u00ebshironte ta b\u00ebnte Kosov\u00ebn si Koren\u00eb e Veriut, s\u2019do mund ta b\u00ebnte m\u00eb, sepse ajo tashm\u00eb nga regjimi aktual \u00ebsht\u00eb futur n\u00eb qorrsokakun koreanoverior dhe po ec drejt fitoreve t\u00eb reja \u2013 qorrazi deri n\u00eb humner\u00eb.<\/p>\n","protected":false},"excerpt":{"rendered":"<p>Gjyqi me rrena q\u00eb iu b\u00eb Albin Kurtit nga strukturat n\u00ebntok\u00ebsore t\u00eb PDK-s\u00eb tregon sa thell\u00eb \u00ebsht\u00eb fundosur n\u00eb balt\u00eb kultura politike n\u00eb Kosov\u00eb. Viktima t\u00eb gjyqeve t\u00eb tilla mund t\u00eb jen\u00eb t\u00eb gjith\u00eb qytetar\u00ebt q\u00eb nuk pajtohen t\u2019i n\u00ebnshtrohen k\u00ebtij regjimi vot\u00ebpla\u00e7kit\u00ebs. P\u00ebr k\u00ebt\u00eb arsye dhe shum\u00eb t\u00eb tjera \u00ebsht\u00eb me r\u00ebnd\u00ebsi q\u00eb ky [&hellip;]<\/p>\n","protected":false},"author":1,"featured_media":0,"comment_status":"open","ping_status":"closed","sticky":false,"template":"","format":"standard","meta":{"footnotes":""},"categories":[2],"tags":[],"class_list":{"0":"post-11706","1":"post","2":"type-post","3":"status-publish","4":"format-standard","6":"category-artikuj"},"yoast_head":"<!-- This site is optimized with the Yoast SEO plugin v27.4 - https:\/\/yoast.com\/product\/yoast-seo-wordpress\/ -->\n<title>Nuk e njoh k\u00ebt\u00eb gjyq - FjALA e LIR\u00cb - Arkivi<\/title>\n<meta name=\"robots\" content=\"index, follow, max-snippet:-1, max-image-preview:large, max-video-preview:-1\" \/>\n<link rel=\"canonical\" href=\"https:\/\/fjala.info\/2009-2015\/nuk-e-njoh-kete-gjyq\/\" \/>\n<meta property=\"og:locale\" content=\"sq_AL\" \/>\n<meta property=\"og:type\" content=\"article\" \/>\n<meta property=\"og:title\" content=\"Nuk e njoh k\u00ebt\u00eb gjyq - FjALA e LIR\u00cb - Arkivi\" \/>\n<meta property=\"og:description\" content=\"Gjyqi me rrena q\u00eb iu b\u00eb Albin Kurtit nga strukturat n\u00ebntok\u00ebsore t\u00eb PDK-s\u00eb tregon sa thell\u00eb \u00ebsht\u00eb fundosur n\u00eb balt\u00eb kultura politike n\u00eb Kosov\u00eb. Viktima t\u00eb gjyqeve t\u00eb tilla mund t\u00eb jen\u00eb t\u00eb gjith\u00eb qytetar\u00ebt q\u00eb nuk pajtohen t\u2019i n\u00ebnshtrohen k\u00ebtij regjimi vot\u00ebpla\u00e7kit\u00ebs. P\u00ebr k\u00ebt\u00eb arsye dhe shum\u00eb t\u00eb tjera \u00ebsht\u00eb me r\u00ebnd\u00ebsi q\u00eb ky [&hellip;]\" \/>\n<meta property=\"og:url\" content=\"https:\/\/fjala.info\/2009-2015\/nuk-e-njoh-kete-gjyq\/\" \/>\n<meta property=\"og:site_name\" content=\"FjALA e LIR\u00cb - Arkivi\" \/>\n<meta property=\"article:published_time\" content=\"2012-02-21T08:31:37+00:00\" \/>\n<meta property=\"og:image\" content=\"http:\/\/www.shkoder.net\/images\/fjala\/enver_robelli.jpg\" \/>\n<meta name=\"author\" content=\"admin\" \/>\n<meta name=\"twitter:card\" content=\"summary_large_image\" \/>\n<meta name=\"twitter:label1\" content=\"Written by\" \/>\n\t<meta name=\"twitter:data1\" content=\"admin\" \/>\n\t<meta name=\"twitter:label2\" content=\"Est. reading time\" \/>\n\t<meta name=\"twitter:data2\" content=\"10 minutes\" \/>\n<script type=\"application\/ld+json\" class=\"yoast-schema-graph\">{\"@context\":\"https:\\\/\\\/schema.org\",\"@graph\":[{\"@type\":\"Article\",\"@id\":\"https:\\\/\\\/fjala.info\\\/2009-2015\\\/nuk-e-njoh-kete-gjyq\\\/#article\",\"isPartOf\":{\"@id\":\"https:\\\/\\\/fjala.info\\\/2009-2015\\\/nuk-e-njoh-kete-gjyq\\\/\"},\"author\":{\"name\":\"admin\",\"@id\":\"https:\\\/\\\/fjala.info\\\/2009-2015\\\/#\\\/schema\\\/person\\\/3aa1163ef05469c496fc94e77611ada2\"},\"headline\":\"Nuk e njoh k\u00ebt\u00eb gjyq\",\"datePublished\":\"2012-02-21T08:31:37+00:00\",\"mainEntityOfPage\":{\"@id\":\"https:\\\/\\\/fjala.info\\\/2009-2015\\\/nuk-e-njoh-kete-gjyq\\\/\"},\"wordCount\":1972,\"commentCount\":0,\"publisher\":{\"@id\":\"https:\\\/\\\/fjala.info\\\/2009-2015\\\/#organization\"},\"image\":{\"@id\":\"https:\\\/\\\/fjala.info\\\/2009-2015\\\/nuk-e-njoh-kete-gjyq\\\/#primaryimage\"},\"thumbnailUrl\":\"http:\\\/\\\/www.shkoder.net\\\/images\\\/fjala\\\/enver_robelli.jpg\",\"articleSection\":[\"Artikuj\"],\"inLanguage\":\"sq-AL\",\"potentialAction\":[{\"@type\":\"CommentAction\",\"name\":\"Comment\",\"target\":[\"https:\\\/\\\/fjala.info\\\/2009-2015\\\/nuk-e-njoh-kete-gjyq\\\/#respond\"]}]},{\"@type\":\"WebPage\",\"@id\":\"https:\\\/\\\/fjala.info\\\/2009-2015\\\/nuk-e-njoh-kete-gjyq\\\/\",\"url\":\"https:\\\/\\\/fjala.info\\\/2009-2015\\\/nuk-e-njoh-kete-gjyq\\\/\",\"name\":\"Nuk e njoh k\u00ebt\u00eb gjyq - FjALA e LIR\u00cb - Arkivi\",\"isPartOf\":{\"@id\":\"https:\\\/\\\/fjala.info\\\/2009-2015\\\/#website\"},\"primaryImageOfPage\":{\"@id\":\"https:\\\/\\\/fjala.info\\\/2009-2015\\\/nuk-e-njoh-kete-gjyq\\\/#primaryimage\"},\"image\":{\"@id\":\"https:\\\/\\\/fjala.info\\\/2009-2015\\\/nuk-e-njoh-kete-gjyq\\\/#primaryimage\"},\"thumbnailUrl\":\"http:\\\/\\\/www.shkoder.net\\\/images\\\/fjala\\\/enver_robelli.jpg\",\"datePublished\":\"2012-02-21T08:31:37+00:00\",\"breadcrumb\":{\"@id\":\"https:\\\/\\\/fjala.info\\\/2009-2015\\\/nuk-e-njoh-kete-gjyq\\\/#breadcrumb\"},\"inLanguage\":\"sq-AL\",\"potentialAction\":[{\"@type\":\"ReadAction\",\"target\":[\"https:\\\/\\\/fjala.info\\\/2009-2015\\\/nuk-e-njoh-kete-gjyq\\\/\"]}]},{\"@type\":\"ImageObject\",\"inLanguage\":\"sq-AL\",\"@id\":\"https:\\\/\\\/fjala.info\\\/2009-2015\\\/nuk-e-njoh-kete-gjyq\\\/#primaryimage\",\"url\":\"http:\\\/\\\/www.shkoder.net\\\/images\\\/fjala\\\/enver_robelli.jpg\",\"contentUrl\":\"http:\\\/\\\/www.shkoder.net\\\/images\\\/fjala\\\/enver_robelli.jpg\"},{\"@type\":\"BreadcrumbList\",\"@id\":\"https:\\\/\\\/fjala.info\\\/2009-2015\\\/nuk-e-njoh-kete-gjyq\\\/#breadcrumb\",\"itemListElement\":[{\"@type\":\"ListItem\",\"position\":1,\"name\":\"Home\",\"item\":\"https:\\\/\\\/fjala.info\\\/2009-2015\\\/\"},{\"@type\":\"ListItem\",\"position\":2,\"name\":\"Nuk e njoh k\u00ebt\u00eb gjyq\"}]},{\"@type\":\"WebSite\",\"@id\":\"https:\\\/\\\/fjala.info\\\/2009-2015\\\/#website\",\"url\":\"https:\\\/\\\/fjala.info\\\/2009-2015\\\/\",\"name\":\"FjALA e LIR\u00cb - Arkivi\",\"description\":\"Arkivi 2009-2015\",\"publisher\":{\"@id\":\"https:\\\/\\\/fjala.info\\\/2009-2015\\\/#organization\"},\"potentialAction\":[{\"@type\":\"SearchAction\",\"target\":{\"@type\":\"EntryPoint\",\"urlTemplate\":\"https:\\\/\\\/fjala.info\\\/2009-2015\\\/?s={search_term_string}\"},\"query-input\":{\"@type\":\"PropertyValueSpecification\",\"valueRequired\":true,\"valueName\":\"search_term_string\"}}],\"inLanguage\":\"sq-AL\"},{\"@type\":\"Organization\",\"@id\":\"https:\\\/\\\/fjala.info\\\/2009-2015\\\/#organization\",\"name\":\"FjALA e LIR\u00cb - Arkivi\",\"url\":\"https:\\\/\\\/fjala.info\\\/2009-2015\\\/\",\"logo\":{\"@type\":\"ImageObject\",\"inLanguage\":\"sq-AL\",\"@id\":\"https:\\\/\\\/fjala.info\\\/2009-2015\\\/#\\\/schema\\\/logo\\\/image\\\/\",\"url\":\"\",\"contentUrl\":\"\",\"caption\":\"FjALA e LIR\u00cb - Arkivi\"},\"image\":{\"@id\":\"https:\\\/\\\/fjala.info\\\/2009-2015\\\/#\\\/schema\\\/logo\\\/image\\\/\"}},{\"@type\":\"Person\",\"@id\":\"https:\\\/\\\/fjala.info\\\/2009-2015\\\/#\\\/schema\\\/person\\\/3aa1163ef05469c496fc94e77611ada2\",\"name\":\"admin\",\"image\":{\"@type\":\"ImageObject\",\"inLanguage\":\"sq-AL\",\"@id\":\"https:\\\/\\\/fjala.info\\\/2009-2015\\\/wp-content\\\/uploads\\\/2012\\\/02\\\/arben_cokaj-120x150.jpg\",\"url\":\"https:\\\/\\\/fjala.info\\\/2009-2015\\\/wp-content\\\/uploads\\\/2012\\\/02\\\/arben_cokaj-120x150.jpg\",\"contentUrl\":\"https:\\\/\\\/fjala.info\\\/2009-2015\\\/wp-content\\\/uploads\\\/2012\\\/02\\\/arben_cokaj-120x150.jpg\",\"caption\":\"admin\"},\"description\":\"Admin, Fjala e Lir\u00eb\",\"sameAs\":[\"https:\\\/\\\/fjala.info\\\/\"],\"url\":\"https:\\\/\\\/fjala.info\\\/2009-2015\\\/author\\\/admin\\\/\"}]}<\/script>\n<!-- \/ Yoast SEO plugin. -->","yoast_head_json":{"title":"Nuk e njoh k\u00ebt\u00eb gjyq - FjALA e LIR\u00cb - Arkivi","robots":{"index":"index","follow":"follow","max-snippet":"max-snippet:-1","max-image-preview":"max-image-preview:large","max-video-preview":"max-video-preview:-1"},"canonical":"https:\/\/fjala.info\/2009-2015\/nuk-e-njoh-kete-gjyq\/","og_locale":"sq_AL","og_type":"article","og_title":"Nuk e njoh k\u00ebt\u00eb gjyq - FjALA e LIR\u00cb - Arkivi","og_description":"Gjyqi me rrena q\u00eb iu b\u00eb Albin Kurtit nga strukturat n\u00ebntok\u00ebsore t\u00eb PDK-s\u00eb tregon sa thell\u00eb \u00ebsht\u00eb fundosur n\u00eb balt\u00eb kultura politike n\u00eb Kosov\u00eb. Viktima t\u00eb gjyqeve t\u00eb tilla mund t\u00eb jen\u00eb t\u00eb gjith\u00eb qytetar\u00ebt q\u00eb nuk pajtohen t\u2019i n\u00ebnshtrohen k\u00ebtij regjimi vot\u00ebpla\u00e7kit\u00ebs. P\u00ebr k\u00ebt\u00eb arsye dhe shum\u00eb t\u00eb tjera \u00ebsht\u00eb me r\u00ebnd\u00ebsi q\u00eb ky [&hellip;]","og_url":"https:\/\/fjala.info\/2009-2015\/nuk-e-njoh-kete-gjyq\/","og_site_name":"FjALA e LIR\u00cb - Arkivi","article_published_time":"2012-02-21T08:31:37+00:00","og_image":[{"url":"http:\/\/www.shkoder.net\/images\/fjala\/enver_robelli.jpg","type":"","width":"","height":""}],"author":"admin","twitter_card":"summary_large_image","twitter_misc":{"Written by":"admin","Est. reading time":"10 minutes"},"schema":{"@context":"https:\/\/schema.org","@graph":[{"@type":"Article","@id":"https:\/\/fjala.info\/2009-2015\/nuk-e-njoh-kete-gjyq\/#article","isPartOf":{"@id":"https:\/\/fjala.info\/2009-2015\/nuk-e-njoh-kete-gjyq\/"},"author":{"name":"admin","@id":"https:\/\/fjala.info\/2009-2015\/#\/schema\/person\/3aa1163ef05469c496fc94e77611ada2"},"headline":"Nuk e njoh k\u00ebt\u00eb gjyq","datePublished":"2012-02-21T08:31:37+00:00","mainEntityOfPage":{"@id":"https:\/\/fjala.info\/2009-2015\/nuk-e-njoh-kete-gjyq\/"},"wordCount":1972,"commentCount":0,"publisher":{"@id":"https:\/\/fjala.info\/2009-2015\/#organization"},"image":{"@id":"https:\/\/fjala.info\/2009-2015\/nuk-e-njoh-kete-gjyq\/#primaryimage"},"thumbnailUrl":"http:\/\/www.shkoder.net\/images\/fjala\/enver_robelli.jpg","articleSection":["Artikuj"],"inLanguage":"sq-AL","potentialAction":[{"@type":"CommentAction","name":"Comment","target":["https:\/\/fjala.info\/2009-2015\/nuk-e-njoh-kete-gjyq\/#respond"]}]},{"@type":"WebPage","@id":"https:\/\/fjala.info\/2009-2015\/nuk-e-njoh-kete-gjyq\/","url":"https:\/\/fjala.info\/2009-2015\/nuk-e-njoh-kete-gjyq\/","name":"Nuk e njoh k\u00ebt\u00eb gjyq - FjALA e LIR\u00cb - Arkivi","isPartOf":{"@id":"https:\/\/fjala.info\/2009-2015\/#website"},"primaryImageOfPage":{"@id":"https:\/\/fjala.info\/2009-2015\/nuk-e-njoh-kete-gjyq\/#primaryimage"},"image":{"@id":"https:\/\/fjala.info\/2009-2015\/nuk-e-njoh-kete-gjyq\/#primaryimage"},"thumbnailUrl":"http:\/\/www.shkoder.net\/images\/fjala\/enver_robelli.jpg","datePublished":"2012-02-21T08:31:37+00:00","breadcrumb":{"@id":"https:\/\/fjala.info\/2009-2015\/nuk-e-njoh-kete-gjyq\/#breadcrumb"},"inLanguage":"sq-AL","potentialAction":[{"@type":"ReadAction","target":["https:\/\/fjala.info\/2009-2015\/nuk-e-njoh-kete-gjyq\/"]}]},{"@type":"ImageObject","inLanguage":"sq-AL","@id":"https:\/\/fjala.info\/2009-2015\/nuk-e-njoh-kete-gjyq\/#primaryimage","url":"http:\/\/www.shkoder.net\/images\/fjala\/enver_robelli.jpg","contentUrl":"http:\/\/www.shkoder.net\/images\/fjala\/enver_robelli.jpg"},{"@type":"BreadcrumbList","@id":"https:\/\/fjala.info\/2009-2015\/nuk-e-njoh-kete-gjyq\/#breadcrumb","itemListElement":[{"@type":"ListItem","position":1,"name":"Home","item":"https:\/\/fjala.info\/2009-2015\/"},{"@type":"ListItem","position":2,"name":"Nuk e njoh k\u00ebt\u00eb gjyq"}]},{"@type":"WebSite","@id":"https:\/\/fjala.info\/2009-2015\/#website","url":"https:\/\/fjala.info\/2009-2015\/","name":"FjALA e LIR\u00cb - Arkivi","description":"Arkivi 2009-2015","publisher":{"@id":"https:\/\/fjala.info\/2009-2015\/#organization"},"potentialAction":[{"@type":"SearchAction","target":{"@type":"EntryPoint","urlTemplate":"https:\/\/fjala.info\/2009-2015\/?s={search_term_string}"},"query-input":{"@type":"PropertyValueSpecification","valueRequired":true,"valueName":"search_term_string"}}],"inLanguage":"sq-AL"},{"@type":"Organization","@id":"https:\/\/fjala.info\/2009-2015\/#organization","name":"FjALA e LIR\u00cb - Arkivi","url":"https:\/\/fjala.info\/2009-2015\/","logo":{"@type":"ImageObject","inLanguage":"sq-AL","@id":"https:\/\/fjala.info\/2009-2015\/#\/schema\/logo\/image\/","url":"","contentUrl":"","caption":"FjALA e LIR\u00cb - Arkivi"},"image":{"@id":"https:\/\/fjala.info\/2009-2015\/#\/schema\/logo\/image\/"}},{"@type":"Person","@id":"https:\/\/fjala.info\/2009-2015\/#\/schema\/person\/3aa1163ef05469c496fc94e77611ada2","name":"admin","image":{"@type":"ImageObject","inLanguage":"sq-AL","@id":"https:\/\/fjala.info\/2009-2015\/wp-content\/uploads\/2012\/02\/arben_cokaj-120x150.jpg","url":"https:\/\/fjala.info\/2009-2015\/wp-content\/uploads\/2012\/02\/arben_cokaj-120x150.jpg","contentUrl":"https:\/\/fjala.info\/2009-2015\/wp-content\/uploads\/2012\/02\/arben_cokaj-120x150.jpg","caption":"admin"},"description":"Admin, Fjala e Lir\u00eb","sameAs":["https:\/\/fjala.info\/"],"url":"https:\/\/fjala.info\/2009-2015\/author\/admin\/"}]}},"_links":{"self":[{"href":"https:\/\/fjala.info\/2009-2015\/wp-json\/wp\/v2\/posts\/11706","targetHints":{"allow":["GET"]}}],"collection":[{"href":"https:\/\/fjala.info\/2009-2015\/wp-json\/wp\/v2\/posts"}],"about":[{"href":"https:\/\/fjala.info\/2009-2015\/wp-json\/wp\/v2\/types\/post"}],"author":[{"embeddable":true,"href":"https:\/\/fjala.info\/2009-2015\/wp-json\/wp\/v2\/users\/1"}],"replies":[{"embeddable":true,"href":"https:\/\/fjala.info\/2009-2015\/wp-json\/wp\/v2\/comments?post=11706"}],"version-history":[{"count":0,"href":"https:\/\/fjala.info\/2009-2015\/wp-json\/wp\/v2\/posts\/11706\/revisions"}],"wp:attachment":[{"href":"https:\/\/fjala.info\/2009-2015\/wp-json\/wp\/v2\/media?parent=11706"}],"wp:term":[{"taxonomy":"category","embeddable":true,"href":"https:\/\/fjala.info\/2009-2015\/wp-json\/wp\/v2\/categories?post=11706"},{"taxonomy":"post_tag","embeddable":true,"href":"https:\/\/fjala.info\/2009-2015\/wp-json\/wp\/v2\/tags?post=11706"}],"curies":[{"name":"wp","href":"https:\/\/api.w.org\/{rel}","templated":true}]}}