{"id":11704,"date":"2012-02-21T00:17:59","date_gmt":"2012-02-20T23:17:59","guid":{"rendered":"http:\/\/fjala.shkoder.net\/?p=1882"},"modified":"2012-02-21T00:17:59","modified_gmt":"2012-02-20T23:17:59","slug":"berisha-nishani-watergate-ne-tirane","status":"publish","type":"post","link":"https:\/\/fjala.info\/2009-2015\/berisha-nishani-watergate-ne-tirane\/","title":{"rendered":"Berisha-Nishani, Watergate n\u00eb Tiran\u00eb"},"content":{"rendered":"<p><img decoding=\"async\" class=\"alignright size-thumbnail wp-image-7236\" title=\"Lorenc Vangjeli\" src=\"http:\/\/www.shkoder.net\/images\/fjala\/lorenc_vangjeli.jpg\" alt=\"\" width=\"150\" \/> <strong><em>Dy deklarime t\u00eb jasht\u00ebzakonshme t\u00eb kryeministrit dhe ministrit t\u00eb brendsh\u00ebm, hedhin padashur drit\u00eb mbi nj\u00eb rrjet t\u00eb paligjsh\u00ebm p\u00ebrgjimi. Q\u00eb p\u00ebrfshin median dhe kryetarin e opozit\u00ebs. Politika akuzon, jan\u00eb p\u00ebrgjuar dhe Presidenti, Prokurori i P\u00ebrgjithsh\u00ebm dhe Shefi i SHISH. Dyshimi se \u00ebsht\u00eb p\u00ebrgjuar dhe nj\u00eb diplomat i r\u00ebnd\u00ebsish\u00ebm n\u00eb Tiran\u00eb n\u00eb nj\u00eb bised\u00eb t\u00eb tij me nj\u00eb zyrtar t\u00eb lart\u00eb shqiptar. Mjetet e paligjshme kan\u00eb ardhur nga Malajzia. Detyrimi ligjor i prokuroris\u00eb p\u00ebr t\u00eb mos heshtur p\u00ebr Watergate-n shqiptar<\/em><\/strong><\/p>\n<p>Nga <strong>Lorenc Vangjeli<\/strong>, <em>20 Shkurt 2012<\/em><\/p>\n<p>Normalisht, n\u00eb nj\u00eb vend normal, \u00e7do qeveri nuk do t\u00eb kishte mbetur dot n\u00eb k\u00ebmb\u00eb. N\u00eb Shqip\u00ebri, nj\u00eb skandal i till\u00eb, \u00ebsht\u00eb l\u00ebn\u00eb menj\u00ebher\u00eb n\u00eb harres\u00eb dhe \u00ebsht\u00eb \u201cmbuluar\u201d nga d\u00ebbora e k\u00ebtij fillimviti dhe indiferenca. Dhe me t\u00eb gjitha gjasat, do t\u00eb vazhdoj\u00eb t\u00eb q\u00ebndroj\u00eb n\u00eb heshtje duke iu bashkangjitur dhe nj\u00eb skandal i ri: heshtjen e prokuroris\u00eb p\u00ebr t\u00eb nisur kryesisht, direkt nj\u00eb hetim penal p\u00ebr p\u00ebrgjegj\u00ebsit, shkaktar\u00ebt dhe autor\u00ebt e k\u00ebtij skandali. Ka shum\u00eb pak shanse, p\u00ebr t\u00eb mos th\u00ebn\u00eb q\u00eb ekzistojn\u00eb zero shanse q\u00eb prokuroria t\u00eb hetoj\u00eb k\u00ebt\u00eb \u00e7\u00ebshtje dhe t\u00eb \u00e7oj\u00eb nj\u00eb dosje n\u00eb gjykat\u00eb. Nj\u00eb vend i m\u00ebsuar me t\u00eb keqen, e ka t\u00eb pamundur ta luftoj\u00eb k\u00ebt\u00eb t\u00eb keqe me mjete juridike, sa koh\u00eb, vet\u00eb e keqja, shkaktohet me vullnet politik dhe nga aktor\u00eb politik\u00eb.<\/p>\n<p><img decoding=\"async\" class=\"alignright size-thumbnail wp-image-7236\" title=\"Berisha - Nishani\" src=\"http:\/\/www.shkoder.net\/2012\/berisha_nishani.jpg\" alt=\"\" width=\"300\" \/>N\u00eb fillim ministri i brendsh\u00ebm n\u00eb nj\u00eb emision televiziv, m\u00eb pas, edhe vet\u00eb kryeministri n\u00eb mbledhjen e komitetit nd\u00ebrministror t\u00eb emergjencave, jo thjesht pranuan, por s\u00eb paku konfirmuan ekzistenc\u00ebn e p\u00ebrgjimeve t\u00eb paligjshme telefonike. Jan\u00eb p\u00ebrgjuar shtetas t\u00eb ndrysh\u00ebm, por me t\u00eb gjitha gjasat, jan\u00eb p\u00ebrgjuar edhe media t\u00eb r\u00ebnd\u00ebsishme n\u00eb vend. \u201cP\u00ebr situat\u00ebn e krijuar nga bora ka pasur dhe jan\u00eb verifikuar telefonata false nga kafenet\u00eb e Tiran\u00ebs\u201d, tha ministri i brendsh\u00ebm Bujar Nishani duke iu p\u00ebrgjigjur Ilir Babaramos n\u00eb News 24.<\/p>\n<p>Shum\u00eb m\u00eb larg shkon, sipas zakonit, vet\u00eb kryeministri. Ai sakt\u00ebson edhe individin q\u00eb ka shp\u00ebrdoruar thirrjet telefonike. Ai \u00ebsht\u00eb Edi Rama, kryetar i partis\u00eb socialiste. \u201c\u2026ky zot\u00ebri ka organizuar nj\u00eb rrjet dezinformimi t\u00eb pashembullt me telefonata, njofton se k\u00ebtu u shemb\u00ebn dhjet\u00eb sht\u00ebpi, se n\u00eb kat\u00ebr sht\u00ebpi jan\u00eb z\u00ebn\u00eb brenda gjith\u00eb t\u00eb tjer\u00ebt\u2026\u201d. K\u00ebto konfirmime jan\u00eb dy element\u00eb dramatik\u00eb p\u00ebr t\u00eb d\u00ebshmuar se \u00e7far\u00eb po ndodh p\u00ebrtej perdes n\u00eb Shqip\u00ebri.<\/p>\n<p>Sh\u00ebrbejn\u00eb p\u00ebr t\u00eb provuar at\u00eb q\u00eb shum\u00ebkush e flet n\u00eb Tiran\u00eb, por pakkush kujtohet ta konsideroj\u00eb si absolutisht skandalin m\u00eb t\u00eb madh q\u00eb ka ndodhur n\u00eb k\u00ebto dy dekada pluraliz\u00ebm: qeveria p\u00ebrgjon n\u00eb m\u00ebnyr\u00eb t\u00eb paligjshme kund\u00ebrshtar\u00ebt e saj. Sipas asaj q\u00eb thot\u00eb kryeministri dhe ministri i brendsh\u00ebm, jan\u00eb p\u00ebrgjuar kryetari i opozit\u00ebs, media dhe qytetar\u00eb t\u00eb ve\u00e7ant\u00eb. Sipas asaj q\u00eb \u00ebsht\u00eb artikuluar n\u00eb m\u00ebnyr\u00eb publike, n\u00eb rrjet\u00ebn e p\u00ebrgjimeve \u00ebsht\u00eb p\u00ebrfshir\u00eb edhe Presidenti i Republik\u00ebs, Prokurori i P\u00ebrgjithsh\u00ebm, shefi i SHISH, deputet\u00eb t\u00eb opozit\u00ebs dhe personazhe t\u00eb tjer\u00eb publik\u00eb n\u00eb vend.<\/p>\n<p>Dhe s\u00eb fundi, me nj\u00eb konfirmim jo zyrtar q\u00eb vjen nga nj\u00eb rrjedhje informacioni nga vet\u00eb ministria e brendshme, \u00ebsht\u00eb p\u00ebrgjuar dhe nj\u00eb diplomat i r\u00ebnd\u00ebsish\u00ebm i akredituar n\u00eb Tiran\u00eb n\u00eb bised\u00eb me nj\u00eb nga politikan\u00ebt m\u00eb t\u00eb r\u00ebnd\u00ebsish\u00ebm t\u00eb maxhoranc\u00ebs. Nj\u00eb akt i kryer n\u00eb qend\u00ebr t\u00eb Tiran\u00ebs n\u00ebp\u00ebrmjet p\u00ebrgjimit ambiental. N\u00eb nj\u00eb aksion q\u00eb u dekonspirua nga rrethana t\u00ebr\u00ebsisht banale prej vet\u00eb autor\u00ebve t\u00eb p\u00ebrgjimit.<\/p>\n<p><strong>Ministri i Brendsh\u00ebm<\/strong><\/p>\n<p>Zoti Nishani konfirmon publikisht se jan\u00eb \u201c\u2026verifikuar telefonata fallso nga kafenet\u00eb e Tiran\u00ebs\u2026\u201d. Ministri i brendsh\u00ebm n\u00eb k\u00ebt\u00eb m\u00ebnyr\u00eb i referohet nj\u00eb numri telefonatash q\u00eb jan\u00eb b\u00ebr\u00eb n\u00eb qendr\u00ebn e emergjenc\u00ebs p\u00ebr shkak t\u00eb situat\u00ebs s\u00eb r\u00ebnduar t\u00eb motit n\u00eb Shqip\u00ebri. Edhe pse nuk e p\u00ebrmend, i referohet edhe telefonatave \u2013 m\u00eb sakt\u00eb, kryesisht k\u00ebto lloj telefonatash ka parasysh \u2013 q\u00eb jan\u00eb kryer n\u00eb numrat e afishuar nga nj\u00eb num\u00ebr mediash vizive dhe t\u00eb shkuara, ndaj t\u00eb cilave ka pasur thirrje hyr\u00ebse nga qytetar\u00eb q\u00eb pretendonin v\u00ebshtir\u00ebsi dhe k\u00ebrkonin ndihm\u00eb p\u00ebr shkak t\u00eb situat\u00ebs.<\/p>\n<p>\u00c7far\u00eb do t\u00eb thot\u00eb jan\u00eb verifikuar k\u00ebto telefonata dhe q\u00eb rezultati i verifikimit t\u00eb tyre \u00ebsht\u00eb se ato jan\u00eb kryer nga kafenet\u00eb e Tiran\u00ebs? Do t\u00eb thot\u00eb se jan\u00eb verifikuar numrat e telefonave q\u00eb kan\u00eb b\u00ebr\u00eb thirrje hyr\u00ebse n\u00eb k\u00ebto numra t\u00eb mediave. Dhe n\u00ebse i besohet ministrit, do t\u00eb thot\u00eb, q\u00eb sipas analizimit t\u00eb sistemit t\u00eb antenave t\u00eb kompanive celulare, ka dal\u00eb q\u00eb ato jan\u00eb kryer nga antenat e zon\u00ebs s\u00eb Tiran\u00ebs dhe jo nga Veriu i vendit.<\/p>\n<p>Deri k\u00ebtu, ngjan nj\u00eb skenar i cili ka dy pjes\u00eb: e para, qytetar\u00eb t\u00eb pap\u00ebr\u00adgjegjsh\u00ebm tallen me situat\u00ebn duke krijuar kosto t\u00ebr\u00ebsisht t\u00eb panevojshme shtes\u00eb p\u00ebr operacionet e ndihmave, e dyta, struktura t\u00eb caktuara politike k\u00ebrkojn\u00eb t\u00eb r\u00ebndojn\u00eb artificialisht gjendjen p\u00ebrball\u00eb perceptimit publik p\u00ebr paaft\u00ebsin\u00eb e qeveris\u00eb p\u00ebr t\u00eb reaguar n\u00eb k\u00ebt\u00eb situat\u00eb. Ky skenar ekziston vet\u00ebm n\u00ebse i besohet ministrit n\u00eb deklarimin e tij, por kjo mbetet p\u00ebr t\u2019u verifikuar. Skenari tjet\u00ebr, t\u00ebr\u00ebsisht i v\u00ebrtetuar nga deklarimet e ministrit dhe vet\u00eb kryeministrit, \u00ebsht\u00eb tmerr\u00ebsisht m\u00eb i zymt\u00eb. Si \u00ebsht\u00eb b\u00ebr\u00eb ky verifikim? Mbi \u00e7far\u00eb baze ligjore? Kush e kreu dhe pse? P\u00ebrgjigjet mund t\u00eb gjenden n\u00eb Kodin e Procedur\u00ebs Penale. Q\u00eb shpjegojn\u00eb m\u00ebnyr\u00ebn e vetme ligjore se si do t\u00eb realizoheshin k\u00ebto \u201cverifikime telefonatash\u201d.<\/p>\n<p>N\u00eb nj\u00eb grup nenesh, nga neni 221 deri n\u00eb nenin 226, n\u00eb seksionin IV t\u00eb Kodit t\u00eb Procedur\u00ebs Penale, shpjegohet gjith\u00eb m\u00ebnyra sesi mund t\u00eb realizohet p\u00ebrgjimi apo n\u00eb rastin konkret, verifikimi i telefonatave. Nis me urdh\u00ebrimin se \u201cP\u00ebrgjimi i komunikimeve t\u00eb nj\u00eb personi ose t\u00eb nj\u00eb numri telefoni me telefon, faks, kompjuter ose me mjete t\u00eb tjera t\u00eb \u00e7do lloji\u2026 lejohen vet\u00ebm kur procedohet p\u00ebr krimet e kryera me dashje, p\u00ebr t\u00eb cilat parashikohet d\u00ebnim me burgim jo m\u00eb pak, n\u00eb maksimum, se shtat\u00eb vjet\u2026\u201d.<\/p>\n<p>Por p\u00ebr t\u00eb mb\u00ebrritur deri k\u00ebtu, vendimi p\u00ebr lejimin e p\u00ebrgjimit, k\u00ebrkon plot\u00ebsimin e disa kushteve. Ai b\u00ebhet: \u201cMe k\u00ebrkes\u00ebn e prokurorit ose t\u00eb t\u00eb d\u00ebmtuarit akuzues, gjykata autorizon p\u00ebrgjimin me vendim t\u00eb motivuar p\u00ebr rastet e lejuara me ligj, kur ai \u00ebsht\u00eb i domosdosh\u00ebm p\u00ebr vazhdimin e hetimeve t\u00eb filluara dhe kur ka prova t\u00eb mjaftueshme p\u00ebr v\u00ebrtetimin e akuz\u00ebs\u2026\u201d. M\u00eb tej: \u201cP\u00ebrgjimi n\u00eb vende publike, regjistrimi i numrave t\u00eb telefonit, hyr\u00ebs dhe dal\u00ebs, si dhe p\u00ebrdorimi i pajisjeve gjurmuese t\u00eb vendndodhjes autorizohen nga prokurori\u201d.<\/p>\n<p>K\u00ebshtu thot\u00eb ligji. Pjes\u00ebn tjet\u00ebr duhet ta thot\u00eb kryeministri dhe ministri i tij i brendsh\u00ebm se n\u00eb jan\u00eb plot\u00ebsuar k\u00ebto kushte p\u00ebr t\u00eb mb\u00ebrritur n\u00eb deklarimet e tyre publike. A ekziston nj\u00eb vendim gjykate p\u00ebr t\u00eb v\u00ebn\u00eb n\u00eb p\u00ebrgjim numrat e mediave? Kur \u00ebsht\u00eb marr\u00eb ky vendim dhe a vazhdon t\u00eb jet\u00eb n\u00eb fuqi? N\u00ebse \u00ebsht\u00eb k\u00ebshtu, a do t\u00eb ket\u00eb nj\u00eb hetim, do t\u00eb ket\u00eb p\u00ebrfundim t\u00eb tij dhe v\u00ebnie p\u00ebrpara p\u00ebrgjegj\u00ebsis\u00eb s\u00eb personave p\u00ebr\u00adgjegj\u00ebs? Ka shum\u00eb pik\u00ebpyetje q\u00eb ngren\u00eb dy deklarimet e l\u00ebshuara me leht\u00ebsi t\u00eb padurueshme dhe sipas zakonit shqiptar nga dy zyrtar\u00ebt e lart\u00eb t\u00eb shtetit shqiptar. Madje ka dhe m\u00eb shum\u00eb se kaq.<\/p>\n<p>Nga ky moment, mediat s\u00eb paku, q\u00eb marrin dijeni p\u00ebr k\u00ebt\u00eb fakt, kan\u00eb t\u00eb drejt\u00eb q\u00eb t\u00eb b\u00ebjn\u00eb ankim kund\u00ebr vendimit p\u00ebr p\u00ebrgjimin e tyre. Dhe, \u201cAnkimi shqyrtohet nga gjykata e apelit ose nga Prokurori i P\u00ebrgjithsh\u00ebm n\u00eb rast se autorizimi \u00ebsht\u00eb dh\u00ebn\u00eb nga prokurori. Kur ankimi gjendet i drejt\u00eb, gjykata e apelit ose Prokurori i P\u00ebrgjithsh\u00ebm shfuqizojn\u00eb aktin q\u00eb autorizon p\u00ebrgjimin dhe urdh\u00ebrojn\u00eb fshirjen e \u00e7do materiali t\u00eb marr\u00eb nga p\u00ebrgjimi\u201d. Koha e shkurt\u00ebr \u2013 pak m\u00eb shum\u00eb se 24 or\u00eb \u2013 q\u00eb nis me telefonatat e \u201cdyshuara\u201d dhe deklarimin e Berish\u00ebs dhe Nishanit p\u00ebr verifikimin e tyre \u2013 e b\u00ebjn\u00eb t\u00eb pamundur realizimin e gjith\u00eb k\u00ebrkesave q\u00eb k\u00ebrkon ligji p\u00ebr t\u00eb kryer p\u00ebrgjime t\u00eb ligjshme. Mbetet t\u00eb besohet e kund\u00ebrta.<\/p>\n<p><strong>Kryeministri<\/strong><\/p>\n<p>Natyrisht q\u00eb ka vajtur shum\u00eb m\u00eb larg se ministri i tij i brendsh\u00ebm. Duke deklaruar se Edi Rama ka ngritur \u201c\u2026nj\u00eb rrjet dezinformimi t\u00eb pashembullt me telefonata\u201d, ai pranon direkt se p\u00ebr t\u00eb arritur n\u00eb k\u00ebt\u00eb argument \u2013 gjithmon\u00eb n\u00ebse thot\u00eb t\u00eb v\u00ebrtet\u00ebn \u2013 ka siguruar provat\u2026<\/p>\n<p>\u2026se Edi Rama ka urdh\u00ebruar ngritjen e k\u00ebtij rrjeti. Dhe nj\u00eb gj\u00eb t\u00eb till\u00eb, kryeministri mund ta m\u00ebsoj\u00eb vet\u00ebm n\u00ebp\u00ebrmjet tre formave, ose duke p\u00ebrgjuar telefonatat e Edi Ram\u00ebs, ose duke b\u00ebr\u00eb p\u00ebrgjime ambientale t\u00eb Edi Ram\u00ebs, ose duke pasur \u201cbashk\u00ebpun\u00ebtor\u00eb\u201d t\u00eb tij brenda bashk\u00ebpun\u00ebtor\u00ebve t\u00eb Edi Ram\u00ebs. Dy variantet e para jan\u00eb t\u00eb d\u00ebnueshme penalisht, i fundit, i d\u00ebnuesh\u00ebm edhe moralisht. Ka dhe nj\u00eb mund\u00ebsi t\u00eb kat\u00ebrt q\u00eb nuk mund t\u00eb p\u00ebrjashtohet.<\/p>\n<p>Edhe kryeministri, edhe ministri i brendsh\u00ebm, t\u00eb dy ve\u00e7 e ve\u00e7 dhe t\u00eb dy s\u00eb bashku, g\u00ebnjejn\u00eb publikisht. T\u00eb v\u00ebn\u00eb n\u00eb v\u00ebshtir\u00ebsi serioze p\u00ebr shkak t\u00eb situat\u00ebs s\u00eb krijuar, ata kan\u00eb zgjedhur t\u00eb shp\u00ebrndajn\u00eb p\u00ebrgjegj\u00ebsin\u00eb. N\u00eb k\u00ebt\u00eb rast, duke treguar se situata \u00ebsht\u00eb shum\u00eb m\u00eb roz\u00eb n\u00eb krahasim me t\u00eb zez\u00ebn sterr\u00eb q\u00eb tenton ta paraqes\u00eb selia roz\u00eb. Dhe m\u00eb roz\u00eb sesa e p\u00ebrjetojn\u00eb realisht vet\u00eb fatzinjt\u00eb q\u00eb i ka z\u00ebn\u00eb mallkimi i bardh\u00eb i d\u00ebbor\u00ebs. Por edhe kjo mund\u00ebsi e kat\u00ebrt, \u00ebsht\u00eb e d\u00ebnueshme r\u00ebnd\u00eb moralisht dhe politikisht.<\/p>\n<p><strong>Prokuroria<\/strong><\/p>\n<p>N\u00eb harkun e dhjet\u00eb dit\u00ebve t\u00eb fundit, prokuroria \u00ebsht\u00eb njohur me nj\u00eb deklarim publik t\u00eb deputetit Dritan Prifti. Ish-ministri i ekonomis\u00eb denoncoi nj\u00eb rrjet t\u00eb paligjsh\u00ebm p\u00ebrgjimesh. \u201c M\u00eb kan\u00eb p\u00ebrgjuar 24 or\u00eb n\u00eb telefona, n\u00eb makin\u00eb, n\u00eb sht\u00ebpi, n\u00eb zyr\u00eb, n\u00eb ambiente private, vend e pa vend. Ka qen\u00eb nj\u00eb grup mafioz q\u00eb ka punuar rreth nj\u00eb vit rresht p\u00ebr t\u00eb m\u00eb p\u00ebrgjuar mua 24 or\u00eb. Nuk e b\u00ebjn\u00eb vet\u00ebm p\u00ebr mua. Nga informacionet q\u00eb kam, ata p\u00ebrgjojn\u00eb Presidentin, kryeprokuroren, kryetarin e opozit\u00ebs, opozitar\u00eb t\u00eb tjer\u00eb, p\u00ebrfaq\u00ebsues mediash.<\/p>\n<p>\u00cbsht\u00eb nj\u00eb grup mafioz, nuk e di a \u00ebsht\u00eb Spartak Braho n\u00eb krye apo jo, brenda Shqip\u00ebris\u00eb, q\u00eb b\u00ebn k\u00ebto gj\u00ebra me pajisje p\u00ebrgjimi t\u00eb blera n\u00eb Bari t\u00eb Italis\u00eb dhe nga sa di un\u00eb, me origjin\u00eb ruse, q\u00eb b\u00ebjn\u00eb k\u00ebt\u00eb lloj masakre, shkelje t\u00eb t\u00eb drejtave t\u00eb njeriut dhe t\u00eb privat\u00ebsis\u00eb t\u00eb personave publik\u00eb, por edhe personave t\u00eb thjesht\u00eb n\u00eb k\u00ebt\u00eb vend\u201d. N\u00eb fakt, e v\u00ebrteta e Priftit ting\u00ebllon trondit\u00ebse. Prokuroria n\u00eb m\u00ebnyr\u00eb automatike duhet t\u00eb hetoj\u00eb p\u00ebr v\u00ebrtet\u00ebsin\u00eb e saj. Shenjat jan\u00eb q\u00eb Prifti ka th\u00ebn\u00eb t\u00eb v\u00ebrtet\u00ebn. Madje nj\u00eb pjes\u00eb t\u00eb saj. Mbas publikimit t\u00eb videos s\u00eb tij t\u00eb par\u00eb, nj\u00eb grup i policis\u00eb s\u00eb shtetit, nj\u00eb segment i saj q\u00eb nuk komandohet as nga ministri Nishani dhe as nga drejtori i policis\u00eb Burgaj, e ka ndjekur pa nd\u00ebrprer\u00eb deputetin kontravers.<\/p>\n<p>Diku nga marsi dhe prilli i vitit t\u00eb kaluar, madje, k\u00ebtij grupi i \u00ebsht\u00eb shtuar dhe nj\u00eb i dyt\u00eb duke krijuar nj\u00eb zinxhir absurd: p\u00ebrgjim i p\u00ebrgjuesve t\u00eb p\u00ebrgjuesit. Pa k\u00ebrkes\u00eb t\u00eb prokurorit. Pa vendim gjykate. P\u00ebr m\u00eb shum\u00eb, duke p\u00ebrfshir\u00eb n\u00eb target, edhe vet\u00eb kryetarin e shtetit, kryetarin e opozit\u00ebs, kryeprokuroren, shefin e SHISH dhe njer\u00ebz t\u00eb medias. N\u00ebse prokuroria vazhdon t\u00eb hesht\u00eb dhe t\u00eb mos veproj\u00eb n\u00eb k\u00ebt\u00eb drejtim, m\u00eb s\u00eb paku ajo mund t\u00eb vihet dhe vet\u00eb n\u00ebn akuz\u00ebn jo vet\u00ebm morale t\u00eb mos p\u00ebrmbushjes s\u00eb rregullt t\u00eb detyr\u00ebs. Sepse njer\u00ebzit e akuz\u00ebs e njohin mir\u00eb \u00e7far\u00eb urdh\u00ebron p\u00ebrball\u00eb tyre neni 23 i Kodit Penal p\u00ebr p\u00ebrgjimet e paligjshme: \u201cP\u00ebrgjimi i paligjsh\u00ebm me mjete teknike i transmetimeve jopublike\u2026, d\u00ebnohet me burgim nga tre deri n\u00eb shtat\u00eb vjet\u201d.<\/p>\n<p><strong>Mjetet, diplomati dhe nj\u00eb zyrtar i lart\u00eb<\/strong><\/p>\n<p>Prifti flet p\u00ebr pajisje p\u00ebrgjimi t\u00eb bler\u00eb n\u00eb Bari, Itali dhe me origjin\u00eb ruse. Burime konfidenciale, p\u00ebrtej Priftit, konfirmojn\u00eb ekzistenc\u00ebn e k\u00ebtyre pajisjeve, por me nj\u00eb ndryshim: vijn\u00eb nga m\u00eb larg se Rusia e larg\u00ebt. Vijn\u00eb nga Malajzia. T\u00eb tjera burime p\u00ebrmendin se p\u00ebr her\u00eb t\u00eb fundit, k\u00ebto pajisje jan\u00eb p\u00ebrdorur p\u00ebr t\u00eb p\u00ebrgjuar n\u00eb m\u00ebnyr\u00eb ambientale bised\u00ebn n\u00eb nj\u00eb lokal mes nj\u00eb zyrtari t\u00eb lart\u00eb shqiptar dhe nj\u00eb diplomati t\u00eb r\u00ebnd\u00ebsish\u00ebm t\u00eb akredituar n\u00eb Tiran\u00eb. Natyrisht n\u00eb mes t\u00eb Tiran\u00ebs.<\/p>\n<p>\u00cbsht\u00eb e pamundur p\u00ebr mjetet mediatike q\u00eb ka n\u00eb dispozicion revista Java t\u00eb jepet prova p\u00ebrfundimtare p\u00ebr k\u00ebt\u00eb skandal. E r\u00ebnd\u00ebsishme \u00ebsht\u00eb q\u00eb t\u00eb kuptohet, q\u00eb duke u nisur qoft\u00eb dhe vet\u00ebm nga deklarimet e kryeministrit, ministrit t\u00eb brendsh\u00ebm dhe deputetit Prifti, t\u00eb gjitha variantet e mundshme t\u00eb s\u00eb v\u00ebrtet\u00ebs d\u00ebshmojn\u00eb se e keqja n\u00eb Tiran\u00eb ka vajtur shum\u00eb larg. Dhe se ajo \u00ebsht\u00eb e pamundur t\u00eb kurohet me mjete juridike, sa koh\u00eb q\u00eb vet\u00eb vullneti politik i jep frym\u00ebzim politik shkeljes arrogante t\u00eb ligjit. M\u00eb s\u00eb fundi, edhe Tirana, fatkeq\u00ebsisht, njohu Watergate-n e saj. Me nj\u00eb ndryshim, k\u00ebtu n\u00eb Tiran\u00eb ngjan normale \u00e7far\u00eb shkaktoi t\u00ebrmet matan\u00eb Atlantikut, nj\u00eb t\u00ebrmet dikur q\u00eb uli n\u00eb gjunj\u00eb nj\u00eb President dhe e b\u00ebri SHBA-n\u00eb nj\u00eb vend edhe m\u00eb t\u00eb ndersh\u00ebm p\u00ebrball\u00eb ligjit.<\/p>\n<p><em>Revista JAVA<\/em><\/p>\n","protected":false},"excerpt":{"rendered":"<p>Dy deklarime t\u00eb jasht\u00ebzakonshme t\u00eb kryeministrit dhe ministrit t\u00eb brendsh\u00ebm, hedhin padashur drit\u00eb mbi nj\u00eb rrjet t\u00eb paligjsh\u00ebm p\u00ebrgjimi. Q\u00eb p\u00ebrfshin median dhe kryetarin e opozit\u00ebs. Politika akuzon, jan\u00eb p\u00ebrgjuar dhe Presidenti, Prokurori i P\u00ebrgjithsh\u00ebm dhe Shefi i SHISH. Dyshimi se \u00ebsht\u00eb p\u00ebrgjuar dhe nj\u00eb diplomat i r\u00ebnd\u00ebsish\u00ebm n\u00eb Tiran\u00eb n\u00eb nj\u00eb bised\u00eb t\u00eb tij [&hellip;]<\/p>\n","protected":false},"author":1,"featured_media":0,"comment_status":"open","ping_status":"closed","sticky":false,"template":"","format":"standard","meta":{"footnotes":""},"categories":[2],"tags":[],"class_list":{"0":"post-11704","1":"post","2":"type-post","3":"status-publish","4":"format-standard","6":"category-artikuj"},"yoast_head":"<!-- This site is optimized with the Yoast SEO plugin v27.4 - https:\/\/yoast.com\/product\/yoast-seo-wordpress\/ -->\n<title>Berisha-Nishani, Watergate n\u00eb Tiran\u00eb - FjALA e LIR\u00cb - Arkivi<\/title>\n<meta name=\"robots\" content=\"index, follow, max-snippet:-1, max-image-preview:large, max-video-preview:-1\" \/>\n<link rel=\"canonical\" href=\"https:\/\/fjala.info\/2009-2015\/berisha-nishani-watergate-ne-tirane\/\" \/>\n<meta property=\"og:locale\" content=\"sq_AL\" \/>\n<meta property=\"og:type\" content=\"article\" \/>\n<meta property=\"og:title\" content=\"Berisha-Nishani, Watergate n\u00eb Tiran\u00eb - FjALA e LIR\u00cb - Arkivi\" \/>\n<meta property=\"og:description\" content=\"Dy deklarime t\u00eb jasht\u00ebzakonshme t\u00eb kryeministrit dhe ministrit t\u00eb brendsh\u00ebm, hedhin padashur drit\u00eb mbi nj\u00eb rrjet t\u00eb paligjsh\u00ebm p\u00ebrgjimi. Q\u00eb p\u00ebrfshin median dhe kryetarin e opozit\u00ebs. Politika akuzon, jan\u00eb p\u00ebrgjuar dhe Presidenti, Prokurori i P\u00ebrgjithsh\u00ebm dhe Shefi i SHISH. Dyshimi se \u00ebsht\u00eb p\u00ebrgjuar dhe nj\u00eb diplomat i r\u00ebnd\u00ebsish\u00ebm n\u00eb Tiran\u00eb n\u00eb nj\u00eb bised\u00eb t\u00eb tij [&hellip;]\" \/>\n<meta property=\"og:url\" content=\"https:\/\/fjala.info\/2009-2015\/berisha-nishani-watergate-ne-tirane\/\" \/>\n<meta property=\"og:site_name\" content=\"FjALA e LIR\u00cb - Arkivi\" \/>\n<meta property=\"article:published_time\" content=\"2012-02-20T23:17:59+00:00\" \/>\n<meta property=\"og:image\" content=\"http:\/\/www.shkoder.net\/images\/fjala\/lorenc_vangjeli.jpg\" \/>\n<meta name=\"author\" content=\"admin\" \/>\n<meta name=\"twitter:card\" content=\"summary_large_image\" \/>\n<meta name=\"twitter:label1\" content=\"Written by\" \/>\n\t<meta name=\"twitter:data1\" content=\"admin\" \/>\n\t<meta name=\"twitter:label2\" content=\"Est. reading time\" \/>\n\t<meta name=\"twitter:data2\" content=\"12 minutes\" \/>\n<script type=\"application\/ld+json\" class=\"yoast-schema-graph\">{\"@context\":\"https:\\\/\\\/schema.org\",\"@graph\":[{\"@type\":\"Article\",\"@id\":\"https:\\\/\\\/fjala.info\\\/2009-2015\\\/berisha-nishani-watergate-ne-tirane\\\/#article\",\"isPartOf\":{\"@id\":\"https:\\\/\\\/fjala.info\\\/2009-2015\\\/berisha-nishani-watergate-ne-tirane\\\/\"},\"author\":{\"name\":\"admin\",\"@id\":\"https:\\\/\\\/fjala.info\\\/2009-2015\\\/#\\\/schema\\\/person\\\/3aa1163ef05469c496fc94e77611ada2\"},\"headline\":\"Berisha-Nishani, Watergate n\u00eb Tiran\u00eb\",\"datePublished\":\"2012-02-20T23:17:59+00:00\",\"mainEntityOfPage\":{\"@id\":\"https:\\\/\\\/fjala.info\\\/2009-2015\\\/berisha-nishani-watergate-ne-tirane\\\/\"},\"wordCount\":2387,\"commentCount\":0,\"publisher\":{\"@id\":\"https:\\\/\\\/fjala.info\\\/2009-2015\\\/#organization\"},\"image\":{\"@id\":\"https:\\\/\\\/fjala.info\\\/2009-2015\\\/berisha-nishani-watergate-ne-tirane\\\/#primaryimage\"},\"thumbnailUrl\":\"http:\\\/\\\/www.shkoder.net\\\/images\\\/fjala\\\/lorenc_vangjeli.jpg\",\"articleSection\":[\"Artikuj\"],\"inLanguage\":\"sq-AL\",\"potentialAction\":[{\"@type\":\"CommentAction\",\"name\":\"Comment\",\"target\":[\"https:\\\/\\\/fjala.info\\\/2009-2015\\\/berisha-nishani-watergate-ne-tirane\\\/#respond\"]}]},{\"@type\":\"WebPage\",\"@id\":\"https:\\\/\\\/fjala.info\\\/2009-2015\\\/berisha-nishani-watergate-ne-tirane\\\/\",\"url\":\"https:\\\/\\\/fjala.info\\\/2009-2015\\\/berisha-nishani-watergate-ne-tirane\\\/\",\"name\":\"Berisha-Nishani, Watergate n\u00eb Tiran\u00eb - FjALA e LIR\u00cb - Arkivi\",\"isPartOf\":{\"@id\":\"https:\\\/\\\/fjala.info\\\/2009-2015\\\/#website\"},\"primaryImageOfPage\":{\"@id\":\"https:\\\/\\\/fjala.info\\\/2009-2015\\\/berisha-nishani-watergate-ne-tirane\\\/#primaryimage\"},\"image\":{\"@id\":\"https:\\\/\\\/fjala.info\\\/2009-2015\\\/berisha-nishani-watergate-ne-tirane\\\/#primaryimage\"},\"thumbnailUrl\":\"http:\\\/\\\/www.shkoder.net\\\/images\\\/fjala\\\/lorenc_vangjeli.jpg\",\"datePublished\":\"2012-02-20T23:17:59+00:00\",\"breadcrumb\":{\"@id\":\"https:\\\/\\\/fjala.info\\\/2009-2015\\\/berisha-nishani-watergate-ne-tirane\\\/#breadcrumb\"},\"inLanguage\":\"sq-AL\",\"potentialAction\":[{\"@type\":\"ReadAction\",\"target\":[\"https:\\\/\\\/fjala.info\\\/2009-2015\\\/berisha-nishani-watergate-ne-tirane\\\/\"]}]},{\"@type\":\"ImageObject\",\"inLanguage\":\"sq-AL\",\"@id\":\"https:\\\/\\\/fjala.info\\\/2009-2015\\\/berisha-nishani-watergate-ne-tirane\\\/#primaryimage\",\"url\":\"http:\\\/\\\/www.shkoder.net\\\/images\\\/fjala\\\/lorenc_vangjeli.jpg\",\"contentUrl\":\"http:\\\/\\\/www.shkoder.net\\\/images\\\/fjala\\\/lorenc_vangjeli.jpg\"},{\"@type\":\"BreadcrumbList\",\"@id\":\"https:\\\/\\\/fjala.info\\\/2009-2015\\\/berisha-nishani-watergate-ne-tirane\\\/#breadcrumb\",\"itemListElement\":[{\"@type\":\"ListItem\",\"position\":1,\"name\":\"Home\",\"item\":\"https:\\\/\\\/fjala.info\\\/2009-2015\\\/\"},{\"@type\":\"ListItem\",\"position\":2,\"name\":\"Berisha-Nishani, Watergate n\u00eb Tiran\u00eb\"}]},{\"@type\":\"WebSite\",\"@id\":\"https:\\\/\\\/fjala.info\\\/2009-2015\\\/#website\",\"url\":\"https:\\\/\\\/fjala.info\\\/2009-2015\\\/\",\"name\":\"FjALA e LIR\u00cb - Arkivi\",\"description\":\"Arkivi 2009-2015\",\"publisher\":{\"@id\":\"https:\\\/\\\/fjala.info\\\/2009-2015\\\/#organization\"},\"potentialAction\":[{\"@type\":\"SearchAction\",\"target\":{\"@type\":\"EntryPoint\",\"urlTemplate\":\"https:\\\/\\\/fjala.info\\\/2009-2015\\\/?s={search_term_string}\"},\"query-input\":{\"@type\":\"PropertyValueSpecification\",\"valueRequired\":true,\"valueName\":\"search_term_string\"}}],\"inLanguage\":\"sq-AL\"},{\"@type\":\"Organization\",\"@id\":\"https:\\\/\\\/fjala.info\\\/2009-2015\\\/#organization\",\"name\":\"FjALA e LIR\u00cb - Arkivi\",\"url\":\"https:\\\/\\\/fjala.info\\\/2009-2015\\\/\",\"logo\":{\"@type\":\"ImageObject\",\"inLanguage\":\"sq-AL\",\"@id\":\"https:\\\/\\\/fjala.info\\\/2009-2015\\\/#\\\/schema\\\/logo\\\/image\\\/\",\"url\":\"\",\"contentUrl\":\"\",\"caption\":\"FjALA e LIR\u00cb - Arkivi\"},\"image\":{\"@id\":\"https:\\\/\\\/fjala.info\\\/2009-2015\\\/#\\\/schema\\\/logo\\\/image\\\/\"}},{\"@type\":\"Person\",\"@id\":\"https:\\\/\\\/fjala.info\\\/2009-2015\\\/#\\\/schema\\\/person\\\/3aa1163ef05469c496fc94e77611ada2\",\"name\":\"admin\",\"image\":{\"@type\":\"ImageObject\",\"inLanguage\":\"sq-AL\",\"@id\":\"https:\\\/\\\/fjala.info\\\/2009-2015\\\/wp-content\\\/uploads\\\/2012\\\/02\\\/arben_cokaj-120x150.jpg\",\"url\":\"https:\\\/\\\/fjala.info\\\/2009-2015\\\/wp-content\\\/uploads\\\/2012\\\/02\\\/arben_cokaj-120x150.jpg\",\"contentUrl\":\"https:\\\/\\\/fjala.info\\\/2009-2015\\\/wp-content\\\/uploads\\\/2012\\\/02\\\/arben_cokaj-120x150.jpg\",\"caption\":\"admin\"},\"description\":\"Admin, Fjala e Lir\u00eb\",\"sameAs\":[\"https:\\\/\\\/fjala.info\\\/\"],\"url\":\"https:\\\/\\\/fjala.info\\\/2009-2015\\\/author\\\/admin\\\/\"}]}<\/script>\n<!-- \/ Yoast SEO plugin. -->","yoast_head_json":{"title":"Berisha-Nishani, Watergate n\u00eb Tiran\u00eb - FjALA e LIR\u00cb - Arkivi","robots":{"index":"index","follow":"follow","max-snippet":"max-snippet:-1","max-image-preview":"max-image-preview:large","max-video-preview":"max-video-preview:-1"},"canonical":"https:\/\/fjala.info\/2009-2015\/berisha-nishani-watergate-ne-tirane\/","og_locale":"sq_AL","og_type":"article","og_title":"Berisha-Nishani, Watergate n\u00eb Tiran\u00eb - FjALA e LIR\u00cb - Arkivi","og_description":"Dy deklarime t\u00eb jasht\u00ebzakonshme t\u00eb kryeministrit dhe ministrit t\u00eb brendsh\u00ebm, hedhin padashur drit\u00eb mbi nj\u00eb rrjet t\u00eb paligjsh\u00ebm p\u00ebrgjimi. Q\u00eb p\u00ebrfshin median dhe kryetarin e opozit\u00ebs. Politika akuzon, jan\u00eb p\u00ebrgjuar dhe Presidenti, Prokurori i P\u00ebrgjithsh\u00ebm dhe Shefi i SHISH. Dyshimi se \u00ebsht\u00eb p\u00ebrgjuar dhe nj\u00eb diplomat i r\u00ebnd\u00ebsish\u00ebm n\u00eb Tiran\u00eb n\u00eb nj\u00eb bised\u00eb t\u00eb tij [&hellip;]","og_url":"https:\/\/fjala.info\/2009-2015\/berisha-nishani-watergate-ne-tirane\/","og_site_name":"FjALA e LIR\u00cb - Arkivi","article_published_time":"2012-02-20T23:17:59+00:00","og_image":[{"url":"http:\/\/www.shkoder.net\/images\/fjala\/lorenc_vangjeli.jpg","type":"","width":"","height":""}],"author":"admin","twitter_card":"summary_large_image","twitter_misc":{"Written by":"admin","Est. reading time":"12 minutes"},"schema":{"@context":"https:\/\/schema.org","@graph":[{"@type":"Article","@id":"https:\/\/fjala.info\/2009-2015\/berisha-nishani-watergate-ne-tirane\/#article","isPartOf":{"@id":"https:\/\/fjala.info\/2009-2015\/berisha-nishani-watergate-ne-tirane\/"},"author":{"name":"admin","@id":"https:\/\/fjala.info\/2009-2015\/#\/schema\/person\/3aa1163ef05469c496fc94e77611ada2"},"headline":"Berisha-Nishani, Watergate n\u00eb Tiran\u00eb","datePublished":"2012-02-20T23:17:59+00:00","mainEntityOfPage":{"@id":"https:\/\/fjala.info\/2009-2015\/berisha-nishani-watergate-ne-tirane\/"},"wordCount":2387,"commentCount":0,"publisher":{"@id":"https:\/\/fjala.info\/2009-2015\/#organization"},"image":{"@id":"https:\/\/fjala.info\/2009-2015\/berisha-nishani-watergate-ne-tirane\/#primaryimage"},"thumbnailUrl":"http:\/\/www.shkoder.net\/images\/fjala\/lorenc_vangjeli.jpg","articleSection":["Artikuj"],"inLanguage":"sq-AL","potentialAction":[{"@type":"CommentAction","name":"Comment","target":["https:\/\/fjala.info\/2009-2015\/berisha-nishani-watergate-ne-tirane\/#respond"]}]},{"@type":"WebPage","@id":"https:\/\/fjala.info\/2009-2015\/berisha-nishani-watergate-ne-tirane\/","url":"https:\/\/fjala.info\/2009-2015\/berisha-nishani-watergate-ne-tirane\/","name":"Berisha-Nishani, Watergate n\u00eb Tiran\u00eb - FjALA e LIR\u00cb - Arkivi","isPartOf":{"@id":"https:\/\/fjala.info\/2009-2015\/#website"},"primaryImageOfPage":{"@id":"https:\/\/fjala.info\/2009-2015\/berisha-nishani-watergate-ne-tirane\/#primaryimage"},"image":{"@id":"https:\/\/fjala.info\/2009-2015\/berisha-nishani-watergate-ne-tirane\/#primaryimage"},"thumbnailUrl":"http:\/\/www.shkoder.net\/images\/fjala\/lorenc_vangjeli.jpg","datePublished":"2012-02-20T23:17:59+00:00","breadcrumb":{"@id":"https:\/\/fjala.info\/2009-2015\/berisha-nishani-watergate-ne-tirane\/#breadcrumb"},"inLanguage":"sq-AL","potentialAction":[{"@type":"ReadAction","target":["https:\/\/fjala.info\/2009-2015\/berisha-nishani-watergate-ne-tirane\/"]}]},{"@type":"ImageObject","inLanguage":"sq-AL","@id":"https:\/\/fjala.info\/2009-2015\/berisha-nishani-watergate-ne-tirane\/#primaryimage","url":"http:\/\/www.shkoder.net\/images\/fjala\/lorenc_vangjeli.jpg","contentUrl":"http:\/\/www.shkoder.net\/images\/fjala\/lorenc_vangjeli.jpg"},{"@type":"BreadcrumbList","@id":"https:\/\/fjala.info\/2009-2015\/berisha-nishani-watergate-ne-tirane\/#breadcrumb","itemListElement":[{"@type":"ListItem","position":1,"name":"Home","item":"https:\/\/fjala.info\/2009-2015\/"},{"@type":"ListItem","position":2,"name":"Berisha-Nishani, Watergate n\u00eb Tiran\u00eb"}]},{"@type":"WebSite","@id":"https:\/\/fjala.info\/2009-2015\/#website","url":"https:\/\/fjala.info\/2009-2015\/","name":"FjALA e LIR\u00cb - Arkivi","description":"Arkivi 2009-2015","publisher":{"@id":"https:\/\/fjala.info\/2009-2015\/#organization"},"potentialAction":[{"@type":"SearchAction","target":{"@type":"EntryPoint","urlTemplate":"https:\/\/fjala.info\/2009-2015\/?s={search_term_string}"},"query-input":{"@type":"PropertyValueSpecification","valueRequired":true,"valueName":"search_term_string"}}],"inLanguage":"sq-AL"},{"@type":"Organization","@id":"https:\/\/fjala.info\/2009-2015\/#organization","name":"FjALA e LIR\u00cb - Arkivi","url":"https:\/\/fjala.info\/2009-2015\/","logo":{"@type":"ImageObject","inLanguage":"sq-AL","@id":"https:\/\/fjala.info\/2009-2015\/#\/schema\/logo\/image\/","url":"","contentUrl":"","caption":"FjALA e LIR\u00cb - Arkivi"},"image":{"@id":"https:\/\/fjala.info\/2009-2015\/#\/schema\/logo\/image\/"}},{"@type":"Person","@id":"https:\/\/fjala.info\/2009-2015\/#\/schema\/person\/3aa1163ef05469c496fc94e77611ada2","name":"admin","image":{"@type":"ImageObject","inLanguage":"sq-AL","@id":"https:\/\/fjala.info\/2009-2015\/wp-content\/uploads\/2012\/02\/arben_cokaj-120x150.jpg","url":"https:\/\/fjala.info\/2009-2015\/wp-content\/uploads\/2012\/02\/arben_cokaj-120x150.jpg","contentUrl":"https:\/\/fjala.info\/2009-2015\/wp-content\/uploads\/2012\/02\/arben_cokaj-120x150.jpg","caption":"admin"},"description":"Admin, Fjala e Lir\u00eb","sameAs":["https:\/\/fjala.info\/"],"url":"https:\/\/fjala.info\/2009-2015\/author\/admin\/"}]}},"_links":{"self":[{"href":"https:\/\/fjala.info\/2009-2015\/wp-json\/wp\/v2\/posts\/11704","targetHints":{"allow":["GET"]}}],"collection":[{"href":"https:\/\/fjala.info\/2009-2015\/wp-json\/wp\/v2\/posts"}],"about":[{"href":"https:\/\/fjala.info\/2009-2015\/wp-json\/wp\/v2\/types\/post"}],"author":[{"embeddable":true,"href":"https:\/\/fjala.info\/2009-2015\/wp-json\/wp\/v2\/users\/1"}],"replies":[{"embeddable":true,"href":"https:\/\/fjala.info\/2009-2015\/wp-json\/wp\/v2\/comments?post=11704"}],"version-history":[{"count":0,"href":"https:\/\/fjala.info\/2009-2015\/wp-json\/wp\/v2\/posts\/11704\/revisions"}],"wp:attachment":[{"href":"https:\/\/fjala.info\/2009-2015\/wp-json\/wp\/v2\/media?parent=11704"}],"wp:term":[{"taxonomy":"category","embeddable":true,"href":"https:\/\/fjala.info\/2009-2015\/wp-json\/wp\/v2\/categories?post=11704"},{"taxonomy":"post_tag","embeddable":true,"href":"https:\/\/fjala.info\/2009-2015\/wp-json\/wp\/v2\/tags?post=11704"}],"curies":[{"name":"wp","href":"https:\/\/api.w.org\/{rel}","templated":true}]}}