{"id":11702,"date":"2012-02-17T21:35:03","date_gmt":"2012-02-17T20:35:03","guid":{"rendered":"http:\/\/fjala.shkoder.net\/?p=1856"},"modified":"2012-02-17T21:35:03","modified_gmt":"2012-02-17T20:35:03","slug":"zvarritja-pas-patriotizmit","status":"publish","type":"post","link":"https:\/\/fjala.info\/2009-2015\/zvarritja-pas-patriotizmit\/","title":{"rendered":"Zvarritja pas patriotizmit"},"content":{"rendered":"<p><img decoding=\"async\" class=\"alignright size-thumbnail wp-image-7236\" title=\"Mero Baze\" src=\"http:\/\/www.shkoder.net\/images\/fjala\/mero_baze1.jpg\" alt=\"\" width=\"150\" \/> Nga <strong>Mero Baze<\/strong>, <em>17 Shkurt 2012<\/em><\/p>\n<p>Dy udh\u00ebheq\u00ebsit kryesor\u00eb politik\u00eb n\u00eb Kosov\u00eb, Hashim Tha\u00e7i dhe Isa Mustafa, u gjenden n\u00eb Tiran\u00eb n\u00eb p\u00ebrvjetorin e kat\u00ebrt t\u00eb pavar\u00ebsis\u00eb s\u00eb shtetit t\u00eb tyre t\u00eb ri. T\u00eb dy kund\u00ebrshtar\u00eb n\u00eb Kosov\u00eb dhe qejfmbetur t\u00eb m\u00ebdhenj, ul\u00ebn kok\u00ebn dhe erdh\u00ebn t\u00eb ishin n\u00eb dy pjes\u00eb t\u00eb dit\u00ebs, t\u00eb dy af\u00ebr me pushtetin e Tiran\u00ebs. Si dy pun\u00ebtor\u00eb me m\u00ebditje, nj\u00ebri paradite e tjetri mbasdite, u shfaq\u00ebn krah pushtetit p\u00ebr t\u00eb na treguar se ata v\u00ebrtet jan\u00eb t\u00eb ndar\u00eb n\u00eb Kosov\u00eb, por i bashkon dashuria p\u00ebr Berish\u00ebn n\u00eb Tiran\u00eb.<\/p>\n<p>I pari, Isa Mustafa, i ftuar i Lul\u00ebzim Bash\u00ebs p\u00ebr t\u00eb p\u00ebruruar emrin e rrug\u00ebs s\u00eb dyt\u00eb \u201cIbrahim Rugova\u201d, q\u00eb z\u00ebvend\u00ebsoi rrug\u00ebn \u201cD\u00ebshmor\u00ebt e 4 Shkurtit\u201d. As Isa Mustafa nuk ka ndonj\u00eb merak p\u00ebr Ibrahim Rugov\u00ebn dhe as Lul\u00ebzim Basha nuk kishte as iden\u00eb m\u00eb t\u00eb vog\u00ebl se n\u00eb Tiran\u00eb ekzistonte nj\u00eb rrug\u00eb me emrin \u201cIbrahim Rugova\u201d. Nxitimi p\u00ebr t\u00eb gjetur nj\u00eb sebep p\u00ebr t\u00eb qen\u00eb n\u00eb Tiran\u00eb m\u00eb 17 shkurt prodhoi at\u00eb komedi. Isa Mustafa e kishte n\u00eb parti djalin e Ibrahim Rugov\u00ebs dhe e zboi, nd\u00ebrsa Lul\u00ebzim Basha e kishte n\u00eb Tiran\u00eb rrug\u00ebn \u201cIbrahim Rugova\u201d, por si nj\u00eb njeri sip\u00ebrfaq\u00ebsor dhe fallto, nuk kishte si ta dinte.<\/p>\n<p>Basha p\u00ebr k\u00ebt\u00eb gjeti dhe nj\u00eb simbolik\u00eb t\u00eb dyt\u00eb, hoqi emrin e rrug\u00ebs \u201c4 Shkurti\u201d q\u00eb lidhet negativisht me Xhafer Dev\u00ebn, me emrin e t\u00eb cilit lidhet nj\u00eb reprezalje ndaj qytetar\u00ebve t\u00eb Tiran\u00ebs pas nj\u00eb aksioni gueril komunist n\u00eb shkurt t\u00eb vitit 1944. Ky fakt historik i ka kushtuar shum\u00eb antikosovarizimit t\u00eb prodhuar n\u00eb Shqip\u00ebri dhe p\u00ebr\u00e7arjes Tiran\u00eb- Prishtin\u00eb, edhe pse Xhafer Deva ka plot drit\u00eb-hije n\u00eb jet\u00ebn e tij. Si p\u00ebr ta b\u00ebr\u00eb qesharak deri n\u00eb fund \u201cpatriotizmin\u201d e tij, tashm\u00eb Lul\u00ebzim Basha na b\u00ebri dy rrug\u00eb me t\u00eb nj\u00ebjtin em\u00ebr n\u00eb Tiran\u00eb.<\/p>\n<p>Hashim Tha\u00e7i u shfaq n\u00eb Tiran\u00eb mbasdite p\u00ebr t\u00eb p\u00ebruruar godin\u00ebn e re t\u00eb ambasad\u00ebs s\u00eb Kosov\u00ebs, nj\u00eb vil\u00eb e cila u \u00ebsht\u00eb kthyer de facto pronar\u00ebve, dhe q\u00eb nj\u00eb shtet i pap\u00ebrgjegjsh\u00ebm e rishtet\u00ebzon pa pare, p\u00ebr t\u2019ia dhuruar ambasad\u00ebs s\u00eb Kosov\u00ebs. Edhe pse ka boll vende t\u00eb tjera ku mund ta strehoj\u00eb ambasad\u00ebn e Kosov\u00ebs, edhe se ka plot sheshe ku mund t\u00eb nd\u00ebrtojn\u00eb nj\u00eb ambasad\u00eb dinjitoze, Berisha ka zgjidhur nj\u00eb konflikt me pronar\u00ebt e asaj nd\u00ebrtese, p\u00ebr t\u00eb lar\u00eb duart me qeverin\u00eb e Kosov\u00ebs dhe p\u00ebr ta futur mes ambasad\u00ebs ruse dhe asaj serbe.<\/p>\n<p>I pari i vendit n\u00eb k\u00ebt\u00eb ceremoni ishte Sali Berisha, dhe pas tij Hashim Tha\u00e7i. Nuk ftuan n\u00eb k\u00ebt\u00eb ceremoni as Presidentin Bamir Topi dhe as liderin e opozit\u00ebs, Edi Rama, edhe pse protokolli i shtetit e k\u00ebrkon k\u00ebt\u00eb. Nuk di se \u00e7far\u00eb ka pasur n\u00eb mendje Hashim Tha\u00e7i, po simbolik\u00eb m\u00eb t\u00eb padenj\u00eb p\u00ebr gjith\u00eb dyshimet nd\u00ebrkomb\u00ebtare p\u00ebr var\u00ebsin\u00eb e Prishtin\u00ebs nga Tirana se sa t\u00eb festoj\u00eb pavar\u00ebsin\u00eb e Kosov\u00ebs n\u00eb Tiran\u00eb nuk ka.<\/p>\n<p>Ai nuk shkoi t\u00eb marr\u00eb pjes\u00eb tek rruga \u201cIbrahim Rugova\u201d, dhe Isa Musatafa nuk i shkoi n\u00eb krah kur u hap ambasada e re e Kosov\u00ebs. Ata jan\u00eb t\u00eb ndar\u00eb p\u00ebr pun\u00ebt e tyre n\u00eb Kosov\u00eb dhe bashkohen tek ideja se duhet t\u00eb shfaqen n\u00eb krah t\u00eb Sali Berish\u00ebs n\u00eb Tiran\u00eb. Bashkohen se u p\u00eblqen modeli i tij n\u00eb parti dhe n\u00eb pushtet. U p\u00eblqen t\u00eb q\u00ebndrojn\u00eb n\u00eb pushtet me \u00e7do \u00e7mim. T\u00eb vetmin mesazh q\u00eb mund\u00ebn t\u00eb japin dit\u00ebn e pavar\u00ebsis\u00eb s\u00eb Kosov\u00ebs \u00ebsht\u00eb se ata ndahen p\u00ebr pushtetin n\u00eb Kosov\u00eb dhe bashkohen rreth pushtetit n\u00eb Shqip\u00ebri. \u00cbsht\u00eb ekzakt\u00ebsisht ajo \u00e7far\u00eb bota shikon me dyshim tek shteti i ri i Kosov\u00ebs, paternalizmi nga Tirana.<\/p>\n<p>Paralelisht me ta, nga Uashingtoni, Z\u00ebri i Amerik\u00ebs theksoi interesin me t\u00eb cilin Departamenti Amerikan i Shtetit ka pritur p\u00ebrfaq\u00ebsues t\u00eb Aleanc\u00ebs Kuq e Zi. Edhe pse t\u00eb distancuar qart\u00eb nga \u00e7do lloj nacionalizmi dhe prirje p\u00ebr destabilizim t\u00eb Ballkanit, SHBA duket se jan\u00eb t\u00eb interesuar q\u00eb n\u00eb \u00e7montimin p\u00ebrfundimtar t\u00eb Sali Berish\u00ebs, t\u2019i heqin atij dhe pend\u00ebt e fundit fallco q\u00eb tund mbi supe, ato t\u00eb patriotizmit. Duke njohur pik\u00ebrisht prirjet e Sali Berish\u00ebs q\u00eb sa her\u00eb futet n\u00eb kriz\u00eb n\u00eb Shqip\u00ebri, p\u00ebrdor kart\u00ebn e Kosov\u00ebs dhe lidhjet e tij me politik\u00ebn e Kosov\u00ebs, Uashingtoni ka b\u00ebr\u00eb nj\u00eb hap q\u00eb rrall\u00ebkush do ta b\u00ebnte, ka pritur atje p\u00ebrfaq\u00ebsues t\u00eb nj\u00eb l\u00ebvizje politike, e cila mb\u00ebshtetet mbi krenarin\u00eb komb\u00ebtare dhe at\u00eb q\u00eb mund t\u00eb quhet tradit\u00eb patriotike n\u00eb Shqip\u00ebri.<\/p>\n<p>Sali Berisha dhe Hashim Tha\u00e7i kan\u00eb b\u00ebr\u00eb nj\u00eb aleanc\u00eb t\u00eb pazakont\u00eb p\u00ebr t\u00eb ruajtur monopolin e \u201cpatriot\u00ebve\u201d n\u00eb Shqip\u00ebri dhe Kosov\u00eb muajin e fundit, nj\u00ebri duke sulmuar nga Prishtina Aleanc\u00ebn Kuq e Zi, e tjetri duke sulmuar nga Tirana Vet\u00ebvendosjen. Kjo aleanc\u00eb jo e shenjt\u00eb, kund\u00ebr disa l\u00ebvizjeve t\u00eb reja populiste q\u00eb n\u00eb t\u00eb v\u00ebrtet\u00eb kan\u00eb plasaritur qysh n\u00eb start portretin gjoja patriotik t\u00eb Sali Berish\u00ebs n\u00eb Kosov\u00eb dhe Shqip\u00ebri, duket se tentoi t\u00eb p\u00ebrdor\u00eb edhe 17 shkurtin, Dit\u00ebn e Pavar\u00ebsis\u00eb s\u00eb Kosov\u00ebs, p\u00ebr t\u00eb na treguar t\u00eb gjith\u00ebve se Kosova \u00ebsht\u00eb e pavarur nga Serbia, por e varur nga Sali Berisha. \u00cbsht\u00eb nj\u00eb p\u00ebrpjekje p\u00ebr t\u2019iu kund\u00ebrv\u00ebn\u00eb SHBA dhe Per\u00ebndimit me kart\u00ebn e ndikimit n\u00eb Kosov\u00eb dit\u00ebn e pavar\u00ebsis\u00eb s\u00eb saj.<\/p>\n<p>\u00cbsht\u00eb nj\u00eb p\u00ebrpjekje p\u00ebr tu treguar t\u00eb gjith\u00ebve se lider\u00ebt kryesor\u00eb politik\u00eb n\u00eb Kosov\u00eb mund t\u00eb jen\u00eb t\u00eb p\u00ebr\u00e7ar\u00eb mes vete, por jan\u00eb t\u00eb bashkuar rreth Berish\u00ebs. Por mbi t\u00eb gjitha \u00ebsht\u00eb nj\u00eb p\u00ebrpjekje e tij q\u00eb n\u00eb k\u00ebto dit\u00eb t\u00eb v\u00ebshtira dhe prishje pa kthim q\u00eb po p\u00ebrjeton me Per\u00ebndimin dhe sidomos SHBA, t\u00eb tregoj\u00eb se kush prek pushtetin e Berish\u00ebs, prek stabilitetin n\u00eb rajon! \u00cbsht\u00eb aq sip\u00ebrfaq\u00ebsor dhe teatral n\u00eb k\u00ebt\u00eb gjest, sa iu desh t\u00eb b\u00ebnte dy rrug\u00eb me emrin e Ibrahim Rugov\u00ebs, t\u00eb cil\u00ebn e luftoi sa mundi kur ishte gjall\u00eb, q\u00eb t\u00eb sillte Isa Mustaf\u00ebn n\u00eb Tiran\u00eb dhe t\u00eb hapte godin\u00ebn problematike t\u00eb ambasad\u00ebs s\u00eb Kosov\u00ebs q\u00eb t\u00eb justifikonte pranin\u00eb e Hashim Tha\u00e7it n\u00eb Tiran\u00eb.<\/p>\n<p>\u00cbsht\u00eb duke b\u00ebr\u00eb pik\u00ebrisht at\u00eb p\u00ebr te cil\u00ebn ai nuk duhet t\u00eb q\u00ebndroj\u00eb m\u00eb n\u00eb pushtet. \u00cbsht\u00eb kjo arsyeja q\u00eb z\u00ebvend\u00ebssekretari amerikan i shtetit vjen n\u00eb rajon dhe shmang vet\u00ebm Shqip\u00ebrin\u00eb. Nes\u00ebr shkon n\u00eb Kosov\u00eb, minimumi p\u00ebr t\u2019i treguar Berish\u00ebs se ai mund t\u00eb p\u00ebrdor\u00eb Mustaf\u00ebn ose Tha\u00e7in, por jo Kosov\u00ebn, mund t\u00eb p\u00ebrdor\u00eb flamurin shqiptar, por jo Shqip\u00ebrin\u00eb, mund t\u00eb p\u00ebrdor\u00eb propagand\u00ebn e vet, por jo historin\u00eb ton\u00eb. \u00cbsht\u00eb i d\u00ebnuar t\u00eb mos hyj\u00eb n\u00eb histori si patriot i k\u00ebtij vendi, pik\u00ebrisht kur nuk ma koh\u00eb t\u00eb korrigjoj\u00eb asgj\u00eb, as t\u00eb q\u00ebndruarit si buk\u00ebshkal\u00eb n\u00eb pushtet.<\/p>\n","protected":false},"excerpt":{"rendered":"<p>Nga Mero Baze, 17 Shkurt 2012 Dy udh\u00ebheq\u00ebsit kryesor\u00eb politik\u00eb n\u00eb Kosov\u00eb, Hashim Tha\u00e7i dhe Isa Mustafa, u gjenden n\u00eb Tiran\u00eb n\u00eb p\u00ebrvjetorin e kat\u00ebrt t\u00eb pavar\u00ebsis\u00eb s\u00eb shtetit t\u00eb tyre t\u00eb ri. T\u00eb dy kund\u00ebrshtar\u00eb n\u00eb Kosov\u00eb dhe qejfmbetur t\u00eb m\u00ebdhenj, ul\u00ebn kok\u00ebn dhe erdh\u00ebn t\u00eb ishin n\u00eb dy pjes\u00eb t\u00eb dit\u00ebs, t\u00eb dy [&hellip;]<\/p>\n","protected":false},"author":1,"featured_media":0,"comment_status":"open","ping_status":"closed","sticky":false,"template":"","format":"standard","meta":{"footnotes":""},"categories":[2],"tags":[],"class_list":{"0":"post-11702","1":"post","2":"type-post","3":"status-publish","4":"format-standard","6":"category-artikuj"},"yoast_head":"<!-- This site is optimized with the Yoast SEO plugin v27.4 - https:\/\/yoast.com\/product\/yoast-seo-wordpress\/ -->\n<title>Zvarritja pas patriotizmit - FjALA e LIR\u00cb - Arkivi<\/title>\n<meta name=\"robots\" content=\"index, follow, max-snippet:-1, max-image-preview:large, max-video-preview:-1\" \/>\n<link rel=\"canonical\" href=\"https:\/\/fjala.info\/2009-2015\/zvarritja-pas-patriotizmit\/\" \/>\n<meta property=\"og:locale\" content=\"sq_AL\" \/>\n<meta property=\"og:type\" content=\"article\" \/>\n<meta property=\"og:title\" content=\"Zvarritja pas patriotizmit - FjALA e LIR\u00cb - Arkivi\" \/>\n<meta property=\"og:description\" content=\"Nga Mero Baze, 17 Shkurt 2012 Dy udh\u00ebheq\u00ebsit kryesor\u00eb politik\u00eb n\u00eb Kosov\u00eb, Hashim Tha\u00e7i dhe Isa Mustafa, u gjenden n\u00eb Tiran\u00eb n\u00eb p\u00ebrvjetorin e kat\u00ebrt t\u00eb pavar\u00ebsis\u00eb s\u00eb shtetit t\u00eb tyre t\u00eb ri. T\u00eb dy kund\u00ebrshtar\u00eb n\u00eb Kosov\u00eb dhe qejfmbetur t\u00eb m\u00ebdhenj, ul\u00ebn kok\u00ebn dhe erdh\u00ebn t\u00eb ishin n\u00eb dy pjes\u00eb t\u00eb dit\u00ebs, t\u00eb dy [&hellip;]\" \/>\n<meta property=\"og:url\" content=\"https:\/\/fjala.info\/2009-2015\/zvarritja-pas-patriotizmit\/\" \/>\n<meta property=\"og:site_name\" content=\"FjALA e LIR\u00cb - Arkivi\" \/>\n<meta property=\"article:published_time\" content=\"2012-02-17T20:35:03+00:00\" \/>\n<meta property=\"og:image\" content=\"http:\/\/www.shkoder.net\/images\/fjala\/mero_baze1.jpg\" \/>\n<meta name=\"author\" content=\"admin\" \/>\n<meta name=\"twitter:card\" content=\"summary_large_image\" \/>\n<meta name=\"twitter:label1\" content=\"Written by\" \/>\n\t<meta name=\"twitter:data1\" content=\"admin\" \/>\n\t<meta name=\"twitter:label2\" content=\"Est. reading time\" \/>\n\t<meta name=\"twitter:data2\" content=\"6 minutes\" \/>\n<script type=\"application\/ld+json\" class=\"yoast-schema-graph\">{\"@context\":\"https:\\\/\\\/schema.org\",\"@graph\":[{\"@type\":\"Article\",\"@id\":\"https:\\\/\\\/fjala.info\\\/2009-2015\\\/zvarritja-pas-patriotizmit\\\/#article\",\"isPartOf\":{\"@id\":\"https:\\\/\\\/fjala.info\\\/2009-2015\\\/zvarritja-pas-patriotizmit\\\/\"},\"author\":{\"name\":\"admin\",\"@id\":\"https:\\\/\\\/fjala.info\\\/2009-2015\\\/#\\\/schema\\\/person\\\/3aa1163ef05469c496fc94e77611ada2\"},\"headline\":\"Zvarritja pas patriotizmit\",\"datePublished\":\"2012-02-17T20:35:03+00:00\",\"mainEntityOfPage\":{\"@id\":\"https:\\\/\\\/fjala.info\\\/2009-2015\\\/zvarritja-pas-patriotizmit\\\/\"},\"wordCount\":1268,\"commentCount\":0,\"publisher\":{\"@id\":\"https:\\\/\\\/fjala.info\\\/2009-2015\\\/#organization\"},\"image\":{\"@id\":\"https:\\\/\\\/fjala.info\\\/2009-2015\\\/zvarritja-pas-patriotizmit\\\/#primaryimage\"},\"thumbnailUrl\":\"http:\\\/\\\/www.shkoder.net\\\/images\\\/fjala\\\/mero_baze1.jpg\",\"articleSection\":[\"Artikuj\"],\"inLanguage\":\"sq-AL\",\"potentialAction\":[{\"@type\":\"CommentAction\",\"name\":\"Comment\",\"target\":[\"https:\\\/\\\/fjala.info\\\/2009-2015\\\/zvarritja-pas-patriotizmit\\\/#respond\"]}]},{\"@type\":\"WebPage\",\"@id\":\"https:\\\/\\\/fjala.info\\\/2009-2015\\\/zvarritja-pas-patriotizmit\\\/\",\"url\":\"https:\\\/\\\/fjala.info\\\/2009-2015\\\/zvarritja-pas-patriotizmit\\\/\",\"name\":\"Zvarritja pas patriotizmit - FjALA e LIR\u00cb - Arkivi\",\"isPartOf\":{\"@id\":\"https:\\\/\\\/fjala.info\\\/2009-2015\\\/#website\"},\"primaryImageOfPage\":{\"@id\":\"https:\\\/\\\/fjala.info\\\/2009-2015\\\/zvarritja-pas-patriotizmit\\\/#primaryimage\"},\"image\":{\"@id\":\"https:\\\/\\\/fjala.info\\\/2009-2015\\\/zvarritja-pas-patriotizmit\\\/#primaryimage\"},\"thumbnailUrl\":\"http:\\\/\\\/www.shkoder.net\\\/images\\\/fjala\\\/mero_baze1.jpg\",\"datePublished\":\"2012-02-17T20:35:03+00:00\",\"breadcrumb\":{\"@id\":\"https:\\\/\\\/fjala.info\\\/2009-2015\\\/zvarritja-pas-patriotizmit\\\/#breadcrumb\"},\"inLanguage\":\"sq-AL\",\"potentialAction\":[{\"@type\":\"ReadAction\",\"target\":[\"https:\\\/\\\/fjala.info\\\/2009-2015\\\/zvarritja-pas-patriotizmit\\\/\"]}]},{\"@type\":\"ImageObject\",\"inLanguage\":\"sq-AL\",\"@id\":\"https:\\\/\\\/fjala.info\\\/2009-2015\\\/zvarritja-pas-patriotizmit\\\/#primaryimage\",\"url\":\"http:\\\/\\\/www.shkoder.net\\\/images\\\/fjala\\\/mero_baze1.jpg\",\"contentUrl\":\"http:\\\/\\\/www.shkoder.net\\\/images\\\/fjala\\\/mero_baze1.jpg\"},{\"@type\":\"BreadcrumbList\",\"@id\":\"https:\\\/\\\/fjala.info\\\/2009-2015\\\/zvarritja-pas-patriotizmit\\\/#breadcrumb\",\"itemListElement\":[{\"@type\":\"ListItem\",\"position\":1,\"name\":\"Home\",\"item\":\"https:\\\/\\\/fjala.info\\\/2009-2015\\\/\"},{\"@type\":\"ListItem\",\"position\":2,\"name\":\"Zvarritja pas patriotizmit\"}]},{\"@type\":\"WebSite\",\"@id\":\"https:\\\/\\\/fjala.info\\\/2009-2015\\\/#website\",\"url\":\"https:\\\/\\\/fjala.info\\\/2009-2015\\\/\",\"name\":\"FjALA e LIR\u00cb - Arkivi\",\"description\":\"Arkivi 2009-2015\",\"publisher\":{\"@id\":\"https:\\\/\\\/fjala.info\\\/2009-2015\\\/#organization\"},\"potentialAction\":[{\"@type\":\"SearchAction\",\"target\":{\"@type\":\"EntryPoint\",\"urlTemplate\":\"https:\\\/\\\/fjala.info\\\/2009-2015\\\/?s={search_term_string}\"},\"query-input\":{\"@type\":\"PropertyValueSpecification\",\"valueRequired\":true,\"valueName\":\"search_term_string\"}}],\"inLanguage\":\"sq-AL\"},{\"@type\":\"Organization\",\"@id\":\"https:\\\/\\\/fjala.info\\\/2009-2015\\\/#organization\",\"name\":\"FjALA e LIR\u00cb - Arkivi\",\"url\":\"https:\\\/\\\/fjala.info\\\/2009-2015\\\/\",\"logo\":{\"@type\":\"ImageObject\",\"inLanguage\":\"sq-AL\",\"@id\":\"https:\\\/\\\/fjala.info\\\/2009-2015\\\/#\\\/schema\\\/logo\\\/image\\\/\",\"url\":\"\",\"contentUrl\":\"\",\"caption\":\"FjALA e LIR\u00cb - Arkivi\"},\"image\":{\"@id\":\"https:\\\/\\\/fjala.info\\\/2009-2015\\\/#\\\/schema\\\/logo\\\/image\\\/\"}},{\"@type\":\"Person\",\"@id\":\"https:\\\/\\\/fjala.info\\\/2009-2015\\\/#\\\/schema\\\/person\\\/3aa1163ef05469c496fc94e77611ada2\",\"name\":\"admin\",\"image\":{\"@type\":\"ImageObject\",\"inLanguage\":\"sq-AL\",\"@id\":\"https:\\\/\\\/fjala.info\\\/2009-2015\\\/wp-content\\\/uploads\\\/2012\\\/02\\\/arben_cokaj-120x150.jpg\",\"url\":\"https:\\\/\\\/fjala.info\\\/2009-2015\\\/wp-content\\\/uploads\\\/2012\\\/02\\\/arben_cokaj-120x150.jpg\",\"contentUrl\":\"https:\\\/\\\/fjala.info\\\/2009-2015\\\/wp-content\\\/uploads\\\/2012\\\/02\\\/arben_cokaj-120x150.jpg\",\"caption\":\"admin\"},\"description\":\"Admin, Fjala e Lir\u00eb\",\"sameAs\":[\"https:\\\/\\\/fjala.info\\\/\"],\"url\":\"https:\\\/\\\/fjala.info\\\/2009-2015\\\/author\\\/admin\\\/\"}]}<\/script>\n<!-- \/ Yoast SEO plugin. -->","yoast_head_json":{"title":"Zvarritja pas patriotizmit - FjALA e LIR\u00cb - Arkivi","robots":{"index":"index","follow":"follow","max-snippet":"max-snippet:-1","max-image-preview":"max-image-preview:large","max-video-preview":"max-video-preview:-1"},"canonical":"https:\/\/fjala.info\/2009-2015\/zvarritja-pas-patriotizmit\/","og_locale":"sq_AL","og_type":"article","og_title":"Zvarritja pas patriotizmit - FjALA e LIR\u00cb - Arkivi","og_description":"Nga Mero Baze, 17 Shkurt 2012 Dy udh\u00ebheq\u00ebsit kryesor\u00eb politik\u00eb n\u00eb Kosov\u00eb, Hashim Tha\u00e7i dhe Isa Mustafa, u gjenden n\u00eb Tiran\u00eb n\u00eb p\u00ebrvjetorin e kat\u00ebrt t\u00eb pavar\u00ebsis\u00eb s\u00eb shtetit t\u00eb tyre t\u00eb ri. T\u00eb dy kund\u00ebrshtar\u00eb n\u00eb Kosov\u00eb dhe qejfmbetur t\u00eb m\u00ebdhenj, ul\u00ebn kok\u00ebn dhe erdh\u00ebn t\u00eb ishin n\u00eb dy pjes\u00eb t\u00eb dit\u00ebs, t\u00eb dy [&hellip;]","og_url":"https:\/\/fjala.info\/2009-2015\/zvarritja-pas-patriotizmit\/","og_site_name":"FjALA e LIR\u00cb - Arkivi","article_published_time":"2012-02-17T20:35:03+00:00","og_image":[{"url":"http:\/\/www.shkoder.net\/images\/fjala\/mero_baze1.jpg","type":"","width":"","height":""}],"author":"admin","twitter_card":"summary_large_image","twitter_misc":{"Written by":"admin","Est. reading time":"6 minutes"},"schema":{"@context":"https:\/\/schema.org","@graph":[{"@type":"Article","@id":"https:\/\/fjala.info\/2009-2015\/zvarritja-pas-patriotizmit\/#article","isPartOf":{"@id":"https:\/\/fjala.info\/2009-2015\/zvarritja-pas-patriotizmit\/"},"author":{"name":"admin","@id":"https:\/\/fjala.info\/2009-2015\/#\/schema\/person\/3aa1163ef05469c496fc94e77611ada2"},"headline":"Zvarritja pas patriotizmit","datePublished":"2012-02-17T20:35:03+00:00","mainEntityOfPage":{"@id":"https:\/\/fjala.info\/2009-2015\/zvarritja-pas-patriotizmit\/"},"wordCount":1268,"commentCount":0,"publisher":{"@id":"https:\/\/fjala.info\/2009-2015\/#organization"},"image":{"@id":"https:\/\/fjala.info\/2009-2015\/zvarritja-pas-patriotizmit\/#primaryimage"},"thumbnailUrl":"http:\/\/www.shkoder.net\/images\/fjala\/mero_baze1.jpg","articleSection":["Artikuj"],"inLanguage":"sq-AL","potentialAction":[{"@type":"CommentAction","name":"Comment","target":["https:\/\/fjala.info\/2009-2015\/zvarritja-pas-patriotizmit\/#respond"]}]},{"@type":"WebPage","@id":"https:\/\/fjala.info\/2009-2015\/zvarritja-pas-patriotizmit\/","url":"https:\/\/fjala.info\/2009-2015\/zvarritja-pas-patriotizmit\/","name":"Zvarritja pas patriotizmit - FjALA e LIR\u00cb - Arkivi","isPartOf":{"@id":"https:\/\/fjala.info\/2009-2015\/#website"},"primaryImageOfPage":{"@id":"https:\/\/fjala.info\/2009-2015\/zvarritja-pas-patriotizmit\/#primaryimage"},"image":{"@id":"https:\/\/fjala.info\/2009-2015\/zvarritja-pas-patriotizmit\/#primaryimage"},"thumbnailUrl":"http:\/\/www.shkoder.net\/images\/fjala\/mero_baze1.jpg","datePublished":"2012-02-17T20:35:03+00:00","breadcrumb":{"@id":"https:\/\/fjala.info\/2009-2015\/zvarritja-pas-patriotizmit\/#breadcrumb"},"inLanguage":"sq-AL","potentialAction":[{"@type":"ReadAction","target":["https:\/\/fjala.info\/2009-2015\/zvarritja-pas-patriotizmit\/"]}]},{"@type":"ImageObject","inLanguage":"sq-AL","@id":"https:\/\/fjala.info\/2009-2015\/zvarritja-pas-patriotizmit\/#primaryimage","url":"http:\/\/www.shkoder.net\/images\/fjala\/mero_baze1.jpg","contentUrl":"http:\/\/www.shkoder.net\/images\/fjala\/mero_baze1.jpg"},{"@type":"BreadcrumbList","@id":"https:\/\/fjala.info\/2009-2015\/zvarritja-pas-patriotizmit\/#breadcrumb","itemListElement":[{"@type":"ListItem","position":1,"name":"Home","item":"https:\/\/fjala.info\/2009-2015\/"},{"@type":"ListItem","position":2,"name":"Zvarritja pas patriotizmit"}]},{"@type":"WebSite","@id":"https:\/\/fjala.info\/2009-2015\/#website","url":"https:\/\/fjala.info\/2009-2015\/","name":"FjALA e LIR\u00cb - Arkivi","description":"Arkivi 2009-2015","publisher":{"@id":"https:\/\/fjala.info\/2009-2015\/#organization"},"potentialAction":[{"@type":"SearchAction","target":{"@type":"EntryPoint","urlTemplate":"https:\/\/fjala.info\/2009-2015\/?s={search_term_string}"},"query-input":{"@type":"PropertyValueSpecification","valueRequired":true,"valueName":"search_term_string"}}],"inLanguage":"sq-AL"},{"@type":"Organization","@id":"https:\/\/fjala.info\/2009-2015\/#organization","name":"FjALA e LIR\u00cb - Arkivi","url":"https:\/\/fjala.info\/2009-2015\/","logo":{"@type":"ImageObject","inLanguage":"sq-AL","@id":"https:\/\/fjala.info\/2009-2015\/#\/schema\/logo\/image\/","url":"","contentUrl":"","caption":"FjALA e LIR\u00cb - Arkivi"},"image":{"@id":"https:\/\/fjala.info\/2009-2015\/#\/schema\/logo\/image\/"}},{"@type":"Person","@id":"https:\/\/fjala.info\/2009-2015\/#\/schema\/person\/3aa1163ef05469c496fc94e77611ada2","name":"admin","image":{"@type":"ImageObject","inLanguage":"sq-AL","@id":"https:\/\/fjala.info\/2009-2015\/wp-content\/uploads\/2012\/02\/arben_cokaj-120x150.jpg","url":"https:\/\/fjala.info\/2009-2015\/wp-content\/uploads\/2012\/02\/arben_cokaj-120x150.jpg","contentUrl":"https:\/\/fjala.info\/2009-2015\/wp-content\/uploads\/2012\/02\/arben_cokaj-120x150.jpg","caption":"admin"},"description":"Admin, Fjala e Lir\u00eb","sameAs":["https:\/\/fjala.info\/"],"url":"https:\/\/fjala.info\/2009-2015\/author\/admin\/"}]}},"_links":{"self":[{"href":"https:\/\/fjala.info\/2009-2015\/wp-json\/wp\/v2\/posts\/11702","targetHints":{"allow":["GET"]}}],"collection":[{"href":"https:\/\/fjala.info\/2009-2015\/wp-json\/wp\/v2\/posts"}],"about":[{"href":"https:\/\/fjala.info\/2009-2015\/wp-json\/wp\/v2\/types\/post"}],"author":[{"embeddable":true,"href":"https:\/\/fjala.info\/2009-2015\/wp-json\/wp\/v2\/users\/1"}],"replies":[{"embeddable":true,"href":"https:\/\/fjala.info\/2009-2015\/wp-json\/wp\/v2\/comments?post=11702"}],"version-history":[{"count":0,"href":"https:\/\/fjala.info\/2009-2015\/wp-json\/wp\/v2\/posts\/11702\/revisions"}],"wp:attachment":[{"href":"https:\/\/fjala.info\/2009-2015\/wp-json\/wp\/v2\/media?parent=11702"}],"wp:term":[{"taxonomy":"category","embeddable":true,"href":"https:\/\/fjala.info\/2009-2015\/wp-json\/wp\/v2\/categories?post=11702"},{"taxonomy":"post_tag","embeddable":true,"href":"https:\/\/fjala.info\/2009-2015\/wp-json\/wp\/v2\/tags?post=11702"}],"curies":[{"name":"wp","href":"https:\/\/api.w.org\/{rel}","templated":true}]}}