{"id":11701,"date":"2012-02-18T20:46:04","date_gmt":"2012-02-18T19:46:04","guid":{"rendered":"http:\/\/fjala.shkoder.net\/?p=1854"},"modified":"2012-02-18T20:46:04","modified_gmt":"2012-02-18T19:46:04","slug":"shteti-nen-debore","status":"publish","type":"post","link":"https:\/\/fjala.info\/2009-2015\/shteti-nen-debore\/","title":{"rendered":"Shteti n\u00ebn d\u00ebbor\u00eb"},"content":{"rendered":"<p><img decoding=\"async\" class=\"alignright size-thumbnail wp-image-7236\" title=\"Edi Rama\" src=\"http:\/\/www.shkoder.net\/images\/fjala\/2011\/edi_rama4.jpg\" alt=\"\" width=\"200\" \/> Nga <strong>Edi Rama<\/strong>, <em>18 Shkurt 2012<\/em><br \/>\n<a href=\"http:\/\/www.edirama.al\">www.edirama.al<\/a><\/p>\n<p>Kudo jasht\u00eb Shqip\u00ebris\u00eb ku t\u00ebrbimi i motit ka sjell\u00eb fatkeq\u00ebsin\u00eb e izolimit nd\u00ebr zona t\u00eb caktuara dhe ku shteti ka v\u00ebshtir\u00ebsi n\u00eb p\u00ebrballimin e situat\u00ebs, nuk po b\u00ebn vaki asgj\u00eb e ngjashme me at\u00eb q\u00eb ndodh n\u00eb vendin ton\u00eb me p\u00ebrjashtim t\u00eb angazhimit t\u00eb opozit\u00ebs politike, shoq\u00ebris\u00eb civile, strukturave t\u00eb solidaritetit social e mediave p\u00ebr t\u00eb dh\u00ebn\u00eb ndihm\u00ebn e tyre. N\u00eb Rumani p\u00ebr shembull, ku ka ca ngjashm\u00ebrira edhe pse t\u00eb larg\u00ebta me v\u00ebshtir\u00ebsit\u00eb financiare e logjistike t\u00eb shtetit, nj\u00ebsoj si k\u00ebtu opozita e atjeshme socialiste ka mobilizuar t\u00eb gjitha forcat e veta p\u00ebr t\u2019u solidarizuar me komunitetet e familjet n\u00eb nevoj\u00eb. P\u00ebrve\u00e7 mobilizimit t\u00eb njer\u00ebzve e mbledhjes s\u00eb ndihmave n\u00eb ushqime e ila\u00e7e, nuk mungojn\u00eb padyshim as kritikat ndaj qeveris\u00eb apo propozimet konkrete p\u00ebr qeverin\u00eb nga ana e opozit\u00ebs, n\u00eb parlament e n\u00eb mjedisin e debatit publik.<\/p>\n<p>Ajo \u00e7ka nuk b\u00ebn vaki askund tjet\u00ebr \u00ebsht\u00eb \u00e7orodia totale e shtetit dhe sulmet e \u00e7oroditura t\u00eb pushtetit ndaj opozit\u00ebs. Pa llogaritur k\u00ebtu shfaqjet banale t\u00eb kryeministrit n\u00eb syt\u00eb e publikut mbi tema pa asnj\u00eb lidhje me realitetin e v\u00ebshtir\u00eb t\u00eb vendit, me nevojat imediate t\u00eb dhjet\u00ebra mij\u00ebra familjeve apo thjesht me detyr\u00ebn funksionale t\u00eb tij e t\u00eb K\u00ebshillit t\u00eb Ministrave. Askund tjet\u00ebr nuk ka b\u00ebr\u00eb vaki q\u00eb salla e K\u00ebshillit t\u00eb Ministrave t\u00eb jet\u00eb kthyer n\u00eb nj\u00eb teat\u00ebr parodish t\u00eb p\u00ebrjavshme me aktor protagonist kryeministrin, i cili nuk kuptohet n\u00ebse tallet me popullin e me detyr\u00ebn apo v\u00ebrtet ka probleme t\u00eb funksionimit t\u00eb aparatit logjik kur flet me or\u00eb t\u00eb t\u00ebra budallall\u00ebqe turp\u00ebruese jo vet\u00ebm p\u00ebr qeverin\u00eb e vendit po p\u00ebr vet\u00eb vendin. Por kjo e fundit \u00ebsht\u00eb nj\u00eb tem\u00eb m\u00eb vete.<\/p>\n<p>Akuzat vulgare t\u00eb tij e t\u00eb kanakar\u00ebve t\u00eb tij ndaj opozit\u00ebs n\u00eb kushtet e emergjenc\u00ebs humanitare jan\u00eb alarmante p\u00ebr faktin se d\u00ebshmojn\u00eb edhe nj\u00ebher\u00eb n\u00eb \u00e7far\u00eb gjendje \u00ebsht\u00eb mendja dhe morali i k\u00ebtij pushteti t\u00eb paaft\u00eb e t\u00eb korruptuar deri n\u00eb thonj. Opozita po b\u00ebn vet\u00ebm detyr\u00ebn e saj duke th\u00ebn\u00eb fjal\u00ebt e duhura n\u00eb kushte si k\u00ebto kur duhet shkundur qeveria dhe ngritur nj\u00eb rrjet solidariteti qytetar p\u00ebr t\u00eb leht\u00ebsuar shpirt\u00ebrisht po edhe materialisht, sadopak, gjendjen e sa m\u00eb shum\u00eb familjeve n\u00eb nevoj\u00eb. Kush i k\u00ebrkon opozit\u00ebs t\u00eb b\u00ebj\u00eb thjesht nj\u00ebr\u00ebn apo tjetr\u00ebn e jo t\u00eb dyja bashk\u00eb gabon.<\/p>\n<p>Opozita as mund t\u00eb hesht\u00eb kur sheh t\u00eb v\u00ebrteta rr\u00ebqeth\u00ebse si\u00e7 \u00ebsht\u00eb n\u00eb k\u00ebt\u00eb rast \u00e7orodia totale e shtetit t\u00eb degraduar n\u00eb pik\u00ebn q\u00eb s\u2019arrin dot t\u00eb parashikoj\u00eb, parandaloj\u00eb e planifikoj\u00eb asgj\u00eb n\u00eb situata si kjo, dhe as mund t\u00eb mjaftohet vet\u00ebm duke th\u00ebn\u00eb k\u00ebshtu nuk shkon. T\u00eb thuash se me k\u00ebt\u00eb rast opozita po k\u00ebrkon t\u00eb mbledh\u00eb vota n\u00eb d\u00ebbor\u00eb pik\u00ebrisht sepse po b\u00ebn asgj\u00eb m\u00eb pak se sa detyr\u00ebn e saj, \u00ebsht\u00eb nj\u00ebsoj si t\u00eb k\u00ebrkosh q\u00eb opozita t\u00eb hesht\u00eb teksa njer\u00ebzit n\u00eb hall q\u00eb telefonojn\u00eb nga zonat e bllokuara qeveria i quan provokator\u00eb e paniknxit\u00ebs t\u00eb mobilizuar nga opozita p\u00ebr t\u00eb telefonuar n\u00ebp\u00ebr media nga kafenet\u00eb e Tiran\u00ebs. Ose, \u00ebsht\u00eb po nj\u00ebsoj si t\u00eb thuash se opozita nuk duhet t\u00eb dal\u00eb n\u00eb d\u00ebbor\u00eb e t\u00eb flas\u00eb me njer\u00ebzit t\u00eb cil\u00ebve u \u00e7on ndihma aty ku s\u2019ka shkelur k\u00ebmb\u00eb shteti, pavar\u00ebsisht se ata mund t\u00eb jen\u00eb n\u00eb pik\u00ebn e fundit t\u00eb mund\u00ebsive t\u00eb mbijetes\u00ebs.<\/p>\n<p>Esht\u00eb b\u00ebr\u00eb mod\u00eb q\u00eb t\u00eb shahet opozita apo t\u00eb vihet n\u00eb \u00e7do rast shenja e barazimit mes saj e pushtetit dhe kjo mod\u00eb imponon nj\u00eb hipokrizi konstante t\u00eb shum\u00eb gjuh\u00ebve q\u00eb kan\u00eb akses n\u00eb media, deri n\u00eb pik\u00ebn ku edhe kur b\u00ebhet fjal\u00eb p\u00ebr nj\u00eb emergjenc\u00eb kaq problematike sa kjo e k\u00ebtyre dit\u00ebve p\u00ebrs\u00ebri t\u00eb mos mungojn\u00eb sulmet krejt pa vend p\u00ebr opozit\u00ebn. Po edhe kjo \u00ebsht\u00eb nj\u00eb tem\u00eb tjet\u00ebr.<\/p>\n<p>E v\u00ebrteta \u00ebsht\u00eb ajo q\u00eb p\u00ebrjetojn\u00eb zonat e bllokuara dhe q\u00eb fal\u00eb mediave t\u00eb pavarura nga litar\u00ebt e qeveris\u00eb e gjith\u00eb Shqip\u00ebria mund ta shoh\u00eb me z\u00eb e me figur\u00eb n\u00eb \u00e7do edicion lajmesh. E v\u00ebrteta \u00ebsht\u00eb se ky shtet i shkat\u00ebrruar nga \u201creforma\u201d strukturale t\u00eb \u00e7oroditura, nga politizimi i tejskajsh\u00ebm i administrat\u00ebs e p\u00ebr pasoj\u00eb paaft\u00ebsia skandaloze n\u00eb drejtim e menaxhim, nga nj\u00ebsimi i plot\u00eb i makineris\u00eb shtet\u00ebrore me makinerin\u00eb partiake t\u00eb pushtetit, nuk ka fuqi t\u00eb parashikoj\u00eb, parandaloj\u00eb e planifikoj\u00eb asgj\u00eb p\u00ebrball\u00eb fatkeq\u00ebsive si p\u00ebrmbytjet apo si kjo d\u00ebbor\u00eb e r\u00ebn\u00eb masivisht. K\u00ebrkes\u00eb e ligjit kjo.<\/p>\n<p>E v\u00ebrteta \u00ebsht\u00eb se t\u00eb parashikosh do t\u00eb thot\u00eb t\u00eb kesh struktura t\u00eb specializuara p\u00ebr k\u00ebt\u00eb dhe shteti yn\u00eb nuk i ka m\u00eb as ato pak q\u00eb ka pasur. T\u00eb parandalosh do t\u00eb thot\u00eb t\u00eb kesh struktura t\u00eb afta p\u00ebr ta b\u00ebr\u00eb nj\u00eb gj\u00eb t\u00eb till\u00eb dhe shteti yn\u00eb nuk i ka m\u00eb as ato pak q\u00eb ka pasur. T\u00eb planifikosh do t\u00eb thot\u00eb t\u00eb kesh struktura t\u00eb mir\u00ebp\u00ebrgatitura p\u00ebr k\u00ebt\u00eb dhe shteti yn\u00eb nuk i ka m\u00eb as ato pak q\u00eb ka pasur. T\u00eb gjith\u00eb jan\u00eb shkat\u00ebrruar e katandisur n\u00eb miniatura pa asnj\u00eb pesh\u00eb, n\u00eb qoshera pa asnj\u00eb drit\u00eb e n\u00eb zyra pun\u00ebsimi pa asnj\u00eb q\u00ebllim tjet\u00ebr p\u00ebrve\u00e7 harxhimit t\u00eb parave t\u00eb publikut p\u00ebr t\u00eb paguar rrog\u00ebtar\u00eb t\u00eb partive t\u00eb qeveris\u00eb deri n\u00eb turravrapin elektoral t\u00eb radh\u00ebs.<\/p>\n<p>Emergjencat jan\u00eb sfid\u00eb e madhe p\u00ebr \u00e7do shtet, po jan\u00eb edhe teste t\u00eb qarta q\u00eb v\u00ebn\u00eb n\u00eb prov\u00eb organizimin e shtetit dhe kapacitetin menaxhues t\u00eb qeveris\u00eb. P\u00ebrs\u00ebritja e p\u00ebrvitshme e tyre koh\u00ebt e fundit e ka nxjerr\u00eb cullak t\u00eb v\u00ebrtet\u00ebn se organizimi yn\u00eb shtet\u00ebror ka r\u00ebn\u00eb n\u00eb nj\u00eb pik\u00eb pas s\u00eb cil\u00ebs s\u2019ka m\u00eb asgj\u00eb. Nd\u00ebrsa kapaciteti menaxhues i qeveris\u00eb \u00ebsht\u00eb katandisur n\u00eb derexhen\u00eb e propagand\u00ebs antidemokratike ku ka r\u00ebnd\u00ebsi vet\u00ebm \u00e7far\u00eb thuhet e del n\u00eb televizor apo gazet\u00eb, n\u00eb form\u00ebn e nj\u00eb \u00e7orbe sulmesh barbare ndaj opozit\u00ebs e vet\u00eblavd\u00ebrimesh pacak p\u00ebr sukseset e paqena t\u00eb qeveris\u00eb. Matan\u00eb ekraneve e faqeve t\u00eb para t\u00eb shtypit t\u00eb p\u00ebrditsh\u00ebm qeveria ka l\u00ebn\u00eb Zotin t\u00eb kujdeset p\u00ebr t\u00eb gjith\u00eb dhe \u00e7do shqiptar t\u00eb gjej\u00eb dermanin p\u00ebr veten.<\/p>\n<p>Sa her\u00eb flas apo shkruaj p\u00ebr \u00e7\u00ebshtjet e vendit e vendos veten n\u00eb pozit\u00ebn e atyre q\u00eb p\u00ebrve\u00e7 fjal\u00ebs kan\u00eb edhe detyr\u00ebn p\u00ebr t\u2019i b\u00ebr\u00eb konkretisht pun\u00ebt e k\u00ebtij vendi, sepse nuk \u00ebsht\u00eb n\u00eb mend\u00ebsin\u00eb e n\u00eb kultur\u00ebn time t\u00eb akuzoj apo kritikoj n\u00eb hava p\u00ebr gj\u00ebra q\u00eb realisht nuk b\u00ebhen vet\u00ebm me d\u00ebshir\u00eb po mund t\u00eb b\u00ebhen vet\u00ebm sipas mund\u00ebsive. Dhe sinqerisht mendoj e besoj se Shqip\u00ebria jo vet\u00ebm e meriton padyshim, por edhe mund ta ket\u00eb nj\u00eb qeveri q\u00eb t\u2019i p\u00ebrballoj\u00eb me standarde t\u00eb tjera edhe emergjencat si \u00e7do sfid\u00eb tjet\u00ebr, pavar\u00ebsisht mund\u00ebsive t\u00eb pakrahasueshme me simotrat e veta t\u00eb vendeve m\u00eb t\u00eb zhvilluara ku d\u00ebbora bie po nj\u00ebsoj, po asnj\u00eb familje nuk zien kokrra misri n\u00eb izolim t\u00eb plot\u00eb.<\/p>\n<p>Ja pse nuk ngurroj t\u00eb them me plot goj\u00ebn sot q\u00eb nes\u00ebr ne v\u00ebrtet nuk do t\u00eb kemi nj\u00eb qeveri q\u00eb t\u00eb mund t\u00eb shmang\u00eb \u00e7do p\u00ebrmbytje apo aq m\u00eb tep\u00ebr t\u00eb ndaloj\u00eb d\u00ebbor\u00ebn t\u00eb bjer\u00eb n\u00eb p\u00ebrmasa t\u00eb frikshme si k\u00ebto t\u00eb k\u00ebtij viti, por ama do t\u00eb kemi nj\u00eb qeveri q\u00eb do t\u00eb ndaj\u00eb q\u00ebllimet e pun\u00ebt e shtetit nga orekset elektorale e nga pun\u00ebt e partis\u00eb dhe do t\u00eb p\u00ebrballet me sfidat me dinjitetin e nj\u00eb ekipi t\u00eb zgjedhur p\u00ebr t\u00eb menaxhuar si duhet fondet, burimet njer\u00ebzore e strukturat shtet\u00ebrore t\u00eb k\u00ebtij vendi. Pa ia hedhur fajin Zotit q\u00eb ka zgjedhur koh\u00ebn e mandatit t\u00eb qeveris\u00eb p\u00ebr t\u00eb derdhur shi e d\u00ebbor\u00eb mbi Shqip\u00ebri si\u00e7 nuk ka b\u00ebr\u00eb prej nj\u00eb shekulli. Pa ia hedhur fajin opozit\u00ebs pse b\u00ebn detyr\u00ebn e saj duke kritikuar qeverin\u00eb p\u00ebr \u00e7ka ajo mendon se nuk shkon. Pa i quajtur njer\u00ebzit n\u00eb hall q\u00eb ankohen n\u00ebp\u00ebr numra telefonash t\u00eb mediave as provokator\u00eb as paniknxit\u00ebs t\u00eb paguar nga opozita.<\/p>\n<p>Pa i g\u00ebnjyer shqiptar\u00ebt n\u00eb televizor p\u00ebr operacione n\u00eb terren apo angazhim mjetesh q\u00eb thjesht nuk ekzistojn\u00eb. Pa u marr\u00eb me rishkrimin e historis\u00eb s\u00eb Shqip\u00ebris\u00eb as kur Shqip\u00ebria pret nga qeveria e saj t\u00eb jet\u00eb 24 or\u00eb n\u00eb k\u00ebmb\u00eb p\u00ebr t\u00eb p\u00ebrballuar nj\u00eb emergjenc\u00eb dhe as sa her\u00eb v\u00ebmendja duhet spostuar nga nj\u00eb \u00e7\u00ebshtje e nxeht\u00eb publike. Pa refuzuar propozimet racionale t\u00eb opozit\u00ebs kur ato mund t\u00eb jen\u00eb vler\u00eb e shtuar n\u00eb nj\u00eb p\u00ebrpjekje si kjo e p\u00ebrballimit t\u00eb emergjenc\u00ebs q\u00eb ka nevoj\u00eb p\u00ebr t\u00eb gjith\u00eb. E mbi t\u00eb gjitha pa harruar n\u00eb ver\u00eb se pas ver\u00ebs vjen dimri dhe shteti duhet t\u00eb jet\u00eb i p\u00ebrgatitur p\u00ebr t\u00eb p\u00ebrballuar \u00e7do t\u00eb papritur t\u00eb dimrit.<\/p>\n<p>T\u00eb gjitha k\u00ebto e m\u00eb shum\u00eb akoma kjo qeveri nuk i b\u00ebn dot dhe qeveria jon\u00eb do t\u2019i b\u00ebj\u00eb nj\u00eb p\u00ebr nj\u00eb. Kush mendon se ky nuk \u00ebsht\u00eb nj\u00eb dallim i qart\u00eb p\u00ebr t\u00eb cilin vlen t\u2019i lihet opozit\u00ebs s\u00eb sotme barra e prov\u00ebs p\u00ebrmes vot\u00ebs kund\u00ebr k\u00ebsaj qeverie dhe rotacionit demokratik si e vetmja m\u00ebnyr\u00eb p\u00ebr t\u2019i ndihur ndryshimit t\u00eb domosdosh\u00ebm, le t\u00eb vazhdoj\u00eb t\u00eb vendos\u00eb shenj\u00ebn e barazimit mes qeveris\u00eb e opozit\u00ebs e le ta ndaj\u00eb \u00e7do faj t\u00eb qart\u00eb t\u00eb qeveris\u00eb si nj\u00eb faj t\u00eb t\u00eb dyja pal\u00ebve po nj\u00ebsoj. Un\u00eb besoj se n\u00eb zgjedhjet e ardhshme do t\u00eb mbetet sidoqoft\u00eb n\u00eb pakic\u00eb, bashk\u00eb me k\u00ebt\u00eb qeveri t\u00eb d\u00ebshtuar q\u00eb e ka katandisur shtetin n\u00eb nj\u00eb makineri t\u00eb prishur si ai traktori i vet\u00ebm q\u00eb qeveria kishte l\u00ebn\u00eb n\u00eb Dib\u00ebr p\u00ebr t\u00eb pastruar rrug\u00ebt nga d\u00ebbora.<\/p>\n","protected":false},"excerpt":{"rendered":"<p>Nga Edi Rama, 18 Shkurt 2012 www.edirama.al Kudo jasht\u00eb Shqip\u00ebris\u00eb ku t\u00ebrbimi i motit ka sjell\u00eb fatkeq\u00ebsin\u00eb e izolimit nd\u00ebr zona t\u00eb caktuara dhe ku shteti ka v\u00ebshtir\u00ebsi n\u00eb p\u00ebrballimin e situat\u00ebs, nuk po b\u00ebn vaki asgj\u00eb e ngjashme me at\u00eb q\u00eb ndodh n\u00eb vendin ton\u00eb me p\u00ebrjashtim t\u00eb angazhimit t\u00eb opozit\u00ebs politike, shoq\u00ebris\u00eb civile, [&hellip;]<\/p>\n","protected":false},"author":1,"featured_media":0,"comment_status":"open","ping_status":"closed","sticky":false,"template":"","format":"standard","meta":{"footnotes":""},"categories":[2],"tags":[],"class_list":{"0":"post-11701","1":"post","2":"type-post","3":"status-publish","4":"format-standard","6":"category-artikuj"},"yoast_head":"<!-- This site is optimized with the Yoast SEO plugin v27.4 - https:\/\/yoast.com\/product\/yoast-seo-wordpress\/ -->\n<title>Shteti n\u00ebn d\u00ebbor\u00eb - FjALA e LIR\u00cb - Arkivi<\/title>\n<meta name=\"robots\" content=\"index, follow, max-snippet:-1, max-image-preview:large, max-video-preview:-1\" \/>\n<link rel=\"canonical\" href=\"https:\/\/fjala.info\/2009-2015\/shteti-nen-debore\/\" \/>\n<meta property=\"og:locale\" content=\"sq_AL\" \/>\n<meta property=\"og:type\" content=\"article\" \/>\n<meta property=\"og:title\" content=\"Shteti n\u00ebn d\u00ebbor\u00eb - FjALA e LIR\u00cb - Arkivi\" \/>\n<meta property=\"og:description\" content=\"Nga Edi Rama, 18 Shkurt 2012 www.edirama.al Kudo jasht\u00eb Shqip\u00ebris\u00eb ku t\u00ebrbimi i motit ka sjell\u00eb fatkeq\u00ebsin\u00eb e izolimit nd\u00ebr zona t\u00eb caktuara dhe ku shteti ka v\u00ebshtir\u00ebsi n\u00eb p\u00ebrballimin e situat\u00ebs, nuk po b\u00ebn vaki asgj\u00eb e ngjashme me at\u00eb q\u00eb ndodh n\u00eb vendin ton\u00eb me p\u00ebrjashtim t\u00eb angazhimit t\u00eb opozit\u00ebs politike, shoq\u00ebris\u00eb civile, [&hellip;]\" \/>\n<meta property=\"og:url\" content=\"https:\/\/fjala.info\/2009-2015\/shteti-nen-debore\/\" \/>\n<meta property=\"og:site_name\" content=\"FjALA e LIR\u00cb - Arkivi\" \/>\n<meta property=\"article:published_time\" content=\"2012-02-18T19:46:04+00:00\" \/>\n<meta property=\"og:image\" content=\"http:\/\/www.shkoder.net\/images\/fjala\/2011\/edi_rama4.jpg\" \/>\n<meta name=\"author\" content=\"admin\" \/>\n<meta name=\"twitter:card\" content=\"summary_large_image\" \/>\n<meta name=\"twitter:label1\" content=\"Written by\" \/>\n\t<meta name=\"twitter:data1\" content=\"admin\" \/>\n\t<meta name=\"twitter:label2\" content=\"Est. reading time\" \/>\n\t<meta name=\"twitter:data2\" content=\"9 minutes\" \/>\n<script type=\"application\/ld+json\" class=\"yoast-schema-graph\">{\"@context\":\"https:\\\/\\\/schema.org\",\"@graph\":[{\"@type\":\"Article\",\"@id\":\"https:\\\/\\\/fjala.info\\\/2009-2015\\\/shteti-nen-debore\\\/#article\",\"isPartOf\":{\"@id\":\"https:\\\/\\\/fjala.info\\\/2009-2015\\\/shteti-nen-debore\\\/\"},\"author\":{\"name\":\"admin\",\"@id\":\"https:\\\/\\\/fjala.info\\\/2009-2015\\\/#\\\/schema\\\/person\\\/3aa1163ef05469c496fc94e77611ada2\"},\"headline\":\"Shteti n\u00ebn d\u00ebbor\u00eb\",\"datePublished\":\"2012-02-18T19:46:04+00:00\",\"mainEntityOfPage\":{\"@id\":\"https:\\\/\\\/fjala.info\\\/2009-2015\\\/shteti-nen-debore\\\/\"},\"wordCount\":1787,\"commentCount\":0,\"publisher\":{\"@id\":\"https:\\\/\\\/fjala.info\\\/2009-2015\\\/#organization\"},\"image\":{\"@id\":\"https:\\\/\\\/fjala.info\\\/2009-2015\\\/shteti-nen-debore\\\/#primaryimage\"},\"thumbnailUrl\":\"http:\\\/\\\/www.shkoder.net\\\/images\\\/fjala\\\/2011\\\/edi_rama4.jpg\",\"articleSection\":[\"Artikuj\"],\"inLanguage\":\"sq-AL\",\"potentialAction\":[{\"@type\":\"CommentAction\",\"name\":\"Comment\",\"target\":[\"https:\\\/\\\/fjala.info\\\/2009-2015\\\/shteti-nen-debore\\\/#respond\"]}]},{\"@type\":\"WebPage\",\"@id\":\"https:\\\/\\\/fjala.info\\\/2009-2015\\\/shteti-nen-debore\\\/\",\"url\":\"https:\\\/\\\/fjala.info\\\/2009-2015\\\/shteti-nen-debore\\\/\",\"name\":\"Shteti n\u00ebn d\u00ebbor\u00eb - FjALA e LIR\u00cb - Arkivi\",\"isPartOf\":{\"@id\":\"https:\\\/\\\/fjala.info\\\/2009-2015\\\/#website\"},\"primaryImageOfPage\":{\"@id\":\"https:\\\/\\\/fjala.info\\\/2009-2015\\\/shteti-nen-debore\\\/#primaryimage\"},\"image\":{\"@id\":\"https:\\\/\\\/fjala.info\\\/2009-2015\\\/shteti-nen-debore\\\/#primaryimage\"},\"thumbnailUrl\":\"http:\\\/\\\/www.shkoder.net\\\/images\\\/fjala\\\/2011\\\/edi_rama4.jpg\",\"datePublished\":\"2012-02-18T19:46:04+00:00\",\"breadcrumb\":{\"@id\":\"https:\\\/\\\/fjala.info\\\/2009-2015\\\/shteti-nen-debore\\\/#breadcrumb\"},\"inLanguage\":\"sq-AL\",\"potentialAction\":[{\"@type\":\"ReadAction\",\"target\":[\"https:\\\/\\\/fjala.info\\\/2009-2015\\\/shteti-nen-debore\\\/\"]}]},{\"@type\":\"ImageObject\",\"inLanguage\":\"sq-AL\",\"@id\":\"https:\\\/\\\/fjala.info\\\/2009-2015\\\/shteti-nen-debore\\\/#primaryimage\",\"url\":\"http:\\\/\\\/www.shkoder.net\\\/images\\\/fjala\\\/2011\\\/edi_rama4.jpg\",\"contentUrl\":\"http:\\\/\\\/www.shkoder.net\\\/images\\\/fjala\\\/2011\\\/edi_rama4.jpg\"},{\"@type\":\"BreadcrumbList\",\"@id\":\"https:\\\/\\\/fjala.info\\\/2009-2015\\\/shteti-nen-debore\\\/#breadcrumb\",\"itemListElement\":[{\"@type\":\"ListItem\",\"position\":1,\"name\":\"Home\",\"item\":\"https:\\\/\\\/fjala.info\\\/2009-2015\\\/\"},{\"@type\":\"ListItem\",\"position\":2,\"name\":\"Shteti n\u00ebn d\u00ebbor\u00eb\"}]},{\"@type\":\"WebSite\",\"@id\":\"https:\\\/\\\/fjala.info\\\/2009-2015\\\/#website\",\"url\":\"https:\\\/\\\/fjala.info\\\/2009-2015\\\/\",\"name\":\"FjALA e LIR\u00cb - Arkivi\",\"description\":\"Arkivi 2009-2015\",\"publisher\":{\"@id\":\"https:\\\/\\\/fjala.info\\\/2009-2015\\\/#organization\"},\"potentialAction\":[{\"@type\":\"SearchAction\",\"target\":{\"@type\":\"EntryPoint\",\"urlTemplate\":\"https:\\\/\\\/fjala.info\\\/2009-2015\\\/?s={search_term_string}\"},\"query-input\":{\"@type\":\"PropertyValueSpecification\",\"valueRequired\":true,\"valueName\":\"search_term_string\"}}],\"inLanguage\":\"sq-AL\"},{\"@type\":\"Organization\",\"@id\":\"https:\\\/\\\/fjala.info\\\/2009-2015\\\/#organization\",\"name\":\"FjALA e LIR\u00cb - Arkivi\",\"url\":\"https:\\\/\\\/fjala.info\\\/2009-2015\\\/\",\"logo\":{\"@type\":\"ImageObject\",\"inLanguage\":\"sq-AL\",\"@id\":\"https:\\\/\\\/fjala.info\\\/2009-2015\\\/#\\\/schema\\\/logo\\\/image\\\/\",\"url\":\"\",\"contentUrl\":\"\",\"caption\":\"FjALA e LIR\u00cb - Arkivi\"},\"image\":{\"@id\":\"https:\\\/\\\/fjala.info\\\/2009-2015\\\/#\\\/schema\\\/logo\\\/image\\\/\"}},{\"@type\":\"Person\",\"@id\":\"https:\\\/\\\/fjala.info\\\/2009-2015\\\/#\\\/schema\\\/person\\\/3aa1163ef05469c496fc94e77611ada2\",\"name\":\"admin\",\"image\":{\"@type\":\"ImageObject\",\"inLanguage\":\"sq-AL\",\"@id\":\"https:\\\/\\\/fjala.info\\\/2009-2015\\\/wp-content\\\/uploads\\\/2012\\\/02\\\/arben_cokaj-120x150.jpg\",\"url\":\"https:\\\/\\\/fjala.info\\\/2009-2015\\\/wp-content\\\/uploads\\\/2012\\\/02\\\/arben_cokaj-120x150.jpg\",\"contentUrl\":\"https:\\\/\\\/fjala.info\\\/2009-2015\\\/wp-content\\\/uploads\\\/2012\\\/02\\\/arben_cokaj-120x150.jpg\",\"caption\":\"admin\"},\"description\":\"Admin, Fjala e Lir\u00eb\",\"sameAs\":[\"https:\\\/\\\/fjala.info\\\/\"],\"url\":\"https:\\\/\\\/fjala.info\\\/2009-2015\\\/author\\\/admin\\\/\"}]}<\/script>\n<!-- \/ Yoast SEO plugin. -->","yoast_head_json":{"title":"Shteti n\u00ebn d\u00ebbor\u00eb - FjALA e LIR\u00cb - Arkivi","robots":{"index":"index","follow":"follow","max-snippet":"max-snippet:-1","max-image-preview":"max-image-preview:large","max-video-preview":"max-video-preview:-1"},"canonical":"https:\/\/fjala.info\/2009-2015\/shteti-nen-debore\/","og_locale":"sq_AL","og_type":"article","og_title":"Shteti n\u00ebn d\u00ebbor\u00eb - FjALA e LIR\u00cb - Arkivi","og_description":"Nga Edi Rama, 18 Shkurt 2012 www.edirama.al Kudo jasht\u00eb Shqip\u00ebris\u00eb ku t\u00ebrbimi i motit ka sjell\u00eb fatkeq\u00ebsin\u00eb e izolimit nd\u00ebr zona t\u00eb caktuara dhe ku shteti ka v\u00ebshtir\u00ebsi n\u00eb p\u00ebrballimin e situat\u00ebs, nuk po b\u00ebn vaki asgj\u00eb e ngjashme me at\u00eb q\u00eb ndodh n\u00eb vendin ton\u00eb me p\u00ebrjashtim t\u00eb angazhimit t\u00eb opozit\u00ebs politike, shoq\u00ebris\u00eb civile, [&hellip;]","og_url":"https:\/\/fjala.info\/2009-2015\/shteti-nen-debore\/","og_site_name":"FjALA e LIR\u00cb - Arkivi","article_published_time":"2012-02-18T19:46:04+00:00","og_image":[{"url":"http:\/\/www.shkoder.net\/images\/fjala\/2011\/edi_rama4.jpg","type":"","width":"","height":""}],"author":"admin","twitter_card":"summary_large_image","twitter_misc":{"Written by":"admin","Est. reading time":"9 minutes"},"schema":{"@context":"https:\/\/schema.org","@graph":[{"@type":"Article","@id":"https:\/\/fjala.info\/2009-2015\/shteti-nen-debore\/#article","isPartOf":{"@id":"https:\/\/fjala.info\/2009-2015\/shteti-nen-debore\/"},"author":{"name":"admin","@id":"https:\/\/fjala.info\/2009-2015\/#\/schema\/person\/3aa1163ef05469c496fc94e77611ada2"},"headline":"Shteti n\u00ebn d\u00ebbor\u00eb","datePublished":"2012-02-18T19:46:04+00:00","mainEntityOfPage":{"@id":"https:\/\/fjala.info\/2009-2015\/shteti-nen-debore\/"},"wordCount":1787,"commentCount":0,"publisher":{"@id":"https:\/\/fjala.info\/2009-2015\/#organization"},"image":{"@id":"https:\/\/fjala.info\/2009-2015\/shteti-nen-debore\/#primaryimage"},"thumbnailUrl":"http:\/\/www.shkoder.net\/images\/fjala\/2011\/edi_rama4.jpg","articleSection":["Artikuj"],"inLanguage":"sq-AL","potentialAction":[{"@type":"CommentAction","name":"Comment","target":["https:\/\/fjala.info\/2009-2015\/shteti-nen-debore\/#respond"]}]},{"@type":"WebPage","@id":"https:\/\/fjala.info\/2009-2015\/shteti-nen-debore\/","url":"https:\/\/fjala.info\/2009-2015\/shteti-nen-debore\/","name":"Shteti n\u00ebn d\u00ebbor\u00eb - FjALA e LIR\u00cb - Arkivi","isPartOf":{"@id":"https:\/\/fjala.info\/2009-2015\/#website"},"primaryImageOfPage":{"@id":"https:\/\/fjala.info\/2009-2015\/shteti-nen-debore\/#primaryimage"},"image":{"@id":"https:\/\/fjala.info\/2009-2015\/shteti-nen-debore\/#primaryimage"},"thumbnailUrl":"http:\/\/www.shkoder.net\/images\/fjala\/2011\/edi_rama4.jpg","datePublished":"2012-02-18T19:46:04+00:00","breadcrumb":{"@id":"https:\/\/fjala.info\/2009-2015\/shteti-nen-debore\/#breadcrumb"},"inLanguage":"sq-AL","potentialAction":[{"@type":"ReadAction","target":["https:\/\/fjala.info\/2009-2015\/shteti-nen-debore\/"]}]},{"@type":"ImageObject","inLanguage":"sq-AL","@id":"https:\/\/fjala.info\/2009-2015\/shteti-nen-debore\/#primaryimage","url":"http:\/\/www.shkoder.net\/images\/fjala\/2011\/edi_rama4.jpg","contentUrl":"http:\/\/www.shkoder.net\/images\/fjala\/2011\/edi_rama4.jpg"},{"@type":"BreadcrumbList","@id":"https:\/\/fjala.info\/2009-2015\/shteti-nen-debore\/#breadcrumb","itemListElement":[{"@type":"ListItem","position":1,"name":"Home","item":"https:\/\/fjala.info\/2009-2015\/"},{"@type":"ListItem","position":2,"name":"Shteti n\u00ebn d\u00ebbor\u00eb"}]},{"@type":"WebSite","@id":"https:\/\/fjala.info\/2009-2015\/#website","url":"https:\/\/fjala.info\/2009-2015\/","name":"FjALA e LIR\u00cb - Arkivi","description":"Arkivi 2009-2015","publisher":{"@id":"https:\/\/fjala.info\/2009-2015\/#organization"},"potentialAction":[{"@type":"SearchAction","target":{"@type":"EntryPoint","urlTemplate":"https:\/\/fjala.info\/2009-2015\/?s={search_term_string}"},"query-input":{"@type":"PropertyValueSpecification","valueRequired":true,"valueName":"search_term_string"}}],"inLanguage":"sq-AL"},{"@type":"Organization","@id":"https:\/\/fjala.info\/2009-2015\/#organization","name":"FjALA e LIR\u00cb - Arkivi","url":"https:\/\/fjala.info\/2009-2015\/","logo":{"@type":"ImageObject","inLanguage":"sq-AL","@id":"https:\/\/fjala.info\/2009-2015\/#\/schema\/logo\/image\/","url":"","contentUrl":"","caption":"FjALA e LIR\u00cb - Arkivi"},"image":{"@id":"https:\/\/fjala.info\/2009-2015\/#\/schema\/logo\/image\/"}},{"@type":"Person","@id":"https:\/\/fjala.info\/2009-2015\/#\/schema\/person\/3aa1163ef05469c496fc94e77611ada2","name":"admin","image":{"@type":"ImageObject","inLanguage":"sq-AL","@id":"https:\/\/fjala.info\/2009-2015\/wp-content\/uploads\/2012\/02\/arben_cokaj-120x150.jpg","url":"https:\/\/fjala.info\/2009-2015\/wp-content\/uploads\/2012\/02\/arben_cokaj-120x150.jpg","contentUrl":"https:\/\/fjala.info\/2009-2015\/wp-content\/uploads\/2012\/02\/arben_cokaj-120x150.jpg","caption":"admin"},"description":"Admin, Fjala e Lir\u00eb","sameAs":["https:\/\/fjala.info\/"],"url":"https:\/\/fjala.info\/2009-2015\/author\/admin\/"}]}},"_links":{"self":[{"href":"https:\/\/fjala.info\/2009-2015\/wp-json\/wp\/v2\/posts\/11701","targetHints":{"allow":["GET"]}}],"collection":[{"href":"https:\/\/fjala.info\/2009-2015\/wp-json\/wp\/v2\/posts"}],"about":[{"href":"https:\/\/fjala.info\/2009-2015\/wp-json\/wp\/v2\/types\/post"}],"author":[{"embeddable":true,"href":"https:\/\/fjala.info\/2009-2015\/wp-json\/wp\/v2\/users\/1"}],"replies":[{"embeddable":true,"href":"https:\/\/fjala.info\/2009-2015\/wp-json\/wp\/v2\/comments?post=11701"}],"version-history":[{"count":0,"href":"https:\/\/fjala.info\/2009-2015\/wp-json\/wp\/v2\/posts\/11701\/revisions"}],"wp:attachment":[{"href":"https:\/\/fjala.info\/2009-2015\/wp-json\/wp\/v2\/media?parent=11701"}],"wp:term":[{"taxonomy":"category","embeddable":true,"href":"https:\/\/fjala.info\/2009-2015\/wp-json\/wp\/v2\/categories?post=11701"},{"taxonomy":"post_tag","embeddable":true,"href":"https:\/\/fjala.info\/2009-2015\/wp-json\/wp\/v2\/tags?post=11701"}],"curies":[{"name":"wp","href":"https:\/\/api.w.org\/{rel}","templated":true}]}}