{"id":11700,"date":"2012-02-18T17:45:48","date_gmt":"2012-02-18T16:45:48","guid":{"rendered":"http:\/\/fjala.shkoder.net\/?p=1852"},"modified":"2012-02-18T17:45:48","modified_gmt":"2012-02-18T16:45:48","slug":"albin-kurti-ne-tribune-de-geneve-eulex-na-e-ka-marrur-pushtetin-ne-kosove-dhe-na-trajton-si-ne-afganistan","status":"publish","type":"post","link":"https:\/\/fjala.info\/2009-2015\/albin-kurti-ne-tribune-de-geneve-eulex-na-e-ka-marrur-pushtetin-ne-kosove-dhe-na-trajton-si-ne-afganistan\/","title":{"rendered":"ALBIN KURTI n\u00eb \u201cTribune de Gen\u00e8ve\u201d: EULEX na e ka marrur pushtetin n\u00eb Kosov\u00eb dhe na trajton si n\u00eb Afganistan !"},"content":{"rendered":"<p><img decoding=\"async\" class=\"alignleft size-thumbnail wp-image-7236\" title=\"Albin Kurti\" src=\"http:\/\/www.shkoder.net\/2012\/albin_kurti_tg.jpg\" alt=\"\" width=\"300\" \/> <em>\u00ab Kosova : \u00ab Cfar\u00eb don t\u00eb thot\u00eb nj\u00eb pa pavar\u00ebsi pa sovranitet? \u00bb (Kosovo: \u201cQue veut dire une ind\u00e9pendance sans souverainet\u00e9?\u201d \u00bb \u00ebsht\u00eb ky titulli i intervist\u00ebs q\u00eb sjell\u00eb sot gazeta zvicerane \u00ab Tribune de Geneve \u00bb me liderin e \u00ab Vetvendosje \u00bb-s z.Albin Kurtin i cli p\u00ebr ket t\u00eb p\u00ebrditshme i jep nj\u00eb bilanc kat\u00ebrvjecar nga shpallja e pavar\u00ebsis\u00eb s\u00eb Kosov\u00ebs, njofton agjencia informative komb\u00ebtare \u201cPresheva Jon\u00eb\u201d nga Gjeneva.<\/em><\/p>\n<p><em>Gjenev\u00eb, 18 shkurt <\/em>\/ <em>AIK-Presheva Jon\u00eb<\/em><\/p>\n<p>Albin Kurti njeriu num\u00ebr nj\u00eb i opozit\u00ebs kosovare \u00ebsht\u00eb \u00ebsht\u00eb i njohur si lider i angazhuar kund\u00ebr Miloshevicit. L\u00ebvizja e tij Vetevndosje \u00ebsht\u00eb pjes\u00eb e Parlamentit t\u00eb Kosov\u00ebs pas zgjedhjeve t\u00eb fundit t\u00eb vitit 2010, thuhet n\u00eb fillim t\u00eb intervist\u00ebs t\u00eb zhvilluar p\u00ebr Tribune de Geneve \u00bb nga koleg\u2019ja Sophie Guesn\u00e9, korrespondente nga Prishtina, njofton agjencia informative \u201cPresheva Jon\u00eb\u201d.<\/p>\n<p>I pyetur rreth kat\u00ebrvjetorit t\u00eb pavar\u00ebsis\u00eb, fillimisht Albin Kurti p\u00ebr \u00ab Tribune de Gen\u00e8ve \u00bb \u00ebsht\u00eb p\u00ebrgjigjur se \u00ab Ne kemi nj\u00eb shtet t\u00eb ri, me emrin Republika e Kosov\u00ebs por i cili duhet konsilduar insitucuonet tona. Por, sipas mendimit ton\u00eb sot Kosova ka nj\u00eb s\u00ebr problemesh, duke u nisur nga mungesa e sovranitetit q\u00eb don t\u00eb thot\u00eb nj\u00eb pavar\u00ebsi pa suvranitet.. \u00bb<\/p>\n<p>N\u00eb vazhdim Kurit duke folur p\u00ebr qevrin\u00eb hashim Thacit, sipas t\u00eb cilit \u00ab \u00ebsht\u00eb nj\u00eb qeverie e korruptuar \u00bbai kerkon p\u00ebr l\u00ebvizje t\u00eb lir\u00eb p\u00ebr kosovar\u00ebt n\u00eb zonat Schengen, sepse sipas tij \u00ab sot me nj\u00eb pasaport\u00eb kosovare t\u00eb lir\u00eb jeni p\u00ebr t\u00eb udh\u00ebtuar vet\u00ebm n\u00eb kat\u00ebr vende. Ma mir\u00eb e kan\u00eb ata t\u00eb Afganistanit \u00bb<\/p>\n<p>Pyetjes vijuese rreth dialogut mes Kosov\u00ebs dhe Serbis\u00eb Albin Kurti n\u00eb \u201eTribune de Gen\u00e8ve\u201c \u00ebsht\u00eb shprehur kund\u00ebr k\u00ebtyre negociatave, sepse \u201eSerbia ende Kosov\u00ebn e konsideron si provinc\u00eb serbe dhe ajo deri m\u00eb tash kurr\u00eb nuk ka k\u00ebrkuar falje p\u00ebr mbajtjen e 1800 kufomave shqiptare ende t\u00eb pagjetur deri m\u00eb tash. K\u00ebto bisedime me Beogradin jan\u00eb n\u00eb favor t\u00eb tyre, sepse me k\u00ebto b\u00ebhet vet\u00ebn normalizimi i Serbis\u00eb, por jo edhe i Kosov\u00ebs..\u201c<\/p>\n<p>Kurse rreth referendumit t\u00eb serb\u00ebve t\u00eb Veriut t\u00eb Kosov\u00ebs Albin Kurti n\u00eb intervist\u00ebn dh\u00ebn\u00eb s\u00eb p\u00ebrditshmes zvicerane \u201eTribune de Gen\u00e8ve\u201c n\u00eb fund \u00ebsht\u00eb shprehur se \u201eky referendum nuk ndryshon asgj\u00eb konkretisht, p\u00ebrvec n\u00eb kokan e njer\u00ebzve. Dhe pas ketij referendumi dhe barrikadat e serb\u00ebve t\u00eb v\u00ebna muaj m\u00eb par\u00eb, sivjet do t\u00eb jen\u00eb nyja kyqe n\u00eb Kosov\u00eb, q\u00eb sipas mendimit tim ose do t\u00ebintefgrohen ose k\u00ebrkohet nj\u00eb zgjidhje\u2026Por, ne nuk shpresojm\u00eb n\u00eb ndryshim t\u00eb gjendjes p\u00ebrderisa regjimi i Beogradit nuk ndalet t\u00eb mb\u00ebshtes, financoj k\u00ebto struktura paralele\u2026n\u00eb vend q\u00eb k\u00ebto t\u2019i b\u00ebj\u00eb shteti i Kosov\u00ebs..\u201c<\/p>\n","protected":false},"excerpt":{"rendered":"<p>\u00ab Kosova : \u00ab Cfar\u00eb don t\u00eb thot\u00eb nj\u00eb pa pavar\u00ebsi pa sovranitet? \u00bb (Kosovo: \u201cQue veut dire une ind\u00e9pendance sans souverainet\u00e9?\u201d \u00bb \u00ebsht\u00eb ky titulli i intervist\u00ebs q\u00eb sjell\u00eb sot gazeta zvicerane \u00ab Tribune de Geneve \u00bb me liderin e \u00ab Vetvendosje \u00bb-s z.Albin Kurtin i cli p\u00ebr ket t\u00eb p\u00ebrditshme i jep nj\u00eb [&hellip;]<\/p>\n","protected":false},"author":1,"featured_media":0,"comment_status":"open","ping_status":"closed","sticky":false,"template":"","format":"standard","meta":{"footnotes":""},"categories":[2],"tags":[],"class_list":{"0":"post-11700","1":"post","2":"type-post","3":"status-publish","4":"format-standard","6":"category-artikuj"},"yoast_head":"<!-- This site is optimized with the Yoast SEO plugin v27.4 - https:\/\/yoast.com\/product\/yoast-seo-wordpress\/ -->\n<title>ALBIN KURTI n\u00eb \u201cTribune de Gen\u00e8ve\u201d: EULEX na e ka marrur pushtetin n\u00eb Kosov\u00eb dhe na trajton si n\u00eb Afganistan ! - FjALA e LIR\u00cb - Arkivi<\/title>\n<meta name=\"robots\" content=\"index, follow, max-snippet:-1, max-image-preview:large, max-video-preview:-1\" \/>\n<link rel=\"canonical\" href=\"https:\/\/fjala.info\/2009-2015\/albin-kurti-ne-tribune-de-geneve-eulex-na-e-ka-marrur-pushtetin-ne-kosove-dhe-na-trajton-si-ne-afganistan\/\" \/>\n<meta property=\"og:locale\" content=\"sq_AL\" \/>\n<meta property=\"og:type\" content=\"article\" \/>\n<meta property=\"og:title\" content=\"ALBIN KURTI n\u00eb \u201cTribune de Gen\u00e8ve\u201d: EULEX na e ka marrur pushtetin n\u00eb Kosov\u00eb dhe na trajton si n\u00eb Afganistan ! - FjALA e LIR\u00cb - Arkivi\" \/>\n<meta property=\"og:description\" content=\"\u00ab Kosova : \u00ab Cfar\u00eb don t\u00eb thot\u00eb nj\u00eb pa pavar\u00ebsi pa sovranitet? \u00bb (Kosovo: \u201cQue veut dire une ind\u00e9pendance sans souverainet\u00e9?\u201d \u00bb \u00ebsht\u00eb ky titulli i intervist\u00ebs q\u00eb sjell\u00eb sot gazeta zvicerane \u00ab Tribune de Geneve \u00bb me liderin e \u00ab Vetvendosje \u00bb-s z.Albin Kurtin i cli p\u00ebr ket t\u00eb p\u00ebrditshme i jep nj\u00eb [&hellip;]\" \/>\n<meta property=\"og:url\" content=\"https:\/\/fjala.info\/2009-2015\/albin-kurti-ne-tribune-de-geneve-eulex-na-e-ka-marrur-pushtetin-ne-kosove-dhe-na-trajton-si-ne-afganistan\/\" \/>\n<meta property=\"og:site_name\" content=\"FjALA e LIR\u00cb - Arkivi\" \/>\n<meta property=\"article:published_time\" content=\"2012-02-18T16:45:48+00:00\" \/>\n<meta property=\"og:image\" content=\"http:\/\/www.shkoder.net\/2012\/albin_kurti_tg.jpg\" \/>\n<meta name=\"author\" content=\"admin\" \/>\n<meta name=\"twitter:card\" content=\"summary_large_image\" \/>\n<meta name=\"twitter:label1\" content=\"Written by\" \/>\n\t<meta name=\"twitter:data1\" content=\"admin\" \/>\n\t<meta name=\"twitter:label2\" content=\"Est. reading time\" \/>\n\t<meta name=\"twitter:data2\" content=\"2 minutes\" \/>\n<script type=\"application\/ld+json\" class=\"yoast-schema-graph\">{\"@context\":\"https:\\\/\\\/schema.org\",\"@graph\":[{\"@type\":\"Article\",\"@id\":\"https:\\\/\\\/fjala.info\\\/2009-2015\\\/albin-kurti-ne-tribune-de-geneve-eulex-na-e-ka-marrur-pushtetin-ne-kosove-dhe-na-trajton-si-ne-afganistan\\\/#article\",\"isPartOf\":{\"@id\":\"https:\\\/\\\/fjala.info\\\/2009-2015\\\/albin-kurti-ne-tribune-de-geneve-eulex-na-e-ka-marrur-pushtetin-ne-kosove-dhe-na-trajton-si-ne-afganistan\\\/\"},\"author\":{\"name\":\"admin\",\"@id\":\"https:\\\/\\\/fjala.info\\\/2009-2015\\\/#\\\/schema\\\/person\\\/3aa1163ef05469c496fc94e77611ada2\"},\"headline\":\"ALBIN KURTI n\u00eb \u201cTribune de Gen\u00e8ve\u201d: EULEX na e ka marrur pushtetin n\u00eb Kosov\u00eb dhe na trajton si n\u00eb Afganistan !\",\"datePublished\":\"2012-02-18T16:45:48+00:00\",\"mainEntityOfPage\":{\"@id\":\"https:\\\/\\\/fjala.info\\\/2009-2015\\\/albin-kurti-ne-tribune-de-geneve-eulex-na-e-ka-marrur-pushtetin-ne-kosove-dhe-na-trajton-si-ne-afganistan\\\/\"},\"wordCount\":491,\"commentCount\":0,\"publisher\":{\"@id\":\"https:\\\/\\\/fjala.info\\\/2009-2015\\\/#organization\"},\"image\":{\"@id\":\"https:\\\/\\\/fjala.info\\\/2009-2015\\\/albin-kurti-ne-tribune-de-geneve-eulex-na-e-ka-marrur-pushtetin-ne-kosove-dhe-na-trajton-si-ne-afganistan\\\/#primaryimage\"},\"thumbnailUrl\":\"http:\\\/\\\/www.shkoder.net\\\/2012\\\/albin_kurti_tg.jpg\",\"articleSection\":[\"Artikuj\"],\"inLanguage\":\"sq-AL\",\"potentialAction\":[{\"@type\":\"CommentAction\",\"name\":\"Comment\",\"target\":[\"https:\\\/\\\/fjala.info\\\/2009-2015\\\/albin-kurti-ne-tribune-de-geneve-eulex-na-e-ka-marrur-pushtetin-ne-kosove-dhe-na-trajton-si-ne-afganistan\\\/#respond\"]}]},{\"@type\":\"WebPage\",\"@id\":\"https:\\\/\\\/fjala.info\\\/2009-2015\\\/albin-kurti-ne-tribune-de-geneve-eulex-na-e-ka-marrur-pushtetin-ne-kosove-dhe-na-trajton-si-ne-afganistan\\\/\",\"url\":\"https:\\\/\\\/fjala.info\\\/2009-2015\\\/albin-kurti-ne-tribune-de-geneve-eulex-na-e-ka-marrur-pushtetin-ne-kosove-dhe-na-trajton-si-ne-afganistan\\\/\",\"name\":\"ALBIN KURTI n\u00eb \u201cTribune de Gen\u00e8ve\u201d: EULEX na e ka marrur pushtetin n\u00eb Kosov\u00eb dhe na trajton si n\u00eb Afganistan ! - FjALA e LIR\u00cb - Arkivi\",\"isPartOf\":{\"@id\":\"https:\\\/\\\/fjala.info\\\/2009-2015\\\/#website\"},\"primaryImageOfPage\":{\"@id\":\"https:\\\/\\\/fjala.info\\\/2009-2015\\\/albin-kurti-ne-tribune-de-geneve-eulex-na-e-ka-marrur-pushtetin-ne-kosove-dhe-na-trajton-si-ne-afganistan\\\/#primaryimage\"},\"image\":{\"@id\":\"https:\\\/\\\/fjala.info\\\/2009-2015\\\/albin-kurti-ne-tribune-de-geneve-eulex-na-e-ka-marrur-pushtetin-ne-kosove-dhe-na-trajton-si-ne-afganistan\\\/#primaryimage\"},\"thumbnailUrl\":\"http:\\\/\\\/www.shkoder.net\\\/2012\\\/albin_kurti_tg.jpg\",\"datePublished\":\"2012-02-18T16:45:48+00:00\",\"breadcrumb\":{\"@id\":\"https:\\\/\\\/fjala.info\\\/2009-2015\\\/albin-kurti-ne-tribune-de-geneve-eulex-na-e-ka-marrur-pushtetin-ne-kosove-dhe-na-trajton-si-ne-afganistan\\\/#breadcrumb\"},\"inLanguage\":\"sq-AL\",\"potentialAction\":[{\"@type\":\"ReadAction\",\"target\":[\"https:\\\/\\\/fjala.info\\\/2009-2015\\\/albin-kurti-ne-tribune-de-geneve-eulex-na-e-ka-marrur-pushtetin-ne-kosove-dhe-na-trajton-si-ne-afganistan\\\/\"]}]},{\"@type\":\"ImageObject\",\"inLanguage\":\"sq-AL\",\"@id\":\"https:\\\/\\\/fjala.info\\\/2009-2015\\\/albin-kurti-ne-tribune-de-geneve-eulex-na-e-ka-marrur-pushtetin-ne-kosove-dhe-na-trajton-si-ne-afganistan\\\/#primaryimage\",\"url\":\"http:\\\/\\\/www.shkoder.net\\\/2012\\\/albin_kurti_tg.jpg\",\"contentUrl\":\"http:\\\/\\\/www.shkoder.net\\\/2012\\\/albin_kurti_tg.jpg\"},{\"@type\":\"BreadcrumbList\",\"@id\":\"https:\\\/\\\/fjala.info\\\/2009-2015\\\/albin-kurti-ne-tribune-de-geneve-eulex-na-e-ka-marrur-pushtetin-ne-kosove-dhe-na-trajton-si-ne-afganistan\\\/#breadcrumb\",\"itemListElement\":[{\"@type\":\"ListItem\",\"position\":1,\"name\":\"Home\",\"item\":\"https:\\\/\\\/fjala.info\\\/2009-2015\\\/\"},{\"@type\":\"ListItem\",\"position\":2,\"name\":\"ALBIN KURTI n\u00eb \u201cTribune de Gen\u00e8ve\u201d: EULEX na e ka marrur pushtetin n\u00eb Kosov\u00eb dhe na trajton si n\u00eb Afganistan !\"}]},{\"@type\":\"WebSite\",\"@id\":\"https:\\\/\\\/fjala.info\\\/2009-2015\\\/#website\",\"url\":\"https:\\\/\\\/fjala.info\\\/2009-2015\\\/\",\"name\":\"FjALA e LIR\u00cb - Arkivi\",\"description\":\"Arkivi 2009-2015\",\"publisher\":{\"@id\":\"https:\\\/\\\/fjala.info\\\/2009-2015\\\/#organization\"},\"potentialAction\":[{\"@type\":\"SearchAction\",\"target\":{\"@type\":\"EntryPoint\",\"urlTemplate\":\"https:\\\/\\\/fjala.info\\\/2009-2015\\\/?s={search_term_string}\"},\"query-input\":{\"@type\":\"PropertyValueSpecification\",\"valueRequired\":true,\"valueName\":\"search_term_string\"}}],\"inLanguage\":\"sq-AL\"},{\"@type\":\"Organization\",\"@id\":\"https:\\\/\\\/fjala.info\\\/2009-2015\\\/#organization\",\"name\":\"FjALA e LIR\u00cb - Arkivi\",\"url\":\"https:\\\/\\\/fjala.info\\\/2009-2015\\\/\",\"logo\":{\"@type\":\"ImageObject\",\"inLanguage\":\"sq-AL\",\"@id\":\"https:\\\/\\\/fjala.info\\\/2009-2015\\\/#\\\/schema\\\/logo\\\/image\\\/\",\"url\":\"\",\"contentUrl\":\"\",\"caption\":\"FjALA e LIR\u00cb - Arkivi\"},\"image\":{\"@id\":\"https:\\\/\\\/fjala.info\\\/2009-2015\\\/#\\\/schema\\\/logo\\\/image\\\/\"}},{\"@type\":\"Person\",\"@id\":\"https:\\\/\\\/fjala.info\\\/2009-2015\\\/#\\\/schema\\\/person\\\/3aa1163ef05469c496fc94e77611ada2\",\"name\":\"admin\",\"image\":{\"@type\":\"ImageObject\",\"inLanguage\":\"sq-AL\",\"@id\":\"https:\\\/\\\/fjala.info\\\/2009-2015\\\/wp-content\\\/uploads\\\/2012\\\/02\\\/arben_cokaj-120x150.jpg\",\"url\":\"https:\\\/\\\/fjala.info\\\/2009-2015\\\/wp-content\\\/uploads\\\/2012\\\/02\\\/arben_cokaj-120x150.jpg\",\"contentUrl\":\"https:\\\/\\\/fjala.info\\\/2009-2015\\\/wp-content\\\/uploads\\\/2012\\\/02\\\/arben_cokaj-120x150.jpg\",\"caption\":\"admin\"},\"description\":\"Admin, Fjala e Lir\u00eb\",\"sameAs\":[\"https:\\\/\\\/fjala.info\\\/\"],\"url\":\"https:\\\/\\\/fjala.info\\\/2009-2015\\\/author\\\/admin\\\/\"}]}<\/script>\n<!-- \/ Yoast SEO plugin. -->","yoast_head_json":{"title":"ALBIN KURTI n\u00eb \u201cTribune de Gen\u00e8ve\u201d: EULEX na e ka marrur pushtetin n\u00eb Kosov\u00eb dhe na trajton si n\u00eb Afganistan ! - FjALA e LIR\u00cb - Arkivi","robots":{"index":"index","follow":"follow","max-snippet":"max-snippet:-1","max-image-preview":"max-image-preview:large","max-video-preview":"max-video-preview:-1"},"canonical":"https:\/\/fjala.info\/2009-2015\/albin-kurti-ne-tribune-de-geneve-eulex-na-e-ka-marrur-pushtetin-ne-kosove-dhe-na-trajton-si-ne-afganistan\/","og_locale":"sq_AL","og_type":"article","og_title":"ALBIN KURTI n\u00eb \u201cTribune de Gen\u00e8ve\u201d: EULEX na e ka marrur pushtetin n\u00eb Kosov\u00eb dhe na trajton si n\u00eb Afganistan ! - FjALA e LIR\u00cb - Arkivi","og_description":"\u00ab Kosova : \u00ab Cfar\u00eb don t\u00eb thot\u00eb nj\u00eb pa pavar\u00ebsi pa sovranitet? \u00bb (Kosovo: \u201cQue veut dire une ind\u00e9pendance sans souverainet\u00e9?\u201d \u00bb \u00ebsht\u00eb ky titulli i intervist\u00ebs q\u00eb sjell\u00eb sot gazeta zvicerane \u00ab Tribune de Geneve \u00bb me liderin e \u00ab Vetvendosje \u00bb-s z.Albin Kurtin i cli p\u00ebr ket t\u00eb p\u00ebrditshme i jep nj\u00eb [&hellip;]","og_url":"https:\/\/fjala.info\/2009-2015\/albin-kurti-ne-tribune-de-geneve-eulex-na-e-ka-marrur-pushtetin-ne-kosove-dhe-na-trajton-si-ne-afganistan\/","og_site_name":"FjALA e LIR\u00cb - Arkivi","article_published_time":"2012-02-18T16:45:48+00:00","og_image":[{"url":"http:\/\/www.shkoder.net\/2012\/albin_kurti_tg.jpg","type":"","width":"","height":""}],"author":"admin","twitter_card":"summary_large_image","twitter_misc":{"Written by":"admin","Est. reading time":"2 minutes"},"schema":{"@context":"https:\/\/schema.org","@graph":[{"@type":"Article","@id":"https:\/\/fjala.info\/2009-2015\/albin-kurti-ne-tribune-de-geneve-eulex-na-e-ka-marrur-pushtetin-ne-kosove-dhe-na-trajton-si-ne-afganistan\/#article","isPartOf":{"@id":"https:\/\/fjala.info\/2009-2015\/albin-kurti-ne-tribune-de-geneve-eulex-na-e-ka-marrur-pushtetin-ne-kosove-dhe-na-trajton-si-ne-afganistan\/"},"author":{"name":"admin","@id":"https:\/\/fjala.info\/2009-2015\/#\/schema\/person\/3aa1163ef05469c496fc94e77611ada2"},"headline":"ALBIN KURTI n\u00eb \u201cTribune de Gen\u00e8ve\u201d: EULEX na e ka marrur pushtetin n\u00eb Kosov\u00eb dhe na trajton si n\u00eb Afganistan !","datePublished":"2012-02-18T16:45:48+00:00","mainEntityOfPage":{"@id":"https:\/\/fjala.info\/2009-2015\/albin-kurti-ne-tribune-de-geneve-eulex-na-e-ka-marrur-pushtetin-ne-kosove-dhe-na-trajton-si-ne-afganistan\/"},"wordCount":491,"commentCount":0,"publisher":{"@id":"https:\/\/fjala.info\/2009-2015\/#organization"},"image":{"@id":"https:\/\/fjala.info\/2009-2015\/albin-kurti-ne-tribune-de-geneve-eulex-na-e-ka-marrur-pushtetin-ne-kosove-dhe-na-trajton-si-ne-afganistan\/#primaryimage"},"thumbnailUrl":"http:\/\/www.shkoder.net\/2012\/albin_kurti_tg.jpg","articleSection":["Artikuj"],"inLanguage":"sq-AL","potentialAction":[{"@type":"CommentAction","name":"Comment","target":["https:\/\/fjala.info\/2009-2015\/albin-kurti-ne-tribune-de-geneve-eulex-na-e-ka-marrur-pushtetin-ne-kosove-dhe-na-trajton-si-ne-afganistan\/#respond"]}]},{"@type":"WebPage","@id":"https:\/\/fjala.info\/2009-2015\/albin-kurti-ne-tribune-de-geneve-eulex-na-e-ka-marrur-pushtetin-ne-kosove-dhe-na-trajton-si-ne-afganistan\/","url":"https:\/\/fjala.info\/2009-2015\/albin-kurti-ne-tribune-de-geneve-eulex-na-e-ka-marrur-pushtetin-ne-kosove-dhe-na-trajton-si-ne-afganistan\/","name":"ALBIN KURTI n\u00eb \u201cTribune de Gen\u00e8ve\u201d: EULEX na e ka marrur pushtetin n\u00eb Kosov\u00eb dhe na trajton si n\u00eb Afganistan ! - FjALA e LIR\u00cb - Arkivi","isPartOf":{"@id":"https:\/\/fjala.info\/2009-2015\/#website"},"primaryImageOfPage":{"@id":"https:\/\/fjala.info\/2009-2015\/albin-kurti-ne-tribune-de-geneve-eulex-na-e-ka-marrur-pushtetin-ne-kosove-dhe-na-trajton-si-ne-afganistan\/#primaryimage"},"image":{"@id":"https:\/\/fjala.info\/2009-2015\/albin-kurti-ne-tribune-de-geneve-eulex-na-e-ka-marrur-pushtetin-ne-kosove-dhe-na-trajton-si-ne-afganistan\/#primaryimage"},"thumbnailUrl":"http:\/\/www.shkoder.net\/2012\/albin_kurti_tg.jpg","datePublished":"2012-02-18T16:45:48+00:00","breadcrumb":{"@id":"https:\/\/fjala.info\/2009-2015\/albin-kurti-ne-tribune-de-geneve-eulex-na-e-ka-marrur-pushtetin-ne-kosove-dhe-na-trajton-si-ne-afganistan\/#breadcrumb"},"inLanguage":"sq-AL","potentialAction":[{"@type":"ReadAction","target":["https:\/\/fjala.info\/2009-2015\/albin-kurti-ne-tribune-de-geneve-eulex-na-e-ka-marrur-pushtetin-ne-kosove-dhe-na-trajton-si-ne-afganistan\/"]}]},{"@type":"ImageObject","inLanguage":"sq-AL","@id":"https:\/\/fjala.info\/2009-2015\/albin-kurti-ne-tribune-de-geneve-eulex-na-e-ka-marrur-pushtetin-ne-kosove-dhe-na-trajton-si-ne-afganistan\/#primaryimage","url":"http:\/\/www.shkoder.net\/2012\/albin_kurti_tg.jpg","contentUrl":"http:\/\/www.shkoder.net\/2012\/albin_kurti_tg.jpg"},{"@type":"BreadcrumbList","@id":"https:\/\/fjala.info\/2009-2015\/albin-kurti-ne-tribune-de-geneve-eulex-na-e-ka-marrur-pushtetin-ne-kosove-dhe-na-trajton-si-ne-afganistan\/#breadcrumb","itemListElement":[{"@type":"ListItem","position":1,"name":"Home","item":"https:\/\/fjala.info\/2009-2015\/"},{"@type":"ListItem","position":2,"name":"ALBIN KURTI n\u00eb \u201cTribune de Gen\u00e8ve\u201d: EULEX na e ka marrur pushtetin n\u00eb Kosov\u00eb dhe na trajton si n\u00eb Afganistan !"}]},{"@type":"WebSite","@id":"https:\/\/fjala.info\/2009-2015\/#website","url":"https:\/\/fjala.info\/2009-2015\/","name":"FjALA e LIR\u00cb - Arkivi","description":"Arkivi 2009-2015","publisher":{"@id":"https:\/\/fjala.info\/2009-2015\/#organization"},"potentialAction":[{"@type":"SearchAction","target":{"@type":"EntryPoint","urlTemplate":"https:\/\/fjala.info\/2009-2015\/?s={search_term_string}"},"query-input":{"@type":"PropertyValueSpecification","valueRequired":true,"valueName":"search_term_string"}}],"inLanguage":"sq-AL"},{"@type":"Organization","@id":"https:\/\/fjala.info\/2009-2015\/#organization","name":"FjALA e LIR\u00cb - Arkivi","url":"https:\/\/fjala.info\/2009-2015\/","logo":{"@type":"ImageObject","inLanguage":"sq-AL","@id":"https:\/\/fjala.info\/2009-2015\/#\/schema\/logo\/image\/","url":"","contentUrl":"","caption":"FjALA e LIR\u00cb - Arkivi"},"image":{"@id":"https:\/\/fjala.info\/2009-2015\/#\/schema\/logo\/image\/"}},{"@type":"Person","@id":"https:\/\/fjala.info\/2009-2015\/#\/schema\/person\/3aa1163ef05469c496fc94e77611ada2","name":"admin","image":{"@type":"ImageObject","inLanguage":"sq-AL","@id":"https:\/\/fjala.info\/2009-2015\/wp-content\/uploads\/2012\/02\/arben_cokaj-120x150.jpg","url":"https:\/\/fjala.info\/2009-2015\/wp-content\/uploads\/2012\/02\/arben_cokaj-120x150.jpg","contentUrl":"https:\/\/fjala.info\/2009-2015\/wp-content\/uploads\/2012\/02\/arben_cokaj-120x150.jpg","caption":"admin"},"description":"Admin, Fjala e Lir\u00eb","sameAs":["https:\/\/fjala.info\/"],"url":"https:\/\/fjala.info\/2009-2015\/author\/admin\/"}]}},"_links":{"self":[{"href":"https:\/\/fjala.info\/2009-2015\/wp-json\/wp\/v2\/posts\/11700","targetHints":{"allow":["GET"]}}],"collection":[{"href":"https:\/\/fjala.info\/2009-2015\/wp-json\/wp\/v2\/posts"}],"about":[{"href":"https:\/\/fjala.info\/2009-2015\/wp-json\/wp\/v2\/types\/post"}],"author":[{"embeddable":true,"href":"https:\/\/fjala.info\/2009-2015\/wp-json\/wp\/v2\/users\/1"}],"replies":[{"embeddable":true,"href":"https:\/\/fjala.info\/2009-2015\/wp-json\/wp\/v2\/comments?post=11700"}],"version-history":[{"count":0,"href":"https:\/\/fjala.info\/2009-2015\/wp-json\/wp\/v2\/posts\/11700\/revisions"}],"wp:attachment":[{"href":"https:\/\/fjala.info\/2009-2015\/wp-json\/wp\/v2\/media?parent=11700"}],"wp:term":[{"taxonomy":"category","embeddable":true,"href":"https:\/\/fjala.info\/2009-2015\/wp-json\/wp\/v2\/categories?post=11700"},{"taxonomy":"post_tag","embeddable":true,"href":"https:\/\/fjala.info\/2009-2015\/wp-json\/wp\/v2\/tags?post=11700"}],"curies":[{"name":"wp","href":"https:\/\/api.w.org\/{rel}","templated":true}]}}