{"id":11699,"date":"2012-02-16T23:16:24","date_gmt":"2012-02-16T22:16:24","guid":{"rendered":"http:\/\/fjala.shkoder.net\/?p=1846"},"modified":"2012-02-16T23:16:24","modified_gmt":"2012-02-16T22:16:24","slug":"me-20-shkurt-te-nisim-nje-jete-te-re-prej-shqiptari","status":"publish","type":"post","link":"https:\/\/fjala.info\/2009-2015\/me-20-shkurt-te-nisim-nje-jete-te-re-prej-shqiptari\/","title":{"rendered":"\u201cM\u00eb 20 shkurt t\u00eb nisim nj\u00eb jet\u00eb t\u00eb re prej shqiptari\u201d"},"content":{"rendered":"<p><img decoding=\"async\" class=\"alignright size-thumbnail wp-image-7236\" title=\"Rr\u00ebzimi i bustit t\u00eb Enver Hoxh\u00ebs\" src=\"http:\/\/www.shkoder.net\/2012\/rrezimi_bustit_eh.jpg\" alt=\"\" width=\"300\" \/> Nga <strong>Dritan Broka<\/strong>*, <em>16 Shkurt 2012<\/em><\/p>\n<p>Dita-dit\u00ebs shoh q\u00eb zhytemi n\u00eb nj\u00eb terr m\u00eb t\u00eb madh. Gjith\u00e7ka po degradon, ekonomia po fundoset, shum\u00eb qytetar ngelin pa buk\u00ebn e goj\u00ebs, duke i larguar nga puna. Jemi n\u00eb 2012 dhe akoma na mungon elektriciteti, uji dhe element\u00ebt m\u00eb jetik t\u00eb njeriut, \u00e7mimet rriten pa tavan dhe gjith\u00e7ka tjet\u00ebr si paga, apo pensionet, rrin\u00eb nj\u00ebsoj. Policia ec\u00ebn me \u201ckallash\u201d n\u00eb patrullime t\u00eb t\u00ebra n\u00ebp\u00ebr qytet, duke k\u00ebrc\u00ebnuar indirekt popullin e ndersh\u00ebm dhe duke mos kapur asnj\u00ebher\u00eb hajdutin e v\u00ebrtet\u00eb.<\/p>\n<p>Vrasjet rriten, jeta b\u00ebhet e pasigurt, filialet e bankave jan\u00eb t\u00eb ruajtura nga polic\u00eb me armatim t\u00eb r\u00ebnd\u00eb, sa kur sheh gjith\u00eb k\u00ebto mbrojtje t\u00eb shkon mendja n\u00ebse jemi n\u00eb Irak, apo diku tjet\u00ebr, ku ka luft\u00eb t\u00eb vazhdueshme. Semafor\u00ebt nuk punojn\u00eb, por dhe kur punojn\u00eb, nuk zbatohen. Politikan\u00eb q\u00eb nuk d\u00ebnohen kurr\u00eb p\u00ebr asgj\u00eb, por q\u00eb gjithnj\u00eb dalin t\u00eb pa lagur.<\/p>\n<p>Vota e qytetarit tashm\u00eb nuk respektohen, manipulim super i hapur dhe n\u00eb sy t\u00eb t\u00eb gjith\u00ebve. Prona e qytetarit \u00ebsht\u00eb kthyer n\u00eb elementin m\u00eb fitimprur\u00ebs t\u00eb gjithkujt qeveritari. P\u00ebr t\u00eb marr\u00eb nj\u00eb certifikat\u00eb p\u00ebr pron\u00ebn t\u00ebnde, duhet t\u2019i paguash n\u00ebpun\u00ebsve t\u00eb korruptuar t\u00eb Hipotek\u00ebs minimalisht 10000 euro. Tatimet abuzojn\u00eb me \u00e7do biznes q\u00eb nuk \u00ebsht\u00eb i qeveritar\u00ebve, duke i k\u00ebrc\u00ebnuar dit\u00eb p\u00ebr dit\u00eb dhe duke u vendosur sanksione dhe gjoba t\u00eb vazhdueshme. \u00c7mimi i korrentit dhe i ujit rritet, bashkia m\u00eb e madhe n\u00eb vend merr n\u00eb drejtim t\u00eb saj dy nga njer\u00ebzit m\u00eb t\u00eb korruptuar dhe kund\u00ebr politikave evropiane dhe amerikane.<\/p>\n<p>N\u00eb shkolla futet si gjuh\u00eb e dyt\u00eb kinezja si n\u00eb Tibet apo Mongoli, sepse qeveritar\u00ebt tan\u00eb d\u00ebshirojn\u00eb q\u00eb t\u00eb b\u00ebjn\u00eb shqiptar\u00ebt t\u00eb flasin kinez\u00e7e. Parlamenti miraton ligjin e plehrave, sepse do q\u00eb Shqip\u00ebrin\u00eb ta kthej\u00eb n\u00eb koshin e plehrave t\u00eb botes mbar\u00eb. Drejt\u00ebsia ka vdekur, gjith\u00e7ka \u00ebsht\u00eb manipuluar. Mjek\u00ebsia k\u00ebrkon hara\u00e7in dhe prap\u00eb nuk t\u00eb ofron sh\u00ebrbimin e duhur. Shoq\u00ebria civile \u00ebsht\u00eb e politizuar, njer\u00ebzit n\u00eb nevoj\u00eb nuk ndihmohen. T\u00eb rinjt\u00eb pa kujdes prind\u00ebror (jetim\u00ebt) lihen n\u00eb m\u00ebshir\u00eb t\u00eb fatit, arsimi ka marr fund, \u00e7do diplom\u00eb n\u00eb privat shitet, nd\u00ebrsa n\u00eb shtet blihet.<\/p>\n<p>Arsimi \u00ebsht\u00eb b\u00ebr\u00eb si makthi i t\u00eb rinjve. Hapat p\u00ebr integrimin n\u00eb Bashkimin Evropian l\u00ebn\u00eb p\u00ebr t\u00eb d\u00ebshiruar. Kultura dhe arti ka vdekur, akoma n\u00eb disa zona vazhdon gjakmarrja dhe dhjet\u00ebra familje jan\u00eb t\u00eb ngujuara, duke u bazuar n\u00ebp\u00ebr kanune. Polic\u00ebt \u00e7do dit\u00eb sh\u00ebndoshen dhe m\u00eb shum\u00eb, komuniteti rom diskriminohet dhe nxirret nga streha e p\u00ebrbashk\u00ebt, pushteti lokal nuk ofron vendparkime dhe as WC publike, p\u00ebr t\u00eb kryer nevojat personale. N\u00eb protesta vriten njer\u00ebz p\u00ebr t\u00eb frik\u00ebsuar t\u00eb tjer\u00ebt, shteti k\u00ebrc\u00ebnon dhe arreston p\u00ebr t\u2019i mbyllur goj\u00ebn gjithkujt.<\/p>\n<p>Politikan\u00ebt na g\u00ebnjejn\u00eb, na mashtrojn\u00eb, na vjedhin, na p\u00ebrdhosin, tallen me ne, dhe fitojn\u00eb miliona n\u00eb kurrizin ton\u00eb. Shum\u00eb politikan\u00eb t\u00eb tjer\u00eb super t\u00eb korruptuar pa mas\u00eb, nxjerrin n\u00eb pah t\u00eb gjith\u00eb korrupsionet e koleg\u00ebve t\u00eb tyre dhe \u00e7far\u00eb konfirmojn\u00eb; q\u00eb jan\u00eb servil\u00eb, t\u00eb pabes\u00eb, hajdut\u00eb dhe maskarenj, s\u00eb bashku me gjith\u00eb ato q\u00eb kan\u00eb akuzuar, nd\u00ebrsa disa t\u00eb tjer\u00eb, q\u00eb u duket vetja shum\u00eb t\u00eb zgjuar, tradhtojn\u00eb shok\u00ebt e organizmit t\u00eb p\u00ebrbashk\u00ebt, duke th\u00ebn\u00eb dhe t\u00eb fundit p\u00ebr to. Si p\u00ebrfundim, dalin disa njer\u00ebz t\u00eb pavler\u00eb dhe injorant\u00eb.<\/p>\n<p>Tashm\u00eb vendimi ka dal\u00eb, \u00e7do pron\u00eb e shqiptar\u00ebve \u00ebsht\u00eb n\u00eb shitje, \u00e7do kala, \u00e7do pasuri n\u00ebntok\u00ebsore dhe mbitok\u00ebsore. Shum\u00eb serb\u00eb dhe grek\u00eb jan\u00eb interesuar p\u00ebr t\u2019i blere ato. Sipas k\u00ebtij vendimi shum\u00eb shpejt Shqip\u00ebria dhe ne shqiptar\u00ebt do ngelim t\u00eb zbuluar dhe pa asgj\u00eb. M\u00eb t\u00eb varf\u00ebr se \u00e7\u2019jemi. Nd\u00ebrsa n\u00eb an\u00ebn tjet\u00ebr, politikan\u00ebt tan\u00eb pasurohen deri n\u00eb brezin e shtat\u00eb. M\u00eb vjen inat, shum\u00eb inat, se k\u00ebta po tallen me ne! M\u00eb vjen inat kur p\u00ebrdorin shum\u00eb politika t\u00eb paskrupullta, kur shfryt\u00ebzojn\u00eb shum\u00eb njer\u00ebz t\u00eb drejt\u00eb dhe t\u00eb pafajsh\u00ebm, kur na hiqen si patriot\u00eb t\u00eb m\u00ebdhenj. Sot, t\u00eb gjith\u00eb kemi r\u00ebn\u00eb n\u00eb gjum\u00eb letargjik, t\u00eb gjith\u00eb jemi b\u00ebr\u00eb shum\u00eb pasive, t\u00eb gjith\u00eb jemi frik\u00ebsuar, por nga kush duhet t\u00eb pyesni veten?!<\/p>\n<p>Dhe m\u00eb e keqja po vjen. P\u00ebr disa muaj, edhe institucioni i Presidentit do bjer\u00eb n\u00eb dor\u00ebn e pushtetit, q\u00eb do t\u00eb thot\u00eb: Qeveria, Bashkia m\u00eb e madhe n\u00eb vend , Presidenca, Gjykatat, Prokuroria, SHISH dhe \u00e7do institucion tjet\u00ebr i k\u00ebtij vendi, do jet\u00eb n\u00eb dor\u00ebn e nj\u00eb personi t\u00eb vet\u00ebm. P\u00ebr mendimin tim, edhe diktatori Enver Hoxha nuk kishte me shume se kaq, kjo nuk \u00ebsht\u00eb demokraci.<\/p>\n<p>N\u00eb em\u00ebr t\u00eb demokracis\u00eb, n\u00eb em\u00ebr Shqip\u00ebris\u00eb dhe Shqiptar\u00ebve, n\u00eb em\u00ebr t\u00eb miqve, mikeshave, v\u00ebllez\u00ebrve, motrave, f\u00ebmij\u00ebve tan\u00eb, hajde t\u00eb bashkohemi t\u00eb gjith\u00eb n\u00eb nj\u00eb mendje dhe realizojm\u00eb nj\u00eb REVOLUCION p\u00ebr demokraci, pa dhun\u00eb, por me ideal t\u00eb v\u00ebrtet dhe real. Hajde bashkohemi t\u00eb gjith\u00eb n\u00ebn idealin e t\u00eb v\u00ebrtet\u00ebs. Duhet ta b\u00ebjm\u00eb n\u00eb radhe t\u00eb par\u00eb p\u00ebr veten ton\u00eb, por dhe p\u00ebr t\u00eb gjith\u00eb brezat q\u00eb do vijn\u00eb. Un\u00eb nuk jam asgj\u00eb. Jam nj\u00eb i ri i cili e do vendin e tij, dua vetveten, dua miqt\u00eb e mi, prind\u00ebrit dhe dua nj\u00eb t\u00eb ardhme m\u00eb t\u00eb mir\u00eb p\u00ebr t\u00eb gjith\u00eb ne, dhe p\u00ebr t\u00eb gjith\u00eb Shqiptar\u00ebt e v\u00ebrtet\u00eb. Un\u00eb besoj dhe mendoj, se si un\u00eb ka shum\u00eb persona t\u00eb tjer\u00eb, q\u00eb e duan t\u00eb v\u00ebrtet\u00ebn, e duan lirin\u00eb, duan demokracin\u00eb e v\u00ebrtet\u00eb.<\/p>\n<p>K\u00ebshtu, q\u00eb ju k\u00ebrkoj miq\u00ebsisht, q\u00eb n\u00eb dat\u00eb 20 shkurt 2012, ora 17:00, dit\u00ebn e rr\u00ebzimit t\u00eb bustit t\u00eb diktatorit Enver Hoxha, te sheshi \u201cSk\u00ebnderbej\u201d, aty ku gjith\u00e7ka filloi, t\u00eb mblidhemi t\u00eb gjith\u00eb s\u00eb bashku t\u00eb tregojm\u00eb sa shum\u00eb jemi p\u00ebr nj\u00eb demokraci t\u00eb v\u00ebrtet\u00eb dhe reale dhe t\u00eb fillojm\u00eb nj\u00eb etap\u00eb t\u00eb re n\u00eb historin\u00eb e kombit Shqiptar.<\/p>\n<p>*<em>Kryetar i Kuvendit Civil<\/em><\/p>\n","protected":false},"excerpt":{"rendered":"<p>Nga Dritan Broka*, 16 Shkurt 2012 Dita-dit\u00ebs shoh q\u00eb zhytemi n\u00eb nj\u00eb terr m\u00eb t\u00eb madh. Gjith\u00e7ka po degradon, ekonomia po fundoset, shum\u00eb qytetar ngelin pa buk\u00ebn e goj\u00ebs, duke i larguar nga puna. Jemi n\u00eb 2012 dhe akoma na mungon elektriciteti, uji dhe element\u00ebt m\u00eb jetik t\u00eb njeriut, \u00e7mimet rriten pa tavan dhe gjith\u00e7ka [&hellip;]<\/p>\n","protected":false},"author":1,"featured_media":0,"comment_status":"open","ping_status":"closed","sticky":false,"template":"","format":"standard","meta":{"footnotes":""},"categories":[2],"tags":[],"class_list":{"0":"post-11699","1":"post","2":"type-post","3":"status-publish","4":"format-standard","6":"category-artikuj"},"yoast_head":"<!-- This site is optimized with the Yoast SEO plugin v27.4 - https:\/\/yoast.com\/product\/yoast-seo-wordpress\/ -->\n<title>\u201cM\u00eb 20 shkurt t\u00eb nisim nj\u00eb jet\u00eb t\u00eb re prej shqiptari\u201d - FjALA e LIR\u00cb - Arkivi<\/title>\n<meta name=\"robots\" content=\"index, follow, max-snippet:-1, max-image-preview:large, max-video-preview:-1\" \/>\n<link rel=\"canonical\" href=\"https:\/\/fjala.info\/2009-2015\/me-20-shkurt-te-nisim-nje-jete-te-re-prej-shqiptari\/\" \/>\n<meta property=\"og:locale\" content=\"sq_AL\" \/>\n<meta property=\"og:type\" content=\"article\" \/>\n<meta property=\"og:title\" content=\"\u201cM\u00eb 20 shkurt t\u00eb nisim nj\u00eb jet\u00eb t\u00eb re prej shqiptari\u201d - FjALA e LIR\u00cb - Arkivi\" \/>\n<meta property=\"og:description\" content=\"Nga Dritan Broka*, 16 Shkurt 2012 Dita-dit\u00ebs shoh q\u00eb zhytemi n\u00eb nj\u00eb terr m\u00eb t\u00eb madh. Gjith\u00e7ka po degradon, ekonomia po fundoset, shum\u00eb qytetar ngelin pa buk\u00ebn e goj\u00ebs, duke i larguar nga puna. Jemi n\u00eb 2012 dhe akoma na mungon elektriciteti, uji dhe element\u00ebt m\u00eb jetik t\u00eb njeriut, \u00e7mimet rriten pa tavan dhe gjith\u00e7ka [&hellip;]\" \/>\n<meta property=\"og:url\" content=\"https:\/\/fjala.info\/2009-2015\/me-20-shkurt-te-nisim-nje-jete-te-re-prej-shqiptari\/\" \/>\n<meta property=\"og:site_name\" content=\"FjALA e LIR\u00cb - Arkivi\" \/>\n<meta property=\"article:published_time\" content=\"2012-02-16T22:16:24+00:00\" \/>\n<meta property=\"og:image\" content=\"http:\/\/www.shkoder.net\/2012\/rrezimi_bustit_eh.jpg\" \/>\n<meta name=\"author\" content=\"admin\" \/>\n<meta name=\"twitter:card\" content=\"summary_large_image\" \/>\n<meta name=\"twitter:label1\" content=\"Written by\" \/>\n\t<meta name=\"twitter:data1\" content=\"admin\" \/>\n\t<meta name=\"twitter:label2\" content=\"Est. reading time\" \/>\n\t<meta name=\"twitter:data2\" content=\"5 minutes\" \/>\n<script type=\"application\/ld+json\" class=\"yoast-schema-graph\">{\"@context\":\"https:\\\/\\\/schema.org\",\"@graph\":[{\"@type\":\"Article\",\"@id\":\"https:\\\/\\\/fjala.info\\\/2009-2015\\\/me-20-shkurt-te-nisim-nje-jete-te-re-prej-shqiptari\\\/#article\",\"isPartOf\":{\"@id\":\"https:\\\/\\\/fjala.info\\\/2009-2015\\\/me-20-shkurt-te-nisim-nje-jete-te-re-prej-shqiptari\\\/\"},\"author\":{\"name\":\"admin\",\"@id\":\"https:\\\/\\\/fjala.info\\\/2009-2015\\\/#\\\/schema\\\/person\\\/3aa1163ef05469c496fc94e77611ada2\"},\"headline\":\"\u201cM\u00eb 20 shkurt t\u00eb nisim nj\u00eb jet\u00eb t\u00eb re prej shqiptari\u201d\",\"datePublished\":\"2012-02-16T22:16:24+00:00\",\"mainEntityOfPage\":{\"@id\":\"https:\\\/\\\/fjala.info\\\/2009-2015\\\/me-20-shkurt-te-nisim-nje-jete-te-re-prej-shqiptari\\\/\"},\"wordCount\":1066,\"commentCount\":1,\"publisher\":{\"@id\":\"https:\\\/\\\/fjala.info\\\/2009-2015\\\/#organization\"},\"image\":{\"@id\":\"https:\\\/\\\/fjala.info\\\/2009-2015\\\/me-20-shkurt-te-nisim-nje-jete-te-re-prej-shqiptari\\\/#primaryimage\"},\"thumbnailUrl\":\"http:\\\/\\\/www.shkoder.net\\\/2012\\\/rrezimi_bustit_eh.jpg\",\"articleSection\":[\"Artikuj\"],\"inLanguage\":\"sq-AL\",\"potentialAction\":[{\"@type\":\"CommentAction\",\"name\":\"Comment\",\"target\":[\"https:\\\/\\\/fjala.info\\\/2009-2015\\\/me-20-shkurt-te-nisim-nje-jete-te-re-prej-shqiptari\\\/#respond\"]}]},{\"@type\":\"WebPage\",\"@id\":\"https:\\\/\\\/fjala.info\\\/2009-2015\\\/me-20-shkurt-te-nisim-nje-jete-te-re-prej-shqiptari\\\/\",\"url\":\"https:\\\/\\\/fjala.info\\\/2009-2015\\\/me-20-shkurt-te-nisim-nje-jete-te-re-prej-shqiptari\\\/\",\"name\":\"\u201cM\u00eb 20 shkurt t\u00eb nisim nj\u00eb jet\u00eb t\u00eb re prej shqiptari\u201d - FjALA e LIR\u00cb - Arkivi\",\"isPartOf\":{\"@id\":\"https:\\\/\\\/fjala.info\\\/2009-2015\\\/#website\"},\"primaryImageOfPage\":{\"@id\":\"https:\\\/\\\/fjala.info\\\/2009-2015\\\/me-20-shkurt-te-nisim-nje-jete-te-re-prej-shqiptari\\\/#primaryimage\"},\"image\":{\"@id\":\"https:\\\/\\\/fjala.info\\\/2009-2015\\\/me-20-shkurt-te-nisim-nje-jete-te-re-prej-shqiptari\\\/#primaryimage\"},\"thumbnailUrl\":\"http:\\\/\\\/www.shkoder.net\\\/2012\\\/rrezimi_bustit_eh.jpg\",\"datePublished\":\"2012-02-16T22:16:24+00:00\",\"breadcrumb\":{\"@id\":\"https:\\\/\\\/fjala.info\\\/2009-2015\\\/me-20-shkurt-te-nisim-nje-jete-te-re-prej-shqiptari\\\/#breadcrumb\"},\"inLanguage\":\"sq-AL\",\"potentialAction\":[{\"@type\":\"ReadAction\",\"target\":[\"https:\\\/\\\/fjala.info\\\/2009-2015\\\/me-20-shkurt-te-nisim-nje-jete-te-re-prej-shqiptari\\\/\"]}]},{\"@type\":\"ImageObject\",\"inLanguage\":\"sq-AL\",\"@id\":\"https:\\\/\\\/fjala.info\\\/2009-2015\\\/me-20-shkurt-te-nisim-nje-jete-te-re-prej-shqiptari\\\/#primaryimage\",\"url\":\"http:\\\/\\\/www.shkoder.net\\\/2012\\\/rrezimi_bustit_eh.jpg\",\"contentUrl\":\"http:\\\/\\\/www.shkoder.net\\\/2012\\\/rrezimi_bustit_eh.jpg\"},{\"@type\":\"BreadcrumbList\",\"@id\":\"https:\\\/\\\/fjala.info\\\/2009-2015\\\/me-20-shkurt-te-nisim-nje-jete-te-re-prej-shqiptari\\\/#breadcrumb\",\"itemListElement\":[{\"@type\":\"ListItem\",\"position\":1,\"name\":\"Home\",\"item\":\"https:\\\/\\\/fjala.info\\\/2009-2015\\\/\"},{\"@type\":\"ListItem\",\"position\":2,\"name\":\"\u201cM\u00eb 20 shkurt t\u00eb nisim nj\u00eb jet\u00eb t\u00eb re prej shqiptari\u201d\"}]},{\"@type\":\"WebSite\",\"@id\":\"https:\\\/\\\/fjala.info\\\/2009-2015\\\/#website\",\"url\":\"https:\\\/\\\/fjala.info\\\/2009-2015\\\/\",\"name\":\"FjALA e LIR\u00cb - Arkivi\",\"description\":\"Arkivi 2009-2015\",\"publisher\":{\"@id\":\"https:\\\/\\\/fjala.info\\\/2009-2015\\\/#organization\"},\"potentialAction\":[{\"@type\":\"SearchAction\",\"target\":{\"@type\":\"EntryPoint\",\"urlTemplate\":\"https:\\\/\\\/fjala.info\\\/2009-2015\\\/?s={search_term_string}\"},\"query-input\":{\"@type\":\"PropertyValueSpecification\",\"valueRequired\":true,\"valueName\":\"search_term_string\"}}],\"inLanguage\":\"sq-AL\"},{\"@type\":\"Organization\",\"@id\":\"https:\\\/\\\/fjala.info\\\/2009-2015\\\/#organization\",\"name\":\"FjALA e LIR\u00cb - Arkivi\",\"url\":\"https:\\\/\\\/fjala.info\\\/2009-2015\\\/\",\"logo\":{\"@type\":\"ImageObject\",\"inLanguage\":\"sq-AL\",\"@id\":\"https:\\\/\\\/fjala.info\\\/2009-2015\\\/#\\\/schema\\\/logo\\\/image\\\/\",\"url\":\"\",\"contentUrl\":\"\",\"caption\":\"FjALA e LIR\u00cb - Arkivi\"},\"image\":{\"@id\":\"https:\\\/\\\/fjala.info\\\/2009-2015\\\/#\\\/schema\\\/logo\\\/image\\\/\"}},{\"@type\":\"Person\",\"@id\":\"https:\\\/\\\/fjala.info\\\/2009-2015\\\/#\\\/schema\\\/person\\\/3aa1163ef05469c496fc94e77611ada2\",\"name\":\"admin\",\"image\":{\"@type\":\"ImageObject\",\"inLanguage\":\"sq-AL\",\"@id\":\"https:\\\/\\\/fjala.info\\\/2009-2015\\\/wp-content\\\/uploads\\\/2012\\\/02\\\/arben_cokaj-120x150.jpg\",\"url\":\"https:\\\/\\\/fjala.info\\\/2009-2015\\\/wp-content\\\/uploads\\\/2012\\\/02\\\/arben_cokaj-120x150.jpg\",\"contentUrl\":\"https:\\\/\\\/fjala.info\\\/2009-2015\\\/wp-content\\\/uploads\\\/2012\\\/02\\\/arben_cokaj-120x150.jpg\",\"caption\":\"admin\"},\"description\":\"Admin, Fjala e Lir\u00eb\",\"sameAs\":[\"https:\\\/\\\/fjala.info\\\/\"],\"url\":\"https:\\\/\\\/fjala.info\\\/2009-2015\\\/author\\\/admin\\\/\"}]}<\/script>\n<!-- \/ Yoast SEO plugin. -->","yoast_head_json":{"title":"\u201cM\u00eb 20 shkurt t\u00eb nisim nj\u00eb jet\u00eb t\u00eb re prej shqiptari\u201d - FjALA e LIR\u00cb - Arkivi","robots":{"index":"index","follow":"follow","max-snippet":"max-snippet:-1","max-image-preview":"max-image-preview:large","max-video-preview":"max-video-preview:-1"},"canonical":"https:\/\/fjala.info\/2009-2015\/me-20-shkurt-te-nisim-nje-jete-te-re-prej-shqiptari\/","og_locale":"sq_AL","og_type":"article","og_title":"\u201cM\u00eb 20 shkurt t\u00eb nisim nj\u00eb jet\u00eb t\u00eb re prej shqiptari\u201d - FjALA e LIR\u00cb - Arkivi","og_description":"Nga Dritan Broka*, 16 Shkurt 2012 Dita-dit\u00ebs shoh q\u00eb zhytemi n\u00eb nj\u00eb terr m\u00eb t\u00eb madh. Gjith\u00e7ka po degradon, ekonomia po fundoset, shum\u00eb qytetar ngelin pa buk\u00ebn e goj\u00ebs, duke i larguar nga puna. Jemi n\u00eb 2012 dhe akoma na mungon elektriciteti, uji dhe element\u00ebt m\u00eb jetik t\u00eb njeriut, \u00e7mimet rriten pa tavan dhe gjith\u00e7ka [&hellip;]","og_url":"https:\/\/fjala.info\/2009-2015\/me-20-shkurt-te-nisim-nje-jete-te-re-prej-shqiptari\/","og_site_name":"FjALA e LIR\u00cb - Arkivi","article_published_time":"2012-02-16T22:16:24+00:00","og_image":[{"url":"http:\/\/www.shkoder.net\/2012\/rrezimi_bustit_eh.jpg","type":"","width":"","height":""}],"author":"admin","twitter_card":"summary_large_image","twitter_misc":{"Written by":"admin","Est. reading time":"5 minutes"},"schema":{"@context":"https:\/\/schema.org","@graph":[{"@type":"Article","@id":"https:\/\/fjala.info\/2009-2015\/me-20-shkurt-te-nisim-nje-jete-te-re-prej-shqiptari\/#article","isPartOf":{"@id":"https:\/\/fjala.info\/2009-2015\/me-20-shkurt-te-nisim-nje-jete-te-re-prej-shqiptari\/"},"author":{"name":"admin","@id":"https:\/\/fjala.info\/2009-2015\/#\/schema\/person\/3aa1163ef05469c496fc94e77611ada2"},"headline":"\u201cM\u00eb 20 shkurt t\u00eb nisim nj\u00eb jet\u00eb t\u00eb re prej shqiptari\u201d","datePublished":"2012-02-16T22:16:24+00:00","mainEntityOfPage":{"@id":"https:\/\/fjala.info\/2009-2015\/me-20-shkurt-te-nisim-nje-jete-te-re-prej-shqiptari\/"},"wordCount":1066,"commentCount":1,"publisher":{"@id":"https:\/\/fjala.info\/2009-2015\/#organization"},"image":{"@id":"https:\/\/fjala.info\/2009-2015\/me-20-shkurt-te-nisim-nje-jete-te-re-prej-shqiptari\/#primaryimage"},"thumbnailUrl":"http:\/\/www.shkoder.net\/2012\/rrezimi_bustit_eh.jpg","articleSection":["Artikuj"],"inLanguage":"sq-AL","potentialAction":[{"@type":"CommentAction","name":"Comment","target":["https:\/\/fjala.info\/2009-2015\/me-20-shkurt-te-nisim-nje-jete-te-re-prej-shqiptari\/#respond"]}]},{"@type":"WebPage","@id":"https:\/\/fjala.info\/2009-2015\/me-20-shkurt-te-nisim-nje-jete-te-re-prej-shqiptari\/","url":"https:\/\/fjala.info\/2009-2015\/me-20-shkurt-te-nisim-nje-jete-te-re-prej-shqiptari\/","name":"\u201cM\u00eb 20 shkurt t\u00eb nisim nj\u00eb jet\u00eb t\u00eb re prej shqiptari\u201d - FjALA e LIR\u00cb - Arkivi","isPartOf":{"@id":"https:\/\/fjala.info\/2009-2015\/#website"},"primaryImageOfPage":{"@id":"https:\/\/fjala.info\/2009-2015\/me-20-shkurt-te-nisim-nje-jete-te-re-prej-shqiptari\/#primaryimage"},"image":{"@id":"https:\/\/fjala.info\/2009-2015\/me-20-shkurt-te-nisim-nje-jete-te-re-prej-shqiptari\/#primaryimage"},"thumbnailUrl":"http:\/\/www.shkoder.net\/2012\/rrezimi_bustit_eh.jpg","datePublished":"2012-02-16T22:16:24+00:00","breadcrumb":{"@id":"https:\/\/fjala.info\/2009-2015\/me-20-shkurt-te-nisim-nje-jete-te-re-prej-shqiptari\/#breadcrumb"},"inLanguage":"sq-AL","potentialAction":[{"@type":"ReadAction","target":["https:\/\/fjala.info\/2009-2015\/me-20-shkurt-te-nisim-nje-jete-te-re-prej-shqiptari\/"]}]},{"@type":"ImageObject","inLanguage":"sq-AL","@id":"https:\/\/fjala.info\/2009-2015\/me-20-shkurt-te-nisim-nje-jete-te-re-prej-shqiptari\/#primaryimage","url":"http:\/\/www.shkoder.net\/2012\/rrezimi_bustit_eh.jpg","contentUrl":"http:\/\/www.shkoder.net\/2012\/rrezimi_bustit_eh.jpg"},{"@type":"BreadcrumbList","@id":"https:\/\/fjala.info\/2009-2015\/me-20-shkurt-te-nisim-nje-jete-te-re-prej-shqiptari\/#breadcrumb","itemListElement":[{"@type":"ListItem","position":1,"name":"Home","item":"https:\/\/fjala.info\/2009-2015\/"},{"@type":"ListItem","position":2,"name":"\u201cM\u00eb 20 shkurt t\u00eb nisim nj\u00eb jet\u00eb t\u00eb re prej shqiptari\u201d"}]},{"@type":"WebSite","@id":"https:\/\/fjala.info\/2009-2015\/#website","url":"https:\/\/fjala.info\/2009-2015\/","name":"FjALA e LIR\u00cb - Arkivi","description":"Arkivi 2009-2015","publisher":{"@id":"https:\/\/fjala.info\/2009-2015\/#organization"},"potentialAction":[{"@type":"SearchAction","target":{"@type":"EntryPoint","urlTemplate":"https:\/\/fjala.info\/2009-2015\/?s={search_term_string}"},"query-input":{"@type":"PropertyValueSpecification","valueRequired":true,"valueName":"search_term_string"}}],"inLanguage":"sq-AL"},{"@type":"Organization","@id":"https:\/\/fjala.info\/2009-2015\/#organization","name":"FjALA e LIR\u00cb - Arkivi","url":"https:\/\/fjala.info\/2009-2015\/","logo":{"@type":"ImageObject","inLanguage":"sq-AL","@id":"https:\/\/fjala.info\/2009-2015\/#\/schema\/logo\/image\/","url":"","contentUrl":"","caption":"FjALA e LIR\u00cb - Arkivi"},"image":{"@id":"https:\/\/fjala.info\/2009-2015\/#\/schema\/logo\/image\/"}},{"@type":"Person","@id":"https:\/\/fjala.info\/2009-2015\/#\/schema\/person\/3aa1163ef05469c496fc94e77611ada2","name":"admin","image":{"@type":"ImageObject","inLanguage":"sq-AL","@id":"https:\/\/fjala.info\/2009-2015\/wp-content\/uploads\/2012\/02\/arben_cokaj-120x150.jpg","url":"https:\/\/fjala.info\/2009-2015\/wp-content\/uploads\/2012\/02\/arben_cokaj-120x150.jpg","contentUrl":"https:\/\/fjala.info\/2009-2015\/wp-content\/uploads\/2012\/02\/arben_cokaj-120x150.jpg","caption":"admin"},"description":"Admin, Fjala e Lir\u00eb","sameAs":["https:\/\/fjala.info\/"],"url":"https:\/\/fjala.info\/2009-2015\/author\/admin\/"}]}},"_links":{"self":[{"href":"https:\/\/fjala.info\/2009-2015\/wp-json\/wp\/v2\/posts\/11699","targetHints":{"allow":["GET"]}}],"collection":[{"href":"https:\/\/fjala.info\/2009-2015\/wp-json\/wp\/v2\/posts"}],"about":[{"href":"https:\/\/fjala.info\/2009-2015\/wp-json\/wp\/v2\/types\/post"}],"author":[{"embeddable":true,"href":"https:\/\/fjala.info\/2009-2015\/wp-json\/wp\/v2\/users\/1"}],"replies":[{"embeddable":true,"href":"https:\/\/fjala.info\/2009-2015\/wp-json\/wp\/v2\/comments?post=11699"}],"version-history":[{"count":0,"href":"https:\/\/fjala.info\/2009-2015\/wp-json\/wp\/v2\/posts\/11699\/revisions"}],"wp:attachment":[{"href":"https:\/\/fjala.info\/2009-2015\/wp-json\/wp\/v2\/media?parent=11699"}],"wp:term":[{"taxonomy":"category","embeddable":true,"href":"https:\/\/fjala.info\/2009-2015\/wp-json\/wp\/v2\/categories?post=11699"},{"taxonomy":"post_tag","embeddable":true,"href":"https:\/\/fjala.info\/2009-2015\/wp-json\/wp\/v2\/tags?post=11699"}],"curies":[{"name":"wp","href":"https:\/\/api.w.org\/{rel}","templated":true}]}}