{"id":11697,"date":"2012-02-15T10:23:10","date_gmt":"2012-02-15T09:23:10","guid":{"rendered":"http:\/\/fjala.shkoder.net\/?p=1825"},"modified":"2012-02-15T10:23:10","modified_gmt":"2012-02-15T09:23:10","slug":"mjafton-deshira","status":"publish","type":"post","link":"https:\/\/fjala.info\/2009-2015\/mjafton-deshira\/","title":{"rendered":"Mjafton d\u00ebshira"},"content":{"rendered":"<p><img decoding=\"async\" class=\"alignright size-thumbnail wp-image-7236\" title=\"Ardian Vehbiu\" src=\"http:\/\/www.shkoder.net\/images\/fjala\/ardian_vehbiu.jpg\" alt=\"\" width=\"150\" \/> Nga <strong>Ardian Vehbiu<\/strong>, <em>15 shkurt 2012<\/em><\/p>\n<p>Po i kthehem \u00e7\u00ebshtjes s\u00eb bashkimit komb\u00ebtar, t\u00eb Shqip\u00ebris\u00eb \u201cnatyrale\u201d ose t\u00eb Shqip\u00ebris\u00eb s\u00eb shqiptar\u00ebve (ose \u00e7far\u00ebdo tjet\u00ebr q\u00eb do t\u00eb duam ta quajm\u00eb), me mendimin se kjo \u00e7\u00ebshtje kurrsesi nuk duhet debatuar n\u00eb m\u00ebnyr\u00eb sentimentale, ose nga njer\u00ebz q\u00eb dalin n\u00eb podium t\u00eb mb\u00ebshtjell\u00eb me flamurin kuqezi.<\/p>\n<p>Doemos, kjo \u00e7\u00ebshtje sot p\u00ebr sot shtrohet, n\u00eb rrafshin praktik, si bashkim apo jo i Shqip\u00ebris\u00eb me Kosov\u00ebn \u2013 q\u00eb jan\u00eb edhe dy shtetet shqiptare n\u00eb Ballkan.<\/p>\n<p>N\u00eb nj\u00eb shkrim t\u00eb m\u00ebparsh\u00ebm p\u00ebrmenda faktin q\u00eb shqip\u00ebritar\u00ebt (po i quaj k\u00ebshtu shqiptar\u00ebt e Shqip\u00ebris\u00eb) dhe kosovar\u00ebt (shqiptar\u00ebt e Kosov\u00ebs) kan\u00eb t\u00eb p\u00ebrbashk\u00ebt mes tyre gjuh\u00ebn dhe deri diku zakonet, por ndahen n\u00eb disa karakteristika t\u00eb tjera, mes t\u00eb cilave spikat trash\u00ebgimia historike.<\/p>\n<p>Pyes: sa histori kan\u00eb t\u00eb p\u00ebrbashk\u00ebt k\u00ebto dy grupe (nuk po i quaj popuj \u2013 m\u00eb luajti mendsh vet\u00ebcensura)? Pyetjes do t\u2019i ndryshoj\u00eb p\u00ebrgjigjja, n\u00eb vart\u00ebsi t\u00eb n\u00ebse marrim parasysh koh\u00ebn q\u00eb shqipt\u00ebritar\u00ebt dhe kosovar\u00ebt kan\u00eb kaluar s\u00eb bashku n\u00ebn Perandorin\u00eb Osmane.<\/p>\n<p>N\u00ebse nuk e p\u00ebrfillim at\u00eb periudh\u00eb, at\u00ebher\u00eb do t\u00eb p\u00ebrfundojm\u00eb se histori t\u00eb p\u00ebrbashk\u00ebt praktikisht nuk ka pasur, meq\u00eb ato pak vjet gjat\u00eb Luft\u00ebs II Bot\u00ebrore, kur u realizua bashkimi, nuk mjaftojn\u00eb p\u00ebr t\u00eb themeluar ndonj\u00eb unitet ose tradit\u00eb t\u00eb p\u00ebrbashk\u00ebt.<\/p>\n<p>Tani, n\u00ebse do t\u00eb vendosim t\u00eb marrim parasysh entitetin shqiptar n\u00ebn Perandorin\u00eb Osmane, at\u00ebher\u00eb do t\u00eb duhet t\u00eb shohim edhe n\u00ebse mjafton vet\u00ebm trash\u00ebgimia e luft\u00ebs s\u00eb p\u00ebrbashk\u00ebt antiosmane ose p\u00ebr ruajtje t\u00eb trojeve shqiptare nga lakmit\u00eb e fqinj\u00ebve sllav\u00eb (Lidhja e Prizrenit, etj.), apo mos duhet t\u00eb riv\u00ebshtrojm\u00eb k\u00ebtu edhe krejt narrativ\u00ebn e shqiptar\u00ebve n\u00ebn osman\u00ebt. V\u00ebshtir\u00ebsia k\u00ebtu ka t\u00eb b\u00ebj\u00eb, mendoj un\u00eb, me at\u00eb q\u00eb Rilindja komb\u00ebtare shqiptare, p\u00ebr shqip\u00ebritar\u00ebt, \u00ebsht\u00eb vep\u00ebr fort e ngjyrosur me kontributin e ortodoks\u00ebve shqiptar\u00eb t\u00eb Jugut, q\u00eb nga Naum Veqilharxhi deri te standardi gjuh\u00ebsor i vitit 1972, pa harruar k\u00ebtu De Rad\u00ebn dhe arb\u00ebresh\u00ebt, q\u00eb kulturorisht i p\u00ebrkasin ortodoksis\u00eb; kontribut q\u00eb te kosovar\u00ebt as \u00ebsht\u00eb ndier, as ka vepruar shum\u00eb.<\/p>\n<p>Ky dallim, kritik n\u00eb vetvete, lidhet edhe me struktur\u00ebn sociale-fetare, e cila te shqip\u00ebritar\u00ebt paraqitet si nj\u00eb ekuilib\u00ebr delikat mes tre grupeve fetare (mysliman\u00eb, ortodoks\u00eb, katolik\u00eb, pa p\u00ebrfshir\u00eb k\u00ebtu ndonj\u00eb n\u00ebnsekt, si ai i bektashinjve, ose edhe agnostik\u00ebt dhe ateist\u00ebt, t\u00eb cil\u00ebt nd\u00ebr shqip\u00ebritar\u00eb i gjen me shumic\u00eb t\u00eb madhe); nd\u00ebrsa n\u00eb Kosov\u00eb t\u00eb dh\u00ebnat jan\u00eb ndryshe. Sipas t\u00eb dh\u00ebnave t\u00eb botuara nga gazeta Express e Prishtin\u00ebs, t\u00eb cilat po i citoj si\u00e7 i pash\u00eb te Respublica:<\/p>\n<p>harta etnike e Kosov\u00ebs \u00ebsht\u00eb si m\u00eb posht\u00eb: jan\u00eb deklaruar shqiptar\u00eb 1 milion e 614 mij\u00eb e 127 vet\u00eb, dhe serb\u00eb 25 mij\u00eb e 718 persona, por pa llogaritur veriun. Turqit jan\u00eb 18 mij\u00eb e 711. Boshnjak\u00eb ka m\u00eb shum\u00eb se turq: 27 mij\u00eb e 488. Ashkalinjt\u00eb, rom\u00ebt, egjiptian\u00ebt e goran\u00ebt s\u00eb bashku shkojn\u00eb n\u00eb pothuaj 40 mij\u00eb vet\u00eb.<br \/>\nPo harta fetare? Nga t\u00eb dh\u00ebnat del se 1 milion e 660 mij\u00eb e 598 qytetar\u00eb t\u00eb Kosov\u00ebs jan\u00eb t\u00eb p\u00ebrkat\u00ebsis\u00eb fetare myslimane, 38 mij\u00eb e 223 qytetar\u00eb jan\u00eb t\u00eb besimit katolik, dhe 25 mij\u00eb e 685 t\u00eb besimit ortodoks. Vet\u00ebm 1209 qytetar\u00eb t\u00eb Kosov\u00ebs kan\u00eb deklaruar se nuk i p\u00ebrkasin asnj\u00eb feje, nd\u00ebrsa 7077 nuk jan\u00eb p\u00ebrgjigjur fare se cil\u00ebs fe i takojn\u00eb.<\/p>\n<p>Nj\u00eb bashkim i mundsh\u00ebm i Shqip\u00ebris\u00eb me Kosov\u00ebn, nga pik\u00ebpamja e struktur\u00ebs sociale-fetare, do t\u00eb forconte n\u00eb m\u00ebnyr\u00eb dramatike komponenten myslimane nd\u00ebr shqiptar\u00ebt e shtetit t\u00eb ri, jo vet\u00ebm numerikisht, por edhe p\u00ebr nga cil\u00ebsia, meq\u00eb kosovar\u00ebt mysliman\u00eb e lidhin besimin islam me identitetin m\u00eb fort se shqip\u00ebritar\u00ebt mysliman\u00eb. Logjikisht feja myslimane do t\u00eb b\u00ebhej feja mbizot\u00ebruese n\u00eb shtetin e ri; dhe brenda k\u00ebsaj feje, elementi sunit do t\u00eb mbizot\u00ebronte ndaj atij bektashi. Kjo do t\u00eb thot\u00eb, me fjal\u00eb t\u00eb tjera, q\u00eb shteti rezultat i k\u00ebtij bashkimi t\u00eb mundsh\u00ebm do t\u2019i ngjaj\u00eb Kosov\u00ebs, nga pik\u00ebpamja q\u00eb po analizojm\u00eb, shum\u00eb m\u00eb tep\u00ebr se \u00e7\u2019do t\u2019i ngjaj\u00eb Shqip\u00ebris\u00eb.<\/p>\n<p>Historikisht, kjo do t\u00eb thot\u00eb q\u00eb shtetit t\u00eb ri, ose super-Shqip\u00ebris\u00eb (m\u00eb p\u00eblqen ta quaj k\u00ebshtu) t\u2019i fuqizohet edhe fillesa osmane, ose raportet e tij me t\u00eb shkuar\u00ebn osmane. N\u00ebse Rilindja komb\u00ebtare, n\u00eb aspektet e saj kulturore, synonte t\u2019i shk\u00ebpuste shqiptar\u00ebt nga Perandoria Osmane jo vet\u00ebm politikisht, por edhe historikisht, duke b\u00ebr\u00eb t\u00eb pamundur\u00ebn p\u00ebr t\u00eb send\u00ebrgjuar nj\u00eb by-pass me periudh\u00ebn paraosmane (Sk\u00ebnderbeu, etj.), n\u00eb shtetin e ri, super-shqiptar, kjo do t\u00eb riv\u00ebshtrohet detyrimisht. P\u00ebrve\u00e7 gjuh\u00ebs dhe traditave folkloristike, Shqip\u00ebrin\u00eb dhe Kosov\u00ebn i afron, para s\u00eb gjithash, e kaluara e p\u00ebrbashk\u00ebt shum\u00ebshekullore n\u00ebn sundimin osman.<\/p>\n<p>Tani, kur flitet p\u00ebr bashkimin Shqip\u00ebri-Kosov\u00eb, zakonisht sillet p\u00ebr krahasim Gjermania; meq\u00eb ne si rregull matemi me hijen e m\u00ebngjesit \u2013 edhe pse asgj\u00eb t\u00eb p\u00ebrbashk\u00ebt nuk ka mes \u00e7\u00ebshtjes son\u00eb n\u00eb Ballkan, dhe \u00e7\u00ebshtjes gjermane n\u00eb Europ\u00ebn e Pasluft\u00ebs II Bot\u00ebrore. P\u00ebrkundrazi, meq\u00eb shqip\u00ebritar\u00eb dhe kosovar\u00eb kan\u00eb jetuar s\u00eb bashku, si nj\u00eb popull, n\u00ebn hijen e Port\u00ebs s\u00eb Lart\u00eb, at\u00ebher\u00eb ndoshta krahasimet duhet t\u2019i b\u00ebjm\u00eb me raste kombesh q\u00eb kan\u00eb pasur fat t\u00eb ngjash\u00ebm me tonin: kan\u00eb jetuar s\u00eb bashku n\u00ebn osman\u00ebt, por m\u00eb pas jan\u00eb ndar\u00eb n\u00eb entitete politike t\u00eb ndryshme dhe t\u00eb pavarura, sidomos pas nd\u00ebrhyrjeve t\u00eb fuqive koloniale; dhe k\u00ebtu vijn\u00eb n\u00eb v\u00ebshtrim para s\u00eb gjithash arab\u00ebt.<\/p>\n<p>Sikurse shqiptar\u00ebt, edhe arab\u00ebt kan\u00eb nj\u00eb gjuh\u00eb t\u00eb p\u00ebrbashk\u00ebt (arabishten); madje m\u00eb shum\u00eb se shqiptar\u00ebt, ata kan\u00eb edhe nj\u00eb tradit\u00eb kulturore shum\u00ebshekullore. Sikurse shqiptar\u00ebt, edhe arab\u00ebt jan\u00eb t\u00eb ndar\u00eb n\u00eb shtete t\u00eb ndryshme, me kufij t\u00eb p\u00ebrbashk\u00ebt mes tyre; dhe l\u00ebvizjet p\u00ebr bashkimet e arab\u00ebve n\u00eb shtete m\u00eb t\u00eb m\u00ebdha (pan-arabizmi) jan\u00eb m\u00eb t\u00eb vjetra se tonat. Natyrisht krahasimi \u00e7alon \u2013 \u00e7do krahasim \u00e7alon; por mua m\u00eb intereson k\u00ebtu, sepse di q\u00eb, n\u00eb t\u00eb kaluar\u00ebn, nuk kan\u00eb munguar p\u00ebrpjekjet p\u00ebr bashkime shtetesh arabe \u2013 si Republika Arabe e Bashkuar (Al-Gumhuriyah al-Arabiyah al-Muttahidah\/Al-Jumhuriyah al-Arabiyah al-Muttahidah), e lindur nga martesa e Egjiptit dhe e Siris\u00eb n\u00eb 1958, s\u00eb cil\u00ebs do t\u2019i bashkohej, m\u00eb pas, edhe Iraku. Ky bashkim jetoi vet\u00ebm tre vjet dhe ndoshta do t\u00eb kish interes, p\u00ebr tem\u00ebn ton\u00eb, t\u00eb shiheshin arsyet e d\u00ebshtimit ose t\u00eb kolapsit t\u00eb tij.<\/p>\n<p>Nj\u00eb tjet\u00ebr p\u00ebrpjekje, edhe m\u00eb e d\u00ebshtuar se e para, ka qen\u00eb ajo e frym\u00ebzuar nga Ghedafi, p\u00ebr t\u00eb krijuar nj\u00eb Federat\u00eb t\u00eb Republikave Arabe, midis Libis\u00eb, Egjiptit dhe Siris\u00eb. P\u00ebrkundrazi, Emiratet Arabe t\u00eb Bashkuara kan\u00eb mbijetuar; por shembulli i tyre largohet shum\u00eb nga konteksti yn\u00eb, n\u00eb t\u00eb cilin nj\u00ebsia e gjuh\u00ebs dhe e kultur\u00ebs nd\u00ebrthuret me t\u00eb kaluar\u00ebn e p\u00ebrbashk\u00ebt otomane.<\/p>\n<p>Marr\u00eb nga <em>Peizazhe t\u00eb Fjal\u00ebs<\/em><\/p>\n","protected":false},"excerpt":{"rendered":"<p>Nga Ardian Vehbiu, 15 shkurt 2012 Po i kthehem \u00e7\u00ebshtjes s\u00eb bashkimit komb\u00ebtar, t\u00eb Shqip\u00ebris\u00eb \u201cnatyrale\u201d ose t\u00eb Shqip\u00ebris\u00eb s\u00eb shqiptar\u00ebve (ose \u00e7far\u00ebdo tjet\u00ebr q\u00eb do t\u00eb duam ta quajm\u00eb), me mendimin se kjo \u00e7\u00ebshtje kurrsesi nuk duhet debatuar n\u00eb m\u00ebnyr\u00eb sentimentale, ose nga njer\u00ebz q\u00eb dalin n\u00eb podium t\u00eb mb\u00ebshtjell\u00eb me flamurin kuqezi. Doemos, [&hellip;]<\/p>\n","protected":false},"author":1,"featured_media":0,"comment_status":"open","ping_status":"closed","sticky":false,"template":"","format":"standard","meta":{"footnotes":""},"categories":[2],"tags":[],"class_list":{"0":"post-11697","1":"post","2":"type-post","3":"status-publish","4":"format-standard","6":"category-artikuj"},"yoast_head":"<!-- This site is optimized with the Yoast SEO plugin v27.4 - https:\/\/yoast.com\/product\/yoast-seo-wordpress\/ -->\n<title>Mjafton d\u00ebshira - FjALA e LIR\u00cb - Arkivi<\/title>\n<meta name=\"robots\" content=\"index, follow, max-snippet:-1, max-image-preview:large, max-video-preview:-1\" \/>\n<link rel=\"canonical\" href=\"https:\/\/fjala.info\/2009-2015\/mjafton-deshira\/\" \/>\n<meta property=\"og:locale\" content=\"sq_AL\" \/>\n<meta property=\"og:type\" content=\"article\" \/>\n<meta property=\"og:title\" content=\"Mjafton d\u00ebshira - FjALA e LIR\u00cb - Arkivi\" \/>\n<meta property=\"og:description\" content=\"Nga Ardian Vehbiu, 15 shkurt 2012 Po i kthehem \u00e7\u00ebshtjes s\u00eb bashkimit komb\u00ebtar, t\u00eb Shqip\u00ebris\u00eb \u201cnatyrale\u201d ose t\u00eb Shqip\u00ebris\u00eb s\u00eb shqiptar\u00ebve (ose \u00e7far\u00ebdo tjet\u00ebr q\u00eb do t\u00eb duam ta quajm\u00eb), me mendimin se kjo \u00e7\u00ebshtje kurrsesi nuk duhet debatuar n\u00eb m\u00ebnyr\u00eb sentimentale, ose nga njer\u00ebz q\u00eb dalin n\u00eb podium t\u00eb mb\u00ebshtjell\u00eb me flamurin kuqezi. Doemos, [&hellip;]\" \/>\n<meta property=\"og:url\" content=\"https:\/\/fjala.info\/2009-2015\/mjafton-deshira\/\" \/>\n<meta property=\"og:site_name\" content=\"FjALA e LIR\u00cb - Arkivi\" \/>\n<meta property=\"article:published_time\" content=\"2012-02-15T09:23:10+00:00\" \/>\n<meta property=\"og:image\" content=\"http:\/\/www.shkoder.net\/images\/fjala\/ardian_vehbiu.jpg\" \/>\n<meta name=\"author\" content=\"admin\" \/>\n<meta name=\"twitter:card\" content=\"summary_large_image\" \/>\n<meta name=\"twitter:label1\" content=\"Written by\" \/>\n\t<meta name=\"twitter:data1\" content=\"admin\" \/>\n\t<meta name=\"twitter:label2\" content=\"Est. reading time\" \/>\n\t<meta name=\"twitter:data2\" content=\"6 minutes\" \/>\n<script type=\"application\/ld+json\" class=\"yoast-schema-graph\">{\"@context\":\"https:\\\/\\\/schema.org\",\"@graph\":[{\"@type\":\"Article\",\"@id\":\"https:\\\/\\\/fjala.info\\\/2009-2015\\\/mjafton-deshira\\\/#article\",\"isPartOf\":{\"@id\":\"https:\\\/\\\/fjala.info\\\/2009-2015\\\/mjafton-deshira\\\/\"},\"author\":{\"name\":\"admin\",\"@id\":\"https:\\\/\\\/fjala.info\\\/2009-2015\\\/#\\\/schema\\\/person\\\/3aa1163ef05469c496fc94e77611ada2\"},\"headline\":\"Mjafton d\u00ebshira\",\"datePublished\":\"2012-02-15T09:23:10+00:00\",\"mainEntityOfPage\":{\"@id\":\"https:\\\/\\\/fjala.info\\\/2009-2015\\\/mjafton-deshira\\\/\"},\"wordCount\":1248,\"commentCount\":0,\"publisher\":{\"@id\":\"https:\\\/\\\/fjala.info\\\/2009-2015\\\/#organization\"},\"image\":{\"@id\":\"https:\\\/\\\/fjala.info\\\/2009-2015\\\/mjafton-deshira\\\/#primaryimage\"},\"thumbnailUrl\":\"http:\\\/\\\/www.shkoder.net\\\/images\\\/fjala\\\/ardian_vehbiu.jpg\",\"articleSection\":[\"Artikuj\"],\"inLanguage\":\"sq-AL\",\"potentialAction\":[{\"@type\":\"CommentAction\",\"name\":\"Comment\",\"target\":[\"https:\\\/\\\/fjala.info\\\/2009-2015\\\/mjafton-deshira\\\/#respond\"]}]},{\"@type\":\"WebPage\",\"@id\":\"https:\\\/\\\/fjala.info\\\/2009-2015\\\/mjafton-deshira\\\/\",\"url\":\"https:\\\/\\\/fjala.info\\\/2009-2015\\\/mjafton-deshira\\\/\",\"name\":\"Mjafton d\u00ebshira - FjALA e LIR\u00cb - Arkivi\",\"isPartOf\":{\"@id\":\"https:\\\/\\\/fjala.info\\\/2009-2015\\\/#website\"},\"primaryImageOfPage\":{\"@id\":\"https:\\\/\\\/fjala.info\\\/2009-2015\\\/mjafton-deshira\\\/#primaryimage\"},\"image\":{\"@id\":\"https:\\\/\\\/fjala.info\\\/2009-2015\\\/mjafton-deshira\\\/#primaryimage\"},\"thumbnailUrl\":\"http:\\\/\\\/www.shkoder.net\\\/images\\\/fjala\\\/ardian_vehbiu.jpg\",\"datePublished\":\"2012-02-15T09:23:10+00:00\",\"breadcrumb\":{\"@id\":\"https:\\\/\\\/fjala.info\\\/2009-2015\\\/mjafton-deshira\\\/#breadcrumb\"},\"inLanguage\":\"sq-AL\",\"potentialAction\":[{\"@type\":\"ReadAction\",\"target\":[\"https:\\\/\\\/fjala.info\\\/2009-2015\\\/mjafton-deshira\\\/\"]}]},{\"@type\":\"ImageObject\",\"inLanguage\":\"sq-AL\",\"@id\":\"https:\\\/\\\/fjala.info\\\/2009-2015\\\/mjafton-deshira\\\/#primaryimage\",\"url\":\"http:\\\/\\\/www.shkoder.net\\\/images\\\/fjala\\\/ardian_vehbiu.jpg\",\"contentUrl\":\"http:\\\/\\\/www.shkoder.net\\\/images\\\/fjala\\\/ardian_vehbiu.jpg\"},{\"@type\":\"BreadcrumbList\",\"@id\":\"https:\\\/\\\/fjala.info\\\/2009-2015\\\/mjafton-deshira\\\/#breadcrumb\",\"itemListElement\":[{\"@type\":\"ListItem\",\"position\":1,\"name\":\"Home\",\"item\":\"https:\\\/\\\/fjala.info\\\/2009-2015\\\/\"},{\"@type\":\"ListItem\",\"position\":2,\"name\":\"Mjafton d\u00ebshira\"}]},{\"@type\":\"WebSite\",\"@id\":\"https:\\\/\\\/fjala.info\\\/2009-2015\\\/#website\",\"url\":\"https:\\\/\\\/fjala.info\\\/2009-2015\\\/\",\"name\":\"FjALA e LIR\u00cb - Arkivi\",\"description\":\"Arkivi 2009-2015\",\"publisher\":{\"@id\":\"https:\\\/\\\/fjala.info\\\/2009-2015\\\/#organization\"},\"potentialAction\":[{\"@type\":\"SearchAction\",\"target\":{\"@type\":\"EntryPoint\",\"urlTemplate\":\"https:\\\/\\\/fjala.info\\\/2009-2015\\\/?s={search_term_string}\"},\"query-input\":{\"@type\":\"PropertyValueSpecification\",\"valueRequired\":true,\"valueName\":\"search_term_string\"}}],\"inLanguage\":\"sq-AL\"},{\"@type\":\"Organization\",\"@id\":\"https:\\\/\\\/fjala.info\\\/2009-2015\\\/#organization\",\"name\":\"FjALA e LIR\u00cb - Arkivi\",\"url\":\"https:\\\/\\\/fjala.info\\\/2009-2015\\\/\",\"logo\":{\"@type\":\"ImageObject\",\"inLanguage\":\"sq-AL\",\"@id\":\"https:\\\/\\\/fjala.info\\\/2009-2015\\\/#\\\/schema\\\/logo\\\/image\\\/\",\"url\":\"\",\"contentUrl\":\"\",\"caption\":\"FjALA e LIR\u00cb - Arkivi\"},\"image\":{\"@id\":\"https:\\\/\\\/fjala.info\\\/2009-2015\\\/#\\\/schema\\\/logo\\\/image\\\/\"}},{\"@type\":\"Person\",\"@id\":\"https:\\\/\\\/fjala.info\\\/2009-2015\\\/#\\\/schema\\\/person\\\/3aa1163ef05469c496fc94e77611ada2\",\"name\":\"admin\",\"image\":{\"@type\":\"ImageObject\",\"inLanguage\":\"sq-AL\",\"@id\":\"https:\\\/\\\/fjala.info\\\/2009-2015\\\/wp-content\\\/uploads\\\/2012\\\/02\\\/arben_cokaj-120x150.jpg\",\"url\":\"https:\\\/\\\/fjala.info\\\/2009-2015\\\/wp-content\\\/uploads\\\/2012\\\/02\\\/arben_cokaj-120x150.jpg\",\"contentUrl\":\"https:\\\/\\\/fjala.info\\\/2009-2015\\\/wp-content\\\/uploads\\\/2012\\\/02\\\/arben_cokaj-120x150.jpg\",\"caption\":\"admin\"},\"description\":\"Admin, Fjala e Lir\u00eb\",\"sameAs\":[\"https:\\\/\\\/fjala.info\\\/\"],\"url\":\"https:\\\/\\\/fjala.info\\\/2009-2015\\\/author\\\/admin\\\/\"}]}<\/script>\n<!-- \/ Yoast SEO plugin. -->","yoast_head_json":{"title":"Mjafton d\u00ebshira - FjALA e LIR\u00cb - Arkivi","robots":{"index":"index","follow":"follow","max-snippet":"max-snippet:-1","max-image-preview":"max-image-preview:large","max-video-preview":"max-video-preview:-1"},"canonical":"https:\/\/fjala.info\/2009-2015\/mjafton-deshira\/","og_locale":"sq_AL","og_type":"article","og_title":"Mjafton d\u00ebshira - FjALA e LIR\u00cb - Arkivi","og_description":"Nga Ardian Vehbiu, 15 shkurt 2012 Po i kthehem \u00e7\u00ebshtjes s\u00eb bashkimit komb\u00ebtar, t\u00eb Shqip\u00ebris\u00eb \u201cnatyrale\u201d ose t\u00eb Shqip\u00ebris\u00eb s\u00eb shqiptar\u00ebve (ose \u00e7far\u00ebdo tjet\u00ebr q\u00eb do t\u00eb duam ta quajm\u00eb), me mendimin se kjo \u00e7\u00ebshtje kurrsesi nuk duhet debatuar n\u00eb m\u00ebnyr\u00eb sentimentale, ose nga njer\u00ebz q\u00eb dalin n\u00eb podium t\u00eb mb\u00ebshtjell\u00eb me flamurin kuqezi. Doemos, [&hellip;]","og_url":"https:\/\/fjala.info\/2009-2015\/mjafton-deshira\/","og_site_name":"FjALA e LIR\u00cb - Arkivi","article_published_time":"2012-02-15T09:23:10+00:00","og_image":[{"url":"http:\/\/www.shkoder.net\/images\/fjala\/ardian_vehbiu.jpg","type":"","width":"","height":""}],"author":"admin","twitter_card":"summary_large_image","twitter_misc":{"Written by":"admin","Est. reading time":"6 minutes"},"schema":{"@context":"https:\/\/schema.org","@graph":[{"@type":"Article","@id":"https:\/\/fjala.info\/2009-2015\/mjafton-deshira\/#article","isPartOf":{"@id":"https:\/\/fjala.info\/2009-2015\/mjafton-deshira\/"},"author":{"name":"admin","@id":"https:\/\/fjala.info\/2009-2015\/#\/schema\/person\/3aa1163ef05469c496fc94e77611ada2"},"headline":"Mjafton d\u00ebshira","datePublished":"2012-02-15T09:23:10+00:00","mainEntityOfPage":{"@id":"https:\/\/fjala.info\/2009-2015\/mjafton-deshira\/"},"wordCount":1248,"commentCount":0,"publisher":{"@id":"https:\/\/fjala.info\/2009-2015\/#organization"},"image":{"@id":"https:\/\/fjala.info\/2009-2015\/mjafton-deshira\/#primaryimage"},"thumbnailUrl":"http:\/\/www.shkoder.net\/images\/fjala\/ardian_vehbiu.jpg","articleSection":["Artikuj"],"inLanguage":"sq-AL","potentialAction":[{"@type":"CommentAction","name":"Comment","target":["https:\/\/fjala.info\/2009-2015\/mjafton-deshira\/#respond"]}]},{"@type":"WebPage","@id":"https:\/\/fjala.info\/2009-2015\/mjafton-deshira\/","url":"https:\/\/fjala.info\/2009-2015\/mjafton-deshira\/","name":"Mjafton d\u00ebshira - FjALA e LIR\u00cb - Arkivi","isPartOf":{"@id":"https:\/\/fjala.info\/2009-2015\/#website"},"primaryImageOfPage":{"@id":"https:\/\/fjala.info\/2009-2015\/mjafton-deshira\/#primaryimage"},"image":{"@id":"https:\/\/fjala.info\/2009-2015\/mjafton-deshira\/#primaryimage"},"thumbnailUrl":"http:\/\/www.shkoder.net\/images\/fjala\/ardian_vehbiu.jpg","datePublished":"2012-02-15T09:23:10+00:00","breadcrumb":{"@id":"https:\/\/fjala.info\/2009-2015\/mjafton-deshira\/#breadcrumb"},"inLanguage":"sq-AL","potentialAction":[{"@type":"ReadAction","target":["https:\/\/fjala.info\/2009-2015\/mjafton-deshira\/"]}]},{"@type":"ImageObject","inLanguage":"sq-AL","@id":"https:\/\/fjala.info\/2009-2015\/mjafton-deshira\/#primaryimage","url":"http:\/\/www.shkoder.net\/images\/fjala\/ardian_vehbiu.jpg","contentUrl":"http:\/\/www.shkoder.net\/images\/fjala\/ardian_vehbiu.jpg"},{"@type":"BreadcrumbList","@id":"https:\/\/fjala.info\/2009-2015\/mjafton-deshira\/#breadcrumb","itemListElement":[{"@type":"ListItem","position":1,"name":"Home","item":"https:\/\/fjala.info\/2009-2015\/"},{"@type":"ListItem","position":2,"name":"Mjafton d\u00ebshira"}]},{"@type":"WebSite","@id":"https:\/\/fjala.info\/2009-2015\/#website","url":"https:\/\/fjala.info\/2009-2015\/","name":"FjALA e LIR\u00cb - Arkivi","description":"Arkivi 2009-2015","publisher":{"@id":"https:\/\/fjala.info\/2009-2015\/#organization"},"potentialAction":[{"@type":"SearchAction","target":{"@type":"EntryPoint","urlTemplate":"https:\/\/fjala.info\/2009-2015\/?s={search_term_string}"},"query-input":{"@type":"PropertyValueSpecification","valueRequired":true,"valueName":"search_term_string"}}],"inLanguage":"sq-AL"},{"@type":"Organization","@id":"https:\/\/fjala.info\/2009-2015\/#organization","name":"FjALA e LIR\u00cb - Arkivi","url":"https:\/\/fjala.info\/2009-2015\/","logo":{"@type":"ImageObject","inLanguage":"sq-AL","@id":"https:\/\/fjala.info\/2009-2015\/#\/schema\/logo\/image\/","url":"","contentUrl":"","caption":"FjALA e LIR\u00cb - Arkivi"},"image":{"@id":"https:\/\/fjala.info\/2009-2015\/#\/schema\/logo\/image\/"}},{"@type":"Person","@id":"https:\/\/fjala.info\/2009-2015\/#\/schema\/person\/3aa1163ef05469c496fc94e77611ada2","name":"admin","image":{"@type":"ImageObject","inLanguage":"sq-AL","@id":"https:\/\/fjala.info\/2009-2015\/wp-content\/uploads\/2012\/02\/arben_cokaj-120x150.jpg","url":"https:\/\/fjala.info\/2009-2015\/wp-content\/uploads\/2012\/02\/arben_cokaj-120x150.jpg","contentUrl":"https:\/\/fjala.info\/2009-2015\/wp-content\/uploads\/2012\/02\/arben_cokaj-120x150.jpg","caption":"admin"},"description":"Admin, Fjala e Lir\u00eb","sameAs":["https:\/\/fjala.info\/"],"url":"https:\/\/fjala.info\/2009-2015\/author\/admin\/"}]}},"_links":{"self":[{"href":"https:\/\/fjala.info\/2009-2015\/wp-json\/wp\/v2\/posts\/11697","targetHints":{"allow":["GET"]}}],"collection":[{"href":"https:\/\/fjala.info\/2009-2015\/wp-json\/wp\/v2\/posts"}],"about":[{"href":"https:\/\/fjala.info\/2009-2015\/wp-json\/wp\/v2\/types\/post"}],"author":[{"embeddable":true,"href":"https:\/\/fjala.info\/2009-2015\/wp-json\/wp\/v2\/users\/1"}],"replies":[{"embeddable":true,"href":"https:\/\/fjala.info\/2009-2015\/wp-json\/wp\/v2\/comments?post=11697"}],"version-history":[{"count":0,"href":"https:\/\/fjala.info\/2009-2015\/wp-json\/wp\/v2\/posts\/11697\/revisions"}],"wp:attachment":[{"href":"https:\/\/fjala.info\/2009-2015\/wp-json\/wp\/v2\/media?parent=11697"}],"wp:term":[{"taxonomy":"category","embeddable":true,"href":"https:\/\/fjala.info\/2009-2015\/wp-json\/wp\/v2\/categories?post=11697"},{"taxonomy":"post_tag","embeddable":true,"href":"https:\/\/fjala.info\/2009-2015\/wp-json\/wp\/v2\/tags?post=11697"}],"curies":[{"name":"wp","href":"https:\/\/api.w.org\/{rel}","templated":true}]}}