{"id":11696,"date":"2012-02-13T09:09:43","date_gmt":"2012-02-13T08:09:43","guid":{"rendered":"http:\/\/fjala.shkoder.net\/?p=1817"},"modified":"2012-02-13T09:09:43","modified_gmt":"2012-02-13T08:09:43","slug":"sali-berisha-nje-fatkeqesi-jonatyrore","status":"publish","type":"post","link":"https:\/\/fjala.info\/2009-2015\/sali-berisha-nje-fatkeqesi-jonatyrore\/","title":{"rendered":"Sali Berisha, nj\u00eb fatkeq\u00ebsi jonatyrore"},"content":{"rendered":"<p><img decoding=\"async\" class=\"alignright size-thumbnail wp-image-7236\" title=\"Mero Baze\" src=\"http:\/\/www.shkoder.net\/images\/fjala\/mero_baze1.jpg\" alt=\"\" width=\"150\" \/> Nga <strong>Mero Baze<\/strong>, <em>13 Shkurt 2012<\/em><\/p>\n<p>Gati gjysma e Shqip\u00ebris\u00eb \u00ebsht\u00eb n\u00ebn bor\u00eb dhe af\u00ebrsisht nj\u00eb e treta e popullsis\u00eb q\u00eb jeton n\u00eb ato territore \u00ebsht\u00eb e izoluar. N\u00eb veri duket se situata \u00ebsht\u00eb jasht\u00eb kontrollit dhe t\u00eb lutemi q\u00eb ata njer\u00ebz t\u2019i ruaj\u00eb Zoti dhe t\u00eb shp\u00ebtojn\u00eb veten.<\/p>\n<p>Nga ajri nuk mund t\u2019u shkojm\u00eb dot n\u00eb ndihm\u00eb pasi helikopter\u00ebt tan\u00eb t\u00eb vrasin dhe dit\u00ebn me diell. Nuk di ai i bleu Arben Imami helikopter\u00ebt p\u00ebr t\u00eb cil\u00ebt Berisha b\u00ebri pazar me Sarkozin\u00eb p\u00ebr gati 70 milion\u00eb euro, q\u00eb do t\u00eb ishin me rreze lazer p\u00ebr t\u00eb udh\u00ebtuar nat\u00ebn dhe p\u00ebr t\u00eb dep\u00ebrtuar n\u00eb koh\u00eb t\u00eb keqe, por di q\u00eb \u201cka\u00e7ator\u00ebt\u201d, t\u00eb cil\u00ebt i p\u00ebrdorin r\u00ebndom ministrat p\u00ebr t\u00eb shkuar tek vjehrra kur e kan\u00eb nga ndonj\u00eb fshat i thell\u00eb, nuk u \u00e7ojn\u00eb dot buk\u00eb dhe ila\u00e7e shqiptar\u00ebve t\u00eb izoluar. Gjith\u00eb ajo q\u00eb mund t\u00eb quhet flot\u00eb ajrore e nj\u00eb vendi an\u00ebtar t\u00eb NATO-s\u00eb d\u00ebshtoi qysh n\u00eb d\u00ebbor\u00ebn e par\u00eb.<\/p>\n<p>Si vend an\u00ebtar i NATO-s, duhet t\u00eb na vinin n\u00eb ndihm\u00eb helikopter\u00eb special\u00eb apo ndihma, por ato nuk po duken pasi nj\u00eb vend i NATO-s\u00eb nuk mund t\u00eb mbytet e t\u00eb izolohet k\u00ebshtu nga nj\u00eb furtun\u00eb d\u00ebbore. NATO ka dhjet\u00ebra vende q\u00eb e kan\u00eb situat\u00eb t\u00eb p\u00ebrvitshme d\u00ebbor\u00ebn dhe me sa duket nuk e kupton dot ende pse njer\u00ebzit tan\u00eb po vdesin t\u00eb vetmuar n\u00ebn d\u00ebbor\u00eb. Shteti shqiptar dhe mund t\u2019ua kujtonte, por p\u00ebr shkak t\u00eb problemeve politike q\u00eb ka krijuar me lidershipin e NATO-s, i mungon d\u00ebshira e komunikimit me t\u00eb. \u00c7do vend an\u00ebtar i NATO-s \u2013 ato vende q\u00eb meritojn\u00eb t\u00eb jen\u00eb t\u00eb tilla- s\u2019do ta kishin kurr\u00eb problem k\u00ebt\u00eb situat\u00eb, p\u00ebrve\u00e7 vendit ton\u00eb, i cili si \u00e7do gj\u00eb dhe an\u00ebtar\u00ebsimin n\u00eb NATO e ka fallco.<\/p>\n<p>Nga toka nuk po u shkojm\u00eb dot n\u00eb ndihm\u00eb. Rruga q\u00eb na kushtoi 1.5 miliard euro p\u00ebr t\u00eb mbushur xhepat e Familjes s\u00eb regjimit nuk na \u00e7on dot gjall\u00eb as deri n\u00eb Kuk\u00ebs. M\u00eb i sigurt \u00ebsht\u00eb njeriu n\u00eb Bjeshk\u00ebt e Rugov\u00ebs n\u00eb Kosov\u00eb n\u00eb rrug\u00eb malore, ku rruga \u00ebsht\u00eb e pastruar, se sa n\u00eb autostrad\u00ebn q\u00eb quhet p\u00ebr ironi \u201cRruga e Kombit\u201d dhe \u00ebsht\u00eb e mbushur me d\u00ebbor\u00eb dhe akull si rrug\u00eb dhish n\u00eb malet e Tropoj\u00ebs. Me 1.5 miliard p\u00ebr t\u00eb mos arritur dot as n\u00eb Kuk\u00ebs, nuk do t\u2019i dilte dot as nj\u00eb fatkeq\u00ebsi natyrore p\u00ebr t\u00eb na penguar, p\u00ebrve\u00e7 fatkeq\u00ebsis\u00eb son\u00eb janatyrore, Sali Berish\u00ebs.<\/p>\n<p>Kompanit\u00eb q\u00eb mir\u00ebmbajn\u00eb rrug\u00ebt jan\u00eb kompani klienteliste t\u00eb familjes s\u00eb Sali Berish\u00ebs dhe tashm\u00eb duket qart\u00eb q\u00eb ato nuk asnj\u00eb makin\u00eb bor\u00ebpastruese ve\u00e7 ndonj\u00eb ekskavatori t\u00eb prishur q\u00eb m\u00eb shum\u00eb e shkat\u00ebrron rrug\u00ebn se sa heq d\u00ebbor\u00ebn. Rrug\u00ebt e tjera ve\u00e7 autostrad\u00ebs jan\u00eb t\u00ebr\u00ebsisht t\u00eb bllokuara dhe pa asnj\u00eb plan mir\u00ebmbajtjeje, nd\u00ebrsa p\u00ebr rrug\u00ebt rurale as q\u00eb b\u00ebhet fjal\u00eb. Kryeministri q\u00eb thot\u00eb se ka b\u00ebr\u00eb 8 mij\u00eb kilometra rrug\u00eb rurale, tani nuk gjen dot rrug\u00ebn p\u00ebr n\u00eb fshat t\u00eb vet, pasi i ka humbur n\u00ebn d\u00ebbor\u00ebn q\u00eb nuk ka kush ta pastroj\u00eb. Mjaftoi nj\u00eb d\u00ebbor\u00eb p\u00ebr t\u00eb kuptuar se kush na qeveris.<\/p>\n<p>Nga ekranet e TV nuk u shkojm\u00eb dot n\u00eb ndihm\u00eb. Shum\u00eb prej tyre tashm\u00eb jan\u00eb n\u00eb pushtetin e territ, por dhe ata q\u00eb kan\u00eb ende energji elektrike, shpresoj mos t\u00eb hapin TV dhe t\u00eb shikojn\u00eb lajmet. Nuk ka m\u00eb keq se sa njer\u00ebzit q\u00eb vdesin n\u00ebn t\u00eb ftoht\u00eb dhe shikojn\u00eb kryeministrin si u tregon p\u00ebrralla me ngrohje t\u00eb bollshme q\u00eb do t\u00eb vij\u00eb n\u00eb Shqip\u00ebri n\u00eb vitin 2017, kur nj\u00eb batak\u00e7i i tipi Aliyev do t\u00eb b\u00ebj\u00eb sipas Berish\u00ebs gazsjell\u00ebsin p\u00ebr Shqip\u00ebrin\u00eb. T\u00eb t\u00eb vdesin f\u00ebmij\u00ebt n\u00ebn d\u00ebbor\u00eb dhe t\u00eb d\u00ebgjosh p\u00ebrralla me superfuqi energjetike, \u00ebsht\u00eb krim. Nuk ka m\u00eb krim se sa njer\u00ebz q\u00eb han\u00eb misra t\u00eb zier dhe ndoshta ziejn\u00eb l\u00ebvore pishe t\u00eb shikojn\u00eb n\u00eb ekran kryeministrin se si flet p\u00ebr nj\u00eb axhend\u00eb festash t\u00eb bujshme, ku do ket\u00eb gj\u00ebra si n\u00eb p\u00ebrralla, si\u00e7 di t\u00eb p\u00ebrrallis\u00eb t\u00eb tilla kryeministri.<\/p>\n<p>Shpresoj m\u00eb mir\u00eb t\u00eb mos ken\u00eb drita, pasi jemi t\u00eb pafuqish\u00ebm qoft\u00eb dhe p\u00ebr dy jav\u00eb t\u00eb fatkeq\u00ebsis\u00eb s\u00eb tyre, t\u00eb ndalim Sali Berish\u00ebn nga pushtimi i ekraneve dhe t\u2019i p\u00ebrdorim ato p\u00ebr tu shkuar n\u00eb ndihm\u00eb psikologjike s\u00eb paku njer\u00ebzve t\u00eb izoluar. Mbi t\u00eb gjitha uroj mos t\u00eb ken\u00eb par\u00eb Sali Berish\u00ebn kur foli p\u00ebr vizionin e tij mbi k\u00ebt\u00eb fatkeq\u00ebsi, q\u00eb bazohej tek rr\u00ebfimi i nj\u00eb miku t\u00eb tij q\u00eb kishte par\u00eb \u00e7atit\u00eb me bor\u00eb dhe tregimet e gjyshit t\u00eb tij p\u00ebr orteqet. Ky njeri as n\u00eb dit\u00ebt m\u00eb t\u00eb zeza t\u00eb qeverisjes s\u00eb tij nuk drejton shtetin me strukturat e shtetit, nuk u flet qytetar\u00ebve n\u00eb em\u00ebr t\u00eb shtetit, por n\u00eb tregime rast\u00ebsore miqsh, familjar\u00ebsh apo n\u00eb kujtime idiote t\u00eb fokusuara n\u00eb memorien e tij.<\/p>\n<p>Atij i mungon ende kultura e t\u00eb folurit si shtetar para qytetar\u00ebve n\u00eb nevoj\u00eb. Mjafton ta d\u00ebgjoje p\u00ebr t\u00eb kuptuar se ai \u00ebsht\u00eb nj\u00eb fatkeq\u00ebsi jonatyrore, e cila ka z\u00ebn\u00eb rr\u00ebnj\u00eb n\u00eb k\u00ebt\u00eb vend dhe \u00ebsht\u00eb m\u00eb jet\u00ebgjat\u00eb se fatkeq\u00ebsia natyrore e d\u00ebbor\u00ebs, e cila ik\u00ebn bashk\u00eb me marsin. Mjafton ta shikosh si flet, si sillet me k\u00ebt\u00eb fatkeq\u00ebsi dhe \u00e7far\u00eb vizioni ka p\u00ebr t\u00eb kuptuar se ai \u00ebsht\u00eb nj\u00eb fatkeq\u00ebsi m\u00eb e madhe se d\u00ebbora. Kjo e fundit ik\u00ebn sapo shfaqet pranvera. Kurse ky ka nevoj\u00eb p\u00ebr nj\u00eb Pranver\u00eb Shqiptare dhe nj\u00eb ortek zem\u00ebrimi q\u00eb t\u2019i jap\u00eb kuptim Pranver\u00ebs Shqiptare.<\/p>\n","protected":false},"excerpt":{"rendered":"<p>Nga Mero Baze, 13 Shkurt 2012 Gati gjysma e Shqip\u00ebris\u00eb \u00ebsht\u00eb n\u00ebn bor\u00eb dhe af\u00ebrsisht nj\u00eb e treta e popullsis\u00eb q\u00eb jeton n\u00eb ato territore \u00ebsht\u00eb e izoluar. N\u00eb veri duket se situata \u00ebsht\u00eb jasht\u00eb kontrollit dhe t\u00eb lutemi q\u00eb ata njer\u00ebz t\u2019i ruaj\u00eb Zoti dhe t\u00eb shp\u00ebtojn\u00eb veten. Nga ajri nuk mund t\u2019u shkojm\u00eb [&hellip;]<\/p>\n","protected":false},"author":1,"featured_media":0,"comment_status":"open","ping_status":"closed","sticky":false,"template":"","format":"standard","meta":{"footnotes":""},"categories":[2],"tags":[],"class_list":{"0":"post-11696","1":"post","2":"type-post","3":"status-publish","4":"format-standard","6":"category-artikuj"},"yoast_head":"<!-- This site is optimized with the Yoast SEO plugin v27.4 - https:\/\/yoast.com\/product\/yoast-seo-wordpress\/ -->\n<title>Sali Berisha, nj\u00eb fatkeq\u00ebsi jonatyrore - FjALA e LIR\u00cb - Arkivi<\/title>\n<meta name=\"robots\" content=\"index, follow, max-snippet:-1, max-image-preview:large, max-video-preview:-1\" \/>\n<link rel=\"canonical\" href=\"https:\/\/fjala.info\/2009-2015\/sali-berisha-nje-fatkeqesi-jonatyrore\/\" \/>\n<meta property=\"og:locale\" content=\"sq_AL\" \/>\n<meta property=\"og:type\" content=\"article\" \/>\n<meta property=\"og:title\" content=\"Sali Berisha, nj\u00eb fatkeq\u00ebsi jonatyrore - FjALA e LIR\u00cb - Arkivi\" \/>\n<meta property=\"og:description\" content=\"Nga Mero Baze, 13 Shkurt 2012 Gati gjysma e Shqip\u00ebris\u00eb \u00ebsht\u00eb n\u00ebn bor\u00eb dhe af\u00ebrsisht nj\u00eb e treta e popullsis\u00eb q\u00eb jeton n\u00eb ato territore \u00ebsht\u00eb e izoluar. N\u00eb veri duket se situata \u00ebsht\u00eb jasht\u00eb kontrollit dhe t\u00eb lutemi q\u00eb ata njer\u00ebz t\u2019i ruaj\u00eb Zoti dhe t\u00eb shp\u00ebtojn\u00eb veten. Nga ajri nuk mund t\u2019u shkojm\u00eb [&hellip;]\" \/>\n<meta property=\"og:url\" content=\"https:\/\/fjala.info\/2009-2015\/sali-berisha-nje-fatkeqesi-jonatyrore\/\" \/>\n<meta property=\"og:site_name\" content=\"FjALA e LIR\u00cb - Arkivi\" \/>\n<meta property=\"article:published_time\" content=\"2012-02-13T08:09:43+00:00\" \/>\n<meta property=\"og:image\" content=\"http:\/\/www.shkoder.net\/images\/fjala\/mero_baze1.jpg\" \/>\n<meta name=\"author\" content=\"admin\" \/>\n<meta name=\"twitter:card\" content=\"summary_large_image\" \/>\n<meta name=\"twitter:label1\" content=\"Written by\" \/>\n\t<meta name=\"twitter:data1\" content=\"admin\" \/>\n\t<meta name=\"twitter:label2\" content=\"Est. reading time\" \/>\n\t<meta name=\"twitter:data2\" content=\"5 minutes\" \/>\n<script type=\"application\/ld+json\" class=\"yoast-schema-graph\">{\"@context\":\"https:\\\/\\\/schema.org\",\"@graph\":[{\"@type\":\"Article\",\"@id\":\"https:\\\/\\\/fjala.info\\\/2009-2015\\\/sali-berisha-nje-fatkeqesi-jonatyrore\\\/#article\",\"isPartOf\":{\"@id\":\"https:\\\/\\\/fjala.info\\\/2009-2015\\\/sali-berisha-nje-fatkeqesi-jonatyrore\\\/\"},\"author\":{\"name\":\"admin\",\"@id\":\"https:\\\/\\\/fjala.info\\\/2009-2015\\\/#\\\/schema\\\/person\\\/3aa1163ef05469c496fc94e77611ada2\"},\"headline\":\"Sali Berisha, nj\u00eb fatkeq\u00ebsi jonatyrore\",\"datePublished\":\"2012-02-13T08:09:43+00:00\",\"mainEntityOfPage\":{\"@id\":\"https:\\\/\\\/fjala.info\\\/2009-2015\\\/sali-berisha-nje-fatkeqesi-jonatyrore\\\/\"},\"wordCount\":1021,\"commentCount\":0,\"publisher\":{\"@id\":\"https:\\\/\\\/fjala.info\\\/2009-2015\\\/#organization\"},\"image\":{\"@id\":\"https:\\\/\\\/fjala.info\\\/2009-2015\\\/sali-berisha-nje-fatkeqesi-jonatyrore\\\/#primaryimage\"},\"thumbnailUrl\":\"http:\\\/\\\/www.shkoder.net\\\/images\\\/fjala\\\/mero_baze1.jpg\",\"articleSection\":[\"Artikuj\"],\"inLanguage\":\"sq-AL\",\"potentialAction\":[{\"@type\":\"CommentAction\",\"name\":\"Comment\",\"target\":[\"https:\\\/\\\/fjala.info\\\/2009-2015\\\/sali-berisha-nje-fatkeqesi-jonatyrore\\\/#respond\"]}]},{\"@type\":\"WebPage\",\"@id\":\"https:\\\/\\\/fjala.info\\\/2009-2015\\\/sali-berisha-nje-fatkeqesi-jonatyrore\\\/\",\"url\":\"https:\\\/\\\/fjala.info\\\/2009-2015\\\/sali-berisha-nje-fatkeqesi-jonatyrore\\\/\",\"name\":\"Sali Berisha, nj\u00eb fatkeq\u00ebsi jonatyrore - FjALA e LIR\u00cb - Arkivi\",\"isPartOf\":{\"@id\":\"https:\\\/\\\/fjala.info\\\/2009-2015\\\/#website\"},\"primaryImageOfPage\":{\"@id\":\"https:\\\/\\\/fjala.info\\\/2009-2015\\\/sali-berisha-nje-fatkeqesi-jonatyrore\\\/#primaryimage\"},\"image\":{\"@id\":\"https:\\\/\\\/fjala.info\\\/2009-2015\\\/sali-berisha-nje-fatkeqesi-jonatyrore\\\/#primaryimage\"},\"thumbnailUrl\":\"http:\\\/\\\/www.shkoder.net\\\/images\\\/fjala\\\/mero_baze1.jpg\",\"datePublished\":\"2012-02-13T08:09:43+00:00\",\"breadcrumb\":{\"@id\":\"https:\\\/\\\/fjala.info\\\/2009-2015\\\/sali-berisha-nje-fatkeqesi-jonatyrore\\\/#breadcrumb\"},\"inLanguage\":\"sq-AL\",\"potentialAction\":[{\"@type\":\"ReadAction\",\"target\":[\"https:\\\/\\\/fjala.info\\\/2009-2015\\\/sali-berisha-nje-fatkeqesi-jonatyrore\\\/\"]}]},{\"@type\":\"ImageObject\",\"inLanguage\":\"sq-AL\",\"@id\":\"https:\\\/\\\/fjala.info\\\/2009-2015\\\/sali-berisha-nje-fatkeqesi-jonatyrore\\\/#primaryimage\",\"url\":\"http:\\\/\\\/www.shkoder.net\\\/images\\\/fjala\\\/mero_baze1.jpg\",\"contentUrl\":\"http:\\\/\\\/www.shkoder.net\\\/images\\\/fjala\\\/mero_baze1.jpg\"},{\"@type\":\"BreadcrumbList\",\"@id\":\"https:\\\/\\\/fjala.info\\\/2009-2015\\\/sali-berisha-nje-fatkeqesi-jonatyrore\\\/#breadcrumb\",\"itemListElement\":[{\"@type\":\"ListItem\",\"position\":1,\"name\":\"Home\",\"item\":\"https:\\\/\\\/fjala.info\\\/2009-2015\\\/\"},{\"@type\":\"ListItem\",\"position\":2,\"name\":\"Sali Berisha, nj\u00eb fatkeq\u00ebsi jonatyrore\"}]},{\"@type\":\"WebSite\",\"@id\":\"https:\\\/\\\/fjala.info\\\/2009-2015\\\/#website\",\"url\":\"https:\\\/\\\/fjala.info\\\/2009-2015\\\/\",\"name\":\"FjALA e LIR\u00cb - Arkivi\",\"description\":\"Arkivi 2009-2015\",\"publisher\":{\"@id\":\"https:\\\/\\\/fjala.info\\\/2009-2015\\\/#organization\"},\"potentialAction\":[{\"@type\":\"SearchAction\",\"target\":{\"@type\":\"EntryPoint\",\"urlTemplate\":\"https:\\\/\\\/fjala.info\\\/2009-2015\\\/?s={search_term_string}\"},\"query-input\":{\"@type\":\"PropertyValueSpecification\",\"valueRequired\":true,\"valueName\":\"search_term_string\"}}],\"inLanguage\":\"sq-AL\"},{\"@type\":\"Organization\",\"@id\":\"https:\\\/\\\/fjala.info\\\/2009-2015\\\/#organization\",\"name\":\"FjALA e LIR\u00cb - Arkivi\",\"url\":\"https:\\\/\\\/fjala.info\\\/2009-2015\\\/\",\"logo\":{\"@type\":\"ImageObject\",\"inLanguage\":\"sq-AL\",\"@id\":\"https:\\\/\\\/fjala.info\\\/2009-2015\\\/#\\\/schema\\\/logo\\\/image\\\/\",\"url\":\"\",\"contentUrl\":\"\",\"caption\":\"FjALA e LIR\u00cb - Arkivi\"},\"image\":{\"@id\":\"https:\\\/\\\/fjala.info\\\/2009-2015\\\/#\\\/schema\\\/logo\\\/image\\\/\"}},{\"@type\":\"Person\",\"@id\":\"https:\\\/\\\/fjala.info\\\/2009-2015\\\/#\\\/schema\\\/person\\\/3aa1163ef05469c496fc94e77611ada2\",\"name\":\"admin\",\"image\":{\"@type\":\"ImageObject\",\"inLanguage\":\"sq-AL\",\"@id\":\"https:\\\/\\\/fjala.info\\\/2009-2015\\\/wp-content\\\/uploads\\\/2012\\\/02\\\/arben_cokaj-120x150.jpg\",\"url\":\"https:\\\/\\\/fjala.info\\\/2009-2015\\\/wp-content\\\/uploads\\\/2012\\\/02\\\/arben_cokaj-120x150.jpg\",\"contentUrl\":\"https:\\\/\\\/fjala.info\\\/2009-2015\\\/wp-content\\\/uploads\\\/2012\\\/02\\\/arben_cokaj-120x150.jpg\",\"caption\":\"admin\"},\"description\":\"Admin, Fjala e Lir\u00eb\",\"sameAs\":[\"https:\\\/\\\/fjala.info\\\/\"],\"url\":\"https:\\\/\\\/fjala.info\\\/2009-2015\\\/author\\\/admin\\\/\"}]}<\/script>\n<!-- \/ Yoast SEO plugin. -->","yoast_head_json":{"title":"Sali Berisha, nj\u00eb fatkeq\u00ebsi jonatyrore - FjALA e LIR\u00cb - Arkivi","robots":{"index":"index","follow":"follow","max-snippet":"max-snippet:-1","max-image-preview":"max-image-preview:large","max-video-preview":"max-video-preview:-1"},"canonical":"https:\/\/fjala.info\/2009-2015\/sali-berisha-nje-fatkeqesi-jonatyrore\/","og_locale":"sq_AL","og_type":"article","og_title":"Sali Berisha, nj\u00eb fatkeq\u00ebsi jonatyrore - FjALA e LIR\u00cb - Arkivi","og_description":"Nga Mero Baze, 13 Shkurt 2012 Gati gjysma e Shqip\u00ebris\u00eb \u00ebsht\u00eb n\u00ebn bor\u00eb dhe af\u00ebrsisht nj\u00eb e treta e popullsis\u00eb q\u00eb jeton n\u00eb ato territore \u00ebsht\u00eb e izoluar. N\u00eb veri duket se situata \u00ebsht\u00eb jasht\u00eb kontrollit dhe t\u00eb lutemi q\u00eb ata njer\u00ebz t\u2019i ruaj\u00eb Zoti dhe t\u00eb shp\u00ebtojn\u00eb veten. Nga ajri nuk mund t\u2019u shkojm\u00eb [&hellip;]","og_url":"https:\/\/fjala.info\/2009-2015\/sali-berisha-nje-fatkeqesi-jonatyrore\/","og_site_name":"FjALA e LIR\u00cb - Arkivi","article_published_time":"2012-02-13T08:09:43+00:00","og_image":[{"url":"http:\/\/www.shkoder.net\/images\/fjala\/mero_baze1.jpg","type":"","width":"","height":""}],"author":"admin","twitter_card":"summary_large_image","twitter_misc":{"Written by":"admin","Est. reading time":"5 minutes"},"schema":{"@context":"https:\/\/schema.org","@graph":[{"@type":"Article","@id":"https:\/\/fjala.info\/2009-2015\/sali-berisha-nje-fatkeqesi-jonatyrore\/#article","isPartOf":{"@id":"https:\/\/fjala.info\/2009-2015\/sali-berisha-nje-fatkeqesi-jonatyrore\/"},"author":{"name":"admin","@id":"https:\/\/fjala.info\/2009-2015\/#\/schema\/person\/3aa1163ef05469c496fc94e77611ada2"},"headline":"Sali Berisha, nj\u00eb fatkeq\u00ebsi jonatyrore","datePublished":"2012-02-13T08:09:43+00:00","mainEntityOfPage":{"@id":"https:\/\/fjala.info\/2009-2015\/sali-berisha-nje-fatkeqesi-jonatyrore\/"},"wordCount":1021,"commentCount":0,"publisher":{"@id":"https:\/\/fjala.info\/2009-2015\/#organization"},"image":{"@id":"https:\/\/fjala.info\/2009-2015\/sali-berisha-nje-fatkeqesi-jonatyrore\/#primaryimage"},"thumbnailUrl":"http:\/\/www.shkoder.net\/images\/fjala\/mero_baze1.jpg","articleSection":["Artikuj"],"inLanguage":"sq-AL","potentialAction":[{"@type":"CommentAction","name":"Comment","target":["https:\/\/fjala.info\/2009-2015\/sali-berisha-nje-fatkeqesi-jonatyrore\/#respond"]}]},{"@type":"WebPage","@id":"https:\/\/fjala.info\/2009-2015\/sali-berisha-nje-fatkeqesi-jonatyrore\/","url":"https:\/\/fjala.info\/2009-2015\/sali-berisha-nje-fatkeqesi-jonatyrore\/","name":"Sali Berisha, nj\u00eb fatkeq\u00ebsi jonatyrore - FjALA e LIR\u00cb - Arkivi","isPartOf":{"@id":"https:\/\/fjala.info\/2009-2015\/#website"},"primaryImageOfPage":{"@id":"https:\/\/fjala.info\/2009-2015\/sali-berisha-nje-fatkeqesi-jonatyrore\/#primaryimage"},"image":{"@id":"https:\/\/fjala.info\/2009-2015\/sali-berisha-nje-fatkeqesi-jonatyrore\/#primaryimage"},"thumbnailUrl":"http:\/\/www.shkoder.net\/images\/fjala\/mero_baze1.jpg","datePublished":"2012-02-13T08:09:43+00:00","breadcrumb":{"@id":"https:\/\/fjala.info\/2009-2015\/sali-berisha-nje-fatkeqesi-jonatyrore\/#breadcrumb"},"inLanguage":"sq-AL","potentialAction":[{"@type":"ReadAction","target":["https:\/\/fjala.info\/2009-2015\/sali-berisha-nje-fatkeqesi-jonatyrore\/"]}]},{"@type":"ImageObject","inLanguage":"sq-AL","@id":"https:\/\/fjala.info\/2009-2015\/sali-berisha-nje-fatkeqesi-jonatyrore\/#primaryimage","url":"http:\/\/www.shkoder.net\/images\/fjala\/mero_baze1.jpg","contentUrl":"http:\/\/www.shkoder.net\/images\/fjala\/mero_baze1.jpg"},{"@type":"BreadcrumbList","@id":"https:\/\/fjala.info\/2009-2015\/sali-berisha-nje-fatkeqesi-jonatyrore\/#breadcrumb","itemListElement":[{"@type":"ListItem","position":1,"name":"Home","item":"https:\/\/fjala.info\/2009-2015\/"},{"@type":"ListItem","position":2,"name":"Sali Berisha, nj\u00eb fatkeq\u00ebsi jonatyrore"}]},{"@type":"WebSite","@id":"https:\/\/fjala.info\/2009-2015\/#website","url":"https:\/\/fjala.info\/2009-2015\/","name":"FjALA e LIR\u00cb - Arkivi","description":"Arkivi 2009-2015","publisher":{"@id":"https:\/\/fjala.info\/2009-2015\/#organization"},"potentialAction":[{"@type":"SearchAction","target":{"@type":"EntryPoint","urlTemplate":"https:\/\/fjala.info\/2009-2015\/?s={search_term_string}"},"query-input":{"@type":"PropertyValueSpecification","valueRequired":true,"valueName":"search_term_string"}}],"inLanguage":"sq-AL"},{"@type":"Organization","@id":"https:\/\/fjala.info\/2009-2015\/#organization","name":"FjALA e LIR\u00cb - Arkivi","url":"https:\/\/fjala.info\/2009-2015\/","logo":{"@type":"ImageObject","inLanguage":"sq-AL","@id":"https:\/\/fjala.info\/2009-2015\/#\/schema\/logo\/image\/","url":"","contentUrl":"","caption":"FjALA e LIR\u00cb - Arkivi"},"image":{"@id":"https:\/\/fjala.info\/2009-2015\/#\/schema\/logo\/image\/"}},{"@type":"Person","@id":"https:\/\/fjala.info\/2009-2015\/#\/schema\/person\/3aa1163ef05469c496fc94e77611ada2","name":"admin","image":{"@type":"ImageObject","inLanguage":"sq-AL","@id":"https:\/\/fjala.info\/2009-2015\/wp-content\/uploads\/2012\/02\/arben_cokaj-120x150.jpg","url":"https:\/\/fjala.info\/2009-2015\/wp-content\/uploads\/2012\/02\/arben_cokaj-120x150.jpg","contentUrl":"https:\/\/fjala.info\/2009-2015\/wp-content\/uploads\/2012\/02\/arben_cokaj-120x150.jpg","caption":"admin"},"description":"Admin, Fjala e Lir\u00eb","sameAs":["https:\/\/fjala.info\/"],"url":"https:\/\/fjala.info\/2009-2015\/author\/admin\/"}]}},"_links":{"self":[{"href":"https:\/\/fjala.info\/2009-2015\/wp-json\/wp\/v2\/posts\/11696","targetHints":{"allow":["GET"]}}],"collection":[{"href":"https:\/\/fjala.info\/2009-2015\/wp-json\/wp\/v2\/posts"}],"about":[{"href":"https:\/\/fjala.info\/2009-2015\/wp-json\/wp\/v2\/types\/post"}],"author":[{"embeddable":true,"href":"https:\/\/fjala.info\/2009-2015\/wp-json\/wp\/v2\/users\/1"}],"replies":[{"embeddable":true,"href":"https:\/\/fjala.info\/2009-2015\/wp-json\/wp\/v2\/comments?post=11696"}],"version-history":[{"count":0,"href":"https:\/\/fjala.info\/2009-2015\/wp-json\/wp\/v2\/posts\/11696\/revisions"}],"wp:attachment":[{"href":"https:\/\/fjala.info\/2009-2015\/wp-json\/wp\/v2\/media?parent=11696"}],"wp:term":[{"taxonomy":"category","embeddable":true,"href":"https:\/\/fjala.info\/2009-2015\/wp-json\/wp\/v2\/categories?post=11696"},{"taxonomy":"post_tag","embeddable":true,"href":"https:\/\/fjala.info\/2009-2015\/wp-json\/wp\/v2\/tags?post=11696"}],"curies":[{"name":"wp","href":"https:\/\/api.w.org\/{rel}","templated":true}]}}