{"id":11695,"date":"2012-02-14T23:59:57","date_gmt":"2012-02-14T22:59:57","guid":{"rendered":"http:\/\/fjala.shkoder.net\/?p=1804"},"modified":"2012-02-14T23:59:57","modified_gmt":"2012-02-14T22:59:57","slug":"pergatituni-per-nje-blackout-te-gjate","status":"publish","type":"post","link":"https:\/\/fjala.info\/2009-2015\/pergatituni-per-nje-blackout-te-gjate\/","title":{"rendered":"P\u00ebrgatituni p\u00ebr nj\u00eb blackout t\u00eb gjat\u00eb!"},"content":{"rendered":"<p><img decoding=\"async\" class=\"alignright size-thumbnail wp-image-7236\" title=\"Blackout\" src=\"http:\/\/www.shkoder.net\/2012\/blackout.jpg\" alt=\"\" width=\"300\" \/> <strong>ResPublica.al<\/strong>, <em>14 shkurt 2012<\/em><\/p>\n<p>Nd\u00ebrprerjet e energjis\u00eb, q\u00eb prej dit\u00ebsh jan\u00eb b\u00ebr\u00eb rutinore, do t\u00eb b\u00ebhen m\u00eb t\u00eb shpeshta. Mund t\u00eb thuhet se kriza energjitike vet\u00ebm sa ka filluar. Arsyeja nuk \u00ebsht\u00eb vetwm mungesa e parave (qeveria ka prekur fondin e kontingjenc\u00ebs p\u00ebr t\u2019i ardhur n\u00eb ndihm\u00eb KESH-it n\u00eb nevoj\u00eb e p\u00ebr t\u00eb p\u00ebrballuar emergjenc\u00ebn e motit), por dhe \u00e7orientimi i tregut energjitik n\u00eb rajon. Bullgaria dhe Rumania kan\u00eb ndaluar totalisht eksportin, nd\u00ebrsa Serbia dhe Maqedonia nuk lejojn\u00eb m\u00eb transmetimin e energjis\u00eb nga rrjetet e tyre (KESH-i n\u00eb shkurt nuk arriti t\u00eb blej\u00eb dot asnj\u00eb kilowat, pasi nuk pati ofert\u00eb shitjeje). P\u00ebr k\u00ebt\u00ebshkak, \u00e7mimi i energjis\u00eb ka arritur nivelet maksimale, 100 euro p\u00ebr mega.<\/p>\n<p>Sipas Top-channel-it, Shqip\u00ebria importon per momentin rreth 12 milion\u00eb kilowat or\u00eb n\u00eb dit\u00eb, pjesa m\u00eb e madhe e kontraktuar nga CEZ-i; dhe t\u00eb dy kompanit\u00eb, CEZ dhe KESH, kan\u00eb kontrata q\u00eb u skadojn\u00eb n\u00eb fundit t\u00eb muajit. N\u00ebse reshjet e d\u00ebbor\u00ebs zgjatin dhe tregu mbetet i mbyllur, at\u00ebher\u00eb Shqip\u00ebria mund t\u00eb p\u00ebrballet me nd\u00ebrprerje energjie. Kjo pasi rezervat hidrike n\u00eb vend jan\u00eb n\u00eb minimum. Niveli i ujit n\u00eb Fierz\u00eb \u00ebsht\u00eb vet\u00ebm 259 metra dhe vazhdon t\u00eb ulet, sepse KESH po detyrohet t\u00eb prodhoj\u00eb me ritme t\u00eb larta, p\u00ebr t\u00eb kompensuar munges\u00ebn e importit.<\/p>\n<p>Re.Pu.<\/p>\n","protected":false},"excerpt":{"rendered":"<p>ResPublica.al, 14 shkurt 2012 Nd\u00ebrprerjet e energjis\u00eb, q\u00eb prej dit\u00ebsh jan\u00eb b\u00ebr\u00eb rutinore, do t\u00eb b\u00ebhen m\u00eb t\u00eb shpeshta. Mund t\u00eb thuhet se kriza energjitike vet\u00ebm sa ka filluar. Arsyeja nuk \u00ebsht\u00eb vetwm mungesa e parave (qeveria ka prekur fondin e kontingjenc\u00ebs p\u00ebr t\u2019i ardhur n\u00eb ndihm\u00eb KESH-it n\u00eb nevoj\u00eb e p\u00ebr t\u00eb p\u00ebrballuar emergjenc\u00ebn [&hellip;]<\/p>\n","protected":false},"author":1,"featured_media":0,"comment_status":"open","ping_status":"closed","sticky":false,"template":"","format":"standard","meta":{"footnotes":""},"categories":[2,5],"tags":[],"class_list":{"0":"post-11695","1":"post","2":"type-post","3":"status-publish","4":"format-standard","6":"category-artikuj","7":"category-lajme"},"yoast_head":"<!-- This site is optimized with the Yoast SEO plugin v27.4 - https:\/\/yoast.com\/product\/yoast-seo-wordpress\/ -->\n<title>P\u00ebrgatituni p\u00ebr nj\u00eb blackout t\u00eb gjat\u00eb! - FjALA e LIR\u00cb - Arkivi<\/title>\n<meta name=\"robots\" content=\"index, follow, max-snippet:-1, max-image-preview:large, max-video-preview:-1\" \/>\n<link rel=\"canonical\" href=\"https:\/\/fjala.info\/2009-2015\/pergatituni-per-nje-blackout-te-gjate\/\" \/>\n<meta property=\"og:locale\" content=\"sq_AL\" \/>\n<meta property=\"og:type\" content=\"article\" \/>\n<meta property=\"og:title\" content=\"P\u00ebrgatituni p\u00ebr nj\u00eb blackout t\u00eb gjat\u00eb! - FjALA e LIR\u00cb - Arkivi\" \/>\n<meta property=\"og:description\" content=\"ResPublica.al, 14 shkurt 2012 Nd\u00ebrprerjet e energjis\u00eb, q\u00eb prej dit\u00ebsh jan\u00eb b\u00ebr\u00eb rutinore, do t\u00eb b\u00ebhen m\u00eb t\u00eb shpeshta. Mund t\u00eb thuhet se kriza energjitike vet\u00ebm sa ka filluar. Arsyeja nuk \u00ebsht\u00eb vetwm mungesa e parave (qeveria ka prekur fondin e kontingjenc\u00ebs p\u00ebr t\u2019i ardhur n\u00eb ndihm\u00eb KESH-it n\u00eb nevoj\u00eb e p\u00ebr t\u00eb p\u00ebrballuar emergjenc\u00ebn [&hellip;]\" \/>\n<meta property=\"og:url\" content=\"https:\/\/fjala.info\/2009-2015\/pergatituni-per-nje-blackout-te-gjate\/\" \/>\n<meta property=\"og:site_name\" content=\"FjALA e LIR\u00cb - Arkivi\" \/>\n<meta property=\"article:published_time\" content=\"2012-02-14T22:59:57+00:00\" \/>\n<meta property=\"og:image\" content=\"http:\/\/www.shkoder.net\/2012\/blackout.jpg\" \/>\n<meta name=\"author\" content=\"admin\" \/>\n<meta name=\"twitter:card\" content=\"summary_large_image\" \/>\n<meta name=\"twitter:label1\" content=\"Written by\" \/>\n\t<meta name=\"twitter:data1\" content=\"admin\" \/>\n\t<meta name=\"twitter:label2\" content=\"Est. reading time\" \/>\n\t<meta name=\"twitter:data2\" content=\"1 minute\" \/>\n<script type=\"application\/ld+json\" class=\"yoast-schema-graph\">{\"@context\":\"https:\\\/\\\/schema.org\",\"@graph\":[{\"@type\":\"Article\",\"@id\":\"https:\\\/\\\/fjala.info\\\/2009-2015\\\/pergatituni-per-nje-blackout-te-gjate\\\/#article\",\"isPartOf\":{\"@id\":\"https:\\\/\\\/fjala.info\\\/2009-2015\\\/pergatituni-per-nje-blackout-te-gjate\\\/\"},\"author\":{\"name\":\"admin\",\"@id\":\"https:\\\/\\\/fjala.info\\\/2009-2015\\\/#\\\/schema\\\/person\\\/3aa1163ef05469c496fc94e77611ada2\"},\"headline\":\"P\u00ebrgatituni p\u00ebr nj\u00eb blackout t\u00eb gjat\u00eb!\",\"datePublished\":\"2012-02-14T22:59:57+00:00\",\"mainEntityOfPage\":{\"@id\":\"https:\\\/\\\/fjala.info\\\/2009-2015\\\/pergatituni-per-nje-blackout-te-gjate\\\/\"},\"wordCount\":240,\"commentCount\":0,\"publisher\":{\"@id\":\"https:\\\/\\\/fjala.info\\\/2009-2015\\\/#organization\"},\"image\":{\"@id\":\"https:\\\/\\\/fjala.info\\\/2009-2015\\\/pergatituni-per-nje-blackout-te-gjate\\\/#primaryimage\"},\"thumbnailUrl\":\"http:\\\/\\\/www.shkoder.net\\\/2012\\\/blackout.jpg\",\"articleSection\":[\"Artikuj\",\"Lajme\"],\"inLanguage\":\"sq-AL\",\"potentialAction\":[{\"@type\":\"CommentAction\",\"name\":\"Comment\",\"target\":[\"https:\\\/\\\/fjala.info\\\/2009-2015\\\/pergatituni-per-nje-blackout-te-gjate\\\/#respond\"]}]},{\"@type\":\"WebPage\",\"@id\":\"https:\\\/\\\/fjala.info\\\/2009-2015\\\/pergatituni-per-nje-blackout-te-gjate\\\/\",\"url\":\"https:\\\/\\\/fjala.info\\\/2009-2015\\\/pergatituni-per-nje-blackout-te-gjate\\\/\",\"name\":\"P\u00ebrgatituni p\u00ebr nj\u00eb blackout t\u00eb gjat\u00eb! - FjALA e LIR\u00cb - Arkivi\",\"isPartOf\":{\"@id\":\"https:\\\/\\\/fjala.info\\\/2009-2015\\\/#website\"},\"primaryImageOfPage\":{\"@id\":\"https:\\\/\\\/fjala.info\\\/2009-2015\\\/pergatituni-per-nje-blackout-te-gjate\\\/#primaryimage\"},\"image\":{\"@id\":\"https:\\\/\\\/fjala.info\\\/2009-2015\\\/pergatituni-per-nje-blackout-te-gjate\\\/#primaryimage\"},\"thumbnailUrl\":\"http:\\\/\\\/www.shkoder.net\\\/2012\\\/blackout.jpg\",\"datePublished\":\"2012-02-14T22:59:57+00:00\",\"breadcrumb\":{\"@id\":\"https:\\\/\\\/fjala.info\\\/2009-2015\\\/pergatituni-per-nje-blackout-te-gjate\\\/#breadcrumb\"},\"inLanguage\":\"sq-AL\",\"potentialAction\":[{\"@type\":\"ReadAction\",\"target\":[\"https:\\\/\\\/fjala.info\\\/2009-2015\\\/pergatituni-per-nje-blackout-te-gjate\\\/\"]}]},{\"@type\":\"ImageObject\",\"inLanguage\":\"sq-AL\",\"@id\":\"https:\\\/\\\/fjala.info\\\/2009-2015\\\/pergatituni-per-nje-blackout-te-gjate\\\/#primaryimage\",\"url\":\"http:\\\/\\\/www.shkoder.net\\\/2012\\\/blackout.jpg\",\"contentUrl\":\"http:\\\/\\\/www.shkoder.net\\\/2012\\\/blackout.jpg\"},{\"@type\":\"BreadcrumbList\",\"@id\":\"https:\\\/\\\/fjala.info\\\/2009-2015\\\/pergatituni-per-nje-blackout-te-gjate\\\/#breadcrumb\",\"itemListElement\":[{\"@type\":\"ListItem\",\"position\":1,\"name\":\"Home\",\"item\":\"https:\\\/\\\/fjala.info\\\/2009-2015\\\/\"},{\"@type\":\"ListItem\",\"position\":2,\"name\":\"P\u00ebrgatituni p\u00ebr nj\u00eb blackout t\u00eb gjat\u00eb!\"}]},{\"@type\":\"WebSite\",\"@id\":\"https:\\\/\\\/fjala.info\\\/2009-2015\\\/#website\",\"url\":\"https:\\\/\\\/fjala.info\\\/2009-2015\\\/\",\"name\":\"FjALA e LIR\u00cb - Arkivi\",\"description\":\"Arkivi 2009-2015\",\"publisher\":{\"@id\":\"https:\\\/\\\/fjala.info\\\/2009-2015\\\/#organization\"},\"potentialAction\":[{\"@type\":\"SearchAction\",\"target\":{\"@type\":\"EntryPoint\",\"urlTemplate\":\"https:\\\/\\\/fjala.info\\\/2009-2015\\\/?s={search_term_string}\"},\"query-input\":{\"@type\":\"PropertyValueSpecification\",\"valueRequired\":true,\"valueName\":\"search_term_string\"}}],\"inLanguage\":\"sq-AL\"},{\"@type\":\"Organization\",\"@id\":\"https:\\\/\\\/fjala.info\\\/2009-2015\\\/#organization\",\"name\":\"FjALA e LIR\u00cb - Arkivi\",\"url\":\"https:\\\/\\\/fjala.info\\\/2009-2015\\\/\",\"logo\":{\"@type\":\"ImageObject\",\"inLanguage\":\"sq-AL\",\"@id\":\"https:\\\/\\\/fjala.info\\\/2009-2015\\\/#\\\/schema\\\/logo\\\/image\\\/\",\"url\":\"\",\"contentUrl\":\"\",\"caption\":\"FjALA e LIR\u00cb - Arkivi\"},\"image\":{\"@id\":\"https:\\\/\\\/fjala.info\\\/2009-2015\\\/#\\\/schema\\\/logo\\\/image\\\/\"}},{\"@type\":\"Person\",\"@id\":\"https:\\\/\\\/fjala.info\\\/2009-2015\\\/#\\\/schema\\\/person\\\/3aa1163ef05469c496fc94e77611ada2\",\"name\":\"admin\",\"image\":{\"@type\":\"ImageObject\",\"inLanguage\":\"sq-AL\",\"@id\":\"https:\\\/\\\/fjala.info\\\/2009-2015\\\/wp-content\\\/uploads\\\/2012\\\/02\\\/arben_cokaj-120x150.jpg\",\"url\":\"https:\\\/\\\/fjala.info\\\/2009-2015\\\/wp-content\\\/uploads\\\/2012\\\/02\\\/arben_cokaj-120x150.jpg\",\"contentUrl\":\"https:\\\/\\\/fjala.info\\\/2009-2015\\\/wp-content\\\/uploads\\\/2012\\\/02\\\/arben_cokaj-120x150.jpg\",\"caption\":\"admin\"},\"description\":\"Admin, Fjala e Lir\u00eb\",\"sameAs\":[\"https:\\\/\\\/fjala.info\\\/\"],\"url\":\"https:\\\/\\\/fjala.info\\\/2009-2015\\\/author\\\/admin\\\/\"}]}<\/script>\n<!-- \/ Yoast SEO plugin. -->","yoast_head_json":{"title":"P\u00ebrgatituni p\u00ebr nj\u00eb blackout t\u00eb gjat\u00eb! - FjALA e LIR\u00cb - Arkivi","robots":{"index":"index","follow":"follow","max-snippet":"max-snippet:-1","max-image-preview":"max-image-preview:large","max-video-preview":"max-video-preview:-1"},"canonical":"https:\/\/fjala.info\/2009-2015\/pergatituni-per-nje-blackout-te-gjate\/","og_locale":"sq_AL","og_type":"article","og_title":"P\u00ebrgatituni p\u00ebr nj\u00eb blackout t\u00eb gjat\u00eb! - FjALA e LIR\u00cb - Arkivi","og_description":"ResPublica.al, 14 shkurt 2012 Nd\u00ebrprerjet e energjis\u00eb, q\u00eb prej dit\u00ebsh jan\u00eb b\u00ebr\u00eb rutinore, do t\u00eb b\u00ebhen m\u00eb t\u00eb shpeshta. Mund t\u00eb thuhet se kriza energjitike vet\u00ebm sa ka filluar. Arsyeja nuk \u00ebsht\u00eb vetwm mungesa e parave (qeveria ka prekur fondin e kontingjenc\u00ebs p\u00ebr t\u2019i ardhur n\u00eb ndihm\u00eb KESH-it n\u00eb nevoj\u00eb e p\u00ebr t\u00eb p\u00ebrballuar emergjenc\u00ebn [&hellip;]","og_url":"https:\/\/fjala.info\/2009-2015\/pergatituni-per-nje-blackout-te-gjate\/","og_site_name":"FjALA e LIR\u00cb - Arkivi","article_published_time":"2012-02-14T22:59:57+00:00","og_image":[{"url":"http:\/\/www.shkoder.net\/2012\/blackout.jpg","type":"","width":"","height":""}],"author":"admin","twitter_card":"summary_large_image","twitter_misc":{"Written by":"admin","Est. reading time":"1 minute"},"schema":{"@context":"https:\/\/schema.org","@graph":[{"@type":"Article","@id":"https:\/\/fjala.info\/2009-2015\/pergatituni-per-nje-blackout-te-gjate\/#article","isPartOf":{"@id":"https:\/\/fjala.info\/2009-2015\/pergatituni-per-nje-blackout-te-gjate\/"},"author":{"name":"admin","@id":"https:\/\/fjala.info\/2009-2015\/#\/schema\/person\/3aa1163ef05469c496fc94e77611ada2"},"headline":"P\u00ebrgatituni p\u00ebr nj\u00eb blackout t\u00eb gjat\u00eb!","datePublished":"2012-02-14T22:59:57+00:00","mainEntityOfPage":{"@id":"https:\/\/fjala.info\/2009-2015\/pergatituni-per-nje-blackout-te-gjate\/"},"wordCount":240,"commentCount":0,"publisher":{"@id":"https:\/\/fjala.info\/2009-2015\/#organization"},"image":{"@id":"https:\/\/fjala.info\/2009-2015\/pergatituni-per-nje-blackout-te-gjate\/#primaryimage"},"thumbnailUrl":"http:\/\/www.shkoder.net\/2012\/blackout.jpg","articleSection":["Artikuj","Lajme"],"inLanguage":"sq-AL","potentialAction":[{"@type":"CommentAction","name":"Comment","target":["https:\/\/fjala.info\/2009-2015\/pergatituni-per-nje-blackout-te-gjate\/#respond"]}]},{"@type":"WebPage","@id":"https:\/\/fjala.info\/2009-2015\/pergatituni-per-nje-blackout-te-gjate\/","url":"https:\/\/fjala.info\/2009-2015\/pergatituni-per-nje-blackout-te-gjate\/","name":"P\u00ebrgatituni p\u00ebr nj\u00eb blackout t\u00eb gjat\u00eb! - FjALA e LIR\u00cb - Arkivi","isPartOf":{"@id":"https:\/\/fjala.info\/2009-2015\/#website"},"primaryImageOfPage":{"@id":"https:\/\/fjala.info\/2009-2015\/pergatituni-per-nje-blackout-te-gjate\/#primaryimage"},"image":{"@id":"https:\/\/fjala.info\/2009-2015\/pergatituni-per-nje-blackout-te-gjate\/#primaryimage"},"thumbnailUrl":"http:\/\/www.shkoder.net\/2012\/blackout.jpg","datePublished":"2012-02-14T22:59:57+00:00","breadcrumb":{"@id":"https:\/\/fjala.info\/2009-2015\/pergatituni-per-nje-blackout-te-gjate\/#breadcrumb"},"inLanguage":"sq-AL","potentialAction":[{"@type":"ReadAction","target":["https:\/\/fjala.info\/2009-2015\/pergatituni-per-nje-blackout-te-gjate\/"]}]},{"@type":"ImageObject","inLanguage":"sq-AL","@id":"https:\/\/fjala.info\/2009-2015\/pergatituni-per-nje-blackout-te-gjate\/#primaryimage","url":"http:\/\/www.shkoder.net\/2012\/blackout.jpg","contentUrl":"http:\/\/www.shkoder.net\/2012\/blackout.jpg"},{"@type":"BreadcrumbList","@id":"https:\/\/fjala.info\/2009-2015\/pergatituni-per-nje-blackout-te-gjate\/#breadcrumb","itemListElement":[{"@type":"ListItem","position":1,"name":"Home","item":"https:\/\/fjala.info\/2009-2015\/"},{"@type":"ListItem","position":2,"name":"P\u00ebrgatituni p\u00ebr nj\u00eb blackout t\u00eb gjat\u00eb!"}]},{"@type":"WebSite","@id":"https:\/\/fjala.info\/2009-2015\/#website","url":"https:\/\/fjala.info\/2009-2015\/","name":"FjALA e LIR\u00cb - Arkivi","description":"Arkivi 2009-2015","publisher":{"@id":"https:\/\/fjala.info\/2009-2015\/#organization"},"potentialAction":[{"@type":"SearchAction","target":{"@type":"EntryPoint","urlTemplate":"https:\/\/fjala.info\/2009-2015\/?s={search_term_string}"},"query-input":{"@type":"PropertyValueSpecification","valueRequired":true,"valueName":"search_term_string"}}],"inLanguage":"sq-AL"},{"@type":"Organization","@id":"https:\/\/fjala.info\/2009-2015\/#organization","name":"FjALA e LIR\u00cb - Arkivi","url":"https:\/\/fjala.info\/2009-2015\/","logo":{"@type":"ImageObject","inLanguage":"sq-AL","@id":"https:\/\/fjala.info\/2009-2015\/#\/schema\/logo\/image\/","url":"","contentUrl":"","caption":"FjALA e LIR\u00cb - Arkivi"},"image":{"@id":"https:\/\/fjala.info\/2009-2015\/#\/schema\/logo\/image\/"}},{"@type":"Person","@id":"https:\/\/fjala.info\/2009-2015\/#\/schema\/person\/3aa1163ef05469c496fc94e77611ada2","name":"admin","image":{"@type":"ImageObject","inLanguage":"sq-AL","@id":"https:\/\/fjala.info\/2009-2015\/wp-content\/uploads\/2012\/02\/arben_cokaj-120x150.jpg","url":"https:\/\/fjala.info\/2009-2015\/wp-content\/uploads\/2012\/02\/arben_cokaj-120x150.jpg","contentUrl":"https:\/\/fjala.info\/2009-2015\/wp-content\/uploads\/2012\/02\/arben_cokaj-120x150.jpg","caption":"admin"},"description":"Admin, Fjala e Lir\u00eb","sameAs":["https:\/\/fjala.info\/"],"url":"https:\/\/fjala.info\/2009-2015\/author\/admin\/"}]}},"_links":{"self":[{"href":"https:\/\/fjala.info\/2009-2015\/wp-json\/wp\/v2\/posts\/11695","targetHints":{"allow":["GET"]}}],"collection":[{"href":"https:\/\/fjala.info\/2009-2015\/wp-json\/wp\/v2\/posts"}],"about":[{"href":"https:\/\/fjala.info\/2009-2015\/wp-json\/wp\/v2\/types\/post"}],"author":[{"embeddable":true,"href":"https:\/\/fjala.info\/2009-2015\/wp-json\/wp\/v2\/users\/1"}],"replies":[{"embeddable":true,"href":"https:\/\/fjala.info\/2009-2015\/wp-json\/wp\/v2\/comments?post=11695"}],"version-history":[{"count":0,"href":"https:\/\/fjala.info\/2009-2015\/wp-json\/wp\/v2\/posts\/11695\/revisions"}],"wp:attachment":[{"href":"https:\/\/fjala.info\/2009-2015\/wp-json\/wp\/v2\/media?parent=11695"}],"wp:term":[{"taxonomy":"category","embeddable":true,"href":"https:\/\/fjala.info\/2009-2015\/wp-json\/wp\/v2\/categories?post=11695"},{"taxonomy":"post_tag","embeddable":true,"href":"https:\/\/fjala.info\/2009-2015\/wp-json\/wp\/v2\/tags?post=11695"}],"curies":[{"name":"wp","href":"https:\/\/api.w.org\/{rel}","templated":true}]}}