{"id":11694,"date":"2012-02-14T23:49:57","date_gmt":"2012-02-14T22:49:57","guid":{"rendered":"http:\/\/fjala.shkoder.net\/?p=1802"},"modified":"2012-02-14T23:49:57","modified_gmt":"2012-02-14T22:49:57","slug":"qosja-serbet-te-marrin-veriun-e-kosoves-te-na-japin-luginen-e-presheves","status":"publish","type":"post","link":"https:\/\/fjala.info\/2009-2015\/qosja-serbet-te-marrin-veriun-e-kosoves-te-na-japin-luginen-e-presheves\/","title":{"rendered":"Qosja: Serb\u00ebt t\u00eb marrin veriun e Kosov\u00ebs, t\u00eb na japin Lugin\u00ebn e Preshev\u00ebs"},"content":{"rendered":"<p><img decoding=\"async\" class=\"alignright size-thumbnail wp-image-7236\" title=\"Rexhep Qosja\" src=\"http:\/\/www.shkoder.net\/images\/fjala\/rexhep_qosja.jpg\" alt=\"\" width=\"150\" \/> Un\u00eb mendoj se p\u00ebr t\u2019u zgjidhur p\u00ebrfundimisht \u00e7\u00ebshtja e Kosov\u00ebs, duhet t\u00eb zgjidhet edhe nj\u00eb breng e brendshme n\u00eb Kosov\u00eb, p\u00ebr t\u2019u \u00e7liruar nga serb\u00ebt e Veriut dhe kush \u00ebsht\u00eb interesuar nga k\u00ebta serb\u00eb nga brendia e Kosov\u00ebs, mund t\u00eb kalojn\u00eb atje n\u00eb Veri dhe ajo pjes\u00eb t\u2019i jepet Serbis\u00eb, nd\u00ebrsa Lugina e Preshev\u00ebs t\u2019i bashkohet Kosov\u00ebs. Do t\u00eb thot\u00eb t\u00eb b\u00ebhet shk\u00ebmbim i territoreve, p\u00ebr t\u00eb cilin opsion un\u00eb jam dakord, k\u00ebshtu ka deklaruar akademik Rexhep Qosja, p\u00ebr agjencin\u00eb Presheva Jon\u00eb.<\/p>\n<p>\u201c<em>T\u2019i mbash me zor serb\u00ebt e Kosov\u00ebs dhe shqiptar\u00ebt e Lugin\u00ebs s\u00eb Preshev\u00ebs n\u00ebn nj\u00eb shtet q\u00eb nuk e duan \u00ebsht\u00eb jo e drejt\u00eb dhe jo demokratike, q\u00eb ndryshe mund t\u00eb thuhet t\u2019i mbash ata n\u00ebn okupim<\/em>\u201d, citon kjo agjenci, t\u00eb ket\u00eb th\u00ebn\u00eb Qosja.<\/p>\n<p>\u201c<em>Edhe pse ky ishte shekulli yn\u00eb, \u00e7\u00ebshtja shqiptare n\u00eb Ballkan nuk \u00ebsht\u00eb zgjedhur si duhet, nuk \u00ebsht\u00eb zgjidhur drejt\u00eb ajo ende nuk \u00ebsht\u00eb e zgjidhur p\u00ebrfundimisht<\/em>\u201d, shkruan tutje kjo agjenci.<\/p>\n<p>Duke folur n\u00eb vazhdim rreth vizitave t\u00eb krer\u00ebve t\u00eb shtetit serb\u00eb n\u00eb Kosov\u00eb, Qosja nj\u00eb gj\u00eb t\u00eb till\u00eb as nuk e kund\u00ebrshton e as nuk e lejon por pohon se: \u201c<em>L\u00ebvizja e njer\u00ebzve qofshin ata edhe funksionar\u00eb duhet mund\u00ebsuar edhe at\u00eb n\u00eb m\u00ebnyr\u00eb reciproke. Dhe n\u00ebse k\u00ebta serb\u00ebt e Beogradit vijn\u00eb e futen n\u00eb Kosov\u00eb sa her\u00eb t\u2019ju teket, k\u00ebt\u00eb gj\u00eb duhet mund\u00ebsuar edhe krer\u00ebve t\u00eb shteteve tona nga Prishtina e Tirana p\u00ebr t\u00eb vizituar v\u00ebllez\u00ebrit tan\u00eb momentalisht n\u00ebn Serbi<\/em>.<\/p>\n<p><em>Ket\u00eb duhet b\u00ebr\u00eb sikur Atifete Jahjaga edhe Bamir Topi, bile qoft\u00eb dhe p\u00ebr fushat\u00eb vet\u00ebm e vet\u00ebm p\u00ebr t\u2019i treguar atyre v\u00ebllez\u00ebrve se nuk jan\u00eb t\u00eb vet\u00ebm, nuk jan\u00eb jetim, dhe nuk ju kemi harruar, por edhe p\u00ebr t\u2019i treguar Serbis\u00eb dhe bot\u00ebs se ato toka jan\u00eb shqiptare deri te molla e kuqe. Politikan\u00ebt tan\u00eb nuk duhet t\u00eb ken\u00eb frik\u00eb t\u00eb shkojn\u00eb me pi nj\u00eb kafe tek v\u00ebllez\u00ebrit tan\u00eb n\u00eb Preshev\u00eb, me nj\u00eb kafe nuk do t\u00eb dilte Kosova e as shqiptar\u00ebt si faktor destabilizues<\/em>\u201d.<\/p>\n<p>Nd\u00ebrsa, sipas k\u00ebsaj agjencie, pyetjes se si i ka gjetur sot shqiptar\u00ebt 100 vjetori i pavar\u00ebsie Qosja ka deklaruar: \u201c<em>Dor\u00ebn n\u00eb zem\u00ebr dekadave t\u00eb fundit jan\u00eb arritur mjaft suksese n\u00eb avancimin e proceseve t\u00eb kombit ton\u00eb n\u00eb p\u00ebrgjith\u00ebsi nga gjitha sferat si n\u00eb kultur\u00eb ashtu edhe n\u00eb ekonomi, turiz\u00ebm, politik\u00eb \u2026Edhe pse ky ishte shekulli yn\u00eb, \u00e7\u00ebshtja shqiptare n\u00eb Ballkan nuk \u00ebsht\u00eb zgjedhur si duhet, nuk \u00ebsht\u00eb zgjidhur drejt\u00eb ajo ende nuk \u00ebsht\u00eb e zgjidhur p\u00ebrfundimisht<\/em>\u201d.<\/p>\n<p>(<em>gazeta Ekspres, Prishtin\u00eb<\/em>)<\/p>\n","protected":false},"excerpt":{"rendered":"<p>Un\u00eb mendoj se p\u00ebr t\u2019u zgjidhur p\u00ebrfundimisht \u00e7\u00ebshtja e Kosov\u00ebs, duhet t\u00eb zgjidhet edhe nj\u00eb breng e brendshme n\u00eb Kosov\u00eb, p\u00ebr t\u2019u \u00e7liruar nga serb\u00ebt e Veriut dhe kush \u00ebsht\u00eb interesuar nga k\u00ebta serb\u00eb nga brendia e Kosov\u00ebs, mund t\u00eb kalojn\u00eb atje n\u00eb Veri dhe ajo pjes\u00eb t\u2019i jepet Serbis\u00eb, nd\u00ebrsa Lugina e Preshev\u00ebs t\u2019i [&hellip;]<\/p>\n","protected":false},"author":1,"featured_media":0,"comment_status":"open","ping_status":"closed","sticky":false,"template":"","format":"standard","meta":{"footnotes":""},"categories":[2],"tags":[],"class_list":{"0":"post-11694","1":"post","2":"type-post","3":"status-publish","4":"format-standard","6":"category-artikuj"},"yoast_head":"<!-- This site is optimized with the Yoast SEO plugin v27.4 - https:\/\/yoast.com\/product\/yoast-seo-wordpress\/ -->\n<title>Qosja: Serb\u00ebt t\u00eb marrin veriun e Kosov\u00ebs, t\u00eb na japin Lugin\u00ebn e Preshev\u00ebs - FjALA e LIR\u00cb - Arkivi<\/title>\n<meta name=\"robots\" content=\"index, follow, max-snippet:-1, max-image-preview:large, max-video-preview:-1\" \/>\n<link rel=\"canonical\" href=\"https:\/\/fjala.info\/2009-2015\/qosja-serbet-te-marrin-veriun-e-kosoves-te-na-japin-luginen-e-presheves\/\" \/>\n<meta property=\"og:locale\" content=\"sq_AL\" \/>\n<meta property=\"og:type\" content=\"article\" \/>\n<meta property=\"og:title\" content=\"Qosja: Serb\u00ebt t\u00eb marrin veriun e Kosov\u00ebs, t\u00eb na japin Lugin\u00ebn e Preshev\u00ebs - FjALA e LIR\u00cb - Arkivi\" \/>\n<meta property=\"og:description\" content=\"Un\u00eb mendoj se p\u00ebr t\u2019u zgjidhur p\u00ebrfundimisht \u00e7\u00ebshtja e Kosov\u00ebs, duhet t\u00eb zgjidhet edhe nj\u00eb breng e brendshme n\u00eb Kosov\u00eb, p\u00ebr t\u2019u \u00e7liruar nga serb\u00ebt e Veriut dhe kush \u00ebsht\u00eb interesuar nga k\u00ebta serb\u00eb nga brendia e Kosov\u00ebs, mund t\u00eb kalojn\u00eb atje n\u00eb Veri dhe ajo pjes\u00eb t\u2019i jepet Serbis\u00eb, nd\u00ebrsa Lugina e Preshev\u00ebs t\u2019i [&hellip;]\" \/>\n<meta property=\"og:url\" content=\"https:\/\/fjala.info\/2009-2015\/qosja-serbet-te-marrin-veriun-e-kosoves-te-na-japin-luginen-e-presheves\/\" \/>\n<meta property=\"og:site_name\" content=\"FjALA e LIR\u00cb - Arkivi\" \/>\n<meta property=\"article:published_time\" content=\"2012-02-14T22:49:57+00:00\" \/>\n<meta property=\"og:image\" content=\"http:\/\/www.shkoder.net\/images\/fjala\/rexhep_qosja.jpg\" \/>\n<meta name=\"author\" content=\"admin\" \/>\n<meta name=\"twitter:card\" content=\"summary_large_image\" \/>\n<meta name=\"twitter:label1\" content=\"Written by\" \/>\n\t<meta name=\"twitter:data1\" content=\"admin\" \/>\n\t<meta name=\"twitter:label2\" content=\"Est. reading time\" \/>\n\t<meta name=\"twitter:data2\" content=\"2 minutes\" \/>\n<script type=\"application\/ld+json\" class=\"yoast-schema-graph\">{\"@context\":\"https:\\\/\\\/schema.org\",\"@graph\":[{\"@type\":\"Article\",\"@id\":\"https:\\\/\\\/fjala.info\\\/2009-2015\\\/qosja-serbet-te-marrin-veriun-e-kosoves-te-na-japin-luginen-e-presheves\\\/#article\",\"isPartOf\":{\"@id\":\"https:\\\/\\\/fjala.info\\\/2009-2015\\\/qosja-serbet-te-marrin-veriun-e-kosoves-te-na-japin-luginen-e-presheves\\\/\"},\"author\":{\"name\":\"admin\",\"@id\":\"https:\\\/\\\/fjala.info\\\/2009-2015\\\/#\\\/schema\\\/person\\\/3aa1163ef05469c496fc94e77611ada2\"},\"headline\":\"Qosja: Serb\u00ebt t\u00eb marrin veriun e Kosov\u00ebs, t\u00eb na japin Lugin\u00ebn e Preshev\u00ebs\",\"datePublished\":\"2012-02-14T22:49:57+00:00\",\"mainEntityOfPage\":{\"@id\":\"https:\\\/\\\/fjala.info\\\/2009-2015\\\/qosja-serbet-te-marrin-veriun-e-kosoves-te-na-japin-luginen-e-presheves\\\/\"},\"wordCount\":489,\"commentCount\":1,\"publisher\":{\"@id\":\"https:\\\/\\\/fjala.info\\\/2009-2015\\\/#organization\"},\"image\":{\"@id\":\"https:\\\/\\\/fjala.info\\\/2009-2015\\\/qosja-serbet-te-marrin-veriun-e-kosoves-te-na-japin-luginen-e-presheves\\\/#primaryimage\"},\"thumbnailUrl\":\"http:\\\/\\\/www.shkoder.net\\\/images\\\/fjala\\\/rexhep_qosja.jpg\",\"articleSection\":[\"Artikuj\"],\"inLanguage\":\"sq-AL\",\"potentialAction\":[{\"@type\":\"CommentAction\",\"name\":\"Comment\",\"target\":[\"https:\\\/\\\/fjala.info\\\/2009-2015\\\/qosja-serbet-te-marrin-veriun-e-kosoves-te-na-japin-luginen-e-presheves\\\/#respond\"]}]},{\"@type\":\"WebPage\",\"@id\":\"https:\\\/\\\/fjala.info\\\/2009-2015\\\/qosja-serbet-te-marrin-veriun-e-kosoves-te-na-japin-luginen-e-presheves\\\/\",\"url\":\"https:\\\/\\\/fjala.info\\\/2009-2015\\\/qosja-serbet-te-marrin-veriun-e-kosoves-te-na-japin-luginen-e-presheves\\\/\",\"name\":\"Qosja: Serb\u00ebt t\u00eb marrin veriun e Kosov\u00ebs, t\u00eb na japin Lugin\u00ebn e Preshev\u00ebs - FjALA e LIR\u00cb - Arkivi\",\"isPartOf\":{\"@id\":\"https:\\\/\\\/fjala.info\\\/2009-2015\\\/#website\"},\"primaryImageOfPage\":{\"@id\":\"https:\\\/\\\/fjala.info\\\/2009-2015\\\/qosja-serbet-te-marrin-veriun-e-kosoves-te-na-japin-luginen-e-presheves\\\/#primaryimage\"},\"image\":{\"@id\":\"https:\\\/\\\/fjala.info\\\/2009-2015\\\/qosja-serbet-te-marrin-veriun-e-kosoves-te-na-japin-luginen-e-presheves\\\/#primaryimage\"},\"thumbnailUrl\":\"http:\\\/\\\/www.shkoder.net\\\/images\\\/fjala\\\/rexhep_qosja.jpg\",\"datePublished\":\"2012-02-14T22:49:57+00:00\",\"breadcrumb\":{\"@id\":\"https:\\\/\\\/fjala.info\\\/2009-2015\\\/qosja-serbet-te-marrin-veriun-e-kosoves-te-na-japin-luginen-e-presheves\\\/#breadcrumb\"},\"inLanguage\":\"sq-AL\",\"potentialAction\":[{\"@type\":\"ReadAction\",\"target\":[\"https:\\\/\\\/fjala.info\\\/2009-2015\\\/qosja-serbet-te-marrin-veriun-e-kosoves-te-na-japin-luginen-e-presheves\\\/\"]}]},{\"@type\":\"ImageObject\",\"inLanguage\":\"sq-AL\",\"@id\":\"https:\\\/\\\/fjala.info\\\/2009-2015\\\/qosja-serbet-te-marrin-veriun-e-kosoves-te-na-japin-luginen-e-presheves\\\/#primaryimage\",\"url\":\"http:\\\/\\\/www.shkoder.net\\\/images\\\/fjala\\\/rexhep_qosja.jpg\",\"contentUrl\":\"http:\\\/\\\/www.shkoder.net\\\/images\\\/fjala\\\/rexhep_qosja.jpg\"},{\"@type\":\"BreadcrumbList\",\"@id\":\"https:\\\/\\\/fjala.info\\\/2009-2015\\\/qosja-serbet-te-marrin-veriun-e-kosoves-te-na-japin-luginen-e-presheves\\\/#breadcrumb\",\"itemListElement\":[{\"@type\":\"ListItem\",\"position\":1,\"name\":\"Home\",\"item\":\"https:\\\/\\\/fjala.info\\\/2009-2015\\\/\"},{\"@type\":\"ListItem\",\"position\":2,\"name\":\"Qosja: Serb\u00ebt t\u00eb marrin veriun e Kosov\u00ebs, t\u00eb na japin Lugin\u00ebn e Preshev\u00ebs\"}]},{\"@type\":\"WebSite\",\"@id\":\"https:\\\/\\\/fjala.info\\\/2009-2015\\\/#website\",\"url\":\"https:\\\/\\\/fjala.info\\\/2009-2015\\\/\",\"name\":\"FjALA e LIR\u00cb - Arkivi\",\"description\":\"Arkivi 2009-2015\",\"publisher\":{\"@id\":\"https:\\\/\\\/fjala.info\\\/2009-2015\\\/#organization\"},\"potentialAction\":[{\"@type\":\"SearchAction\",\"target\":{\"@type\":\"EntryPoint\",\"urlTemplate\":\"https:\\\/\\\/fjala.info\\\/2009-2015\\\/?s={search_term_string}\"},\"query-input\":{\"@type\":\"PropertyValueSpecification\",\"valueRequired\":true,\"valueName\":\"search_term_string\"}}],\"inLanguage\":\"sq-AL\"},{\"@type\":\"Organization\",\"@id\":\"https:\\\/\\\/fjala.info\\\/2009-2015\\\/#organization\",\"name\":\"FjALA e LIR\u00cb - Arkivi\",\"url\":\"https:\\\/\\\/fjala.info\\\/2009-2015\\\/\",\"logo\":{\"@type\":\"ImageObject\",\"inLanguage\":\"sq-AL\",\"@id\":\"https:\\\/\\\/fjala.info\\\/2009-2015\\\/#\\\/schema\\\/logo\\\/image\\\/\",\"url\":\"\",\"contentUrl\":\"\",\"caption\":\"FjALA e LIR\u00cb - Arkivi\"},\"image\":{\"@id\":\"https:\\\/\\\/fjala.info\\\/2009-2015\\\/#\\\/schema\\\/logo\\\/image\\\/\"}},{\"@type\":\"Person\",\"@id\":\"https:\\\/\\\/fjala.info\\\/2009-2015\\\/#\\\/schema\\\/person\\\/3aa1163ef05469c496fc94e77611ada2\",\"name\":\"admin\",\"image\":{\"@type\":\"ImageObject\",\"inLanguage\":\"sq-AL\",\"@id\":\"https:\\\/\\\/fjala.info\\\/2009-2015\\\/wp-content\\\/uploads\\\/2012\\\/02\\\/arben_cokaj-120x150.jpg\",\"url\":\"https:\\\/\\\/fjala.info\\\/2009-2015\\\/wp-content\\\/uploads\\\/2012\\\/02\\\/arben_cokaj-120x150.jpg\",\"contentUrl\":\"https:\\\/\\\/fjala.info\\\/2009-2015\\\/wp-content\\\/uploads\\\/2012\\\/02\\\/arben_cokaj-120x150.jpg\",\"caption\":\"admin\"},\"description\":\"Admin, Fjala e Lir\u00eb\",\"sameAs\":[\"https:\\\/\\\/fjala.info\\\/\"],\"url\":\"https:\\\/\\\/fjala.info\\\/2009-2015\\\/author\\\/admin\\\/\"}]}<\/script>\n<!-- \/ Yoast SEO plugin. -->","yoast_head_json":{"title":"Qosja: Serb\u00ebt t\u00eb marrin veriun e Kosov\u00ebs, t\u00eb na japin Lugin\u00ebn e Preshev\u00ebs - FjALA e LIR\u00cb - Arkivi","robots":{"index":"index","follow":"follow","max-snippet":"max-snippet:-1","max-image-preview":"max-image-preview:large","max-video-preview":"max-video-preview:-1"},"canonical":"https:\/\/fjala.info\/2009-2015\/qosja-serbet-te-marrin-veriun-e-kosoves-te-na-japin-luginen-e-presheves\/","og_locale":"sq_AL","og_type":"article","og_title":"Qosja: Serb\u00ebt t\u00eb marrin veriun e Kosov\u00ebs, t\u00eb na japin Lugin\u00ebn e Preshev\u00ebs - FjALA e LIR\u00cb - Arkivi","og_description":"Un\u00eb mendoj se p\u00ebr t\u2019u zgjidhur p\u00ebrfundimisht \u00e7\u00ebshtja e Kosov\u00ebs, duhet t\u00eb zgjidhet edhe nj\u00eb breng e brendshme n\u00eb Kosov\u00eb, p\u00ebr t\u2019u \u00e7liruar nga serb\u00ebt e Veriut dhe kush \u00ebsht\u00eb interesuar nga k\u00ebta serb\u00eb nga brendia e Kosov\u00ebs, mund t\u00eb kalojn\u00eb atje n\u00eb Veri dhe ajo pjes\u00eb t\u2019i jepet Serbis\u00eb, nd\u00ebrsa Lugina e Preshev\u00ebs t\u2019i [&hellip;]","og_url":"https:\/\/fjala.info\/2009-2015\/qosja-serbet-te-marrin-veriun-e-kosoves-te-na-japin-luginen-e-presheves\/","og_site_name":"FjALA e LIR\u00cb - Arkivi","article_published_time":"2012-02-14T22:49:57+00:00","og_image":[{"url":"http:\/\/www.shkoder.net\/images\/fjala\/rexhep_qosja.jpg","type":"","width":"","height":""}],"author":"admin","twitter_card":"summary_large_image","twitter_misc":{"Written by":"admin","Est. reading time":"2 minutes"},"schema":{"@context":"https:\/\/schema.org","@graph":[{"@type":"Article","@id":"https:\/\/fjala.info\/2009-2015\/qosja-serbet-te-marrin-veriun-e-kosoves-te-na-japin-luginen-e-presheves\/#article","isPartOf":{"@id":"https:\/\/fjala.info\/2009-2015\/qosja-serbet-te-marrin-veriun-e-kosoves-te-na-japin-luginen-e-presheves\/"},"author":{"name":"admin","@id":"https:\/\/fjala.info\/2009-2015\/#\/schema\/person\/3aa1163ef05469c496fc94e77611ada2"},"headline":"Qosja: Serb\u00ebt t\u00eb marrin veriun e Kosov\u00ebs, t\u00eb na japin Lugin\u00ebn e Preshev\u00ebs","datePublished":"2012-02-14T22:49:57+00:00","mainEntityOfPage":{"@id":"https:\/\/fjala.info\/2009-2015\/qosja-serbet-te-marrin-veriun-e-kosoves-te-na-japin-luginen-e-presheves\/"},"wordCount":489,"commentCount":1,"publisher":{"@id":"https:\/\/fjala.info\/2009-2015\/#organization"},"image":{"@id":"https:\/\/fjala.info\/2009-2015\/qosja-serbet-te-marrin-veriun-e-kosoves-te-na-japin-luginen-e-presheves\/#primaryimage"},"thumbnailUrl":"http:\/\/www.shkoder.net\/images\/fjala\/rexhep_qosja.jpg","articleSection":["Artikuj"],"inLanguage":"sq-AL","potentialAction":[{"@type":"CommentAction","name":"Comment","target":["https:\/\/fjala.info\/2009-2015\/qosja-serbet-te-marrin-veriun-e-kosoves-te-na-japin-luginen-e-presheves\/#respond"]}]},{"@type":"WebPage","@id":"https:\/\/fjala.info\/2009-2015\/qosja-serbet-te-marrin-veriun-e-kosoves-te-na-japin-luginen-e-presheves\/","url":"https:\/\/fjala.info\/2009-2015\/qosja-serbet-te-marrin-veriun-e-kosoves-te-na-japin-luginen-e-presheves\/","name":"Qosja: Serb\u00ebt t\u00eb marrin veriun e Kosov\u00ebs, t\u00eb na japin Lugin\u00ebn e Preshev\u00ebs - FjALA e LIR\u00cb - Arkivi","isPartOf":{"@id":"https:\/\/fjala.info\/2009-2015\/#website"},"primaryImageOfPage":{"@id":"https:\/\/fjala.info\/2009-2015\/qosja-serbet-te-marrin-veriun-e-kosoves-te-na-japin-luginen-e-presheves\/#primaryimage"},"image":{"@id":"https:\/\/fjala.info\/2009-2015\/qosja-serbet-te-marrin-veriun-e-kosoves-te-na-japin-luginen-e-presheves\/#primaryimage"},"thumbnailUrl":"http:\/\/www.shkoder.net\/images\/fjala\/rexhep_qosja.jpg","datePublished":"2012-02-14T22:49:57+00:00","breadcrumb":{"@id":"https:\/\/fjala.info\/2009-2015\/qosja-serbet-te-marrin-veriun-e-kosoves-te-na-japin-luginen-e-presheves\/#breadcrumb"},"inLanguage":"sq-AL","potentialAction":[{"@type":"ReadAction","target":["https:\/\/fjala.info\/2009-2015\/qosja-serbet-te-marrin-veriun-e-kosoves-te-na-japin-luginen-e-presheves\/"]}]},{"@type":"ImageObject","inLanguage":"sq-AL","@id":"https:\/\/fjala.info\/2009-2015\/qosja-serbet-te-marrin-veriun-e-kosoves-te-na-japin-luginen-e-presheves\/#primaryimage","url":"http:\/\/www.shkoder.net\/images\/fjala\/rexhep_qosja.jpg","contentUrl":"http:\/\/www.shkoder.net\/images\/fjala\/rexhep_qosja.jpg"},{"@type":"BreadcrumbList","@id":"https:\/\/fjala.info\/2009-2015\/qosja-serbet-te-marrin-veriun-e-kosoves-te-na-japin-luginen-e-presheves\/#breadcrumb","itemListElement":[{"@type":"ListItem","position":1,"name":"Home","item":"https:\/\/fjala.info\/2009-2015\/"},{"@type":"ListItem","position":2,"name":"Qosja: Serb\u00ebt t\u00eb marrin veriun e Kosov\u00ebs, t\u00eb na japin Lugin\u00ebn e Preshev\u00ebs"}]},{"@type":"WebSite","@id":"https:\/\/fjala.info\/2009-2015\/#website","url":"https:\/\/fjala.info\/2009-2015\/","name":"FjALA e LIR\u00cb - Arkivi","description":"Arkivi 2009-2015","publisher":{"@id":"https:\/\/fjala.info\/2009-2015\/#organization"},"potentialAction":[{"@type":"SearchAction","target":{"@type":"EntryPoint","urlTemplate":"https:\/\/fjala.info\/2009-2015\/?s={search_term_string}"},"query-input":{"@type":"PropertyValueSpecification","valueRequired":true,"valueName":"search_term_string"}}],"inLanguage":"sq-AL"},{"@type":"Organization","@id":"https:\/\/fjala.info\/2009-2015\/#organization","name":"FjALA e LIR\u00cb - Arkivi","url":"https:\/\/fjala.info\/2009-2015\/","logo":{"@type":"ImageObject","inLanguage":"sq-AL","@id":"https:\/\/fjala.info\/2009-2015\/#\/schema\/logo\/image\/","url":"","contentUrl":"","caption":"FjALA e LIR\u00cb - Arkivi"},"image":{"@id":"https:\/\/fjala.info\/2009-2015\/#\/schema\/logo\/image\/"}},{"@type":"Person","@id":"https:\/\/fjala.info\/2009-2015\/#\/schema\/person\/3aa1163ef05469c496fc94e77611ada2","name":"admin","image":{"@type":"ImageObject","inLanguage":"sq-AL","@id":"https:\/\/fjala.info\/2009-2015\/wp-content\/uploads\/2012\/02\/arben_cokaj-120x150.jpg","url":"https:\/\/fjala.info\/2009-2015\/wp-content\/uploads\/2012\/02\/arben_cokaj-120x150.jpg","contentUrl":"https:\/\/fjala.info\/2009-2015\/wp-content\/uploads\/2012\/02\/arben_cokaj-120x150.jpg","caption":"admin"},"description":"Admin, Fjala e Lir\u00eb","sameAs":["https:\/\/fjala.info\/"],"url":"https:\/\/fjala.info\/2009-2015\/author\/admin\/"}]}},"_links":{"self":[{"href":"https:\/\/fjala.info\/2009-2015\/wp-json\/wp\/v2\/posts\/11694","targetHints":{"allow":["GET"]}}],"collection":[{"href":"https:\/\/fjala.info\/2009-2015\/wp-json\/wp\/v2\/posts"}],"about":[{"href":"https:\/\/fjala.info\/2009-2015\/wp-json\/wp\/v2\/types\/post"}],"author":[{"embeddable":true,"href":"https:\/\/fjala.info\/2009-2015\/wp-json\/wp\/v2\/users\/1"}],"replies":[{"embeddable":true,"href":"https:\/\/fjala.info\/2009-2015\/wp-json\/wp\/v2\/comments?post=11694"}],"version-history":[{"count":0,"href":"https:\/\/fjala.info\/2009-2015\/wp-json\/wp\/v2\/posts\/11694\/revisions"}],"wp:attachment":[{"href":"https:\/\/fjala.info\/2009-2015\/wp-json\/wp\/v2\/media?parent=11694"}],"wp:term":[{"taxonomy":"category","embeddable":true,"href":"https:\/\/fjala.info\/2009-2015\/wp-json\/wp\/v2\/categories?post=11694"},{"taxonomy":"post_tag","embeddable":true,"href":"https:\/\/fjala.info\/2009-2015\/wp-json\/wp\/v2\/tags?post=11694"}],"curies":[{"name":"wp","href":"https:\/\/api.w.org\/{rel}","templated":true}]}}