{"id":11692,"date":"2012-02-14T22:25:46","date_gmt":"2012-02-14T21:25:46","guid":{"rendered":"http:\/\/fjala.shkoder.net\/?p=1775"},"modified":"2012-02-14T22:25:46","modified_gmt":"2012-02-14T21:25:46","slug":"flaka-e-pashuar-shqiptare-e-nje-misioni-poetik","status":"publish","type":"post","link":"https:\/\/fjala.info\/2009-2015\/flaka-e-pashuar-shqiptare-e-nje-misioni-poetik\/","title":{"rendered":"Flaka e pashuar shqiptare e nj\u00eb misioni poetik"},"content":{"rendered":"<p><img decoding=\"async\" class=\"alignleft size-thumbnail wp-image-7236\" title=\"Octavian Mihalcea\" src=\"http:\/\/www.shkoder.net\/2012\/octavian_mihalcea.jpg\" alt=\"\" width=\"100\" \/> (<em>Flac\u0103ra nestinsa albanez\u0103 a unei misiuni poetice<\/em>)<br \/>\n<strong>Octavian Mihalcea<\/strong>*<\/p>\n<p>Universi poetik i Ekzilit t\u00eb shpirtit, nj\u00eb album vlerash t\u00eb larta lirike t\u00eb Sali Bashot\u00ebs, karakterizohet q\u00eb nga fillimi, nga nj\u00eb simboliz\u00ebm eterik q\u00eb p\u00ebrfaq\u00ebson erosin e posaprofiluar. Tashti fli\/ N\u00eb shtratin e but\u00eb me pupla zogjsh\/ Fytyr\u00ebn mbuloje me fildishin e pap\u00ebrshkruar\/ Faqet t\u00eb skuqen kur rr\u00ebshqet buz\u00ebqeshje e pjekur\/ Flok\u00ebt shtrij\u00eb mbi jast\u00ebkun plot \u00ebndrra fati\/ Buz\u00ebt oh buz\u00ebt leht\u00ebsisht mbyllen me nj\u00eb t\u00eb puthur\/ Gjinjt\u00eb digjen zjarr n\u00eb aktin e par\u00eb t\u00eb p\u00ebrqafimit. (&#8220;Bukuroshja e fjetur\u201d).<\/p>\n<p>Itinerari apo rruga p\u00ebrmes fsheht\u00ebsive t\u00eb dashuris\u00eb \u00ebsht\u00eb thelluar deri n\u00eb momentin e mug\u00ebt kur arka e zez\u00eb \u00ebsht\u00eb kalbur pran\u00eb ftoit t\u00eb d\u00ebshir\u00ebs. Drita e poezis\u00eb projektohet bashk\u00eb me ekzistenc\u00ebn e p\u00ebrditshme t\u00eb poetit, nd\u00ebrsa gjendjet lirike e shkulin qenien nga pakuptim\u00ebsia e dukshme e jet\u00ebs, me gjith\u00eb diversitetin e saj. Sali Bashota ka fuqi p\u00ebr transfigurimin e ngjarjeve, n\u00eb k\u00ebt\u00eb m\u00ebnyr\u00eb duke p\u00ebrfituar viz\u00ebn jeshile p\u00ebr t\u00eb hyr\u00eb n\u00eb esenc\u00eb. Ata q\u00eb i japin prioritet shpirtit dhe \u00ebndrr\u00ebs jan\u00eb t\u00eb fisnik\u00ebruar me misionin e shenjt\u00eb t\u00eb poezis\u00eb: \u00c7el\u00ebsin e fshehin n\u00eb atdheun me gjarp\u00ebr n\u00eb gji\/ Poezi poezi poezi poezi poezi poezi poezi poezi poezi\/ Gjak i zi gjak i zi gjak i zi gjak i zi gjak i zi gjak i zi (&#8220;Maje e zez\u00eb\u201d).<\/p>\n<p><img decoding=\"async\" class=\"aligncenter size-thumbnail wp-image-7236\" title=\"Sali Bashota e Luan Topciu\" src=\"http:\/\/www.shkoder.net\/2012\/sali_bashota_luan_topciu.jpg\" alt=\"\" width=\"500\" \/><\/p>\n<p>Kjo poezi i nxjerr dhe i t\u00ebrheq burimet fundamentale nga realiteti ekstrem. Nganj\u00ebher\u00eb, \u00ebndrra nuk \u00ebsht\u00eb e mjaftueshme, rrug\u00ebve t\u00eb nj\u00eb jete q\u00eb q\u00ebllon: Bari i djegur i fush\u00ebs shkrumb\/ Pylli i prer\u00eb drunjt\u00eb e ngjyrosur me gjak\/ Po kjo nuk \u00ebsht\u00eb \u00ebnd\u00ebrr\/ Frym\u00ebzimi i trazuar sillet n\u00ebp\u00ebr ferrin e vet\/ Bota reale shkund misterin e fajit (\u201eRekuiem\u201d). Dashuria \u00ebsht\u00eb e pranishme n\u00eb t\u00eb gjitha hipostazat e poezis\u00eb s\u00eb Sali Bashot\u00ebs. Ajo ka funksion shp\u00ebtues, asnj\u00ebher\u00eb e braktisur apo e harruar. Dhembjet mund t\u00eb zbuten vet\u00ebm n\u00ebp\u00ebrmjet prekjes s\u00eb p\u00ebrflakur t\u00eb dashuris\u00eb. Duke qen\u00eb thell\u00ebsisht idealist\u00eb, poet\u00ebt nuk jan\u00eb humb\u00ebs n\u00eb p\u00ebrkushtimin e tyre mbi altarin e idealeve duke marr\u00eb vler\u00eb t\u00eb ligjshme: N\u00ebse vdes poeti\/ n\u00eb dhom\u00ebn krijuese t\u00eb vetmis\u00eb\/ Duke sh\u00ebruar zogjt\u00eb e plagosur\/\/ Vdekja do t\u00eb kishte kuptim tjet\u00ebr\/\/ Ngase nuk vdes poeti (\u201eA vdes poeti\u201d). N\u00eb Ekzilin e shpirtit prioritet ka filozofia e rr\u00ebnj\u00ebve, pa t\u00eb cil\u00ebn \u00e7far\u00ebdoqoft\u00eb tentative drejt perfeksionimit do t\u00eb ishte e pamundshme.<\/p>\n<p>Tradita gjeneron p\u00ebrfytyrime poetike t\u00eb ve\u00e7anta, n\u00eb kontrast me banalitetin e hyr\u00eb n\u00eb zakonshm\u00ebri (n\u00eb krahasim me banalitetin e r\u00ebndomt\u00eb): E shoh poetin me kufoma foshnjash n\u00eb krah\/ Dheu Uji Fryma ia shp\u00eblajn\u00eb M\u00ebkatin\/ Kosova dhe Sh\u00ebn Naumi i gjall\u00eb ndrydhin agimet polare\/ Gjyqtar\u00ebt e qelbur gjuh\u00ebn e qesin n\u00eb gjah\/ Ti plagom\u00eb \u00e7mendie kurr\u00eb mos hap varre (\u201ePlagom\u00eb\u201d). Poezia \u00ebsht\u00eb ila\u00e7i i shp\u00ebtimit nga absurdi i ekzistenc\u00ebs, shpresa e daljes definitive nga qarku i munges\u00ebs.<\/p>\n<p>Por p\u00ebrfytyrimet e tmerrit jan\u00eb gjithmon\u00eb pran\u00eb, gjendje tashm\u00eb t\u00eb p\u00ebrkufizuara n\u00eb brendin\u00eb substanciale t\u00eb p\u00ebrjetuar me v\u00ebshtir\u00ebsi: P\u00ebrs\u00ebri nata e varrit\/ Gjaku im as gur as dru\/ As lot i vajtimit (\u201eAs lot i vajtimit\u201d). \u00cbsht\u00eb nj\u00eb loj\u00eb e p\u00ebrgjakur m\u00eb \u00e7el\u00ebsin e tragjizmit maksimal. Shqet\u00ebsime mbi shqet\u00ebsime. Trishtim, shpirtra dhe bot\u00eb t\u00eb sakrifikuara. Terrori i historis\u00eb serbe kund\u00ebr shpirtit shqiptar ende \u00ebsht\u00eb prezent n\u00eb Sheshin e Dardanis\u00eb. Vet\u00ebdijesimi shnd\u00ebrrohet n\u00eb nj\u00eb gjendje t\u00eb natyrshme, besimi duke qen\u00eb nj\u00eb sintagm\u00eb e zbrazt\u00eb nga substanca. Mbizot\u00ebrojn\u00eb nuanca t\u00eb per\u00ebnduara, agnosante: N\u00ebna ime p\u00ebrse hesht\/ Un\u00eb po b\u00ebj gjum\u00eb gjarpri\/ Me kobure zjarri n\u00ebn kok\u00eb (\u201eHeshtja\u201d).<\/p>\n<p>Zhg\u00ebnjimet d\u00ebshmohen si nj\u00eb instrument shtypjeje, duke qen\u00eb t\u00eb ngjyrosura me nuanca t\u00eb forta. Zot\u00ebron spektri i braktisjes dhe yjeve t\u00eb r\u00ebn\u00eb. N\u00eb poezin\u00eb e Sali Bashot\u00ebs, vetmia p\u00ebrshkruhet si nj\u00eb instrument i p\u00ebrgjakur, duke zot\u00ebruar hap\u00ebsira t\u00eb gjera shpirt\u00ebrore. Prej k\u00ebtu, nj\u00eb t\u00ebhuajsim i ashp\u00ebr dhe i dhimbsh\u00ebm: \u00c7\u2019deshe jet\u00ebn piktur\u00eb t\u00eb rreme\/ Trok\u00ebllim\u00ebn e kuajve trojan\u00eb\/ Fatin e Jeseninit vet\u00ebvras\u00ebs\/ Dhe gruan e pabes\u00eb\/ Q\u00eb zemrat t\u00eb rriturve ua kafshon (\u201cVrasja e frym\u00ebzimit\u201d). V\u00ebrejm\u00eb pranin\u00eb v\u00ebrshuese t\u00eb gjarp\u00ebrinjve, p\u00ebr m\u00eb tep\u00ebr shum\u00eb gjarp\u00ebrinj duke u zvarritur n\u00ebp\u00ebr \u00ebndrrat e shqiptarit t\u00eb ndodhur n\u00eb rob\u00ebri. Frym\u00ebzimet i p\u00ebrkasin nj\u00eb kohe t\u00eb shkuar, para \u00e7rob\u00ebrimit t\u00eb Dardanis\u00eb nga sundimi i huaj. K\u00ebrc\u00ebnimet e p\u00ebrgjojn\u00eb drit\u00ebn. Shpesh her\u00eb, fantazmat marrin sh\u00ebmb\u00eblltyr\u00eb kafshe, at\u00ebher\u00eb kur misteret e terratisura qasen papritmas.<\/p>\n<p>N\u00eb k\u00ebt\u00eb univers t\u00eb traumatizuar k\u00ebrkohet me f\u00ebrg\u00ebllim\u00eb liria. Ngase k\u00ebtu, Fryma shpirti m\u00ebkati spastrohen dit\u00ebn e par\u00eb\/ Kur largohesh nj\u00eb her\u00eb drejt p\u00ebrhumbjes s\u00eb thell\u00eb\/ Qyqe vet\u00ebm mbi tehun e \u00ebndrrave k\u00eblthet ku \u00ebsht\u00eb liria. (\u201eBukuri e \u00e7mendur\u201d). Sentimentet i kaplon dhembja. Lulet shk\u00ebputen nga lot\u00ebt dhe dashuria shakmiset si nj\u00eb instrument i pabesis\u00eb. Megjithat\u00eb, d\u00ebshira e nj\u00eb fillimi t\u00eb ri \u00ebsht\u00eb af\u00ebr. Fatntazmat mund t\u00eb d\u00ebbohen, duke u fshir\u00eb nga memoria, me t\u00eb gjitha plag\u00ebt e dhembja q\u00eb vajton sa m\u00eb thell\u00eb p\u00ebr trishtimin. Bukuri e \u00e7mendur, thot\u00eb poeti, t\u00ebr\u00eb jet\u00ebn k\u00eblthet ku \u00ebsht\u00eb liria. Shpresa e padegdisur, pa gjurm\u00eb frike, e p\u00ebrshkon esencialisht poezin\u00eb e Sali Bashot\u00ebs, p\u00ebrkund\u00ebr kambanave t\u00eb trishtimit dhe vargjeve t\u00eb plagosura nga fantazmat e nj\u00eb t\u00eb shkuare t\u00eb d\u00ebbuar.<\/p>\n<p>(*<em>Autori i k\u00ebtij shkrimi, Octavian Mihalcea, \u00ebsht\u00eb poet dhe eseist, funksionar i Bibliotek\u00ebs s\u00eb Qendr\u00ebs Komb\u00ebtare Ushtarake n\u00eb Bukuresht. E p\u00ebrktheu nga rumanishtja: B. Y<\/em>.).<\/p>\n","protected":false},"excerpt":{"rendered":"<p>(Flac\u0103ra nestinsa albanez\u0103 a unei misiuni poetice) Octavian Mihalcea* Universi poetik i Ekzilit t\u00eb shpirtit, nj\u00eb album vlerash t\u00eb larta lirike t\u00eb Sali Bashot\u00ebs, karakterizohet q\u00eb nga fillimi, nga nj\u00eb simboliz\u00ebm eterik q\u00eb p\u00ebrfaq\u00ebson erosin e posaprofiluar. Tashti fli\/ N\u00eb shtratin e but\u00eb me pupla zogjsh\/ Fytyr\u00ebn mbuloje me fildishin e pap\u00ebrshkruar\/ Faqet t\u00eb skuqen [&hellip;]<\/p>\n","protected":false},"author":1,"featured_media":0,"comment_status":"open","ping_status":"closed","sticky":false,"template":"","format":"standard","meta":{"footnotes":""},"categories":[2],"tags":[],"class_list":{"0":"post-11692","1":"post","2":"type-post","3":"status-publish","4":"format-standard","6":"category-artikuj"},"yoast_head":"<!-- This site is optimized with the Yoast SEO plugin v27.4 - https:\/\/yoast.com\/product\/yoast-seo-wordpress\/ -->\n<title>Flaka e pashuar shqiptare e nj\u00eb misioni poetik - FjALA e LIR\u00cb - Arkivi<\/title>\n<meta name=\"robots\" content=\"index, follow, max-snippet:-1, max-image-preview:large, max-video-preview:-1\" \/>\n<link rel=\"canonical\" href=\"https:\/\/fjala.info\/2009-2015\/flaka-e-pashuar-shqiptare-e-nje-misioni-poetik\/\" \/>\n<meta property=\"og:locale\" content=\"sq_AL\" \/>\n<meta property=\"og:type\" content=\"article\" \/>\n<meta property=\"og:title\" content=\"Flaka e pashuar shqiptare e nj\u00eb misioni poetik - FjALA e LIR\u00cb - Arkivi\" \/>\n<meta property=\"og:description\" content=\"(Flac\u0103ra nestinsa albanez\u0103 a unei misiuni poetice) Octavian Mihalcea* Universi poetik i Ekzilit t\u00eb shpirtit, nj\u00eb album vlerash t\u00eb larta lirike t\u00eb Sali Bashot\u00ebs, karakterizohet q\u00eb nga fillimi, nga nj\u00eb simboliz\u00ebm eterik q\u00eb p\u00ebrfaq\u00ebson erosin e posaprofiluar. Tashti fli\/ N\u00eb shtratin e but\u00eb me pupla zogjsh\/ Fytyr\u00ebn mbuloje me fildishin e pap\u00ebrshkruar\/ Faqet t\u00eb skuqen [&hellip;]\" \/>\n<meta property=\"og:url\" content=\"https:\/\/fjala.info\/2009-2015\/flaka-e-pashuar-shqiptare-e-nje-misioni-poetik\/\" \/>\n<meta property=\"og:site_name\" content=\"FjALA e LIR\u00cb - Arkivi\" \/>\n<meta property=\"article:published_time\" content=\"2012-02-14T21:25:46+00:00\" \/>\n<meta property=\"og:image\" content=\"http:\/\/www.shkoder.net\/2012\/octavian_mihalcea.jpg\" \/>\n<meta name=\"author\" content=\"admin\" \/>\n<meta name=\"twitter:card\" content=\"summary_large_image\" \/>\n<meta name=\"twitter:label1\" content=\"Written by\" \/>\n\t<meta name=\"twitter:data1\" content=\"admin\" \/>\n\t<meta name=\"twitter:label2\" content=\"Est. reading time\" \/>\n\t<meta name=\"twitter:data2\" content=\"5 minutes\" \/>\n<script type=\"application\/ld+json\" class=\"yoast-schema-graph\">{\"@context\":\"https:\\\/\\\/schema.org\",\"@graph\":[{\"@type\":\"Article\",\"@id\":\"https:\\\/\\\/fjala.info\\\/2009-2015\\\/flaka-e-pashuar-shqiptare-e-nje-misioni-poetik\\\/#article\",\"isPartOf\":{\"@id\":\"https:\\\/\\\/fjala.info\\\/2009-2015\\\/flaka-e-pashuar-shqiptare-e-nje-misioni-poetik\\\/\"},\"author\":{\"name\":\"admin\",\"@id\":\"https:\\\/\\\/fjala.info\\\/2009-2015\\\/#\\\/schema\\\/person\\\/3aa1163ef05469c496fc94e77611ada2\"},\"headline\":\"Flaka e pashuar shqiptare e nj\u00eb misioni poetik\",\"datePublished\":\"2012-02-14T21:25:46+00:00\",\"mainEntityOfPage\":{\"@id\":\"https:\\\/\\\/fjala.info\\\/2009-2015\\\/flaka-e-pashuar-shqiptare-e-nje-misioni-poetik\\\/\"},\"wordCount\":1009,\"commentCount\":0,\"publisher\":{\"@id\":\"https:\\\/\\\/fjala.info\\\/2009-2015\\\/#organization\"},\"image\":{\"@id\":\"https:\\\/\\\/fjala.info\\\/2009-2015\\\/flaka-e-pashuar-shqiptare-e-nje-misioni-poetik\\\/#primaryimage\"},\"thumbnailUrl\":\"http:\\\/\\\/www.shkoder.net\\\/2012\\\/octavian_mihalcea.jpg\",\"articleSection\":[\"Artikuj\"],\"inLanguage\":\"sq-AL\",\"potentialAction\":[{\"@type\":\"CommentAction\",\"name\":\"Comment\",\"target\":[\"https:\\\/\\\/fjala.info\\\/2009-2015\\\/flaka-e-pashuar-shqiptare-e-nje-misioni-poetik\\\/#respond\"]}]},{\"@type\":\"WebPage\",\"@id\":\"https:\\\/\\\/fjala.info\\\/2009-2015\\\/flaka-e-pashuar-shqiptare-e-nje-misioni-poetik\\\/\",\"url\":\"https:\\\/\\\/fjala.info\\\/2009-2015\\\/flaka-e-pashuar-shqiptare-e-nje-misioni-poetik\\\/\",\"name\":\"Flaka e pashuar shqiptare e nj\u00eb misioni poetik - FjALA e LIR\u00cb - Arkivi\",\"isPartOf\":{\"@id\":\"https:\\\/\\\/fjala.info\\\/2009-2015\\\/#website\"},\"primaryImageOfPage\":{\"@id\":\"https:\\\/\\\/fjala.info\\\/2009-2015\\\/flaka-e-pashuar-shqiptare-e-nje-misioni-poetik\\\/#primaryimage\"},\"image\":{\"@id\":\"https:\\\/\\\/fjala.info\\\/2009-2015\\\/flaka-e-pashuar-shqiptare-e-nje-misioni-poetik\\\/#primaryimage\"},\"thumbnailUrl\":\"http:\\\/\\\/www.shkoder.net\\\/2012\\\/octavian_mihalcea.jpg\",\"datePublished\":\"2012-02-14T21:25:46+00:00\",\"breadcrumb\":{\"@id\":\"https:\\\/\\\/fjala.info\\\/2009-2015\\\/flaka-e-pashuar-shqiptare-e-nje-misioni-poetik\\\/#breadcrumb\"},\"inLanguage\":\"sq-AL\",\"potentialAction\":[{\"@type\":\"ReadAction\",\"target\":[\"https:\\\/\\\/fjala.info\\\/2009-2015\\\/flaka-e-pashuar-shqiptare-e-nje-misioni-poetik\\\/\"]}]},{\"@type\":\"ImageObject\",\"inLanguage\":\"sq-AL\",\"@id\":\"https:\\\/\\\/fjala.info\\\/2009-2015\\\/flaka-e-pashuar-shqiptare-e-nje-misioni-poetik\\\/#primaryimage\",\"url\":\"http:\\\/\\\/www.shkoder.net\\\/2012\\\/octavian_mihalcea.jpg\",\"contentUrl\":\"http:\\\/\\\/www.shkoder.net\\\/2012\\\/octavian_mihalcea.jpg\"},{\"@type\":\"BreadcrumbList\",\"@id\":\"https:\\\/\\\/fjala.info\\\/2009-2015\\\/flaka-e-pashuar-shqiptare-e-nje-misioni-poetik\\\/#breadcrumb\",\"itemListElement\":[{\"@type\":\"ListItem\",\"position\":1,\"name\":\"Home\",\"item\":\"https:\\\/\\\/fjala.info\\\/2009-2015\\\/\"},{\"@type\":\"ListItem\",\"position\":2,\"name\":\"Flaka e pashuar shqiptare e nj\u00eb misioni poetik\"}]},{\"@type\":\"WebSite\",\"@id\":\"https:\\\/\\\/fjala.info\\\/2009-2015\\\/#website\",\"url\":\"https:\\\/\\\/fjala.info\\\/2009-2015\\\/\",\"name\":\"FjALA e LIR\u00cb - Arkivi\",\"description\":\"Arkivi 2009-2015\",\"publisher\":{\"@id\":\"https:\\\/\\\/fjala.info\\\/2009-2015\\\/#organization\"},\"potentialAction\":[{\"@type\":\"SearchAction\",\"target\":{\"@type\":\"EntryPoint\",\"urlTemplate\":\"https:\\\/\\\/fjala.info\\\/2009-2015\\\/?s={search_term_string}\"},\"query-input\":{\"@type\":\"PropertyValueSpecification\",\"valueRequired\":true,\"valueName\":\"search_term_string\"}}],\"inLanguage\":\"sq-AL\"},{\"@type\":\"Organization\",\"@id\":\"https:\\\/\\\/fjala.info\\\/2009-2015\\\/#organization\",\"name\":\"FjALA e LIR\u00cb - Arkivi\",\"url\":\"https:\\\/\\\/fjala.info\\\/2009-2015\\\/\",\"logo\":{\"@type\":\"ImageObject\",\"inLanguage\":\"sq-AL\",\"@id\":\"https:\\\/\\\/fjala.info\\\/2009-2015\\\/#\\\/schema\\\/logo\\\/image\\\/\",\"url\":\"\",\"contentUrl\":\"\",\"caption\":\"FjALA e LIR\u00cb - Arkivi\"},\"image\":{\"@id\":\"https:\\\/\\\/fjala.info\\\/2009-2015\\\/#\\\/schema\\\/logo\\\/image\\\/\"}},{\"@type\":\"Person\",\"@id\":\"https:\\\/\\\/fjala.info\\\/2009-2015\\\/#\\\/schema\\\/person\\\/3aa1163ef05469c496fc94e77611ada2\",\"name\":\"admin\",\"image\":{\"@type\":\"ImageObject\",\"inLanguage\":\"sq-AL\",\"@id\":\"https:\\\/\\\/fjala.info\\\/2009-2015\\\/wp-content\\\/uploads\\\/2012\\\/02\\\/arben_cokaj-120x150.jpg\",\"url\":\"https:\\\/\\\/fjala.info\\\/2009-2015\\\/wp-content\\\/uploads\\\/2012\\\/02\\\/arben_cokaj-120x150.jpg\",\"contentUrl\":\"https:\\\/\\\/fjala.info\\\/2009-2015\\\/wp-content\\\/uploads\\\/2012\\\/02\\\/arben_cokaj-120x150.jpg\",\"caption\":\"admin\"},\"description\":\"Admin, Fjala e Lir\u00eb\",\"sameAs\":[\"https:\\\/\\\/fjala.info\\\/\"],\"url\":\"https:\\\/\\\/fjala.info\\\/2009-2015\\\/author\\\/admin\\\/\"}]}<\/script>\n<!-- \/ Yoast SEO plugin. -->","yoast_head_json":{"title":"Flaka e pashuar shqiptare e nj\u00eb misioni poetik - FjALA e LIR\u00cb - Arkivi","robots":{"index":"index","follow":"follow","max-snippet":"max-snippet:-1","max-image-preview":"max-image-preview:large","max-video-preview":"max-video-preview:-1"},"canonical":"https:\/\/fjala.info\/2009-2015\/flaka-e-pashuar-shqiptare-e-nje-misioni-poetik\/","og_locale":"sq_AL","og_type":"article","og_title":"Flaka e pashuar shqiptare e nj\u00eb misioni poetik - FjALA e LIR\u00cb - Arkivi","og_description":"(Flac\u0103ra nestinsa albanez\u0103 a unei misiuni poetice) Octavian Mihalcea* Universi poetik i Ekzilit t\u00eb shpirtit, nj\u00eb album vlerash t\u00eb larta lirike t\u00eb Sali Bashot\u00ebs, karakterizohet q\u00eb nga fillimi, nga nj\u00eb simboliz\u00ebm eterik q\u00eb p\u00ebrfaq\u00ebson erosin e posaprofiluar. Tashti fli\/ N\u00eb shtratin e but\u00eb me pupla zogjsh\/ Fytyr\u00ebn mbuloje me fildishin e pap\u00ebrshkruar\/ Faqet t\u00eb skuqen [&hellip;]","og_url":"https:\/\/fjala.info\/2009-2015\/flaka-e-pashuar-shqiptare-e-nje-misioni-poetik\/","og_site_name":"FjALA e LIR\u00cb - Arkivi","article_published_time":"2012-02-14T21:25:46+00:00","og_image":[{"url":"http:\/\/www.shkoder.net\/2012\/octavian_mihalcea.jpg","type":"","width":"","height":""}],"author":"admin","twitter_card":"summary_large_image","twitter_misc":{"Written by":"admin","Est. reading time":"5 minutes"},"schema":{"@context":"https:\/\/schema.org","@graph":[{"@type":"Article","@id":"https:\/\/fjala.info\/2009-2015\/flaka-e-pashuar-shqiptare-e-nje-misioni-poetik\/#article","isPartOf":{"@id":"https:\/\/fjala.info\/2009-2015\/flaka-e-pashuar-shqiptare-e-nje-misioni-poetik\/"},"author":{"name":"admin","@id":"https:\/\/fjala.info\/2009-2015\/#\/schema\/person\/3aa1163ef05469c496fc94e77611ada2"},"headline":"Flaka e pashuar shqiptare e nj\u00eb misioni poetik","datePublished":"2012-02-14T21:25:46+00:00","mainEntityOfPage":{"@id":"https:\/\/fjala.info\/2009-2015\/flaka-e-pashuar-shqiptare-e-nje-misioni-poetik\/"},"wordCount":1009,"commentCount":0,"publisher":{"@id":"https:\/\/fjala.info\/2009-2015\/#organization"},"image":{"@id":"https:\/\/fjala.info\/2009-2015\/flaka-e-pashuar-shqiptare-e-nje-misioni-poetik\/#primaryimage"},"thumbnailUrl":"http:\/\/www.shkoder.net\/2012\/octavian_mihalcea.jpg","articleSection":["Artikuj"],"inLanguage":"sq-AL","potentialAction":[{"@type":"CommentAction","name":"Comment","target":["https:\/\/fjala.info\/2009-2015\/flaka-e-pashuar-shqiptare-e-nje-misioni-poetik\/#respond"]}]},{"@type":"WebPage","@id":"https:\/\/fjala.info\/2009-2015\/flaka-e-pashuar-shqiptare-e-nje-misioni-poetik\/","url":"https:\/\/fjala.info\/2009-2015\/flaka-e-pashuar-shqiptare-e-nje-misioni-poetik\/","name":"Flaka e pashuar shqiptare e nj\u00eb misioni poetik - FjALA e LIR\u00cb - Arkivi","isPartOf":{"@id":"https:\/\/fjala.info\/2009-2015\/#website"},"primaryImageOfPage":{"@id":"https:\/\/fjala.info\/2009-2015\/flaka-e-pashuar-shqiptare-e-nje-misioni-poetik\/#primaryimage"},"image":{"@id":"https:\/\/fjala.info\/2009-2015\/flaka-e-pashuar-shqiptare-e-nje-misioni-poetik\/#primaryimage"},"thumbnailUrl":"http:\/\/www.shkoder.net\/2012\/octavian_mihalcea.jpg","datePublished":"2012-02-14T21:25:46+00:00","breadcrumb":{"@id":"https:\/\/fjala.info\/2009-2015\/flaka-e-pashuar-shqiptare-e-nje-misioni-poetik\/#breadcrumb"},"inLanguage":"sq-AL","potentialAction":[{"@type":"ReadAction","target":["https:\/\/fjala.info\/2009-2015\/flaka-e-pashuar-shqiptare-e-nje-misioni-poetik\/"]}]},{"@type":"ImageObject","inLanguage":"sq-AL","@id":"https:\/\/fjala.info\/2009-2015\/flaka-e-pashuar-shqiptare-e-nje-misioni-poetik\/#primaryimage","url":"http:\/\/www.shkoder.net\/2012\/octavian_mihalcea.jpg","contentUrl":"http:\/\/www.shkoder.net\/2012\/octavian_mihalcea.jpg"},{"@type":"BreadcrumbList","@id":"https:\/\/fjala.info\/2009-2015\/flaka-e-pashuar-shqiptare-e-nje-misioni-poetik\/#breadcrumb","itemListElement":[{"@type":"ListItem","position":1,"name":"Home","item":"https:\/\/fjala.info\/2009-2015\/"},{"@type":"ListItem","position":2,"name":"Flaka e pashuar shqiptare e nj\u00eb misioni poetik"}]},{"@type":"WebSite","@id":"https:\/\/fjala.info\/2009-2015\/#website","url":"https:\/\/fjala.info\/2009-2015\/","name":"FjALA e LIR\u00cb - Arkivi","description":"Arkivi 2009-2015","publisher":{"@id":"https:\/\/fjala.info\/2009-2015\/#organization"},"potentialAction":[{"@type":"SearchAction","target":{"@type":"EntryPoint","urlTemplate":"https:\/\/fjala.info\/2009-2015\/?s={search_term_string}"},"query-input":{"@type":"PropertyValueSpecification","valueRequired":true,"valueName":"search_term_string"}}],"inLanguage":"sq-AL"},{"@type":"Organization","@id":"https:\/\/fjala.info\/2009-2015\/#organization","name":"FjALA e LIR\u00cb - Arkivi","url":"https:\/\/fjala.info\/2009-2015\/","logo":{"@type":"ImageObject","inLanguage":"sq-AL","@id":"https:\/\/fjala.info\/2009-2015\/#\/schema\/logo\/image\/","url":"","contentUrl":"","caption":"FjALA e LIR\u00cb - Arkivi"},"image":{"@id":"https:\/\/fjala.info\/2009-2015\/#\/schema\/logo\/image\/"}},{"@type":"Person","@id":"https:\/\/fjala.info\/2009-2015\/#\/schema\/person\/3aa1163ef05469c496fc94e77611ada2","name":"admin","image":{"@type":"ImageObject","inLanguage":"sq-AL","@id":"https:\/\/fjala.info\/2009-2015\/wp-content\/uploads\/2012\/02\/arben_cokaj-120x150.jpg","url":"https:\/\/fjala.info\/2009-2015\/wp-content\/uploads\/2012\/02\/arben_cokaj-120x150.jpg","contentUrl":"https:\/\/fjala.info\/2009-2015\/wp-content\/uploads\/2012\/02\/arben_cokaj-120x150.jpg","caption":"admin"},"description":"Admin, Fjala e Lir\u00eb","sameAs":["https:\/\/fjala.info\/"],"url":"https:\/\/fjala.info\/2009-2015\/author\/admin\/"}]}},"_links":{"self":[{"href":"https:\/\/fjala.info\/2009-2015\/wp-json\/wp\/v2\/posts\/11692","targetHints":{"allow":["GET"]}}],"collection":[{"href":"https:\/\/fjala.info\/2009-2015\/wp-json\/wp\/v2\/posts"}],"about":[{"href":"https:\/\/fjala.info\/2009-2015\/wp-json\/wp\/v2\/types\/post"}],"author":[{"embeddable":true,"href":"https:\/\/fjala.info\/2009-2015\/wp-json\/wp\/v2\/users\/1"}],"replies":[{"embeddable":true,"href":"https:\/\/fjala.info\/2009-2015\/wp-json\/wp\/v2\/comments?post=11692"}],"version-history":[{"count":0,"href":"https:\/\/fjala.info\/2009-2015\/wp-json\/wp\/v2\/posts\/11692\/revisions"}],"wp:attachment":[{"href":"https:\/\/fjala.info\/2009-2015\/wp-json\/wp\/v2\/media?parent=11692"}],"wp:term":[{"taxonomy":"category","embeddable":true,"href":"https:\/\/fjala.info\/2009-2015\/wp-json\/wp\/v2\/categories?post=11692"},{"taxonomy":"post_tag","embeddable":true,"href":"https:\/\/fjala.info\/2009-2015\/wp-json\/wp\/v2\/tags?post=11692"}],"curies":[{"name":"wp","href":"https:\/\/api.w.org\/{rel}","templated":true}]}}