{"id":11691,"date":"2012-02-14T21:13:04","date_gmt":"2012-02-14T20:13:04","guid":{"rendered":"http:\/\/fjala.shkoder.net\/?p=1773"},"modified":"2012-02-14T21:13:04","modified_gmt":"2012-02-14T20:13:04","slug":"jam-kosovar-pra-jam-shqiptar","status":"publish","type":"post","link":"https:\/\/fjala.info\/2009-2015\/jam-kosovar-pra-jam-shqiptar\/","title":{"rendered":"Jam Kosovar Pra, Jam Shqiptar"},"content":{"rendered":"<p style=\"text-align: right;\"><img decoding=\"async\" class=\"alignright size-thumbnail wp-image-7236\" title=\"Neki Babamusta\" src=\"http:\/\/www.shkoder.net\/images\/fjala\/2011\/neki_babamusta.jpg\" alt=\"\" width=\"150\" \/> <em>Neki Babamusta\u00a0\u00a0\u00a0 <\/em><\/p>\n<p>Nga: <strong>Prof. Neki Babamusta<\/strong>, <em>Lond\u00ebr, 14 shkurt 2012<\/em><\/p>\n<p><strong><em>Aqif Averiku gurk\u00ebshtjelle n\u00eb pavdek\u00ebsi (1910 \u2013 1947)<\/em><\/strong><\/p>\n<p>Kalaja st\u00ebrgjyshore e Gjirokastr\u00ebs ka mbetur legjend\u00eb e Arb\u00ebrit, simbol q\u00ebndrese p\u00ebr liri dhe p\u00ebr t\u00eb bukur\u00ebn gjuh\u00ebn shqipe.<\/p>\n<p>Argjiro: m\u00eb t\u00eb shtrenjt\u00ebn kishte er\u00ebn e liris\u00eb. Pranoi humner\u00ebn me foshnjen n\u00eb gji, q\u00eb barbar\u00ebt t\u00eb mos c\u00ebnonin nderin e kombit. P\u00ebr at\u00eb liri dhe nder edhe Nora e Kelmendit nuk pranoi t\u00eb b\u00ebhej skllave e Pashait turk, duke e goditur me thik\u00eb drejt e n\u00eb zem\u00ebr.<\/p>\n<p>Trimat e \u00c7er\u00e7iz e Bajo Topullit, t\u00eb Mihal Gramenos, nuk lejuan q\u00eb fortesa e Girokastr\u00ebs t\u00eb binte n\u00eb duart e pushtuesve turq. Ironi e fatit! Pashallar\u00ebt e kuq komunist e kthyen kalan\u00eb n\u00eb burg \u2013 ferr. Ngrit\u00ebn dhjetra qeli, rrethuar me hekura, zinxhir e fr\u00ebngji. Qindra e mij\u00ebra njer\u00ebz t\u00eb pafajsh\u00ebm u torturuan dhe u pushkatuan nga diktatura. Kjo fortes\u00eb q\u00eb mbrojti lirin\u00eb e Shqip\u00ebris\u00eb nga pushtuesit e huaj p\u00ebr shekuj, po ashtu i mohoi lirin\u00eb shqiptareve gjat\u00eb dikturt\u00ebs. Satan\u00ebt e kuq organizonin festivale t\u00eb k\u00ebng\u00ebs popullore n\u00eb kala, duke hedhur valle mbi gjakun e martir\u00ebve, mes t\u00eb cil\u00ebve edhe Aqif Averikut.<\/p>\n<p>Aqif Averiku lindi dhe u edukua nga nj\u00eb fis patriot\u00ebsh nga Kosova. Mbaroi studimet e larta ushtarake n\u00eb Itali. Aqifi, bashk\u00eb me nj\u00eb grup oficer\u00ebsh shqiptar, dit\u00ebn e ceremonis\u00eb s\u00eb diplomimit, nuk pranuan t\u00eb b\u00ebnin betimin p\u00ebrpara flamurit italian, me sopatat e Fashizmit. Ata deklaruan p\u00ebrpara autoriteteve t\u00eb larta ushtarake italiane: \u201cB\u00ebjm\u00eb betimin, duke u ulur n\u00eb gjunj\u00eb, vet\u00ebm p\u00ebrpara flamurit t\u00eb kombit ton\u00eb shqiptar.\u201d<\/p>\n<p>Gjat\u00eb koh\u00ebs s\u00eb Mbret\u00ebris\u00eb t\u00eb Zogut I, Aqif Averiku iu p\u00ebrkushtua pun\u00ebs p\u00ebr forcimin dhe modernizimin e ushtris\u00eb shqiptare. U bashkua me grupin e patriot\u00ebve nacionlist\u00eb, ku shkreh\u00ebn pushk\u00ebn kund\u00ebr agresor\u00ebve italian. N\u00eb vitet e para t\u00eb luft\u00ebs kund\u00ebr fashizmit (v. 1940 &#8211; 44) si patriot nacionialist Aqifi doli malit me arm\u00eb n\u00eb dor\u00eb n\u00eb Frontin e Luft\u00ebs Anti-fashiste Nacional \u00c7lirimtare (N\u00c7L). Ai besonte n\u00eb iden\u00eb e hedhur n\u00eb Konferenc\u00ebn e Pez\u00ebs, (16 shtator 1942) p\u00ebr krijimin e nj\u00eb fronti t\u00eb bashkuar kund\u00ebr pushtuesve \u201cpa dallim feje, krahine dhe ideje\u201d.<\/p>\n<p>Partia Komuniste (P.K.Sh) n\u00eb Marr\u00ebveshtjen e Mukjes me 2 gusht 1943 tradhtoi forcat nacionaliste, duke i shapllur luft\u00eb atyre dhe proklamoi veten si drejtuese e vetme e luft\u00ebs \u00e7lirimtare. Nacionalist\u00ebt shqiptar nuk pranonin yllin e kuq, simbolin e komunizmit.<\/p>\n<p>N\u00eb vitet 1944-46, Aqif Averiku ra n\u00eb kontakt me Organizat\u00ebn Nacionaliste n\u00eb Shqip\u00ebri, Fronti i Rezistenc\u00ebs, drejtuar nga Hamdi Frash\u00ebri. Q\u00ebllimi i organizat\u00ebs: rr\u00ebzimi i komunizmit, bashkimi i Shqip\u00ebris\u00eb me Kosov\u00ebn dhe lidhja e miq\u00ebsis\u00eb midis Shqip\u00ebri \u2013 Sh.B.A. \u2013 Angli. Pjes\u00ebmarr\u00ebsit e Frontit t\u00eb Rezistenc\u00ebs nuk i kishin lyer duart me gjak. Veprimtaria e tyre mb\u00ebshtetej n\u00eb parimet e larta t\u00eb demokracis\u00eb: nd\u00ebrrim pushteti me rrug\u00eb paq\u00ebsore, jo me vrasje.<\/p>\n<p>Organet fam\u00ebkeqe t\u00eb sigurimit, suvijuan veprimtarin\u00eb e Organizat\u00ebs Nacioinaliste, me deg\u00eb n\u00eb t\u00ebr\u00eb Shqip\u00ebrin\u00eb. Shumica e veprimtar\u00ebve t\u00eb Frontit t\u00eb Rezistenc\u00ebs u arrestuan n\u00eb vitin 1946 nga Sigurimi i Shtetit. Diktatura komuniste, shumic\u00ebn e tyre i burgosi dhe i pushkatoi. K\u00ebt\u00eb fat tragjik pati edhe Aqif Averiku. Ai provoi torturat m\u00eb \u00e7njer\u00ebzore n\u00eb burgun e Tiran\u00ebs. N\u00eb v. 1945 &#8211; 46 ai kishte kryer me nder detyr\u00ebn e oficerit n\u00eb zyrat e rekurtimit ushtarak n\u00eb Sarand\u00eb. Arrestohet nga Sigurimi i Shtetit me akuz\u00ebn bolshevike: \u201carmik i popullit, q\u00eb k\u00ebrkoi t\u00eb p\u00ebrmbyste me forc\u00eb pushtetin poullor!\u201d Vendimi i gjykat\u00ebs komuniste: \u201cd\u00ebnim me pushkatim\u201d.<\/p>\n<p>Aqif Averiku, me nacionalist\u00ebt e kombit, nuk kishin b\u00ebr\u00eb tradh\u00ebti. Por drejt\u00ebsia komuniste vendoste vet\u00eb ligjin.<\/p>\n<p>Pas nj\u00eb viti trajtimi \u00e7njer\u00ebzor n\u00eb burg, me nj\u00eb shok t\u00eb tij d\u00ebrgohet n\u00eb kalan\u00eb e Gjirokastr\u00ebs. Q\u00eb t\u00eb dy i kishin lidhur me zinxhir\u00eb. Aqif Averiku nuk pranoi t\u2019ia lidhnin fytyr\u00ebn me shami. Pushkatar\u00ebve t\u00eb par\u00eb, iu dridh dora, sepse po egzekutonin dy njer\u00ebz t\u00eb pafajsh\u00ebm. Si i k\u00ebrc\u00ebnuan me vdekje, u z\u00ebv\u00ebnd\u00ebsuan nga nj\u00eb skuad\u00ebr tjet\u00ebr pushkatimi. Vaj dhe pik\u00ebllim! Vajtoi i t\u00ebr\u00eb kombi!<\/p>\n<p><img decoding=\"async\" class=\"alignleft size-thumbnail wp-image-7236\" title=\"Aqif Averiku\" src=\"http:\/\/www.shkoder.net\/2012\/aqif_averiku.jpg\" alt=\"\" width=\"200\" \/><em>N\u00eb Foto: <strong>Aqif Averiku <\/strong>(nipi)<\/em><\/p>\n<p>Aqifi la pas gruan e tij, me t\u00eb cil\u00ebn q\u00ebndroi vet\u00ebm tre dit\u00eb martese, para se t\u00eb arrestohej. Fisi patriot i Averik\u00ebve n\u00eb Kavaj\u00eb u godit r\u00ebnd\u00eb nga diktatura komuniste. N\u00eb pro\u00e7eset demokratike, nipat e Aqif Averikut (z. Aqif Averiku, z. Nexhmi Averiku bashk\u00eb me tre v\u00ebllez\u00ebrit e tjer\u00eb), ishin nd\u00ebr t\u00eb par\u00ebt q\u00eb mor\u00ebn pjes\u00eb n\u00eb protestat p\u00ebr rr\u00ebzimin e Diktatur\u00ebs. Pas fitores s\u00eb Demokracis\u00eb, n\u00eb vitin 1993, ish-presidenti i Republik\u00ebs, z. Sali Berisha, e shpalli Aqif Averikun \u201cMartir t\u00eb Demokracis\u00eb\u201d. Nipat e tij, ish-nx\u00ebn\u00ebsit e mi t\u00eb talentuar, si njer\u00ebz t\u00eb pun\u00ebs dhe m\u00ebndjes, me mund e djers\u00eb, kan\u00eb ngritur n\u00eb Kavaj\u00eb disa biznese t\u00eb sukseshme, duke hapur shum\u00eb vende pune p\u00ebr bashk\u00ebqytetar\u00ebt e tyre.<\/p>\n<p>Si humanist\u00eb, pes\u00eb v\u00ebllez\u00ebrit Averiku nd\u00ebrtuan Xhamin\u00eb e re n\u00eb qend\u00ebr t\u00eb qytetit t\u00eb Kavaj\u00ebs. Kan\u00eb asfaltuar rrug\u00eb, u japin ndihma n\u00eb t\u00eb holla \u00e7do vit familjeve me pak t\u00eb ardhura. D\u00ebrgojn\u00eb me parat\u00eb e tyre besimtar\u00eb mysliman\u00eb n\u00eb peligrinazhin e Mek\u00ebs n\u00eb Arabi Saudite, p\u00ebr t\u00eb b\u00ebr\u00eb lutje p\u00ebrpara varrit t\u00eb pejgamerit Muhamed. Televizioni i tyre n\u00eb qend\u00ebr t\u00eb Kavaj\u00ebs transmeton mesazhe paqeje, v\u00ebllaz\u00ebrimi, p\u00ebr bashkim komb\u00ebtar. Gjat\u00eb luft\u00ebs s\u00eb Kosov\u00ebs, n\u00eb mars 1997 ata strehuan dhe sistemuan shum\u00eb familje refugjate kosovare n\u00eb Kavaj\u00eb. Ata punojn\u00eb \u00e7do dit\u00eb p\u00ebr t\u00eb zhvilluar m\u00eb tej dhe p\u00ebrparuar vendin. P\u00ebr k\u00ebto vlera t\u00eb larta q\u00eb kan\u00eb, respektohen nga populli i Kavaj\u00ebs, me gjith\u00eb trevat e saj.<\/p>\n","protected":false},"excerpt":{"rendered":"<p>Neki Babamusta\u00a0\u00a0\u00a0 Nga: Prof. Neki Babamusta, Lond\u00ebr, 14 shkurt 2012 Aqif Averiku gurk\u00ebshtjelle n\u00eb pavdek\u00ebsi (1910 \u2013 1947) Kalaja st\u00ebrgjyshore e Gjirokastr\u00ebs ka mbetur legjend\u00eb e Arb\u00ebrit, simbol q\u00ebndrese p\u00ebr liri dhe p\u00ebr t\u00eb bukur\u00ebn gjuh\u00ebn shqipe. Argjiro: m\u00eb t\u00eb shtrenjt\u00ebn kishte er\u00ebn e liris\u00eb. Pranoi humner\u00ebn me foshnjen n\u00eb gji, q\u00eb barbar\u00ebt t\u00eb mos [&hellip;]<\/p>\n","protected":false},"author":1,"featured_media":0,"comment_status":"open","ping_status":"closed","sticky":false,"template":"","format":"standard","meta":{"footnotes":""},"categories":[2],"tags":[],"class_list":{"0":"post-11691","1":"post","2":"type-post","3":"status-publish","4":"format-standard","6":"category-artikuj"},"yoast_head":"<!-- This site is optimized with the Yoast SEO plugin v27.4 - https:\/\/yoast.com\/product\/yoast-seo-wordpress\/ -->\n<title>Jam Kosovar Pra, Jam Shqiptar - FjALA e LIR\u00cb - Arkivi<\/title>\n<meta name=\"robots\" content=\"index, follow, max-snippet:-1, max-image-preview:large, max-video-preview:-1\" \/>\n<link rel=\"canonical\" href=\"https:\/\/fjala.info\/2009-2015\/jam-kosovar-pra-jam-shqiptar\/\" \/>\n<meta property=\"og:locale\" content=\"sq_AL\" \/>\n<meta property=\"og:type\" content=\"article\" \/>\n<meta property=\"og:title\" content=\"Jam Kosovar Pra, Jam Shqiptar - FjALA e LIR\u00cb - Arkivi\" \/>\n<meta property=\"og:description\" content=\"Neki Babamusta\u00a0\u00a0\u00a0 Nga: Prof. Neki Babamusta, Lond\u00ebr, 14 shkurt 2012 Aqif Averiku gurk\u00ebshtjelle n\u00eb pavdek\u00ebsi (1910 \u2013 1947) Kalaja st\u00ebrgjyshore e Gjirokastr\u00ebs ka mbetur legjend\u00eb e Arb\u00ebrit, simbol q\u00ebndrese p\u00ebr liri dhe p\u00ebr t\u00eb bukur\u00ebn gjuh\u00ebn shqipe. Argjiro: m\u00eb t\u00eb shtrenjt\u00ebn kishte er\u00ebn e liris\u00eb. Pranoi humner\u00ebn me foshnjen n\u00eb gji, q\u00eb barbar\u00ebt t\u00eb mos [&hellip;]\" \/>\n<meta property=\"og:url\" content=\"https:\/\/fjala.info\/2009-2015\/jam-kosovar-pra-jam-shqiptar\/\" \/>\n<meta property=\"og:site_name\" content=\"FjALA e LIR\u00cb - Arkivi\" \/>\n<meta property=\"article:published_time\" content=\"2012-02-14T20:13:04+00:00\" \/>\n<meta property=\"og:image\" content=\"http:\/\/www.shkoder.net\/images\/fjala\/2011\/neki_babamusta.jpg\" \/>\n<meta name=\"author\" content=\"admin\" \/>\n<meta name=\"twitter:card\" content=\"summary_large_image\" \/>\n<meta name=\"twitter:label1\" content=\"Written by\" \/>\n\t<meta name=\"twitter:data1\" content=\"admin\" \/>\n\t<meta name=\"twitter:label2\" content=\"Est. reading time\" \/>\n\t<meta name=\"twitter:data2\" content=\"5 minutes\" \/>\n<script type=\"application\/ld+json\" class=\"yoast-schema-graph\">{\"@context\":\"https:\\\/\\\/schema.org\",\"@graph\":[{\"@type\":\"Article\",\"@id\":\"https:\\\/\\\/fjala.info\\\/2009-2015\\\/jam-kosovar-pra-jam-shqiptar\\\/#article\",\"isPartOf\":{\"@id\":\"https:\\\/\\\/fjala.info\\\/2009-2015\\\/jam-kosovar-pra-jam-shqiptar\\\/\"},\"author\":{\"name\":\"admin\",\"@id\":\"https:\\\/\\\/fjala.info\\\/2009-2015\\\/#\\\/schema\\\/person\\\/3aa1163ef05469c496fc94e77611ada2\"},\"headline\":\"Jam Kosovar Pra, Jam Shqiptar\",\"datePublished\":\"2012-02-14T20:13:04+00:00\",\"mainEntityOfPage\":{\"@id\":\"https:\\\/\\\/fjala.info\\\/2009-2015\\\/jam-kosovar-pra-jam-shqiptar\\\/\"},\"wordCount\":1027,\"commentCount\":0,\"publisher\":{\"@id\":\"https:\\\/\\\/fjala.info\\\/2009-2015\\\/#organization\"},\"image\":{\"@id\":\"https:\\\/\\\/fjala.info\\\/2009-2015\\\/jam-kosovar-pra-jam-shqiptar\\\/#primaryimage\"},\"thumbnailUrl\":\"http:\\\/\\\/www.shkoder.net\\\/images\\\/fjala\\\/2011\\\/neki_babamusta.jpg\",\"articleSection\":[\"Artikuj\"],\"inLanguage\":\"sq-AL\",\"potentialAction\":[{\"@type\":\"CommentAction\",\"name\":\"Comment\",\"target\":[\"https:\\\/\\\/fjala.info\\\/2009-2015\\\/jam-kosovar-pra-jam-shqiptar\\\/#respond\"]}]},{\"@type\":\"WebPage\",\"@id\":\"https:\\\/\\\/fjala.info\\\/2009-2015\\\/jam-kosovar-pra-jam-shqiptar\\\/\",\"url\":\"https:\\\/\\\/fjala.info\\\/2009-2015\\\/jam-kosovar-pra-jam-shqiptar\\\/\",\"name\":\"Jam Kosovar Pra, Jam Shqiptar - FjALA e LIR\u00cb - Arkivi\",\"isPartOf\":{\"@id\":\"https:\\\/\\\/fjala.info\\\/2009-2015\\\/#website\"},\"primaryImageOfPage\":{\"@id\":\"https:\\\/\\\/fjala.info\\\/2009-2015\\\/jam-kosovar-pra-jam-shqiptar\\\/#primaryimage\"},\"image\":{\"@id\":\"https:\\\/\\\/fjala.info\\\/2009-2015\\\/jam-kosovar-pra-jam-shqiptar\\\/#primaryimage\"},\"thumbnailUrl\":\"http:\\\/\\\/www.shkoder.net\\\/images\\\/fjala\\\/2011\\\/neki_babamusta.jpg\",\"datePublished\":\"2012-02-14T20:13:04+00:00\",\"breadcrumb\":{\"@id\":\"https:\\\/\\\/fjala.info\\\/2009-2015\\\/jam-kosovar-pra-jam-shqiptar\\\/#breadcrumb\"},\"inLanguage\":\"sq-AL\",\"potentialAction\":[{\"@type\":\"ReadAction\",\"target\":[\"https:\\\/\\\/fjala.info\\\/2009-2015\\\/jam-kosovar-pra-jam-shqiptar\\\/\"]}]},{\"@type\":\"ImageObject\",\"inLanguage\":\"sq-AL\",\"@id\":\"https:\\\/\\\/fjala.info\\\/2009-2015\\\/jam-kosovar-pra-jam-shqiptar\\\/#primaryimage\",\"url\":\"http:\\\/\\\/www.shkoder.net\\\/images\\\/fjala\\\/2011\\\/neki_babamusta.jpg\",\"contentUrl\":\"http:\\\/\\\/www.shkoder.net\\\/images\\\/fjala\\\/2011\\\/neki_babamusta.jpg\"},{\"@type\":\"BreadcrumbList\",\"@id\":\"https:\\\/\\\/fjala.info\\\/2009-2015\\\/jam-kosovar-pra-jam-shqiptar\\\/#breadcrumb\",\"itemListElement\":[{\"@type\":\"ListItem\",\"position\":1,\"name\":\"Home\",\"item\":\"https:\\\/\\\/fjala.info\\\/2009-2015\\\/\"},{\"@type\":\"ListItem\",\"position\":2,\"name\":\"Jam Kosovar Pra, Jam Shqiptar\"}]},{\"@type\":\"WebSite\",\"@id\":\"https:\\\/\\\/fjala.info\\\/2009-2015\\\/#website\",\"url\":\"https:\\\/\\\/fjala.info\\\/2009-2015\\\/\",\"name\":\"FjALA e LIR\u00cb - Arkivi\",\"description\":\"Arkivi 2009-2015\",\"publisher\":{\"@id\":\"https:\\\/\\\/fjala.info\\\/2009-2015\\\/#organization\"},\"potentialAction\":[{\"@type\":\"SearchAction\",\"target\":{\"@type\":\"EntryPoint\",\"urlTemplate\":\"https:\\\/\\\/fjala.info\\\/2009-2015\\\/?s={search_term_string}\"},\"query-input\":{\"@type\":\"PropertyValueSpecification\",\"valueRequired\":true,\"valueName\":\"search_term_string\"}}],\"inLanguage\":\"sq-AL\"},{\"@type\":\"Organization\",\"@id\":\"https:\\\/\\\/fjala.info\\\/2009-2015\\\/#organization\",\"name\":\"FjALA e LIR\u00cb - Arkivi\",\"url\":\"https:\\\/\\\/fjala.info\\\/2009-2015\\\/\",\"logo\":{\"@type\":\"ImageObject\",\"inLanguage\":\"sq-AL\",\"@id\":\"https:\\\/\\\/fjala.info\\\/2009-2015\\\/#\\\/schema\\\/logo\\\/image\\\/\",\"url\":\"\",\"contentUrl\":\"\",\"caption\":\"FjALA e LIR\u00cb - Arkivi\"},\"image\":{\"@id\":\"https:\\\/\\\/fjala.info\\\/2009-2015\\\/#\\\/schema\\\/logo\\\/image\\\/\"}},{\"@type\":\"Person\",\"@id\":\"https:\\\/\\\/fjala.info\\\/2009-2015\\\/#\\\/schema\\\/person\\\/3aa1163ef05469c496fc94e77611ada2\",\"name\":\"admin\",\"image\":{\"@type\":\"ImageObject\",\"inLanguage\":\"sq-AL\",\"@id\":\"https:\\\/\\\/fjala.info\\\/2009-2015\\\/wp-content\\\/uploads\\\/2012\\\/02\\\/arben_cokaj-120x150.jpg\",\"url\":\"https:\\\/\\\/fjala.info\\\/2009-2015\\\/wp-content\\\/uploads\\\/2012\\\/02\\\/arben_cokaj-120x150.jpg\",\"contentUrl\":\"https:\\\/\\\/fjala.info\\\/2009-2015\\\/wp-content\\\/uploads\\\/2012\\\/02\\\/arben_cokaj-120x150.jpg\",\"caption\":\"admin\"},\"description\":\"Admin, Fjala e Lir\u00eb\",\"sameAs\":[\"https:\\\/\\\/fjala.info\\\/\"],\"url\":\"https:\\\/\\\/fjala.info\\\/2009-2015\\\/author\\\/admin\\\/\"}]}<\/script>\n<!-- \/ Yoast SEO plugin. -->","yoast_head_json":{"title":"Jam Kosovar Pra, Jam Shqiptar - FjALA e LIR\u00cb - Arkivi","robots":{"index":"index","follow":"follow","max-snippet":"max-snippet:-1","max-image-preview":"max-image-preview:large","max-video-preview":"max-video-preview:-1"},"canonical":"https:\/\/fjala.info\/2009-2015\/jam-kosovar-pra-jam-shqiptar\/","og_locale":"sq_AL","og_type":"article","og_title":"Jam Kosovar Pra, Jam Shqiptar - FjALA e LIR\u00cb - Arkivi","og_description":"Neki Babamusta\u00a0\u00a0\u00a0 Nga: Prof. Neki Babamusta, Lond\u00ebr, 14 shkurt 2012 Aqif Averiku gurk\u00ebshtjelle n\u00eb pavdek\u00ebsi (1910 \u2013 1947) Kalaja st\u00ebrgjyshore e Gjirokastr\u00ebs ka mbetur legjend\u00eb e Arb\u00ebrit, simbol q\u00ebndrese p\u00ebr liri dhe p\u00ebr t\u00eb bukur\u00ebn gjuh\u00ebn shqipe. Argjiro: m\u00eb t\u00eb shtrenjt\u00ebn kishte er\u00ebn e liris\u00eb. Pranoi humner\u00ebn me foshnjen n\u00eb gji, q\u00eb barbar\u00ebt t\u00eb mos [&hellip;]","og_url":"https:\/\/fjala.info\/2009-2015\/jam-kosovar-pra-jam-shqiptar\/","og_site_name":"FjALA e LIR\u00cb - Arkivi","article_published_time":"2012-02-14T20:13:04+00:00","og_image":[{"url":"http:\/\/www.shkoder.net\/images\/fjala\/2011\/neki_babamusta.jpg","type":"","width":"","height":""}],"author":"admin","twitter_card":"summary_large_image","twitter_misc":{"Written by":"admin","Est. reading time":"5 minutes"},"schema":{"@context":"https:\/\/schema.org","@graph":[{"@type":"Article","@id":"https:\/\/fjala.info\/2009-2015\/jam-kosovar-pra-jam-shqiptar\/#article","isPartOf":{"@id":"https:\/\/fjala.info\/2009-2015\/jam-kosovar-pra-jam-shqiptar\/"},"author":{"name":"admin","@id":"https:\/\/fjala.info\/2009-2015\/#\/schema\/person\/3aa1163ef05469c496fc94e77611ada2"},"headline":"Jam Kosovar Pra, Jam Shqiptar","datePublished":"2012-02-14T20:13:04+00:00","mainEntityOfPage":{"@id":"https:\/\/fjala.info\/2009-2015\/jam-kosovar-pra-jam-shqiptar\/"},"wordCount":1027,"commentCount":0,"publisher":{"@id":"https:\/\/fjala.info\/2009-2015\/#organization"},"image":{"@id":"https:\/\/fjala.info\/2009-2015\/jam-kosovar-pra-jam-shqiptar\/#primaryimage"},"thumbnailUrl":"http:\/\/www.shkoder.net\/images\/fjala\/2011\/neki_babamusta.jpg","articleSection":["Artikuj"],"inLanguage":"sq-AL","potentialAction":[{"@type":"CommentAction","name":"Comment","target":["https:\/\/fjala.info\/2009-2015\/jam-kosovar-pra-jam-shqiptar\/#respond"]}]},{"@type":"WebPage","@id":"https:\/\/fjala.info\/2009-2015\/jam-kosovar-pra-jam-shqiptar\/","url":"https:\/\/fjala.info\/2009-2015\/jam-kosovar-pra-jam-shqiptar\/","name":"Jam Kosovar Pra, Jam Shqiptar - FjALA e LIR\u00cb - Arkivi","isPartOf":{"@id":"https:\/\/fjala.info\/2009-2015\/#website"},"primaryImageOfPage":{"@id":"https:\/\/fjala.info\/2009-2015\/jam-kosovar-pra-jam-shqiptar\/#primaryimage"},"image":{"@id":"https:\/\/fjala.info\/2009-2015\/jam-kosovar-pra-jam-shqiptar\/#primaryimage"},"thumbnailUrl":"http:\/\/www.shkoder.net\/images\/fjala\/2011\/neki_babamusta.jpg","datePublished":"2012-02-14T20:13:04+00:00","breadcrumb":{"@id":"https:\/\/fjala.info\/2009-2015\/jam-kosovar-pra-jam-shqiptar\/#breadcrumb"},"inLanguage":"sq-AL","potentialAction":[{"@type":"ReadAction","target":["https:\/\/fjala.info\/2009-2015\/jam-kosovar-pra-jam-shqiptar\/"]}]},{"@type":"ImageObject","inLanguage":"sq-AL","@id":"https:\/\/fjala.info\/2009-2015\/jam-kosovar-pra-jam-shqiptar\/#primaryimage","url":"http:\/\/www.shkoder.net\/images\/fjala\/2011\/neki_babamusta.jpg","contentUrl":"http:\/\/www.shkoder.net\/images\/fjala\/2011\/neki_babamusta.jpg"},{"@type":"BreadcrumbList","@id":"https:\/\/fjala.info\/2009-2015\/jam-kosovar-pra-jam-shqiptar\/#breadcrumb","itemListElement":[{"@type":"ListItem","position":1,"name":"Home","item":"https:\/\/fjala.info\/2009-2015\/"},{"@type":"ListItem","position":2,"name":"Jam Kosovar Pra, Jam Shqiptar"}]},{"@type":"WebSite","@id":"https:\/\/fjala.info\/2009-2015\/#website","url":"https:\/\/fjala.info\/2009-2015\/","name":"FjALA e LIR\u00cb - Arkivi","description":"Arkivi 2009-2015","publisher":{"@id":"https:\/\/fjala.info\/2009-2015\/#organization"},"potentialAction":[{"@type":"SearchAction","target":{"@type":"EntryPoint","urlTemplate":"https:\/\/fjala.info\/2009-2015\/?s={search_term_string}"},"query-input":{"@type":"PropertyValueSpecification","valueRequired":true,"valueName":"search_term_string"}}],"inLanguage":"sq-AL"},{"@type":"Organization","@id":"https:\/\/fjala.info\/2009-2015\/#organization","name":"FjALA e LIR\u00cb - Arkivi","url":"https:\/\/fjala.info\/2009-2015\/","logo":{"@type":"ImageObject","inLanguage":"sq-AL","@id":"https:\/\/fjala.info\/2009-2015\/#\/schema\/logo\/image\/","url":"","contentUrl":"","caption":"FjALA e LIR\u00cb - Arkivi"},"image":{"@id":"https:\/\/fjala.info\/2009-2015\/#\/schema\/logo\/image\/"}},{"@type":"Person","@id":"https:\/\/fjala.info\/2009-2015\/#\/schema\/person\/3aa1163ef05469c496fc94e77611ada2","name":"admin","image":{"@type":"ImageObject","inLanguage":"sq-AL","@id":"https:\/\/fjala.info\/2009-2015\/wp-content\/uploads\/2012\/02\/arben_cokaj-120x150.jpg","url":"https:\/\/fjala.info\/2009-2015\/wp-content\/uploads\/2012\/02\/arben_cokaj-120x150.jpg","contentUrl":"https:\/\/fjala.info\/2009-2015\/wp-content\/uploads\/2012\/02\/arben_cokaj-120x150.jpg","caption":"admin"},"description":"Admin, Fjala e Lir\u00eb","sameAs":["https:\/\/fjala.info\/"],"url":"https:\/\/fjala.info\/2009-2015\/author\/admin\/"}]}},"_links":{"self":[{"href":"https:\/\/fjala.info\/2009-2015\/wp-json\/wp\/v2\/posts\/11691","targetHints":{"allow":["GET"]}}],"collection":[{"href":"https:\/\/fjala.info\/2009-2015\/wp-json\/wp\/v2\/posts"}],"about":[{"href":"https:\/\/fjala.info\/2009-2015\/wp-json\/wp\/v2\/types\/post"}],"author":[{"embeddable":true,"href":"https:\/\/fjala.info\/2009-2015\/wp-json\/wp\/v2\/users\/1"}],"replies":[{"embeddable":true,"href":"https:\/\/fjala.info\/2009-2015\/wp-json\/wp\/v2\/comments?post=11691"}],"version-history":[{"count":0,"href":"https:\/\/fjala.info\/2009-2015\/wp-json\/wp\/v2\/posts\/11691\/revisions"}],"wp:attachment":[{"href":"https:\/\/fjala.info\/2009-2015\/wp-json\/wp\/v2\/media?parent=11691"}],"wp:term":[{"taxonomy":"category","embeddable":true,"href":"https:\/\/fjala.info\/2009-2015\/wp-json\/wp\/v2\/categories?post=11691"},{"taxonomy":"post_tag","embeddable":true,"href":"https:\/\/fjala.info\/2009-2015\/wp-json\/wp\/v2\/tags?post=11691"}],"curies":[{"name":"wp","href":"https:\/\/api.w.org\/{rel}","templated":true}]}}