{"id":11690,"date":"2012-02-14T21:02:31","date_gmt":"2012-02-14T20:02:31","guid":{"rendered":"http:\/\/fjala.shkoder.net\/?p=1771"},"modified":"2012-02-14T21:02:31","modified_gmt":"2012-02-14T20:02:31","slug":"dimri-i-vetmise-se-madhe","status":"publish","type":"post","link":"https:\/\/fjala.info\/2009-2015\/dimri-i-vetmise-se-madhe\/","title":{"rendered":"Dimri i vetmis\u00eb s\u00eb madhe"},"content":{"rendered":"<p><img decoding=\"async\" class=\"alignright size-thumbnail wp-image-7236\" title=\"Pre\u00e7 Zogaj\" src=\"http:\/\/www.shkoder.net\/images\/fjala\/prec_zogaj.jpg\" alt=\"\" width=\"150\" \/> <strong>Pre\u00e7 Zogaj<\/strong><\/p>\n<p>Nj\u00eb dim\u00ebr i dyfisht\u00eb dhe nj\u00eb vetmi e dyfisht\u00eb kan\u00eb shtrir\u00eb sundimin e tyre mbi Shqip\u00ebri k\u00ebto dit\u00eb. E motit t\u00eb keq n\u00eb nj\u00eb an\u00eb, e politik\u00ebs s\u00eb keqe n\u00eb an\u00ebn tjet\u00ebr.<\/p>\n<p>D\u00ebbora dhe rreshjet e shumta kan\u00eb bllokuar mij\u00ebra e mij\u00ebra familje, sidomos n\u00eb zon\u00ebn verilindore t\u00eb vendit.<\/p>\n<p>Politika e keqe e qeveris\u00eb po bllokon aspirat\u00ebn mbar\u00ebqytetare p\u00ebr t\u2019u integruar n\u00eb Europ\u00eb.<\/p>\n<p>P\u00ebr momentin halli i njer\u00ebzve q\u00eb po luftojn\u00eb me t\u00eb ftohtit dhe urin\u00eb p\u00ebrb\u00ebn nj\u00eb emergjenc\u00eb t\u00eb dor\u00ebs s\u00eb par\u00eb. Kjo situat\u00eb gjithsesi do t\u00eb kaloj\u00eb, urojm\u00eb pa viktima t\u00eb tjera. Moti do t\u00eb nd\u00ebrroj\u00eb, bora do t\u00eb shkrihet, rrug\u00ebt do t\u00eb hapen. Dielli q\u00eb shp\u00ebton Shqip\u00ebrin\u00eb, si\u00e7 thot\u00eb poeti Fatos Arapi, dielli q\u00eb nuk ka zhg\u00ebnjyer n\u00eb shekuj t\u00eb shekujve, nuk do t\u00eb zhg\u00ebnjej\u00eb as k\u00ebsaj radhe. At\u00ebher\u00eb, me d\u00ebshmit\u00eb e t\u00eb \u00e7liruarve nga rrethimi i bor\u00ebs do t\u00eb kemi mund\u00ebsi t\u00eb b\u00ebjm\u00eb nj\u00eb bilanc t\u00eb qart\u00eb si e p\u00ebrballoi Shqip\u00ebria e vitit 2012 gjendjen e krijuar.<\/p>\n<p>Kurse pesh\u00ebn dhe vetmin\u00eb e dimrit politik do t\u00eb duhet ta mbajn\u00eb n\u00eb kurriz gjat\u00eb. Si\u00e7 duken shenjat, do ta mbajm\u00eb deri n\u00eb fund t\u00eb vitit, ndoshta edhe vitin tjet\u00ebr. Vet\u00ebm po t\u00eb ndodh\u00eb ndonj\u00eb mrekulli.<\/p>\n<p>Pozbehen p\u00ebrdit\u00eb shpresat se Shqip\u00ebria do t\u00eb marr\u00eb k\u00ebt\u00eb vit ftes\u00ebn e kandidimit n\u00eb Europ\u00eb. Jav\u00ebn e kaluar fol\u00ebn qart\u00eb disa nga politikan\u00ebt dhe zyrtar\u00ebt m\u00eb n\u00eb z\u00eb t\u00eb Parlamentit dhe Komisionit Europian. Ata u shtuan kritereve t\u00eb paplot\u00ebsuara, q\u00eb na lan\u00eb n\u00eb klas\u00eb vitin e kaluar, edhe vrasjet e 21 janarit 2011 dhe \u00e7eshtjen \u201cMeta-Prifti\u201d.<\/p>\n<p>Nuk ka asnj\u00eb shans q\u00eb Shqip\u00ebria t\u00eb marr\u00eb ftes\u00ebn pa u \u00e7uar para drejt\u00ebsis\u00eb udh\u00ebruesit dhe ekzekutuesit e vrasjeve t\u00eb 21 janarit. Koshienca e Europ\u00ebs duket e shokuar nga faktet q\u00eb ka nxjerr\u00eb n\u00eb drit\u00eb ekpertiza e FBI-s\u00eb. Ajo ka drejtuar prozhektor\u00ebt nga drejt\u00ebsia shqiptare. Vidioskandali \u201cMeta-Prifti\u201d gjithashtu nuk rrezulton nj\u00eb \u00e7eshtje e mbyllur p\u00ebr Europ\u00ebn. P\u00ebrkundrazi.<\/p>\n<p>Si\u00e7 e kan\u00eb parashikuar shum\u00eb analist\u00eb, ajo \u00ebsht\u00eb hapur n\u00eb Bruksel pik\u00ebrisht kur \u00ebsht\u00eb mbyllur n\u00eb Tiran\u00eb. \u00cbsht\u00eb hapur si nj\u00eb \u00e7eshtje e madhe e funksionimit t\u00eb drejt\u00ebsis\u00eb dhe demokracis\u00eb n\u00eb Shqip\u00ebri. Si politikan dhe njeri publik, zoti Meta duhet t\u00eb bind\u00eb Bruskelin p\u00ebr pafaj\u00ebsin\u00eb e tij, p\u00ebrndryshe pafaj\u00ebsia q\u00eb ka marr\u00eb n\u00eb Tiran\u00eb do t\u2019i kushtoj\u00eb shtrenjt\u00eb integrimit europian t\u00eb vendit dhe kjo do t\u00eb jet\u00eb tep\u00ebr ironike p\u00ebr karrier\u00ebn e tij si kryetar i L\u00ebvizjes Socialiste p\u00ebr Integrim.<\/p>\n<p>Q\u00eb nga viti 2009 kur zoti Berisha depozitoi n\u00eb Bruksel aplikimin e Shqip\u00ebris\u00eb p\u00ebr t\u00eb marr\u00eb statusin e vendit kandidat n\u00eb BE kan\u00eb kaluar tre vjet. Do t\u00eb kaloj\u00eb dhe i kat\u00ebrti pa marr\u00eb asgj\u00eb. E keqja k\u00ebtu nuk \u00ebsht\u00eb thjesht se po humbin dhe nj\u00eb vit tjet\u00ebr. Mund t\u00eb ndodh\u00eb t\u00eb plot\u00ebsojm\u00eb dhjet\u00eb kritere dhe t\u00eb mbesim n\u00eb klas\u00eb, fjala vjen, p\u00ebr dy kritere. Mund t\u00eb rr\u00ebzohemi pozitivisht n\u00eb t\u00eb p\u00ebrpjet\u00ebn e integrimi p\u00ebr t\u2019u ngritur e p\u00ebr t\u00eb vazhduar me vrull dhe p\u00ebrkushtim drejt finishit.<\/p>\n<p>Pot\u00eb ishte puna k\u00ebshtu, n\u00eb fund t\u00eb vitit, n\u00eb vend q\u00eb t\u00eb vajtonim refuzimin, do t\u00eb duartrokisnim p\u00ebrparimin. Por e keqja \u00ebsht\u00eb se ne nuk kemi p\u00ebrparim n\u00eb asnj\u00eb prej kritereve thelb\u00ebsore q\u00eb lidhen me funksionimin e demokracis\u00eb dhe shtetit ligjor. T\u00eb fiksuar her\u00eb teatralisht dhe her\u00eb marr\u00ebzisht n\u00eb fiksionin e deridjesh\u00ebm se integrimi \u00ebsht\u00eb bllokuar nga opozita, qeveria dhe kryeministri nuk po b\u00ebjn\u00eb asnj\u00eb prej detyrave t\u00eb tyre tani q\u00eb opozita ka b\u00ebr\u00eb t\u00eb saj\u00ebn. P\u00ebrkudrazi, po e b\u00ebjn\u00eb gjithnj\u00eb e m\u00eb keq, sidomos me drejt\u00ebsin\u00eb, me luft\u00ebn kund\u00ebr korrupsionit dhe pand\u00ebshkueshm\u00ebris\u00eb.<\/p>\n<p>E sheh qart\u00eb edhe njeriu m\u00eb i zakonsh\u00ebm se kryeministri dhe mjaft zyrtar\u00eb t\u00eb tjer\u00eb t\u00eb shumic\u00ebs qeveritare nuk jan\u00eb t\u00eb mir\u00ebpritur si nj\u00ebher\u00eb e nj\u00eb koh\u00eb n\u00eb Bruksel, n\u00eb Uashington, n\u00eb Berlin dhe n\u00eb kryeqytetet e tjera politike t\u00eb Perendimit. Si individ\u00eb jan\u00eb po ata q\u00eb priteshin dikur me respekt. Nuk i presin e nuk i respektojn\u00eb m\u00eb sepse kan\u00eb dal\u00eb nga udha e demokracis\u00eb q\u00eb \u00ebsht\u00eb udha e Zotit. Nj\u00eb fotografi e kapur me st\u00ebrmundim ku duket shpina e Berish\u00ebs duke i dh\u00ebn\u00eb dor\u00ebn n\u00eb kalim Presidentit t\u00eb Franc\u00ebs, Sarkozy, apo Sekretares se Shtetit, Hillari Kilnton \u00ebsht\u00eb nj\u00ebkoh\u00ebsisht fotografia e tkurrjes s\u00eb tmerrdhme q\u00eb kan\u00eb p\u00ebsuar marr\u00ebdh\u00ebniet e Tiran\u00ebs zyrtare me Per\u00ebndimin.<\/p>\n<p>Duam apo nuk duam pasojat e izolimit t\u00eb qeveris\u00eb dhe drejtuesve t\u00eb saj i shkojn\u00eb gjith\u00eb vendit. K\u00ebto pasoja jan\u00eb m\u00eb t\u00eb m\u00ebdha se ato q\u00eb shkaktojn\u00eb rreshtjet apo p\u00ebrmbytjet. Vonesat me integrimin, loja apo tallja me t\u00eb jan\u00eb humbja m\u00eb e madhe p\u00ebr Shqip\u00ebrin\u00eb. Kot lodhen disa naiv\u00eb apo tellall\u00eb q\u00eb thon\u00eb na mjaftojn\u00eb vizat. Vizat kan\u00eb r\u00ebnd\u00ebsin\u00eb e tyre, por jan\u00eb ku e ku me integrimin. Integrimi europian \u00ebsht\u00eb jetik p\u00ebr kombin ton\u00eb.<\/p>\n<p>N\u00eb vend q\u00eb t\u00eb plot\u00ebsoj\u00eb me korrektesi maksimale kriteret e Brukselit; n\u00eb vend q\u00eb t\u00eb shtrohet me zem\u00ebr t\u00eb hapur me zyrtar\u00ebt europian\u00eb p\u00ebr gjith\u00e7ka q\u00eb lidhet me aspiratat per\u00ebndimore t\u00eb vendit t\u00eb tij, kryeministri Berisha shtyhet n\u00eb anabase ekstraeuropiane dhe ekstraeuropianiste, duke k\u00ebrkuar zgjidhje atje ku as salvaxhante nuk ka. E till\u00eb \u00ebsht\u00eb vizita e tij e dit\u00ebve t\u00eb fundit n\u00eb Azerbaxhan, nj\u00eb vend t\u00eb palir\u00eb, prej t\u00eb cilit zoti Berisha, megjith\u00eb d\u00ebshir\u00ebn e mir\u00eb, nuk mund t\u00eb sjell\u00eb asgj\u00eb p\u00ebrve\u00e7 zymt\u00ebzis\u00eb q\u00eb vjen nga nj\u00eb rregjim i huaj p\u00ebr aspiratat demokratike t\u00eb popullit shqiptar.<\/p>\n<p>Mund t\u2019i bjer\u00eb nj\u00ebher\u00eb udha edhe n\u00eb Azerbaxhan nj\u00eb kryeministri shqiptar, por pasi i ka v\u00ebn\u00eb n\u00eb vij\u00eb t\u00eb gjitha pun\u00ebt e tjera dhe pasi \u00ebsht\u00eb pritur atje ku k\u00ebrkon t\u00eb integrohet populli i tij. T\u00eb mendosh ta kap\u00ebsh nga Azerbaxhani \u00ebsht\u00eb t\u00eb ik\u00ebsh nga Europa. Dhe n\u00eb fakt vizita e Berish\u00ebs atje \u00ebsht\u00eb shqet\u00ebsuese sepse zhvillohet n\u00eb kushtet e nj\u00eb krize t\u00eb Tiran\u00ebs me Brukselin dhe Uashingtonin p\u00ebr \u00e7eshtjet e funskionimit t\u00eb demokracis\u00eb. \u00c7\u2019m\u00eb duket Bruskeli kur kam Bakun\u00eb, i thon\u00eb k\u00ebsaj. Kjo iludon, vonon, por nuk funksionon.<\/p>\n<p>Dikur n\u00eb komuniz\u00ebm shkrimtari i shquar Ismail Kadare pat shkruar romanin \u201cDimri i vetmis\u00eb s\u00eb madhe\u201d, q\u00eb trajton tem\u00ebn e shk\u00ebputjes s\u00eb rregjimit stalinist t\u00eb Enver Hoxh\u00ebs nga Moska hrushoviane n\u00eb vitet gjasht\u00ebdhjet\u00eb t\u00eb shekullit t\u00eb kaluar. N\u00eb at\u00eb koh\u00eb Shqip\u00ebria u kthye nga nj\u00eb fuqi tjet\u00ebr e madhe e hemisfer\u00ebs komuniste lindore, nga Kina e Mao Ce Dunit . Gjetja e nj\u00eb miku t\u00eb fuqish\u00ebm n\u00eb Lindjen e Larg\u00ebt nuk e pengoi Kadaren\u00eb t\u00eb pikaste dimrin dhe vetmin\u00eb e madhe t\u00eb vendit t\u00eb tij. \u00c7\u2019duhet t\u00eb themi sot p\u00ebr Azerbaxhanin?<\/p>\n","protected":false},"excerpt":{"rendered":"<p>Pre\u00e7 Zogaj Nj\u00eb dim\u00ebr i dyfisht\u00eb dhe nj\u00eb vetmi e dyfisht\u00eb kan\u00eb shtrir\u00eb sundimin e tyre mbi Shqip\u00ebri k\u00ebto dit\u00eb. E motit t\u00eb keq n\u00eb nj\u00eb an\u00eb, e politik\u00ebs s\u00eb keqe n\u00eb an\u00ebn tjet\u00ebr. D\u00ebbora dhe rreshjet e shumta kan\u00eb bllokuar mij\u00ebra e mij\u00ebra familje, sidomos n\u00eb zon\u00ebn verilindore t\u00eb vendit. Politika e keqe e [&hellip;]<\/p>\n","protected":false},"author":1,"featured_media":0,"comment_status":"open","ping_status":"closed","sticky":false,"template":"","format":"standard","meta":{"footnotes":""},"categories":[2],"tags":[],"class_list":{"0":"post-11690","1":"post","2":"type-post","3":"status-publish","4":"format-standard","6":"category-artikuj"},"yoast_head":"<!-- This site is optimized with the Yoast SEO plugin v27.4 - https:\/\/yoast.com\/product\/yoast-seo-wordpress\/ -->\n<title>Dimri i vetmis\u00eb s\u00eb madhe - FjALA e LIR\u00cb - Arkivi<\/title>\n<meta name=\"robots\" content=\"index, follow, max-snippet:-1, max-image-preview:large, max-video-preview:-1\" \/>\n<link rel=\"canonical\" href=\"https:\/\/fjala.info\/2009-2015\/dimri-i-vetmise-se-madhe\/\" \/>\n<meta property=\"og:locale\" content=\"sq_AL\" \/>\n<meta property=\"og:type\" content=\"article\" \/>\n<meta property=\"og:title\" content=\"Dimri i vetmis\u00eb s\u00eb madhe - FjALA e LIR\u00cb - Arkivi\" \/>\n<meta property=\"og:description\" content=\"Pre\u00e7 Zogaj Nj\u00eb dim\u00ebr i dyfisht\u00eb dhe nj\u00eb vetmi e dyfisht\u00eb kan\u00eb shtrir\u00eb sundimin e tyre mbi Shqip\u00ebri k\u00ebto dit\u00eb. E motit t\u00eb keq n\u00eb nj\u00eb an\u00eb, e politik\u00ebs s\u00eb keqe n\u00eb an\u00ebn tjet\u00ebr. D\u00ebbora dhe rreshjet e shumta kan\u00eb bllokuar mij\u00ebra e mij\u00ebra familje, sidomos n\u00eb zon\u00ebn verilindore t\u00eb vendit. Politika e keqe e [&hellip;]\" \/>\n<meta property=\"og:url\" content=\"https:\/\/fjala.info\/2009-2015\/dimri-i-vetmise-se-madhe\/\" \/>\n<meta property=\"og:site_name\" content=\"FjALA e LIR\u00cb - Arkivi\" \/>\n<meta property=\"article:published_time\" content=\"2012-02-14T20:02:31+00:00\" \/>\n<meta property=\"og:image\" content=\"http:\/\/www.shkoder.net\/images\/fjala\/prec_zogaj.jpg\" \/>\n<meta name=\"author\" content=\"admin\" \/>\n<meta name=\"twitter:card\" content=\"summary_large_image\" \/>\n<meta name=\"twitter:label1\" content=\"Written by\" \/>\n\t<meta name=\"twitter:data1\" content=\"admin\" \/>\n\t<meta name=\"twitter:label2\" content=\"Est. reading time\" \/>\n\t<meta name=\"twitter:data2\" content=\"6 minutes\" \/>\n<script type=\"application\/ld+json\" class=\"yoast-schema-graph\">{\"@context\":\"https:\\\/\\\/schema.org\",\"@graph\":[{\"@type\":\"Article\",\"@id\":\"https:\\\/\\\/fjala.info\\\/2009-2015\\\/dimri-i-vetmise-se-madhe\\\/#article\",\"isPartOf\":{\"@id\":\"https:\\\/\\\/fjala.info\\\/2009-2015\\\/dimri-i-vetmise-se-madhe\\\/\"},\"author\":{\"name\":\"admin\",\"@id\":\"https:\\\/\\\/fjala.info\\\/2009-2015\\\/#\\\/schema\\\/person\\\/3aa1163ef05469c496fc94e77611ada2\"},\"headline\":\"Dimri i vetmis\u00eb s\u00eb madhe\",\"datePublished\":\"2012-02-14T20:02:31+00:00\",\"mainEntityOfPage\":{\"@id\":\"https:\\\/\\\/fjala.info\\\/2009-2015\\\/dimri-i-vetmise-se-madhe\\\/\"},\"wordCount\":1194,\"commentCount\":0,\"publisher\":{\"@id\":\"https:\\\/\\\/fjala.info\\\/2009-2015\\\/#organization\"},\"image\":{\"@id\":\"https:\\\/\\\/fjala.info\\\/2009-2015\\\/dimri-i-vetmise-se-madhe\\\/#primaryimage\"},\"thumbnailUrl\":\"http:\\\/\\\/www.shkoder.net\\\/images\\\/fjala\\\/prec_zogaj.jpg\",\"articleSection\":[\"Artikuj\"],\"inLanguage\":\"sq-AL\",\"potentialAction\":[{\"@type\":\"CommentAction\",\"name\":\"Comment\",\"target\":[\"https:\\\/\\\/fjala.info\\\/2009-2015\\\/dimri-i-vetmise-se-madhe\\\/#respond\"]}]},{\"@type\":\"WebPage\",\"@id\":\"https:\\\/\\\/fjala.info\\\/2009-2015\\\/dimri-i-vetmise-se-madhe\\\/\",\"url\":\"https:\\\/\\\/fjala.info\\\/2009-2015\\\/dimri-i-vetmise-se-madhe\\\/\",\"name\":\"Dimri i vetmis\u00eb s\u00eb madhe - FjALA e LIR\u00cb - Arkivi\",\"isPartOf\":{\"@id\":\"https:\\\/\\\/fjala.info\\\/2009-2015\\\/#website\"},\"primaryImageOfPage\":{\"@id\":\"https:\\\/\\\/fjala.info\\\/2009-2015\\\/dimri-i-vetmise-se-madhe\\\/#primaryimage\"},\"image\":{\"@id\":\"https:\\\/\\\/fjala.info\\\/2009-2015\\\/dimri-i-vetmise-se-madhe\\\/#primaryimage\"},\"thumbnailUrl\":\"http:\\\/\\\/www.shkoder.net\\\/images\\\/fjala\\\/prec_zogaj.jpg\",\"datePublished\":\"2012-02-14T20:02:31+00:00\",\"breadcrumb\":{\"@id\":\"https:\\\/\\\/fjala.info\\\/2009-2015\\\/dimri-i-vetmise-se-madhe\\\/#breadcrumb\"},\"inLanguage\":\"sq-AL\",\"potentialAction\":[{\"@type\":\"ReadAction\",\"target\":[\"https:\\\/\\\/fjala.info\\\/2009-2015\\\/dimri-i-vetmise-se-madhe\\\/\"]}]},{\"@type\":\"ImageObject\",\"inLanguage\":\"sq-AL\",\"@id\":\"https:\\\/\\\/fjala.info\\\/2009-2015\\\/dimri-i-vetmise-se-madhe\\\/#primaryimage\",\"url\":\"http:\\\/\\\/www.shkoder.net\\\/images\\\/fjala\\\/prec_zogaj.jpg\",\"contentUrl\":\"http:\\\/\\\/www.shkoder.net\\\/images\\\/fjala\\\/prec_zogaj.jpg\"},{\"@type\":\"BreadcrumbList\",\"@id\":\"https:\\\/\\\/fjala.info\\\/2009-2015\\\/dimri-i-vetmise-se-madhe\\\/#breadcrumb\",\"itemListElement\":[{\"@type\":\"ListItem\",\"position\":1,\"name\":\"Home\",\"item\":\"https:\\\/\\\/fjala.info\\\/2009-2015\\\/\"},{\"@type\":\"ListItem\",\"position\":2,\"name\":\"Dimri i vetmis\u00eb s\u00eb madhe\"}]},{\"@type\":\"WebSite\",\"@id\":\"https:\\\/\\\/fjala.info\\\/2009-2015\\\/#website\",\"url\":\"https:\\\/\\\/fjala.info\\\/2009-2015\\\/\",\"name\":\"FjALA e LIR\u00cb - Arkivi\",\"description\":\"Arkivi 2009-2015\",\"publisher\":{\"@id\":\"https:\\\/\\\/fjala.info\\\/2009-2015\\\/#organization\"},\"potentialAction\":[{\"@type\":\"SearchAction\",\"target\":{\"@type\":\"EntryPoint\",\"urlTemplate\":\"https:\\\/\\\/fjala.info\\\/2009-2015\\\/?s={search_term_string}\"},\"query-input\":{\"@type\":\"PropertyValueSpecification\",\"valueRequired\":true,\"valueName\":\"search_term_string\"}}],\"inLanguage\":\"sq-AL\"},{\"@type\":\"Organization\",\"@id\":\"https:\\\/\\\/fjala.info\\\/2009-2015\\\/#organization\",\"name\":\"FjALA e LIR\u00cb - Arkivi\",\"url\":\"https:\\\/\\\/fjala.info\\\/2009-2015\\\/\",\"logo\":{\"@type\":\"ImageObject\",\"inLanguage\":\"sq-AL\",\"@id\":\"https:\\\/\\\/fjala.info\\\/2009-2015\\\/#\\\/schema\\\/logo\\\/image\\\/\",\"url\":\"\",\"contentUrl\":\"\",\"caption\":\"FjALA e LIR\u00cb - Arkivi\"},\"image\":{\"@id\":\"https:\\\/\\\/fjala.info\\\/2009-2015\\\/#\\\/schema\\\/logo\\\/image\\\/\"}},{\"@type\":\"Person\",\"@id\":\"https:\\\/\\\/fjala.info\\\/2009-2015\\\/#\\\/schema\\\/person\\\/3aa1163ef05469c496fc94e77611ada2\",\"name\":\"admin\",\"image\":{\"@type\":\"ImageObject\",\"inLanguage\":\"sq-AL\",\"@id\":\"https:\\\/\\\/fjala.info\\\/2009-2015\\\/wp-content\\\/uploads\\\/2012\\\/02\\\/arben_cokaj-120x150.jpg\",\"url\":\"https:\\\/\\\/fjala.info\\\/2009-2015\\\/wp-content\\\/uploads\\\/2012\\\/02\\\/arben_cokaj-120x150.jpg\",\"contentUrl\":\"https:\\\/\\\/fjala.info\\\/2009-2015\\\/wp-content\\\/uploads\\\/2012\\\/02\\\/arben_cokaj-120x150.jpg\",\"caption\":\"admin\"},\"description\":\"Admin, Fjala e Lir\u00eb\",\"sameAs\":[\"https:\\\/\\\/fjala.info\\\/\"],\"url\":\"https:\\\/\\\/fjala.info\\\/2009-2015\\\/author\\\/admin\\\/\"}]}<\/script>\n<!-- \/ Yoast SEO plugin. -->","yoast_head_json":{"title":"Dimri i vetmis\u00eb s\u00eb madhe - FjALA e LIR\u00cb - Arkivi","robots":{"index":"index","follow":"follow","max-snippet":"max-snippet:-1","max-image-preview":"max-image-preview:large","max-video-preview":"max-video-preview:-1"},"canonical":"https:\/\/fjala.info\/2009-2015\/dimri-i-vetmise-se-madhe\/","og_locale":"sq_AL","og_type":"article","og_title":"Dimri i vetmis\u00eb s\u00eb madhe - FjALA e LIR\u00cb - Arkivi","og_description":"Pre\u00e7 Zogaj Nj\u00eb dim\u00ebr i dyfisht\u00eb dhe nj\u00eb vetmi e dyfisht\u00eb kan\u00eb shtrir\u00eb sundimin e tyre mbi Shqip\u00ebri k\u00ebto dit\u00eb. E motit t\u00eb keq n\u00eb nj\u00eb an\u00eb, e politik\u00ebs s\u00eb keqe n\u00eb an\u00ebn tjet\u00ebr. D\u00ebbora dhe rreshjet e shumta kan\u00eb bllokuar mij\u00ebra e mij\u00ebra familje, sidomos n\u00eb zon\u00ebn verilindore t\u00eb vendit. Politika e keqe e [&hellip;]","og_url":"https:\/\/fjala.info\/2009-2015\/dimri-i-vetmise-se-madhe\/","og_site_name":"FjALA e LIR\u00cb - Arkivi","article_published_time":"2012-02-14T20:02:31+00:00","og_image":[{"url":"http:\/\/www.shkoder.net\/images\/fjala\/prec_zogaj.jpg","type":"","width":"","height":""}],"author":"admin","twitter_card":"summary_large_image","twitter_misc":{"Written by":"admin","Est. reading time":"6 minutes"},"schema":{"@context":"https:\/\/schema.org","@graph":[{"@type":"Article","@id":"https:\/\/fjala.info\/2009-2015\/dimri-i-vetmise-se-madhe\/#article","isPartOf":{"@id":"https:\/\/fjala.info\/2009-2015\/dimri-i-vetmise-se-madhe\/"},"author":{"name":"admin","@id":"https:\/\/fjala.info\/2009-2015\/#\/schema\/person\/3aa1163ef05469c496fc94e77611ada2"},"headline":"Dimri i vetmis\u00eb s\u00eb madhe","datePublished":"2012-02-14T20:02:31+00:00","mainEntityOfPage":{"@id":"https:\/\/fjala.info\/2009-2015\/dimri-i-vetmise-se-madhe\/"},"wordCount":1194,"commentCount":0,"publisher":{"@id":"https:\/\/fjala.info\/2009-2015\/#organization"},"image":{"@id":"https:\/\/fjala.info\/2009-2015\/dimri-i-vetmise-se-madhe\/#primaryimage"},"thumbnailUrl":"http:\/\/www.shkoder.net\/images\/fjala\/prec_zogaj.jpg","articleSection":["Artikuj"],"inLanguage":"sq-AL","potentialAction":[{"@type":"CommentAction","name":"Comment","target":["https:\/\/fjala.info\/2009-2015\/dimri-i-vetmise-se-madhe\/#respond"]}]},{"@type":"WebPage","@id":"https:\/\/fjala.info\/2009-2015\/dimri-i-vetmise-se-madhe\/","url":"https:\/\/fjala.info\/2009-2015\/dimri-i-vetmise-se-madhe\/","name":"Dimri i vetmis\u00eb s\u00eb madhe - FjALA e LIR\u00cb - Arkivi","isPartOf":{"@id":"https:\/\/fjala.info\/2009-2015\/#website"},"primaryImageOfPage":{"@id":"https:\/\/fjala.info\/2009-2015\/dimri-i-vetmise-se-madhe\/#primaryimage"},"image":{"@id":"https:\/\/fjala.info\/2009-2015\/dimri-i-vetmise-se-madhe\/#primaryimage"},"thumbnailUrl":"http:\/\/www.shkoder.net\/images\/fjala\/prec_zogaj.jpg","datePublished":"2012-02-14T20:02:31+00:00","breadcrumb":{"@id":"https:\/\/fjala.info\/2009-2015\/dimri-i-vetmise-se-madhe\/#breadcrumb"},"inLanguage":"sq-AL","potentialAction":[{"@type":"ReadAction","target":["https:\/\/fjala.info\/2009-2015\/dimri-i-vetmise-se-madhe\/"]}]},{"@type":"ImageObject","inLanguage":"sq-AL","@id":"https:\/\/fjala.info\/2009-2015\/dimri-i-vetmise-se-madhe\/#primaryimage","url":"http:\/\/www.shkoder.net\/images\/fjala\/prec_zogaj.jpg","contentUrl":"http:\/\/www.shkoder.net\/images\/fjala\/prec_zogaj.jpg"},{"@type":"BreadcrumbList","@id":"https:\/\/fjala.info\/2009-2015\/dimri-i-vetmise-se-madhe\/#breadcrumb","itemListElement":[{"@type":"ListItem","position":1,"name":"Home","item":"https:\/\/fjala.info\/2009-2015\/"},{"@type":"ListItem","position":2,"name":"Dimri i vetmis\u00eb s\u00eb madhe"}]},{"@type":"WebSite","@id":"https:\/\/fjala.info\/2009-2015\/#website","url":"https:\/\/fjala.info\/2009-2015\/","name":"FjALA e LIR\u00cb - Arkivi","description":"Arkivi 2009-2015","publisher":{"@id":"https:\/\/fjala.info\/2009-2015\/#organization"},"potentialAction":[{"@type":"SearchAction","target":{"@type":"EntryPoint","urlTemplate":"https:\/\/fjala.info\/2009-2015\/?s={search_term_string}"},"query-input":{"@type":"PropertyValueSpecification","valueRequired":true,"valueName":"search_term_string"}}],"inLanguage":"sq-AL"},{"@type":"Organization","@id":"https:\/\/fjala.info\/2009-2015\/#organization","name":"FjALA e LIR\u00cb - Arkivi","url":"https:\/\/fjala.info\/2009-2015\/","logo":{"@type":"ImageObject","inLanguage":"sq-AL","@id":"https:\/\/fjala.info\/2009-2015\/#\/schema\/logo\/image\/","url":"","contentUrl":"","caption":"FjALA e LIR\u00cb - Arkivi"},"image":{"@id":"https:\/\/fjala.info\/2009-2015\/#\/schema\/logo\/image\/"}},{"@type":"Person","@id":"https:\/\/fjala.info\/2009-2015\/#\/schema\/person\/3aa1163ef05469c496fc94e77611ada2","name":"admin","image":{"@type":"ImageObject","inLanguage":"sq-AL","@id":"https:\/\/fjala.info\/2009-2015\/wp-content\/uploads\/2012\/02\/arben_cokaj-120x150.jpg","url":"https:\/\/fjala.info\/2009-2015\/wp-content\/uploads\/2012\/02\/arben_cokaj-120x150.jpg","contentUrl":"https:\/\/fjala.info\/2009-2015\/wp-content\/uploads\/2012\/02\/arben_cokaj-120x150.jpg","caption":"admin"},"description":"Admin, Fjala e Lir\u00eb","sameAs":["https:\/\/fjala.info\/"],"url":"https:\/\/fjala.info\/2009-2015\/author\/admin\/"}]}},"_links":{"self":[{"href":"https:\/\/fjala.info\/2009-2015\/wp-json\/wp\/v2\/posts\/11690","targetHints":{"allow":["GET"]}}],"collection":[{"href":"https:\/\/fjala.info\/2009-2015\/wp-json\/wp\/v2\/posts"}],"about":[{"href":"https:\/\/fjala.info\/2009-2015\/wp-json\/wp\/v2\/types\/post"}],"author":[{"embeddable":true,"href":"https:\/\/fjala.info\/2009-2015\/wp-json\/wp\/v2\/users\/1"}],"replies":[{"embeddable":true,"href":"https:\/\/fjala.info\/2009-2015\/wp-json\/wp\/v2\/comments?post=11690"}],"version-history":[{"count":0,"href":"https:\/\/fjala.info\/2009-2015\/wp-json\/wp\/v2\/posts\/11690\/revisions"}],"wp:attachment":[{"href":"https:\/\/fjala.info\/2009-2015\/wp-json\/wp\/v2\/media?parent=11690"}],"wp:term":[{"taxonomy":"category","embeddable":true,"href":"https:\/\/fjala.info\/2009-2015\/wp-json\/wp\/v2\/categories?post=11690"},{"taxonomy":"post_tag","embeddable":true,"href":"https:\/\/fjala.info\/2009-2015\/wp-json\/wp\/v2\/tags?post=11690"}],"curies":[{"name":"wp","href":"https:\/\/api.w.org\/{rel}","templated":true}]}}