{"id":11689,"date":"2012-02-14T11:02:06","date_gmt":"2012-02-14T10:02:06","guid":{"rendered":"http:\/\/fjala.shkoder.net\/?p=1767"},"modified":"2012-02-14T11:02:06","modified_gmt":"2012-02-14T10:02:06","slug":"vrasja-e-remzi-salihut-incident-dhe-ferkim-i-shkeljeve-te-ligjit-dhe-prosperitetit-ne-shoqerine-kosovare","status":"publish","type":"post","link":"https:\/\/fjala.info\/2009-2015\/vrasja-e-remzi-salihut-incident-dhe-ferkim-i-shkeljeve-te-ligjit-dhe-prosperitetit-ne-shoqerine-kosovare\/","title":{"rendered":"Vrasja e Remzi Salihut incident dhe  f\u00ebrkim i  shkeljeve t\u00eb ligjit dhe  prosperitetit n\u00eb shoq\u00ebrin\u00eb kosovare!"},"content":{"rendered":"<p><img decoding=\"async\" class=\"alignright size-thumbnail wp-image-7236\" title=\"Asllan Dibrani\" src=\"http:\/\/www.shkoder.net\/images\/fjala\/asllan_dibrani.jpg\" alt=\"\" width=\"150\" \/> Nga <strong>Asllan Dibrani<\/strong><\/p>\n<p><strong>Remzi Salihu me histori t\u00eb dhimbshme familjare nga masakra serbe n\u00eb Prapashtic\u00eb!<\/strong><\/p>\n<p><strong><em>Remzi Salihu i vrar\u00eb ne cil\u00ebsin\u00eb e drejtorit t\u00eb arsimit p\u00ebr Prishtin\u00eb ishte djali i Selim Salihut &#8211; legjend\u00eb e mosh\u00ebs pes\u00eb jav\u00ebshe nga masakra serbe n\u00eb Prapashtic\u00eb<\/em><\/strong><\/p>\n<p>Si zakonisht ishte nj\u00eb dit\u00eb e rendom\u00eb, por e zymt\u00eb disi, sikur instktivisht do t\u00eb ndodhe di\u00e7ka e pa pritur ! Sikur k\u00ebt\u00eb proces, e ngacmonte nj\u00eb puhiz\u00eb e nj\u00eb ere, qe vinte e shkonte fshehurazi nga veriu n\u00ebp\u00ebr nj\u00eb park, qe i binte pran sht\u00ebpis\u00eb ku banoja. Papritmas nga larg qe isha ne ballkon, u d\u00ebgjua telefoni qe cing\u00ebroi ? Ishte nj\u00eb shok nga Holanda, q\u00eb shpesh me th\u00ebrret p\u00ebr hallet tona, t\u00eb p\u00ebrditshme, por edhe p\u00ebr n\u00eb fush\u00ebn e kultur\u00ebs, bisedonim. si teme ma e ve\u00e7ant\u00eb ishte tema e toponimeve shqiptare qe ne baze te studimeve dhe gjurmimeve na dalshin shum\u00eb toponime n\u00eb Ballkan dhe n\u00eb Evrop\u00eb ne prejardhje nga gjuha shqipe!.<\/p>\n<p>Por k\u00ebsaj here sikur ishte pak me z\u00eb, ndryshe i shqet\u00ebsuar. Isha m\u00ebsuar me te, qe ishte i qet\u00eb gjithnj\u00eb, por k\u00ebsaj here ting\u00eblloj\u00eb z\u00ebri i tij ma theksh\u00ebm, duke u shprehur se n\u00eb &#8220;shqiptar\u00ebt nuk do t\u00eb mbushemi mend kurr\u00eb&#8221;!?&#8230; U stepa me k\u00ebto fjale t\u00eb tij ! Perse i thash ? Ashtu qe edhe un\u00eb isha pik\u00eb mb\u00ebshtet\u00ebse e revolt\u00ebs se Ismet Gashit nga Holnada shpeshher\u00eb gjate bisedave?&#8230; Jo, jo i thash vetes, nuk ke t\u00eb besh me k\u00ebt\u00eb revolt\u00eb t\u00eb tijen. Mendja shkoj shpejt se \u00e7ka don\u00eb t\u00eb thot\u00eb? Po i k\u00ebtij mendimi isha tamam edhe un\u00eb n\u00ebse mendon t\u00eb gjendja aktuale politike ekonomike etj, tek shqiptar\u00ebt! Me nj\u00eb shqet\u00ebsim i thash se nuk \u00ebsht\u00eb p\u00ebr tu hamendur, se k\u00ebshtu jemi t\u00eb till\u00eb, andaj mos u befaso or mik!. N\u00eb vazhdim ashtu edhe doli, e q\u00ebllova zem\u00ebrimin e tij.<\/p>\n<p>&#8211; Ai vazhdoj rr\u00ebfimin, se n\u00eb Prishtin\u00eb n\u00eb zyr\u00ebn e ministris\u00eb se arsimit, u vra nj\u00eb drejtor i ministris\u00eb s\u00eb arsimit! I brengosur vazhdoj rr\u00ebfimin duke me shpjeguar se tani e lexova informat\u00ebn para pak \u00e7astesh&#8230; Me preferoj qe ta hap kompjuterin, t\u00eb informohem p\u00ebr rastin &#8230; Aty, ku me preferoj t\u00eb futem ashtu veprova, pash\u00eb, kryeartikullin n\u00eb shum\u00eb gazeta m\u00eb shkronja te m\u00ebdha shkruante,rreth or\u00ebs 10 t\u00eb m\u00ebngjesit t\u00eb sot\u00ebm, n\u00eb zyr\u00ebn e tij n\u00eb nd\u00ebrtes\u00ebn e re t\u00eb Komun\u00ebs s\u00eb Prishtin\u00ebs, u vra drejtori i Drejtoris\u00eb p\u00ebr Arsim, Remzi Salihu i Komun\u00ebs s\u00eb Prishtin\u00ebs. M\u00ebsohet se dorasi i k\u00ebsaj vepre \u00ebsht\u00eb arsimtari i Biologjis\u00eb, Gani Sahiti, nga fshati Graxhenik, komuna e Kamenic\u00ebs, i cili ka pretenduar t\u00eb jet\u00eb drejtor i shkoll\u00ebs n\u00eb fshatin Dabishevc.<\/p>\n<p style=\"text-align: center;\"><img decoding=\"async\" class=\"aligncenter size-thumbnail wp-image-7236\" title=\"Remzi Salihu\" src=\"http:\/\/www.shkoder.net\/2012\/remzi_salihu.jpg\" alt=\"\" width=\"300\" \/>\u00a0<img decoding=\"async\" class=\"aligncenter size-thumbnail wp-image-7236\" title=\"Gani Sahiti\" src=\"http:\/\/www.shkoder.net\/2012\/gani_sahiti.jpg\" alt=\"\" width=\"300\" \/><br \/>\n<em>Dy t\u00eb rinj, dy intelektual\u00eb, dy pun\u00ebtor\u00eb t\u00eb palodhsh\u00ebm, sot nj\u00ebri n\u00eb dh\u00e9!?&#8230; tjetri n\u00eb rob\u00ebri &#8211; n\u00eb foto i pari i vrari n\u00eb shikim <strong>Remzi Salihu<\/strong> dhe i dyti <strong>Gani Sahiti<\/strong> dorasi. T\u00eb dy (viktim\u00eb e ligjit dhe sistemit qeveritar n\u00eb Kosov\u00eb)!?&#8230;<\/em><\/p>\n<p>Mos zgjedhja e tij n\u00eb k\u00ebt\u00eb post, thuhet se e shtyri deri tek akti, kjo ishte informata !?&#8230; Me iku mendja me vite e vite, prapa n\u00eb mentalitetin ton\u00eb, n\u00eb skamjen, n\u00eb p\u00ebr\u00e7arjen, n\u00eb papun\u00ebsin\u00eb, ne korrupsionin, n\u00eb pa drejt\u00ebsin\u00eb, po ku nuk iku ai st\u00ebrmullar mllefi. P\u00ebrse n\u00eb shqiptar\u00ebt jemi aq t\u00eb (pa ndreqsh\u00ebm, aq te pam\u00ebshirsh\u00ebm ndaj njeri-tjetrit, aq t\u00eb pa p\u00ebrmir\u00ebsuesh\u00ebm ndaj &#8220;vlerave t\u00eb kombit ton\u00eb&#8221;!?&#8230;<\/p>\n<p>Mu kujtua rasti ne vizit\u00ebn e burgut n\u00eb Nish qe kisha bab\u00ebn dhe n\u00ebn\u00ebn Sofijen dhe me than k\u00ebto dy libra i ke nga Remziu p\u00ebr lexim!<\/p>\n<p>Nj\u00eb lajme i pa pranuesh\u00ebm, por realitet. Ishte i vrari djali i nipit ton\u00eb Selim Salihut, me kaploj nj\u00eb rr\u00ebqethje e trupit me rastin e rikujtimit p\u00ebr sprovat qe i p\u00ebrjetoj kjo familje. Mu kujtuan n\u00eb k\u00ebto \u00e7aste raportet qe kishte baba im Feti Dibrani me nipin Selimin. Mu kujtua rasti ne vizit\u00ebn e burgut n\u00eb Nish qe kisha bab\u00ebn dhe n\u00ebn\u00ebn Sofijen dhe me than\u00eb, &#8220;k\u00ebto dy libra i ke nga Remziu p\u00ebr lexim&#8221;, dhe t\u00eb fala ke nga ai shum\u00eb. Ringjalla kujtes\u00ebn kur dola nga ai burg fam\u00ebkeq ,Selimi me djem erdh\u00ebn n\u00eb vizit\u00eb, n\u00eb mesin e tyre ishte edhe Remziu, erdhi n\u00eb vizit\u00eb si burrat, qe ishte zakon t\u00eb shqiptar\u00ebt qe nuk u trembshin nga sh\u00ebrb\u00ebtor\u00ebt spiun t\u00eb pushtetit. Ishte nj\u00eb kohe e v\u00ebshtir\u00eb, n\u00eb ato koh\u00eb pas diferencimit qe u b\u00ebnte nga organet serbe me bashk\u00ebpun\u00ebtor\u00ebt shqiptar, por ata nuk u tremben fare, nderuan sht\u00ebpin\u00eb ton\u00eb, vizituan familjen time edhe sa isha ne burg.<\/p>\n<p>Mu kujtuan fjal\u00ebt qe i dhan\u00eb kuroj\u00eb dhe forc\u00eb bab\u00ebs me fjal\u00ebt( dajo mos u m\u00ebrzit se djali paska shp\u00ebtuar). Burgu \u00ebsht\u00eb p\u00ebr burra, e pik\u00ebrisht edhe ne qe ishim jasht\u00eb pothuajse n\u00eb burgje ishim dhe jemi nga shkau, pa kur far\u00eb t\u00eb drejte!. Xha Selimi vazhdoi biseden nd\u00ebr t\u00eb tjera para burrave n\u00eb dhom\u00ebn e pritjes, qe vinin e shkonin me qindra e mij\u00ebra njer\u00ebz qe na vizitonin n\u00eb shenj\u00eb nderimi,ne ish t\u00eb burgosurve politik, qe na p\u00ebrfshiu ajo koh\u00eb pas ngjarjeve t\u00eb demonstratave t\u00eb 1981-shit. Ai vazhdoj ma tutje , se p\u00ebr \u00e7\u00ebshtjen komb\u00ebtare \u00ebsht\u00eb krenari p\u00ebr \u00e7do familje tonen, me pas nga nj\u00eb mashkull n\u00eb burg, prandaj edhe p\u00ebr ju \u00ebsht\u00eb nj\u00eb krenari qe ja keni dh\u00ebn\u00eb popullit nj\u00eb mashkull ne sh\u00ebrbim p\u00ebr \u00e7lirimin e Kosov\u00ebs. Daja Feti dhe ju dajt\u00eb tjer\u00eb, e dini fatin tim dhe vuajtjet e mia &#8230;<\/p>\n<p>Selimi ishte nj\u00eb burr\u00eb elegant i moshuar dhe i matur, vazhdoi bised\u00ebn e rikujtimeve, me bab\u00ebn tim, ne mbetem duke i d\u00ebgjuar rr\u00ebfimin e tij, deri sa erdhi nj\u00eb grup tjet\u00ebr vizitor\u00ebsh dhe na e prishi p\u00ebrcjelljen e tij n\u00eb bised\u00eb. Edhe djemt\u00eb e tij u inkuadruan n\u00eb bised\u00eb, po ashtu me fjal\u00eb t\u00eb ngrohta, u \u00e7mall\u00ebm pas disa vitesh qe nuk ishim par\u00eb. Ne mesin e tyre ishte edhe i ndjeri Remziu, qe me shtr\u00ebngoj dhe me p\u00ebrqafoj shum\u00eb dhe tha se, ke q\u00ebndruar si burrat daj\u00eb, t\u00eb lumt\u00eb akoma ishte nj\u00eb ankth, nga pushteti serb nuk kishin edhe aq te lire t\u00eb shpreheshin se n\u00eb mesin e vizitoreve nuk u besonte qe nuk kishte edhe ndonj\u00eb i d\u00ebrguar nga UDB-serbe me p\u00ebrcjell, se kush po hyn\u00eb e kush po del nga vizitor\u00ebt.<\/p>\n<p>Disa qe ishin n\u00eb pozita per shkak sigurie na vizitonin nat\u00ebn kur nuk kishte frekuenc\u00eb qarkullimi!. Remziu u shpreh t\u00eb fal\u00ebnderoj p\u00ebr besnik\u00ebrin\u00eb dhe fjal\u00ebn e dh\u00ebn\u00eb p\u00ebr burr\u00ebrin\u00eb tuaj e k\u00eb tregua &#8230; dhe me k\u00ebto fjal\u00eb ma rikthej memorien prapa, ta kujtoj, se para se t\u00eb burgosem e kisha furnizuar me disa ekzemplare t\u00eb gazet\u00ebs ilegale &#8220;Z\u00ebrit i Kosov\u00ebs &#8221; qe u botonte n\u00eb Per\u00ebndim dhe ishte pothuajse e vetmja qe i pasqyronte gjendjen e Kosov\u00ebs shum\u00eb reale. Remziu ishte profesor n\u00eb shkoll\u00ebn teknike, por at\u00ebher\u00eb me rrap\u00eblloj, se p\u00ebr \u00e7ka me tha se ke q\u00ebndruar si burrat dhe prap\u00eb u p\u00ebrqendruam t\u00eb dy n\u00eb bised\u00ebn e burrave duke qeshur dhe rikujtuar ato koh\u00eb t\u00eb l\u00ebvizjes studentore dhe popullore p\u00ebr Republik\u00ebn e Kosov\u00ebs&#8230;<\/p>\n<p><strong>Prapashtica u uzurpua dhe u kolonizua me banor\u00eb sllav t\u00eb Malit t\u00eb zi!<\/strong><\/p>\n<p>Ishte nj\u00eb dim\u00ebr i ftoht\u00eb dhe i jasht\u00ebzakonsh\u00ebm. N\u00eb ato an\u00eb, gjithnj\u00eb kan\u00eb qen\u00eb dimra t\u00eb ashp\u00ebr, po edhe ai dim\u00ebr ishte po i ngjash\u00ebm, bile edhe ma i theksor nga nj\u00eb acar hidhnak qe thante nga f\u00ebrx\u00eblleza, fishk\u00ebllyese qe i mbushte te gjitha zbrast\u00ebsit\u00eb e gropave, lugjeve por edhe pullazet e sht\u00ebpive t\u00eb mbuluara me kasht\u00eb ose rrasa guri i rendonte. Forcat \u00e7etnike me q\u00ebllim kinse t\u00eb \u00e7armatimit t\u00eb popullsis\u00eb shqiptare dhe likuidimit t\u00eb kryengritjes shqiptare e sidomos ndaj reaksioneve antiserbe qe ishin n\u00eb fshatrat e &#8220;Gollakut n\u00eb Dabishevc dhe Prapashic\u00eb&#8221; dy fshatra qe ishin si vende strategjike p\u00ebr Kosov\u00ebn!.<\/p>\n<p>K\u00ebshtu q\u00eb n\u00eb gjysm\u00ebn e dyt\u00eb t\u00eb vitit 1920, u b\u00eb mobilizimi i t\u00ebr\u00ebsish\u00ebm i ushtris\u00eb serbe, n\u00ebn petkun e aleanc\u00ebs se mbret\u00ebris\u00eb Serbo \u2013 Kroato \u2013 Sllovene, kishte ardhur n\u00eb p\u00ebrfundim qe ta zhvillonin nj\u00eb ofensiv\u00eb mbi popullat\u00ebn shqiptare n\u00eb viset, ma problematike si\u00e7 i quante shtypi dhe propaganda serbe fshatrat e lartp\u00ebrmendura p\u00ebr rreth kufirit t\u00eb tanish\u00ebm t\u00eb Serbis\u00eb me Kosov\u00ebn. Kjo do t\u00eb thoshte, shkat\u00ebrrim i logjistik\u00ebs s\u00eb kryengrit\u00ebsve, edhe shkat\u00ebrrim i kryengritjes fshatare qe synim kishin, mos t\u00eb l\u00ebshojn\u00eb k\u00ebmb\u00eb sllave t\u00eb futet n\u00eb territorin e Kosov\u00ebs. Kjo strategji \u00e7etnike ndihmonte n\u00eb hapjen e rrug\u00ebs dhe krijimin e kushteve p\u00ebr kolonizim m\u00eb serb dhe malazez ato zona t\u00eb Kosov\u00ebs.<\/p>\n<p>Ekspedita nd\u00ebshkuese serbe p\u00ebrb\u00ebhej nga nj\u00eb batalion i Armat\u00ebs s\u00eb III, qe komandohej nga koloneli Radovan Radoviq, nj\u00ebsit\u00eb e xhandarm\u00ebris\u00eb, t\u00eb komanduara nga Bozhidar Paunoviq i njohur n\u00eb popull e k\u00ebsaj ane si Bozhidar Ballovci dhe nga grupet paramilitare t\u00eb Kost\u00eb Peqancit, si dhe nga civil\u00eb t\u00eb tjer\u00eb paramilitar. Kolon\u00ebt e ardhsh\u00ebm nga Mali i Zi, qe terrorin e vet e p\u00ebrqendruan me ofensive shfaros\u00ebse n\u00eb Prapashtic\u00eb dhe uzurpimin me banor\u00eb sllav t\u00eb Malit t\u00eb zi, e kolonizuan fshatin.<\/p>\n<p>Pleqt\u00eb as f\u00ebmij\u00ebt, as sht\u00ebpit\u00eb dhe pasuria tjet\u00ebr nuk u kursyer nga zjarri, vrasjet dhe terrori i papare shfaros\u00ebs. N\u00eb Prapashtic\u00eb jan\u00eb pla\u00e7kitur dhe djegur t\u00eb gjitha sht\u00ebpit\u00eb dhe \u00ebsht\u00eb zhdukur popullsia prej 1020 njer\u00ebzish me \u00e7ka pas disa dit\u00ebsh e shpallen fshatin t\u00eb pa banor. Kolononizuesit malazez u vendosen me \u00e7ka deri ne luft\u00ebn e dyt\u00eb bot\u00ebrore, mbeten aty deri sa u pretendonte qe t\u00eb bashkohet Shqiperia dhe aty u p\u00ebrqendruan ushtria shqiptare n\u00ebp\u00ebr zonat kufitare.<\/p>\n<p><strong>Histori e dhimbshme e familjes Salihu nga masakra e Serbis\u00eb n\u00eb fshatin Prapashtic\u00eb t\u00eb vitin 1921!<\/strong><\/p>\n<p>Remzi Salihu \u00ebsht\u00eb nj\u00eb djal\u00eb i nj\u00eb familjeve t\u00eb p\u00ebrsekutuerish nga \u00e7etnik\u00ebt e Serbis\u00eb n\u00eb vitin 1921. I ndjeri Selimi, i ati i Remziut ishte e vetmja foshnje qe i shp\u00ebtoj asaj masakre dhe terrorit serb t\u00eb asaj kohe. N\u00eb k\u00ebt\u00eb vit hidh\u00ebrimi i atij dimri t\u00eb ashp\u00ebr, t\u00eb v\u00ebshtir\u00eb dhe t\u00eb p\u00ebrgjakur n\u00eb fshatin Prapashtic\u00eb t\u00eb Gollakut u lind Selim Salihu, n\u00eb fund t\u00eb vitit 1920. Posa u p\u00ebrforcua si i lindur pa i mbushur gjasht\u00eb jav\u00eb me nj\u00eb zhd\u00ebrvjellt\u00ebsie t\u00eb nj\u00eb foshnje mbeti pa t\u00eb dy prind\u00ebrit, (e h\u00ebn\u00eb 11 janar 1921).<\/p>\n<p>Akoma pa e shijua qe ta thot\u00eb fjal\u00ebn n\u00ebn\u00eb, atij ju ndalua belb\u00ebzimi foshnjor , atij ju nd\u00ebrpre qum\u00ebshti i n\u00ebn\u00ebs, ju nd\u00ebrpre t\u00eb shikuarit e n\u00ebn\u00ebs dhe dashuria e n\u00ebn\u00ebs qe kishte p\u00ebr Selimin e vog\u00ebl. T\u00eb atin e Selimit, Avdiun, s\u00eb bashku me burrat e tjer\u00eb e pushkatuan t\u00eb p\u00ebrroi i Suk\u00ebs . T\u00eb nj\u00ebjt\u00ebn dit\u00eb t\u00eb n\u00ebmur, n\u00eb muzgun e par\u00eb t\u00eb mbr\u00ebmjes ia vran\u00eb edhe n\u00ebn\u00ebn e cila me shpirt u p\u00ebrpoq ta shp\u00ebtonte krijes\u00ebn e saj t\u00eb vog\u00ebl, t\u00eb pafajshme dhe t\u00eb pavet\u00ebdijshme se \u00e7ka po ndodh\u00eb rreth e p\u00ebrqark.<\/p>\n<p>K\u00ebshtu, Selimi gjasht\u00eb jav\u00ebsh, mbeti n\u00eb mes t\u00eb fshatit, i rrethuar me kufomat e t\u00eb af\u00ebrmeve t\u00eb vet, d\u00ebbora e asaj nate nuk kishte t\u00eb ndalur zhbironte t\u00eb ftohtit, nuk kursente qe t\u00eb sjell edhe nj\u00eb vdekje t\u00eb re t\u00eb nj\u00eb foshnje qe mbet n\u00eb djepin e mb\u00ebshtjellur mir\u00eb nga duart e n\u00ebn\u00ebs Halime. E ndjera ishte b\u00ebr\u00eb gati p\u00ebr rrug\u00eb me t\u00eb d\u00ebgjuar pushk\u00ebt t\u00eb ikte, por mbeten t\u00eb gjith\u00eb n\u00eb fund t\u00eb oborrit, t\u00eb shtrire nga bresh\u00ebria e plumbave, duke belb\u00ebzuar me fjal\u00ebt e fundit, biri im kaq e paske pas jet\u00ebn te gjat\u00eb t\u00eb jetojm\u00eb s\u00eb bashku!?&#8230; Aty kur e goditi ai bresh\u00ebr plumbash Halimen me f\u00ebmij\u00eb n\u00eb dor\u00eb, \u00e7etniket menduan se edhe ai ishte prer\u00eb nga plumbat e tyre.<\/p>\n<p>N\u00eb err\u00ebsir\u00ebn e asaj nate kufomat deri sa dhan\u00eb shpirt dukeshin duke u p\u00ebrplasur sa n\u00eb tok\u00eb sa n\u00eb deg\u00ebn e nj\u00eb peme qe ishte thyer nga flaka qe p\u00ebrpiu sht\u00ebpin\u00eb dhe rr\u00ebnoja pak minuta ma her\u00ebt! Edhe bag\u00ebtia mbet\u00ebn brenda me ca an\u00ebtar\u00eb t\u00eb familjes qe ju mbyllen der\u00ebn, barbar\u00ebt serb dhe i p\u00ebrfshiu flaka e zjarrit. Flaka shkonte lart nga era, flaket e zjarrit sa ma shume qe u zgjeronin u b\u00ebnte nj\u00eb luft\u00eb se cila po dominon ma shum\u00eb, drita e dit\u00ebs qe ishte muzgu i mbr\u00ebmjes, apo drita e zjarrit qe dominonte deri n\u00eb larg\u00ebsin\u00eb e rr\u00ebnj\u00ebz\u00ebs s\u00eb malit, madje deri n\u00eb Qaf\u00eb t\u00eb Prapashtic\u00ebs. Z\u00ebrat e njer\u00ebzve u d\u00ebgjonin ndihm\u00eb, ndihm\u00eb !&#8230;Mbaruam na dogj shkau &#8230; duke ju afruar flaka p\u00ebr s\u00eb gjalli&#8230;<\/p>\n<p>Z\u00ebrat u d\u00ebgjuan nga brenda deri sa dikur stuhia e madhe i p\u00ebrpiu z\u00ebrat e njer\u00ebzve me ato t\u00eb bag\u00ebtis\u00eb, por edhe e zjarrit qe vazhdoi pa m\u00ebshirsh\u00ebm, deri qe u b\u00ebn\u00eb shkruam e hi, gjith\u00e7ka qe ishte! Z\u00ebri i fundit qe u d\u00ebgjua ishte klithma e qenit t\u00eb sht\u00ebpis\u00eb, i lidhur si gjalles\u00eb e fundit qe p\u00ebrfshiu flake. Flaka e sht\u00ebpis\u00eb u bashkua me at\u00eb t\u00eb stall\u00ebs qe flaka i shkonte tri her\u00eb ma lart\u00eb se e sht\u00ebpis\u00eb, pasi qe ishte e mbuluar me kasht\u00eb ! Krismat e pushk\u00ebve dhe masakra n\u00eb lagjen e Govor\u00ebve u zgjerua duke vazhduar masakr\u00ebn gjakatare n\u00eb t\u00ebr\u00eb fshatit Prapashtic\u00eb.<\/p>\n<p style=\"text-align: center;\"><img decoding=\"async\" class=\"aligncenter size-thumbnail wp-image-7236\" title=\"1020 kufomat e vitit 1021\" src=\"http:\/\/www.shkoder.net\/2012\/kufomat_1921.jpg\" alt=\"\" width=\"500\" \/><br \/>\n<em>Kufomat e zbuluara pas vrasjes se 1020 burrave, grave e f\u00ebmij\u00ebve n\u00eb fshatin Prapashtic\u00eb dhe shp\u00ebtimi i foshnj\u00ebs se vog\u00ebl <strong>Selilm Salihut<\/strong>, q\u00eb me frym\u00ebmarrjen e tij p\u00ebrmbys e kishte shkrir\u00eb bor\u00ebn deri ne tok\u00eb, i mb\u00ebshtjellur n\u00eb djep n\u00eb vitin 1921. Kjo gjendje e tij zgjati tri dit\u00eb, deri sa u kthyen disa fshatar\u00eb, q\u00eb i kishin shp\u00ebtuar vdekjes s\u00eb terrorit serb, e shp\u00ebtuan Selimit e vog\u00ebl, q\u00eb t\u00eb mbijetoj\u00eb dhe t\u00eb mbetet si nj\u00eb legjend\u00eb e k\u00ebsaj ane!<\/em><\/p>\n<p>K\u00ebshtu, Selim Salihu si f\u00ebmij\u00eb u fut n\u00eb legjend\u00eb, dhe p\u00ebr ta d\u00ebgjuar legjend\u00ebn e vet jetoj plot shtat\u00ebdhjet\u00eb vjet. Duke e zb\u00ebrthyer legjend\u00ebn e vet, arriti t\u00eb m\u00ebsoj\u00eb dhe sh\u00ebnoj\u00eb shum\u00eb gj\u00ebra, me t\u00eb cilat mund\u00ebsoi p\u00ebrgatitjen e k\u00ebtij materiali portretizues t\u00eb tij. Selimi q\u00eb u rrit, e u plak si\u00e7 thoshte babai im Feti Sahit Dibrani, gjat\u00eb t\u00ebr\u00eb jet\u00ebs s\u00eb tij u p\u00ebrfolur dhe p\u00ebrmendur.<\/p>\n<p>Ky ishte rast, si i ve\u00e7ant\u00eb duke i l\u00ebn\u00eb nj\u00eb gjurm\u00eb k\u00ebtij fshati, por edhe me nj\u00eb edukat\u00eb f\u00ebmij\u00ebrore qe p\u00ebrfitoj nga xhaxhai i vet Veliu. Ai mbeti n\u00ebn p\u00ebrkujdesjen e tij, por edhe dajallar\u00ebve t\u00eb tij. Edhe se mbeti nj\u00eb foshnje e shijoi dashurin\u00eb e dajallar\u00ebve e sidomos bab\u00ebs tim Fetiut qe ishin moshatar. T\u00eb daja Sahit Dibrani babagjyshi imi, v\u00ebllai i Halimes, n\u00ebn\u00ebs se Selimit e ndiente veten shum\u00eb t\u00eb lumtur kur rrinte me muaj t\u00eb t\u00ebr\u00eb, me nj\u00eb ngroht\u00ebsi familjare.<\/p>\n<p>T\u00eb dibran\u00ebt Selimi e gjeti veten shum\u00eb t\u00eb af\u00ebrm, me qe kjo familje, ishte po nj\u00eb familje qe n\u00eb supet e veta kishte ndier terrorin e Serbis\u00eb duke e ndjekur k\u00ebmba k\u00ebmbes nga fshati Dukat i Banj\u00ebs se Siarin\u00ebs nga Krahina e Toplic\u00ebs. Dajt e tij, por kryesuesit familjar Sahit Dibranit, ishin Fetiu, Hamdiu, Selmani, Jakupi motrat Hamidja, Begishja, Halimja qe trash\u00ebgoj emrin e hall\u00ebs se bab\u00ebs tim (Halimes &#8221; n\u00ebn\u00ebs&#8221; se Selimit ) dhe Hasimja qe ishte f\u00ebmija ma i vog\u00ebl.<\/p>\n<p>T\u00eb gjith\u00eb kishin rrespekt ndaj Selimit, gjithmon\u00eb e p\u00ebrk\u00ebdhelshin dhe luanin se bashku dhe u rrit\u00ebn se bashku. Ishin t\u00eb pa ndash\u00ebm me te kur vinte. Nipi Selimi me Fetiun thurnin planet djaloshare se bashku, i kujtonin shpesh ato t\u00eb m\u00ebsuara qe ka p\u00ebrfituar nga t\u00eb tjer\u00ebt p\u00ebr tragjedin\u00eb e familjes se tij dhe rreth tij, qe kishte p\u00ebsuar nga Serbia. K\u00ebshtu u rriten dhe vet\u00ebm koha e Luft\u00ebs se dyt\u00eb bot\u00ebrore, i ndau p\u00ebrkoh\u00ebsisht, q\u00eb t\u00eb dy ishin te p\u00ebrqendruar n\u00eb luft\u00eb, por nuk ishin n\u00eb nj\u00eb batalion.<\/p>\n<p>Edhe kjo vrasje mund t\u00eb cil\u00ebsohet si incident dhe f\u00ebrkim i shkeljeve t\u00eb ligjit dhe prosperitetit n\u00eb shoq\u00ebrin\u00eb kosovare!<\/p>\n<p>Selimi mbas asaj kohe u martua dhe krijoi familje, i linden djem e vajza. Ishte nder ata qe i shkolloi f\u00ebmij\u00ebt e vet, po thuajse t\u00eb gjith\u00ebve ju dha mund\u00ebsin\u00eb qe ta mbaronin shkollimin e lart fakultativ. Po ashtu edhe i ndjeri Remzi qe pati fatin e keq, u vra nga nj\u00eb i ri i k\u00ebsaj kohe alarmante, dhe t\u00eb pa \u00e7art p\u00ebr kombin qe krijohen paqart\u00ebsi v\u00ebllavras\u00ebse si pasoje e skamjes, padrejt\u00ebsis\u00eb dhe korrupsionit t\u00eb pandalsh\u00ebm n\u00eb Kosov\u00eb, gj\u00eb qe edhe kjo vrasje mund t\u00eb cil\u00ebsohet si incident dhe f\u00ebrkim i shkeljeve t\u00eb ligjit dhe prosperitetit n\u00eb shoq\u00ebrin\u00eb kosovare.<\/p>\n<p>Kjo gjendje e pa volitshme fut rinin\u00eb ton\u00eb n\u00eb rrug\u00eb t\u00eb pa krye, &#8220;nj\u00ebrin n\u00eb dhe e tjetrin n\u00eb burg&#8221;, qe t\u00eb dy me nj\u00eb perspektive rinore, qe t\u00eb dy kontribuues t\u00eb zhvillimit t\u00eb shoq\u00ebris\u00eb, bile p\u00ebr dorasin thuhet se ishte edhe ushtar, gj\u00eb qe len\u00eb t\u00eb kuptohet se ishte nj\u00eb anti pushtues i regjimit serb! Ishte nj\u00eb njeri qe u p\u00ebrplas me padrejt\u00ebsin\u00eb n\u00eb Kosove gj\u00eb qe p\u00ebr fat te keq si viktime afekti ra i ndjeri Remzi Salihu !?&#8230;<\/p>\n<p><strong>Biografia e Remzi Salihit<\/strong><\/p>\n<p>Remzi Salihu u lind m\u00eb 7 prill 1956 n\u00eb Prapashtic\u00eb, Komuna e Prishtin\u00ebs. Shkoll\u00ebn fillore e kreu n\u00eb vendlindje, t\u00eb mesmen n\u00eb Gjimnazin \u201cSami Frash\u00ebri\u201d n\u00eb Prishtin\u00eb, nd\u00ebrsa studioi n\u00eb Fakultetin Filozofik, ku edhe diplomoi n\u00eb vitin 1980, Dega Gjuh\u00eb dhe Let\u00ebrsi Angleze.<\/p>\n<p>Tri dekada t\u00eb jet\u00ebs s\u00eb tij, ia kushtoi arsimit, dijes dhe shkenc\u00ebs. Karrier\u00ebn e tij t\u00eb intelektualit e filloi si m\u00ebsues i Gjuh\u00ebs Angleze, ku punoi n\u00eb disa shkolla t\u00eb kryeqytetit, nj\u00eb koh\u00eb punoi k\u00ebshilltar i gjuh\u00ebs angleze n\u00eb K\u00ebshillin e Arsimit Komunal t\u00eb Prishtin\u00ebs. Ka drejtuar projekte t\u00eb r\u00ebnd\u00ebsishme t\u00eb Bank\u00ebs Bot\u00ebrore p\u00ebr arsim dhe ka ligj\u00ebruar gjuh\u00ebn angleze n\u00eb Fakultetin e Edukimit. Si profesionist ka dh\u00ebn\u00eb kontribut t\u00eb paz\u00ebvend\u00ebsuesh\u00ebm n\u00eb fush\u00ebn e arsimit, jo vet\u00ebm si m\u00ebsimdh\u00ebn\u00ebs, por edhe n\u00eb hartimin e planprogrameve, p\u00ebr l\u00ebnd\u00ebn e gjuh\u00ebs angleze, n\u00eb strategjin\u00eb e arsimit parauniversitar, si dhe n\u00eb shum\u00eb projekte t\u00eb tjera t\u00eb r\u00ebnd\u00ebsishme t\u00eb k\u00ebsaj fushe.<\/p>\n<p>Ishte k\u00ebshilltar i asambles\u00eb komunale t\u00eb Prishtin\u00ebs nga viti 2003 deri m\u00eb 2007. Remziu ishte pun\u00ebtor i palodhsh\u00ebm i arsimit; ishte bashk\u00ebpun\u00ebtor dhe koleg\u00eb i dashur p\u00ebr t\u00eb gjith\u00eb. \u00c7do her\u00eb i buz\u00ebqeshur, gjithnj\u00eb i gatsh\u00ebm dhe i p\u00ebrgatitur p\u00ebr sfidat e arsimit, i af\u00ebrt, bujar, por edhe krenar p\u00ebr pun\u00ebn q\u00eb b\u00ebnte, e n\u00eb t\u00eb nj\u00ebjt\u00ebn koh\u00eb modest n\u00eb prezantimin e t\u00eb arriturave t\u00eb pun\u00ebs s\u00eb tij. Nga viti 2000 ka punuar n\u00eb Ministrin e Arsimit, Shkenc\u00ebs dhe Teknologjis\u00eb t\u00eb Kosov\u00ebs. N\u00eb pozit\u00ebn e &#8220;Drejtorit t\u00eb Drejtoris\u00eb s\u00eb Arsimit t\u00eb Komun\u00ebs s\u00eb Prishtin\u00ebs&#8221; u em\u00ebrua n\u00eb vitin 2009 dhe k\u00ebt\u00eb post , ushtroj deri n\u00eb dit\u00ebn e kobshme t\u00eb vrasjes s\u00eb tij.<\/p>\n<p style=\"text-align: center;\"><img decoding=\"async\" class=\"aligncenter size-thumbnail wp-image-7236\" title=\"Remzi Salihu - varrimi\" src=\"http:\/\/www.shkoder.net\/2012\/varrimi_remzi_salihu.jpg\" alt=\"\" width=\"300\" \/><em>Me nderime t\u00eb larta u varros\u00eb n\u00eb varrezat e Fshatit Prapashtic\u00eb, drejtori i Drejtoris\u00eb p\u00ebr Arsim n\u00eb Komun\u00ebn e Prishtin\u00ebs, Remzi Salihu, i cili u vra n\u00eb zyr\u00ebn e tij.<\/em><\/p>\n<p>K\u00ebshtu te zit\u00eb e se keqes trokiti ne gjirin tone familjar, ne rrethin shoq\u00ebror, por edhe ne at\u00eb komb\u00ebtar, gj\u00eb qe \u00ebsht\u00eb nj\u00eb njoll\u00eb e zeze n\u00eb historin\u00eb tranzitcionale qe po kalon vendi. Pasojat ky popull po i ndien n\u00eb supet e veta edhe nga ish pushtuesit dhe propaganda serbe qe mundohet ta lansoj\u00eb ne aren\u00ebn nd\u00ebrkomb\u00ebtare, ky avaz po ndiqet edhe nga organet nd\u00ebrkomb\u00ebtare, qe monitorojn\u00eb n\u00eb Kosove pa kurrfar\u00eb efekti ne p\u00ebrmir\u00ebsimin e sundimit t\u00eb ligjit. Andaj vendi \u00ebsht\u00eb mire qe te kaloje k\u00ebt\u00eb krize, anarkie, k\u00ebt\u00eb skamje, dhe k\u00ebt\u00eb abuzim t\u00eb forcave t\u00eb huaja qe pak po i sh\u00ebrbejn\u00eb p\u00ebrmir\u00ebsimit te situat\u00ebs duke i fryre zjarrit edhe korrupsionit fam\u00eboz t\u00eb pushtetar\u00ebve shqiptar\u00eb n\u00eb sken\u00eb!<\/p>\n<p style=\"text-align: center;\"><img decoding=\"async\" class=\"aligncenter size-thumbnail wp-image-7236\" title=\"Remzi Salihu nderohet pas vdekjes nga Isa Mustafa\" src=\"http:\/\/www.shkoder.net\/2012\/nderime_isa_mustafa.jpg\" alt=\"\" width=\"300\" \/><em>Me 18 tetor &#8211; Kryetari i Prishtin\u00ebs, Isa Mustafa, i shoq\u00ebruar nga drejtor\u00ebt e drejtorive komunale dhe shefat e grupeve parlamentare n\u00eb Kuvendin e Prishtin\u00ebs ka b\u00ebr\u00eb homazhe t\u00eb varr i t\u00eb ish drejtorit t\u00eb drejtoris\u00eb se arsimit, Remzi Salihu.<\/em><\/p>\n<p>Pas k\u00ebtyre meritave e t\u00eb ndjerit Remzi nuk ka dyshim se ishte nj\u00eb njeri i vlerave, nj\u00eb njeri i sakrific\u00ebs qe dha d\u00ebshmi, ishte nj\u00eb njeri n\u00eb sh\u00ebrbimin e shoq\u00ebris\u00eb, prandaj ta kujtojm\u00eb p\u00ebr her\u00eb k\u00ebt\u00eb familje qe nga nj\u00eb f\u00ebmij\u00eb i mosh\u00ebs gjasht\u00eb jav\u00ebsh qe rast\u00ebsisht i shp\u00ebtoj terrorit serb u shtua, u rrit dhe u krijua nj\u00eb familje e madhe e shkolluar e edukuar, por fatkeq\u00ebsisht pa te ndjerin Remzi viktime e nj\u00eb kohe t\u00eb pa koh\u00eb!<\/p>\n<p><em>Shkruar Janar 2012<\/em>.<\/p>\n","protected":false},"excerpt":{"rendered":"<p>Nga Asllan Dibrani Remzi Salihu me histori t\u00eb dhimbshme familjare nga masakra serbe n\u00eb Prapashtic\u00eb! Remzi Salihu i vrar\u00eb ne cil\u00ebsin\u00eb e drejtorit t\u00eb arsimit p\u00ebr Prishtin\u00eb ishte djali i Selim Salihut &#8211; legjend\u00eb e mosh\u00ebs pes\u00eb jav\u00ebshe nga masakra serbe n\u00eb Prapashtic\u00eb Si zakonisht ishte nj\u00eb dit\u00eb e rendom\u00eb, por e zymt\u00eb disi, sikur [&hellip;]<\/p>\n","protected":false},"author":1,"featured_media":0,"comment_status":"open","ping_status":"closed","sticky":false,"template":"","format":"standard","meta":{"footnotes":""},"categories":[2],"tags":[],"class_list":{"0":"post-11689","1":"post","2":"type-post","3":"status-publish","4":"format-standard","6":"category-artikuj"},"yoast_head":"<!-- This site is optimized with the Yoast SEO plugin v27.4 - https:\/\/yoast.com\/product\/yoast-seo-wordpress\/ -->\n<title>Vrasja e Remzi Salihut incident dhe f\u00ebrkim i shkeljeve t\u00eb ligjit dhe prosperitetit n\u00eb shoq\u00ebrin\u00eb kosovare! - FjALA e LIR\u00cb - Arkivi<\/title>\n<meta name=\"robots\" content=\"index, follow, max-snippet:-1, max-image-preview:large, max-video-preview:-1\" \/>\n<link rel=\"canonical\" href=\"https:\/\/fjala.info\/2009-2015\/vrasja-e-remzi-salihut-incident-dhe-ferkim-i-shkeljeve-te-ligjit-dhe-prosperitetit-ne-shoqerine-kosovare\/\" \/>\n<meta property=\"og:locale\" content=\"sq_AL\" \/>\n<meta property=\"og:type\" content=\"article\" \/>\n<meta property=\"og:title\" content=\"Vrasja e Remzi Salihut incident dhe f\u00ebrkim i shkeljeve t\u00eb ligjit dhe prosperitetit n\u00eb shoq\u00ebrin\u00eb kosovare! - FjALA e LIR\u00cb - Arkivi\" \/>\n<meta property=\"og:description\" content=\"Nga Asllan Dibrani Remzi Salihu me histori t\u00eb dhimbshme familjare nga masakra serbe n\u00eb Prapashtic\u00eb! Remzi Salihu i vrar\u00eb ne cil\u00ebsin\u00eb e drejtorit t\u00eb arsimit p\u00ebr Prishtin\u00eb ishte djali i Selim Salihut &#8211; legjend\u00eb e mosh\u00ebs pes\u00eb jav\u00ebshe nga masakra serbe n\u00eb Prapashtic\u00eb Si zakonisht ishte nj\u00eb dit\u00eb e rendom\u00eb, por e zymt\u00eb disi, sikur [&hellip;]\" \/>\n<meta property=\"og:url\" content=\"https:\/\/fjala.info\/2009-2015\/vrasja-e-remzi-salihut-incident-dhe-ferkim-i-shkeljeve-te-ligjit-dhe-prosperitetit-ne-shoqerine-kosovare\/\" \/>\n<meta property=\"og:site_name\" content=\"FjALA e LIR\u00cb - Arkivi\" \/>\n<meta property=\"article:published_time\" content=\"2012-02-14T10:02:06+00:00\" \/>\n<meta property=\"og:image\" content=\"http:\/\/www.shkoder.net\/images\/fjala\/asllan_dibrani.jpg\" \/>\n<meta name=\"author\" content=\"admin\" \/>\n<meta name=\"twitter:card\" content=\"summary_large_image\" \/>\n<meta name=\"twitter:label1\" content=\"Written by\" \/>\n\t<meta name=\"twitter:data1\" content=\"admin\" \/>\n\t<meta name=\"twitter:label2\" content=\"Est. reading time\" \/>\n\t<meta name=\"twitter:data2\" content=\"19 minutes\" \/>\n<script type=\"application\/ld+json\" class=\"yoast-schema-graph\">{\"@context\":\"https:\\\/\\\/schema.org\",\"@graph\":[{\"@type\":\"Article\",\"@id\":\"https:\\\/\\\/fjala.info\\\/2009-2015\\\/vrasja-e-remzi-salihut-incident-dhe-ferkim-i-shkeljeve-te-ligjit-dhe-prosperitetit-ne-shoqerine-kosovare\\\/#article\",\"isPartOf\":{\"@id\":\"https:\\\/\\\/fjala.info\\\/2009-2015\\\/vrasja-e-remzi-salihut-incident-dhe-ferkim-i-shkeljeve-te-ligjit-dhe-prosperitetit-ne-shoqerine-kosovare\\\/\"},\"author\":{\"name\":\"admin\",\"@id\":\"https:\\\/\\\/fjala.info\\\/2009-2015\\\/#\\\/schema\\\/person\\\/3aa1163ef05469c496fc94e77611ada2\"},\"headline\":\"Vrasja e Remzi Salihut incident dhe f\u00ebrkim i shkeljeve t\u00eb ligjit dhe prosperitetit n\u00eb shoq\u00ebrin\u00eb kosovare!\",\"datePublished\":\"2012-02-14T10:02:06+00:00\",\"mainEntityOfPage\":{\"@id\":\"https:\\\/\\\/fjala.info\\\/2009-2015\\\/vrasja-e-remzi-salihut-incident-dhe-ferkim-i-shkeljeve-te-ligjit-dhe-prosperitetit-ne-shoqerine-kosovare\\\/\"},\"wordCount\":3727,\"commentCount\":0,\"publisher\":{\"@id\":\"https:\\\/\\\/fjala.info\\\/2009-2015\\\/#organization\"},\"image\":{\"@id\":\"https:\\\/\\\/fjala.info\\\/2009-2015\\\/vrasja-e-remzi-salihut-incident-dhe-ferkim-i-shkeljeve-te-ligjit-dhe-prosperitetit-ne-shoqerine-kosovare\\\/#primaryimage\"},\"thumbnailUrl\":\"http:\\\/\\\/www.shkoder.net\\\/images\\\/fjala\\\/asllan_dibrani.jpg\",\"articleSection\":[\"Artikuj\"],\"inLanguage\":\"sq-AL\",\"potentialAction\":[{\"@type\":\"CommentAction\",\"name\":\"Comment\",\"target\":[\"https:\\\/\\\/fjala.info\\\/2009-2015\\\/vrasja-e-remzi-salihut-incident-dhe-ferkim-i-shkeljeve-te-ligjit-dhe-prosperitetit-ne-shoqerine-kosovare\\\/#respond\"]}]},{\"@type\":\"WebPage\",\"@id\":\"https:\\\/\\\/fjala.info\\\/2009-2015\\\/vrasja-e-remzi-salihut-incident-dhe-ferkim-i-shkeljeve-te-ligjit-dhe-prosperitetit-ne-shoqerine-kosovare\\\/\",\"url\":\"https:\\\/\\\/fjala.info\\\/2009-2015\\\/vrasja-e-remzi-salihut-incident-dhe-ferkim-i-shkeljeve-te-ligjit-dhe-prosperitetit-ne-shoqerine-kosovare\\\/\",\"name\":\"Vrasja e Remzi Salihut incident dhe f\u00ebrkim i shkeljeve t\u00eb ligjit dhe prosperitetit n\u00eb shoq\u00ebrin\u00eb kosovare! - FjALA e LIR\u00cb - Arkivi\",\"isPartOf\":{\"@id\":\"https:\\\/\\\/fjala.info\\\/2009-2015\\\/#website\"},\"primaryImageOfPage\":{\"@id\":\"https:\\\/\\\/fjala.info\\\/2009-2015\\\/vrasja-e-remzi-salihut-incident-dhe-ferkim-i-shkeljeve-te-ligjit-dhe-prosperitetit-ne-shoqerine-kosovare\\\/#primaryimage\"},\"image\":{\"@id\":\"https:\\\/\\\/fjala.info\\\/2009-2015\\\/vrasja-e-remzi-salihut-incident-dhe-ferkim-i-shkeljeve-te-ligjit-dhe-prosperitetit-ne-shoqerine-kosovare\\\/#primaryimage\"},\"thumbnailUrl\":\"http:\\\/\\\/www.shkoder.net\\\/images\\\/fjala\\\/asllan_dibrani.jpg\",\"datePublished\":\"2012-02-14T10:02:06+00:00\",\"breadcrumb\":{\"@id\":\"https:\\\/\\\/fjala.info\\\/2009-2015\\\/vrasja-e-remzi-salihut-incident-dhe-ferkim-i-shkeljeve-te-ligjit-dhe-prosperitetit-ne-shoqerine-kosovare\\\/#breadcrumb\"},\"inLanguage\":\"sq-AL\",\"potentialAction\":[{\"@type\":\"ReadAction\",\"target\":[\"https:\\\/\\\/fjala.info\\\/2009-2015\\\/vrasja-e-remzi-salihut-incident-dhe-ferkim-i-shkeljeve-te-ligjit-dhe-prosperitetit-ne-shoqerine-kosovare\\\/\"]}]},{\"@type\":\"ImageObject\",\"inLanguage\":\"sq-AL\",\"@id\":\"https:\\\/\\\/fjala.info\\\/2009-2015\\\/vrasja-e-remzi-salihut-incident-dhe-ferkim-i-shkeljeve-te-ligjit-dhe-prosperitetit-ne-shoqerine-kosovare\\\/#primaryimage\",\"url\":\"http:\\\/\\\/www.shkoder.net\\\/images\\\/fjala\\\/asllan_dibrani.jpg\",\"contentUrl\":\"http:\\\/\\\/www.shkoder.net\\\/images\\\/fjala\\\/asllan_dibrani.jpg\"},{\"@type\":\"BreadcrumbList\",\"@id\":\"https:\\\/\\\/fjala.info\\\/2009-2015\\\/vrasja-e-remzi-salihut-incident-dhe-ferkim-i-shkeljeve-te-ligjit-dhe-prosperitetit-ne-shoqerine-kosovare\\\/#breadcrumb\",\"itemListElement\":[{\"@type\":\"ListItem\",\"position\":1,\"name\":\"Home\",\"item\":\"https:\\\/\\\/fjala.info\\\/2009-2015\\\/\"},{\"@type\":\"ListItem\",\"position\":2,\"name\":\"Vrasja e Remzi Salihut incident dhe f\u00ebrkim i shkeljeve t\u00eb ligjit dhe prosperitetit n\u00eb shoq\u00ebrin\u00eb kosovare!\"}]},{\"@type\":\"WebSite\",\"@id\":\"https:\\\/\\\/fjala.info\\\/2009-2015\\\/#website\",\"url\":\"https:\\\/\\\/fjala.info\\\/2009-2015\\\/\",\"name\":\"FjALA e LIR\u00cb - Arkivi\",\"description\":\"Arkivi 2009-2015\",\"publisher\":{\"@id\":\"https:\\\/\\\/fjala.info\\\/2009-2015\\\/#organization\"},\"potentialAction\":[{\"@type\":\"SearchAction\",\"target\":{\"@type\":\"EntryPoint\",\"urlTemplate\":\"https:\\\/\\\/fjala.info\\\/2009-2015\\\/?s={search_term_string}\"},\"query-input\":{\"@type\":\"PropertyValueSpecification\",\"valueRequired\":true,\"valueName\":\"search_term_string\"}}],\"inLanguage\":\"sq-AL\"},{\"@type\":\"Organization\",\"@id\":\"https:\\\/\\\/fjala.info\\\/2009-2015\\\/#organization\",\"name\":\"FjALA e LIR\u00cb - Arkivi\",\"url\":\"https:\\\/\\\/fjala.info\\\/2009-2015\\\/\",\"logo\":{\"@type\":\"ImageObject\",\"inLanguage\":\"sq-AL\",\"@id\":\"https:\\\/\\\/fjala.info\\\/2009-2015\\\/#\\\/schema\\\/logo\\\/image\\\/\",\"url\":\"\",\"contentUrl\":\"\",\"caption\":\"FjALA e LIR\u00cb - Arkivi\"},\"image\":{\"@id\":\"https:\\\/\\\/fjala.info\\\/2009-2015\\\/#\\\/schema\\\/logo\\\/image\\\/\"}},{\"@type\":\"Person\",\"@id\":\"https:\\\/\\\/fjala.info\\\/2009-2015\\\/#\\\/schema\\\/person\\\/3aa1163ef05469c496fc94e77611ada2\",\"name\":\"admin\",\"image\":{\"@type\":\"ImageObject\",\"inLanguage\":\"sq-AL\",\"@id\":\"https:\\\/\\\/fjala.info\\\/2009-2015\\\/wp-content\\\/uploads\\\/2012\\\/02\\\/arben_cokaj-120x150.jpg\",\"url\":\"https:\\\/\\\/fjala.info\\\/2009-2015\\\/wp-content\\\/uploads\\\/2012\\\/02\\\/arben_cokaj-120x150.jpg\",\"contentUrl\":\"https:\\\/\\\/fjala.info\\\/2009-2015\\\/wp-content\\\/uploads\\\/2012\\\/02\\\/arben_cokaj-120x150.jpg\",\"caption\":\"admin\"},\"description\":\"Admin, Fjala e Lir\u00eb\",\"sameAs\":[\"https:\\\/\\\/fjala.info\\\/\"],\"url\":\"https:\\\/\\\/fjala.info\\\/2009-2015\\\/author\\\/admin\\\/\"}]}<\/script>\n<!-- \/ Yoast SEO plugin. -->","yoast_head_json":{"title":"Vrasja e Remzi Salihut incident dhe f\u00ebrkim i shkeljeve t\u00eb ligjit dhe prosperitetit n\u00eb shoq\u00ebrin\u00eb kosovare! - FjALA e LIR\u00cb - Arkivi","robots":{"index":"index","follow":"follow","max-snippet":"max-snippet:-1","max-image-preview":"max-image-preview:large","max-video-preview":"max-video-preview:-1"},"canonical":"https:\/\/fjala.info\/2009-2015\/vrasja-e-remzi-salihut-incident-dhe-ferkim-i-shkeljeve-te-ligjit-dhe-prosperitetit-ne-shoqerine-kosovare\/","og_locale":"sq_AL","og_type":"article","og_title":"Vrasja e Remzi Salihut incident dhe f\u00ebrkim i shkeljeve t\u00eb ligjit dhe prosperitetit n\u00eb shoq\u00ebrin\u00eb kosovare! - FjALA e LIR\u00cb - Arkivi","og_description":"Nga Asllan Dibrani Remzi Salihu me histori t\u00eb dhimbshme familjare nga masakra serbe n\u00eb Prapashtic\u00eb! Remzi Salihu i vrar\u00eb ne cil\u00ebsin\u00eb e drejtorit t\u00eb arsimit p\u00ebr Prishtin\u00eb ishte djali i Selim Salihut &#8211; legjend\u00eb e mosh\u00ebs pes\u00eb jav\u00ebshe nga masakra serbe n\u00eb Prapashtic\u00eb Si zakonisht ishte nj\u00eb dit\u00eb e rendom\u00eb, por e zymt\u00eb disi, sikur [&hellip;]","og_url":"https:\/\/fjala.info\/2009-2015\/vrasja-e-remzi-salihut-incident-dhe-ferkim-i-shkeljeve-te-ligjit-dhe-prosperitetit-ne-shoqerine-kosovare\/","og_site_name":"FjALA e LIR\u00cb - Arkivi","article_published_time":"2012-02-14T10:02:06+00:00","og_image":[{"url":"http:\/\/www.shkoder.net\/images\/fjala\/asllan_dibrani.jpg","type":"","width":"","height":""}],"author":"admin","twitter_card":"summary_large_image","twitter_misc":{"Written by":"admin","Est. reading time":"19 minutes"},"schema":{"@context":"https:\/\/schema.org","@graph":[{"@type":"Article","@id":"https:\/\/fjala.info\/2009-2015\/vrasja-e-remzi-salihut-incident-dhe-ferkim-i-shkeljeve-te-ligjit-dhe-prosperitetit-ne-shoqerine-kosovare\/#article","isPartOf":{"@id":"https:\/\/fjala.info\/2009-2015\/vrasja-e-remzi-salihut-incident-dhe-ferkim-i-shkeljeve-te-ligjit-dhe-prosperitetit-ne-shoqerine-kosovare\/"},"author":{"name":"admin","@id":"https:\/\/fjala.info\/2009-2015\/#\/schema\/person\/3aa1163ef05469c496fc94e77611ada2"},"headline":"Vrasja e Remzi Salihut incident dhe f\u00ebrkim i shkeljeve t\u00eb ligjit dhe prosperitetit n\u00eb shoq\u00ebrin\u00eb kosovare!","datePublished":"2012-02-14T10:02:06+00:00","mainEntityOfPage":{"@id":"https:\/\/fjala.info\/2009-2015\/vrasja-e-remzi-salihut-incident-dhe-ferkim-i-shkeljeve-te-ligjit-dhe-prosperitetit-ne-shoqerine-kosovare\/"},"wordCount":3727,"commentCount":0,"publisher":{"@id":"https:\/\/fjala.info\/2009-2015\/#organization"},"image":{"@id":"https:\/\/fjala.info\/2009-2015\/vrasja-e-remzi-salihut-incident-dhe-ferkim-i-shkeljeve-te-ligjit-dhe-prosperitetit-ne-shoqerine-kosovare\/#primaryimage"},"thumbnailUrl":"http:\/\/www.shkoder.net\/images\/fjala\/asllan_dibrani.jpg","articleSection":["Artikuj"],"inLanguage":"sq-AL","potentialAction":[{"@type":"CommentAction","name":"Comment","target":["https:\/\/fjala.info\/2009-2015\/vrasja-e-remzi-salihut-incident-dhe-ferkim-i-shkeljeve-te-ligjit-dhe-prosperitetit-ne-shoqerine-kosovare\/#respond"]}]},{"@type":"WebPage","@id":"https:\/\/fjala.info\/2009-2015\/vrasja-e-remzi-salihut-incident-dhe-ferkim-i-shkeljeve-te-ligjit-dhe-prosperitetit-ne-shoqerine-kosovare\/","url":"https:\/\/fjala.info\/2009-2015\/vrasja-e-remzi-salihut-incident-dhe-ferkim-i-shkeljeve-te-ligjit-dhe-prosperitetit-ne-shoqerine-kosovare\/","name":"Vrasja e Remzi Salihut incident dhe f\u00ebrkim i shkeljeve t\u00eb ligjit dhe prosperitetit n\u00eb shoq\u00ebrin\u00eb kosovare! - FjALA e LIR\u00cb - Arkivi","isPartOf":{"@id":"https:\/\/fjala.info\/2009-2015\/#website"},"primaryImageOfPage":{"@id":"https:\/\/fjala.info\/2009-2015\/vrasja-e-remzi-salihut-incident-dhe-ferkim-i-shkeljeve-te-ligjit-dhe-prosperitetit-ne-shoqerine-kosovare\/#primaryimage"},"image":{"@id":"https:\/\/fjala.info\/2009-2015\/vrasja-e-remzi-salihut-incident-dhe-ferkim-i-shkeljeve-te-ligjit-dhe-prosperitetit-ne-shoqerine-kosovare\/#primaryimage"},"thumbnailUrl":"http:\/\/www.shkoder.net\/images\/fjala\/asllan_dibrani.jpg","datePublished":"2012-02-14T10:02:06+00:00","breadcrumb":{"@id":"https:\/\/fjala.info\/2009-2015\/vrasja-e-remzi-salihut-incident-dhe-ferkim-i-shkeljeve-te-ligjit-dhe-prosperitetit-ne-shoqerine-kosovare\/#breadcrumb"},"inLanguage":"sq-AL","potentialAction":[{"@type":"ReadAction","target":["https:\/\/fjala.info\/2009-2015\/vrasja-e-remzi-salihut-incident-dhe-ferkim-i-shkeljeve-te-ligjit-dhe-prosperitetit-ne-shoqerine-kosovare\/"]}]},{"@type":"ImageObject","inLanguage":"sq-AL","@id":"https:\/\/fjala.info\/2009-2015\/vrasja-e-remzi-salihut-incident-dhe-ferkim-i-shkeljeve-te-ligjit-dhe-prosperitetit-ne-shoqerine-kosovare\/#primaryimage","url":"http:\/\/www.shkoder.net\/images\/fjala\/asllan_dibrani.jpg","contentUrl":"http:\/\/www.shkoder.net\/images\/fjala\/asllan_dibrani.jpg"},{"@type":"BreadcrumbList","@id":"https:\/\/fjala.info\/2009-2015\/vrasja-e-remzi-salihut-incident-dhe-ferkim-i-shkeljeve-te-ligjit-dhe-prosperitetit-ne-shoqerine-kosovare\/#breadcrumb","itemListElement":[{"@type":"ListItem","position":1,"name":"Home","item":"https:\/\/fjala.info\/2009-2015\/"},{"@type":"ListItem","position":2,"name":"Vrasja e Remzi Salihut incident dhe f\u00ebrkim i shkeljeve t\u00eb ligjit dhe prosperitetit n\u00eb shoq\u00ebrin\u00eb kosovare!"}]},{"@type":"WebSite","@id":"https:\/\/fjala.info\/2009-2015\/#website","url":"https:\/\/fjala.info\/2009-2015\/","name":"FjALA e LIR\u00cb - Arkivi","description":"Arkivi 2009-2015","publisher":{"@id":"https:\/\/fjala.info\/2009-2015\/#organization"},"potentialAction":[{"@type":"SearchAction","target":{"@type":"EntryPoint","urlTemplate":"https:\/\/fjala.info\/2009-2015\/?s={search_term_string}"},"query-input":{"@type":"PropertyValueSpecification","valueRequired":true,"valueName":"search_term_string"}}],"inLanguage":"sq-AL"},{"@type":"Organization","@id":"https:\/\/fjala.info\/2009-2015\/#organization","name":"FjALA e LIR\u00cb - Arkivi","url":"https:\/\/fjala.info\/2009-2015\/","logo":{"@type":"ImageObject","inLanguage":"sq-AL","@id":"https:\/\/fjala.info\/2009-2015\/#\/schema\/logo\/image\/","url":"","contentUrl":"","caption":"FjALA e LIR\u00cb - Arkivi"},"image":{"@id":"https:\/\/fjala.info\/2009-2015\/#\/schema\/logo\/image\/"}},{"@type":"Person","@id":"https:\/\/fjala.info\/2009-2015\/#\/schema\/person\/3aa1163ef05469c496fc94e77611ada2","name":"admin","image":{"@type":"ImageObject","inLanguage":"sq-AL","@id":"https:\/\/fjala.info\/2009-2015\/wp-content\/uploads\/2012\/02\/arben_cokaj-120x150.jpg","url":"https:\/\/fjala.info\/2009-2015\/wp-content\/uploads\/2012\/02\/arben_cokaj-120x150.jpg","contentUrl":"https:\/\/fjala.info\/2009-2015\/wp-content\/uploads\/2012\/02\/arben_cokaj-120x150.jpg","caption":"admin"},"description":"Admin, Fjala e Lir\u00eb","sameAs":["https:\/\/fjala.info\/"],"url":"https:\/\/fjala.info\/2009-2015\/author\/admin\/"}]}},"_links":{"self":[{"href":"https:\/\/fjala.info\/2009-2015\/wp-json\/wp\/v2\/posts\/11689","targetHints":{"allow":["GET"]}}],"collection":[{"href":"https:\/\/fjala.info\/2009-2015\/wp-json\/wp\/v2\/posts"}],"about":[{"href":"https:\/\/fjala.info\/2009-2015\/wp-json\/wp\/v2\/types\/post"}],"author":[{"embeddable":true,"href":"https:\/\/fjala.info\/2009-2015\/wp-json\/wp\/v2\/users\/1"}],"replies":[{"embeddable":true,"href":"https:\/\/fjala.info\/2009-2015\/wp-json\/wp\/v2\/comments?post=11689"}],"version-history":[{"count":0,"href":"https:\/\/fjala.info\/2009-2015\/wp-json\/wp\/v2\/posts\/11689\/revisions"}],"wp:attachment":[{"href":"https:\/\/fjala.info\/2009-2015\/wp-json\/wp\/v2\/media?parent=11689"}],"wp:term":[{"taxonomy":"category","embeddable":true,"href":"https:\/\/fjala.info\/2009-2015\/wp-json\/wp\/v2\/categories?post=11689"},{"taxonomy":"post_tag","embeddable":true,"href":"https:\/\/fjala.info\/2009-2015\/wp-json\/wp\/v2\/tags?post=11689"}],"curies":[{"name":"wp","href":"https:\/\/api.w.org\/{rel}","templated":true}]}}