{"id":11688,"date":"2012-02-12T10:35:56","date_gmt":"2012-02-12T09:35:56","guid":{"rendered":"http:\/\/fjala.shkoder.net\/?p=1741"},"modified":"2012-02-12T10:35:56","modified_gmt":"2012-02-12T09:35:56","slug":"te-plackitur-dhe-te-perbaltur-pa-faj","status":"publish","type":"post","link":"https:\/\/fjala.info\/2009-2015\/te-plackitur-dhe-te-perbaltur-pa-faj\/","title":{"rendered":"T\u00eb pla\u00e7kitur dhe t\u00eb p\u00ebrbaltur pa faj"},"content":{"rendered":"<p><img decoding=\"async\" class=\"alignright size-thumbnail wp-image-7236\" title=\"Mero Baze\" src=\"http:\/\/www.shkoder.net\/images\/fjala\/mero_baze1.jpg\" alt=\"\" width=\"150\" \/> Nga <strong>Mero Baze<\/strong>, <em>11 Shkurt 2012<\/em><\/p>\n<p><strong>Chris Chivers<\/strong>, gazetari i njohur i gazet\u00ebs New York Times, i \u00ebsht\u00eb p\u00ebrgjigjur dje online shqet\u00ebsimit t\u00eb nj\u00eb blogger-i t\u00eb njohur rreth nj\u00eb predhe 107 mm, q\u00eb forcat e presidentit sirian p\u00ebrdorin kund\u00ebr demonstruesve. Chivers rikujton me k\u00ebt\u00eb rast faktin se vende t\u00eb tilla mund t\u00eb furnizohen nga shtete t\u00eb treta ish-komuniste, q\u00eb kan\u00eb arm\u00eb t\u00eb tilla shfaros\u00ebse n\u00eb depot e tyre dhe e ilustron k\u00ebt\u00eb me skandalin e arm\u00ebve kineze q\u00eb Shqip\u00ebria i shiste Afganistanit, p\u00ebrmes nj\u00eb kontrate me Pentagonin ku u p\u00ebrfol dhe emri i djalit t\u00eb kryeministrit shqiptar si nd\u00ebrmjet\u00ebs.<\/p>\n<p>Referimi tek Shqip\u00ebria nuk ka t\u00eb b\u00ebj me ndonj\u00eb akuz\u00eb konkrete, por me nj\u00eb imazh tashm\u00eb t\u00eb formuar si nj\u00eb shtet batak\u00e7i, q\u00eb nuk respekton asnj\u00eb parim apo norm\u00eb nd\u00ebrkomb\u00ebtare kur futen n\u00eb loj\u00eb njer\u00ebzit e pushtetit p\u00ebr t\u00eb fituar para. Thuajse n\u00eb gjith\u00eb vendet q\u00eb p\u00ebrfshiu vitin q\u00eb shkoi vala e protestave t\u00eb Pranver\u00ebs Arabe, Shqip\u00ebria u kishte shitur qeverive t\u00eb tyre arm\u00eb. Arm\u00ebt tona u gjenden n\u00eb duart e Gadafit, n\u00eb Jemen, raketat tona n\u00eb duart e Hamasit, dhe akoma m\u00eb keq sot rrezikon q\u00eb t\u00eb ndjehemi fajtor dhe p\u00ebr furnizimin me arm\u00eb t\u00eb nj\u00eb diktatori tjet\u00ebr, presidentit sirian.<\/p>\n<p>Problemi yn\u00eb n\u00eb k\u00ebt\u00eb rast nuk ka t\u00eb b\u00ebj me tregtin\u00eb si mjet fitimprur\u00ebs, por me parimet nga t\u00eb cilat udh\u00ebhiqet qeverisja e vendit. Nj\u00eb vend an\u00ebtar i NATO, e cila mbi t\u00eb gjitha ka parim t\u00eb saj ngrehin\u00ebn e demokracis\u00eb n\u00eb vendet an\u00ebtare t\u00eb saj, po shfaqet si nj\u00eb partnere e regjimeve autoritare e despotike q\u00eb po vrasin qytetar\u00eb.<\/p>\n<p>P\u00ebr aq fakte sa ka botuar vet\u00eb gazeta jon\u00eb p\u00ebr tregtin\u00eb e arm\u00ebve t\u00eb Shqip\u00ebris\u00eb me k\u00ebto vende, shihet qart\u00eb se nuk ka lidhje me ndonj\u00eb interes tregtar t\u00eb madh t\u00eb Shqip\u00ebris\u00eb apo ark\u00ebs s\u00eb saj, por me kapje t\u00eb shtetit nga klient\u00eb personal t\u00eb kryeministrit, q\u00eb p\u00ebrdorin vendet fqinje si Serbia apo Mali i Zi si hallka tranzite n\u00eb k\u00ebt\u00eb tregti. K\u00ebshtu, ne kemi bler\u00eb raketa serbe dhe ukrainase p\u00ebr t\u2019ua shitur forcave terroriste antiqeveritare n\u00eb Liban, pra jemi b\u00ebr\u00eb vend tranzit q\u00eb kemi mbuluar destinacionin e fundit t\u00eb nisur nga Serbia, vet\u00ebm se n\u00eb loj\u00eb kan\u00eb qen\u00eb klient\u00ebt e njohur serbo-boshnjak\u00eb t\u00eb kryeministrit.<\/p>\n<p>Ne kemi shitur arm\u00eb tek regjimi i Gadafit, duke p\u00ebrdorur s\u00ebrish nd\u00ebrmjet\u00ebs serb, q\u00eb i sh\u00ebrbejn\u00eb Arben Imamit t\u00eb thot\u00eb q\u00eb nuk dinim gj\u00eb ku do t\u2019i \u00e7onin. E nj\u00ebjta gj\u00eb mund t\u00eb ket\u00eb ndodhur dhe me Sirin\u00eb. Pra, n\u00eb k\u00ebt\u00eb rast nuk \u00ebsht\u00eb se jemi sjell\u00eb si nj\u00eb shtet q\u00eb kemi nevoj\u00eb p\u00ebr para dhe kemi shkelur parimet e NATO-s, por jemi sjell\u00eb si nj\u00eb shtet q\u00eb jemi i kapur nga klient\u00ebt e pushtetit dhe na p\u00ebrdorin si trampolin\u00eb p\u00ebr trafiqe t\u00eb tilla, q\u00eb na ekspozojn\u00eb si shtet batak\u00e7i para syve t\u00eb bot\u00ebs.<\/p>\n<p>Vet\u00ebm fakti q\u00eb Berisha ka fyer gazet\u00ebn New York Times p\u00ebr shkak t\u00eb p\u00ebrfshirjes s\u00eb djalit t\u00eb tij n\u00eb \u00e7do pazar arm\u00ebsh n\u00eb k\u00ebt\u00eb vend, edhe pse gazeta ka b\u00ebr\u00eb nj\u00eb investigim t\u00eb pazakont\u00eb q\u00eb ka tronditur Pentagonin, ka krijuar nj\u00eb bindje t\u00eb mjaftueshme tek gazetar\u00eb t\u00eb njohur si Chivers, por dhe te botuesi e tij, se nga nj\u00eb shtet i till\u00eb mund t\u00eb pres\u00ebsh gjith\u00e7ka. Dhe fal\u00eb k\u00ebtij imazhi, fal\u00eb asaj sjellje t\u00eb padenj\u00eb dhe e motivuar t\u00ebr\u00ebsisht nga p\u00ebrfshirja n\u00eb nj\u00eb pazar privat t\u00eb familjar\u00ebve t\u00eb tij, ne sot jemi t\u00eb penalizuar t\u00eb jemi t\u00eb dyshuarit e par\u00eb pas \u00e7do shfaqje t\u00eb sh\u00ebmtuar t\u00eb trafikut t\u00eb arm\u00ebve apo shitjeve t\u00eb arm\u00ebve t\u00eb tilla t\u00eb d\u00ebmtimit n\u00eb mas\u00eb.<\/p>\n<p>Pra, ajo q\u00eb po na d\u00ebmton n\u00eb thelb krenarin\u00eb komb\u00ebtare, imazhin, dhe po na turp\u00ebron para bot\u00ebs, nuk \u00ebsht\u00eb pse na kan\u00eb mbetur n\u00eb der\u00eb arm\u00eb kineze apo sovjetike, as fakti pse duam t\u2019i shesim ato, por fakti q\u00eb klient\u00eb t\u00eb pushtetit po p\u00ebrdorin k\u00ebt\u00eb pasuri, jo p\u00ebr t\u00eb pasuruar shtetin ton\u00eb, por p\u00ebr tu pasuruar prej shtetit ton\u00eb dhe p\u00ebr ta na diskretituar n\u00eb opinion publik. Rasti tregon se ne jemi t\u00eb ekspozuar si nj\u00eb shtet klientelist, i kapur nga t\u00eb af\u00ebrmit e kryeministrit, q\u00eb nuk kan\u00eb len\u00eb asnj\u00eb shtet batak\u00e7i pa pasur marr\u00ebdh\u00ebnie me t\u00eb, q\u00eb nga Gadafi e deri tek Alievi.<\/p>\n<p>Kjo \u00ebsht\u00eb ajo q\u00eb duhet t\u00eb na shqet\u00ebsoj\u00eb- dhe mbi t\u00eb gjitha kjo \u00ebsht\u00eb arsyeja pse korrupsioni dhe kapja e shtetit n\u00eb Shqip\u00ebri jan\u00eb armiku yn\u00eb komb\u00ebtar. Ky shtet nuk rr\u00ebnohet as nga fqinj\u00ebt, as nga ndonj\u00eb sulm i jasht\u00ebm, por nga kapja e tij prej nj\u00eb bande q\u00eb po e pla\u00e7kit dhe po e p\u00ebrbalt n\u00eb em\u00ebr t\u00eb shqiptar\u00ebve, q\u00eb nuk kan\u00eb m\u00eb as pushtet dhe as fuqi p\u00ebr t\u00eb ndryshuar k\u00ebt\u00eb pushtet batak\u00e7i.<\/p>\n","protected":false},"excerpt":{"rendered":"<p>Nga Mero Baze, 11 Shkurt 2012 Chris Chivers, gazetari i njohur i gazet\u00ebs New York Times, i \u00ebsht\u00eb p\u00ebrgjigjur dje online shqet\u00ebsimit t\u00eb nj\u00eb blogger-i t\u00eb njohur rreth nj\u00eb predhe 107 mm, q\u00eb forcat e presidentit sirian p\u00ebrdorin kund\u00ebr demonstruesve. Chivers rikujton me k\u00ebt\u00eb rast faktin se vende t\u00eb tilla mund t\u00eb furnizohen nga shtete [&hellip;]<\/p>\n","protected":false},"author":1,"featured_media":0,"comment_status":"open","ping_status":"closed","sticky":false,"template":"","format":"standard","meta":{"footnotes":""},"categories":[2],"tags":[],"class_list":{"0":"post-11688","1":"post","2":"type-post","3":"status-publish","4":"format-standard","6":"category-artikuj"},"yoast_head":"<!-- This site is optimized with the Yoast SEO plugin v27.4 - https:\/\/yoast.com\/product\/yoast-seo-wordpress\/ -->\n<title>T\u00eb pla\u00e7kitur dhe t\u00eb p\u00ebrbaltur pa faj - FjALA e LIR\u00cb - Arkivi<\/title>\n<meta name=\"robots\" content=\"index, follow, max-snippet:-1, max-image-preview:large, max-video-preview:-1\" \/>\n<link rel=\"canonical\" href=\"https:\/\/fjala.info\/2009-2015\/te-plackitur-dhe-te-perbaltur-pa-faj\/\" \/>\n<meta property=\"og:locale\" content=\"sq_AL\" \/>\n<meta property=\"og:type\" content=\"article\" \/>\n<meta property=\"og:title\" content=\"T\u00eb pla\u00e7kitur dhe t\u00eb p\u00ebrbaltur pa faj - FjALA e LIR\u00cb - Arkivi\" \/>\n<meta property=\"og:description\" content=\"Nga Mero Baze, 11 Shkurt 2012 Chris Chivers, gazetari i njohur i gazet\u00ebs New York Times, i \u00ebsht\u00eb p\u00ebrgjigjur dje online shqet\u00ebsimit t\u00eb nj\u00eb blogger-i t\u00eb njohur rreth nj\u00eb predhe 107 mm, q\u00eb forcat e presidentit sirian p\u00ebrdorin kund\u00ebr demonstruesve. Chivers rikujton me k\u00ebt\u00eb rast faktin se vende t\u00eb tilla mund t\u00eb furnizohen nga shtete [&hellip;]\" \/>\n<meta property=\"og:url\" content=\"https:\/\/fjala.info\/2009-2015\/te-plackitur-dhe-te-perbaltur-pa-faj\/\" \/>\n<meta property=\"og:site_name\" content=\"FjALA e LIR\u00cb - Arkivi\" \/>\n<meta property=\"article:published_time\" content=\"2012-02-12T09:35:56+00:00\" \/>\n<meta property=\"og:image\" content=\"http:\/\/www.shkoder.net\/images\/fjala\/mero_baze1.jpg\" \/>\n<meta name=\"author\" content=\"admin\" \/>\n<meta name=\"twitter:card\" content=\"summary_large_image\" \/>\n<meta name=\"twitter:label1\" content=\"Written by\" \/>\n\t<meta name=\"twitter:data1\" content=\"admin\" \/>\n\t<meta name=\"twitter:label2\" content=\"Est. reading time\" \/>\n\t<meta name=\"twitter:data2\" content=\"4 minutes\" \/>\n<script type=\"application\/ld+json\" class=\"yoast-schema-graph\">{\"@context\":\"https:\\\/\\\/schema.org\",\"@graph\":[{\"@type\":\"Article\",\"@id\":\"https:\\\/\\\/fjala.info\\\/2009-2015\\\/te-plackitur-dhe-te-perbaltur-pa-faj\\\/#article\",\"isPartOf\":{\"@id\":\"https:\\\/\\\/fjala.info\\\/2009-2015\\\/te-plackitur-dhe-te-perbaltur-pa-faj\\\/\"},\"author\":{\"name\":\"admin\",\"@id\":\"https:\\\/\\\/fjala.info\\\/2009-2015\\\/#\\\/schema\\\/person\\\/3aa1163ef05469c496fc94e77611ada2\"},\"headline\":\"T\u00eb pla\u00e7kitur dhe t\u00eb p\u00ebrbaltur pa faj\",\"datePublished\":\"2012-02-12T09:35:56+00:00\",\"mainEntityOfPage\":{\"@id\":\"https:\\\/\\\/fjala.info\\\/2009-2015\\\/te-plackitur-dhe-te-perbaltur-pa-faj\\\/\"},\"wordCount\":872,\"commentCount\":0,\"publisher\":{\"@id\":\"https:\\\/\\\/fjala.info\\\/2009-2015\\\/#organization\"},\"image\":{\"@id\":\"https:\\\/\\\/fjala.info\\\/2009-2015\\\/te-plackitur-dhe-te-perbaltur-pa-faj\\\/#primaryimage\"},\"thumbnailUrl\":\"http:\\\/\\\/www.shkoder.net\\\/images\\\/fjala\\\/mero_baze1.jpg\",\"articleSection\":[\"Artikuj\"],\"inLanguage\":\"sq-AL\",\"potentialAction\":[{\"@type\":\"CommentAction\",\"name\":\"Comment\",\"target\":[\"https:\\\/\\\/fjala.info\\\/2009-2015\\\/te-plackitur-dhe-te-perbaltur-pa-faj\\\/#respond\"]}]},{\"@type\":\"WebPage\",\"@id\":\"https:\\\/\\\/fjala.info\\\/2009-2015\\\/te-plackitur-dhe-te-perbaltur-pa-faj\\\/\",\"url\":\"https:\\\/\\\/fjala.info\\\/2009-2015\\\/te-plackitur-dhe-te-perbaltur-pa-faj\\\/\",\"name\":\"T\u00eb pla\u00e7kitur dhe t\u00eb p\u00ebrbaltur pa faj - FjALA e LIR\u00cb - Arkivi\",\"isPartOf\":{\"@id\":\"https:\\\/\\\/fjala.info\\\/2009-2015\\\/#website\"},\"primaryImageOfPage\":{\"@id\":\"https:\\\/\\\/fjala.info\\\/2009-2015\\\/te-plackitur-dhe-te-perbaltur-pa-faj\\\/#primaryimage\"},\"image\":{\"@id\":\"https:\\\/\\\/fjala.info\\\/2009-2015\\\/te-plackitur-dhe-te-perbaltur-pa-faj\\\/#primaryimage\"},\"thumbnailUrl\":\"http:\\\/\\\/www.shkoder.net\\\/images\\\/fjala\\\/mero_baze1.jpg\",\"datePublished\":\"2012-02-12T09:35:56+00:00\",\"breadcrumb\":{\"@id\":\"https:\\\/\\\/fjala.info\\\/2009-2015\\\/te-plackitur-dhe-te-perbaltur-pa-faj\\\/#breadcrumb\"},\"inLanguage\":\"sq-AL\",\"potentialAction\":[{\"@type\":\"ReadAction\",\"target\":[\"https:\\\/\\\/fjala.info\\\/2009-2015\\\/te-plackitur-dhe-te-perbaltur-pa-faj\\\/\"]}]},{\"@type\":\"ImageObject\",\"inLanguage\":\"sq-AL\",\"@id\":\"https:\\\/\\\/fjala.info\\\/2009-2015\\\/te-plackitur-dhe-te-perbaltur-pa-faj\\\/#primaryimage\",\"url\":\"http:\\\/\\\/www.shkoder.net\\\/images\\\/fjala\\\/mero_baze1.jpg\",\"contentUrl\":\"http:\\\/\\\/www.shkoder.net\\\/images\\\/fjala\\\/mero_baze1.jpg\"},{\"@type\":\"BreadcrumbList\",\"@id\":\"https:\\\/\\\/fjala.info\\\/2009-2015\\\/te-plackitur-dhe-te-perbaltur-pa-faj\\\/#breadcrumb\",\"itemListElement\":[{\"@type\":\"ListItem\",\"position\":1,\"name\":\"Home\",\"item\":\"https:\\\/\\\/fjala.info\\\/2009-2015\\\/\"},{\"@type\":\"ListItem\",\"position\":2,\"name\":\"T\u00eb pla\u00e7kitur dhe t\u00eb p\u00ebrbaltur pa faj\"}]},{\"@type\":\"WebSite\",\"@id\":\"https:\\\/\\\/fjala.info\\\/2009-2015\\\/#website\",\"url\":\"https:\\\/\\\/fjala.info\\\/2009-2015\\\/\",\"name\":\"FjALA e LIR\u00cb - Arkivi\",\"description\":\"Arkivi 2009-2015\",\"publisher\":{\"@id\":\"https:\\\/\\\/fjala.info\\\/2009-2015\\\/#organization\"},\"potentialAction\":[{\"@type\":\"SearchAction\",\"target\":{\"@type\":\"EntryPoint\",\"urlTemplate\":\"https:\\\/\\\/fjala.info\\\/2009-2015\\\/?s={search_term_string}\"},\"query-input\":{\"@type\":\"PropertyValueSpecification\",\"valueRequired\":true,\"valueName\":\"search_term_string\"}}],\"inLanguage\":\"sq-AL\"},{\"@type\":\"Organization\",\"@id\":\"https:\\\/\\\/fjala.info\\\/2009-2015\\\/#organization\",\"name\":\"FjALA e LIR\u00cb - Arkivi\",\"url\":\"https:\\\/\\\/fjala.info\\\/2009-2015\\\/\",\"logo\":{\"@type\":\"ImageObject\",\"inLanguage\":\"sq-AL\",\"@id\":\"https:\\\/\\\/fjala.info\\\/2009-2015\\\/#\\\/schema\\\/logo\\\/image\\\/\",\"url\":\"\",\"contentUrl\":\"\",\"caption\":\"FjALA e LIR\u00cb - Arkivi\"},\"image\":{\"@id\":\"https:\\\/\\\/fjala.info\\\/2009-2015\\\/#\\\/schema\\\/logo\\\/image\\\/\"}},{\"@type\":\"Person\",\"@id\":\"https:\\\/\\\/fjala.info\\\/2009-2015\\\/#\\\/schema\\\/person\\\/3aa1163ef05469c496fc94e77611ada2\",\"name\":\"admin\",\"image\":{\"@type\":\"ImageObject\",\"inLanguage\":\"sq-AL\",\"@id\":\"https:\\\/\\\/fjala.info\\\/2009-2015\\\/wp-content\\\/uploads\\\/2012\\\/02\\\/arben_cokaj-120x150.jpg\",\"url\":\"https:\\\/\\\/fjala.info\\\/2009-2015\\\/wp-content\\\/uploads\\\/2012\\\/02\\\/arben_cokaj-120x150.jpg\",\"contentUrl\":\"https:\\\/\\\/fjala.info\\\/2009-2015\\\/wp-content\\\/uploads\\\/2012\\\/02\\\/arben_cokaj-120x150.jpg\",\"caption\":\"admin\"},\"description\":\"Admin, Fjala e Lir\u00eb\",\"sameAs\":[\"https:\\\/\\\/fjala.info\\\/\"],\"url\":\"https:\\\/\\\/fjala.info\\\/2009-2015\\\/author\\\/admin\\\/\"}]}<\/script>\n<!-- \/ Yoast SEO plugin. -->","yoast_head_json":{"title":"T\u00eb pla\u00e7kitur dhe t\u00eb p\u00ebrbaltur pa faj - FjALA e LIR\u00cb - Arkivi","robots":{"index":"index","follow":"follow","max-snippet":"max-snippet:-1","max-image-preview":"max-image-preview:large","max-video-preview":"max-video-preview:-1"},"canonical":"https:\/\/fjala.info\/2009-2015\/te-plackitur-dhe-te-perbaltur-pa-faj\/","og_locale":"sq_AL","og_type":"article","og_title":"T\u00eb pla\u00e7kitur dhe t\u00eb p\u00ebrbaltur pa faj - FjALA e LIR\u00cb - Arkivi","og_description":"Nga Mero Baze, 11 Shkurt 2012 Chris Chivers, gazetari i njohur i gazet\u00ebs New York Times, i \u00ebsht\u00eb p\u00ebrgjigjur dje online shqet\u00ebsimit t\u00eb nj\u00eb blogger-i t\u00eb njohur rreth nj\u00eb predhe 107 mm, q\u00eb forcat e presidentit sirian p\u00ebrdorin kund\u00ebr demonstruesve. Chivers rikujton me k\u00ebt\u00eb rast faktin se vende t\u00eb tilla mund t\u00eb furnizohen nga shtete [&hellip;]","og_url":"https:\/\/fjala.info\/2009-2015\/te-plackitur-dhe-te-perbaltur-pa-faj\/","og_site_name":"FjALA e LIR\u00cb - Arkivi","article_published_time":"2012-02-12T09:35:56+00:00","og_image":[{"url":"http:\/\/www.shkoder.net\/images\/fjala\/mero_baze1.jpg","type":"","width":"","height":""}],"author":"admin","twitter_card":"summary_large_image","twitter_misc":{"Written by":"admin","Est. reading time":"4 minutes"},"schema":{"@context":"https:\/\/schema.org","@graph":[{"@type":"Article","@id":"https:\/\/fjala.info\/2009-2015\/te-plackitur-dhe-te-perbaltur-pa-faj\/#article","isPartOf":{"@id":"https:\/\/fjala.info\/2009-2015\/te-plackitur-dhe-te-perbaltur-pa-faj\/"},"author":{"name":"admin","@id":"https:\/\/fjala.info\/2009-2015\/#\/schema\/person\/3aa1163ef05469c496fc94e77611ada2"},"headline":"T\u00eb pla\u00e7kitur dhe t\u00eb p\u00ebrbaltur pa faj","datePublished":"2012-02-12T09:35:56+00:00","mainEntityOfPage":{"@id":"https:\/\/fjala.info\/2009-2015\/te-plackitur-dhe-te-perbaltur-pa-faj\/"},"wordCount":872,"commentCount":0,"publisher":{"@id":"https:\/\/fjala.info\/2009-2015\/#organization"},"image":{"@id":"https:\/\/fjala.info\/2009-2015\/te-plackitur-dhe-te-perbaltur-pa-faj\/#primaryimage"},"thumbnailUrl":"http:\/\/www.shkoder.net\/images\/fjala\/mero_baze1.jpg","articleSection":["Artikuj"],"inLanguage":"sq-AL","potentialAction":[{"@type":"CommentAction","name":"Comment","target":["https:\/\/fjala.info\/2009-2015\/te-plackitur-dhe-te-perbaltur-pa-faj\/#respond"]}]},{"@type":"WebPage","@id":"https:\/\/fjala.info\/2009-2015\/te-plackitur-dhe-te-perbaltur-pa-faj\/","url":"https:\/\/fjala.info\/2009-2015\/te-plackitur-dhe-te-perbaltur-pa-faj\/","name":"T\u00eb pla\u00e7kitur dhe t\u00eb p\u00ebrbaltur pa faj - FjALA e LIR\u00cb - Arkivi","isPartOf":{"@id":"https:\/\/fjala.info\/2009-2015\/#website"},"primaryImageOfPage":{"@id":"https:\/\/fjala.info\/2009-2015\/te-plackitur-dhe-te-perbaltur-pa-faj\/#primaryimage"},"image":{"@id":"https:\/\/fjala.info\/2009-2015\/te-plackitur-dhe-te-perbaltur-pa-faj\/#primaryimage"},"thumbnailUrl":"http:\/\/www.shkoder.net\/images\/fjala\/mero_baze1.jpg","datePublished":"2012-02-12T09:35:56+00:00","breadcrumb":{"@id":"https:\/\/fjala.info\/2009-2015\/te-plackitur-dhe-te-perbaltur-pa-faj\/#breadcrumb"},"inLanguage":"sq-AL","potentialAction":[{"@type":"ReadAction","target":["https:\/\/fjala.info\/2009-2015\/te-plackitur-dhe-te-perbaltur-pa-faj\/"]}]},{"@type":"ImageObject","inLanguage":"sq-AL","@id":"https:\/\/fjala.info\/2009-2015\/te-plackitur-dhe-te-perbaltur-pa-faj\/#primaryimage","url":"http:\/\/www.shkoder.net\/images\/fjala\/mero_baze1.jpg","contentUrl":"http:\/\/www.shkoder.net\/images\/fjala\/mero_baze1.jpg"},{"@type":"BreadcrumbList","@id":"https:\/\/fjala.info\/2009-2015\/te-plackitur-dhe-te-perbaltur-pa-faj\/#breadcrumb","itemListElement":[{"@type":"ListItem","position":1,"name":"Home","item":"https:\/\/fjala.info\/2009-2015\/"},{"@type":"ListItem","position":2,"name":"T\u00eb pla\u00e7kitur dhe t\u00eb p\u00ebrbaltur pa faj"}]},{"@type":"WebSite","@id":"https:\/\/fjala.info\/2009-2015\/#website","url":"https:\/\/fjala.info\/2009-2015\/","name":"FjALA e LIR\u00cb - Arkivi","description":"Arkivi 2009-2015","publisher":{"@id":"https:\/\/fjala.info\/2009-2015\/#organization"},"potentialAction":[{"@type":"SearchAction","target":{"@type":"EntryPoint","urlTemplate":"https:\/\/fjala.info\/2009-2015\/?s={search_term_string}"},"query-input":{"@type":"PropertyValueSpecification","valueRequired":true,"valueName":"search_term_string"}}],"inLanguage":"sq-AL"},{"@type":"Organization","@id":"https:\/\/fjala.info\/2009-2015\/#organization","name":"FjALA e LIR\u00cb - Arkivi","url":"https:\/\/fjala.info\/2009-2015\/","logo":{"@type":"ImageObject","inLanguage":"sq-AL","@id":"https:\/\/fjala.info\/2009-2015\/#\/schema\/logo\/image\/","url":"","contentUrl":"","caption":"FjALA e LIR\u00cb - Arkivi"},"image":{"@id":"https:\/\/fjala.info\/2009-2015\/#\/schema\/logo\/image\/"}},{"@type":"Person","@id":"https:\/\/fjala.info\/2009-2015\/#\/schema\/person\/3aa1163ef05469c496fc94e77611ada2","name":"admin","image":{"@type":"ImageObject","inLanguage":"sq-AL","@id":"https:\/\/fjala.info\/2009-2015\/wp-content\/uploads\/2012\/02\/arben_cokaj-120x150.jpg","url":"https:\/\/fjala.info\/2009-2015\/wp-content\/uploads\/2012\/02\/arben_cokaj-120x150.jpg","contentUrl":"https:\/\/fjala.info\/2009-2015\/wp-content\/uploads\/2012\/02\/arben_cokaj-120x150.jpg","caption":"admin"},"description":"Admin, Fjala e Lir\u00eb","sameAs":["https:\/\/fjala.info\/"],"url":"https:\/\/fjala.info\/2009-2015\/author\/admin\/"}]}},"_links":{"self":[{"href":"https:\/\/fjala.info\/2009-2015\/wp-json\/wp\/v2\/posts\/11688","targetHints":{"allow":["GET"]}}],"collection":[{"href":"https:\/\/fjala.info\/2009-2015\/wp-json\/wp\/v2\/posts"}],"about":[{"href":"https:\/\/fjala.info\/2009-2015\/wp-json\/wp\/v2\/types\/post"}],"author":[{"embeddable":true,"href":"https:\/\/fjala.info\/2009-2015\/wp-json\/wp\/v2\/users\/1"}],"replies":[{"embeddable":true,"href":"https:\/\/fjala.info\/2009-2015\/wp-json\/wp\/v2\/comments?post=11688"}],"version-history":[{"count":0,"href":"https:\/\/fjala.info\/2009-2015\/wp-json\/wp\/v2\/posts\/11688\/revisions"}],"wp:attachment":[{"href":"https:\/\/fjala.info\/2009-2015\/wp-json\/wp\/v2\/media?parent=11688"}],"wp:term":[{"taxonomy":"category","embeddable":true,"href":"https:\/\/fjala.info\/2009-2015\/wp-json\/wp\/v2\/categories?post=11688"},{"taxonomy":"post_tag","embeddable":true,"href":"https:\/\/fjala.info\/2009-2015\/wp-json\/wp\/v2\/tags?post=11688"}],"curies":[{"name":"wp","href":"https:\/\/api.w.org\/{rel}","templated":true}]}}