{"id":11687,"date":"2012-02-11T22:00:18","date_gmt":"2012-02-11T21:00:18","guid":{"rendered":"http:\/\/fjala.shkoder.net\/?p=1734"},"modified":"2012-02-11T22:00:18","modified_gmt":"2012-02-11T21:00:18","slug":"greqia-ime-ka-rene-pertoke","status":"publish","type":"post","link":"https:\/\/fjala.info\/2009-2015\/greqia-ime-ka-rene-pertoke\/","title":{"rendered":"Greqia ime ka r\u00ebn\u00eb p\u00ebrtok\u00eb"},"content":{"rendered":"<p><img decoding=\"async\" class=\"alignright size-thumbnail wp-image-7236\" title=\"Vicky Leandros\" src=\"http:\/\/www.shkoder.net\/2012\/vicky_leandros.jpg\" alt=\"\" width=\"300\" \/> Nga <strong>Vicky Leandros<\/strong>, <em>11 Shkurt 2012<\/em><\/p>\n<p>Ky \u00ebsht\u00eb shkrimi q\u00eb k\u00ebng\u00ebtarja e njohur greke, Vicky Leandros ka p\u00ebrgatitur p\u00ebr gazet\u00ebn gjermane Bild<\/p>\n<p>Pas p\u00ebrjetimeve t\u00eb mia n\u00eb Athin\u00eb, n\u00eb kok\u00eb m\u00eb nguliten imazhe, q\u00eb nuk largohen m\u00eb. Nj\u00eb prej tyre \u00ebsht\u00eb ai i Marias, 8 vje\u00e7, q\u00eb u ul n\u00eb prehrin tim n\u00eb fshatin e f\u00ebmij\u00ebve SOS.<\/p>\n<p>Ajo qeshte dhe lozte me mua. Prind\u00ebrit e kishin dor\u00ebzuar at\u00eb dhe dy motrat e saj sepse thjesht kriza kishte b\u00ebr\u00eb q\u00eb t\u00eb mos kishin m\u00eb para p\u00ebr t\u00eb bler\u00eb ushqim p\u00ebr f\u00ebmij\u00ebt e tyre.<\/p>\n<p>Nuk e kisha besuar kurr\u00eb q\u00eb Greqia ime do vinte deri n\u00eb k\u00ebt\u00eb pik\u00eb.<\/p>\n<p>Kisha muaj q\u00eb nuk kisha qen\u00eb n\u00eb Greqi. Udh\u00ebtova drejt Athin\u00ebs me gazet\u00ebn Bild- dhe rr\u00ebfimet e njer\u00ebzve m\u00eb kan\u00eb tronditur.<\/p>\n<p>\u00cbsht\u00eb ora 15:00 e pasdites dhe un\u00eb po ec n\u00eb sheshin Omonia, nj\u00eb pjes\u00eb e qytetit n\u00eb zem\u00ebr t\u00eb Athin\u00ebs. M\u00eb kujtohet pik\u00ebrisht se si gjat\u00eb Loj\u00ebrave Olimpike n\u00eb vitin 2004, ulesha k\u00ebtu n\u00eb diell dhe pija kafe.<\/p>\n<p>Vendi ishte n\u00eb humor. Tani n\u00eb sheshin Omonia shoh p\u00ebrdorues droge q\u00eb b\u00ebjn\u00eb hapur injeksionet. Dhe t\u00eb pastreh\u00eb. Gjithandej t\u00eb pastreh\u00eb. Di\u00e7ka e till\u00eb nuk shihej m\u00eb par\u00eb.<\/p>\n<p>Nj\u00eb polic m\u00eb tregon se sa e pasigurt \u00ebsht\u00eb b\u00ebr\u00eb situata n\u00eb rrug\u00eb dhe se si \u00ebsht\u00eb rritur numri i vet\u00ebvrasjeve. Njer\u00ebzit jan\u00eb t\u00eb d\u00ebshp\u00ebruar. N\u00eb nj\u00eb kish\u00eb n\u00eb rrug\u00ebn Sofokliu ndihmoj p\u00ebr t\u00eb shp\u00ebrndar\u00eb ushqim, qindra njer\u00ebz jan\u00eb n\u00eb radh\u00eb.<\/p>\n<p>Prifti Janis Lambrou m\u00eb thot\u00eb se \u00e7do dit\u00eb b\u00ebhen gjithmon\u00eb e m\u00eb shum\u00eb. U shoh fytyrat e tyre, ato shprehin fal\u00ebnderim. Nj\u00ebkoh\u00ebsisht m\u00eb vjen turp. Ne grek\u00ebt jemi popull krenar.<\/p>\n<p>Gjith\u00e7ka k\u00ebto dit\u00eb rrotullohet rreth miliardave t\u00eb reja dhe masave t\u00eb kursimit. N\u00eb sheshin Sintagma ndjej atmosfer\u00ebn e ngarkuar n\u00eb mesin e protestuesve, e cila \u00ebsht\u00eb drejtuar kund\u00ebr gjith\u00eb elit\u00ebs politike.<\/p>\n<p>I kuptoj protestat paq\u00ebsore. Por anarkist\u00ebt q\u00eb djegin flamurin gjerman dhe hedhin gur\u00eb m\u00eb zem\u00ebrojn\u00eb. Kuptoj se shumica e grek\u00ebve i d\u00ebnojn\u00eb akte t\u00eb tilla.<\/p>\n<p>Nd\u00ebrsa mbaj n\u00eb dor\u00eb nj\u00eb gazet\u00eb, ku \u00ebsht\u00eb shkruar s\u00ebrish p\u00ebr Gjermanin\u00eb \u2018e keqe\u2019, pran\u00eb nj\u00eb stacioni autobusi m\u00eb afrohen shum\u00eb njer\u00ebz. Pensionisti Vasil, 65 vje\u00e7, m\u00eb njeh e m\u00eb thot\u00eb: \u201cVicky, i thuaj Merkelit se nuk mund t\u00eb kursejm\u00eb m\u00eb. Jemi p\u00ebrtok\u00eb\u201d. Pensioni i tij \u00ebsht\u00eb shkurtuar nga 900 n\u00eb 600 euro.<\/p>\n<p>Dhe shum\u00eb t\u00eb rinj nuk shohin m\u00eb t\u00eb ardhme. Studenti 26 vje\u00e7ar Evangelos m\u00eb tregoi se si mendon t\u00eb emigroj\u00eb- k\u00ebshtu edhe shum\u00eb miq t\u00eb tij. Si mund t\u00eb gjejn\u00eb nj\u00eb pun\u00eb kur niveli i papun\u00ebsis\u00eb tek t\u00eb rinjt\u00eb ka shkuar n\u00eb 50 p\u00ebrqind?<\/p>\n<p>G\u00ebzimi p\u00ebr jet\u00ebn &#8211; q\u00eb e kam dashur aq shum\u00eb n\u00eb k\u00ebt\u00eb qytet &#8211; \u00ebsht\u00eb zhdukur.<\/p>\n","protected":false},"excerpt":{"rendered":"<p>Nga Vicky Leandros, 11 Shkurt 2012 Ky \u00ebsht\u00eb shkrimi q\u00eb k\u00ebng\u00ebtarja e njohur greke, Vicky Leandros ka p\u00ebrgatitur p\u00ebr gazet\u00ebn gjermane Bild Pas p\u00ebrjetimeve t\u00eb mia n\u00eb Athin\u00eb, n\u00eb kok\u00eb m\u00eb nguliten imazhe, q\u00eb nuk largohen m\u00eb. Nj\u00eb prej tyre \u00ebsht\u00eb ai i Marias, 8 vje\u00e7, q\u00eb u ul n\u00eb prehrin tim n\u00eb fshatin e [&hellip;]<\/p>\n","protected":false},"author":1,"featured_media":0,"comment_status":"open","ping_status":"closed","sticky":false,"template":"","format":"standard","meta":{"footnotes":""},"categories":[2],"tags":[],"class_list":{"0":"post-11687","1":"post","2":"type-post","3":"status-publish","4":"format-standard","6":"category-artikuj"},"yoast_head":"<!-- This site is optimized with the Yoast SEO plugin v27.4 - https:\/\/yoast.com\/product\/yoast-seo-wordpress\/ -->\n<title>Greqia ime ka r\u00ebn\u00eb p\u00ebrtok\u00eb - FjALA e LIR\u00cb - Arkivi<\/title>\n<meta name=\"robots\" content=\"index, follow, max-snippet:-1, max-image-preview:large, max-video-preview:-1\" \/>\n<link rel=\"canonical\" href=\"https:\/\/fjala.info\/2009-2015\/greqia-ime-ka-rene-pertoke\/\" \/>\n<meta property=\"og:locale\" content=\"sq_AL\" \/>\n<meta property=\"og:type\" content=\"article\" \/>\n<meta property=\"og:title\" content=\"Greqia ime ka r\u00ebn\u00eb p\u00ebrtok\u00eb - FjALA e LIR\u00cb - Arkivi\" \/>\n<meta property=\"og:description\" content=\"Nga Vicky Leandros, 11 Shkurt 2012 Ky \u00ebsht\u00eb shkrimi q\u00eb k\u00ebng\u00ebtarja e njohur greke, Vicky Leandros ka p\u00ebrgatitur p\u00ebr gazet\u00ebn gjermane Bild Pas p\u00ebrjetimeve t\u00eb mia n\u00eb Athin\u00eb, n\u00eb kok\u00eb m\u00eb nguliten imazhe, q\u00eb nuk largohen m\u00eb. Nj\u00eb prej tyre \u00ebsht\u00eb ai i Marias, 8 vje\u00e7, q\u00eb u ul n\u00eb prehrin tim n\u00eb fshatin e [&hellip;]\" \/>\n<meta property=\"og:url\" content=\"https:\/\/fjala.info\/2009-2015\/greqia-ime-ka-rene-pertoke\/\" \/>\n<meta property=\"og:site_name\" content=\"FjALA e LIR\u00cb - Arkivi\" \/>\n<meta property=\"article:published_time\" content=\"2012-02-11T21:00:18+00:00\" \/>\n<meta property=\"og:image\" content=\"http:\/\/www.shkoder.net\/2012\/vicky_leandros.jpg\" \/>\n<meta name=\"author\" content=\"admin\" \/>\n<meta name=\"twitter:card\" content=\"summary_large_image\" \/>\n<meta name=\"twitter:label1\" content=\"Written by\" \/>\n\t<meta name=\"twitter:data1\" content=\"admin\" \/>\n\t<meta name=\"twitter:label2\" content=\"Est. reading time\" \/>\n\t<meta name=\"twitter:data2\" content=\"2 minutes\" \/>\n<script type=\"application\/ld+json\" class=\"yoast-schema-graph\">{\"@context\":\"https:\\\/\\\/schema.org\",\"@graph\":[{\"@type\":\"Article\",\"@id\":\"https:\\\/\\\/fjala.info\\\/2009-2015\\\/greqia-ime-ka-rene-pertoke\\\/#article\",\"isPartOf\":{\"@id\":\"https:\\\/\\\/fjala.info\\\/2009-2015\\\/greqia-ime-ka-rene-pertoke\\\/\"},\"author\":{\"name\":\"admin\",\"@id\":\"https:\\\/\\\/fjala.info\\\/2009-2015\\\/#\\\/schema\\\/person\\\/3aa1163ef05469c496fc94e77611ada2\"},\"headline\":\"Greqia ime ka r\u00ebn\u00eb p\u00ebrtok\u00eb\",\"datePublished\":\"2012-02-11T21:00:18+00:00\",\"mainEntityOfPage\":{\"@id\":\"https:\\\/\\\/fjala.info\\\/2009-2015\\\/greqia-ime-ka-rene-pertoke\\\/\"},\"wordCount\":497,\"commentCount\":0,\"publisher\":{\"@id\":\"https:\\\/\\\/fjala.info\\\/2009-2015\\\/#organization\"},\"image\":{\"@id\":\"https:\\\/\\\/fjala.info\\\/2009-2015\\\/greqia-ime-ka-rene-pertoke\\\/#primaryimage\"},\"thumbnailUrl\":\"http:\\\/\\\/www.shkoder.net\\\/2012\\\/vicky_leandros.jpg\",\"articleSection\":[\"Artikuj\"],\"inLanguage\":\"sq-AL\",\"potentialAction\":[{\"@type\":\"CommentAction\",\"name\":\"Comment\",\"target\":[\"https:\\\/\\\/fjala.info\\\/2009-2015\\\/greqia-ime-ka-rene-pertoke\\\/#respond\"]}]},{\"@type\":\"WebPage\",\"@id\":\"https:\\\/\\\/fjala.info\\\/2009-2015\\\/greqia-ime-ka-rene-pertoke\\\/\",\"url\":\"https:\\\/\\\/fjala.info\\\/2009-2015\\\/greqia-ime-ka-rene-pertoke\\\/\",\"name\":\"Greqia ime ka r\u00ebn\u00eb p\u00ebrtok\u00eb - FjALA e LIR\u00cb - Arkivi\",\"isPartOf\":{\"@id\":\"https:\\\/\\\/fjala.info\\\/2009-2015\\\/#website\"},\"primaryImageOfPage\":{\"@id\":\"https:\\\/\\\/fjala.info\\\/2009-2015\\\/greqia-ime-ka-rene-pertoke\\\/#primaryimage\"},\"image\":{\"@id\":\"https:\\\/\\\/fjala.info\\\/2009-2015\\\/greqia-ime-ka-rene-pertoke\\\/#primaryimage\"},\"thumbnailUrl\":\"http:\\\/\\\/www.shkoder.net\\\/2012\\\/vicky_leandros.jpg\",\"datePublished\":\"2012-02-11T21:00:18+00:00\",\"breadcrumb\":{\"@id\":\"https:\\\/\\\/fjala.info\\\/2009-2015\\\/greqia-ime-ka-rene-pertoke\\\/#breadcrumb\"},\"inLanguage\":\"sq-AL\",\"potentialAction\":[{\"@type\":\"ReadAction\",\"target\":[\"https:\\\/\\\/fjala.info\\\/2009-2015\\\/greqia-ime-ka-rene-pertoke\\\/\"]}]},{\"@type\":\"ImageObject\",\"inLanguage\":\"sq-AL\",\"@id\":\"https:\\\/\\\/fjala.info\\\/2009-2015\\\/greqia-ime-ka-rene-pertoke\\\/#primaryimage\",\"url\":\"http:\\\/\\\/www.shkoder.net\\\/2012\\\/vicky_leandros.jpg\",\"contentUrl\":\"http:\\\/\\\/www.shkoder.net\\\/2012\\\/vicky_leandros.jpg\"},{\"@type\":\"BreadcrumbList\",\"@id\":\"https:\\\/\\\/fjala.info\\\/2009-2015\\\/greqia-ime-ka-rene-pertoke\\\/#breadcrumb\",\"itemListElement\":[{\"@type\":\"ListItem\",\"position\":1,\"name\":\"Home\",\"item\":\"https:\\\/\\\/fjala.info\\\/2009-2015\\\/\"},{\"@type\":\"ListItem\",\"position\":2,\"name\":\"Greqia ime ka r\u00ebn\u00eb p\u00ebrtok\u00eb\"}]},{\"@type\":\"WebSite\",\"@id\":\"https:\\\/\\\/fjala.info\\\/2009-2015\\\/#website\",\"url\":\"https:\\\/\\\/fjala.info\\\/2009-2015\\\/\",\"name\":\"FjALA e LIR\u00cb - Arkivi\",\"description\":\"Arkivi 2009-2015\",\"publisher\":{\"@id\":\"https:\\\/\\\/fjala.info\\\/2009-2015\\\/#organization\"},\"potentialAction\":[{\"@type\":\"SearchAction\",\"target\":{\"@type\":\"EntryPoint\",\"urlTemplate\":\"https:\\\/\\\/fjala.info\\\/2009-2015\\\/?s={search_term_string}\"},\"query-input\":{\"@type\":\"PropertyValueSpecification\",\"valueRequired\":true,\"valueName\":\"search_term_string\"}}],\"inLanguage\":\"sq-AL\"},{\"@type\":\"Organization\",\"@id\":\"https:\\\/\\\/fjala.info\\\/2009-2015\\\/#organization\",\"name\":\"FjALA e LIR\u00cb - Arkivi\",\"url\":\"https:\\\/\\\/fjala.info\\\/2009-2015\\\/\",\"logo\":{\"@type\":\"ImageObject\",\"inLanguage\":\"sq-AL\",\"@id\":\"https:\\\/\\\/fjala.info\\\/2009-2015\\\/#\\\/schema\\\/logo\\\/image\\\/\",\"url\":\"\",\"contentUrl\":\"\",\"caption\":\"FjALA e LIR\u00cb - Arkivi\"},\"image\":{\"@id\":\"https:\\\/\\\/fjala.info\\\/2009-2015\\\/#\\\/schema\\\/logo\\\/image\\\/\"}},{\"@type\":\"Person\",\"@id\":\"https:\\\/\\\/fjala.info\\\/2009-2015\\\/#\\\/schema\\\/person\\\/3aa1163ef05469c496fc94e77611ada2\",\"name\":\"admin\",\"image\":{\"@type\":\"ImageObject\",\"inLanguage\":\"sq-AL\",\"@id\":\"https:\\\/\\\/fjala.info\\\/2009-2015\\\/wp-content\\\/uploads\\\/2012\\\/02\\\/arben_cokaj-120x150.jpg\",\"url\":\"https:\\\/\\\/fjala.info\\\/2009-2015\\\/wp-content\\\/uploads\\\/2012\\\/02\\\/arben_cokaj-120x150.jpg\",\"contentUrl\":\"https:\\\/\\\/fjala.info\\\/2009-2015\\\/wp-content\\\/uploads\\\/2012\\\/02\\\/arben_cokaj-120x150.jpg\",\"caption\":\"admin\"},\"description\":\"Admin, Fjala e Lir\u00eb\",\"sameAs\":[\"https:\\\/\\\/fjala.info\\\/\"],\"url\":\"https:\\\/\\\/fjala.info\\\/2009-2015\\\/author\\\/admin\\\/\"}]}<\/script>\n<!-- \/ Yoast SEO plugin. -->","yoast_head_json":{"title":"Greqia ime ka r\u00ebn\u00eb p\u00ebrtok\u00eb - FjALA e LIR\u00cb - Arkivi","robots":{"index":"index","follow":"follow","max-snippet":"max-snippet:-1","max-image-preview":"max-image-preview:large","max-video-preview":"max-video-preview:-1"},"canonical":"https:\/\/fjala.info\/2009-2015\/greqia-ime-ka-rene-pertoke\/","og_locale":"sq_AL","og_type":"article","og_title":"Greqia ime ka r\u00ebn\u00eb p\u00ebrtok\u00eb - FjALA e LIR\u00cb - Arkivi","og_description":"Nga Vicky Leandros, 11 Shkurt 2012 Ky \u00ebsht\u00eb shkrimi q\u00eb k\u00ebng\u00ebtarja e njohur greke, Vicky Leandros ka p\u00ebrgatitur p\u00ebr gazet\u00ebn gjermane Bild Pas p\u00ebrjetimeve t\u00eb mia n\u00eb Athin\u00eb, n\u00eb kok\u00eb m\u00eb nguliten imazhe, q\u00eb nuk largohen m\u00eb. Nj\u00eb prej tyre \u00ebsht\u00eb ai i Marias, 8 vje\u00e7, q\u00eb u ul n\u00eb prehrin tim n\u00eb fshatin e [&hellip;]","og_url":"https:\/\/fjala.info\/2009-2015\/greqia-ime-ka-rene-pertoke\/","og_site_name":"FjALA e LIR\u00cb - Arkivi","article_published_time":"2012-02-11T21:00:18+00:00","og_image":[{"url":"http:\/\/www.shkoder.net\/2012\/vicky_leandros.jpg","type":"","width":"","height":""}],"author":"admin","twitter_card":"summary_large_image","twitter_misc":{"Written by":"admin","Est. reading time":"2 minutes"},"schema":{"@context":"https:\/\/schema.org","@graph":[{"@type":"Article","@id":"https:\/\/fjala.info\/2009-2015\/greqia-ime-ka-rene-pertoke\/#article","isPartOf":{"@id":"https:\/\/fjala.info\/2009-2015\/greqia-ime-ka-rene-pertoke\/"},"author":{"name":"admin","@id":"https:\/\/fjala.info\/2009-2015\/#\/schema\/person\/3aa1163ef05469c496fc94e77611ada2"},"headline":"Greqia ime ka r\u00ebn\u00eb p\u00ebrtok\u00eb","datePublished":"2012-02-11T21:00:18+00:00","mainEntityOfPage":{"@id":"https:\/\/fjala.info\/2009-2015\/greqia-ime-ka-rene-pertoke\/"},"wordCount":497,"commentCount":0,"publisher":{"@id":"https:\/\/fjala.info\/2009-2015\/#organization"},"image":{"@id":"https:\/\/fjala.info\/2009-2015\/greqia-ime-ka-rene-pertoke\/#primaryimage"},"thumbnailUrl":"http:\/\/www.shkoder.net\/2012\/vicky_leandros.jpg","articleSection":["Artikuj"],"inLanguage":"sq-AL","potentialAction":[{"@type":"CommentAction","name":"Comment","target":["https:\/\/fjala.info\/2009-2015\/greqia-ime-ka-rene-pertoke\/#respond"]}]},{"@type":"WebPage","@id":"https:\/\/fjala.info\/2009-2015\/greqia-ime-ka-rene-pertoke\/","url":"https:\/\/fjala.info\/2009-2015\/greqia-ime-ka-rene-pertoke\/","name":"Greqia ime ka r\u00ebn\u00eb p\u00ebrtok\u00eb - FjALA e LIR\u00cb - Arkivi","isPartOf":{"@id":"https:\/\/fjala.info\/2009-2015\/#website"},"primaryImageOfPage":{"@id":"https:\/\/fjala.info\/2009-2015\/greqia-ime-ka-rene-pertoke\/#primaryimage"},"image":{"@id":"https:\/\/fjala.info\/2009-2015\/greqia-ime-ka-rene-pertoke\/#primaryimage"},"thumbnailUrl":"http:\/\/www.shkoder.net\/2012\/vicky_leandros.jpg","datePublished":"2012-02-11T21:00:18+00:00","breadcrumb":{"@id":"https:\/\/fjala.info\/2009-2015\/greqia-ime-ka-rene-pertoke\/#breadcrumb"},"inLanguage":"sq-AL","potentialAction":[{"@type":"ReadAction","target":["https:\/\/fjala.info\/2009-2015\/greqia-ime-ka-rene-pertoke\/"]}]},{"@type":"ImageObject","inLanguage":"sq-AL","@id":"https:\/\/fjala.info\/2009-2015\/greqia-ime-ka-rene-pertoke\/#primaryimage","url":"http:\/\/www.shkoder.net\/2012\/vicky_leandros.jpg","contentUrl":"http:\/\/www.shkoder.net\/2012\/vicky_leandros.jpg"},{"@type":"BreadcrumbList","@id":"https:\/\/fjala.info\/2009-2015\/greqia-ime-ka-rene-pertoke\/#breadcrumb","itemListElement":[{"@type":"ListItem","position":1,"name":"Home","item":"https:\/\/fjala.info\/2009-2015\/"},{"@type":"ListItem","position":2,"name":"Greqia ime ka r\u00ebn\u00eb p\u00ebrtok\u00eb"}]},{"@type":"WebSite","@id":"https:\/\/fjala.info\/2009-2015\/#website","url":"https:\/\/fjala.info\/2009-2015\/","name":"FjALA e LIR\u00cb - Arkivi","description":"Arkivi 2009-2015","publisher":{"@id":"https:\/\/fjala.info\/2009-2015\/#organization"},"potentialAction":[{"@type":"SearchAction","target":{"@type":"EntryPoint","urlTemplate":"https:\/\/fjala.info\/2009-2015\/?s={search_term_string}"},"query-input":{"@type":"PropertyValueSpecification","valueRequired":true,"valueName":"search_term_string"}}],"inLanguage":"sq-AL"},{"@type":"Organization","@id":"https:\/\/fjala.info\/2009-2015\/#organization","name":"FjALA e LIR\u00cb - Arkivi","url":"https:\/\/fjala.info\/2009-2015\/","logo":{"@type":"ImageObject","inLanguage":"sq-AL","@id":"https:\/\/fjala.info\/2009-2015\/#\/schema\/logo\/image\/","url":"","contentUrl":"","caption":"FjALA e LIR\u00cb - Arkivi"},"image":{"@id":"https:\/\/fjala.info\/2009-2015\/#\/schema\/logo\/image\/"}},{"@type":"Person","@id":"https:\/\/fjala.info\/2009-2015\/#\/schema\/person\/3aa1163ef05469c496fc94e77611ada2","name":"admin","image":{"@type":"ImageObject","inLanguage":"sq-AL","@id":"https:\/\/fjala.info\/2009-2015\/wp-content\/uploads\/2012\/02\/arben_cokaj-120x150.jpg","url":"https:\/\/fjala.info\/2009-2015\/wp-content\/uploads\/2012\/02\/arben_cokaj-120x150.jpg","contentUrl":"https:\/\/fjala.info\/2009-2015\/wp-content\/uploads\/2012\/02\/arben_cokaj-120x150.jpg","caption":"admin"},"description":"Admin, Fjala e Lir\u00eb","sameAs":["https:\/\/fjala.info\/"],"url":"https:\/\/fjala.info\/2009-2015\/author\/admin\/"}]}},"_links":{"self":[{"href":"https:\/\/fjala.info\/2009-2015\/wp-json\/wp\/v2\/posts\/11687","targetHints":{"allow":["GET"]}}],"collection":[{"href":"https:\/\/fjala.info\/2009-2015\/wp-json\/wp\/v2\/posts"}],"about":[{"href":"https:\/\/fjala.info\/2009-2015\/wp-json\/wp\/v2\/types\/post"}],"author":[{"embeddable":true,"href":"https:\/\/fjala.info\/2009-2015\/wp-json\/wp\/v2\/users\/1"}],"replies":[{"embeddable":true,"href":"https:\/\/fjala.info\/2009-2015\/wp-json\/wp\/v2\/comments?post=11687"}],"version-history":[{"count":0,"href":"https:\/\/fjala.info\/2009-2015\/wp-json\/wp\/v2\/posts\/11687\/revisions"}],"wp:attachment":[{"href":"https:\/\/fjala.info\/2009-2015\/wp-json\/wp\/v2\/media?parent=11687"}],"wp:term":[{"taxonomy":"category","embeddable":true,"href":"https:\/\/fjala.info\/2009-2015\/wp-json\/wp\/v2\/categories?post=11687"},{"taxonomy":"post_tag","embeddable":true,"href":"https:\/\/fjala.info\/2009-2015\/wp-json\/wp\/v2\/tags?post=11687"}],"curies":[{"name":"wp","href":"https:\/\/api.w.org\/{rel}","templated":true}]}}