{"id":11686,"date":"2012-02-11T21:51:31","date_gmt":"2012-02-11T20:51:31","guid":{"rendered":"http:\/\/fjala.shkoder.net\/?p=1732"},"modified":"2012-02-11T21:51:31","modified_gmt":"2012-02-11T20:51:31","slug":"aleanca-kuqezi-mbledh-1500-delegatet-e-tiranes-spahiu-pas-majit-do-jemi-alternativa-e-vetme-per-te-drejtuar-vendin","status":"publish","type":"post","link":"https:\/\/fjala.info\/2009-2015\/aleanca-kuqezi-mbledh-1500-delegatet-e-tiranes-spahiu-pas-majit-do-jemi-alternativa-e-vetme-per-te-drejtuar-vendin\/","title":{"rendered":"Aleanca KuqeZi mbledh 1500 delegat\u00ebt e Tiran\u00ebs. Spahiu: Pas majit do jemi alternativa e vetme p\u00ebr t\u00eb drejtuar vendin"},"content":{"rendered":"<p><img decoding=\"async\" class=\"alignright size-thumbnail wp-image-7236\" title=\"Kreshnik Spahiu\" src=\"http:\/\/www.shkoder.net\/images\/fjala\/2011\/kreshnik_spahiu.jpg\" alt=\"\" width=\"300\" \/> <strong>TemA<\/strong>, <em>11 Shkurt 2012<\/em><\/p>\n<p>Aleanca KuqeZi starton rrug\u00ebn drejt kthimit n\u00eb nj\u00eb forc\u00eb politike. Nj\u00eb takim entuziast n\u00eb Tiran\u00eb dhe premtimi i Spahiut: Deri n\u00eb maj do kemi 100 mij\u00eb aktivist\u00eb vet\u00ebm n\u00eb kryeqytet. Spahiu komenton edhe sulmet e Topallit: Ajo \u00ebsht\u00eb m\u00eb keq se Nexhmija<\/p>\n<p>N\u00eb prani t\u00eb 1500 delegat\u00ebve t\u00eb Aleanc\u00ebs KuqeZi, banor\u00eb t\u00eb gjitha nj\u00ebsive t\u00eb qeverisjes vendore t\u00eb Tiran\u00ebs, \u00ebsht\u00eb themeluar K\u00ebshilli i AK p\u00ebr qarkun e Tiran\u00ebs. Intelektuale, historian\u00eb, diplomat\u00eb, jurist\u00eb, ekonomist\u00eb zgjodh\u00ebn k\u00ebshillin nism\u00ebtar\u00eb p\u00ebr deg\u00ebn e Tiran\u00ebs KuqeZi. Kjo hap tiparin e maraton\u00ebs t\u00eb krijimit t\u00eb deg\u00ebve t\u00eb AK n\u00eb \u00e7do qytet deri n\u00eb realizimin e Kuvendit Mbar\u00ebkomb\u00ebtar\u00eb, i cili do t\u00eb mbahet n\u00eb muajin maj t\u00eb k\u00ebtij viti. N\u00eb pranin\u00eb t\u00eb 1500 mb\u00ebshtet\u00ebsve t\u00eb Aleanc\u00ebs KuqeZi dega Tiran\u00eb, lideri i Aleanc\u00ebs KuqeZi premtoi se deri n\u00eb muajin Maj n\u00eb Kuvendin Mbar\u00ebkomb\u00ebtar\u00eb, Tirana do t\u00eb regjistroj\u00eb 100 mij\u00eb aktivist\u00eb, t\u00eb cil\u00ebt do t\u00eb jen\u00eb pjes\u00eb e nism\u00ebs \u201c1 milion\u00eb kuqezi n\u00eb t\u00eb gjith\u00eb trevat shqiptare\u201d.<\/p>\n<p>Kreshnik Spahiu deklaroi se \u201cAleanca KuqeZi do t\u2019i jap\u00eb fund urrejtjes politike n\u00eb vend, n\u00ebn premtimin e realizimit t\u00eb nj\u00eb kompromisi historik i cili do t\u00eb jet\u00eb \u00e7el\u00ebsi i stabilitetit dhe paqes n\u00eb rajon\u201d. Kreshnik Spahiu deklaroi se pas muajit maj \u201cAleanca KuqeZi do t\u00eb shihet si alternative e vetme nga qytetaret shqiptar\u00eb p\u00ebr t\u00eb drejtuar vendin\u201d.<\/p>\n<p>\u201cAleanca KuqeZi ka prioritet p\u00ebr t\u2019i dh\u00ebn\u00eb shqiptar\u00ebve nj\u00eb Tiran\u00eb metropol si hap\u00ebsira e mendimin intelektual dhe trurit t\u00eb njer\u00ebzve t\u00eb shkolluar dhe p\u00ebr k\u00ebt\u00eb arsye rreth AK po mblidhen vlerat n\u00eb Tiran\u00ebn e metropolit t\u00eb intelektual\u00ebve t\u00eb k\u00ebrc\u00ebnuar dhe shantazhuar.<\/p>\n<p>Aleanca KuqeZi ka p\u00ebr detyr\u00eb t\u00eb vras\u00eb frik\u00ebn n\u00eb nj\u00eb qytet ku sulltan\u00ebt e politik\u00ebs p\u00ebrgjojn\u00eb dhe survejojn\u00eb k\u00ebdo p\u00ebr t\u00eb mbajtur p\u00ebr dekada t\u00eb t\u00ebra monopolin e politik\u00ebs,\u201d u shpreh Kreshnik Spahiu. \u201cLargimi i sulltan\u00ebve t\u00eb politik\u00ebs, t\u00eb majt\u00eb dhe t\u00eb djatht\u00eb, do t\u2019i sjellin shqiptar\u00ebve gjakun e ri n\u00eb politik\u00eb\u201d, tha Spahiu.<\/p>\n<p>Nd\u00ebr t\u00eb tjera Kreshnik Spahiu reagoi ndaj akuzave t\u00eb Kryetares se Parlamentit Jozefina Topalli e cila e konsideroi Aleanc\u00ebn KuqeZi nj\u00eb k\u00ebrc\u00ebnim p\u00ebr vendin. \u201cDisa e quajn\u00eb Nexhmija e fundit, por ajo nuk e meriton k\u00ebt\u00eb kompliment, pasi Nexhmija dilte nj\u00ebher\u00eb n\u00eb 5 muaj n\u00eb ekranin e TVSH, nd\u00ebrsa ajo ka hipotekuar TVSH i cili mbahet me taksat e shqiptar\u00ebve duke k\u00ebrc\u00ebnuar dhe shantazhuar publikun e gjer\u00eb\u201d, tha Spahiu.<\/p>\n<p>P\u00ebr Aleanc\u00ebn KuqeZi Tirana nuk ka njohur as n\u00eb luft\u00ebn e dyt\u00eb bot\u00ebrore k\u00ebt\u00eb nivel t\u00eb lart\u00eb kriminaliteti dhe vrasjesh publike q\u00eb b\u00ebhen rrug\u00ebve t\u00eb k\u00ebtij qytetit. P\u00ebr k\u00ebto arsye duhet t\u00eb punojm\u00eb n\u00ebn nj\u00eb strategji p\u00ebr t\u00eb p\u00ebrgatitur nj\u00eb alternativ\u00eb t\u00eb re p\u00ebr Tiran\u00ebn, Tirana KuqeZi dhe gjith\u00eb Shqip\u00ebrin\u00eb e cila ka tre armiq, krimin e organizuar, korrupsionin dhe pastrimin e parave.<\/p>\n<p>Aleanca KuqeZi premton se duke nisur nga aktiviteti i radh\u00ebs ajo do t\u00eb jet\u00eb n\u00eb \u00e7do qytet t\u00eb Shqip\u00ebris\u00eb duke organizuar takime me aktivist\u00ebt, mb\u00ebshtet\u00ebsit dhe k\u00ebto q\u00eb k\u00ebrkon dhe d\u00ebshiron t\u00eb b\u00ebhet pjese e saj me q\u00ebllimin e vet\u00ebm p\u00ebr nj\u00eb t\u00eb ardhme me prosperitet p\u00ebr Shqip\u00ebrin\u00eb dhe shqiptar\u00ebt.<\/p>\n","protected":false},"excerpt":{"rendered":"<p>TemA, 11 Shkurt 2012 Aleanca KuqeZi starton rrug\u00ebn drejt kthimit n\u00eb nj\u00eb forc\u00eb politike. Nj\u00eb takim entuziast n\u00eb Tiran\u00eb dhe premtimi i Spahiut: Deri n\u00eb maj do kemi 100 mij\u00eb aktivist\u00eb vet\u00ebm n\u00eb kryeqytet. Spahiu komenton edhe sulmet e Topallit: Ajo \u00ebsht\u00eb m\u00eb keq se Nexhmija N\u00eb prani t\u00eb 1500 delegat\u00ebve t\u00eb Aleanc\u00ebs KuqeZi, banor\u00eb [&hellip;]<\/p>\n","protected":false},"author":1,"featured_media":0,"comment_status":"open","ping_status":"closed","sticky":false,"template":"","format":"standard","meta":{"footnotes":""},"categories":[2],"tags":[],"class_list":{"0":"post-11686","1":"post","2":"type-post","3":"status-publish","4":"format-standard","6":"category-artikuj"},"yoast_head":"<!-- This site is optimized with the Yoast SEO plugin v27.4 - https:\/\/yoast.com\/product\/yoast-seo-wordpress\/ -->\n<title>Aleanca KuqeZi mbledh 1500 delegat\u00ebt e Tiran\u00ebs. Spahiu: Pas majit do jemi alternativa e vetme p\u00ebr t\u00eb drejtuar vendin - FjALA e LIR\u00cb - Arkivi<\/title>\n<meta name=\"robots\" content=\"index, follow, max-snippet:-1, max-image-preview:large, max-video-preview:-1\" \/>\n<link rel=\"canonical\" href=\"https:\/\/fjala.info\/2009-2015\/aleanca-kuqezi-mbledh-1500-delegatet-e-tiranes-spahiu-pas-majit-do-jemi-alternativa-e-vetme-per-te-drejtuar-vendin\/\" \/>\n<meta property=\"og:locale\" content=\"sq_AL\" \/>\n<meta property=\"og:type\" content=\"article\" \/>\n<meta property=\"og:title\" content=\"Aleanca KuqeZi mbledh 1500 delegat\u00ebt e Tiran\u00ebs. Spahiu: Pas majit do jemi alternativa e vetme p\u00ebr t\u00eb drejtuar vendin - FjALA e LIR\u00cb - Arkivi\" \/>\n<meta property=\"og:description\" content=\"TemA, 11 Shkurt 2012 Aleanca KuqeZi starton rrug\u00ebn drejt kthimit n\u00eb nj\u00eb forc\u00eb politike. Nj\u00eb takim entuziast n\u00eb Tiran\u00eb dhe premtimi i Spahiut: Deri n\u00eb maj do kemi 100 mij\u00eb aktivist\u00eb vet\u00ebm n\u00eb kryeqytet. Spahiu komenton edhe sulmet e Topallit: Ajo \u00ebsht\u00eb m\u00eb keq se Nexhmija N\u00eb prani t\u00eb 1500 delegat\u00ebve t\u00eb Aleanc\u00ebs KuqeZi, banor\u00eb [&hellip;]\" \/>\n<meta property=\"og:url\" content=\"https:\/\/fjala.info\/2009-2015\/aleanca-kuqezi-mbledh-1500-delegatet-e-tiranes-spahiu-pas-majit-do-jemi-alternativa-e-vetme-per-te-drejtuar-vendin\/\" \/>\n<meta property=\"og:site_name\" content=\"FjALA e LIR\u00cb - Arkivi\" \/>\n<meta property=\"article:published_time\" content=\"2012-02-11T20:51:31+00:00\" \/>\n<meta property=\"og:image\" content=\"http:\/\/www.shkoder.net\/images\/fjala\/2011\/kreshnik_spahiu.jpg\" \/>\n<meta name=\"author\" content=\"admin\" \/>\n<meta name=\"twitter:card\" content=\"summary_large_image\" \/>\n<meta name=\"twitter:label1\" content=\"Written by\" \/>\n\t<meta name=\"twitter:data1\" content=\"admin\" \/>\n\t<meta name=\"twitter:label2\" content=\"Est. reading time\" \/>\n\t<meta name=\"twitter:data2\" content=\"3 minutes\" \/>\n<script type=\"application\/ld+json\" class=\"yoast-schema-graph\">{\"@context\":\"https:\\\/\\\/schema.org\",\"@graph\":[{\"@type\":\"Article\",\"@id\":\"https:\\\/\\\/fjala.info\\\/2009-2015\\\/aleanca-kuqezi-mbledh-1500-delegatet-e-tiranes-spahiu-pas-majit-do-jemi-alternativa-e-vetme-per-te-drejtuar-vendin\\\/#article\",\"isPartOf\":{\"@id\":\"https:\\\/\\\/fjala.info\\\/2009-2015\\\/aleanca-kuqezi-mbledh-1500-delegatet-e-tiranes-spahiu-pas-majit-do-jemi-alternativa-e-vetme-per-te-drejtuar-vendin\\\/\"},\"author\":{\"name\":\"admin\",\"@id\":\"https:\\\/\\\/fjala.info\\\/2009-2015\\\/#\\\/schema\\\/person\\\/3aa1163ef05469c496fc94e77611ada2\"},\"headline\":\"Aleanca KuqeZi mbledh 1500 delegat\u00ebt e Tiran\u00ebs. Spahiu: Pas majit do jemi alternativa e vetme p\u00ebr t\u00eb drejtuar vendin\",\"datePublished\":\"2012-02-11T20:51:31+00:00\",\"mainEntityOfPage\":{\"@id\":\"https:\\\/\\\/fjala.info\\\/2009-2015\\\/aleanca-kuqezi-mbledh-1500-delegatet-e-tiranes-spahiu-pas-majit-do-jemi-alternativa-e-vetme-per-te-drejtuar-vendin\\\/\"},\"wordCount\":609,\"commentCount\":0,\"publisher\":{\"@id\":\"https:\\\/\\\/fjala.info\\\/2009-2015\\\/#organization\"},\"image\":{\"@id\":\"https:\\\/\\\/fjala.info\\\/2009-2015\\\/aleanca-kuqezi-mbledh-1500-delegatet-e-tiranes-spahiu-pas-majit-do-jemi-alternativa-e-vetme-per-te-drejtuar-vendin\\\/#primaryimage\"},\"thumbnailUrl\":\"http:\\\/\\\/www.shkoder.net\\\/images\\\/fjala\\\/2011\\\/kreshnik_spahiu.jpg\",\"articleSection\":[\"Artikuj\"],\"inLanguage\":\"sq-AL\",\"potentialAction\":[{\"@type\":\"CommentAction\",\"name\":\"Comment\",\"target\":[\"https:\\\/\\\/fjala.info\\\/2009-2015\\\/aleanca-kuqezi-mbledh-1500-delegatet-e-tiranes-spahiu-pas-majit-do-jemi-alternativa-e-vetme-per-te-drejtuar-vendin\\\/#respond\"]}]},{\"@type\":\"WebPage\",\"@id\":\"https:\\\/\\\/fjala.info\\\/2009-2015\\\/aleanca-kuqezi-mbledh-1500-delegatet-e-tiranes-spahiu-pas-majit-do-jemi-alternativa-e-vetme-per-te-drejtuar-vendin\\\/\",\"url\":\"https:\\\/\\\/fjala.info\\\/2009-2015\\\/aleanca-kuqezi-mbledh-1500-delegatet-e-tiranes-spahiu-pas-majit-do-jemi-alternativa-e-vetme-per-te-drejtuar-vendin\\\/\",\"name\":\"Aleanca KuqeZi mbledh 1500 delegat\u00ebt e Tiran\u00ebs. Spahiu: Pas majit do jemi alternativa e vetme p\u00ebr t\u00eb drejtuar vendin - FjALA e LIR\u00cb - Arkivi\",\"isPartOf\":{\"@id\":\"https:\\\/\\\/fjala.info\\\/2009-2015\\\/#website\"},\"primaryImageOfPage\":{\"@id\":\"https:\\\/\\\/fjala.info\\\/2009-2015\\\/aleanca-kuqezi-mbledh-1500-delegatet-e-tiranes-spahiu-pas-majit-do-jemi-alternativa-e-vetme-per-te-drejtuar-vendin\\\/#primaryimage\"},\"image\":{\"@id\":\"https:\\\/\\\/fjala.info\\\/2009-2015\\\/aleanca-kuqezi-mbledh-1500-delegatet-e-tiranes-spahiu-pas-majit-do-jemi-alternativa-e-vetme-per-te-drejtuar-vendin\\\/#primaryimage\"},\"thumbnailUrl\":\"http:\\\/\\\/www.shkoder.net\\\/images\\\/fjala\\\/2011\\\/kreshnik_spahiu.jpg\",\"datePublished\":\"2012-02-11T20:51:31+00:00\",\"breadcrumb\":{\"@id\":\"https:\\\/\\\/fjala.info\\\/2009-2015\\\/aleanca-kuqezi-mbledh-1500-delegatet-e-tiranes-spahiu-pas-majit-do-jemi-alternativa-e-vetme-per-te-drejtuar-vendin\\\/#breadcrumb\"},\"inLanguage\":\"sq-AL\",\"potentialAction\":[{\"@type\":\"ReadAction\",\"target\":[\"https:\\\/\\\/fjala.info\\\/2009-2015\\\/aleanca-kuqezi-mbledh-1500-delegatet-e-tiranes-spahiu-pas-majit-do-jemi-alternativa-e-vetme-per-te-drejtuar-vendin\\\/\"]}]},{\"@type\":\"ImageObject\",\"inLanguage\":\"sq-AL\",\"@id\":\"https:\\\/\\\/fjala.info\\\/2009-2015\\\/aleanca-kuqezi-mbledh-1500-delegatet-e-tiranes-spahiu-pas-majit-do-jemi-alternativa-e-vetme-per-te-drejtuar-vendin\\\/#primaryimage\",\"url\":\"http:\\\/\\\/www.shkoder.net\\\/images\\\/fjala\\\/2011\\\/kreshnik_spahiu.jpg\",\"contentUrl\":\"http:\\\/\\\/www.shkoder.net\\\/images\\\/fjala\\\/2011\\\/kreshnik_spahiu.jpg\"},{\"@type\":\"BreadcrumbList\",\"@id\":\"https:\\\/\\\/fjala.info\\\/2009-2015\\\/aleanca-kuqezi-mbledh-1500-delegatet-e-tiranes-spahiu-pas-majit-do-jemi-alternativa-e-vetme-per-te-drejtuar-vendin\\\/#breadcrumb\",\"itemListElement\":[{\"@type\":\"ListItem\",\"position\":1,\"name\":\"Home\",\"item\":\"https:\\\/\\\/fjala.info\\\/2009-2015\\\/\"},{\"@type\":\"ListItem\",\"position\":2,\"name\":\"Aleanca KuqeZi mbledh 1500 delegat\u00ebt e Tiran\u00ebs. Spahiu: Pas majit do jemi alternativa e vetme p\u00ebr t\u00eb drejtuar vendin\"}]},{\"@type\":\"WebSite\",\"@id\":\"https:\\\/\\\/fjala.info\\\/2009-2015\\\/#website\",\"url\":\"https:\\\/\\\/fjala.info\\\/2009-2015\\\/\",\"name\":\"FjALA e LIR\u00cb - Arkivi\",\"description\":\"Arkivi 2009-2015\",\"publisher\":{\"@id\":\"https:\\\/\\\/fjala.info\\\/2009-2015\\\/#organization\"},\"potentialAction\":[{\"@type\":\"SearchAction\",\"target\":{\"@type\":\"EntryPoint\",\"urlTemplate\":\"https:\\\/\\\/fjala.info\\\/2009-2015\\\/?s={search_term_string}\"},\"query-input\":{\"@type\":\"PropertyValueSpecification\",\"valueRequired\":true,\"valueName\":\"search_term_string\"}}],\"inLanguage\":\"sq-AL\"},{\"@type\":\"Organization\",\"@id\":\"https:\\\/\\\/fjala.info\\\/2009-2015\\\/#organization\",\"name\":\"FjALA e LIR\u00cb - Arkivi\",\"url\":\"https:\\\/\\\/fjala.info\\\/2009-2015\\\/\",\"logo\":{\"@type\":\"ImageObject\",\"inLanguage\":\"sq-AL\",\"@id\":\"https:\\\/\\\/fjala.info\\\/2009-2015\\\/#\\\/schema\\\/logo\\\/image\\\/\",\"url\":\"\",\"contentUrl\":\"\",\"caption\":\"FjALA e LIR\u00cb - Arkivi\"},\"image\":{\"@id\":\"https:\\\/\\\/fjala.info\\\/2009-2015\\\/#\\\/schema\\\/logo\\\/image\\\/\"}},{\"@type\":\"Person\",\"@id\":\"https:\\\/\\\/fjala.info\\\/2009-2015\\\/#\\\/schema\\\/person\\\/3aa1163ef05469c496fc94e77611ada2\",\"name\":\"admin\",\"image\":{\"@type\":\"ImageObject\",\"inLanguage\":\"sq-AL\",\"@id\":\"https:\\\/\\\/fjala.info\\\/2009-2015\\\/wp-content\\\/uploads\\\/2012\\\/02\\\/arben_cokaj-120x150.jpg\",\"url\":\"https:\\\/\\\/fjala.info\\\/2009-2015\\\/wp-content\\\/uploads\\\/2012\\\/02\\\/arben_cokaj-120x150.jpg\",\"contentUrl\":\"https:\\\/\\\/fjala.info\\\/2009-2015\\\/wp-content\\\/uploads\\\/2012\\\/02\\\/arben_cokaj-120x150.jpg\",\"caption\":\"admin\"},\"description\":\"Admin, Fjala e Lir\u00eb\",\"sameAs\":[\"https:\\\/\\\/fjala.info\\\/\"],\"url\":\"https:\\\/\\\/fjala.info\\\/2009-2015\\\/author\\\/admin\\\/\"}]}<\/script>\n<!-- \/ Yoast SEO plugin. -->","yoast_head_json":{"title":"Aleanca KuqeZi mbledh 1500 delegat\u00ebt e Tiran\u00ebs. Spahiu: Pas majit do jemi alternativa e vetme p\u00ebr t\u00eb drejtuar vendin - FjALA e LIR\u00cb - Arkivi","robots":{"index":"index","follow":"follow","max-snippet":"max-snippet:-1","max-image-preview":"max-image-preview:large","max-video-preview":"max-video-preview:-1"},"canonical":"https:\/\/fjala.info\/2009-2015\/aleanca-kuqezi-mbledh-1500-delegatet-e-tiranes-spahiu-pas-majit-do-jemi-alternativa-e-vetme-per-te-drejtuar-vendin\/","og_locale":"sq_AL","og_type":"article","og_title":"Aleanca KuqeZi mbledh 1500 delegat\u00ebt e Tiran\u00ebs. Spahiu: Pas majit do jemi alternativa e vetme p\u00ebr t\u00eb drejtuar vendin - FjALA e LIR\u00cb - Arkivi","og_description":"TemA, 11 Shkurt 2012 Aleanca KuqeZi starton rrug\u00ebn drejt kthimit n\u00eb nj\u00eb forc\u00eb politike. Nj\u00eb takim entuziast n\u00eb Tiran\u00eb dhe premtimi i Spahiut: Deri n\u00eb maj do kemi 100 mij\u00eb aktivist\u00eb vet\u00ebm n\u00eb kryeqytet. Spahiu komenton edhe sulmet e Topallit: Ajo \u00ebsht\u00eb m\u00eb keq se Nexhmija N\u00eb prani t\u00eb 1500 delegat\u00ebve t\u00eb Aleanc\u00ebs KuqeZi, banor\u00eb [&hellip;]","og_url":"https:\/\/fjala.info\/2009-2015\/aleanca-kuqezi-mbledh-1500-delegatet-e-tiranes-spahiu-pas-majit-do-jemi-alternativa-e-vetme-per-te-drejtuar-vendin\/","og_site_name":"FjALA e LIR\u00cb - Arkivi","article_published_time":"2012-02-11T20:51:31+00:00","og_image":[{"url":"http:\/\/www.shkoder.net\/images\/fjala\/2011\/kreshnik_spahiu.jpg","type":"","width":"","height":""}],"author":"admin","twitter_card":"summary_large_image","twitter_misc":{"Written by":"admin","Est. reading time":"3 minutes"},"schema":{"@context":"https:\/\/schema.org","@graph":[{"@type":"Article","@id":"https:\/\/fjala.info\/2009-2015\/aleanca-kuqezi-mbledh-1500-delegatet-e-tiranes-spahiu-pas-majit-do-jemi-alternativa-e-vetme-per-te-drejtuar-vendin\/#article","isPartOf":{"@id":"https:\/\/fjala.info\/2009-2015\/aleanca-kuqezi-mbledh-1500-delegatet-e-tiranes-spahiu-pas-majit-do-jemi-alternativa-e-vetme-per-te-drejtuar-vendin\/"},"author":{"name":"admin","@id":"https:\/\/fjala.info\/2009-2015\/#\/schema\/person\/3aa1163ef05469c496fc94e77611ada2"},"headline":"Aleanca KuqeZi mbledh 1500 delegat\u00ebt e Tiran\u00ebs. Spahiu: Pas majit do jemi alternativa e vetme p\u00ebr t\u00eb drejtuar vendin","datePublished":"2012-02-11T20:51:31+00:00","mainEntityOfPage":{"@id":"https:\/\/fjala.info\/2009-2015\/aleanca-kuqezi-mbledh-1500-delegatet-e-tiranes-spahiu-pas-majit-do-jemi-alternativa-e-vetme-per-te-drejtuar-vendin\/"},"wordCount":609,"commentCount":0,"publisher":{"@id":"https:\/\/fjala.info\/2009-2015\/#organization"},"image":{"@id":"https:\/\/fjala.info\/2009-2015\/aleanca-kuqezi-mbledh-1500-delegatet-e-tiranes-spahiu-pas-majit-do-jemi-alternativa-e-vetme-per-te-drejtuar-vendin\/#primaryimage"},"thumbnailUrl":"http:\/\/www.shkoder.net\/images\/fjala\/2011\/kreshnik_spahiu.jpg","articleSection":["Artikuj"],"inLanguage":"sq-AL","potentialAction":[{"@type":"CommentAction","name":"Comment","target":["https:\/\/fjala.info\/2009-2015\/aleanca-kuqezi-mbledh-1500-delegatet-e-tiranes-spahiu-pas-majit-do-jemi-alternativa-e-vetme-per-te-drejtuar-vendin\/#respond"]}]},{"@type":"WebPage","@id":"https:\/\/fjala.info\/2009-2015\/aleanca-kuqezi-mbledh-1500-delegatet-e-tiranes-spahiu-pas-majit-do-jemi-alternativa-e-vetme-per-te-drejtuar-vendin\/","url":"https:\/\/fjala.info\/2009-2015\/aleanca-kuqezi-mbledh-1500-delegatet-e-tiranes-spahiu-pas-majit-do-jemi-alternativa-e-vetme-per-te-drejtuar-vendin\/","name":"Aleanca KuqeZi mbledh 1500 delegat\u00ebt e Tiran\u00ebs. Spahiu: Pas majit do jemi alternativa e vetme p\u00ebr t\u00eb drejtuar vendin - FjALA e LIR\u00cb - Arkivi","isPartOf":{"@id":"https:\/\/fjala.info\/2009-2015\/#website"},"primaryImageOfPage":{"@id":"https:\/\/fjala.info\/2009-2015\/aleanca-kuqezi-mbledh-1500-delegatet-e-tiranes-spahiu-pas-majit-do-jemi-alternativa-e-vetme-per-te-drejtuar-vendin\/#primaryimage"},"image":{"@id":"https:\/\/fjala.info\/2009-2015\/aleanca-kuqezi-mbledh-1500-delegatet-e-tiranes-spahiu-pas-majit-do-jemi-alternativa-e-vetme-per-te-drejtuar-vendin\/#primaryimage"},"thumbnailUrl":"http:\/\/www.shkoder.net\/images\/fjala\/2011\/kreshnik_spahiu.jpg","datePublished":"2012-02-11T20:51:31+00:00","breadcrumb":{"@id":"https:\/\/fjala.info\/2009-2015\/aleanca-kuqezi-mbledh-1500-delegatet-e-tiranes-spahiu-pas-majit-do-jemi-alternativa-e-vetme-per-te-drejtuar-vendin\/#breadcrumb"},"inLanguage":"sq-AL","potentialAction":[{"@type":"ReadAction","target":["https:\/\/fjala.info\/2009-2015\/aleanca-kuqezi-mbledh-1500-delegatet-e-tiranes-spahiu-pas-majit-do-jemi-alternativa-e-vetme-per-te-drejtuar-vendin\/"]}]},{"@type":"ImageObject","inLanguage":"sq-AL","@id":"https:\/\/fjala.info\/2009-2015\/aleanca-kuqezi-mbledh-1500-delegatet-e-tiranes-spahiu-pas-majit-do-jemi-alternativa-e-vetme-per-te-drejtuar-vendin\/#primaryimage","url":"http:\/\/www.shkoder.net\/images\/fjala\/2011\/kreshnik_spahiu.jpg","contentUrl":"http:\/\/www.shkoder.net\/images\/fjala\/2011\/kreshnik_spahiu.jpg"},{"@type":"BreadcrumbList","@id":"https:\/\/fjala.info\/2009-2015\/aleanca-kuqezi-mbledh-1500-delegatet-e-tiranes-spahiu-pas-majit-do-jemi-alternativa-e-vetme-per-te-drejtuar-vendin\/#breadcrumb","itemListElement":[{"@type":"ListItem","position":1,"name":"Home","item":"https:\/\/fjala.info\/2009-2015\/"},{"@type":"ListItem","position":2,"name":"Aleanca KuqeZi mbledh 1500 delegat\u00ebt e Tiran\u00ebs. Spahiu: Pas majit do jemi alternativa e vetme p\u00ebr t\u00eb drejtuar vendin"}]},{"@type":"WebSite","@id":"https:\/\/fjala.info\/2009-2015\/#website","url":"https:\/\/fjala.info\/2009-2015\/","name":"FjALA e LIR\u00cb - Arkivi","description":"Arkivi 2009-2015","publisher":{"@id":"https:\/\/fjala.info\/2009-2015\/#organization"},"potentialAction":[{"@type":"SearchAction","target":{"@type":"EntryPoint","urlTemplate":"https:\/\/fjala.info\/2009-2015\/?s={search_term_string}"},"query-input":{"@type":"PropertyValueSpecification","valueRequired":true,"valueName":"search_term_string"}}],"inLanguage":"sq-AL"},{"@type":"Organization","@id":"https:\/\/fjala.info\/2009-2015\/#organization","name":"FjALA e LIR\u00cb - Arkivi","url":"https:\/\/fjala.info\/2009-2015\/","logo":{"@type":"ImageObject","inLanguage":"sq-AL","@id":"https:\/\/fjala.info\/2009-2015\/#\/schema\/logo\/image\/","url":"","contentUrl":"","caption":"FjALA e LIR\u00cb - Arkivi"},"image":{"@id":"https:\/\/fjala.info\/2009-2015\/#\/schema\/logo\/image\/"}},{"@type":"Person","@id":"https:\/\/fjala.info\/2009-2015\/#\/schema\/person\/3aa1163ef05469c496fc94e77611ada2","name":"admin","image":{"@type":"ImageObject","inLanguage":"sq-AL","@id":"https:\/\/fjala.info\/2009-2015\/wp-content\/uploads\/2012\/02\/arben_cokaj-120x150.jpg","url":"https:\/\/fjala.info\/2009-2015\/wp-content\/uploads\/2012\/02\/arben_cokaj-120x150.jpg","contentUrl":"https:\/\/fjala.info\/2009-2015\/wp-content\/uploads\/2012\/02\/arben_cokaj-120x150.jpg","caption":"admin"},"description":"Admin, Fjala e Lir\u00eb","sameAs":["https:\/\/fjala.info\/"],"url":"https:\/\/fjala.info\/2009-2015\/author\/admin\/"}]}},"_links":{"self":[{"href":"https:\/\/fjala.info\/2009-2015\/wp-json\/wp\/v2\/posts\/11686","targetHints":{"allow":["GET"]}}],"collection":[{"href":"https:\/\/fjala.info\/2009-2015\/wp-json\/wp\/v2\/posts"}],"about":[{"href":"https:\/\/fjala.info\/2009-2015\/wp-json\/wp\/v2\/types\/post"}],"author":[{"embeddable":true,"href":"https:\/\/fjala.info\/2009-2015\/wp-json\/wp\/v2\/users\/1"}],"replies":[{"embeddable":true,"href":"https:\/\/fjala.info\/2009-2015\/wp-json\/wp\/v2\/comments?post=11686"}],"version-history":[{"count":0,"href":"https:\/\/fjala.info\/2009-2015\/wp-json\/wp\/v2\/posts\/11686\/revisions"}],"wp:attachment":[{"href":"https:\/\/fjala.info\/2009-2015\/wp-json\/wp\/v2\/media?parent=11686"}],"wp:term":[{"taxonomy":"category","embeddable":true,"href":"https:\/\/fjala.info\/2009-2015\/wp-json\/wp\/v2\/categories?post=11686"},{"taxonomy":"post_tag","embeddable":true,"href":"https:\/\/fjala.info\/2009-2015\/wp-json\/wp\/v2\/tags?post=11686"}],"curies":[{"name":"wp","href":"https:\/\/api.w.org\/{rel}","templated":true}]}}